{"id":15814,"date":"2010-04-30T00:00:00","date_gmt":"2010-04-30T00:00:00","guid":{"rendered":"https:\/\/tunisnews.net\/30-avril-2010\/"},"modified":"2010-04-30T00:00:00","modified_gmt":"2010-04-30T00:00:00","slug":"30-avril-2010","status":"publish","type":"post","link":"https:\/\/tunisnews.net\/ar\/30-avril-2010\/","title":{"rendered":"30 avril 2010"},"content":{"rendered":"<p><html><head><meta content=\"text\/html\" description=\"Un \t\t\t\t\t\t\t\t\t\t\t\t\t\t\t\t\t\teffort \t\t\t\t\t\t\t\t\t\t\t\t\t\t\t\t\t\tquotidien \t\t\t\t\t\t\t\t\t\t\t\t\t\t\t\t\t\tpour une \t\t\t\t\t\t\t\t\t\t\t\t\t\t\t\t\t\tinformation \t\t\t\t\t\t\t\t\t\t\t\t\t\t\t\t\t\tde \t\t\t\t\t\t\t\t\t\t\t\t\t\t\t\t\t\tqualit\u00e9 \t\t\t\t\t\t\t\t\t\t\t\t\t\t\t\t\t\tsur \t\t\t\t\t\t\t\t\t\t\t\t\t\t\t\t\t\tnotre \t\t\t\t\t\t\t\t\t\t\t\t\t\t\t\t\t\tpays, la \t\t\t\t\t\t\t\t\t\t\t\t\t\t\t\t\t\tTunisie.\" http-equiv=\"Content-Type\"\/><\/head><body><body><\/p>\n<p align=\"center\" dir=\"ltr\"><font face=\"Arial\" size=\"2\"><b><a href=\"https:\/\/tunisnews.net\/ar\/\"><span>Home<\/span><span lang=\"FR-CH\"> &#8211; Accuei<\/span><\/a><span lang=\"FR-CH\">l<\/span><\/b><\/font><\/p>\n<div>\n<div>\n<div><font face=\"Arial\" size=\"2\"><\/p>\n<div>\n<div>\n<div onclick=\"return Control.invoke('ReadingPane', '_onBodyClick', event);\">\n<div>\n<div>\n<div>\n<div>\n<div>\n<div>\n<div>\n<div align=\"center\" dir=\"ltr\"><font size=\"7\"><strong>TUNISNEWS<\/strong><\/font><\/div>\n<div align=\"center\" dir=\"ltr\">\n<div><strong><font>9\u00a0\u00e8me ann\u00e9e,<span lang=\"FR\">N\u00b0\u00a03629 du 30.04.2010<\/span><\/font><\/strong><\/div>\n<\/div>\n<div align=\"center\"><span><font><strong>\u00a0archives :<\/strong><\/font><a target=\"_blank\" rel=\"noopener\"><font><strong>www.tunisnews.net<\/strong><\/font><\/a><\/span><font><strong>\u00a0<\/strong><\/font><span lang=\"FR\"><strong><\/strong><font><span lang=\"FR-CH\"><\/span><\/font><\/span><\/div>\n<p><font size=\"2\"><span><font><span><font size=\"2\"><span lang=\"FR\"><\/p>\n<div><font size=\"2\"><strong><\/p>\n<hr\/>\n<p><\/strong><\/font><\/p>\n<div>\n<div><font face=\"Arial\" size=\"2\"><\/p>\n<div>\n<div>\n<div><strong><span lang=\"FR-CH\"><font><span lang=\"FR-CH\">FIDH-OMCT-REMDH: Lettre ouverte \u00e0 l\u2019occasion du\u00a0 Conseil d\u2019association UE-Tunisie <\/span><\/font><\/span><span lang=\"FR-CH\"><font><span lang=\"FR-CH\">Comit\u00e9 de soutien aux militants de l&rsquo;uget: Tunisie : non \u00e0 l\u2019acharnement\u00a0 pour la lib\u00e9ration de tous les \u00e9tudiants syndicalistes<\/span><\/font><\/span><font><span lang=\"FR-CH\"><\/span><span lang=\"FR-CH\"> L&rsquo;Immigration Tunisienne Solidaire des Luttes Sociales, D\u00e9mocratiques et Anticoloniales <\/span><span lang=\"FR-CH\">AISPP: Proc\u00e8s du 29 avril<\/span><\/font><\/strong><\/div>\n<p><span lang=\"FR-CH\"><font><\/p>\n<div><strong><span lang=\"FR-CH\"><font>Reporters sans fronti\u00e8res: Taoufik Ben Brik \u00e0 Paris\u00a0: pr\u00eat \u00e0 dialoguer et pr\u00eat \u00e0 se remettre \u00e0 \u00e9crire<\/font><\/span><span lang=\"FR-CH\"><font><span lang=\"FR-CH\"><font> <font>AP: Journaliste mort en prison au Cameroun: \u00ab\u00a0pr\u00e9occupation\u00a0\u00bb de l&rsquo;Unesco <\/p>\n<h2 style=\"color: red;\"><font>U.S. State Department: Remarks With Tunisian Foreign Minister Kamel Morjane Before Their Meeting<\/font><\/h2>\n<p> ATS: Le journaliste Ben Brik veut se pr\u00e9senter aux prochaines \u00e9lections <\/p>\n<h2 style=\"color: red;\"><font>L\u00b4Humanit\u00e9: Me Mokhtar Trifi \u00ab Le climat est lourd s\u2019agissant des libert\u00e9s \u00bb<\/font><\/h2>\n<p> Nouvelobs: Le site Internet du Nouvel Observateur censur\u00e9 en Tunisie <\/p>\n<h2 style=\"color: red;\"><font>Biju: A mort la mort et mort \u00e0 B.. A..<\/font><\/h2>\n<p> AFP: La Belgique interdit le port du voile int\u00e9gral musulman <\/p>\n<h2 style=\"color: red;\"><font>AFP:\u00a0 Amnesty International condamne l&rsquo;interdiction par la Belgique du voile int\u00e9gral<\/font><\/h2>\n<p> AFP: Voile int\u00e9gral interdit: un acte liberticide (musulmans de Belgique) <\/p>\n<h2 style=\"color: red;\"><font>AFP: France\/interdiction du voile int\u00e9gral: le loi pr\u00e9voit amendes et prison<\/font><\/h2>\n<p> AFP: Interdiction du voile int\u00e9gral: De Villepin \u00e9voque un \u00ab\u00a0consensus national\u00a0\u00bb <\/p>\n<h2 style=\"color: red;\"><font>AP:Voile int\u00e9gral : Dominique de Villepin pr\u00f4ne la vigilance<\/font><\/h2>\n<p> AFP: De la burqa \u00e0 la polygamie, les musulmans de France exasp\u00e9r\u00e9s <\/p>\n<h2 style=\"color: red;\"><font>AFP: Turquie: le Parlement adopte en 1\u00e8re lecture un projet de r\u00e9vision de la constitution<\/font><\/h2>\n<p> AFP: Projet de complot contre le gouvernement turc: 7 suspects seront jug\u00e9s <\/p>\n<h2 style=\"color: red;\"><font>AFP: La mortalit\u00e9 adulte r\u00e9v\u00e8le des \u00e9carts en mati\u00e8re de sant\u00e9 dans le monde (\u00e9tude)<\/font><\/h2>\n<p> AFP: Le Liban sous le choc apr\u00e8s le lynchage d&rsquo;un meurtrier pr\u00e9sum\u00e9<\/font><\/font><\/span><\/font><\/span><\/strong><span lang=\"FR-CH\"><font><\/font><\/span><\/div>\n<p><\/font><\/span><\/div>\n<\/div>\n<p><\/font><\/div>\n<\/div>\n<\/div>\n<p><font><span lang=\"FR-CH\"><\/p>\n<div>\n<hr\/>\n<\/div>\n<p><\/span><\/font><\/p>\n<div align=\"center\"><font face=\"Arial\" size=\"2\"><b><span lang=\"FR\">F\u00e9d\u00e9ration internationale des ligues des droits de l&rsquo;Homme (FIDH) Organisation mondiale contre la torture (OMCT) R\u00e9seau euro-m\u00e9diterran\u00e9en des droits de l&rsquo;Homme (REMDH)<\/span><\/b><span lang=\"FR\"> <\/span><font size=\"3\"><b><span lang=\"FR\">Lettre ouverte \u00e0 l\u2019occasion du\u00a0 Conseil d\u2019association UE-Tunisie<\/span><\/b><\/font><span lang=\"FR\"><\/span><\/font><\/div>\n<div>\n<hr\/>\n<\/div>\n<div>  A l\u2019attention: Des Ministres des Affaires \u00e9trang\u00e8res des Etats Membres de l\u2019Union europ\u00e9enne De la Haute Repr\u00e9sentante de l\u2019Union europ\u00e9enne pour les Affaires \u00e9trang\u00e8res et la politique de s\u00e9curit\u00e9, Mme Catherine Ashton Du Commissaire europ\u00e9en \u00e0 l&rsquo;\u00c9largissement et \u00e0 la Politique Europ\u00e9enne de Voisinage, \u0160tefan F\u00fcle<\/div>\n<p><\/span><\/font><\/span><\/font><\/span><\/font><\/div>\n<div>\n<p><span lang=\"FR\">Bruxelles, 29 Avril 2010<\/span><\/p>\n<p><span lang=\"FR\"> Madame la Ministre,  Monsieur le Ministre, Madame la Haute Repr\u00e9sentante,  Monsieur le Commissaire,  A l\u2019occasion du Conseil d&rsquo;association UE-Tunisie, pr\u00e9vu le 11 mai \u00e0 Luxembourg, le REMDH, la FIDH et l&rsquo;OMCT appellent l\u2019UE \u00e0 affirmer express\u00e9ment que toute discussion sur un \u00e9ventuel renforcement des relations UE-Tunisie doit inclure de mani\u00e8re prioritaire la question des droits de l\u2019Homme et des r\u00e9formes d\u00e9mocratiques et rappeler que la Politique europ\u00e9enne de voisinage (PEV) est \u00abbas\u00e9e sur un engagement mutuel en faveur de valeurs communes, incluant la d\u00e9mocratie, le respect des droits de l&rsquo;Homme, l\u2019\u00c9tat de droit et la bonne gouvernance\u00a0\u00bb<a href=\"http:\/\/fr.mg40.mail.yahoo.com\/dc\/launch?.gx=1&amp;.rand=712ahsl0bsus7#12849d494afa3807_1#12849d494afa3807_1\" target=\"_blank\" rel=\"noopener\"><font>(1)<\/font><\/a> qui sont \u00e9galement la base du renforcement de ces relations sous la forme d\u2019un statut avanc\u00e9. Cinq ans apr\u00e8s son adoption, aucun des engagements relatifs aux r\u00e9formes d\u00e9mocratiques et aux droits de l\u2019Homme du Plan d\u2019action conjointement adopt\u00e9 dans le cadre de la PEV par la Tunisie et l\u2019UE, n\u2019a \u00e9t\u00e9 mis en \u0153uvre. En particulier, la Commission europ\u00e9enne estimait en 2009 dans son rapport de suivi sur la Tunisie que \u00ab<i>\u00a0les objectifs fix\u00e9s, notamment en mati\u00e8re des libert\u00e9s d\u2019association et d\u2019expression, n\u2019ont pas \u00e9t\u00e9 atteints.<\/i>\u00a0\u00bb et constatait la persistance d&rsquo; \u00abe<i>ntraves au travail des d\u00e9fenseurs des droits de l\u2019Homme\u00a0<\/i>\u00bb.<a href=\"http:\/\/fr.mg40.mail.yahoo.com\/dc\/launch?.gx=1&amp;.rand=712ahsl0bsus7#12849d494afa3807_2#12849d494afa3807_2\" target=\"_blank\" rel=\"noopener\"><font>(2)<\/font><\/a>  Outre le manquement aux engagements du Plan d\u2019action, la situation des droits de l\u2019Homme s\u2019est d\u00e9grad\u00e9e de mani\u00e8re sensible ces derniers mois en Tunisie comme le constatent de mani\u00e8re unanime les ONG de d\u00e9fense des droits de l\u2019Homme internationales et tunisiennes ainsi que des experts onusiens ind\u00e9pendants. De nombreux rapports ont fait \u00e9tat de la multiplication des violations graves et syst\u00e9matiques des droits de l\u2019Homme et des libert\u00e9s notamment les libert\u00e9s d\u2019expression et d\u2019association. En contradiction avec les engagements internationaux de la Tunisie, la politique r\u00e9pressive men\u00e9e par le pouvoir tunisien s\u2019intensifie contre les d\u00e9fenseurs des droits de l\u2019Homme, les associations autonomes tunisiennes et les journalistes ind\u00e9pendants. Les proc\u00e8s marqu\u00e9s de graves violations des standards internationaux du proc\u00e8s \u00e9quitable, les arrestations arbitraires, les agressions physiques, les menaces, les confiscations de mat\u00e9riels, les campagnes diffamatoires se sont multipli\u00e9es. Les rares ONG ind\u00e9pendantes en Tunisie sont toujours emp\u00each\u00e9es de fonctionner, \u00e0 l\u2019image de la Ligue Tunisienne de d\u00e9fense des Droits de l\u2019Homme (LTDH) et l\u2019Union G\u00e9n\u00e9rale des Etudiants de Tunisie (UGET) qui sont emp\u00each\u00e9es de tenir leurs congr\u00e8s.  Le degr\u00e9 d&rsquo;approfondissement des relations de l&rsquo;UE avec ses pays partenaires a pour objectif, et condition, de promouvoir et de respecter les droits de l&rsquo;Homme et les principes d\u00e9mocratiques. Si la Tunisie a exprim\u00e9 d\u00e8s 2008 \u00e0 l\u2019occasion de la 7\u00e8me session du Conseil d\u2019association son int\u00e9r\u00eat \u00e0 rehausser ses relations avec l\u2019UE, nos organisations estiment que la d\u00e9t\u00e9rioration de la situation des libert\u00e9s et des droits fondamentaux ne permet pas le renforcement des relations UE-Tunisie au regard des principes fondateurs de la PEV.  Lors du prochain Conseil d\u2019association, le REMDH, la FIDH et l&rsquo;OMCT appellent l\u2019UE \u00e0 exiger du gouvernement tunisien les mesures urgentes suivantes\u00a0pour la protection des d\u00e9fenseurs des droits de l\u2019Homme:<\/span><\/p>\n<ul type=\"disc\">\n<li><span lang=\"FR\">la lib\u00e9ration imm\u00e9diate des d\u00e9fenseurs des droits de l&rsquo;Homme, des syndicalistes et des \u00e9tudiants de l\u2019UGET\u00a0 emprisonn\u00e9s suite \u00e0 des proc\u00e8s in\u00e9quitables, \u00e0 l&rsquo;image du militant syndical Hassan Benabdallah\u00a0; <\/span><\/li>\n<\/ul>\n<ul type=\"disc\">\n<li><span lang=\"FR\">le recouvrement int\u00e9gral des droits de ces militants notamment ceux du bassin minier\u00a0;<\/span><\/li>\n<\/ul>\n<ul type=\"disc\">\n<li><span lang=\"FR\">la cessation du harc\u00e8lement des d\u00e9fenseurs de droits de l\u2019Homme et notamment l\u2019arr\u00eat des menaces judiciaires, notamment contre le journaliste Fahem Boukadous\u00a0; <\/span><\/li>\n<\/ul>\n<ul type=\"disc\">\n<li><span lang=\"FR\">la garantie de la libert\u00e9 d\u2019association pour les ONG, les syndicats et les organisations professionnelles notamment les magistrats et les journalistes en permettant entre autres l\u2019organisation des congr\u00e8s de ces organisations, en levant le si\u00e8ge devant les locaux des organisations ind\u00e9pendantes de la soci\u00e9t\u00e9 civile et en garantissant la libert\u00e9 de r\u00e9union; <\/span><\/li>\n<\/ul>\n<ul type=\"disc\">\n<li><span lang=\"FR\">l\u2019engagement d\u2019un processus effectif de sortie de crise entre l\u2019Etat et la LTDH qui paralyse l\u2019activit\u00e9 de cette derni\u00e8re depuis des ann\u00e9es\u00a0; <\/span><\/li>\n<\/ul>\n<ul type=\"disc\">\n<li><span lang=\"FR\">la cessation de mesures arbitraires de gel et d\u2019interdiction des virements au profit des ONG ind\u00e9pendantes dans le cadre de programmes d\u2019appui l\u00e9gaux et transparents. Apr\u00e8s la LTDH et l\u2019AFTURD, l\u2019ATFD a r\u00e9cemment et une fois de plus \u00e9t\u00e9 la victime de cet arbitraire qui la prive notamment du b\u00e9n\u00e9fice d\u2019un appui par des fonds \u00e9manant de l\u2019UE via une ONG euro-m\u00e9diterran\u00e9enne\u00a0;<\/span><\/li>\n<\/ul>\n<ul type=\"disc\">\n<li><span lang=\"FR\">la garantie des libert\u00e9s de mouvement et de communication de la soci\u00e9t\u00e9 civile ind\u00e9pendante\u00a0; <\/span><\/li>\n<\/ul>\n<ul type=\"disc\">\n<li><span lang=\"FR\">la garantie des libert\u00e9s d\u2019information et des m\u00e9dias. <\/span><\/li>\n<\/ul>\n<p><span lang=\"FR\">En vue de futures discussions sur un \u00e9ventuel rapprochement entre l\u2019UE et la Tunisie, nos organisations demandent \u00e0 l\u2019UE de poser les droits de l\u2019Homme comme un \u00e9l\u00e9ment essentiel d\u2019un renforcement des relations UE-Tunisie. Dans ce contexte, nos organisations recommandent \u00e0 l\u2019UE\u00a0de :<\/span><\/p>\n<ul type=\"disc\">\n<li><span lang=\"FR\">Conditionner tout renforcement des relations \u00e0 un progr\u00e8s notable en mati\u00e8re de respect des normes internationales des droits de l&rsquo;Homme\u00a0;<\/span><\/li>\n<\/ul>\n<ul type=\"disc\">\n<li><span lang=\"FR\">Mettre enfin en \u0153uvre les Lignes directrices de l\u2019UE sur les d\u00e9fenseurs des droits de l\u2019Homme, qui figure parmi les priorit\u00e9s de la Pr\u00e9sidence espagnole et apporter un soutien urgent et visible aux d\u00e9fenseurs des droits de l\u2019Homme en Tunisie\u00a0;<\/span><\/li>\n<\/ul>\n<ul type=\"disc\">\n<li><span lang=\"FR\">Mettre en \u0153uvre les Lignes directrice de l\u2019UE sur la torture et autres peines ou traitements cruels, inhumains ou d\u00e9gradants\u00a0; <\/span><\/li>\n<\/ul>\n<ul type=\"disc\">\n<li><span lang=\"FR\">D\u00e9finir un calendrier pr\u00e9cis de r\u00e9formes relatives aux droits de l\u2019Homme devant \u00eatre engag\u00e9es \u00e0 court terme par la Tunisie, en particulier pour la r\u00e9alisation des objectifs du Plan d\u2019action PEV actuel\u00a0;<\/span><\/li>\n<\/ul>\n<ul type=\"disc\">\n<li><span lang=\"FR\">Engager prioritairement des r\u00e9formes relatives aux garanties de l\u2019ind\u00e9pendance du judiciaire et de la libert\u00e9 de la presse comme exprim\u00e9 par le Commission europ\u00e9enne<a href=\"http:\/\/fr.mg40.mail.yahoo.com\/dc\/launch?.gx=1&amp;.rand=712ahsl0bsus7#12849d494afa3807_3#12849d494afa3807_3\" target=\"_blank\" rel=\"noopener\"><font>(3)<\/font><\/a> et d\u2019entreprendre comme pr\u00e9alable \u00e0 tout programme dans ces domaines, une \u00e9valuation du programme d\u2019appui \u00e0 la modernisation de la justice dont les conditions de mise en \u0153uvre sont peu transparentes ; <\/span><\/li>\n<\/ul>\n<ul type=\"disc\">\n<li><span lang=\"FR\">Etablir des indicateurs clairs permettant une \u00e9valuation objective et r\u00e9guli\u00e8re de la mise en \u0153uvre des objectifs relatifs\u00a0 aux droits de l&rsquo;Homme et aux r\u00e9formes d\u00e9mocratiques\u00a0; <\/span><\/li>\n<\/ul>\n<ul type=\"disc\">\n<li><span lang=\"FR\">Consulter r\u00e9guli\u00e8rement les ONG de d\u00e9fense des droits de l\u2019Homme sur leur \u00e9valuation de la situation des droits de l\u2019Homme en Tunisie.<\/span><\/li>\n<\/ul>\n<p><span lang=\"FR\">Nos organisations consid\u00e8rent qu\u2019une telle position s\u2019inscrit dans le respect des obligations propres et internationales de l\u2019UE et de la Tunisie en faveur de la d\u00e9mocratie et des droits de l&rsquo;Homme, en particulier l\u2019Article 2 de l\u2019Accord d\u2019Association ainsi que les principes fondateurs et objectifs de la PEV.  Dans l\u2019espoir que la pr\u00e9sente lettre retiendra toute votre attention, nous vous prions d\u2019agr\u00e9er, Madame, Monsieur, l\u2019expression de notre haute consid\u00e9ration.\u00a0\u00a0\u00a0\u00a0 \u00a0\u00a0\u00a0 \u00a0\u00a0 \u00a0  <b>Kamel Jendoubi <\/b> Pr\u00e9sident du REMDH \u00a0\u00a0\u00a0\u00a0 \u00a0\u00a0\u00a0 \u00a0\u00a0\u00a0\u00a0\u00a0\u00a0\u00a0\u00a0  <b>Eric Sottas<\/b> Secr\u00e9taire G\u00e9n\u00e9ral, OMCT\u00a0 \u00a0\u00a0\u00a0\u00a0\u00a0\u00a0\u00a0\u00a0\u00a0\u00a0\u00a0\u00a0\u00a0\u00a0\u00a0\u00a0\u00a0\u00a0\u00a0\u00a0\u00a0\u00a0\u00a0\u00a0\u00a0\u00a0\u00a0\u00a0\u00a0\u00a0\u00a0\u00a0\u00a0\u00a0\u00a0<b>\u00a0\u00a0\u00a0 Souhayr Belhassen <\/b>Pr\u00e9sidente de la FIDH  <b>Contacts\u00a0:  REMDH\u00a0: Emilie Dromz\u00e9e, +3225030686,<a href=\"mailto:edr@euromedrights.net\"><font>edr@euromedrights.net<\/font><\/a> FIDH\u00a0: Gr\u00e9goire Th\u00e9ry, +32 2 609 44 21<a href=\"mailto:gthery@fidh.org\"><font>gthery@fidh.org<\/font><\/a> OMCT\u00a0: Guro Nilsen, +32 2 218 3719<a href=\"mailto:gn@omct.org\"><font>gn@omct.org<\/font><\/a>\u00a0 <\/b><\/span><\/p>\n<p>\u00a0<\/p>\n<div align=\"center\">\u00a0<\/div>\n<p><span lang=\"FR\">(1) Conseil de l&rsquo;Union Europ\u00e9enne\u00a0 \u00ab\u00a0Affaires g\u00e9n\u00e9rales et relations ext\u00e9rieures\u00a0\u00bb,\u00a0 Conclusion, Bruxelles, 13-14 d\u00e9cembre 2004, p.9 (2) \u00ab\u00a0 La r\u00e9forme de la Justice reste un d\u00e9fi \u00e0 relever pour asseoir durablement l\u2019Etat de droit, \u00e9l\u00e9ment essentiel d\u2019un v\u00e9ritable rapprochement avec l\u2019UE\u00bb Rapport de suivi Tunisie-mise en \u0153uvre de la politique europ\u00e9enne de voisinage en 2008. (Commission des Communaut\u00e9s Europ\u00e9ennes, \u00ab\u00a0Document de Travail des services de la Commission accompagnant la Communication de la\u00a0 Commission au Parlement Europ\u00e9enne et au Conseil\u00a0\u00bb, Bruxelles, le 23\/04\/2009)\u00a0; P.12 (3)\u00a0 Ibidem.<\/span><\/p>\n<p><span lang=\"FR\"><\/span><\/p>\n<div>\n<hr\/>\n<\/div>\n<div> \u00a0<\/div>\n<p><span lang=\"FR\"><\/p>\n<div align=\"center\"><strong><font>\u00a0Comit\u00e9 de soutien aux militants de l&rsquo;uget<\/font><\/strong> <a href=\"http:\/\/www.ueget-solidarite.net\/\" target=\"_blank\" rel=\"noopener\">www.ueget-solidarite.net<\/a> _______________________ <strong><\/p>\n<h2 style=\"color: red;\"><font size=\"3\">Tunisie : non \u00e0 l\u2019acharnement  pour la lib\u00e9ration de tous les \u00e9tudiants syndicalistes<\/font><\/h2>\n<p><\/strong> <\/div>\n<div align=\"justify\">\n<hr\/>\n<p> le 1er\u00a0 mai 2010 Apr\u00e8s\u00a0 4 mois d\u2019attente, le proc\u00e8s en appel des \u00e9tudiants syndicalistes de Manouba a eu lieu le 10 et le 17 avril. La sentence rendue le 24 avril 2010 \u00e9tait sans surprise ; 6 \u00e9tudiants ont \u00e9t\u00e9 condamn\u00e9s \u00e0 16 mois ferme, 2 ont \u00e9t\u00e9 condamn\u00e9s \u00e0 12 mois de prison ferme, et les 9 restant, dont les quatre filles, ont \u00e9t\u00e9 condamn\u00e9s \u00e0 12 mois de prison avec sursis. Ces militants de la centrale syndicale estudiantine (UGET) n\u2019ont eu d\u2019autres torts que d\u2019avoir soutenu la revendication de quelques 180 \u00e9tudiantes priv\u00e9es de leur droit au logement \u00e9tudiant. L\u2019occupation pacifiste de la R\u00e9sidence universitaire al-Bassatine entam\u00e9e le 06 octobre 2009, s\u2019est sold\u00e9e par une descente polici\u00e8re le 1er novembre 2009 blessant et inculpant plusieurs \u00e9tudiantes et \u00e9tudiants. L\u2019interrogatoire a \u00e9t\u00e9 muscl\u00e9 et violent. Le proc\u00e8s n\u2019\u00e9tait point \u00e9quitable. D\u00e8s leur arrestation, les condamn\u00e9s de Manouba ont \u00e9t\u00e9 victimes de toute sorte de violation. A plusieurs reprises ils ont entam\u00e9 des gr\u00e8ves de la faim pour r\u00e9clamer leur droit \u00e0 un proc\u00e8s \u00e9quitable et \u00e0 obtenir leurs droits les plus \u00e9l\u00e9mentaires. En vain ! Plusieurs organisations de droits de l\u2019homme ont d\u00e9nonc\u00e9 leurs conditions de d\u00e9tention.  \u00a0 Ce proc\u00e8s n\u2019est qu\u2019un \u00e9pisode du feuilleton de l\u2019acharnement contre les \u00e9tudiants syndicalistes. Le 27 mars Sabrine Khmiri, militante de l\u2019UGET, de l\u2019Association tunisienne des femmes d\u00e9mocrates et d\u2019Amnesty internationale a \u00e9t\u00e9 arr\u00eat\u00e9e, tabass\u00e9e et inculp\u00e9e pour \u00ab agression d\u2019un policier \u00bb le soir de ces fian\u00e7ailles!!! Son fianc\u00e9, un ancien membre du Bureau Ex\u00e9cutif de l\u2019UGET et un ancien prisonnier politique condamn\u00e9 \u00e0 3 ans et 6 mois de prison ferme en 1999, \u00e9tait \u00e9galement vis\u00e9 par ce coup mont\u00e9. Malgr\u00e9 ses blessures, les forces de l\u2019ordre ont refus\u00e9 le transfert de Sabrine \u00e0 l\u2019h\u00f4pital ou m\u00eame de lui administrer des soins. Le 12 avril 2010 elle a \u00e9t\u00e9 condamn\u00e9e \u00e0 4 mois de prison ferme.  Une dizaine de militants de l\u2019Union G\u00e9n\u00e9rale des Etudiants de Tunisie purgent des peines allant de 4 \u00e0 25 mois pour des soi-disant\u00a0 crimes de droit commun (entrave \u00e0 la libert\u00e9 de travail ; agression d\u2019un fonctionnaire ; vol\u2026). Ces proc\u00e8s foment\u00e9s s\u2019ajoutent \u00e0 la longue liste d\u2019\u00e9tudiants poursuivis \u00e0 cause de leurs activit\u00e9s syndicales et\/ou politiques : 14 \u00e9tudiants \u00e0 Tunis, 14 \u00e9tudiants \u00e0 Sousse, 5 \u00e9tudiants \u00e0 Mahdiya, 5 \u00e9tudiants \u00e0 Kairouan, 2 \u00e0 Bizerte (liste non d\u00e9finitive) sans oublier la liste des \u00e9tudiants exclus des universit\u00e9s par des Conseils de discipline aux ordres\u2026 \u00a0 L\u2019Union G\u00e9n\u00e9rale des Etudiants de Tunisie est un syndicat \u00e9tudiant l\u00e9gal et reconnu mais qui est emp\u00each\u00e9 depuis 7 ans de tenir son congr\u00e8s. Son Secr\u00e9taire G\u00e9n\u00e9ral est condamn\u00e9 \u00e0 7 mois de prison ferme en 2eme instance. Ses adh\u00e9rents et militants, quand ils ne sont pas emprisonn\u00e9s ou exclus, sont syst\u00e9matiquement harcel\u00e9s et agress\u00e9s. L\u2019UGET, coupable de crime de l\u00e8se-majest\u00e9 ne cesse de subir les foudres des autorit\u00e9s pour d\u00e9lit d\u2019ind\u00e9pendance. Sa situation refl\u00e8te, en quelque sorte, la situation de l\u2019ensemble de la jeunesse tunisienne.  \u00a0 A l\u2019occasion du 1er mai, le Comit\u00e9 de Soutien aux Militants de l\u2019UGET manifeste en solidarit\u00e9 avec tous les \u00e9tudiants victimes de la privatisation, de la corruption et du n\u00e9potisme partout dans le monde, renouvelle son soutien aux militants de la centrale syndicale estudiantine impitoyablement vis\u00e9s par l\u2019acharnement les autorit\u00e9s tunisiennes et appelle \u00e0 renforcer la campagne de solidarit\u00e9 pour : la lib\u00e9ration de tous les militants emprisonn\u00e9s, l\u2019arr\u00eat de toutes les poursuites judiciaires engag\u00e9es contre les militants de l\u2019UGET, la r\u00e9int\u00e9gration dans leurs universit\u00e9s de tous les \u00e9tudiants exclus, la satisfaction des revendications syndicales et p\u00e9dagogiques des \u00e9tudiants, l\u2019arr\u00eat de toute forme de r\u00e9pression contre l\u2019UGET et lui permettre de tenir son congr\u00e8s en toute libert\u00e9 et de fonctionner en toute ind\u00e9pendance. Le comit\u00e9 de soutien aux militants de l\u2019UGET reprend la p\u00e9tition internationale en faveur des militants de l\u2019UGET et appelle \u00e0 la signer et la faire signer massivement avant sa cl\u00f4ture en envoyant un email \u00e0 l\u2019adresse suivante :<a href=\"mailto:uget.petition@gmail.com\">uget.petition@gmail.com<\/a> ou en signant directement sur ce lien<a href=\"http:\/\/www.jesigne.fr\/petitioninternationale\" target=\"_blank\" rel=\"noopener\">www.jesigne.fr\/petitioninternationale<\/a> __________________________ <a href=\"mailto:uget.solidarite@gmail.com\">uget.solidarite@gmail.com<\/a><\/div>\n<p>\u00a0<\/p>\n<div>\n<hr\/>\n<\/div>\n<div align=\"center\"><b><span lang=\"FR\"><font size=\"3\">L&rsquo;Immigration Tunisienne Solidaire des Luttes Sociales, D\u00e9mocratiques et Anticoloniales<\/font><\/span><\/b><\/div>\n<div>\n<hr\/>\n<\/div>\n<p><\/span><\/p>\n<p align=\"justify\"><span lang=\"FR\">Les mouvements social et syndical en France et en Europe placent ce <b>premier mai 2010, journ\u00e9e internationale des travailleurs<\/b>, sous le signe des effets de \u00ab\u00a0la crise\u00a0\u00bb et des luttes en cours pour la pr\u00e9servation des acquis sociaux, de l\u2019emploi stable et du pouvoir d\u2019achat. Les associations et organisations politiques de<b>l\u2019immigration tunisienne<\/b> signataires sont partie prenante de ces luttes et solidaires des revendications qu\u2019elles portent.<br clear=\"all\"\/>\u00a0<\/span><\/p>\n<p align=\"justify\"><b>En Europe \u2013<\/b>\u00a0 Les migrantes et les migrants sont touch\u00e9s de plein fouet par la <b>pr\u00e9carisation et la d\u00e9gradation des conditions de vie<\/b> que d\u00e9terminent les politiques \u00e9conomiques n\u00e9o-lib\u00e9rales en \u0153uvre. Ils sont de surcroit les premi\u00e8res victimes de la<b>r\u00e9pression s\u00e9curitaire et des politiques de contr\u00f4le et de gestion de l\u2019immigration injustes<\/b> qui en sont ins\u00e9parables.<\/p>\n<p align=\"justify\">C&rsquo;est \u00e0 un alliage ins\u00e9parable entre politiques \u00e9conomiques anti-populaires et politiques s\u00e9curitaires que les migrants doivent faire face au premier chef. Le ciment de cet alliage, ce qui le renforce et le l\u00e9gitime, se sont les discours et les pratiques aux relents racistes, x\u00e9nophobes et n\u00e9o-colonialistes \u00e0 nouveau banalis\u00e9s et institutionnalis\u00e9s.<\/p>\n<p align=\"justify\">Cette double oppression se diss\u00e9mine par ailleurs dans l&rsquo;ensemble de la soci\u00e9t\u00e9 sous des formes moins brutales \u00e0 travers la r\u00e9pression des mouvements sociaux et la criminalisation de la pauvret\u00e9.<\/p>\n<p align=\"justify\"><b>En Tunisie, notre pays d&rsquo;origine, <\/b>la situation continue d\u2019\u00eatre bloqu\u00e9e par la main mise d&rsquo;<b>un pouvoir antid\u00e9mocratique et pr\u00e9dateur<\/b>. Celui-ci perdure gr\u00e2ce \u00e0 la <b>r\u00e9pression violente<\/b> de toute revendication sociale ou politique et de tout mouvement populaire ainsi qu&rsquo;au <b>soutien sans faille des gouvernements europ\u00e9ens et \u00e9tats-unien<\/b>. La politique \u00e9conomique et sociale qu&rsquo;il met en \u0153uvre se caract\u00e9rise par la privatisation effr\u00e9n\u00e9e des ressources nationales au profit des cercles qui lui sont li\u00e9s et des capitaux \u00e9trangers, par une politique d&rsquo;investissement \u00e0 but essentiellement sp\u00e9culatif et par une g\u00e9n\u00e9ralisation de la corruption. Cela engendre un niveau de ch\u00f4mage alarmant, une aggravation des in\u00e9galit\u00e9s sociales et entre les r\u00e9gions, et une baisse sensible du niveau de vie de larges secteurs de la soci\u00e9t\u00e9. Ces derniers \u2013les jeunes en particulier\u2013 ch\u00f4meurs, \u00e9tudiants ou travailleurs pauvres, se retrouvent devant <b>le choix entre la r\u00e9volte au risque d&rsquo;une r\u00e9pression f\u00e9roce, la soumission \u00e0 des conditions de vie insupportables, ou l&rsquo;\u00e9migration dans des conditions p\u00e9rilleuses et d\u00e9gradantes<\/b>.<\/p>\n<p align=\"justify\"><b>Dans le monde \u2013 <\/b>\u00a0La liaison intime entre d\u00e9possession des ressources et des conditions d&rsquo;une vie digne d&rsquo;une part et r\u00e9pression violente de l&rsquo;autre se manifeste de la mani\u00e8re la plus meurtri\u00e8re et barbare dans <b>les occupations et les guerres coloniales<\/b> anciennes et renouvel\u00e9es que m\u00e8nent ou soutiennent les grandes puissances. L&rsquo;occupation et la colonisation de la <b>Palestine<\/b>, centrale du point de vue de notre rapport au monde, en est embl\u00e9matique, de m\u00eame que la destruction et l&rsquo;occupation de l&rsquo;<b>Irak<\/b>. Nous pouvons encore citer l&rsquo;invasion de l&rsquo;<b>Afghanistan<\/b>, les interventions en <b>Colombie<\/b>, au <b>Honduras<\/b> ou au <b>Venezuela<\/b>, le d\u00e9pe\u00e7age de nombre de pays d&rsquo;<b>Afrique<\/b>, etc.<\/p>\n<p align=\"justify\">Ces guerres contre les peuples et ces occupations sont une condition principale de la perp\u00e9tuation de l&rsquo;ordre injuste et in\u00e9galitaire qui nous emp\u00eache de vivre dignement \u00a0\u00bb\u00a0chez soi\u00a0\u00a0\u00bb\u00a0, de nous d\u00e9placer librement, de vivre ensemble et de coop\u00e9rer de mani\u00e8re conviviale et juste.<span lang=\"FR\"><br clear=\"all\"\/>\u00a0<\/span><\/p>\n<p align=\"justify\"><b><span lang=\"FR\">Nous, associations et organisations de l&rsquo;immigration tunisienne, sommes de mani\u00e8re ins\u00e9parable solidaires des luttes sociales, des combats d\u00e9mocratiques et des r\u00e9sistances anticoloniales. C&rsquo;est pourquoi nous pla\u00e7ons ce premier mai sous le signe de <i>Ferhat Hached<\/i>, leader syndicaliste et de la lutte de lib\u00e9ration nationale tunisien\u00a0 assassin\u00e9 par l&rsquo;organisation de barbouzes colonialistes \u00a0\u00bb\u00a0La Main Rouge\u00a0\u00a0\u00bb en 1952. Il symbolise pour nous le lien entre lutte sociale, d\u00e9mocratique et anticoloniale.<\/span><\/b><\/p>\n<p align=\"justify\"><span lang=\"FR\">Paris, le 1er mai 2010<\/span><\/p>\n<p align=\"justify\"><b><u><span lang=\"FR\">SIGNATAIRES :<\/span><\/u><span lang=\"FR\"><\/span><\/b><span lang=\"FR\">Comit\u00e9 pour le Respect des Libert\u00e9s et des Droits de l\u2019Homme en Tunisie (CRLDHT), Association des Tunisiens en France (ATF), Association des Tunisiens en France \u2013 Paris (ATF-Paris), F\u00e9d\u00e9ration des Tunisiens pour une Citoyennet\u00e9 des deux Rives (FTCR), Union des Travailleurs Immigr\u00e9s Tunisien \u2013 Ile de France (UTIT-IDF), Comit\u00e9 de Soutien aux Militants de l\u2019UGET, Mouvement Ettajdid &#8211; France, Parti D\u00e9mocrate Progressiste (PDP), Parti Communiste des Ouvriers de Tunisie (PCOT).<\/span><\/p>\n<\/div>\n<\/div>\n<div>\n<hr\/>\n<\/div>\n<div align=\"center\"><strong><font>Association Internationale de Soutien aux Prisonniers Politiques<\/font><\/strong> Aispp.free@gmail.com 43 rue Eldjazira, Tunis Tunis, le 29 avril 2010<\/div>\n<div align=\"justify\"> \u00b7\u00a0\u00a0\u00a0\u00a0\u00a0\u00a0\u00a0 Aujourd\u2019hui, jeudi 29 avril 2010, la cinqui\u00e8me chambre criminelle du Tribunal de Premi\u00e8re Instance de Tunis, pr\u00e9sid\u00e9e par le juge Touhami Elhafi, a examin\u00e9 l\u2019affaire N\u00b020049 dans laquelle est d\u00e9f\u00e9r\u00e9 en \u00e9tat d\u2019arrestation l\u2019\u00e9tudiant Nourelhak Ben Noureddine Bencheikh, n\u00e9 le 30 septembre 1989, pour incitation \u00e0 la commission d\u2019infractions terroristes et \u00e0 l\u2019adh\u00e9sion \u00e0 une organisation terroriste. Apr\u00e8s l\u2019appel de l\u2019affaire, il a \u00e9t\u00e9 proc\u00e9d\u00e9 \u00e0 l\u2019interrogatoire de l\u2019accus\u00e9 qui a ni\u00e9 ce qui lui \u00e9tait imput\u00e9. Puis ses avocats, Ma\u00eetres Samir Ben Amor et Im\u00e8ne Triki, ont plaid\u00e9 l\u2019absence de fondement de l\u2019accusation port\u00e9e contre leur client et demand\u00e9 sa relaxe. A l\u2019issue des d\u00e9lib\u00e9rations, la commission du tribunal a prononc\u00e9 son jugement \u00e9tablissant la culpabilit\u00e9 de Nourelhak Bencheikh et le condamnant \u00e0 trois ans d\u2019emprisonnement. Nourelhak Bencheikh est originaire de Bizerte et a \u00e9t\u00e9 arr\u00eat\u00e9 au d\u00e9but d\u2019octobre 2009, pour avoir particip\u00e9 \u00e0 des forums et des sites interdits sur Internet sous le nom de \u00ab Abou Elouafa le Tunisien \u00bb et pour avoir critiqu\u00e9 le r\u00e9gime en place.   \u00b7\u00a0\u00a0\u00a0\u00a0\u00a0\u00a0\u00a0 La quatri\u00e8me chambre criminelle du Tribunal de Premi\u00e8re Instance de Tunis, pr\u00e9sid\u00e9e par le juge Mehrez Hammami, a rendu tard dans la nuit du mercredi 28 avril 2010 son jugement dans l\u2019affaire n\u00b020169 dans laquelle sont d\u00e9f\u00e9r\u00e9s les \u00e9tudiants Mohammed Lafi, Rafik Lafi, Marouane Bachtobji, Slim Terras et Mehrez Alaya. Les peines prononc\u00e9es \u00e0 leur encontre vont de cinq \u00e0 six ans d\u2019emprisonnement.   Pour la commission de suivi des proc\u00e8s politiques Le secr\u00e9taire g\u00e9n\u00e9ral <strong><font>Ma\u00eetre Samir Ben Amor<\/font><\/strong> <font>(traduction ni revue ni corrig\u00e9e par les auteurs de la version en arabe, LT) <\/font><\/div>\n<div align=\"justify\">\n<hr\/>\n<\/div>\n<div align=\"center\"><font size=\"3\"><strong>Reporters sans fronti\u00e8res<\/strong><\/font><\/div>\n<div align=\"center\"><font><\/p>\n<h2 style=\"color: red;\"><font size=\"3\"><strong>Taoufik Ben Brik \u00e0 Paris\u00a0: pr\u00eat \u00e0 dialoguer et pr\u00eat \u00e0 se remettre \u00e0 \u00e9crire<\/strong><\/font><\/h2>\n<p><\/font><\/div>\n<div align=\"center\"><font><\/p>\n<hr\/>\n<p><\/font><\/div>\n<p align=\"justify\"><font><strong>Taoufik Ben Brik<\/strong>, lib\u00e9r\u00e9 le 27 avril 2010, est arriv\u00e9 cet apr\u00e8s-midi \u00e0 Paris, accompagn\u00e9 du secr\u00e9taire g\u00e9n\u00e9ral de Reporters sans fronti\u00e8res, Jean-Fran\u00e7ois Julliard. Il a tenu une conf\u00e9rence de presse \u00e0 15h, \u00e0 son arriv\u00e9e \u00e0 l\u2019a\u00e9roport de Roissy-Charles de Gaulle.<\/font><\/p>\n<p align=\"justify\"><font>Au cours de la conf\u00e9rence, le journaliste a d\u00e9clar\u00e9 vouloir rencontrer le pr\u00e9sident fran\u00e7ais, Nicolas Sarkozy, afin de discuter avec lui de la politique fran\u00e7aise \u00e0 l\u2019\u00e9gard de la Tunisie. Il s\u2019est dit pr\u00eat \u00e9galement \u00e0 entamer un dialogue avec le pr\u00e9sident Ben Ali. \u00ab\u00a0Les autorit\u00e9s tunisiennes m\u00e8nent actuellement une v\u00e9ritable guerre d\u2019usure contre les rangs de la r\u00e9sistance. Il est temps qu\u2019elles d\u00e9cr\u00e8tent un cessez-le-feu, afin qu\u2019existe un zest de libert\u00e9\u00a0\u00bb, a d\u00e9clar\u00e9 le journaliste \u00e0 sa sortie de l\u2019avion. Ses projets aujourd\u2019hui\u00a0? \u00ab\u00a0Me reposer, faire un check-up m\u00e9dical et me remettre \u00e0 \u00e9crire le plus rapidement possible\u00a0\u00bb, a-t-il ajout\u00e9.<\/font><\/p>\n<p align=\"justify\"><font>R\u00e9pondant aux questions des journalistes sur le sens d\u2019aller chercher Taoufik Ben Brik en Tunisie, Jean-Fran\u00e7ois Julliard a d\u00e9clar\u00e9\u00a0: \u00ab\u00a0Il \u00e9tait indispensable pour Reporters sans fronti\u00e8res de s\u2019assurer que Taoufik pourrait sortir du pays sans probl\u00e8me. Mais nous n\u2019oublions pas pour autant le harc\u00e8lement que subissent aujourd\u2019hui les journalistes tunisiens ind\u00e9pendants. L\u2019agression dont a \u00e9t\u00e9 victime<strong>Zouha\u00efer Makhlouf<\/strong> le 24 avril dernier est tout simplement inacceptable. Et le proc\u00e8s de <strong>Fahem Boukadous<\/strong> est toujours en cours. Il risque jusqu\u2019\u00e0 quatre ans de prison ferme pour avoir voulu donner la parole aux ouvriers du bassin minier de Gafsa en 2008.\u00a0\u00bb<\/font><\/p>\n<p align=\"justify\"><font>Parall\u00e8lement, co\u00efncidant avec la lib\u00e9ration de Taoufik Ben Brik, Reporters sans fronti\u00e8res constate une augmentation du nombre de sites censur\u00e9s dans le pays, traduisant un renforcement du contr\u00f4le d\u2019Internet en Tunisie. Des sites de partages de fichiers photo et vid\u00e9o comme Blip.tv, Metacafe, Wat.tv, VidoEmo, Flickr ainsi que des sites d\u2019informations fran\u00e7ais, dont Rue89, LeNouvelObs.com et Bakchich.info ont \u00e9galement \u00e9t\u00e9 bloqu\u00e9s. Des articles de m\u00e9dias internationaux traitant de la lib\u00e9ration du journaliste Taoufik Ben Brik sont aussi concern\u00e9s, m\u00eame si les sites qui les h\u00e9bergent sont toujours consultables. Par exemple\u00a0:<\/font><a href=\"http:\/\/news.bbc.co.uk\/2\/hi\/africa\/8647563.stm\" target=\"_blank\" rel=\"noopener\"><font>http:\/\/news.bbc.co.uk\/2\/hi\/africa\/8647563.stm<\/font><\/a><font>,<\/font><a href=\"http:\/\/www.washingtonpost.com\/wp-dyn\/content\/article\/2010\/04\/27\/AR2010042701657.html\" target=\"_blank\" rel=\"noopener\"><font>http:\/\/www.washingtonpost.com\/wp-dyn\/content\/article\/2010\/04\/27\/AR2010042701657.html<\/font><\/a><font><\/font><a href=\"http:\/\/www.google.com\/hostednews\/afp\/article\/ALeqM5hj6QwL3gVV9LxpPNdHUaCBe5kroA\" target=\"_blank\" rel=\"noopener\"><font>http:\/\/www.google.com\/hostednews\/afp\/article\/ALeqM5hj6QwL3gVV9LxpPNdHUaCBe5kroA<\/font><\/a><\/p>\n<p align=\"justify\"><font>De nombreux blogs tels que amchafibled.blogspot.com, <\/font><a href=\"http:\/\/trapboy.blogspot.com\/\" rel=\"nofollow noopener\" target=\"_blank\"><font>http:\/\/trapboy.blogspot.com<\/font><\/a><font>,<\/font><a href=\"http:\/\/antikor.blogspot.com\/\" rel=\"nofollow noopener\" target=\"_blank\"><font>http:\/\/antikor.blogspot.com<\/font><\/a><font>,<\/font><a href=\"http:\/\/arabasta1.blogspot.com\/\" rel=\"nofollow noopener\" target=\"_blank\"><font>http:\/\/arabasta1.blogspot.com<\/font><\/a><font>,<\/font><a href=\"http:\/\/yatounes.blogspot.com\/\" rel=\"nofollow noopener\" target=\"_blank\"><font>http:\/\/yatounes.blogspot.com<\/font><\/a><font>,<\/font><a href=\"http:\/\/abidklifi.blogspot.com\/\" rel=\"nofollow noopener\" target=\"_blank\"><font>http:\/\/abidklifi.blogspot.com<\/font><\/a><font>,<\/font><a href=\"http:\/\/ounormal.blogspot.com\/\" rel=\"nofollow noopener\" target=\"_blank\"><font>http:\/\/ounormal.blogspot.com<\/font><\/a><font>,<\/font><a href=\"http:\/\/carpediem-selim.blogspot.com\/\" rel=\"nofollow noopener\" target=\"_blank\"><font>http:\/\/carpediem-selim.blogspot.com<\/font><\/a><font>,<\/font><a href=\"http:\/\/bent-3ayla.blogspot.com\/\" rel=\"nofollow noopener\" target=\"_blank\"><font>http:\/\/bent-3ayla.blogspot.com<\/font><\/a><font>,<\/font><a href=\"http:\/\/artartticuler.blogspot.com\/\" rel=\"nofollow noopener\" target=\"_blank\"><font>http:\/\/artartticuler.blogspot.com<\/font><\/a><font>,<\/font><a href=\"http:\/\/blog.kochlef.com\/\" rel=\"nofollow noopener\" target=\"_blank\"><font>http:\/\/blog.kochlef.com<\/font><\/a><font> ont \u00e9t\u00e9 rendus inaccessibles. Des profils et groupes Facebook et Twitter ont \u00e9t\u00e9 bloqu\u00e9s, notamment ceux de l\u2019avocat Mohamed Abbou et du militant syndical Mohamed Ayadi.<\/font><\/p>\n<p align=\"justify\"><font>La Tunisie est un des pays les plus restrictifs du monde concernant la surveillance d\u2019Internet, le filtrage des sites et les poursuites contre les blogueurs et les journalistes en ligne critiques \u00e0 l\u2019\u00e9gard du r\u00e9gime. Elle fait partie de la l<\/font><a href=\"http:\/\/fr.rsf.org\/internet-enemie-tunisie,36635.html\" target=\"_blank\" rel=\"noopener\"><font>iste des Ennemis d\u2019Internet<\/font><\/a><font> publi\u00e9e par Reporters sans fronti\u00e8res en mars dernier .<\/font><\/p>\n<p align=\"justify\"><font>Pour en savoir plus sur l\u2019agression de<strong> Zouha\u00efer Makhlouf<\/strong>, lire l\u2019article suivant\u00a0:<\/font><a href=\"http:\/\/fr.rsf.org\/tunisie-un-nouveau-militant-des-droits-de-26-04-2010,37142.html\" target=\"_blank\" rel=\"noopener\"><font>http:\/\/fr.rsf.org\/tunisie-un-nouveau-militant-des-droits-de-26-04-2010,37142.html<\/font><\/a><\/p>\n<p align=\"justify\"><font>Pour en savoir plus sur le proc\u00e8s de <strong>Fahem Boukadous<\/strong>, lire l\u2019article suivant\u00a0: <\/font><a href=\"http:\/\/fr.rsf.org\/tunisie-report-du-proces-de-fahem-28-04-2010,36071.html\" target=\"_blank\" rel=\"noopener\"><font>http:\/\/fr.rsf.org\/tunisie-report-du-proces-de-fahem-28-04-2010,36071.html<\/font><\/a><\/p>\n<div align=\"justify\"><font><\/p>\n<hr\/>\n<p><\/font><\/div>\n<div align=\"justify\"><font><\/p>\n<div align=\"center\">\u00a0\u00a0 <b><span lang=\"FR-CH\">Les 2 poids \u2026 2 mesures de l\u2019UNESCO\u00a0:<\/span><\/b><\/div>\n<div align=\"center\"><b><span lang=\"FR-CH\"><font size=\"3\">Journaliste mort en prison au Cameroun: \u00ab\u00a0pr\u00e9occupation\u00a0\u00bb de l&rsquo;Unesco<\/font><\/span><\/b><\/div>\n<p><b><span lang=\"FR-CH\"><\/p>\n<p align=\"center\">\u00a0<\/p>\n<hr\/>\n<p>\u00a0<\/span><\/b><\/p>\n<p><span lang=\"FR-CH\"><em><u>AFP, le 30 avril 2010 \u00e0 00h28<\/u><\/em><\/span><\/p>\n<p align=\"justify\"><span lang=\"FR-CH\">LIBREVILLE, 30 avr 2010 (AFP) &#8211; La directrice g\u00e9n\u00e9rale de l&rsquo;Unesco, Irina Bokova, a exprim\u00e9 jeudi \u00ab\u00a0sa s\u00e9rieuse pr\u00e9occupation\u00a0\u00bb \u00e0 la suite du d\u00e9c\u00e8s en prison au Cameroun du journaliste Bibi Ngota, et r\u00e9clam\u00e9 \u00ab\u00a0une enqu\u00eate approfondie\u00a0\u00bb sur ses circonstances.<\/span><\/p>\n<p align=\"justify\"><span lang=\"FR-CH\">Dans un communiqu\u00e9 re\u00e7u par l&rsquo;AFP \u00e0 Libreville, l&rsquo;Organisation des Nations unies pour l&rsquo;\u00e9ducation, la science et la culture (Unesco) affirme que Mme Bokova \u00ab\u00a0a fait part de sa s\u00e9rieuse pr\u00e9occupation \u00e0 la suite du d\u00e9c\u00e8s en d\u00e9tention le 22 avril de Ngota Ngota Germain\u00a0\u00bb, dit Bibi Ngota, qui \u00e9tait incarc\u00e9r\u00e9 depuis le 10 mars \u00e0 Yaound\u00e9.<\/span><\/p>\n<p align=\"justify\"><span lang=\"FR-CH\">\u00ab\u00a0Elle a demand\u00e9 l&rsquo;ouverture d&rsquo;une enqu\u00eate approfondie sur les circonstances de sa mort\u00a0\u00bb, ajoute le texte dans lequel Mme Bokova elle-m\u00eame s&rsquo;en d\u00e9clare \u00ab\u00a0attrist\u00e9e\u00a0\u00bb.<\/span><\/p>\n<p align=\"justify\"><span lang=\"FR-CH\">Elle se dit \u00ab\u00a0convaincue que les autorit\u00e9s feront tout ce qui est en leur pouvoir pour faire la lumi\u00e8re sur cette mort tragique et sur les conditions de la d\u00e9tention\u00a0\u00bb du journaliste.<\/span><\/p>\n<p align=\"justify\"><span lang=\"FR-CH\">\u00ab\u00a0La d\u00e9tention et le d\u00e9c\u00e8s de journalistes constituent une perte pour toute soci\u00e9t\u00e9. Il s&rsquo;agit de la perte d&rsquo;un regard et d&rsquo;une voix susceptibles d&rsquo;informer le public sur des questions qui nous concernent tous\u00a0\u00bb, estime-t-elle.<\/span><\/p>\n<p align=\"justify\"><span lang=\"FR-CH\">Le 23 avril, Yaound\u00e9 a annonc\u00e9 avoir ordonn\u00e9 une enqu\u00eate judiciaire sur ce d\u00e9c\u00e8s. La France a demand\u00e9 que la \u00ab\u00a0lumi\u00e8re soit faite\u00a0\u00bb, les Etats-Unis ont r\u00e9clam\u00e9 une enqu\u00eate \u00ab\u00a0effectu\u00e9e de mani\u00e8re globale, transparente et sans d\u00e9lai\u00a0\u00bb.<\/span><\/p>\n<p align=\"justify\"><span lang=\"FR-CH\">La famille de Bibi Ngota affirme qu&rsquo;il souffrait d'\u00a0\u00bbhypertension s\u00e9v\u00e8re\u00a0\u00bb et de probl\u00e8mes d&rsquo;hernie n\u00e9cessitant une \u00ab\u00a0op\u00e9ration\u00a0\u00bb mais n&rsquo;a pas eu les soins appropri\u00e9s.<\/span><\/p>\n<p align=\"justify\"><span lang=\"FR-CH\">Jeudi, le porte-parole du gouvernement camerounais, Issa Tchiroma Bakary, a attribu\u00e9 son d\u00e9c\u00e8s \u00e0 des \u00ab\u00a0infections opportunistes\u00a0\u00bb li\u00e9es au VIH, le virus du sida, en assurant que M. Ngota a tardivement appris son statut.<\/span><\/p>\n<p align=\"justify\"><span lang=\"FR-CH\">La famille du d\u00e9funt journaliste s&rsquo;est d\u00e9clar\u00e9e \u00ab\u00a0tr\u00e8s indign\u00e9e\u00a0\u00bb par ces affirmations.<\/span><\/p>\n<p align=\"justify\"><span lang=\"FR-CH\">Bibi Ngota a \u00e9t\u00e9 \u00e9crou\u00e9 en m\u00eame temps que deux autres journalistes, Robert Mintsa et Serge Sabouang, toujours d\u00e9tenus, pour \u00ab\u00a0faux et usage de faux\u00a0\u00bb. Les autorit\u00e9s les accusent d&rsquo;avoir imit\u00e9 \u00ab\u00a0la signature du secr\u00e9taire g\u00e9n\u00e9ral de la pr\u00e9sidence de la<\/span><\/p>\n<p align=\"justify\"><span lang=\"FR-CH\">R\u00e9publique sur des documents dont ils se servaient pour (lui) faire du chantage\u00a0\u00bb.<\/span><\/p>\n<p align=\"justify\"><span lang=\"FR-CH\">AFP<\/span><\/p>\n<p align=\"justify\"><b><span lang=\"FR-CH\">CETTE UNESCO \u00ab\u00a0PREOCCUPEE\u00a0\u00bb A JUSTE TITRE AUJOURD\u2019HUI POUR CE CAS MALHEUREUX ETAIT BIEN AUX ABONNES ABSENTS TOUT AU LONG DE CES 20 DERNIERES ANNEES.. QUAND LE JOURNALISTE<span>SOHNOUN JOUHRI<\/span> SUCCOMBA EN PRISON EN 1995\u2026 QUAND<span>HAMADI JEBALI<\/span> LE DIRECTEUR DE LA PUBLICATION \u00ab\u00a0EL FAJR\u00a0\u00bb ETAIT EN ISOLATION PENDANT PLUS D\u2019UNE DECENNIE.. QUAND LE JOURNALISTE ECRIVAIN<span>ABDALLAH ZOUARI<\/span> ETAIT EN PRISON PLUS DE 10 ANS PUIS SEPARE DE SA FEMME ET SES ENFANTS DANS SON PROPRE PAYS PENDANT DE LONGUES ANNEES\u2026 ET ON PEUT CONTINUER A REMPLIR UNE LISTE DE CAS ET DE NOMS TRES \u2026 TRES LONGUE\u00a0!!<\/span><\/b><\/p>\n<p><font><\/p>\n<div align=\"justify\">\u00a0<\/div>\n<p><\/font><\/font><\/div>\n<\/div>\n<div>\n<hr\/>\n<\/div>\n<div align=\"center\"><strong><\/p>\n<h2 style=\"color: red;\"><font size=\"3\">Remarks With Tunisian Foreign Minister Kamel Morjane Before Their Meeting<\/font><\/h2>\n<p><\/strong><\/div>\n<div align=\"center\">\n<hr\/>\n<\/div>\n<div>\u00a0<\/div>\n<div>Hillary Rodham Clinton Secretary of State Treaty Room  Washington, DC  April 28, 2010 \u00a0 SECRETARY CLINTON: Well, I am pleased to welcome to the State Department Tunisia\u2019s foreign minister. Minister Morjane is an experienced diplomat. He has a great deal of knowledge about the relationship between our two countries and the work and the role that Tunisia is playing not only in the region but more broadly. So we have a lot to talk about, and I am looking forward to our conversation.  FOREIGN MINISTER MORJANE: Thank you, Madam. Thank you, thank you. I must say that I am honored and pleased to be here, especially to meet with Her Excellency Mrs. Clinton. I think we all know the good relations which exist between our two countries for a long time. Some people are saying it go back to two centuries.  SECRETARY CLINTON: That\u2019s right.  FOREIGN MINISTER MORJANE: And this is mainly for me a mission in order to see how we can reinforce this relation in all fields and in all domains, because we want this relation to be a strategic partnership between our two nations. I\u2019m very pleased, Madam, and thank you for the invitation.  SECRETARY CLINTON: Thank you. My pleasure, Minister. Thank you all very much.<\/div>\n<div>\u00a0<\/div>\n<div><strong><font>(Source: \u00ab\u00a0The U.S. State Department\u00a0\u00bb le 28 avril 2010)<\/font><\/strong><\/div>\n<div><strong><font>Lien:<\/font><\/strong><a href=\"http:\/\/www.state.gov\/secretary\/rm\/2010\/04\/141004.htm\" target=\"_blank\" rel=\"noopener\"><strong><font>http:\/\/www.state.gov\/secretary\/rm\/2010\/04\/141004.htm<\/font><\/strong><\/a> <\/p>\n<hr\/>\n<\/div>\n<div><font><\/p>\n<div align=\"center\">\n<h3 style=\"color: blue;\"><font size=\"3\"><strong>Le journaliste Ben Brik veut se pr\u00e9senter aux prochaines \u00e9lections<\/strong><\/font><\/h3>\n<\/div>\n<div align=\"center\">\n<hr\/>\n<\/div>\n<div><font>ATS \u00a0\/ 28 avril 2010 23:33)  Le journaliste et opposant tunisien Taoufik ben Brik, lib\u00e9r\u00e9 mardi apr\u00e8s six mois de d\u00e9tention, a dit souhaiter se pr\u00e9senter aux prochaines \u00e9lections pr\u00e9sidentielles en Tunisie, en 2014. Il a soulign\u00e9 que la constitution interdira alors \u00e0 l&rsquo;actuel pr\u00e9sident de se repr\u00e9senter. Le pr\u00e9sident Zine al Abidine Ben Ali \u00ab\u00a0aura \u00e0 cette date 78 ans et la constitution interdit que le candidat \u00e0 la pr\u00e9sidentielle soit \u00e2g\u00e9 de plus de 75 ans\u00a0\u00bb, a-t-il ajout\u00e9. Ben Ali est au pouvoir depuis 23 ans. \u00ab\u00a0Mon r\u00eave est de me pr\u00e9senter en 2014 \u00e0 l&rsquo;\u00e9lection pr\u00e9sidentielle, sachant que le pr\u00e9sident Zine al Abidine Ben Ali devra quitter d\u00e9finitivement le pouvoir \u00e0 cette date\u00a0\u00bb, a-t-il dit en arabe \u00e0 France 24, dans une interview traduite par la cha\u00eene. Taoufik ben Brik a \u00e9t\u00e9 lib\u00e9r\u00e9 mardi apr\u00e8s six mois de d\u00e9tention pour avoir agress\u00e9 une femme, fait qu&rsquo;il a toujours contest\u00e9. Son proc\u00e8s avait \u00e9t\u00e9 qualifi\u00e9 de politique, dans un pays o\u00f9 la presse est souvent musel\u00e9e. Il a promis de continuer \u00e0 critiquer le pouvoir.<\/font> \u00a0<\/div>\n<div>\n<hr\/>\n<\/div>\n<div align=\"center\"><font><\/p>\n<h3 style=\"color: blue;\"><font size=\"3\"><strong>Me Mokhtar Trifi \u00ab\u00a0Le climat est lourd s\u2019agissant des libert\u00e9s\u00a0\u00bb<\/strong><\/font><\/h3>\n<p><\/font><\/div>\n<div align=\"center\">\n<hr\/>\n<\/div>\n<p>Me Mokhtar Trifi, pr\u00e9sident de la Ligue tunisienne des droits de l\u2019homme, avocat de Taoufik Ben Brik.<\/p>\n<p><strong>Comment Taoufik Ben Brik va-t-il apr\u00e8s six mois de prison\u2009\u00a0?<\/strong><\/p>\n<p><strong>Me Mokhtar Trifi<\/strong>. Il va relativement bien. Aussi bien que l\u2019on puisse aller apr\u00e8s six mois de prison dans des conditions tr\u00e8s difficiles, avec l\u2019\u00e9tat de sant\u00e9 qui est le sien. Il est certain que l\u2019effet de la libert\u00e9 a \u00e9t\u00e9 sur lui imm\u00e9diat\u2009\u00a0: il a enfin repris des couleurs.<\/p>\n<p><strong>Comment jugez-vous les charges retenues contre lui\u2009\u00a0?<\/strong><\/p>\n<p><strong>Me Mokhtar Trifi<\/strong>. Nous l\u2019avons dit devant le tribunal\u2009\u00a0: il s\u2019agissait de charges fallacieuses. Ce proc\u00e8s a \u00e9t\u00e9 fabriqu\u00e9 de toutes pi\u00e8ces, pour offrir au r\u00e9gime une vengeance contre Taoufik Ben Brik suite aux articles qu\u2019il a consacr\u00e9s aux \u00e9lections pr\u00e9sidentielle et l\u00e9gislatives d\u2019octobre 2009. Tous ceux qui ont eu acc\u00e8s au dossier ont compris qu\u2019il s\u2019agissait d\u2019une manipulation sans rapport avec le droit et la justice.<\/p>\n<p><strong>Pourquoi le r\u00e9gime du pr\u00e9sident Benali s\u2019acharne-t-il ainsi contre les journalistes, les d\u00e9mocrates, les d\u00e9fenseurs des droits humains\u2009\u00a0?<\/strong><\/p>\n<p><strong>Me Mokhtar Trifi<\/strong>. Ce n\u2019est pas une nouveaut\u00e9. \u00c0 Taoufik Ben Brik, on reproche ses \u00e9crits sarcastiques, caustiques, tr\u00e8s lus. Cette voix libre, le pouvoir ne l\u2019accepte pas. L\u2019espace d\u2019expression des d\u00e9mocrates est aujourd\u2019hui tr\u00e8s r\u00e9duit en Tunisie, le climat est lourd s\u2019agissant des libert\u00e9s. La libert\u00e9 de la presse est musel\u00e9e. Toutes les instances ind\u00e9pendantes le constatent. Ici, dans les postes de police ou dans les prisons, la torture est monnaie courante. Les tortionnaires, eux, ne sont jamais inqui\u00e9t\u00e9s en d\u00e9pit des plaintes. Le comit\u00e9 des Nations unies contre la torture a lui-m\u00eame tir\u00e9 la sonn\u00e9 d\u2019alarme.<\/p>\n<p><strong>Comment jugez-vous le silence de la communaut\u00e9 internationale\u2009\u00a0?<\/strong><\/p>\n<p><strong>Me Mokhtar Trifi<\/strong>. La communaut\u00e9 internationale, les dirigeants europ\u00e9ens sont obnubil\u00e9s par la \u00ab\u00a0\u202flutte contre le terrorisme\u202f\u00a0\u00bb \u2013\u00a0qui sert souvent d\u2019alibi, ici, \u00e0 ceux qui veulent fl\u00e9trir les libert\u00e9s\u00a0\u2013 et, surtout, par la lutte contre l\u2019immigration clandestine. Au nom de ces objectifs, on absout volontiers le r\u00e9gime tunisien.<\/p>\n<p><strong>Quels sont, aujourd\u2019hui, les projets de Taoufik Ben Brik\u2009\u00a0?<\/strong><\/p>\n<p><strong>Me Mokhtar Trifi<\/strong>. Il reste un \u00e9crivain, un journaliste. Il poursuivra donc ses activit\u00e9s.<\/p>\n<p><strong><font>(Source: \u00ab\u00a0L\u00b4Humanit\u00e9\u00a0\u00bb (Quotidien &#8211; France) le 28 avril 2010)<\/font><\/strong><\/p>\n<p><\/font><\/div>\n<div>\n<hr\/>\n<\/div>\n<div align=\"center\">\u00a0\u00a0<\/p>\n<h3 style=\"color: blue;\"><font size=\"3\"><font>\u00a0<\/font><strong>Le site Internet du Nouvel Observateur censur\u00e9 en Tunisie<\/strong><\/font><\/h3>\n<\/div>\n<div align=\"center\">\n<hr\/>\n<\/div>\n<p><font size=\"2\">NouvelObs.com paye pour son traitement de l&rsquo;information au sujet de l&#8217;emprisonnement du journaliste et opposant politique Taoufik Ben Brik.<\/font><\/p>\n<div><font size=\"2\">\u00ab\u00a0404 Not Found, the request URL &lsquo;tempsreel.nouvelobs.com&rsquo; was not found on this server\u00a0\u00bb (\u00ab\u00a0l&rsquo;adresse URL demand\u00e9e n&rsquo;a pas \u00e9t\u00e9 trouv\u00e9e sur ce serveur\u00a0\u00bb), voici le message que voient appara\u00eetre sur leurs \u00e9crans, depuis plusieurs jours-\u2013 plusieurs semaines selon certaines sources &#8211; les internautes qui cherchent \u00e0 acc\u00e9der au<span><a href=\"http:\/\/tempsreel.nouvelobs.com\/index.html\" target=\"_blank\" rel=\"noopener\">site Internet du <\/a><\/span><em><span><a href=\"http:\/\/tempsreel.nouvelobs.com\/index.html\" target=\"_blank\" rel=\"noopener\">Nouvel Observateur<\/a><\/span><\/em> depuis la <\/font><a href=\"http:\/\/tempsreel.nouvelobs.com\/dossier\/reperes\/pays\/219\/tunisie.html\" target=\"_blank\" title=\"Tunisie\" rel=\"noopener\"><font size=\"2\">Tunisie<\/font><\/a><font size=\"2\">. Celui-ci a \u00e9t\u00e9 censur\u00e9.<\/font> <a href=\"http:\/\/tempsreel.nouvelobs.com\/actualite\/monde\/20100427.OBS3103\/le-site-internet-du-nouvel-observateur-censure-en-tunisie.html#\" target=\"_blank\" title=\"Cliquez ici pour ouvrir tous les liens dans les onglets de votre navigateur\" rel=\"noopener\"><\/a><font size=\"2\">NouvelObs.com paye son traitement de l&rsquo;affaire \u00ab\u00a0Ben Brik\u00a0\u00bb, du nom du journaliste tunisien et opposant politique<span><a href=\"http:\/\/actualite.nouvelobs.com\/Taoufik%20Ben%20Brik%20\/\" target=\"_blank\" rel=\"noopener\">Taoufik Ben Brik<\/a><\/span>, lib\u00e9r\u00e9 ce mardi 27 avril apr\u00e8s six mois d&#8217;emprisonnement \u00e0 l&rsquo;issue d&rsquo;une peine pour violence dans un proc\u00e8s hautement politique.<\/font> \u00a0<\/p>\n<h3 style=\"color: blue;\"><font size=\"2\">\u00ab\u00a0Ben Ali veut ma mort\u00a0\u00bb<\/font><\/h3>\n<p><font size=\"2\">Auteur d&rsquo;\u00e9crits satiriques ciblant le chef d&rsquo;Etat tunisien <strong>Zine el-Abidine Ben Ali<\/strong> dans les m\u00e9dias fran\u00e7ais, notamment NouvelObs.com, Taoufik Ben Brik, 49 ans, avait \u00e9t\u00e9 arr\u00eat\u00e9 le 29 octobre. Accus\u00e9 d\u2019avoir agress\u00e9 une automobiliste, il a toujours ni\u00e9 les faits, se disant victime d\u2019une machination.<\/font> <font size=\"2\">Selon lui, l&rsquo;automobiliste, une femme d&rsquo;affaires, lui aurait volontairement rentr\u00e9 dedans alors qu&rsquo;il circulait avec son v\u00e9hicule, avant de l&rsquo;agresser verbalement, de provoquer son arrestation et de porter plainte contre lui.<\/font> <font size=\"2\">Il a \u00e9t\u00e9 condamn\u00e9 le 28 novembre 2009 pour \u00ab\u00a0faits de violence, outrage public aux bonnes m\u0153urs et d\u00e9gradation volontaire des biens d\u2019autrui\u00a0\u00bb \u00e0 six mois de prison ferme, une condamnation confirm\u00e9e le 30 janvier en appel.<\/font> <font size=\"2\">A sa sortie de prison, son avocat <strong>Nejib Chebbi<\/strong> s&rsquo;est \u00e9lev\u00e9 contre \u00ab\u00a0des conditions de d\u00e9tention qui n&rsquo;ont pas \u00e9t\u00e9 d\u00e9centes compte tenu de son \u00e9tat de sant\u00e9 et de sa condamnation\u00a0\u00bb.<\/font> <font size=\"2\">En effet, Taoufik Ben Brik, atteint du <strong>syndrome de Cushing<\/strong>, une maladie d\u00e9g\u00e9n\u00e9rative des d\u00e9fenses immunitaires qui n\u00e9cessite un suivi r\u00e9gulier, \u00ab\u00a0a \u00e9t\u00e9 trait\u00e9 comme un d\u00e9tenu de droit commun\u00a0\u00bb, \u00ab\u00a0son droit de visite a \u00e9t\u00e9 viol\u00e9 de nombreuses fois, de m\u00eame que son droit de rencontrer ses avocats\u00a0\u00bb, a indiqu\u00e9 son avocat \u00e0 NouvelObs.com.<\/font> <font size=\"2\">Le dissident tunisien aura pass\u00e9 six mois en prison \u00ab\u00a0pour s&rsquo;\u00eatre battu pour la libert\u00e9 d&rsquo;expression en Tunisie\u00a0\u00bb, estime l&rsquo;avocat.<\/font> <font size=\"2\">\u00ab\u00a0Mon mari est tr\u00e8s affaibli. La semaine derni\u00e8re, il tenait \u00e0 peine debout. Il risque de mourir \u00e0 tout instant\u00a0\u00bb, a indiqu\u00e9 de son c\u00f4t\u00e9 son \u00e9pouse Azza Zarrad. La femme du journaliste faisait r\u00e9guli\u00e8rement parvenir<span><a href=\"http:\/\/tempsreel.nouvelobs.com\/actualite\/opinion\/20100304.OBS8712\/au-pays-des-taalimets-instructions.html\" target=\"_blank\" rel=\"noopener\">des textes<\/a><\/span> dans lesquels elle d\u00e9crivait les conditions de d\u00e9tention du journaliste.<\/font> <font size=\"2\">Dans un message adress\u00e9 \u00e0 NouvelObs.com depuis sa cellule, Taoufik Ben Brik racontait \u00e0 son tour&#8230; \u00ab\u00a0<span><a href=\"http:\/\/tempsreel.nouvelobs.com\/actualite\/media\/20100203.OBS5775\/taoufik-ben-brik-ben-ali-veut-ma-mort.html\" target=\"_blank\" rel=\"noopener\">Ben Ali veut ma mort<\/a><\/span>\u00a0\u00bb !<\/font> \u00a0<\/p>\n<h3 style=\"color: blue;\"><font size=\"2\">Un pays de la censure<\/font><\/h3>\n<p><font size=\"2\">Qu&rsquo;ils s&rsquo;opposent au pouvoir en place ou non, de nombreux sites Internet font l&rsquo;objet de censure en Tunisie. Les internautes tunisiens n&rsquo;ont par exemple pas acc\u00e8s aux sites de partage de vid\u00e9os en ligne Youtube et Dailymotion, ni aux sites d&rsquo;informations tunisiens comme<span><a href=\"https:\/\/tunisnews.net\/ar\/\" target=\"_blank\" rel=\"noopener\">TunisNews<\/a><\/span>, h\u00e9berg\u00e9 en Su\u00e8de, ou<span><a href=\"http:\/\/www.tunis-online.net\/arabic\/index.php\" target=\"_blank\" rel=\"noopener\">TunisOnline<\/a><\/span>, h\u00e9berg\u00e9 en Allemagne, ni le site de la cha\u00eene<span><a href=\"http:\/\/www.aljazeera.net\/portal\" target=\"_blank\" rel=\"noopener\">Al-Jazeera<\/a><\/span> en arabe (la version anglaise est accessible), ni, encore, les sites de partis d&rsquo;opposition politique comme par exemple le site du Parti d\u00e9mocrate progressiste tunisien.<\/font> <font size=\"2\">Facebook est accessible en Tunisie, le<span>pr\u00e9sident Ben Al<\/span>i compte lui-m\u00eame plus de 130.000 fans sur<span><a href=\"http:\/\/www.facebook.com\/pages\/Zine-El-Abidine-Ben-Ali-zyn-lbdyn-bn-ly\/38135612854?ref=ts\" target=\"_blank\" rel=\"noopener\">sa page<\/a><\/span>. En revanche, des piratages fr\u00e9quents de pages de dissidents ont \u00e9t\u00e9 constat\u00e9s, ainsi que des blocages de groupes sp\u00e9cifiques. Ce fut le cas pour un groupe cr\u00e9\u00e9 par des militants tunisiens pour demander la lib\u00e9ration de<strong> Taoufik Ben Brik.<\/strong><\/font> <font size=\"2\">Le site de<span><a href=\"http:\/\/fr.rsf.org\/\" target=\"_blank\" rel=\"noopener\">Reporters sans Fronti\u00e8res<\/a><\/span> est \u00e9galement censur\u00e9 en Tunisie. Dans un rapport intitul\u00e9 \u00ab\u00a0les ennemis d&rsquo;Internet\u00a0\u00bb, l&rsquo;organisme a par ailleurs consacr\u00e9 un<span><a href=\"http:\/\/fr.rsf.org\/internet-enemie-tunisie,36635.html\" target=\"_blank\" rel=\"noopener\">chapitre entier<\/a><\/span> au pays.<\/font> <font size=\"2\">Des outils de contournement de la censure sont accessibles sur Internet, mais beaucoup de ces sites de \u00ab\u00a0proxys\u00a0\u00bb sont inaccessibles depuis le pays.<\/font> <font size=\"2\">Pour l&rsquo;instant, mis \u00e0 part NouvelObs.com, cette censure ne concerne \u00e9galement les sites d&rsquo;information Rue89, Bakchich.info, et 20minutes.fr. Les autres sites restant \u00e0 ce jour accessibles depuis la Tunisie.<\/font> <font size=\"2\">(Tristan Berteloot, Nouvelobs.com)<\/font> <font size=\"2\"><strong>(Source: Nouvelobs.com le 28 avril 2010)<\/strong><\/font> \u00a0<\/div>\n<div>\n<hr\/>\n<\/div>\n<div align=\"center\"><b><span lang=\"FR-CH\"><font size=\"3\">A mort la mort et mort \u00e0 B.. A..<\/font><\/span><\/b><\/div>\n<div>\n<hr\/>\n<\/div>\n<div>\n<p align=\"justify\"><span lang=\"FR-CH\"><strong><font>Par\u00a0: BIJU<\/font><\/strong><\/span><\/p>\n<p align=\"justify\"><span lang=\"FR-CH\">Il fait bon r\u00e9sister et je r\u00e9siste et je r\u00e9sisterais jusqu\u2019\u00e0 la fin de ma mort. MOI le tunisien errant.<\/span><\/p>\n<p align=\"justify\"><span lang=\"FR-CH\">F\u00fbt-ce \u00e0 l\u2019encontre de toute rationalit\u00e9, toute logique, toute raison ! Je ne crois pas \u00e0 la valeur de l\u2019ordre qui r\u00e8gne, r\u00e9git et d\u00e9cha\u00eene le monde.<\/span><\/p>\n<p align=\"justify\"><span lang=\"FR-CH\">Moi, j\u2019adore la vie sur toutes ses coutures malgr\u00e9 tout, l\u2019odeur de la grande bleue, toute puante, quand elle pousse \u00e0 tailler la route vers cet ailleurs qui dans le fond n\u2019existe pas\u2026.pour les cons ! Oui seulement pour eux, ils ont toujours le chic de prendre racine dans les longueurs pass\u00e9istes.<\/span><\/p>\n<p align=\"justify\"><span lang=\"FR-CH\">J\u2019aime la pluie d\u2019\u00e9t\u00e9 ,les paum\u00e9s , les cocus , les perdants et les perdus , le RAP et la morue la sal\u00e9e de Mad\u00e8re , et m\u00eame celle qui fait le pied de grue ,qui fait le parcm\u00e8tre sous un lampadaire pour un ruffian tatou\u00e9 qui sait que l\u2019aventure n\u2019existe plus .<\/span><\/p>\n<p align=\"justify\"><span lang=\"FR-CH\">J\u2019aime aussi certains tunisiens sans savoir vraiment pourquoi , d\u2019ailleurs rien ne sert de conna\u00eetre la plus part du temps le pourquoi et le comment des choses et des sentiments , autant imaginer et rester assoiff\u00e9 et affam\u00e9 dans l\u2019inconnu o\u00f9 tout est possible , tout , m\u00eame l\u2019impossible amour qui tue , qu\u2019\u00eatre d\u00e9\u00e7u par la r\u00e9alit\u00e9 concomitante de notre folie et notre rage diffuse , muette , l\u00e2che et refoul\u00e9e qui nous sape la vue et nous prend \u00e0 la gorge par d\u00e9faut , plut\u00f4t que par animosit\u00e9.<\/span><\/p>\n<p align=\"justify\"><span lang=\"FR-CH\">Et je n\u2019en ai rien \u00e0 cirer si tu ne me crois pas , moi j\u2019aime le douceur de leur regard et les plis de leurs caresses ,surtout les tunisiennes qui sont l\u2019avenir du monde , maman ch\u00e9rie , petites s\u0153urs mon c\u0153ur bat en vous , de l\u2019air au nom de dieu , de l\u2019air ! Pourquoi Ben Ali existe ? Oui pour aimer les tunisiens, on doit avant toutes choses aimer les tunisiennes, avec leur force , leur douceur , leur courage et leurs reins serr\u00e9es au plus bas, \u00e0 la fi\u00e8vre et l\u2019esp\u00e9rance , et leur chevelure qui font le tour de la mappemonde , et leurs mots si fins qu\u2019on dirait cisel\u00e9s par les diamantaires du temps , et leurs rires lancinants pos\u00e9s comme des mod\u00e8les \u00e0 l\u2019innocence des yeux ch\u00e9rubins , de qui je cause ? Des tunisiennes et de ces vieilles amazones de ce Dj\u00e9rid \u00e9ternel qui passent en riant sur l\u2019horizon des solitudes inqui\u00e8tes et juv\u00e9niles .Le croiras-tu ? Le bonheur animal dans sa fr\u00e9n\u00e9sie me prend \u00e0 la vue des actes de courage et d\u2019h\u00e9ro\u00efsme humains des tunisiennes auxquels j\u2019ai pourtant cess\u00e9 de croire depuis longtemps, je continue \u00e0 les v\u00e9n\u00e9rer par la force d\u2019une droiture qui m\u2019est ch\u00e8re, parce qu\u2019h\u00e9rit\u00e9e de millions d\u2019ann\u00e9es de solitude.<\/span><\/p>\n<p align=\"justify\"><span lang=\"FR-CH\">Elles m\u2019ont tout donn\u00e9 et appris.<\/span><\/p>\n<p align=\"justify\"><span lang=\"FR-CH\">Aimer la Tunisie , c\u2019est aimer tout simplement la vie , sans soucis de logique. C\u2019est ainsi et seulement , mon c\u0153ur , mes tripes ,mon sexe, mon \u00e2me et mon esprit , qu\u2019on finit par en d\u00e9couvrir le sens. Nous tunisiens, nous tenons la moiti\u00e9 de la v\u00e9rit\u00e9 puisque nous voulons vivre , m\u00eame en survivant par simples attouchements .Il ne nous reste plus qu\u2019\u00e0 conqu\u00e9rir l\u2019autre moiti\u00e9 et nous serons sauv\u00e9 pour l\u2019\u00e9ternit\u00e9 de l\u2019infamie.<\/span><\/p>\n<p align=\"justify\"><span lang=\"FR-CH\">Nous ne pouvons exister , nous constituer , grandir , r\u00eaver , s\u2019\u00e9panouir et d\u00e9passer que dans le souffle commun de notre libert\u00e9 admise , entre nous et avec les autres hommes, pour nous et dans notre futur commencement , moi BIJU je vous le dis, le myst\u00e8re de la relation d\u00e9passe de beaucoup celui de l&rsquo;\u00eatre. Il ne suffit pas d\u2019aimer et de vouloir la vie et la libert\u00e9 pour d\u00e9couvrir leurs sens. Ce sens ne se r\u00e9v\u00e8le pas par l\u2019op\u00e9ration du saint esprit ou la filouterie des charlatans et des imposteurs. Le sens v\u00e9ritable , celui qui d\u00e9place les montagnes se produit , se cr\u00e9e , se prend et se donne. Il na\u00eet du don de l\u2019exigence , dans la relation libre avec soi-m\u00eame et autrui. Or un ordre maffieux et dictatorial , n\u00e9potique qui n\u2019est fond\u00e9 que sur la force et la violence , sur les rapports d\u2019exploitation , de domination et de mort , ou ordre n\u00e9crophage et morbide ,comme celui de Carthage est un ordre condamn\u00e9.<\/span><\/p>\n<p align=\"justify\"><span lang=\"FR-CH\">Et de l\u2019autre c\u00f4t\u00e9 de la cha\u00eene.<\/span><\/p>\n<p align=\"justify\"><span lang=\"FR-CH\">Pourquoi cette ali\u00e9nation ?<\/span><\/p>\n<p align=\"justify\"><span lang=\"FR-CH\">Pourquoi cette occultation n\u00e9faste et volontaire des fantastiques richesses de cr\u00e9ation que poss\u00e8de, que nous poss\u00e9dons, que poss\u00e8de chacun de nous ? Chaque tunisien.<\/span><\/p>\n<p align=\"justify\"><span lang=\"FR-CH\">Pourquoi en ce si\u00e8cle de tous les savoirs , nous , tunisiens qui sommes plus que d\u2019autres le produit de l\u2019Histoire , cette histoire humaine irrespectueuse des g\u00e8nes , des races , des origines et des affirmations , nous, qui avons surv\u00e9cu \u00e0 tant d\u2019arbitraire , qui avons surv\u00e9cu \u00e0 tant de massacres , de g\u00e9nocides et d\u2019ethnocides programm\u00e9s par des g\u00e9nies du mal , nous qui avons vaincu tant d\u2019\u00e9pid\u00e9mies , de p\u00e9nuries , perc\u00e9 tant de myst\u00e8res , fait reculer de tout temps le d\u00e9sastre et la mort , nous sommes un miracle du genre et de l\u2019esp\u00e8ce , sommes nous incapables de briser le carcan de nos r\u00f4les dans leur fun\u00e8bre th\u00e9\u00e2tre d\u2019ombres, d\u2019accueillir dans la d\u00e9mocratie , la libert\u00e9 , la joie , la fraternit\u00e9 et l\u2019amour , l\u2019incroyable et impr\u00e9visible rencontre avec notre destin choisi , de donner , enfin , un sens \u00e0 notre vie et \u00e0 notre mort aussi ?<\/span><\/p>\n<p align=\"justify\"><span lang=\"FR-CH\">Mort \u00e0 la mort, et mort \u00e0 B.. A&#8230;<\/span><\/p>\n<p align=\"justify\">\u00a0<\/p>\n<div align=\"justify\">\n<hr\/>\n<\/div>\n<div align=\"center\">\n<h3 style=\"color: blue;\"><font face=\"Arial\" size=\"3\"><strong>La Belgique interdit le port du voile int\u00e9gral musulman<\/strong><\/font><\/h3>\n<\/div>\n<div align=\"center\">\n<hr\/>\n<\/div>\n<div align=\"center\"> \u00a0<\/div>\n<div align=\"center\">\u00a0<\/div>\n<div align=\"justify\">AFP, le 29 avril 2010 \u00e0 20h35  Par Alain JEAN-ROBERT BRUXELLES \u2014 Sans gouvernement et plong\u00e9e dans une grave crise politique, la Belgique est n\u00e9anmoins devenue jeudi le premier pays occidental \u00e0 interdire le port du voile islamique int\u00e9gral dans tout l&rsquo;espace public, avant la France qui pr\u00e9voit de pr\u00e9senter un texte en mai. Pour une fois unanimes, quelle que soit leur couleur politique ou leur appartenance linguistique, les d\u00e9put\u00e9s belges ont vot\u00e9 par 136 voix sur 138 d\u00e9put\u00e9s pr\u00e9sents un texte interdisant le port du voile, non seulement dans tous les services publics, mais aussi dans l&rsquo;int\u00e9gralit\u00e9 de l&rsquo;espace public y compris la rue. Il y a eu deux abstentions. \u00ab\u00a0L&rsquo;image de notre pays \u00e0 l&rsquo;\u00e9tranger est de plus en plus incompr\u00e9hensible mais, au moins, par rapport \u00e0 l&rsquo;unanimit\u00e9 qui va s&rsquo;exprimer au sein de ce Parlement sur ce vote interdisant la burqa et le niqab dans notre pays, il y a un \u00e9l\u00e9ment de fiert\u00e9 \u00e0 \u00eatre Belge\u00a0\u00bb, s&rsquo;\u00e9tait f\u00e9licit\u00e9 avant le vote le d\u00e9put\u00e9 lib\u00e9ral Denis Ducarme. \u00ab\u00a0Nous sommes le premier pays \u00e0 faire sauter le verrou qui a mis bon nombre de femmes en esclavage et nous esp\u00e9rons \u00eatre suivis par la France, la Suisse, l&rsquo;Italie, les Pays-Bas, les pays qui r\u00e9fl\u00e9chissent\u00a0\u00bb, a-t-il ajout\u00e9. \u00ab\u00a0Qu&rsquo;un pays, un tout petit pays, un peu difficile \u00e0 g\u00e9rer, ait pris une initiative comme celle-l\u00e0, les aidera peut-\u00eatre \u00e0 aller plus loin\u00a0\u00bb, a-t-il dit. Seule une toute petite partie de la communaut\u00e9 musulmane est concern\u00e9e, le port du voile int\u00e9gral \u00e9tant un ph\u00e9nom\u00e8ne marginal en Belgique. Le texte ne parle pas explicitement de burqa ou de niqab; il pr\u00e9voit que les personnes qui \u00ab\u00a0se pr\u00e9senteront dans l&rsquo;espace public le visage masqu\u00e9 ou dissimul\u00e9, en tout ou en partie, par un v\u00eatement de mani\u00e8re telle qu&rsquo;ils ne soient plus identifiables\u00a0\u00bb seront punis d&rsquo;une amende et\/ou d&rsquo;une peine de prison de un \u00e0 sept jours. L&rsquo;espace public d\u00e9signe l&rsquo;ensemble des rues, chemins, jardins publics, terrains de sports ou \u00ab\u00a0b\u00e2timents destin\u00e9s \u00e0 l&rsquo;usage du public o\u00f9 des services peuvent lui \u00eatre rendus\u00a0\u00bb. Des exceptions sont toutefois pr\u00e9vues pour les \u00e9v\u00e9nements festifs comme les carnavals, s&rsquo;ils ont \u00e9t\u00e9 autoris\u00e9s par d\u00e9cision municipale. Certains experts ont \u00e9mis des doutes sur l&rsquo;utilit\u00e9 de cette loi. Ils ont fait remarquer que des r\u00e8glements de police interdisant de cacher son visage sont d\u00e9j\u00e0 en vigueur dans la plupart des communes belges concern\u00e9es. Depuis un an et demi, des femmes portant un voile int\u00e9gral sont r\u00e9guli\u00e8rement verbalis\u00e9es. En 2009, 29 proc\u00e8s-verbaux ont \u00e9t\u00e9 dress\u00e9s par la police sur l?ensemble de la r\u00e9gion de Bruxelles-Capitale pour port de la burqa dans un lieu public. Selon les d\u00e9put\u00e9s, les textes jusqu&rsquo;\u00e0 pr\u00e9sent en vigueur, remontaient \u00e0 l?entre-deux-guerres; ils visaient \u00e0 l?origine \u00e0 lutter contre les gangs pratiquant des braquages et n&rsquo;\u00e9taient plus adapt\u00e9s \u00e0 la situation. Deux arguments principaux ont \u00e9t\u00e9 avanc\u00e9s par les l\u00e9gislateurs: la question de la s\u00e9curit\u00e9 &#8211; il faut que chacun soit identifiable en tous lieux &#8211; et celle de la \u00ab\u00a0dignit\u00e9 de la femme\u00a0\u00bb et du respect des \u00ab\u00a0principes d\u00e9mocratiques fondamentaux\u00a0\u00bb. Le voile int\u00e9gral est \u00ab\u00a0une prison mobile\u00a0\u00bb relevant d&rsquo;une \u00ab\u00a0pratique moyen\u00e2geuse\u00a0\u00bb, a estim\u00e9 le lib\u00e9ral flamand Bart Somers. \u00ab\u00a0C&rsquo;est la manifestation la plus visible d&rsquo;autres atteintes aux droits humains\u00a0\u00bb, a rench\u00e9ri son coll\u00e8gue d\u00e9mocrate-chr\u00e9tien Georges Dallemagne. La chambre haute du Parlement belge, le S\u00e9nat, devra \u00e9galement se prononcer sur le texte. Ce qui, compte tenu de la crise politique, pourrait prendre du temps. En France, le gouvernement va aussi pr\u00e9senter \u00e0 l&rsquo;assembl\u00e9e nationale d\u00e9but juillet un projet de loi visant \u00e0 l&rsquo;interdiction g\u00e9n\u00e9rale du port du voile islamique int\u00e9gral dans tout l&rsquo;espace public. \u00a0<\/div>\n<div align=\"justify\">\n<hr\/>\n<\/div>\n<div align=\"center\"><strong><\/p>\n<h3 style=\"color: blue;\"><font size=\"3\">Amnesty International condamne l&rsquo;interdiction par la Belgique du voile int\u00e9gral<\/font><\/h3>\n<p><\/strong><\/div>\n<div align=\"center\">\n<hr\/>\n<\/div>\n<div align=\"justify\"> AFP, le 29 avril 2010 \u00e0 22h19  LONDRES, 29 avr 2010 (AFP) &#8211; L&rsquo;organisation Amnesty International a condamn\u00e9 jeudi la d\u00e9cision des d\u00e9put\u00e9s belges d&rsquo;interdire le port du voile islamique int\u00e9gral dans l&rsquo;espace public, qui constitue selon elle \u00ab\u00a0un dangereux pr\u00e9c\u00e9dent\u00a0\u00bb. \u00ab\u00a0Une interdiction totale de se couvrir le visage violerait les droits \u00e0 la libert\u00e9 d&rsquo;expression et de religion des femmes qui portent la burqa ou le niqab\u00a0\u00bb, a d\u00e9clar\u00e9 John Dalhuisen, l&rsquo;expert de l&rsquo;organisation de d\u00e9fense des droits de l&rsquo;homme sur la discrimanation en Europe. Selon lui, \u00ab\u00a0la d\u00e9cision de la Belgique d&rsquo;interdire le voile int\u00e9gral, la premi\u00e8re en Europe, constitue un dangereux pr\u00e9c\u00e9dent\u00a0\u00bb. Les d\u00e9put\u00e9s belges ont vot\u00e9, \u00e0 l&rsquo;unanimit\u00e9 moins deux abstentions, un texte interdisant le port du voile islamique int\u00e9gral dans tout l&rsquo;espace public, y compris dans la rue, faisant de leur pays le premier en Europe \u00e0 franchir ce pas. \u00ab\u00a0Nous sommes le premier pays \u00e0 faire sauter le verrou qui a mis bon nombre de femmes en esclavage et nous esp\u00e9rons \u00eatre suivis par la France, la Suisse, l&rsquo;Italie, les Pays-Bas, les pays qui r\u00e9fl\u00e9chissent\u00a0\u00bb, s&rsquo;est f\u00e9licit\u00e9 le d\u00e9put\u00e9 lib\u00e9ral Denis Ducarme. Amnesty a appel\u00e9 de son c\u00f4t\u00e9 la chambre haute de Belgique, le S\u00e9nat, qui doit \u00e0 pr\u00e9sent se prononcer, \u00e0 revenir sur cette d\u00e9cision. Selon M. Dalhuisen, il ne peut en effet \u00ab\u00a0y avoir de justification \u00e0 la restriction de la libert\u00e9 d&rsquo;expression et de religion\u00a0\u00bb. AFP<\/div>\n<div align=\"justify\">\n<hr\/>\n<\/div>\n<div align=\"center\"><strong><\/p>\n<h3 style=\"color: blue;\"><font size=\"3\">Voile int\u00e9gral interdit: un acte liberticide (musulmans de Belgique)<\/font><\/h3>\n<p><\/strong><\/div>\n<div align=\"center\">\n<hr\/>\n<\/div>\n<div align=\"justify\">AFP, le 30 avril 2010 \u00e0 11h57 \u00a0\u00a0\u00a0 BRUXELLES, 30 avr 2010 (AFP) &#8211; L&rsquo;interdiction du voile int\u00e9gral\u00a0 jeudi soir par les d\u00e9put\u00e9s belges est un acte \u00ab\u00a0liberticide et\u00a0 id\u00e9ologique\u00a0\u00bb, a d\u00e9nonc\u00e9 vendredi l&rsquo;Ex\u00e9cutif des musulmans de\u00a0 Belgique, appelant les femmes concern\u00e9es \u00e0 r\u00e9fl\u00e9chir \u00e0 tous les\u00a0 recours possibles pour contester le texte. \u00a0\u00a0\u00a0 \u00ab\u00a0Dans un contexte de crise aig\u00fce de notre gouvernement, cette\u00a0 d\u00e9marche liberticide et id\u00e9ologique qui vise \u00e0 priver quelques\u00a0 dizaines de femmes en Belgique de leurs droits fondamentaux est\u00a0 totalement d\u00e9mesur\u00e9e\u00a0\u00bb, a estim\u00e9 Isabelle Praile, vice-pr\u00e9sidente de  l&rsquo;Ex\u00e9cutif des musulmans de Belgique, l&rsquo;organisme officiel belge\u00a0 repr\u00e9sentant la communaut\u00e9 musulmane. \u00a0\u00a0\u00a0 L&rsquo;Ex\u00e9cutif \u00ab\u00a0invite toutes les femmes brim\u00e9es \u00e0 explorer tous les\u00a0 recours l\u00e9gaux possibles\u00a0\u00bb pour contester le texte vot\u00e9 jeudi soir\u00a0 par les d\u00e9put\u00e9s belges. \u00a0\u00a0\u00a0 Sans gouvernement et plong\u00e9e dans une grave crise politique, la\u00a0 Belgique est n\u00e9anmoins devenue jeudi le premier pays occidental \u00e0\u00a0 interdire le port du voile islamique int\u00e9gral dans tout l&rsquo;espace\u00a0 public, avant la France qui pr\u00e9voit de pr\u00e9senter un texte en mai. \u00a0\u00a0\u00a0 Pour une fois unanimes, quelle que soit leur couleur politique\u00a0 ou leur appartenance linguistique, les d\u00e9put\u00e9s belges ont vot\u00e9 par\u00a0 136 voix sur 138 d\u00e9put\u00e9s pr\u00e9sents un texte interdisant le port du\u00a0 voile int\u00e9gral, non seulement dans tous les services publics, mais\u00a0 aussi dans l&rsquo;int\u00e9gralit\u00e9 de l&rsquo;espace public y compris la rue. Il y a\u00a0 eu deux abstentions. \u00a0\u00a0\u00a0 Seules quelques dizaines de femmes, sur une communaut\u00e9 qui\u00a0 compte des centaines de milliers de musulmans en Belgique, sont\u00a0 concern\u00e9es par cette interdiction, d\u00e9nonce l&rsquo;Ex\u00e9cutif des musulmans\u00a0 de Belgique. \u00a0\u00a0\u00a0 Et si certaines femmes ont fait le choix de porter le voile\u00a0 int\u00e9gral, d&rsquo;autres auxquelles il a \u00e9t\u00e9 impos\u00e9 risquent de se\u00a0 retrouver confin\u00e9es chez elles, avait d\u00e9j\u00e0 d\u00e9nonc\u00e9 l&rsquo;Ex\u00e9cutif avant\u00a0 le vote du texte. \u00a0<\/div>\n<div align=\"justify\">\n<hr\/>\n<\/div>\n<div align=\"center\"><strong><\/p>\n<h3 style=\"color: blue;\"><font size=\"3\">France\/interdiction du voile int\u00e9gral: le loi pr\u00e9voit amendes et prison<\/font><\/h3>\n<p><\/strong><\/div>\n<div align=\"center\">\n<hr\/>\n<\/div>\n<div align=\"justify\"> AFP, le 30 avril 2010 \u00e0 13h30  \u00a0\u00a0\u00a0 PARIS, 30 avr 2010 (AFP) &#8211; PARIS &#8211; Le projet de loi sur l&rsquo;interdiction totale du voile islamique int\u00e9gral en France pr\u00e9voit une amende de 150 euros pour toute personne portant \u00ab\u00a0une tenue destin\u00e9e \u00e0 dissimuler son visage\u00a0\u00bb et une peine de prison contre ceux qui l&rsquo;imposeraient \u00e0 une femme. Selon le journal Le Figaro, qui publie vendredi des extraits du projet, le texte ne mentionne pas sp\u00e9cifiquement le voile int\u00e9gral, mais stipule dans son article 1 que \u00ab\u00a0nul ne peut dans l&rsquo;espace public porter une tenue destin\u00e9e \u00e0 dissimuler son visage\u00a0\u00bb, sous peine d&rsquo;encourir une amende de 150 euros ou \u00ab\u00a0\u00e0 titre de peine alternative ou compl\u00e9mentaire, un stage de citoyennet\u00e9\u00a0\u00bb. L&rsquo;article 2 cr\u00e9e un nouveau d\u00e9lit, relatif aux atteintes \u00e0 la dignit\u00e9 de la personne, d'\u00a0\u00bbinstigation \u00e0 dissimuler son visage en raison de son sexe\u00a0\u00bb. Imposer une telle tenue par \u00ab\u00a0la violence, la menace, l&rsquo;abus de pouvoir ou d&rsquo;autorit\u00e9 sera puni d&rsquo;un an de prison et de 15.000 euros d&rsquo;amende\u00a0\u00bb.  Ce projet de loi, port\u00e9 par la ministre fran\u00e7aise de la Justice Mich\u00e8le Alliot-Marie, doit \u00eatre transmis au Conseil d&rsquo;Etat, plus haute juridiction administrative fran\u00e7aise, pour avis avant son examen en Conseil des ministres le 19 mai, puis \u00e0 l&rsquo;Assembl\u00e9e nationale en juillet. Le port du voile islamique int\u00e9gral &#8212; burqa ou niqab &#8212; concerne moins de 2.000 femmes en France, selon les autorit\u00e9s. Son interdiction a fait l&rsquo;objet d&rsquo;un vif d\u00e9bat dans le pays depuis des mois, suscitant un sentiment d&rsquo;exasp\u00e9ration chez certains musulmans et les critiques de l&rsquo;opposition, qui a d\u00e9nonc\u00e9 un risque de stigmatisation des 5 \u00e0 6 millions de musulmans vivant en France. \u00ab\u00a0La r\u00e9daction du texte n&rsquo;est pas compl\u00e8tement termin\u00e9e, il y encore des ajustements \u00e0 faire et la Garde des Sceaux (ministre de la Justice) y travaille\u00a0\u00bb, a indiqu\u00e9 \u00e0 l&rsquo;AFP le minist\u00e8re. Cherchant \u00e0 obtenir le plus large consensus possible, le gouvernement a indiqu\u00e9 qu&rsquo;il souhaitait avant la mise en application du texte \u00ab\u00a0une phase\u00a0\u00bb de p\u00e9dagogie, afin d&rsquo;essayer de faire en sorte que les femmes concern\u00e9es \u00ab\u00a0renoncent d&rsquo;elles-m\u00eames \u00e0 porter le voile int\u00e9gral\u00a0\u00bb. Le bannissement total du voile int\u00e9gral de l&rsquo;espace public a \u00e9t\u00e9 d\u00e9cid\u00e9 par le pr\u00e9sident Nicolas Sarkozy, alors m\u00eame que fin mars, le Conseil d&rsquo;Etat avait pr\u00e9venu qu&rsquo;une interdiction g\u00e9n\u00e9rale pourrait \u00eatre contest\u00e9e, jugeant qu&rsquo;elle \u00ab\u00a0ne pourrait trouver aucun fondement juridique incontestable\u00a0\u00bb. En d\u00e9but de semaine, la premi\u00e8re secr\u00e9taire du Parti socialiste, Martine Aubry, avait d\u00e9clar\u00e9 que les socialistes ne seraient favorables \u00e0 une loi que si elle reprenait l&rsquo;avis du Conseil d&rsquo;Etat et \u00e0 condition qu&rsquo;elle soit \u00ab\u00a0efficace, non stigmatisante et constitutionnelle\u00a0\u00bb. Cette question ne fait pas l&rsquo;unanimit\u00e9 au sein de l&rsquo;opposition socialiste, certains appelant \u00e0 voter contre loi jug\u00e9e \u00ab\u00a0inapplicable\u00a0\u00bb, tandis que d&rsquo;autres, minoritaires, sont pour et pr\u00eats \u00e0 voter le projet de loi du gouvernement. \u00a0<\/div>\n<div align=\"justify\">\n<hr\/>\n<\/div>\n<div align=\"center\"><strong><\/p>\n<h3 style=\"color: blue;\"><font size=\"3\">Interdiction du voile int\u00e9gral: De Villepin \u00e9voque un \u00ab\u00a0consensus national\u00a0\u00bb<\/font><\/h3>\n<p><\/strong><\/div>\n<div align=\"center\">\n<hr\/>\n<\/div>\n<div align=\"justify\"> AFP, le 29 avril 2010 \u00e0 20h48  YASMINE HAMMAMET (Tunisie), 29 avr 2010 (AFP) &#8211; L&rsquo;ancien premier ministre fran\u00e7ais Dominique de Villepin, en visite jeudi en Tunisie, a affirm\u00e9 que le projet de loi prohibant le voile islamique int\u00e9gral dans l&rsquo;espace public \u00e9tait l&rsquo;objet d&rsquo;un \u00ab\u00a0consensus national\u00a0\u00bb. Il a cependant mis en garde contre le \u00ab\u00a0pi\u00e8ge d&rsquo;une instrumentalisation\u00a0\u00bb. \u00ab\u00a0Il y a aujourd&rsquo;hui un consensus sur l&rsquo;ensemble des Fran\u00e7ais pour qu&rsquo;une loi ou une r\u00e9glementation soit adopt\u00e9e dans les services publics\u00a0\u00bb, a-t-il plaid\u00e9 en r\u00e9ponse \u00e0 une question sur le risque de stigmatisation pour les musulmans. \u00ab\u00a0Je suis heureux de voir que la d\u00e9cision a \u00e9t\u00e9 prise de donner du temps au d\u00e9bat au sein des assembl\u00e9es, nous avons besoin de temps pour trouver la solution qui permettra de rassembler tr\u00e8s largement la place politique et les Fran\u00e7ais\u00a0\u00bb, a poursuivi M. De Villepin. Il a cependant mis en garde contre le risque de d\u00e9rapage et \u00e9voqu\u00e9 \u00ab\u00a0en exemple\u00a0\u00bb la loi adopt\u00e9e sous Jacques Chirac sur l&rsquo;interdiction du voile et des signes religieux distinctifs \u00e0 l&rsquo;\u00e9cole. Selon lui, le d\u00e9fi \u00e0 travers le d\u00e9bat actuel en France sur le voile int\u00e9gral est d'\u00a0\u00bbarriver \u00e0 une sortie du pi\u00e8ge de l&rsquo;instrumentalisation et de l&rsquo;interpr\u00e9tation religieuse et confessionnelle\u00a0\u00bb. \u00ab\u00a0Evitons d&rsquo;en faire un d\u00e9bat autour de la religion, \u00e9vitons de se donner le sentiment de l&rsquo;instrumentalisation!\u00a0\u00bb, a-t-il lanc\u00e9, soulignant \u00ab\u00a0l&rsquo;exigence de temps et de consensus sur des questions, qui sont d&rsquo;int\u00e9r\u00eat national mais qui d\u00e9passent de loin, de par l&rsquo;\u00e9cho qu&rsquo;elles ont, le seul cadre national\u00a0\u00bb. \u00ab\u00a0Plus nous sommes dans une situation difficile, plus il y a la m\u00e9connaissance de l&rsquo;autre, de l&rsquo;\u00e9tranger, de l&rsquo;immigr\u00e9, plus le risque de d\u00e9rapage est susceptible de s&rsquo;accro\u00eetre\u00a0\u00bb, a-t-il averti. Le pr\u00e9sident Nicolas Sarkozy s&rsquo;est prononc\u00e9 pour un projet de loi interdisant le voile int\u00e9gral qui sera examin\u00e9 en Conseil des ministres le 19 mai avant d&rsquo;\u00eatre renvoy\u00e9 \u00e0 l&rsquo;Assembl\u00e9e nationale en juillet. M. De Villepin, qui s&rsquo;appr\u00eate \u00e0 lancer un parti politique en juin, \u00e9tait jeudi l&rsquo;invit\u00e9 d&rsquo;un forum international sur le partenariat entre l&rsquo;Europe, le Maghreb et l&rsquo;Afrique, \u00e0 l&rsquo;initiative du magazine francophone tunisois R\u00e9alit\u00e9s. AFP \u00a0<\/div>\n<div align=\"justify\"><strong><font size=\"3\"><\/p>\n<hr\/>\n<p><\/font><\/strong><\/div>\n<div align=\"center\"><strong><\/p>\n<h4 style=\"color: blue;\"><font size=\"3\">Voile int\u00e9gral : Dominique de Villepin pr\u00f4ne la vigilance<\/font><\/h4>\n<p><\/strong><\/div>\n<div align=\"center\">\n<hr\/>\n<\/div>\n<div align=\"justify\"> Associated Press, le 30 avril 2010 \u00e0 01h35  HAMMAMET, Tunisie (AP) &#8211;En visite en Tunisie, l&rsquo;ancien Premier ministre fran\u00e7ais Dominique de Villepin, a pr\u00f4n\u00e9 jeudi la vigilance au sujet du d\u00e9bat sur le voile int\u00e9gral islamique, en mettant en garde contre \u00ab\u00a0le pi\u00e8ge de l&rsquo;instrumentalisation\u00a0\u00bb et le \u00ab\u00a0risque de d\u00e9rapage\u00a0\u00bb.  Interrog\u00e9 \u00e0 ce sujet lors d&rsquo;un forum international organis\u00e9 \u00e0 Hammamet, une station baln\u00e9aire \u00e0 70 km de Tunis, par l&rsquo;hebdomadaire tunisien \u00ab\u00a0R\u00e9alit\u00e9s\u00a0\u00bb sur le th\u00e8me \u00ab\u00a0l&rsquo;Europe, le Maghreb et l&rsquo;Afrique: pour un nouveau partenariat global\u00a0\u00bb, il a mis l&rsquo;accent sur le \u00ab\u00a0besoin de temps pour trouver la solution qui permettra de rassembler la classe politique et les Fran\u00e7ais\u00a0\u00bb. \u00ab\u00a0Plus nous sommes dans une situation difficile, plus il y a la m\u00e9connaissance de l&rsquo;autre, de l&rsquo;\u00e9tranger, de l&rsquo;immigr\u00e9, plus le risque de d\u00e9rapage, le risque de d\u00e9rive, est susceptible de s&rsquo;accro\u00eetre\u00a0\u00bb, a-t-il analys\u00e9 en soulignant l&rsquo;imp\u00e9ratif d&rsquo;\u00eatre \u00ab\u00a0encore plus vigilants\u00a0\u00bb. Tout en notant que le projet de loi interdisant le voile islamique int\u00e9gral dans les espaces publics faisait l&rsquo;objet d&rsquo;un \u00ab\u00a0consensus national\u00a0\u00bb, il s&rsquo;est dit \u00ab\u00a0heureux de voir que la d\u00e9cision a \u00e9t\u00e9 prise de donner du temps au d\u00e9bat au sein des assembl\u00e9es\u00a0\u00bb. Le d\u00e9fi, selon lui, est \u00ab\u00a0d&rsquo;arriver \u00e0 une sortie du pi\u00e8ge de l&rsquo;instrumentalisation et de l&rsquo;interpr\u00e9tation religieuse et confessionnelle\u00a0\u00bb. Il sugg\u00e8re, \u00e0 cet effet, \u00ab\u00a0d&rsquo;\u00e9viter d&rsquo;en faire un d\u00e9bat autour de la religion\u00a0\u00bb, en insistant sur \u00ab\u00a0l&rsquo;exigence de temps et de consensus\u00a0\u00bb sur des questions qui \u00ab\u00a0d\u00e9passent de loin, de par les \u00e9chos qu&rsquo;elles ont, le seul cadre national\u00a0\u00bb. AP \u00a0<\/div>\n<div align=\"justify\">\n<hr\/>\n<\/div>\n<div align=\"center\"><strong><\/p>\n<h4 style=\"color: blue;\"><font size=\"3\">De la burqa \u00e0 la polygamie, les musulmans de France exasp\u00e9r\u00e9s<\/font><\/h4>\n<p><\/strong><\/div>\n<div align=\"center\">\n<hr\/>\n<\/div>\n<div align=\"justify\">AFP, le 30 avril 2010 \u00e0 10h06 Par Ga\u00ebl COGNE PARIS, 30 avr 2010 (AFP) &#8211; D\u00e9bat sur l&rsquo;identit\u00e9 nationale et l&rsquo;immigration, interdiction de la burqa et d\u00e9sormais polygamie: l&rsquo;islam est depuis six mois au coeur du d\u00e9bat public en France, suscitant chez les musulmans un sentiment d&rsquo;\u00eatre stigmatis\u00e9s et m\u00eame leur exasp\u00e9ration. \u00ab\u00a0C&rsquo;est de plus en plus dur. C&rsquo;est comme si les gens avaient quelque chose dans le coeur contre nous depuis longtemps et maintenant que les hommes politiques le disent, ils se l\u00e2chent\u00a0\u00bb, regrette Mamadou Alpha Diallo, 73 ans, devant une mosqu\u00e9e parisienne. Le gouvernement de droite du pr\u00e9sident Nicolas Sarkozy pr\u00e9sentera d&rsquo;ici juillet au Parlement une loi pour interdire dans l&rsquo;espace public le voile islamique int\u00e9gral, burqa et niqab. Et il saisit chaque occasion pour exprimer son opposition \u00e0 toute manifestation d&rsquo;un islam radical, qu&rsquo;il juge contraire au principe de la\u00efcit\u00e9. Le voile int\u00e9gral \u00ab\u00a0c&rsquo;est tr\u00e8s marginal\u00a0\u00bb, affirme Amar Lasfar, recteur d&rsquo;une mosqu\u00e9e de Lille (nord), \u00ab\u00a0et pourtant, on focalise, ici en France, l\u00e0-dessus comme si c&rsquo;\u00e9tait le probl\u00e8me num\u00e9ro un des musulmans et de la soci\u00e9t\u00e9\u00a0\u00bb. Selon des statistiques officielles, il concerne moins de 2.000 femmes environ en France. \u00ab\u00a0On a l&rsquo;impression que l&rsquo;on trouve des personnes qui portent la burqa \u00e0 tous les coins de rue. Les gens en parlent beaucoup. Il y a un sentiment d&rsquo;exasp\u00e9ration parmi les musulmans. Il y a un cri: +laissez-nous en paix!+.\u00a0\u00bb Le d\u00e9bat s&rsquo;est encore envenim\u00e9 le week-end dernier apr\u00e8s qu&rsquo;une femme eut \u00e9t\u00e9 verbalis\u00e9e \u00e0 Nantes (ouest) car elle portait un niqab au volant. L&rsquo;affaire, tr\u00e8s m\u00e9diatis\u00e9e, s&rsquo;est ensuite focalis\u00e9e sur son mari, pr\u00e9sum\u00e9 polygame et membre d&rsquo;un groupe radical musulman, selon le minist\u00e8re de l&rsquo;Int\u00e9rieur qui a menac\u00e9 de lui retirer sa nationalit\u00e9 fran\u00e7aise. \u00ab\u00a0Des \u00e9piph\u00e9nom\u00e8nes deviennent des faits de soci\u00e9t\u00e9. (&#8230;) La recherche de bouc \u00e9missaire n&rsquo;est bonne pour personne\u00a0\u00bb, d\u00e9plore le politologue Rachid Benzine. Les responsables de la communaut\u00e9 musulmane -5 \u00e0 6 millions de personnes en France- craignent les cons\u00e9quences de cette surm\u00e9diatisation. Ils remarquent par exemple qu&rsquo;une mosqu\u00e9e d&rsquo;Istres (sud-est) a \u00e9t\u00e9 vis\u00e9e par un mitraillage, dans la nuit de samedi \u00e0 dimanche. \u00ab\u00a0Les gens sont inquiets par rapport \u00e0 ce traitement politique et m\u00e9diatique des choses. Il y a (&#8230;) une certaine peur de r\u00e9actions disproportionn\u00e9es dans un climat o\u00f9 l&rsquo;on sent une certaine hostilit\u00e9\u00a0\u00bb, indique Ahmed Jaballah, directeur d&rsquo;un institut qui forme des cadres de l&rsquo;islam en r\u00e9gion parisienne. Ce risque de stigmatisation des musulmans a \u00e9t\u00e9 d\u00e9nonc\u00e9 par des responsables de l&rsquo;opposition et par certains dirigeants de la majorit\u00e9 de droite. Ils ont estim\u00e9 en particulier que le large d\u00e9bat sur l&rsquo;identit\u00e9 nationale &#8211;le sentiment d&rsquo;appartenance \u00e0 la nation&#8211; lanc\u00e9 en novembre par le gouvernement \u00e9tait porteur de d\u00e9rapages et de frictions entre les communaut\u00e9s. \u00ab\u00a0Des gens qui n&rsquo;ont pas beaucoup de rapport avec la pratique du culte musulman se sentent (&#8230;) point\u00e9s du doigt et vivent tr\u00e8s tr\u00e8s mal ces d\u00e9bats sur l&rsquo;islam\u00a0\u00bb, regrette Azzedine Gaci, recteur \u00e0 Villeurbanne (centre-est). Des intellectuels musulmans d\u00e9noncent une perception qui assimilerait l&rsquo;islam de France \u00e0 une approche radicale de la religion et \u00e0 de petits groupes plus ou moins extr\u00e9mistes. Dounia Bouzar, anthropologue, affirme que les discours politiques valident cette vision. \u00ab\u00a0Comme si l&rsquo;Islam correspondait \u00e0 ces groupuscules\u00a0\u00bb, dit-elle. Elle estime que la communaut\u00e9 a le \u00ab\u00a0sentiment qu&rsquo;on fait le proc\u00e8s de l&rsquo;islam\u00a0\u00bb. \u00ab\u00a0C&rsquo;est ce que les groupuscules voulaient (&#8230;): cr\u00e9er une s\u00e9paration entre les citoyens fran\u00e7ais autour de la question de l&rsquo;islam. Les politiques sont tomb\u00e9s dans le pi\u00e8ge\u00a0\u00bb, d\u00e9plore-t-elle. \u00a0<\/div>\n<div align=\"justify\">\n<hr\/>\n<\/div>\n<div align=\"center\"><strong><\/p>\n<h4 style=\"color: blue;\"><font size=\"3\">Turquie: le Parlement adopte en 1\u00e8re lecture un projet de r\u00e9vision de la constitution<\/font><\/h4>\n<p><\/strong><\/div>\n<div align=\"justify\">\n<hr\/>\n<p> AFP, le 29 avril 2010 \u00e0 08h45  Ankara (afp) Le Parlement turc a adopt\u00e9 dans la nuit de mercredi \u00e0 jeudi en premi\u00e8re lecture un projet de r\u00e9vision constitutionnelle d\u00e9pos\u00e9 par l&rsquo;AKP, le parti au pouvoir issu de la mouvance islamiste. Cette r\u00e9vision vise \u00e0 r\u00e9duire les pouvoirs des hautes instances judiciaires, hostiles au gouvernement. Apr\u00e8s dix jours de d\u00e9bats-marathon sous haute tension, le paquet d&rsquo;amendements dont l&rsquo;article cl\u00e9 r\u00e9duit les pr\u00e9rogatives de la haute magistrature, bastion de la la\u00efcit\u00e9, n&rsquo;a toutefois pas re\u00e7u le soutien de 367 d\u00e9put\u00e9s, soit la majorit\u00e9 des deux-tiers requise pour l&rsquo;adoption d\u00e9finitive d&rsquo;une modification constitutionnelle sans r\u00e9f\u00e9rendum. Le Parlement compte 550 d\u00e9put\u00e9s dont 336 de l&rsquo;AKP (Parti de la justice et du d\u00e9veloppement). En revanche, tous les 27 articles ont obtenu au moins 330 voix, ce qui leur permet de pr\u00e9tendre \u00e0 \u00eatre confirm\u00e9s par un r\u00e9f\u00e9rendum. Un deuxi\u00e8me tour de vote est pr\u00e9vu \u00e0 partir de dimanche, qui devrait durer trois \u00e0 quatre jours. Puis la loi sera soumise au pr\u00e9sident de la R\u00e9publique Abdullah G\u00fcl qui devrait l&rsquo;approuver puis convoquer un r\u00e9f\u00e9rendum. Vives critiques La hi\u00e9rarchie judiciaire et l&rsquo;opposition ont violemment critiqu\u00e9 le projet et d\u00e9nonc\u00e9 une volont\u00e9 de l&rsquo;AKP de mettre la main sur le pouvoir judiciaire. Le principal parti d&rsquo;opposition s&rsquo;est dit pr\u00eat \u00e0 d\u00e9poser un recours devant la Cour constitutionnelle pour r\u00e9clamer l&rsquo;annulation du projet, une fois qu&rsquo;il aura \u00e9t\u00e9 approuv\u00e9 par le chef de l&rsquo;Etat. Le texte pr\u00e9voit aussi de ne plus laisser \u00e0 la seule initiative de la justice la dissolution des partis, dont l&rsquo;AKP a failli \u00eatre victime en 2008 pour \u00ab\u00a0activit\u00e9s anti-la\u00efques\u00a0\u00bb. L&rsquo;AKP assure que cette r\u00e9vision doit aligner la Constitution sur les normes europ\u00e9ennes et am\u00e9liorer ainsi les chances du pays dans sa volont\u00e9 de candidature \u00e0 l&rsquo;Union europ\u00e9enne. L&rsquo;UE a d&rsquo;ailleurs salu\u00e9 la d\u00e9cision du parti gouvernemental turc de pr\u00e9senter un projet de r\u00e9vision de la Constitution. D&rsquo;autres dispositions secondaires du projet concernent les droits des femmes et des enfants et le renforcement des garanties syndicales. AFP \u00a0<\/p><\/div>\n<div align=\"justify\">\n<hr\/>\n<\/div>\n<div align=\"center\"><strong><\/p>\n<h4 style=\"color: blue;\"><font size=\"3\">Projet de complot contre le gouvernement turc: 7 suspects seront jug\u00e9s<\/font><\/h4>\n<p><\/strong><\/div>\n<div align=\"justify\">\n<hr\/>\n<p> AFP, le 29 avril 2010 \u00e0 19h16  ISTANBUL, 29 avr 2010 (AFP) &#8211; ISTANBUL &#8211; Sept suspects, dont un ancien maire d&rsquo;Istanbul et un colonel d&rsquo;active, seront jug\u00e9s \u00e0 partir de juin pour r\u00e9pondre d&rsquo;un projet de conspiration contre le gouvernement turc, parmi plusieurs autres complots d\u00e9j\u00e0 devant la justice, selon des documents judiciaires rendus publics jeudi. Le tribunal charg\u00e9 de cette affaire a en outre \u00e9mis un mandat d&rsquo;arr\u00eat contre l&rsquo;un des principaux suspects, le colonel de marine Dursun Ci\u00e7ek, accus\u00e9 d&rsquo;avoir pr\u00e9par\u00e9 l&rsquo;an dernier un document secret d\u00e9taillant ce plan de d\u00e9stabilisation du gouvernement islamo-conservateur. Le projet baptis\u00e9 \u00ab\u00a0plan d&rsquo;action contre les forces r\u00e9actionnaires\u00a0\u00bb aurait \u00e9t\u00e9 r\u00e9dig\u00e9 par cet officier travaillant alors \u00e0 l&rsquo;\u00e9tat-major et pr\u00e9voyait de lancer de fausses accusations contre le Parti de la justice et du d\u00e9veloppement (AKP), au pouvoir, pour le discr\u00e9diter aux yeux de l&rsquo;opinion et entra\u00eener la chute du gouvernement. Le m\u00eame officier de marine avait d\u00e9j\u00e0 \u00e9t\u00e9 arr\u00eat\u00e9 une premi\u00e8re fois l&rsquo;\u00e9t\u00e9 dernier avant d&rsquo;\u00eatre rapidement remis en libert\u00e9. L&rsquo;acte d&rsquo;accusation pr\u00e9sente comme le cerveau du plan Bedrettin Dalan, un ancien maire d&rsquo;Istanbul et fondateur d&rsquo;un \u00e9tablissement universitaire respect\u00e9 dans cette m\u00e9tropole, actuellement en fuite \u00e0 l&rsquo;\u00e9tranger. Il aurait, selon l&rsquo;accusation, cherch\u00e9 \u00e0 diriger un nouveau gouvernement, une fois l&rsquo;AKP \u00e9loign\u00e9 du pouvoir. Le proc\u00e8s s&rsquo;ouvrira le 28 juin \u00e0 Istanbul. Le parquet r\u00e9clame la prison \u00e0 vie pour MM. Dalan et Ci\u00e7ek et jusqu&rsquo;\u00e0 pr\u00e8s de 60 ans d&#8217;emprisonnement pour les cinq autres suspects accus\u00e9s de \u00ab\u00a0tentative de renversement du gouvernement\u00a0\u00bb notamment, pr\u00e9cise l&rsquo;agence de presse Anatolie. Cette affaire fait suite \u00e0 pr\u00e8s d&rsquo;une dizaine d&rsquo;autres concernant des projets de conspiration dans les milieux militaires ou civils, visant, \u00e0 terme, \u00e0 renverser le gouvernement AKP. Les juges d\u00e9cideront ult\u00e9rieurement s&rsquo;il convient de lier ce complot pr\u00e9sum\u00e9 aux autres, en particulier \u00e0 l&rsquo;affaire Ergenekon, une n\u00e9buleuse politico-mafieuse dont pr\u00e8s de 200 suspects sont jug\u00e9s depuis 2008. Ces multiples enqu\u00eates ont suscit\u00e9 de vives tensions politiques et nombreux sont ceux qui affirment que le gouvernement, au pouvoir depuis 2002, en profite pour r\u00e9duire au silence l&rsquo;opposition la\u00efque, avec un projet \u00e0 plus long terme d&rsquo;islamisation politique du pays. \u00a0<\/p><\/div>\n<div align=\"justify\">\n<hr\/>\n<\/div>\n<div align=\"center\"><strong><\/p>\n<h4 style=\"color: blue;\"><font size=\"3\">La mortalit\u00e9 adulte r\u00e9v\u00e8le des \u00e9carts en mati\u00e8re de sant\u00e9 dans le monde (\u00e9tude)<\/font><\/h4>\n<p><\/strong><\/div>\n<div align=\"justify\">\n<hr\/>\n<p> AFP, le 30 avril 2010 \u00e0 01h01  PARIS, 30 avr 2010 (AFP) &#8211; L&rsquo;\u00e9cart en mati\u00e8re de sant\u00e9 entre pays, ainsi qu&rsquo;entre hommes et femmes, se creuse dans le monde, selon une \u00e9tude sur la mortalit\u00e9 pr\u00e9matur\u00e9e adulte dans 187 pays,publi\u00e9e vendredi par la revue m\u00e9dicale britannique, The Lancet. L&rsquo;\u00e9tude am\u00e9ricaine, originale, estime la probabilit\u00e9 qu&rsquo;a unindividu qui vient d&rsquo;avoir 15 ans de mourir avant d&rsquo;atteindre 60 ans. Les risques de d\u00e9c\u00e8s pr\u00e9matur\u00e9s les plus bas dans cette tranche d&rsquo;\u00e2ge sont relev\u00e9s en Islande (pour les hommes) et \u00e0 Chypre (pour les femmes). Dans l&rsquo;ensemble, les progr\u00e8s sont surtout enregistr\u00e9s chez les femmes. En 40 ans, entre 1970 et 2010, la mortalit\u00e9 pr\u00e9matur\u00e9e adulte a diminu\u00e9 globalement de 34% chez les femmes et de 19% chez les hommes. L&rsquo;\u00e9cart entre les deux sexes s&rsquo;est creus\u00e9 de 27% durant cette p\u00e9riode. La France, qui se rangeait en 1990 parmi les meilleurs au monde pour son faible taux de mortalit\u00e9 f\u00e9minine pour les 15-59 ans, \u00e0 la 12e place, a recul\u00e9 \u00e0 la 23e place en 2010. La mortalit\u00e9 pr\u00e9matur\u00e9e masculine y reste parmi les plus \u00e9lev\u00e9es d&rsquo;Europe (34e place actuellement). Pour les deux sexes, elle fait moins bien que l&rsquo;Italie et l&rsquo;Espagne. Le score des Etats-Unis n&rsquo;est pas brillant : 34e en 1990 pour la mortalit\u00e9 f\u00e9minine et 41e pour la mortalit\u00e9 masculine, le pays passe 20 ans plus tard au 49e rang (femmes) et au 45e (hommes), derri\u00e8re l&rsquo;Europe de l&rsquo;Ouest et des pays comme le Chili, la Tunisie et l&rsquo;Albanie, et bien s\u00fbr loin derri\u00e8re le Canada. La Russie a d\u00e9gringol\u00e9 de la 43e place en 1970 pour la mortalit\u00e9 f\u00e9minine pr\u00e9matur\u00e9e \u00e0 la 121e. La Chine se range d\u00e9sormais au 72e rang (femmes) et au 59e (hommes). L&rsquo;Afrique australe a maintenant des taux de mortalit\u00e9 d\u00e9passant ceux de la de la Su\u00e8de en 1751. Seuls trois pays, la Su\u00e8de, les Pays-bas et la Norv\u00e8ge, ont maintenu leur rang dans le \u00ab\u00a0top ten\u00a0\u00bb des meilleurs pour leur faible mortalit\u00e9 masculine entre 1970 et 2010. Divers facteurs expliquent ces disparit\u00e9s dont le tabac et la progression de l&rsquo;hypertension et de l&rsquo;ob\u00e9sit\u00e9 dans les pays qui s&rsquo;enrichissent, ou encore le sida. Ce travail d\u00e9cisif, conduit par Christopher Murray (Seattle, IHME-Institut for Health Metrics and Evaluation), repose sur des indicateurs plus vari\u00e9s que ceux habituellement utilis\u00e9s. \u00ab\u00a0Seulement 26% de la population mondiale vit dans des pays poss\u00e9dant un \u00e9tat civil complet\u00a0\u00bb (naissances, d\u00e9c\u00e8s) et jusqu&rsquo;\u00e0 pr\u00e9sent la mortalit\u00e9 adulte n&rsquo;est souvent qu&rsquo;une forme d&rsquo;extrapolation \u00e0 partir de chiffres de la mortalit\u00e9 infantile, rel\u00e8vent des chercheurs japonais dans la revue. AFP<\/p><\/div>\n<div align=\"justify\">\n<hr\/>\n<\/div>\n<div align=\"center\"><strong><\/p>\n<h4 style=\"color: blue;\"><font size=\"3\">Le Liban sous le choc apr\u00e8s le lynchage d&rsquo;un meurtrier pr\u00e9sum\u00e9<\/font><\/h4>\n<p><\/strong><\/div>\n<div align=\"justify\">\n<hr\/>\n<p> AFP, le 30 avril 2010 \u00e0 16h16 Par Natacha YAZBECK \u00a0\u00a0\u00a0 KETERMAYA (Liban), 30 avr 2010 (AFP) &#8211; Le lynchage au Liban d&rsquo;un homme soup\u00e7onn\u00e9 du meurtre d&rsquo;un couple \u00e2g\u00e9 et de deux enfants par une foule d\u00e9cha\u00een\u00e9e qui l&rsquo;a tu\u00e9 avec une violence extr\u00eame sous les yeux des policiers a soulev\u00e9 une vague de condamnations dans le pays.  Mohammad Moslem, un Egyptien de 38 ans, a \u00e9t\u00e9 tu\u00e9 jeudi alors qu&rsquo;il arrivait sur les lieux de la reconstitution du meurtre du couple et de leurs deux petites-filles, \u00e2g\u00e9es de sept et neuf ans, retrouv\u00e9s poignard\u00e9s \u00e0 leur domicile mercredi \u00e0 Ketermaya (25 km au sud-est de Beyrouth). Des centaines de personnes ont tra\u00een\u00e9 le suspect hors de la voiture de police qui l&rsquo;avait transport\u00e9 sur place, selon des images vid\u00e9o diffus\u00e9espar les t\u00e9l\u00e9visions locales.Ils l&rsquo;ont ensuite d\u00e9nud\u00e9, ne lui laissant que son slip et ses chaussettes, puis se sont acharn\u00e9s sur lui, le poignardant et le frappant \u00e0 mort dans la place publique, en pr\u00e9sence de policiers impuissants. Des images crues montrent \u00e9galement comment la foule a ensuite pendu son corps sanguinolent \u00e0 un poteau \u00e9lectrique \u00e0 l&rsquo;aide d&rsquo;une corde et d&rsquo;un crochet de boucher, pendant pr\u00e8s d&rsquo;une demi-heure, au milieu des acclamations et des youyous des femmes. Beaucoup de badauds prenaient des photos avec leurs t\u00e9l\u00e9phones portables. \u00ab\u00a0Le temps de la barbarie\u00a0\u00bb, titrait vendredi le quotidien francophone\u00a0 L&rsquo;Orient-Le Jour. Le chef d&rsquo;Etat Michel Sleimane a condamn\u00e9 vendredi le lynchage, estimant que de tels actes \u00ab\u00a0ternissaient l&rsquo;image du Liban\u00a0\u00bb. \u00ab\u00a0Nous avons les noms d&rsquo;au moins dix personnes ayant particip\u00e9 \u00e0 ce crime horrible\u00a0\u00bb, a indiqu\u00e9 de son c\u00f4t\u00e9 le ministre de la Justice Ibrahim Najjar.   L&rsquo;Egyptien, arr\u00eat\u00e9 jeudi, \u00e9tait d\u00e9j\u00e0 soup\u00e7onn\u00e9 du viol d&rsquo;une fille de 13 ans dans cette m\u00eame localit\u00e9, selon un responsable des services de s\u00e9curit\u00e9 qui a requis l&rsquo;anonymat. Mercredi, \u00ab\u00a0il s&rsquo;est rendu chez Youssef Abou Merhi (75 ans) pour lui demander d&rsquo;intervenir aupr\u00e8s de la famille de la fille en vue de l&rsquo;\u00e9pouser\u00a0\u00bb, a indiqu\u00e9 cette source \u00e0 l&rsquo;AFP. Selon la loi libanaise, les poursuites contre un violeur cessent s&rsquo;il \u00e9pouse sa victime. Le septuag\u00e9naire a refus\u00e9, ce qui a pouss\u00e9 Mohammad Moslem \u00e0 le tuer ainsi que les trois autres membres de la famille. Les tests ADN ont prouv\u00e9 vendredi que le sang sur la chemise du meurtrier pr\u00e9sum\u00e9 et sur l&rsquo;arme du crime correspondait bien \u00e0 celui de deux victimes.\u00a0\u00bbOn referait la m\u00eame chose\u00a0\u00bb, assure un habitant de Ketermaya \u00e0 l&rsquo;AFP.\u00a0\u00bbA quoi vous attendez-vous lorsque la police am\u00e8ne le suspect au moment o\u00f9 les habitants attendaient le cort\u00e8ge fun\u00e8bre et bouillonnaient de rage?\u00a0\u00bb, demande un autre villageois sous couvert de l&rsquo;anonymat.  Des mesures disciplinaires ont \u00e9t\u00e9 prises \u00e0 l&rsquo;encontre d&rsquo;officiers en raison de \u00ab\u00a0leur mauvaise \u00e9valuation\u00a0\u00bb de la situation sur le terrain.\u00a0\u00bbCet acte barbare et sans pr\u00e9c\u00e9dent n&rsquo;est possible que dans des paysr\u00e9gis par la loi de la jungle\u00a0\u00bb, commente quotidien Al-Akhbar. \u00ab\u00a0La foule a tu\u00e9\u00a0 Mohammad Moslem et avec lui la justice, en pensant que justice est faite\u00a0\u00bb. \u00ab\u00a0Imaginez qu&rsquo;un autre crime se produise dans un autre village, les habitants vont-ils \u00e0 nouveau rendre justice eux-m\u00eames?\u00a0\u00bb, s&rsquo;interroge le\u00a0 responsable de s\u00e9curit\u00e9 sous couvert de l&rsquo;anonymat.   \u00ab\u00a0La vendetta est d\u00e9j\u00e0 ancr\u00e9e dans les milieux ruraux au Liban\u00a0\u00bb, affirme \u00e0 l&rsquo;AFP Melhem Chaoul, professeur de sociologie. \u00ab\u00a0Mais ce qui s&rsquo;est pass\u00e9 est une vengeance dans une situation de dissolution de l&rsquo;Etat de droit\u00a0\u00bb avec plusieurs crimes rest\u00e9s impunis depuis quelques ann\u00e9es. \u00ab\u00a0Les gens se disent +si l&rsquo;Etat ne peut pas ch\u00e2tier les coupables, nous ferons justice nous-m\u00eames+\u00a0\u00bb, ajoute-t-il. \u00ab\u00a0Le probl\u00e8me est qu&rsquo;avec \u00e7a,\u00a0 beaucoup d&rsquo;interdits tombent\u00a0\u00bb.<\/p><\/div>\n<\/div>\n<\/div>\n<p dir=\"ltr\">\u00a0<\/p>\n<\/div>\n<\/div>\n<\/div>\n<\/div>\n<\/div>\n<\/div>\n<p><\/font><\/div>\n<\/div>\n<\/div>\n<p align=\"center\" dir=\"ltr\">\n<h4 style=\"color: blue;\"><font face=\"Arial\" size=\"2\"><strong><b><a href=\"https:\/\/tunisnews.net\/ar\/\"><font face=\"Arial\"><span><font size=\"2\">Home<\/font><\/span><font size=\"2\"><span lang=\"FR-CH\"> &#8211; Accueil <\/span><span>&#8211; <\/span><\/font><\/font><span dir=\"rtl\" lang=\"AR-SA\"><font size=\"2\">\u0627\u0644\u0631\u0626\u064a\u0633\u064a\u0629<\/font><\/span><\/a><\/b><\/strong><\/font><\/h4>\n<\/p>\n<p align=\"center\" dir=\"ltr\">\u00a0<\/p>\n<p><\/body><\/body><\/html><\/p>","protected":false},"excerpt":{"rendered":"<p>Home &#8211; Accueil TUNISNEWS 9\u00a0\u00e8me ann\u00e9e,N\u00b0\u00a03629 du 30.04.2010 \u00a0archives :www.tunisnews.net\u00a0 FIDH-OMCT-REMDH: Lettre ouverte \u00e0 l\u2019occasion du\u00a0 Conseil d\u2019association UE-Tunisie Comit\u00e9 de soutien aux militants de l&rsquo;uget: Tunisie : non \u00e0 l\u2019acharnement\u00a0 pour la lib\u00e9ration de tous les \u00e9tudiants syndicalistes L&rsquo;Immigration Tunisienne Solidaire des Luttes Sociales, D\u00e9mocratiques et Anticoloniales AISPP: Proc\u00e8s du 29 avril Reporters sans [&hellip;]<\/p>\n","protected":false},"author":1,"featured_media":22040,"comment_status":"open","ping_status":"open","sticky":false,"template":"","format":"standard","meta":{"inline_featured_image":false,"site-sidebar-layout":"default","site-content-layout":"","ast-site-content-layout":"default","site-content-style":"default","site-sidebar-style":"default","ast-global-header-display":"","ast-banner-title-visibility":"","ast-main-header-display":"","ast-hfb-above-header-display":"","ast-hfb-below-header-display":"","ast-hfb-mobile-header-display":"","site-post-title":"","ast-breadcrumbs-content":"","ast-featured-img":"","footer-sml-layout":"","ast-disable-related-posts":"","theme-transparent-header-meta":"","adv-header-id-meta":"","stick-header-meta":"","header-above-stick-meta":"","header-main-stick-meta":"","header-below-stick-meta":"","astra-migrate-meta-layouts":"default","ast-page-background-enabled":"default","ast-page-background-meta":{"desktop":{"background-color":"","background-image":"","background-repeat":"repeat","background-position":"center center","background-size":"auto","background-attachment":"scroll","background-type":"","background-media":"","overlay-type":"","overlay-color":"","overlay-opacity":"","overlay-gradient":""},"tablet":{"background-color":"","background-image":"","background-repeat":"repeat","background-position":"center center","background-size":"auto","background-attachment":"scroll","background-type":"","background-media":"","overlay-type":"","overlay-color":"","overlay-opacity":"","overlay-gradient":""},"mobile":{"background-color":"","background-image":"","background-repeat":"repeat","background-position":"center center","background-size":"auto","background-attachment":"scroll","background-type":"","background-media":"","overlay-type":"","overlay-color":"","overlay-opacity":"","overlay-gradient":""}},"ast-content-background-meta":{"desktop":{"background-color":"var(--ast-global-color-5)","background-image":"","background-repeat":"repeat","background-position":"center center","background-size":"auto","background-attachment":"scroll","background-type":"","background-media":"","overlay-type":"","overlay-color":"","overlay-opacity":"","overlay-gradient":""},"tablet":{"background-color":"var(--ast-global-color-5)","background-image":"","background-repeat":"repeat","background-position":"center center","background-size":"auto","background-attachment":"scroll","background-type":"","background-media":"","overlay-type":"","overlay-color":"","overlay-opacity":"","overlay-gradient":""},"mobile":{"background-color":"var(--ast-global-color-5)","background-image":"","background-repeat":"repeat","background-position":"center center","background-size":"auto","background-attachment":"scroll","background-type":"","background-media":"","overlay-type":"","overlay-color":"","overlay-opacity":"","overlay-gradient":""}},"footnotes":""},"categories":[],"tags":[56,41,29],"class_list":["post-15814","post","type-post","status-publish","format-standard","has-post-thumbnail","hentry","tag-56","tag-41","tag-fr"],"_links":{"self":[{"href":"https:\/\/tunisnews.net\/ar\/wp-json\/wp\/v2\/posts\/15814","targetHints":{"allow":["GET"]}}],"collection":[{"href":"https:\/\/tunisnews.net\/ar\/wp-json\/wp\/v2\/posts"}],"about":[{"href":"https:\/\/tunisnews.net\/ar\/wp-json\/wp\/v2\/types\/post"}],"author":[{"embeddable":true,"href":"https:\/\/tunisnews.net\/ar\/wp-json\/wp\/v2\/users\/1"}],"replies":[{"embeddable":true,"href":"https:\/\/tunisnews.net\/ar\/wp-json\/wp\/v2\/comments?post=15814"}],"version-history":[{"count":0,"href":"https:\/\/tunisnews.net\/ar\/wp-json\/wp\/v2\/posts\/15814\/revisions"}],"wp:featuredmedia":[{"embeddable":true,"href":"https:\/\/tunisnews.net\/ar\/wp-json\/wp\/v2\/media\/22040"}],"wp:attachment":[{"href":"https:\/\/tunisnews.net\/ar\/wp-json\/wp\/v2\/media?parent=15814"}],"wp:term":[{"taxonomy":"category","embeddable":true,"href":"https:\/\/tunisnews.net\/ar\/wp-json\/wp\/v2\/categories?post=15814"},{"taxonomy":"post_tag","embeddable":true,"href":"https:\/\/tunisnews.net\/ar\/wp-json\/wp\/v2\/tags?post=15814"}],"curies":[{"name":"wp","href":"https:\/\/api.w.org\/{rel}","templated":true}]}}