{"id":15781,"date":"2007-04-29T00:00:00","date_gmt":"2007-04-29T00:00:00","guid":{"rendered":"https:\/\/tunisnews.net\/29-avril-2007\/"},"modified":"2007-04-29T00:00:00","modified_gmt":"2007-04-29T00:00:00","slug":"29-avril-2007","status":"publish","type":"post","link":"https:\/\/tunisnews.net\/ar\/29-avril-2007\/","title":{"rendered":"29 avril 2007"},"content":{"rendered":"<p><html><head><meta content=\"text\/html\" description=\"          Le 25 avril 2007, la quatri\u00e8me chambre criminelle du Tribunal de           Premi\u00e8re Instance de Tunis, pr\u00e9sid\u00e9e par la juge Nejoua Boulila, a           d\u00e9clar\u00e9 douze pr\u00e9venus coupables de \u00ab crimes terroristes \u00bb et les a           condamn\u00e9s \u00e0 des peines d\u2019emprisonnement allant de six mois \u00e0 quatre           ans.\" http-equiv=\"Content-Type\"\/><\/head><body><body style=\"text-align: justify\"><\/p>\n<p align=\"center\"><b><a href=\"https:\/\/tunisnews.net\/ar\/\"><font face=\"Arabic Transparent\"><span><font>Home<\/font><\/span><font><span lang=\"FR-CH\"> &#8211; Accueil <\/span><span>&#8211; <\/span><\/font><\/font><span dir=\"rtl\" lang=\"AR-SA\"><font>\u0627\u0644\u0631\u0626\u064a\u0633\u064a\u0629<\/font><\/span><\/a><\/b><\/p>\n<div> <font face=\"Arial\" size=\"2\">  <span lang=\"FR\"> <\/p>\n<div align=\"center\" dir=\"ltr\"> <font size=\"2\"> <span lang=\"SV\"> <strong>TUNISNEWS<\/strong><\/span> <\/font> <\/div>\n<div align=\"center\" dir=\"ltr\"> <strong><font size=\"2\">7\u00a0\u00e8me\u00a0ann\u00e9e, <span lang=\"FR\">N\u00b0\u00a02532     du 29.04.2007<\/span><\/font><\/strong><\/div>\n<p> <strong> <\/p>\n<div align=\"center\" dir=\"ltr\"> <b><span><blink> <font size=\"2\">\u00a0archives : <\/font><a href=\"\" target=\"_blank\" rel=\"noopener\"> <font size=\"2\" target=\"_blank\">www.tunisnews.net<\/font><\/a><\/blink><\/span><\/b><font size=\"2\"> <\/font><font> <span lang=\"FR\"><font size=\"3\"> <strong> <\/strong><\/font><\/span><\/font><\/div>\n<p> <\/strong><\/span><\/font> <\/p>\n<div>\n<p><font face=\"Times New Roman\"> <span lang=\"FR\"> <font><\/font><span> <\/p>\n<p><font> <\/p>\n<div align=\"left\" dir=\"ltr\"> <font><\/font> <font face=\"Arial\"> <\/p>\n<div>\n<hr\/><\/div>\n<div>\n<div align=\"left\">\n<p><font><strong>CNLT: Criminalisation des opinions au           nom de la lutte antiterroriste           <font>AISPP: Communiqu\u00e9<\/font>            V\u00e9rit\u00e9 \u2013 Action : Les livres interdits en Tunisie expos\u00e9s au Salon           International du Livre            <font>El Watan: La Tunisie, l\u2019immense prison<\/font>                     Yahyaoui Mokhtar: Piratage du site du Parti progressiste d\u00e9mocrate           pdpinfo.org           <font>Zizou from Djerba: Soir\u00e9e Gay et Trans \u00e0 Tunis<\/font>\u00a0                     Tunisiawatch: BATAM dispara\u00eet apr\u00e8s que sa faillite vient d\u2019\u00eatre           prononc\u00e9e           <font>Globalnet : Un joueur sang et or condamn\u00e9 \u00e0 6           mois de prison<\/font>            Le Temps : Affaire du policier accus\u00e9 d\u2019homicide volontaire :Acquittement           pour l\u00e9gitime d\u00e9fense           <font>La presse : 40e jour du d\u00e9c\u00e8s de Dali Jazi : Un           r\u00e9formateur n\u2019est plus<\/font><\/strong><\/font><\/p>\n<\/div>\n<div align=\"left\">\n<hr\/><\/div>\n<div align=\"center\"> <strong><font>Conseil National pour les Libert\u00e9s en           Tunisie                      <\/font><\/strong>Tunis, le 27 avril 2007           <strong><\/p>\n<h2 style=\"color: red;\"><font size=\"3\">Criminalisation des opinions au           nom de la lutte antiterroriste<\/font><\/h2>\n<p><\/strong><\/div>\n<div align=\"justify\">                     Le 25 avril 2007, la quatri\u00e8me chambre criminelle du Tribunal de           Premi\u00e8re Instance de Tunis, pr\u00e9sid\u00e9e par la juge Nejoua Boulila, a           d\u00e9clar\u00e9 douze pr\u00e9venus coupables de \u00ab crimes terroristes \u00bb et les a           condamn\u00e9s \u00e0 des peines d\u2019emprisonnement allant de six mois \u00e0 quatre           ans.<\/div>\n<div align=\"justify\">                     Ont \u00e9t\u00e9 condamn\u00e9s<\/div>\n<div align=\"justify\"> <strong>A quatre ans : Oualid Larabi, Salah Allouchi, Anouar Houichi,           Khaled Badi           A deux ans : Hamdi Bejaoui, Nabil Labidi, B\u00e9chir Mehnaoui, Yahya           Hakiri, Anis Ghanmi, Bassam Jeljeli, Mohammed Dhaouadi           A six mois : Bilel Yefreni<\/strong><\/div>\n<div align=\"justify\">                     Ils ont \u00e9t\u00e9 condamn\u00e9s \u00e0 une peine compl\u00e9mentaire de cinq ans de           contr\u00f4le administratif.<\/div>\n<div align=\"justify\">                     Les avocats ont indiqu\u00e9 que le dossier \u00e9tait vide de tout \u00e9l\u00e9ment           mat\u00e9riel pouvant constituer un indice de culpabilit\u00e9 et ont affirm\u00e9           qu\u2019il y avait eu montage par la d\u00e9cision de la chambre d\u2019accusation,           n\u00b010\/72265 du 30 mai 2005.<\/div>\n<div align=\"justify\">                     Cette d\u00e9cision est d\u00e9pourvue de toute motivation l\u00e9gale et rev\u00eat la           forme d\u2019une motion d\u2019accusation politique. Ainsi dans cette d\u00e9cision,           et dans la partie relative aux motivations pour d\u00e9f\u00e9rer les accus\u00e9s,           on lit que les relations qu\u2019ils ont entre eux ont pour pivot la           discussion sur les questions religieuses et dogmatiques et que ces           discussions ont fini par porter sur le combat et le jihad. On y lit           aussi que les accus\u00e9s avaient des relations avec d\u2019autres personnes,           poursuivies dans d\u2019autres affaires en cours d\u2019instruction, visant \u00e0           les int\u00e9grer dans un projet criminel. La d\u00e9fense s\u2019est pos\u00e9e la           question de savoir si une relation dont le pivot est la \u00ab discussion           \u00bb, en l\u2019absence d\u2019acte criminel et d\u2019organisation terroriste, ainsi           que des relations avec des personnes poursuivies dans d\u2019autres           affaires instruites, constituaient un \u00e9l\u00e9ment de culpabilit\u00e9,-sachant           qu\u2019ils n\u2019avaient pas encore \u00e9t\u00e9 jug\u00e9s ?<\/div>\n<div align=\"justify\">                     La d\u00e9fense a conclu devant la commission du tribunal \u00e0 la nullit\u00e9 des           proc\u00e9dures d\u2019arrestation et de poursuites, suite \u00e0 la falsification           des dates des proc\u00e8s verbaux et des t\u00e9moignages des accus\u00e9s soumis \u00e0           la torture par les agents de la police politique qui avaient proc\u00e9d\u00e9 \u00e0           leurs interrogatoires.<\/div>\n<div align=\"justify\">                     En d\u00e9pit du caract\u00e8re infond\u00e9 des assertions de culpabilit\u00e9, la           chambre a prononc\u00e9 un jugement concluant \u00e0 leur culpabilit\u00e9 et les           condamnant \u00e0 l\u2019emprisonnement et \u00e0 une peine de contr\u00f4le administratif           de cinq ans, en d\u2019autres termes \u00e0 les soumettre \u00e0 l\u2019expiration de leur           peine \u00e0 la police politique, qui leur imposera de se pr\u00e9senter           quotidiennement dans les postes de la S\u00fbret\u00e9 pour \u00e9marger dans des           registres sp\u00e9ciaux et sans que le rythme d\u2019\u00e9margement ne soit pr\u00e9cis\u00e9,           ce qui leur interdira le retour \u00e0 une vie normale et \u00e0 un emploi.<\/div>\n<div align=\"justify\">                     Le CNLT (\u2026)           <strong><font>Pour le Conseil           La Porte parole           Sihem Ben S\u00e9drine<\/font><\/strong><\/div>\n<div align=\"justify\"> <font>(Traduction d\u2019extraits, ni revue ni corrig\u00e9e par           les auteurs de la version en arabe, LT)<\/font><\/div>\n<div align=\"justify\">\n<hr\/><\/div>\n<div align=\"justify\"> <font> <\/p>\n<div align=\"center\"> <font face=\"Arial\" size=\"2\"><strong><font>Libert\u00e9             pour Ma\u00eetre Mohammed Abbou             Libert\u00e9 pour tous les prisonniers politiques<\/font><\/strong> <strong><font>Association Internationale de Soutien             aux Prisonniers Politiques<\/font><\/strong>             33 rue Mokhtar Atya, 1001, Tunis             Tel\/fax : 71 354 984             aispptunisie@yahoo.fr                          Tunis, le 27 avril 2007                          <strong><font size=\"3\">Communiqu\u00e9<\/font><\/strong> <\/font><\/div>\n<p>L\u2019AISPP informe que le prisonnier politique <strong> <font>Frej Ben Tahar Jami<\/font><\/strong> poursuit sa           gr\u00e8ve de la faim illimit\u00e9e commenc\u00e9e le 11 avril 2007 pour exiger sa           lib\u00e9ration et acc\u00e9der \u00e0 des soins. Il souffre de plusieurs maladies :           m\u00e9ningite, migraine, rhumatisme, pathologie intestinale, et gingivite           maintenant, l\u2019emp\u00eachant de manger.           Sa famille nous a dit qu\u2019il avait perdu beaucoup de poids \u00e0 cause de           sa maladie, puis de sa gr\u00e8ve de la faim.           Frej Ben Tahar Jami est actuellement incarc\u00e9r\u00e9 \u00e0 la prison de           Mornaguia. Il a pass\u00e9 dans les prisons tunisiennes plus de seize ans,           en vertu de plusieurs jugements prononc\u00e9s contre lui, le condamnant,           une fois cumul\u00e9s, \u00e0 trente huit ans d\u2019emprisonnement. Il fait partie           des victimes des jugements \u00e0 r\u00e9p\u00e9tition. Il a en effet \u00e9t\u00e9 condamn\u00e9 \u00e0           plusieurs reprises pour les m\u00eames faits.           L\u2019AISPP exige la lib\u00e9ration du prisonnier politique Frej Jami pour           qu\u2019il puisse suivre un traitement et recevoir les soins requis.           Le pr\u00e9sident de l\u2019Association           <strong><font>Ma\u00eetre Mohammed Nouri<\/font><\/strong> <font>(traduction ni revue ni corrig\u00e9e par les auteurs           de la version en arabe, LT)<\/font><\/p>\n<p><\/font><\/div>\n<div align=\"justify\">           \u00a0<\/div>\n<div align=\"justify\">\n<hr\/><\/div>\n<div align=\"center\"> <strong><\/p>\n<h2 style=\"color: red;\"><font size=\"3\">Les livres interdits en Tunisie           expos\u00e9s au Salon International du Livre<\/font><\/h2>\n<p><\/strong> <\/div>\n<div align=\"justify\">                     du 2 au 6 mai 2007 \u00e0 Geneva-Palexpo                      V\u00e9rit\u00e9-Action participera du 2 au 6 mai 2007 au Salon International du           livre de Gen\u00e8ve, l\u2019un des hauts lieux de la vie culturelle suisse et           genevoise, par un stand dans lequel elle exposera une s\u00e9lection de           livres interdits de publication ou de vente en Tunisie.<\/div>\n<div align=\"justify\">                     En exposant ces livres, V\u00e9rit\u00e9-Action a voulu rendre hommage et           apporter soutien \u00e0 celles et ceux qui se battent pour leur droit \u00e0           l\u2019expression libre, celles et ceux qui ont une approche critique des           choix politiques, \u00e9conomiques et sociaux du pouvoir en place.<\/div>\n<div align=\"justify\">                     Notre stand est le fruit d\u2019une volont\u00e9 de desserrer l\u2019\u00e9tau qui           condamne les \u00e9crivains, politologues, po\u00e8tes et romanciers \u00e0 l\u2019oubli           et les prive de parvenir \u00e0 leur public.            En mettant \u00e0 la disposition du public ces \u00ab Interdits \u00bb, V\u00e9rit\u00e9-Action           cherche \u00e0 :<\/div>\n<div align=\"justify\">                     Informer le large public du Salon sur la situation g\u00e9n\u00e9rale des droits           de l\u2019homme et des libert\u00e9s en Tunisie et les enjeux politiques,           \u00e9conomiques et sociaux qui en d\u00e9coulent.<\/div>\n<div align=\"justify\">                     Sensibiliser le public du Salon au m\u00e9rite qu\u2019ils en ont de pouvoir           tout acqu\u00e9rir sans craindre la censure ou les repr\u00e9sailles.<\/div>\n<div align=\"justify\">                     \u00a0D\u00e9noncer la mainmise polici\u00e8re sur l\u2019activit\u00e9 acad\u00e9mique, m\u00e9diatique           ou culturelle libre qui sert au dessus de tous les citoyens et           l\u2019int\u00e9r\u00eat de la patrie.<\/div>\n<div align=\"justify\">                     Soutenir les r\u00e9clamations l\u00e9gitimes des \u00e9crivains, po\u00e8tes, artistes,           chercheurs et politologues tendant \u00e0 modifier le cadre institutionnel           et l\u00e9gal tr\u00e8s r\u00e9pressif qui r\u00e9gie leur activit\u00e9.                      V\u00e9rit\u00e9-Action aura tout le plaisir de vous accueillir \u00e0 son stand et \u00e0           ses diverses activit\u00e9s annexes de m\u00eame qu\u2019\u00e0 participer aux activit\u00e9s           propos\u00e9es par les autres exposants pour faire de ce grand \u00e9v\u00e9nement           une vraie f\u00eate de la diversit\u00e9 culturelle comme il l\u2019a toujours \u00e9t\u00e9.                                <font>Le stand de V\u00e9rit\u00e9-Action au Salon de livre et           de la presse, Rue Machiavel 1, attend votre visite du 2 au 6 mai 2007.           <\/font>           Nous vous attendons nombreux !                      <font>Information pour la presse :           Safwa A\u00efssa, Pr\u00e9sidente de V\u00e9rit\u00e9-Action, au 079.703.26.11           <\/font>E-mail :          <a href=\"http:\/\/by119fd.bay119.hotmail.msn.com\/cgi-bin\/compose?mailto=1&amp;msg=59803B42-97DC-4011-A2F8-A31127D94BB2&amp;start=0&amp;len=513503&amp;src=&amp;type=x&amp;to=info@verite-action.org&amp;cc=&amp;bcc=&amp;subject=&amp;body=&amp;curmbox=00000000-0000-0000-0000-000000000001&amp;a=f6f72d2b81336d8cc84602aaf64fa963f41aa7bfb836aee86601e6143ee43d43\" target=\"_blank\" rel=\"noopener\">          info@verite-action.org<\/a><\/div>\n<div align=\"justify\"> <strong><font>(Source : le site de l\u2019ONG \u00ab V\u00e9rit\u00e9 \u2013           Action \u00bb, le 29 avril 2007)<\/font><\/strong>           Lien : http :\/\/www.verite-action.org\/comm\/salon_du_livre2007.html \u00a0<\/div>\n<div align=\"justify\">\n<hr\/><\/div>\n<div align=\"center\"> <strong><font>Violence aveugle pour une soci\u00e9t\u00e9 civile           au pas            <\/font><\/p>\n<h2 style=\"color: red;\"><font size=\"3\">La Tunisie, l\u2019immense prison<\/font><\/h2>\n<p><\/strong><font size=\"3\"> <\/font> <\/div>\n<div align=\"justify\"> <strong><font>Salima Tlem\u00e7ani<\/font><\/strong> <strong>Les affrontements entre un groupe islamiste arm\u00e9 et les forces           de s\u00e9curit\u00e9 tunisiennes au mois de d\u00e9cembre 2006 au sud de Tunis et le           black-out qui les a entour\u00e9s ont laiss\u00e9 libre cours \u00e0 la rumeur mais           \u00e9galement \u00e0 la manipulation de l\u2019information. Aucun d\u00e9tail sur           l\u2019offensive polici\u00e8re contre les deux refuges des terroristes n\u2019a \u00e9t\u00e9           divulgu\u00e9 par les autorit\u00e9s.<\/strong> <\/div>\n<div align=\"justify\">                     Tunis : De notre envoy\u00e9e sp\u00e9ciale        <\/div>\n<div align=\"justify\">                     Les rares d\u00e9clarations du ministre de l\u2019Int\u00e9rieur sont truff\u00e9es de           contradictions. Il aura fallu attendre une r\u00e9union du parti au pouvoir,           le RCD, pour que le m\u00eame ministre, apr\u00e8s dix jours de r\u00e9tention, se           d\u00e9cide enfin \u00e0 reconna\u00eetre que les terroristes \u00e9taient des salafistes           tunisiens qui voulaient \u00ab faire tomber le r\u00e9gime \u00bb et non pas, comme           annonc\u00e9 au d\u00e9but, attaquer des ambassades et des h\u00f4tels durant les           f\u00eates de fin d\u2019ann\u00e9e 2006. Le r\u00e9gime a \u00e9t\u00e9 surpris par l\u2019importance du           groupe, mais il ne voulait pas le reconna\u00eetre pour ne pas battre en           br\u00e8che cette image d\u2019une Tunisie paisible non concern\u00e9e par           l\u2019islamisme arm\u00e9. Au nom de la lutte antiterroriste et pour assurer           une p\u00e9rennit\u00e9 sans faille, le pouvoir fait main basse sur les deux           piliers d\u2019un Etat de droit : la justice et les m\u00e9dias. La presse est           r\u00e9duite au silence et les m\u00e9dias lourds sont devenus les porte-parole           du gouvernement. Les rares journaux qui accordent leurs colonnes \u00e0 la           voix de la contestation payent un lourd tribu. La derni\u00e8re victime du           r\u00e9gime est l\u2019hebdomadaire Al Maouqif, sous le coup d\u2019une menace de           disparition.        <\/div>\n<div align=\"justify\">                     Dans un pays o\u00f9 la libert\u00e9 d\u2019expression est totalement b\u00e2illonn\u00e9e, cet           hebdomadaire s\u2019est illustr\u00e9 par la couverture de la crise ayant           paralys\u00e9 l\u2019Association des magistrats tunisiens (AMT) en donnant la           parole aux juges r\u00e9prim\u00e9s par la chancellerie apr\u00e8s avoir d\u00e9nonc\u00e9 les           violations syst\u00e9matiques des libert\u00e9s fondamentales, conjugu\u00e9es aux           graves dysfonctionnements de la justice et la mise au pas des juges.           Le pouvoir et apr\u00e8s avoir fait \u00e9clater l\u2019organisation de l\u2019int\u00e9rieur,           pousse \u00e0 la cr\u00e9ation d\u2019un bureau parall\u00e8le et \u00e0 expurger tous les           contestataires pour faire main basse sur l\u2019Association. La crise           atteint son point culminant avec la publication d\u2019un communiqu\u00e9 du           bureau, d\u00e9non\u00e7ant l\u2019envahissement du tribunal de Tunis par des           policiers en civil, pour faire pression sur le juge qui instruisait           l\u2019affaire de l\u2019avocat Mohamed Abbou, fondateur de l\u2019association           internationale aux prisonniers politiques, arr\u00eat\u00e9 puis condamn\u00e9 \u00e0           trois ans de prison ferme pour avoir \u00e9crit un article sur un site web           consacr\u00e9 \u00e0 la torture en Tunisie.<\/div>\n<div align=\"justify\">                     Les magistrats proches du parti au pouvoir font tomber le rideau sur           la l\u00e9galit\u00e9 et prennent en main le bureau de l\u2019AMT. Le juge Mokhtar           Yahiaoui, ancien pr\u00e9sident du tribunal de grande instance de Tunis,           exc\u00e9d\u00e9 par la situation \u00ab catastrophique \u00bb de la justice, \u00e9crit une           lettre ouverte au chef de l\u2019Etat, Zine El Abidine Ben Ali. Dans cette           lettre, Yahiaoui \u00e9crit : \u00ab Les choses en sont arriv\u00e9es au point que           l\u2019autorit\u00e9 judiciaire et les magistrats ont \u00e9t\u00e9 d\u00e9poss\u00e9d\u00e9s de leurs           pr\u00e9rogatives constitutionnelles et qu\u2019ils ne sont plus \u00e0 m\u00eame           d\u2019assumer leurs responsabilit\u00e9s au service de la justice en tant           qu\u2019institution r\u00e9publicaine ind\u00e9pendante (&#8230;) Les juges sont frustr\u00e9s           et exasp\u00e9r\u00e9s par l\u2019obligation qui leur est faite de rendre des           verdicts qui leur sont dict\u00e9s par l\u2019autorit\u00e9 politique non           susceptibles de faire l\u2019objet d\u2019aucune prise de distances ou de           critiques. Cela aboutit \u00e0 des jugements qui ne refl\u00e8tent que           l\u2019interpr\u00e9tation que le pouvoir ex\u00e9cutif veut bien donner de la loi.           Soumis \u00e0 un harc\u00e8lement des plus contraignants, les magistrats n\u2019ont           plus aucune marge pour mener leur mission de fa\u00e7on \u00e9quitable. Trait\u00e9s           de haut, dans des conditions de peur, de suspicion, de d\u00e9lation, ils           sont confront\u00e9s \u00e0 des moyens d\u2019intimidation et de coercition qui           entravent leur volont\u00e9 et les emp\u00eachent d\u2019exprimer leurs v\u00e9ritables           convictions (&#8230;) La justice est soumise \u00e0 l\u2019implacable tutelle d\u2019une           cat\u00e9gorie d\u2019opportunistes et de courtisans parvenus \u00e0 constituer une           v\u00e9ritable justice parall\u00e8le qui se situe en dehors de la l\u00e9galit\u00e9 et           qui a accapar\u00e9 le Conseil national de la magistrature et la majorit\u00e9           des postes sensibles dans les diff\u00e9rents tribunaux (&#8230;) Ces           magistrats aux ordres font commerce de leur all\u00e9gation pour imposer           l\u2019esprit de d\u00e9pendance et de soumission contrecarrant toute id\u00e9e de           changement et d\u2019adaptation cr\u00e9atrice en s\u2019identifiant avec z\u00e8le au           r\u00e9gime politique en place&#8230; \u00bb        <\/div>\n<div align=\"justify\">                     Ces phrases provoquent un v\u00e9ritable s\u00e9isme. Apr\u00e8s avoir \u00e9t\u00e9 traduit           devant le conseil de discipline, le magistrat est r\u00e9voqu\u00e9 puis soumis           \u00e0 une r\u00e9pression aveugle. Il se retrouve au ch\u00f4mage et n\u2019a pu ouvrir           un cabinet d\u2019avocat. Avec quelques avocats, il fonde le Centre           tunisien pour l\u2019ind\u00e9pendance de la justice, dont il est nomm\u00e9           pr\u00e9sident d\u2019honneur. Les autorit\u00e9s lui refusent l\u2019agr\u00e9ment. Lors de           notre rencontre avec lui, Yahiaoui affirme qu\u2019en \u00e9crivant cette lettre           \u00e0 Ben Ali, \u00ab je ne pensais pas qu\u2019il pouvait \u00eatre contre           l\u2019ind\u00e9pendance de la justice. Je lui ai transmis le courrier en           respectant la voie hi\u00e9rarchique et 15 minutes apr\u00e8s c\u2019\u00e9tait un vrai           tremblement de terre qui a secou\u00e9 le tribunal de Tunis. Il y a eu une           grande solidarit\u00e9 interne et internationale. J\u2019ai appris ma r\u00e9vocation           par la presse et, \u00e0 ce jour, je n\u2019ai jamais re\u00e7u de notification. Mon           passeport m\u2019a \u00e9t\u00e9 confisqu\u00e9 et ma vie a bascul\u00e9. J\u2019ai ouvert un           cabinet d\u2019avocat mais les policiers arr\u00eatent toutes les personnes qui           viennent chercher apr\u00e8s moi dans le bureau. J\u2019ai \u00e9t\u00e9 expropri\u00e9 de mes           biens et \u00e0 ce jour je continue \u00e0 payer&#8230; \u00bb        <\/div>\n<div align=\"justify\">                     Yahiaoui rel\u00e8ve que le combat continue au sein de l\u2019AMT, puisque cinq           magistrats femmes du bureau, mut\u00e9es en dehors de Tunis, \u00e0 plus de 500           km, loin de leurs familles, pour avoir os\u00e9 exprimer leur avis,           viennent de rendre publique une d\u00e9claration expliquant le harc\u00e8lement           dont elles font l\u2019objet. Ces cinq magistrates affirment avoir fait           l\u2019objet de sanction du fait de leur activit\u00e9 au sein de l\u2019AMT et           surtout pour leur soutien apport\u00e9 au juge Yahiaoui. Ce dernier           poursuit son militantisme pour un Etat de droit au sein du Centre           tunisien de la r\u00e9forme de la justice, tout comme les nombreux avocats           membres du Conseil de l\u2019ordre tunisien et qui en font partie. Me           Abderrazak Kilani, premier responsable de l\u2019organisation, d\u00e9clare que           l\u2019assembl\u00e9e g\u00e9n\u00e9rale du Conseil (fin de mandat au mois de juin),           pr\u00e9vue au mois de juin 2007, reste compromise du fait de           l\u2019impossibilit\u00e9 de trouver une salle libre pour l\u2019accueillir.        <\/div>\n<div align=\"justify\">                     \u00ab Tous les h\u00f4tels que nous avons contact\u00e9s affichent complet pour tous           les mois \u00e0 venir. Le pouvoir ne veut pas que cette assembl\u00e9e se tienne,           parce qu\u2019il sait qu\u2019elle sera utilis\u00e9e comme une tribune pour d\u00e9noncer           les violations et les atteintes aux libert\u00e9s. Le r\u00e9gime veut r\u00e9cup\u00e9rer           le bureau, m\u00eame s\u2019il faut aller vers un putsch, comme cela a \u00e9t\u00e9 le           cas pour l\u2019AMT. Le conseil a refus\u00e9 que le nouveau institut des           avocats soit sous la tutelle du ministre de la Justice. Le ministre           veut en faire une institution publique, alors que nous voulions qu\u2019il           soit \u00e0 utilit\u00e9 publique. En d\u00e9pit de la protestation, la loi           concernant la cr\u00e9ation de l\u2019institut a \u00e9t\u00e9 adopt\u00e9e. Il devait \u00eatre           ouvert au mois de septembre 2006, mais ce ne fut pas le cas. L\u2019Union           europ\u00e9enne qui finance une partie de ce projet a bloqu\u00e9 les fonds. \u00bb           Me Kilani explique que la chancellerie veut \u00e0 tout prix avoir la           mainmise sur l\u2019institut pour pouvoir former les avocats \u00e0 sa solde.        <\/div>\n<div align=\"justify\"> <strong>L\u2019attentat manqu\u00e9 contre Leila Ben Ali<\/strong> <\/div>\n<div align=\"justify\">                     Me Mohamed Nouri, membre de l\u2019association de soutien aux d\u00e9tenus           politiques, estime que le pouvoir a besoin d\u2019une justice \u00e0 sa botte           pour mieux diriger le pays. Il explique que l\u2019adoption de la loi de \u00ab           coop\u00e9ration internationale en mati\u00e8re de lutte antiterroriste \u00bb viole           totalement les libert\u00e9s et transforme les Tunisiens en pr\u00e9sum\u00e9s           coupables. Pour \u00e9tayer ses propos, il rappelle l\u2019affaire des           affrontements entre les forces de s\u00e9curit\u00e9 et un groupe arm\u00e9 au sud de           Tunis en disant : \u00ab Le dossier judiciaire n\u2019a rien \u00e0 voir avec le           sc\u00e9nario que le r\u00e9gime veut faire avaler \u00e0 l\u2019opinion internationale.           L\u2019arr\u00eat du juge comporte des contradictions flagrantes et fait \u00e9tat de           l\u2019arrestation de 31 personnes, dont une bonne partie a \u00e9t\u00e9 interpell\u00e9e           avant les \u00e9v\u00e9nements. Avez-vous vu un pays o\u00f9 l\u2019on juge les intentions           ?        <\/div>\n<div align=\"justify\">                     Parmi les d\u00e9tenus, il y a m\u00eame un simple d\u2019esprit, un handicap\u00e9 moteur           et un aveugle. Comment peuvent-ils cr\u00e9er des maquis terroristes ? Dans           le dossier, il y a les 12 noms des pr\u00e9sum\u00e9s terroristes, mais           seulement trois familles ont \u00e9t\u00e9 convoqu\u00e9es pour l\u2019identification des           corps avant leur enterrement. Qui prouve que ce sont ces personnes qui           avaient \u00e9t\u00e9 accroch\u00e9es \u00e0 Slimane ? Rien ne prouve la version que le           r\u00e9gime a bien voulu donner au juge. Celui-ci est tenu d\u2019appliquer la           sentence d\u00e9j\u00e0 pr\u00eate. Aucun d\u00e9tenu jug\u00e9 en vertu de la loi sur le           terrorisme n\u2019a b\u00e9n\u00e9fici\u00e9 d\u2019un acquittement. Les peines varient de 15 \u00e0           20 ans. Les affaires de terrorisme ne sont remises qu\u2019aux magistrats \u00e0           la solde du pouvoir. \u00bb        <\/div>\n<div align=\"justify\">                     Les m\u00eames propos sont tenus par Me Ayadi Abderraouf, constitu\u00e9 pour           plusieurs d\u00e9tenus impliqu\u00e9s dans cette affaire. Il d\u00e9nonce le           black-out qui a entour\u00e9 cette op\u00e9ration qui, selon lui, n\u2019est qu\u2019un           pr\u00e9texte pour proc\u00e9der \u00e0 des op\u00e9rations d\u2019arrestation, notamment aux           alentours des mosqu\u00e9es, de plus d\u2019un millier de jeunes, \u00ab juste parce           qu\u2019ils font la pri\u00e8re du lever du jour ou parce qu\u2019ils portent des           barbes \u00bb. Selon lui, le r\u00e9gime est gangren\u00e9 par la corruption et la           destin\u00e9e des Tunisiens est entre les mains de personnes \u00e9trang\u00e8res. La           criminalit\u00e9 et la d\u00e9linquance connaissent un d\u00e9veloppement inqui\u00e9tant,           alors que le nombre de Tunisiens qui se sont tu\u00e9s en Irak a d\u00e9pass\u00e9 la           cinquantaine.        <\/div>\n<div align=\"justify\">                     Abondant dans le m\u00eame sens, le journaliste free-lance Slim Boukhdir,           qui donne du fil \u00e0 retordre \u00e0 la police avec ses nombreux blogs           anti-Ben Ali, ne croit pas du tout \u00e0 la th\u00e8se du terrorisme salafiste           tunisien. Licenci\u00e9 abusivement du journal Echourouq sous la pression           de la police politique, il est victime de nombreuses agressions           physiques par des policiers en civil.        <\/div>\n<div align=\"justify\">                     Pour lui, l\u2019op\u00e9ration de Slimane cache en r\u00e9alit\u00e9 \u00ab l\u2019attentat manqu\u00e9           contre l\u2019\u00e9pouse de Ben Ali durant la m\u00eame p\u00e9riode et qui n\u2019a, \u00e0 ce           jour, pas apparu sur les cha\u00eenes de t\u00e9l\u00e9vision, elle qui est habitu\u00e9e           \u00e0 occuper le petit \u00e9cran quotidiennement. La soci\u00e9t\u00e9 civile commence \u00e0           bouger, ce qui fait craindre le pire au r\u00e9gime. Il r\u00e9agit en           redoublant de f\u00e9rocit\u00e9 contre les cybernautes, les militants des           droits de l\u2019homme, les journalistes et toute voix qui ose apporter la           contradiction. Totalement gangren\u00e9e, la justice est mise sous la botte           des Trabelsi, la belle-famille de Ben Ali. Ils sont en train d\u2019amasser           des fortunes immenses pour s\u2019assurer d\u2019une retraite dor\u00e9e. La loi sur           la protection des biens de la famille du pr\u00e9sident les prot\u00e8ge de           toute poursuite \u00bb.        <\/div>\n<div align=\"justify\">                     Le journaliste d\u00e9nonce la situation dans les prisons qui conna\u00eet \u00ab une           d\u00e9t\u00e9rioration catastrophique \u00bb ainsi que \u00ab le recours syst\u00e9matique de           la torture \u00bb. Il cite le cas r\u00e9cent d\u2019un jeune d\u00e9tenu, Khalid Laoum,           qui a perdu la raison, apr\u00e8s avoir subi les pires atrocit\u00e9s dans son           lieu de d\u00e9tention. Les t\u00e9moignages apport\u00e9s par les familles de           plusieurs d\u00e9tenus, rencontr\u00e9es au bureau de Me Nouri, sont poignants           et r\u00e9v\u00e8lent les brutalit\u00e9s auxquelles sont soumis les prisonniers. Les           m\u00e8res de Touhami Yacoub, Khalid Benmabrouk, Ahmed Sahil et de tant           d\u2019autres racontent avec leurs tripes les affres de la torture que           subissent leurs enfants et dont les s\u00e9quelles les marqueront \u00e0 vie.        <\/div>\n<div align=\"justify\">                     \u00ab C\u2019est le r\u00e9gime qui violente la population, pas l\u2019inverse. Le           terrorisme est un artifice qui permet de cacher les grandes op\u00e9rations           de trafic de drogue, dans lesquelles sont impliqu\u00e9es des membres           influents de la famille Trabelsi. Pourquoi, juste apr\u00e8s l\u2019op\u00e9ration de           Slimane, Mahmoud Lemhiri, bras droit de Ben Ali et son conseiller           charg\u00e9 des affaires politiques, a \u00e9t\u00e9 relev\u00e9 ? Le terrorisme est une           affaire qui concerne toute la soci\u00e9t\u00e9 civile et en \u00e9cartant celle-ci           du combat contre ce fl\u00e9au, c\u2019est qu\u2019il y a probl\u00e8me. L\u2019opinion           publique ne croit pas aux versions toutes faites du r\u00e9gime sur la           menace de l\u2019islamisme arm\u00e9. S\u2019il y a une insurrection arm\u00e9e, elle ne           peut \u00eatre que la cons\u00e9quence de la r\u00e9pression polici\u00e8re \u00bb, note Slim           Boukhdir.        <\/div>\n<div align=\"justify\"> <strong><font>(Source : \u201cEl Watan\u201d (Quotidien \u2013           Alg\u00e9rie), le 28 avril 2007)<\/font><\/strong>           Lien : http :\/\/www.elwatan.com\/spip.php ?page=article&amp;id_article=66877          <\/p>\n<hr\/>\n<p align=\"center\" dir=\"ltr\"> <b> <span lang=\"FR-CH\">          Piratage du site du Parti progressiste d\u00e9mocrate pdpinfo.org<\/span><\/b><\/p>\n<p align=\"justify\" dir=\"ltr\"> <b> <span lang=\"FR-CH\">          Yahyaoui Mokhtar<\/span><\/b><\/p>\n<p align=\"justify\" dir=\"ltr\"> <span lang=\"FR-CH\">          Le site du Parti progressiste d\u00e9mocrate www.pdpinfo.org \u00e0 disparu           cette nuit de la toile le lien affichait ce matin un fond noir avec           l\u2019inscription \u00ab BadCat* &#8211; *H00lyShit* &#8211; LastOttoman- TheKing &#8211; HACKED           WwW.TurkishDefacerTeam.CoM &#8211; TDT side by side Filistin and M\u00fcslim           people \u00bb signifiant qu\u2019il avait fait l\u2019objet d\u2019une op\u00e9ration de           piratage qui a fait dispara\u00eetre son contenu.<\/span><\/p>\n<p align=\"justify\" dir=\"ltr\"> <span lang=\"FR-CH\">          Le site concern\u00e9 constitue l\u2019un des portails d\u2019opposition contre la           dictature en Tunisie les plus consult\u00e9. Il publie aussi le contenu du           journal hebdomadaire \u00ab El Mawkif \u00bb et assure le suivit d\u2019information           des activit\u00e9s du parti et des luttes pour les droits de l\u2019homme et du           mouvement d\u00e9mocratique en Tunisie.<\/span><\/p>\n<p align=\"justify\" dir=\"ltr\"> <span lang=\"FR-CH\">          Lors d\u2019une conf\u00e9rence de presse, tenue le mardi 17 avril 2007, la           secr\u00e9taire g\u00e9n\u00e9rale du Parti d\u00e9mocratique progressiste (PDP), Maya           Jribi, et le directeur de son journal el Mawkif , ont d\u00e9nonc\u00e9 les           \u00ab\u00a0harc\u00e8lements\u00a0\u00bb dont leurs institutions font l\u2019objet et annonc\u00e9 leur           intention d\u2019entamer une \u00ab\u00a0gr\u00e8ve de la faim illimit\u00e9e\u00a0\u00bb \u00e0 la suite d\u2019une           menace visant \u00e0 les d\u00e9loger du si\u00e8ge central qu\u2019ils occupent depuis 13           ans \u00e0 Tunis.<\/span><\/p>\n<p align=\"justify\" dir=\"ltr\"> <span lang=\"FR-CH\">          Les sites internet d\u2019opposition tunisienne font l\u2019objet p\u00e9riodiquement           d\u2019op\u00e9rations de piratage et des tentatives de destruction. Ils sont           censur\u00e9s pratiquement sans exception \u00e0 l\u2019int\u00e9rieure du pays pour           emp\u00eacher l\u2019acc\u00e8s libre \u00e0 leur contenu.<\/span><\/p>\n<p align=\"justify\" dir=\"ltr\"> <span lang=\"FR-CH\">          Le pr\u00e9sent blog <a href=\"\">http:\/\/tunisiawatch.rsfblog.org<\/a> \u00a0est           depuis vendredi dernier priv\u00e9 d\u2019acc\u00e8s \u00e0 son espace de gestion, les           identifiants et les mots de passes pour cet acc\u00e8s ont \u00e9t\u00e9s pirat\u00e9s et           chang\u00e9 ainsi que le compte mail qui lui est attach\u00e9 (<a href=\"\">tunisiawatch@gmail.com<\/a>           ). Il continu \u00e0 fonctionn\u00e9 malgr\u00e9 cette \u00e9ni\u00e8me tentative d\u2019obstruction           gr\u00e2ce au comptes d\u2019acc\u00e8s de secours de ses collaborateurs r\u00e9sidents \u00e0           l\u2019\u00e9tranger.<\/span><\/p>\n<p align=\"justify\" dir=\"ltr\">\u00a0<\/p>\n<p align=\"justify\" dir=\"ltr\"> <b> <span lang=\"FR-CH\">          (Source\u00a0: le blog TUNISIA Watch, le 24 avril 2007)<\/span><\/b><\/p>\n<p align=\"justify\" dir=\"ltr\"> <b> <span lang=\"FR-CH\">          Lien\u00a0: <\/span> <span lang=\"FR-CH\"> <a href=\"\">http:\/\/tunisiawatch.rsfblog.org<\/a><\/span><\/b><\/p>\n<\/div>\n<div align=\"justify\">\n<hr\/><\/div>\n<div align=\"center\"> <strong><\/p>\n<h2 style=\"color: red;\"><font size=\"3\">Soir\u00e9e Gay et Trans \u00e0 Tunis<\/font><\/h2>\n<p><\/strong>\u00a0        <\/div>\n<div align=\"justify\">                     L\u2019Association Tunisienne de Lutte contre les Maladies Sexuellement           Transmissibles et le Sida a commenc\u00e9 depuis quelques ann\u00e9es un           programme de pr\u00e9vention qui vise le milieu Gay en Tunisie. Ce           programme r\u00e9gional (Liban, Alg\u00e9rie, Maroc) qui a \u00e9t\u00e9 mis en place en           association avec l\u2019International AIDS Alliance vise \u00e0 entrer en           contact avec le milieu gay, le conna\u00eetre, l\u2019informer sur les moyens de           pr\u00e9vention et lui offrir les services sanitaires n\u00e9cessaires.<\/div>\n<div align=\"justify\">                     Le programme fonctionne jusqu\u2019\u00e0 aujourd\u2019hui et le succ\u00e8s est au           rendez-vous.        <\/div>\n<div align=\"justify\">                     Vers la fin Ao\u00fbt 2006, j\u2019ai \u00e9t\u00e9 invit\u00e9 par mes coll\u00e8gues \u00e0 assister \u00e0           une des soir\u00e9es Gay de Tunis.<\/div>\n<div align=\"justify\">                     Plus de deux cents personnes \u00e9taient pr\u00e9sentes, une ambiance de folie           ! Des lesbiennes, des gays, des transsexuels et quelques h\u00e9t\u00e9ros. Une           soir\u00e9e qui a \u00e9t\u00e9 au bout de la nuit sans aucun incident. 200 personnes           qui s\u2019assument et qui revendiquent leurs diff\u00e9rences. 200 personnes           qui ont \u00e9t\u00e9 sensibilis\u00e9s aux dangers de la sexualit\u00e9 \u00e0 risque et qui           ont re\u00e7u un millier de pr\u00e9servatifs offerts par <strong>Manix.<\/strong><\/div>\n<div align=\"justify\"> <strong><font>(Source : Info publi\u00e9e sur le blog \u00ab           Zizou from Djerba \u00bb, le 28 avril 2007)<\/font><\/strong>           Lien : http :\/\/zizoufromdjerba.blogspot.com\/2007\/04\/soire-gay-et-trans-tunis.html<\/div>\n<div align=\"justify\">\n<hr\/><\/div>\n<div align=\"center\"> <strong><\/p>\n<h2 style=\"color: red;\"><font size=\"3\">Un joueur sang et or condamn\u00e9 \u00e0           6 mois de prison<\/font><\/h2>\n<p><\/strong><\/div>\n<div align=\"justify\">                     Al Akhbar- La justice a rendu son verdict dans l\u2019affaire du joueur de           l\u2019Esp\u00e9rance Sportive de Tunis accus\u00e9 d\u2019atteinte \u00e0 la morale et aux           bonnes m\u0153urs contre une jeune fille.            L\u2019avocate de la victime avait saisi la justice, demandant des dommage           et int\u00e9r\u00eats d\u2019une somme de 50 mille dinars. Le coupable a \u00e9t\u00e9 condamn\u00e9           \u00e0 6 mois de prison et \u00e0 une amende de 3 mille dinars en d\u00e9dommagement           du pr\u00e9judice moral subi par la victime et \u00e0 300 dinars pour les frais           de la justice et les honoraires de l\u2019avocate.            Le condamn\u00e9 avait particip\u00e9 \u00e0 la derni\u00e8re rencontre de l\u2019Esp\u00e9rance           disput\u00e9e en Tanzanie face aux Young Africains.<\/div>\n<div align=\"justify\"> <strong><font>(Source : info publi\u00e9e sur le site           globalnet.tn le 26 avril 2007 \u00e0 09h56)<\/font><\/strong>           Lien : http :\/\/www.globalnet.tn\/index.php ?option=com_content&amp;task=view&amp;id=1775&amp;Itemid=323 \u00a0<\/div>\n<div align=\"justify\">\n<hr\/><\/div>\n<div align=\"center\"> <strong><\/p>\n<h2 style=\"color: red;\"><font size=\"3\">BATAM dispara\u00eet apr\u00e8s que sa           faillite vient d\u2019\u00eatre prononc\u00e9e<\/font><\/h2>\n<p><\/strong><\/div>\n<div align=\"justify\">                     Le g\u00e9ant de la distribution BATAM qui a du fermer ses portes suite \u00e0           son implication dans un scandale financier vient de voir prononcer le           jugement final de sa liquidation le 18 avril 2007 par le tribunal de           grande instance de Tunis. Le premier \u00e0 avoir d\u00e9mocratiser la pratique           des pr\u00eats \u00e0 la consommation en 2002, il n\u2019a pas r\u00e9sister au boom           fulgurant qu\u2019il a r\u00e9ussi gr\u00e2ce \u00e0 ce proc\u00e9d\u00e9. Selon les chiffres           publi\u00e9s par la banque centrale \u00e0 l\u2019occasion d\u2019une conf\u00e9rence consacr\u00e9e           \u00e0 ce sujet en septembre 2006, le nombre total de cr\u00e9dits \u00e0 la           consommation aurait doubl\u00e9 depuis 2003 et s\u2019\u00e9l\u00e8verait \u00e0 3,95 milliards           de dollars en Tunisie.<\/div>\n<div align=\"justify\">                     L\u2019affaire avait \u00e9clater au grand public quand la soci\u00e9t\u00e9 a d\u00e9clar\u00e9 des           pertes en l\u2019\u00e9t\u00e9 2002 apr\u00e8s avoir d\u00e9clar\u00e9 des pr\u00e9vision de gains ce qui           \u00e0 r\u00e9v\u00e9l\u00e9 une manipulation des comptes qui a l\u2019effet d\u2019un scandale           financier qui \u00e0 touch\u00e9 la cr\u00e9dibilit\u00e9 du march\u00e9 des actions en Tunisie           et amener les pouvoir publiques \u00e0 renforcer la protection des           investisseur par une l\u00e9gislation entr\u00e9e en vigueur depuis 2005.                      Selon la d\u00e9cision de justice, dat\u00e9e du 18 avril, Le tribunal a fix\u00e9 la           date de cessation de paiement des dettes de la soci\u00e9t\u00e9 Batam et ce           depuis le 11 novembre 2005. Il a jug\u00e9 par ailleurs impossible le           redressement de la soci\u00e9t\u00e9 en raison de son \u00e9tat actuel. Le tribunal           ordonne la cession de la soci\u00e9t\u00e9 \u00e0 des tiers et a d\u00e9sign\u00e9 un           commissaire \u00e0 l\u2019ex\u00e9cution, en la personne de M.Youssef Ennouri, charg\u00e9           de r\u00e9diger un cahier des charges dans un d\u00e9lai de vingt jours \u00e0           compter de la date du jugement et de recueillir les offres et de les           pr\u00e9senter au juge commissaire dans un d\u00e9lai de deux mois.<\/div>\n<div align=\"justify\">                     Ces deux mois courent \u00e0 compter de la date du prononc\u00e9 du jugement,           c\u2019est-\u00e0-dire le 18 avril. La d\u00e9cision de justice interdit par ailleurs           \u00e0 l\u2019acqu\u00e9reur de Batam de c\u00e9der les actifs et les biens de la soci\u00e9t\u00e9.           Entre-temps, la gestion et la vente du stock de marchandises de Batam           sont soumises au contr\u00f4le du commissaire \u00e0 l\u2019ex\u00e9cution jusqu\u2019\u00e0 la           r\u00e9alisation de la cession.<\/div>\n<div align=\"justify\">                     Le montant des dettes impay\u00e9es accumul\u00e9es par la soci\u00e9t\u00e9 BATAM jusqu\u2019\u00e0           2003 sont chiffr\u00e9s \u00e0 18 million de dinars.<\/div>\n<div align=\"justify\"> <strong><font>(Source : le blog \u00ab Tunisiawatch \u00bb, le           29 avril 2007)<\/font><\/strong>           Lien : http :\/\/tunisiawatch.rsfblog.org\/archive\/2007\/04\/29\/batam-dispara\u00eet-apr\u00e8s-que-sa-faillite-vient-d-\u00eatre-prononc\u00e9e.html \u00a0<\/div>\n<div align=\"justify\">\n<hr\/><\/div>\n<div align=\"center\"> <strong><font>Affaire du policier accus\u00e9 d\u2019homicide           volontaire :           <\/font><\/p>\n<h2 style=\"color: red;\"><font size=\"3\">Acquittement pour l\u00e9gitime           d\u00e9fense<\/font><\/h2>\n<p><\/strong><\/div>\n<div align=\"justify\">                     La cour d\u2019appel de Tunis a prononc\u00e9 pour la troisi\u00e8me fois           l\u2019acquittement du policier, accus\u00e9 d\u2019homicide volontaire, ayant           consid\u00e9r\u00e9 les faits comme \u00e9tant de la l\u00e9gitime d\u00e9fense.            Pour la circonstance, le tribunal n\u2019a pas suivi le procureur de           R\u00e9publique. Rappelons l\u2019affaire dont les faits se sont d\u00e9roul\u00e9s dans           un poste de police. Ce jour-l\u00e0, la victime est entr\u00e9e au poste pour           demander \u00e0 l\u2019agent de service qui se trouvait seul \u00e0 l\u2019int\u00e9rieur, de           le suivre pour arr\u00eater ses agresseurs.            L\u2019individu en question \u00e9tait un quadrag\u00e9naire malmen\u00e9 par des           d\u00e9linquants qui l\u2019ont sauvagement battu et rou\u00e9 de coups.           Surpris par cette demande incongrue, le policier tranquillement           install\u00e9 \u00e0 son bureau, pour v\u00e9rifier les dossiers en instance a           poliment refus\u00e9 la requ\u00eate du plaignant, lui faisant remarquer           qu\u2019\u00e9tant seul il lui est interdit d\u2019abandonner son poste. Il lui a           demand\u00e9 de d\u00e9poser une plainte et de donner le signalement de ses           agresseurs qui finiront par \u00eatre arr\u00eat\u00e9s par les forces de l\u2019ordre.<\/div>\n<div align=\"justify\">                     Toutefois la victime, en \u00e9tat d\u2019ivresse notoire, refusa la proposition           de l\u2019agent et brandit un couteau pour l\u2019agresser au cas o\u00f9 il           persisterait \u00e0 ne pas le suivre.           Prenant au s\u00e9rieux la menace du quadrag\u00e9naire \u00e9m\u00e9ch\u00e9, le policier           d\u00e9gaina son arme de service pour lui faire peur. Mais ce dernier           tenait \u00e0 agresser l\u2019agent qui tira alors sur le forcen\u00e9 un premier           coup de feu au niveau du genou. Mais bien que bless\u00e9, le plaignant           l\u2019aurait attaqu\u00e9. C\u2019est alors qu\u2019en \u00e9tat de l\u00e9gitime d\u00e9fense, selon           l\u2019accus\u00e9, et pour se d\u00e9fendre, il tira, \u00e0 nouveau \u00e0 trois reprises,           sur la victime qui succomba.           Arr\u00eat\u00e9 et d\u00e9f\u00e9r\u00e9 devant la justice, le policier a \u00e9t\u00e9 accus\u00e9           d\u2019homicide volontaire. Il a comparu devant la chambre criminelle du           tribunal de premi\u00e8re instance de Tunis qui a consid\u00e9r\u00e9 les faits,           comme \u00e9tant de la d\u00e9fense l\u00e9gitime, et a acquitt\u00e9 l\u2019accus\u00e9.<\/div>\n<div align=\"justify\">                     Le procureur de la R\u00e9publique ayant interjet\u00e9 appel, l\u2019agent a comparu           de nouveau devant la cour qui a prononc\u00e9 son acquittement.            Le parquet s\u2019est alors pourvu en cassation et l\u2019inculp\u00e9 devait           compara\u00eetre \u00e0 nouveau en \u00e9tat de libert\u00e9 devant la cour d\u2019appel pour           homicide volontaire.           A l\u2019audience, il clama son innocence, affirmant qu\u2019il n\u2019a pas trouv\u00e9           d\u2019autre solution que de tirer sur son agresseur pour sauver sa vie.           Son avocat plaida dans ce sens, soulignant l\u2019\u00e9tat de l\u00e9gitime d\u00e9fense           dans lequel se trouvait son client au moment des faits.           La cour a prononc\u00e9 d\u00e9finitivement son acquittement pour l\u00e9gitime           d\u00e9fense.            Ainsi, le rideau est tomb\u00e9 sur cette affaire rarissime au cours de           laquelle un policier n\u2019a d\u00fb son salut qu\u2019\u00e0 l\u2019utilisation de son arme           de service pour \u00e9chapper \u00e0 une agression qui aurait pu \u00eatre mortelle.<\/div>\n<div align=\"justify\">                     C\u2019est en tout cas en \u00e9tat de l\u00e9gitime d\u00e9fense que l\u2019agent a agi apr\u00e8s           avoir tir\u00e9 un premier coup de semonce qui a touch\u00e9 le genou de son           agresseur. Mais bien que bless\u00e9, le quadrag\u00e9naire avin\u00e9 aurait tent\u00e9           de poursuivre son action en se jetant sur le policier qui s\u2019est           d\u00e9fendu l\u00e9gitimement et a touch\u00e9 mortellement son adversaire.           C\u2019\u00e9tait d\u2019ailleurs l\u2019avis du tribunal de premi\u00e8re instance, confirm\u00e9 \u00e0           deux r\u00e9ponses pour la cour d\u2019appel qui a rendu son verdict d\u00e9finitif :           l\u2019acquittement pour le policier inculp\u00e9 d\u2019homicide volontaire.\u00a0\u00a0\u00a0\u00a0        <\/div>\n<div align=\"justify\">                     Lamia CHERIF\u00a0            <strong><font>(Source : \u00ab Le Temps \u00bb (Quotidien \u2013           Tunis), le 29 avril 2007)<\/font><\/strong> \u00a0<\/div>\n<div align=\"justify\">\n<hr\/><\/div>\n<div align=\"center\"> <strong><font>40e jour du d\u00e9c\u00e8s de Dali Jazi            <\/font><\/strong> <strong><\/p>\n<h2 style=\"color: red;\"><font size=\"3\">Un r\u00e9formateur n\u2019est plus<\/font><\/h2>\n<p><\/strong>\u00a0        <\/div>\n<div align=\"justify\">                     L\u2019imposante b\u00e2tisse d\u2019architecture moderne abritant la facult\u00e9 de           M\u00e9decine de Tunis a accueilli, hier, dans le recueillement et le           souvenir, une \u00e9mouvante c\u00e9r\u00e9monie du 40e jour du d\u00e9c\u00e8s de M. Dali Jazi,           qui nous a quitt\u00e9s alors qu\u2019il assumait les fonctions de pr\u00e9sident du           Conseil \u00e9conomique et social avec rang de ministre et qui a \u00e9t\u00e9 depuis           1988, tour \u00e0 tour, ambassadeur, ministre de la Sant\u00e9, premier           pr\u00e9sident de la Cour des comptes, ministre de l\u2019Enseignement sup\u00e9rieur,           ministre d\u00e9l\u00e9gu\u00e9 aupr\u00e8s du Premier ministre, charg\u00e9 des Droits de           l\u2019homme, de la Communication et des Relations avec la Chambre des           D\u00e9put\u00e9s, ministre conseiller politique aupr\u00e8s du Pr\u00e9sident de la           R\u00e9publique et ministre de la D\u00e9fense nationale.<\/div>\n<div align=\"justify\">                     La c\u00e9r\u00e9monie, qui a d\u00e9but\u00e9 par une sourate du Coran et qui s\u2019est           termin\u00e9e avec la Fatiha, a vu prendre la parole, successivement, MM.           Abdeljelil Zaouche, doyen de la facult\u00e9 de M\u00e9decine de Tunis, Taoufik           Nacef, pr\u00e9sident du Conseil national de l\u2019Ordre des m\u00e9decins, Mohamed           Ridha Kechrid, ministre de la Sant\u00e9 publique, Lazhar Bououni, ministre           de l\u2019Enseignement sup\u00e9rieur, de la Recherche scientifique et de la           Technologie, Abdellatif Chebbi au nom de M. Kamel Morjane, ministre de           la D\u00e9fense nationale, et Mohamed Gueddiche, ministre conseiller aupr\u00e8s           du Pr\u00e9sident de la R\u00e9publique.<\/div>\n<div align=\"justify\">                     A l\u2019entr\u00e9e de l\u2019amphith\u00e9\u00e2tre o\u00f9 s\u2019est d\u00e9roul\u00e9e la c\u00e9r\u00e9monie, une           plaquette en couleur regroupant les interventions pr\u00e9vues a \u00e9t\u00e9           distribu\u00e9e \u00e0 tous les pr\u00e9sents, avec, en couverture, une photo           montrant le Pr\u00e9sident Ben Ali en train de d\u00e9corer le d\u00e9funt.<\/div>\n<div align=\"justify\">                     La biographie de M. Dali Jazi, qui ouvre le bulletin, retrace la vie           et la riche carri\u00e8re de cette \u00abfigure de proue de la Tunisie           contemporaine\u00bb, comme l\u2019a d\u00e9fini l\u2019une des personnalit\u00e9s pr\u00e9sentes.           Elle nous apprend que ce natif de Nabeul est docteur d\u2019Etat en droit           public et dipl\u00f4m\u00e9 d\u2019\u00e9tudes sup\u00e9rieures de sciences politiques de           l\u2019universit\u00e9 de Paris II et qu\u2019il a \u00e9t\u00e9 professeur agr\u00e9g\u00e9 de droit           public et de sciences politiques \u00e0 la facult\u00e9 des Sciences juridiques,           politiques et sociales de Tunis, ainsi qu\u2019avocat \u00e0 la Cour de           cassation.<\/div>\n<div align=\"justify\">                     Dali Jazi, indique le document, est l\u2019auteur d\u2019une th\u00e8se de doctorat           sur \u00abLes rapports entre l\u2019Etat et le citoyen dans la Tunisie           ind\u00e9pendante : le probl\u00e8me des libert\u00e9s publiques\u00bb. De m\u00eame, qu\u2019il           est, d\u00e8s 1962, membre de l\u2019Uget et du Parti socialiste destourien           (PSD) qu\u2019il va, cependant, quitter en 1971, pour rejoindre, en 1989,           le Rassemblement Constitutionnel D\u00e9mocratique, apr\u00e8s le changement           men\u00e9 par le Pr\u00e9sident Zine El Abidine Ben Ali au niveau aussi bien de           l\u2019Etat que du parti.           Le d\u00e9funt a \u00e9galement \u00e9t\u00e9, rapporte le document, vice-pr\u00e9sident de           l\u2019Association des jeunes avocats, en 1974, membre fondateur du comit\u00e9           directeur de la Ligue tunisienne pour la d\u00e9fense des droits de l\u2019homme           en 1976, puis son tr\u00e9sorier et son secr\u00e9taire g\u00e9n\u00e9ral jusqu\u2019en 1988,           ainsi que l\u2019un des fondateurs du Mouvement des d\u00e9mocrates socialistes.<\/div>\n<div align=\"justify\">                     Le d\u00e9funt a \u00e9t\u00e9 \u00e9lu, depuis 1993, membre du Comit\u00e9 central du RCD, et           a \u00e9t\u00e9, de janvier 2001 \u00e0 novembre 2004, membre du Bureau politique de           ce parti. Il \u00e9tait Grand Officier puis Grand cordon de l\u2019Ordre de la           R\u00e9publique Tunisienne, Commandeur puis Grand officier, puis Grand           Cordon de l\u2019Ordre du 7-Novembre, Grand Officier de l\u2019Ordre national du           m\u00e9rite de la R\u00e9publique Fran\u00e7aise, Grand Officier de l\u2019Ordre du m\u00e9rite           de la R\u00e9publique Italienne, Grand Officier de l\u2019Ordre du m\u00e9rite du           Conseil international du sport militaire, m\u00e9daille du m\u00e9rite ordinal           d\u00e9cern\u00e9e par le Conseil national de l\u2019Ordre des m\u00e9decins et m\u00e9daille           de l\u2019action humanitaire d\u00e9cern\u00e9e par le Comit\u00e9 central du           Croissant-Rouge tunisien.<\/div>\n<div align=\"justify\">                     Dans son allocution, prononc\u00e9e au nom des quatre doyens des facult\u00e9s           de M\u00e9decine tunisiennes, Pr Abdeljelil Zaouche a notamment mis en           exergue les qualit\u00e9s d\u2019\u00abhomme de dialogue\u00bb du d\u00e9funt, \u00abacceptant           l\u2019argument contraire et les prises de position oppos\u00e9es aux siennes\u00bb.           Et, dira en conclusion Pr Zaouche, \u00abc\u2019\u00e9tait un patriote\u00bb, expliquant           qu\u2019il l\u2019avait vu, lors d\u2019un congr\u00e8s m\u00e9dical fran\u00e7ais tenu \u00e0 Djerba, en           2000, auquel il n\u2019\u00e9tait pas invit\u00e9, \u00abse permettre de s\u2019immiscer dans           le d\u00e9bat avec plusieurs professeurs fran\u00e7ais en m\u00e9decine, parce qu\u2019il           lui a sembl\u00e9 que ces Messieurs ne faisaient pas suffisamment l\u2019\u00e9loge           de notre pays\u00bb.           De son c\u00f4t\u00e9, M. Mohamed Ridha Kechrid, passant en revue les qualit\u00e9s           du d\u00e9funt et les nombreuses r\u00e9alisations auxquelles il a activement           contribu\u00e9, a class\u00e9 M. Dali Jazi parmi les r\u00e9formateurs du pays (\u00abal           moslihin\u00bb), rappelant au passage que le d\u00e9funt avait tenu \u00e0 se faire           soigner \u00e0 l\u2019int\u00e9rieur des fronti\u00e8res nationales.           Quant \u00e0 M. Lazhar Bououni, il a indiqu\u00e9 que la famille de           l\u2019enseignement sup\u00e9rieur et de la recherche scientifique perd en Dali           Jazi l\u2019un de ses membres les plus brillants, ajoutant que le d\u00e9funt           \u00e9tait un juriste \u00e9m\u00e9rite, un professeur universitaire hors pair et un           homme politique averti et engag\u00e9 dans le projet de soci\u00e9t\u00e9 initi\u00e9 par           le Pr\u00e9sident Zine El Abidine Ben Ali.<\/div>\n<div align=\"justify\">                     Pour sa part, M. Kamel Morjane a indiqu\u00e9, dans l\u2019allocution qu\u2019a           prononc\u00e9e en son nom son chef de cabinet, que M. Dali Jazi figurera           parmi les grands hommes du savoir et de la politique de la Tunisie           ind\u00e9pendante, le d\u00e9crivant comme \u00abun patriote exceptionnel, sinc\u00e8re           dans ses engagements, courageux dans ses positions, souple dans ses           relations, ouvert dans ses id\u00e9es, affable, confiant en lui-m\u00eame et           g\u00e9n\u00e9reux\u00bb.<\/div>\n<div align=\"justify\">                     Le professeur Taoufik Nacef, en sa qualit\u00e9 de pr\u00e9sident du Conseil           national de l\u2019Ordre des m\u00e9decins, a estim\u00e9 que le \u00abcompagnonnage de           Dali Jazi avec les m\u00e9decins a produit des r\u00e9sultats particuli\u00e8rement           f\u00e9conds, car tous ont v\u00e9cu des moments intenses de militantisme, de           solidarit\u00e9 et de cr\u00e9ation.\u00bb           Le mot de la fin est revenu \u00e0 <strong><u>M. Mohamed Gueddiche<\/u><\/strong>           qui a salu\u00e9 les qualit\u00e9s humaines et professionnelles du d\u00e9funt,           soulignant que M. Dali Jazi b\u00e9n\u00e9ficiait de l\u2019estime et de la           consid\u00e9ration de tous ceux qui l\u2019ont connu, qui ont \u00e9t\u00e9 unanimes \u00e0           appr\u00e9cier sa haute comp\u00e9tence et son abn\u00e9gation.<\/div>\n<div align=\"justify\"> <strong><u>Le ministre conseiller du Pr\u00e9sident de la R\u00e9publique<\/u><\/strong>           a pass\u00e9 en revue le riche parcours du d\u00e9funt, mettant l\u2019accent sur la           consid\u00e9ration dont il b\u00e9n\u00e9ficie aupr\u00e8s du Pr\u00e9sident Zine El Abidine           Ben Ali qui lui a confi\u00e9 de hautes responsabilit\u00e9s et l\u2019a sans cesse           entour\u00e9 de sa pleine sollicitude durant sa longue maladie. M.           Gueddiche a soulign\u00e9 la signification de ces rapports particuliers qui           refl\u00e8tent la place qui revenait au d\u00e9funt Dali Jazi sur la sc\u00e8ne           nationale en tant qu\u2019homme du changement et militant d\u00e9vou\u00e9 aux causes           du pays.        <\/div>\n<div align=\"justify\">                     A noter que le fils de feu Dali Jazi a pris la parole pour remercier           tous ceux qui ont rendu hommage \u00e0 la m\u00e9moire de son p\u00e8re. Il a tenu \u00e0           souligner : \u00abDali Jazi a toujours cru en la m\u00e9decine tunisienne et en           vos comp\u00e9tences.\u00bb<\/div>\n<div align=\"justify\">                     M\u2019hamed JAIBI           <strong><font>(Source : \u00ab La presse \u00bb (Quotidien           gouvernemental \u2013 Tunis), le 29 avril 2007)<\/font><\/strong><\/div>\n<\/p><\/div>\n<p> <\/font> <\/div>\n<p> <\/font><\/p>\n<p><\/span><\/span><\/font><\/p>\n<\/div><\/div>\n<hr\/>\n<p align=\"center\"><b><a href=\"https:\/\/tunisnews.net\/ar\/\"><font face=\"Arabic Transparent\"><span><font>Home<\/font><\/span><font><span lang=\"FR-CH\"> &#8211; Accueil <\/span><span>&#8211; <\/span><\/font><\/font><span dir=\"rtl\" lang=\"AR-SA\"><font>\u0627\u0644\u0631\u0626\u064a\u0633\u064a\u0629<\/font><\/span><\/a><\/b><\/p>\n<p><\/body><\/body><\/html><\/p>","protected":false},"excerpt":{"rendered":"<p>Home &#8211; Accueil &#8211; \u0627\u0644\u0631\u0626\u064a\u0633\u064a\u0629 TUNISNEWS 7\u00a0\u00e8me\u00a0ann\u00e9e, N\u00b0\u00a02532 du 29.04.2007 \u00a0archives : www.tunisnews.net CNLT: Criminalisation des opinions au nom de la lutte antiterroriste AISPP: Communiqu\u00e9 V\u00e9rit\u00e9 \u2013 Action : Les livres interdits en Tunisie expos\u00e9s au Salon International du Livre El Watan: La Tunisie, l\u2019immense prison Yahyaoui Mokhtar: Piratage du site du Parti progressiste d\u00e9mocrate [&hellip;]<\/p>\n","protected":false},"author":1,"featured_media":22040,"comment_status":"open","ping_status":"open","sticky":false,"template":"","format":"standard","meta":{"inline_featured_image":false,"site-sidebar-layout":"default","site-content-layout":"","ast-site-content-layout":"default","site-content-style":"default","site-sidebar-style":"default","ast-global-header-display":"","ast-banner-title-visibility":"","ast-main-header-display":"","ast-hfb-above-header-display":"","ast-hfb-below-header-display":"","ast-hfb-mobile-header-display":"","site-post-title":"","ast-breadcrumbs-content":"","ast-featured-img":"","footer-sml-layout":"","ast-disable-related-posts":"","theme-transparent-header-meta":"","adv-header-id-meta":"","stick-header-meta":"","header-above-stick-meta":"","header-main-stick-meta":"","header-below-stick-meta":"","astra-migrate-meta-layouts":"default","ast-page-background-enabled":"default","ast-page-background-meta":{"desktop":{"background-color":"","background-image":"","background-repeat":"repeat","background-position":"center center","background-size":"auto","background-attachment":"scroll","background-type":"","background-media":"","overlay-type":"","overlay-color":"","overlay-opacity":"","overlay-gradient":""},"tablet":{"background-color":"","background-image":"","background-repeat":"repeat","background-position":"center center","background-size":"auto","background-attachment":"scroll","background-type":"","background-media":"","overlay-type":"","overlay-color":"","overlay-opacity":"","overlay-gradient":""},"mobile":{"background-color":"","background-image":"","background-repeat":"repeat","background-position":"center center","background-size":"auto","background-attachment":"scroll","background-type":"","background-media":"","overlay-type":"","overlay-color":"","overlay-opacity":"","overlay-gradient":""}},"ast-content-background-meta":{"desktop":{"background-color":"var(--ast-global-color-5)","background-image":"","background-repeat":"repeat","background-position":"center center","background-size":"auto","background-attachment":"scroll","background-type":"","background-media":"","overlay-type":"","overlay-color":"","overlay-opacity":"","overlay-gradient":""},"tablet":{"background-color":"var(--ast-global-color-5)","background-image":"","background-repeat":"repeat","background-position":"center center","background-size":"auto","background-attachment":"scroll","background-type":"","background-media":"","overlay-type":"","overlay-color":"","overlay-opacity":"","overlay-gradient":""},"mobile":{"background-color":"var(--ast-global-color-5)","background-image":"","background-repeat":"repeat","background-position":"center center","background-size":"auto","background-attachment":"scroll","background-type":"","background-media":"","overlay-type":"","overlay-color":"","overlay-opacity":"","overlay-gradient":""}},"footnotes":""},"categories":[],"tags":[56,38,29],"class_list":["post-15781","post","type-post","status-publish","format-standard","has-post-thumbnail","hentry","tag-56","tag-38","tag-fr"],"_links":{"self":[{"href":"https:\/\/tunisnews.net\/ar\/wp-json\/wp\/v2\/posts\/15781","targetHints":{"allow":["GET"]}}],"collection":[{"href":"https:\/\/tunisnews.net\/ar\/wp-json\/wp\/v2\/posts"}],"about":[{"href":"https:\/\/tunisnews.net\/ar\/wp-json\/wp\/v2\/types\/post"}],"author":[{"embeddable":true,"href":"https:\/\/tunisnews.net\/ar\/wp-json\/wp\/v2\/users\/1"}],"replies":[{"embeddable":true,"href":"https:\/\/tunisnews.net\/ar\/wp-json\/wp\/v2\/comments?post=15781"}],"version-history":[{"count":0,"href":"https:\/\/tunisnews.net\/ar\/wp-json\/wp\/v2\/posts\/15781\/revisions"}],"wp:featuredmedia":[{"embeddable":true,"href":"https:\/\/tunisnews.net\/ar\/wp-json\/wp\/v2\/media\/22040"}],"wp:attachment":[{"href":"https:\/\/tunisnews.net\/ar\/wp-json\/wp\/v2\/media?parent=15781"}],"wp:term":[{"taxonomy":"category","embeddable":true,"href":"https:\/\/tunisnews.net\/ar\/wp-json\/wp\/v2\/categories?post=15781"},{"taxonomy":"post_tag","embeddable":true,"href":"https:\/\/tunisnews.net\/ar\/wp-json\/wp\/v2\/tags?post=15781"}],"curies":[{"name":"wp","href":"https:\/\/api.w.org\/{rel}","templated":true}]}}