{"id":15770,"date":"2011-05-06T00:00:00","date_gmt":"2011-05-06T00:00:00","guid":{"rendered":"https:\/\/tunisnews.net\/6-mai-2011\/"},"modified":"2011-05-06T00:00:00","modified_gmt":"2011-05-06T00:00:00","slug":"6-mai-2011","status":"publish","type":"post","link":"https:\/\/tunisnews.net\/ar\/6-mai-2011\/","title":{"rendered":"6 mai 2011"},"content":{"rendered":"<p><html><head><meta content=\"text\/html\" description=\"\u00ab La violence d\u00e9ploy\u00e9e par les policiers au \n\t\tcours des derniers jours contre les journalistes rappelle de mauvais \n\t\tsouvenirs, comme si les anciennes m\u00e9thodes \u00e9taient de retour, pr\u00e8s de \n\t\tquatre mois seulement apr\u00e8s la chute de Zine el-Abidine Ben Ali. Nous \n\t\tdemandons au gouvernement de transition d\u2019ouvrir une enqu\u00eate sur ces \n\t\tincidents et de donner des instructions claires aux forces de l\u2019ordre \n\t\tafin que de telles pratiques cessent \u00bb, a d\u00e9clar\u00e9 Jean-Fran\u00e7ois \n\t\tJulliard, secr\u00e9taire g\u00e9n\u00e9ral de Reporters sans fronti\u00e8res.\" http-equiv=\"Content-Type\"\/><\/head><body><body><\/p>\n<div>\n<div align=\"center\" dir=\"ltr\"><font face=\"Bookman Old Style\" size=\"7\"><strong>TUNISNEWS <\/strong><\/font><\/div>\n<div align=\"center\" dir=\"ltr\"><strong><font face=\"Arial\" size=\"2\">11 \u00e8me ann\u00e9e, N\u00b04000 du 06.05.2011<\/font><\/strong><\/div>\n<div align=\"center\" dir=\"ltr\"><font face=\"Arial\" size=\"2\"><strong>archives : <\/strong><\/font><a target=\"_blank\" rel=\"noopener\"><font face=\"Arial\" size=\"2\"><strong>www.tunisnews.net<\/strong><\/font><\/a><span lang=\"FR\"><strong><font face=\"Arial\" size=\"2\"><\/font><\/strong><\/span><\/div>\n<p><span lang=\"FR\"><\/p>\n<p><font><\/p>\n<div align=\"center\" dir=\"ltr\"><font face=\"Arial\" size=\"2\"><\/p>\n<hr\/>\n<p><\/font><\/div>\n<div>\n<div>\n<p><font face=\"Arial\" size=\"2\"><strong>Reporters sans fronti\u00e8res: TUNISIE &#8211; Des journalistes brutalement agress\u00e9s dans le centre-ville de Tunis<\/strong><\/font><\/p>\n<\/div>\n<div><font face=\"Arial\" size=\"2\"><strong>Reporters Without Borders: TUNISIA &#8211; Journalists beaten by police in central Tunis<\/strong><\/font><\/div>\n<div><font face=\"Arial\" size=\"2\"><strong>FTCR: Communiqu\u00e9<\/strong><\/font><\/div>\n<div><font face=\"Arial\" size=\"2\"><strong>Manifeste pour la cr\u00e9ation du \u00ab\u00a0Courant\u00a0\u00bb Obligations et Droits (R\u00e9volutionnaire et Progressiste)<\/strong><\/font><\/div>\n<div>\n<h2 style=\"color: red;\"><font face=\"Arial\" size=\"2\"><strong>Reuters: Tunisian police break up anti-government protest<\/strong><\/font><\/h2>\n<\/div>\n<div><font face=\"Arial\" size=\"2\"><strong>AFP: Violente dispersion d&rsquo;une manifestation anti-gouvernementale \u00e0 Tunis<\/strong><\/font><\/div>\n<div>\n<h2 style=\"color: red;\"><font face=\"Arial\" size=\"2\"><strong>ANSA: Tunisia: polizia disperde con la forza manifestanti a Tunisi<\/strong><\/font><\/h2>\n<\/div>\n<div><font face=\"Arial\" size=\"2\"><strong>AFP: Manifestations r\u00e9prim\u00e9es \u00e0 Tunis: excuses du minist\u00e8re de l&rsquo;Int\u00e9rieur<\/strong><\/font><\/div>\n<div>\n<h2 style=\"color: red;\"><font face=\"Arial\" size=\"2\"><strong>AFP: Tunisie: le minist\u00e8re de la D\u00e9fense d\u00e9nonce les propos d&rsquo;un ancien ministre<\/strong><\/font><\/h2>\n<\/div>\n<div>\n<h2 style=\"color: red;\"><font face=\"Arial\" size=\"2\"><strong><font>AFP: Tunis: 15 journalistes frapp\u00e9s par des policiers dans des manifestations<\/font> <\/strong><\/font><\/h2>\n<\/div>\n<div>\n<h2 style=\"color: red;\"><font face=\"Arial\" size=\"2\"><strong>AFP: Pr\u00e8s de 800 immigr\u00e9s arriv\u00e9s en un seul jour d&rsquo;Afrique du Nord \u00e0 Lampedusa<\/strong><\/font><\/h2>\n<\/div>\n<div><font face=\"Arial\" size=\"2\"><strong>AFP: France: un opposant tunisien d\u00e9nonce le \u00ab\u00a0traitement indigne\u00a0\u00bb des migrants<\/strong><\/font><\/div>\n<div>\n<h2 style=\"color: red;\"><font face=\"Arial\" size=\"2\"><strong>Reuters: INTERVIEW-Europe failing Tunisia, says regional lender<\/strong><\/font><\/h2>\n<\/div>\n<div>\n<hr\/>\n<\/div>\n<\/div>\n<div><font face=\"Arial\" size=\"4\"><strong>REVUE DE PRESSE<\/strong><\/font> <\/div>\n<div>\n<hr\/>\n<\/div>\n<div align=\"center\"><font face=\"Arial\" size=\"2\"><strong>Reporters sans fronti\u00e8res: <font size=\"3\"> <\/font><\/strong><\/font><\/p>\n<h2 style=\"color: red;\"><font face=\"Arial\"><strong>TUNISIE &#8211; Des journalistes brutalement agress\u00e9s dans le centre-ville de Tunis<\/strong><\/font><\/h2>\n<\/div>\n<div align=\"center\">\n<hr\/>\n<\/div>\n<div align=\"justify\">\u00a0<\/div>\n<div align=\"justify\"><font face=\"Arial\" size=\"2\">\u00ab La violence d\u00e9ploy\u00e9e par les policiers au cours des derniers jours contre les journalistes rappelle de mauvais souvenirs, comme si les anciennes m\u00e9thodes \u00e9taient de retour, pr\u00e8s de quatre mois seulement apr\u00e8s la chute de Zine el-Abidine Ben Ali. Nous demandons au gouvernement de transition d\u2019ouvrir une enqu\u00eate sur ces incidents et de donner des instructions claires aux forces de l\u2019ordre afin que de telles pratiques cessent \u00bb, a d\u00e9clar\u00e9 Jean-Fran\u00e7ois Julliard, secr\u00e9taire g\u00e9n\u00e9ral de Reporters sans fronti\u00e8res.<\/font><\/div>\n<div align=\"justify\">\u00a0<\/div>\n<div align=\"justify\"><font face=\"Arial\" size=\"2\">Le 6 mai 2011, un journaliste du quotidien francophone La Presse, Abdelfattah Belaid, a \u00e9t\u00e9 agress\u00e9 par des policiers dans les locaux de son journal.<\/font><\/div>\n<div align=\"justify\">\u00a0<\/div>\n<div align=\"justify\"><font face=\"Arial\" size=\"2\">Abdelfattah Belaid \u00e9tait en train de prendre des photos de policiers r\u00e9primant des manifestants avenue Bourguiba, \u00e0 Tunis, lorsqu\u2019il a \u00e9t\u00e9 pris en chasse par trois agents de police. Ces derniers l\u2019ont poursuivi jusqu\u2019au si\u00e8ge du journal situ\u00e9 \u00e0 une cinquantaine de m\u00e8tres. Ils n\u2019ont pas h\u00e9sit\u00e9 \u00e0 monter dans les \u00e9tages, tabassant le journaliste avec une barre de fer sur la t\u00eate, alors qu\u2019il se trouvait au troisi\u00e8me \u00e9tage du b\u00e2timent. Ils lui ont enlev\u00e9 ses chaussures et pris ses appareils photos. Le journaliste a \u00e9t\u00e9 transf\u00e9r\u00e9 dans une clinique pour y faire des scanners.<\/font><\/div>\n<div align=\"justify\">\u00a0<\/div>\n<div align=\"justify\"><font face=\"Arial\" size=\"2\">Contact\u00e9 par Reporters sans fronti\u00e8res, Sofiane Ben Farhat, r\u00e9dacteur en chef du journal La Presse, a exprim\u00e9 son \u00e9moi : \u00ab Nous sommes choqu\u00e9s par ce qui est arriv\u00e9 \u00e0 notre confr\u00e8re. Je m\u2019inscris contre ces pratiques qui remontent \u00e0 un autre \u00e2ge. Au lendemain de la Journ\u00e9e internationale de la libert\u00e9 de la presse, il y a d\u2019autres signes forts \u00e0 envoyer que celui de la chasse \u00e0 l\u2019homme d\u2019un journaliste. Nous avons demand\u00e9 au Syndicat des Journalistes d\u2019entrer en contact avec les autorit\u00e9s afin que cela cesse. \u00bb<\/font><\/div>\n<div align=\"justify\">\u00a0<\/div>\n<div align=\"justify\"><font face=\"Arial\" size=\"2\">La veille d\u00e9j\u00e0, des policiers avaient agress\u00e9 une journaliste de Radio Kalima, Marwa Rekik, qui r\u00e9alisait un reportage avenue Bourguiba, en fin d\u2019apr\u00e8s-midi. Violemment frapp\u00e9e \u00e0 la t\u00eate, la journaliste a d\u00fb \u00eatre hospitalis\u00e9e.<\/font><\/div>\n<div align=\"justify\">\u00a0<\/div>\n<div align=\"justify\"><font face=\"Arial\" size=\"2\">La capitale tunisienne est secou\u00e9e par une nouvelle onde de chocs depuis la diffusion, dans la soir\u00e9e du 4 mai dernier, d\u2019une vid\u00e9o dans laquelle Farhat Rajhi, ancien ministre de l\u2019Int\u00e9rieur du gouvernement Essebsi, qualifi\u00e9 de \u00ab Monsieur Propre \u00bb, film\u00e9 selon lui \u00e0 son insu, est revenu les conditions de son \u00e9viction, ainsi que sur la nomination, contre son gr\u00e9 de RCDistes aux postes de gouverneurs. \u00ab Depuis, la crispation des policiers est r\u00e9elle. On constate un r\u00e9el durcissement des m\u00e9thodes \u00e0 l\u2019\u00e9gard des journalistes \u00bb, a d\u00e9clar\u00e9 Sofiane Ben Farhat \u00e0 Reporters sans fronti\u00e8res.<\/font><\/div>\n<div align=\"justify\">\u00a0<\/div>\n<div align=\"justify\"><font face=\"Arial\" size=\"2\">&#8212;&#8212;&#8212;<\/font><\/div>\n<hr\/>\n<div align=\"justify\">\u00a0<\/div>\n<div align=\"center\"><font face=\"Arial\" size=\"2\"><strong>Reporters Without Borders<\/strong><\/font><\/div>\n<div align=\"center\">\n<h2 style=\"color: red;\"><font face=\"Arial\"><strong>TUNISIA &#8211; Journalists beaten by police in central Tunis<\/strong><\/font><\/h2>\n<\/div>\n<div align=\"center\">\n<hr\/>\n<\/div>\n<div align=\"justify\">\u00a0<\/div>\n<div align=\"justify\"><font face=\"Arial\" size=\"2\">Reporter Abdelfattah Belaid was brutally attacked in Tunis today by police officers who pursued him into the headquarters of his newspaper, the French-language daily La Presse, after spotting him taking pictures of them dispersing protesters in the street outside. He was the second journalist to be beaten by police in Tunis in the past 24 hours.<\/font><\/div>\n<div align=\"justify\">\u00a0<\/div>\n<div align=\"justify\"><font face=\"Arial\" size=\"2\">\u201cThe police violence against journalists in the past two days is like a bad memory,\u201d Reporters Without Borders secretary-general Jean-Fran\u00e7ois Julliard said. \u201cIt is as if the old methods were back just four months after President Zine el-Abidine Ben Ali\u2019s fall. We urge the transitional government to investigate these incidents and to order the security forces to put a stop to such practices.\u201d<\/font><\/div>\n<div align=\"justify\">\u00a0<\/div>\n<div align=\"justify\"><font face=\"Arial\" size=\"2\">Belaid was photographing police officers using force to disperse demonstrators on Bourguiba Avenue when three police noticed him and set off in pursuit. They pursued him right inside the newspaper\u2019s building, located 50 metres away, finally catching him on the third floor, where they beat him over the head with a metal bar before leaving with his cameras and shoes.<\/font><\/div>\n<div align=\"justify\">\u00a0<\/div>\n<div align=\"justify\"><font face=\"Arial\" size=\"2\">He was taken to a hospital to be examined with a scanner.<\/font><\/div>\n<div align=\"justify\">\u00a0<\/div>\n<div align=\"justify\"><font face=\"Arial\" size=\"2\">La Presse editor Sofiane Ben Farhat told Reporters Without Borders: \u201cWe are shocked by what happened to our colleague. I oppose such practices, which date back to another era. Chasing journalists is not the message that should be sent in the days following World Press Freedom Day. We have asked the Union of Journalists to contact the authorities and get this stopped.\u201d<\/font><\/div>\n<div align=\"justify\">\u00a0<\/div>\n<div align=\"justify\"><font face=\"Arial\" size=\"2\">Radio Kalima reporter Marwa Rekik was attacked and beaten over the head by police officers while covering a demonstration on Bourguiba Avenue late yesterday afternoon. She had to be hospitalized.<\/font><\/div>\n<div align=\"justify\">\u00a0<\/div>\n<div align=\"justify\"><font face=\"Arial\" size=\"2\">Tunis has been in turmoil and rocked by protests since the broadcasting of controversial comments by former interior minister Farhat Rajhi, known as \u201cMr. Clean,\u201d on the evening of 4 May. In his comments, which he says were filmed without his knowledge, he talked about his removal from the government and the appointment of members of Ben Ali\u2019s RCD party as governors against his will.<\/font><\/div>\n<div align=\"justify\">\u00a0<\/div>\n<div align=\"justify\"><font face=\"Arial\" size=\"2\">\u201cEver since then, there has been a lot of tension within the police,\u201d La Presse editor Farhat told Reporters Without Borders. \u201cAnd we have seen that the methods they use with journalist have become much tougher.\u201d<\/font><\/div>\n<div>\n<hr\/>\n<\/div>\n<div align=\"center\">\n<h2 style=\"color: red;\"><font face=\"Arial\"><strong>LA R\u00c9PRESSION CONTRE LES MIGRANTS DE LA R\u00c9VOLUTION TUNISIENNE S\u2019AGGRAVE<\/strong><\/font><\/h2>\n<\/div>\n<div align=\"center\"><font face=\"Arial\" size=\"2\"><strong><\/p>\n<h3 style=\"color: blue;\"><font size=\"3\">LE SCANDALE DU GOUVERNEMENT ITALIEN<\/font><\/h3>\n<p><\/strong> <\/font><\/div>\n<div align=\"center\">\n<hr\/>\n<\/div>\n<div align=\"justify\">\u00a0<\/div>\n<div align=\"justify\">\u00a0<\/div>\n<div align=\"justify\"><font face=\"Arial\" size=\"2\">La v\u00e9rit\u00e9 vient d\u2019\u00e9clater sur la r\u00e9alit\u00e9 des papiers provisoires accord\u00e9s par le gouvernement italien aux jeunes migrants tunisiens arriv\u00e9s par l\u2019ile de Lampedusa : \u00e0 peine 6000 permis ont \u00e9t\u00e9 octroy\u00e9s, loin des 22800 claironn\u00e9s. La F.T.C.R. d\u00e9nonce ce scandale impos\u00e9 par l\u2019entente franco-italienne contre la jeunesse immigr\u00e9e de la r\u00e9volution tunisienne. <\/font><\/div>\n<div align=\"justify\">\u00a0<\/div>\n<div align=\"justify\"><font face=\"Arial\" size=\"2\">La gr\u00e8ve commenc\u00e9e le 2 mai par 80 tunisiens \u00e0 Intimid\u00e9e en Italie a du se d\u00e9placer sur la plage pour \u00e9chapper \u00e0 la r\u00e9pression polici\u00e8re. Ils demandent la r\u00e9gularisation de leurs situations, un permis de travail et la libert\u00e9 de circulation en Europe.<\/font><\/div>\n<div align=\"justify\">\u00a0<\/div>\n<div align=\"justify\"><font face=\"Arial\" size=\"2\">A Rennes une gr\u00e8ve de la faim de migrants tunisiens a commenc\u00e9 hier. Dans la plus grande partie des centres de r\u00e9tention : en Ile-de-France, Marseille Nice il y a des centaines de jeunes tunisiens retenus \u00e0 l\u2019issu de rafles cibl\u00e9es et racistes. <\/font><\/div>\n<div align=\"justify\">\u00a0<\/div>\n<div align=\"justify\">\u00a0<\/div>\n<div align=\"justify\"><font face=\"Arial\" size=\"2\">La F.T.C.R. appelle \u00e0 la mobilisation g\u00e9n\u00e9rale des citoyenEs, associations, syndicats organisations politiques et forces d\u00e9mocratiques et humanitaires pour arr\u00eater cette d\u00e9ferlante r\u00e9pressive contre les jeunes migrants tunisiens. <\/font><\/div>\n<div align=\"justify\">\u00a0<\/div>\n<div align=\"justify\">\u00a0<\/div>\n<div align=\"justify\"><font face=\"Arial\" size=\"2\">La F.T.C.R. r\u00e9clame la lib\u00e9ration imm\u00e9diate de tous les retenus, la fin des rafles cibl\u00e9es et racistes, une r\u00e9gularisation exceptionnelle et l\u2019ouverture de n\u00e9gociations sans d\u00e9lais pour la mise en place d\u2019un plan de formation professionnel pour ceux qui le veulent.<\/font><\/div>\n<div align=\"justify\">\u00a0<\/div>\n<div align=\"justify\"><font face=\"Arial\" size=\"2\">Pour la F.T.C.R.<\/font><\/div>\n<div align=\"justify\"><font face=\"Arial\" size=\"2\">Le pr\u00e9sident Tarek BEN HIBA<\/font><\/div>\n<div align=\"justify\"><font face=\"Arial\" size=\"2\">Le 6 MAI 2011<\/font><\/div>\n<div align=\"justify\">\u00a0<\/div>\n<hr\/>\n<p><span><\/p>\n<p align=\"center\">\n<h3 style=\"color: blue;\"><font face=\"Arial\" size=\"2\"><strong>What kind of Democracy for the New Tunisia: Islamic or Secular?<\/strong><\/font><\/h3>\n<\/p>\n<p><\/span><\/p>\n<div align=\"center\"><span><span><strong><font face=\"Arial\" size=\"2\">By Hamadi Jebali<\/font><\/strong><\/span><em> <font face=\"Arial\" size=\"2\"><font>Secretary General al-Nahda Party in Tunisia<\/font>  \u00a0<\/font><\/em><\/span><\/div>\n<p><\/font><\/p>\n<p><\/span><\/p>\n<div align=\"justify\"><font face=\"Arial\" size=\"2\"><strong>Hamadi Jebali<\/strong> was born 1949 in Sousse, Tunisia. He graduated from the French engineering school \u00ab\u00a0Arts et M\u00e9tiers\u00a0\u00bb in 1980 with an engineering degree in energy. He participated in many civil society activities during his 10 year stay in France, and was one of the founders of the French Muslim Association, and participated in inter-religion dialogue. He came back to Tunis in 1981, and became a member of the political bureau of the Islamic Tendency Movement. He became president of the movement from 1981 to 1984. He was condemned to perpetuity because of his political views in 1987. After Ben Ali came to power in November 1987, Mr. Jebali became the political director of Nahda, and director of the newspaper \u00ab\u00a0El Fajr\u00a0\u00bb, the official newspaper of the party. In 1990, he was condemned for 16 years of prison, because of his political views and affiliation with al-Nahda, and spent 10 years in solitary confinement while in jail. He was freed in 2006. Then, he reintegrated the Nahda party, and became the Secretary General of the party.<\/font><\/div>\n<p align=\"justify\">\u00a0<\/p>\n<div align=\"justify\"><font size=\"2\"> \u00a0<\/font><\/div>\n<p align=\"justify\"><strong><\/p>\n<h3 style=\"color: blue;\"><font face=\"Arial\" size=\"2\">Monday, May 9, 2011<\/font><\/h3>\n<p><\/strong><\/p>\n<p align=\"justify\"><strong><\/p>\n<h3 style=\"color: blue;\"><font face=\"Arial\" size=\"2\">4:00 to 5:30 PM<\/font><\/h3>\n<p><\/strong><\/p>\n<p align=\"justify\"><font face=\"Arial\" size=\"2\">The Henry L. Stimson Center<\/font><\/p>\n<p align=\"justify\"><font face=\"Arial\" size=\"2\">1111 19th Street, NW, 12th Floor<\/font><\/p>\n<p align=\"justify\"><font face=\"Arial\" size=\"2\">Washington, DC, 20036<\/font><\/p>\n<p align=\"justify\">\u00a0<\/p>\n<p align=\"justify\"><font face=\"Arial\" size=\"2\">Seating is limited &#8211; please rsvp to:<\/font><\/p>\n<p align=\"justify\"><a href=\"mailto:rsvp@islam-democracy.org\" shape=\"rect\"><font face=\"Arial\" size=\"2\">rsvp@islam-democracy.org<\/font><\/a><font face=\"Arial\"><\/font><\/p>\n<p align=\"justify\">\u00a0<\/p>\n<p align=\"center\"><b><span lang=\"FR\"><\/p>\n<h3 style=\"color: blue;\"><font face=\"Arial\">\u00ab La Tunisie de la R\u00e9volution \u00bb au Festival de Cannes<\/font><\/h3>\n<p><\/span><\/b><\/p>\n<p align=\"center\"><b><span lang=\"FR\"><\/p>\n<h3 style=\"color: blue;\"><font face=\"Arial\">Feel Free to film in Tunisia<\/font><\/h3>\n<p><\/span><\/b><\/p>\n<p align=\"center\"><b><span lang=\"FR\"><\/span><\/b><\/p>\n<hr\/>\n<p>\u00a0<\/p>\n<p align=\"justify\">\u00a0<\/p>\n<p align=\"justify\">\u00a0<\/p>\n<p align=\"justify\"><b><span lang=\"FR\"><font face=\"Arial\">Chambre nationale des producteurs de films<\/font><\/span><\/b><\/p>\n<p align=\"justify\">\u00a0<\/p>\n<p align=\"justify\"><b><span lang=\"FR\"><font face=\"Arial\">Festival de Cannes 2011-Pavillon Tunisie N\u00b0107 : <\/font><\/span><\/b><\/p>\n<p align=\"justify\">\u00a0<\/p>\n<p align=\"justify\"><span lang=\"FR\"><font face=\"Arial\">Comme d\u2019accoutum\u00e9e, la Chambre Nationale des Producteurs de Films a mis en \u0153uvre- avec le concours de l\u2019Association des Cin\u00e9astes tunisiens \u2013bureau provisoire- la participation tunisienne \u00e0 la 64<sup>\u00e8me<\/sup> session du Festival de Cannes (11-22 mai) sous l\u2019\u00e9gide du Minist\u00e8re de la Culture. Cette participation sera manifeste et mise en exergue gr\u00e2ce \u00e0 la s\u00e9lection du film tunisien \u00ab Plus jamais peur \u00bb de Mourad Becheick produit par Habib Attia dans la s\u00e9lection officielle \u00ab s\u00e9ances sp\u00e9ciales \u00bb<\/font><\/span><\/p>\n<p align=\"justify\"><span lang=\"FR\"><font face=\"Arial\">La 64<sup>\u00e8me<\/sup> session du festival de Cannes rendra un vibrant hommage au cin\u00e9ma tunisien en la personne de feu Tahar Cheriaa, fondateur des Journ\u00e9es Cin\u00e9matographiques de Carthage, et ce en partenariat avec l\u2019Organisation Internationale de Francophonie. Tandis qu\u2019une rencontre autour de la production cin\u00e9matographique tunisienne et des perspectives d\u2019entraide et de coproduction tuniso-fran\u00e7aise est pr\u00e9vue le 17 mai 2011, r\u00e9unissant jeunes op\u00e9rateurs fran\u00e7ais et tunisiens sous l\u2019\u00e9gide de l\u2019Association des Producteurs Fran\u00e7ais. Partant, six jeunes cin\u00e9astes sont invit\u00e9s \u00e0 prendre part \u00e0 cette 64<sup>\u00e8me<\/sup> session afin de pr\u00e9senter leurs cr\u00e9ations et concourir \u00e0 la distribution de leurs ouvrages. Par ailleurs, l\u2019Institut fran\u00e7ais de coop\u00e9ration \u00e0 Tunis a s\u00e9lectionn\u00e9 5 films dans la cat\u00e9gorie des \u00ab Courts m\u00e9trages \u00bb dont ceux de Moez Ben Hassen, Mohamed Ben Attia, Malik Amara, Amen Gharbi, Nasreddine Maati, en plus du film \u00ab D\u2019Amour et d\u2019eau \u00bb de Ghanem Ghaouar.<\/font><\/span><\/p>\n<p align=\"justify\"><span lang=\"FR\"><font face=\"Arial\">A noter aussi la participation de Khaled Barsaoui et Mohamed Ali Ben Hamra \u00e0 l\u2019atelier des producteurs. Par ailleurs, le pavillon 107 du Village international accueillera des rencontres professionnelles entre cin\u00e9astes et producteurs tunisiens dans le dessein de promouvoir de nouveaux horizons porteurs de projets de coproduction dans ce contexte mutant et hautement symbolique que connait la R\u00e9volution tunisienne depuis le 14 janvier 2011. De m\u00eame qu\u2019il est pr\u00e9vu de projeter le film documentaire d\u2019Ilyes Baccar au pavillon tunisien du Village international, relatant des images de la R\u00e9volution et des diff\u00e9rentes vid\u00e9os qui en t\u00e9moignent. Enfin et au march\u00e9 du film, la Chambre Nationale Tunisienne des Producteurs de Films essaiera de promouvoir l\u2019image d\u2019une \u00abTunisie nouvelle \u00bb port\u00e9e \u00e0 l\u2019aune de la nouvelle phase politique et culturelle qu\u2019elle traverse, comme grande destination de tournage et de production visuelle, moyennant une \u00e9clatante campagne publicitaire et de communication au niveau des magazines et revues sp\u00e9cialis\u00e9s.<\/font><\/span><\/p>\n<p align=\"justify\">\u00a0<\/p>\n<p align=\"justify\">\u00a0<\/p>\n<p align=\"justify\"><b><u><span lang=\"FR\"><font face=\"Arial\">Programme :<\/font><\/span><\/u><\/b><\/p>\n<p align=\"justify\"><span lang=\"FR\"><font face=\"Arial\">Pr\u00e9sence d\u2019une forte d\u00e9l\u00e9gation de cin\u00e9astes tunisiens (producteurs et r\u00e9alisateurs) dont six jeunes cin\u00e9astes invit\u00e9s par la chambre nationale des producteurs de films<\/font><\/span><\/p>\n<p align=\"justify\"><b><span lang=\"FR\"><font face=\"Arial\">Projection de films et exposition<\/font><\/span><\/b><\/p>\n<p align=\"justify\"><span lang=\"FR\"><font face=\"Arial\">-Documentaire sur la Tunisie nouvelle de 10\u2019 environ du r\u00e9alisateur Elyess Baccar, \u00e0 projeter au pavillon<\/font><\/span><\/p>\n<p align=\"justify\"><span lang=\"FR\"><font face=\"Arial\">-Projection de films tunisiens longs au march\u00e9 du film : <\/font><\/span><\/p>\n<p align=\"justify\"><font face=\"Arial\"><b><span lang=\"FR\"><font>les Palmiers bless\u00e9s<\/font><\/span><\/b><span lang=\"FR\"><font> de abdellatif Ben Ammar le 18 \u00e0 12H au gray d\u2019Albion 1<\/font><\/span><\/font><\/p>\n<p align=\"justify\"><span lang=\"FR\"><font face=\"Arial\">Projection du documentaire \u00ab <b>ni Allah ni ma\u00eetre<\/b> \u00bb de Nadia Fani, dans une salle du march\u00e9 ( hors programme pavillon) <\/font><\/span><\/p>\n<p align=\"justify\"><span lang=\"FR\"><font face=\"Arial\">-Projection d\u2019une trentaine de courts m\u00e9trages au march\u00e9 du film dans les salles du Gray d\u2019Albion<\/font><\/span><\/p>\n<p align=\"justify\"><span lang=\"FR\"><font face=\"Arial\"><font>Le 18 \u00e0 14H ; le 19 \u00e0 10H et \u00e0 12H au Gray 3 et le <\/font><span><font>19 Mai, Gray 5, 16h<\/font><\/span><\/font><\/span><\/p>\n<p align=\"justify\"><span lang=\"FR\"><font face=\"Arial\">-Projection de 5 court-m\u00e9trages au short film corner : s\u00e9lection faite par <b>l\u2019IFC <\/b>en pr\u00e9sence de jeunes r\u00e9alisateurs<\/font><\/span><\/p>\n<p align=\"justify\"><span lang=\"FR\"><font face=\"Arial\">-Projection de court-m\u00e9trages au pavillon : suivant s\u00e9lection<\/font><\/span><\/p>\n<p align=\"justify\"><font face=\"Arial\"><b><span lang=\"FR\"><font>&#8211;<\/font><\/span><\/b><span lang=\"FR\"><font>Exposition d\u2019une s\u00e9rie de posters sur la r\u00e9volution au pavillon <\/font><\/span><\/font><\/p>\n<p align=\"justify\">\u00a0<\/p>\n<p align=\"justify\"><span lang=\"FR\"><font face=\"Arial\">-Exposition d\u2019affiches de films et posters sponsors<\/font><\/span><\/p>\n<p align=\"justify\">\u00a0<\/p>\n<p align=\"justify\"><font face=\"Arial\"><b><span lang=\"FR\"><font>Hommage \u00e0 Taher Ch\u00e9riaa<\/font><\/span><\/b><span lang=\"FR\"><font> en association avec <\/font><b><font>l\u2019OIF<\/font><\/b><\/span><\/font><\/p>\n<p align=\"justify\">\u00a0<\/p>\n<p align=\"justify\"><span lang=\"FR\"><font face=\"Arial\">-Affichage de posters de Taher Ch\u00e9riaa au pavillon<\/font><\/span><\/p>\n<p align=\"justify\"><span lang=\"FR\"><font face=\"Arial\">-Conf\u00e9rence de presse le 13 \u00e0 15h au pavillon Cin\u00e9ma du monde et projection du film de Med Challouf \u00ab A l\u2019ombre du baobab \u00bbsur la vie de Taher Cheriaa ; dans une salle du march\u00e9<\/font><\/span><\/p>\n<p align=\"justify\"><span lang=\"FR\"><font face=\"Arial\">-invitation de la chef monteuse du film Kahena Attia<\/font><\/span><\/p>\n<p align=\"justify\">\u00a0<\/p>\n<p align=\"justify\">\u00a0<\/p>\n<p align=\"justify\"><font face=\"Arial\"><b><span lang=\"FR\"><font>La Tunisie \u00e0 L\u2019honneur<\/font><\/span><\/b><\/font><\/p>\n<p align=\"justify\">\u00a0<\/p>\n<p align=\"justify\"><span lang=\"FR\"><font face=\"Arial\">&#8211;<b>S\u00e9ance sp\u00e9ciale<\/b> (S\u00e9lection officielle) le 20 mai \/ projection du documentaire sur la r\u00e9volution tunisienne \u00ab <b>Plus jamais peur<\/b> \u00bbde Mourad Cheikh ; <\/font><\/span><\/p>\n<p align=\"justify\"><font face=\"Arial\"><b><span lang=\"FR\"><font>-Meeting<\/font><\/span><\/b><span lang=\"FR\"><font>organis\u00e9 par le CNC entre producteurs fran\u00e7ais et tunisiens le <b>17 <\/b>au pavillon CNC suivi d\u2019un cocktail<\/font><\/span><\/font><\/p>\n<p align=\"justify\"><font face=\"Arial\"><b><span lang=\"FR\"><font>-Mont\u00e9e des marches le 11 mai <\/font><\/span><\/b><span lang=\"FR\"><font>de cin\u00e9astes tunisiens avec le ministre de la culture et de la communication fran\u00e7ais de la d\u00e9l\u00e9gation tunisienne<\/font><\/span><\/font><\/p>\n<p align=\"justify\">\u00a0<\/p>\n<p align=\"justify\"><b><span lang=\"FR\"><font face=\"Arial\">Programme d\u2019incitations au tournages de films \u00e9trangers en Tunisie :<\/font><\/span><\/b><\/p>\n<p align=\"justify\">\u00a0<\/p>\n<p align=\"justify\"><span lang=\"FR\"><font face=\"Times New Roman\"><font>&#8211;<\/font><span><font><\/font><\/span><\/font><\/span><span lang=\"FR\"><font face=\"Arial\"><font>m\u00e9diatisation de la Tunisie nouvelle sous le slogan :<\/font><\/font><\/span><\/p>\n<p align=\"justify\"><font face=\"Arial\"><b><span lang=\"FR\"><font>Feel Free to film in Tunisia <\/font><\/span><\/b><span lang=\"FR\"><font>\u00e0 travers des affichages au march\u00e9 du film et des insertions dans des catalogues et revues sp\u00e9cialis\u00e9es \u00e9dit\u00e9es pendant le festival<\/font><\/span><\/font><\/p>\n<p align=\"justify\"><span lang=\"FR\"><font face=\"Times New Roman\"><font>&#8211;<\/font><span><font><\/font><\/span><\/font><\/span><span lang=\"FR\"><font face=\"Arial\"><font>rencontres avec des producteurs de toute nationalit\u00e9 sur le pavillon<\/font><\/font><\/span><\/p>\n<p align=\"justify\">\u00a0<\/p>\n<p align=\"justify\">\u00a0<\/p>\n<p align=\"justify\">\u00a0<\/p>\n<p align=\"justify\">\u00a0<\/p>\n<p align=\"center\"><span lang=\"FR\"><font face=\"Arial\"><font>Pour toute information et suivi, pri\u00e8re prendre contact avec l\u2019attach\u00e9 de presse qui sera sur les lieux pendant la 64<sup>\u00e8me<\/sup> session du Festival de Cannes.<\/font><\/font><\/span><\/p>\n<p align=\"center\" dir=\"rtl\"><b><span lang=\"AR-TN\"><font face=\"Arial\">21553867 &#8211; 98267506<\/font><\/span><\/b><\/p>\n<p align=\"center\" dir=\"rtl\"><b><span lang=\"FR\"><a href=\"mailto:boughallebmoh@yahoo.fr\"><span dir=\"ltr\"><font face=\"Arial\">boughallebmoh@yahoo.fr<\/font><\/span><\/a><\/span><span dir=\"ltr\" lang=\"FR\"><font face=\"Arial\"><\/font><\/span><\/b><\/p>\n<p>\u00a0<\/p>\n<p><b><span lang=\"FR\"><font face=\"Arial\">Lotfi Layouni<\/font><\/span><\/b><\/p>\n<p><b><span lang=\"FR\"><font face=\"Arial\">Responsable de la Manifestation<\/font><\/span><\/b><\/p>\n<p><b><span lang=\"FR\"><font><a href=\"mailto:amilcarfilms@yahoo.fr\"><span><font face=\"Arial\">amilcarfilms@yahoo.fr<\/font><\/span><\/a><\/font><font face=\"Arial\"><\/font><\/span><\/b><\/p>\n<div>\n<hr\/>\n<\/div>\n<div align=\"center\">\n<h3 style=\"color: blue;\"><font face=\"Arial\" size=\"3\"><strong>Manifeste pour la cr\u00e9ation du \u00ab\u00a0Courant\u00a0\u00bb Obligations et Droits (R\u00e9volutionnaire et Progressiste)<\/strong><\/font><\/h3>\n<\/div>\n<div align=\"center\"><font face=\"Arial\"><\/p>\n<hr\/>\n<p>  \u00a0<\/font><\/div>\n<div align=\"justify\"><font size=\"2\">Remarques de pr\u00e9sentation : &#8211; le choix de courant peut se justifier par l&rsquo;intention d\u00e9lib\u00e9r\u00e9e d&rsquo;\u00e9viter la confusion avec la notion galvaud\u00e9e, d\u00e9valoris\u00e9e et grandiloquente de \u00ab\u00a0partis\u00a0\u00bb chez nous (m\u00eame le RCD avec plus de deux millions d&rsquo;affili\u00e9s officiellement est apparu comme un g\u00e9ant aux pieds d&rsquo;argile). Ces partis ne comportent, jusqu&rsquo;\u00e0 nouvel ordre, ni la maturit\u00e9 stable d&rsquo;un corps politique ni l&rsquo;ossature v\u00e9ritable d&rsquo;organisation (partis sous-d\u00e9velopp\u00e9s dans la forme et le fond ou groupuscules, pr\u00e9-partis ou clans).<\/font><\/div>\n<p><font face=\"Arial\"><\/p>\n<div align=\"justify\"> <font size=\"2\">Nous en savons assez sur ceux, l\u00e9gaux ou clandestins, qui ont pu survivre \u00e0 la lame de fonds qui a emport\u00e9 le dictateur Ben Ali et ont sembl\u00e9 indiff\u00e9rents au refus de plusieurs secteurs de l&rsquo;opinion de les \u00e9couter. Force est de constater que tout soul\u00e8vement s\u00e9rieux ou agitation populaire se d\u00e9roule, hier comme aujourd&rsquo;hui en dehors d&rsquo;eux si ce n&rsquo;est pas contre. A fortiori la glorieuse r\u00e9volution du 14 janvier. Au lieu de revoir en profondeur les m\u00e9thodes, les pratiques et les programmes, ces partis se sont mis \u00e0 man\u0153uvrer, par opportunisme ou parfois arrivisme, utilisant des moyens peu cr\u00e9dibles (alliance sans principesentre adversaires d&rsquo;hier entrisme dans les organisations) et esp\u00e9rant r\u00e9cup\u00e9rer la dynamique de la r\u00e9volution pour un second souffle.<\/font><\/div>\n<p><font face=\"Arial\"><\/p>\n<div align=\"justify\"> <font size=\"2\">&#8211; La d\u00e9nomination \u00ab\u00a0Obligations et Droits\u00a0\u00bb couvre d&#8217;embl\u00e9e un champs de valeurs ressuscit\u00e9 par les aspirations des masses et pr\u00e9vient contre les d\u00e9rives apparues apr\u00e8s 14 janvier. Elle constitue \u00e0 la fois la rupture avec l&rsquo;\u00e8re r\u00e9volue de l&rsquo;arbitraire et la distance par rapport \u00e0 plusieurs composantes du paysage politique actuel, ce nouveau \u00ab\u00a0Hyde Park\u00a0\u00bb (ou Souk Oukadh). Il faut \u00e9viter la cacophonie cr\u00e9\u00e9e par cette foultitude de partis dont certains ne se soucient que de la gestion d&rsquo;anciens fonds de commerce avec \u00e0 l&rsquo;appui la promotion de nouveaux dirigeants ou l&rsquo;achalandage de nouvelles vitrines de propagande et l\u2019on se demande o\u00f9 sont les objectifs de la r\u00e9volution dans ces slogans populistes qui enrobent un substrat ancien d\u00e9pass\u00e9? Tandis que, d&rsquo;autre part, les partis nouveaux venus, ne semblent pas s&rsquo;\u00eatre trop cass\u00e9 la t\u00eate quand ils r\u00e9\u00e9ditent des plats r\u00e9chauff\u00e9s on se contentent de se copier entre eux dans l&rsquo;appellation (du genre marquise de vos beaux yeux je suis amoureux \u2026).  Ceci pour la forme, quant au fonds, plusieurs l\u00e8vent l&rsquo;\u00e9tendard du lib\u00e9ralisme, soit pour revenir au parti de Thaalbi des ann\u00e9es 1930 ou dans l&rsquo;intention de soumettre le pays \u00e0 des doses surajout\u00e9es de capitalisme d\u00e9brid\u00e9 comme ceux dits socialiste dont on ne sait de quel socialisme \u00ab\u00a0r\u00e9el\u00a0\u00bb ou utopique, ou celui qui de nombreux grands penseurs actuels n&rsquo;ont pas encore r\u00e9ussi \u00e0 d\u00e9finir les contours, ou enfin ceux qui se pr\u00e9valent de la gauche avant que la g\u00e9ographie ne soit compl\u00e8tement achev\u00e9e! De surcro\u00eet ces escouades de partis n&rsquo;ont pas chang\u00e9 d&rsquo;un iota la spontan\u00e9it\u00e9 des mouvements importants des masses et n&rsquo;ont pas emp\u00each\u00e9 les organisations civiles et les syndicats de continuer \u00e0 exercer un r\u00f4le politique! Aux partis de suivre ou de s&rsquo;absenter! Posons maintenant les questions charni\u00e8res suivantes \u00e0 propos de la cr\u00e9ation du \u00ab\u00a0Courant des Obligations et des Droits\u00a0\u00bb<\/font><\/div>\n<div align=\"justify\"> <font size=\"2\">Pourquoi? Comment? Et quand?  <strong>1) R\u00e9ponse \u00e0 pourquoi?<\/strong> Le courant a priori (ou n&rsquo;importe quel parti) n&rsquo;est en d\u00e9finitive, qu&rsquo;un outil ou appareil ou instrument d&rsquo;expression et de r\u00e9alisation des aspirations et des r\u00eaves port\u00e9s par plusieurs secteurs des couches populaires. Ce n&rsquo;est pas un but en soi et ce qui compte ce sont les r\u00e9sultats de son action. Si le courant veut v\u00e9ritablement s&rsquo;inscrire dans la marche de la r\u00e9volution, la premi\u00e8re condition logique est une interpr\u00e9tation essentielle qui d\u00e9cortique les \u00e9v\u00e8nements et les circonstances. On ne peut, vu son originalit\u00e9, se r\u00e9f\u00e9rer aux analogies avec les r\u00e9volutions par coups d&rsquo;Etat militaire, avec les brusques changements par les votes dans les urnes comme en Am\u00e9rique latine ni celles sous des directions politiques ou sociales comme en Europe de l&rsquo;Est. Ce \u00ab\u00a0saut historique\u00a0\u00bb s&rsquo;est effectu\u00e9 par la Tunisie profonde sous la conduite de la jeunesse, en liaison sur le \u201cnet\u201c, avec des foules imposantes et diverses, hommes et femmes, des villes et des campagnes et de toutes les r\u00e9gions du pays. Unis par les m\u00eames motivations, tous ont brav\u00e9 avec hardiesse et surtout pacifiquement l&rsquo;appareil redoutable de r\u00e9pression, que le dictateur et ses acolytes ont du, sans scrupules, fignoler pendant des d\u00e9cennies durant. Celui qui se repr\u00e9sente l&rsquo;histoire du pays est frapp\u00e9 par une certaine ressemblance non seulement dans les p\u00e9rip\u00e9ties des mouvements mais surtout les motivations des foules \u00e0 des p\u00e9riodes diff\u00e9rentes. Il en est ainsi notamment des motivations de la grande r\u00e9volte contre le \u201cBey\u201c (avec Ali Ben Ghadhem 1864) la r\u00e9sistance h\u00e9ro\u00efque \u00e0 l&rsquo;occupation coloniale (conduite en 1881 -84 par Ali B Khalifa) ensuite le mouvement national en vue de l&rsquo;ind\u00e9pendance. Nul doute que l&rsquo;ardeur des motivations, le courage l&rsquo;esprit de sacrifice et surtout l&rsquo;union des masses se sont r\u00e9p\u00e9t\u00e9s, quoique dans des contextes et \u00e0 des \u00e9poques diff\u00e9rents. Cette interpr\u00e9tation conduit \u00e0 conclure que nous sommes en pr\u00e9sence d&rsquo;une r\u00e9volution qui est un moment m\u00e9morable de l&rsquo;ach\u00e8vement du processus de la formation d&rsquo;une nation qui aspire \u00e0 recouvrer sa libert\u00e9, sa dignit\u00e9 et le choix de son destin. C&rsquo;est aussi l&rsquo;indication d&rsquo;un facteur important et essentiel de la r\u00e9volution repr\u00e9sent\u00e9 par le patrimoine politique et culturel dont on a saisi l&rsquo;\u00e9volution aussi bien au cours des p\u00e9riodes longues que courtes dans les derni\u00e8res d\u00e9cennies et que l&rsquo;absolutisme inique a voulu, sans succ\u00e8s estomper ou an\u00e9antir. Par cons\u00e9quent, il n&rsquo;est pas \u00e9tonnant ni une co\u00efncidence fortuite de voir, aujourd&rsquo;hui, la Tunisie tenir une place d&rsquo;avant-garde dans la r\u00e9gion arabo-musulmane puisqu&rsquo;elle a jou\u00e9 ce r\u00f4le plusieurs fois (tentatives de modernisation du pays et abolition de l&rsquo;esclavage au d\u00e9but du XIX si\u00e8cle, le mouvement national, le syndicalisme et la lib\u00e9ration de la femme au XXe si\u00e8cle). Comme il n&rsquo;est pas surprenant d&rsquo;entendre les peuples arabes chanter les vers de \u00ab\u00a0l&rsquo;hymne \u00e0 la vie\u00a0\u00bb d&rsquo;A Chebbi ou de constater l&rsquo;attirance des nouvelles du pays sur l&rsquo;opinion mondiale. Tout en laissant aux sp\u00e9cialistes d&rsquo;histoire des civilisations la recherche de l&rsquo;explication profonde de cet \u00e9v\u00e8nement formidable, il n&#8217;emp\u00eache pas que le fondement d&rsquo;une analyse politique correcte doit \u00eatre \u00e9tabli sur une compr\u00e9hension exacte et perspicace de la R\u00e9volution. C&rsquo;est \u00e0 ce titre que nous voulons un courant politique qui rassemble et unit toutes les bonnes volont\u00e9s, d\u00e9sireuses de conduire notre jeune d\u00e9mocratie \u00e0 relever les d\u00e9fis et \u00e0 assumer les grandes t\u00e2ches et les responsabilit\u00e9s historiques afin d&rsquo;atteindre un niveau progressiste et avanc\u00e9 d&rsquo;\u00e9volution. Ce qui \u00e9pargne \u00e0 notre pays de se fourvoyer dans des voies sans issues ou d\u2019avenir ind\u00e9sirable face \u00e0 ce bazar de recettes \u00e9cul\u00e9es, de discours creux de leaders d\u00e9pass\u00e9s par les \u00e9v\u00e8nements et tout ceux d\u00e9sireux de retarder la marche des temps en pr\u00e9tendant que nous sommes dans une situation historique ordinaire, la r\u00e9ponse \u00e0 ceux-ci est claire dans le vieux dicton l&rsquo;enfer est pav\u00e9 de bonnes intentions\u00a0\u00bb. Au contraire, il est imp\u00e9ratif d&rsquo;aller au fonds des choses et de compter sur une projection correcte et r\u00e9fl\u00e9chie car les fils que nous voyons dans le pr\u00e9sent vont devenir les c\u00e2bles soutenant l&rsquo;avenir.  <strong>2) R\u00e9ponse \u00e0 comment?<\/strong> La r\u00e9ponse \u00e0 cette question charni\u00e8re ne demande ni des raisonnements compliqu\u00e9s ni des d\u00e9tours tortueux. Elle est tout simplement \u00e9vidente : Acqu\u00e9rir la cr\u00e9dibilit\u00e9.Pour gagner la confiance et le respect des gens, il faut non seulement des programmes de qualit\u00e9, l&rsquo;harmonie avec les aspirations des masses et l&rsquo;efficacit\u00e9 dans la pratique et l&rsquo;application mais surtout une base morale et de principe. Pr\u00e9cis\u00e9ment au lendemain de la chute du r\u00e9gime corrompu jusqu&rsquo;\u00e0 la moelle et apr\u00e8s une longue p\u00e9riode de tromperies, de fourberies et d&rsquo;escroqueries support\u00e9es par les masses populaires (ce qui a fait dire au po\u00e8te Smadah deux th\u00e8mes n&rsquo;ont fait perdre tout espoir dans mon pays la sinc\u00e9rit\u00e9 des paroles et le d\u00e9veloppement dans les actes\u00a0\u00bb. (Slogan de l&rsquo;ex-parti au pouvoir.) Justement la r\u00e9volution a d\u00e9ploy\u00e9 une porte grande ouverte sur l&rsquo;exigence de respecter enfin les valeurs morales et de restaurer les id\u00e9aux sociaux (la d\u00e9mocratie en premier lieu puis la libert\u00e9 et la dignit\u00e9 humaine, lapropri\u00e9t\u00e9, le revenu licite, la justice, la solidarit\u00e9, la v\u00e9rit\u00e9, le travail et l&rsquo;int\u00e9r\u00eat collectif\u2026 etc.). En bref, tout ce qui attire l&rsquo;estime de la part des gens. Il est donc opportun de cr\u00e9er un courant organis\u00e9 sous l&rsquo;enseigne \u00ab\u00a0Obligation et Droits\u00a0\u00bb dans le but de battre le rappel autour de la r\u00e9habilitation des valeurs morales et dans le but de les ancrer dans les relations humaines. Ce qui est de nature \u00e0 consolider les liens de la soci\u00e9t\u00e9 et la coh\u00e9sion de la nation. A ce propos nous ne faisons ni \u0153uvre de d\u00e9couverte originale ni innovation dans ce domaine puisqu&rsquo;il suffit d&rsquo;observer cette formidable r\u00e9volution morale, apparue juste apr\u00e8s la chute du r\u00e9gime dictatorial. Ainsi, les avocats, les juges, les associations, les organes de presse et m\u00eame les membres du gouvernement provisoire ont initi\u00e9 de nombreuses enqu\u00eates pour saisir la r\u00e9alit\u00e9 des agissements antisociaux et crimes des ex-responsables (contre le pays entier et les citoyens) \u2013 l&rsquo;usurpation et l&rsquo;appropriation des biens publics et priv\u00e9s et d&rsquo;autres sortes de forfaits caract\u00e9ris\u00e9s par le despotisme, l&rsquo;injustice et la traitrise du r\u00e9gime r\u00e9volu). Sur le plan politique, la cr\u00e9dibilit\u00e9 du courant des obligations et des droits d\u00e9pend de sa capacit\u00e9 \u00e0 rendre la campagne actuelle d&rsquo;assainissement judiciaire une mobilisation permanente et \u00e0 la transformer en une lutte de longue haleine jusqu&rsquo;au d\u00e9blaiement de cette ruine morale et la reprise de la confiance entre citoyens. Sans l&rsquo;\u00e9l\u00e9vation des rapports entre citoyens \u00e0 un minimum exigible de niveau de civilisation, toute \u0153uvre politique revient \u00e0 b\u00e2tir des ch\u00e2teaux de sable. A preuve de ceci les sympt\u00f4mes et maladie qui se sont r\u00e9pandus non seulement dans l&rsquo;ex-parti au pouvoir mais ont contamin\u00e9 presque toute la sc\u00e8ne politique et qu&rsquo;il serait fastidieux de les passer enti\u00e8rement en revue dans les partis-liges du ch\u00e2teau de Carthage. Il nous suffit de constater l&rsquo;impact de cette ambiance pollu\u00e9e m\u00eame sur les partis d&rsquo;opposition et qui n&rsquo;a pas \u00e9chapp\u00e9 \u00e0 l&rsquo;attention de l&rsquo;opinion publique : opacit\u00e9 dans la pratique politique et les agissements. Ce qui a \u00e9t\u00e9 mis \u00e0 jour notamment lors des secousses et des fractionnements et d\u00e9note le peu de cas fait de la d\u00e9mocratie, l&rsquo;absolutisme et l&rsquo;individualisme des dirigeants, le double langage et les trahisons (collaboration avec la police politique ou relation avec les services sp\u00e9ciaux ou parall\u00e8les du dictateur \u2013 intrigues d\u00e9lation et de nombreux forfaits susceptibles d&rsquo;inonder les instances judiciaires pendant longtemps). En r\u00e9sum\u00e9, la r\u00e9volution a mis \u00e0 nu cette v\u00e9rit\u00e9 terrible au point d&rsquo;affirmer que ce qui a \u00e9t\u00e9 \u00e9pisodique ou peu fr\u00e9quent du temps de Bourguiba est devenu monnaie courante et pain quotidien du r\u00e9gime de son successeur ! Notre responsabilit\u00e9 \u00e0 relever le d\u00e9fi de la pollution morale et politique n\u2019en est que plus lourde et notre lutte contre cette m\u00e9diocrit\u00e9 d\u00e9plorable n\u2019en est que plus ardue.  Disons qu\u2019un homme averti en vaut deux ! La deuxi\u00e8me condition pour gagner la confiance des gens rel\u00e8ve du programme politique g\u00e9n\u00e9ral dont nous avons abord\u00e9 un aspect celui de l\u2019explication profonde de la r\u00e9volution et de sa compr\u00e9hension historique pointue. Il doit \u00eatre global et exhaustif quant au contenu et du point de vue m\u00e9thode \u00e0 suivre celle de la concertation, de la participation effective et de l\u2019adaptation graduelle et souple des r\u00e9formes pour passer des r\u00e9alit\u00e9s actuelles vers les objectifs d\u00e9sir\u00e9s par les masses. Par exhaustif et global nous visons \u00e0 la fois les aspects qualitatifs, de d\u00e9mocratie, justice et de civilisation, et les aspects sectoriels \u00e9conomiques sociaux et culturels.  Sans oublier bien entendu la couverture spatiale ou verticale allant du centre aux r\u00e9gions et aux localit\u00e9s et couvrant par sa diversit\u00e9 toutes les institutions et entreprises de production mat\u00e9rielles ou de services sociaux, d\u2019information et de culture. Quant \u00e0 la m\u00e9thode de la concertation elle doit au d\u00e9part se faire avec les sp\u00e9cialistes et les experts pour dominer les sujets r\u00e9els et bien \u00e9tudier les dossiers. Puis elle doit s\u2019appuyer sur la conviction r\u00e9elle des int\u00e9ress\u00e9s pour introduire les r\u00e9formes. Nous sommes pleinement conscients des difficult\u00e9s de pratiquer cette d\u00e9marche d\u00e9mocratique et progressiste face \u00e0 des situations compliqu\u00e9es de d\u00e9gradation structurelle des institutions et des entreprises sur le plan r\u00e9gional et local si nous prenons comme illustration la coupure de pays en deux secteurs s\u00e9par\u00e9s un secteur externalis\u00e9 b\u00e9n\u00e9ficiant du maximum de faveurs et d\u2019incitations (industries exportatrices tourisme et services avec l\u2019\u00e9tranger) d\u2019une part et un march\u00e9 int\u00e9rieur caract\u00e9ris\u00e9 par une anarchie organis\u00e9e de fuites fiscales et par le domination des r\u00e9seaux parall\u00e8les de commerce de contre bandes et de \u00abmarch\u00e9s aux puces \u00bb fripes et articles usag\u00e9s de toutes natures. Si l\u2019on ajoute les impacts n\u00e9gatifs comme la fermeture de milliers d\u2019entreprises industrielles (comme au Sahel et au Nord Ouest) du fait d\u2019une application \u00e0 l\u2019aveuglette des trait\u00e9s d\u2019association avec l\u2019Europe et des directives de l\u2019Organisation Mondiale du Commerce, on aborde le terrain \u00e9conomique et social du m\u00e9contentement populaire, aiguis\u00e9 par les in\u00e9galit\u00e9scriantes entre r\u00e9gions et celles entre les couches enrichies par leurs relations avec l\u2019ext\u00e9rieur et d\u2019autre part celle appauvries ou r\u00e9duites au ch\u00f4mage dans les activit\u00e9s du march\u00e9 int\u00e9rieur. En plus d\u2019une fiscalit\u00e9 \u00e0 revoir de fonds en comble. Force est d\u2019\u00e9clater le carcan de d\u00e9pendance avec l\u2019\u00e9tranger et de promouvoir entre autres l\u2019\u00e9quilibre en marche des trois structures (\u00e9tatique \u2013 coop\u00e9ratives et priv\u00e9es), politique initi\u00e9e durant les ann\u00e9es 70) et d\u2019ouvrir les horizons sur le d\u00e9veloppement global durable par l\u2019adoption des exp\u00e9riences d\u2019\u00e9conomie sociale de march\u00e9 pour r\u00e9soudre les questions du march\u00e9 int\u00e9rieur et de son \u00e9troitesse \u00e9touffante. Probl\u00e8mes d\u00e9laiss\u00e9s depuis plus de 50 ans. Cette ouverture des horizons peut \u00eatre une nouvelle approche de l\u2019agriculture pour arriver \u00e0 un niveau optimum d\u2019autosuffisance alimentaire et de la consid\u00e9rer non seulement comme secteur de production (probl\u00e8mes de morcellements des terres et de circuits de distribution) comme creuset de difficult\u00e9s \u00e9cologiques (s\u00e9cheresse \u2013 d\u00e9sertification \u2013 d\u00e9forestation \u2013 \u00e9rosion et salinisation) et surtout comme mode de vie rurale supportant des d\u00e9gradations et des mis\u00e8res sociales. En ce qui concerne la lutte contre le ch\u00f4mage, nous devons d\u00e9passer l\u2019orientation statique actuelle (des 20 programmes \u00e9parpill\u00e9s base sur l\u2019effort de l\u2019Etat) et dans une vue horizontale (allant du secteur de l\u2019enseignement formation professionnelle et la recherche scientifique en passant par les secteurs de production et de services jusqu\u2019\u00e0 l\u2019appui logique du secteur financier). Comme illustration citons l\u2019adoption des  modes technologiques moyens susceptibles de joindre la comp\u00e9titivit\u00e9 exig\u00e9e et la n\u00e9cessit\u00e9 de cr\u00e9er le plus d\u2019emploi possibles dans tout projet et qui rec\u00e8le des gisements nombreux d\u2019embauche (dans l\u2019agriculture \u2013 les mines l\u2019artisanat\u2026 etc.) car il en est de m\u00eame de la gestion de maintenance n\u00e9cessaire a d\u00e9ployer dans tous les secteurs d\u2019activit\u00e9s les investissements nouveaux et les renouvellements de mat\u00e9riel d\u2019\u00e9quipement. Car l\u2019emploi est, \u00e0 notre avis le crit\u00e8re fondamental du d\u00e9veloppement. De plus, le ch\u00f4mage a un autre c\u00f4t\u00e9 social qu\u2019il faut consid\u00e9rer \u00e0 savoir les co\u00fbts sociaux support\u00e9s par les familles des ch\u00f4meurs, g\u00e9n\u00e9ralement pauvres ; ce qui exige un r\u00e9gime d\u2019assurance ch\u00f4mage.  <strong>3) R\u00e9ponse \u00e0 quand ?<\/strong> La r\u00e9ponse se lit \u00e0 travers nos critiques ci-dessus \u00e0 l\u2019\u00e9gard de la sc\u00e8ne politique h\u00e9rit\u00e9e de l\u2019\u00e8re absolutiste ainsi que notre approche de la profondeur des dimensions de la r\u00e9volution et nos conceptions du programme g\u00e9n\u00e9ral. Il y a une boucle essentielle, manquante ou presque absente, et qui apparait dans les contours mal d\u00e9finis des forces progressistes. En effet il est urgent de lib\u00e9rer dans notre contexte historique r\u00e9volutionnaire, les forces de progr\u00e8s ligot\u00e9es par des groupuscules \u00e9parpill\u00e9s par des ambitions personnelles de soi disant leaders avant-gardistes. Alors que d\u2019un autre c\u00f4t\u00e9, des partis et des forces annexionnistes, a priori loin d\u2019\u00eatre avanc\u00e9es, se permettent d\u2019occuper des pans entiers de cet espace progressiste, profitant du rapport de force in\u00e9gal et de l\u2019\u00e9miettement ex-groupuscules. Il est temps de restaurer cet espace progressiste, levier de toute r\u00e9volution cons\u00e9quente. L\u2019apparition du courant des obligations et des droits dans cet espace, bas\u00e9 sur des fondements de moralit\u00e9 politique et des arguments objectifs sans failles, est de nature \u00e0 r\u00e9habituer l\u2019union des forces progressiste en vue d\u2019une v\u00e9ritable cartel de progr\u00e8s, joignant le discours \u00e0 la pratique et d\u00e9gageant les le\u00e7ons d\u2019un pass\u00e9 pleins d\u2019\u00e9checs et d\u2019exp\u00e9riences mal tourn\u00e9es au cours de l\u2019\u00e8re r\u00e9volue. Il est vrai que ce cartel projet\u00e9 a souffert de conceptions \u00e9troites et sectaires d\u2019\u00e9tat majors de poche qui ont tent\u00e9 de se rapprocher en des occasions saisonni\u00e8res ou par l\u2019effet de propagande pendant des \u00e9ch\u00e9ances \u00e9lectorales. A la fin de ces p\u00e9riodes \u00e9ph\u00e9m\u00e8res, chaque petit leader a vite fait de revenir \u00e0 se petite boutique et \u00e0 ses habitudes d\u2019exclusion et de sectarisme. C\u2019est souligner combien la volont\u00e9 d\u2019union \u00e9tait factice et qu\u2019il faut, actuellement, que chacun assume ses responsabilit\u00e9s ne serait ce qu\u2019 consid\u00e9ration pour le nombre de militants sacrifi\u00e9s ! Il est temps, et sans retard, de lancer un noyau politiquement et moralement solide sur lequel va se cristalliser la confiance et la cr\u00e9dibilit\u00e9 des hommes de progr\u00e8s et de libert\u00e9. Ce noyau ne va reculer devant aucun sacrifice et avancer, avec abn\u00e9gation, au fur et \u00e0 mesure de l\u2019\u00e9dification du cartel progressiste. Justement, il n\u2019y aura pas de meilleure opportunit\u00e9 que cette p\u00e9riode r\u00e9volutionnaire ! Le choix historique est clair ou un redressement formidable vers l\u2019orientation d\u00e9mocratique de fonds et de v\u00e9ritable progr\u00e8s et la jonction de l\u2019enthousiasme des jeunes et l\u2019exp\u00e9rience des g\u00e9n\u00e9rations \u00e2g\u00e9es, des couches laborieuses y compris moyennes, ou l\u2019enlisement de la r\u00e9volution dans le train \u2013 train d\u2019une soci\u00e9t\u00e9 conservatrice qui fera oublier toute vell\u00e9it\u00e9 de r\u00e9soudre en profondeur les probl\u00e8mes de la soci\u00e9t\u00e9 et pr\u00e9textera l\u2019incapacit\u00e9 d\u2019un pays, petit ou de dimension modeste, face \u00e0 la mondialisation. Nous comptons s\u00e9rieusement sur les jeunes, levain de toute soci\u00e9t\u00e9, et sur les femmes d\u00e9sireuses d\u2019\u00e9largir leurs acquis vers de nouveaux progr\u00e8s !  Pour le groupe fondateur <strong><font>Tebourbi Belgacem<\/font><\/strong> Tel : 0620390029 Email : <\/font><a href=\"mailto:BTEBOUR00V@orange.fr\"><font face=\"Arial\" size=\"2\">BTEBOUR00V@orange.fr<\/font><\/a>  \u00a0<\/div>\n<div>\n<hr\/>\n<\/div>\n<div align=\"center\"><b><span lang=\"EN-US\"><\/p>\n<h3 style=\"color: blue;\"><font face=\"Arial\">Tunisian police break up anti-government protest<\/font><\/h3>\n<p><\/span><\/b><\/div>\n<div align=\"center\"><b><span lang=\"EN-US\"><\/p>\n<hr\/>\n<p><\/span><\/b><\/div>\n<div align=\"justify\">\u00a0<\/div>\n<div align=\"justify\"><i><u><span lang=\"FR-CH\"><font face=\"Arial\" size=\"2\">Reuters, le 6 mai 2011 \u00e0 14h11 GMT<\/font><\/span><\/u><\/i><\/div>\n<div align=\"justify\">\u00a0<\/div>\n<div align=\"justify\"><span lang=\"EN-US\"><font face=\"Arial\" size=\"2\">* Most violent confrontation for weeks<\/font><\/span><\/div>\n<div align=\"justify\">\u00a0<\/div>\n<div align=\"justify\"><span lang=\"EN-US\"><font face=\"Arial\" size=\"2\">* Protesters fear meddling my loyalists of ousted regime<\/font><\/span><\/div>\n<div align=\"justify\">\u00a0<\/div>\n<div align=\"justify\"><span lang=\"FR-CH\"><font face=\"Arial\" size=\"2\">* Tensions rose after comments on possible coup<\/font><\/span><\/div>\n<div align=\"justify\">\u00a0<\/div>\n<div align=\"justify\">\u00a0<\/div>\n<div align=\"justify\"><span lang=\"EN-US\"><font face=\"Arial\" size=\"2\">By Zoubeir Souissi and Matt Robinson<\/font><\/span><\/div>\n<div align=\"justify\">\u00a0<\/div>\n<div align=\"justify\"><span lang=\"EN-US\"><font face=\"Arial\" size=\"2\">TUNIS, May 6 (Reuters) &#8211; Tunisian police with teargas and batons scattered protesters demanding the government&rsquo;s resignation on Friday in the most violent confrontation for weeks with pro-democracy demonstrators.<\/font><\/span><\/div>\n<div align=\"justify\">\u00a0<\/div>\n<div align=\"justify\"><span lang=\"EN-US\"><font face=\"Arial\" size=\"2\">Tension has risen in the North African country, whose &lsquo;Jasmine Revolution&rsquo; inspired uprisings across the Arab world, after a former minister warned of a possible coup by loyalists of the ousted regime if Islamists win elections.<\/font><\/span><\/div>\n<div align=\"justify\">\u00a0<\/div>\n<div align=\"justify\"><span lang=\"EN-US\"><font face=\"Arial\" size=\"2\">Demonstrators said that even though Tunisia&rsquo;s interim administration had denounced the comments, they raised doubts over whether it was serious about democracy. Elections are promised in July for an assembly to draw up a new constitution.<\/font><\/span><\/div>\n<div align=\"justify\">\u00a0<\/div>\n<div align=\"justify\"><span lang=\"EN-US\"><font face=\"Arial\" size=\"2\">\u00ab\u00a0The people want a new revolution,\u00a0\u00bb chanted protesters on Avenue Bourguiba, at the heart of the capital Tunis, before police moved in.<\/font><\/span><\/div>\n<div align=\"justify\">\u00a0<\/div>\n<div align=\"justify\"><span lang=\"EN-US\"><font face=\"Arial\" size=\"2\">Security forces beat photographers and confiscated cameras from some as they covered the protest. They pursued protesters through side streets, swiping at them with batons.<\/font><\/span><\/div>\n<div align=\"justify\">\u00a0<\/div>\n<div align=\"justify\"><span lang=\"EN-US\"><font face=\"Arial\" size=\"2\">A common thread running through uprisings across the Arab world sparked by the one in Tunisia has been unease among secularists and in the West about whether democracy will open the door to Islamic rule.<\/font><\/span><\/div>\n<div align=\"justify\">\u00a0<\/div>\n<div align=\"justify\"><span lang=\"EN-US\"><font face=\"Arial\" size=\"2\">\u00ab\u00a0We are here to demand the departure of this government, which is dishonest,\u00a0\u00bb said Sonia Briki, one of the hundreds of protesters in the centre of Tunis.<\/font><\/span><\/div>\n<div align=\"justify\">\u00a0<\/div>\n<div align=\"justify\"><span lang=\"EN-US\"><font face=\"Arial\" size=\"2\">\u00ab\u00a0Everything is clear now. We want them to step down so we can have a government whose members are just at the service of the people,\u00a0\u00bb she said.<\/font><\/span><\/div>\n<div align=\"justify\">\u00a0<\/div>\n<div align=\"justify\">\u00a0<\/div>\n<div align=\"justify\"><span lang=\"EN-US\"><font face=\"Arial\" size=\"2\">DISTRUST<\/font><\/span><\/div>\n<div align=\"justify\">\u00a0<\/div>\n<div align=\"justify\"><span lang=\"EN-US\"><font face=\"Arial\" size=\"2\">The government said it was astonished at the comments of former interior Farhat Rajhi who said on Thursday that there could be a coup by loyalists of President Zine al-Abidine Ben Ali if Islamists won the election.<\/font><\/span><\/div>\n<div align=\"justify\">\u00a0<\/div>\n<div align=\"justify\"><span lang=\"EN-US\"><font face=\"Arial\" size=\"2\">But some Tunisians fear the government could use the threat of a coup to derail the steps to democracy after the fall of Ben Ali, who ruled the country of 10 million for 23 years and never held meaningful elections.<\/font><\/span><\/div>\n<div align=\"justify\">\u00a0<\/div>\n<div align=\"justify\"><span lang=\"EN-US\"><font face=\"Arial\" size=\"2\">Tunisia&rsquo;s interim rulers have said senior members of Ben Ali&rsquo;s party and entourage will be barred from the elections, but that has not allayed fears they may still meddle in the political process.<\/font><\/span><\/div>\n<div align=\"justify\">\u00a0<\/div>\n<div align=\"justify\"><span lang=\"EN-US\"><font face=\"Arial\" size=\"2\">Tunisia&rsquo;s main Islamist group, Ennahda, led by moderate Muslim scholar Rachid Ghannouchi and banned under Ben Ali, says it will contest the elections and does not fear a coup.<\/font><\/span><\/div>\n<div align=\"justify\">\u00a0<\/div>\n<div align=\"justify\"><span lang=\"EN-US\"><font face=\"Arial\" size=\"2\">It is expected to do well in parts of Tunisia, particularly the conservative south, where deep frustration over poverty and unemployment helped inspire the revolution.<\/font><\/span><\/div>\n<div align=\"justify\">\u00a0<\/div>\n<div align=\"justify\"><span lang=\"EN-US\"><font face=\"Arial\" size=\"2\">Tunisia&rsquo;s turmoil and the war in neighbouring Libya have badly knocked an economy that lacks the oil and gas resources of its neighbours, driving thousands more young Tunisians to try to escape to Europe in search of jobs.<\/font><\/span><\/div>\n<div align=\"justify\">\u00a0<\/div>\n<div align=\"justify\"><span lang=\"EN-US\"><font face=\"Arial\" size=\"2\">The Tunis-based African Development Bank, one of the biggest lenders to Tunisia, said Europe should be doing more to get Tunisia back on its feet.<\/font><\/span><\/div>\n<div align=\"justify\">\u00a0<\/div>\n<div align=\"justify\"><span lang=\"EN-US\"><font face=\"Arial\" size=\"2\">\u00ab\u00a0If they fail, I think Tunisia will pull through, but they may pull through in a different way,\u00a0\u00bb regional representative Jacob Kolster told Reuters. \u00ab\u00a0Maybe slower, more risky, maybe where there are more risks of reversals than if there were a real firm helping hand across the pond.\u00a0\u00bb <\/font><\/span><\/div>\n<hr\/>\n<div align=\"justify\">\u00a0<\/div>\n<div align=\"justify\"><i><u><span lang=\"FR-CH\"><font face=\"Arial\" size=\"2\">AFP, le 6 mai 2011 \u00e0 14h23 GMT<\/font><\/span><\/u><\/i><\/div>\n<div align=\"justify\">\u00a0<\/div>\n<div align=\"center\"><b><span lang=\"FR-CH\"><\/p>\n<h3 style=\"color: blue;\"><font face=\"Arial\" size=\"2\"><font size=\"3\">Violente dispersion d&rsquo;une manifestation anti-gouvernementale \u00e0 Tunis<\/font><\/font><\/h3>\n<p><\/span><\/b><\/div>\n<div align=\"center\"><b><span lang=\"FR-CH\"><\/p>\n<hr\/>\n<p><\/span><\/b><\/div>\n<div align=\"justify\">\u00a0<\/div>\n<div align=\"justify\">\u00a0<\/div>\n<div align=\"justify\"><span lang=\"FR-CH\"><font face=\"Arial\" size=\"2\">TUNIS, 06 Mai 2011 (AFP) &#8211; Les forces de l&rsquo;ordre tunisiennes ont violemment dispers\u00e9 vendredi environ 200 manifestants dans le coeur de Tunis qui r\u00e9clamaient la \u00ab\u00a0d\u00e9mission\u00a0\u00bb du gouvernement transitoire et \u00ab\u00a0une nouvelle r\u00e9volution\u00a0\u00bb, ont constat\u00e9 des journalistes de l&rsquo;AFP.<\/font><\/span><\/div>\n<div align=\"justify\">\u00a0<\/div>\n<div align=\"justify\"><span lang=\"FR-CH\"><font face=\"Arial\" size=\"2\">Les manifestants qui scandaient depuis une vingtaine de minutes des slogans comme \u00ab\u00a0d\u00e9gage\u00a0\u00bb et \u00ab\u00a0le gouvernement de transition travaille toujours pour (le pr\u00e9sident d\u00e9chu) Ben Ali\u00a0\u00bb ont fait face \u00e0 un cordon de policiers d\u00e9termin\u00e9s \u00e0 les emp\u00eacher de progresser en direction du minist\u00e8re de l&rsquo;Int\u00e9rieur sur l&rsquo;avenue Habib Bourguiba.<\/font><\/span><\/div>\n<div align=\"justify\"><span lang=\"FR-CH\"><font face=\"Arial\" size=\"2\">Puis soudain, les forces de l&rsquo;ordre ont charg\u00e9 les manifestants en tirant massivement des gaz lacrymog\u00e8nes, cr\u00e9ant un mouvement de panique parmi les manifestants, majoritairement des jeunes, et les pi\u00e9tons qui se sont lanc\u00e9 dans une course effr\u00e9n\u00e9e pour se mettre \u00e0 l&rsquo;abri pendant que les magasins baissaient leur rideau de fer.<\/font><\/span><\/div>\n<div align=\"justify\"><span lang=\"FR-CH\"><font face=\"Arial\" size=\"2\">Les policiers, dont la majorit\u00e9 \u00e9taient cagoul\u00e9s, sillonnaient l&rsquo;avenue Bourguiba \u00e0 bord de moto, d&rsquo;autres avec des chiens, \u00e0 pied, et m\u00eame un blind\u00e9 l\u00e9ger circulait \u00e9galement sur l&rsquo;avenue.<\/font><\/span><\/div>\n<div align=\"justify\"><span lang=\"FR-CH\"><font face=\"Arial\" size=\"2\">Il n&rsquo;a pas \u00e9t\u00e9 possible dans l&rsquo;imm\u00e9diat de conna\u00eetre le nombre des bless\u00e9s.<\/font><\/span><\/div>\n<div align=\"justify\"><span lang=\"FR-CH\"><font face=\"Arial\" size=\"2\">Un photographe de l&rsquo;Agence France-Presse (AFP), Fathi Belaid, a \u00e9t\u00e9 agress\u00e9 par des forces de l&rsquo;ordre.<\/font><\/span><\/div>\n<div align=\"justify\"><span lang=\"FR-CH\"><font face=\"Arial\" size=\"2\">\u00ab\u00a0J&rsquo;ai \u00e9t\u00e9 agress\u00e9 par 4 policiers dans l&rsquo;escalier du journal La Presse. Ils m&rsquo;ont pris 2 appareils photo et un ordinateur portable et m&rsquo;ont frapp\u00e9 sur la t\u00eate avec des barres de fer\u00a0\u00bb, a-t-il dit.<\/font><\/span><\/div>\n<div align=\"justify\"><span lang=\"FR-CH\"><font face=\"Arial\" size=\"2\">Les forces de l&rsquo;ordre ont ensuite proc\u00e9d\u00e9 \u00e0 des interpellations violentes, notamment en frappant \u00e0 coup de pied et de matraque des manifestants, dont certains \u00e9taient \u00e0 terre. Le nombre des personnes interpell\u00e9es n&rsquo;a pas \u00e9t\u00e9 communiqu\u00e9.<\/font><\/span><\/div>\n<div align=\"justify\"><span lang=\"FR-CH\"><font face=\"Arial\" size=\"2\">Juste avant la manifestation, l&rsquo;ancien ministre tunisien de l&rsquo;Int\u00e9rieur Farhat Rajhi, qui avait suscit\u00e9 un vif \u00e9moi la veille en d\u00e9non\u00e7ant la pr\u00e9paration d&rsquo;un \u00ab\u00a0coup d&rsquo;Etat militaire\u00a0\u00bb, avait lanc\u00e9 un appel \u00ab\u00a0au calme\u00a0\u00bb.<\/font><\/span><\/div>\n<div align=\"justify\"><span lang=\"FR-CH\"><font face=\"Arial\" size=\"2\">Des internautes mobilis\u00e9s sur Facebook avaient appel\u00e9 \u00e0 la tenue d&rsquo;une manifestation de soutien \u00e0 M. Rahji vendredi en fin de matin\u00e9e sur l&rsquo;avenue Bourguiba, o\u00f9 un important dispositif policier s&rsquo;\u00e9tait d\u00e9j\u00e0 mis en place en fin de matin\u00e9e.<\/font><\/span><\/div>\n<div align=\"justify\"><span lang=\"FR-CH\"><font face=\"Arial\" size=\"2\">Environ 300 manifestants pro-Rajhi avaient \u00e9t\u00e9 dispers\u00e9s jeudi par la police jeudi sur cette art\u00e8re situ\u00e9e dans le coeur de la capitale, o\u00f9 les forces de l&rsquo;ordre ont tir\u00e9 des gaz lacrymog\u00e8nes et proc\u00e9d\u00e9 \u00e0 des arrestations parfois tr\u00e8s muscl\u00e9es.<\/font><\/span><\/div>\n<hr\/>\n<div align=\"justify\">\u00a0<\/div>\n<div align=\"center\"><span lang=\"FR-CH\"><font face=\"Arial\"><b><span lang=\"IT\"><\/p>\n<h3 style=\"color: blue;\"><font face=\"Arial\">Tunisia: polizia disperde con la forza manifestanti a Tunisi<\/font><\/h3>\n<p><\/span><\/b><\/font><\/span><\/div>\n<div align=\"center\"><span lang=\"FR-CH\"><font face=\"Arial\"><b><span lang=\"IT\"><\/p>\n<hr\/>\n<p><\/span><\/b><\/font><\/span><\/div>\n<div align=\"justify\">\u00a0<\/div>\n<div align=\"justify\">\u00a0<\/div>\n<div align=\"justify\"><i><u><span lang=\"FR-CH\"><font face=\"Arial\" size=\"2\">ANSA, le 6 mai 2011 \u00e0 14h40 GMT<\/font><\/span><\/u><\/i><\/div>\n<div align=\"justify\">\u00a0<\/div>\n<div align=\"justify\">\u00a0<\/div>\n<div align=\"justify\"><span lang=\"IT\"><font face=\"Arial\" size=\"2\">TUNISI (ansa) La polizia ha disperso, intervenendo duramente,anche con lancio di lacrimogeni, una manifestazione anti-governativa ad avenue Bourghiba, la strada principale della capitale. I manifestanti, alcune centinaia secondo l&rsquo;Afp, gridavano slogan contro il governo provvisorio, chiedendone le dimissioni, e auspicando per il Paese \u00ab\u00a0una nuova rivoluzione\u00a0\u00bb. Gli agenti sono intervenuti quando i manifestanti hanno cercato di raggiungere la sede del Ministero dell&rsquo;Interno, ancora oggi &#8211; dai giorni della \u00ab\u00a0rivoluzione\u00a0\u00bb &#8211; circondato da filo spinato e sorvegliato da autoblindo.<\/font><\/span><\/div>\n<div align=\"justify\">\u00a0<\/div>\n<div align=\"justify\"><span lang=\"IT\"><font face=\"Arial\" size=\"2\">Gli agenti, molti dei quali indossavano dei passamontagna, hanno caricato i manifestanti, la maggior parte dei quali giovani, creando scompiglio tra i passanti (avenue Bourghiba \u00e8 il \u00ab\u00a0salotto buono\u00a0\u00bb della citt\u00e0) che hanno cercato riparo in negozi e grandi magazzini, peraltro tutti dotati di protezioni di metallo, installate da quando la strada \u00e8 diventata il punto preferito per tutte le manifestazioni. Per disperdere la protesta sono state utilizzate delle unit\u00e0 cinofile, oltre che agenti che hanno percorso la strada a bordo di motociclette. L&rsquo;Afp ha riferito che un suo fotografo \u00e8 stato aggredito dalla polizia, che si \u00e8 impossessata di due apparecchi fotografici e di un pc portatile.<\/font><\/span><\/div>\n<hr\/>\n<div align=\"center\">\n<h3 style=\"color: blue;\"><font face=\"Arial\"><strong>Manifestations r\u00e9prim\u00e9es \u00e0 Tunis: excuses du minist\u00e8re de l&rsquo;Int\u00e9rieur<\/strong><\/font><\/h3>\n<\/div>\n<div align=\"center\">\n<hr\/>\n<\/div>\n<div align=\"justify\">\u00a0<\/div>\n<div align=\"justify\"><font face=\"Arial\" size=\"2\">AFP Publi\u00e9 le 06.05.2011, 15h14 <\/font><\/div>\n<div align=\"justify\">\u00a0<\/div>\n<div align=\"justify\"><font face=\"Arial\" size=\"2\">Le minist\u00e8re tunisien de l&rsquo;Int\u00e9rieur a promis une enqu\u00eate vendredi apr\u00e8s que la police eut r\u00e9prim\u00e9 des d\u00e9fil\u00e9s anti-gouvernementaux \u00e0 Tunis, frappant journalistes et manifestants dans un rare acc\u00e8s de brutalit\u00e9 de l&rsquo;apr\u00e8s Ben Ali.<\/font><\/div>\n<div align=\"justify\"><font face=\"Arial\" size=\"2\">Quinze journalistes travaillant pour des m\u00e9dias internationaux et tunisiens ont \u00e9t\u00e9 brutalis\u00e9s par des policiers lors de la couverture de manifestations jeudi et vendredi dans la capitale, selon le syndicat national des journalistes tunisiens (SNJT).<\/font><\/div>\n<div align=\"justify\"><font face=\"Arial\" size=\"2\">Ces violences contre des journalistes \u00e9taient in\u00e9dites en Tunisie depuis le 14 janvier, date de la chute du pr\u00e9sident Zine El Abidine Ben Ali.<\/font><\/div>\n<div align=\"justify\"><font face=\"Arial\" size=\"2\">Le minist\u00e8re de l&rsquo;Int\u00e9rieur a pr\u00e9sent\u00e9 dans un communiqu\u00e9 ses excuses \u00ab\u00a0aux journalistes et aux citoyens agress\u00e9s involontairement\u00a0\u00bb, affirmant son \u00ab\u00a0respect pour le travail journalistique\u00a0\u00bb.<\/font><\/div>\n<div align=\"justify\"><font face=\"Arial\" size=\"2\">Il a \u00e9galement affirm\u00e9 son respect \u00ab\u00a0pour le droit de chaque citoyen tunisien \u00e0 manifester pacifiquement\u00a0\u00bb, ajoutant qu'\u00a0\u00bbune enqu\u00eate sera ouverte pour d\u00e9terminer les responsabilit\u00e9s pour ces d\u00e9bordements\u00a0\u00bb<\/font><\/div>\n<div align=\"justify\"><font face=\"Arial\" size=\"2\">Les forces de l&rsquo;ordre tunisiennes ont violemment dispers\u00e9 vendredi \u00e0 Tunis environ 200 manifestants, majoritairement des jeunes, qui r\u00e9clamaient la \u00ab\u00a0d\u00e9mission\u00a0\u00bb du gouvernement transitoire et \u00ab\u00a0une nouvelle r\u00e9volution\u00a0\u00bb.<\/font><\/div>\n<div align=\"justify\"><font face=\"Arial\" size=\"2\">Du c\u00f4t\u00e9 des forces de l&rsquo;ordre, une source au minist\u00e8re de l&rsquo;Int\u00e9rieur a d\u00e9clar\u00e9 que quatre policiers avaient \u00e9t\u00e9 bless\u00e9s, dont un gri\u00e8vement, lors de la manifestation de vendredi.<\/font><\/div>\n<div align=\"justify\"><font face=\"Arial\" size=\"2\">Jeudi, environ 300 manifestants avaient \u00e9t\u00e9 dispers\u00e9s par la police \u00e0 Tunis o\u00f9 les forces de l&rsquo;ordre ont tir\u00e9 des gaz lacrymog\u00e8nes et proc\u00e9d\u00e9 \u00e0 des arrestations parfois tr\u00e8s muscl\u00e9es.<\/font><\/div>\n<div align=\"justify\"><font face=\"Arial\" size=\"2\">Des internautes mobilis\u00e9s sur Facebook avaient appel\u00e9 \u00e0 la tenue d&rsquo;une manifestation de soutien \u00e0 l&rsquo;ancien ministre tunisien de l&rsquo;Int\u00e9rieur Farhat Rajhi, qui a suscit\u00e9 un vif \u00e9moi en d\u00e9non\u00e7ant la pr\u00e9paration d&rsquo;un \u00ab\u00a0coup d&rsquo;Etat militaire\u00a0\u00bb en cas de victoire des islamistes aux \u00e9lections pr\u00e9vues le 24 juillet d&rsquo;une assembl\u00e9e constituante.<\/font><\/div>\n<div align=\"justify\"><font face=\"Arial\" size=\"2\">Le minist\u00e8re tunisien de la D\u00e9fense a d\u00e9nonc\u00e9 ces d\u00e9clarations.<\/font><\/div>\n<div align=\"justify\"><font face=\"Arial\" size=\"2\">\u00ab\u00a0Ces propos repr\u00e9sentent un grand danger pour la r\u00e9volution du peuple tunisien et pour la s\u00e9curit\u00e9 du pays actuelle et future\u00a0\u00bb, a indiqu\u00e9 le minist\u00e8re dans un communiqu\u00e9, cit\u00e9 par l&rsquo;agence officielle TAP.<\/font><\/div>\n<div align=\"justify\"><font face=\"Arial\" size=\"2\">Selon le SJNT, la r\u00e9pression des manifestations a pour but de \u00ab\u00a0verrouiller les m\u00e9dias et de priver l&rsquo;opinion publique des r\u00e9alit\u00e9s\u00a0\u00bb en Tunisie. Le syndicat met en garde contre les menaces \u00ab\u00a0de faire retourner le pays sous l&rsquo;oppression\u00a0\u00bb de l&rsquo;ancien r\u00e9gime.<\/font><\/div>\n<div align=\"justify\"><font face=\"Arial\" size=\"2\">L&rsquo;organisation de d\u00e9fense des journalistes, Reporters sans Fronti\u00e8res (RSF) a aussi d\u00e9nonc\u00e9 ces violences et demand\u00e9 au gouvernement de transition \u00ab\u00a0d&rsquo;ouvrir une enqu\u00eate sur ces incidents et de donner des instructions claires aux forces de l&rsquo;ordre afin que de telles pratiques cessent\u00a0\u00bb.<\/font><\/div>\n<hr\/>\n<div align=\"justify\">\u00a0<\/div>\n<div align=\"justify\">\u00a0<\/div>\n<div align=\"justify\">\u00a0<\/div>\n<div align=\"center\"><font face=\"Arial\" size=\"2\"><\/p>\n<h4 style=\"color: blue;\"><font size=\"3\"><strong>Tunisie: le minist\u00e8re de la D\u00e9fense d\u00e9nonce les propos d&rsquo;un ancien ministre<\/strong><\/font><\/h4>\n<p> <\/font><\/div>\n<div align=\"center\">\n<hr\/>\n<\/div>\n<div><font face=\"Arial\" size=\"2\">AFP \/ 06 mai 2011 18h01<\/font><\/div>\n<div><font face=\"Arial\" size=\"2\">TUNIS &#8211; Le minist\u00e8re tunisien de la D\u00e9fense a d\u00e9nonc\u00e9 vendredi les d\u00e9clarations de l&rsquo;ancien ministre de l&rsquo;Int\u00e9rieur Farhat Rajhi, qui a suscit\u00e9 un vif \u00e9moi en d\u00e9non\u00e7ant la pr\u00e9paration d&rsquo;un coup d&rsquo;Etat militaire en cas de r\u00e9ussite des islamistes aux \u00e9lections de 24 juillet.<\/font><\/div>\n<div><font face=\"Arial\" size=\"2\">Ces propos repr\u00e9sentent un grand danger pour la r\u00e9volution du peuple tunisien et pour la s\u00e9curit\u00e9 du pays actuelle et future, a indiqu\u00e9 le minist\u00e8re dans un communiqu\u00e9, cit\u00e9 par l&rsquo;agence officielle TAP.<\/font><\/div>\n<div><font face=\"Arial\" size=\"2\">Ces d\u00e9clarations demandent une analyse approfondie sur les motivations et les objectifs (de M. Rahji) et cela ne peut \u00eatre fait qu&rsquo;\u00e0 travers la justice afin qu&rsquo;aucune partie ne puisse \u00e0 l&rsquo;avenir jouer avec la s\u00e9curit\u00e9 de pays et les principes de la r\u00e9volution, selon les termes du communiqu\u00e9 qui ne pr\u00e9cise pas si le minist\u00e8re compte d\u00e9poser une plainte contre M. Rajhi.<\/font><\/div>\n<div><font face=\"Arial\" size=\"2\">Dans une vid\u00e9o post\u00e9e sur Facebook dans la nuit de mercredi \u00e0 jeudi, M. Rajhi, qui jouit d&rsquo;une grande popularit\u00e9, avait d\u00e9clar\u00e9 que si le mouvement islamiste Ennahda (Renaissance) gagne les prochaines \u00e9lections, le r\u00e9gime sera militaire.<\/font><\/div>\n<div><font face=\"Arial\" size=\"2\">M Rajhi a confirm\u00e9 avoir tenu ces propos jeudi sur la radio tunisienne Express FM.<\/font><\/div>\n<div><font face=\"Arial\" size=\"2\">Dans cette interview, M. Rahji avait d\u00e9clar\u00e9 que le dernier voyage du Premier ministre tunisien B\u00e9ji Ca\u00efd Essebsi \u00e0 Alger (le 15 mars) a consist\u00e9 \u00e0 se coordonner sur ce point, ajoutant que la nomination, le 18 avril, du g\u00e9n\u00e9ral Rachid Ammar au poste de chef d&rsquo;\u00e9tat-major inter-armes n&rsquo;est qu&rsquo;une pr\u00e9paration \u00e0 ce coup d&rsquo;Etat.<\/font><\/div>\n<div><font face=\"Arial\" size=\"2\">Selon le minist\u00e8re de la D\u00e9fense, les all\u00e9gations de M. Rajhi, ne vont pas atteindre le moral de l&rsquo;arm\u00e9e nationale ni celui de ses cadres et ne vont que renforcer la volont\u00e9 de l&rsquo;arm\u00e9e de continuer \u00e0 faire son devoir comme elle l&rsquo;avait promis \u00e0 maintes reprises pour pr\u00e9server le r\u00e9gime r\u00e9publicain et la r\u00e9volution des jeunes de la Tunisie.<\/font><\/div>\n<div><font face=\"Arial\" size=\"2\">Dans une d\u00e9claration \u00e0 l&rsquo;AFP, M. Rajhi avait affirm\u00e9 qu&rsquo;il a une bonne relation avec le g\u00e9n\u00e9ral Ammar.<\/font><\/div>\n<div><font face=\"Arial\" size=\"2\">Mes propos ne sont que des hypoth\u00e8ses dans l&rsquo;absolu qui ne visaient \u00e0 porter atteinte \u00e0 personne et je ne suis pas responsable des interpr\u00e9tations, a-t-il ajout\u00e9, affirmant qu&rsquo;il n&rsquo;\u00e9tait pas dans ses intentions de cr\u00e9er un climat de tension.<\/font><\/div>\n<div dir=\"ltr\">\n<div align=\"justify\">\u00a0<\/div>\n<hr\/>\n<div align=\"justify\">\u00a0<\/div>\n<div align=\"center\"><font face=\"Arial\" size=\"2\"><\/p>\n<h4 style=\"color: blue;\"><font size=\"3\"><strong>Tunis: 15 journalistes frapp\u00e9s par des policiers dans des manifestations<\/strong><\/font><\/h4>\n<p> <\/font><\/div>\n<div align=\"center\">\n<hr\/>\n<\/div>\n<div align=\"justify\"><font face=\"Arial\" size=\"2\">AFP \/ 06 mai 2011 20h14<\/font><\/div>\n<div align=\"justify\">\u00a0<\/div>\n<div align=\"justify\"><font face=\"Arial\" size=\"2\">TUNIS &#8211; Quinze journalistes travaillant pour des m\u00e9dias internationaux et tunisiens ont \u00e9t\u00e9 frapp\u00e9s par les forces de l&rsquo;ordre lors la couverture de manifestations jeudi et vendredi \u00e0 Tunis, a d\u00e9clar\u00e9 le syndicat national des journalistes tunisiens (SNJT).<\/font><\/div>\n<div align=\"justify\">\u00a0<\/div>\n<div align=\"justify\"><font face=\"Arial\" size=\"2\">Le syndicat avait annonc\u00e9 auparavant que 14 journalistes avaient \u00e9t\u00e9 battus par la police.<\/font><\/div>\n<div align=\"justify\">\u00a0<\/div>\n<div align=\"justify\"><font face=\"Arial\" size=\"2\">Des dizaines de policiers en uniforme et en civil ont frapp\u00e9 d&rsquo;une mani\u00e8re cruelle des journalistes bien qu&rsquo;ils savaient qu&rsquo;ils \u00e9taient journalistes et ils ont cass\u00e9 des appareils photos et poursuivi des journalistes jusqu&rsquo;\u00e0 l&rsquo;entr\u00e9e du journal La Presse, \u00e9crit le SNJT dans un communiqu\u00e9 parvenu \u00e0 l&rsquo;AFP.<\/font><\/div>\n<div align=\"justify\">\u00a0<\/div>\n<div align=\"justify\"><font face=\"Arial\" size=\"2\">Mohamed El-Hammi de l&rsquo;agence EPA, Marwa Rkik de Radio Kalima, Hassan Dridi de l&rsquo;agence de presse am\u00e9ricaine Associated Press (AP), Hamza Elaouini de l&rsquo;agence de presse TV, trois journalites de la cha\u00eene du Qatar Al-Jazeera &#8211; Lotfi Hajji, Mohamed Amin Ben Nejma et Anass ben Salah, ont ainsi \u00e9t\u00e9 frapp\u00e9s, selon le syndicat.<\/font><\/div>\n<div align=\"justify\">\u00a0<\/div>\n<div align=\"justify\"><font face=\"Arial\" size=\"2\">Parmi les journalistes figurent \u00e9galement Abdelfattah Belaid de l&rsquo;Agence France-Presse (AFP) et du journal tunisien La Presse, Chaffya Ibrahim du journal arabophone Echourouk, Zoubeir Essouissi de l&rsquo;agence britannique Reuters, Houssem Hamed de la radio priv\u00e9e tunisienne chems FM, Nizar Elhajbi du journal La Presse et Ahmed Elfouli et Monia Abdallah de la chaine de tv priv\u00e9e tunisienne Hannibal ainsi que Massoud Kawach du journal arabophone El-Sahafa, ajoute le syndicat.<\/font><\/div>\n<div align=\"justify\">\u00a0<\/div>\n<div align=\"justify\"><font face=\"Arial\" size=\"2\">Le photographe de l&rsquo;AFP, Abdelfattah Belaid, a racont\u00e9 vendredi avoir \u00e9t\u00e9 agress\u00e9 par 4 policiers dans l&rsquo;escalier du journal La Presse. Ils m&rsquo;ont pris 2 appareils photo et un ordinateur portable et m&rsquo;ont frapp\u00e9 sur la t\u00eate avec des barres de fer, a-t-il dit.<\/font><\/div>\n<div align=\"justify\">\u00a0<\/div>\n<div align=\"justify\"><font face=\"Arial\" size=\"2\">Le SNJT, qui qualifie ces violences de crime contre la libert\u00e9 de la presse, d\u00e9nonce les pratiques oppressives des agents de police \u00e0 l&rsquo;encontre des journalistes.<\/font><\/div>\n<div align=\"justify\">\u00a0<\/div>\n<div align=\"justify\"><font face=\"Arial\" size=\"2\">Les forces de l&rsquo;ordre tunisiennes ont violemment dispers\u00e9 jeudi et vendredi des manifestations anti-gouvernementales \u00e0 Tunis, ne faisant pas de diff\u00e9rence entre manifestants et journalistes.<\/font><\/div>\n<div align=\"justify\">\u00a0<\/div>\n<div align=\"justify\"><font face=\"Arial\" size=\"2\">Les policiers ont ensuite proc\u00e9d\u00e9 \u00e0 des interpellations violentes, notamment en frappant \u00e0 coup de pied et de matraque des manifestants, dont certains \u00e9taient \u00e0 terre. Le nombre des personnes interpell\u00e9es n&rsquo;a pas \u00e9t\u00e9 communiqu\u00e9.<\/font><\/div>\n<div align=\"justify\">\u00a0<\/div>\n<div align=\"justify\"><font face=\"Arial\" size=\"2\">Ces violences commises par les agents de la police ont pour but de verrouiller les m\u00e9dias et de priver l&rsquo;opinion publique des r\u00e9alit\u00e9s en Tunisie, selon le SJNT, qui met en garde contre les menaces de faire retourner le pays sous l&rsquo;oppression qu&rsquo;il a connu sous l&rsquo;ancien r\u00e9gime du pr\u00e9sident d\u00e9chu Ben Ali.<\/font><\/div>\n<div align=\"justify\">\u00a0<\/div>\n<div align=\"justify\"><font face=\"Arial\" size=\"2\">Le SJNT estime que le gouvernement provisoire est enti\u00e8rement responsable de la protection des journalistes.<\/font><\/div>\n<div align=\"justify\">\u00a0<\/div>\n<div align=\"justify\"><font face=\"Arial\" size=\"2\">Des internautes mobilis\u00e9s sur Facebook avaient appel\u00e9 \u00e0 la tenue vendredi \u00e0 Tunis d&rsquo;une manifestation de soutien \u00e0 l&rsquo;ancien ministre tunisien de l&rsquo;Int\u00e9rieur Farhat Rajhi, qui a suscit\u00e9 un vif \u00e9moi en d\u00e9non\u00e7ant la pr\u00e9paration d&rsquo;un coup d&rsquo;Etat militaire en cas de victoire \u00e9lectorale des islamistes.<\/font><\/div>\n<div align=\"justify\">\u00a0<\/div>\n<div align=\"justify\"><font face=\"Arial\" size=\"2\">Ses d\u00e9clarations ont \u00e9t\u00e9 condamn\u00e9s par le gouvernement transitoire qui a d\u00e9nonc\u00e9 une atteinte \u00e0 l&rsquo;ordre publique.<\/font><\/div>\n<div align=\"justify\">\u00a0<\/div>\n<div align=\"justify\"><font face=\"Arial\" size=\"2\">Jeudi, environ 300 manifestants pro-Rajhi avaient \u00e9t\u00e9 dispers\u00e9s par la police \u00e0 Tunis o\u00f9 les forces de l&rsquo;ordre ont tir\u00e9 des gaz lacrymog\u00e8nes et proc\u00e9d\u00e9 \u00e0 des arrestations parfois tr\u00e8s muscl\u00e9es.<\/font><\/div>\n<div align=\"justify\">\u00a0<\/div>\n<div align=\"justify\"><font face=\"Arial\" size=\"2\">L&rsquo;organisation de d\u00e9fense des journalistes Reporters sans Fronti\u00e8res (RSF) a \u00e9galement d\u00e9nonc\u00e9 ces violences et demand\u00e9 au gouvernement de transition d&rsquo;ouvrir une enqu\u00eate sur ces incidents et de donner des instructions claires aux forces de l&rsquo;ordre afin que de telles pratiques cessent. <\/font><\/div>\n<div align=\"justify\">\n<hr\/>\n<\/div>\n<div align=\"justify\">\u00a0<\/div>\n<div align=\"justify\">\u00a0<\/div>\n<div align=\"justify\">\u00a0<\/div>\n<div align=\"justify\">\u00a0<\/div>\n<div align=\"justify\">\u00a0<\/div>\n<div align=\"justify\">\u00a0<\/div>\n<div align=\"center\"><font face=\"Arial\" size=\"2\"><b><span lang=\"FR-CH\"><\/p>\n<h4 style=\"color: blue;\"><font size=\"3\">Pr\u00e8s de 800 immigr\u00e9s arriv\u00e9s en un seul jour d&rsquo;Afrique du Nord \u00e0 Lampedusa<\/font><\/h4>\n<p><\/span><span lang=\"FR-CH\"><\/span><\/b><\/font><\/div>\n<div align=\"center\"><font face=\"Arial\" size=\"2\"><b><span lang=\"FR-CH\"><\/p>\n<hr\/>\n<p><\/span><\/b><\/font><\/div>\n<div align=\"justify\">\u00a0<\/div>\n<div align=\"justify\"><i><u><span lang=\"FR-CH\"><font face=\"Arial\" size=\"2\">AFP, le 5 mai 2011 \u00e0 22h57 GMT<\/font><\/span><\/u><\/i><\/div>\n<div align=\"justify\">\u00a0<\/div>\n<div align=\"justify\"><span lang=\"FR-CH\"><font face=\"Arial\" size=\"2\">ROME, 05 Mai 2011 (AFP) &#8211; Au moins 760 immigrants en provenance d&rsquo;Afrique ont emprunt\u00e9 \u00e0 nouveau jeudi des bateaux de fortune pour se rendre sur l&rsquo;\u00eele italienne de Lampedusa, a-t-on appris aupr\u00e8s de la police et de la capitainerie du principal port de l&rsquo;\u00eele.<\/font><\/span><\/div>\n<div align=\"justify\">\u00a0<\/div>\n<div align=\"justify\"><span lang=\"FR-CH\"><font face=\"Arial\" size=\"2\">A la faveur de bonnes conditions m\u00e9t\u00e9orologiques, quatre embarcations ont d\u00e9j\u00e0 accost\u00e9, et une cinqui\u00e8me \u00e9tait attendue dans la nuit.<\/font><\/span><\/div>\n<div align=\"justify\">\u00a0<\/div>\n<div align=\"justify\"><span lang=\"FR-CH\"><font face=\"Arial\" size=\"2\">La plupart des nouveaux arrivants viennent de l&rsquo;Afrique sub-saharienne, et fuient souvent la guerre en Libye. Une minorit\u00e9 est constitu\u00e9e de Tunisiens.<\/font><\/span><\/div>\n<div align=\"justify\">\u00a0<\/div>\n<div align=\"justify\"><span lang=\"FR-CH\"><font face=\"Arial\" size=\"2\">Depuis le d\u00e9but de l&rsquo;ann\u00e9e, pr\u00e8s de 30.000 migrants ont d\u00e9barqu\u00e9 en Italie d&rsquo;Afrique du Nord, notamment apr\u00e8s les r\u00e9voltes en Tunisie et en Libye. Ils sont arriv\u00e9s pour la plupart sur l&rsquo;\u00eele de Lampedusa, territoire italien de 20 km2 situ\u00e9 \u00e0 moins de cent kilom\u00e8tres des c\u00f4tes nord-africaines.<\/font><\/span><\/div>\n<div align=\"justify\">\u00a0<\/div>\n<div align=\"justify\"><span lang=\"FR-CH\"><font face=\"Arial\" size=\"2\">Le repr\u00e9sentant en Italie du Haut commissariat de l&rsquo;ONU pour les r\u00e9fugi\u00e9s (HCR), Laurens Jolles, a critiqu\u00e9 devant la presse \u00ab\u00a0le ton alarmiste\u00a0\u00bb adopt\u00e9 par les autorit\u00e9s italiennes pour \u00e9voquer l&rsquo;immigration en provenance d&rsquo;Afrique.<\/font><\/span><\/div>\n<div align=\"justify\">\u00a0<\/div>\n<div align=\"justify\"><span lang=\"FR-CH\"><font face=\"Arial\" size=\"2\">Selon M. Jolles, 23.000 personnes sont arriv\u00e9es depuis le d\u00e9but de l&rsquo;ann\u00e9e de Tunisie et la majeure partie d&rsquo;entre elles sont d\u00e9j\u00e0 reparties dans d&rsquo;autres pays europ\u00e9ens.<\/font><\/span><\/div>\n<div align=\"justify\">\u00a0<\/div>\n<div align=\"justify\"><span lang=\"FR-CH\"><font face=\"Arial\" size=\"2\">Dans la m\u00eame p\u00e9riode, environ 8.000 migrants sont venues de la Libye en guerre, alors que 700.000 autres fuyant les combats dans ce pays ont \u00e9t\u00e9 accueillies en Tunisie, en Egypte et dans d&rsquo;autres pays africains, a observ\u00e9 ce responsable du HCR.<\/font><\/span><\/div>\n<div align=\"center\">\n<div align=\"justify\">\u00a0<\/div>\n<hr\/>\n<\/div>\n<div align=\"justify\">\u00a0<\/div>\n<div align=\"justify\">\u00a0<\/div>\n<div align=\"center\"><b><span lang=\"FR-CH\"><\/p>\n<h4 style=\"color: blue;\"><font face=\"Arial\">France: un opposant tunisien d\u00e9nonce le \u00ab\u00a0traitement indigne\u00a0\u00bb des migrants<\/font><\/h4>\n<p><\/span><\/b><\/div>\n<div align=\"center\"><b><span lang=\"FR-CH\"><\/p>\n<hr\/>\n<p><\/span><\/b><\/div>\n<div align=\"justify\">\u00a0<\/div>\n<div align=\"justify\">\u00a0<\/div>\n<div align=\"justify\"><i><u><span lang=\"FR-CH\"><font face=\"Arial\" size=\"2\">ANSA, le 6 mai 2011 \u00e0 15h39 GMT<\/font><\/span><\/u><\/i><\/div>\n<div align=\"justify\">\u00a0<\/div>\n<div align=\"justify\"><span lang=\"FR-CH\"><font face=\"Arial\" size=\"2\">PARIS, 06 Mai 2011 (AFP) &#8211; L&rsquo;opposant tunisien Mustafa Ben Jaafar a interpell\u00e9, vendredi dans une lettre, le pr\u00e9sident Nicolas Sarkozy sur le \u00ab\u00a0traitement indigne\u00a0\u00bb r\u00e9serv\u00e9 aux migrants tunisiens en France et appel\u00e9 \u00e0 revoir la coop\u00e9ration avec la Tunisie nouvelle.<\/font><\/span><\/div>\n<div align=\"justify\"><span lang=\"FR-CH\"><font face=\"Arial\" size=\"2\">\u00ab\u00a0Je suis venu sp\u00e9cialement de Tunis ce matin pour d\u00e9poser une lettre adress\u00e9e \u00e0 M. le pr\u00e9sident de la R\u00e9publique fran\u00e7aise pour poser la question du traitement injuste et indigne des immigrants tunisiens\u00a0\u00bb, a expliqu\u00e9 M. Ben Jaafar \u00e0 des journalistes venus assister \u00e0 la remise de cette lettre \u00e0 l&rsquo;Elys\u00e9e.<\/font><\/span><\/div>\n<div align=\"justify\"><span lang=\"FR-CH\"><font face=\"Arial\" size=\"2\">Le leader du Forum d\u00e9mocratique pour le travail et les libert\u00e9s (FDTL) a dit avoir demand\u00e9 \u00e0 Nicolas Sarkozy \u00ab\u00a0\u00e0 ce qu&rsquo;un traitement plus humain soit accord\u00e9 \u00e0 ces migrants\u00a0\u00bb, compte tenu de la transition d\u00e9mocratique en Tunisie.<\/font><\/span><\/div>\n<div align=\"justify\"><span lang=\"FR-CH\"><font face=\"Arial\" size=\"2\">Depuis la fuite du pr\u00e9sident Ben Ali en janvier, plus de 20.000 Tunisiens ont gagn\u00e9 l&rsquo;\u00eele italienne de Lampedusa pour se rendre, pour la plupart, en France. Mais le gouvernement fran\u00e7ais a adopt\u00e9 une politique de fermet\u00e9, multipliant depuis deux semaines les op\u00e9rations polici\u00e8res et les reconduites aux fronti\u00e8res.<\/font><\/span><\/div>\n<div align=\"justify\"><span lang=\"FR-CH\"><font face=\"Arial\" size=\"2\">\u00ab\u00a0Moi, ce que je vois sur les \u00e9crans, j&rsquo;en suis offusqu\u00e9, je pense que tout le peuple tunisien est tr\u00e8s touch\u00e9 par cette mani\u00e8re de traiter les Tunisiens qui ne sont ni des criminels, ni des terroristes\u00a0\u00bb, a d\u00e9clar\u00e9 M. Ben Jaafar, 71 ans.<\/font><\/span><\/div>\n<div align=\"justify\"><span lang=\"FR-CH\"><font face=\"Arial\" size=\"2\">\u00ab\u00a0Ce n&rsquo;est pas toute la Tunisie qui est en train de d\u00e9ferler sur la France\u00a0\u00bb, a estim\u00e9 cet opposant de longue date au pr\u00e9sident Ben Ali, qui pourrait se pr\u00e9senter \u00e0 la pr\u00e9sidentielle pr\u00e9vue apr\u00e8s l&rsquo;\u00e9lection le 24 juillet d&rsquo;une Assembl\u00e9e constituante.<\/font><\/span><\/div>\n<div align=\"justify\"><span lang=\"FR-CH\"><font face=\"Arial\" size=\"2\">La France pourrait ainsi aider ces migrants tunisiens en leur donnant \u00ab\u00a0une formation\u00a0\u00bb pour qu&rsquo;en cas de retour dans leur pays, \u00ab\u00a0ils ne rentrent pas comme ils sont venus\u00a0\u00bb, a-t-il sugg\u00e9r\u00e9, reprenant une proposition de l&rsquo;opposition socialiste fran\u00e7aise et d&rsquo;ONG.<\/font><\/span><\/div>\n<div align=\"justify\"><span lang=\"FR-CH\"><font face=\"Arial\" size=\"2\">Le secr\u00e9taire g\u00e9n\u00e9ral du FDTL a dit aussi qu&rsquo;il esp\u00e9rait qu&rsquo;\u00e0 terme \u00ab\u00a0un nouveau partenariat sera fond\u00e9 avec les pays amis, et en premier lieu avec la France\u00a0\u00bb, appelant de ses v\u0153ux \u00e0 \u00ab\u00a0une strat\u00e9gie de co-d\u00e9veloppement\u00a0\u00bb.<\/font><\/span><\/div>\n<hr\/>\n<div align=\"justify\"><i><u><span lang=\"FR-CH\"><font face=\"Arial\" size=\"2\">Reuters, le 5 mai 2011 \u00e0 10h20 GMT<\/font><\/span><\/u><\/i><\/div>\n<div align=\"justify\">\u00a0<\/div>\n<div align=\"center\"><b><span lang=\"EN-US\"><\/p>\n<h4 style=\"color: blue;\"><font face=\"Arial\">INTERVIEW-Europe failing Tunisia, says regional lender<\/font><\/h4>\n<p><\/span><\/b><\/div>\n<div align=\"center\"><b><span lang=\"EN-US\"><\/p>\n<hr\/>\n<p><\/span><\/b><\/div>\n<div align=\"justify\">\u00a0<\/div>\n<div align=\"justify\">\u00a0<\/div>\n<div align=\"justify\"><span lang=\"EN-US\"><font face=\"Arial\" size=\"2\">* Support disappointing, says African Development Bank<\/font><\/span><\/div>\n<div align=\"justify\"><span lang=\"EN-US\"><font face=\"Arial\" size=\"2\">* Tunisia important as starting point for Arab world revolts<\/font><\/span><\/div>\n<div align=\"justify\">\u00a0<\/div>\n<div align=\"justify\"><span lang=\"EN-US\"><font face=\"Arial\" size=\"2\">* Failure to help Tunisia more could mean shakier transition<\/font><\/span><\/div>\n<div align=\"justify\">\u00a0<\/div>\n<div align=\"justify\">\u00a0<\/div>\n<div align=\"justify\"><span lang=\"EN-US\"><font face=\"Arial\" size=\"2\">By Matthew Tostevin<\/font><\/span><\/div>\n<div align=\"justify\">\u00a0<\/div>\n<div align=\"justify\"><span lang=\"EN-US\"><font face=\"Arial\" size=\"2\">TUNIS, May 6 (Reuters) &#8211; Europe should be doing more to support Tunisia to ensure swift reforms that will set an example in the rest of North Africa, the regional head of the Tunis-based African Development Bank said.<\/font><\/span><\/div>\n<div align=\"justify\">\u00a0<\/div>\n<div align=\"justify\"><span lang=\"EN-US\"><font face=\"Arial\" size=\"2\">The bank is a key lender to Tunisia and the $500 million it is giving in emergency budget support matches help from the World Bank. About another $200 million is coming from Europe, nearly half of that from former colonial power France.<\/font><\/span><\/div>\n<div align=\"justify\">\u00a0<\/div>\n<div align=\"justify\"><span lang=\"EN-US\"><font face=\"Arial\" size=\"2\">Jacob Kolster, responsible for Tunisia, Libya and Egypt at the AfDB, said Europe should be doing more to back the country where the spreading revolt in the Arab world began with the toppling of Tunisia&rsquo;s authoritarian ruler in January.<\/font><\/span><\/div>\n<div align=\"justify\">\u00a0<\/div>\n<div align=\"justify\"><span lang=\"EN-US\"><font face=\"Arial\" size=\"2\">\u00ab\u00a0I&rsquo;m frankly a little bit disappointed with the outpour of real financial support,\u00a0\u00bb he told Reuters. \u00ab\u00a0Here is a golden opportunity to try and help North Africa to bring itself closer to what the occidental world believes is good governance.\u00a0\u00bb<\/font><\/span><\/div>\n<div align=\"justify\">\u00a0<\/div>\n<div align=\"justify\"><span lang=\"EN-US\"><font face=\"Arial\" size=\"2\">In addition to the emergency support, Tunisia estimates it needs about $4 billion in foreign loans to get through the turmoil after the revolution, which has knocked an economy that lacks the oil and gas resources of its neighbours.<\/font><\/span><\/div>\n<div align=\"justify\">\u00a0<\/div>\n<div align=\"justify\"><span lang=\"EN-US\"><font face=\"Arial\" size=\"2\">Libya&rsquo;s war has been an additional blow; Tunisian workers are no longer sending remittances from there, wealthy Libyans have stopped visits for cheap medical care and tens of thousands of Libyan refugees have crossed the border.<\/font><\/span><\/div>\n<div align=\"justify\">\u00a0<\/div>\n<div align=\"justify\"><span lang=\"EN-US\"><font face=\"Arial\" size=\"2\">Economic growth this year is seen at 1-1.5 percent.<\/font><\/span><\/div>\n<div align=\"justify\">\u00a0<\/div>\n<div align=\"justify\"><span lang=\"EN-US\"><font face=\"Arial\" size=\"2\">Kolster said Western countries as a whole needed to do more for Tunisia, but it was especially important for Europe given Tunisia&rsquo;s proximity, historical ties and the tide of jobless Tunisians trying to seek work in Europe.<\/font><\/span><\/div>\n<div align=\"justify\">\u00a0<\/div>\n<div align=\"justify\"><span lang=\"EN-US\"><font face=\"Arial\" size=\"2\">Tunisia&rsquo;s fragility was underlined on Thursday by protests which sprang up after a former minister warned that loyalists of ousted President Zine al-Abidine Ben Ali could mount a coup if Islamists won an election in July. [ID:nLDE7441PD]<\/font><\/span><\/div>\n<div align=\"justify\">\u00a0<\/div>\n<div align=\"justify\"><span lang=\"EN-US\"><font face=\"Arial\" size=\"2\">Kolster said Europe should extend the kind of economic benefits it does to Balkan states seen as potential EU members even if Tunisia is never considered as a possible member itself.<\/font><\/span><\/div>\n<div align=\"justify\">\u00a0<\/div>\n<div align=\"justify\"><span lang=\"EN-US\"><font face=\"Arial\" size=\"2\">\u00ab\u00a0I would have expected massive grant support,\u00a0\u00bb said Kolster, for helping to build political institutions and civil society that would \u00ab\u00a0cement the gains of what came out from the blood, sweat and tears of young people taking to the streets\u00a0\u00bb.<\/font><\/span><\/div>\n<div align=\"justify\">\u00a0<\/div>\n<div align=\"justify\"><span lang=\"EN-US\"><font face=\"Arial\" size=\"2\">Europe has pledged to step up support for North Africa.<\/font><\/span><\/div>\n<div align=\"justify\">\u00a0<\/div>\n<div align=\"justify\"><span lang=\"EN-US\"><font face=\"Arial\" size=\"2\">But it also faces demands elsewhere with Libya at war and Egypt needing assistance after the fall of its authoritarian regime. Egypt is a much more important regional player than Tunisia when Western countries are considering where to spend.<\/font><\/span><\/div>\n<div align=\"justify\">\u00a0<\/div>\n<div align=\"justify\"><span lang=\"EN-US\"><font face=\"Arial\" size=\"2\">\u00ab\u00a0If they fail, I think Tunisia will pull through, but they may pull through in a different way,\u00a0\u00bb said Kolster.<\/font><\/span><\/div>\n<div align=\"justify\">\u00a0<\/div>\n<div align=\"justify\"><span lang=\"EN-US\"><font face=\"Arial\" size=\"2\">\u00ab\u00a0Maybe slower, more risky, maybe where there are more risks of reversals than if there were a real firm helping hand across the pond.\u00a0\u00bb<\/font><\/span><\/div>\n<\/div>\n<div dir=\"ltr\">\u00a0<\/div>\n<div>\n<hr\/>\n<\/div>\n<p><span><\/p>\n<div align=\"center\"><b><span lang=\"FR-CH\"><\/p>\n<h4 style=\"color: blue;\"><font face=\"Arial\" size=\"2\"><font size=\"3\">Hani d\u00e9fend Rajhi et crie au complot\u2026 am\u00e9ricain<\/font> <\/font><\/h4>\n<p><\/span><\/b><\/div>\n<div align=\"center\"><b><span lang=\"FR-CH\"><\/p>\n<hr\/>\n<p><\/span><\/b><\/div>\n<div align=\"justify\"><i><span lang=\"FR-CH\"><font face=\"Arial\" size=\"2\">Selon Abdelwahab Hani, leader du parti Al-Majd, la transition d\u00e9mocratique tunisienne serait manipul\u00e9e par une organisation rattach\u00e9e aux services de renseignements am\u00e9ricains. Info ou intox? <\/font><\/span><\/i><\/div>\n<div align=\"justify\"><b><span lang=\"FR-CH\"><font face=\"Arial\" size=\"2\">Par Ridha K\u00e9fi <\/font><\/span><\/b><\/div>\n<div align=\"justify\"><span lang=\"FR-CH\"><font face=\"Arial\" size=\"2\">D\u2019ici l\u2019\u00e9lection de l\u2019Assembl\u00e9e constituante, le 24 juillet, les Tunisiens doivent s\u2019habituer au r\u00e9gime d\u2019une bombe \u00abm\u00e9diatique \u00bb par jour. Ainsi, apr\u00e8s celle d\u00e9clench\u00e9e, avant-hier, par l\u2019ex-ministre de l\u2019Int\u00e9rieur Farhat Rajhi, ce fut au tour de Abdelwahad Hani, fondateur et leader du parti Al Majd, de faire exploser la sienne, jeudi, dans une interview \u00e0 la radio Chems FM.<\/font><\/span><\/div>\n<div align=\"justify\"><span lang=\"FR-CH\"><font face=\"Arial\" size=\"2\">M. Hani exige des explications <\/font><\/span><\/div>\n<div align=\"justify\"><span lang=\"FR-CH\"><font face=\"Arial\" size=\"2\">Surfant sur la vague Rajhi, dont la vid\u00e9o de l\u2019entretien explosif diffus\u00e9 sur Facebbok a connu un buzz monstre sur la Toile, provoquant m\u00eame des manifestations hostiles au gouvernement de transition \u00e0 Tunis et dans d\u2019autres villes du pays, l\u2019ancien exil\u00e9 politique retourn\u00e9 en Tunisie apr\u00e8s la r\u00e9volution du 14 janvier a exig\u00e9, dans son entretien avec Shems FM, que M. Rajhi s\u2019explique davantage sur les \u00abv\u00e9rit\u00e9s\u00bb qu\u2019il semble d\u00e9tenir sur le soi-disant \u00abgouvernement de l\u2019ombre\u00bb. \u00abM. Rajhi poss\u00e8de des v\u00e9rit\u00e9s qu\u2019il doit livrer aux Tunisiens sur les ondes de cette radio ou une autre ou sur une cha\u00eene de t\u00e9l\u00e9vision. Il doit le faire aujourd\u2019hui, avant demain\u00bb, a soulign\u00e9 M. Hani.<\/font><\/span><\/div>\n<div align=\"justify\"><span lang=\"FR-CH\"><font face=\"Arial\" size=\"2\">\u00abL&rsquo;opinion publique est m\u00e9fiante et se pose beaucoup de questions ces derniers temps (&#8230;) Le gouvernement doit r\u00e9pondre! Moez Sinaoui n\u2019en fait pas partie. Il ne sait rien et n\u2019a pas \u00e0 s\u2019exprimer! C\u2019est au Premier ministre ou au pr\u00e9sident de la r\u00e9publique par int\u00e9rim qui doivent s\u2019adresser au peuple sur les cha\u00eenes nationales pour clarifier les choses\u00bb, a d\u00e9clar\u00e9 le juriste. Qui a propos\u00e9 la cr\u00e9ation d\u2019une commission d\u2019enqu\u00eate ind\u00e9pendante sur les faits \u00e9nonc\u00e9s par l\u2019ancien ministre de l\u2019Int\u00e9rieur, et qui r\u00e9pondrait aux questions suivantes: Qui nomme les ministres du gouvernement provisoire? Qui nomme les membres de la Haute instance pour la r\u00e9alisation des objectifs de la r\u00e9volution? Qui nomme les gouverneurs? Qui nomme les directeurs g\u00e9n\u00e9raux des administrations publiques?\u00bb<\/font><\/span><\/div>\n<div align=\"justify\"><span lang=\"FR-CH\"><font face=\"Arial\" size=\"2\">Des mains \u00e9trang\u00e8res manipulent-elles l\u2019avenir des Tunisiens?<\/font><\/span><\/div>\n<div align=\"justify\"><span lang=\"FR-CH\"><font face=\"Arial\" size=\"2\">Poursuivant sur sa lanc\u00e9e, le leader d\u2019Al Majd, a cru devoir s\u2019insurger aussi contre la Haute Instance pour la r\u00e9alisation des objectifs de la r\u00e9volution, la r\u00e9forme politique et la transition d\u00e9mocratique pr\u00e9sid\u00e9e par Yadh Ben Achour. Selon lui, cette commission a exclu de nombreuses personnalit\u00e9s qui auraient d\u00fb y si\u00e9ger. Il a cit\u00e9 Ahmed Ben Salah, l\u2019ancien ministre de Bourguiba et chef du Mouvement de l\u2019unit\u00e9 populaire (Mup). Pis: la \u00abcommission Ben Achour\u00bb pr\u00eaterait trop l\u2019oreille \u00e0 une organisation am\u00e9ricaine \u00e9margeant sur les services secrets des Etats-Unis, l\u2019International Foundation for Electoral System (Ifes), cr\u00e9\u00e9e par George Bush p\u00e8re pour manipuler les \u00e9lections dans les pays en transition et qui, selon les mots de Hani, \u00abva nous amener au bord pr\u00e9cipice, comme elle l\u2019a d\u00e9j\u00e0 fait en G\u00e9orgie et ailleurs.\u00bb <\/font><\/span><\/div>\n<div align=\"justify\"><span lang=\"FR-CH\"><font face=\"Arial\" size=\"2\">O\u00f9 M. Hani a-t-il puis\u00e9 ses informations? \u00abCe sont des informations pr\u00e9cises document\u00e9es\u00bb, r\u00e9pond-t-il, en citant des sources internationales dignes de foi, notamment le site R\u00e9seau Voltaire. Selon M. Hani, \u00ables membres de l\u2019Ifes campent dans les coulisses de la Commission Ben Achour, discutent avec les commissions techniques charg\u00e9es de l\u2019organisation de la prochaine \u00e9lection et fourrent leur nez dans les secrets de l\u2019Etat tunisien\u00bb (sic !). Et M. Hani de sonner l\u2019alerte g\u00e9n\u00e9rale: \u00abCette organisation douteuse est en train d\u2019orienter l\u2019avenir \u00e9lectoral de la Tunisie\u00bb. <\/font><\/span><\/div>\n<div align=\"justify\"><span lang=\"FR-CH\"><font face=\"Arial\" size=\"2\">Le leader d\u2019Al-Majd en rajoute une couche en s\u2019en prenant \u00e0 la multinationale \u00e9tats-unienne Microsoft, qui louerait, elle aussi, ses services \u00e0 la \u00abCommission Ben Achour\u00bb, d\u00e9crite ainsi comme une instance au service d\u2019int\u00e9r\u00eats \u00e9trangers et, surtout, am\u00e9ricains. <\/font><\/span><\/div>\n<div align=\"justify\"><span lang=\"FR-CH\"><font face=\"Arial\" size=\"2\">Le \u00abmanque de transparence\u00bb dont fait montre cette Instance ou le gouvernement provisoire, M. Hani les attribue \u00e0 deux facteurs: \u00able manque d\u2019exp\u00e9rience\u00bb de leurs membres, \u00e0 moins que ces derniers ne soient anim\u00e9s d\u2019une volont\u00e9 de laisser des \u00abmains \u00e9trang\u00e8res manipuler l\u2019avenir des Tunisiens\u00bb.<\/font><\/span><\/div>\n<div align=\"justify\"><span lang=\"FR-CH\"><font face=\"Arial\" size=\"2\">Un besoin de visibilit\u00e9 m\u00e9diatique et politique? <\/font><\/span><\/div>\n<div align=\"justify\"><span lang=\"FR-CH\"><font face=\"Arial\" size=\"2\">Voil\u00e0 pour les faits. Reste \u00e0 s\u2019interroger sur les motifs qui ont pouss\u00e9 M. Hani, qui n\u2019est pas du genre \u00e0 s\u2019engager dans les chemins tortueux de la manipulation m\u00e9diatique, \u00e0 se lancer dans des accusations aussi graves. <\/font><\/span><\/div>\n<div align=\"justify\"><span lang=\"FR-CH\"><font face=\"Arial\" size=\"2\">Il serait malvenu d\u2019expliquer les griefs exprim\u00e9s par M. Hani \u00e0 l\u2019encontre de ce qu\u2019il appelle la \u00abCommission Ben Achour\u00bb par le fait qu\u2019aucun membre de son parti, nouvellement cr\u00e9\u00e9, n\u2019y a \u00e9t\u00e9 coopt\u00e9. <\/font><\/span><\/div>\n<div align=\"justify\"><span lang=\"FR-CH\"><font face=\"Arial\" size=\"2\">L\u2019argument selon lequel M. Hani cherche, \u00e0 travers son soutien appuy\u00e9 \u00e0 Farhat Rajhi et sa charge contre la \u00abCommission Ben Achour\u00bb et le gouvernement provisoire, \u00e0 s\u2019assurer une meilleure visibilit\u00e9 m\u00e9diatique et politique, est \u00e9galement tr\u00e8s malvenu. On voudrait bien croire que nos hommes politiques sont au-dessus de ce genre de calculs \u00e9lectoraux, \u00e9triqu\u00e9s et \u00e9go\u00efstes, sachant que la situation s\u00e9curitaire dans le pays est si volatile et instable qu\u2019un mot de trop (ou de travers) peut y d\u00e9clencher un incendie.<\/font><\/span><\/div>\n<div align=\"justify\"><span lang=\"FR-CH\"><font face=\"Arial\" size=\"2\">Nous n\u2019avons aucune raison de ne pas croire M. Hani, qui assure d\u00e9tenir des \u00abinformations pr\u00e9cises et document\u00e9es\u00bb, mais, comme dans le cas de Rajhi, nous voudrions en savoir davantage, avoir des preuves de ses accusations. Le pr\u00e9sident par int\u00e9rim doit-il aussi constituer une commission ind\u00e9pendante pour entendre M. Hani et enqu\u00eater sur ses all\u00e9gations, si grave et si d\u00e9rangeantes, et pas seulement pour la \u00abcommission Ben Achour\u00bb et le gouvernement provisoire?<\/font><\/span><\/div>\n<div align=\"justify\"><span lang=\"FR-CH\"><font face=\"Arial\" size=\"2\">La source est-elle \u00ab digne de foi\u00bb? <\/font><\/span><\/div>\n<div align=\"justify\"><span lang=\"FR-CH\"><font face=\"Arial\" size=\"2\">Reste que nous voudrions exprimer ici quelque r\u00e9serve sur la source \u00abdigne de foi\u00bb que cite M. Hani \u00e0 l\u2019appui de ses affirmations. <\/font><\/span><\/div>\n<div align=\"justify\"><span lang=\"FR-CH\"><font face=\"Arial\" size=\"2\">Le site R\u00e9seau Voltaire que cite M. Hani, dirig\u00e9 par Thierry Meissan, autour du c\u00e9l\u00e8bre ouvrage mettant en doute l\u2019authenticit\u00e9 m\u00eame des attentats du 11 septembre 2001, n\u2019est pas au-dessus de tout soup\u00e7on. Et pour cause: il avait \u00e9t\u00e9 manipul\u00e9, au moins une fois, par les services de propagande de Ben Ali. R\u00e9seau voltaire avait en effet affirm\u00e9, dans un article intitul\u00e9 \u2018\u2018La France coop\u00e9rerait aux assassinats politiques perp\u00e9tr\u00e9s par le Mossad\u2019\u2019 <\/font><a href=\"http:\/\/www.voltairenet.org\/article164902.html\" target=\"_blank\" rel=\"noopener\"><font face=\"Arial\" size=\"2\">http:\/\/www.voltairenet.org\/article164902.html<\/font><\/a><span dir=\"rtl\"><font face=\"Arial\" size=\"2\"><\/font><\/span><font face=\"Arial\" size=\"2\">, mis en ligne le 12 avril 2010, en citant l\u2019enqu\u00eate du journal tunisien \u2018\u2018Dounia El Watan\u2019\u2019, proche des officines de Ben Ali, que l\u2019assassinat du dirigeant du Hamas Mahmoud Mabhouh \u00e0 Duba\u00ef, le 20 janvier 2010, le bombardement du si\u00e8ge du Fatah \u00e0 Tunis, le 1er octobre 1985, ainsi que l\u2019assassinat d\u2019un autre leader palestinien, Khalil Al-Wazir (dit Abou Jihad), le 16 avril 1988, \u00e0 Sidi Bou Sa\u00efd, ont \u00e9t\u00e9 rendus possibles gr\u00e2ce \u00e0 l\u2019implication d\u2019Ahmed Bennour, un ancien responsable s\u00e9curitaire de la Tunisie, r\u00e9fugi\u00e9 en France apr\u00e8s la prise de pouvoir de Ben Ali. <\/font><\/span><\/div>\n<div align=\"justify\"><span lang=\"FR-CH\"><font face=\"Arial\" size=\"2\">Nous savons aujourd\u2019hui qui, de Ben Ali et Bennour, a \u00e9t\u00e9 le v\u00e9ritable agent du Mossad en Tunisie et qui, des deux hommes, a particip\u00e9 activement \u00e0 l\u2019assassinat en Tunisie des leaders de l\u2019Olp. De l\u00e0 donc \u00e0 donner foi, les yeux ferm\u00e9s, \u00e0 des informations publi\u00e9es par le R\u00e9seau Voltaire, il y a un pas que M. Hani aurait d\u00fb se garder de faire. A moins qu\u2019il ait d\u2019autres sources plus fiables. Auquel cas, nous voudrions en savoir plus avant de donner foi \u00e0 ses propres all\u00e9gations. <\/font><\/span><\/div>\n<div align=\"justify\"><span lang=\"FR-CH\"><font face=\"Arial\" size=\"2\">Cela n\u2019emp\u00eache, que nous attendons aussi une r\u00e9action de la part de la \u00abCommission Ben Achour \u00bb et du gouvernement provisoire. Les Tunisiens doivent savoir la v\u00e9rit\u00e9\u2026<\/font><\/span><\/div>\n<div align=\"justify\"><b><span lang=\"FR-CH\"><font face=\"Arial\" size=\"2\">(Source: \u00ab Kapitalis \u00bb, le 6 mai 2011)<\/font><\/span><\/b><\/div>\n<div align=\"justify\"><font face=\"Arial\" size=\"2\"><b><span lang=\"FR-CH\"><font>Lien :<\/font><\/span><span lang=\"FR-CH\"><a href=\"http:\/\/www.kapitalis.com\/fokus\/62-national\/3815-tunisie-hani-defend-rajhi-et-crie-au-complot-americain-.html\" target=\"_blank\" rel=\"noopener\"><font>http:\/\/www.kapitalis.com\/fokus\/62-national\/3815-tunisie-hani-defend-rajhi-et-crie-au-complot-americain-.html<\/font><\/a><\/span><\/b><\/font><\/div>\n<hr\/>\n<div align=\"justify\">\u00a0<\/div>\n<div align=\"justify\">\u00a0<\/div>\n<div align=\"justify\">\u00a0<\/div>\n<div align=\"center\"><b><span lang=\"FR-CH\"><\/p>\n<h4 style=\"color: blue;\"><font face=\"Arial\">Ces pouvoirs dont nous sommes otages<\/font><\/h4>\n<p><\/span><\/b><\/div>\n<div align=\"center\"><b><span lang=\"FR-CH\"><\/p>\n<hr\/>\n<p><\/span><\/b><\/div>\n<div align=\"justify\"><span lang=\"FR-CH\"><font face=\"Arial\" size=\"2\"><strong>Nadia Omrane<\/strong><\/font><\/span><\/div>\n<div align=\"justify\">\u00a0<\/div>\n<div align=\"justify\"><span lang=\"FR-CH\"><font face=\"Arial\" size=\"2\">\u00c0 tout seigneur, tout honneur : si(re) Beji Ca\u00efd Essebsi est un <i>beldi<\/i> tomb\u00e9 dans la potion magique bourguibienne. Il nous a refait le num\u00e9ro en arabe dialectal dans le texte, joue au cabotin et se pla\u00eet \u00e0 lui-m\u00eame. Il interpelle le journaliste qu&rsquo;il reconna\u00eet, charrie une jeune femme qui le questionne et sombre dans la trivialit\u00e9.<\/font><\/span><\/div>\n<div align=\"justify\">\u00a0<\/div>\n<div align=\"justify\"><span lang=\"FR-CH\"><font face=\"Arial\" size=\"2\">Sur le fond, il se montre plut\u00f4t positif envers le RCD, excroissance maligne du PSD, ce vieux parti national dont il est lui-m\u00eame issu : aussi \u00e9dicte-t-il que les responsables du RCD ne seront priv\u00e9s de leur droit \u00e0 l&rsquo;\u00e9ligibilit\u00e9 qu&rsquo;\u00e0 raison de la derni\u00e8re d\u00e9cennie, avec prescription (et blanchiment) pour les ann\u00e9es ant\u00e9rieures. Pour le reste, il se moque d&rsquo;Ennahdha dont le leader aurait reconnu, apr\u00e8s le 7 novembre 1987, Ben Ali ma\u00eetre ici-bas apr\u00e8s Dieu l\u00e0-haut.<\/font><\/span><\/div>\n<div align=\"justify\">\u00a0<\/div>\n<div align=\"justify\"><span lang=\"FR-CH\"><font face=\"Arial\" size=\"2\">Il saupoudre son costume de Bourguibien la\u00efque de paillettes coraniques. En grand bourgeois, il met en garde gr\u00e9vistes et <i>sit-inners<\/i> contre le d\u00e9couragement et le d\u00e9part des investisseurs \u00e9trangers face au charivari, et il s&rsquo;\u00e9meut de la zizanie que la Tunisie introduit entre les pays europ\u00e9ens. Non, il n&rsquo;ira pas chercher au fond de l&rsquo;eau les corps gonfl\u00e9s des noy\u00e9s de l&rsquo;exil \u00e9conomique car il \u00ab gouverne sans \u00e9tat d&rsquo;\u00e2me \u00bb (d\u00e9clarait-il sur France 24).<\/font><\/span><\/div>\n<div align=\"justify\">\u00a0<\/div>\n<div align=\"justify\"><span lang=\"FR-CH\"><font face=\"Arial\" size=\"2\">Nous demandons au <b>Premier des ministres<\/b> (<b>c&rsquo;est l\u00e0 tout son pouvoir<\/b> d&rsquo;une vague l\u00e9gitimit\u00e9 !) de gouverner avec moins de suffisance et plus d&rsquo;autorit\u00e9, avec une obligation d&rsquo;efficacit\u00e9.<\/font><\/span><\/div>\n<div align=\"justify\">\u00a0<\/div>\n<div align=\"justify\"><span lang=\"FR-CH\"><font face=\"Arial\" size=\"2\">Car en face de lui, il y a <b>le pouvoir de la rue<\/b> : toute la semaine en plein coeur de la capitale, avenue Bourguiba entre 12h et 18h, \u00e7a gesticule et \u00e7a crie au porte-voix des slogans o\u00f9 l&rsquo;on entend parfois : \u00ab <i>Ca\u00efd Essebsi ya jebben<\/i> \u00bb et \u00ab d\u00e9mission du gouvernement \u00bb.<\/font><\/span><\/div>\n<div align=\"justify\">\u00a0<\/div>\n<div align=\"justify\"><span lang=\"FR-CH\"><font face=\"Arial\" size=\"2\">Le vendredi \u00e0 sa sp\u00e9cificit\u00e9 : <i>hizb Ettahrir<\/i> ou approchants et infiltr\u00e9s du RCD prient et psalmodient que par le fer et le sang, ils mourront pour le Proph\u00e8te. Les m\u00eames salafistes qui ont profan\u00e9 \u00e0 Djerba ces derniers jours le tombeau d&rsquo;un saint \u00eebadiste vieux de mille ans vouent aux g\u00e9monies et \u00e0 la peine capitale les la\u00efques blasph\u00e9mateurs. Cela finit en bagarre, jet de pierres et grenade lacrymog\u00e8ne, quand ce ne sont pas les flics qui manifestent eux-m\u00eames.<\/font><\/span><\/div>\n<div align=\"justify\">\u00a0<\/div>\n<div align=\"justify\"><span lang=\"FR-CH\"><font face=\"Arial\" size=\"2\">Les samedi et dimanche apr\u00e8s-midi, jours de foot, un joli monde de casseurs se d\u00e9ploie au stade pour faire la d\u00e9monstration, en un jeu de massacre, de la r\u00e9volution pour les nuls !<\/font><\/span><\/div>\n<div align=\"justify\">\u00a0<\/div>\n<div align=\"justify\"><span lang=\"FR-CH\"><font face=\"Arial\" size=\"2\">En revanche au Palais du gouvernement, <b>des h\u00f4tes de marque<\/b> se pressent pour soutenir la r\u00e9volution tunisienne : de petits comme Arnaud Montebourg ou Lech Walesa sur qui on peut compter et de grands comme les pr\u00e9sidents de l&rsquo;Union europ\u00e9enne et de la Banque mondiale qui vont faire les comptes pour nous : ils ont du pain sur la planche !<\/font><\/span><\/div>\n<div align=\"justify\">\u00a0<\/div>\n<div align=\"justify\"><span lang=\"FR-CH\"><font face=\"Arial\" size=\"2\">Dans le pays les <i>sit-inners<\/i> s&rsquo;\u00e9tablissent, les gr\u00e9vistes se relaient, le Kef puis Monastir baissent leurs rideaux et les coupeurs de routes bloquent tout trafic commercial. Ces pauvres gens ne sont pas des brigands de grand chemin mais trop longtemps priv\u00e9s de tout, ils en redemandent et dans l&rsquo;urgence. Contre l&rsquo;oubli de leurs revendication, en ce 1er mai des jeunes gens entonnent ce chant : \u00ab <i>sa nouwasilou al kifa7, besmi el 3amel wel fala7<\/i> \u00bb<\/font><\/span><\/div>\n<div align=\"justify\">\u00a0<\/div>\n<div align=\"justify\"><span lang=\"FR-CH\"><font face=\"Arial\" size=\"2\">L&rsquo;UTICA pour sa part, d\u00e9barrass\u00e9e du racket des Trabelsi et compagnie, se charge des r\u00e9clamations du patronat : les d\u00e9dommagements des d\u00e9g\u00e2ts de la r\u00e9volution sont trop faibles et trop lents \u00e0 leur go\u00fbt ! Ils escomptent bien puiser les premiers dans l&rsquo;escarcelle de l&rsquo;aide internationale. Certes, le business est utile \u00e0 la croissance, \u00e0 l&#8217;emploi et au d\u00e9veloppement du pays, mais un bon audit indiquera qui de ces patrons s&rsquo;acquitte au juste vraiment de ses charges sociales et des imp\u00f4ts \u00e0 payer.<\/font><\/span><\/div>\n<div align=\"justify\">\u00a0<\/div>\n<div align=\"justify\"><span lang=\"FR-CH\"><font face=\"Arial\" size=\"2\">En attendant, <b>ces pouvoirs que sont mouvements sociaux et patronaux<\/b> font le lit de la gabegie tandis que les investisseurs \u00e9trangers, telle cette compagnie australienne d&rsquo;exploitation du gaz, d\u00e9m\u00e9nage de Sfax en grande pompe.<\/font><\/span><\/div>\n<div align=\"justify\">\u00a0<\/div>\n<div align=\"justify\"><font face=\"Arial\" size=\"2\"><b><span lang=\"FR-CH\">Le pouvoir de l&rsquo;argent<\/span><\/b><span lang=\"FR-CH\"> est redoutable, surtout quand il s&rsquo;agit d&rsquo;argent occulte : qui paye donc tous ces d\u00e9sax\u00e9s, ces d\u00e9linquants, ces affid\u00e9s d&rsquo;une voyoucratie encore non d\u00e9mantel\u00e9e, qui mettent le feu au pays, aux prisons et g\u00e9n\u00e9ralisent troubles intertribaux, bagarres citadines et incendies ? Qui r\u00e9mun\u00e8re d&rsquo;avance les voix de futurs \u00e9lecteurs, anticipant la d\u00e9naturation de la d\u00e9mocratie ?<\/span><\/font><\/div>\n<div align=\"justify\">\u00a0<\/div>\n<div align=\"justify\"><span lang=\"FR-CH\"><font face=\"Arial\" size=\"2\">Et puis il y a <b>le pouvoir de la haute instance pour la r\u00e9alisation des objectifs de la r\u00e9volution<\/b> que l&rsquo;on croyait seulement \u00e9clairante et consultative. D&rsquo;arbitraire (de sa composition) en arbitraire (de se prendre pour le pouvoir de d\u00e9cision), cette commission a fini par parvenir au compromis historique d&rsquo;un code \u00e9lectoral amend\u00e9 : l&rsquo;article 15 jette hors \u00e9ligibilit\u00e9 tous les responsables du RCD depuis 23 ans au grand dam de Beji Ca\u00efd Essebsi qui r\u00e9duit la p\u00e9riode d&rsquo;ostracisme au dix derni\u00e8res ann\u00e9es. Voil\u00e0 un conflit d&rsquo;autorit\u00e9 entre deux pouvoirs ill\u00e9gitimes qui va paralyser l&rsquo;avanc\u00e9e vers le 24 juillet.<\/font><\/span><\/div>\n<div align=\"justify\">\u00a0<\/div>\n<div align=\"justify\"><span lang=\"FR-CH\"><font face=\"Arial\" size=\"2\">\u00c0 chacun sa date cl\u00e9 : 1991 marqua un tournant avec l&rsquo;\u00e9radication insoutenable du mouvement islamiste : torture, une dizaine de milliers d&rsquo;homme d&#8217;embastill\u00e9s et m\u00eame au moins une douzaine de morts selon Amnesty International ! 2002 est un autre tournant avec la r\u00e9vision constitutionnelle, l&rsquo;institution d&rsquo;une quasi pr\u00e9sidence \u00e0 vie en toute impunit\u00e9 !<\/font><\/span><\/div>\n<div align=\"justify\">\u00a0<\/div>\n<div align=\"justify\"><b><span lang=\"FR-CH\"><font face=\"Arial\" size=\"2\">Entre ces deux dates, notre coeur, notre raison, notre morale ne choisissent pas, sachant qu&rsquo;en dehors de l&rsquo;appareil du RCD tout un syst\u00e8me d&rsquo;all\u00e9geance et de connivence d&rsquo;hommes d&rsquo;affaires, de journalistes, de syndicalistes, et m\u00eame de chefs de parti d&rsquo;opposition et de pr\u00e9tendus militants des droits de l&rsquo;homme, a soutenu, encourag\u00e9, couvert, la monstrueuse d\u00e9b\u00e2cle de notre R\u00e9publique.<\/font><\/span><\/b><\/div>\n<div align=\"justify\">\u00a0<\/div>\n<div align=\"justify\"><span lang=\"FR-CH\"><font face=\"Arial\" size=\"2\">Nous ne souhaitons pas de liste noire de triste m\u00e9moire et de sombre augure mais nous ne sommes ni pour la cl\u00e9mence ni pour la mis\u00e9ricorde : il faut que les salauds soient punis ! C&rsquo;est \u00e0 <b>la magistrature<\/b> de se mettre au travail en cessant de se disputer le pouvoir judiciaire, entre commission, syndicat et association ! Seule une justice transitionnelle pourra distinguer le bon grain de l&rsquo;ivraie. Devant les urnes, l&rsquo;\u00e9lecteur aura de la m\u00e9moire et au besoin, un journalisme honn\u00eate lui rappellera <b>qui fut qui<\/b> et <b>qui fit quoi<\/b>. Et Dieu reconna\u00eetra les siens&#8230;<\/font><\/span><\/div>\n<div align=\"justify\">\u00a0<\/div>\n<div align=\"justify\"><span lang=\"FR-CH\"><font face=\"Arial\" size=\"2\">\u00ab Les siens \u00bb pour Dieu, ce n&rsquo;est pas forc\u00e9ment <b>le pouvoir d&rsquo;Ennahdha<\/b>, qui se pr\u00e9tend seul d\u00e9positaire de la religion, et dont on ne comprend plus le discours, un jour blanc, un jour noir et tout le reste en gris ! Car Dieu ne peut \u00eatre l&rsquo;otage de qui que ce soit, pas plus que les simples citoyens qui se disent fatigu\u00e9s, inquiets et m\u00eame \u00e9c\u0153ur\u00e9s, car pour eux la r\u00e9volution fut une lib\u00e9ration et la d\u00e9mocratie attendue doit \u00eatre un \u00e9quilibre des pouvoirs dans la paix civile et non dans cette confusion et ce d\u00e9but d&rsquo;anarchie.<\/font><\/span><\/div>\n<div align=\"justify\">\u00a0<\/div>\n<div align=\"justify\"><b><span lang=\"FR-CH\"><font face=\"Arial\" size=\"2\">(Source : \u00ab Alternatives citoyennes \u00bb, Mai 2011)<\/font><\/span><\/b><\/div>\n<div align=\"justify\"><font face=\"Arial\" size=\"2\"><b><span lang=\"FR-CH\"><font>Lien:<\/font><font> <\/font><\/span><\/b><span><a href=\"http:\/\/www.alternatives-citoyennes.sgdg.org\/2011-05\/030511-w.html\" target=\"_blank\" rel=\"noopener\"><span lang=\"FR-CH\">http:\/\/www.alternatives-citoyennes.sgdg.org\/2011-05\/030511-w.html<\/span><\/a><\/span><\/font><\/div>\n<hr\/>\n<div align=\"justify\">\u00a0<\/div>\n<div align=\"center\">\n<h4 style=\"color: blue;\"><font face=\"Arial\"><strong>Tunisie &#8211; Un Libyen pour tous, tous pour un Libyen<\/strong><\/font><\/h4>\n<\/div>\n<div align=\"center\">\n<hr\/>\n<\/div>\n<div>\u00a0<\/div>\n<div><font face=\"Arial\" size=\"2\">Sur fond de r\u00e9volution et de crise, il y a encore de la place pour s&rsquo;occuper des 35&rsquo;000 r\u00e9fugi\u00e9s libyens. Il y a de ces initiatives spontan\u00e9es qui rappellent heureusement que nous sommes encore capables de tendre la main \u00e0 notre semblable. De nombreuses familles tunisiennes accueillent les familles chez elles et partagent depuis f\u00e9vrier leur vie quotidienne avec leurs h\u00f4tes particuliers. Les femmes s&rsquo;organisent cuisinent ensemble, trouvent des solutions pour que chacun trouve sa place dans cette nouvelle configuration.<\/font><\/div>\n<div>\u00a0<\/div>\n<div><font face=\"Arial\" size=\"2\">Pour exemple cette association Benevolus qui a vu le jour, il y a peine deux mois, port\u00e9e par un \u00e9lan de solidarit\u00e9. Un m\u00e9decin neurologue Karim Ben Youssef qui manifeste devant l&rsquo;ambassade de Libye \u00e0 Tunis et qui se porte volontaire pour aider concr\u00e8tement les r\u00e9fugi\u00e9s, rejoint par une \u00e9quipe \u00e0 l&rsquo;image de la jeunesse tunisienne surdipl\u00f4m\u00e9e : un infographiste, un r\u00e9animateur anesth\u00e9siste, une psychologue, des m\u00e9decins assistants, un artiste tous avec des petits boulots pr\u00e9caires mais qui trouvent du temps pour soulager la peine des r\u00e9fugi\u00e9s libyens.<\/font><\/div>\n<div>\u00a0<\/div>\n<div><font face=\"Arial\" size=\"2\">Partout o\u00f9 nous allons nous entendons parler de ces rescap\u00e9s qui se trouvent actuellement plut\u00f4t dans le sud, \u00e0 devoir loger d&rsquo;urgence, \u00e0 soigner pour des post-trauma surtout chez les femmes et les enfants, les personnes \u00e2g\u00e9es \u00e9tonnamment r\u00e9sistent mieux car d\u00e9j\u00e0 habitu\u00e9es \u00e0 10 ans d&#8217;embargo et de r\u00e8gne despotique, tout ce qui vient apr\u00e8s ne peut \u00eatre que meilleur selon elles.<\/font><\/div>\n<div>\u00a0<\/div>\n<div><font face=\"Arial\" size=\"2\">L&rsquo;association depuis ses trois tentes \u00e9rig\u00e9es dans le jardin des Droits de l&rsquo;Homme \u00e0 Tunis re\u00e7oit les dons, nourriture, m\u00e9dicaments, jouets, habits, couvertures puis organise des caravanes en partance pour le Sud.<\/font><\/div>\n<div>\u00a0<\/div>\n<div><font face=\"Arial\" size=\"2\">J&rsquo;ai aussi rencontr\u00e9 des hommes d&rsquo;affaires libyens de la diaspora qui font du fundraising pour participer financi\u00e8rement \u00e0 l&rsquo;organisation humanitaire.<\/font><\/div>\n<div>\u00a0<\/div>\n<div><font face=\"Arial\" size=\"2\">Que faut-il penser de tout cela ? Alors que le Sud \u00e9merge \u00e0 peine de sa r\u00e9volution qui a entra\u00een\u00e9 une grave crise \u00e9conomique et sociale, ce m\u00eame Sud d\u00e9laiss\u00e9 trouve encore assez de force et de g\u00e9n\u00e9rosit\u00e9 pour ouvrir grand ses fronti\u00e8res et ses portes \u00e0 35 &lsquo;000 r\u00e9fugi\u00e9s. Malgr\u00e9 l&rsquo;afflux massif de plus de 1&rsquo;400 personnes par jour, les fronti\u00e8res demeurent ouvertes.<\/font><\/div>\n<div>\u00a0<\/div>\n<div><font face=\"Arial\" size=\"2\">Voil\u00e0 peut-\u00eatre la le\u00e7on tunisienne !<\/font><\/div>\n<div>\u00a0<\/div>\n<div><font face=\"Arial\" size=\"2\">http:\/\/www.facebook.com\/pages\/BENEVOLUS<\/font><\/div>\n<div>\u00a0<\/div>\n<div><font face=\"Arial\" size=\"2\">(Source: http:\/\/regardscroises.blog.tdg.ch\/ le 06.05.2011)<\/font><\/div>\n<hr\/>\n<div align=\"justify\">\u00a0<\/div>\n<div align=\"justify\">\u00a0<\/div>\n<div align=\"justify\">\u00a0<\/div>\n<div align=\"justify\">\u00a0<\/div>\n<div align=\"justify\">\u00a0<\/div>\n<div align=\"justify\">\u00a0<\/div>\n<div align=\"justify\">\u00a0<\/div>\n<div align=\"justify\">\u00a0<\/div>\n<div align=\"center\"><b><span lang=\"FR-CH\"><\/p>\n<h4 style=\"color: blue;\"><font face=\"Arial\" size=\"2\"><font size=\"3\">M\u00e9dias et politique: Emoi et moi<\/font> <\/font><\/h4>\n<p><\/span><\/b><\/div>\n<div align=\"center\"><b><span lang=\"FR-CH\"><\/p>\n<hr\/>\n<p><\/span><\/b><\/div>\n<div align=\"justify\">\u00a0<\/div>\n<div align=\"justify\"><span lang=\"FR-CH\"><font face=\"Arial\" size=\"2\">Par Lotfi Ziadi*<\/font><\/span><\/div>\n<div align=\"justify\"><span lang=\"FR-CH\"><font face=\"Arial\" size=\"2\">D\u00e9lib\u00e9r\u00e9ment ou inconsciemment, la nouvelle cha\u00eene de t\u00e9l\u00e9vision tunisienne \u00abAttounisia\u00bb vient d\u2019introduire un nouveau genre dans la pratique journalistique en Tunisie, il s\u2019agit de ce que les chercheurs en sciences de l\u2019information et de la communication appellent la \u00abpeopolisation politique\u00bb, et ce en pr\u00e9sentant deux acteurs de la vie politique nationale: Hamma Hammami et Radhia Nasraoui, en \u00abtourtereaux politiques\u00bb, lors de son \u00e9mission (hiwar khass\u00bb, diffus\u00e9e actuellement, quotidiennement et en boucle.<\/font><\/span><\/div>\n<div align=\"justify\">\u00a0<\/div>\n<div align=\"justify\"><span lang=\"FR-CH\"><font face=\"Arial\" size=\"2\">Ph\u00e9nom\u00e8ne r\u00e9cent, mais qui n\u2019a pas tard\u00e9 \u00e0 enflammer les passions, aux \u00c9tats-Unis, en Grande-Bretagne, en France\u2026, la peopolisation politique est l\u2019investissement des m\u00e9dias par les acteurs politiques \u00e0 travers la mise en sc\u00e8ne de leur intimit\u00e9.<\/font><\/span><\/div>\n<div align=\"justify\"><span lang=\"FR-CH\"><font face=\"Arial\" size=\"2\">Ce d\u00e9voilement approuv\u00e9e et consentie de la vie priv\u00e9e, m\u00eame s\u2019il ne doit pas \u00eatre confondu avec les pratiques sauvages des paparazzis, qui s\u2019immiscent dans l\u2019intimit\u00e9 des gens, sans s\u2019y \u00eatre autoris\u00e9s, est d\u00e9ontologiquement condamnable pour plusieurs raisons.<\/font><\/span><\/div>\n<div align=\"justify\"><span lang=\"FR-CH\"><font face=\"Arial\" size=\"2\">En effet, l\u2019objectif de la peopolisation politique n\u2019est autre que l\u2019instrumentalisation des m\u00e9dias par l\u2019\u00e9talage de l\u2019intimit\u00e9, \u00e0 des fins \u00e9lectives. Il s\u2019agit donc d\u2019une m\u00e9diatisation subjective command\u00e9e et dirig\u00e9e par les sujets, en dehors de toute autorit\u00e9 du diffuseur, voire avec sa b\u00e9n\u00e9diction.<\/font><\/span><\/div>\n<div align=\"justify\"><span lang=\"FR-CH\"><font face=\"Arial\" size=\"2\">Les r\u00e8gles fondamentales d\u2019une pratique saine du journalisme, \u00e0 savoir l\u2019objectivit\u00e9 et la neutralit\u00e9, sont ainsi d\u00e9lib\u00e9r\u00e9ment bafou\u00e9es. En r\u00e9sulte une dichotomie entre le r\u00f4le essentiel des m\u00e9dias, qui consiste \u00e0 servir la d\u00e9mocratie et donc le citoyen, et les intentions subjectives et manipulatoires du sujet, objet du processus de m\u00e9diatisation.<\/font><\/span><\/div>\n<div align=\"justify\"><span lang=\"FR-CH\"><font face=\"Arial\" size=\"2\">En adoptant ce genre de pratique, \u00abAttounisia\u00bb a, de sa part, volontairement abandonn\u00e9 la logique \u00abcivique\u00bb pour s\u2019inscrire dans une logique \u00abcommerciale\u00bb \u00e0 long terme, \u00e9tant dans une phase exp\u00e9rimentale, certes forc\u00e9e, pour des raisons juridiques, mais que les responsables de la cha\u00eene tentent d\u2019exploiter \u00e0 bon escient pour gagner en notori\u00e9t\u00e9 et d\u00e9voiler leurs logiques \u00e9ditoriales. <\/font><\/span><\/div>\n<div align=\"justify\"><span lang=\"FR-CH\"><font face=\"Arial\" size=\"2\">Les proc\u00e9d\u00e9s de mise en sc\u00e8ne, les \u00e9l\u00e9ments discursifs et non discursifs utilis\u00e9s dans cette pratique journalistique confirment, par ailleurs, les choix \u00e9ditoriaux et le dispositif t\u00e9l\u00e9visuel de la cha\u00eene. Le d\u00e9cor, les angles de prise de vue, la musique, le registre \u00e9motionnel (larmes, soupires des sujets \u2026) sont, en effet, les fondements du discours adopt\u00e9 par la cha\u00eene et dont les responsables s\u2019efforcent de pr\u00e9senter les contours \u00e0 leur futur public.<\/font><\/span><\/div>\n<div align=\"justify\"><span lang=\"FR-CH\"><font face=\"Arial\" size=\"2\">En encourageant la politique spectacle, \u00abAttounisia\u00bb suit certes les nouvelles tendances en mati\u00e8re de programmes t\u00e9l\u00e9visuels, sauf que ce proc\u00e9d\u00e9 est, d\u2019une part, dangereusement manipulatoire et favorise, d\u2019autre part, le para\u00eetre sur l\u2019\u00eatre. Or, dans cette d\u00e9licate phase de transition que nous vivons et pour b\u00e2tir un socle d\u00e9mocratique solide et viable, le peuple tunisien a besoin d\u2019id\u00e9es, de d\u00e9bats, de programmes, d\u2019orientations constructives et non de manipulation, d\u2019images fa\u00e7onn\u00e9es, de discours \u00e9motionnels et de tromperies communicationnelles.<\/font><\/span><\/div>\n<div align=\"justify\"><span lang=\"FR-CH\"><font face=\"Arial\" size=\"2\">Le public a certes besoin de mieux conna\u00eetre les acteurs de la vie politique, pour se forger les plus claires des id\u00e9es, mais l\u2019apparence ne doit pas supplanter la r\u00e9alit\u00e9, \u00eatre n\u2019est pas para\u00eetre.<\/font><\/span><\/div>\n<div align=\"justify\"><span lang=\"FR-CH\"><font face=\"Arial\" size=\"2\">Il ne faut pas s\u2019exhiber pour exister, il faut avoir des id\u00e9es et surtout \u00eatre capable de les exhiber.<\/font><\/span><\/div>\n<div align=\"justify\"><i><span lang=\"FR-CH\"><font face=\"Arial\" size=\"2\">(*) Dr en journalisme et en communication<\/font><\/span><\/i><\/div>\n<div align=\"justify\"><b><span lang=\"FR-CH\"><font face=\"Arial\" size=\"2\">(Source: \u00ab Kapitalis \u00bb, le 6 mai 2011)<\/font><\/span><\/b><\/div>\n<div>\n<hr\/>\n<\/div>\n<p align=\"center\"><b><span lang=\"FR\"><\/p>\n<h4 style=\"color: blue;\"><font face=\"Arial\">Tunisie : le coup d\u2019\u00e9tat le plus dr\u00f4le de l\u2019histoire<\/font><\/h4>\n<p> <\/span><\/b><\/p>\n<hr\/>\n<p><\/span>\u00a0<\/p>\n<p align=\"justify\"><span lang=\"FR\"><font face=\"Arial\">Nous sommes plusieurs \u00e0 avoir regard\u00e9 les diff\u00e9rentes parties de la vid\u00e9o de M. Farhat Rajhi, ses interventions \u00e0 la radio depuis et surtout son intervention t\u00e9l\u00e9vis\u00e9e o\u00f9 il a affirm\u00e9 \u00ab les journalistes m&rsquo;ont pi\u00e9g\u00e9 \u00bb qui ressemble \u00e9trangement au fameux \u00ab ghaltouni \u00bb.   Notons tout de m\u00eame qu\u2019entre ses deux premi\u00e8res interventions radiophoniques, il a eu besoin d\u2019un d\u00e9lai (lui permettant de se concerter avec les personnes qui tirent les ficelles derri\u00e8re lui).  Ce qui me d\u00e9sole c\u2019est la na\u00efvet\u00e9 de mon peuple, celui qui a conduit \u00e0 cette r\u00e9volution de la dignit\u00e9, celui qui a montr\u00e9 l\u2019exemple au monde entier, celui dont on parle partout, celui qui m\u00e9rite le prix Nobel de la paix.   Aujourd\u2019hui, je laisse tomber mon combat, aujourd\u2019hui je suis bien consciente que ma ch\u00e8re patrie court tout droit au chaos \u00e0 cause d\u2019un homme avide de pouvoir qui a eu conscience de son capital sympathie aupr\u00e8s du peuple et qui a d\u00e9cid\u00e9 de l\u2019utiliser comme un tremplin sans apporter une quelconque preuve \u00e0 ce qu\u2019il avance. Les groupes Facebook demandant \u00e0 M. Rajhi de devenir pr\u00e9sident de la R\u00e9publique prolif\u00e8rent depuis et cela ne m\u2019\u00e9tonne gu\u00e8re.  M.Rajhi a m\u00eame os\u00e9 discr\u00e9diter l\u2019arm\u00e9e, elle qui a refus\u00e9 de tirer sur le peuple avant le 14 janvier, elle qui, depuis, a assur\u00e9 la s\u00e9curit\u00e9 du pays au p\u00e9ril de sa vie, elle qui continue de risquer sa vie \u00e0 nos fronti\u00e8res avec la Libye, elle qui s\u2019est m\u00eame charg\u00e9e d\u2019enlever les ordures quand l\u2019esprit citoyen a fait d\u00e9faut. C\u2019est ce qui m\u2019a le plus choqu\u00e9e dans les propos de l\u2019ancien Ministre de l\u2019Int\u00e9rieur.  Je tiens quand m\u00eame \u00e0 pr\u00e9ciser que son changement de poste est peut-\u00eatre du au fait qu\u2019il s\u2019est mis sur le devant de la sc\u00e8ne quand le gouvernement a d\u00e9cid\u00e9 de r\u00e9viser la loi de finances 2011 en octroyant un budget suppl\u00e9mentaire alors qu\u2019il fallait attendre l\u2019officialisation de la loi au lieu de c\u00e9der \u00e0 la d\u00e9magogie.   Pourquoi vous n\u2019en parlez pas ? Pourquoi entretenir les th\u00e9ories de complot contre vous ? Seriez-vous tomb\u00e9 dans la bassesse et la manipulation pour acc\u00e9der au pouvoir ? Finalement, vous n\u2019avez rien de diff\u00e9rent par rapport aux dictateurs. Le roi est mort, vive le roi : serait-ce votre devise ou votre slogan pour votre campagne ?   En r\u00e9action \u00e0 votre intervention t\u00e9l\u00e9vis\u00e9e o\u00f9 vous n&rsquo;assumez pas vos propos, je suis encore plus convaincue que vous l&rsquo;avez fait non pas parce que vous aurez re\u00e7u des pressions ( encore une th\u00e9orie qui verra le jour par des personnes qui veulent juste conduire notre Pays \u00e0 la guerre civile , au r\u00e9gionalisme et \u00e0 sa chute \u00e9conomique) mais plut\u00f4t parce qu&rsquo;on vous a demand\u00e9 des preuves de vos accusations et que vous n&rsquo;en aviez pas. La seule solution consistait alors pour vous de vous r\u00e9tracter en entretenant la th\u00e9orie du complot qui affirmera que c&rsquo;est \u00e0 cause des soi disant pressions que vous aurez re\u00e7u.   Je sais d\u2019avance que vous allez vous \u00e9riger en \u2018Superman\u2019 de la Tunisie d\u00e9mocratique, les prochaines heures et les prochains jours le confirmeront dans l\u2019objectif d\u2019acc\u00e9der au pouvoir et d\u2019y rester. Cela est inadmissible que vous ayez besoin de conduire votre pays au chaos pour pouvoir gagner des voix.   Je me pose une question: maintenant que l\u2019on sait que vous n\u2019avez qu\u2019une envie ( le pouvoir absolu) , pourquoi ne pas avoir men\u00e9 votre campagne dans les r\u00e8gles de l\u2019art et affront\u00e9 vos concurrents sur la sc\u00e8ne politique avec la d\u00e9ontologie et les codes de bonne conduite n\u00e9cessaires au lieu de provoquer cette tentative de coup d\u2019Etat ? Finalement la Tunisie ne conna\u00eetrait peut \u00eatre pas des \u00e9lections libres et d\u00e9mocratiques en 2011, et passerait d\u2019un coup d\u2019Etat \u00ab m\u00e9dical \u00bb \u00e0 un autre \u00ab populiste \u00bb.   Pour toutes ces raisons, M.Rajhi, je retire tout le respect et toute l\u2019admiration que j\u2019ai pu avoir envers vous, vous ne les m\u00e9ritez pas. Je sais d\u2019avance que je serais attaqu\u00e9e de tous bords suite \u00e0 mon article mais j\u2019assume mon point de vue et je me battrais jusqu\u2019au bout pour faire de mon pays un exemple mondial qui redonnera espoir \u00e0 tous les opprim\u00e9s sur cette terre.   On me traitera de RCDiste (chose \u00e0 laquelle je suis allergique tellement ces derniers ont fait du mal \u00e0 mon pays, \u00e0 mes fr\u00e8res et s\u0153urs martyrs qui sont tomb\u00e9s sous les balles) et cela me confortera dans l\u2019id\u00e9e que la population est malheureusement manipul\u00e9e \u00e0 ses d\u00e9pens.<\/font><\/span><\/p>\n<p align=\"justify\"><span lang=\"FR\"><font face=\"Arial\">Source : \u00ab Espace Manager \u00bb Le 06-05-2011<\/font><\/span><\/p>\n<div>\n<p align=\"justify\"><span lang=\"FR\"><font face=\"Arial\">Lien : <\/font><a href=\"http:\/\/www.espacemanager.com\/chroniques\/tunisie-le-coup-detat-le-plus-drole-de-lhistoire.html\" target=\"_blank\" rel=\"noopener\"><font face=\"Arial\">http:\/\/www.espacemanager.com\/chroniques\/tunisie-le-coup-detat-le-plus-drole-de-lhistoire.html<\/font><\/a><\/span><\/p>\n<\/div>\n<p align=\"center\"><b><span lang=\"FR\"><\/p>\n<h4 style=\"color: blue;\"><font face=\"Arial\">Les r\u00e9v\u00e9lations de \u201cM. Propre\u201d cr\u00e9ent une onde de choc en Tunisie<\/font><\/h4>\n<p> <\/span><\/b><\/p>\n<hr\/>\n<p>\u00a0<\/p>\n<p align=\"justify\"><font face=\"Arial\"><i><span lang=\"EN-US\"><font>\u201cFarhat Rajhi : l\u2019homme par qui le scandale arriva ?\u201d<\/font><\/span><\/i><font><span lang=\"EN-US\">, lance sur son blog <\/span><span lang=\"NO-BOK\"><a href=\"http:\/\/nadiafromtunis.blogspot.com\/2011\/05\/farhat-rajhi-lhomme-par-qui-le-scandale.html\" target=\"_blank\" rel=\"noopener\"><span lang=\"EN-US\"><font>Nadia from Tunis.<\/font><\/span><\/a><\/span><span lang=\"EN-US\"> L\u2019ancien ministre de l\u2019int\u00e9rieur du gouvernement Essebsi, <\/span><span lang=\"NO-BOK\"><a href=\"http:\/\/printempsarabe.blog.lemonde.fr\/2011\/04\/01\/\u201cm-propre\u201d-ecarte-la-tunisie-entrevoit-le-spectre-de-la-bejicrature\/\" target=\"_blank\" rel=\"noopener\"><span lang=\"EN-US\"><font>dont le \u201climogeage\u201d avait d\u00e9j\u00e0 fait grand bruit en mars<\/font><\/span><\/a><\/span><\/font><span lang=\"EN-US\"><font>, a cr\u00e9\u00e9 une nouvelle onde de choc en Tunisie. <i>\u201cComme beaucoup d\u2019entre vous, je me suis retrouv\u00e9e hier soir, d\u00e9concert\u00e9e au d\u00e9part, puis partag\u00e9e entre l\u2019hilarit\u00e9 et l\u2019incr\u00e9dulit\u00e9 devant la fameuse vraie fausse cam\u00e9ra cach\u00e9e de Farhat Rajhi\u201d<\/i>, confie Nadia.<\/font><\/span><\/font><\/p>\n<p align=\"justify\"><font face=\"Arial\"><span lang=\"EN-US\"><font>Dans un entretien avec Hamdi Ben Salah, un journaliste blogueur tunisien, film\u00e9 selon lui \u00e0 son insu et diffus\u00e9 tard mercredi 4 mai, celui que les Tunisiens ont surnomm\u00e9 \u201cM. Propre\u201d a, \u00e0 nouveau, fait le m\u00e9nage. <\/font><\/span><span lang=\"NO-BOK\"><font>R\u00e8glement de comptes ou volont\u00e9 de faire \u00e9clater sa v\u00e9rit\u00e9 ?, se demandent les Tunisiens. Face \u00e0 la pol\u00e9mique suscit\u00e9e par cette vid\u00e9o, M. Rajhi a r\u00e9pondu par une interview sur Radio Express FM entre 3h et 4h du matin (<a href=\"http:\/\/soundcloud.com\/mamloukm\/farhet-errajhi-sur-radio\" target=\"_blank\" rel=\"noopener\"><font>\u00e0 \u00e9couter en arabe<\/font><\/a>).<\/font><\/span><\/font><\/p>\n<p align=\"justify\"><span lang=\"EN-US\"><font face=\"Arial\">Dans la vid\u00e9o, l\u2019ancien ministre de l\u2019int\u00e9rieur revient tout d\u2019abord sur les conditions de son \u00e9viction. De la version officielle selon laquelle il aurait d\u00e9missionn\u00e9 de son poste, M. Rajhi dit tout simplement <i>\u201cle premier ministre [B\u00e9ji Ca\u00efd Essebsi] ment\u201d<\/i>. Il ajoute que lors de sa tentative de faire le m\u00e9nage au sein du minist\u00e8re de l\u2019int\u00e9rieur, il s\u2019est heurt\u00e9 \u00e0 beaucoup d\u2019opposition et que les nominations de RCDistes aux postes de gouverneurs ont \u00e9t\u00e9 faites contre son gr\u00e9.<\/font><\/span><\/p>\n<p align=\"justify\"><span lang=\"EN-US\"><font face=\"Arial\">Pour Nadia from Tunis, <i>\u201cil n\u2019y a pas de gros doutes l\u00e0-dessus. BCE en chef d\u2019orchestre aux ordres indiscutables a surement pouss\u00e9 ce bisounours hors du minist\u00e8re de l\u2019int\u00e9rieur car ne correspondant pas \u00e0 ses crit\u00e8res\u201d<\/i>. Par ailleurs, poursuit-elle, <i>\u201cles nominations douteuses de gouverneurs RCDistes ont par ailleurs d\u00e9j\u00e0 fait scandale, et il ne s\u2019agit pas l\u00e0 encore de r\u00e9v\u00e9lations fracassantes\u201d<\/i>.<\/font><\/span><\/p>\n<p align=\"justify\"><span lang=\"EN-US\"><font face=\"Arial\">L\u2019ancien juge revient ensuite sur sa nomination, apr\u00e8s son \u201c\u00e9viction\u201d du gouvernement, \u00e0 la t\u00eate du haut comit\u00e9 des droits de l\u2019homme. <i>\u201cSelon lui, la pression populaire, sur Facebook notamment, lui a valu cette nomination pour faire taire les critiques et les bavardages suite \u00e0 son d\u00e9part pr\u00e9cipit\u00e9. Il d\u00e9clare que Facebook est une arme puissante qui permet de veiller sur la bonne marche du pays\u201d<\/i>, commente la blogueuse Nadia.<\/font><\/span><\/p>\n<p align=\"justify\"><span lang=\"EN-US\"><font face=\"Arial\">Troisi\u00e8mement, l\u2019ancien ministre de l\u2019int\u00e9rieur \u00e9voque <i>\u201cl\u2019existence d\u2019une sph\u00e8re d\u2019influence dirig\u00e9e par des Sah\u00e9liens qui \u0153uvrent pour garder le pouvoir\u201d<\/i>, rapporte Nadia. Il accuse \u00e0 cet \u00e9gard Kamel Ltaief, un ancien proche de Ben Ali, d\u2019\u00eatre \u00e0 l\u2019origine de ces manipulations au sommet de l\u2019Etat. Des accusations qui ont \u00e9t\u00e9 presque imm\u00e9diatement d\u00e9menties par l\u2019int\u00e9ress\u00e9 dans un entretien sur Radio Mosaique FM jeudi 5 mai au matin.<\/font><\/span><\/p>\n<p align=\"justify\"><font face=\"Arial\"><span lang=\"EN-US\"><font>Pour le <\/font><\/span><font><span lang=\"NO-BOK\"><a href=\"http:\/\/samibenabdallah.rsfblog.org\/\" target=\"_blank\" rel=\"noopener\"><span lang=\"EN-US\"><font>blogueur Sami Ben Abdallah,<\/font><\/span><\/a><\/span><\/font><span lang=\"EN-US\"><font> Kamel Ltaief est en effet une personnalit\u00e9 controvers\u00e9e. <i>\u201cIl ne faut pas oublier que c\u2019est Kamel Eltaief qui a \u00e9t\u00e9 le pr\u00e9sident bis de la Tunisie de 1987 \u00e0 1992 et l\u2019homme qui a invent\u00e9 le \u2019syst\u00e8me\u2019 Ben Ali. De 1984 \u00e0 1987, Kamel Ltaief forme un couple politique avec Zine el Abidine Ben Ali qui l\u2019aurait consult\u00e9 avant d\u2019entreprendre son coup d\u2019Etat de novembre 1987\u2033<\/i>, estime le blogueur. <i>\u201cAux lendemains de la r\u00e9volution en Tunisie, Mohamed Ghannouchi a commis des fautes politiques impardonnables en faisant appel \u00e0 Hedi Baccouche, Hakim el Karoui et \u00e0 Kamel Ltaief afin de le conseiller\u201d<\/i>, poursuit-il. Ce dernier aurait ainsi fait deux victimes : Abdallah Kallel et Farhat Rajhi.<\/font><\/span><\/font><\/p>\n<p align=\"justify\"><span lang=\"EN-US\"><font face=\"Arial\">Source: \u201cLe Monde.fr\u201d Le 05-05-2011<\/font><\/span><\/p>\n<div>\n<p align=\"justify\"><span lang=\"NO-BOK\"><font face=\"Arial\">Lien: <\/font><a href=\"http:\/\/printempsarabe.blog.lemonde.fr\/2011\/05\/05\/les-revelations-de-m-propre-cree-une-onde-de-choc-en-tunisie\/\" target=\"_blank\" rel=\"noopener\"><font face=\"Arial\">http:\/\/printempsarabe.blog.lemonde.fr\/2011\/05\/05\/les-revelations-de-m-propre-cree-une-onde-de-choc-en-tunisie\/<\/font><\/a><\/span><\/p>\n<\/div>\n<p align=\"center\"><b><span lang=\"EN-US\"><\/p>\n<h5 style=\"color: blue;\"><font face=\"Arial\">Tunisie: myst\u00e9rieuses \u00e9vasions de prisonniers<\/font><\/h5>\n<p> <\/span><\/b><\/p>\n<hr\/>\n<p>\u00a0<\/p>\n<p align=\"justify\"><span lang=\"FR\"><font face=\"Arial\">Environ 300 d\u00e9tenus se sont \u00e9vad\u00e9s le 29 avril de la prison de Gafsa dans le sud-ouest de la Tunisie apr\u00e8s le d\u00e9clenchement d&rsquo;un incendie dans une cellule. Le m\u00eame sc\u00e9nario s&rsquo;est produit quelques heures plus t\u00f4t dans une prison \u00e0 Kasserine (ci-dessus). <\/font><\/span><\/p>\n<p align=\"justify\"><span lang=\"FR\"><font face=\"Arial\"><strong>Copie d&rsquo;\u00e9cran de TN m\u00e9dias<\/strong><\/font><\/span><\/p>\n<h5 align=\"justify\" style=\"color: blue;\"><span lang=\"FR\"><font face=\"Arial\">Des \u00e9vasions \u00e0 r\u00e9p\u00e9tition dans les prisons inqui\u00e8tent la population tunisienne.<\/font><\/span><\/h5>\n<p align=\"justify\"><span lang=\"FR\"><font><font face=\"Arial\">Encore une \u00e9vasion de prisonniers: 58 d\u00e9tenus se sont \u00e9vad\u00e9s de la prison de <\/font><font><a href=\"http:\/\/maps.google.fr\/maps?f=q&amp;source=s_q&amp;hl=fr&amp;geocode=&amp;q=Sfax+tunisie&amp;aq=&amp;sll=48.870455,2.355112&amp;sspn=0.010049,0.01929&amp;ie=UTF8&amp;hq=&amp;hnear=Sfax,+Sfax+Ouest,+Sfax,+Tunisie&amp;ll=34.741612,10.766602&amp;spn=12.841532,19.753418&amp;z=6\" target=\"_blank\" rel=\"noopener\"><span><font face=\"Arial\">Sfax<\/font><\/span><\/a><\/font><font face=\"Arial\"> dans le sud de la Tunisie apr\u00e8s avoir mis le feu \u00e0 deux cellules de leur \u00e9tablissement carc\u00e9ral, a annonc\u00e9 jeudi l&rsquo;agence officielle TAP. L&rsquo;\u00e9vasion a eu lieu dans la nuit de mercredi \u00e0 jeudi. <\/font><\/font><\/span><\/p>\n<p align=\"justify\"><span lang=\"FR\"><font><font face=\"Arial\">Ce n&rsquo;est que le dernier \u00e9pisode d&rsquo;une \u00e9trange s\u00e9rie: Plus de 1000 prisonniers avaient fait le mur, le 29 avril, des prisons de Kasserine et de Gafsa, dans le sud-ouest du pays. \u00ab\u00a0Ces op\u00e9rations synchronis\u00e9es laissent perplexes et alimentent l&rsquo;inqui\u00e9tude des Tunisiens\u00a0\u00bb souligne le site tunisien <\/font><font><a href=\"http:\/\/www.kapitalis.com\/fokus\/62-national\/3743-le-climat-dinsecurite-persiste-en-tunisie.html\" target=\"_blank\" rel=\"noopener\"><span><font face=\"Arial\">Kapitalis<\/font><\/span><\/a><\/font><font face=\"Arial\"> qui explique que la hausse r\u00e9cente de l&rsquo;ins\u00e9curit\u00e9 dans le pays conjugu\u00e9 \u00e0 ces myst\u00e9rieures \u00e9vasions alimentent toutes sortes de rumeurs. <\/font><\/font><\/span><\/p>\n<p align=\"justify\"><span lang=\"FR\"><font><font face=\"Arial\">\u00ab\u00a0Selon des t\u00e9moins oculaires, habitant non loin des lieux, le silence de la nuit de mercredi \u00e0 jeudi a \u00e9t\u00e9 rompu par des tirs aux alentours de la prison. Ces m\u00eames t\u00e9moins insistent sur une \u00ab\u00a0aide de l&rsquo;ext\u00e9rieur de la prison\u00a0\u00bb fournie aux \u00e9vad\u00e9s par plusieurs personnes cagoul\u00e9es et munies d&rsquo;armes blanches, \u00e0 bord d&rsquo;une voiture immatricul\u00e9e\u00a0\u00bb, rapporte <\/font><font><a href=\"http:\/\/www.lapresse.tn\/06052011\/28545\/evasion-de-58-detenus.html\" target=\"_blank\" rel=\"noopener\"><span><font face=\"Arial\">Sa\u00efd ben Kraiem<\/font><\/span><\/a><\/font><font face=\"Arial\"> dans <em><span>La Presse<\/span><\/em>. <\/font><\/font><\/span><\/p>\n<p align=\"justify\"><span lang=\"FR\"><font><font face=\"Arial\">\u00ab\u00a0Des centaines de kilom\u00e8tres s\u00e9parent les lieux d&rsquo;\u00e9vasion. Pourtant, le modus operandi est le m\u00eame\u00a0\u00bb s&rsquo;interroge <\/font><font><a href=\"http:\/\/www.lapresse.tn\/01052011\/28116\/mensonge-par-omission.html\" target=\"_blank\" rel=\"noopener\"><span><font face=\"Arial\">Soufiane ben Farhat<\/font><\/span><\/a><\/font><font face=\"Arial\">, \u00e9galement dans <em><span>La Presse<\/span><\/em> qui, se plaignant du peu d&rsquo;informations fournies par les autorit\u00e9s, \u00e9voque un \u00ab\u00a0mensonge par ommission\u00a0\u00bb. <\/font><\/font><\/span><\/p>\n<p align=\"justify\"><span lang=\"FR\"><font><font face=\"Arial\">Faut-il y voir des agissements d'\u00a0\u00bbhommes de main de l&rsquo;ancien r\u00e9gime\u00a0\u00bb qui s&rsquo;unissent pour \u00ab\u00a0instaurer le r\u00e8gne de la peur\u00a0\u00bb en Tunisie, comme le sugg\u00e8re le journaliste <\/font><font><a href=\"http:\/\/www.lemonde.fr\/idees\/article\/2011\/05\/04\/la-tunisie-vit-sous-la-menace-mafieuse-des-hommes-de-main-de-l-ancien-regime_1516779_3232.html\" target=\"_blank\" rel=\"noopener\"><span><font face=\"Arial\">Beno\u00eet Delmas<\/font><\/span><\/a><\/font><font face=\"Arial\"> dans une tribune publi\u00e9e dans <em><span>Le Monde<\/span><\/em> ces derniers jours? <\/font><\/font><\/span><\/p>\n<p align=\"justify\"><span lang=\"FR\"><font><font face=\"Arial\">Des \u00e9vasions massives s&rsquo;\u00e9taient d\u00e9j\u00e0 d\u00e9roul\u00e9es au cours du mois du <\/font><font><a href=\"http:\/\/www.lexpress.fr\/actualite\/monde\/afrique\/la-tunisie-apres-ben-ali_950658.html\" target=\"_blank\" rel=\"noopener\"><span><font face=\"Arial\">soul\u00e8vement populaire<\/font><\/span><\/a><\/font><font face=\"Arial\"> qui a provoqu\u00e9 le 14 janvier la chute du r\u00e9gime du pr\u00e9sident Zine El Abidine Ben Ali. Fin janvier, le ministre de la Justice avait appel\u00e9 ces d\u00e9tenus, estim\u00e9s \u00e0 9.500 d\u00e9tenus, \u00e0 retourner en prison. <\/font><\/font><\/span><\/p>\n<p align=\"justify\"><span lang=\"FR\"><font face=\"Arial\">\u00ab\u00a0On nous avait promis, solennellement, une enqu\u00eate minutieuse et exhaustive. Et que ses conclusions seraient publi\u00e9es. Les mois passent. On attend toujours\u00a0\u00bb, regrette Soufiane ben Farhat. <\/font><\/span><\/p>\n<p align=\"justify\"><span lang=\"FR\"><font face=\"Arial\">Source : \u00ab L\u2019express \u00bb Le 06-05-2011<\/font><\/span><\/p>\n<div>\n<p align=\"justify\"><span lang=\"FR\"><font face=\"Arial\">Lien : <\/font><a href=\"http:\/\/www.lexpress.fr\/actualite\/monde\/tunisie-mysterieuses-evasions-de-prisonniers_989891.html\" target=\"_blank\" rel=\"noopener\"><font face=\"Arial\">http:\/\/www.lexpress.fr\/actualite\/monde\/tunisie-mysterieuses-evasions-de-prisonniers_989891.html<\/font><\/a><\/span><\/p>\n<\/div>\n<p align=\"center\"><b><span lang=\"FR\"><\/p>\n<h5 style=\"color: blue;\"><font face=\"Arial\">Tunisie, la la\u00efcit\u00e9 en danger ?<\/font><\/h5>\n<p><\/span><\/b><\/p>\n<hr\/>\n<p>\u00a0<\/p>\n<p align=\"justify\"><b><span lang=\"FR\"><font face=\"Arial\">Dans un paysage politique en recomposition, les citoyens s\u2019initient \u00e0 la d\u00e9mocratie. La question de la place de la religion cristallise les tensions, \u00e0 trois mois de l\u2019\u00e9lection d\u2019une Assembl\u00e9e constituante.<\/font><\/span><\/b><\/p>\n<p align=\"justify\"><span lang=\"FR\"><font face=\"Arial\">D\u00e9sormais, en <\/font><font><a href=\"http:\/\/www.jeuneafrique.com\/pays\/tunisie\/tunisie.asp\" target=\"_blank\" rel=\"noopener\"><span><font face=\"Arial\">Tunisie<\/font><\/span><\/a><\/font><font face=\"Arial\">, les d\u00e9bats politiques sur les prochaines \u00e9ch\u00e9ances \u00e9lectorales dament le pion aux matchs de football. Mais au sortir d\u2019une manifestation, Ali, architecte, est d\u00e9senchant\u00e9\u2009: \u00ab Ben Ali a su nous unir, nous avons fait bloc contre lui, et maintenant nous sommes divis\u00e9s. Et il est malheureusement clair que la primaut\u00e9 est donn\u00e9e \u00e0 la politique et non aux aspirations du peuple. \u00bb<\/font><\/span><\/p>\n<p align=\"justify\"><span lang=\"FR\"><a href=\"http:\/\/www.jeuneafrique.com\/Articles\/Dossier\/ARTJAJA2610p012-014.xml0\/egypte-president-tunisie-manifestationben-ali-fuite-et-fin.html\" target=\"_blank\" rel=\"noopener\"><span><font face=\"Arial\">Depuis le 14 janvier<\/font><\/span><\/a><font><font face=\"Arial\">, la Tunisie tangue sous le souffle d\u2019une r\u00e9volution qui a fait appara\u00eetre une soci\u00e9t\u00e9 civile vigilante, compos\u00e9e d\u2019innombrables associations citoyennes et humanitaires ainsi que d\u2019une cinquantaine de partis politiques. Quels sont les objectifs de ces derniers\u2009? \u00c0 quoi servent toutes les commissions qui ont \u00e9t\u00e9 institu\u00e9es\u2009? Quel serait le bon mode de scrutin alors que l\u2019Instance sup\u00e9rieure pour la r\u00e9alisation des objectifs de la r\u00e9volution vient de pr\u00e9senter son projet de d\u00e9cret-loi pour l\u2019\u00e9lection de la Constituante\u2009? Quelles sont les chances d\u2019instaurer une v\u00e9ritable parit\u00e9 hommes-femmes\u2009? Quelle place r\u00e9server aux anciens caciques du Rassemblement constitutionnel d\u00e9mocratique (<\/font><a href=\"http:\/\/www.jeuneafrique.com\/Article\/ARTJAWEB20110328165429\/ben-ali-rcd-dissolution-justice-tunisiennetunisie-la-dissolution-du-rcd-de-ben-ali-confirmee-par-la-justice.html\" target=\"_blank\" rel=\"noopener\"><span><font face=\"Arial\">RCD, l\u2019ancien parti au pouvoir, d\u00e9sormais dissous<\/font><\/span><\/a><\/font><font face=\"Arial\">) dans les prochaines institutions\u2009? Ces questions troublent les Tunisiens, qui s\u2019initient \u00e0 la d\u00e9mocratie tout en craignant de perdre certaines de leurs libert\u00e9s. <\/font><\/span><\/p>\n<p align=\"justify\"><b><span lang=\"FR\"><font face=\"Arial\">Double discours<\/font><\/span><\/b><\/p>\n<p align=\"justify\"><span lang=\"FR\"><font face=\"Arial\">Appel\u00e9s \u00e0 voter pour former une<\/font><font><a href=\"http:\/\/www.jeuneafrique.com\/Article\/ARTJAWEB20110412120653\/islamistes-parite-ben-ali-rcdconstituante-tunisienne-oui-a-la-parite-non-au-rcd.html\" target=\"_blank\" rel=\"noopener\"><span><font face=\"Arial\">Assembl\u00e9e constituante<\/font><\/span><\/a><\/font><font face=\"Arial\"> le 24 juillet, ils ont pleinement conscience des enjeux, alors que la plupart feront valoir, souvent pour la premi\u00e8re fois, leurs droits d\u2019\u00e9lecteurs.<\/font><\/span><\/p>\n<p align=\"justify\"><span lang=\"FR\"><font face=\"Arial\">Durant l\u2019\u00e8re Ben Ali, le RCD avait en main toutes les cartes du jeu politique. Aujourd\u2019hui, elles sont redistribu\u00e9es. Mais au profit de qui\u2009? \u00ab Le RCD n\u2019est plus, mais ses membres n\u2019ont pas disparu, ils \u00e9taient pr\u00e8s de 2,5 millions, remarque Kamel, ancien militant syndicaliste. Des responsables du RCD ont cr\u00e9\u00e9 des partis. De toute \u00e9vidence, ils pensent r\u00e9cup\u00e9rer des sympathisants. Mais le plus inqui\u00e9tant, c\u2019est la division des Tunisiens entre pro- et anti-Ennahdha\u2009: en l\u2019absence d\u2019autres leaders, c\u2019est le parti islamiste qui occupe la sc\u00e8ne. \u00bb<\/font><\/span><\/p>\n<p align=\"justify\"><span lang=\"FR\"><font face=\"Arial\">Ce mouvement cristallise, en effet, toutes les craintes des militants des droits de l\u2019homme et de la la\u00efcit\u00e9\u2009: si Allah s\u2019en m\u00eale, la Constituante pourrait conduire \u00e0 une catastrophe. L\u2019intrusion dans le jeu politique d\u2019Ennahdha, absent de la r\u00e9volution, suscite un malaise, car le parti utilise la foi comme instrument politique. Apr\u00e8s avoir fait profil bas, clam\u00e9 leur adh\u00e9sion \u00e0 la d\u00e9mocratie et promis de pr\u00e9server tous les droits et libert\u00e9s acquis, y compris ceux des femmes, ses militants ont investi aussi bien les mosqu\u00e9es que les anciennes cellules du RCD.<\/font><\/span><\/p>\n<p align=\"justify\"><b><span lang=\"FR\"><font face=\"Arial\">Religion d\u2019\u00e9tat\u2009? <\/font><\/span><\/b><\/p>\n<p align=\"justify\"><span lang=\"FR\"><font face=\"Arial\">Leurs r\u00e9seaux mis en place, certains dirigeants du parti islamiste ont chang\u00e9 de ton et ne cachent plus leur projet de \u00ab r\u00e9islamiser \u00bb la Tunisie avec une application graduelle de la charia, m\u00eame au niveau \u00e9conomique. \u00ab Nous avons \u00e9t\u00e9 pers\u00e9cut\u00e9s sous Ben Ali et nous continuons \u00e0 \u00eatre victimes de l\u2019intol\u00e9rance, proteste Hela, une \u00e9tudiante en \u00e9conomie qui arbore un niqab depuis la r\u00e9volution. Nous devrions \u00eatre libres d\u2019\u00eatre ce que nous sommes. \u00bb<\/font><\/span><\/p>\n<p align=\"justify\"><span lang=\"FR\"><font face=\"Arial\">Le regain de popularit\u00e9 d\u2019Ennahd\u00adha a \u00e9t\u00e9 confort\u00e9 par les apparitions spectaculaires de salafistes affichant des slogans pr\u00f4nant un retour au califat et \u00e0 l\u2019obscurantisme. De quoi effrayer tout pratiquant pieux rejetant la violence. Vient ensuite le malentendu autour de la la\u00efcit\u00e9, devenue le grand enjeu postr\u00e9volutionnaire. Le premier article de l\u2019actuelle Constitution dispose que \u00ab la Tunisie est un \u00c9tat libre, ind\u00e9pendant et souverain\u2009; sa religion est l\u2019islam, sa langue l\u2019arabe et son r\u00e9gime la R\u00e9publique \u00bb. <\/font><\/span><\/p>\n<p align=\"justify\"><span lang=\"FR\"><font face=\"Arial\">Mais qui, de la Tunisie ou de l\u2019\u00c9tat, a pour religion l\u2019islam\u2009? Sur ce point, progressistes et islamistes s\u2019opposent dans la perspective de l\u2019Assembl\u00e9e constituante. Les partis politiques plus anciens, eux, se taisent tandis qu\u2019<\/font><font><a href=\"http:\/\/www.jeuneafrique.com\/Article\/ARTJAWEB20110214115121\/islamistes-mohamed-ghannouchi-laicite-zine-el-abidine-ben-alitunisie-que-veulent-vraiment-les-islamistes-d-ennahdha.html\" target=\"_blank\" rel=\"noopener\"><span><font face=\"Arial\">Ennahdha laisse croire que la la\u00efcit\u00e9 revient \u00e0 bannir la religion de la soci\u00e9t\u00e9<\/font><\/span><\/a><\/font><font face=\"Arial\">. Maya Jribi, secr\u00e9taire g\u00e9n\u00e9rale du Parti d\u00e9mocratique progressiste, est pratiquement la seule \u00e0 d\u00e9monter le double discours du mouvement islamiste, alors qu\u2019Abdelaziz Belkhoja, du Parti r\u00e9publicain, veut rassembler les forces progressistes sous une banni\u00e8re unique.<\/font><\/span><\/p>\n<p align=\"justify\"><span lang=\"FR\"><font face=\"Arial\">Si Ben Ali a exploit\u00e9 la menace islamiste pour \u00e9touffer la soci\u00e9t\u00e9, cette m\u00eame soci\u00e9t\u00e9 doit aujourd\u2019hui s\u2019\u00e9manciper, se remobiliser autour d\u2019id\u00e9aux partag\u00e9s par le plus grand nombre. Le d\u00e9fi est immense. \u00ab Il faut interpeller le peuple, affirme l\u2019avocate Bochra Belhaj Hmida, figure de l\u2019Association tunisienne des femmes d\u00e9mocrates. On ne peut plus permettre qu\u2019une minorit\u00e9 m\u00e8ne le jeu\u2009; c\u2019est le contraire de la d\u00e9mocratie que nous voulons. \u00bb Et il y a urgence, selon Fay\u00e7al, un habitant de Tataouine\u2009: \u00ab M\u00e9fiez-vous de la d\u00e9mocratie des ventres vides\u2009; sinon, cette d\u00e9mocratie sera brad\u00e9e pour une poign\u00e9e de dinars, le 24 juillet prochain. \u00bb<\/font><\/span><\/p>\n<p align=\"justify\"><span lang=\"FR\"><font face=\"Arial\">Source : \u00ab Jeune Afrique \u00bb Le 06-05-2011<\/font><\/span><\/p>\n<div>\n<p align=\"justify\"><span lang=\"FR\"><font face=\"Arial\">Lien : <\/font><a href=\"http:\/\/www.jeuneafrique.com\/Articles\/Dossier\/ARTJAJA2623p036-037.xml0\/tunisie-islamisme-religion-election-legislativetunisie-la-laicite-en-danger.html\" target=\"_blank\" rel=\"noopener\"><font face=\"Arial\">http:\/\/www.jeuneafrique.com\/Articles\/Dossier\/ARTJAJA2623p036-037.xml0\/tunisie-islamisme-religion-election-legislativetunisie-la-laicite-en-danger.html<\/font><\/a><\/span><\/p>\n<\/div>\n<p align=\"center\"><b><span lang=\"NO-BOK\"><\/p>\n<h5 style=\"color: blue;\"><font face=\"Arial\">La d\u00e9mocratie naissante en Tunisie fait saliver les investisseurs fran\u00e7ais<\/font><\/h5>\n<p> <\/span><\/b><\/p>\n<hr\/>\n<p>\u00a0<\/p>\n<p align=\"justify\"><font face=\"Arial\"><strong><span lang=\"NO-BOK\"><font>La Tunisie nouvel eldorado des investisseurs fran\u00e7ais ? <\/font><\/span><span lang=\"EN-US\"><font>Oui, mais pas tout de suite. La promesse d&rsquo;une d\u00e9mocratie stable renforce l&rsquo;attractivit\u00e9 du pays, qui s\u00e9duit gr\u00e2ce \u00e0 sa comp\u00e9titivit\u00e9, une main d&rsquo;\u0153uvre tr\u00e8s qualifi\u00e9e, et sa proximit\u00e9 culturelle avec la France. Mais si la plupart des investisseurs comment \u00e0 imaginer leur implantation, ils sont suspendus aux r\u00e9sultats des \u00e9lections du 24 juillet prochain, qui d\u00e9signeront une assembl\u00e9e constituante. <\/font><\/span><\/strong><\/font><\/p>\n<p align=\"justify\"><span lang=\"EN-US\"><font face=\"Arial\">\u00ab\u00a0On va enfin pouvoir faire du business correctement\u00a0\u00bb. Comme Eric Labonne, patron de L&amp;L Consultants Associ\u00e9s, une entreprise d&rsquo;assistance juridique, les investisseurs fran\u00e7ais voient la Tunisie post-r\u00e9volution de jasmin d&rsquo;un nouvel oeil. Depuis la chute du r\u00e9gime de Ben Ali, le 15 janvier dernier, et la constitution d&rsquo;un gouvernement provisoire qui doit d\u00e9boucher le 24 juillet sur l&rsquo;\u00e9lection d&rsquo;une Assembl\u00e9e constituante, la promesse d&rsquo;une d\u00e9mocratie stable et de r\u00e9formes \u00e9conomiques favorisant les investissements redonne confiance aux investisseurs fran\u00e7ais.<\/font><\/span><\/p>\n<p align=\"justify\"><span lang=\"EN-US\"><font face=\"Arial\">Thierry Miremont, directeur de Photowatt, une entreprise fran\u00e7aise sp\u00e9cialis\u00e9e dans l&rsquo;\u00e9nergie solaire, est bien d\u00e9cid\u00e9 \u00e0 profiter du march\u00e9 en plein boom des \u00e9nergies renouvelables, un des domaines o\u00f9 la Tunisie fait figure de pays moteur en Afrique. \u00ab\u00a0Le r\u00e9gime de Ben Ali, caract\u00e9ris\u00e9 par les passe-droits, l&rsquo;opacit\u00e9 et la corruption, ne m&rsquo;inspirait pas du tout confiance, alors que maintenant je veux m&rsquo;y implanter le plus vite possible\u00a0\u00bb, sourit ce chef d&rsquo;entreprise.<\/font><\/span><\/p>\n<p align=\"justify\"><strong><span lang=\"EN-US\"><font face=\"Arial\">La France, premier investisseur mondial dans le secteur industriel<\/font><\/span><\/strong><\/p>\n<p align=\"justify\"><span lang=\"EN-US\"><font face=\"Arial\">Avec 800 millions d&rsquo;euros d&rsquo;investissements en 2010 selon le minist\u00e8re des Finances tunisien, la France est le premier investisseur dans le secteur industriel (sauf dans l&rsquo;\u00e9nergie) et occupe le troisi\u00e8me rang en valeur derri\u00e8re les Emirats arabes unis et le Royaume-Uni. R\u00e9put\u00e9e pour la qualit\u00e9 de ses ressources humaines, la Tunisie devrait continuer \u00e0 attirer les entreprises en qu\u00eate d&rsquo;externalisation de leur main d&rsquo;\u0153uvre. \u00ab\u00a0La proximit\u00e9 des tunisiens avec la culture fran\u00e7aise et la qualit\u00e9 du personnel sont d&rsquo;\u00e9normes atouts pour nous. La possibilit\u00e9 d&rsquo;une d\u00e9mocratie stable rend la Tunisie beaucoup plus attractive que d&rsquo;autres pays comme le Maroc par exemple\u00a0\u00bb, explique Asma A\u00efdi, tunisienne et chef de projet chez Steria, une multinationale en conseil informatique et infog\u00e9rance.<\/font><\/span><\/p>\n<p align=\"justify\"><font face=\"Arial\"><span lang=\"NO-BOK\"><font>La perte de comp\u00e9titivit\u00e9 li\u00e9e aux augmentations de salaires (10%) depuis la r\u00e9volution de jasmin ne rebute pas les entreprises d\u00e9j\u00e0 implant\u00e9es dans le pays, comme <cite><span><a href=\"http:\/\/bourse.latribune.fr\/stocks\/valeur.html?ISIN=FR0010220475&amp;MARKET=25\" target=\"_blank\" rel=\"noopener\"><font>Alstom<\/font><\/a><\/span><\/cite>. <\/font><\/span><font><span lang=\"EN-US\">\u00ab\u00a0La situation est un peu difficile mais <\/span><cite><span lang=\"NO-BOK\"><a href=\"http:\/\/bourse.latribune.fr\/stocks\/valeur.html?ISIN=FR0010220475&amp;MARKET=25\" target=\"_blank\" rel=\"noopener\"><span lang=\"EN-US\"><font>Alstom<\/font><\/span><\/a><\/span><\/cite><span lang=\"EN-US\"> est en Tunisie depuis longtemps et ne voit aucune raison de ne pas y \u00eatre pour longtemps encore\u00a0\u00bb, affirme Paul Moneyron, premier vice-pr\u00e9sident d&rsquo;<\/span><cite><span lang=\"NO-BOK\"><a href=\"http:\/\/bourse.latribune.fr\/stocks\/valeur.html?ISIN=FR0010220475&amp;MARKET=25\" target=\"_blank\" rel=\"noopener\"><span lang=\"EN-US\"><font>Alstom<\/font><\/span><\/a><\/span><\/cite><span lang=\"EN-US\"> Power Service. L&rsquo;enjeu pour ces entreprises d\u00e9j\u00e0 implant\u00e9es : r\u00e9cup\u00e9rer les march\u00e9s publics \u00e0 venir&#8230; Ou s&rsquo;implanter sur les march\u00e9s qui vont s&rsquo;ouvrir gr\u00e2ce \u00e0 l&rsquo;arriv\u00e9e de la d\u00e9mocratie, comme la culture et l&rsquo;\u00e9dition. Sous Ben Ali, la censure emp\u00eachait la vente de livres jug\u00e9s subversifs. \u00ab\u00a0La r\u00e9voltuion a cr\u00e9\u00e9 un march\u00e9 \u00e9norme \u00e0 prendre sur les livres. Les livres auparavant interdits vont devenir attirants\u00a0\u00bb, se r\u00e9jouit-on aux \u00e9ditions Calmann-Levy. <\/span><\/font><span lang=\"NO-BOK\"><font>L&rsquo;imparatif : s&rsquo;installer vite pour \u00e9viter que le secteur ne soit \u00ab\u00a0pris d&rsquo;assaut\u00a0\u00bb par d&rsquo;autres entreprises. <\/font><\/span><\/font><\/p>\n<p align=\"justify\"><strong><span lang=\"EN-US\"><font face=\"Arial\">\u00ab\u00a0Un paradis \u00e9conomique en devenir\u00a0\u00bb<\/font><\/span><\/strong><\/p>\n<p align=\"justify\"><span lang=\"EN-US\"><font face=\"Arial\">Les investisseurs fran\u00e7ais sont donc dans une d\u00e9marche de prise de contacts, d&rsquo;\u00e9valuation des possibilit\u00e9s. Car si la Tunisie pourrait effectivement devenir l&rsquo;eldorado des investisseurs, ceux-ci restent suspendus aux r\u00e9sultats des \u00e9lections du 24 juillet. \u00ab\u00a0Personne n&rsquo;investira avant les \u00e9lections car d&rsquo;une part le gouvernement provisoire n&rsquo;a pas les moyens de lancer de grands projets, et d&rsquo;autre part le score des islamistes est source d&rsquo;inqui\u00e9tude\u00a0\u00bb, explique Vincent Morel, de la soci\u00e9t\u00e9 de climatisation Airwell. Les investissement directs \u00e9trangers (IDE) dans les secteurs de l&rsquo;industrie manufacturi\u00e8re et de l&rsquo;\u00e9nergie ont connu respectivement une baisse de 23% et de 30,8% sur un an au premier trimestre 2011, \u00e0 cause de la r\u00e9volution. Mais les investisseurs, qui pr\u00e9f\u00e8rent \u00eatre prudents, sont optimistes. \u00ab\u00a0Etant donn\u00e9 l&rsquo;\u00e9volution de la situation, peu de monde pense que les situation sera probl\u00e9matique apr\u00e8s les \u00e9lections, poursuit Vincent Morel. Pour tout le monde, la Tunisie est un paradis \u00e9conomique en devenir\u00a0\u00bb.<\/font><\/span><\/p>\n<p align=\"justify\"><span lang=\"EN-US\"><font face=\"Arial\">Source: \u201dLa Tribune\u201d Le 06-05-2011<\/font><\/span><\/p>\n<div>\n<p align=\"justify\"><span lang=\"NO-BOK\"><font face=\"Arial\">Lien: <\/font><a href=\"http:\/\/www.latribune.fr\/actualites\/economie\/international\/20110506trib000619991\/la-democratie-naissante-en-tunisie-fait-saliver-les-investisseurs-francais.html\" target=\"_blank\" rel=\"noopener\"><font face=\"Arial\">http:\/\/www.latribune.fr\/actualites\/economie\/international\/20110506trib000619991\/la-democratie-naissante-en-tunisie-fait-saliver-les-investisseurs-francais.html<\/font><\/a><\/span><\/p>\n<\/div>\n<p align=\"center\"><b><span lang=\"EN-US\"><\/p>\n<h5 style=\"color: blue;\"><font face=\"Arial\">Tunisie-Politique: Compromis sur l&rsquo;article 15 de l&rsquo;\u00e9lection de la Constituante!<\/font><\/h5>\n<p> <\/span><\/b><\/p>\n<hr\/>\n<p>\u00a0<\/p>\n<p align=\"justify\"><span lang=\"NO-BOK\"><font face=\"Arial\">Il faisait l\u2019objet de tension au sein de la Haute Instance pour la R\u00e9alisation des objectifs de la r\u00e9volution, de la r\u00e9forme politique et de la transition d\u00e9mocratique et le gouvernement provisoire, que pr\u00e9side Yadh Ben Achour. \u201cIl\u201c, c\u2019est l\u2019article 15 du d\u00e9cret-loi relatif \u00e0 l\u2019\u00e9lection de la Constituante. Un compromis semble avoir \u00e9t\u00e9 trouv\u00e9 entre ses membres de cette instance. C\u2019est ce qu\u2019a d\u00e9clar\u00e9 M. Ben Achour \u00e0 la TAP, tout en pr\u00e9cisant cela est intervenu suite \u00e0 la rencontre, mardi 3 mai 2011, entre le Premier ministre du gouvernement provisoire, B\u00e9ji Ca\u00efd Essebsi, avec les membres du bureau de l&rsquo;instance.<\/font><\/span><\/p>\n<p align=\"justify\"><span lang=\"NO-BOK\"><font face=\"Arial\">Ce compromis est \u00e0 m\u00eame de permettre au pays de sortir de sa crise politique et de trouver un terrain d&rsquo;entente entre le gouvernement et la haute instance.<\/font><\/span><\/p>\n<p align=\"justify\"><span lang=\"NO-BOK\"><font face=\"Arial\">M. Ben Achour a indiqu\u00e9, au cours d\u2019une r\u00e9union de l\u2019Instance, que le Premier ministre soumettra au conseil des ministres de ce vendredi 6 mai un projet d&rsquo;amendement de l&rsquo;art 15 qui pr\u00e9voit l&rsquo;interdiction aux membres du gouvernement de se pr\u00e9senter aux \u00e9lections de la Constituante, \u00e0 l&rsquo;exception de ceux qui n&rsquo;ont pas adh\u00e9r\u00e9 au RCD sous l&rsquo;ancien r\u00e9gime. Mais seulement, puisque cet article pr\u00e9voit \u00e9galement l\u2019exclusion des personnes ayant assum\u00e9 des responsabilit\u00e9s au sein des structures du RCD et celles qui avaient exhort\u00e9 le pr\u00e9sident d\u00e9chu \u00e0 se porter candidat \u00e0 l&rsquo;\u00e9lection pr\u00e9sidentielle de 2014. Deux listes nominatives seront \u00e9tablies \u00e0 cet effet par d\u00e9cret pr\u00e9sidentiel, sur proposition de la haute instance, rapporte la TAP.<\/font><\/span><\/p>\n<p align=\"justify\"><span lang=\"EN-US\"><font face=\"Arial\">Source: \u201dwmc\u201d Le 06-05-2011<\/font><\/span><\/p>\n<div>\n<p align=\"justify\"><font face=\"Arial\"><span lang=\"NO-BOK\"><font>Lien: <\/font><\/span><span lang=\"EN-US\"><a href=\"http:\/\/www.webmanagercenter.com\/management\/article-105535-tunisie-politique-compromis-sur-l-article-15-de-l-election-de-la-constituante\" target=\"_blank\" rel=\"noopener\"><span lang=\"NO-BOK\"><font>http:\/\/www.webmanagercenter.com\/management\/article-105535-tunisie-politique-compromis-sur-l-article-15-de-l-election-de-la-constituante<\/font><\/span><\/a><\/span><\/font><\/p>\n<\/div>\n<p align=\"center\"><b><span lang=\"NO-BOK\"><\/p>\n<h5 style=\"color: blue;\"><font face=\"Arial\">La Tunisie fait peur aux investisseurs<\/font><\/h5>\n<p><\/span><\/b><\/p>\n<hr\/>\n<p>\u00a0<\/font><\/font><\/div>\n<div>\n<p align=\"justify\"><span lang=\"NO-BOK\"><font face=\"Arial\">La Tunisie demeure-t-elle attractive? Plusieurs investisseurs \u00e9trangers, en l&rsquo;occurrence italiens, se posent cette question \u00e0 la suite des d\u00e9g\u00e2ts subis, pendant la r\u00e9volution ou apr\u00e8s, par plusieurs entreprises \u00e9trang\u00e8res install\u00e9es en Tunisie . Aujourd&rsquo;hui, les questions de la stabilit\u00e9 politique, de la reprise \u00e9conomique et m\u00eame de la mont\u00e9e au pouvoir des islamistes sont au centre de toute les inqui\u00e9tudes. <\/font><\/span><\/p>\n<p align=\"justify\"><span lang=\"NO-BOK\"><font face=\"Arial\">Selon Ferruccio Bellicini, secr\u00e9taire g\u00e9n\u00e9ral de la chambre tuniso-italienne du commerce et de l&rsquo;industrie (CTICI), avant la r\u00e9volution du 14 janvier, 850 entreprises italiennes travaillaient en Tunisie, tous secteurs confondus. Aujourd&rsquo;hui, seulement 650 soci\u00e9t\u00e9s italiennes ont repris leurs activit\u00e9s. Il estime que sur 15 soci\u00e9t\u00e9s italiennes ayant subi des actes de vandalisme et de pillage \u00e0 diff\u00e9rents niveaux, 7 ont \u00e9t\u00e9 compl\u00e8tement d\u00e9truites et incendi\u00e9es pendant la r\u00e9volution.<\/font><\/span><\/p>\n<p align=\"justify\"><font face=\"Arial\"><span lang=\"NO-BOK\"><font>Plusieurs facteurs peuvent expliquer la reprise partielle de l&rsquo;activit\u00e9 des entreprises italiennes. Pour coimmencer le ralentissement des op\u00e9rations douani\u00e8res et les probl\u00e8mes de r\u00e9ception des commandes des clients et donneurs d&rsquo;ordres italiens. <\/font><\/span><span lang=\"EN-US\"><font>La cessation d&rsquo;activit\u00e9s de certaines soci\u00e9t\u00e9s s&rsquo;explique aussi, selon Ferruccio Bellicini, par des raisons s\u00e9curitaires. \u00ab\u00a0Certaines entreprises ont re\u00e7u des menaces directes de la part des travailleurs qui revendiquent une augmentation de salaires. Nous sommes actuellement en n\u00e9gociation avec l&rsquo;UGTT et le patronat de l&rsquo;UTICA pour que le probl\u00e8me soit r\u00e9solu dans les plus brefs d\u00e9lais\u00a0\u00bb, rel\u00e8ve-t-il. \u00ab\u00a0Malgr\u00e9 tout, la Tunisie demeure un site d&rsquo;investissement attractif qui jouit d&rsquo;un capital de confiance lui permettant d&rsquo;\u00eatre une destination privil\u00e9gi\u00e9e pour les investisseurs \u00e9trangers\u00a0\u00bb.<\/font><\/span><\/font><\/p>\n<p align=\"justify\"><b><span lang=\"EN-US\"><font face=\"Arial\">\u00ab\u00a0Le climat des affaires vit pr\u00e9sentement une profonde m\u00e9tamorphose\u00a0\u00bb<\/font><\/span><\/b><\/p>\n<p align=\"justify\"><span lang=\"EN-US\"><font face=\"Arial\">Pour Skandar Lachker, directeur de la soci\u00e9t\u00e9 Pietra Nobile, une entreprise d&rsquo;import-export de marbre filiale du Groupe Italien MARMOLUX, le climat des affaires vit une profonde m\u00e9tamorphose. \u00ab\u00a0Plusieurs secteurs ont \u00e9t\u00e9 gravement affect\u00e9s par les troubles sociaux de ces derniers temps. Ainsi, nous avons de plus en plus de mal \u00e0 nous approvisionner en mati\u00e8re premi\u00e8re. Aujourd&rsquo;hui, l&rsquo;acc\u00e8s aux carri\u00e8res de marbre des r\u00e9gions enclav\u00e9es comme Kasserine, Sidi Bouzid ou du kef devient de plus en plus difficile. Certains sites sont d\u00e9finitivement ferm\u00e9s. La plupart des routes menant aux zones de production du marbre sont actuellement bloqu\u00e9es. Les populations de ces r\u00e9gions revendiquent la propri\u00e9t\u00e9 de ces terrains exploit\u00e9s jusque l\u00e0 par des entrepreneurs \u00e9trangers ou tunisiens. Cette situation de chaos pourrait s&rsquo;av\u00e9rer catastrophique pour l&rsquo;activit\u00e9 \u00e9conomique en Tunisie\u00a0\u00bb, estime-t-il. <\/font><\/span><\/p>\n<p align=\"justify\"><b><span lang=\"EN-US\"><font face=\"Arial\">\u00ab\u00a0Les \u00e9lections du 24 juillet p\u00e8seront lourd sur le cours des \u00e9v\u00e8nements\u00a0\u00bb<\/font><\/span><\/b><\/p>\n<p align=\"justify\"><font face=\"Arial\"><span lang=\"NO-BOK\"><font>Selon Skandar Lachkar, les investisseurs italiens croient encore en la Tunisie. <\/font><\/span><font><span lang=\"EN-US\">\u00ab\u00a0M\u00eame aux p\u00e9riodes les plus dures, note groupe a maintenu ses liens avec ce beau pays. Nous avons d\u00e9cid\u00e9 de renforcer notre pr\u00e9sence avec l&rsquo;ouverture d&rsquo;un bureau et la mise en place d&rsquo;une usine de d\u00e9coupe de marbres. Pietra Nobile compte \u00e9galement inaugurer prochainement son Showroom \u00e0 l&rsquo;Ariana. <\/span><span lang=\"NO-BOK\">Le montant global de notre investissement est de l&rsquo;ordre de 11 millions de dinars\u00a0\u00bb, indique-t-il.<\/span><\/font><span lang=\"EN-US\"><font>\u00a0\u00bb Mais des doutes demeurent sur le retour \u00e0 la stabilit\u00e9 politique du pays. Il s&rsquo;agit d&rsquo;une condition pr\u00e9alable \u00e0 la poursuite de la reprise \u00e9conomique. Les r\u00e9centes manifestations orchestr\u00e9es par certains islamistes tunisiens et leurs revendications extr\u00e9mistes accentuent le sentiment d&rsquo;ins\u00e9curit\u00e9 ressenti par les investisseurs \u00e9trangers. Plusieurs interrogations tourmentent leurs esprits: Peut-on faire confiance aux islamistes? Nos int\u00e9r\u00eats seront-ils bien pr\u00e9serv\u00e9s? L&rsquo;\u00e9ventuelle ascension des islamistes au pouvoir fait peur \u00e0 beaucoup d&rsquo;investisseurs \u00e9trangers. A mon avis, les \u00e9lections du 24 juillet p\u00e8seront lourd et redistribueront de nouveau les cartes du jeu \u00e9conomique dans notre pays\u00a0\u00bb.<\/font><\/span><\/font><\/p>\n<p align=\"justify\"><span lang=\"EN-US\"><font face=\"Arial\">Source: \u201ceconostrum\u201d Le 06-05-2011<\/font><\/span><\/p>\n<div>\n<p align=\"justify\"><font face=\"Arial\"><span lang=\"NO-BOK\"><font>Lien: <\/font><\/span><span lang=\"EN-US\"><a href=\"http:\/\/www.econostrum.info\/La-Tunisie-fait-peur-aux-investisseurs_a5581.html\" target=\"_blank\" rel=\"noopener\"><span lang=\"NO-BOK\"><font>http:\/\/www.econostrum.info\/La-Tunisie-fait-peur-aux-investisseurs_a5581.html<\/font><\/span><\/a><\/span><\/font><\/p>\n<\/div>\n<p align=\"center\"><b><span lang=\"NO-BOK\"><\/p>\n<p><font face=\"Arial\">C&rsquo;est \u00able monde \u00e0 l\u2019envers!\u00bb, estime Mustapha Kamel Ennabli, \u00e0 propos des notations souveraines de la Tunisie<\/font><\/p>\n<p><\/span><\/b><\/p>\n<hr\/>\n<p>\u00a0<\/p>\n<p align=\"justify\"><span lang=\"NO-BOK\"><font face=\"Arial\">Par Amel Belhadj Ali<\/font><\/span><\/p>\n<p align=\"justify\"><span lang=\"NO-BOK\"><font face=\"Arial\">\u00abIl est quand m\u00eame surprenant que les agences internationales de rating aient assez vite appr\u00e9ci\u00e9 la situation politique instable de la Tunisie et l\u2019ont d\u00e9class\u00e9 aussi rapidement. Alors qu\u2019elles n\u2019avaient pas auparavant estim\u00e9 que pendant 23 ans, la Tunisie ne r\u00e9pondait pas aux crit\u00e8res minimum de ce que l\u2019on peut appeler stabilit\u00e9 politique \u00bb a indiqu\u00e9 non sans une pointe d\u2019ironie, Mustapha Kamel Ennabli, gouverneur de la Banque centrale lors d\u2019une rencontre avec les repr\u00e9sentants du secteur priv\u00e9, organis\u00e9e jeudi 5 mai \u00e0 l\u2019IACE.<\/font><\/span><\/p>\n<p align=\"justify\"><span lang=\"NO-BOK\"><font face=\"Arial\">La notation souveraine de la Tunisie avait suscit\u00e9 pas mal de remous \u00e0 la fin du mois de janvier 2011 et n\u2019avait pas \u00e9t\u00e9 appr\u00e9ci\u00e9e par les hauts responsables tunisiens. \u00abC\u2019est le monde \u00e0 l\u2019envers et la preuve que les agences de rating ont mal jug\u00e9 la situation dans le pays\u00bb, a r\u00e9fut\u00e9 M. Ennabli, lors d&rsquo;une rencontre jeudi 5 mai \u00e0 l&rsquo;IACE, arguant que le passage de la Tunisie d\u2019une \u00e8re de totalitarisme \u00e0 une \u00e8re d\u00e9mocratique est le meilleur garant de la stabilit\u00e9 du pays. Les investisseurs tunisiens et \u00e9trangers doivent saisir l\u2019\u00e9volution positive du pays. \u00abIl faut capitaliser sur l\u2019avenir de la Tunisie et savoir prendre des risques\u00bb.<\/font><\/span><\/p>\n<p align=\"justify\"><font face=\"Arial\"><span lang=\"NO-BOK\"><font>Les agences de notation internationales devraient donc observer plus de retenue dans l\u2019\u00e9valuation de la situation de la Tunisie. La rapidit\u00e9 dont elles ont fait preuve dans la d\u00e9gradation de la note souveraine du pays prouve le peu de confiance qu\u2019elles ont dans la capacit\u00e9 de la Tunisie \u00e0 retomber sur ses pieds. <\/font><\/span><span lang=\"EN-US\"><font>La condamnation a \u00e9t\u00e9 trop pr\u00e9cipit\u00e9e!<\/font><\/span><\/font><\/p>\n<p align=\"justify\"><font face=\"Arial\"><span lang=\"EN-US\"><font>Les agences de notation Moody&rsquo;s, Standard and Poor\u2019s et Fitch Ratings avaient abaiss\u00e9 la note de la Tunisie en raison des\u00abincertitudes \u00e9conomiques et politiques qui p\u00e8sent sur le pays\u00bb. Moody\u2019s justifie sa d\u00e9cision par \u00abl&rsquo;instabilit\u00e9 du pays, due au r\u00e9cent changement inattendu du r\u00e9gime, r\u00e9sultant d&rsquo;une crise politique qui a d\u00e9but\u00e9 par des \u00e9meutes sociales\u00bb. <\/font><\/span><span lang=\"NO-BOK\"><font>Elle avait insist\u00e9 sur la poursuite des troubles et la situation politique \u00abqui mettent en danger la stabilit\u00e9 du pays\u00bb.<\/font><\/span><\/font><\/p>\n<p align=\"justify\"><span lang=\"NO-BOK\"><font face=\"Arial\">Etrange! Autant de s\u00e9v\u00e9rit\u00e9 d\u00e9note du m\u00e9pris dont font preuve ces agences vis-\u00e0-vis d&rsquo;un pays comme la Tunisie qu\u2019elles estiment incapable de se remettre sur les rails assez rapidement.<\/font><\/span><\/p>\n<p align=\"justify\"><span lang=\"EN-US\"><font face=\"Arial\">Malgr\u00e9 toutes les perturbations qui se sont produites en Tunisie et qui sont attendues dans un pays qui vient de vivre une r\u00e9volution dont les r\u00e9percussions sont cosmiques, le pays reprend du poil de la b\u00eate et l\u2019appareil productif recommence \u00e0 fonctionner. Pour preuve, les exportations qui ont r\u00e9alis\u00e9 une croissance de plus de 11% depuis le d\u00e9but de l\u2019ann\u00e9e.<\/font><\/span><\/p>\n<p align=\"justify\"><span lang=\"EN-US\"><font face=\"Arial\">Ce sont des indices r\u00e9v\u00e9lateurs de la r\u00e9activit\u00e9 du Tunisien et de sa capacit\u00e9 \u00e0 s\u2019adapter \u00e0 toutes les situations aussi difficiles soient-elles. <\/font><\/span><\/p>\n<p align=\"justify\"><span lang=\"EN-US\"><font face=\"Arial\">Source: \u201cwmc\u201d Le 06-05-2011<\/font><\/span><\/p>\n<div>\n<p align=\"justify\"><font face=\"Arial\"><span lang=\"NO-BOK\"><font>Lien: <\/font><\/span><span lang=\"EN-US\"><a href=\"http:\/\/www.webmanagercenter.com\/management\/article-105502-c-est-le-monde-a-l-envers-estime-mustapha-kamel-ennabli-a-propos-des-notations-souveraines-de-la-tunisie\" target=\"_blank\" rel=\"noopener\"><span lang=\"NO-BOK\"><font>http:\/\/www.webmanagercenter.com\/management\/article-105502-c-est-le-monde-a-l-envers-estime-mustapha-kamel-ennabli-a-propos-des-notations-souveraines-de-la-tunisie<\/font><\/span><\/a><\/span><\/font><\/p>\n<\/div>\n<p align=\"center\"><b><span lang=\"NO-BOK\"><\/p>\n<h5 style=\"color: blue;\"><font face=\"Arial\">Tunisie, un front pour la r\u00e9publique et la modernit\u00e9 est n\u00e9<\/font><\/h5>\n<p> <\/span><\/b><\/p>\n<hr\/>\n<p>\u00a0<\/p>\n<p align=\"justify\"><font face=\"Arial\"><strong><span lang=\"NO-BOK\"><font>\u00abLam Echaml\u00bb est le nom du front qui vient de naitre, de l\u2019union d\u2019une quarantaine d\u2019associations, initiatives et personnalit\u00e9s ind\u00e9pendantes, et a posteriori, de partis politiques. <\/font><\/span><\/strong><font><strong><span lang=\"EN-US\">Les repr\u00e9sentants de \u00ab Lam Echaml \u00bb, ont r\u00e9uni ce matin les journalistes pour exposer leur philosophie et lancer un appel \u00e0 tous les partis politiques, qui partagent leurs principes, \u00e0 se joindre \u00e0 eux. Apr\u00e8s une premi\u00e8re r\u00e9union \u00e9largie tenue le 29 avril dernier, le front a fait une d\u00e9claration qui r\u00e9sume ses principaux id\u00e9aux. <\/span><span lang=\"NO-BOK\">A savoir : le r\u00e9gime r\u00e9publicain et les valeurs de modernit\u00e9, le respect des libert\u00e9s individuelles et publiques, l\u2019\u00e9galit\u00e9 totale entre les femmes et les hommes, la s\u00e9paration entre la religion et la politique et l\u2019attachement \u00e0 la culture et \u00e0 la civilisation de la Tunisie. <\/span><\/strong><\/font><\/font><font><span lang=\"NO-BOK\"> <font face=\"Arial\">Membre de cette initiative, Moncef Ben Slimane, explique toutefois que le but imm\u00e9diat du front est non pas d\u2019\u00eatre une force \u00e9lectorale, mais de r\u00e9unir le maximum de monde, qui pr\u00f4ne les m\u00eames id\u00e9aux pour d\u00e9fendre ces acquis et ces valeurs. <\/font><\/span><\/font><span lang=\"EN-US\"><font face=\"Arial\">\u00ab Pour que le peuple tunisien trouve qu\u2019il existe une force cons\u00e9quente et non pas de petits groupes \u00e9pars. C\u2019est une instance de veille contre les d\u00e9passements des partis ou autres \u00bb, dit-il. Fawzia Charfi, universitaire, explique que parmi les pr\u00e9occupations futures du front est d\u2019\u00eatre vigilant quant \u00e0 la dur\u00e9e de vie de la constituante.   Bahri Ben Yahmed, cin\u00e9aste, ajoute que cette coalition est une force qui d\u00e9nonce les pressions et les abus dont sont victimes, entre autres, les artistes. \u00abLorsque un rappeur invit\u00e9 par le parti Ennahdha a appel\u00e9 au meurtre d\u2019un cin\u00e9aste, ni le parti ni le minist\u00e8re de la culture ne l\u2019ont clairement d\u00e9nonc\u00e9. Aujourd\u2019hui, il y a une cin\u00e9aste femme qui a fait l\u2019objet d\u2019un grand toll\u00e9 et qui ne se sent plus en s\u00e9curit\u00e9 dans son pays. Nous voulons d\u00e9fendre les libert\u00e9s individuelles, r\u00e9instaurer la libert\u00e9 de penser et de travailler aux artistes, sans qu\u2019ils ne soient une cible pour une certaine cat\u00e9gorie qui n\u2019adh\u00e8re pas \u00e0 leur vision \u00bb, a-t-il dit.   Moufida Belghith, avocate et pr\u00e9sidente d\u2019une association, r\u00e9v\u00e8le qu\u2019une commission a \u00e9t\u00e9 charg\u00e9e de contacter des partis politiques et les inviter \u00e0 se joindre au mouvement \u00abpour s\u2019unir sur la base des m\u00eames principes, pour dessiner l\u2019avenir du pays, et appeler \u00e0 ce que la soci\u00e9t\u00e9 civile participe largement \u00e0 la vie politique\u00bb.  Moncef Ben Slimane se montre optimiste quant \u00e0 l&rsquo;avenir de cette initiative :\u00a0\u00bbje suis s\u00fbr que dans une quinzaine de jours, des partis politiques donneront un point de presse pour annoncer leur adh\u00e9sion \u00e0 Lam Echaml.\u00a0\u00bb.<\/font><\/span><\/p>\n<p align=\"justify\"><span lang=\"EN-US\"><font face=\"Arial\">Source: \u201cGlobalNet\u201d Le 06-05-2011<\/font><\/span><\/p>\n<div>\n<p align=\"justify\"><font face=\"Arial\"><span lang=\"NO-BOK\"><font>Lien: <\/font><\/span><span lang=\"EN-US\"><a href=\"http:\/\/www.gnet.tn\/temps-fort\/tunisie-un-front-pour-la-republique-et-la-modernite-est-ne\/id-menu-325.html\" target=\"_blank\" rel=\"noopener\"><span lang=\"NO-BOK\"><font>http:\/\/www.gnet.tn\/temps-fort\/tunisie-un-front-pour-la-republique-et-la-modernite-est-ne\/id-menu-325.html<\/font><\/span><\/a><\/span><\/font><\/p>\n<\/div>\n<p align=\"center\"><b><span lang=\"NO-BOK\"><\/p>\n<h5 style=\"color: blue;\"><font face=\"Arial\">Tunisie-Education: Sauver l&rsquo;universit\u00e9<\/font><\/h5>\n<p><\/span><\/b><\/p>\n<hr\/>\n<p>\u00a0<\/p>\n<p align=\"justify\"><font face=\"Arial\"><strong><span lang=\"NO-BOK\"><font>Sauver l&rsquo;universit\u00e9 &#8211; Les vuln\u00e9rabilit\u00e9s de l&rsquo;universit\u00e9 tunisienne s&rsquo;aggravent jour apr\u00e8s jour. Elle est cens\u00e9e jouer son vrai r\u00f4le, ce qui n&rsquo;est pas justifi\u00e9 dans le contexte tunisien. L&rsquo;universit\u00e9 tunisienne est marginalis\u00e9e, et mal appr\u00e9ci\u00e9e. C&rsquo;est pourquoi il faut remodeler son syst\u00e8me de fonctionnement et trouver des solutions fiables pour la faire sortir de cette situation critique. <\/font><\/span><\/strong><font><strong><span lang=\"EN-GB\">Par essence, l&rsquo;homme a la capacit\u00e9 de se changer et de faire changer. Donc, le changement est possible dans notre cas puisqu&rsquo;on a pu bouleverser tout un syst\u00e8me qui a r\u00e9sist\u00e9 pendant 23 ans. La r\u00e9volution tunisienne est devenue comme un mod\u00e8le pour les autres pays. Pourquoi ne serions-nous pas un mod\u00e8le par notre universit\u00e9 et ne deviendrions-nous pas parmi les meilleurs au monde ? Impossible n&rsquo;est pas tunisien. Nous avons prouv\u00e9 \u00e0 chaque occasion que nous sommes capables de m\u00e9tamorphose.<\/span><\/strong><\/font><\/font><font><span lang=\"EN-GB\"> <\/span><span lang=\"NO-BOK\"><font face=\"Arial\">Il s&rsquo;agit de faire une simple analyse et de savoir o\u00f9 se trouve le probl\u00e8me. <\/font><\/span><\/font><span lang=\"EN-GB\"><font face=\"Arial\">Pour traiter cette situation, il faut revenir aux sources qui se r\u00e9sument en deux causes tr\u00e8s importantes. D&rsquo;une part, la d\u00e9t\u00e9rioration de l&rsquo;enseignement de base et, d&rsquo;autre part, l&rsquo;entourage familial et son r\u00f4le primordial dans l&rsquo;orientation \u00e9ducative de l&rsquo;\u00e9tudiant.  Je pense que ces deux causes ont influenc\u00e9 directement le syst\u00e8me \u00e9ducatif tunisien.  Pour r\u00e9parer, il est n\u00e9cessaire qu&rsquo;on d\u00e9bute par les racines du probl\u00e8me. Par cons\u00e9quent, il faut que les esprits changent. La conscience d&rsquo;une n\u00e9cessit\u00e9 de transmutation doit \u00eatre pr\u00e9sente.  A mon avis, la solution se trouve en premier lieu au sein de la famille qui semble \u00eatre l&rsquo;espace qui aide les futurs employ\u00e9s \u00e0 avoir des comp\u00e9tences sp\u00e9cifiques et distinctives. On doit en faire des gens capables de critiquer et d\u00e9nier toutes sortes d&rsquo;automatismes.  Il faut changer les cerveaux pour que tout aille vers le mieux. L&rsquo;universit\u00e9 tunisienne souffre parce qu&rsquo;en fait tout le syst\u00e8me \u00e9ducatif est en crise. Pour la rendre une universit\u00e9 type qui g\u00e9n\u00e8re des \u00e9tudiants comp\u00e9tents et aptes \u00e0 r\u00e9pondre aux exigences du march\u00e9, on doit am\u00e9liorer l&rsquo;enseignement de base, ainsi que l&rsquo;enseignement secondaire pour, au bout du compte, recevoir \u00e0 l&rsquo;universit\u00e9 une \u00e9lite.  Revenir donc aux sources est consid\u00e9r\u00e9 comme l&rsquo;une des solutions qui pourrait sortir l&rsquo;universit\u00e9 tunisienne de sa phase de d\u00e9clin.  Quant au niveau des choix de sp\u00e9cialisation durant la phase secondaire, l&rsquo;\u00e9l\u00e8ve doit choisir sa branche pr\u00e9f\u00e9r\u00e9e selon des crit\u00e8res sp\u00e9cifiques. Il est inexcusable de lui accorder une sp\u00e9cialit\u00e9 qu&rsquo;il ne ma\u00eetrise pas juste pour la simple raison qu&rsquo;il l&rsquo;aime. Pour qu&rsquo;on choisisse une branche, on doit savoir ses vraies comp\u00e9tences et ses r\u00e9elles qualit\u00e9s.  Il ne faut pas se sp\u00e9cialiser dans un domaine juste parce que nos parents le souhaitent ou parce qu&rsquo;il garantit un bon travail avec un salaire respectable. On doit \u00eatre objectif, rationnel et raisonnable lors d&rsquo;un choix. Le d\u00e9veloppement d&rsquo;une meilleure capacit\u00e9 de raisonnement est n\u00e9cessaire durant cette phase \u00e9ducative. En choisissant la branche convenable, l&rsquo;\u00e9l\u00e8ve aura une chance d&rsquo;exceller dans sa sp\u00e9cialit\u00e9 puisqu&rsquo;il a les capacit\u00e9s et le background n\u00e9cessaires. Mais le probl\u00e8me est que le syst\u00e8me en Tunisie n&rsquo;assure pas cette continuit\u00e9 de sp\u00e9cialisation car il existe une coupure entre l&rsquo;enseignement secondaire et l&rsquo;enseignement sup\u00e9rieur.  Personnellement, j&rsquo;ai eu connaissance du cas d&rsquo;une bacheli\u00e8re section lettres et dont le choix universitaire s&rsquo;est port\u00e9 sur la m\u00e9decine ?!! A noter qu&rsquo;elle n&rsquo;a pas pu poursuivre son cursus universitaire vu qu&rsquo;elle n&rsquo;a ni les capacit\u00e9s ni les pr\u00e9requis n\u00e9cessaires.  Assurer la continuit\u00e9 entre l&rsquo;enseignement secondaire et l&rsquo;enseignement sup\u00e9rieur est l&rsquo;une des options qui peut rendre l&rsquo;universit\u00e9 un espace dont l&rsquo;intelligence et la qualit\u00e9 des formations constituent un v\u00e9ritable avantage comparatif.<\/font><\/span><\/p>\n<p align=\"justify\"><span lang=\"EN-US\"><font face=\"Arial\">Source: \u201cAfrique en ligne\u201d Le 06-05-2011<\/font><\/span><\/p>\n<div>\n<p align=\"justify\"><span lang=\"NO-BOK\"><font face=\"Arial\">Lien: <\/font><a href=\"http:\/\/www.afriquejet.com\/afrique-du-nord\/tunisie\/tunisie-education:-sauver-l&#039;universite-2011050610901.html\" target=\"_blank\" rel=\"noopener\"><font face=\"Arial\">http:\/\/www.afriquejet.com\/afrique-du-nord\/tunisie\/tunisie-education:-sauver-l%27universite-2011050610901.html<\/font><\/a><\/span><\/p>\n<\/div>\n<p align=\"center\"><b><span lang=\"FR\"><\/p>\n<h5 style=\"color: blue;\"><font face=\"Arial\">Ajmi Lourimi : \u00ab\u00a0Qu&rsquo;on nous juge sur nos actes\u00a0\u00bb<\/font><\/h5>\n<p> <\/span><\/b><\/p>\n<hr\/>\n<p>\u00a0<\/p>\n<p align=\"justify\"><b><span lang=\"FR\"><font face=\"Arial\">Membre du bureau ex\u00e9cutif d\u2019Ennahdha, Ajmi Lourimi d\u00e9taille pour Jeune Afrique les intentions des islamistes tunisiens : parit\u00e9, charia et \u00e9conomie.<\/font><\/span><\/b><\/p>\n<p align=\"justify\"><b><span lang=\"FR\"><font face=\"Arial\">Jeune Afrique\u2009: Des dirigeants d\u2019Ennahdha disent vouloir r\u00e9instaurer progressivement la charia, n\u2019est-ce pas en contradiction avec les intentions d\u00e9mocratiques annonc\u00e9es par le parti\u2009?<\/font><\/span><\/b><\/p>\n<p align=\"justify\"><font face=\"Arial\"><b><span lang=\"FR\"><font>Ajmi Lourimi\u2009:<\/font><\/span><\/b><span lang=\"FR\"><font> Ce ne sont l\u00e0 que des interpr\u00e9tations et des d\u00e9formations de leurs propos. Nous nous positionnons de mani\u00e8re franche, dans un contexte de d\u00e9mocratie, en faveur des \u00e9galit\u00e9s et des libert\u00e9s, sans remettre en question les acquis de la soci\u00e9t\u00e9 tunisienne. L\u2019application de la charia ne figure pas dans notre programme politique et nous nous y tiendrons. C\u2019est sur nos actions que nous demandons \u00e0 \u00eatre jug\u00e9s et non sur des intentions que des malveillants nous pr\u00eatent.<\/font><\/span><\/font><\/p>\n<p align=\"justify\"><b><span lang=\"FR\"><font face=\"Arial\">Ennahdha se disait proche de l\u2019AKP turc. Or les grandes lignes de son programme \u00e9conomique semblent se situer \u00e0 l\u2019oppos\u00e9 de la lib\u00e9ralisation pratiqu\u00e9e par la Turquie.<\/font><\/span><\/b><\/p>\n<p align=\"justify\"><span lang=\"FR\"><font face=\"Arial\">La <\/font><font><a href=\"http:\/\/www.jeuneafrique.com\/pays\/tunisie\/tunisie.asp\" target=\"_blank\" rel=\"noopener\"><span><font face=\"Arial\">Tunisie<\/font><\/span><\/a><\/font><font face=\"Arial\"> ne peut se contenter d\u2019une croissance comprise entre 4,5 % et 5 %. Afin d\u2019enclencher un r\u00e9el d\u00e9veloppement, nous nous fixons un objectif de croissance \u00e0 deux chiffres. Pour cela, le mod\u00e8le turc est int\u00e9ressant, mais nous tenons compte aussi des sp\u00e9cificit\u00e9s tunisiennes. Nous ne devons plus \u00eatre d\u00e9pendants de l\u2019Europe, il nous faut travailler plus avec l\u2019Afrique et les pays arabes. Notre objectif est de d\u00e9velopper au plus vite les r\u00e9gions et de r\u00e9\u00e9quilibrer le pays.<\/font><\/span><\/p>\n<p align=\"justify\"><b><span lang=\"FR\"><font face=\"Arial\">Comment expliquez-vous l\u2019absence de femmes dans le paysage politique tunisien\u2009?<\/font><\/span><\/b><\/p>\n<p align=\"justify\"><span lang=\"FR\"><a href=\"http:\/\/www.jeuneafrique.com\/Article\/ARTJAWEB20110214115121\/\" target=\"_blank\" rel=\"noopener\"><span><font face=\"Arial\">Ennahdha<\/font><\/span><\/a><font face=\"Arial\"> adh\u00e8re totalement au principe de parit\u00e9, mais il semble que ce point ait \u00e9t\u00e9 n\u00e9glig\u00e9 au sein des autres formations, alors que les femmes ont \u00e9t\u00e9 partie prenante de la r\u00e9volution.<\/font><\/span><\/p>\n<p align=\"justify\"><span lang=\"FR\"><font face=\"Arial\">Source : \u00ab Jeune Afrique \u00bb Le 05-05-2011<\/font><\/span><\/p>\n<div>\n<p align=\"justify\"><span lang=\"FR\"><font face=\"Arial\">Lien : <\/font><a href=\"http:\/\/www.jeuneafrique.com\/Articles\/Dossier\/ARTJAJA2623p036-037.xml1\/tunisie-islamistes-parite-turquieajmi-lourimi-qu-on-nous-juge-sur-nos-actes.html\" target=\"_blank\" rel=\"noopener\"><font face=\"Arial\">http:\/\/www.jeuneafrique.com\/Articles\/Dossier\/ARTJAJA2623p036-037.xml1\/tunisie-islamistes-parite-turquieajmi-lourimi-qu-on-nous-juge-sur-nos-actes.html<\/font><\/a><\/span><\/p>\n<\/div>\n<h5 align=\"center\" style=\"color: blue;\"><span lang=\"NO-BOK\"><\/p>\n<h6 style=\"color: blue;\"><font face=\"Arial\" size=\"3\">Interview de Farhat Rajhi<\/font><\/h6>\n<p><\/span><\/h5>\n<p align=\"center\"><font size=\"3\"><span><span lang=\"NO-BOK\"><\/p>\n<h6 style=\"color: blue;\"><font face=\"Arial\">\u00abJ&rsquo;ai \u00e9t\u00e9 pi\u00e9g\u00e9 par les deux journalistes\u00bb<\/font><\/h6>\n<p> <\/span><\/span><\/font><\/p>\n<hr\/>\n<p>\u00a0<\/p>\n<p align=\"justify\"><span><\/span><\/p>\n<p align=\"justify\"><font face=\"Arial\"><b><span lang=\"EN-US\"><font>Question:<\/font><\/span><\/b><span lang=\"EN-US\"><font> Voil\u00e0 que vous faites de nouveau l\u2019actualit\u00e9 apr\u00e8s vous \u00eatre \u00e9clips\u00e9 de la sc\u00e8ne. Que s\u2019est-il pass\u00e9 au juste ?<\/font><\/span><\/font><\/p>\n<p align=\"justify\"><font face=\"Arial\"><b><span lang=\"EN-US\"><font>Farhat Rajhi:<\/font><\/span><\/b><span lang=\"EN-US\"><font> Non, je ne fais pas l\u2019\u00e9v\u00e9nement. Il y a juste que beaucoup de journalistes m\u2019ont demand\u00e9 des interviews, mais je ne pouvais les satisfaire compte tenu de mes obligations professionnelles.<\/font><\/span><\/font><\/p>\n<p align=\"justify\">\u00a0<\/p>\n<p align=\"justify\"><span><span lang=\"EN-US\"><font face=\"Arial\">Mais il se trouve que j\u2019ai c\u00e9d\u00e9 devant l\u2019insistance des deux jeunes journalistes m\u2019ayant assur\u00e9 que l\u2019interview serait publi\u00e9e sur un site internet et c\u2019est pour cela que je les apostrophais \u00ab ne notez pas cela \u00bb concernant certaines questions sensibles. <\/font><\/span><\/span><\/p>\n<p align=\"justify\"><b><span lang=\"EN-US\"><font face=\"Arial\">Mais il y avait plus d\u2019une cam\u00e9ra fixe ?<\/font><\/span><\/b><\/p>\n<p align=\"justify\">\u00a0<\/p>\n<p align=\"justify\"><span lang=\"EN-US\"><font face=\"Arial\">Effectivement. Ils ont plac\u00e9 deux cam\u00e9ras sur le bureau et je pensais que c\u2019\u00e9tait pour prendre des photos, car l\u2019enregistrement par l\u2019image suppose, \u00e0 mon sens, des appareils bien plus performants\u2026<\/font><\/span><\/p>\n<p align=\"justify\">\u00a0<\/p>\n<p align=\"justify\"><b><span lang=\"EN-US\"><font face=\"Arial\">Sauf que vous parliez en toute aisance et avez fait des d\u00e9clarations jug\u00e9es comme \u00e9tant des r\u00e9v\u00e9lations v\u00e9ridiques par les uns et de la fiction des attaques et une tentative de semer la discorde par d\u2019autres.<\/font><\/span><\/b><\/p>\n<p align=\"justify\">\u00a0<\/p>\n<p align=\"justify\"><span lang=\"EN-US\"><font face=\"Arial\">J\u2019ai la conviction que cette R\u00e9volution est l\u2019\u0153uvre des jeunes. Et quand de jeunes journalistes se sont adress\u00e9s \u00e0 moi j\u2019ai jug\u00e9 que c\u2019\u00e9tait de mon devoir d\u2019\u00eatre sinc\u00e8re avec eux convaincu que je suis que l\u2019avenir leur appartient\u2026 Cette discussion avec ces jeunes devait dans ma conviction, demeurer comme vous le dites vous autres journalistes \u00ab off the recorder \u00bb. C\u2019est un principe \u00e9thique fondamental dans votre m\u00e9tier et le journaliste doit garder ces affirmations pour lui pour que cela lui serve de rep\u00e8re dans l\u2019analyse des r\u00e9alit\u00e9s du pays.<\/font><\/span><\/p>\n<p align=\"justify\"><span lang=\"EN-US\"><font face=\"Arial\">Ces \u00abd\u00e9clarations \u00bb publi\u00e9es en violation de ce principe ont d\u00e8s lors \u00e9t\u00e9 quelque part per\u00e7ues comme une violation de mon devoir de r\u00e9serve, alors que ces affirmations je les avais avanc\u00e9es sans arri\u00e8re-pens\u00e9es, ni objectifs haineux. Le seul objectif esp\u00e9r\u00e9, du moins par moi, c\u2019\u00e9tait l\u2019information saine et responsable.<\/font><\/span><\/p>\n<p align=\"justify\">\u00a0<\/p>\n<p align=\"justify\"><b><span lang=\"EN-US\"><font face=\"Arial\">Or Kamel Leta\u00efef a d\u00e9clar\u00e9 que vous avez choisi le moment de faire ces d\u00e9clarations et que vous les avez fait \u00ab coincider \u00bb avec l\u2019arrestation de Mohamed Ali Ganzou\u00ee ?<\/font><\/span><\/b><\/p>\n<p align=\"justify\">\u00a0<\/p>\n<p align=\"justify\"><span lang=\"EN-US\"><font face=\"Arial\">Non, le rendez-vous de l\u2019interview avait \u00e9t\u00e9 choisi par les journalistes une semaine auparavant. Et puis d\u2019apr\u00e8s les m\u00e9dias, Ganzou\u00ee que je ne connais pas personnellement avait \u00e9t\u00e9 arr\u00eat\u00e9 le mercredi en fin d\u2019apr\u00e8s-midi alors que l\u2019interview s\u2019\u00e9tait d\u00e9roul\u00e9e durant la matin\u00e9e du m\u00eame jour.<\/font><\/span><\/p>\n<p align=\"justify\">\u00a0<\/p>\n<p align=\"justify\"><b><span lang=\"EN-US\"><font face=\"Arial\">Oui mais Kamel Leta\u00efef d\u00e9clare que vos d\u00e9clarations portent atteinte \u00e0 l\u2019arm\u00e9e et seraient assimilables \u00e0 une haute trahison.<\/font><\/span><\/b><\/p>\n<p align=\"justify\">\u00a0<\/p>\n<p align=\"justify\"><span lang=\"EN-US\"><font face=\"Arial\">C\u2019est grave comme accusation. Car cela me place \u00e0 la m\u00eame enseigne que les pratiques du pr\u00e9sident d\u00e9chu alors qu\u2019il ne s\u2019agit en r\u00e9alit\u00e9 que d\u2019une approche personnelle dans l\u2019analyse de la situation dans le pays et ce dans le cadre d\u2019un \u00e9change de points de vue avec les journalistes et ce, comme cela se produit dans plusieurs pays, pour le bien de la nation et pour lui \u00e9viter d\u2019entrer dans la spirale de la violence.<\/font><\/span><\/p>\n<p align=\"justify\">\u00a0<\/p>\n<p align=\"justify\"><font face=\"Arial\"><b><span lang=\"NO-BOK\"><font>Comme beaucoup de Tunisiens j\u2019ai \u00e9cout\u00e9 votre interview sur Facebook, puis celle de Kamel Leta\u00efef sur ShemsFM, le matin, et encore l\u2019apr\u00e8s-midi sur Mosa\u00efqueFM, lequel a \u00e9t\u00e9 pr\u00e9c\u00e9d\u00e9 par la d\u00e9claration du porte-parole du Premier minist\u00e8re. <\/font><\/span><span lang=\"EN-US\"><font>Je trouve que l\u2019interview de Kamel Leta\u00efef durant la matin\u00e9e \u00e9tait confuse. Mais l\u2019apr\u00e8s-midi le contenu de sa d\u00e9claration sur Mosa\u00efqueFM est porteur des m\u00eames accusations que celle de Moez Smaoui (Premier minist\u00e8re) : \u00e0 savoir l\u2019atteinte \u00e0 la loyaut\u00e9 de l\u2019arm\u00e9e et la tentative de semer le trouble\u2026 Pensez vous qu\u2019il y a eu au pr\u00e9alable coordination entre les deux parties\u2026<\/font><\/span><\/b><\/font><\/p>\n<p align=\"justify\">\u00a0<\/p>\n<p align=\"justify\"><span lang=\"EN-US\"><font face=\"Arial\">C\u2019est votre conclusion et c\u2019est la m\u00eame que celles qu\u2019ont tir\u00e9es et communiqu\u00e9es plusieurs personnes\u2026<\/font><\/span><\/p>\n<p align=\"justify\"><span lang=\"EN-US\"><font face=\"Arial\">Est-ce \u00e0 dire que tout le monde me fera ce m\u00eame reproche\u2026 Quant \u00e0 ce \u00abr\u00e9gionalisme\u00bb, ce que j\u2019entendais par Sah\u00e9liens ce sont des personnes bien pr\u00e9cises g\u00e9ographiquement du Sahel, mais qui ne sont pas repr\u00e9sentatives de tous les habitants de cette r\u00e9gion.<\/font><\/span><\/p>\n<p align=\"justify\"><span lang=\"EN-US\"><font face=\"Arial\">Mais j\u2019insiste encore sur l\u2019Arm\u00e9e : je n\u2019ai eu nulle intention de porter atteinte \u00e0 l\u2019arm\u00e9e et si c\u2019\u00e9tait le cas, pourquoi n\u2019aurais-je pas \u00e9voqu\u00e9 la s\u00e9curit\u00e9 nationale ? Je r\u00e9it\u00e8re mon respect, donc, \u00e0 l\u2019Arm\u00e9e nationale et les forces de l\u2019ordre tout en demeurant convaincu qu\u2019il faut certaines r\u00e9formes fondamentales ce qui leur assurerait un rendement ad\u00e9quat \u00e0 la situation actuelle. Quant \u00e0 cette question de maturit\u00e9 politique, je consid\u00e8re que j\u2019ai \u00e9t\u00e9 appel\u00e9 \u00e0 la rescousse \u00e0 un certain moment et j\u2019ai accompli mon devoir dans les limites de mes possibilit\u00e9s envers mon pays.<\/font><\/span><\/p>\n<p align=\"justify\"><span lang=\"EN-US\"><font face=\"Arial\">J\u2019ai toujours \u00e9t\u00e9 transparent. Et je vous ai expliqu\u00e9 dans quelles conditions j\u2019ai fait ces d\u00e9clarations. J\u2019ose esp\u00e9rer que les personnes sages ne feront pas dans l\u2019extrapolation, car, jamais, je ne chercherai \u00e0 destabiliser le pays. Il faut en effet se m\u00e9fier des extrapolations. Et surtout, ne jamais oublier que le fondement de l\u2019homme est dans ses bonnes intentions.<\/font><\/span><\/p>\n<p align=\"justify\"><span lang=\"EN-US\"><font face=\"Arial\">Source: \u201cLe Temps\u201d Le 06-5-2011<\/font><\/span><\/p>\n<div>\n<p align=\"justify\"><font face=\"Arial\"><span lang=\"NO-BOK\"><font>Lien: <\/font><\/span><span lang=\"EN-US\"><a href=\"http:\/\/www.letemps.com.tn\/article-55714.html\" target=\"_blank\" rel=\"noopener\"><span lang=\"NO-BOK\"><font>http:\/\/www.letemps.com.tn\/article-55714.html<\/font><\/span><\/a><\/span><\/font><\/p>\n<\/div>\n<p align=\"justify\">\u00a0<\/p>\n<\/div>\n<p><\/body><\/body><\/html><\/p>\n","protected":false},"excerpt":{"rendered":"<p>TUNISNEWS 11 \u00e8me ann\u00e9e, N\u00b04000 du 06.05.2011 archives : www.tunisnews.net Reporters sans fronti\u00e8res: TUNISIE &#8211; Des journalistes brutalement agress\u00e9s dans le centre-ville de Tunis Reporters Without Borders: TUNISIA &#8211; Journalists beaten by police in central Tunis FTCR: Communiqu\u00e9 Manifeste pour la cr\u00e9ation du \u00ab\u00a0Courant\u00a0\u00bb Obligations et Droits (R\u00e9volutionnaire et Progressiste) Reuters: Tunisian police break up [&hellip;]<\/p>\n","protected":false},"author":1,"featured_media":22040,"comment_status":"open","ping_status":"open","sticky":false,"template":"","format":"standard","meta":{"inline_featured_image":false,"site-sidebar-layout":"default","site-content-layout":"","ast-site-content-layout":"default","site-content-style":"default","site-sidebar-style":"default","ast-global-header-display":"","ast-banner-title-visibility":"","ast-main-header-display":"","ast-hfb-above-header-display":"","ast-hfb-below-header-display":"","ast-hfb-mobile-header-display":"","site-post-title":"","ast-breadcrumbs-content":"","ast-featured-img":"","footer-sml-layout":"","ast-disable-related-posts":"","theme-transparent-header-meta":"","adv-header-id-meta":"","stick-header-meta":"","header-above-stick-meta":"","header-main-stick-meta":"","header-below-stick-meta":"","astra-migrate-meta-layouts":"default","ast-page-background-enabled":"default","ast-page-background-meta":{"desktop":{"background-color":"","background-image":"","background-repeat":"repeat","background-position":"center center","background-size":"auto","background-attachment":"scroll","background-type":"","background-media":"","overlay-type":"","overlay-color":"","overlay-opacity":"","overlay-gradient":""},"tablet":{"background-color":"","background-image":"","background-repeat":"repeat","background-position":"center center","background-size":"auto","background-attachment":"scroll","background-type":"","background-media":"","overlay-type":"","overlay-color":"","overlay-opacity":"","overlay-gradient":""},"mobile":{"background-color":"","background-image":"","background-repeat":"repeat","background-position":"center center","background-size":"auto","background-attachment":"scroll","background-type":"","background-media":"","overlay-type":"","overlay-color":"","overlay-opacity":"","overlay-gradient":""}},"ast-content-background-meta":{"desktop":{"background-color":"var(--ast-global-color-5)","background-image":"","background-repeat":"repeat","background-position":"center center","background-size":"auto","background-attachment":"scroll","background-type":"","background-media":"","overlay-type":"","overlay-color":"","overlay-opacity":"","overlay-gradient":""},"tablet":{"background-color":"var(--ast-global-color-5)","background-image":"","background-repeat":"repeat","background-position":"center center","background-size":"auto","background-attachment":"scroll","background-type":"","background-media":"","overlay-type":"","overlay-color":"","overlay-opacity":"","overlay-gradient":""},"mobile":{"background-color":"var(--ast-global-color-5)","background-image":"","background-repeat":"repeat","background-position":"center center","background-size":"auto","background-attachment":"scroll","background-type":"","background-media":"","overlay-type":"","overlay-color":"","overlay-opacity":"","overlay-gradient":""}},"footnotes":""},"categories":[],"tags":[57,42,29],"class_list":["post-15770","post","type-post","status-publish","format-standard","has-post-thumbnail","hentry","tag-57","tag-42","tag-fr"],"_links":{"self":[{"href":"https:\/\/tunisnews.net\/ar\/wp-json\/wp\/v2\/posts\/15770","targetHints":{"allow":["GET"]}}],"collection":[{"href":"https:\/\/tunisnews.net\/ar\/wp-json\/wp\/v2\/posts"}],"about":[{"href":"https:\/\/tunisnews.net\/ar\/wp-json\/wp\/v2\/types\/post"}],"author":[{"embeddable":true,"href":"https:\/\/tunisnews.net\/ar\/wp-json\/wp\/v2\/users\/1"}],"replies":[{"embeddable":true,"href":"https:\/\/tunisnews.net\/ar\/wp-json\/wp\/v2\/comments?post=15770"}],"version-history":[{"count":0,"href":"https:\/\/tunisnews.net\/ar\/wp-json\/wp\/v2\/posts\/15770\/revisions"}],"wp:featuredmedia":[{"embeddable":true,"href":"https:\/\/tunisnews.net\/ar\/wp-json\/wp\/v2\/media\/22040"}],"wp:attachment":[{"href":"https:\/\/tunisnews.net\/ar\/wp-json\/wp\/v2\/media?parent=15770"}],"wp:term":[{"taxonomy":"category","embeddable":true,"href":"https:\/\/tunisnews.net\/ar\/wp-json\/wp\/v2\/categories?post=15770"},{"taxonomy":"post_tag","embeddable":true,"href":"https:\/\/tunisnews.net\/ar\/wp-json\/wp\/v2\/tags?post=15770"}],"curies":[{"name":"wp","href":"https:\/\/api.w.org\/{rel}","templated":true}]}}