{"id":15751,"date":"2007-06-26T00:00:00","date_gmt":"2007-06-26T00:00:00","guid":{"rendered":"https:\/\/tunisnews.net\/26-juin-2007\/"},"modified":"2007-06-26T00:00:00","modified_gmt":"2007-06-26T00:00:00","slug":"26-juin-2007","status":"publish","type":"post","link":"https:\/\/tunisnews.net\/ar\/26-juin-2007\/","title":{"rendered":"26 juin 2007"},"content":{"rendered":"<p><html><head><meta content=\"text\/html\" description=\"    A l\u2019occasion de la journ\u00e9e internationale contre la torture c\u00e9l\u00e9br\u00e9e le 26     juin de chaque ann\u00e9e, V\u00e9rit\u00e9-Action exprime sa vive pr\u00e9occupation par les     pratiques du pouvoir tunisien et sa l\u00e9gitimation continue du recours \u00e0 la     torture et aux traitements cruels, inhumains ou d\u00e9gradants sous couvert de     la lutte contre le terrorisme.\u00a0\u00a0 \" http-equiv=\"Content-Type\"\/><\/head><body><body><\/p>\n<p align=\"center\"><b><a href=\"https:\/\/tunisnews.net\/ar\/\"><span><font>Home<\/font><\/span><font><span lang=\"FR-CH\"> &#8211; Accueil <\/span><span>&#8211; <\/span><\/font><span dir=\"rtl\" lang=\"AR-SA\"><font>\u0627\u0644\u0631\u0626\u064a\u0633\u064a\u0629<\/font><\/span><\/a><\/b><\/p>\n<p> <font face=\"Arial\" size=\"2\"><\/p>\n<div> <\/div>\n<p><span lang=\"FR\"><\/p>\n<div align=\"center\" dir=\"ltr\"> <font size=\"2\"> <span lang=\"SV\"> <strong>TUNISNEWS<\/strong><\/span> <\/font><\/div>\n<div align=\"center\" dir=\"ltr\"> <strong><font size=\"2\">8\u00a0\u00e8me\u00a0ann\u00e9e, <span lang=\"FR\">N\u00b0\u00a02590\u00a0du   26.06.2007<\/span><\/font><\/strong><\/div>\n<p><strong><\/p>\n<div align=\"center\" dir=\"ltr\"> <b><span><blink> <font size=\"2\">\u00a0archives : <\/font><a href=\"\" target=\"_blank\" rel=\"noopener\"> <font size=\"2\" target=\"_blank\">www.tunisnews.net<\/font><\/a><\/blink><\/span><\/b><font size=\"2\"> <\/font><font> <span lang=\"FR\"><strong><\/strong><\/span><\/font><\/div>\n<p><\/strong><\/span><\/font><font face=\"Times New Roman\"><span lang=\"FR\"><font><\/font><\/span><\/font><\/p>\n<div align=\"left\" dir=\"ltr\">\n<hr\/>\n<p><font><font><font> <span lang=\"FR\"><font> <span lang=\"FR-CH\"><font> <span lang=\"FR\"> <font face=\"Arial\"><strong> <span lang=\"FR-CH\"><\/span><\/strong><\/font><\/span><\/font><\/span><\/font><\/span><\/font><\/font><\/font><\/div>\n<div> <font size=\"2\">V\u00e9rit\u00e9-Action :\u00a0\u00a0 \u00ab La torture ne fait pas barrage au   terrorisme. Elle est une forme de terrorisme \u00bb. <\/font> <\/p>\n<div> <font size=\"2\">Bakchich: Ben Ali sauv\u00e9 par une bavarde<\/font><\/div>\n<div> <font size=\"2\">Bakchich :Tunisie:Le Carthage b\u00eate     Reveil Tunisien: Ma demande au colonel major qui deposera le general&#8230;     Le Temps :Incendie de for\u00eat \u00e0 Jebel Ammar:Le feu d\u00e9vore 7 \u00e0 10 hectares      Reuters: Hosni Moubarak parie que le Fatah et le Hamas se r\u00e9concilieront      AFP: Le \u00ab\u00a0journalisme citoyen\u00a0\u00bb se fraie un chemin en Chine malgr\u00e9 la censure<\/font> <\/div>\n<p> <strong><\/strong><\/div>\n<div>\n<hr\/>\n<\/div>\n<div>  \u00a0<\/div>\n<div> <span lang=\"FR\"><font> <\/p>\n<div align=\"center\" dir=\"ltr\"> <strong><\/p>\n<h2 style=\"color: red;\"><font>Le num\u00e9ro 25 de Mouwatinoun est en ligne<\/font><\/h2>\n<p><\/strong> <\/div>\n<div align=\"center\" dir=\"ltr\"> <strong>sur <\/strong> <a href=\"http:\/\/www.fdtl.org\" rel=\"nofollow noopener\" target=\"_blank\"> <font><strong>www.fdtl.org<\/strong><\/font><\/a><\/div>\n<p align=\"center\" dir=\"ltr\"><strong>Vous pouvez visualiser la totalit\u00e9 de son   contenu en cliquant sur ce lien :   \u00a0<\/strong><a href=\"http:\/\/www.fdtl.org\/IMG\/pdf\/mouwatinoun_25.pdf\" rel=\"nofollow noopener\" target=\"_blank\"><font><strong>http:\/\/www.fdtl.org\/IMG\/pdf\/mouwatinoun_25.pdf<\/strong><\/font><\/a><\/p>\n<div align=\"center\">\n<hr\/><\/div>\n<div align=\"center\"> <font size=\"3\"><font>V\u00e9rit\u00e9-Action      Journ\u00e9e internationale contre la torture     Impunit\u00e9 institutionnelle et alibi du terrorisme en Tunisie\u00a0     <\/font>\u00a0\u00a0\u00a0\u00a0\u00a0\u00a0\u00a0\u00a0\u00a0\u00a0<\/p>\n<h2 style=\"color: red;\"><font>\u00ab La torture ne fait pas barrage au     terrorisme. Elle est une forme de terrorisme \u00bb.<\/font><\/h2>\n<p>\u00a0\u00a0\u00a0\u00a0\u00a0\u00a0\u00a0\u00a0\u00a0\u00a0\u00a0\u00a0\u00a0\u00a0\u00a0\u00a0\u00a0\u00a0\u00a0\u00a0\u00a0\u00a0\u00a0\u00a0\u00a0\u00a0\u00a0\u00a0\u00a0\u00a0\u00a0\u00a0\u00a0\u00a0\u00a0\u00a0\u00a0\u00a0\u00a0\u00a0\u00a0\u00a0\u00a0\u00a0\u00a0\u00a0<font>     Amnesty International, \u00ab Terrorisme et contre-terrorisme : D\u00e9fendons nos     droits humains \u00bb (ACT 40\/009\/2006 du 26 ao\u00fbt 2006 \u2013 \u00c9FAI)<\/font><\/font><\/div>\n<div>    \u00a0<\/div>\n<div> <font>Fribourg, le 26 juin 2007<\/font>          A l\u2019occasion de la journ\u00e9e internationale contre la torture c\u00e9l\u00e9br\u00e9e le 26     juin de chaque ann\u00e9e, V\u00e9rit\u00e9-Action exprime sa vive pr\u00e9occupation par les     pratiques du pouvoir tunisien et sa l\u00e9gitimation continue du recours \u00e0 la     torture et aux traitements cruels, inhumains ou d\u00e9gradants sous couvert de     la lutte contre le terrorisme.\u00a0\u00a0                <font>Une pratique courante et syst\u00e9matique :     <\/font>     De sources concordantes, la torture reste une pratique syst\u00e9matique dans les     diff\u00e9rents corps de la s\u00e9curit\u00e9 int\u00e9rieure notamment. Elle touche les     citoyens de mani\u00e8re large de la simple arrestation pour contr\u00f4le d\u2019identit\u00e9     aux interrogatoires muscl\u00e9s des opposants.           Apr\u00e8s la vague de r\u00e9pression sanglante, au d\u00e9but des ann\u00e9es 90, contre les\u00a0     membres et les sympathisants du mouvement \u00ab ENNAHDHA \u00bb\u00a0 non reconnu, causant     des dizaines de cas de d\u00e9c\u00e8s pendant la garde \u00e0 vue ou en prison et quelques     disparitions toujours non \u00e9lucid\u00e9es, la torture est rest\u00e9e monnaie courante     dans le comportement quotidien des diff\u00e9rents corps de s\u00e9curit\u00e9.           Les pratiques tr\u00e8s diversifi\u00e9es (arrestations ill\u00e9gales, d\u00e9tentions     prolong\u00e9es, torture physique syst\u00e9matique, pressions sans limites sur les     familles et les proches atteignant l\u2019atteinte \u00e0 l\u2019honneur et \u00e0 l\u2019int\u00e9grit\u00e9     sexuelle, l\u2019isolement, etc.) convergent toutes vers le m\u00eame but, \u00e0 savoir de     dissuader les citoyens de tout engagement politique ou associatif qui sert \u00e0     d\u00e9jouer la d\u00e9magogie du \u00ab paradis \u00bb tunisien en mati\u00e8re des libert\u00e9s et des     droits de l\u2019homme.           La torture comme pratiqu\u00e9e en Tunisie est une \u0153uvre de destruction lente qui     touche l\u2019opposant politique, son entourage, sa famille.          La preuve de choix pour confirmer cette \u0153uvre de destruction r\u00e9side dans le     fait que les anciens prisonniers politiques continuent \u00e0 subir les     cons\u00e9quences de la torture subie dans les prisons et dans les locaux du     minist\u00e8re de l\u2019int\u00e9rieur.\u00a0 Des s\u00e9quelles corporelles non soign\u00e9es ont     provoqu\u00e9 des cancers chez beaucoup d\u2019entre eux ou des handicaps     irr\u00e9versibles. Chaque ann\u00e9e quelques uns succombent ravag\u00e9s par ces     maladies.          Le 27 avril 2007, l\u2019Association internationale de soutien aux prisonniers     politiques a fait \u00e9tat du cas du prisonnier politique Fraj Jami qui a entam\u00e9     une gr\u00e8ve de la faim pour exiger des soins et sa lib\u00e9ration imm\u00e9diate. Ce     dernier souffre de plusieurs maladies.           \u00a0\u00a0      Cette situation ne cesse de s\u2019amplifier qu\u2019il est devenu l\u00e9gitime de     s\u2019interroger si chaque nouvelle lib\u00e9ration d\u2019un prisonnier politique n\u2019est     pas le pr\u00e9lude annonc\u00e9 d\u2019une mort qui va suivre.      Le pr\u00e9texte de la lutte contre le terrorisme :           Le pr\u00e9texte de la lutte contre le terrorisme, marqu\u00e9 notamment par     l\u2019adoption en d\u00e9cembre 2003 d\u2019une loi extr\u00eamement r\u00e9pressive dite de lutte     contre le terrorisme, a relanc\u00e9 les pratiques les plus abominables et a     renforc\u00e9 l\u2019impunit\u00e9 des agents de l\u2019Etat d\u00e9sormais charg\u00e9s de prot\u00e9ger la     souverainet\u00e9 du pays contre un danger qu\u2019on a tout int\u00e9r\u00eat \u00e0 lui donner une     ampleur extr\u00eame pour p\u00e9renniser \u00ab l\u2019\u00e9tat de si\u00e8ge \u00bb informel qui r\u00e8gne dans     le pays (V\u00e9rit\u00e9-Action, Prise de position sur l\u2019\u00e9tat des droits de l\u2019homme     et des libert\u00e9s en Tunisie, D\u00e9cembre 2006).           En 2006 et au d\u00e9but de l\u2019ann\u00e9e 2007, p\u00e9riode marqu\u00e9e par les s\u00e9ries     d\u2019arrestations men\u00e9es contre des jeunes tunisiens \u00e0 travers tout le pays     intervenant suite \u00e0 des affrontements arm\u00e9s dans la r\u00e9gion du Cap-Bon, une     affaire rest\u00e9e jusqu\u2019\u00e0 ce jour ambigu\u00eb. L\u2019acharnement des forces de l\u2019ordre     fut sans merci et divers communiqu\u00e9s \u00e9manant d\u2019ONGs tunisiennes font \u00e9tat de     la pratique courante et sans limites de la torture et des traitements cruels     vis-\u00e0-vis des jeunes arr\u00eat\u00e9s. Des cas de d\u00e9c\u00e8s sous la torture ont \u00e9t\u00e9 m\u00eame     soulev\u00e9s par le Conseil National des libert\u00e9s CNLT : cas de Hasanine Aliffa.              Cette campagne qui a \u00e9t\u00e9 jug\u00e9e violente par plusieurs t\u00e9moins a men\u00e9 un     grand nombre de jeunes devant les tribunaux subissant des proc\u00e8s     in\u00e9quitables. Ainsi, le 24 f\u00e9vrier selon le CNLT, les jeunes Ghaith     Ghazouani, Meher Bazyouch, Mohamed Amine Aoun, Majdi Dhakouani, selim elhaj     saleh, yessine jabri, Mahfoudh ayari, Ibrahim Herzi, Ali Herzi, Sahl Baldi,     Saber Housni ont \u00e9t\u00e9 condamn\u00e9s en vertu de la loi anti-terroriste \u00e0 des     peines allant de 4 \u00e0 10 ans. Les avocats ont insist\u00e9 sur le fait que leurs     clients ont subi des actes de tortures inhumaines et r\u00e9clamaient des examens     m\u00e9dicaux. Mais en vain cette demande a \u00e9t\u00e9 rejet\u00e9e par le juge.           Le cas, \u00e9galement de Walid Ayouni, tortur\u00e9 jusqu\u2019\u00e0 perte de capacit\u00e9s     intellectuelles est un exemple de l\u2019atrocit\u00e9 de la machine tortionnaire.     Walid n\u2019arrive m\u00eame pas \u00e0 reconna\u00eetre sa m\u00e8re, choqu\u00e9e de le voir dans un     \u00e9tat lamentable a d\u00fb entamer une gr\u00e8ve de la faim le 3 mai 2007. Walid s\u2019est     plaint \u00e0 sa m\u00e8re des s\u00e9ances r\u00e9p\u00e9t\u00e9es de torture.\u00a0 Son fr\u00e8re Khaled Ayouni     qui a refus\u00e9 de compara\u00eetre devant le tribunal a \u00e9t\u00e9 agress\u00e9 par des agents     de police au vu et au su de ses avocats.           Cette pratique syst\u00e9matique de la torture, clairement d\u00e9finie comme un moyen     d\u2019action privil\u00e9gi\u00e9e de l\u2019Etat, est renforc\u00e9e par l\u2019ampleur que prend     l\u2019impunit\u00e9 dans la strat\u00e9gie de l\u2019Etat.           De l\u2019impunit\u00e9 :           L\u2019impunit\u00e9, qui peut \u00eatre d\u00e9finie comme une exemption de poursuite, de     punition ou de p\u00e9nalit\u00e9 pour les fonctionnaires de l\u2019Etat, a atteint, d\u00e8s     1987, des sommets in\u00e9dits.\u00a0           Ce constat n\u2019a rien d\u2019\u00e9tonnant si on\u00a0 se rappelle que l\u2019impunit\u00e9 est     consacr\u00e9e dans la Charte fondamentale de l\u2019Etat. C\u2019est ainsi que l\u2019article     41 paragraphe 2 nouveau de la constitution tunisienne nous dit que ; \u00ab Le     pr\u00e9sident de la r\u00e9publique jouit d\u2019une immunit\u00e9 de juridiction durant     l\u2019exercice de ses fonctions. Il en b\u00e9n\u00e9ficie de cette immunit\u00e9 \u00e0 la fin de     son mandat pour les faits accomplis \u00e0 l\u2019occasion de l\u2019exercice de ses     fonctions \u00bb.          Malgr\u00e9 la propagande occasionnelle du r\u00e9gime pr\u00e9tendant prendre des mesures     contre les tortionnaires, ceux-ci jouissent d\u2019une totale impunit\u00e9.           Malgr\u00e9 la citation de leurs noms dans beaucoup de rapports des ONG     nationales et internationales et les plaintes des victimes, les     tortionnaires et leurs chefs hi\u00e9rarchiques n\u2019ont connu aucun souci et     continuent m\u00eame \u00e0 recevoir des gratifications de la part du pr\u00e9sident de     l\u2019Etat. Des tortionnaires tristement c\u00e9l\u00e8bres ont m\u00eame \u00e9t\u00e9 d\u00e9cor\u00e9s par les     plus hautes autorit\u00e9s de l&rsquo;Etat.           D\u2019autres ont b\u00e9n\u00e9fici\u00e9 de la complicit\u00e9 du r\u00e9gime pour \u00e9chapper \u00e0 des     mandats d\u2019arr\u00eats d\u00e9livr\u00e9s contre eux par des victimes de la torture :           \u00b7Le ministre de l\u2019int\u00e9rieur entre 1991 et 1995 ( la p\u00e9riode de r\u00e9pression la     plus sanglante) a \u00e9t\u00e9 charg\u00e9 d\u2019une fonction officielle d\u00e8s sa fuite de la     Suisse apr\u00e8s la plainte d\u00e9pos\u00e9e au parquet de Gen\u00e8ve contre lui par M.     Abdenacer Na\u00eft liman, un ancien prisonnier politique, en f\u00e9vrier 2000. Pour     des consid\u00e9rations qui rel\u00e8vent plus de la politique que du droit, Le     Tribunal f\u00e9d\u00e9ral suisse a confirm\u00e9 la d\u00e9cision des juridictions inf\u00e9rieures     de ne pas donner suite \u00e0 cette plainte.           \u00b7Le gouvernement tunisien a aussi fait tout son effort pour prot\u00e9ger un     diplomate tunisien accus\u00e9 de tortures, le vice-consul de Tunisie \u00e0     Strasbourg, Khaled Ben Sa\u00efd\u00a0 qui a \u00e9t\u00e9 vis\u00e9 par une plainte.\u00a0 Il fait     actuellement l\u2019objet d\u2019un\u00a0 mandat d&rsquo;arr\u00eat international formul\u00e9 par la     R\u00e9publique fran\u00e7aise.           La torture et l\u2019impunit\u00e9 se r\u00e9pandent \u00e9galement en raison de l\u2019absence de     voies judiciaires effectives pour protester contre ce ph\u00e9nom\u00e8ne. Toutes les     plaintes finissent par \u00eatre class\u00e9es, ignor\u00e9es ou simplement rejet\u00e9es.           Les seuls cas o\u00f9 l\u2019Etat tunisien pr\u00e9tend avoir agi portent sur des simples     accusations d\u2019abus de pouvoir et de violences et voies de faits et ne     concernent aussi que des affaires de droit commun. Jusqu\u2019\u00e0 pr\u00e9sent, aucune     information n\u2019a \u00e9t\u00e9 rendue publique concernant les dizaines de cas de     torture provoquant la mort ou ceux plus nombreux concernant des pr\u00e9judices     physiques et moraux caus\u00e9s aux victimes.           <font>Violation du droit international et conventionnel<\/font>     Dans la partie r\u00e9serv\u00e9e \u00e0 la Tunisie dans son rapport intitul\u00e9 \u00ab Attacks on     justice \u00bb (2002, pp.511-518), la Commission internationale des juristes     rel\u00e8ve que \u00ab la torture continue, chose qui est due en partie au climat     d\u2019impunit\u00e9 encourag\u00e9 par un syst\u00e8me judiciaire qui ignore les preuves de la     torture et rejette les all\u00e9gations de la d\u00e9fense portant sur les aveux     extorqu\u00e9s de force. Les all\u00e9gations officielles sur les garanties     institutionnelles de lutte contre la torture sont d\u00e9mont\u00e9es par le refus des     juges de donner suite aux plaintes de torture ou pour commander l&rsquo;examen     m\u00e9dical appropri\u00e9 \u00bb.      Ces pratiques d\u00e9j\u00e0 pr\u00e9sentes depuis longtemps, ont \u00e9t\u00e9 renforc\u00e9es avec     l\u2019adoption de la loi contre le terrorisme qui de l\u2019avis d\u2019Amnesty     International a \u00ab utilis\u00e9 des pr\u00e9occupations de \u00ab s\u00e9curit\u00e9 \u00bb comme pr\u00e9texte     pour r\u00e9primer la dissidence politique et les critiques contre le     gouvernement \u00e9manant de tout l\u2019\u00e9ventail politique \u00bb (Amnesty International,     \u00ab Tunisie : le projet de loi \u00ab antiterroriste \u00bb porte un nouveau coup aux     droits humains \u00bb, MDE 30\/021\/2003 EFAI).           Dans sa note pr\u00e9cit\u00e9e, l\u2019Amnesty International a relev\u00e9 que le     dysfonctionnement de la justice tunisienne a \u00e9t\u00e9 aggrav\u00e9 par cette loi,     notamment par l\u2019adoption d\u2019une \u00ab d\u00e9finition vague du terrorisme \u00bb, par la     formulation de la loi d\u2019une mani\u00e8re qui rend possible son utilisation pour     restreindre la libert\u00e9 d\u2019expression et d\u2019opinion (art. 6) et, enfin, par la     cons\u00e9cration de plusieurs violations du droit international (absence de     garanties pour les extraditions, la d\u00e9tention pr\u00e9ventive sans possibilit\u00e9 de     r\u00e9examen par une autorit\u00e9 judiciaire, l\u2019impossibilit\u00e9 de remise en libert\u00e9     en cas d\u2019appel contre jugement de premi\u00e8re instance, etc.).      Les observateurs nationaux ont confirm\u00e9 ces pr\u00e9occupations. Ainsi, selon     l\u2019Association Internationale de Soutien aux Prisonniers politiques (ci-apr\u00e8s     AISPP), de mani\u00e8re syst\u00e9matique, les Tribunaux n\u2019acc\u00e8dent pas aux demandes     de la d\u00e9fense que soit enregistr\u00e9e l\u2019int\u00e9gralit\u00e9 des d\u00e9clarations de leurs     clients, notamment celles relatives aux tortures subies      Les juges choisis pour diriger ces audiences sont largement connus par leur     connivence avec le r\u00e9gime et leur disposition \u00e0 appliquer \u00e0 la lettre les     d\u00e9cisions d\u00e9j\u00e0 prises par les diff\u00e9rentes instances s\u00e9curitaires du pouvoir     quant aux peines \u00e0 infliger (Comm. AISPP du 23 f\u00e9vrier 2007).      On comprend ainsi pourquoi les rapporteurs sp\u00e9ciaux sur la torture et sur la     d\u00e9tention arbitraire entre autres, se battent, depuis plusieurs ann\u00e9es, pour     avoir l\u2019autorisation de mener des visites en Tunisie pour s\u2019assurer de la     r\u00e9alit\u00e9 des faits sur le terrain. En vain.           C\u2019est d\u2019ailleurs dans ce m\u00eame contexte, que la Tunisie, qui se vante d\u2019\u00eatre     parmi les premiers signataires de la Convention contre la torture, a refus\u00e9     de signer le protocole additionnel permettant l\u2019instauration de m\u00e9canismes     de contr\u00f4le.          Tous ces exemples prouvent qu\u2019il s\u2019agit d\u2019une politique voulue et ordonn\u00e9e \u00e0     plus haut niveau, en se servant tout particuli\u00e8rement de l\u2019alibi de     combattre le terrorisme.           Il est intol\u00e9rable que malgr\u00e9 que les victimes fournissent des preuves     accablantes, le r\u00e9gime continue \u00e0 faire la sourde oreille.\u00a0           <font>Recommandations :<\/font>           Face \u00e0 cette d\u00e9rive, et \u00e0 l\u2019occasion de la journ\u00e9e internationale contre la     torutre, V\u00e9rit\u00e9-Action, appelle les autorit\u00e9s tunisiennes:          \u00e0 honorer leurs engagements internationaux en mati\u00e8re de lutte contre la     torture et \u00e0 respecter les conventions qu\u2019elles ont sign\u00e9 ;          \u00e0 signer le protocole additionnel de la Convention contre la torture et \u00e0     autoriser les ONG ind\u00e9pendantes \u00e0 visiter les lieux de d\u00e9tention et les     prisons et \u00e0 communiquer librement avec les victimes de la torture;          \u00e0 traduire tous les tortionnaires devant la justice ;          \u00e0 donner \u00e0 toute plainte pour torture la suite judiciaire convenable par la     condamnation des responsables et la r\u00e9paration du tort physique et moral     subi au sens de l\u2019article 14 de la Convention contre la torture, tout en     prot\u00e9geant les victimes et leurs familles de toute mesure de repr\u00e9sailles ;          \u00e0 promulguer une loi d\u2019amnistie g\u00e9n\u00e9rale en faveur des victimes de la     r\u00e9pression tant \u00e0 l\u2019int\u00e9rieur qu\u2019\u00e0 l\u2019ext\u00e9rieur du pays.\u00a0\u00a0      <font><strong>Pour V\u00e9rit\u00e9-Action      Safwa A\u00efssa, pr\u00e9sidente<\/strong><\/font><\/div>\n<p> <\/font><\/span><\/div>\n<p><span lang=\"FR\"><font><\/p>\n<div>\n<hr\/>\n<\/div>\n<div>  \u00a0<\/div>\n<div>\n<div align=\"center\"> <b> <span lang=\"FR-CH\">    Derni\u00e8re minute<\/span><span lang=\"FR-CH\"><o:p><\/o:p><\/span><\/b><\/div>\n<div align=\"center\"> <b> <span lang=\"FR-CH\">    Ben Ali sauv\u00e9 par une bavarde<\/span><\/b><\/div>\n<div align=\"justify\"> <b> <span lang=\"FR-CH\"> <font size=\"2\"> <o:p><\/o:p> <\/font><\/span><\/b>\u00a0<\/div>\n<div align=\"justify\"> <span lang=\"FR-CH\">    Il y a deux mois, un projet d\u2019attentat contre Bac moins trois, le pr\u00e9sident     tunisien Ben Ali, avait \u00e9t\u00e9 organis\u00e9 par des militaires pr\u00e9matur\u00e9ment mis \u00e0     la retraite apr\u00e8s avoir \u00e9t\u00e9 soup\u00e7onn\u00e9s de pencher du cot\u00e9 des islamistes.     Une bombe aurait du exploser sur le passage du convoi pr\u00e9sidentiel qui, ce     jour l\u00e0, devait conduire Ben Ali de Tunis \u00e0 Hammamet. Sauf que, la veille de     l\u2019attentat, un des conspirateurs eut la f\u00e2cheuse id\u00e9e de se confier \u00e0 sa     femme, laquelle l\u2019a simplement d\u00e9nonc\u00e9 \u00e0 la police. Trente cinq personnes     ont \u00e9t\u00e9 arr\u00eat\u00e9es et jug\u00e9es. Le verdict n\u2019a pas \u00e9t\u00e9 rendu.    <o:p><\/o:p> <\/span> <\/div>\n<div align=\"justify\"> <b> <span lang=\"FR-CH\">    (Source\u00a0: le site Bakchich.info (Site satirique d\u2019informatique &#8211; France), le     mardi 26 juin 2007)<o:p><\/o:p><\/span><\/b><\/div>\n<div align=\"justify\"> <b> <span lang=\"FR-CH\">    Lien\u00a0: <\/span> <span lang=\"FR-CH\"> <a href=\"\">http:\/\/www.bakchich.info\/article1355.html<\/a><o:p><\/o:p><\/span><\/b><\/div>\n<div align=\"justify\"> <span lang=\"FR-CH\"> <o:p>\u00a0<\/o:p><\/span><\/div>\n<div align=\"justify\">\n<hr\/><\/div>\n<div align=\"justify\">\n<div align=\"center\">\n<h2 style=\"color: red;\"><font size=\"3\"><strong>Tunisie       Le Carthage b\u00eate<\/strong><\/font><\/h2>\n<\/div>\n<div>      \u00a0<\/div>\n<div> <font>par Maya Lenoir<\/font>              Au pays des cornes de gazelles et du clan Trabelsi, Le\u00efla Ben Ali abuse       sans rougir de son grade de premi\u00e8re dame de Tunisie.               Depuis peu, elle et sa grande amie Souha, la veuve \u00e9plor\u00e9e de Yasser       Arafat, occupent leur temps libre \u00e0 la cr\u00e9ation d\u2019une nouvelle \u00e9cole       priv\u00e9e. \u00ab The \u00bb \u00c9cole internationale de Carthage. Bakchich le r\u00e9v\u00e9lait en       mai dernier.               Un article un tantinet moqueur qui se gaussait du niveau d\u2019\u00e9tude de Le\u00efla       la coiffeuse pour s\u2019aventurer \u00e0 un tel chantier. Et pourtant, son affaire       s\u2019annonce fructueuse. \u00c0 croire que tout ce que touche un Trabelsi se       change en or\u2026 enfin chacun son alchimie.              Car madame Ben Ali, non contente de faire payer l\u2019ann\u00e9e scolaire 1000 DT       (600 euros environ), s\u2019offre le luxe d\u2019\u00e9liminer toute concurrence mal       venue. Calomnies ? Rumeurs diront les int\u00e9ress\u00e9s\u2026               Que nenni. Le Lyc\u00e9e Louis Pasteur, la cr\u00e8me des lyc\u00e9es francophones       tunisiens, en a fait les frais. Et a re\u00e7u du Minist\u00e8re de l\u2019\u00c9ducation un       ordre de fermeture pour un motif qui reste encore \u00e0 d\u00e9terminer. La       directrice de cet honorable \u00e9tablissement, ledit Lyc\u00e9e Pasteur, elle, voit       bien clair dans les cartes. \u00ab               La raison inavou\u00e9e de cette fermeture est la suppression de toute       concurrence suite \u00e0 l\u2019ouverture prochaine d\u2019une autre structure priv\u00e9e de       m\u00eame nature \u2018l\u2019\u00c9cole internationale de Carthage\u2019 \u00bb s\u2019indigne-t-elle dans       une lettre \u00e0 l\u2019attention de Nicolas Sarkozy o\u00f9 elle ne manque pas de       solliciter sa protection au nom de la coop\u00e9ration franco-tunisienne.              <font><strong>(Source : Bakchich.info (France), N\u00b0 39 du       20 juin 2007)       <\/strong><\/font><font>Lien :      <a href=\"http:\/\/www.bakchich.info\/article1300.html\" target=\"_blank\" rel=\"noopener\">      http:\/\/www.bakchich.info\/article1300.html<\/a><\/font><\/div>\n<div align=\"center\"> <font size=\"3\"><\/p>\n<h2 style=\"color: red;\"><font><strong>Les       commentaires des internautes \u00e0 cet article :<\/p>\n<h2 style=\"color: red;\"><font size=\"3\">Tunisie:Le       Carthage b\u00eate<\/font><\/h2>\n<p><\/strong><\/font><\/h2>\n<p><\/font><\/div>\n<div>      \u00a0<\/div>\n<div> <font>26 juin 2007, par Anti-mafia<\/font>       Pauvre tunisie. Je crois qu\u2019avec cette famille nous avons touch\u00e9 le fond       tout secteurs confondus. Vivement le changement.              <font>20 juin 2007, par Le parisien<\/font>       Quelle honte ?? Cette femme se croit tout permis.              Un jour, lorsqu\u2019elle sera pendue avec sa famille comme le fabuleux destin       de Saddam Hussein, on verra ce qu\u2019elle pourra faire de tout cet argent.              La fin de ces d\u00e9linquants est proche&#8230; peut \u00eatre m\u00eame plut\u00f4t qu\u2019ils ne le       pensent.              <font>20 juin 2007<\/font>       Juste pour vous signaler de r\u00e9viser votre information sur le cout de       l\u2019ann\u00e9e scolaire. \u00e0 1000T \u00e7a devient une \u00e9cole populaire.              <font>20 juin 2007<\/font>       Ce n\u2019est pas le prix de l\u2019ann\u00e9e scolaire qu\u2019il est important de retenir       mais les m\u00e9thodes mafieuses employ\u00e9es par cette analphab\u00e8te avec la       complicit\u00e9 de son clan pour gagner encore plus d\u2019argents. A croire que la       pauvre dame n\u2019a pas de quoi manger.       Si elle souhaite am\u00e9liorer l\u2019opinion du peuple vis \u00e0 vis de sa famille,       elle doit s\u2019investir dans d\u2019avantages d\u2019associations et d\u2019\u0153uvres       caritatives car le pays en a grand besoin aujourd\u2019hui. Mais chercher \u00e0       s\u2019enrichir au d\u00e9pend du peuple, c\u2019est bien l\u00e0 une m\u00e9thode mafieuse       employ\u00e9e par mis\u00e9rable personne.              J\u2019esp\u00e8re que cette \u00e9cole sera boycott\u00e9e par les Tunisiens et qu\u2019elle sera       la seule \u00e0 se balader dans les couloirs vides.              Cette pauvre femme me fait de la peine, de toute fa\u00e7on elle n\u2019emportera       rien dans son tombeau et encore moins en enfer.              <font>23 juin 2007, par espoir<\/font>       je suis tomb\u00e9 par un pur hasard sur votre site, merci pour cette info,       cela pourrait une bonne initiative sauf lorsqu\u2019on connait la femme et ses       agissements, tout cela m\u2019attriste tellement !! les commentaires sur votre       articles sont r\u00e9v\u00e9lateurs mais ce n\u2019est rien \u00e0 c\u00f4t\u00e9 de la r\u00e9alit\u00e9, si vous       saviez tout ce que fait cette femme, qui se permet d\u2019exproprier entre       autre, de braves personnes poss\u00e9dant des maisons datant de plusieurs       si\u00e8cles, de vrais petits palais dont les murs transpirent l\u2019histoire de ce       village des hauteurs de Tunis connu de tous y compris des \u00e9trangers du       monde entier, et non contente de les exproprier elle fait d\u00e9truire les       dites maisons pour faire quoi ? encore une maison d\u2019arrivistes pour elle       et les siens alors qu\u2019elle a le plus beau terrain plus haut avec une       immense baraque, c\u2019est juste un exemple, et la liste est si longue&#8230; et       les vraies actions humanitaires \u00e0 mettre en place aussi ! c\u2019est une honte,       j\u2019ai mal pour ces gens qui n\u2019osent m\u00eame pas s\u2019exprimer et pour ce village       sur lequel elle a jet\u00e9 son d\u00e9volu !!que Dieu prot\u00e8ge la Tunisie !!              <font>20 juin 2007<\/font>       rq sur l\u2019article de mai et sur celui-ci&#8230; vous parlez de 1000 dt par an,       je crois que c\u2019est une erreur&#8230;. cette \u00e9cole va etre le premier       concurrent de l\u2019American school de Tunis qui lui demande 10000 dt pour       l\u2019ann\u00e9e. Donc la somme je crois est trop maigre (une \u00e9cole priv\u00e9e normale       demande plus par an)&#8230; v\u00e9rifiez c\u2019est peut \u00eatre 1000 dt\/mois et la ca       devient plausible. Pour votre info les profs qui vont travailler dans       cette ecole vont toucher en moyenne 2000 dt\/ mois (source sure)&#8230; a              <font>22 juin 2007, par K..!!!!       <\/font>Aow !!!! Wa hadoum tam3in ta fi les ecoles ??????damn !!!! Qu\u2019est       ce qu\u2019ils ont laisse a ces pauvres tunisiens !!!!!! du genres tu ouvres       une mahlaba (cremerie)ils viennent et y tam3ou fik !!!!!! Ils ne leurs ont       meme pas laisse les miettes !!!!ahahaha !!!! H\u2019na chez nous au maroc au       moins avec la famille royale c \u2019est \u00a0\u00bb koul wa wakel\u00a0\u00bb&#8230;&#8230;.on est beaucoup       mieux lotis a ce niveau !!!!              <font>22 juin 2007, par tangerino       <\/font>       Tu n\u2019as pas pu r\u00e9sister \u00e0 l\u2019appel de la nature pour comparer le Maroc \u00e0 un       pays qui nous d\u00e9passe et de loin en mati\u00e8re d\u2019\u00e9ducation ?              Je comprends que certains marocain(e)s aimeraient bien parler aux       tunisien(ne)s, mais soignez la forme !              <font>25 juin 2007<\/font>       il n\u2019y a pas qu\u2019en mati\u00e8re d\u2019\u00e9ducation qu\u2019on vous d\u00e9passent !&#8230;&#8230;                     <font>25 juin 2007, par tangerino       <\/font>       C\u2019est vrai. un meilleur syst\u00e8me de sant\u00e9 (75% ont une assurance maladie       contre 20% au Maroc).              Une meilleure \u00e9quipe de foot&#8230;              Mais vous n\u2019\u00eates pas LE mod\u00e8le \u00e0 suivre. L\u2019ambition marocaine d\u00e9passe et       de loin les aspirations tunisiennes.              Le retard marocain va en se rattrapant.                     <font>25 juin 2007<\/font>       et toi, le marocainnis\u00e9, tu retournes au moulin pour faire de la poudre de       &#8230;. avant l\u2019export&#8230;&#8230;&#8230;                     <font>25 juin 2007, par K\u2026 !!!!<\/font>       Vous nous parlez de la Tunisie comme si c\u2019\u00e9tait Duba\u00ef !!! Come on please       !!!!! C\u2019est a mon avis un des pays le plus arri\u00e8re d\u2019Afrique notamment en       mati\u00e8re de libert\u00e9 on se croirait presque en Cor\u00e9e du nord !!! d\u2019ailleurs       lorsque ils viennent au Maroc ils se complexe !!!!!pour l\u2019anecdote pyong       yong et tunis sont des villes jumelles parait-il ????? Et puis ils ont       tous se complexe des dipl\u00f4mes le comble c\u2019est que leur pr\u00e9sident est       autodidacte ah !ah !ah ! Autre mythe,large classe moyenne ???? bull shit       !!!!!! En fait c\u2019est une classe tres, tres, tres, moyenne, leurs       bidonvilles sont pires que les n\u00f4tres ,et pour ce qui est de leurs       quartier r\u00e9sidentiel mort de rire m\u00eame leur palais pr\u00e9sidentiel c\u2019est       l\u2019\u00e9quivalent d\u2019une grande villa au souissi !!!!!! S              <font>26 juin 2007<\/font>              Du calme mon ami. Il ne s\u2019agit pas ici de comparer la Tunisie au Maroc. De       toute fa\u00e7on, les deux pays sont encore en voie de d\u00e9veloppement et sont       tr\u00e8s loin des pays d\u00e9velopp\u00e9s. Ni la Tunisie, ni le Maroc d\u2019ailleurs ne       sont un exemple \u00e0 suivre.              Il y a un manque terrible de libert\u00e9s dans ces deux pays et les peuples       sont encore loin des 0% d\u2019analphab\u00e9tisme enregistr\u00e9 par les pays       d\u00e9velopp\u00e9s.              Au lieu de perdre ton temps \u00e0 comparer les bidonvilles et la taille des       palais de deux pays encore sous d\u00e9velopp\u00e9s, pose toi plut\u00f4t la question       suivante :              Comment se fait il que le peuple arabe, le plus mis\u00e9rable au monde, ne       manifeste jamais sa col\u00e8re face \u00e0 des gouvernements corrompus jusqu\u2019aux       oreilles ?              Le peuple argentin qui avait un taux de ch\u00f4mage inf\u00e9rieur \u00e0 tous les pays       arabes et une dette ext\u00e9rieure inf\u00e9rieure \u00e0 celle de l\u2019Arabie Saoudite       s\u2019est soulev\u00e9 contre son gouvernement pour exprimer sa col\u00e8re et sa       volont\u00e9 de changement.              Mais malheureusement, nous, le peuple arabe, on s\u2019attarde \u00e0 compter le       nombre de voitures de luxes de notre voisin, qui en l\u2019occurrence est aussi       pauvre que nous, et la taille des palais qui sont les plus grands du monde       mais qui abritent les plus idiots de la terre.              Cher ami, ne perds pas ton temps \u00e0 \u00e9num\u00e9rer des richesses mat\u00e9rielles, car       la plus grande richesse pour une nation est dans son \u00e9ducation, son degr\u00e9       de libert\u00e9 et de d\u00e9mocratie et sa volont\u00e9 de progr\u00e8s. A bon entendeur,       merci.              <font>26 juin 2007, par le mazaganai       <\/font>       K\u2026 !!!, j\u2019aimerais que tu me dises qu\u2019est que tu pense de ce qui s\u2019est       pass\u00e9 au Maroc derni\u00e8rement :              1) acquisition d\u2019un conseiller du roi M ELMAJIDI, d\u2019un vaste terrain, pr\u00e9s       de TAROUDANT et appartenant a HOUBOUS, pour un pris d\u00e9risoire de       50DH\/m\u00e8tre carre.              2) l\u2019annulation des dettes de toutes les entreprises de M JETTOU qui       risquaient la faillite.              3) des million de dirhams de cr\u00e9dit accord\u00e9 a WANA, l\u2019operateur       t\u00e9l\u00e9phonique appartenant au holding royal.              4) le sabotage des membres du AMDH, devant le parlement.              honte a toi<\/div>\n<\/p><\/div>\n<div align=\"justify\">    \u00a0<\/div>\n<div align=\"justify\" dir=\"rtl\"> <o:p> <span dir=\"ltr\" lang=\"FR-CH\"> <font size=\"2\"><\/p>\n<hr\/>\n<p><\/font><\/span> <\/o:p><\/div>\n<div align=\"center\"> <strong><\/p>\n<h2 style=\"color: red;\"><font>MA DEMANDE AU COLONEL MAJOR QUI DEPOSERA LE     GENERAL&#8230;<\/font><\/h2>\n<p><\/strong><\/div>\n<p> <strong> <\/p>\n<div align=\"left\">         par <b><a href=\"\">elcommissar<\/a><\/b>            \u00a0<\/div>\n<div align=\"justify\">\u00a0<\/div>\n<div align=\"justify\">    Mon Colonel&#8230;.<\/div>\n<div align=\"justify\">    Dans quelques mois la Tunisie retrouvera son renouveau et sa place entre les     Nations gr\u00e2ce \u00e0 vous mon Colonel Major , monsieur le Pr\u00e9sident. Sachez mon     Colonel Major, qu\u2019\u00e0 l\u2019heure o\u00f9 je vous \u00e9cris ce message, entour\u00e9 de mes     enfants, ma compagne , mon chien \u00ab\u00a0Essabab\u00a0\u00bb (le mouchard) et mon chat     \u00ab\u00a0Elmalkout\u00a0\u00bb (fils de P&#8230;) &#8230;en cette nuit bien \u00e9toil\u00e9e quelque part \u00e0     \u00ab\u00a0Barb\u00e8s\u00a0\u00bb, une tristesse me colle \u00e0 la peau. Car du fond de mon alcool\u00e9mie     j\u2019entends des voix qui m\u2019appellent et m\u2019interpellent au nom de la Nation     toute enti\u00e8re&#8230;de prendre ma place parmi les officiers qui m\u00e8neront dans la     nuit du&#8230;J&#8230;au&#8230;J..2008, l\u2019action hors paire, par laquelle vous     d\u00e9livrerez la Tunisie de sa \u00ab\u00a0mise en bi\u00e8re\u00a0\u00bb&#8230;Mais cher Commissaire, un de     plus, un de moins, me diriez-vous, ne changerait en rien la donne&#8230;lorsque     les \u00ab\u00a0bariol\u00e9s\u00a0\u00bb foisonnent\u00a0!<\/div>\n<div align=\"justify\">    Mon Colonel&#8230;<\/div>\n<div align=\"justify\">    Je vous ai vu, dans mon r\u00eave, transportant la d\u00e9pouille d\u2019un homme sur un     Char Leclerc&#8230; Je vous ai entendu appelant toutes les veuves, orphelines,     s\u0153urs et mamans endeuill\u00e9es, martyris\u00e9es et d\u00e9pourvues, par les sbires de     cet homme \u00e0 investir la rue. Vous leur disiez\u00a0: \u00ab\u00a0Je vous informe que la     majorit\u00e9 des officiers ayant pris part \u00e0 cette action vaillante et     courageuse sont comme vous, des femmes &#8230;.de tr\u00e8s belles femmes &#8230;de     braves femmes&#8230;et c\u2019est \u00e0 travers ma voix que celles-ci vous appellent \u00e0     l\u2019\u00e9criture d\u2019une nouvelle page de l\u2019histoire de votre pays&#8230;\u00a0\u00bb. C\u2019est     Extra&#8230;comme disait L\u00e9o Ferr\u00e9, lorsqu\u2019il chantait cette \u00ab\u00a0fille qui tangue     et vient mouiller&#8230;.\u00a0\u00bb&#8230;C\u2019est Extra , les tunisiennes \u00ab\u00a0allument\u00a0\u00bb     l\u2019histoire, il faut le voir pour le croire&#8230;<\/div>\n<div align=\"justify\">    Il y a quelques semaines, voici une tunisienne qui r\u00e9ussit l\u00e0 o\u00f9 tous les     mouvements de r\u00e9sistance puant le P\u00e9tro-Dollar regroup\u00e9s ont \u00e9chou\u00e9. Elle a     mis fin \u00e0 la carri\u00e8re de Paul Wolf&#8230;..\u00ab\u00a0le Rod\u00e9o\u00a0\u00bb, par un coup de     \u00ab\u00a0clitoris\u00a0\u00bb\u00a0! rien que par ce petit organe magique, que \u00ab\u00a0Malek Chebel\u00a0\u00bb     nous invite par ailleurs , dans sa \u00ab\u00a0Kamasoutra\u00a0\u00bb &#8211; \u00e0 en v\u00e9n\u00e9rer le sens et     l\u2019essence, si l\u2019on souhaiterait s\u2019assurer une meilleur re-p\u00e9n\u00e9tration de     l\u2019histoire en tant qu\u2019Arabes qui se respectent. C\u2019est Extra\u00a0! C\u2019est Extra\u00a0!<\/div>\n<div align=\"justify\">    Mon Colonel<\/div>\n<div align=\"justify\">    A l\u2019issue de votre heureuse investiture j\u2019aurai une demande \u00e0 vous     formuler\u00a0: Une \u00ab\u00a0Batinda\u00a0\u00bb (Patente) pour l\u2019exploitation d\u2019un Restaurant Bar     portant mon nom\u00a0: \u00ab\u00a0EL Commissar Bar\u00a0\u00bb. Je voudrais que ce soit un lieu de     rencontre pour la \u00ab\u00a0jet set intellectuelle\u00a0\u00bb de mon pays&#8230;tous ceux que     j\u2019ai lynch\u00e9 , ceux qui veulent ma peau, mort ou vif&#8230;Je leur offrirai un     lieu de parole, un espace de libert\u00e9 , un endroit o\u00f9 chacun pourrait se     faire sa propre th\u00e9rapie des s\u00e9quelles des ann\u00e9es de plomb&#8230;Une \u00ab\u00a0Batinda\u00a0\u00bb     Mon Colonel, rien qu\u2019une \u00ab\u00a0Batinda\u00a0\u00bb d\u2019un Restaurant Bar, o\u00f9 j\u2019offrirai \u00e0     mes concitoyens non consommateurs de \u00ab\u00a0Celtouta\u00a0\u00bb (le diminutif de la     Celtia), voulant d\u00e9battre de la chose publique avec Hamma, Kh\u00e9ma\u00efs, Hamida     ou Hafidha&#8230;.du th\u00e9 \u00e0 la menthe ou un caf\u00e9 turque, que leur servira, Moulay     Driss&#8230;un ami marocain, \u00e0 qui j\u2019ai promis un emploi et un gite&#8230;si vous     m\u2019accordiez une \u00ab\u00a0Batinda\u00a0\u00bb &#8230;<\/div>\n<div align=\"justify\">    Mon Colonel<\/div>\n<div align=\"justify\">    Je n\u2019accrocherai pas votre photo officielle au mur du Bar&#8230;par respect \u00e0 la     R\u00e9publique \u00ab\u00a0de demain\u00a0\u00bb que vous incarnerez. Et je combattrai sans rel\u00e2che     les tentatives d\u2019intrusion que les services sp\u00e9ciaux risqueraient     d\u2019effectuer dans mon \u00e9tablissement. Mon Bar Restaurant&#8230;serait un lieu o\u00f9     l\u2019on apprendrait \u00e0 devenir soi-m\u00eame, \u00e0 assumer sa s\u00e2gesse et ses folies. J\u2019y     interdirai la vente de cigarettes \u00ab\u00a020 Mars\u00a0\u00bb, et \u00ab\u00a0El Khadra\u00a0\u00bb car, il     m\u2019est insens\u00e9 et r\u00e9voltant de voir les symboles de l\u2019histoire r\u00e9duit \u00e0 une     fum\u00e9e, \u00e0 du cendre&#8230;Dans mon Restaurant Bar je d\u00e9cernerai un prix annuel au     meilleurs \u00ab\u00a0Soulard\u00a0\u00bb, je baptiserai ce prix \u00ab\u00a0Le Blason d\u2019Abou Nawas\u00a0\u00bb.     Dans mon Restaurant Bar, les \u00ab\u00a0Gawacha\u00a0\u00bb et les \u00ab\u00a0Nabbara\u00a0\u00bb ne seront servis     que contre la remise de leur cl\u00e9s de v\u00e9hicules au Bar. Les \u00ab\u00a0Hrayria\u00a0\u00bb les     \u00ab\u00a0Nahdaouis\u00a0\u00bb et les \u00ab\u00a0Tabliristes\u00a0\u00bb, ne consommant que du \u00ab\u00a0Th\u00e9 \u00e0 la     Menthe\u00a0\u00bb, se chargeront quotidiennement de d\u00e9poser les petits fils de Marx     et Polanzas chez eux&#8230;Car j\u2019ai horreur d\u2019apprendre le matin, que la     personne \u00e0 qui j\u2019ai racont\u00e9 la veille des blagues de terroir,&#8230;celui \u00e0 qui     on a donn\u00e9 du \u00ab\u00a0Kwares\u00a0\u00bb ( eau de cologne tunisienne) et des gifles, pour     l\u2019aider \u00e0 se r\u00e9veiller de sa crise de rire, ce monsieur est&#8230;&#8230;&#8230;&#8230;\u00a0!\u00a0!<\/div>\n<div align=\"justify\">     \u00a0<\/div>\n<div align=\"justify\"> <strong><font>(Source: Reveil Tunisien, le 24 juin 2007)<\/font><\/strong><\/div>\n<div align=\"justify\"> <strong><font>Lien:     http:\/\/www.reveiltunisien.org\/article.php3?id_article=2588<\/font><\/strong><\/div>\n<p> <\/strong><\/div>\n<div>\n<hr\/>\n<\/div>\n<div align=\"center\"> <font size=\"3\"><strong><\/p>\n<h2 style=\"color: red;\"><font>Incendie de for\u00eat \u00e0 Jebel Ammar<\/font><\/h2>\n<p><font>Le feu d\u00e9vore 7 \u00e0 10 hectares<\/font><\/strong><\/font><\/div>\n<div>  \u00a0<\/div>\n<div>     Un important incendie\u00a0 est survenu hier, apr\u00e8s-midi, dans la for\u00eat de Jebel   Ammar Bouchoucha, (gouvernorat de la Manouba).      La fum\u00e9e\u00a0 s\u2019\u00e9tant\u00a0 r\u00e9pandue dans toute cette r\u00e9gion, et a attir\u00e9 l\u2019attention   des habitants\u00a0 qui ont alert\u00e9\u00a0 la Protection civile ainsi que la Garde   nationale, qui se d\u00e9p\u00each\u00e8rent sur les lieux pour\u00a0 ma\u00eetriser\u00a0 les flammes qui   ont envahi\u00a0 entre 7 et 10 ha de cette for\u00eat, limitant, ainsi, les d\u00e9g\u00e2ts qui\u00a0   auraient pu \u00eatre plus importants, n\u2019eut \u00e9t\u00e9 cette intervention\u00a0 rapide et   efficace \u00e0 laquelle ont pris part, \u00e9galement, les habitants de la r\u00e9gion.      Une enqu\u00eate a \u00e9t\u00e9 ouverte afin de d\u00e9terminer les causes de cet incendie.      <font><strong>(Source : \u00ab Le Temps \u00bb (Quotidien \u2013 Tunis), le   26 juin 2007)<\/strong><\/font><\/div>\n<div>\n<hr\/>\n<\/div>\n<p><\/font><\/p>\n<div align=\"center\">\n<h2 style=\"color: red;\"><font size=\"3\"><strong>Hosni Moubarak parie que le Fatah et le   Hamas se r\u00e9concilieront<\/strong><\/font><\/h2>\n<\/div>\n<div>  \u00a0<\/div>\n<div align=\"justify\"> <font>Reuters, le 26 juin 2007 \u00e0 16h17<\/font>      LE CAIRE, 26 juin (Reuters) &#8211; Le pr\u00e9sident Hosni Moubarak a pr\u00e9dit mardi que   le Fatah et le Hamas se r\u00e9concilieraient in fine gr\u00e2ce \u00e0 un dialogue pour   lequel il a propos\u00e9 les bons offices de l&rsquo;Egypte.      Dans une interview \u00e0 la t\u00e9l\u00e9vision nationale, le chef de l&rsquo;Etat \u00e9gyptien   estime que les fr\u00e8res ennemis palestiniens ont besoin avant cela de se calmer   et de reprendre leurs esprits.      Moubarak a estim\u00e9 qu&rsquo;il faudrait \u00ab\u00a0peut-\u00eatre deux ou trois semaines, peut-\u00eatre   un mois, avant qu&rsquo;on commence \u00e0 raisonner logiquement et sainement\u00a0\u00bb. \u00ab\u00a0Il   seront alors condamn\u00e9s \u00e0 engager le dialogue.\u00a0\u00bb      Intervenant au lendemain du sommet isra\u00e9lo-palestinien de Charm el Cheikh, les   propos de Moubarak tranchent avec les r\u00e9centes d\u00e9clarations \u00e9gyptiennes   condamnant le coup de force du Hamas \u00e0 Gaza.      Moubarak lui-m\u00eame a condamn\u00e9 la semaine derni\u00e8re le \u00ab\u00a0coup d&rsquo;Etat\u00a0\u00bb du mouvement   islamiste contre la \u00ab\u00a0l\u00e9gitimit\u00e9\u00a0\u00bb palestinienne incarn\u00e9e, selon lui, par le   pr\u00e9sident Mahmoud Abbas.      Il a fait marche arri\u00e8re mardi en estimant que si le Hamas avait d\u00e9clench\u00e9 les   troubles, l&rsquo;administration palestinienne avait fait \u00ab\u00a0une grosse erreur\u00a0\u00bb en   perdant le contr\u00f4le de la   situation \u00e0 Gaza.      La veille, lors du sommet entre Abbas et le Premier ministre isra\u00e9lien Ehud   Olmert, le pr\u00e9sident \u00e9gyptien avait appel\u00e9 les Palestiniens au dialogue, mais   sans mentionner ni le Fatah ni le Hamas.      Prie de dire si Abbas avait infl\u00e9chi sa position de refus de tout dialogue   d\u00e9sormais avec le Hamas, Moubarak a soulign\u00e9 que le pr\u00e9sident palestinien   restait \u00ab\u00a0tendu\u00a0\u00bb parce que convaincu qu&rsquo;on avait voulu l&rsquo;assassiner \u00e0 Gaza.      \u00ab\u00a0Il n&rsquo;accepte aucun dialogue, mais il faut une p\u00e9riode de calme et un retour   au bon sens et \u00e0 la logique, et une fois que les choses se seront calm\u00e9es, (le   dialogue) deviendra possible.\u00a0\u00bb      Dans l&rsquo;intervalle, aucune tierce partie ne soit s&rsquo;immiscer dans les affaires   palestiniennes, a-t-il estim\u00e9, en indiquant que l&rsquo;Egypte restait pr\u00eate \u00e0   reprendre son r\u00f4le traditionnel de m\u00e9diatrice entre le Hamas et le Fatah une   fois la s\u00e9r\u00e9nit\u00e9 revenue entre les deux fr\u00e8res ennemis.  \u00a0<font><\/font><\/div>\n<p><strong><\/p>\n<div>\n<hr\/>\n<\/div>\n<p><\/strong><\/p>\n<div align=\"center\">\n<h2 style=\"color: red;\"><font size=\"3\"><font> <\/font><strong>Le \u00ab\u00a0journalisme citoyen\u00a0\u00bb se fraie un chemin en Chine malgr\u00e9 la   censure<\/strong>  \u00a0<\/font><\/h2>\n<\/div>\n<div>  \u00a0<\/div>\n<div> <font>Par Fran\u00e7ois BOUGON<\/font>      PEKIN, 25 juin 2007 (AFP) &#8211; Dans la Chine communiste \u00e0 l&rsquo;information   contr\u00f4l\u00e9e, un \u00ab\u00a0journalisme citoyen\u00a0\u00bb se fraie un chemin, offrant un exutoire   aux tensions sociales, parfois m\u00eame avec la bienveillance du pouvoir.   \u00ab\u00a0Ce ph\u00e9nom\u00e8ne de +journalisme citoyen+ spontan\u00e9 existe depuis plusieurs   ann\u00e9es. Depuis l&rsquo;apparition des blogs en particulier, chaque blog est une   nouvelle plateforme de diffusion de l&rsquo;information\u00a0\u00bb, constate le dissident Liu   Xiaobo.   M. Liu cite le cas des rebelles de Chongqing, ce couple qui avait refus\u00e9 en   avril d&rsquo;\u00eatre expuls\u00e9 de son commerce et dont la cause avait \u00e9t\u00e9 relay\u00e9e dans   le monde entier. \u00ab\u00a0Le cas a d&rsquo;abord \u00e9t\u00e9 r\u00e9v\u00e9l\u00e9 \u00e0 travers les blogs\u00a0\u00bb,   rel\u00e8ve-t-il. D\u00e9but juin, un quartier de Chongqing s&rsquo;\u00e9tait enflamm\u00e9 apr\u00e8s le   tabassage de marchands de fleurs par des \u00ab\u00a0chengguan\u00a0\u00bb, ces policiers municipaux   charg\u00e9s de \u00ab\u00a0nettoyer\u00a0\u00bb les rues des villes. Des t\u00e9moins avaient appel\u00e9 la   t\u00e9l\u00e9vision locale, mais aucun reportage n&rsquo;\u00e9tait pass\u00e9. L&rsquo;incident avait \u00e9t\u00e9   connu \u00e0 l&rsquo;ext\u00e9rieur de la ville gr\u00e2ce \u00e0 des photos et \u00e0 un texte publi\u00e9 sur la   Toile, qui a fait r\u00e9agir les internautes.   \u00ab\u00a0C&rsquo;est du fascisme\u00a0\u00bb, a dit l&rsquo;un, tandis qu&rsquo;un autre se moquait: \u00ab\u00a0Les habitants   de Chongqing sont vraiment na\u00effs, les m\u00e9dias chinois sont tous contr\u00f4l\u00e9s par   le parti communiste, comment leur demander   d&rsquo;informer&#8230;\u00a0\u00bb   Quelques jours plus tard, une nouvelle bavure de \u00ab\u00a0chengguan\u00a0\u00bb, cette fois \u00e0   Zhengzhou, dans le centre, toujours contre un vendeur ambulant, entra\u00eenait de   nouvelles \u00e9meutes. Une sc\u00e8ne de manifestants entourant une voiture de police,   film\u00e9e par un t\u00e9l\u00e9phone portable, a fait le tour du monde, post\u00e9e d&rsquo;abord sur   le site chinois Tudou, puis repris sur YouTube.   Auparavant, de violentes manifestations contre la politique de l&rsquo;enfant unique   dans le sud avaient \u00e9galement \u00e9t\u00e9 m\u00e9diatis\u00e9es sur le net, mais ignor\u00e9es par la   presse chinoise, contr\u00f4l\u00e9e par le r\u00e9gime communiste.   Pour certains analystes, le r\u00e9gime communiste, qui tente de contr\u00f4ler   l&rsquo;internet pour \u00e9viter toute dissidence politique, doit cependant tenir compte   de l&rsquo;\u00e9mergence de ce ph\u00e9nom\u00e8ne dans un pays o\u00f9 plus d&rsquo;un habitant sur dix est   internaute.   \u00ab\u00a0Le d\u00e9partement de la propagande a \u00e9mis des r\u00e8gles pour restreindre les   opinions diffus\u00e9es sur l&rsquo;internet. Mais chaque citoyen a le droit sur   l&rsquo;internet de critiquer ou de faire part d&rsquo;affaires publiques\u00a0\u00bb, estime le   professeur Zhu Dake de l&rsquo;Universit\u00e9 Tongji de Shanghai.   \u00ab\u00a0Le gouvernement doit accepter les critiques du peuple, il ne peut plus   r\u00e9pondre brutalement comme par le pass\u00e9\u00a0\u00bb, dit-il. Julien Pain, responsable du   bureau Internet et Libert\u00e9s de Reporters sans fronti\u00e8res (RSF), met en garde   contre tout optimisme exag\u00e9r\u00e9.   \u00ab\u00a0Cela fait plusieurs ann\u00e9es que c&rsquo;est sur internet qu&rsquo;on peut avoir une   information un peu ind\u00e9pendante et qu&rsquo;il y a des mouvements de contestation   qui s&rsquo;organisent\u00a0\u00bb, dit-il. \u00ab\u00a0Mais on ne peut pas vraiment dire que l&rsquo;internet   est de plus en plus libre, car parall\u00e8lement au d\u00e9veloppement de ce   journalisme citoyen, le gouvernement trouve les moyens de parer ou de censurer   le contenu\u00a0\u00bb, affirme Julien Pain, tout en soulignant que les dissidents qui   tentent de s&rsquo;organiser via internet finissent g\u00e9n\u00e9ralement en prison. \u00ab\u00a0C&rsquo;est   l\u00e0 qu&rsquo;ils se font s&rsquo;arr\u00eater, ce n&rsquo;est pas lorsque vous critiquez la politique   de Hu Jintao derri\u00e8re votre ordinateur. Mais   quand ils voient qu&rsquo;il y a un r\u00e9seau qui se cr\u00e9e entre trois, quatre   personnes, et qui essaie de monter des actions communes, ils tuent dans l&rsquo;oeuf   toute vell\u00e9it\u00e9 d&rsquo;organisation\u00a0\u00bb, explique-t-il. Cinquante cyberdissidents sont   actuellement derri\u00e8re les barreaux en Chine, selon RSF.   De plus, rel\u00e8ve M. Pain, le pouvoir central est tr\u00e8s habile pour \u00ab\u00a0laisser   filtrer ce qui l&rsquo;int\u00e9resse \u00e0 un moment donn\u00e9, par exemple dans la lutte contre   la corruption, pour bl\u00e2mer les gouvernements locaux ou laisser se d\u00e9velopper   un sentiment anti-japonais\u00a0\u00bb. \u00a0<\/div>\n<p><\/span><\/p>\n<p align=\"center\" dir=\"ltr\">\u00a0<\/p>\n<p align=\"center\"><b><a href=\"https:\/\/tunisnews.net\/ar\/\"><span><font>Home<\/font><\/span><font><span lang=\"FR-CH\"> &#8211; Accueil <\/span><span>&#8211; <\/span><\/font><span dir=\"rtl\" lang=\"AR-SA\"><font>\u0627\u0644\u0631\u0626\u064a\u0633\u064a\u0629<\/font><\/span><\/a><\/b><\/p>\n<p><\/body><\/body><\/html><\/p>","protected":false},"excerpt":{"rendered":"<p>Home &#8211; Accueil &#8211; \u0627\u0644\u0631\u0626\u064a\u0633\u064a\u0629 TUNISNEWS 8\u00a0\u00e8me\u00a0ann\u00e9e, N\u00b0\u00a02590\u00a0du 26.06.2007 \u00a0archives : www.tunisnews.net V\u00e9rit\u00e9-Action :\u00a0\u00a0 \u00ab La torture ne fait pas barrage au terrorisme. Elle est une forme de terrorisme \u00bb. Bakchich: Ben Ali sauv\u00e9 par une bavarde Bakchich :Tunisie:Le Carthage b\u00eate Reveil Tunisien: Ma demande au colonel major qui deposera le general&#8230; Le Temps :Incendie [&hellip;]<\/p>\n","protected":false},"author":1,"featured_media":22040,"comment_status":"open","ping_status":"open","sticky":false,"template":"","format":"standard","meta":{"inline_featured_image":false,"site-sidebar-layout":"default","site-content-layout":"","ast-site-content-layout":"default","site-content-style":"default","site-sidebar-style":"default","ast-global-header-display":"","ast-banner-title-visibility":"","ast-main-header-display":"","ast-hfb-above-header-display":"","ast-hfb-below-header-display":"","ast-hfb-mobile-header-display":"","site-post-title":"","ast-breadcrumbs-content":"","ast-featured-img":"","footer-sml-layout":"","ast-disable-related-posts":"","theme-transparent-header-meta":"","adv-header-id-meta":"","stick-header-meta":"","header-above-stick-meta":"","header-main-stick-meta":"","header-below-stick-meta":"","astra-migrate-meta-layouts":"default","ast-page-background-enabled":"default","ast-page-background-meta":{"desktop":{"background-color":"","background-image":"","background-repeat":"repeat","background-position":"center center","background-size":"auto","background-attachment":"scroll","background-type":"","background-media":"","overlay-type":"","overlay-color":"","overlay-opacity":"","overlay-gradient":""},"tablet":{"background-color":"","background-image":"","background-repeat":"repeat","background-position":"center center","background-size":"auto","background-attachment":"scroll","background-type":"","background-media":"","overlay-type":"","overlay-color":"","overlay-opacity":"","overlay-gradient":""},"mobile":{"background-color":"","background-image":"","background-repeat":"repeat","background-position":"center center","background-size":"auto","background-attachment":"scroll","background-type":"","background-media":"","overlay-type":"","overlay-color":"","overlay-opacity":"","overlay-gradient":""}},"ast-content-background-meta":{"desktop":{"background-color":"var(--ast-global-color-5)","background-image":"","background-repeat":"repeat","background-position":"center center","background-size":"auto","background-attachment":"scroll","background-type":"","background-media":"","overlay-type":"","overlay-color":"","overlay-opacity":"","overlay-gradient":""},"tablet":{"background-color":"var(--ast-global-color-5)","background-image":"","background-repeat":"repeat","background-position":"center center","background-size":"auto","background-attachment":"scroll","background-type":"","background-media":"","overlay-type":"","overlay-color":"","overlay-opacity":"","overlay-gradient":""},"mobile":{"background-color":"var(--ast-global-color-5)","background-image":"","background-repeat":"repeat","background-position":"center center","background-size":"auto","background-attachment":"scroll","background-type":"","background-media":"","overlay-type":"","overlay-color":"","overlay-opacity":"","overlay-gradient":""}},"footnotes":""},"categories":[],"tags":[58,38,29],"class_list":["post-15751","post","type-post","status-publish","format-standard","has-post-thumbnail","hentry","tag-58","tag-38","tag-fr"],"_links":{"self":[{"href":"https:\/\/tunisnews.net\/ar\/wp-json\/wp\/v2\/posts\/15751","targetHints":{"allow":["GET"]}}],"collection":[{"href":"https:\/\/tunisnews.net\/ar\/wp-json\/wp\/v2\/posts"}],"about":[{"href":"https:\/\/tunisnews.net\/ar\/wp-json\/wp\/v2\/types\/post"}],"author":[{"embeddable":true,"href":"https:\/\/tunisnews.net\/ar\/wp-json\/wp\/v2\/users\/1"}],"replies":[{"embeddable":true,"href":"https:\/\/tunisnews.net\/ar\/wp-json\/wp\/v2\/comments?post=15751"}],"version-history":[{"count":0,"href":"https:\/\/tunisnews.net\/ar\/wp-json\/wp\/v2\/posts\/15751\/revisions"}],"wp:featuredmedia":[{"embeddable":true,"href":"https:\/\/tunisnews.net\/ar\/wp-json\/wp\/v2\/media\/22040"}],"wp:attachment":[{"href":"https:\/\/tunisnews.net\/ar\/wp-json\/wp\/v2\/media?parent=15751"}],"wp:term":[{"taxonomy":"category","embeddable":true,"href":"https:\/\/tunisnews.net\/ar\/wp-json\/wp\/v2\/categories?post=15751"},{"taxonomy":"post_tag","embeddable":true,"href":"https:\/\/tunisnews.net\/ar\/wp-json\/wp\/v2\/tags?post=15751"}],"curies":[{"name":"wp","href":"https:\/\/api.w.org\/{rel}","templated":true}]}}