{"id":15701,"date":"2006-05-02T00:00:00","date_gmt":"2006-05-02T00:00:00","guid":{"rendered":"https:\/\/tunisnews.net\/2-mai-2006\/"},"modified":"2006-05-02T00:00:00","modified_gmt":"2006-05-02T00:00:00","slug":"2-mai-2006","status":"publish","type":"post","link":"https:\/\/tunisnews.net\/ar\/2-mai-2006\/","title":{"rendered":"2 mai 2006"},"content":{"rendered":"<p><html><head><meta content=\"text\/html\" description=\"Le paysage m\u00e9diatique tunisien aurait pu changer, \u00e9voluer, progresser en 2005 \nprofitant du passage du Sommet mondial de la soci\u00e9t\u00e9 de l'information. Tous les \ntunisiens se sont attendus \u00e0 un souffle de libert\u00e9 qui va toucher tous les \ndomaines et surtout les m\u00e9dias. La r\u00e9alit\u00e9 est tout autre. \" http-equiv=\"Content-Type\"\/><\/head><body><body style=\"text-align: justify\"><\/p>\n<p align=\"center\"><b><a href=\"http:\/\/www.tunisnews.net\"><span>Home<\/span><span lang=\"FR-CH\"> &#8211; Accueil <\/span><span>&#8211; <\/span><span dir=\"rtl\" lang=\"AR-SA\">\u0627\u0644\u0631\u0626\u064a\u0633\u064a\u0629<\/span><\/a><\/b><\/p>\n<div> <font face=\"Arial\" size=\"2\"> <\/p>\n<div>\n<table border=\"1\" width=\"100%\">\n<tr>\n<td bgcolor=\"#efefef\" width=\"100%\"> <span lang=\"AR-SA\"> <\/p>\n<div align=\"left\">  <\/div>\n<div> <span lang=\"FR\"> <\/p>\n<div align=\"center\" dir=\"ltr\"> <font face=\"Arial\"><font size=\"2\"> <span lang=\"SV\"> <strong>TUNISNEWS<\/strong><\/span> <\/font><\/font> <\/div>\n<div align=\"center\" dir=\"ltr\"> <strong><font face=\"Arial\"><font size=\"2\">            7\u00a0\u00e8me\u00a0ann\u00e9e, <span lang=\"FR\">N\u00b0\u00a02171 du 02.05.2006<\/span><\/font><\/font><\/strong><\/div>\n<div align=\"center\" dir=\"ltr\"> <strong> <\/p>\n<div align=\"center\"> <b><span><blink> <font face=\"Arial\" size=\"2\">\u00a0archives : <\/font> <a href=\"http:\/\/www.tunisnews.net\/\" target=\"_blank\" rel=\"noopener\"> <font face=\"Arial\" size=\"2\" target=\"_blank\">              www.tunisnews.net<\/font><\/a><\/blink><\/span><\/b><font face=\"Arial\" size=\"2\"> <\/font> <\/div>\n<p> <\/strong><\/div>\n<p> <\/span><\/div>\n<p> <font face=\"Arial\"><font size=\"2\"> <\/p>\n<div align=\"left\" dir=\"ltr\">\n<hr noshade=\"\" size=\"8\"\/> <\/div>\n<p> <\/font><font face=\"Arial\"> <span lang=\"FR\"> <font size=\"2\"> <span lang=\"FR-CH\"> <span lang=\"FR\"><font size=\"3\"> <span lang=\"FR\"> <font><span lang=\"FR\"> <font face=\"Arial\"> <\/p>\n<div align=\"left\" dir=\"ltr\">\n<div>\n<div align=\"left\" dir=\"ltr\">\n<div>\n<div align=\"left\" dir=\"ltr\">\n<div>\n<div> <font face=\"Arial\" size=\"2\"><\/font><font face=\"Arial\"> <\/p>\n<div>\n<p><font size=\"2\"><strong>V\u00e9rit\u00e9-Action:                         Tunisie : l&rsquo;interminable souffrance des plumes libres                         <font>IFEX:\u00a0 Tunisie, la libre                         expression toujours en etat de siege<\/font>                         AISPP: Communiqu\u00e9                         <font>Motion de soutien et de solidarit\u00e9                         avec Ma\u00eetre Mokhtar Jalali et sa famille<\/font>                         Ligue Tunisienne pour la d\u00e9fense des Droits de l\u2019Homme :                         Communiqu\u00e9                         <font>AP: Le Premier ministre tunisien                         mercredi \u00e0 Paris                         <\/font>AP: Augmentation des salaires en Tunisie \u00e0                         l&rsquo;occasion du 1er mai                         <font>MAP: 83,5% des Tunisiens \u00e9tablis \u00e0                         l&rsquo;\u00e9tranger vivent en Europe dont 57,8% en France<\/font>                         MAP: Entr\u00e9 dans une maison pour la cambrioler \u2026 il finit                         par sauver toute une famille d&rsquo;une morte certaine                         <font>AFP: Election du Conseil des                         droits de l&rsquo;homme: Les candidats ne se bousculent pas au                         portillon<\/font>                         Webmanagercenter:\u00a0 Cha\u00eenes TV arabes &#8230; audience des                         Tunisiens &#8211; L&rsquo;ascension des cha\u00eenes TV arabes                         <font>Nawaat: Entrevue avec le                         professeur Moncef Ben Salem &#8211; Deuxi\u00e8me partie                         <\/font>Nasreddine Ben Hadid: A propos de \u00abl\u2019Alliance                         Maghr\u00e9bine pour la D\u00e9mocratie\u00bb (AMD): Dissoudre ou                         diluer ???                         <font>George Adda: Paul Sebag combattant                         de la libert\u00e9 et du savoir                         <\/font>Foued Zaouche: Retraite \u00e0 55 ans : Qui va payer ?                         <font>Le Temps \u00bb (Suisse): Le Maroc m\u00e8ne                         sa campagne pour le Conseil des droits de l&rsquo;homme<\/font>                         Le Temps \u00bb (Suisse):: Les candidatures inspect\u00e9es par                         les ONG                         <font>Programme de la 7\u00e9me conf\u00e9rence                         annuelle du CSID (Centre d\u2019Etudes Islam et Democratie) \u00e0                         Washington (5 et 6 mai 2006)<\/font><\/strong><\/font><\/p>\n<\/div>\n<p> <\/font><\/div>\n<\/p><\/div>\n<\/p><\/div>\n<\/p><\/div>\n<\/p><\/div>\n<\/p><\/div>\n<\/p><\/div>\n<p> <\/font><\/span><\/font><\/span><\/font><\/span><\/span><\/font><\/span><\/font> <\/font><\/span><\/td>\n<\/tr>\n<\/table><\/div>\n<p> <font size=\"2\"> <\/p>\n<div align=\"center\">    \u00a0     <strong><font><font>Collectif 18 Octobre     pour les Droits et les Libert\u00e9s en Tunisie<\/font> <\/font><\/strong>\u00a0     <strong><\/p>\n<h2 style=\"color: red;\"><font size=\"3\">Rassemblement devant le si\u00e8ge de la     radio et t\u00e9l\u00e9vision tunisienne<\/font><\/h2>\n<p><\/strong><\/div>\n<div align=\"justify\">         A l\u2019occasion de la journ\u00e9e mondiale de la presse (3 Mai), le Collectif 18     Octobre pour les Droits et les Libert\u00e9s en Tunisie appelle au rassemblement     pour exiger :     \u00a0     <strong>&#8211;\u00a0\u00a0\u00a0\u00a0\u00a0\u00a0\u00a0 la lib\u00e9ration de la presse \u00e9crite     &#8211;\u00a0\u00a0\u00a0\u00a0\u00a0\u00a0\u00a0 la lib\u00e9ration de l\u2019audiovisuel     &#8211;\u00a0\u00a0\u00a0\u00a0\u00a0\u00a0\u00a0 la lib\u00e9ration de l\u2019Internet     <\/strong>\u00a0     Venez tous et toutes ce <strong><font size=\"3\">mercredi 3     Mai 2006 \u00e0 1 heure 30 de l\u2019apr\u00e8s midi devant le si\u00e8ge de la RTT     <\/font><\/strong>\u00a0     <strong><font>Collectif 18 Octobre pour les Droits et les     Libert\u00e9s en Tunisie<\/font><\/strong><\/div>\n<div>\n<hr\/><\/div>\n<p> <\/font><\/font><\/div>\n<p align=\"center\">\u00a0<\/p>\n<p><span lang=\"FR-CH\"><\/p>\n<p align=\"center\"><font size=\"2\"><b><span lang=\"FR\">V\u00e9rit\u00e9-Action<\/span><\/b><\/font><\/p>\n<p align=\"center\"><font size=\"2\"><b><i><span lang=\"FR\">Suisse<\/span><\/i><\/b><\/font><\/p>\n<p align=\"center\"><font size=\"2\"><b><i><span lang=\"FR\">T\u00e9l. +41797032611<\/span><\/i><\/b><\/font><\/p>\n<p align=\"center\"><font size=\"2\"><b><i><span lang=\"FR\">Email.<\/span><u><span lang=\"FR\"><a href=\"http:\/\/fr.f265.mail.yahoo.com\/ym\/Compose?To=info@verite-action.org\" target=\"_blank\" rel=\"noopener\"><font>info@verite-action.org<\/font><\/a><\/span><\/u><\/i><\/b><\/font><\/p>\n<p align=\"center\"><b><i><span lang=\"FR\"><font size=\"2\">Site. <\/font><a href=\"http:\/\/www.verite-action.org\/\" target=\"_blank\" rel=\"noopener\"><font size=\"2\">www.verite-action.org<\/font><\/a><\/span><\/i><\/b><\/p>\n<p align=\"center\"><b><font size=\"2\">\u00a0<\/font><\/b><\/p>\n<p align=\"center\"><b><span lang=\"FR-CH\"><font size=\"2\">Journ\u00e9e internationale de la libert\u00e9 de la Presse<\/font><\/span><\/b><\/p>\n<p align=\"center\"><b><span lang=\"FR-CH\">Tunisie\u00a0: l&rsquo;interminable souffrance des plumes libres<\/span><\/b><\/p>\n<p align=\"center\">\u00a0<\/p>\n<p align=\"center\">\u00a0<\/p>\n<p><span lang=\"FR-CH\"><font size=\"2\">Le paysage m\u00e9diatique tunisien aurait pu changer, \u00e9voluer, progresser en 2005 profitant du passage du Sommet mondial de la soci\u00e9t\u00e9 de l&rsquo;information. Tous les tunisiens se sont attendus \u00e0 un souffle de libert\u00e9 qui va toucher tous les domaines et surtout les m\u00e9dias. La r\u00e9alit\u00e9 est tout autre. <\/font><\/span><\/p>\n<p><span lang=\"FR-CH\"><font size=\"2\">Avant, pendant et apr\u00e8s cet \u00e9v\u00e8nement, les conditions de travail des journalistes, la situation de la presse dans toutes ses formes n\u2019ont cess\u00e9 de se d\u00e9grader. Comme les ann\u00e9es pr\u00e9c\u00e9dentes, on ne peut malheureusement que constater la r\u00e9gression de la libert\u00e9 de la presse en Tunisie. Un bilan des violations r\u00e9centes confirme que le gouvernement en place poursuit sa politique de main mise sans pour autant changer son discours de propagande illusoire et de fa\u00e7ade. Ainsi, la libert\u00e9 d&rsquo;_expression continue \u00ab\u00a0\u00e0 souffrir\u00a0\u00bb. Bilan: \u00a0<\/font><\/span><\/p>\n<p><span lang=\"FR-CH\"><font size=\"2\">\u00a0<\/font><\/span><\/p>\n<ol type=\"1\">\n<li> <span lang=\"FR-CH\"> <font size=\"2\">Depuis le 05 Avril 2006, <b>le journaliste Slim Boukhdir<\/b>   poursuit une gr\u00e8ve de la faim pour protester contre son licenciement abusif du   journal \u00ab\u00a0Echourouk\u00a0\u00bb proche du pouvoir. Il est \u00e0 rappeler que M. Boukhdir est   aussi le correspondant de la cha\u00eene satellitaire arabophone \u00ab\u00a0Al-arabia\u00a0\u00bb \u00e0   Tunis. Sa carte de journaliste n\u2019est pas renouvel\u00e9e, son passeport est   confisqu\u00e9. Le journaliste a \u00e9t\u00e9 sujet de pression de la part du pouvoir apr\u00e8s   qu\u2019il a publi\u00e9 des articles sur internet, tr\u00e8s critiques \u00e0 l\u2019encontre du   r\u00e9gime. Le site d\u2019Al-arabia, a \u00e9t\u00e9 censur\u00e9 \u00e0 maintes reprises. L\u2019\u00e9tat de sant\u00e9   de M. Boukhdir est tr\u00e8s pr\u00e9occupant apr\u00e8s plus de 25 jours de gr\u00e8ve. Il   souffre de douleurs au niveau du c\u0153ur, de l&rsquo;estomac et d&rsquo;un saignement aux   reins. Il est d\u00e9termin\u00e9 \u00e0 poursuivre cette gr\u00e8ve jusqu\u2019\u00e0 l\u2019obtention de ses   droits au retour au travail, avoir sa carte de journaliste et son passeport.  <\/font><\/span><\/li>\n<\/ol>\n<p><span lang=\"FR-CH\"><font size=\"2\">\u00a0<\/font><\/span><\/p>\n<ol start=\"2\" type=\"1\">\n<li> <font size=\"2\"><b>La journaliste Charazad Akacha<\/b>, du m\u00eame journal   \u00ab\u00a0Echourouk\u00a0\u00bb a \u00e9t\u00e9 licenci\u00e9e abusivement. Elle a entam\u00e9 une gr\u00e8ve de la faim   depuis le 18 Avril pour demander sa r\u00e9int\u00e9gration \u00e0 son travail, et l\u2019arr\u00eat de   toute pression qu\u2019elle se dit subir de la part de la direction du journal pour   qu\u2019elle cesse sa critique de la situation en Tunisie.<\/font><\/li>\n<\/ol>\n<p><span lang=\"FR-CH\"><font size=\"2\">\u00a0<\/font><\/span><\/p>\n<ol start=\"3\" type=\"1\">\n<li> <span lang=\"FR-CH\"> <font size=\"2\">\u00a0Le syndicat des journalistes tunisiens, non reconnu, s\u2019est vu   interdire une r\u00e9union de son bureau national \u00e9largi, au courant du mois   d\u2019avril. Le pr\u00e9sident du syndicat, <b>le journaliste Lotfi Hajji<\/b> a \u00e9t\u00e9   convoqu\u00e9 \u00e0 plusieurs reprises au cours de l\u2019ann\u00e9e \u00e9coul\u00e9e, au commissariat de   police, pour l\u2019interroger sur ses activit\u00e9s au sein de ce syndicat.   L\u2019assembl\u00e9e g\u00e9n\u00e9rale fondatrice de ce syndicat a \u00e9t\u00e9 \u00e9galement interdite.  <\/font><\/span><\/li>\n<\/ol>\n<p><span lang=\"FR-CH\"><font size=\"2\">\u00a0<\/font><\/span><\/p>\n<ol start=\"4\" type=\"1\">\n<li> <span lang=\"FR-CH\"> <font size=\"2\">En mars 2005, l\u2019avocat et militant des droits de l\u2019homme <b>Me   Mohamed Abbou<\/b> fut arr\u00eat\u00e9 \u00e0 cause de la publication sur la toile d\u2019un texte   critiquant le r\u00e9gime tunisien. Il est condamn\u00e9 \u00e0 3 ans de prison, il vient de   terminer sa premi\u00e8re ann\u00e9e dans des conditions tr\u00e8s difficiles tant pour lui   que pour sa femme et ses<span> <\/span>enfants. Il a entam\u00e9   des gr\u00e8ves de la faim \u00e0 plusieurs reprises pour exiger sa lib\u00e9ration mais   malgr\u00e9 la d\u00e9t\u00e9rioration grave de son \u00e9tat de sant\u00e9, les autorit\u00e9s carc\u00e9rales   sont rest\u00e9es fermes et sa femme continue \u00e0 subir le harc\u00e8lement et les mauvais   traitements \u00e0 chaque visite qu&rsquo;elle fait \u00e0 son mari emprisonn\u00e9 au Kef.\u00a0   D&rsquo;apr\u00e8s le dernier rapport de mission de l&rsquo;IFEX publi\u00e9 \u00e0 l&rsquo;occasion de la   journ\u00e9e internationale de la libert\u00e9 d&rsquo;_expression : \u00ab\u00a0les membres du TMG se   sont vus refuser de rencontrer en prison Mohamed Abbou, avocat et d\u00e9fenseur   des droits de la personne (\u2026) des responsables du gouvernement ont inform\u00e9 le   TMG que la rencontre avec Abbou d\u00e9j\u00e0 pr\u00e9vue, \u00e9tait ill\u00e9gale.\u00a0\u00bb <\/font><\/span> <\/li>\n<\/ol>\n<p><span lang=\"FR-CH\"><font size=\"2\">\u00a0<\/font><\/span><\/p>\n<ol start=\"5\" type=\"1\">\n<li> <font size=\"2\"><b>Le journaliste Hamadi Jebali,<\/b> lib\u00e9r\u00e9 le 24 f\u00e9vrier 2006,   est mis sous surveillance continue qui s&rsquo;apparente \u00e0 une assignation \u00e0   r\u00e9sidence. Sa libert\u00e9 de mouvement est limit\u00e9e \u00e0 son lieu de domicile.   Convoqu\u00e9 et interrog\u00e9 \u00e0 maintes reprises suite \u00e0 sa lib\u00e9ration, M. Jebali est   de nouveau menac\u00e9 de retour en prison. <\/font><\/li>\n<\/ol>\n<p><span lang=\"FR-CH\"><font size=\"2\">\u00a0<\/font><\/span><\/p>\n<ol start=\"6\" type=\"1\">\n<li> <font size=\"2\"><b>Le journaliste Abdallah Zouari<\/b> continue \u00e0 \u00eatre assign\u00e9 \u00e0   r\u00e9sidence forc\u00e9e. Il est oblig\u00e9 de vivre dans un petit village au sud de la   Tunisie, loin de sa famille qui vit \u00e0 Tunis. Les visiteurs de M. Zouari sont   toujours poursuivis par la police. Lui-m\u00eame est surveill\u00e9 en permanence par   une patrouille de police.<\/font><\/li>\n<\/ol>\n<p><span lang=\"FR-CH\"><font size=\"2\">\u00a0<\/font><\/span><\/p>\n<ol start=\"7\" type=\"1\">\n<li> <font size=\"2\"><b>Le journaliste Mohamed Fourati<\/b>, a \u00e9t\u00e9 poursuivi en   justice avec seul tort d\u2019avoir donn\u00e9 \u00e0 une tierce personne une copie papier du   magasine \u00ab\u00a0Aqlam-Online\u00a0\u00bb, avec lequel M. Fourati collabore. Il a \u00e9t\u00e9 priv\u00e9 pour   longtemps de son passeport et de sa carte professionnelle.<\/font><\/li>\n<\/ol>\n<p><span lang=\"FR-CH\"><font size=\"2\">\u00a0<\/font><\/span><\/p>\n<ol start=\"8\" type=\"1\">\n<li> <span lang=\"FR-CH\"> <font size=\"2\">Lors du SMSI, \u00e9v\u00e8nement qui devrait promouvoir la libert\u00e9 de la   presse, la police tunisienne s\u2019est prise violemment aux journalistes qui sont   venus pour couvrir le d\u00e9roulement du sommet mondial et pour constater la   situation des libert\u00e9s dans le pays h\u00f4te. La police tunisienne s\u2019est prise aux   journalistes venant couvrir une s\u00e9ance du sommet citoyen qui devait se   d\u00e9rouler \u00e0 l\u2019institut Goethe. Le journaliste de \u00ab\u00a0Lib\u00e9ration\u00a0\u00bb, Christophe   Boltanski, a \u00e9t\u00e9 pass\u00e9 \u00e0 tabac et bless\u00e9 d\u2019un coup de couteau, le vendredi 11   Novembre 2005 \u00e0 Tunis dans des circonstances suspectes. M. Boltanski avait   publi\u00e9 dans \u00ab\u00a0Lib\u00e9ration\u00a0\u00bb un article sur le tabassage de militants de droits de   l\u2019homme en Tunisie, par des policiers en civil. Lors de ce m\u00eame SMSI, une   \u00e9quipe de la RTBF a \u00e9t\u00e9 refoul\u00e9e de la Tunisie. Des journalistes de la   t\u00e9l\u00e9vision suisse romande (TSR) ont \u00e9t\u00e9 suivis par des policiers en civil lors   de la r\u00e9alisation de reportages pour l\u2019\u00e9mission \u00ab\u00a0Temps Pr\u00e9sent\u00a0\u00a0\u00bb malgr\u00e9   l\u2019obtention d\u2019une permission de filmer. Le secr\u00e9taire g\u00e9n\u00e9ral de RSF, M.   Robert M\u00e9nard, a \u00e9t\u00e9 interdit d\u2019entr\u00e9e en Tunisie pour participer au SMSI.   Lors de l\u2019ouverture du sommet, le discours du pr\u00e9sident suisse M. Samuel   Schmidt, qui passait en direct sur la t\u00e9l\u00e9vision tunisienne, a \u00e9t\u00e9 censur\u00e9   parce qu\u2019il contient des critiques sur l\u2019\u00e9tat des libert\u00e9s en Tunisie. Ce qui   a influenc\u00e9 les relations diplomatiques entre la Tunisie et la Suisse.<\/font><\/span><\/li>\n<\/ol>\n<p>\u00a0<\/p>\n<ol start=\"9\" type=\"1\">\n<li> <span lang=\"FR-CH\"> <font size=\"2\">Un num\u00e9ro du journal \u00ab\u00a0El-Mawkif\u00a0\u00bb organe du parti d\u00e9mocratique   progressiste, opposition reconnue, a \u00e9t\u00e9 interdit de publication, sans aucune   explication des autorit\u00e9s. Ce journal, ainsi que le secr\u00e9taire g\u00e9n\u00e9ral de ce   parti, ont \u00e9t\u00e9 la cible de plusieurs attaques de la part des autorit\u00e9s   tunisiennes.<\/font><\/span><\/li>\n<\/ol>\n<p><span lang=\"FR-CH\"><font size=\"2\">\u00a0<\/font><\/span><\/p>\n<ol start=\"10\" type=\"1\">\n<li> <span lang=\"FR-CH\"> <font size=\"2\">Les journaux populaires et proches du pouvoir n&rsquo;ont cess\u00e9   depuis les \u00e9v\u00e9nements du SMSI de stigmatiser les militants et opposants   tunisiens. Ainsi, des articles de journaux diffamatoires, qualifiant certaines   figures connues de \u00ab\u00a0traitres\u00a0\u00bb et portants atteintes \u00e0 leurs m\u0153urs et dignit\u00e9,   sont publi\u00e9s quotidiennement. Apr\u00e8s le Sommet mondial de la soci\u00e9t\u00e9 de   l&rsquo;information, les autorit\u00e9s se sont livr\u00e9es \u00e0 ce genre d&rsquo;attaques pour punir   les personnalit\u00e9s du mouvement du 18 octobre et l&rsquo;opposition en g\u00e9n\u00e9ral.<\/font><\/span><\/li>\n<\/ol>\n<p><span lang=\"FR-CH\"><font size=\"2\">\u00a0<\/font><\/span><\/p>\n<ol start=\"11\" type=\"1\">\n<li> <span lang=\"FR-CH\"> <font size=\"2\">Les r\u00e9unions et les rassemblements des repr\u00e9sentants de la   soci\u00e9t\u00e9 civile se voient plus souvent interdites et violemment r\u00e9prim\u00e9es.  <\/font><\/span><\/li>\n<\/ol>\n<p><span lang=\"FR-CH\"><font size=\"2\">\u00a0<\/font><\/span><\/p>\n<ol start=\"12\" type=\"1\">\n<li> <span lang=\"FR-CH\"> <font size=\"2\">Les sites internet de l\u2019opposition et de la soci\u00e9t\u00e9 civile   tunisienne continuent d\u2019\u00eatre censur\u00e9s. Plusieurs sites, dont celui de   V\u00e9rit\u00e9-Action, sont interdits d\u2019acc\u00e8s. Ceux qui s\u2019y aventurent peuvent subir   des sanctions allant \u00e0 plusieurs ann\u00e9es de prison. Les autorit\u00e9s tunisiennes,   utilisent pour ces cas, une loi antiterroriste, tr\u00e8s controvers\u00e9e et contest\u00e9e   par les associations de d\u00e9fense des droits de l\u2019homme.<\/font><\/span><\/li>\n<\/ol>\n<p><span lang=\"FR-CH\"><font size=\"2\">\u00a0<\/font><\/span><\/p>\n<p><span lang=\"FR-CH\"><font size=\"2\">Sur la base de ce qui pr\u00e9c\u00e8de, <b>V\u00e9rit\u00e9-Action<\/b>\u00a0:<\/font><\/span><\/p>\n<p><span lang=\"FR-CH\"><font size=\"2\">\u00a0<\/font><\/span><\/p>\n<p><font size=\"2\">1.<span><font face=\"Arial\">\u00a0\u00a0\u00a0\u00a0\u00a0<\/font><\/span><span dir=\"ltr\" lang=\"FR-CH\">Exprime sa solidarit\u00e9 avec les journalistes tunisiens, salue leur courage et leur d\u00e9termination \u00e0 changer leurs conditions de travail. Elle leurs assure son soutient pour ce combat noble, pour que la libert\u00e9 de la presse puisse voir le jour dans notre pays.<\/span><\/font><\/p>\n<p><font size=\"2\">2.<span><font face=\"Arial\">\u00a0\u00a0\u00a0\u00a0\u00a0<\/font><\/span><span dir=\"ltr\" lang=\"FR-CH\">Soutient les journalistes gr\u00e9vistes de la faim Slim Boukhdir et Charazad Akacha. Elle appelle \u00e0 leurs r\u00e9int\u00e9grations \u00e0 leur travail, \u00e0 l\u2019arr\u00eat de tout harc\u00e8lement \u00e0 leur encontre. Elle appelle le gouvernement tunisien \u00e0 cesser d\u2019utiliser les cartes professionnelles et les passeports comme outils de chantage \u00e0 l\u2019encontre des journalistes.<\/span><\/font><\/p>\n<p><font size=\"2\">3.<span><font face=\"Arial\">\u00a0\u00a0\u00a0\u00a0\u00a0<\/font><\/span><span dir=\"ltr\" lang=\"FR-CH\">Appelle le pouvoir tunisien, \u00e0 cesser le harc\u00e8lement \u00e0 l\u2019encontre des journalistes Abdallah Zouari et Hamadi Jebali, et \u00e0 lever l\u2019assignation ill\u00e9gale \u00e0 r\u00e9sidence qu\u2019ils subissent depuis leur lib\u00e9ration.<\/span><\/font><\/p>\n<p><font size=\"2\">4.<span><font face=\"Arial\">\u00a0\u00a0\u00a0\u00a0\u00a0<\/font><\/span><span dir=\"ltr\" lang=\"FR-CH\">Appelle \u00e0 la lib\u00e9ration imm\u00e9diate et sans condition de l\u2019avocat militant Me Mohamed Abbou \u00ab\u00a0Chevalier du mot\u00a0\u00bb. Elle appelle aussi \u00e0 l\u2019arr\u00eat des pressions \u00e0 son encontre et \u00e0 l\u2019encontre de sa famille. Elle appelle tous les d\u00e9fenseurs des droits de l\u2019homme, les barreaux d\u2019avocats \u00e0 faire pression sur le gouvernement tunisien pour lib\u00e9rer Me Abbou.<\/span><\/font><\/p>\n<p><font size=\"2\">5.<span><font face=\"Arial\">\u00a0\u00a0\u00a0\u00a0\u00a0<\/font><\/span><span dir=\"ltr\" lang=\"FR-CH\">Appelle le gouvernement tunisien \u00e0 respecter ses engagements internationaux et de respecter la libert\u00e9 de la presse. La Tunisie, qui \u00e9t\u00e9 parmi les pays pionniers dans ce domaine, se retrouve en queue de peloton.<\/span><\/font><\/p>\n<p><span lang=\"FR-CH\"><font size=\"2\">\u00a0<\/font><\/span><\/p>\n<\/p>\n<p><\/span><font size=\"2\"><span lang=\"FR-CH\">\u00a0\u00a0<\/span><\/font><\/p>\n<p><font size=\"2\"><span lang=\"FR-CH\">\u00a0Fribourg, le 03.05.2006<\/span><\/font><\/p>\n<p>\u00a0<\/p>\n<p><span lang=\"FR-CH\"><em><font size=\"2\">V\u00e9rite-Action<\/font><\/em><\/span><\/p>\n<p><span lang=\"FR-CH\"><em><font size=\"2\"><strong>Safwa Aissa<\/strong><\/font><\/em><\/span><\/p>\n<p><span lang=\"FR-CH\"><em><font size=\"2\">Pr\u00e9sidente<\/font><\/em><\/span><\/p>\n<p><span lang=\"FR-CH\"><font size=\"2\">Source\u00a0: <\/font><a href=\"http:\/\/www.verite-action.org\" target=\"_blank\" rel=\"noopener\"><font size=\"2\">www.verite-action.org<\/font><\/a><\/span><\/p>\n<p><span lang=\"FR-CH\"><font size=\"2\"><\/p>\n<hr\/>\n<p><\/font><\/p>\n<p>\u00a0<\/p>\n<p align=\"center\"><b><span lang=\"FR-CH\">1. TUNISIE : LA LIBRE _EXPRESSION TOUJOURS EN ETAT DE SIEGE<\/span><\/b><\/p>\n<p align=\"justify\">\u00a0<\/p>\n<p align=\"justify\"><b><span lang=\"DE-CH\">Cinq mois apr\u00e8s que le Sommet mondial sur la soci\u00e9t\u00e9 de l&rsquo;information (SMSI) eut attir\u00e9 l&rsquo;attention internationale sur le pi\u00e8tre bilan du pays h\u00f4te, la Tunisie, au chapitre des droits de la personne, la libert\u00e9 d&rsquo;_expression demeure bien en-de\u00e7\u00e0 des normes internationales, constate la mission d&rsquo;enqu\u00eate d\u00e9p\u00each\u00e9e sur place par le Groupe d&rsquo;observation de la Tunisie organis\u00e9 par l&rsquo;IFEX (TMG).<\/span><\/b><\/p>\n<p align=\"justify\">\u00a0<\/p>\n<p align=\"justify\"><span lang=\"FR-CH\">\u00ab La libert\u00e9 d&rsquo;_expression continue d&rsquo;\u00eatre f\u00e9rocement r\u00e9prim\u00e9e en Tunisie depuis le SMSI [en novembre 2005]. Non seulement le gouvernement tunisien n&rsquo;a pas am\u00e9lior\u00e9 substantiellement la situation, mais il a accru les restrictions concernant les d\u00e9fenseurs des droits de la personne, les juges et quelques journalistes ind\u00e9pendants, \u00bb a d\u00e9clar\u00e9 Francesco Diasio, de l&rsquo;Association mondiale des radiodiffuseurs communautaires (AMARC), un groupe membre de la mission d&rsquo;enqu\u00eate.<\/span><\/p>\n<p align=\"justify\">\u00a0<\/p>\n<p align=\"justify\"><span lang=\"FR-CH\">Trois membres du TMG \u2013 l&rsquo;AMARC, le R\u00e9seau arabe d&rsquo;information sur les droits de la personne (HRInfo) et le Comit\u00e9 mondial pour la libert\u00e9 de la presse (WPFC) \u2013 se sont rendus en Tunisie du 18 au 22 avril 2006, o\u00f9 ils ont rencontr\u00e9 des officiels du gouvernement et des repr\u00e9sentants de la soci\u00e9t\u00e9 civile tunisienne. La mission avait pour objectif de suivre de pr\u00e8s les libert\u00e9s de la presse, d&rsquo;_expression et d&rsquo;association, ainsi que les questions connexes li\u00e9es aux droits de la personne. Un rapport de suivi de la mission sera accessible sous peu \u00e0 <\/span><span lang=\"DE-CH\"><a href=\"http:\/\/campaigns.ifex.org\/tmg\/fr\" target=\"_blank\" rel=\"noopener\"><span lang=\"FR-CH\"><font>http:\/\/campaigns.ifex.org\/tmg\/fr<\/font><\/span><\/a><\/span><span lang=\"FR-CH\">.<\/span><\/p>\n<p align=\"justify\">\u00a0<\/p>\n<p align=\"justify\"><span lang=\"FR-CH\">Le TMG fait remarquer qu&rsquo;alors que certains journaux \u00e0 faible tirage offrent maintenant des reportages plus \u00e9quilibr\u00e9s sur les questions locales, la presse officielle \u00e0 plus grand tirage continue de manquer d&rsquo;\u00e9quilibre. Les journalistes interview\u00e9s par le TMG ont affirm\u00e9 que l&rsquo;autocensure due \u00e0 l&rsquo;intimidation et aux pressions gouvernementales est toujours tr\u00e8s r\u00e9pandue.<\/span><\/p>\n<p align=\"justify\">\u00a0<\/p>\n<p align=\"justify\"><span lang=\"FR-CH\">Les organisations de la soci\u00e9t\u00e9 civile \u2013 m\u00eame celles qui b\u00e9n\u00e9ficient d&rsquo;une reconnaissance l\u00e9gale \u2013 subissent toujours le harc\u00e8lement de policiers en civil. On emp\u00eache souvent les militants de l&rsquo;opposition de participer \u00e0 des r\u00e9unions et \u00e0 des rassemblements. Certains d&rsquo;entre eux ont rapport\u00e9 \u00eatre surveill\u00e9s constamment, et que les sites web de leurs organisations sont surveill\u00e9s et bloqu\u00e9s.<\/span><\/p>\n<p align=\"justify\">\u00a0<\/p>\n<p align=\"justify\"><span lang=\"FR-CH\">Bien que le journaliste Hamdi Jebali et six jeunes utilisateurs de l&rsquo;Internet, connus sous l&rsquo;appellation de \u00ab Jeunesse de Zarzis \u00bb, aient \u00e9t\u00e9 lib\u00e9r\u00e9s en f\u00e9vrier 2006, ils continuent de se heurter au harc\u00e8lement et de se voir refuser des emplois.<\/span><\/p>\n<p align=\"justify\">\u00a0<\/p>\n<p align=\"justify\"><span lang=\"FR-CH\">Au cours de la mission, les membres du TMG se sont vu refuser de rencontrer en prison Mohammed Abbou, avocat et d\u00e9fenseur des droits de la personne, incarc\u00e9r\u00e9 pour avoir critiqu\u00e9 le gouvernement sur Internet. Des responsables du gouvernement ont inform\u00e9 le TMG que la rencontre avec Abbou, d\u00e9j\u00e0 pr\u00e9vue, \u00e9tait ill\u00e9gale. Des membres du TMG ont toutefois accompagn\u00e9 sa femme, Samia, dans son voyage hebdomadaire \u00e0 El-Kef, o\u00f9 il est d\u00e9tenu. Madame Abbou a eu droit \u00e0 une visite de quinze minutes. Elle se heurte au harc\u00e8lement constant parce qu&rsquo;elle parle ouvertement de la situation de son mari.<\/span><\/p>\n<p align=\"justify\">\u00a0<\/p>\n<p align=\"justify\"><span lang=\"FR-CH\"><font size=\"2\">Les repr\u00e9sentants du gouvernement tunisien ont affirm\u00e9 de mani\u00e8re r\u00e9p\u00e9t\u00e9e que Abbou et les dissidents constituent des \u00ab menaces pour l&rsquo;ordre public \u00bb. Le TMG s&rsquo;inqui\u00e8te de l&#8217;emprisonnement arbitraire des militants de l&rsquo;opposition, qui repr\u00e9sentent une menace, selon les autorit\u00e9s.<\/font><\/span><\/p>\n<p align=\"justify\">\u00a0<\/p>\n<p align=\"justify\"><span lang=\"FR-CH\">Pour plus de renseignements sur le TMG, aller \u00e0 : <\/span><b><span lang=\"DE-CH\"><a href=\"http:\/\/campaigns.ifex.org\/tmg\/fr\" target=\"_blank\" rel=\"noopener\"><span lang=\"FR-CH\"><font>http:\/\/campaigns.ifex.org\/tmg\/fr<\/font><\/span><\/a><\/span><\/b><\/p>\n<p align=\"justify\">\u00a0<\/p>\n<p align=\"justify\"><b><span lang=\"FR-CH\">Consulter les sites suivants :<\/span><\/b><\/p>\n<p align=\"justify\"><b><span lang=\"EN-GB\">&#8211; AMARC : <\/span><span lang=\"DE-CH\"><a href=\"http:\/\/www.amarc.org\/\" target=\"_blank\" rel=\"noopener\"><span lang=\"EN-GB\"><font>http:\/\/www.amarc.org<\/font><\/span><\/a><\/span><\/b><\/p>\n<p align=\"justify\"><b><span lang=\"DE-CH\">&#8211; HRInfo :<a href=\"http:\/\/www.hrinfo.net\/en\/\" target=\"_blank\" rel=\"noopener\"><font>http:\/\/www.hrinfo.net\/en\/<\/font><\/a><\/span><\/b><\/p>\n<p align=\"justify\"><b><span lang=\"DE-CH\">&#8211; WPFC :<a href=\"http:\/\/www.wpfc.org\/index.html\" target=\"_blank\" rel=\"noopener\"><font>http:\/\/www.wpfc.org\/index.html<\/font><\/a><\/span><\/b><\/p>\n<p align=\"justify\"><b><span lang=\"FR-CH\">&#8211; Le dossier de la Tunisie au chapitre des droits sous la loupe : <\/span><span lang=\"DE-CH\"><a href=\"http:\/\/news.bbc.co.uk\/2\/hi\/technology\/4450474.stm\" target=\"_blank\" rel=\"noopener\"><span lang=\"FR-CH\"><font>http:\/\/news.bbc.co.uk\/2\/hi\/technology\/4450474.stm<\/font><\/span><\/a><\/span><\/b><\/p>\n<p align=\"justify\">\u00a0<\/p>\n<p align=\"justify\"><b><span lang=\"FR-CH\">(Source\u00a0: COMMUNIQU\u00c9 DE L&rsquo;IFEX VOL. 15 No 16 , 25 AVRIL 2006)<\/span><\/b><\/p>\n<p align=\"justify\">\u00a0<\/p>\n<p align=\"justify\"><span lang=\"FR-CH\">Le Communiqu\u00e9 de l&rsquo;IFEX est le bulletin hebdomadaire de l&rsquo;\u00c9change international de la libert\u00e9 d&rsquo;_expression (IFEX), un r\u00e9seau mondial de 72 organisations qui \u0153uvrent \u00e0 d\u00e9fendre et \u00e0 promouvoir la libre _expression.<\/span><span lang=\"FR-CH\"><\/span><\/p>\n<p align=\"justify\">\u00a0<\/p>\n<p align=\"justify\"><b><span lang=\"FR-CH\">Consultez le site web de l&rsquo;IFEX :<a href=\"http:\/\/www.ifex.org\/fr\" target=\"_blank\" rel=\"noopener\"><font>http:\/\/www.ifex.org\/fr<\/font><\/a><\/span><\/b><\/p>\n<p align=\"justify\"><b><span lang=\"FR-CH\">Informations sur la campagne de l&rsquo;IFEX pour la Tunisie:<a href=\"http:\/\/campaigns.ifex.org\/tmg\/fr\" target=\"_blank\" rel=\"noopener\"><font>http:\/\/campaigns.ifex.org\/tmg\/fr<\/font><\/a><\/span><\/b><\/p>\n<p><font size=\"2\"><\/font><\/p>\n<hr\/>\n<p align=\"center\"><b><span lang=\"FR\"><font size=\"2\">Sauvez la vie de Mohammed Abbou<\/font><\/span><\/b><\/p>\n<p align=\"center\"><b><span lang=\"FR\"><font size=\"2\">Sauvez la vie de tous les prisonniers politiques<\/font><\/span><\/b><\/p>\n<p align=\"center\"><span lang=\"FR\"><font size=\"2\">\u00a0<\/font><\/span><\/p>\n<p align=\"center\"><b><span lang=\"FR\"><font size=\"2\">Association Internationale de Soutien aux Prisonniers Politiques<\/font><\/span><\/b><\/p>\n<p align=\"center\"><span lang=\"FR\">33 rue Mokhtar Atya, 1001, Tunis<\/span><\/p>\n<p align=\"center\"><span lang=\"FR\">Tel\u00a0: 71 340 860, fax\u00a0: 71 351 831<\/span><\/p>\n<p><span lang=\"FR\">\u00a0<\/span><\/p>\n<p><b><i><u><span lang=\"FR\">Tunis, le 2 mai 2006<\/span><\/u><\/i><\/b><\/p>\n<p><span lang=\"FR\">\u00a0<\/span><\/p>\n<p><span lang=\"FR\">Madame Khdouja Bouakkaz Ferchichi, une femme \u00e2g\u00e9e qui se d\u00e9place avec des b\u00e9quilles suite \u00e0 une fracture de la jambe droite, n\u00e9e le 15 avril 1920, ayant plus de 86 ans, d\u00e9tentrice de la Carte nationale d\u2019Identit\u00e9 n\u00b0 007 12518, nous a inform\u00e9s que comme \u00e0 l\u2019accoutum\u00e9e, elle \u00e9tait partie de Tunis le samedi 29 avril 2006, accompagn\u00e9e de sa fille Mahbouba Mazgarichou pour rendre visite \u00e0 son fils, le prisonnier politique Abderrazak Mazgarichou, qui effectue une peine de longue dur\u00e9e commenc\u00e9e il y a dix neuf ans.<\/span><\/p>\n<p><span lang=\"FR\">\u00a0<\/span><\/p>\n<p><span lang=\"FR\">L\u2019administration p\u00e9nitentiaire ne lui a pas permis de voir son fils au pr\u00e9texte qu\u2019il \u00e9tait puni et qu\u2019il avait \u00e9t\u00e9 mis dans un cachot individuel pour une dur\u00e9e de dix jours. Elle a attendu deux heures pour rencontrer le directeur, qui a refus\u00e9. Les agents p\u00e9nitentiaires lui ont enjoint de revenir lundi 1<sup>er<\/sup> mai pour rencontrer le directeur qui pourrait alors l\u2019autoriser \u00e0 voir son fils. Effectivement, elle est retourn\u00e9e \u00e0 la prison de Messaadine (gouvernorat de Sousse) lundi 1<sup>er<\/sup> mai 2006. L\u00e0, on l\u2019a inform\u00e9e que c\u2019\u00e9tait un jour f\u00e9ri\u00e9 et on a refus\u00e9 le couffin qu\u2019elle avait pr\u00e9par\u00e9 pour son fils. En d\u00e9pit de son insistance, ils lui ont dit de revenir samedi prochain, malgr\u00e9 ses tentatives d\u00e9sesp\u00e9r\u00e9es et son essai de convaincre le vice-directeur que dix neufs ans d\u2019emprisonnement constituaient une punition pour toute la famille, que son fils souffrait d\u2019un ulc\u00e8re \u00e0 l\u2019estomac et que son maintien en prison lui serait fatal, ainsi que pour sa m\u00e8re \u00e2g\u00e9e qui compte les jours, chacun d\u2019entre eux \u00e9tant une ann\u00e9e de braise.<\/span><\/p>\n<p><span lang=\"FR\">\u00a0<\/span><\/p>\n<p><span lang=\"FR\">Les m\u00e9thodes de l\u2019administration de la prison de Messaadine envers le prisonnier politique Abderrazak Mazgarichou ont fait l\u2019objet de dol\u00e9ances et de plaintes. Elles ont conduit le prisonnier et sa famille \u00e0 demander \u00e0 de nombreuses reprises son transfert. Des courriers ont \u00e9t\u00e9 envoy\u00e9s au minist\u00e8re de la Justice et au Directeur G\u00e9n\u00e9ral des Prisons, sans compter les t\u00e9l\u00e9grammes \u00e0 ce sujet depuis plus d\u2019un an, qui n\u2019ont pas eu le moindre \u00e9cho.<\/span><\/p>\n<p><span lang=\"FR\">\u00a0<\/span><\/p>\n<p><span lang=\"FR\">Le pr\u00e9sident de l\u2019Association<\/span><\/p>\n<p><b><span lang=\"FR\">Ma\u00eetre Mohammed Nouri<\/span><\/b><\/p>\n<p><span lang=\"FR\">\u00a0<\/span><\/p>\n<p><b><span lang=\"FR\">(Traduction ni revue ni corrig\u00e9e par les auteurs de la version originale, LT)<\/span><\/b><\/p>\n<p><font size=\"2\"><\/font><\/p>\n<hr\/>\n<p><\/span><font face=\"Arial\" size=\"2\"><\/p>\n<div align=\"center\"> <strong><\/p>\n<h2 style=\"color: red;\"><font size=\"3\">Motion de soutien et de solidarit\u00e9 avec   Ma\u00eetre Mokhtar Jalali et sa famille<\/font><\/h2>\n<p><\/strong>   \u00a0<\/div>\n<div align=\"justify\">     Mokhtar Jalali, ancien d\u00e9put\u00e9, connu pour sa hardiesse dans la d\u00e9fense de   l\u2019Etat de Droit, subit une campagne diffamatoire visant \u00e0 toucher \u00e0 sa   r\u00e9putation par des enregistrements vid\u00e9o fabriqu\u00e9s par des services d\u00e9pendant   du Minist\u00e8re de l\u2019Int\u00e9rieur \u00e0 Tunis.   \u00a0   Ce n\u2019est pas la premi\u00e8re fois que les services de s\u00e9curit\u00e9 tunisiens recourent   \u00e0 ce genre de bas proc\u00e9d\u00e9s pour faire pression sur des opposants.   \u00a0   Face \u00e0 cette situation, nous, soussign\u00e9s:   \u00a0   <strong><font>* Exprimons notre total soutien \u00e0 Me Jalali et   sa famille.   * Exprimons notre vive indignation face au recours \u00e0 ce genre de proc\u00e9d\u00e9s   quelle que soit la personne vis\u00e9e, tout en soulignant qu\u2019elle est contraire \u00e0   la loi et \u00e0 la constitution et qu\u2019elle constitue une atteinte grave \u00e0   l\u2019int\u00e9grit\u00e9 des personnes et \u00e0 leur vie priv\u00e9e.   * refusons cat\u00e9goriquement toute forme d\u2019atteinte \u00e0 la vie priv\u00e9e et son   utilisation dans des marchandages politiques afin de museler les voix   opposantes.   * Consid\u00e9rons le recours \u00e0 ces m\u00e9thodes comme l\u2019indice d\u2019une faillite   politique, et incitons \u00e0 rompre avec\u00a0 ces agissements qui causent plus de tort   \u00e0 leurs commanditaires qu\u2019\u00e0 leurs victimes.    <\/font><\/strong>\u00a0   De m\u00eame que nous appelons :   \u00a0   * Les parties impliqu\u00e9es \u00e0 mettre fin imm\u00e9diatement \u00e0 cette campagne   diffamatoire.<\/div>\n<div align=\"justify\">     Toutes les associations et les partis ind\u00e9pendants ainsi que tous ceux qui   sont attach\u00e9s aux valeurs de libert\u00e9 et de dignit\u00e9 humaine en Tunisie et \u00e0   l\u2019\u00e9tranger \u00e0 condamner ces proc\u00e9d\u00e9s abjects et \u00e0 agir afin qu\u2019il soit mis un   terme \u00e0 ces m\u00e9thodes qui d\u00e9montrent la volont\u00e9 du pouvoir d\u2019an\u00e9antir par tous   les moyens toute aspiration \u00e0 la libert\u00e9.\u00a0<\/div>\n<div align=\"center\" dir=\"rtl\">  \u00a0<\/div>\n<div align=\"center\" dir=\"rtl\"> <font face=\"Arabic Transparent\" size=\"4\">\u00a0 <\/font> <\/p>\n<table align=\"left\" border=\"1\" cellpadding=\"0\" cellspacing=\"0\" dir=\"rtl\">\n<tr>\n<td valign=\"top\" width=\"203\">\n<h2 align=\"center\" dir=\"rtl\" style=\"color: red;\"> <font size=\"2\">Signature<\/font><\/h2>\n<\/td>\n<td valign=\"top\" width=\"203\">\n<h3 align=\"center\" dir=\"rtl\" style=\"color: blue;\"> <span dir=\"ltr\" lang=\"DE-CH\"> <font size=\"2\">Qualit\u00e9<\/font><\/span><\/h3>\n<\/td>\n<td valign=\"top\" width=\"203\">\n<p align=\"center\" dir=\"rtl\"> <font size=\"2\"><strong>Nom et prenom<\/strong><\/font><\/p>\n<\/td>\n<\/tr>\n<tr>\n<td valign=\"top\" width=\"203\">\n<p dir=\"rtl\"> <font size=\"2\">\u00a0<\/font><\/p>\n<\/td>\n<td valign=\"top\" width=\"203\">\n<p dir=\"rtl\"> <font size=\"2\">\u00a0<\/font><\/p>\n<\/td>\n<td valign=\"top\" width=\"203\">\n<p dir=\"rtl\"> <font size=\"2\">\u00a0<\/font><\/p>\n<\/td>\n<\/tr>\n<tr>\n<td valign=\"top\" width=\"203\">\n<p dir=\"rtl\"> <font size=\"2\">\u00a0<\/font><\/p>\n<\/td>\n<td valign=\"top\" width=\"203\">\n<p dir=\"rtl\"> <font size=\"2\">\u00a0<\/font><\/p>\n<\/td>\n<td valign=\"top\" width=\"203\">\n<p dir=\"rtl\"> <font size=\"2\">\u00a0<\/font><\/p>\n<\/td>\n<\/tr>\n<tr>\n<td valign=\"top\" width=\"203\">\n<p dir=\"rtl\"> <font size=\"2\">\u00a0<\/font><\/p>\n<\/td>\n<td valign=\"top\" width=\"203\">\n<p dir=\"rtl\"> <font size=\"2\">\u00a0<\/font><\/p>\n<\/td>\n<td valign=\"top\" width=\"203\">\n<p dir=\"rtl\"> <font size=\"2\">\u00a0<\/font><\/p>\n<\/td>\n<\/tr>\n<tr>\n<td valign=\"top\" width=\"203\">\n<p dir=\"rtl\"> <font size=\"2\">\u00a0<\/font><\/p>\n<\/td>\n<td valign=\"top\" width=\"203\">\n<p dir=\"rtl\"> <font size=\"2\">\u00a0<\/font><\/p>\n<\/td>\n<td valign=\"top\" width=\"203\">\n<p dir=\"rtl\"> <font size=\"2\">\u00a0<\/font><\/p>\n<\/td>\n<\/tr>\n<\/table>\n<div dir=\"rtl\">    \u00a0<\/div>\n<div dir=\"rtl\">    \u00a0<\/div>\n<div dir=\"rtl\">\n<div align=\"center\" dir=\"rtl\"> <font face=\"Arabic Transparent\" size=\"4\"> \u00a0<\/font><\/div>\n<\/p><\/div>\n<\/div>\n<div align=\"center\" dir=\"rtl\">  \u00a0<\/div>\n<div align=\"center\" dir=\"rtl\">  \u00a0<\/div>\n<div align=\"center\" dir=\"rtl\">  \u00a0<\/div>\n<div align=\"center\" dir=\"rtl\">  \u00a0<\/div>\n<div align=\"center\" dir=\"rtl\">  \u00a0<\/div>\n<div align=\"center\" dir=\"rtl\">  \u00a0<\/div>\n<div align=\"center\" dir=\"rtl\">  \u00a0<\/div>\n<div align=\"center\" dir=\"rtl\">  \u00a0<\/div>\n<div align=\"center\" dir=\"rtl\">\n<hr\/>\n<\/div>\n<div> <font face=\"Arial\" size=\"2\"> <\/p>\n<div align=\"center\"> <strong><font><font>Ligue Tunisienne pour la     d\u00e9fense des Droits de l\u2019Homme<\/font>\u00a0     \u00a0     <\/font><\/strong>Tunis le, 28 Avril 2006\u00a0     \u00a0     <strong><font size=\"3\">Communiqu\u00e9     <\/font><\/strong>(Traduit de l\u2019arabe)     \u00a0 \u00a0<\/div>\n<div align=\"justify\">         Le Comit\u00e9 Directeur de la LTDH annonce que les autorit\u00e9s ont remis le 27     avril courant \u00e0 Mme Souhayr Belhassen, vice pr\u00e9sidente de la Ligue     Tunisienne pour la d\u00e9fense des Droits de l\u2019Homme, charg\u00e9e des relations     ext\u00e9rieures et \u00e9galement vice pr\u00e9sidente de la F\u00e9d\u00e9ration Internationale des     Droits de l\u2019Homme, son passeport dont elle \u00e9tait priv\u00e9e depuis trois mois.     \u00a0     Bien qu\u2019intervenue avec retard, le Comit\u00e9 Directeur de la LTDH se f\u00e9licite     de cette d\u00e9cision et adresse ses remerciements \u00e0 tous ceux qui ont exprim\u00e9     leur soutien \u00e0 Mme Souhayr Belhassen et \u00e0 la LTDH dans leur revendication     pour l\u2019obtention du passeport comme l\u2019_expression d\u2019un droit fondamental,     celui de la libert\u00e9 de circulation.     \u00a0     Le Comit\u00e9 Directeur de la LTDH invite par ailleurs, les militantes et les     militants ainsi que les organisations nationales et internationales et tous     les d\u00e9fenseurs des droits de l\u2019homme \u00e0 poursuivre leur solidarit\u00e9 avec la     LTDH pour que celle-ci puisse tenir les assises de son congr\u00e8s national les     27 et 28 mai prochains.     \u00a0     \u00a0     <strong><font>Pour le Comit\u00e9 Directeur     Le Pr\u00e9sident     Mokhtar TRIFI<\/font><\/strong><\/div>\n<p> <\/font><\/div>\n<div>\n<hr\/>\n<\/div>\n<div>  \u00a0<\/div>\n<div>  \u00a0<\/div>\n<div> <font face=\"Arial\" size=\"2\"> <\/p>\n<p align=\"center\"><b> <span lang=\"FR\"><font size=\"3\">  Augmentation des salaires en Tunisie \u00e0 l&rsquo;occasion du 1er mai<\/font><\/span><\/b><\/p>\n<p align=\"justify\">\u00a0<\/p>\n<p align=\"justify\"> <span lang=\"FR-CH\">Associated   Press, le 1<sup>er<\/sup> mai 2006 \u00e0 17h52<\/span><\/p>\n<p align=\"justify\"> <span lang=\"FR\">\u00a0TUNIS (AP) &#8212; A   l&rsquo;occasion de la f\u00eate du 1er mai, le pr\u00e9sident tunisien Zine El Abidine Ben   Ali a annonc\u00e9 lundi une augmentation du salaire minimum garanti (SMIG) ainsi   que ceux de l&rsquo;ensemble des travailleurs non couverts par les conventions   collectives sectorielles ou des statuts particuliers.<\/span><\/p>\n<p align=\"justify\">\u00a0<\/p>\n<p align=\"justify\"> <span lang=\"FR\">\u00a0Le SMIG est   actuellement de 224 dinars (environ 140 euros), tandis que le taux d&rsquo;inflation   est contenu autour de 3%, selon les chiffres officiels.<\/span><\/p>\n<p align=\"justify\">\u00a0<\/p>\n<p align=\"justify\"> <span lang=\"FR\">\u00a0Les montants de   ces augmentations, destin\u00e9es \u00e0 \u00ab\u00a0prot\u00e9ger le pouvoir d&rsquo;achat des citoyens\u00a0\u00bb et \u00e0   assurer \u00ab\u00a0la continuit\u00e9 et l&rsquo;acc\u00e9l\u00e9ration du processus de d\u00e9veloppement\u00a0\u00bb,   seront fix\u00e9s par le gouvernement apr\u00e8s concertation avec les organisations   professionnelles.<\/span><\/p>\n<p align=\"justify\">\u00a0<\/p>\n<p align=\"justify\"> <span lang=\"FR\">\u00a0Ces mesures   interviennent alors que le pays fait face \u00e0 une pression \u00ab\u00a0insoutenable\u00a0\u00bb, selon   les pouvoirs publics, en raison essentiellement des cons\u00e9quences de la flamb\u00e9e   des cours du p\u00e9trole, qui \u00ab\u00a0gr\u00e8vent lourdement le budget de l&rsquo;Etat\u00a0\u00bb.<\/span><\/p>\n<p align=\"justify\">\u00a0<\/p>\n<p align=\"justify\"> <span lang=\"FR\">\u00a0Le gouvernement   avance une charge de quelque 1,5 milliards de dinars (pr\u00e8s de 94 millions   d&rsquo;euros) pour subventionner les produits \u00e9nerg\u00e9tiques. Elle passerait \u00e0 2   milliards de dinars (1,25 milliards d&rsquo;euros) au cas o\u00f9 le prix du baril se   maintenait \u00e0 75 dollars.<\/span><\/p>\n<p align=\"justify\">\u00a0<\/p>\n<p align=\"justify\"> <span lang=\"FR\">\u00a0Le pr\u00e9sident a   par ailleurs confirm\u00e9 les mesures de soutien prises en faveur des travailleurs   licenci\u00e9s pour des raisons \u00e9conomiques ou techniques \u00ab\u00a0du fait des incidences   de la mondialisation sur les entreprises de production\u00a0\u00bb. Elles concernent   notamment les employ\u00e9s du textile, frapp\u00e9 par le d\u00e9mant\u00e8lement par   l&rsquo;Organisation mondiale du commerce (OMC) des accords multifibres (AMF), qui   ont provoqu\u00e9 l&rsquo;afflux de produits chinois, notamment sur le march\u00e9 europ\u00e9en,   principal d\u00e9bouch\u00e9 des entreprises tunisiennes.<\/span><\/p>\n<p align=\"justify\"> <span lang=\"FR\">\u00a0En pleine   restructuration, ce secteur emploie entre 170 et 180.000 personnes en Tunisie.<\/span><\/p>\n<p align=\"justify\">\u00a0<\/p>\n<p align=\"justify\"> <span lang=\"FR\">\u00a0Sur le ch\u00f4mage,   particuli\u00e8rement celui des dipl\u00f4m\u00e9s de l&rsquo;enseignement sup\u00e9rieur, le pr\u00e9sident   tunisien a rappel\u00e9 la volont\u00e9 de son gouvernement de \u00ab\u00a0continuer \u00e0 \u0153uvrer en   vue d&rsquo;identifier les solutions et les voies les plus ad\u00e9quates\u00a0\u00bb pour assurer   l&rsquo;avenir et l&#8217;emploi de ces jeunes.<\/span><\/p>\n<p align=\"justify\">\u00a0<\/p>\n<p align=\"justify\"> <span lang=\"FR\">\u00a0En 2005, quelque   50.000 promus de l&rsquo;Universit\u00e9 sont arriv\u00e9s sur le march\u00e9 de l&#8217;emploi, un   chiffre appel\u00e9 \u00e0 doubler d&rsquo;ici la fin de la d\u00e9cennie. Officiellement, le   ch\u00f4mage touche 13,9% des demandeurs d&#8217;emploi sur une population globale de   pr\u00e8s de 10 millions d&rsquo;habitants. <\/span><\/p>\n<p align=\"justify\">\u00a0<\/p>\n<h3 align=\"justify\" style=\"color: blue;\"> <span lang=\"FR\"><font size=\"2\">Associated Press<\/font><\/span><\/h3>\n<p align=\"justify\">\u00a0<\/p>\n<hr\/>\n<p align=\"center\"><b> <span lang=\"FR\"><font size=\"3\">Le   Premier ministre tunisien mercredi \u00e0 Paris<\/font><\/span><\/b><\/p>\n<p align=\"justify\">\u00a0<\/p>\n<p align=\"justify\"> <span lang=\"FR-CH\">Associated   Press, le 29 avril 2006 \u00e0 <\/span> <span dir=\"rtl\" lang=\"AR-SA\">18<\/span><span lang=\"FR-CH\">h<\/span><span dir=\"rtl\" lang=\"AR-SA\">04<\/span><\/p>\n<p align=\"justify\"> <span lang=\"FR\">\u00a0TUNIS (AP) &#8212; Le   Premier ministre tunisien, Mohamed Ghannouchi, se rendra mercredi \u00e0 Paris pour   une visite officielle de deux jours au cours de laquelle il sera re\u00e7u en   audience par le pr\u00e9sident Jacques<\/span><\/p>\n<p align=\"justify\"> <span lang=\"FR\">Chirac et aura des   entretiens avec son homologue Dominique de Villepin et plusieurs de ses   collaborateurs, a-t-on appris samedi de source diplomatique \u00e0 Tunis.<\/span><\/p>\n<p align=\"justify\">\u00a0<\/p>\n<p align=\"justify\"> <span lang=\"FR\">\u00a0Destin\u00e9e \u00e0   \u00ab\u00a0impulser le courant d&rsquo;\u00e9change \u00e0 un tr\u00e8s haut niveau bilat\u00e9ral\u00a0\u00bb, cette visite,   la premi\u00e8re du genre d&rsquo;un Premier ministre tunisien en France, vient en   r\u00e9ponse \u00e0 celle effectu\u00e9e en Tunisie en janvier 2005 par l&rsquo;ancien patron de   Matignon, Jean-Pierre Raffarin, a d\u00e9clar\u00e9 \u00e0 la presse l&rsquo;ambassadeur de France   \u00e0 Tunis, Serge Degallaix.<\/span><\/p>\n<p align=\"justify\">\u00a0<\/p>\n<p align=\"justify\"> <span lang=\"FR\">\u00a0Elle intervient   au moment o\u00f9 la r\u00e9union p\u00e9riodique de la commission mixte a \u00e9t\u00e9 report\u00e9e sine   die. Pr\u00e9sid\u00e9e par les ministres des Affaires \u00e9trang\u00e8res des deux pays,   Philippe Douste-Blazy et Abdelwahab Abdallah, cette r\u00e9union devait se tenir   initialement d\u00e9but mars dernier. Aucun motif officiel n&rsquo;a \u00e9t\u00e9 avanc\u00e9 au sujet   de ce report.<\/span><\/p>\n<p align=\"justify\">\u00a0<\/p>\n<p align=\"justify\"> <span lang=\"FR\">\u00a0Toujours est-il   que ce voyage porte un message politique \u00e0 travers lequel Tunis et Paris   entendent \u00ab\u00a0souligner la qualit\u00e9 de la relation franco-tunisienne\u00a0\u00bb, selon le   diplomate fran\u00e7ais.<\/span><\/p>\n<p align=\"justify\">\u00a0<\/p>\n<p align=\"justify\"> <span lang=\"FR\">Au cours de son   s\u00e9jour, M. Ghannouchi sera accompagn\u00e9 de quatre ministres et d&rsquo;une d\u00e9l\u00e9gation   de 15 hommes d&rsquo;affaires. Il rencontrera notamment le ministre de l&rsquo;Economie   Thierry Breton et la pr\u00e9sidente du Medef, Laurence Pariso.<\/span><\/p>\n<p align=\"justify\">\u00a0<\/p>\n<p align=\"justify\"> <span lang=\"FR\">\u00a0L&rsquo;un des moments   forts se situera dans la r\u00e9gion marseillaise, qui entretient une importante   coop\u00e9ration d\u00e9centralis\u00e9e avec la Tunisie, o\u00f9 il sera question de \u00ab\u00a0rapprocher   les p\u00f4les de comp\u00e9titivit\u00e9 fran\u00e7ais et les technopoles tunisiens\u00a0\u00bb. <\/span><\/p>\n<p align=\"justify\">\u00a0<\/p>\n<h3 align=\"justify\" style=\"color: blue;\"> <span lang=\"EN-GB\"><font size=\"2\">Associated Press<\/font><\/span><\/h3>\n<div align=\"justify\">    \u00a0<\/div>\n<div align=\"justify\">\n<hr\/><\/div>\n<div align=\"justify\">\n<p align=\"center\"><b> <span lang=\"FR\"><font size=\"3\">83,5%     des Tunisiens \u00e9tablis \u00e0 l&rsquo;\u00e9tranger vivent en Europe dont 57,8% en France<\/font><\/span><\/b><\/p>\n<p> <span lang=\"FR\">MAP, le 1<sup>er<\/sup>     mai 2006<\/span><\/p>\n<p><b> <span lang=\"FR\">\u00a0<\/span><\/b><\/p>\n<p><b> <span lang=\"FR\">TUNISIE &#8211; 1 mai     2006 &#8211; MAP &#8211; <\/span><\/b> <span lang=\"FR\">Quelque 83,5 pc     des Tunisiens \u00e9tablis \u00e0 l&rsquo;\u00e9tranger vivent en Europe, dont 57,8 pc en France,     indique lundi le quotidien tunisien \u00ab\u00a0Le Temps\u00a0\u00bb, pr\u00e9cisant que les pays     arabes accueillent 120.000 Tunisiens, dont 85.000 au Maghreb,     essentiellement en Libye. <\/span><\/p>\n<p> <span lang=\"FR\">\u00a0<\/span><\/p>\n<p> <span lang=\"FR\">Selon des     chiffres publi\u00e9s par ce journal, on compte actuellement plus de 930 000     \u00e9migr\u00e9s tunisiens dont pr\u00e8s de 24,5 pc sont des femmes (chiffres de 2004).     En France, leur pourcentage est estim\u00e9 \u00e0 38,2 pc. <\/span><\/p>\n<p> <span lang=\"FR\">\u00a0<\/span><\/p>\n<p> <span lang=\"FR\">L&rsquo;Italie est le     deuxi\u00e8me pays d&rsquo;accueil europ\u00e9en avec plus de 112 mille \u00e9migr\u00e9s. Dans les     pays du Golfe, la pr\u00e9sence des Tunisiens est domin\u00e9e par les coop\u00e9rants     techniques. <\/span><\/p>\n<p> <span lang=\"FR\">\u00a0<\/span><\/p>\n<p> <span lang=\"FR\">Les Etats-Unis     d&rsquo;Am\u00e9rique et le Canada repr\u00e9sentent une nouvelle destination pour     l&rsquo;\u00e9migration tunisienne. Ce sont surtout des \u00e9tudiants et des jeunes     dipl\u00f4m\u00e9s qui \u00e9migrent dans ces pays. <\/span><\/p>\n<p> <span lang=\"FR\">\u00a0<\/span><\/p>\n<p> <span lang=\"FR\">Selon ces     chiffres, on compte aussi plus de 128 mille familles dans les diff\u00e9rents     pays de l&rsquo;Europe avec une concentration en France et en Allemagne. <\/span> <\/p>\n<p> <span lang=\"FR\">\u00a0<\/span><\/p>\n<p> <span lang=\"FR\">Par ailleurs,     environ 7 pc des Tunisiens vivant en France ont plus de 60 ans. <\/span><\/p>\n<p> <span lang=\"FR\">\u00a0<\/span><\/p>\n<p> <span lang=\"FR\">Actuellement     48,9 pc de la communaut\u00e9 tunisienne vivant \u00e0 l&rsquo;\u00e9tranger font partie de la     deuxi\u00e8me et de la troisi\u00e8me g\u00e9n\u00e9ration. <\/span><\/p>\n<p> <span lang=\"FR\">\u00a0<\/span><\/p>\n<p> <span lang=\"FR\">Il existe     actuellement une population tunisienne install\u00e9e dans des structures     familiales. Ils reviennent pendant les vacances, mais pr\u00e9f\u00e8rent vivre dans     le pays o\u00f9 ils sont n\u00e9s et o\u00f9 ils ont v\u00e9cu.<\/span><\/p>\n<p> <strong><\/p>\n<hr\/>\n<p><\/strong> <\/p>\n<p>\u00a0<\/p>\n<p align=\"center\"> <b><span lang=\"FR\"><font size=\"3\">    Entr\u00e9 dans une maison pour la cambrioler \u2026 il finit par sauver toute une     famille d&rsquo;une morte certaine<\/font><\/span><\/b><\/p>\n<p> <span lang=\"FR\">MAP, le 02 Mai     2006 \u00e0 13h57<\/span><\/p>\n<p> <span lang=\"FR\">\u00a0<\/span><\/p>\n<p> <span lang=\"FR\">Tunis &#8211; Un     jeune, qui a r\u00e9ussi \u00e0 p\u00e9n\u00e9trer dans une maison dans le but de la cambrioler,     a fini par sauver l&rsquo;ensemble de ses occupants qui se trouvaient dans un \u00e9tat     d&rsquo;\u00e9vanouissement suite \u00e0 une inhalation de gaz. <\/span><\/p>\n<p> <span lang=\"FR\">\u00a0<\/span><\/p>\n<p> <span lang=\"FR\">Devant une telle     situation, le jeune voleur n&rsquo;a eu d&rsquo;autre choix que d&rsquo;ouvrir les fen\u00eatres en     vue d&rsquo;a\u00e9rer la maison, faire appel aux voisins pour l&rsquo;aider \u00e0 faire sortir     l&rsquo;ensemble des membres de la famille et les transporter imm\u00e9diatement \u00e0     l&rsquo;h\u00f4pital pour recevoir les premiers soins, rapporte mardi le quotidien     tunisien \u00ab\u00a0Assarih\u00a0\u00bb. <\/span><\/p>\n<p> <span lang=\"FR\">\u00a0<\/span><\/p>\n<p> <span lang=\"FR\">Qu&rsquo;elle ne fut     la surprise du jeune gar\u00e7on, qui a avou\u00e9 avoir voulu cambrioler la maison     pour simplement payer quelques dettes, lorsque les membres de la famille     victime, dans un geste noble, d\u00e9cid\u00e8rent de prendre les dettes de leur     sauveur \u00e0 leur charge. <\/span><\/p>\n<p> <span lang=\"FR\">\u00a0<\/span><\/p>\n<p> <span lang=\"FR\">Le quotidien ne     pr\u00e9cise cependant ni l&rsquo;identit\u00e9, ni l&rsquo;\u00e2ge de ce jeune qui s&rsquo;est comport\u00e9,     malgr\u00e9 lui, en bon secouriste. <\/span><\/p>\n<hr\/>\n<p> <span lang=\"FR\">\u00a0<\/span><\/p>\n<p><b> <span lang=\"FR\">\u00a0<\/span><\/b><\/p>\n<p align=\"center\"> <b><span lang=\"FR\"><font size=\"3\">    Cha\u00eenes TV arabes &#8230; audience des Tunisiens<\/font><\/span><\/b><\/p>\n<p align=\"center\"> <b><span lang=\"FR\"><font size=\"3\">    L&rsquo;ascension des cha\u00eenes TV arabes<\/font><\/span><\/b><\/p>\n<p><b> <span lang=\"FR\">    Par Hassen Zargouni (*)<\/span><\/b><\/p>\n<p><b> <span lang=\"FR\">\u00a0<\/span><\/b><\/p>\n<p> <span lang=\"FR\">Acc\u00e8s     d\u00e9mocratis\u00e9 \u00e0 la diffusion t\u00e9l\u00e9visuelle. Pr\u00e8s de 40% des foyers arabes     acc\u00e8dent actuellement aux cha\u00eenes diffus\u00e9es par satellite, ce taux s\u2019\u00e9l\u00e8vera     \u00e0 68% \u00e0 l\u2019horizon de 2010 (soit 41 millions de foyers arabes). Le nombre de     cha\u00eenes TV arabes a doubl\u00e9 depuis 2004 \u00e0 ce jour, elles sont actuellement au     nombre de 250 environ, dont 70% de cha\u00eenes th\u00e9matiques et 30% g\u00e9n\u00e9ralistes.<\/span><\/p>\n<p> <span lang=\"FR\">\u00a0<\/span><\/p>\n<p> <span lang=\"FR\">Actuellement,     pour cr\u00e9er une cha\u00eene TV th\u00e9matique, musicale ou autres, le budget moyen est     de l\u2019ordre de 5 millions de US$. La diffusion par satellite co\u00fbte environ     300.000 US$. Outre les recettes publicitaires th\u00e9oriques qui s\u2019\u00e9l\u00e8vent \u00e0     environ 2 milliards de US$ pour l\u2019ensemble des cha\u00eenes arabes (ce chiffre ne     tient pas compte des remises parfois importantes accord\u00e9es par les cha\u00eenes     TV aux annonceurs), le mod\u00e8le \u00e9conomique est de plus en plus bas\u00e9 sur     l\u2019interactivit\u00e9 et notamment les services \u00e0 valeur ajout\u00e9e tels que les     votes ou d\u00e9dicaces par SMS, jeux interactifs, alerte info sur le mobile,\u2026.<\/span><\/p>\n<p> <span lang=\"FR\">\u00a0<\/span><\/p>\n<p> <span lang=\"FR\">Une \u00e9mission     comme la \u00abNouvelle Star\u00bb (X factor de la compagnie am\u00e9ricaine Fremantle)     diffus\u00e9e sur Future TV (Groupe Hariri \u2013 Liban) a re\u00e7u du monde arabe un     nombre total d\u2019SMS en 2005 de l\u2019ordre de 10 millions, la cha\u00eene table sur     une pr\u00e9vision en 2006 de pr\u00e8s de 30 millions d\u2019SMS.<\/span><\/p>\n<p> <span lang=\"FR\">\u00a0<\/span><\/p>\n<p> <span lang=\"FR\">Le d\u00e9veloppement     du concept de ville d\u00e9di\u00e9e aux m\u00e9dias \u00e0 l\u2019instar de la Media City du Caire,     la pionni\u00e8re, et surtout la DMC \u2013Dubai Media City- a favoris\u00e9 la fulgurante     ascension du nombre de cha\u00eenes TV dans le monde arabe.<\/span><\/p>\n<p> <span lang=\"FR\">\u00a0<\/span><\/p>\n<p> <span lang=\"FR\">Cr\u00e9\u00e9e en 2001,     la DMC compte actuellement 960 entreprises du secteur, dont 135 Cha\u00eenes de     TV, 120 \u00e9diteurs de presse publiant 350 titres avec 12.000 employ\u00e9s. La     Jordanie, le Maroc et d\u2019autres pays du monde arabe investissent actuellement     dans de tel concept visant \u00e0 d\u00e9velopper l\u2019industrie de l\u2019audiovisuel, jug\u00e9e     rentable tant sur le plan financier que sur le plan de la prise de parole     par chaque pays\u2026<\/span><\/p>\n<p> <span lang=\"FR\">\u00a0<\/span><\/p>\n<p> <span lang=\"FR\">Des budgets     colossaux pour les cha\u00eenes d\u2019information. Avec un investissement de     d\u00e9marrage en 1996 de 150 millions de US$, le budget annuel actuel d\u2019Al     Jazeera est de 85 millions de US $, sa concurrente du groupe de m\u00e9dia     saoudien priv\u00e9 MBC a investi au d\u00e9marrage en 2003 pr\u00e8s de 200 millions de     US$. L\u2019\u00e9dition internationale d\u2019Al Jazeera, qui d\u00e9butera sa diffusion \u00e0 la     mi-2006, n\u00e9cessitera pr\u00e8s de 1 milliard de US$, elle comptera 250     journalistes issus de 30 pays diff\u00e9rents. Cette cha\u00eene visera 150 millions     de t\u00e9l\u00e9spectateurs potentiels, dont la majorit\u00e9 appartenant au continent     asiatique.<\/span><\/p>\n<p> <span lang=\"FR\">\u00a0<\/span><\/p>\n<p> <span lang=\"FR\">D\u2019autre part, la     BBC compte cr\u00e9er en 2007 une cha\u00eene TV informative, la BBC Arabe (bureaux \u00e0     Londres et au Caire) avec un budget de 35 millions de US$.<\/span><\/p>\n<p> <span lang=\"FR\">\u00a0<\/span><\/p>\n<p> <span lang=\"FR\">Al Hurra, cha\u00eene     gouvernementale am\u00e9ricaine, a d\u00e9marr\u00e9 en 2004 avec un budget de 62 millions     de US$ (budget vot\u00e9 annuellement par le Congr\u00e8s US). Cette cha\u00eene ne conna\u00eet     pas le succ\u00e8s escompt\u00e9, pour le moment, en termes d\u2019audience.<\/span><\/p>\n<p> <span lang=\"FR\">\u00a0<\/span><\/p>\n<p> <span lang=\"FR\">L\u2019audience de la     t\u00e9l\u00e9vision en Tunisie. Les enqu\u00eates par sondage effectu\u00e9es par SIGMA Conseil     pendant les mois de mars et avril 2006 et qui ont couvert l\u2019ensemble des     r\u00e9gions de la Tunisie ont montr\u00e9 une fois de plus une p\u00e9n\u00e9tration     relativement forte des cha\u00eenes nationales Tunis 7 (publique) et Hannibal TV     (priv\u00e9e) qui connaissent des taux d\u2019audience quotidien respectifs de 52.2%     et 21.5%. Elles son suivies par la cha\u00eene LBC avec un taux de 14.9% gr\u00e2ce \u00e0     son \u00e9mission phare \u00abStar Academy\u00bb, Rotana Cinema avec 10.3% et Al Jazeera     9.0%. Suivent derri\u00e8re la cha\u00eene de cin\u00e9ma MBC2 avec 5.3% de taux d\u2019audience     jour, 4.1% pour Rotana, la cha\u00eene musicale et 3.7% pour Abou Dhabi TV, la     cha\u00eene g\u00e9n\u00e9raliste des \u00e9mirats.<\/span><\/p>\n<p> <span lang=\"FR\">\u00a0<\/span><\/p>\n<p> <span lang=\"FR\">Les cha\u00eenes     fran\u00e7aises M6 et TF1 se placent respectivement \u00e0 la neuvi\u00e8me et dixi\u00e8me     position en termes d\u2019audience avec un taux quotidien de 3.0% chacune.<\/span><\/p>\n<p> <span lang=\"FR\">\u00a0<\/span><\/p>\n<p> <span lang=\"FR\">En moyenne, les     Tunisiens regardent la t\u00e9l\u00e9vision pendant 2 heures 50 et ils sont 93.2% \u00e0 la     regarder par jour. Les t\u00e9l\u00e9spectateurs de Tunis 7, la regardent en moyenne     pendant 59 minutes, ceux de Hannibal TV la regardent pendant 63 minutes. Sur     Tunis 7, trois \u00e9missions d\u00e9passent les 10% d\u2019audience. Dlilek Mlek (version     tunisienne de Deal or no Deal) regroupe 40% des Tunisiens tous soirs, on     retrouve apr\u00e8s le sitcom Choufli Hal avec un taux d\u2019audience \u00e0 chacune de     ses diffusions (le mercredi et vendredi en deuxi\u00e8me partie de soir\u00e9e) de     l\u2019ordre de 23% et enfin le journal t\u00e9l\u00e9vis\u00e9 de 20 heures qui r\u00e9alise un taux     d\u2019audience quotidien de 11.3%.<\/span><\/p>\n<p> <span lang=\"FR\">\u00a0<\/span><\/p>\n<p> <span lang=\"FR\">Sur Hannibal TV,     les trois \u00e9missions les plus regard\u00e9es sont dans l\u2019ordre le feuilleton     \u00e9gyptien du soir (8% de taux d\u2019audience), le r\u00e9sum\u00e9 quotidien de Star     Academy (Liban) avec un taux d\u2019audience au quotidien de 5% et enfin Souia     Sport qui regroupe 5% des Tunisiens \u00e0 sa diffusion.<\/span><\/p>\n<p> <span lang=\"FR\">\u00a0<\/span><\/p>\n<p> <span lang=\"FR\">Il est \u00e0     remarquer une relative homog\u00e9n\u00e9it\u00e9 du comportement des Tunisiens du Nord au     Sud, des r\u00e9gions littorales aux r\u00e9gions de l\u2019int\u00e9rieur. Les cha\u00eenes les plus     regard\u00e9es sont les m\u00eames et les \u00e9missions \u00e0 succ\u00e8s arrivent quasiment dans     le m\u00eame ordre.<\/span><\/p>\n<p> <span lang=\"FR\">\u00a0<\/span><\/p>\n<p> <span lang=\"FR\">    ________________________________<\/span><\/p>\n<p> <span lang=\"FR\">\u00a0<\/span><\/p>\n<p><i> <span lang=\"FR\">    Fiche technique : Enqu\u00eate par sondage r\u00e9alis\u00e9e par SIGMA Conseil, bureaux     d\u2019\u00e9tude sp\u00e9cialis\u00e9 en marketing et m\u00e9dias, en mars et avril 2006 dans les     gouvernorats de Tunis, Manouba, Ariana, Ben Arous, Beja, Bizerte, Gabes,     Gafsa, Kairouan, Le kef, Mehdia, Monastir, Nabeul, Sfax, Sidi Bouzid, Sousse     aupr\u00e8s d\u2019un \u00e9chantillon de 3.200 individus s\u00e9lectionn\u00e9s selon la m\u00e9thode des     quotas sur le sexe, l\u2019\u00e2ge, la zone d\u2019habitation et la cat\u00e9gorie     socioprofessionnelle (\u00e9talonn\u00e9s selon donn\u00e9es INS).<\/span><\/i><\/p>\n<p> <span lang=\"FR\">\u00a0<\/span><\/p>\n<p><b> <span lang=\"FR\">Pour une analyse     d\u00e9taill\u00e9e des donn\u00e9es de l\u2019enqu\u00eate nationale sur l\u2019audience de la     T\u00e9l\u00e9vision: <\/span><\/b><\/p>\n<p><b> <span lang=\"DE-CH\">    E-mail : <a href=\"mailto:media@e-sigmaconseil.com\">media@e-sigmaconseil.com<\/a><\/span><span lang=\"DE-CH\"> <\/span><\/b><\/p>\n<p><b> <span lang=\"DE-CH\">\u00a0<\/span><\/b><\/p>\n<p><b> <span lang=\"FR\">(*)     DG Sigma Conseil\u00a0: <a href=\"http:\/\/www.e-sigmaconseil.com\/\" target=\"_blank\" rel=\"noopener\">    www.e-sigmaconseil.com<\/a> \u00a0<\/span><\/b><\/p>\n<p><b> <span lang=\"FR\">\u00a0<\/span><\/b><\/p>\n<p><b> <span lang=\"FR\">    (Source\u00a0: <a href=\"http:\/\/www.webmanagercenter.com\/\" target=\"_blank\" rel=\"noopener\"> <span>www.webmanagercenter.com<\/span><\/a> , le 2 mai     2006 \u00e0 05h57) <\/span><\/b> <\/p>\n<\/div>\n<p> <\/font><\/p>\n<hr\/>\n<p align=\"justify\">\u00a0<\/p>\n<p align=\"center\"><b> <span lang=\"FR\">  Election du Conseil des droits de l&rsquo;homme<\/span><\/b><\/p>\n<p align=\"center\"><b> <span lang=\"FR\"><font size=\"3\">Les   candidats ne se bousculent pas au portillon<\/font><\/span><\/b><\/p>\n<p align=\"justify\">\u00a0<\/p>\n<p align=\"justify\"> <span lang=\"FR\">ATS, le 2 mai 2006   \u00e0 1<\/span><span dir=\"rtl\" lang=\"AR-SA\">6<\/span><span lang=\"FR\">h<\/span><span dir=\"rtl\" lang=\"AR-SA\">18<\/span><\/p>\n<p align=\"justify\"> <span lang=\"FR\">Gen\u00e8ve (ats) A une   semaine de l&rsquo;\u00e9lection des membres du nouveau Conseil des droits de l&rsquo;homme,   les candidats ne se bousculent pas au portillon. Seulement 64 pays ont fait   acte de candidature pour occuper les 47 si\u00e8ges du nouvel organe de l&rsquo;ONU.<\/span><\/p>\n<p align=\"justify\">\u00a0<\/p>\n<p align=\"justify\"> <span lang=\"FR\">L&rsquo;\u00e9lection a lieu   le 9 mai \u00e0 bulletin secret par les 191 membres de l&rsquo;Assembl\u00e9e g\u00e9n\u00e9rale de   l&rsquo;ONU \u00e0 New York. Les pays candidats doivent obtenir au moins 96 voix, soit la   majorit\u00e9 absolue des membres.<\/span><\/p>\n<p align=\"justify\">\u00a0<\/p>\n<p align=\"justify\"><b> <span lang=\"FR\">  Conseil plus pr\u00e9sentable<\/span><\/b><\/p>\n<p align=\"justify\">\u00a0<\/p>\n<p align=\"justify\"> <span lang=\"FR\">Selon le tableau   dress\u00e9 par le Haut Commissariat de l&rsquo;ONU aux droits de l&rsquo;homme, il n&rsquo;y a pas   pl\u00e9thore de candidats, ce qui devrait faciliter l&rsquo;\u00e9lection. Mis \u00e0 part Cuba,   les r\u00e9gimes les plus r\u00e9pressifs ont \u00e9vit\u00e9 de se lancer dans une course perdue   d&rsquo;avance.<\/span><\/p>\n<p align=\"justify\">\u00a0<\/p>\n<p align=\"justify\"> <span lang=\"FR\">A quelques   exceptions pr\u00e8s, le Conseil s&rsquo;annonce ainsi d&rsquo;ores et d\u00e9j\u00e0 beaucoup plus   pr\u00e9sentable que la d\u00e9funte Commission des droits de l&rsquo;homme, discr\u00e9dit\u00e9e par   la pr\u00e9sence de nombreuses dictatures.<\/span><\/p>\n<p align=\"justify\">\u00a0<\/p>\n<p align=\"justify\"> <span lang=\"FR\">Ainsi, treize pays   africains ont postul\u00e9 pour les treize si\u00e8ges du groupe africain. Parmi eux, on   ne trouve ni le Soudan, ni le Zimbabwe, ni la R\u00e9publique d\u00e9mocratique du Congo   (RDC), Etats connus pour violer les droits de l&rsquo;homme. Ils n&rsquo;auraient eu   aucune chance de passer la rampe.<\/span><\/p>\n<p align=\"justify\">\u00a0<\/p>\n<p align=\"justify\"> <span lang=\"FR\">L&rsquo;Alg\u00e9rie, la   Tunisie et le Maroc se pr\u00e9sentent en Afrique du Nord. Le Cameroun, Djibouti,   le Gabon, le Ghana, le Kenya, le Mali, l&rsquo;Ile Maurice, le Nigeria, le Senegal   et la Zambie ont fait \u00e9galement acte de candidature.<\/span><\/p>\n<p align=\"justify\">\u00a0<\/p>\n<p align=\"justify\"><b> <span lang=\"FR\">  Concurrence plus vive<\/span><\/b><\/p>\n<p align=\"justify\">\u00a0<\/p>\n<p align=\"justify\"> <span lang=\"FR\">La concurrence est   un peu plus vive pour le groupe asiatique: 18 pays se pr\u00e9sentent pour treize   si\u00e8ges. On y trouve les grands du continent, comme la Chine, l&rsquo;Inde, le Japon,   l&rsquo;Indon\u00e9sie, le Pakistan et quelques candidatures plus controvers\u00e9es: l&rsquo;Iran,   l&rsquo;Irak, l&rsquo;Arabie saoudite.<\/span><\/p>\n<p align=\"justify\">\u00a0<\/p>\n<p align=\"justify\"> <span lang=\"FR\">La comp\u00e9tition   s&rsquo;annonce \u00e9galement ouverte pour les six si\u00e8ges du groupe des pays d&rsquo;Europe   centrale et de l&rsquo;est avec treize pays candidats, dont la Russie. La plupart   (Pologne, Hongrie, Tch\u00e9quie, Etats baltes, Slov\u00e9nie) ne suscitent pas la   controverse.<\/span><\/p>\n<p align=\"justify\">\u00a0<\/p>\n<p align=\"justify\"> <span lang=\"FR\">Pour l&rsquo;Am\u00e9rique   latine et les Cara\u00efbes, onze pays se pr\u00e9sentent pour huit si\u00e8ges. Outre Cuba,   l&rsquo;Argentine, le Br\u00e9sil, l&rsquo;Equateur, le Guatemala, le Honduras, le Mexique, le   Nicaragua, le P\u00e9rou, l&rsquo;Uruguay et le Venezuela briguent un si\u00e8ge.<\/span><\/p>\n<p align=\"justify\">\u00a0<\/p>\n<p align=\"justify\"><b> <span lang=\"FR\">Peu   d&rsquo;Occidentaux<\/span><\/b><\/p>\n<p align=\"justify\">\u00a0<\/p>\n<p align=\"justify\"> <span lang=\"FR\">Relativement peu   de pays sont candidats pour les sept si\u00e8ges du groupe occidental: neuf en   tout, soit le Canada, la Finlande, la France, l&rsquo;Allemagne, la Gr\u00e8ce, les   Pays-Bas, le Portugal, la Suisse et la Grande-Bretagne. Les Etats-Unis ont   renonc\u00e9. Il faudra \u00e9liminer deux pays.<\/span><\/p>\n<p align=\"justify\">\u00a0<\/p>\n<p align=\"justify\"> <span lang=\"FR\">L&rsquo;\u00e9lection se   jouera en grande partie dans les coulisses, mais la Suisse, pays h\u00f4te du   Conseil et soutien r\u00e9solu de la r\u00e9forme, a toutes les chances de passer le cap   de la majorit\u00e9 absolue, selon des sources diplomatiques.<\/span><\/p>\n<p align=\"justify\">\u00a0<\/p>\n<p align=\"justify\"><strong> <span lang=\"FR\">  (Source: <\/span> <span lang=\"EN-US\"> <a href=\"http:\/\/www.romandie.ch\/\" target=\"_blank\" rel=\"noopener\"> <span lang=\"FR\">www.romandie.ch<\/span><\/a><\/span><\/strong><span lang=\"FR\"><strong>   , le 2 mai 2006)<\/strong><\/span><\/p>\n<p align=\"justify\"><strong><\/strong><\/p>\n<hr\/>\n<p align=\"justify\">\u00a0<\/p>\n<p> <font> <\/p>\n<div align=\"center\">\n<h2 style=\"color: red;\"><font size=\"3\"><b>-2- Entrevue avec le professeur Moncef Ben     Salem<\/b><\/font><\/h2>\n<\/div>\n<p align=\"justify\">   \u00a0<\/p>\n<p><font face=\"verdana,arial,helvetica\" size=\"2\"><strong>Par Mohammed   \u064f\u064fElfadhel<\/strong> <\/font><\/p>\n<div align=\"center\"> <font face=\"verdana,arial,helvetica\" size=\"1\">mis en ligne     le lundi 1er mai 2006 <\/font> <\/div>\n<p> <\/font><center> <\/p>\n<p> <img fetchpriority=\"high\" decoding=\"async\" height=\"345\" src=\"http:\/\/www.nawaat.org\/portail\/IMG\/jpg\/moncef_ben_salem.jpg\" width=\"258\"\/><\/p>\n<p> <\/center> <\/p>\n<p><strong>Traduit de l\u2019arabe par Luiza Toscane<\/strong><\/p>\n<p> <font><\/font><center> <\/p>\n<p><b>Deuxi\u00e8me partie<\/b><\/p>\n<p> <\/center><center> <\/p>\n<p> <a href=\"http:\/\/www.nawaat.org\/portail\/article.php3?id_article=988\" target=\"_blank\" rel=\"noopener\">  1<\/a> | 2 |  <a href=\"http:\/\/www.nawaat.org\/portail\/article.php3?id_article=990\" target=\"_blank\" rel=\"noopener\">  3<\/a><\/p>\n<p> <\/center><font> <\/p>\n<p>\u00a0<\/p>\n<p align=\"justify\">Au nom de Dieu le tout puissant le tr\u00e8s   mis\u00e9ricordieux<\/p>\n<p align=\"justify\"><strong>Au terme de dix huit ans,   quelle \u00e9valuation faites-vous de la situation scientifique en Tunisie avant et   apr\u00e8s 1987\u00a0?<\/strong><\/p>\n<p align=\"justify\">J\u2019ai \u00e9t\u00e9 membre de l\u2019Union des Physiciens et   math\u00e9maticiens arabes. Il s\u2019agit la plus grande institution scientifique du   monde arabe. En m\u00eame temps, j\u2019\u00e9tais membre du comit\u00e9 des amis des arabes au   centre international de physique th\u00e9orique, d\u00e9pendant de l\u2019agence   internationale pour l\u2019\u00e9nergie atomique de l\u2019UNESCO. Nous devions \u00e9valuer la   recherche scientifique dans le monde arabe. A la fin des ann\u00e9es 70 et au d\u00e9but   des ann\u00e9es 80, les pays en t\u00eate du classement \u00e9tait le Liban, la Jordanie.   Tunis figurait \u00e0 la dixi\u00e8me place du monde arabe en ce qui concerne la   production scientifique. Et pour un nombre d\u2019habitants faible, c\u2019\u00e9tait tr\u00e8s   honorable, d\u2019autant que les recherches \u00e9taient excellentes et sont pass\u00e9es,   sans avoir \u00e0 s\u2019en vanter, du point de vue scientifique, \u00e0 la premi\u00e8re place.   Le ministre de la D\u00e9fense syrien, Monsieur Moustapha Tlass, m\u2019a dit une fois   \u00ab\u00a0je parle toujours de vous \u00e0 mes \u00e9tudiants et je voudrais me procurer vos   recherches pour leur pr\u00e9senter\u00a0\u00bb et de fait il \u00e9tait fier de la production   scientifique des Tunisiens. Une fois, j\u2019\u00e9tais en pr\u00e9sence d\u2019un acad\u00e9micien   italien, je lui ai sorti de mon cartable le sujet de l\u2019examen que je pr\u00e9parais   pour nos \u00e9tudiants. Il m\u2019a demand\u00e9 \u00e0 le lire pour le comparer avec ce qu\u2019on   pr\u00e9sentait \u00e0 leurs \u00e9tudiants en Italie. Et il lui a sembl\u00e9 que le niveau de   l\u2019examen pour les \u00e9tudiants en Tunisie \u00e9tait plus \u00e9lev\u00e9 que celui des examens   en Italie cette ann\u00e9e-l\u00e0. Il n\u2019y a pas seulement eu destruction de ce niveau,   mais il y a eu des d\u00e9tachements op\u00e9r\u00e9s via des interventions personnelles et   politiques et une subornation mat\u00e9rielle dont l\u2019objectif \u00e9tait de d\u00e9truire ce   niveau scientifique. La plupart de ceux qui ont \u00e9t\u00e9 nomm\u00e9s ne m\u00e9ritaient pas   d\u2019enseigner \u00e0 l\u2019universit\u00e9. Je le dis en toute franchise. Lorsque nous \u00e9tions   \u00e0 la commission de d\u00e9tachement de l\u2019enseignement sup\u00e9rieur, il y avait plus de   cinquante postes vides et le nombre des candidats ne d\u00e9passait pas les vingt,   en fonction de l\u2019offre et de la demande, supposons que tous r\u00e9ussissent. Mais   nous n\u2019autorisions que cinq ou sept candidats, car nous n\u2019autorisions pour   enseigner \u00e0 l\u2019Universit\u00e9 que ceux qui pr\u00e9sentaient la comp\u00e9tence scientifique   requise, au point qu\u2019alors que je poussais \u00e0 engager l\u2019un des candidats car il   y avait quantit\u00e9 de postes vacants, un coll\u00e8gue m\u2019a dit, je m\u2019en souviens   encore, c\u2019\u00e9tait Mohammed Amara\u00a0: \u00ab\u00a0Mieux vaut un local d\u00e9saffect\u00e9 que mal   lou\u00e9\u00a0\u00bb. A l\u2019\u00e9poque, comment \u00e9tions-nous affect\u00e9s \u00e0 l\u2019universit\u00e9\u00a0?   Personnellement, je travaillais dix fois plus qu\u2019on me le demandait ainsi qu\u2019\u00e0   mes coll\u00e8gues. O\u00f9 est pass\u00e9 ce niveau maintenant\u00a0? Lorsque je lis les cours de   mon fils ou ses cahiers de travaux pratiques ou encore les expos\u00e9s, je suis   constern\u00e9, car l\u2019enseignement est la colonne vert\u00e9brale de toute nation, qui   produit ses m\u00e9decins, ses professeurs, ses politiciens, etc\u2026<\/p>\n<p align=\"justify\"><strong>En r\u00e8gle g\u00e9n\u00e9rale, il n\u2019y   a pas d\u2019enseignement sans politique \u00e9ducative. Et si le niveau en Tunisie est   arriv\u00e9 \u00e0 un tel point en comparaison avec le pass\u00e9, cela veut dire que   derri\u00e8re cette r\u00e9alit\u00e9 il y a une politique, ce qui voudrait dire que cet \u00e9tat   de fait est voulu ou non\u00a0?<\/strong><\/p>\n<p align=\"justify\">En effet, l\u2019intervention politique est claire   et \u00e9vidente, particuli\u00e8rement en ce qui concerne les mati\u00e8res litt\u00e9raires. Il   existe un texte d\u2019Ali Douagi, qui enseigne en cinqui\u00e8me ann\u00e9e primaire et en   huiti\u00e8me ann\u00e9e pr\u00e9paratoire et en troisi\u00e8me ann\u00e9e secondaire. Pourquoi ce   texte pour trois niveaux\u00a0? En fait, la religion y est tourn\u00e9e en d\u00e9rision. Ce   texte se moque de celui qui enseigne le Coran et touche de la part de ses   \u00e9l\u00e8ves une contribution financi\u00e8re. Qui est ce Ali Douagi\u00a0? Il fait partie du   groupe de \u00ab\u00a0Taht Essour\u00a0\u00bb qui se saoulent, \u00e9gorgent des chats pour les manger   et ramassent les m\u00e9gots et disent \u00ab\u00a0le malheur des uns fait le bonheur des   autres\u00a0\u00bb. Ils donnaient de noms aux petits et aux grands m\u00e9gots. Ali Douagi a   re\u00e7u la d\u00e9coration de la r\u00e9alisation culturelle \u00e0 l\u2019\u00e8re du 7 novembre au plus   haut niveau du pouvoir. Honte \u00e0 la Tunisie qui d\u00e9core les clochards et les   idiots et ignore les scientifiques. Moi, je n\u2019ai b\u00e9n\u00e9fici\u00e9 d\u2019aucun honneur \u00e0   c\u00f4t\u00e9 de ce Ali Douagi\u00a0!!<\/p>\n<p align=\"justify\">Cette intervention politique dans la   litt\u00e9rature est s\u00fbrement justifi\u00e9e\u2026 mais quelle est sa justification d\u00e8s lors   qu\u2019il s\u2019agit de math\u00e9matiques ou de chimie\u00a0? Je demande \u00e0 la commission   responsable des programmes\u00a0: si vous aviez confiance dans ces programmes,   pourquoi alors envoyez-vous vos enfants au lyc\u00e9e de Mutuelleville et non dans   les \u00e9coles tunisiennes\u00a0? Les programmes de r\u00e9forme de l\u2019enseignement ont \u00e9t\u00e9   l\u2019\u0153uvre de Mohammed Charfi. Lui-m\u00eame a racont\u00e9 comment il est entr\u00e9 au   minist\u00e8re\u00a0: le pr\u00e9sident de la R\u00e9publique l\u2019a re\u00e7u, lui et ses camarades, au   palais, en tant que secr\u00e9taire g\u00e9n\u00e9ral de la Ligue Tunisienne de D\u00e9fense des   Droits de l\u2019Homme. Le pr\u00e9sident a parl\u00e9 du terrorisme et des terroristes. Puis   Charfi a dit, -il le reconna\u00eet-, qu\u2019il proposait une r\u00e9forme de l\u2019enseignement   pour que l\u2019enseignement prenne ses distances avec le terrorisme. Le pr\u00e9sident   lui a dit qu\u2019il le chargeait de cela, ce que Charfi a accept\u00e9 et il a \u00e9t\u00e9   nomm\u00e9 ministre de l\u2019Education essentiellement pour combattre le dit   terrorisme. Ses vieux camarades de la m\u00eame famille de pens\u00e9e s\u2019en sont   rapproch\u00e9s. Le pouvoir a eu la partie facile avec les \u00e9tudiants dans   l\u2019enseignement sup\u00e9rieur car l\u2019\u00e9tudiant a eu le droit de d\u2019\u00eatre recal\u00e9 \u00e0   plusieurs reprises\u00a0; dans l\u2019enseignement primaire et secondaire, les   programmes scientifiques ont diminu\u00e9 au profit de mati\u00e8re de culture g\u00e9n\u00e9rale,   d\u2019accompagnement de la culture du r\u00e9gime. Le lyc\u00e9en termine sa scolarit\u00e9 dans   le secondaire et ne dispose d\u2019aucun bagage scientifique. Cette faiblesse   scientifique se r\u00e9percute au niveau de l\u2019Universit\u00e9, qui est oblig\u00e9e de revoir   \u00e0 la baisse ses pr\u00e9tentions et de r\u00e9viser ses programmes. Il y a eu un nombre   important de nominations de professeurs qui n\u2019avaient pas le niveau pour   enseigner \u00e0 l\u2019Universit\u00e9. Actuellement, on trouve \u00e0 l\u2019Universit\u00e9 quelqu\u2019un qui   s\u2019est pr\u00e9sent\u00e9 \u00e0 notre \u00e9poque \u00e0 la commission des affectations et que nous   avions refus\u00e9 \u00e0 quatre reprises pour incomp\u00e9tence. J\u2019ai appris qu\u2019il est   devenu un des \u00e9minents professeurs \u00e0 l\u2019Universit\u00e9. Lorsque Mohammed Mzali   \u00e9tait ministre, son gendre s\u2019est pr\u00e9sent\u00e9 \u00e0 la commission d\u2019affectation. A   l\u2019\u00e9poque il enseignait de fa\u00e7on provisoire \u00e0 la facult\u00e9 de sciences de   Monastir. La commission \u00e9tait r\u00e9unie et Mohammed Mzali nous t\u00e9l\u00e9phonait pour   nous demander de l\u2019aide, mais nous l\u2019avons refus\u00e9, et ce \u00e0 trois reprises.   Nous n\u2019en avons pas \u00e9t\u00e9 punis, nous n\u2019avons pas entendu le moindre reproche de   la part de monsieur Mzali. J\u2019ai \u00e9t\u00e9 charg\u00e9 par la commission de pr\u00e9parer le   rapport, comme c\u2019est le cas pour chaque candidat que nous testons. J\u2019ai r\u00e9dig\u00e9   un rapport n\u00e9gatif. Nos jugements \u00e9taient purement scientifiques et ne   tenaient pas compte des aspects personnels. L\u2019enseignement tout entier, du   primaire \u00e0 l\u2019Universit\u00e9, est corrompu actuellement.<\/p>\n<p align=\"justify\"><strong>Professeur, autre chose,   votre orientation intellectuelle et politique, en g\u00e9n\u00e9ral on en dit qu\u2019elle   est r\u00e9actionnaire et obscurantiste, et pourtant cette orientation vous a   permis de d\u00e9crocher un nombre impressionnant de dipl\u00f4mes scientifiques, et des   institutions scientifiques de renomm\u00e9e internationale ont reconnu votre   comp\u00e9tence scientifique sp\u00e9cialis\u00e9e. Peut-\u00eatre votre libert\u00e9 et votre renomm\u00e9e   au niveau mondial ont-ils contribu\u00e9 \u00e0 faire tomber tous les qualificatifs   cr\u00e9\u00e9s par le r\u00e9gime contre vous qui voudrait ne vous voir reconnu que comme   obscurantiste, r\u00e9actionnaire et terroriste, qu\u2019en dites-vous\u00a0?<\/strong><\/p>\n<p align=\"justify\">Je me souviens des propos de l\u2019ambassadeur   d\u2019Allemagne en Tunisie, Wolfgang Tenite, qui m\u2019a soutenu et m\u2019a dit un jour\u00a0:   \u00ab\u00a0honte \u00e0 l\u2019Allemagne qui vous abandonne \u00e0 votre mis\u00e8re, l\u2019ambassade est \u00e0   votre entier et plein service\u00a0\u00bb. Et il m\u2019a dit aussi\u00a0: \u00ab\u00a0Nous, en occident,   nous combattons la pens\u00e9e islamique, mais lorsque nous entendons que dans le   mouvement islamique en Tunisie, il y a quelqu\u2019un comme vous, nous sommes   apais\u00e9s, et encourag\u00e9s \u00e0 dialoguer avec ce mouvement et \u00e0 combattre les   rapports qui nous parviennent\u00a0\u00bb. L\u2019ambassadeur du Canada m\u2019a dit \u00e9galement\u00a0:   \u00ab\u00a0J\u2019\u00e9tais directeur au minist\u00e8re des Affaires Etrang\u00e8res du Canada, et j\u2019ai lu   \u00e0 votre propos dans les rapports scientifiques canadiens. J\u2019aurais voulu vous   rencontrer. D\u00e8s que j\u2019ai \u00e9t\u00e9 nomm\u00e9 ambassadeur en Tunisie, je suis venu vous   voir sans plus attendre, je n\u2019ai pas encore pr\u00e9sent\u00e9 mes lettres   d\u2019accr\u00e9ditation et je n\u2019ai pas encore rencontr\u00e9 le pr\u00e9sident de la   R\u00e9publique\u00a0\u00bb. Il m\u2019a montr\u00e9 un cahier et m\u2019a dit\u00a0: \u00ab\u00a0J\u2019ai l\u2019honneur de vous   pr\u00e9senter en premier mes lettres d\u2019accr\u00e9ditation\u00a0\u00bb. J\u2019\u00e9tais en prison quand   m\u2019a l a rendu visite \u00e0 un prisonnier canadien qui \u00e9tait avec moi en cellule.   Il a insist\u00e9 aupr\u00e8s du directeur de la prison pour qu\u2019il l\u2019autorise \u00e0 me faire   passer des p\u00e2tisseries par le prisonnier canadien. L\u2019introduction de   p\u00e2tisseries \u00e9tait interdite en prison en Tunisie et l\u2019ambassadeur a forc\u00e9 le   Canadien \u00e0 dire que les p\u00e2tisseries \u00e9taient pour Moncef Ben Salem et non pour   lui.<\/p>\n<p align=\"justify\">Au minist\u00e8re de l\u2019Int\u00e9rieur, le responsable de   services sp\u00e9ciaux m\u2019a dit\u00a0: \u00ab\u00a0vous voulez faire revenir la Tunisie quatorze   si\u00e8cles en arri\u00e8re\u00a0\u00bb. Je lui ai r\u00e9pondu\u00a0: \u00ab\u00a0Je ne pense pas que mes dipl\u00f4mes   fassent revenir la Tunisie en arri\u00e8re\u00a0\u00bb. Il m\u2019a dit que le peuple tunisien me   ha\u00efssait. Je lui ai r\u00e9torqu\u00e9 que si le peuple tunisien me ha\u00efssait, et bien   qu\u2019il me remette entre les mains du peuple, qui me tuera. Je lui ai propos\u00e9   une confrontation simple s\u2019il le voulait\u00a0: \u00ab\u00a0d\u00e9posez-moi avenue Bourguiba \u00e0   une heure d\u2019affluence et \u00e9crivez mon nom, Moncef Ben Salem, et choisissez   votre meilleur orateur, mettez-le en face de moi, pr\u00e8s de la statue d\u2019Ibn   Khaldoun et qu\u2019il s\u2019adresse aux gens comme il l\u2019entendra, vous verrez que les   gens choisiront Moncef Ben Salem, car les gens propres sont avec Dieu et ne le   remplaceront par aucune alternative\u00a0\u00bb. Quant aux propos qui veulent que si je   n\u2019\u00e9tais pas islamiste, les solutions seraient simples et rapides, c\u2019est vrai,   j\u2019ai \u00e9t\u00e9 convoqu\u00e9 en prison pour rencontrer le ministre de la D\u00e9fense\u00a0: \u00ab\u00a0Il   est arriv\u00e9 pour vous des revues scientifiques, de quoi remplir deux camions.   Je veux savoir ce que vous en faites\u00a0\u00bb Je lui ai r\u00e9pondu\u00a0: \u00ab\u00a0Pour le moment,   elles sont chez vous, c\u2019est vous qui pouvez en faire des fus\u00e9es et des   chars\u00a0!!! Il m\u2019a dit \u00ab\u00a0Vous auriez pu \u00eatre doyen\u00a0\u00bb Je lui ai r\u00e9pondu\u00a0: \u00ab\u00a0le   doyen n\u2019a pas de niveau, tous ceux qui sont pr\u00e9sent\u00e9s par le parti peuvent   devenir doyens, moi je ne d\u00e9sire que faire de la recherche\u00a0\u00bb.<\/p>\n<p align=\"justify\"><strong>Mais comment ce r\u00e9gime   a-t-il pu domestiquer les cadres et l\u2019\u00e9lite scientifique en Tunisie, qui n\u2019a   contribu\u00e9 en rien \u00e0 la science et qui a jou\u00e9 le r\u00f4le de la brosse \u00e0 reluire du   r\u00e9gime dans les assembl\u00e9es scientifiques et politiques\u00a0?<\/strong><\/p>\n<p align=\"justify\">En r\u00e9alit\u00e9, le r\u00e9gime l\u2019a domestiqu\u00e9e et l\u2019a   charg\u00e9e de fonctions dans le social, l\u2019\u00e9conomique, et lui a confi\u00e9 la charge   de faire reluire son image. Mais en ce qui concerne la science et les   scientifiques si nous comparons avec l\u2019\u00e9poque de Bourguiba, lorsqu\u2019on   affectait un professeur assistant, il \u00e9tait convoqu\u00e9 chez Bourguiba avec le   ministre et Bourguiba signait l\u2019ordre d\u2019affectation en pr\u00e9sence de   l\u2019enseignant. La nouvelle de la nomination par Bourguiba d\u2019un professeur   assistant \u00e9tait transmise par la radio car une nomination \u00e9tait une d\u00e9cision   pr\u00e9sidentielle. La premi\u00e8re nomination faite par Bourguiba d\u2019un professeur   assistant en Tunisie a \u00e9t\u00e9 la mienne, mais je n\u2019ai pas assist\u00e9 \u00e0 la signature,   car j\u2019ai su que Bourguiba avait lu un rapport disant que j\u2019\u00e9tais religieux,   pr\u00e9dicateur du vendredi et que j\u2019avais souvent critiqu\u00e9 Bourguiba lors du   pr\u00eache. Pourtant Bourguiba n\u2019a pas cherch\u00e9 \u00e0 me nuire, ni \u00e0 moi, ni \u00e0 mes   recherches, ni \u00e0 mes \u00e9moluments. Il y avait chez lui un reliquat de culture.   Il \u00e9tait avocat et peut-\u00eatre sa part de culture l\u2019a-t-elle emp\u00each\u00e9 de franchir   des lignes rouges, mais le r\u00e9gime actuel a franchi toutes les lignes rouges.   C\u2019est un r\u00e9gime anti-culture, ignorant. Il aurait pu profiter de ma pr\u00e9sence \u00e0   l\u2019universit\u00e9 pour \u00e9viter tous ces scandales. J\u2019enseignais \u00e0 la facult\u00e9 des   sciences lorsque j\u2019ai \u00e9t\u00e9 incarc\u00e9r\u00e9, j\u2019ai entendu un bulletin d\u2019informations.   J\u2019avais \u00e9t\u00e9 remplac\u00e9 par quatorze professeurs. Et lorsque je suis sorti de   prison pour assurer ma surveillance, il y avait trois brigades, chacune   d\u2019entre elles me surveillant pendant huit heures, et se rempla\u00e7ant. De six   heures \u00e0 deux heures de l\u2019apr\u00e8s midi, puis jusqu\u2019\u00e0 dix heures du soir. Ils   appelaient ce travail une \u00ab\u00a0mission\u00a0\u00bb et moi, j\u2019\u00e9tais leur \u00ab\u00a0cible\u00a0\u00bb. Un jour,   je leur ai demand\u00e9\u00a0: \u00ab\u00a0Mon Dieu, calculez les d\u00e9penses affect\u00e9es \u00e0 ma   surveillance\u00a0: t\u00e9l\u00e9phones, cellulaires, papiers, voitures\u00a0\u00bb. Ils m\u2019ont   r\u00e9pondu\u00a0: \u00ab\u00a0Pas moins de huit mille dinars cinq cent par mois\u00a0\u00bb Cela a dur\u00e9   huit ans et deux mois. Sans parler de la terreur qu\u2019il ont r\u00e9pandu chez les   voisins et les scandales devant les \u00e9trangers.<\/p>\n<p align=\"justify\">Un Am\u00e9ricain est venu me rendre visite. Il en   a \u00e9t\u00e9 emp\u00each\u00e9. C\u2019\u00e9tait un journaliste de la BBC. Ils l\u2019ont renvoy\u00e9. Un autre   Am\u00e9ricain est venu en louage et a tourn\u00e9 autour de la maison assi\u00e9g\u00e9e et puis   est reparti. Il m\u2019a t\u00e9l\u00e9phon\u00e9 depuis le Maroc pour m\u2019informer qu\u2019il \u00e9tait venu   et qu\u2019il n\u2019avait pu approcher de chez moi du fait de la surveillance. Il m\u2019a   donn\u00e9 des d\u00e9tails sur l\u2019importance de cette surveillance pour m\u2019assurer de sa   sinc\u00e9rit\u00e9 et de sa d\u00e9termination \u00e0 tout tenter pour me voir.<\/p>\n<p align=\"justify\">Une autre fois, mon fr\u00e8re est venu avec son   camion. Un agent de la s\u00fbret\u00e9 l\u2019a fait arr\u00eater pour contr\u00f4ler le camion. Je   lui ai demand\u00e9 pourquoi. Il m\u2019a r\u00e9pondu que peut-\u00eatre parce qu\u2019il avait   apport\u00e9 un sac de bl\u00e9. Je lui ai r\u00e9pondu qu\u2019alors le but de l\u2019encerclement   \u00e9tait de m\u2019affamer. Il m\u2019a dit \u00ab\u00a0Docteur, nous n\u2019appliquons pas l\u2019enti\u00e8ret\u00e9   des directives, et si nous le faisions, ce serait encore plus dur\u00a0\u00bb .Je lui ai   dit\u00a0: \u00ab\u00a0Si vous appliquiez les directives, je vivrais comment\u00a0?\u00a0\u00bb Il m\u2019a   r\u00e9pondu, d\u00e9sol\u00e9\u00a0: \u00ab\u00a0Vous mangeriez la terre\u00a0\u00bb. Est-ce qu\u2019on attend d\u2019un r\u00e9gime   qui a de telles pratiques un dialogue\u00a0? Cet encerclement est peut-\u00eatre plus   l\u00e9ger que celui que supportent des milliers de Tunisiens, Et bien que   j\u2019affronte un si\u00e8ge d\u00e9cid\u00e9 au plus haut niveau, les journaux parlent de moi,   les articles, les antennes satellitaires, les organisations me d\u00e9fendent comme   des personnalit\u00e9s au niveau mondial, des diplomates, des pr\u00e9sidents comme   Chirac, toutes choses qui m\u2019apportent un peu d\u2019oxyg\u00e8ne. Beaucoup de Tunisiens   opprim\u00e9s n\u2019ont pas ces soutiens. Il y a quelqu\u2019un qui a pass\u00e9 en prison   dix-neuf ans\u00a0: Abderrazak Mazgarichou, pourtant personne ne parle de lui ni ne   prend sa d\u00e9fense. Je vous assure que quelqu\u2019un qui a ma stature politique est   condamn\u00e9 \u00e0 perp\u00e9tuit\u00e9\u00a0: c\u2019est Sadok Chourou. C\u2019est l\u2019un des meilleurs   scientifiques de Tunisie, qui est reconnu au niveau mondial. Actuellement, il   est \u00e0 la prison de Borj Er Roumi. Ahmed Labiadh, de l\u2019\u00e9lite chirurgicale, a   \u00e9t\u00e9 condamn\u00e9 \u00e0 vingt ans. Sa femme est d\u00e9c\u00e9d\u00e9e, et ses enfants sont dispers\u00e9s\u2026<\/p>\n<p align=\"justify\"><font><strong>(Source: Le Site   de <\/strong><\/font><a href=\"\" target=\"_blank\" rel=\"noopener\"><font face=\"Arial\"> <strong>www.nawaat.org<\/strong><\/font><\/a><font face=\"Arial\"><strong>   le\u00a0 le 1er mai 2006 )<\/strong><\/font> <\/p>\n<p><\/font><\/div>\n<p><font face=\"Arial\" size=\"2\"><\/p>\n<div>\n<hr\/>\n<\/div>\n<div>  \u00a0<\/div>\n<div>\n<p align=\"center\"> <span lang=\"FR\"><b>A propos de \u00abl\u2019Alliance Maghr\u00e9bine pour   la D\u00e9mocratie\u00bb (AMD)<\/b><\/span><\/p>\n<p> <font face=\"Arial\"> <\/p>\n<p align=\"center\"><b> <span lang=\"FR\">Dissoudre ou diluer\u00a0???<\/span><\/b><\/p>\n<p> <\/font><font face=\"Arial\" size=\"2\"><font size=\"2\"> <\/p>\n<p align=\"justify\">\u00a0<\/p>\n<p align=\"justify\"> <span lang=\"FR\"><font face=\"Arial\">Il va de soi, pour une raison morale que de   principe, de respecter les intentions des autres ainsi que leur(s) acte(s),   tout en sachant que nul ne peut pr\u00e9tendre disposer de cette \u00abpr\u00e9tendue v\u00e9rit\u00e9   absolue\u00bb qui a \u00e9t\u00e9 le leitmotiv de tous ceux qui ont voulu monopoliser la   parole ou l\u2019action.<\/font><\/span><\/p>\n<p align=\"justify\">\u00a0<\/p>\n<p align=\"justify\"> <span lang=\"FR\"><font face=\"Arial\">Une action \u00e0 l\u2019instar de \u00abl\u2019Alliance   Maghr\u00e9bine pour la D\u00e9mocratie\u00bb <b>(AMD)<\/b>, ne peut \u00eatre que respect\u00e9e et   m\u00eame prise au s\u00e9rieux dans la mesure que cette r\u00e9gion vit non pas \u00aben dehors   du temps\u00bb mais plut\u00f4t \u00absous le temps\u00bb tellement que le respect de l\u2019individu   et de son droit [total et absolu], ont fait du chemin \u00e0 travers le monde, sans   que cette r\u00e9gion ne soit encore engag\u00e9e \u2013 vraiment \u2013 dans ce processus. Nous   dirons m\u00eame plus \u00e0 propos du AMD, que notre culture maghr\u00e9bine nous a bien   appris \u2013 \u00e0 force de cette s\u00e9cheresse cyclique \u2013 que les gouttes font les   petits ruisseaux et que ces derniers engendrent les grands torrents\u00a0!!!   [Esp\u00e9rons]<\/font><\/span><\/p>\n<p align=\"justify\">\u00a0<\/p>\n<p align=\"justify\"> <span lang=\"FR\"><font face=\"Arial\">N\u00e9anmoins, nous ne pouvons admettre le   texte fondateur de l\u2019AMD comme \u00e9tant une simple d\u00e9claration d\u2019intention, mais   bel et bien \u00abun vrai et r\u00e9el projet\u00bb engendrant un vrai et r\u00e9el vouloir de   changement et de ce fait, les termes, les sens, les projections et m\u00eames les   extrapolations possibles ont \u00e9t\u00e9 bien \u00e9tudi\u00e9s et m\u00eame sujet \u00e0 une large   discussion [nous supposons]. Il va de soi qu\u2019il suscite un d\u00e9bat et engage une   concertation.<\/font><\/span><\/p>\n<p align=\"justify\">\u00a0<\/p>\n<p align=\"justify\"> <span lang=\"FR\"><font face=\"Arial\">Nous remarquons en pr\u00e9ambule une   \u00abdiff\u00e9rentiation\u00bb entre \u00ab<b><i>les amazighs &#8211; ses premiers habitants &#8211; et les   Maghr\u00e9bins de langue arabe<\/i><\/b>\u00bb, ce qui laisse \u00e0 penser ou m\u00eame \u00e0   pol\u00e9miquer concernant ces deux \u00abconcepts\u00bb.<\/font><\/span><\/p>\n<p align=\"justify\">\u00a0<\/p>\n<p align=\"justify\"> <span lang=\"FR\"><font face=\"Arial\">Devons-nous comprendre que les \u00abamazighs\u00bb   [un a minuscule\u00a0!!!] ne sont pas et ne peuvent \u00eatre des \u00abMaghr\u00e9bins\u00bb [un M   majuscule\u00a0!!!]\u00a0??? Ou devons-nous comprendre que les \u00abamazighs\u00bb sont des   \u00abMaghr\u00e9bins\u00bb non \u00abarabophones\u00bb??? Sans vouloir faire de cette question une   \u00ablabyrinthe\u00bb, nous osons demander pourquoi le(s) r\u00e9dacteur(s) de texte a(ont)   eu peur d\u2019admettre une coexistante entre \u00abArabes\u00bb et \u00abAmazighs\u00bb\u00a0???<\/font><\/span><\/p>\n<p align=\"justify\">\u00a0<\/p>\n<p align=\"justify\"> <span lang=\"FR\"><font face=\"Arial\">Nous constatons bel et bien une   \u00absimplification\u00bb assez \u00abr\u00e9ductrice\u00bb de l\u2019histoire maghr\u00e9bine: Admettre que   cette r\u00e9gion a \u00e9t\u00e9 un creuset de civilisations, ne peut nous conduire [ou   peut-\u00eatre nous obliger], \u00e0 mettre l\u2019\u00e9quation \u00e0 un degr\u00e9 \u00abprimaire\u00bb\u00a0!!!<\/font><\/span><\/p>\n<p align=\"justify\">\u00a0<\/p>\n<p align=\"justify\"> <span lang=\"FR\"><font face=\"Arial\">Les intellectuels ne doivent admettre [ou   refuser] une position par pur instinct id\u00e9ologique ou sur la base de   sp\u00e9culations \u00abpolitico-associatives\u00bb. L\u2019histoire ne peut \u00abse jouer\u00bb \u00e0 travers   des \u00abcompromis\u00bb ou \u00eatre r\u00e9duite en \u00abun pourcentage de compromis\u00bb. Le fond   social et humain de cette r\u00e9gion reste largement ancr\u00e9 et m\u00eame attach\u00e9 \u00e0 ses   racines et sa v\u00e9rit\u00e9 historique.<\/font><\/span><\/p>\n<p align=\"justify\">\u00a0<\/p>\n<p align=\"justify\"> <span lang=\"FR\"><font face=\"Arial\">Nous devons dire que nous ne pouvons juger   les intentions des signataires ou pr\u00e9tendre \u00e0 \u00abscanner\u00bb les desseins des uns   et des autres, mais seulement pr\u00e9senter une lecture parmi d\u2019autres, d\u2019un texte   rendu public, surtout que nous constatons un d\u00e9sir r\u00e9el de \u00abniveler par le   bas\u00bb et une recherche acharn\u00e9e \u00e0 dissoudre cette dimension pr\u00e9dominante du   Maghreb, \u00e0 travers une vision qui se veut \u00abg\u00e9n\u00e9rique\u00bb et porteuse d\u2019une   intention \u00abr\u00e9conciliatrice\u00bb de cette r\u00e9gion avec son pass\u00e9\u00a0!!!<\/font><\/span><\/p>\n<p align=\"justify\">\u00a0<\/p>\n<p align=\"justify\"> <span lang=\"FR\"><font face=\"Arial\">Une association de plus, peuvent dire   certains, soit avec enthousiasme ou m\u00eame nonchalance, nous nous tenons aux   faits et aux r\u00e9els actions. Cette annonce \u00abfracassante\u00bb ne peut en elle-m\u00eame   porter une l\u00e9gitimit\u00e9 autre que celle r\u00e9elle et m\u00eame \u00abpalpable\u00bb surtout que le   pr\u00e9sent document pose l\u2019AMD en dehors ou plut\u00f4t au dessus des organismes   politiques\u00a0!!!<\/font><\/span><\/p>\n<p align=\"justify\">\u00a0<\/p>\n<p align=\"justify\"><b> <span lang=\"FR\"><font face=\"Arial\">Nous pouvons esp\u00e9rer et m\u00eame r\u00eaver que   l\u2019AMD soit ce ciment manquant \u00e0 la construction maghr\u00e9bine tant que la pierre   existe, ce catalyseur absent tant que les produits ne manquent gu\u00e8re et   surtout qu\u2019elle ne soit sujet \u00e0 une pol\u00e9mique qui fera d\u2019elle \u2013 le ni\u00e8me   projet \u2013 qui ne peut quitter \u2013 h\u00e9las \u2013 les \u00abvestibules de l\u2019enfer\u00bb\u2026<\/font><\/span><\/b><\/p>\n<h3 align=\"justify\" style=\"color: blue;\"> <span lang=\"DE-CH\"><font face=\"Arial\" size=\"2\">  Nasreddine Ben Hadid<\/font><\/span><\/h3>\n<h4 align=\"justify\" style=\"color: blue;\"><span lang=\"FR\"> <font face=\"Arial\" size=\"2\">Journaliste Alg\u00e9rien, r\u00e9sidant \u00e0   Tunis<\/font><\/span><\/h4>\n<p align=\"justify\"><b> <span lang=\"FR\"> <a href=\"http:\/\/se.f265.mail.yahoo.com\/ym\/Compose?To=nasrbenhadid@yahoo.fr\" target=\"_blank\" rel=\"noopener\"> <font>nasrbenhadid@yahoo.fr<\/font><\/a><\/span><\/b><\/p>\n<p align=\"justify\">\u00a0<\/p>\n<p><\/font><\/font><\/div>\n<p><\/font><\/p>\n<div>\n<hr\/>\n<\/div>\n<div> <font face=\"Arial\" size=\"2\"> <\/p>\n<p align=\"center\"><strong> <font face=\"Arial\" size=\"2\"><span lang=\"FR\">Hommage \u00e0 Paul   Sebag : <\/span><\/font><\/strong><\/p>\n<p align=\"center\"><strong> <\/p>\n<h2 style=\"color: red;\"><font face=\"Arial\" size=\"3\">Paul Sebag combattant de la   libert\u00e9 et du savoir<\/font><\/h2>\n<p><\/strong><\/p>\n<h4 align=\"justify\" style=\"color: blue;\"><span lang=\"FR\"> <font face=\"Arial\" size=\"2\">George Adda<\/font><\/span><\/h4>\n<p align=\"justify\">\u00a0<\/p>\n<p align=\"justify\"> <span lang=\"FR\">\u00a0Dans quelques   mois cela fera soixante, dix ans que j\u2019ai connu Paul Sebag. <\/span><\/p>\n<p align=\"justify\">\u00a0<\/p>\n<p align=\"justify\"> <span lang=\"FR\">Nous vivions un   moment faste. Le printemps 1936 voyait toutes les portes de toutes les prisons   et de tous les camps de concentration s\u2019ouvrir pour que tous les patriotes,   destouriens, communistes, syndicalistes, simples citoyens victimes de la   r\u00e9pression colonialiste se remettent \u00e0 vivre normalement en hommes libres.   Chacun a imm\u00e9diatement choisi son chemin ou rejoint son organisation. Le 1er   juin 1936 le Parti Communiste Tunisien r\u00e9unissait sa premi\u00e8re Conf\u00e9rence   Nationale. <\/span><\/p>\n<p align=\"justify\">\u00a0<\/p>\n<p align=\"justify\"> <span lang=\"FR\">C\u2019est quelques   mois apr\u00e8s, fin 1936 ou d\u00e9but 1937 que j\u2019ai connu Paul Sebag comme adh\u00e9rent   aux Jeunesses Communistes. Il avait 17 ans. Donnant l\u2019impression d\u2019un jeune   timide, il \u00e9tait en r\u00e9alit\u00e9 tr\u00e8s actif, faisant toujours des propositions. Il   \u00e9tait un des animateurs du Cercle des El\u00e8ves et Etudiants qui avait un local   dans l\u2019impasse Saint Jean, \u00e0 la rue Bach Hamba (ex rue Saint Charles), en face   du journal La Presse. Ce cercle avait de nombreux adh\u00e9rents et le soutien de   plusieurs enseignants du Lyc\u00e9e Carnot, dont le professeur Fernand Psalmon qui,   par la suite, a subi la r\u00e9pression colonialiste. <\/span><\/p>\n<p align=\"justify\">\u00a0<\/p>\n<p align=\"justify\"> <span lang=\"FR\">Ayant d\u00fb quitter   Tunis en f\u00e9vrier 1938, je n\u2019ai revu Paul Sebag qu\u2019en mai 1943. <\/span><\/p>\n<p align=\"justify\">\u00a0<\/p>\n<p align=\"justify\"> <span lang=\"FR\">Ces cinq ann\u00e9es   furent une vraie apocalypse. La guerre avait d\u00e9ferl\u00e9 sur le globe, ses   continents et ses oc\u00e9ans. Les fronti\u00e8res de l\u2019immense Europe ont \u00e9t\u00e9 balay\u00e9es.   Des pays et des pays envahis, des capitales et des m\u00e9tropoles ras\u00e9es. Partout   on tuait, on fusillait et on violait. Cinquante millions d\u2019\u00eatres humains sans   aucune distinction, de l\u2019Atlantique \u00e0 la mer de Chine, ont \u00e9t\u00e9 extermin\u00e9s.   Pendant ces cinq ans de nombreux et tr\u00e8s importants \u00e9v\u00e9nements ont travers\u00e9,   boulevers\u00e9 et marqu\u00e9 la Tunisie : le massacre du 9 avril 1938 et la f\u00e9roce   r\u00e9pression qui la suivit, les prisons \u00e9taient pleines de destouriens, de   communistes et d\u2019antifascistes, la mis\u00e8re et la famine \u00e9taient g\u00e9n\u00e9ralis\u00e9es.  <\/span><\/p>\n<p align=\"justify\">\u00a0<\/p>\n<p align=\"justify\"> <span lang=\"FR\">Mais partout aussi   des hommes et des femmes se sont lev\u00e9s pour r\u00e9sister et d\u00e9fendre leur pays,   leur honneur et leurs id\u00e9aux. Ils et elles d\u00e9velopp\u00e8rent des activit\u00e9s   multiformes et clandestines des plus difficiles, s\u2019exposant aux arrestations   en s\u00e9rie, aux tortures raffin\u00e9es et aux condamnations aux travaux forc\u00e9s ou \u00e0   mort. <\/span><\/p>\n<p align=\"justify\">\u00a0<\/p>\n<p align=\"justify\"> <span lang=\"FR\">Paul Sebag fut de   ceux-l\u00e0 et a v\u00e9cu intens\u00e9ment tous ces \u00e9v\u00e8nements en tant que t\u00e9moin et tr\u00e8s   souvent en tant qu\u2019acteur. Ses camarades et lui r\u00e9anim\u00e8rent \u2013 \u00e0 la mesure de   leurs forces qui \u00e9taient modestes \u2013 l\u2019action du Parti Communiste Tunisien. Il   fallait s\u2019organiser sur de nouvelles bases et s\u2019adapter \u00e0 la dure et secr\u00e8te   vie de la clandestinit\u00e9 : mise en place de locaux pour installer le mat\u00e9riel   de reproduction des journaux clandestins ou pour \u201cloger\u201d les nombreux   militants traqu\u00e9s par la police. Durant ces cinq ans les journaux Ettalia et   L\u2019Avenir Social ont \u00e9t\u00e9 r\u00e9guli\u00e8rement \u00e9dit\u00e9s et diffus\u00e9s ainsi que des tracts   et des bulletins. A chaque instant et \u00e0 chaque minute on risquait, au sens   propre du mot, sa vie. Il est difficile aujourd\u2019hui de se repr\u00e9senter et de   mesurer le courage, l\u2019abn\u00e9gation, la conviction, la d\u00e9termination et aussi   l\u2019ing\u00e9niosit\u00e9 de tous ces volontaires de la libert\u00e9 parmi lesquels Paul Sebag   faisait corps. <\/span><\/p>\n<p align=\"justify\">\u00a0<\/p>\n<p align=\"justify\"> <span lang=\"FR\">D\u00e9nonc\u00e9 par   Ferdinand Pauser en janvier 1942, Paul Sebag est arr\u00eat\u00e9 comme agent de liaison   entre la direction du Parti Communiste clandestin et les divers groupes de   cadres et comme membre de la r\u00e9daction de L\u2019Avenir Social, lui aussi   clandestin. Le commissaire Marty, chef des Renseignements G\u00e9n\u00e9raux, lui fit   subir d\u2019atroces s\u00e9vices et autres tortures \u00e9lectriques comme savent les   pratiquer toutes les polices politiques sous tous les cieux. Avec un courage   exemplaire, il ne faiblit pas. Le 28 f\u00e9vrier 1942, le tribunal militaire   fran\u00e7ais le condamne aux travaux forc\u00e9s \u00e0 perp\u00e9tuit\u00e9. Il fut lib\u00e9r\u00e9 de la   Prison Civile de Tunis le 14 novembre 1942, juste avant l\u2019arriv\u00e9e du Mar\u00e9chal   Rommel et de ses soldats. <\/span><\/p>\n<p align=\"justify\">\u00a0<\/p>\n<p align=\"justify\"> <span lang=\"FR\">De suite et sans   h\u00e9sitation, il reprend sa place dans l\u2019action clandestine faite de risques et   de dangers mais aussi d\u2019espoirs. De nouveau recherch\u00e9 par la police, il   collabore \u00e0 la publication de L\u2019Avenir Social. Le 7 mai 1943, il est   compl\u00e8tement libre lorsque les arm\u00e9es allemandes et les autorit\u00e9s p\u00e9tainistes   sont chass\u00e9es de Tunisie. Avec ses camarades, Paul Sebag se relance alors dans   l\u2019action du Parti Communiste Tunisien. <\/span><\/p>\n<p align=\"justify\">\u00a0<\/p>\n<p align=\"justify\"> <span lang=\"FR\">Pendant deux   longues p\u00e9riodes il sera r\u00e9dacteur en chef des journaux communistes L\u2019Avenir   Social puis L\u2019Avenir de la Tunisie, ainsi que membre du Comit\u00e9 Central du   Parti Communiste Tunisien. Mais Paul Sebag voulait \u00eatre aussi du monde de la   recherche, de l\u2019enseignement et de l\u2019\u00e9criture. Je pense aujourd\u2019hui qu\u2019il   avait raison de faire ce choix, comme l\u2019_expression d\u2019un militantisme absolu.   Ce fut alors la publication en 1951 de la c\u00e9l\u00e8bre monographie La Tunisie, qui   reste un classique d\u2019une grande richesse. Ayant apport\u00e9 sa contribution au   combat pour la libert\u00e9 de la Tunisie, il a voulu \u00eatre l\u2019homme qui vit la   r\u00e9alit\u00e9 du pays qui l\u2019a vu na\u00eetre. C\u2019est ainsi qu\u2019il traitera, dans toute sa   production \u00e9ditoriale de la Tunisie. Lui, dont les origines ancestrales   prennent leurs sources dans la Tunisie profonde, a \u00e9t\u00e9 un des sociologues, un   des historiens, un des universitaires, un des chercheurs, mais aussi un des   militants de la libert\u00e9 de la Tunisie moderne marchant vers le progr\u00e8s, et   dont la trace et l\u2019influence sont ind\u00e9l\u00e9biles. Je dirai que son \u0153uvre fut un   feu d\u2019artifice de tunisianit\u00e9. <\/span><\/p>\n<p align=\"justify\">\u00a0<\/p>\n<p align=\"justify\"> <span lang=\"FR\">Il fouinait   inlassablement, comme un arch\u00e9ologue m\u00e9ticuleux et t\u00eatu qui tripote, fouille   et r\u00e9colte mat\u00e9riaux et souvenirs divers pour les pr\u00e9server, les rassembler,   les ordonner, leur redonner vie, les mettre en forme et enfin nous les livrer   avec ses appr\u00e9ciations et ses conclusions qui resteront strictement siennes.   Ainsi il fut un \u00e9rudit dans plusieurs domaines. <\/span><\/p>\n<p align=\"justify\">\u00a0<\/p>\n<p align=\"justify\"> <span lang=\"FR\">Il nous laisse en   monographies, livres, essais, articles, pr\u00e9faces, pr\u00e9sentations, postfaces une   \u0153uvre immense qui prendra place dans le savoir commun de l\u2019Humanit\u00e9. <\/span> <\/p>\n<p align=\"justify\">\u00a0<\/p>\n<p align=\"justify\"> <span lang=\"FR\">Paul Sebag le   militant et combattant de la libert\u00e9, le tortur\u00e9 \u00e0 mort et le for\u00e7at, a \u00e9t\u00e9   avec la m\u00eame \u00e9nergie et la m\u00eame d\u00e9termination, un militant du savoir et des   connaissances. <\/span><\/p>\n<p align=\"justify\">\u00a0<\/p>\n<p align=\"justify\"> <span lang=\"FR\">N\u2019est-ce pas l\u00e0   l\u2019imbrication ultime et sup\u00e9rieure de l\u2019intellectualit\u00e9 et de la   responsabilit\u00e9 citoyenne ? N\u2019est-ce pas l\u00e0 l\u2019homme complet ? <\/span><\/p>\n<p align=\"justify\">\u00a0<\/p>\n<p align=\"justify\"> <span lang=\"FR\">Peut-on parler de   Paul Sebag sans parler de ceux qui l\u2019ont entour\u00e9 ? Il y a soixante ans il est   entr\u00e9 par son mariage, dans la famille Gallico, une famille d\u2019Italiens de   Tunisie r\u00e9publicains, d\u00e9mocrates, partisans de Garibaldi. Famille particuli\u00e8re   ! Un de mes petits, enfants, encore tout jeune, nous disait que certaines   familles \u00e9taient compos\u00e9es d\u2019une dr\u00f4le de fa\u00e7on : au moment o\u00f9 certains   sortaient de prison, d\u2019autres y \u00e9taient, tandis que les autres \u00e9taient menac\u00e9s   d\u2019y entrer. Paul Sebag et la famille Gallico \u00e9taient de ceux-l\u00e0. Diana   Gallico, son \u00e9pouse, a \u00e9t\u00e9 emprisonn\u00e9e \u00e0 Tunis deux fois. Je voudrais lui   renouveler ici l\u2019_expression de mon amiti\u00e9 et de ma solidarit\u00e9. Loris Gallico,   son beau-fr\u00e8re, avec qui j\u2019ai partag\u00e9 beaucoup de positions et d\u2019inqui\u00e9tudes,   \u00e9tait mon ami. Loris et son fr\u00e8re Ruggiero, tous deux militants antifascistes,   furent, eux aussi \u00e0 Tunis, arr\u00eat\u00e9s et d\u00e9port\u00e9s ou condamn\u00e9s aux travaux forc\u00e9s   en 1941-42 avant de rentrer en Italie apr\u00e8s 1943 pour se consacrer \u00e0   l\u2019activit\u00e9 politique. Quant \u00e0 Nadia Gallico, d\u00e9c\u00e9d\u00e9e il y a juste quelques   semaines et \u00e0 qui je rends hommage, elle fut arr\u00eat\u00e9e et condamn\u00e9e, tandis que   son mari Velio Spano, un des dirigeants du Parti Communiste Italien, \u00e9tait   condamn\u00e9 \u00e0 mort par deux fois \u00e0 Tunis. Nadia rentrera en Italie pour si\u00e9ger \u00e0   l\u2019Assembl\u00e9e Constituante. <\/span><\/p>\n<p align=\"justify\">\u00a0<\/p>\n<p align=\"justify\"><b> <span lang=\"FR-CH\">  (Source\u00a0: \u00ab\u00a0R\u00e9alit\u00e9s\u00a0\u00bb N\u00b0106<\/span><span dir=\"rtl\" lang=\"AR-SA\">1<\/span><span lang=\"FR-CH\">   du 27 avril 2006)<\/span><\/b><\/p>\n<hr\/>\n<h2 style=\"color: red;\">\n<h2 style=\"color: red;\"><font size=\"3\"><span lang=\"FR-CH\">Retraite \u00e0 55 ans : Qui va payer ?<\/span><\/font><\/h2>\n<\/h2>\n<p align=\"justify\"><b> <span lang=\"FR-CH\">  Foued Zaouche, Ecrivain <\/span><\/b><\/p>\n<p align=\"justify\">\u00a0<\/p>\n<p align=\"justify\"> <span lang=\"FR-CH\">\u00a0Je ne peux   m\u2019emp\u00eacher de r\u00e9agir \u00e0 la lecture d\u2019une des principales revendications du   corps enseignant qui est celle de l\u2019abaissement de l\u2019\u00e2ge de la retraite \u00e0 55   ans. <\/span><\/p>\n<p align=\"justify\">\u00a0<\/p>\n<p align=\"justify\"> <span lang=\"FR-CH\">Je veux dire   que je respecte infiniment le corps enseignant et le travail admirable qu\u2019il   accomplit et je respecte tout autant le travail syndical qui est une donn\u00e9e   fondamentale dans les rapports sociaux, mais l\u2019annonce de cette revendication   cat\u00e9gorielle est l\u2019_expression d\u2019une volont\u00e9 que je ne comprends pas. Je   comprends les revendications qui ont trait au salaire, aux conditions de vie   et de travail, cela est parfaitement l\u00e9gitime vu les conditions parfois   p\u00e9nibles et les grandes responsabilit\u00e9s qui p\u00e8sent sur le corps enseignant   mais l\u2019abaissement de l\u2019\u00e2ge de la retraite \u00e0 55 ans me semble aberrant.   L\u2019esp\u00e9rance de vie dans notre pays est aux alentours de 75 ans, cela est une   victoire estimable dont nous pouvons nous enorgueillir \u00e0 juste titre mais cela   laisse supposer que le retrait\u00e9 vit de plus en plus vieux, qu\u2019il est par   d\u00e9finition improductif et enti\u00e8rement \u00e0 la charge de l\u2019Etat.. Certes, il a   cotis\u00e9 sa vie durant et la retraite est un droit l\u00e9gitime mais il faut prendre   en compte la r\u00e9alit\u00e9 \u00e9conomique du pays et poser la question : qui va payer ?  <\/span><\/p>\n<p align=\"justify\">\u00a0<\/p>\n<p align=\"justify\"> <span lang=\"FR-CH\">Qui va payer   pour ces retrait\u00e9s qui vont devenir de plus en plus nombreux ?\u2026 Les actifs qui   par le jeu de l\u2019abaissement du taux de natalit\u00e9 vont devenir de moins en moins   nombreux\u2026 <\/span><\/p>\n<p align=\"justify\">\u00a0<\/p>\n<p align=\"justify\"> <span lang=\"FR-CH\">La situation   \u00e9conomique de notre pays nous le permet-elle ? Si nous avions les rentes   p\u00e9troli\u00e8res de nos voisins imm\u00e9diats, on pourrait comprendre ces   revendications exorbitantes, mais la seule ressource dont nous disposons est   la sueur des Tunisiens et cette sueur exprime la grandeur et le g\u00e9nie du   peuple tunisien qui ne peut compter que sur lui-m\u00eame. <\/span><\/p>\n<p align=\"justify\">\u00a0<\/p>\n<p align=\"justify\"> <span lang=\"FR-CH\">Si nous voulons   nous comparer aux pays dits d\u00e9velopp\u00e9s, les Anglo-Saxons pensent \u00e0 relever   l\u2019\u00e2ge de la retraite \u00e0 65 ans, voire \u00e0 67 ans pour les Britanniques, et les   Fran\u00e7ais connaissent un gouffre abyssal de leur s\u00e9curit\u00e9 sociale qui gr\u00e8ve   leur d\u00e9veloppement pour avoir octroy\u00e9 des droits souvent d\u00e9magogiques \u00e0 des   cat\u00e9gories de travailleurs. <\/span><\/p>\n<p align=\"justify\">\u00a0<\/p>\n<p align=\"justify\"> <span lang=\"FR-CH\">La retraite est   un droit respectable et l\u00e9gitime, mais le droit de notre pays \u00e0 mobiliser   l\u2019essentiel de nos ressources \u00e0 notre d\u00e9veloppement est prioritaire. Je   voudrais rappeler que la Tunisie est un pays en voie de d\u00e9veloppement,   laborieux et performant, qui ne dispose que de son propre travail et que son   P.N.B est estim\u00e9 \u00e0 2.500 dollars par habitant. Pour m\u00e9moire et pour remettre   les choses en perspective, les pays d\u00e9velopp\u00e9s sont cr\u00e9dit\u00e9s de 25.000   dollars, soit dix fois plus. Apprenons \u00e0 comparer ce qui est comparable.  <\/span><\/p>\n<p align=\"justify\">\u00a0<\/p>\n<p align=\"justify\"> <span lang=\"FR-CH\">Je continue \u00e0 me poser la question : qui va payer ? Qu\u2019un   v\u00e9ritable d\u00e9bat responsable et citoyen puisse avoir lieu en prenant \u00e0 t\u00e9moin   l\u2019ensemble du pays sur ce genre de revendication cat\u00e9gorielle. On ne peut   r\u00e9clamer et exiger pour soi que ce qu\u2019on peut reconna\u00eetre pour les autres,   alors prenons tous notre retraite \u00e0 55 ans et prions pour trouver une manne   p\u00e9troli\u00e8re. Mais en attendant, de gr\u00e2ce, travaillons et travaillons encore car   nous n\u2019avons que notre pays comme seul espace de vie. <\/span><\/p>\n<p align=\"justify\">\u00a0<\/p>\n<p align=\"justify\"><b> <span lang=\"FR-CH\">  (Source\u00a0: \u00ab\u00a0R\u00e9alit\u00e9s\u00a0\u00bb N\u00b0106<\/span><span dir=\"rtl\" lang=\"AR-SA\">1<\/span><span lang=\"FR-CH\">   du 27 avril 2006<\/span><\/b><\/p>\n<p><\/font><\/div>\n<div>\n<hr\/>\n<\/div>\n<div>  \u00a0<\/div>\n<div> <font face=\"Arial\" size=\"2\"> <\/p>\n<p align=\"center\"> <span lang=\"FR\"><strong><font face=\"Arial\" size=\"2\">NATIONS   UNIES. Le royaume ch\u00e9rifien est candidat \u00e0 l&rsquo;\u00e9lection du 9 mai prochain. Une   d\u00e9l\u00e9gation est venue \u00e0 Gen\u00e8ve vanter ses m\u00e9rites. La situation dans le pays   demeure contrast\u00e9e.<\/font><\/strong><\/span><\/p>\n<p align=\"justify\">\u00a0<\/p>\n<p align=\"center\"><b> <span lang=\"FR\"><font size=\"3\">Le Maroc   m\u00e8ne sa campagne pour le Conseil des droits de l&rsquo;homme<\/font><\/span><\/b><\/p>\n<p align=\"justify\">\u00a0<\/p>\n<p align=\"justify\"> <span lang=\"FR\">Dans la salle de   presse du Palais des Nations, il y avait peu de journalistes jeudi apr\u00e8s-midi.   La d\u00e9l\u00e9gation marocaine venue \u00e0 Gen\u00e8ve exposer les efforts entrepris par le   royaume ch\u00e9rifien en mati\u00e8re de droits de l&rsquo;homme \u00e9tait en revanche   impressionnante. Motif de cette op\u00e9ration: le 9 mai prochain a lieu \u00e0 New York   l&rsquo;\u00e9lection du nouveau Conseil des droits de l&rsquo;homme. Depuis quelques semaines,   la campagne \u00e9lectorale pour si\u00e9ger dans l&rsquo;organe qui remplacera la Commission   des droits de l&rsquo;homme d\u00e9sormais enterr\u00e9e, bat son plein; 64 candidatures pour   les 47 si\u00e8ges disponibles ont d\u00e9j\u00e0 \u00e9t\u00e9 publiquement d\u00e9pos\u00e9es.<\/span><\/p>\n<p align=\"justify\">\u00a0<\/p>\n<p align=\"justify\"> <span lang=\"FR\">\u00abLe Maroc a   examin\u00e9 les graves violations des droits de l&rsquo;homme entre 1956 et 1999. Des   violations qui allaient de la disparition forc\u00e9e \u00e0 la d\u00e9tention arbitraire en   passant par l&rsquo;usage disproportionn\u00e9 de la force lors d&rsquo;\u00e9meutes. Nous avons   \u00e9tabli un rapport de six volumes que nous avons adress\u00e9 au roi (ndlr: Mohammed   VI) et qu&rsquo;il a accept\u00e9.\u00bb Pour montrer que l&rsquo;Etat marocain tient compte des   minorit\u00e9s ethniques et linguistiques, Mohamed Abdelhay El Moudden, ancien   membre de l&rsquo;Instance d&rsquo;\u00e9quit\u00e9 et de r\u00e9conciliation cr\u00e9\u00e9e par le roi en 2004,   souligne que le rapport sera traduit dans \u00ables autres langues du pays\u00bb. Il est   convaincu que si les recommandations qu&rsquo;il contient sont appliqu\u00e9es, son pays   va s&rsquo;orienter vers un syst\u00e8me efficace de s\u00e9paration des pouvoirs.<\/span><\/p>\n<p align=\"justify\">\u00a0<\/p>\n<p align=\"justify\"> <span lang=\"FR\">La d\u00e9l\u00e9gation   marocaine qui promeut la candidature du pays au Conseil des droits de l&rsquo;homme   comprend une organisation non gouvernementale, mais aussi le Conseil   consultatif des droits de l&rsquo;homme, une institution \u00e9tatique. Sa d\u00e9termination   est renforc\u00e9e par l&rsquo;engagement formel du Royaume exprim\u00e9 dans son dossier de   candidature \u00e0 promouvoir les droits humains et libert\u00e9s fondamentales, \u00abnoyau   des priorit\u00e9s nationales et internationales\u00bb. Le dossier pr\u00e9cise aussi que le   Maroc \u00aba d\u00e8s le d\u00e9but soutenu activement la cr\u00e9ation du Conseil des droits de   l&rsquo;homme\u00bb.<\/span><\/p>\n<p align=\"justify\">\u00a0<\/p>\n<p align=\"justify\"> <span lang=\"FR\">Membre du Conseil   consultatif, Latifa Jbabdi s&rsquo;exprime avec un ton d\u00e9cid\u00e9, mais pas exempt   d&rsquo;\u00e9motion. Elle a \u00e9t\u00e9 elle-m\u00eame une victime de violation des droits humains. A   15 ans, en 1970, elle a \u00e9t\u00e9 mise en prison. Sa famille ne savait pas si elle   \u00e9tait vivante ou non. \u00abComme femme, ma d\u00e9tention a \u00e9t\u00e9 difficile. Je n&rsquo;avais   pas droit \u00e0 des serviettes hygi\u00e9niques et \u00e9tais contrainte de rester dans mon   sang des mois durant. De plus, j&rsquo;\u00e9tais habit\u00e9e par la peur de subir des   violences sexuelles.\u00bb<\/span><\/p>\n<p align=\"justify\">\u00a0<\/p>\n<p align=\"justify\"> <span lang=\"FR\">Aujourd&rsquo;hui,   Latifa Jbabdi est persuad\u00e9e que son pays est entr\u00e9 dans un processus   irr\u00e9versible de d\u00e9mocratisation. Selon elle, les femmes ont jou\u00e9 un r\u00f4le   majeur dans l&rsquo;av\u00e8nement des droits humains au Maroc: \u00abCe sont elles qui ont   d\u00e9nonc\u00e9 en premier les violences. Elles n&rsquo;ont longtemps pas pu exprimer leurs   souffrances. Elles \u00e9taient doublement victimes: des violations commises par   l&rsquo;Etat et de la r\u00e9pudiation de la soci\u00e9t\u00e9 empreinte de culture patriarcale.   Mais elles ont pu s&rsquo;approprier la parole et s&rsquo;adresser \u00e0 l&rsquo;ensemble de la   soci\u00e9t\u00e9 marocaine \u00e0 travers la radio et la t\u00e9l\u00e9vision, une v\u00e9ritable   catharsis.\u00bb<\/span><\/p>\n<p align=\"justify\">\u00a0<\/p>\n<p align=\"justify\"> <span lang=\"FR\">Les avanc\u00e9es en   mati\u00e8re de droits de l&rsquo;homme dans le royaume ch\u00e9rifien se sont faites il est   vrai sans coup d&rsquo;Etat ou rupture radicale de r\u00e9gime. Mais le pays a encore du   chemin \u00e0 parcourir. Membre du Conseil consultatif, Amina Lemrini en convient:   \u00abNous devons ouvrir un vaste chantier: former les juges, les policiers, les   responsables de prisons et les fonctionnaires et se familiariser avec les   normes des droits humains. Nous devons sensibiliser un large public et toutes   les jeunes g\u00e9n\u00e9rations.\u00bb Et Latifa Jbabdi d&rsquo;insister: \u00abL&rsquo;islam et les droits   humains ne sont pas contradictoires en vertu de l&rsquo;Ijtihad.\u00bb<\/span><\/p>\n<p align=\"justify\">\u00a0<\/p>\n<p align=\"justify\"> <span lang=\"FR\">Malgr\u00e9 les   progr\u00e8s, la d\u00e9l\u00e9gation marocaine a surtout parl\u00e9 des violations des droits   humains avant 1999. Avant l&rsquo;accession de Mohammed VI au tr\u00f4ne. A en croire le   rapport mondial 2005 de Human Rights Watch, la situation du Maroc est   contrast\u00e9e. D&rsquo;un c\u00f4t\u00e9, un travail important a \u00e9t\u00e9 fait, mais de l&rsquo;autre,   l&rsquo;organisation rel\u00e8ve des cas inqui\u00e9tants. Ainsi, parmi les extr\u00e9mistes   islamistes pr\u00e9sum\u00e9s arr\u00eat\u00e9s apr\u00e8s les attentats de Casablanca en 2003,   plusieurs ont \u00e9t\u00e9 graci\u00e9s, mais d&rsquo;autres croupissaient encore en prison \u00e0 la   fin 2005 et ont \u00e9t\u00e9 tortur\u00e9s. Certains d&rsquo;entre eux, condamn\u00e9s \u00e0 mort,   attendaient encore leur sentence, m\u00eame si la peine de mort n&rsquo;a plus \u00e9t\u00e9   appliqu\u00e9e depuis 1993. De plus, le Maroc est l&rsquo;un des pays du Moyen-Orient et   du Maghreb qui recourt le plus au travail des enfants: 11% des enfants entre 7   et 14 ans travaillent. Quant \u00e0 la justice, elle manque encore singuli\u00e8rement   d&rsquo;ind\u00e9pendance.<\/span><\/p>\n<p align=\"justify\">\u00a0<\/p>\n<p align=\"justify\"><b> <span lang=\"FR-CH\">  (Source\u00a0: \u00ab\u00a0<\/span><span lang=\"FR\">Le   Temps\u00a0\u00bb (Suisse), le 28.04.2006)<\/span><\/b><\/p>\n<hr\/>\n<p align=\"justify\">\u00a0<\/p>\n<p align=\"center\"><b> <span lang=\"FR\"><font size=\"3\">Les   candidatures inspect\u00e9es par les ONG<\/font><\/span><\/b><\/p>\n<p align=\"justify\"><b> <span lang=\"FR\">  St\u00e9phane Bussard<\/span><\/b><\/p>\n<p align=\"justify\">\u00a0<\/p>\n<p align=\"justify\"><b> <span lang=\"FR\">Les Etats   candidats<span dir=\"rtl\"> <\/span>se h\u00e2tent de ratifier<span dir=\"rtl\"> <\/span>  des trait\u00e9s relatifs<span dir=\"rtl\"> <\/span>aux droits humains<\/span><\/b><\/p>\n<p align=\"justify\">\u00a0<\/p>\n<p align=\"justify\"> <span lang=\"FR\">A moins de deux   semaines de l&rsquo;\u00e9lection du Conseil des droits de l&rsquo;homme par l&rsquo;Assembl\u00e9e   g\u00e9n\u00e9rale de l&rsquo;ONU \u00e0 New York, Mariette Grange ne cache pas sa surprise. La   directrice du bureau genevois de Human Rights Watch ne s&rsquo;attendait pas \u00e0 voir   autant de candidatures annonc\u00e9es \u00e0 l&rsquo;avance. \u00abLes Etats n&rsquo;ont pas l&rsquo;obligation   d&rsquo;annoncer leur candidature \u00e0 l&rsquo;avance et de la rendre publique. Mais   aujourd&rsquo;hui, 64 Etats convoitent l&rsquo;un des 47 si\u00e8ges du Conseil. C&rsquo;est la   preuve qu&rsquo;il y a un ph\u00e9nom\u00e8ne d&rsquo;entra\u00eenement. C&rsquo;est d&rsquo;autant plus r\u00e9jouissant   qu&rsquo;une majorit\u00e9 d&rsquo;entre eux ont d\u00e9j\u00e0 affich\u00e9 publiquement leurs engagements en   mati\u00e8re de droits humains alors qu&rsquo;ils pouvaient attendre la session de   l&rsquo;Assembl\u00e9e g\u00e9n\u00e9rale pour le faire.\u00bb<\/span><\/p>\n<p align=\"justify\">\u00a0<\/p>\n<p align=\"justify\"> <span lang=\"FR\">Un autre effet   positif a pu \u00eatre constat\u00e9 durant cette campagne \u00e9lectorale: plusieurs Etats   candidats ont promis de ratifier plusieurs trait\u00e9s relatifs aux droits humains   tels que la Convention sur les disparitions forc\u00e9es ou le Protocole \u00e0 la   Convention contre la torture qui ne b\u00e9n\u00e9ficiait pour l&rsquo;heure que de 13   ratifications.<\/span><\/p>\n<p align=\"justify\">\u00a0<\/p>\n<p align=\"justify\"> <span lang=\"FR\">Parmi les   candidats, tous ne sont toutefois pas des mod\u00e8les. Mariette Grande en   convient: \u00abL&rsquo;Iran et la Chine par exemple ont pris des engagements tr\u00e8s vagues   et superficiels.\u00bb Un point noir demeure: si 4 des 5 groupes r\u00e9gionaux ont   pr\u00e9sent\u00e9 plus de candidats que de si\u00e8ges disponibles pour chacun d&rsquo;eux, le   groupe africain ne dispose pour l&rsquo;heure que de 13 candidatures pour 13 si\u00e8ges.   Les ONG se f\u00e9licitent n\u00e9anmoins de voir que des pays tels que le Soudan ou le   Zimbabwe, en raison de leur triste bilan en mati\u00e8re de droits de l&rsquo;homme, ne   sont pas candidats.<\/span><\/p>\n<p align=\"justify\">\u00a0<\/p>\n<p align=\"justify\"> <span lang=\"FR\">Quant au juriste   d&rsquo;Amnesty International Alain Bovard, il s&rsquo;interroge sur la candidature de   pays tels que la Chine, l&rsquo;Indon\u00e9sie, l&rsquo;Iran, le Pakistan, le Nigeria ou la   Tunisie[25]. Mais personnellement, il nuance: \u00abC&rsquo;est \u00e0 eux de faire leurs   preuves. S&rsquo;ils continuent \u00e0 violer les droits humains, ils seront beaucoup   plus expos\u00e9s au sein du Conseil o\u00f9 ils auront des comptes \u00e0 rendre et dont ils   pourront \u00eatre exclus.\u00bb<\/span><\/p>\n<p align=\"justify\">\u00a0<\/p>\n<p align=\"justify\"><b> <span lang=\"FR-CH\">  (Source\u00a0: \u00ab\u00a0<\/span><span lang=\"FR\">Le   Temps\u00a0\u00bb (Suisse), le 28.04.2006)<\/span><\/b><\/p>\n<p><\/font><\/div>\n<div>\n<hr\/>\n<\/div>\n<div>  \u00a0<\/div>\n<div> <font face=\"Arial\" size=\"2\"> <\/p>\n<p align=\"center\"> <span lang=\"FR\"><strong><\/p>\n<p><font face=\"Arial\" size=\"3\">Programme   de la 7\u00e9me conf\u00e9rence annuelle du CSID (Centre d\u2019Etudes Islam et Democratie) \u00e0   Washington (5 et 6 mai 2006)<\/font><\/p>\n<p><\/strong><\/span><\/p>\n<p align=\"justify\">\u00a0<\/p>\n<p align=\"justify\">\u00a0<\/p>\n<p align=\"justify\"> <span lang=\"EN-GB\">Dear Friends   and Colleagues: <\/span><\/p>\n<p align=\"justify\">\u00a0<\/p>\n<p align=\"justify\"> <span lang=\"EN-GB\">CSID&rsquo;s 7th   Annual Conference will be very interesting and informative. We hope that you   will be able to join us this coming Friday and Saturday, May 5-6, 2006 at the   Marriott Wardman Park Hotel, in Washington DC.<\/span><\/p>\n<p align=\"justify\">\u00a0<\/p>\n<p align=\"justify\"> <span lang=\"EN-GB\">We are happy to   inform you that among the participants and the speakers, are members of the<u>   Steering Committee of the Network of Democrats in the Arab World (NDAW)<\/u>,   who will join us to discuss plans, activities, and projects of the network.\u00a0   The members of the Steering Committee are:<\/span><\/p>\n<p align=\"justify\">\u00a0<\/p>\n<p align=\"justify\"><b> <span lang=\"EN-GB\">Boudjema   Ghechir<\/span><\/b><span lang=\"EN-GB\">,   Algeria\u00a0\u00a0\u00a0 \u00a0\u00a0\u00a0 <b>\u00a0 Abderazzak Makri<\/b>, Algeria\u00a0    <b>Ayat Abul-Futtouh<\/b>, Egypt\u00a0\u00a0\u00a0\u00a0\u00a0\u00a0\u00a0 \u00a0 <b>\u00a0\u00a0 Emad Shaheen<\/b>, Egypt    <b>Ala Al-Radhi<\/b>, Iraq\u00a0\u00a0\u00a0\u00a0\u00a0 \u00a0\u00a0\u00a0\u00a0\u00a0\u00a0\u00a0 \u00a0\u00a0\u00a0\u00a0\u00a0\u00a0 \u00a0<b>\u00a0\u00a0\u00a0\u00a0 Dina Dahkqan<\/b>,   Jordan    <b>Marwan Faouri<\/b>, Jordan\u00a0\u00a0 \u00a0\u00a0\u00a0\u00a0\u00a0\u00a0\u00a0 \u00a0 <b>\u00a0\u00a0\u00a0\u00a0 Obaida Fares<\/b>, Jordan    <b>Hani Hourani<\/b>, Jordan\u00a0\u00a0\u00a0 \u00a0\u00a0\u00a0\u00a0\u00a0\u00a0\u00a0 \u00a0\u00a0\u00a0<b>\u00a0\u00a0\u00a0\u00a0\u00a0 Samir Jarrah<\/b>, Jordan     <b>Jamal Bendahmane<\/b>, Morocco \u00a0\u00a0<b>\u00a0\u00a0\u00a0\u00a0 Kamal Ben Younes<\/b>, Tunisia<\/span><\/p>\n<p align=\"justify\"><b> <span lang=\"EN-GB\">Slaheddine   Jourchi<\/span><\/b><span lang=\"EN-GB\">,   Tunisia \u00a0\u00a0\u00a0\u00a0<b>\u00a0\u00a0\u00a0\u00a0 Mohsen Marzouk<span>, Tunisia<\/span><\/b><\/span><\/p>\n<p align=\"justify\"><b> <span lang=\"EN-GB\">Mokhtar   Benabdallaoui<\/span><\/b><span lang=\"EN-GB\">,   Morocco<\/span><\/p>\n<p align=\"justify\">\u00a0<\/p>\n<p align=\"justify\"> <span lang=\"EN-GB\">The   conference&rsquo;s keynote Speakers will include<b> Dr. Saad Eddine El-Othmani<\/b>,   S.G. of the Justice and Development Party in Morocco, Ambassador<b> Randall L.   Tobias<\/b>, Administrator, United States Agency For International Development   (USAID),<b> Carl Gershman<\/b>, President, National Endowment for Democracy   (NED),<b> Peter F. Mulrean<\/b> (Middle East Partnership Initiative, Department   of State), and<b> Laith Kubba<\/b>, Director of Middle East &amp; North Africa, NED   and former spokesman for the Iraqi government.<\/span><\/p>\n<p align=\"justify\">\u00a0<\/p>\n<p align=\"justify\"> <span lang=\"EN-GB\">You may view   the final program and register for the conference ONLINE at:  <a href=\"http:\/\/rd.bcentral.com\/?ID=4022617&amp;s=119946714\" target=\"_blank\" title=\"http:\/\/rd.bcentral.com\/?ID=4022617&amp;s=119946714\" rel=\"noopener\"> <font>http:\/\/csidonline.org\/<\/font><\/a> <\/span><\/p>\n<p align=\"justify\">\u00a0<\/p>\n<p align=\"justify\"> <span lang=\"EN-GB\">If your   organization or institution is interested in co-sponsoring the conference, in   renting a booth, or buying a table (for 10) at the banquet dinner, please   contact us immediately.<\/span><\/p>\n<p align=\"justify\">\u00a0<\/p>\n<p align=\"justify\"> <span lang=\"EN-GB\">We look forward   to a wonderful program, and we hope you will be able to join us! <\/span><\/p>\n<p align=\"justify\">\u00a0<\/p>\n<p align=\"justify\"> <span lang=\"EN-GB\">With warm   greetings and Salaam! <\/span><\/p>\n<p align=\"justify\">\u00a0<\/p>\n<p align=\"justify\"><b> <span lang=\"EN-GB\">Dr. Radwan A.   Masmoudi<\/span><\/b><span lang=\"EN-GB\">     President    <b>Center for the Study of Islam and Democracy (CSID) <\/b> <span>1625 Massachusetts Avenue N.W., Suite 601<\/span> <span>Washington, DC 20036-2212<\/span> <span>Tel.:\u00a0\u00a0 (202) 265-1200<\/span> <span>Fax:\u00a0 (202) 265-1222<\/span> <b> <a href=\"http:\/\/rd.bcentral.com\/?ID=4022616&amp;s=119946714\" target=\"_blank\" title=\"http:\/\/rd.bcentral.com\/?ID=4022616&amp;s=119946714\" rel=\"noopener\"> <font>masmoudi@islam-democracy.org<\/font><\/a> <a href=\"http:\/\/rd.bcentral.com\/?ID=4022617&amp;s=119946714\" target=\"_blank\" title=\"http:\/\/rd.bcentral.com\/?ID=4022617&amp;s=119946714\" rel=\"noopener\"> <font>http:\/\/csidonline.org\/<\/font><\/a><\/b><\/span><\/p>\n<p align=\"justify\">\u00a0<\/p>\n<p align=\"justify\"> <span lang=\"EN-GB\"><!--[if gte vml 1]><v:shapetype id=\"_x0000_t75\" coordsize=\"21600,21600\" o:spt=\"75\" o:preferrelative=\"t\" path=\"m@4@5l@4@11@9@11@9@5xe\" filled=\"f\" stroked=\"f\"> <v:stroke joinstyle=\"miter\"\/> <v:formulas>  <v:f eqn=\"if lineDrawn pixelLineWidth 0\"\/>  <v:f eqn=\"sum @0 1 0\"\/>  <v:f eqn=\"sum 0 0 @1\"\/>  <v:f eqn=\"prod @2 1 2\"\/>  <v:f eqn=\"prod @3 21600 pixelWidth\"\/>  <v:f eqn=\"prod @3 21600 pixelHeight\"\/>  <v:f eqn=\"sum @0 0 1\"\/>  <v:f eqn=\"prod @6 1 2\"\/>  <v:f eqn=\"prod @7 21600 pixelWidth\"\/>  <v:f eqn=\"sum @8 21600 0\"\/>  <v:f eqn=\"prod @7 21600 pixelHeight\"\/>  <v:f eqn=\"sum @10 21600 0\"\/> <\/v:formulas> <v:path o:extrusionok=\"f\" gradientshapeok=\"t\" o:connecttype=\"rect\"\/> <o:lock v:ext=\"edit\" aspectratio=\"t\"\/><\/v:shapetype><v:shape id=\"_x0000_s1025\" type=\"#_x0000_t75\" alt=\"\" style='width:333pt; height:12.75pt'\/><![endif]--><img border=\"0\" height='17src=\"2mai06f-filer\/image001.gif\"' v:shapes=\"_x0000_s1025\" width=\"444\"\/><\/span><\/p>\n<p align=\"justify\"><b> <span lang=\"EN-GB\">  Program Agenda<\/span><\/b><\/p>\n<p align=\"justify\">\u00a0<\/p>\n<p align=\"center\"><b><i> <span lang=\"EN-GB\">  Friday May 5, 2006 <\/span><\/i><\/b><\/p>\n<p align=\"justify\"><b><i> <span lang=\"EN-GB\">8:00 a.m. 9:00   a.m.\u00a0\u00a0\u00a0\u00a0\u00a0\u00a0\u00a0\u00a0\u00a0\u00a0Registration <\/span><\/i><\/b><\/p>\n<p align=\"justify\"><b><i> <span lang=\"EN-GB\">\u00a09:00 a.m. 9:30   a.m. <\/span><\/i><\/b> <span lang=\"EN-GB\">\u00a0\u00a0\u00a0\u00a0\u00a0\u00a0\u00a0<b><i>Welcoming   Remarks<\/i><\/b><\/span><\/p>\n<p align=\"justify\"><i> <span lang=\"EN-GB\">  \u00a0\u00a0\u00a0\u00a0\u00a0\u00a0\u00a0\u00a0\u00a0\u00a0\u00a0\u00a0\u00a0\u00a0\u00a0\u00a0\u00a0\u00a0\u00a0\u00a0\u00a0\u00a0\u00a0\u00a0\u00a0\u00a0\u00a0\u00a0\u00a0\u00a0\u00a0\u00a0\u00a0\u00a0\u00a0\u00a0\u00a0\u00a0\u00a0\u00a0\u00a0\u00a0\u00a0\u00a0<\/span><\/i><strong><span lang=\"EN-GB\">Tony   Sullivan<\/span><\/strong><i><span lang=\"EN-GB\">,  <\/span><\/i><strong> <span lang=\"EN-GB\">Vice-Chair of   CSID<\/span><\/strong><\/p>\n<p align=\"justify\"><strong> <span lang=\"EN-GB\">  \u00a0\u00a0\u00a0\u00a0\u00a0\u00a0\u00a0\u00a0\u00a0\u00a0\u00a0\u00a0\u00a0\u00a0\u00a0\u00a0\u00a0\u00a0\u00a0\u00a0\u00a0\u00a0\u00a0\u00a0\u00a0\u00a0\u00a0\u00a0\u00a0\u00a0\u00a0\u00a0\u00a0\u00a0\u00a0\u00a0\u00a0\u00a0\u00a0\u00a0\u00a0\u00a0\u00a0 Radwan A. Masmoudi,<\/span><span lang=\"EN-GB\">   President of CSID<\/span><\/strong><\/p>\n<p align=\"justify\">\u00a0<\/p>\n<p align=\"justify\"><b><i> <span lang=\"EN-GB\">9:30 a.m. 11:00   a.m.\u00a0\u00a0\u00a0\u00a0\u00a0\u00a0\u00a0\u00a0Session1\u00a0\u00a0\u00a0\u00a0\u00a0\u00a0\u00a0\u00a0\u00a0\u00a0\u00a0\u00a0\u00a0\u00a0\u00a0\u00a0\u00a0\u00a0\u00a0\u00a0\u00a0\u00a0\u00a0\u00a0\u00a0\u00a0\u00a0\u00a0\u00a0\u00a0\u00a0\u00a0\u00a0\u00a0\u00a0\u00a0\u00a0\u00a0\u00a0\u00a0\u00a0\u00a0\u00a0\u00a0 <\/span><\/i> <\/b><\/p>\n<p align=\"justify\"><b> <span lang=\"EN-GB\"> <a href=\"http:\/\/mail.yahoo.com\/config\/login?\/outbind:\/\/16-000000004A6691F92A94B545B1CAE86D221889B80700E6A8D65CD098A5408F34CA557343BC630000002093020000E6A8D65CD098A5408F34CA557343BC630000037F2C6C0000\/#paper0\" target=\"_blank\" title=\"outbind:\/\/16-000000004A6691F92A94B545B1CAE86D221889B80700E6A8D65CD098A54 \" rel=\"noopener\"> <font>Theoretical Analysis of Democratization in the Muslim   World<em><span> <\/span><\/em><\/font><\/a><\/span><\/b> <\/p>\n<p align=\"justify\"><b><i> <span lang=\"EN-GB\">11:00 a.m. &#8211;   11:15 a.m. \u00a0\u00a0\u00a0\u00a0\u00a0\u00a0\u00a0Break<\/span><\/i><\/b><\/p>\n<p align=\"justify\">\u00a0<\/p>\n<p align=\"justify\"><b><i> <span lang=\"EN-GB\">11:15 a.m.   12:30 p.m.\u00a0\u00a0\u00a0\u00a0\u00a0\u00a0\u00a0Session 2<\/span><\/i><\/b><\/p>\n<p align=\"justify\"><strong> <span lang=\"EN-GB\"> <a href=\"http:\/\/mail.yahoo.com\/config\/login?\/outbind:\/\/16-000000004A6691F92A94B545B1CAE86D221889B80700E6A8D65CD098A5408F34CA557343BC630000002093020000E6A8D65CD098A5408F34CA557343BC630000037F2C6C0000\/#paper\" target=\"_blank\" title=\"outbind:\/\/16-000000004A6691F92A94B545B1CAE86D221889B80700E6A8D65CD098A540 \" rel=\"noopener\"> <font>State of Democracy in the Muslim World<\/font><\/a><\/span><\/strong><\/p>\n<p align=\"justify\">\u00a0<\/p>\n<p align=\"justify\"><b><i> <span lang=\"EN-GB\">12:30 p.m. 1:00   p.m.\u00a0\u00a0\u00a0\u00a0\u00a0\u00a0\u00a0 Jumuah Prayer\u00a0\u00a0\u00a0\u00a0\u00a0\u00a0\u00a0\u00a0\u00a0\u00a0\u00a0\u00a0 \u00a0\u00a0\u00a0\u00a0\u00a0\u00a0\u00a0\u00a0\u00a0\u00a0\u00a0\u00a0\u00a0\u00a0\u00a0\u00a0\u00a0\u00a0\u00a0 <\/span><\/i><\/b><\/p>\n<p align=\"justify\">\u00a0<\/p>\n<p align=\"justify\"> <b><i><span lang=\"EN-GB\">1:00 p.m.   2:30 p.m.\u00a0\u00a0\u00a0\u00a0\u00a0\u00a0\u00a0\u00a0 Luncheon <\/span><\/i><\/b><\/p>\n<p align=\"justify\">  \u00a0<\/p>\n<p align=\"justify\"> <strong> <span lang=\"EN-GB\">  Luncheon Keynote Address: Strengthening Democracy and Improving Understanding   with the Muslim World<\/span><\/strong><\/p>\n<p align=\"justify\">  \u00a0<\/p>\n<p align=\"justify\"> <strong> <span lang=\"EN-GB\">  Ambassador Randall L<\/span><span lang=\"EN-GB\">.   Tobias, Director of United States Foreign Assistance, and Administrator,   United States Agency For International Development (USAID) <\/span><\/strong> <\/p>\n<p align=\"justify\">  \u00a0<\/p>\n<p align=\"justify\"> <strong> <span lang=\"EN-GB\">  Carl Gershman<\/span><span lang=\"EN-GB\">,   President, National Endowment for Democracy (NED)<\/span><\/strong><\/p>\n<p align=\"justify\">  \u00a0<\/p>\n<p align=\"justify\">\u00a0<\/p>\n<p align=\"justify\"><b><i> <span lang=\"EN-GB\">2:30 p.m. 4:15   p.m. \u00a0\u00a0\u00a0\u00a0\u00a0\u00a0\u00a0\u00a0\u00a0Session 3 \u00a0\u00a0\u00a0\u00a0\u00a0\u00a0\u00a0\u00a0\u00a0\u00a0\u00a0\u00a0\u00a0\u00a0\u00a0\u00a0\u00a0\u00a0\u00a0\u00a0\u00a0\u00a0\u00a0\u00a0\u00a0\u00a0\u00a0\u00a0\u00a0\u00a0\u00a0 <\/span><\/i><\/b><\/p>\n<p align=\"justify\"><strong> <span lang=\"EN-GB\"> <a href=\"http:\/\/mail.yahoo.com\/config\/login?\/outbind:\/\/16-000000004A6691F92A94B545B1CAE86D221889B80700E6A8D65CD098A5408F34CA557343BC630000002093020000E6A8D65CD098A5408F34CA557343BC630000037F2C6C0000\/#1094617a76abef5a_paper\" target=\"_blank\" title=\"outbind:\/\/16-000000004A6691F92A94B545B1CAE86D221889B8070 \" rel=\"noopener\"> <font>Debate on Media and Democratization in the Muslim World<\/font><\/a><\/span><\/strong><\/p>\n<p align=\"justify\">\u00a0<\/p>\n<p align=\"justify\"><b><i> <span lang=\"EN-GB\">4:15 p.m. 4:30   p.m.<\/span><\/i><span lang=\"EN-GB\">   \u00a0\u00a0\u00a0\u00a0\u00a0\u00a0\u00a0\u00a0<i>Break<\/i><\/span><\/b><\/p>\n<p align=\"justify\">\u00a0<\/p>\n<p align=\"justify\"><b><i> <span lang=\"EN-GB\">4:30 p.m. 6:00   p.m.\u00a0\u00a0\u00a0\u00a0\u00a0\u00a0\u00a0\u00a0Session 4 \u00a0\u00a0\u00a0\u00a0\u00a0\u00a0\u00a0\u00a0\u00a0\u00a0\u00a0\u00a0\u00a0\u00a0\u00a0\u00a0\u00a0\u00a0\u00a0\u00a0\u00a0\u00a0\u00a0\u00a0\u00a0\u00a0\u00a0\u00a0\u00a0\u00a0\u00a0<\/span><\/i><\/b><\/p>\n<p align=\"justify\"><strong> <span lang=\"EN-GB\"> <a href=\"http:\/\/mail.yahoo.com\/config\/login?\/outbind:\/\/16-000000004A6691F92A94B545B1CAE86D221889B80700E6A8D65CD098A5408F34CA557343BC630000002093020000E6A8D65CD098A5408F34CA557343BC630000037F2C6C0000\/#1094617a76abef5a_paper0\" target=\"_blank\" title=\"outbind:\/\/16-000000004A6691F92A94B545B1CAE86D221889B807 \" rel=\"noopener\"> <font>NDAW: Voices of Democrats from the Arab World<\/font><\/a><\/span><\/strong><\/p>\n<p align=\"justify\">\u00a0<\/p>\n<p align=\"justify\"> <b><i><span lang=\"EN-GB\">7:00 p.m.   9:30 p.m.\u00a0\u00a0\u00a0\u00a0\u00a0\u00a0\u00a0\u00a0Hesham Reda Memorial Lecture<\/span><\/i><\/b><\/p>\n<p align=\"justify\"> <span lang=\"EN-GB\">  \u00a0\u00a0\u00a0\u00a0\u00a0\u00a0\u00a0\u00a0\u00a0\u00a0\u00a0\u00a0\u00a0\u00a0\u00a0\u00a0\u00a0\u00a0\u00a0\u00a0\u00a0\u00a0\u00a0\u00a0\u00a0\u00a0\u00a0\u00a0\u00a0\u00a0\u00a0\u00a0\u00a0\u00a0\u00a0\u00a0\u00a0\u00a0\u00a0\u00a0\u00a0\u00a0 (Annual Banquet &amp; Award Ceremony)<\/span><\/p>\n<p align=\"justify\">  \u00a0<\/p>\n<p align=\"justify\"> <strong> <span lang=\"EN-GB\">  KEYNOTE SPEAKER:<\/span><\/strong><\/p>\n<p align=\"justify\"> <strong> <span lang=\"EN-GB\">  Dr. Saad Eddine El-Othmani<\/span><\/strong><em><span lang=\"EN-GB\">,  <\/span><b> <span lang=\"EN-GB\">  Secretary-General, Party of Justice and Development, Morocco<\/span><\/b><\/em><\/p>\n<p align=\"justify\">  \u00a0<\/p>\n<p align=\"justify\"> <strong> <span lang=\"EN-GB\">  Muslim Democrat of the Year Award<\/span><\/strong><\/p>\n<p align=\"justify\">\u00a0<\/p>\n<p align=\"center\"><b><i> <span lang=\"EN-GB\">  Saturday May 6, 2006<\/span><\/i><\/b><\/p>\n<p align=\"justify\">\u00a0<\/p>\n<p align=\"justify\"><b><i> <span lang=\"EN-GB\">8:00 a.m. 9:00   a.m.\u00a0\u00a0\u00a0\u00a0\u00a0\u00a0\u00a0 Registration\u00a0\u00a0\u00a0\u00a0\u00a0\u00a0\u00a0\u00a0\u00a0\u00a0\u00a0\u00a0\u00a0\u00a0\u00a0\u00a0\u00a0\u00a0\u00a0\u00a0\u00a0\u00a0\u00a0\u00a0\u00a0\u00a0\u00a0\u00a0\u00a0\u00a0\u00a0\u00a0\u00a0\u00a0\u00a0\u00a0\u00a0\u00a0 <\/span><\/i><\/b> <\/p>\n<p align=\"justify\"><b><i> <span lang=\"EN-GB\">\u00a0\u00a0\u00a0\u00a0\u00a0\u00a0\u00a0\u00a0\u00a0  <\/span><\/i><\/b><\/p>\n<p align=\"justify\"><b><i> <span lang=\"EN-GB\">9:00 a.m. 10:30   a.m. \u00a0\u00a0\u00a0\u00a0\u00a0\u00a0Parallel Session 5 <\/span><\/i><\/b><\/p>\n<p align=\"justify\"><em><b> <span lang=\"EN-GB\"> <a href=\"http:\/\/mail.yahoo.com\/config\/login?\/outbind:\/\/16-000000004A6691F92A94B545B1CAE86D221889B80700E6A8D65CD098A5408F34CA557343BC630000002093020000E6A8D65CD098A5408F34CA557343BC630000037F2C6C0000\/#1094617a76abef5a_persian\" target=\"_blank\" title=\"outbind:\/\/16-000000004A6691F92A94B545B1CAE86D221889B80 \" rel=\"noopener\"> <font>Challenges to Democracy: Domestic and External<\/font><\/a><\/span><\/b><\/em><\/p>\n<p align=\"justify\">\u00a0<\/p>\n<p align=\"justify\"><em><b> <span lang=\"EN-GB\">9:00 a.m. 10:30   a.m.\u00a0\u00a0\u00a0\u00a0\u00a0\u00a0Parallel Session 6 <\/span><\/b><\/em><\/p>\n<p align=\"justify\"><strong> <span lang=\"EN-GB\"> <a href=\"http:\/\/mail.yahoo.com\/config\/login?\/outbind:\/\/16-000000004A6691F92A94B545B1CAE86D221889B80700E6A8D65CD098A5408F34CA557343BC630000002093020000E6A8D65CD098A5408F34CA557343BC630000037F2C6C0000\/#1094617a76abef5a_launch\" target=\"_blank\" title=\"outbind:\/\/16-000000004A6691F92A94B545B1CAE86D221889B807 \" rel=\"noopener\"> <font>Prospects for Democracy in the Muslim World<\/font><\/a><\/span><\/strong><\/p>\n<p align=\"justify\">\u00a0<\/p>\n<p align=\"justify\"><em><b> <span lang=\"EN-GB\">10:30 a.m.   10:45 a.m.\u00a0\u00a0\u00a0\u00a0 Break<\/span><\/b><\/em><\/p>\n<p align=\"justify\">\u00a0<\/p>\n<p align=\"justify\"><em><b> <span lang=\"EN-GB\">10:45 a.m.   12:30 p.m.\u00a0\u00a0\u00a0\u00a0\u00a0Parallel Session 7<\/span><\/b><\/em><\/p>\n<p align=\"justify\"><strong> <span lang=\"EN-GB\"> <a href=\"http:\/\/mail.yahoo.com\/config\/login?\/outbind:\/\/16-000000004A6691F92A94B545B1CAE86D221889B80700E6A8D65CD098A5408F34CA557343BC630000002093020000E6A8D65CD098A5408F34CA557343BC630000037F2C6C0000\/#1094617a76abef5a_ndaw\" target=\"_blank\" title=\"outbind:\/\/16-000000004A6691F92A94B545B1CAE86D221889B80700 \" rel=\"noopener\"> <font>Islamists and Democratization<\/font><\/a><\/span><\/strong><\/p>\n<p align=\"justify\">\u00a0<\/p>\n<p align=\"justify\"><em><b> <span lang=\"EN-GB\">10:45 a.m.   12:30 p.m.\u00a0\u00a0\u00a0\u00a0\u00a0\u00a0\u00a0\u00a0\u00a0 Parallel Session 8<\/span><\/b><\/em><\/p>\n<p align=\"justify\"><strong> <span lang=\"EN-GB\"> <a href=\"http:\/\/mail.yahoo.com\/config\/login?\/outbind:\/\/16-000000004A6691F92A94B545B1CAE86D221889B80700E6A8D65CD098A5408F34CA557343BC630000002093020000E6A8D65CD098A5408F34CA557343BC630000037F2C6C0000\/#1094617a76abef5a_sadat\" target=\"_blank\" title=\"outbind:\/\/16-000000004A6691F92A94B545B1CAE86D221889B8070 \" rel=\"noopener\"> <font>Citizenship in Islam<\/font><\/a><\/span><\/strong><\/p>\n<p align=\"justify\">\u00a0<\/p>\n<p align=\"justify\"> <em><b><span lang=\"EN-GB\">12:30   p.m. 2:00 p.m. \u00a0\u00a0\u00a0\u00a0\u00a0\u00a0\u00a0\u00a0\u00a0\u00a0 Keynote Luncheon <\/span><\/b><\/em><\/p>\n<p align=\"justify\">  \u00a0<\/p>\n<p align=\"justify\"> <strong> <span lang=\"EN-GB\">  Luncheon Keynote Speakers:<\/span><\/strong><\/p>\n<p align=\"justify\">  \u00a0<\/p>\n<p align=\"justify\"> <strong><span lang=\"EN-GB\">MEPI   and Democracy Promotion:\u00a0 What Did We Learn? <\/span><\/strong><\/p>\n<p align=\"justify\"> <strong> <span lang=\"EN-GB\">  Peter F. Mulrean<\/span><span lang=\"EN-GB\">   (Middle East Partnership Initiative, Department of State)<\/span><\/strong><\/p>\n<p align=\"justify\">  \u00a0<\/p>\n<p align=\"justify\"> <strong><span lang=\"EN-GB\">Lessons   from Iraq:\u00a0 What went Right and what went Wrong?<\/span><\/strong><\/p>\n<p align=\"justify\"> <strong> <span lang=\"EN-GB\">  Laith Kubba<\/span><span lang=\"EN-GB\">,   Director of Middle East &amp; North Africa, NED and former spokesman for the Iraqi   government.<\/span><\/strong><\/p>\n<p align=\"justify\">\u00a0<\/p>\n<p align=\"justify\"><em><b> <span lang=\"EN-GB\">2:00 p.m. 3:30   p.m.\u00a0\u00a0\u00a0\u00a0\u00a0\u00a0\u00a0\u00a0\u00a0\u00a0\u00a0\u00a0\u00a0\u00a0 Parallel Session 9<\/span><\/b><\/em><\/p>\n<p align=\"justify\"><strong> <span lang=\"EN-GB\"> <a href=\"http:\/\/mail.yahoo.com\/config\/login?\/outbind:\/\/16-000000004A6691F92A94B545B1CAE86D221889B80700E6A8D65CD098A5408F34CA557343BC630000002093020000E6A8D65CD098A5408F34CA557343BC630000037F2C6C0000\/#1094617a76abef5a_nigeria\" target=\"_blank\" title=\"outbind:\/\/16-000000004A6691F92A94B545B1CAE86D221889B80 \" rel=\"noopener\"> <font>Developing New and Just Interpretations of Islamic   Principles for the 21st Century<\/font><\/a><\/span><\/strong><\/p>\n<p align=\"justify\">\u00a0<\/p>\n<p align=\"justify\"><em><b> <span lang=\"EN-GB\">2:00 p.m. 3:30   p.m.\u00a0\u00a0\u00a0\u00a0\u00a0\u00a0\u00a0\u00a0\u00a0\u00a0\u00a0\u00a0\u00a0\u00a0 Parallel Session 10<\/span><\/b><\/em><\/p>\n<p align=\"justify\"><strong> <span lang=\"EN-GB\"> <a href=\"http:\/\/mail.yahoo.com\/config\/login?\/outbind:\/\/16-000000004A6691F92A94B545B1CAE86D221889B80700E6A8D65CD098A5408F34CA557343BC630000002093020000E6A8D65CD098A5408F34CA557343BC630000037F2C6C0000\/#1094617a76abef5a_woodrow\" target=\"_blank\" title=\"outbind:\/\/16-000000004A6691F92A94B545B1CAE86D221889B80 \" rel=\"noopener\"> <font>The Status and Role of Women in the Muslim World<\/font><\/a><\/span><\/strong><\/p>\n<p align=\"justify\">\u00a0<\/p>\n<p align=\"justify\"><em><b> <span lang=\"EN-GB\">3:30 p.m. 4:00   p.m.\u00a0\u00a0\u00a0\u00a0\u00a0\u00a0\u00a0\u00a0\u00a0\u00a0\u00a0\u00a0\u00a0 Break<\/span><\/b><\/em><\/p>\n<p align=\"justify\">\u00a0<\/p>\n<p align=\"justify\"><em><b> <span lang=\"EN-GB\">4:00 p.m. 5:30   p.m.\u00a0\u00a0\u00a0\u00a0\u00a0\u00a0\u00a0\u00a0\u00a0\u00a0\u00a0\u00a0\u00a0 Parallel Session 11<\/span><\/b><\/em><\/p>\n<p align=\"justify\"><strong> <span lang=\"EN-GB\"> <a href=\"http:\/\/mail.yahoo.com\/config\/login?\/outbind:\/\/16-000000004A6691F92A94B545B1CAE86D221889B80700E6A8D65CD098A5408F34CA557343BC630000002093020000E6A8D65CD098A5408F34CA557343BC630000037F2C6C0000\/#1094617a76abef5a_succor\" target=\"_blank\" title=\"outbind:\/\/16-000000004A6691F92A94B545B1CAE86D221889B807 \" rel=\"noopener\"> <font>Challenges for Democracy in Muslim Asia<\/font><\/a><\/span><\/strong><\/p>\n<p align=\"justify\">\u00a0<\/p>\n<p align=\"justify\"><em><b> <span lang=\"EN-GB\">4:00 p.m. 5:30   p.m\u00a0\u00a0\u00a0\u00a0\u00a0\u00a0\u00a0\u00a0\u00a0\u00a0\u00a0\u00a0\u00a0\u00a0 Parallel <\/span><\/b><\/em><b><i> <span lang=\"EN-GB\">Sess<em><span>ion   12<\/span><\/em><\/span><\/i><\/b><\/p>\n<p align=\"justify\"><strong> <span lang=\"EN-GB\"> <a href=\"http:\/\/mail.yahoo.com\/config\/login?\/outbind:\/\/16-000000004A6691F92A94B545B1CAE86D221889B80700E6A8D65CD098A5408F34CA557343BC630000002093020000E6A8D65CD098A5408F34CA557343BC630000037F2C6C0000\/#1094617a76abef5a_wsis\" target=\"_blank\" title=\"outbind:\/\/16-000000004A6691F92A94B545B1CAE86D221889B80700 \" rel=\"noopener\"> <font>A Modern Islamic Democratic Discourse<\/font><\/a><\/span><\/strong><\/p>\n<p align=\"justify\">\u00a0<\/p>\n<p align=\"justify\"><em><b> <span lang=\"EN-GB\">5:30 p.m. 6:00   p.m.\u00a0 \u00a0\u00a0\u00a0\u00a0\u00a0\u00a0\u00a0\u00a0\u00a0\u00a0\u00a0 Closing Remarks<\/span><\/b><\/em><\/p>\n<p align=\"justify\">\u00a0<\/p>\n<p align=\"justify\"><strong> <span lang=\"EN-GB\">  \u00a0\u00a0\u00a0\u00a0\u00a0\u00a0 \u00a0\u00a0\u00a0\u00a0\u00a0\u00a0\u00a0\u00a0\u00a0\u00a0\u00a0\u00a0\u00a0\u00a0\u00a0\u00a0\u00a0\u00a0\u00a0\u00a0\u00a0\u00a0\u00a0\u00a0\u00a0\u00a0 Najib Ghadhbian<\/span><span lang=\"EN-GB\">,   Chair of Program Committee<\/span><\/strong><\/p>\n<p align=\"justify\"><strong> <span lang=\"EN-GB\">  \u00a0\u00a0\u00a0\u00a0\u00a0\u00a0\u00a0\u00a0\u00a0\u00a0\u00a0\u00a0\u00a0 \u00a0\u00a0\u00a0\u00a0\u00a0\u00a0\u00a0\u00a0\u00a0\u00a0\u00a0\u00a0\u00a0\u00a0\u00a0\u00a0\u00a0\u00a0\u00a0 Asma Afsaruddin<\/span><span lang=\"EN-GB\">,   Chair of CSID<\/span><\/strong><\/p>\n<p align=\"justify\">\u00a0<\/p>\n<p align=\"justify\"><em><b> <span lang=\"EN-GB\">6:00 p.m. 7:30   p.m.\u00a0\u00a0\u00a0\u00a0\u00a0\u00a0\u00a0\u00a0\u00a0\u00a0\u00a0\u00a0\u00a0 CSID General Body Meeting <\/span><\/b><\/em><\/p>\n<p align=\"justify\"><em><b> <span lang=\"EN-GB\">  \u00a0\u00a0\u00a0\u00a0\u00a0\u00a0\u00a0\u00a0\u00a0\u00a0\u00a0\u00a0\u00a0\u00a0\u00a0\u00a0 \u00a0\u00a0\u00a0\u00a0\u00a0\u00a0\u00a0\u00a0\u00a0\u00a0\u00a0\u00a0\u00a0\u00a0\u00a0\u00a0\u00a0\u00a0\u00a0\u00a0\u00a0\u00a0\u00a0\u00a0\u00a0\u00a0\u00a0\u00a0\u00a0\u00a0\u00a0\u00a0\u00a0\u00a0\u00a0\u00a0\u00a0\u00a0\u00a0\u00a0\u00a0\u00a0\u00a0\u00a0\u00a0\u00a0\u00a0 (CSID Members   only)<\/span><\/b><\/em><\/p>\n<p align=\"justify\">\u00a0<\/p>\n<p align=\"justify\">\u00a0<\/p>\n<p align=\"justify\">\u00a0<\/p>\n<p align=\"justify\"><b><i> <span lang=\"EN-GB\">Session1\u00a0\u00a0<\/span><\/i><\/b><\/p>\n<p align=\"justify\">\u00a0<\/p>\n<p align=\"justify\"><em> <span lang=\"EN-GB\">  Chair:\u00a0 <\/span><\/em><strong> <span lang=\"EN-GB\">  Tony Sullivan<\/span><\/strong><em><span lang=\"EN-GB\">,   Fund for American Studies<\/span><\/em><\/p>\n<p align=\"justify\"><b> <span lang=\"EN-GB\">The Crisis of   Non-Islamist Parties in the Middle East.<\/span><\/b><\/p>\n<p align=\"justify\"> <span lang=\"EN-GB\">Marina Ottaway   (Carnegie Endowment for International Peace,<\/span><\/p>\n<p align=\"justify\"> <span lang=\"EN-GB\">DC),  <a href=\"http:\/\/se.f265.mail.yahoo.com\/ym\/Compose?To=MOttaway@ceip.org\" target=\"_blank\" title=\"mailto:MOttaway@ceip.org\" rel=\"noopener\"> <span><font>MOttaway@ceip.org<\/font><\/span><\/a><\/span><\/p>\n<p align=\"justify\">\u00a0<\/p>\n<p align=\"justify\"><b> <span lang=\"EN-GB\">Towards an   Experiment in Libertarian Political Islam.<\/span><\/b><\/p>\n<p align=\"justify\"> <span lang=\"EN-GB\">Anas Malik   (Xavier University, OH)  <a href=\"http:\/\/se.f265.mail.yahoo.com\/ym\/Compose?To=Malik@xavier.edu\" target=\"_blank\" title=\"mailto:Malik@xavier.edu\" rel=\"noopener\"> <span><font>Malik@xavier.edu<\/font><\/span><\/a><\/span><\/p>\n<p align=\"justify\">\u00a0<\/p>\n<p align=\"justify\"><b> <span lang=\"EN-GB\">Islamization of   Democracy: The Requisite of Democracy<\/span><\/b><\/p>\n<p align=\"justify\"><b> <span lang=\"EN-GB\">in the Islamic   World. <\/span><\/b><\/p>\n<p align=\"justify\"> <span lang=\"EN-GB\">Mohamed Berween   (Texas A&amp;M International University, TX),<\/span><\/p>\n<p align=\"justify\"> <span lang=\"EN-GB\"> <a href=\"http:\/\/se.f265.mail.yahoo.com\/ym\/Compose?To=Mbenruwin@tamiu.edu\" target=\"_blank\" title=\"mailto:Mbenruwin@tamiu.edu\" rel=\"noopener\"> <span><font>Mbenruwin@tamiu.edu<\/font><\/span><\/a><\/span><\/p>\n<p align=\"justify\">\u00a0<\/p>\n<p align=\"justify\">\u00a0<\/p>\n<p align=\"justify\">\u00a0<\/p>\n<p align=\"justify\"><b> <span lang=\"EN-GB\">Session2<\/span><\/b><\/p>\n<p align=\"justify\">\u00a0<\/p>\n<p align=\"justify\"><em> <span lang=\"EN-GB\">  Chair:\u00a0 <\/span><\/em><strong> <span lang=\"EN-GB\">  Joseph Montville<\/span><\/strong><em><span lang=\"EN-GB\">,   CSID<\/span><\/em><\/p>\n<p align=\"justify\"><b> <span lang=\"EN-GB\">Pakistan   Between Mosque and Military.<\/span><\/b><\/p>\n<p align=\"justify\"> <span lang=\"EN-GB\">Husain Haqqani   (Carnegie Endowment for International Peace)<\/span><\/p>\n<p align=\"justify\"> <span lang=\"EN-GB\"> <a href=\"http:\/\/se.f265.mail.yahoo.com\/ym\/Compose?To=hhaqqani@ceip.org\" target=\"_blank\" title=\"mailto:hhaqqani@ceip.org\" rel=\"noopener\"> <span><font>hhaqqani@ceip.org<\/font><\/span><\/a><\/span><\/p>\n<p align=\"justify\">\u00a0<\/p>\n<p align=\"justify\"><b> <span lang=\"EN-GB\">Transitional   Politics in the Maghreb: Prospects for <\/span><\/b><\/p>\n<p align=\"justify\"><b> <span lang=\"EN-GB\">Democracy in   Algeria,<\/span><\/b><span lang=\"EN-GB\"> <b>Morocco, and Tunisia. <\/b><\/span><\/p>\n<p align=\"justify\"> <span lang=\"EN-GB\">John P Entelis   (Fordham University, NY),  <a href=\"http:\/\/se.f265.mail.yahoo.com\/ym\/Compose?To=entelis@fordham.edu\" target=\"_blank\" title=\"mailto:entelis@fordham.edu\" rel=\"noopener\"> <span><font>entelis@fordham.edu<\/font><\/span><\/a><\/span><\/p>\n<p align=\"justify\">\u00a0<\/p>\n<p align=\"justify\"><b> <span lang=\"EN-GB\">Democratization   in Syria and the Interplay of Culture and<\/span><\/b><\/p>\n<p align=\"justify\"><b> <span lang=\"EN-GB\">Structure.  <\/span><\/b><\/p>\n<p align=\"justify\"> <span lang=\"EN-GB\">Louay Safi, (CSID   Board Member)  <a href=\"http:\/\/se.f265.mail.yahoo.com\/ym\/Compose?To=louay@isna.net\" target=\"_blank\" title=\"mailto:louay@isna.net\" rel=\"noopener\"> <span><font>louay@isna.net<\/font><\/span><\/a><\/span><\/p>\n<p align=\"justify\">\u00a0<\/p>\n<p align=\"justify\">\u00a0<\/p>\n<p align=\"justify\"> <span lang=\"EN-GB\">\u00a0<\/span><b><span lang=\"EN-GB\">Session3<\/span><\/b><\/p>\n<p align=\"justify\">\u00a0<\/p>\n<p align=\"justify\"><em> <span lang=\"EN-GB\">  Chair:\u00a0 <\/span><\/em><strong> <span lang=\"EN-GB\">  Abdallah Schleifer<\/span><\/strong><em><span lang=\"EN-GB\">   (Al Arabiya)<\/span><\/em><\/p>\n<p align=\"justify\">\u00a0<\/p>\n<p align=\"justify\"><b> <span lang=\"EN-GB\">  \u00a0\u00a0 Philip Seib<\/span><\/b><span lang=\"EN-GB\">   (Marquette University, WI)<\/span><span lang=\"EN-GB\"> <a href=\"http:\/\/se.f265.mail.yahoo.com\/ym\/Compose?To=pseib@earthlink.net\" target=\"_blank\" title=\"mailto:pseib@earthlink.net\" rel=\"noopener\"> <span><font>pseib@earthlink.net<\/font><\/span><\/a><\/span><\/p>\n<p align=\"justify\">\u00a0<\/p>\n<p align=\"justify\"><b> <span lang=\"EN-GB\">  \u00a0\u00a0 Abdallah Schleifer<\/span><\/b><span lang=\"EN-GB\"> <span>(Al Arabiya, DC)<\/span> <a href=\"http:\/\/se.f265.mail.yahoo.com\/ym\/Compose?To=sas@aucegypt.edu\" target=\"_blank\" title=\"mailto:sas@aucegypt.edu\" rel=\"noopener\"> <span><font>sas@aucegypt.edu<\/font><\/span><\/a><\/span><\/p>\n<p align=\"justify\">\u00a0<\/p>\n<p align=\"justify\"><b> <span lang=\"EN-GB\">  \u00a0\u00a0 Octavia Nasr,<\/span><\/b><span lang=\"EN-GB\"> <span>Sr. Arab Affairs Correspondent<\/span> (<span>CNN)<\/span><\/span><\/p>\n<p align=\"justify\">\u00a0<\/p>\n<p align=\"justify\"><b> <span lang=\"EN-GB\">  \u00a0\u00a0 Abderrahim Foukara <\/span><\/b> <span lang=\"EN-GB\">(<span>Al-Jazeera   , DC) <\/span><span> <a href=\"http:\/\/se.f265.mail.yahoo.com\/ym\/Compose?To=foukara@aljazeera.net\" target=\"_blank\" title=\"mailto:foukara@aljazeera.net\" rel=\"noopener\"> <span><font>foukara@aljazeera.net<\/font><\/span><\/a><\/span> <\/span><\/p>\n<p align=\"justify\">\u00a0<\/p>\n<p align=\"justify\">\u00a0<\/p>\n<p align=\"justify\"> <span lang=\"EN-GB\">\u00a0<\/span><b><span lang=\"EN-GB\">Session4<\/span><\/b><\/p>\n<p align=\"justify\">\u00a0<\/p>\n<p align=\"justify\"><em> <span lang=\"EN-GB\">  Chair:\u00a0 <\/span><\/em><strong> <span lang=\"EN-GB\">  Abderrahim Sabir<\/span><\/strong><em><span lang=\"EN-GB\">,   CSID Program Officer &amp; Coordinator of the <\/span><\/em><strong> <span lang=\"EN-GB\">  Network of Democrats in the Arab World<\/span><\/strong><\/p>\n<p align=\"justify\">\u00a0<\/p>\n<p align=\"justify\"><b> <span lang=\"EN-GB\">\u00a0\u00a0 <\/span> <span lang=\"DE-CH\">Boudjema   Ghechir<\/span><\/b><span lang=\"DE-CH\">,  <span>Algeria, <\/span><\/span><\/p>\n<p align=\"justify\"><b> <span lang=\"DE-CH\">\u00a0\u00a0 Abderazzak   Makri<\/span><\/b><span lang=\"DE-CH\">,  <span>Algeria,<\/span>\u00a0 <\/span><\/p>\n<p align=\"justify\"><b> <span lang=\"DE-CH\">\u00a0\u00a0 <\/span> <span lang=\"EN-GB\">Ayat   Abul-Futtouh<\/span><\/b><span lang=\"EN-GB\">,   Egypt,<\/span><span lang=\"EN-GB\"> <\/span><\/p>\n<p align=\"justify\"><b> <span lang=\"EN-GB\">\u00a0\u00a0 Emad Shaheen<span>,  <span>Egypt<\/span><\/span><span>,<\/span><\/span><\/b><span lang=\"EN-GB\"> <\/span><\/p>\n<p align=\"justify\"><b> <span lang=\"EN-GB\">\u00a0\u00a0 <\/span> <span lang=\"FR\">Ala Al-Radhi<\/span><\/b><span lang=\"FR\">,  <span>Iraq, <\/span><\/span><\/p>\n<p align=\"justify\"><b> <span lang=\"FR\">\u00a0\u00a0 <\/span> <span lang=\"DE-CH\">Dina Dahkqan<\/span><\/b><span lang=\"DE-CH\">,   Jordan,<\/span><span lang=\"DE-CH\"> <\/span><\/p>\n<p align=\"justify\"><b> <span lang=\"DE-CH\">\u00a0\u00a0 <\/span> <span lang=\"EN-GB\">Marwan Awad   Faouri<\/span><\/b><span lang=\"EN-GB\">,  <span>Jordan,<\/span> <\/span><\/p>\n<p align=\"justify\"><b> <span lang=\"EN-GB\">\u00a0\u00a0 Obaida Fares<\/span><\/b><span lang=\"EN-GB\">,  <span>Jordan,<\/span> <\/span><\/p>\n<p align=\"justify\"><b>\u00a0\u00a0 Hani Hourani<span lang=\"EN-GB\">,   Jordan,<\/span><\/b><span lang=\"EN-GB\"> <\/span><\/p>\n<p align=\"justify\"><b> <span lang=\"EN-GB\">\u00a0\u00a0 Samir Amin   Jarrah<span>, <span>Jordan<\/span><\/span><span>,<\/span><\/span><\/b><span lang=\"EN-GB\"> <\/span><\/p>\n<p align=\"justify\"><b> <span lang=\"EN-GB\">\u00a0\u00a0 Mokhtar   Benabdallaoui<span>, <span>  Morocco<\/span><\/span><span>,<\/span><\/span><\/b><span lang=\"EN-GB\"> <\/span><\/p>\n<p align=\"justify\"><b> <span lang=\"EN-GB\">\u00a0\u00a0 Jamal   Bendahmane<span>, <span>  Morocco<\/span><\/span><span>,<\/span><\/span><\/b><span lang=\"EN-GB\"> <\/span><\/p>\n<p align=\"justify\"><b> <span lang=\"EN-GB\">\u00a0\u00a0 Kamal Ben   Younes<\/span><\/b><span lang=\"EN-GB\">,  <span>Tunisia<\/span>, <\/span><\/p>\n<p align=\"justify\"><b> <span lang=\"EN-GB\">\u00a0\u00a0 <\/span> <span lang=\"DE-CH\">Mohsen Marzouk<\/span><\/b><span lang=\"DE-CH\">,  <span>Tunisia,<\/span> <\/span><\/p>\n<p align=\"justify\">\u00a0<\/p>\n<p align=\"justify\">\u00a0<\/p>\n<p align=\"justify\"> <span dir=\"rtl\" lang=\"AR-SA\">  \u00a0<\/span><b><span lang=\"EN-GB\">Session5<\/span><\/b><\/p>\n<p align=\"justify\">\u00a0<\/p>\n<p align=\"justify\"><em> <span lang=\"EN-GB\">  Chair:\u00a0 <\/span><\/em><strong> <span lang=\"EN-GB\">  Abdulwahab Alkebsi<\/span><\/strong><em><span lang=\"EN-GB\">,   National Endowment for Democracy<\/span><\/em><\/p>\n<p align=\"justify\">\u00a0<\/p>\n<p align=\"justify\"><b> <span lang=\"EN-GB\">U.S. Policy   toward Political Reforms in Morocco.<\/span><\/b><\/p>\n<p align=\"justify\"> <span lang=\"EN-GB\">Mustapha khalfi   (visiting scholar, Carnegie endowment for<\/span><\/p>\n<p align=\"justify\"> <span lang=\"EN-GB\">international   peace)  <a href=\"http:\/\/se.f265.mail.yahoo.com\/ym\/Compose?To=mkhalfi@carnegieendowment.org\" target=\"_blank\" title=\"mailto:mkhalfi@carnegieendowment.org\" rel=\"noopener\"> <span><font>  mkhalfi@carnegieendowment.org<\/font><\/span><\/a><\/span><\/p>\n<p align=\"justify\"><b> <span lang=\"EN-GB\">Confronting the   Real Enemy: An Islamic Perspective for <\/span><\/b><\/p>\n<p align=\"justify\"><b> <span lang=\"EN-GB\">Fighting   Corruption.<\/span><\/b><\/p>\n<p align=\"justify\"> <span lang=\"EN-GB\">Maryam Knight   (New York University, NY)  <a href=\"http:\/\/se.f265.mail.yahoo.com\/ym\/Compose?To=mk1153@nyu.edu\" target=\"_blank\" title=\"mailto:mk1153@nyu.edu\" rel=\"noopener\"> <span><font>mk1153@nyu.edu<\/font><\/span><\/a><\/span><\/p>\n<p align=\"justify\">\u00a0<\/p>\n<p align=\"justify\"><b> <span lang=\"EN-GB\">Revisiting   Secularism and Revitalization of Islamism:<\/span><\/b><\/p>\n<p align=\"justify\"><b> <span lang=\"EN-GB\">Democratic   Perspective.<\/span><\/b><\/p>\n<p align=\"justify\"> <span lang=\"EN-GB\">Maimul Ahsan   Khan (University of California-Davis)<\/span><\/p>\n<p align=\"justify\"> <span lang=\"EN-GB\">  mkhan@ucdavis.edu<\/span><\/p>\n<p align=\"justify\">\u00a0<\/p>\n<p align=\"justify\">\u00a0<\/p>\n<p align=\"justify\"> <span dir=\"rtl\" lang=\"AR-SA\">  \u00a0<\/span><b><span lang=\"EN-GB\">Session6<\/span><\/b><\/p>\n<p align=\"justify\">\u00a0<\/p>\n<p align=\"justify\"><em> <span lang=\"EN-GB\">  Chair:\u00a0 <\/span><\/em><strong> <span lang=\"EN-GB\">  Dan Brumberg<\/span><\/strong><em><span lang=\"EN-GB\">,   Georgetown\u00a0University<\/span><\/em><\/p>\n<p align=\"justify\"><b> <span lang=\"EN-GB\">The Role of   Islamist Movements in Promoting Democracy<\/span><\/b><\/p>\n<p align=\"justify\"><b> <span lang=\"EN-GB\">in the Arab   World: Procedures versus Values. <\/span><\/b><\/p>\n<p align=\"justify\"> <span lang=\"EN-GB\">Amr Hamzawy   (Carnegie Endowment for International Peace,<\/span><\/p>\n<p align=\"justify\"> <span lang=\"EN-GB\">\u00a0DC),  <a href=\"http:\/\/se.f265.mail.yahoo.com\/ym\/Compose?To=ahamzawy@carnegieendowment.org\" target=\"_blank\" title=\"mailto:ahamzawy@carnegieendowment.org\" rel=\"noopener\"> <span><font>  ahamzawy@carnegieendowment.org<\/font><\/span><\/a><\/span><\/p>\n<p align=\"justify\">\u00a0<\/p>\n<p align=\"justify\"><b> <span lang=\"EN-GB\">The   Intersection between Human Rights and <\/span><\/b><\/p>\n<p align=\"justify\"><b> <span lang=\"EN-GB\">  Democratization.<\/span><\/b><\/p>\n<p align=\"justify\"> <span lang=\"EN-GB\">Neil Hicks   (Human Rights First, NY)<\/span><\/p>\n<p align=\"justify\"> <span lang=\"EN-GB\"> <a href=\"http:\/\/se.f265.mail.yahoo.com\/ym\/Compose?To=HicksN@humanrightsfirst.org\" target=\"_blank\" title=\"mailto:HicksN@humanrightsfirst.org\" rel=\"noopener\"> <span><font>  HicksN@humanrightsfirst.org<\/font><\/span><\/a><\/span><\/p>\n<p align=\"justify\">  \u00a0<\/p>\n<p align=\"justify\"><b> <span lang=\"EN-GB\">Core Strategic   Challenges for Successful Democratic<\/span><\/b><\/p>\n<p align=\"justify\"><b> <span lang=\"EN-GB\">\u00a0Reforms.  <\/span><\/b><span lang=\"EN-GB\">\u00a0  <\/span><\/p>\n<p align=\"justify\"> <span lang=\"EN-GB\">Alon Ben-Meir   (New York University, NY) <\/span><\/p>\n<p align=\"justify\"> <span lang=\"EN-GB\"> <a href=\"http:\/\/se.f265.mail.yahoo.com\/ym\/Compose?To=Alon@alonben-meir.com\" target=\"_blank\" title=\"mailto:Alon@alonben-meir.com\" rel=\"noopener\"> <span><font>  Alon@alonben-meir.com<\/font><\/span><\/a><\/span><\/p>\n<p align=\"justify\">\u00a0<\/p>\n<p align=\"justify\"><b> <span lang=\"EN-GB\">Are elections   in the Muslim world in America&rsquo;s interests? <\/span><\/b><\/p>\n<p align=\"justify\"><b> <span lang=\"EN-GB\">\u00a0<\/span><\/b><span lang=\"EN-GB\">Joshua   Muravchik (Resident Scholar at the American<\/span><\/p>\n<p align=\"justify\"> <span lang=\"EN-GB\">\u00a0Enterprise   Institute)  <a href=\"http:\/\/se.f265.mail.yahoo.com\/ym\/Compose?To=jmuravchik@aei.org\" target=\"_blank\" title=\"mailto:jmuravchik@aei.org\" rel=\"noopener\"> <span><font>jmuravchik@aei.org<\/font><\/span><\/a><\/span><\/p>\n<p align=\"justify\">\u00a0<\/p>\n<p align=\"justify\"><b> <span lang=\"EN-GB\">Session7<\/span><\/b><\/p>\n<p align=\"justify\">\u00a0<\/p>\n<p align=\"justify\"><em> <span lang=\"EN-GB\">  Chair:\u00a0 <\/span><\/em><strong> <span lang=\"EN-GB\">  Najib Ghadbian,<\/span><\/strong><em><span lang=\"EN-GB\">   University of Arkansas<\/span><\/em><\/p>\n<p align=\"justify\"> <b> <span lang=\"EN-GB\">  Democratization and Islamist &lsquo;Auto-Reform&rsquo;: Preliminary<\/span><\/b><\/p>\n<p align=\"justify\"> <b> <span lang=\"EN-GB\">  Findings from Egypt,\u00a0 Jordan and Kuwait<\/span><\/b><span lang=\"EN-GB\">.  <\/span><\/p>\n<p align=\"justify\"> <span lang=\"EN-GB\">  Carrie Rosefsky Wickham (Emory University, GA),<\/span><\/p>\n<p align=\"justify\"> <span> <span lang=\"EN-GB\"> <a href=\"http:\/\/se.f265.mail.yahoo.com\/ym\/Compose?To=cwickha@emory.edu\" target=\"_blank\" title=\"mailto:cwickha@emory.edu\" rel=\"noopener\"> <span><font>cwickha@emory.edu<\/font><\/span><\/a><\/span><\/span><\/p>\n<p align=\"justify\">  \u00a0<\/p>\n<p align=\"justify\"> <b> <span lang=\"EN-GB\">  To Engage or Not to Engage? The Emerging Consensus<\/span><\/b><\/p>\n<p align=\"justify\"> <b> <span lang=\"EN-GB\">  on US Policy toward Political Islam<\/span><\/b><span lang=\"EN-GB\">.  <\/span><\/p>\n<p align=\"justify\"> <span lang=\"EN-GB\">  Shadi Hamid (Georgetown University, DC ),<\/span><\/p>\n<p align=\"justify\"> <span> <span lang=\"EN-GB\"> <a href=\"http:\/\/se.f265.mail.yahoo.com\/ym\/Compose?To=sh75@georgetown.edu\" target=\"_blank\" title=\"mailto:sh75@georgetown.edu\" rel=\"noopener\"> <span><font>sh75@georgetown.edu<\/font><\/span><\/a><\/span><\/span><\/p>\n<p align=\"justify\">\u00a0<\/p>\n<p align=\"justify\"> <b> <span lang=\"EN-GB\">  Islamist Democrats?: Assessing and Evaluating the<\/span><\/b><\/p>\n<p align=\"justify\"> <b> <span lang=\"EN-GB\">  Democratic Commitments of Islamist Parties in Turkey,<\/span><\/b><\/p>\n<p align=\"justify\"> <b> <span lang=\"EN-GB\">  Morocco, and Jordan.<\/span><\/b><span lang=\"EN-GB\"> <\/span><\/p>\n<p align=\"justify\"> <span lang=\"EN-GB\">  Sean Brooks (Davidson College, NC)<\/span><\/p>\n<p align=\"justify\"> <span> <span lang=\"EN-GB\"> <a href=\"http:\/\/se.f265.mail.yahoo.com\/ym\/Compose?To=seanpbrooks@gmail.com\" target=\"_blank\" title=\"mailto:seanpbrooks@gmail.com\" rel=\"noopener\"> <span><font>  seanpbrooks@gmail.com<\/font><\/span><\/a><\/span><\/span><\/p>\n<p align=\"justify\">\u00a0<\/p>\n<p align=\"justify\"> <b> <span lang=\"EN-GB\">  The Inter-Relations between Moderate Islamists, their<\/span><\/b><\/p>\n<p align=\"justify\"> <b> <span lang=\"EN-GB\">  Media and Democratization in the Arab World.<\/span><span lang=\"EN-GB\"> <\/span><\/b><\/p>\n<p align=\"justify\"> <span lang=\"EN-GB\">  Carola Richter (Erfurt University, Germany) <\/span><\/p>\n<p align=\"justify\"> <span> <span lang=\"EN-GB\"> <a href=\"http:\/\/se.f265.mail.yahoo.com\/ym\/Compose?To=carola.richter@uni-erfurt.de\" target=\"_blank\" title=\"mailto:carola.richter@uni-erfurt.de\" rel=\"noopener\"> <span><font>carola.richter@uni-erfurt.de<\/font><\/span><\/a><\/span><\/span><u><font><span><span lang=\"EN-GB\"> <\/span><\/span><\/font><\/u><\/p>\n<p align=\"justify\">\u00a0<\/p>\n<p align=\"justify\">\u00a0<\/p>\n<p align=\"justify\"><b> <span lang=\"EN-GB\">Session8<\/span><\/b><\/p>\n<p align=\"justify\">\u00a0<\/p>\n<p align=\"justify\"><em> <span lang=\"EN-GB\">  Chair:\u00a0 <\/span><\/em><strong> <span lang=\"EN-GB\">  Muqtedar Khan<\/span><\/strong><em><span lang=\"EN-GB\">,   Brookings &amp; Univ. of Delawar<strong><span>e<\/span><\/strong><\/span><\/em><\/p>\n<p align=\"justify\">\u00a0<\/p>\n<p align=\"justify\"><b> <span lang=\"EN-GB\">Citizenship and   non-Muslims in Modern Islamic Thought. <\/span><\/b><\/p>\n<p align=\"justify\"> <span lang=\"EN-GB\">Rachel Scott   (Virginia Polytechnic Institute and State University,<\/span><\/p>\n<p align=\"justify\"> <span lang=\"FR\">VA), <\/span> <span> <span lang=\"EN-GB\"> <a href=\"http:\/\/se.f265.mail.yahoo.com\/ym\/Compose?To=mscott@vt.edu\" target=\"_blank\" title=\"mailto:mscott@vt.edu\" rel=\"noopener\"> <span lang=\"FR\"><font>  mscott@vt.edu<\/font><\/span><\/a><\/span><\/span><\/p>\n<p align=\"justify\">\u00a0<\/p>\n<p align=\"justify\"><b> <span lang=\"EN-GB\">Difficulties   encountered by Muslims in Granada, Spain. <\/span><\/b><\/p>\n<p align=\"justify\"> <span lang=\"EN-GB\">Alan Cordova   (Williams College, MA)<\/span><\/p>\n<p align=\"justify\"> <span> <span lang=\"EN-GB\"> <a href=\"http:\/\/se.f265.mail.yahoo.com\/ym\/Compose?To=Alan.R.Cordova@Williams.edu\" target=\"_blank\" title=\"mailto:Alan.R.Cordova@Williams.edu\" rel=\"noopener\"> <span><font>Alan.R.Cordova@Williams.edu<\/font><\/span><\/a><\/span><\/span><\/p>\n<p align=\"justify\">\u00a0<\/p>\n<p align=\"justify\"> <b><span lang=\"EN-GB\">Citizenship   and Democracy in Kyrgyzstan, one year after<\/span><\/b><\/p>\n<p align=\"justify\"> <b><span lang=\"EN-GB\">the Tulip   Revolution. <\/span><\/b><\/p>\n<p align=\"justify\"> <span lang=\"EN-GB\">Vanessa Ruget,   comparative politics teacher at Bentley College<\/span><\/p>\n<p align=\"justify\"> <span lang=\"EN-GB\">(Massachusetts,   USA)  <a href=\"http:\/\/se.f265.mail.yahoo.com\/ym\/Compose?To=vruget@yahoo.com\" target=\"_blank\" title=\"mailto:vruget@yahoo.com\" rel=\"noopener\"> <font>vruget@yahoo.com<\/font><\/a> <\/span><\/p>\n<p align=\"justify\">\u00a0<\/p>\n<p align=\"justify\">\u00a0<\/p>\n<p align=\"justify\"><b> <span lang=\"EN-GB\">Session9<\/span><\/b><\/p>\n<p align=\"justify\">\u00a0<\/p>\n<p align=\"justify\"><em> <span lang=\"EN-GB\">  Chair:\u00a0 <\/span><\/em><strong> <span lang=\"EN-GB\">  Louay Safi<\/span><\/strong><em><span lang=\"EN-GB\">,   CSID<\/span><\/em><\/p>\n<p align=\"justify\"><b> <span lang=\"EN-GB\">Bridging the   Gap: Revisiting the Way We Interpret Islam. <\/span><\/b><\/p>\n<p align=\"justify\"> <span lang=\"EN-GB\">Wael Nawara   (Egyptian Alghad Party)  <a href=\"http:\/\/se.f265.mail.yahoo.com\/ym\/Compose?To=wnawara@sheble.com\" target=\"_blank\" title=\"mailto:wnawara@sheble.com\" rel=\"noopener\"> <span><font>wnawara@sheble.com<\/font><\/span><\/a><\/span><\/p>\n<p align=\"justify\">\u00a0<\/p>\n<p align=\"justify\"><b> <span lang=\"EN-GB\">Can there be   Democratic Governance without the<\/span><\/b><\/p>\n<p align=\"justify\"><b> <span lang=\"EN-GB\">Separation of   Religion and Politics? <\/span><\/b><\/p>\n<p align=\"justify\"> <span lang=\"EN-GB\">Abdulaziz   Sachedina (University of Virginia)<\/span><\/p>\n<p align=\"justify\"> <span> <span lang=\"EN-GB\"> <a href=\"http:\/\/se.f265.mail.yahoo.com\/ym\/Compose?To=aas@VIRGINIA.EDU\" target=\"_blank\" title=\"mailto:aas@VIRGINIA.EDU\" rel=\"noopener\"> <span><font>aas@VIRGINIA.EDU<\/font><\/span><\/a><\/span><\/span><\/p>\n<p align=\"justify\">\u00a0<\/p>\n<p align=\"justify\"><b> <span lang=\"EN-GB\">Democratic   Governance and the So-Called Islamic State. <\/span><\/b><\/p>\n<p align=\"justify\"> <span lang=\"EN-GB\">Asma Afsaruddin   (University of Notre Dame)<\/span><\/p>\n<p align=\"justify\"> <span lang=\"EN-GB\"> <a href=\"http:\/\/se.f265.mail.yahoo.com\/ym\/Compose?To=afsaruddin.1@nd.edu\" target=\"_blank\" title=\"mailto:afsaruddin.1@nd.edu\" rel=\"noopener\"> <span><font>afsaruddin.1@nd.edu<\/font><\/span><\/a><\/span><\/p>\n<p align=\"justify\">\u00a0<\/p>\n<p align=\"justify\">\u00a0<\/p>\n<p align=\"justify\"><b> <span lang=\"EN-GB\">Session10<\/span><\/b><\/p>\n<p align=\"justify\">\u00a0<\/p>\n<p align=\"justify\"><em> <span lang=\"EN-GB\">  Chair:\u00a0 <\/span><\/em><strong> <span lang=\"EN-GB\">  Robert Schadler<\/span><\/strong><em><span lang=\"EN-GB\">,   CSID<\/span><\/em><\/p>\n<p align=\"justify\">\u00a0<\/p>\n<p align=\"justify\"><b> <span lang=\"EN-GB\">\u00a0\u00a0\u00a0 A   Presentation on Freedom Houses Comparative, Region-<\/span><\/b><\/p>\n<p align=\"justify\"><b> <span lang=\"EN-GB\">\u00a0\u00a0\u00a0 Wide Study,   Womens Rights in the Middle East and North<\/span><\/b><\/p>\n<p align=\"justify\"><b> <span lang=\"EN-GB\">\u00a0\u00a0\u00a0 Africa:   Citizenship and Justice.<\/span><\/b><\/p>\n<p align=\"justify\"><b> <span lang=\"EN-GB\">\u00a0\u00a0\u00a0\u00a0<\/span><\/b><span lang=\"EN-GB\">Mariam   Memarsadeghi (Senior Program Manager of Middle East<\/span><\/p>\n<p align=\"justify\"> <span lang=\"EN-GB\">\u00a0\u00a0\u00a0\u00a0<span>and   North Africa, Freedom House,)<\/span><\/span><\/p>\n<p align=\"justify\"> <span lang=\"EN-GB\">\u00a0\u00a0\u00a0\u00a0<span><a href=\"http:\/\/se.f265.mail.yahoo.com\/ym\/Compose?To=memarsadeghi@freedomhouse.org\" target=\"_blank\" title=\"mailto:memarsadeghi@freedomhouse.org\" rel=\"noopener\"><span><font>memarsadeghi@freedomhouse.org<\/font><\/span><\/a>\u00a0  <\/span><\/span><\/p>\n<p align=\"justify\"> <b> <span lang=\"EN-GB\">  Responding to the Challenge:\u00a0 Moroccan Women and <\/span><\/b><\/p>\n<p align=\"justify\"> <b> <span lang=\"EN-GB\">  Democracy<\/span><span lang=\"EN-GB\">.  <\/span><\/b><\/p>\n<p align=\"justify\"> <span lang=\"EN-GB\">  Sarah Swic<\/span><span lang=\"EN-GB\"> <span>(Program Assistant, Minaret of Freedom Institute<\/span>),<\/span><\/p>\n<p align=\"justify\"> <span> <span lang=\"EN-GB\"> <a href=\"http:\/\/rd.bcentral.com\/?ID=4022621&amp;s=119946714\" target=\"_blank\" title=\"http:\/\/rd.bcentral.com\/?ID=4022621&amp;s=119946714\" rel=\"noopener\"> <span><font>swick_s@yahoo.com<\/font><\/span><\/a><\/span><\/span><\/p>\n<p align=\"justify\"><b> <span lang=\"EN-GB\">  \u00a0\u00a0\u00a0\u00a0 Education is the Foundation: Women Building Peace and<\/span><\/b><\/p>\n<p align=\"justify\"><b> <span lang=\"EN-GB\">\u00a0<span>\u00a0\u00a0\u00a0   Prosperity in Sudan.<\/span> <\/span><\/b><\/p>\n<p align=\"justify\"><b> <span lang=\"EN-GB\">\u00a0\u00a0\u00a0 <\/span><\/b> <span lang=\"EN-GB\">  \u00a0Leigh Graham (Teachers College, Columbia University)\u00a0\u00a0 <\/span><\/p>\n<p align=\"justify\"> <span lang=\"EN-GB\">\u00a0\u00a0\u00a0\u00a0  <span> <a href=\"http:\/\/se.f265.mail.yahoo.com\/ym\/Compose?To=Leigh@LeighLGraham.com\" target=\"_blank\" title=\"mailto:Leigh@LeighLGraham.com\" rel=\"noopener\"> <span><font>  Leigh@LeighLGraham.com<\/font><\/span><\/a><\/span> <\/span><\/p>\n<p align=\"justify\">\u00a0<\/p>\n<p align=\"justify\">\u00a0<\/p>\n<p align=\"justify\"><b> <span lang=\"EN-GB\">Session11<\/span><\/b><\/p>\n<p align=\"justify\">\u00a0<\/p>\n<p align=\"justify\"><strong> <span lang=\"EN-GB\">  Chair:\u00a0 Louis Cantori , Univ. of Baltimore<\/span><\/strong><\/p>\n<p align=\"justify\">\u00a0<\/p>\n<p align=\"justify\"><strong> <span lang=\"EN-GB\">\u00a0\u00a0\u00a0 <\/span> <\/strong><em><b> <span lang=\"EN-GB\">  \u00a0<span>Why Democracy? On the Need for Fresh Thinking   about an<\/span><\/span><\/b><\/em><\/p>\n<p align=\"justify\"><em><b> <span lang=\"EN-GB\">  \u00a0\u00a0\u00a0\u00a0 <span>\u00a0Old Ideal.<\/span><\/span><\/b><\/em><strong><span lang=\"EN-GB\"> <\/span><\/strong><\/p>\n<p align=\"justify\"><strong> <span lang=\"EN-GB\">\u00a0\u00a0\u00a0\u00a0\u00a0 <\/span> <\/strong><em> <span lang=\"EN-GB\">  John Keane (University of Westminster and Wissenschaftszentrum<\/span><\/em><\/p>\n<p align=\"justify\"><em> <span lang=\"EN-GB\">  \u00a0\u00a0\u00a0\u00a0\u00a0 <span>Berlin (WZB)<\/span><b>, <\/b><\/span><\/em><u> <span lang=\"EN-GB\"> <a href=\"http:\/\/se.f265.mail.yahoo.com\/ym\/Compose?To=Nilofar.sakhi@emu.edu\" target=\"_blank\" title=\"mailto:Nilofar.sakhi@emu.edu\" rel=\"noopener\"> <em><span> <font>jk@johnkeane.net <\/font><\/span><\/em><\/a><\/span><\/u><\/p>\n<p align=\"justify\"> <span lang=\"EN-GB\">\u00a0<b><span>Domestic   and external challenges to democracy in the<\/span><\/b><\/span><\/p>\n<p align=\"justify\"> <b> <span lang=\"EN-GB\">  \u00a0Muslim world Case studies:\u00a0\u00a0 Turkey and Afghanistan<\/span><span lang=\"EN-GB\">.  <\/span><\/b><\/p>\n<p align=\"justify\"> <span lang=\"EN-GB\">\u00a0Nilofar   Sakhi (Conflict Transformation Program, Eastern<\/span><\/p>\n<p align=\"justify\"> <span lang=\"EN-GB\">\u00a0<span>Mennonite   University)<\/span> <a href=\"http:\/\/se.f265.mail.yahoo.com\/ym\/Compose?To=Nilofar.sakhi@emu.edu\" target=\"_blank\" title=\"mailto:Nilofar.sakhi@emu.edu\" rel=\"noopener\"> <span><font>Nilofar.sakhi@emu.edu<\/font><\/span><\/a> <\/span><\/p>\n<p align=\"justify\"><b> <span lang=\"EN-GB\">  \u00a0\u00a0\u00a0 Creating a Productive Discourse on Democracy in the Muslim<\/span><\/b><\/p>\n<p align=\"justify\"><b> <span lang=\"EN-GB\">\u00a0<span>\u00a0\u00a0   World<\/span>. <\/span><\/b><\/p>\n<p align=\"justify\"> <span lang=\"EN-GB\">  \u00a0\u00a0\u00a0\u00a0\u00a0Imad-ad-Dean Ahmad (Minaret of Freedom Institute)<\/span><\/p>\n<p align=\"justify\"> <span lang=\"EN-GB\">\u00a0\u00a0\u00a0\u00a0  <span> <a href=\"http:\/\/se.f265.mail.yahoo.com\/ym\/Compose?To=ahmad@minaret.org\" target=\"_blank\" title=\"mailto:ahmad@minaret.org\" rel=\"noopener\"> <span><font>ahmad@minaret.org<\/font><\/span><\/a><\/span>\u00a0  <\/span><\/p>\n<p align=\"justify\">\u00a0<\/p>\n<p align=\"justify\"><b> <span lang=\"EN-GB\">Session12<\/span><\/b><\/p>\n<p align=\"justify\">\u00a0<\/p>\n<p align=\"justify\"><strong> <span lang=\"EN-GB\">  Chair:\u00a0 Asma Afsaruddin, CSID &amp; Univ. of Notre Dame<\/span><\/strong><\/p>\n<p align=\"justify\"> <b> <span lang=\"EN-GB\">  Liberating Islam from Bondage:\u00a0 The Radical Democratic<\/span><\/b><\/p>\n<p align=\"justify\"> <b> <span lang=\"EN-GB\">  Discourse of Al-Sadiq al-Nayhum<\/span><span lang=\"EN-GB\">.  <\/span><\/b><\/p>\n<p align=\"justify\"> <span lang=\"EN-GB\">  Alberto Fernandez (Director, Office of Press and Public<\/span><\/p>\n<p align=\"justify\"> <span lang=\"EN-GB\">  Diplomacy, Bureau of Near East Affairs, U.S. Department of<\/span><\/p>\n<p align=\"justify\"> <span lang=\"EN-GB\">  State)<\/span><span lang=\"EN-GB\"> <span> <a href=\"http:\/\/rd.bcentral.com\/?ID=4022620&amp;s=119946714\" target=\"_blank\" title=\"http:\/\/rd.bcentral.com\/?ID=4022620&amp;s=119946714\" rel=\"noopener\"> <span><font>  FernandezAM@state.gov<\/font><\/span><\/a><\/span><\/span><\/p>\n<p align=\"justify\"> <b> <span lang=\"EN-GB\">A   Comparison of the Compact of Medina and the Early<\/span><\/b><\/p>\n<p align=\"justify\"> <b> <span lang=\"EN-GB\">  Development of the United States Constitution<\/span><span lang=\"EN-GB\">.  <\/span><\/b><\/p>\n<p align=\"justify\"> <span lang=\"EN-GB\">  Saeed Khan (Department of Near East &amp; Asian Studies,<\/span><\/p>\n<p align=\"justify\"> <span lang=\"EN-GB\">  Wayne State University<\/span><span lang=\"EN-GB\">)  <span> <a href=\"http:\/\/se.f265.mail.yahoo.com\/ym\/Compose?To=skhan@wayne.edu\" target=\"_blank\" title=\"mailto:skhan@wayne.edu\" rel=\"noopener\"> <span><font>skhan@wayne.edu<\/font><\/span><\/a><\/span><u><font><span><span> <\/span><\/span><\/font><\/u><\/span><\/p>\n<p align=\"justify\"> <b> <span lang=\"EN-GB\">  The<\/span><span lang=\"EN-GB\"> <span>Ulama of Egypt: As a Progressive and Moderate<\/span><\/span><\/b><\/p>\n<p align=\"justify\"> <b> <span lang=\"EN-GB\">  Religious Authority?<\/span><span lang=\"EN-GB\"> <\/span><\/b><\/p>\n<p align=\"justify\"> <span lang=\"EN-GB\">Shaznene   Hussain <span>(University of Arkansas<\/span>)  <span> <a href=\"http:\/\/se.f265.mail.yahoo.com\/ym\/Compose?To=fhussai@uark.edu\" target=\"_blank\" title=\"mailto:fhussai@uark.edu\" rel=\"noopener\"> <font>fhussai@uark.edu<\/font><\/a><\/span><\/span><\/p>\n<p align=\"justify\">\u00a0<\/p>\n<p align=\"justify\"> <span lang=\"EN-GB\">  (Source: <span> <a href=\"http:\/\/mail.yahoo.com\/config\/login?\/outbind:\/\/16-000000004A6691F92A94B545B1CAE86D221889B80700E6A8D65CD098A5408F34CA557343BC630000002093020000E6A8D65CD098A5408F34CA557343BC630000037F2C6C0000\/#1\" target=\"_blank\" title=\"outbind:\/\/16-000000004A6691F92A94B545B1CAE86D221889B80700E6A8D65CD098A5408F34 \" rel=\"noopener\"> <span>CSID EMAIL BULLETIN &#8211;<\/span><\/a>\u00a0 May 01, 2006)<\/span><\/span><\/p>\n<p align=\"justify\"><b> <span lang=\"EN-GB\">  Site web:<\/span><span lang=\"EN-GB\"> <\/span><span lang=\"EN-GB\"> <a href=\"http:\/\/rd.bcentral.com\/?ID=4022618&amp;s=119946714\" target=\"_blank\" title=\"http:\/\/rd.bcentral.com\/?ID=4022618&amp;s=119946714\" rel=\"noopener\"> <font>Center for the Study of Islam &amp; Democracy (CSID).<\/font><\/a><\/span><\/b><\/p>\n<p><\/font><\/div>\n<hr\/>\n<p align=\"center\"><b><a href=\"http:\/\/www.tunisnews.net\"><span>Home<\/span><span lang=\"FR-CH\"> &#8211; Accueil <\/span><span>&#8211; <\/span><span dir=\"rtl\" lang=\"AR-SA\">\u0627\u0644\u0631\u0626\u064a\u0633\u064a\u0629<\/span><\/a><\/b><\/p>\n<p><\/font><\/body><\/body><\/html><\/p>\n","protected":false},"excerpt":{"rendered":"<p>Home &#8211; Accueil &#8211; \u0627\u0644\u0631\u0626\u064a\u0633\u064a\u0629 TUNISNEWS 7\u00a0\u00e8me\u00a0ann\u00e9e, N\u00b0\u00a02171 du 02.05.2006 \u00a0archives : www.tunisnews.net V\u00e9rit\u00e9-Action: Tunisie : l&rsquo;interminable souffrance des plumes libres IFEX:\u00a0 Tunisie, la libre expression toujours en etat de siege AISPP: Communiqu\u00e9 Motion de soutien et de solidarit\u00e9 avec Ma\u00eetre Mokhtar Jalali et sa famille Ligue Tunisienne pour la d\u00e9fense des Droits de l\u2019Homme [&hellip;]<\/p>\n","protected":false},"author":1,"featured_media":22040,"comment_status":"open","ping_status":"open","sticky":false,"template":"","format":"standard","meta":{"inline_featured_image":false,"site-sidebar-layout":"default","site-content-layout":"","ast-site-content-layout":"default","site-content-style":"default","site-sidebar-style":"default","ast-global-header-display":"","ast-banner-title-visibility":"","ast-main-header-display":"","ast-hfb-above-header-display":"","ast-hfb-below-header-display":"","ast-hfb-mobile-header-display":"","site-post-title":"","ast-breadcrumbs-content":"","ast-featured-img":"","footer-sml-layout":"","ast-disable-related-posts":"","theme-transparent-header-meta":"","adv-header-id-meta":"","stick-header-meta":"","header-above-stick-meta":"","header-main-stick-meta":"","header-below-stick-meta":"","astra-migrate-meta-layouts":"default","ast-page-background-enabled":"default","ast-page-background-meta":{"desktop":{"background-color":"","background-image":"","background-repeat":"repeat","background-position":"center center","background-size":"auto","background-attachment":"scroll","background-type":"","background-media":"","overlay-type":"","overlay-color":"","overlay-opacity":"","overlay-gradient":""},"tablet":{"background-color":"","background-image":"","background-repeat":"repeat","background-position":"center center","background-size":"auto","background-attachment":"scroll","background-type":"","background-media":"","overlay-type":"","overlay-color":"","overlay-opacity":"","overlay-gradient":""},"mobile":{"background-color":"","background-image":"","background-repeat":"repeat","background-position":"center center","background-size":"auto","background-attachment":"scroll","background-type":"","background-media":"","overlay-type":"","overlay-color":"","overlay-opacity":"","overlay-gradient":""}},"ast-content-background-meta":{"desktop":{"background-color":"var(--ast-global-color-5)","background-image":"","background-repeat":"repeat","background-position":"center center","background-size":"auto","background-attachment":"scroll","background-type":"","background-media":"","overlay-type":"","overlay-color":"","overlay-opacity":"","overlay-gradient":""},"tablet":{"background-color":"var(--ast-global-color-5)","background-image":"","background-repeat":"repeat","background-position":"center center","background-size":"auto","background-attachment":"scroll","background-type":"","background-media":"","overlay-type":"","overlay-color":"","overlay-opacity":"","overlay-gradient":""},"mobile":{"background-color":"var(--ast-global-color-5)","background-image":"","background-repeat":"repeat","background-position":"center center","background-size":"auto","background-attachment":"scroll","background-type":"","background-media":"","overlay-type":"","overlay-color":"","overlay-opacity":"","overlay-gradient":""}},"footnotes":""},"categories":[],"tags":[57,37,29],"class_list":["post-15701","post","type-post","status-publish","format-standard","has-post-thumbnail","hentry","tag-57","tag-37","tag-fr"],"_links":{"self":[{"href":"https:\/\/tunisnews.net\/ar\/wp-json\/wp\/v2\/posts\/15701","targetHints":{"allow":["GET"]}}],"collection":[{"href":"https:\/\/tunisnews.net\/ar\/wp-json\/wp\/v2\/posts"}],"about":[{"href":"https:\/\/tunisnews.net\/ar\/wp-json\/wp\/v2\/types\/post"}],"author":[{"embeddable":true,"href":"https:\/\/tunisnews.net\/ar\/wp-json\/wp\/v2\/users\/1"}],"replies":[{"embeddable":true,"href":"https:\/\/tunisnews.net\/ar\/wp-json\/wp\/v2\/comments?post=15701"}],"version-history":[{"count":0,"href":"https:\/\/tunisnews.net\/ar\/wp-json\/wp\/v2\/posts\/15701\/revisions"}],"wp:featuredmedia":[{"embeddable":true,"href":"https:\/\/tunisnews.net\/ar\/wp-json\/wp\/v2\/media\/22040"}],"wp:attachment":[{"href":"https:\/\/tunisnews.net\/ar\/wp-json\/wp\/v2\/media?parent=15701"}],"wp:term":[{"taxonomy":"category","embeddable":true,"href":"https:\/\/tunisnews.net\/ar\/wp-json\/wp\/v2\/categories?post=15701"},{"taxonomy":"post_tag","embeddable":true,"href":"https:\/\/tunisnews.net\/ar\/wp-json\/wp\/v2\/tags?post=15701"}],"curies":[{"name":"wp","href":"https:\/\/api.w.org\/{rel}","templated":true}]}}