{"id":15664,"date":"2009-01-17T00:00:00","date_gmt":"2009-01-17T00:00:00","guid":{"rendered":"https:\/\/tunisnews.net\/17-janvier-2009\/"},"modified":"2009-01-17T00:00:00","modified_gmt":"2009-01-17T00:00:00","slug":"17-janvier-2009","status":"publish","type":"post","link":"https:\/\/tunisnews.net\/ar\/17-janvier-2009\/","title":{"rendered":"17 janvier 2009"},"content":{"rendered":"<p><html><head><meta content=\"text\/html\" description=\"A l'appel du Bureau Femme du Parti D\u00e9mocrate Progressiste des \t\t\t\tTunisiennes\u00a0 sont venues se rassembler, aujourd'hui vendredi 16 \t\t\t\tJanvier 2009, devant le si\u00e8ge de l'ONU \u00e0 Tunis, pour protester \t\t\t\tavec v\u00e9h\u00e9mence contre la passivit\u00e9 du Conseil de S\u00e9curit\u00e9 face \t\t\t\taux crimes de guerre perp\u00e9tr\u00e9s par les forces arm\u00e9es \t\t\t\tisra\u00e9liennes \u00e0 l'encontre de la population civile de Gaza.\" http-equiv=\"Content-Type\"\/><\/head><body><body><\/p>\n<p align=\"center\" dir=\"ltr\"><font face=\"Arial\" size=\"2\"><b><a href=\"https:\/\/tunisnews.net\/ar\/\"><span>Home<\/span><span lang=\"FR-CH\"> &#8211; Accuei<\/span><\/a><span lang=\"FR-CH\">l<\/span><\/b><\/font><\/p>\n<p><font face=\"Arial\" size=\"2\"><\/p>\n<div>\n<div>\n<div>\n<div>\n<div>\n<div>\n<div><\/div>\n<p><font><span lang=\"FR\"><\/p>\n<div align=\"center\" dir=\"ltr\"><span lang=\"SV\"><strong>TUNISNEWS<\/strong><\/span> <\/div>\n<div align=\"center\" dir=\"ltr\"><font><\/p>\n<div><strong>8\u00a0\u00e8me ann\u00e9e, <span lang=\"FR\">N\u00b0\u00a03162 du 17.01.2009<\/span><\/strong><\/div>\n<p><\/font><\/div>\n<div align=\"center\" dir=\"ltr\"><span><font><strong><font>\u00a0archives<\/font> : <\/strong><\/font><a target=\"_blank\" rel=\"noopener\"><font face=\"Arial\" size=\"2\"><strong>www.tunisnews.net<\/strong><\/font><\/a><\/span><font>\u00a0<\/font>\u00a0 <\/div>\n<div align=\"center\" dir=\"ltr\">\n<hr\/>\n<\/div>\n<div align=\"left\" dir=\"ltr\">\u00a0<\/div>\n<p><span><span lang=\"FR\"><font><span lang=\"FR\"><\/p>\n<p><font><\/p>\n<div align=\"left\" dir=\"ltr\"><span lang=\"FR\"><strong><font size=\"2\">Femme du Parti D\u00e9mocrate Progressiste des Tunisiennes: Lettre au Secr\u00e9taire G\u00e9n\u00e9ral de l&rsquo;Organisation des Nations Unies <font>Le Groupe des Ambassadeurs Arabes accr\u00e9dit\u00e9s \u00e0 Dakar exprime sa col\u00e8re et sa condamnation de l\u2019Agression Isra\u00e9lienne contre Gaza<\/font> AP: Le Hamas n&rsquo;acceptera aucun soldat isra\u00e9lien \u00e0 Gaza <font>AP: Le Hamas poursuivra les combats<\/font>  Le Temps: B\u00e9atrice M\u00e9gevand Roggo \u00abC&rsquo;est une guerre men\u00e9e dans un microcosme\u00bb  <font>Le Monde: Les Arabes paralys\u00e9s par une \u00ab\u00a0guerre froide\u00a0\u00bb <\/font>Abou j\u00e2afar Laaouini: MASSACRE\u00a0 A\u00a0 GAZA, EN\u00a0 PALESTINE <font>Xinhua: La Tunisie pr\u00e9voit des pressions sur l&rsquo;industrie en 2009<\/font>  Webmanagercenter: Tunisie &#8211; A\u00e9roport Enfidha:\u00a0 un pr\u00eat de la BAD de 70 millions d\u2019euros  \u00a0<\/p>\n<div><font><span lang=\"FR\">Marie-H\u00e9l\u00e8ne Nedelec : <\/span>Redeyef &#8211; \u00a0Intervention faite au Conseil municipal de St Herblain<\/font><\/div>\n<p><\/font><\/strong><\/span><\/div>\n<div align=\"left\" dir=\"ltr\">\n<hr\/>\n<\/div>\n<div>\n<div align=\"center\"><b><span lang=\"FR\">Liste actualis\u00e9e des signataires de l&rsquo;initiative du Droit de Retour : <\/span><span lang=\"FR\"><font><a>http:\/\/www.manfiyoun.net\/fr\/listfr.html<\/a><\/font><\/span><\/b><span lang=\"FR\"><strong> Celles et Ceux qui veulent signer cet appel sont invit\u00e9s \u00e0 envoyer leur: Nom, Pays de r\u00e9sidence et Ann\u00e9e de sortie de la Tunisie sur le m\u00e9l de l&rsquo;initiative : <\/strong><a><font><strong>manfiyoun@gmail.com<\/strong><\/font><\/a><\/span> <\/div>\n<\/div>\n<p><\/font><\/p>\n<p><\/span><\/font><\/span><\/span><\/span><\/font><\/div>\n<\/div>\n<\/div>\n<\/div>\n<div>\n<hr\/>\n<\/div>\n<div>\n<div align=\"center\"> <strong><font>Femme du Parti D\u00e9mocrate Progressiste des Tunisiennes\u00a0<\/font><\/strong><\/div>\n<div align=\"center\"><strong><\/p>\n<h2 style=\"color: red;\"><font size=\"3\">Lettre\u00a0au Secr\u00e9taire G\u00e9n\u00e9ral de l&rsquo;Organisation des Nations Unies<\/font><\/h2>\n<p><\/strong><\/div>\n<div align=\"justify\">\u00a0<\/div>\n<div align=\"justify\">Monsieur Ban Ki Moon, Secr\u00e9taire G\u00e9n\u00e9ral de l&rsquo;Organisation des Nations Unies,  Monsieur le Secr\u00e9taire G\u00e9n\u00e9ral,  A l&rsquo;appel du Bureau Femme du Parti D\u00e9mocrate Progressiste des Tunisiennes\u00a0 sont venues se rassembler, aujourd&rsquo;hui vendredi 16 Janvier 2009, devant le si\u00e8ge de l&rsquo;ONU \u00e0 Tunis, pour protester avec v\u00e9h\u00e9mence contre la passivit\u00e9 du Conseil de S\u00e9curit\u00e9 face aux crimes de guerre perp\u00e9tr\u00e9s par les forces arm\u00e9es isra\u00e9liennes \u00e0 l&rsquo;encontre de la population civile de Gaza.  Depuis plus de vingt jours, un crime contre l&rsquo;Humanit\u00e9 est entrain de se perp\u00e9trer dans la Bande de Gaza. Ce crime qui a touch\u00e9 notamment la population civile a fait plus d&rsquo;un millier de morts (dont 400 enfants et plus de 100 femmes), plus de 5000 bless\u00e9s (dont la moiti\u00e9 sont des femmes et des enfants).  Ce massacre des victimes innocentes est d&rsquo;autant plus r\u00e9voltant qu&rsquo;il se d\u00e9roule dans le mutisme et l&rsquo;immobilisme de la communaut\u00e9 internationale.  \u00a0En effet, l&rsquo;Etat d&rsquo;Isra\u00ebl\u00a0 est entrain de fouler aux pieds le droit international dans l&rsquo;impunit\u00e9 totale : usages d&rsquo;armes interdites (bombes au phosphore blanc, DIME); bombardements des maisons d&rsquo;habitation, des \u00e9difices publics (h\u00f4pitaux, \u00e9coles, minist\u00e8res, centres de presse\u2026) et destruction de toute l&rsquo;infrastructure de la zone. Aucune instance internationale n&rsquo;a arr\u00eat\u00e9 ni m\u00eame condamn\u00e9, \u00e0 ce jour, les agissements de cet Etat. Bien au contraire, face \u00e0 ces crimes, et malgr\u00e9 les protestations de centaines de milliers de personnes qui d\u00e9filent tous les jours dans tous les pays du monde, la communaut\u00e9 internationale fait preuve d&rsquo;une passivit\u00e9 d\u00e9concertante, r\u00e9voltante et irresponsable. Aussi, force est de constater, que 60 ann\u00e9es de violences militaires ne sont pas parvenues \u00e0 imposer une pax israeliana au Moyen-Orient, elles ont au contraire, aliment\u00e9 une escalade de la violence qui menace la s\u00e9curit\u00e9 internationale.   \u00a0Monsieur le Secr\u00e9taire G\u00e9n\u00e9ral,  Ces citoyennes Tunisiennes vous exhortent \u00e0 user de vos pouvoirs pour mettre en \u0153uvre tous les m\u00e9canismes dont vous disposez pour mettre fin au massacre qui se d\u00e9roule sous nos yeux et \u00e0 assurer \u00e0 la population palestinienne de Gaza ind\u00e9pendance, paix, s\u00e9curit\u00e9 et prosp\u00e9rit\u00e9, droits les plus l\u00e9gitimes dont jouissent la plupart des populations du monde. &#8212;  <strong><font>http:\/\/www3.pdpinfo.org : Site du PDP Nous essayons, b\u00e9n\u00e9volement,\u00a0 de vous informer avec peu de moyens ; vous pouvez nous aider en diffusant ce message. Service de presse du Parti D\u00e9mocrate Progressiste (PDP) Tunisien<\/font><\/strong> \u00a0<\/div>\n<div align=\"justify\">\n<hr\/>\n<\/div>\n<div align=\"center\"><font face=\"Arial\"><strong>Marie-Hel\u00e8ne Nedelec* au conseil municipal de St Herblain \u2013 Loire Atlantique<\/strong><\/font><\/div>\n<div align=\"center\"><strong><\/p>\n<p><font size=\"3\">Le Groupe des Ambassadeurs Arabes accr\u00e9dit\u00e9s \u00e0 Dakar exprime sa col\u00e8re et sa condamnation de l\u2019Agression Isra\u00e9lienne contre Gaza<\/font><\/p>\n<p><\/strong> <\/div>\n<div align=\"justify\"> \u00a0Au vu de l\u2019agression isra\u00e9lienne contre le peuple Palestinien \u00e0 Gaza, le Groupe des Ambassadeurs Arabes Accr\u00e9dit\u00e9s au S\u00e9n\u00e9gal\u00a0 s\u2019est r\u00e9uni le 12\/01\/2009 \u00e0 la r\u00e9sidence de l\u2019Ambassadeur de l\u2019Etat de Palestine \u00e0 Dakar. Le Groupe a exprim\u00e9\u00a0 sa ferme condamnation\u00a0 et il a d\u00e9nonc\u00e9 avec vigueur cette agression isra\u00e9lienne contre le peuple Palestinien \u00e0 Gaza qui a\u00a0 fait, jusqu\u2019aujourd\u2019hui 930\u00a0 morts dont 261 enfants et 98 femmes avec\u00a0 plus de 4260\u00a0 bless\u00e9s. Cette agression aggrav\u00e9es par des frappes a\u00e9riennes, des op\u00e9rations terrestres, d\u2019autres maritimes et utilisant des armes interdites .La bande de Gaza a v\u00e9cu des journ\u00e9es sombres et meurtri\u00e8res en soixante ann\u00e9es de conflit au Proche-Orient\u00a0 avec un lot quotidien de victimes de jeunes enfants,\u00a0 de femmes et de vieillards. Dernier acte horrible en date, le bombardement d\u2019une \u00e9cole de l\u2019UNRWA qui a fait 40 morts en majorit\u00e9 des enfants. M\u00eame\u00a0 L\u2019infrastructure de base a \u00e9t\u00e9 d\u00e9truite,\u00a0 les \u00e9coles, un centre de presse, les lieux de culte et plusieurs logements et maisons ont \u00e9t\u00e9 ras\u00e9s.\u00a0 L\u2019histoire qui se r\u00e9p\u00e8te, ce ne sont pas les humiliations inflig\u00e9es au peuple Palestinien par une arm\u00e9e d\u2019occupation depuis 1948. Ce n\u2019est pas le viol commis depuis 60 ans au vu et su de la communaut\u00e9 internationale par Isra\u00ebl de toutes les d\u00e9cisions de l\u2019ONU. L\u2019histoire qui se r\u00e9p\u00e8te \u00e0 Gaza c\u2019est celle de ces bombardements, ces blocus, ces barrages, ces coupures de courants, ces embargos sur les vivres, sur les m\u00e9dicaments\u00a0 visant des zones civiles. Toute cette bande sinistr\u00e9e avec le plus fort pourcentage de pauvret\u00e9, de ch\u00f4mage et de pr\u00e9carit\u00e9. Isra\u00ebl porte la responsabilit\u00e9 totale\u00a0 en tant que puissance\u00a0 d\u2019occupation. Le Groupe d\u00e9nonce l\u2019offensive Isra\u00e9lienne sur une population civile et\u00a0 innocente.\u00a0 Il\u00a0 rappelle\u00a0 qu\u2019Isra\u00ebl a viol\u00e9 les principes du droit international et la charte des Nations unies. Il consid\u00e8re\u00a0 que\u00a0 le choix de la paix et l\u2019attachement \u00e0 la l\u00e9galit\u00e9 internationale est\u00a0 le seul moyen propice, au r\u00e8glement du conflit Isra\u00e9lo-Palestinien. Le groupe exprime par ailleurs, ses condol\u00e9ances aux familles des victimes de ces op\u00e9rations isra\u00e9liennes, particuli\u00e8rement leur ancien coll\u00e8gue \u00e0 Dakar l\u2019Ambassadeur Abou AL NAJA, qui a perdu son \u00e9pouse, son beau-fils et sa fille gri\u00e8vement bless\u00e9e. Il\u00a0 r\u00e9affirme\u00a0 sa solidarit\u00e9 avec l\u2019ensemble du\u00a0 peuple palestinien.  \u00a0 Le groupe appelle\u00a0 la communaut\u00e9 internationale \u00e0 condamner les attaques et demande\u00a0 un cessez-le-feu imm\u00e9diat. Il demande\u00a0 aux Nations unies et \u00e0 la communaut\u00e9 internationale \u00e9galement d\u2019utiliser l\u2019autorit\u00e9 n\u00e9cessaire pour mettre fin \u00e0 l\u2019agression\u00a0 et\u00a0 appliquer\u00a0 la\u00a0 derni\u00e8re\u00a0 r\u00e9solution du conseil de s\u00e9curit\u00e9. Le groupe exhorte tous les peuples attach\u00e9s \u00e0 la paix et\u00a0 \u00e0 la justice notamment nos fr\u00e8res S\u00e9n\u00e9galais, pour apporter leurs soutiens au peuple palestinien et d\u2019\u0153uvrer pour arr\u00eater ces massacres isra\u00e9liennes. En outre, le Groupe des Ambassadeurs Arabes\u00a0 exprime\u00a0 le souhait que \u00ab\u00a0le processus de paix puisse reprendre son cour, une fois r\u00e9alis\u00e9s le retrait des forces isra\u00e9liennes, l&rsquo;arr\u00eat des interventions militaires isra\u00e9liennes contre les populations de Gaza et la fin de l\u2019occupation des territoires Palestiniens\u00a0 pour permettre \u00e0 ce peuple Palestinien de recouvrir ses droits l\u00e9gitimes avec la cr\u00e9ation de son Etat ind\u00e9pendant et souverain. Au plan humanitaire, le Groupe souligne\u00a0 l&rsquo;importance que soient ouverts les points de passages et la lev\u00e9e du blocus, pour l&rsquo;acheminement non seulement des aides humanitaires mais aussi des marchandises et des biens, avec la circulation des personnes en vue d&rsquo;un retour rapide \u00e0 la normale dans la Bande de Gaza. <\/div>\n<div align=\"justify\">\n<hr\/>\n<\/div>\n<div align=\"justify\">\u00a0<\/div>\n<div align=\"justify\">\n<div align=\"center\"><strong><\/p>\n<h2 style=\"color: red;\"><font size=\"3\">Le Hamas n&rsquo;acceptera aucun soldat isra\u00e9lien \u00e0 Gaza<\/font><\/h2>\n<p><\/strong><\/div>\n<p> AFP 17.01.09 | 22h35\u00a0  Le mouvement islamiste Hamas a affirm\u00e9 samedi qu&rsquo;il n&rsquo;accepterait pas la pr\u00e9sence \u00ab\u00a0d&rsquo;un seul soldat\u00a0\u00bb isra\u00e9lien \u00e0 Gaza et promis de poursuivre la r\u00e9sistance, apr\u00e8s l&rsquo;annonce par Isra\u00ebl d&rsquo;un cessez-le-feu unilat\u00e9ral \u00e0 minuit GMT.  \u00ab\u00a0Nous n&rsquo;accepterons d&rsquo;aucune mani\u00e8re la pr\u00e9sence d&rsquo;un soldat sur le sol de Gaza quel qu&rsquo;en soit le prix. Le Hamas est toujours pr\u00e9sent, la r\u00e9sistance vaillante et sa direction solide\u00a0\u00bb, a indiqu\u00e9 Fawzi Barhoum, un porte-parole du Hamas dans un communiqu\u00e9.<\/p><\/div>\n<div align=\"justify\">\n<hr\/>\n<\/div>\n<div align=\"justify\">\n<div align=\"center\"><strong><\/p>\n<h2 style=\"color: red;\"><font size=\"3\">Le Hamas poursuivra les combats<\/font><\/h2>\n<p><\/strong> <\/div>\n<div align=\"justify\">AP  17\/01\/2009 | Mise \u00e0 jour : 20:28  . Le Hamas a pr\u00e9venu ce soir que ses militants poursuivraient les combats tant que les troupes isra\u00e9liennes n&rsquo;auraient pas quitt\u00e9 la bande de Gaza. Cette annonce a \u00e9t\u00e9 faite par un porte-parole du Hamas, Fawzi Barhoum, dans un discours diffus\u00e9 sur la t\u00e9l\u00e9vision du Hamas \u00e0 Gaza.  Le Hamas rejette donc par avance les termes du cessez-le-feu unilat\u00e9ral qu&rsquo;Isra\u00ebl s&rsquo;appr\u00eatait \u00e0 annoncer dans la soir\u00e9e: l&rsquo;arm\u00e9e mettrait fin \u00e0 ses bombardements et ses attaques mais maintiendrait ses troupes dans la bande de Gaza durant 10 jours pour v\u00e9rifier l&rsquo;arr\u00eat des tirs de roquettes par le Hamas. \u00a0<\/p>\n<hr\/>\n<\/div>\n<\/div>\n<div align=\"center\"><font size=\"3\"><strong><\/p>\n<h2 style=\"color: red;\"><font>\u00abC&rsquo;est une guerre men\u00e9e dans un microcosme\u00bb<\/font><\/h2>\n<p><\/strong> <\/font> <font><strong>PROCHE-ORIENT. Le Comit\u00e9 international de la Croix-Rouge est tr\u00e8s engag\u00e9 dans la bande de Gaza. Entretien avec la directrice des op\u00e9rations.<\/strong><\/font><\/div>\n<div align=\"justify\"> <strong><font>Caroline Stevan <\/font><\/strong>Samedi 17 janvier 2009   Cheffe des op\u00e9rations Moyen-Orient et Afrique du Nord pour le Comit\u00e9 international de la Croix-Rouge (CICR), B\u00e9atrice M\u00e9gevand Roggo \u00e9tait dans la bande de Gaza cette semaine.   \u00a0 Le Temps: Vous revenez d&rsquo;une visite \u00e0 Gaza. Quel est votre sentiment?   B\u00e9atrice M\u00e9gevand Roggo: Le fait le plus marquant est l&rsquo;intensit\u00e9 de l&rsquo;action militaire sur la dur\u00e9e &#8211; cela fait vingt et un jours &#8211; et sur un territoire tr\u00e8s restreint et tr\u00e8s peupl\u00e9. La densit\u00e9 de population dans la bande de Gaza est trois fois sup\u00e9rieure \u00e0 celle de Manhattan! C&rsquo;est une guerre men\u00e9e par la troisi\u00e8me puissance militaire mondiale dans un microcosme! Cela aboutit \u00e0 une situation presque jamais vue dans les h\u00f4pitaux, au niveau de la gravit\u00e9 des blessures, du flux constant de victimes et du grand nombre de femmes et d&rsquo;enfants parmi elles.   <strong>&#8211; Un h\u00f4pital vient d&rsquo;\u00eatre bombard\u00e9, un entrep\u00f4t de mat\u00e9riel incendi\u00e9. Apr\u00e8s des tirs essuy\u00e9s par vos \u00e9quipes, avez-vous l&rsquo;impression d&rsquo;\u00eatre devenus des cibles?<\/strong>   &#8211; J&rsquo;esp\u00e8re que non. Cela est peut-\u00eatre d\u00fb \u00e0 des erreurs ou \u00e0 l&rsquo;impression que des combattants se cachaient dans ces endroits. Comment \u00eatre s\u00fbr? Jusque-l\u00e0, nous avions plut\u00f4t l&rsquo;impression que notre mission m\u00e9dicale \u00e9tait mieux respect\u00e9e et facilit\u00e9e, apr\u00e8s des d\u00e9buts difficiles.   <strong>&#8211; Y a-t-il une am\u00e9lioration dans l&rsquo;acc\u00e8s aux bless\u00e9s?<\/strong>  &#8211; Les deux-trois heures de tr\u00eave quotidienne sont plus ou moins respect\u00e9es mais ne suffisent pas. C&rsquo;est toujours tr\u00e8s difficile de circuler, il y a des obstacles sur les routes &#8211; militaires ou des gravats -, des \u00e9changes de tirs&#8230; Nous parvenons chaque jour \u00e0 \u00e9vacuer des bless\u00e9s de l&rsquo;h\u00f4pital Shifa vers l&rsquo;Egypte, afin de le d\u00e9sengorger. Cela dit, il y a encore probablement des gens qui meurent faute d&rsquo;\u00eatre secourus.   <strong>&#8211; Quid des infrastructures, des stocks de nourriture et de m\u00e9dicaments, de l&rsquo;\u00e9lectricit\u00e9 et de l&rsquo;eau potable?<\/strong>  &#8211; Les infrastructures \u00e9taient d\u00e9j\u00e0 largement affaiblies par le blocus de la bande de Gaza. Les d\u00e9g\u00e2ts ont augment\u00e9 avec la guerre. Il y a un gros probl\u00e8me avec les eaux us\u00e9es actuellement, car les stations de pompage ne fonctionnent plus. Si une bombe venait \u00e0 tomber sur les murs retenant tout ce liquide, ce serait la catastrophe. Des quartiers entiers n&rsquo;ont plus d&rsquo;eau potable, l&rsquo;\u00e9lectricit\u00e9 est irr\u00e9guli\u00e8re et insuffisante. Les g\u00e9n\u00e9rateurs des h\u00f4pitaux fonctionnent gr\u00e2ce au fioul. Il y en a, mais la difficult\u00e9 est d&rsquo;aller le chercher dans ces conditions d&rsquo;ins\u00e9curit\u00e9. Une prise de consience de la part d&rsquo;Isra\u00ebl a permis de faire passer des vivres, du fioul&#8230; Le probl\u00e8me est ensuite la distribution.   <strong>&#8211; Les humanitaires ont-ils plus de facilit\u00e9 \u00e0 entrer?<\/strong>  &#8211; Nous avons finalement r\u00e9ussi \u00e0 envoyer quatre expatri\u00e9s en plus des neuf qui se trouvaient d\u00e9j\u00e0 sur place et des 56 employ\u00e9s locaux. Mais, pour les organisations qui ne travaillent pas habituellement \u00e0 Gaza, c&rsquo;est impossible de passer.   <strong>&#8211; Parlez-vous toujours de crise humanitaire?<\/strong>  &#8211; Sans aucun doute. Le probl\u00e8me de Gaza avant cette guerre \u00e9tait l&rsquo;\u00e9tranglement de son \u00e9conomie \u00e0 cause du blocus, toute une population d\u00e9pendante de l&rsquo;assistance. C&rsquo;est cent fois pire aujourd&rsquo;hui. Les gens n&rsquo;osent plus aller faire leurs courses, des dizaines de milliers de personnes ont quitt\u00e9 leur maison pour se r\u00e9fugier dans les locaux de l&rsquo;Unrwa ou chez des proches. Toute la vie quotidienne est paralys\u00e9e.   <strong>&#8211; Quelle est la priorit\u00e9?<\/strong>   &#8211; Les bellig\u00e9rants doivent tout faire pour respecter le droit international humanitaire. L&rsquo;arm\u00e9e isra\u00e9lienne doit distinguer les civils des combattants et respecter le principe de proportionnalit\u00e9. De notre c\u00f4t\u00e9, la priorit\u00e9 est d&rsquo;avoir acc\u00e8s aux bless\u00e9s.   <strong>&#8211; Vous parlez de l&rsquo;arm\u00e9e isra\u00e9lienne. Le Hamas n&rsquo;a-t-il pas les m\u00eames devoirs?<\/strong>   &#8211; Toutes les parties ont les m\u00eames obligations, mais il est vrai qu&rsquo;Isra\u00ebl a une puissance militaire non comparable \u00e0 celle de son ennemi. Plus on utilise des armes lourdes et puissantes, plus on a la responsabilit\u00e9 de faire attention aux civils. Nous reconnaissons cependant la difficult\u00e9 de la situation, la densit\u00e9 de Gaza, la guerre asym\u00e9trique men\u00e9e par le Hamas&#8230;   <strong>&#8211; Est-ce toujours aussi compliqu\u00e9 de travailler, ou est-ce d\u00fb au blocus et \u00e0 la situation \u00e0 Gaza?  <\/strong> &#8211; Gaza est un exemple particuli\u00e8rement frappant. Il y a des contextes o\u00f9 il est difficile de se mouvoir pendant quelques heures ou quelques jours, mais l\u00e0, la dur\u00e9e et la puissance de feu sont incroyables.   <strong>&#8211; Le CICR est largement sorti de sa r\u00e9serve ces derniers temps. Une nouvelle politique?<\/strong>   &#8211; Nous l&rsquo;avons fait pour l&rsquo;Irak, pour les territoires occup\u00e9s d\u00e9j\u00e0 l&rsquo;ann\u00e9e derni\u00e8re. Tout d\u00e9pend de l&rsquo;urgence qu&rsquo;il y a \u00e0 se prononcer publiquement pour essayer de mettre un terme \u00e0 une situation. C&rsquo;est parce que le CICR parle peu que nos d\u00e9clarations ont g\u00e9n\u00e9ralement de l&rsquo;effet.   <strong>&#8211; Craignez-vous des mesures de repr\u00e9sailles, notamment de la part des Etats-Unis, votre principal bailleur de fonds?<\/strong>  &#8211; Les autorit\u00e9s ne sont jamais heureuses que nous les critiquions, mais elles reconnaissent notre l\u00e9gitimit\u00e9 \u00e0 le faire. Il est arriv\u00e9 que nos propos provoquent un froid avec un Etat, mais cela n&rsquo;a jamais impliqu\u00e9 de rupture de relations, de menaces financi\u00e8res ou d&rsquo;obstacles \u00e0 notre travail. Nous avons une relation tr\u00e8s franche avec les Etats-Unis, bien que nous les ayons publiquement d\u00e9sapprouv\u00e9s, sur Guantanamo notamment.  \u00a0<\/div>\n<div align=\"justify\"><strong><font>(Source: \u00ab\u00a0Le Temps\u00a0\u00bb (Quotidien &#8211; Suisse), le 17 janvier 2009).<\/font><\/strong><\/div>\n<div align=\"justify\">\u00a0<\/div>\n<div align=\"justify\">\n<hr\/>\n<\/div>\n<div align=\"justify\">\u00a0<\/div>\n<div align=\"center\"><strong><\/p>\n<h2 style=\"color: red;\"><font size=\"3\">Les Arabes paralys\u00e9s par une \u00ab\u00a0guerre froide\u00a0\u00bb<\/font><\/h2>\n<p><\/strong><\/div>\n<div align=\"justify\"> La violente offensive isra\u00e9lienne contre la bande de Gaza a r\u00e9v\u00e9l\u00e9 la gravit\u00e9 de la \u00ab\u00a0guerre froide\u00a0\u00bb qui paralyse la Ligue arabe, coup\u00e9e en deux blocs qui renforcent son impuissance. <\/div>\n<p align=\"justify\">\u00a0<\/p>\n<p align=\"justify\">Vendredi 16 janvier, \u00e0 Doha, au Qatar, un groupe de pays arabes a adopt\u00e9 un document de soutien aux Palestiniens pr\u00f4nant notamment la suspension de <i>\u00ab\u00a0toutes les formes de normalisation\u00a0\u00bb<\/i> avec Isra\u00ebl. Une d\u00e9cision que le pays h\u00f4te, qui abrite depuis plus d&rsquo;une d\u00e9cennie un bureau commercial isra\u00e9lien, a dit vouloir imm\u00e9diatement appliquer, ainsi que la Mauritanie, l&rsquo;un des rares membres de la Ligue \u00e0 entretenir des relations diplomatiques avec l&rsquo;Etat juif.<\/p>\n<p align=\"justify\">\u00a0<\/p>\n<table border=\"0\" cellpadding=\"0\" cellspacing=\"0\">\n<tr>\n<td><center><script language=\"JavaScript\">OAS_AD('Middle1');<\/script><a target=\"_blank\" rel=\"noopener\"><img alt=\"\" border=\"0\" height=\"2\" width=\"2\"\/><\/a><\/center><\/td>\n<\/tr>\n<\/table>\n<p>\u00a0<\/p>\n<p align=\"justify\">Les pays arabes r\u00e9unis au Qatar ont \u00e9galement pr\u00f4n\u00e9 <i>\u00ab\u00a0la suspension de l&rsquo;Initiative arabe\u00a0\u00bb<\/i>, une initiative de paix adopt\u00e9e en 2002 par la Ligue arabe puis par des pays membres de l&rsquo;Organisation de la conf\u00e9rence islamique (OCI) qui propose une normalisation avec Isra\u00ebl en \u00e9change du retrait isra\u00e9lien des territoires occup\u00e9s depuis 1967.<\/p>\n<p align=\"justify\">Le probl\u00e8me est que ni l&rsquo;Arabie saoudite ni l&rsquo;Egypte, les pays les plus influents de la Ligue arabe, n&rsquo;\u00e9taient pr\u00e9sents \u00e0 Doha, jug\u00e9 trop accommodant avec la Syrie et, par extension, avec l&rsquo;Iran. Le chef du bureau politique du Hamas palestinien, Khaled Mechaal, bas\u00e9 en Syrie, est venu au Qatar, mais pas le chef de l&rsquo;Autorit\u00e9 palestinienne, Mahmoud Abbas, alors que la r\u00e9union appelait <i>\u00ab\u00a0les factions palestiniennes\u00a0\u00bb<\/i>, principalement le Hamas et le Fatah du pr\u00e9sident palestinien, <i>\u00ab\u00a0\u00e0 l&rsquo;entente et \u00e0 l&rsquo;unit\u00e9 nationale\u00a0\u00bb<\/i>.<\/p>\n<p align=\"justify\">\u00a0<\/p>\n<p align=\"justify\"><b>R\u00d4LE DU QATAR<\/b><\/p>\n<p align=\"justify\">\u00a0<\/p>\n<p align=\"justify\">Depuis le d\u00e9but de la guerre de Gaza, le Qatar, qui pr\u00e9tend jouer les m\u00e9diateurs dans la r\u00e9gion, s&rsquo;est efforc\u00e9 de pr\u00e9cipiter une r\u00e9union extraordinaire de la Ligue arabe, voulant jouer de ses bonnes relations avec Isra\u00ebl comme avec le Hamas. Cette initiative a \u00e9t\u00e9 bloqu\u00e9e par les \u00ab\u00a0poids lourds\u00a0\u00bb arabes \u00e9gyptiens et saoudiens, d\u00e9j\u00e0 marginalis\u00e9s en mai 2008 par le petit \u00e9mirat lors de la signature, \u00e0 Doha, d&rsquo;un accord interlibanais qui avait mis fin \u00e0 une profonde crise institutionnelle ouverte par la vacance \u00e0 la pr\u00e9sidence du pays du C\u00e8dre.<\/p>\n<p align=\"justify\">La Ligue arabe se r\u00e9unira bien, mais au Kowe\u00eft, les 19 et 20 janvier, \u00e0 l&rsquo;occasion d&rsquo;une concertation pr\u00e9vue de longue date sur des questions essentiellement \u00e9conomiques. Il est tr\u00e8s peu probable que la Ligue arabe donne suite, \u00e0 cette occasion, aux propositions avanc\u00e9es vendredi \u00e0 Doha. Il est en revanche plus plausible que la Ligue affiche une fois de plus son impuissance, compte tenu de la volont\u00e9 isra\u00e9lienne de mettre fin de mani\u00e8re unilat\u00e9rale au pilonnage de Gaza.<\/p>\n<p align=\"justify\">Car le refus isra\u00e9lien de tout accord avec le Hamas, par l&rsquo;entremise de l&rsquo;Egypte, porte un coup s\u00e9v\u00e8re au r\u00f4le de m\u00e9diateur jou\u00e9 traditionnellement par Le Caire, contourn\u00e9 \u00e9galement par Isra\u00ebl \u00e0 propos de la gestion de la fronti\u00e8re entre Gaza et son territoire. L&rsquo;Egypte, en effet, n&rsquo;a pas \u00e9t\u00e9 mentionn\u00e9e lors de la signature, vendredi, par la ministre isra\u00e9lienne des affaires \u00e9trang\u00e8res, Tzipi Livni, et la secr\u00e9taire d&rsquo;Etat am\u00e9ricaine, Condoleezza Rice, d&rsquo;un m\u00e9morandum (dont le texte n&rsquo;a pas \u00e9t\u00e9 rendu public) concernant la <i>\u00ab\u00a0s\u00e9rie de mesures que les Etats-Unis et Isra\u00ebl vont prendre pour ass\u00e9cher le flot d&rsquo;armes et d&rsquo;explosifs vers Gaza\u00a0\u00bb<\/i>.<\/p>\n<p align=\"justify\">Parmi les d\u00e9g\u00e2ts politiques collat\u00e9raux de l&rsquo;offensive isra\u00e9lienne sur Gaza, il faut enfin mentionner les relations entre l&rsquo;Etat juif et la Turquie, qui aurait \u00e9galement souhait\u00e9 jouer les m\u00e9diateurs. La Turquie avait accueilli en 2008 des n\u00e9gociations indirectes entre Isra\u00ebl et la Syrie. Ces contacts ont \u00e9t\u00e9 gel\u00e9s jusqu&rsquo;\u00e0 nouvel ordre. <\/p>\n<div align=\"justify\"> \u00a0<\/div>\n<div align=\"justify\"><b><font>Gilles Paris<\/font><\/b><\/div>\n<div align=\"justify\">\u00a0<\/div>\n<div align=\"justify\"><strong><font>(Source: \u00ab\u00a0Le Monde\u00a0\u00bb (Quotidien &#8211; France) le 18 janvier 2009)<\/font><\/strong><\/div>\n<div align=\"justify\">\u00a0<\/div>\n<div align=\"justify\"> \u00a0<\/div>\n<hr\/>\n<h2 style=\"color: red;\"><font><strong>MASSACRE\u00a0 A\u00a0 GAZA, EN\u00a0 PALESTINE<\/strong><\/font><\/h2>\n<p>  Po\u00e8me : <strong><font>d\u2019Abou j\u00e2afar Laaouini<\/font><\/strong>\u00a0\u00a0\u00a0 LE 0\u00a0 1\/01\/2009  <strong><font>Rien ne s\u2019oublie, La m\u00e9moire restera \u00e0 jamais vivante\u00a0  Les peuples savent se rappelleront, et rien\u00a0 ne s\u2019 oublie Les traces passent et repassent\u00a0 ,sombres ou brillantes Les falsificateurs d\u2019histoire , sont bien connus mais s\u2019\u00e9crit Par les larmes des vuln\u00e9rables , chaudes et sanglantes Le crime le massacre la g\u00e9nocide devant nos yeux aujourd\u2019hui jadis dyr Yacine et Kafr Kacem puis Jenine,Gaza br\u00fble la honte Le monde libre hypocrite, sans remord ni piti\u00e9 prolonge l\u2019agonie UN peuple chass\u00e9 malheureux, qu\u2019elle destin\u00e9e\u00a0 \u00e9prouvante Chass\u00e9 par des sionistes venus des quatre coins, des ramassis Pouss\u00e9(es) par une volont\u00e9 de haine orgueilleuse et m\u00e9chante Appel d\u2019un g\u00e9n\u00e9ral ,\u00ab rassemblez-vous \u00bb et protocoles suivies Une plaie ouverte c\u2019est ancr\u00e9e\u00a0 en palestine,tr\u00e8s embarrassante Nos pri\u00e8res pour la paix sont n\u00e9glig\u00e9es la loi ignore les d\u00e9munis La loi la plus fort disait-il r\u00e8gne, domine et toujours\u00a0 exigeante Le Droit d\u2019ing\u00e9rence ,\u00d4 monsieur Kouchner,tombe dans l\u2019oublie? Au nord de l\u2019irak passe et au somali, quand-il y a une entente La raison la plus fort et toujours la meilleure La martine :l\u2019 a dit Dieu soit Lou\u00e9, vive la libert\u00e9 des peuples, vive vive on chante Soixante ans d\u00e9j\u00e0 de souffrances en diaspora loin de leur pays Chantons pour la paix, disons halte au g\u00e9nocide, \u00e0 l\u2019holocauste Les sionistes massacrent les innocents, sans piti\u00e9 et sans merci Isra\u00ebl c\u2019est Jacob, fils d\u2019Isaac fils d\u2019Abraham, patriarche le juste Notre p\u00e8re et Isma\u00ebl venu de Ur Babylone, l\u2019Irak d\u2019aujourd\u2019hui Canaan,kahtan,Eram, leur pr\u00e9sence depuis toujours mouvante L\u2019humanit\u00e9 descendance d\u2019Adam, ni poisson ni singe, s\u00fbr Elu Notre dieu \u00e0 tous ,ALLAH, J\u00c9HOVAH,ou JESUS,v\u00e9rit\u00e9 courante.<\/font><\/strong>  BBA\u00a0\u00a0 Montb\u00e9liard\u00a0 le\u00a0 17\/01\/2009  \u00a0<\/p>\n<hr\/>\n<div align=\"center\">\n<h2 style=\"color: red;\"><font size=\"3\"><strong>La Tunisie pr\u00e9voit des pressions sur l&rsquo;industrie en 2009<\/strong><\/font><\/h2>\n<p>\u00a0<\/p><\/div>\n<div align=\"justify\">\u00a0<\/div>\n<div align=\"justify\">\u00a02009-01-16 19:22:08\u00a0   \u00a0\u00a0\u00a0\u00a0 TUNIS, 15 janvier (Xinhua) &#8212; L&rsquo;industrie tunisienne va\u00a0 conna\u00eetre des contraintes conjoncturelles en raison de la crise\u00a0 \u00e9conomique internationale en 2009, estime le ministre tunisien de\u00a0 l&rsquo;Industrie, de l&rsquo;Energie et des PME, Afif Chelbi.\u00a0\u00a0  \u00a0\u00a0\u00a0\u00a0 Le ministre a relev\u00e9 jeudi \u00e0 la presse que les difficult\u00e9s\u00a0 qu&rsquo;a connues le march\u00e9 mondial en raison de la crise financi\u00e8re\u00a0 internationale ont engendr\u00e9 une baisse de 1,5% des exportations\u00a0 tunisiennes des industries manufacturi\u00e8res par rapport \u00e0 la m\u00eame\u00a0 p\u00e9riode de 2007.\u00a0  \u00a0\u00a0\u00a0\u00a0 Estimant que la crise offre en m\u00eame temps \u00e0 l&rsquo;industrie locale de nouvelles opportunit\u00e9s et lui ouvre de nouveaux horizons sur la voie du progr\u00e8s et de la performance, M. Chelbi a annonc\u00e9 qu&rsquo;une\u00a0 cellule d&rsquo;assistance et d&rsquo;information a \u00e9t\u00e9 cr\u00e9\u00e9e au sein de son\u00a0 d\u00e9partement pour orienter au mieux les entreprises.\u00a0  \u00a0\u00a0\u00a0\u00a0 Il a fait remarquer qu&rsquo;en d\u00e9pit d&rsquo;une conjoncture mondiale\u00a0 difficile, le site Tunisie a pr\u00e9serv\u00e9 son attractivit\u00e9 pour\u00a0 l&rsquo;investissement direct \u00e9tranger (IDE). A titre indicatif, il a\u00a0 cit\u00e9 l&rsquo;entr\u00e9e en fonction, au mois d&rsquo;octobre 2008, d&rsquo;une usine de\u00a0 composants automobiles, la cr\u00e9ation, au technopole d&rsquo;El Ghazela,\u00a0 d&rsquo;une unit\u00e9 de recherche, et le projet de c\u00e2blerie qui sera\u00a0 r\u00e9alis\u00e9 par le groupe japonais Yazaki.\u00a0\u00a0  \u00a0\u00a0\u00a0\u00a0 Selon M. Chelbi, en 2008, le secteur industriel tunisien a\u00a0 r\u00e9alis\u00e9 d&rsquo;excellents r\u00e9sultats. Les exportations manufacturi\u00e8res\u00a0 ont atteint 18.700 millions de dinars (environ 13.640 millions de\u00a0 dollars) en 2008, r\u00e9alisant une progression de 20% et d\u00e9passant\u00a0 ainsi les objectifs trac\u00e9s pour le XI\u00e8me plan (18.000 millions de\u00a0 dinars).\u00a0\u00a0  \u00a0\u00a0\u00a0\u00a0 Concernant les programmes de son minist\u00e8re pour l&rsquo;ann\u00e9e en\u00a0 cours, Chelbi a d\u00e9clar\u00e9 qu&rsquo;ils seront articul\u00e9s autour de deux\u00a0 volets: cr\u00e9ation d&rsquo;entreprises et soutien des entreprises\u00a0 existantes.\u00a0  \u00a0\u00a0\u00a0\u00a0 Il a ajout\u00e9 que les orientations industrielles pour la\u00a0 prochaine \u00e9tape reposeront sur quatre axes, soit la croissance, la qualit\u00e9, l&rsquo;essaimage et la diversification. La Tunisie ambitionne\u00a0 de doubler les exportations industrielles au cours de la p\u00e9riode\u00a0 2007-2016, en les portant de 15 milliards de dinars \u00e0 30 milliards de dinars.\u00a0  \u00a0<\/div>\n<div align=\"justify\">\n<hr\/>\n<\/div>\n<div align=\"center\"> <strong><\/p>\n<h2 style=\"color: red;\"><font size=\"3\">Tunisie &#8211; A\u00e9roport Enfidha:\u00a0 un pr\u00eat de la BAD de 70 millions d\u2019euros<\/font><\/h2>\n<p><\/strong> <\/div>\n<div align=\"justify\">\u00a0<\/div>\n<div align=\"justify\">La Banque africaine de d\u00e9veloppement (BAD) vient d\u2019accorder un pr\u00eat de 70 millions d\u2019euros (soit 126,575 millions de dinars) \u00e0 la Tunisie pour le financement du projet de l\u2019a\u00e9roport international \u00e0 Enfidha. Le projet du nouvel a\u00e9roport envisage la construction, l\u2019exploitation et l\u2019entretien du nouvel a\u00e9roport \u00e0 Enfidha, pour une capacit\u00e9 initiale de 7 millions de passagers, ainsi que l\u2019exploitation et l\u2019entretien de l\u2019a\u00e9roport actuel de Monastir. Selon la BAD, ce projet cr\u00e9era pr\u00e8s de 2.200 emplois directs durant la phase de construction et environ 1.200 emplois directs durant l\u2019exploitation. 10.000 autres emplois indirects seront cr\u00e9\u00e9s dans le secteur priv\u00e9 local.  Le total du financement de la Banque pour la Tunisie s\u2019\u00e9l\u00e8ve \u00e0 97 op\u00e9rations, soit plus de 7 milliards de dinars tunisiens.  B.B.K. <\/div>\n<div align=\"justify\"><strong><font>(Source: webmanagercenter le 16 janvier 2009) http:\/\/www.webmanagercenter.com\/management\/article.php?id=65546<\/font><\/strong><\/div>\n<\/div>\n<div>\u00a0<\/div>\n<div>\u00a0<\/div>\n<div>\n<hr\/>\n<\/div>\n<div>\u00a0<\/div>\n<div><strong><font>Condol\u00e9ances  <\/font><\/strong>La F\u00e9d\u00e9ration des Tunisiens pour une Citoyennet\u00e9 des deux Rives (F.T.C.R.) a l\u2019immense regret de vous faire part du d\u00e9c\u00e8s de Monsieur Mohamed\u00a0 CHAARI, p\u00e8re de Fethia et Najah CHAARI amis et militants de la F.T .CR.  La F.T .C.R. pr\u00e9sente \u00e0 Fethia et Najah ainsi qu\u2019\u00e0 leur famille et proches ses condol\u00e9ances les plus sinc\u00e8res et attrist\u00e9s et les assure de toute son affection.   Que Fethia et Najah puissent trouver le courage n\u00e9cessaire pour surmonter leur immense chagrin et que leur p\u00e8re repose en paix.  <strong><font>Le bureau f\u00e9d\u00e9ral de la F.T .C.R.<\/font><\/strong>  Paris le 17 janvier 2009<\/div>\n<div>\n<hr\/>\n<\/div>\n<p align=\"center\"><span lang=\"FR\"><font size=\"2\"><strong>Marie-Hel\u00e8ne<span><\/span>Nedelec* au conseil municipal de St Herblain<span> \u2013 <\/span>Loire Atlantique<\/strong><\/font><\/span><\/p>\n<p align=\"center\"><b><span lang=\"FR\">Intervention au nom du groupe majoritaire lors du Conseil municipal du 19 D\u00e9cembre 2008<\/span><\/b><\/p>\n<p><b><span lang=\"FR\">Marie-H\u00e9l\u00e8ne Nedelec<\/span><\/b><\/p>\n<p><span lang=\"FR\">\u00a0<\/span><\/p>\n<p><strong><span lang=\"FR\"><font size=\"2\">Pr\u00e8s de 2 000 Tunisiens originaires de la r\u00e9gion de Redeyef, ville du bassin minier de Gafsa, r\u00e9sident dans la m\u00e9tropole nantaise. Notre agglom\u00e9ration et Redeyef ont une histoire humaine commune.\u00a0 Ces tunisiens sont venus en France \u00e0 une p\u00e9riode o\u00f9 des employeurs fran\u00e7ais allaient les chercher car ils ne trouvaient pas la main d&rsquo;oeuvre n\u00e9cessaire ici. A\u00a0 Redeyev, la ville de St-Herblain est bien connue par le Sillon de Bretagne .<\/font><\/span><\/strong><\/p>\n<p><strong><span lang=\"FR\"><font size=\"2\">\u00a0Au nom du groupe majoritaire, il nous a paru important de faire conna\u00eetre la situation qui se vit depuis le d\u00e9but de l&rsquo;ann\u00e9e dans cette r\u00e9gion.<\/font><\/span><\/strong><\/p>\n<p><font size=\"2\"><b><span lang=\"FR\">Le bassin minier de Gafsa\u00a0 conna\u00eet depuis janvier un mouvement social d&rsquo;une rare ampleur<\/span><\/b><span lang=\"FR\">\u00a0; la population y souffre d\u2019un ch\u00f4mage end\u00e9mique, de grande pauvret\u00e9, et des effets d\u00e9vastateurs de la corruption du pouvoir local. Face aux manifestations pacifiques quotidiennes mobilisant toutes les cat\u00e9gories de la population, les autorit\u00e9s tunisiennes ont pr\u00e9f\u00e9r\u00e9 la politique de la r\u00e9pression.A Redeyef, en\u00a0juin dernier, un manifestant de 25 ans a \u00e9t\u00e9 tu\u00e9 et 26 autres\u00a0bless\u00e9s, dont un est d\u00e9c\u00e9d\u00e9 depuis ; l&rsquo;arm\u00e9e s&rsquo;\u00e9tait\u00a0d\u00e9ploy\u00e9e dans toute la r\u00e9gion. Le pouvoir tunisien a\u00a0emprisonn\u00e9 plus de 150 personnes du bassin de Gafsa :\u00a0jeunes, femmes, ch\u00f4meurs, syndicalistes, \u00e9tudiants, enseignants&#8230; <strong><span>De nombreuses personnes ont \u00e9t\u00e9 lib\u00e9r\u00e9es gr\u00e2ce aux\u00a0soutiens.<\/span><\/strong> Mais,\u00a0quelques\u00a0dizaines sont encore en prison, certaines\u00a0condamn\u00e9es\u00a0\u00e0 plusieurs mois d&rsquo;enfermement pour les seuls d\u00e9lits\u00a0d&rsquo;opinion et de manifestation. 38 personnes qui avaient\u00a0particip\u00e9 au mouvement ou\u00a0manifest\u00e9 leur solidarit\u00e9 avec les habitants sont inculp\u00e9es pour <em><span>\u00ab\u00a0appartenance \u00e0 une bande&#8230;\u00a0\u00bb<\/span><\/em> ou <em><span>\u00ab\u00a0participation \u00e0 une r\u00e9bellion&#8230;\u00a0\u00bb<\/span><\/em>. <\/span><\/font><\/p>\n<p><strong><span lang=\"FR\"><font size=\"2\">\u00a0La semaine derni\u00e8re a eu lieu le proc\u00e8s des militants emprisonn\u00e9s. Les condamnations envers les accus\u00e9s sont particuli\u00e8rement lourdes, allant jusqu&rsquo;\u00e0 10 ans de prison.<\/font><\/span><\/strong><\/p>\n<p><span lang=\"FR\"><font size=\"2\">En\u00a0avril puis\u00a0juin derniers, des tunisiens de l&rsquo;agglom\u00e9ration nantaise originaires de\u00a0Redeyef, soutenus par un collectif d&rsquo;associations, \u00a0ont manifest\u00e9 \u00e0 Nantes en solidarit\u00e9 avec les habitants de cette r\u00e9gion engag\u00e9s dans un mouvement\u00a0de protestation\u00a0pour\u00a0le droit au travail et\u00a0la dignit\u00e9. <b>Cet \u00e9t\u00e9, des tunisiens qui ont particip\u00e9 \u00e0 ces manifestations \u00e0 Nantes\u00a0ont \u00e9t\u00e9 malmen\u00e9s lors de voyages dans leur pays d&rsquo;origine par la police locale: l&rsquo;un d&rsquo;eux\u00a0a \u00e9t\u00e9 arr\u00eat\u00e9 et\u00a0emprisonn\u00e9 en Tunisie alors qu&rsquo;il s&rsquo;y rendait pour visite familiale\u00a0; il\u00a0a \u00e9t\u00e9 lib\u00e9r\u00e9, apr\u00e8s plus d&rsquo;un mois d&rsquo;enfermement, gr\u00e2ce aux soutiens.<\/b> <\/font><\/span><\/p>\n<p><span lang=\"FR\"><font size=\"2\">\u00a0<\/font><\/span><\/p>\n<p><strong><span lang=\"FR\"><font size=\"2\">Pendant ce temps, ici en France, des personnes originaires de Redeyev , ayant manifest\u00e9 leur soutien avec le mouvement syndical tunisien, sont interpell\u00e9es et l&rsquo;une d&rsquo;elles a \u00e9t\u00e9 reconduite \u00e0 la fronti\u00e8re il y a peu de temps, une autre , vivant en France depuis longtemps, est actuellement au centre de r\u00e9tention de Rennes et\u00a0 est sous la menace d&rsquo;une expulsion du territoire, sans prendre en compte les risques encourrus lors de son retour en Tunisie.<\/font><\/span><\/strong><\/p>\n<p><strong><span lang=\"FR\"><font size=\"2\">A cette date o\u00f9 nous c\u00e9l\u00e9brons le 60i\u00e8me anniversaire de la d\u00e9claration des droits de l&rsquo;homme, il nous semble important d&rsquo;exprimer notre solidarit\u00e9 avec les tunisiens de Redeyev et de d\u00e9noncer toutes les atteintes aux droits de l&rsquo;homme actuellement dans toute la Tunisie.<\/font><\/span><\/strong><\/p>\n<p><font size=\"2\"><strong><span lang=\"FR\">M<\/span><span lang=\"FR\">erci de votre attention.<\/span><\/strong><\/font><\/p>\n<p>\u00a0<\/p><\/div>\n<\/div>\n<p><\/font><\/p>\n<p align=\"center\" dir=\"ltr\">\u00a0<\/p>\n<p align=\"center\" dir=\"ltr\">\n<h2 style=\"color: red;\"><font face=\"Arial\" size=\"2\"><strong><b><a href=\"https:\/\/tunisnews.net\/ar\/\"><font face=\"Arial\"><span><font size=\"2\">Home<\/font><\/span><font size=\"2\"><span lang=\"FR-CH\"> &#8211; Accueil <\/span><span>&#8211; <\/span><\/font><\/font><span dir=\"rtl\" lang=\"AR-SA\"><font size=\"2\">\u0627\u0644\u0631\u0626\u064a\u0633\u064a\u0629<\/font><\/span><\/a><\/b><\/strong><\/font><\/h2>\n<\/p>\n<p><\/body><\/body><\/html><\/p>","protected":false},"excerpt":{"rendered":"<p>Home &#8211; Accueil TUNISNEWS 8\u00a0\u00e8me ann\u00e9e, N\u00b0\u00a03162 du 17.01.2009 \u00a0archives : www.tunisnews.net\u00a0\u00a0 \u00a0 Femme du Parti D\u00e9mocrate Progressiste des Tunisiennes: Lettre au Secr\u00e9taire G\u00e9n\u00e9ral de l&rsquo;Organisation des Nations Unies Le Groupe des Ambassadeurs Arabes accr\u00e9dit\u00e9s \u00e0 Dakar exprime sa col\u00e8re et sa condamnation de l\u2019Agression Isra\u00e9lienne contre Gaza AP: Le Hamas n&rsquo;acceptera aucun soldat isra\u00e9lien [&hellip;]<\/p>\n","protected":false},"author":1,"featured_media":22040,"comment_status":"open","ping_status":"open","sticky":false,"template":"","format":"standard","meta":{"inline_featured_image":false,"site-sidebar-layout":"default","site-content-layout":"","ast-site-content-layout":"default","site-content-style":"default","site-sidebar-style":"default","ast-global-header-display":"","ast-banner-title-visibility":"","ast-main-header-display":"","ast-hfb-above-header-display":"","ast-hfb-below-header-display":"","ast-hfb-mobile-header-display":"","site-post-title":"","ast-breadcrumbs-content":"","ast-featured-img":"","footer-sml-layout":"","ast-disable-related-posts":"","theme-transparent-header-meta":"","adv-header-id-meta":"","stick-header-meta":"","header-above-stick-meta":"","header-main-stick-meta":"","header-below-stick-meta":"","astra-migrate-meta-layouts":"default","ast-page-background-enabled":"default","ast-page-background-meta":{"desktop":{"background-color":"","background-image":"","background-repeat":"repeat","background-position":"center center","background-size":"auto","background-attachment":"scroll","background-type":"","background-media":"","overlay-type":"","overlay-color":"","overlay-opacity":"","overlay-gradient":""},"tablet":{"background-color":"","background-image":"","background-repeat":"repeat","background-position":"center center","background-size":"auto","background-attachment":"scroll","background-type":"","background-media":"","overlay-type":"","overlay-color":"","overlay-opacity":"","overlay-gradient":""},"mobile":{"background-color":"","background-image":"","background-repeat":"repeat","background-position":"center center","background-size":"auto","background-attachment":"scroll","background-type":"","background-media":"","overlay-type":"","overlay-color":"","overlay-opacity":"","overlay-gradient":""}},"ast-content-background-meta":{"desktop":{"background-color":"var(--ast-global-color-5)","background-image":"","background-repeat":"repeat","background-position":"center center","background-size":"auto","background-attachment":"scroll","background-type":"","background-media":"","overlay-type":"","overlay-color":"","overlay-opacity":"","overlay-gradient":""},"tablet":{"background-color":"var(--ast-global-color-5)","background-image":"","background-repeat":"repeat","background-position":"center center","background-size":"auto","background-attachment":"scroll","background-type":"","background-media":"","overlay-type":"","overlay-color":"","overlay-opacity":"","overlay-gradient":""},"mobile":{"background-color":"var(--ast-global-color-5)","background-image":"","background-repeat":"repeat","background-position":"center center","background-size":"auto","background-attachment":"scroll","background-type":"","background-media":"","overlay-type":"","overlay-color":"","overlay-opacity":"","overlay-gradient":""}},"footnotes":""},"categories":[],"tags":[53,40,29],"class_list":["post-15664","post","type-post","status-publish","format-standard","has-post-thumbnail","hentry","tag-53","tag-40","tag-fr"],"_links":{"self":[{"href":"https:\/\/tunisnews.net\/ar\/wp-json\/wp\/v2\/posts\/15664","targetHints":{"allow":["GET"]}}],"collection":[{"href":"https:\/\/tunisnews.net\/ar\/wp-json\/wp\/v2\/posts"}],"about":[{"href":"https:\/\/tunisnews.net\/ar\/wp-json\/wp\/v2\/types\/post"}],"author":[{"embeddable":true,"href":"https:\/\/tunisnews.net\/ar\/wp-json\/wp\/v2\/users\/1"}],"replies":[{"embeddable":true,"href":"https:\/\/tunisnews.net\/ar\/wp-json\/wp\/v2\/comments?post=15664"}],"version-history":[{"count":0,"href":"https:\/\/tunisnews.net\/ar\/wp-json\/wp\/v2\/posts\/15664\/revisions"}],"wp:featuredmedia":[{"embeddable":true,"href":"https:\/\/tunisnews.net\/ar\/wp-json\/wp\/v2\/media\/22040"}],"wp:attachment":[{"href":"https:\/\/tunisnews.net\/ar\/wp-json\/wp\/v2\/media?parent=15664"}],"wp:term":[{"taxonomy":"category","embeddable":true,"href":"https:\/\/tunisnews.net\/ar\/wp-json\/wp\/v2\/categories?post=15664"},{"taxonomy":"post_tag","embeddable":true,"href":"https:\/\/tunisnews.net\/ar\/wp-json\/wp\/v2\/tags?post=15664"}],"curies":[{"name":"wp","href":"https:\/\/api.w.org\/{rel}","templated":true}]}}