{"id":15656,"date":"2006-03-28T00:00:00","date_gmt":"2006-03-28T00:00:00","guid":{"rendered":"https:\/\/tunisnews.net\/28-mars-2006\/"},"modified":"2006-03-28T00:00:00","modified_gmt":"2006-03-28T00:00:00","slug":"28-mars-2006","status":"publish","type":"post","link":"https:\/\/tunisnews.net\/ar\/28-mars-2006\/","title":{"rendered":"28 mars 2006"},"content":{"rendered":"<p><html><head><meta content=\"text\/html\" description=\"Lors de son   r\u00e9cent s\u00e9jour en Tunisie \u00e0 l\u2019occasion du lancement du rapport annuel 2005 de   l\u2019Observatoire pour la protection des d\u00e9fenseurs des droits de l\u2019Homme,   programme conjoint de la F\u00e9d\u00e9ration internationale des ligues des droits de   l\u2019Homme (FIDH) et de l\u2019Organisation mondiale contre la torture (OMCT), Mme   Anne-Laurence Lacroix, directrice adjointe de l\u2019OMCT, a pu constater que \u00ab en   d\u00e9pit des d\u00e9clarations du gouvernement et de la lib\u00e9ration de certains   prisonniers , dans l\u2019ensemble, la situation des d\u00e9fenseurs des droits de   l\u2019Homme aurait tendance \u00e0 s\u2019aggraver en Tunisie. Le traitement indigne r\u00e9serv\u00e9   \u00e0 la famille de Me Mohamed Abbou et les violations \u00e0 l\u2019encontre de M. Ali Ben   Salem en sont, h\u00e9las, une illustration quotidienne \u00bb.\" http-equiv=\"Content-Type\"\/><\/head><body><body style=\"text-align: justify\"><\/p>\n<p align=\"center\"><b><a href=\"https:\/\/tunisnews.net\/ar\/\"><span>Home<\/span><span lang=\"FR-CH\"> &#8211; Accueil <\/span><span>&#8211; <\/span><span dir=\"rtl\" lang=\"AR-SA\">\u0627\u0644\u0631\u0626\u064a\u0633\u064a\u0629<\/span><\/a><\/b><\/p>\n<div>\n<table border=\"1\" width=\"100%\">\n<tr>\n<td bgcolor=\"#efefef\" width=\"100%\"> <span lang=\"AR-SA\"> <\/p>\n<div align=\"left\">  <\/div>\n<div> <span lang=\"FR\"> <\/p>\n<div align=\"center\" dir=\"ltr\"> <font face=\"Arial\"><font size=\"2\"> <span lang=\"SV\"> <strong>TUNISNEWS<\/strong><\/span> <\/font><\/font> <\/div>\n<div align=\"center\" dir=\"ltr\"> <strong><font face=\"Arial\"><font size=\"2\">6\u00a0\u00e8me\u00a0ann\u00e9e,          <span lang=\"FR\">N\u00b0\u00a02136 du 28.03.2006<\/span><\/font><\/font><\/strong><\/div>\n<div align=\"center\" dir=\"ltr\"> <strong> <\/p>\n<div align=\"center\"> <b><span><blink> <font face=\"Arial\" size=\"2\">\u00a0archives : <\/font> <a href=\"https:\/\/tunisnews.net\/ar\/\" target=\"_blank\" rel=\"noopener\"> <font face=\"Arial\" size=\"2\" target=\"_blank\">            www.tunisnews.net<\/font><\/a><\/blink><\/span><\/b><font face=\"Arial\" size=\"2\"> <\/font> <\/div>\n<p> <\/strong><\/div>\n<p> <\/span><\/div>\n<p> <font face=\"Arial\"> <\/p>\n<div align=\"center\" dir=\"ltr\"> <font size=\"2\"><\/p>\n<hr noshade=\"\" size=\"8\"\/><\/font> <\/div>\n<div align=\"left\" dir=\"ltr\">\n<p><font face=\"Arial\" size=\"2\"><strong>\u00a0FIDH : Tunisie : La         d\u00e9fense des d\u00e9fenseurs des droits de l\u2019Homme plus que jamais n\u00e9cessaire         \u00a0<font>ACAT: Situation pr\u00e9occupante de Lotfi Amdouni &#8211;         lettre au minist\u00e8re de l\u2019int\u00e9rieur<\/font>         \u00a0AFP: L&rsquo;un des complices dans l&rsquo;assassinat d&rsquo;un ministre belge arr\u00eat\u00e9 en         Allemagne         <font>\u00a0AFP: Italie: 302 immigr\u00e9s clandestins intercept\u00e9s         au sud de la Sicile<\/font>          \u00a0AP: Law, family, society all weigh against converting from Islam to         Christianity in most of the Middle East         <font>\u00a0Libres propos &#8211; En g\u00e9rant sa dur\u00e9e au pouvoir, sa         fortune, sa s\u00e9curit\u00e9 ,Ben ali est encore plus fort qu&rsquo;un chef de la         mafia<\/font>         \u00a0Webmanagercenter.com: La Tunisie vue par le FMI : Ce qui reste \u00e0 faire         pour accrocher le train de l&rsquo;OCDE         \u00a0<font>Saphirnews : Comment le foulard devient         l&rsquo;instrument d&rsquo;une propagande nationaliste<\/font>          \u00a0Ta\u00efeb Moalla: L\u2019Immeuble Yacoubian, livre ouvert<\/strong><\/font><\/p>\n<\/div>\n<p> <\/font><\/span><\/td>\n<\/tr>\n<\/table>\n<\/div>\n<div align=\"center\">  \u00a0<\/div>\n<div align=\"center\"> <font face=\"Arial\" size=\"2\"> <\/p>\n<h4 align=\"center\" dir=\"ltr\" style=\"color: blue;\"><span lang=\"FR-CH\"> <font face=\"Arial\" size=\"2\">FIDH <\/font><\/span><\/h4>\n<p> <font face=\"Arial\" size=\"3\"> <\/p>\n<p align=\"center\" dir=\"ltr\"><b> <span lang=\"FR-CH\">Tunisie : La d\u00e9fense   des d\u00e9fenseurs des droits de l\u2019Homme plus que jamais n\u00e9cessaire <\/span><\/b> <\/p>\n<p> <\/font> <\/p>\n<p align=\"justify\" dir=\"ltr\">\u00a0<\/p>\n<p align=\"justify\" dir=\"ltr\"><b><u> <span lang=\"FR-CH\">24\/03\/2006<\/span><\/u><\/b><\/p>\n<p align=\"justify\" dir=\"ltr\">\u00a0<\/p>\n<p align=\"justify\" dir=\"ltr\"> <span lang=\"FR-CH\">Lors de son   r\u00e9cent s\u00e9jour en Tunisie \u00e0 l\u2019occasion du lancement du rapport annuel 2005 de   l\u2019Observatoire pour la protection des d\u00e9fenseurs des droits de l\u2019Homme,   programme conjoint de la F\u00e9d\u00e9ration internationale des ligues des droits de   l\u2019Homme (FIDH) et de l\u2019Organisation mondiale contre la torture (OMCT), Mme   Anne-Laurence Lacroix, directrice adjointe de l\u2019OMCT, a pu constater que \u00ab en   d\u00e9pit des d\u00e9clarations du gouvernement et de la lib\u00e9ration de certains   prisonniers , dans l\u2019ensemble, la situation des d\u00e9fenseurs des droits de   l\u2019Homme aurait tendance \u00e0 s\u2019aggraver en Tunisie. Le traitement indigne r\u00e9serv\u00e9   \u00e0 la famille de Me Mohamed Abbou et les violations \u00e0 l\u2019encontre de M. Ali Ben   Salem en sont, h\u00e9las, une illustration quotidienne \u00bb.<\/span><\/p>\n<p align=\"justify\" dir=\"ltr\">\u00a0<\/p>\n<p align=\"justify\" dir=\"ltr\"> <span lang=\"FR-CH\">En effet,   l\u2019Observatoire d\u00e9nonce fortement le harc\u00e8lement dont continue d\u2019\u00eatre victime   M. Mohamed Abbou, ancien dirigeant de l\u2019Association des jeunes avocats (AJA),   membre du Conseil national pour les libert\u00e9s en Tunisie (CNLT) et de   l\u2019Association internationale pour le soutien des prisonniers politiques   (AISSP). M. Mohamed Abbou est incarc\u00e9r\u00e9 depuis le 1er mars 2005 \u00e0 la prison de   Kef pour avoir publi\u00e9 une tribune sur Internet en ao\u00fbt 2004, dans laquelle il   d\u00e9non\u00e7ait les conditions de d\u00e9tention en Tunisie.<\/span><\/p>\n<p align=\"justify\" dir=\"ltr\">\u00a0<\/p>\n<p align=\"justify\" dir=\"ltr\"> <span lang=\"FR-CH\">Le 23 mars   2006, jour de visite, la femme de M. Abbou, Mme Samia Abbou, accompagn\u00e9e de la   m\u00e8re de son mari et de ses trois enfants, qui n\u2019avaient pas vu leur p\u00e8re   depuis deux mois et demi, ont \u00e9t\u00e9 interdits de lui rendre visite, alors m\u00eame   que la prison de Kef est \u00e0 plus de 250 km de leur domicile. Aucune explication   ne leur a \u00e9t\u00e9 donn\u00e9e.<\/span><\/p>\n<p align=\"justify\" dir=\"ltr\">\u00a0<\/p>\n<p align=\"justify\" dir=\"ltr\"> <span lang=\"FR-CH\">En outre, le 20   mars 2006, Mme Samia Abbou, qui rentrait alors de Gen\u00e8ve (Suisse), a \u00e9t\u00e9   fouill\u00e9e \u00e0 son arriv\u00e9e \u00e0 l\u2019a\u00e9roport, et une photo de son mari, qu\u2019elle porte   toujours sur elle, lui a \u00e9t\u00e9 confisqu\u00e9e.<\/span><\/p>\n<p align=\"justify\" dir=\"ltr\">\u00a0<\/p>\n<p align=\"justify\" dir=\"ltr\"> <span lang=\"FR-CH\">L\u2019Observatoire   rappelle que depuis le 11 mars 2006, M. Mohamed Abbou est en gr\u00e8ve de la faim.   Il entend ainsi protester contre ses conditions de d\u00e9tention qui se sont   aggrav\u00e9es depuis le 2 mars 2006, date \u00e0 laquelle de nombreuses personnes se   sont rassembl\u00e9es devant la prison de Kef, malgr\u00e9 l\u2019interdiction de la police   et la garde nationale (Cf. communiqu\u00e9 de presse de l\u2019OMCT, 15 mars 2006).<\/span><\/p>\n<p align=\"justify\" dir=\"ltr\">\u00a0<\/p>\n<p align=\"justify\" dir=\"ltr\"> <span lang=\"FR-CH\">D\u2019autre part,   l\u2019Observatoire a \u00e9t\u00e9 inform\u00e9 que M. Ali Ben Salem, vice-pr\u00e9sident de   l\u2019Association de lutte contre la torture en Tunisie (ALTT) et responsable de   la Ligue tunisienne des droits de l\u2019Homme (LTDH) \u00e0 Bizerte, est plac\u00e9 sous   r\u00e9sidence surveill\u00e9e depuis les 9-10 novembre 2005, sans qu\u2019aucun mandat ne   lui ait \u00e9t\u00e9 pr\u00e9sent\u00e9. Son domicile, qui abrite \u00e9galement la section de Bizerte   de la LTDH, fait en effet l\u2019objet d\u2019une forte et constante pr\u00e9sence polici\u00e8re.<\/span><\/p>\n<p align=\"justify\" dir=\"ltr\">\u00a0<\/p>\n<p align=\"justify\" dir=\"ltr\"> <span lang=\"FR-CH\">\u00ab Nous sommes   extr\u00eamement pr\u00e9occup\u00e9s s\u2019agissant de ces faits, et appelons le gouvernement   tunisien \u00e0 respecter ses engagements relatifs aux libert\u00e9s fondamentales \u00bb, a   d\u00e9clar\u00e9 M. Mabassa Fall, repr\u00e9sentant de la FIDH aupr\u00e8s de la Commission   africaine des droits de l\u2019Homme et des peuples. En particulier, l\u2019Observatoire   demande la lib\u00e9ration imm\u00e9diate de M. Abbou, ainsi que le respect de son   int\u00e9grit\u00e9 physique et psychologique. L\u2019Observatoire demande \u00e9galement aux   autorit\u00e9s tunisiennes de mettre un terme aux actes de harc\u00e8lement \u00e0 l\u2019encontre   de la famille de Me Abbou et de M. Ali Ben Salem. Enfin, l\u2019Observatoire   rappelle son soutien \u00e0 la LTDH, ainsi qu\u2019\u00e0 l\u2019ensemble des organisations non   gouvernementales ind\u00e9pendantes en Tunisie.<\/span><\/p>\n<p align=\"justify\" dir=\"ltr\">\u00a0<\/p>\n<p align=\"justify\" dir=\"ltr\"><b> <span lang=\"FR-CH\">  (Source\u00a0: publi\u00e9 sur le site FIDH, le 27 mars 2006)<\/span><\/b><\/p>\n<p align=\"justify\" dir=\"ltr\"><b> <span lang=\"EN-US\">  URL:<\/span><span lang=\"EN-US\"> <\/span><span lang=\"FR-CH\"> <a href=\"http:\/\/www.fidh.org\/article.php3?id_article=3198\" target=\"_blank\" rel=\"noopener\"> <span lang=\"EN-US\"><font>  http:\/\/www.fidh.org\/article.php3?id_article=3198<\/font><\/span><\/a><\/span><\/b><\/p>\n<p><\/font><\/div>\n<p><font face=\"Arial\"><\/p>\n<div align=\"center\"> <font size=\"2\"><\/p>\n<hr\/>\n<p><\/font><\/div>\n<div align=\"center\">  \u00a0<\/div>\n<div align=\"center\">\n<div align=\"center\"> <font size=\"2\"><strong> <span lang=\"FR\"><font size=\"2\">    L&rsquo;Action des chr\u00e9tiens pour l&rsquo;abolition de la torture<\/font> <font size=\"2\">    (ACAT)<\/font><\/span><\/strong><\/font><\/div>\n<div align=\"center\">    \u00a0<\/div>\n<div align=\"center\">    \u00a0<\/div>\n<div align=\"center\">    \u00a0<\/div>\n<div align=\"justify\"> <font face=\"Arial\" size=\"2\">Monsieur <strong>Rafik Belhaj Kacem<\/strong>     Minist\u00e8re de l\u2019int\u00e9rieur     Avenue Habib Bourguiba     1001 Tunis     Tunisie     Fax : 00 216 71 354\u00a0 331     \u00a0     Le 23 mars 2006     \u00a0     Monsieur le Ministre,     \u00a0     J&rsquo;ai \u00e9t\u00e9 alert\u00e9(e) par l&rsquo;ACAT de la situation pr\u00e9occupante de <strong>Lotfi     Amdouni.<\/strong> Militant des droits de l\u2019homme, membre de l&rsquo;Association     internationale de soutien aux prisonniers politiques (AISPP) et ex     prisonnier politique, il subit des tracasseries permanentes \u00e9manant des     agents de la S\u00fbret\u00e9 du poste de Kabbaria qui l&rsquo;obligent \u00e0 venir signer     quotidiennement les registres relatifs \u00e0 son contr\u00f4le administratif. Cela     l\u2019emp\u00eache de suivre ses cours du matin \u00e0 la facult\u00e9 de th\u00e9ologie de Tunis.     Il y a l\u00e0 un abus de pouvoir de la part de ces policiers. En effet, les     textes r\u00e9glementant les modalit\u00e9s d&rsquo;un contr\u00f4le administratif n\u2019obligent     aucunement la personne contr\u00f4l\u00e9e \u00e0 un \u00e9margement quotidien et n\u2019autorisent     en aucun cas le centre de police \u00e0 harceler la personne soumise au contr\u00f4le.         \u00a0     Lotfi Amdouni a effectu\u00e9 une peine de quinze ans d\u2019emprisonnement. Depuis sa     lib\u00e9ration, l\u2019acc\u00e8s \u00e0 un emploi lui a \u00e9t\u00e9 interdit. Il est d\u00e9sormais     contraint de travailler en tant que vendeur ambulant sur les march\u00e9s en plus     de ses \u00e9tudes.     L\u2019AISPP vient d&rsquo;apprendre que monsieur Lotfi Amdouni a \u00e9t\u00e9 plac\u00e9 en garde \u00e0     vue de 11 heures \u00e0 22 heures le 17 mars dernier.      \u00a0     L\u2019ACAT consid\u00e8re que l\u2019attitude des agents de la S\u00fbret\u00e9 vise \u00e0 interdire \u00e0     l\u2019ex prisonnier politique Lofti Amdouni de reprendre une vie normale,     d\u2019\u00e9tudier et de travailler \u00e0 la suite de sa lib\u00e9ration. Nous demandons que     soit mis fin \u00e0 de telles pratiques et que les policiers responsables de ces     harc\u00e8lements soient sanctionn\u00e9s.\u00a0     \u00a0     \u00a0     Nous vous remercions de nous lire et nous vous prions d\u2019agr\u00e9er, Monsieur le     Ministre, l\u2019_expression de notre plus haute consid\u00e9ration      \u00a0     Nicole Pignon-P\u00e9guy     Pole Actions     \u00a0     CC : Copie \u00e0 l\u2019ambassade de Tunisie, 25 rue Barbet de Jouy, 75 007 Paris,     Fax : 01 45 56 02 64     \u00a0     L&rsquo;Action des chr\u00e9tiens pour l&rsquo;abolition de la torture (ACAT) France est     affili\u00e9e \u00e0 la F\u00e9d\u00e9ration Internationale de l\u2019Action des chr\u00e9tiens pour     l\u2019abolition de la torture, ayant statut consultatif aupr\u00e8s des Nations unies     et du Conseil de\u00a0 l\u2019Europe<\/font><\/div>\n<\/div>\n<p><\/font><\/p>\n<div align=\"center\">\n<hr\/>\n<\/div>\n<div align=\"center\"> <font face=\"Arial\" size=\"2\"><\/p>\n<h2 style=\"color: red;\"><font size=\"3\"><strong>Me N\u00e9jib   Chebbi \u00e0 Washington ce 31 mars 2006<\/strong><\/font><\/h2>\n<p><strong><font>AEI Series: Dissent and Reform   in the Arab World\u00a0    <\/font><font>Empowering Democrats <\/font><\/strong> <\/p>\n<div align=\"justify\"> <font><strong>Start:\u00a0 Friday, March 31, 2006\u00a0 9:00 AM     End:\u00a0 Friday, March 31, 2006\u00a0 12:30 PM     <\/strong><\/font> <strong><font>Location: Wohlstetter Conference Center,     Twelfth Floor, AEI     1150 Seventeenth Street, N.W., Washington, D.C. 20036     <\/font><\/strong>          The United States has shown that it is not interested in imposing democracy     on the Arab world. Indeed, it has become clear that building blocks for     political and economic reform exist throughout the region. But as the first     installment in AEI&rsquo;s \u00ab\u00a0Dissent and Reform in the Arab World\u00a0\u00bb has shown, these     brave and bright reformers at the heart of democratic change have little     political space with which to work and grow.           On January 13, participants from Tunisia, Libya, and Yemen detailed the     extensive repressive measures used to stifle democracy in their countries     and offered concrete suggestions for reform. Please join AEI on March 31 for     the second installment of the Dissent and Reform series. Participants from     Iraq, Kuwait, Syria, Lebanon, Jordan, and Palestine will continue to shine a     spotlight on reform at home and support from abroad.           8:45 a.m. Registration and Breakfast      \u00a0\u00a0\u00a0\u00a0\u00a0      <strong><font>9:00 Introduction: Danielle Pletka, AEI<\/font><\/strong>     Opening Remarks: Shafeeq Ghabra, Alghad Communication\/Leadership and Policy     Institute, American University of Kuwait, Kuwait          <strong><font>9:15 Panel I: Challenges to Reform in Syria     and Lebanon<\/font><\/strong>     Panelists: Ammar Abdulhamid, Dar Emar Publishing House, Syria     Hassan Mneimneh, Iraq Memory Foundation, Lebanon     Najat Sharafeddine, Future Television, Lebanon     Lokman Slim , Hayya Bina (\u201cLet\u2019s Go!\u201d\u200c), Lebanon     <strong>Moderator: Danielle Pletka, AEI<\/strong> <strong><font>10:30 Panel II: Challenges to Reform in Iraq     and Jordan<\/font><\/strong>     Panelists: Sama Hadad, Iraqi Prospect Organization, Iraq     Jamil Nimri, Al Ghad, Jordan     Moderator: Michael Rubin, AEI          <strong><\/p>\n<h2 style=\"color: red;\"><font>11:45 Closing Remarks: Nejib Chebbi,     Progressive Democratic Party, Tunisia<\/font><\/h2>\n<p><\/strong>          12:15 p.m. Lunch and Adjournment     \u00a0\u00a0\u00a0\u00a0      <strong><font>(Source : le site de l\u2019American Enterprise     Institute AEI, le 28 mars 2006)     <\/font><\/strong>URL:    <a href=\"http:\/\/www.aei.org\/events\/eventID.1251,filter.all\/event_detail.asp\" target=\"_blank\" rel=\"noopener\">    http:\/\/www.aei.org\/events\/eventID.1251,filter.all\/event_detail.asp<\/a> <\/div>\n<p> <\/font><\/div>\n<div align=\"center\">  \u00a0<\/div>\n<div align=\"center\">\n<hr\/>\n<\/div>\n<div align=\"center\">  \u00a0<\/div>\n<div align=\"center\"> <font face=\"Arial\" size=\"2\"><strong><\/p>\n<h2 style=\"color: red;\"><font size=\"3\">Italie: 302   immigr\u00e9s clandestins intercept\u00e9s au sud de la Sicile<\/font><\/h2>\n<p><\/strong>\u00a0  <\/p>\n<div align=\"justify\">    \u00a0<\/div>\n<div align=\"justify\">    AFP, le 28.03.2006 \u00e0 09h32     ROME, 28 mars 2006 (AFP) &#8211; Les gardes-c\u00f4tes italiens ont annonc\u00e9\u00a0 mardi     avoir intercept\u00e9 302 immigr\u00e9s clandestins au large de la\u00a0 petite \u00eele de     Lampedusa, situ\u00e9e au sud de la Sicile.     Deux embarcations &#8211; l&rsquo;une avec 141 personnes \u00e0 bord dont deux\u00a0 femmes, et     l&rsquo;autre avec 161 passagers &#8211; avaient \u00e9t\u00e9 rep\u00e9r\u00e9es \u00e0\u00a0 l&rsquo;aube par un navire de     la marine militaire au large de Lampedusa.     Des vedettes des gardes-c\u00f4tes ont \u00e9t\u00e9 envoy\u00e9es \u00e0 leur rencontre\u00a0 pour les     intercepter et remorquer leurs deux bateaux sur l&rsquo;\u00eele.     Un groupe de 200 personnes avait d\u00e9j\u00e0 \u00e9t\u00e9 intercept\u00e9 au sud de\u00a0 Lampedusa     dans la nuit de dimanche \u00e0 lundi.     La petite \u00eele est le territoire italien le plus proche des c\u00f4tes\u00a0     tunisiennes et libyennes. En 2005, 207 embarcations ont \u00e9t\u00e9\u00a0 intercept\u00e9es     pr\u00e8s des c\u00f4tes italiennes avec \u00e0 leur bord pr\u00e8s de\u00a0 22.000 immigr\u00e9s     clandestins. 70 cadavres de migrants ont \u00e9t\u00e9\u00a0 \u00e9galement d\u00e9couverts par les     garde-c\u00f4tes et les douaniers durant la\u00a0 m\u00eame p\u00e9riode.     Par ailleurs, les autorit\u00e9s italiennes ont annonc\u00e9 dans un\u00a0 communiqu\u00e9 avoir     renvoy\u00e9 mardi matin par un vol charter dans leur\u00a0 pays 60 personnes de     nationalit\u00e9 \u00e9gyptienne, qui avaient r\u00e9cemment\u00a0 tent\u00e9 de gagner l&rsquo;Italie.     \u00a0     AFP  <\/div>\n<div align=\"justify\">\n<hr\/><\/div>\n<div align=\"justify\">\n<h3 align=\"left\" class=\"artikeltitel\" style=\"color: blue;\">\n<h2 style=\"color: red;\"><font size=\"2\">Mit     Holzbooten in die Freiheit<\/font><\/h2>\n<\/h3>\n<p align=\"left\">Die italienische K\u00fcstenwache hat am Montag 261 illegale     Einwanderer gerettet, die mit einem 14 Meter langen Holzboot im Mittelmeer     Richtung Italien unterwegs waren. Ein tunesischer Fischer hatte die     Fl\u00fcchtlinge entdeckt und Alarm ausgel\u00f6st. Die Menschen auf dem Boot, deren     genaue Herkunft zun\u00e4chst nicht feststand, wurden in ein Auffanglager auf der     Insel Lampedusa s\u00fcdlich von Sizilien gebracht. <\/p>\n<p> <!-- anfang credits --> <\/p>\n<p align=\"left\">Artikel vom <b>27.03.2006<\/b> |apa,dpa |dk<\/p>\n<p align=\"left\">Source:    <a href=\"http:\/\/kurier.at\/chronik\/1319078.php\" target=\"_blank\" rel=\"noopener\">    http:\/\/kurier.at\/chronik\/1319078.php<\/a><\/p>\n<\/div>\n<div align=\"justify\">\n<hr\/><\/div>\n<div align=\"center\"> <strong><\/p>\n<h2 style=\"color: red;\"><font size=\"3\">L&rsquo;un des complices dans l&rsquo;assassinat     d&rsquo;un ministre belge arr\u00eat\u00e9 en Allemagne<\/font><\/h2>\n<p><\/strong>\u00a0<\/div>\n<div align=\"justify\">    AFP, le 27.03.2006 \u00e0 14h39     \u00a0\u00a0\u00a0\u00a0\u00a0\u00a0\u00a0\u00a0\u00a0\u00a0\u00a0\u00a0\u00a0\u00a0\u00a0\u00a0\u00a0\u00a0\u00a0\u00a0\u00a0 BRUXELLES, 27 mars 2006 (AFP) &#8211; Un truand ayant     particip\u00e9 \u00e0\u00a0 l&rsquo;assassinat en 1991 de l&rsquo;ancien ministre belge Andr\u00e9 Cools,\u00a0     Domenico Castellino, a \u00e9t\u00e9 interpell\u00e9 dimanche en Allemagne, deux\u00a0 ans apr\u00e8s     avoir \u00e9t\u00e9 condamn\u00e9 \u00e0 20 ans de prison par la cour\u00a0 d&rsquo;assises de Li\u00e8ge (est),     a annonc\u00e9 lundi la justice belge.      \u00a0\u00a0\u00a0\u00a0\u00a0\u00a0\u00a0\u00a0\u00a0\u00a0\u00a0\u00a0\u00a0\u00a0\u00a0\u00a0\u00a0\u00a0\u00a0\u00a0\u00a0 Domenico Castellino, 50 ans, a \u00e9t\u00e9 arr\u00eat\u00e9 dimanche     vers 07h20 \u00e0\u00a0 Rosenheim, dans le sud de l&rsquo;Allemagne, a pr\u00e9cis\u00e9 le procureur\u00a0     g\u00e9n\u00e9ral de Li\u00e8ge, C\u00e9dric Visart de Bocarm\u00e9, cit\u00e9 par l&rsquo;agence\u00a0 Belga.      \u00a0\u00a0\u00a0\u00a0\u00a0\u00a0\u00a0\u00a0\u00a0\u00a0\u00a0\u00a0\u00a0\u00a0\u00a0\u00a0\u00a0\u00a0\u00a0\u00a0\u00a0 D&rsquo;origine italienne, <strong><font>    Domenico Castellino avait avou\u00e9 pendant\u00a0 l&rsquo;enqu\u00eate avoir recrut\u00e9 les deux     Tunisiens qui ont abattu Andr\u00e9\u00a0 Cools le matin du 18 juillet 1991 devant le     domicile de sa compagne,\u00a0 sur les hauteurs de Li\u00e8ge<\/font><\/strong>.      \u00a0\u00a0\u00a0\u00a0\u00a0\u00a0\u00a0\u00a0\u00a0\u00a0\u00a0\u00a0\u00a0\u00a0\u00a0\u00a0\u00a0\u00a0\u00a0\u00a0\u00a0 En fuite lors du proc\u00e8s, il avait \u00e9t\u00e9 condamn\u00e9 \u00e0 20     ans de\u00a0 prison par d\u00e9faut pour complicit\u00e9 d&rsquo;assassinat le 7 janvier 2004.\u00a0     Selon les m\u00e9dias belges, il vivait depuis dans le sud de l&rsquo;Italie.      \u00a0\u00a0\u00a0\u00a0\u00a0\u00a0\u00a0\u00a0\u00a0\u00a0\u00a0\u00a0\u00a0\u00a0\u00a0\u00a0\u00a0\u00a0\u00a0\u00a0\u00a0 M. Visart de Bocarm\u00e9 a pr\u00e9cis\u00e9 lundi que la Belgique     avait\u00a0 transmis une demande d&rsquo;extradition aux autorit\u00e9s allemandes. Une\u00a0     fois rentr\u00e9 en Belgique, Castellino pourra soit choisir de purger sa\u00a0 peine,     soit demander \u00e0 \u00eatre rejug\u00e9.      \u00a0\u00a0\u00a0\u00a0\u00a0\u00a0\u00a0\u00a0\u00a0\u00a0\u00a0\u00a0\u00a0\u00a0\u00a0\u00a0\u00a0\u00a0\u00a0\u00a0\u00a0 L&rsquo;enqu\u00eate sur cet assassinat avait permis de mettre au     jour\u00a0 plusieurs cas de financements occultes du parti socialiste\u00a0     francophone (PS) et de son homologue flamand (SP).      \u00a0\u00a0\u00a0\u00a0\u00a0\u00a0\u00a0\u00a0\u00a0\u00a0\u00a0\u00a0\u00a0\u00a0\u00a0\u00a0\u00a0\u00a0\u00a0\u00a0\u00a0 De possibles motifs politiques, \u00e9voqu\u00e9s durant des     ann\u00e9es en\u00a0 Belgique, avaient cependant \u00e9t\u00e9 \u00e9cart\u00e9s lors du proc\u00e8s.      \u00a0\u00a0\u00a0\u00a0\u00a0\u00a0\u00a0\u00a0\u00a0\u00a0\u00a0\u00a0\u00a0\u00a0\u00a0\u00a0\u00a0\u00a0\u00a0\u00a0\u00a0 Castellino et les cinq autres hommes condamn\u00e9s     faisaient partie\u00a0 de l&rsquo;entourage du socialiste li\u00e9geois Alain Van der Biest,     un temps\u00a0 \u00ab\u00a0fils spirituel\u00a0\u00bb d&rsquo;Andr\u00e9 Cools avant de devenir son rival.      \u00a0\u00a0\u00a0\u00a0\u00a0\u00a0\u00a0\u00a0\u00a0\u00a0\u00a0\u00a0\u00a0\u00a0\u00a0\u00a0\u00a0\u00a0\u00a0\u00a0\u00a0 Van der Biest, qui craignait qu&rsquo;Andr\u00e9 Cools lui retire     tous ses\u00a0 mandats, avait clam\u00e9 son innocence tout au long de l&rsquo;enqu\u00eate. Il\u00a0     s&rsquo;\u00e9tait suicid\u00e9 en mars 2002 alors qu&rsquo;il attendait de savoir s&rsquo;il\u00a0 serait     renvoy\u00e9 devant les assises.      \u00a0     AFP\u00a0\u00a0\u00a0\u00a0\u00a0\u00a0\u00a0\u00a0\u00a0\u00a0\u00a0\u00a0\u00a0\u00a0\u00a0 <\/p>\n<hr\/><\/div>\n<div align=\"justify\">\n<p align=\"center\"><font size=\"3\"><b> <span lang=\"EN-US\">Law, family,     society all weigh against converting from<span dir=\"rtl\"> <\/span>Islam to     Christianity in most of the <\/span><\/b> <st1:place><b><span lang=\"EN-US\">    Middle East<\/span><\/b><\/st1:place><\/font><\/p>\n<h6 align=\"justify\" style=\"color: blue;\"><span lang=\"EN-US\"> <font face=\"Arial\" size=\"2\">By JASPER MORTIMER, Associated     Press Writer<\/font><\/span><span lang=\"EN-US\">\u00a0<\/span><\/h6>\n<h3 align=\"justify\" style=\"color: blue;\"><span lang=\"FR-CH\"> <em><font size=\"2\">Associated     Press, le 27.03.2006 \u00e0 21h01<\/font><\/em><\/span><\/h3>\n<p align=\"justify\"> <span lang=\"EN-US\">    \u00a0\u00a0\u00a0\u00a0\u00a0\u00a0\u00a0\u00a0\u00a0\u00a0\u00a0\u00a0\u00a0\u00a0\u00a0\u00a0\u00a0\u00a0\u00a0\u00a0\u00a0 <\/span> <st1:place> <st1:city><span lang=\"EN-US\">    CAIRO<\/span><\/st1:city><span lang=\"EN-US\">,    <\/span> <st1:country-region> <span lang=\"EN-US\">Egypt<\/span><\/st1:country-region><\/st1:place><span lang=\"EN-US\">     (AP) _ In the Middle East, Jordan is known as a tolerant country, but when a     Muslim man converted to Christianity two years ago, a court convicted him of     apostasy, took away his right to work and annulled his marriage.<\/span><\/p>\n<p align=\"justify\">\u00a0<\/p>\n<p align=\"justify\"> <span lang=\"EN-US\">    \u00a0\u00a0\u00a0\u00a0\u00a0\u00a0\u00a0\u00a0\u00a0\u00a0\u00a0\u00a0\u00a0\u00a0\u00a0\u00a0\u00a0\u00a0\u00a0\u00a0\u00a0 Such prosecutions are rare in the <\/span> <st1:place><span lang=\"EN-US\">    Middle East<\/span><\/st1:place><span lang=\"EN-US\">     _ because they&rsquo;re hardly ever needed. The law does heavily discourage_ or     outright forbid _ conversion by Muslims in most nations in the region, but     weighing against it even more heavily are the powerful influences of family     and society.<\/span><\/p>\n<p align=\"justify\">\u00a0<\/p>\n<p align=\"justify\"> <span lang=\"EN-US\">    \u00a0\u00a0\u00a0\u00a0\u00a0\u00a0\u00a0\u00a0\u00a0\u00a0\u00a0\u00a0\u00a0\u00a0\u00a0\u00a0\u00a0\u00a0\u00a0\u00a0\u00a0 Conscious of such pressure, the Lebanese have coined     the saying: \u00abStick to your own religion.\u00bb<\/span><\/p>\n<p align=\"justify\">\u00a0<\/p>\n<p align=\"justify\"> <span lang=\"EN-US\">    \u00a0\u00a0\u00a0\u00a0\u00a0\u00a0\u00a0\u00a0\u00a0\u00a0\u00a0\u00a0\u00a0\u00a0\u00a0\u00a0\u00a0\u00a0\u00a0\u00a0\u00a0 The sensitivity of conversion has been highlighted by     the case of an man faced a possible death penalty in a court in <\/span> <st1:country-region> <st1:place><span lang=\"EN-US\">    Afghanistan<\/span><\/st1:place><\/st1:country-region><span lang=\"EN-US\">     for converting from Islam to Christianity. The <\/span> <st1:country-region> <st1:place><span lang=\"EN-US\">    United States<\/span><\/st1:place><\/st1:country-region><span lang=\"EN-US\">     and <\/span> <st1:country-region> <st1:place><span lang=\"EN-US\">    Germany<\/span><\/st1:place><\/st1:country-region><span lang=\"EN-US\">     _ which saw it as a case of the religious freedom that their soldiers were     trying to support in <\/span> <st1:country-region> <st1:place><span lang=\"EN-US\">    Afghanistan<\/span><\/st1:place><\/st1:country-region><span lang=\"EN-US\">     _ leaned on the <\/span> <st1:city> <st1:place><span lang=\"EN-US\">    Kabul<\/span><\/st1:place><\/st1:city><span lang=\"EN-US\">     government to free the man.<\/span><\/p>\n<p align=\"justify\">\u00a0<\/p>\n<p align=\"justify\"> <span lang=\"EN-US\">    \u00a0\u00a0\u00a0\u00a0\u00a0\u00a0\u00a0\u00a0\u00a0\u00a0\u00a0\u00a0\u00a0\u00a0\u00a0\u00a0\u00a0\u00a0\u00a0\u00a0\u00a0 After an Afghan court dropped charges of apostasy     against Abdul Rahman, 41, Muslim clerics threatened to incite people to kill     him on his release, hundreds demonstrated against the court decision, and     prison wardens put him under their special care.<\/span><\/p>\n<p align=\"justify\">\u00a0<\/p>\n<p align=\"justify\"> <span lang=\"EN-US\">    \u00a0\u00a0\u00a0\u00a0\u00a0\u00a0\u00a0\u00a0\u00a0\u00a0\u00a0\u00a0\u00a0\u00a0\u00a0\u00a0\u00a0\u00a0\u00a0\u00a0\u00a0 But <\/span> <st1:country-region> <st1:place><span lang=\"EN-US\">    Afghanistan<\/span><\/st1:place><\/st1:country-region><span lang=\"EN-US\">     isn&rsquo;t the only <\/span> <st1:country-region> <st1:place><span lang=\"EN-US\">    U.S.<\/span><\/st1:place><\/st1:country-region><span lang=\"EN-US\">     allied government where Muslim converts to Christianity would be threatened     with execution.<\/span><\/p>\n<p align=\"justify\">\u00a0<\/p>\n<p align=\"justify\"> <span lang=\"EN-US\">    \u00a0\u00a0\u00a0\u00a0\u00a0\u00a0\u00a0\u00a0\u00a0\u00a0\u00a0\u00a0\u00a0\u00a0\u00a0\u00a0\u00a0\u00a0\u00a0\u00a0\u00a0 If Abdul Rahman had been a Saudi, \u00abhe would have been     facing death,\u00bb said Fadi al-Qadi, a <\/span> <st1:place><span lang=\"EN-US\">    Middle East<\/span><\/st1:place><span lang=\"EN-US\">     spokesman for Human Rights Watch.<\/span><\/p>\n<p align=\"justify\">\u00a0<\/p>\n<p align=\"justify\"> <span lang=\"EN-US\">    \u00a0\u00a0\u00a0\u00a0\u00a0\u00a0\u00a0\u00a0\u00a0\u00a0\u00a0\u00a0\u00a0\u00a0\u00a0\u00a0\u00a0\u00a0\u00a0\u00a0\u00a0 <\/span> <st1:country-region> <st1:place><span lang=\"EN-US\">    Saudi Arabia<\/span><\/st1:place><\/st1:country-region><span lang=\"EN-US\">     neither permits conversion from Islam nor allows other religions. There are     no churches in the kingdom and missionaries are barred. Regular criticism in     U.S. State Department reports on religious freedom have had no effect on     Saudi policy.<\/span><\/p>\n<p align=\"justify\">\u00a0<\/p>\n<p align=\"justify\"> <span lang=\"EN-US\">    \u00a0\u00a0\u00a0\u00a0\u00a0\u00a0\u00a0\u00a0\u00a0\u00a0\u00a0\u00a0\u00a0\u00a0\u00a0\u00a0\u00a0\u00a0\u00a0\u00a0\u00a0 While Islam accepts Christianity as a fellow     monotheistic religion, Shariah law considers conversion from Islam to any     religion apostasy, and most Muslim scholars agree the punishment for     apostasy is death. <\/span> <st1:country-region> <st1:place><span lang=\"EN-US\">    Saudi Arabia<\/span><\/st1:place><\/st1:country-region><span lang=\"EN-US\">     considers Sharia the law of the land, though there have been no reported     cases of executions of converts from Islam in recent memory.<\/span><\/p>\n<p align=\"justify\">\u00a0<\/p>\n<p align=\"justify\"> <span lang=\"EN-US\">    \u00a0\u00a0\u00a0\u00a0\u00a0\u00a0\u00a0\u00a0\u00a0\u00a0\u00a0\u00a0\u00a0\u00a0\u00a0\u00a0\u00a0\u00a0\u00a0\u00a0\u00a0 The only other nation in the region whose law books     set the death penalty for apostasy is <\/span> <st1:country-region> <st1:place><span lang=\"EN-US\">    Sudan<\/span><\/st1:place><\/st1:country-region><span lang=\"EN-US\">.     Though no executions have been reported recently there a Sudanese man who     allegedly converted was arrested in 2004 and reportedly tortured in custody,     according to the U.S. State Department.<\/span><\/p>\n<p align=\"justify\">\u00a0<\/p>\n<p align=\"justify\"> <span lang=\"EN-US\">    \u00a0\u00a0\u00a0\u00a0\u00a0\u00a0\u00a0\u00a0\u00a0\u00a0\u00a0\u00a0\u00a0\u00a0\u00a0\u00a0\u00a0\u00a0\u00a0\u00a0\u00a0 In <\/span> <st1:country-region> <st1:place><span lang=\"EN-US\">    Kuwait<\/span><\/st1:place><\/st1:country-region><span lang=\"EN-US\">,     a court convicted a Shiite Muslim man who publicly proclaimed his conversion     to Christianity, but it did sentence him since the criminal code did not set     a punishment.<\/span><\/p>\n<p align=\"justify\"> <span lang=\"EN-US\">    \u00a0\u00a0\u00a0\u00a0\u00a0\u00a0\u00a0\u00a0\u00a0\u00a0\u00a0\u00a0\u00a0\u00a0\u00a0\u00a0\u00a0\u00a0\u00a0\u00a0\u00a0 Other countries in the region, such as <\/span> <st1:country-region> <st1:place><span lang=\"EN-US\">    Egypt<\/span><\/st1:place><\/st1:country-region><span lang=\"EN-US\">,     do not have laws criminalizing apostasy, but those who do convert can still     face prosecution.<\/span><\/p>\n<p align=\"justify\">\u00a0<\/p>\n<p align=\"justify\"> <span lang=\"EN-US\">    \u00a0\u00a0\u00a0\u00a0\u00a0\u00a0\u00a0\u00a0\u00a0\u00a0\u00a0\u00a0\u00a0\u00a0\u00a0\u00a0\u00a0\u00a0\u00a0\u00a0\u00a0 In May, an Egyptian man who converted to Christianity     was arrested on suspicion of \u00abcontempt for religion,\u00bb a charge that entails     a prison sentence for up to five years, said Hossam Bahgat, director of the     Egyptian Initiative for Personal Rights. The man, who has not been     identified, remains in custody without charge, Bahgat said.<\/span><\/p>\n<p align=\"justify\">\u00a0<\/p>\n<p align=\"justify\"> <span lang=\"EN-US\">    \u00a0\u00a0\u00a0\u00a0\u00a0\u00a0\u00a0\u00a0\u00a0\u00a0\u00a0\u00a0\u00a0\u00a0\u00a0\u00a0\u00a0\u00a0\u00a0\u00a0\u00a0 Moreover, authorities in <\/span> <st1:country-region> <st1:place><span lang=\"EN-US\">    Egypt<\/span><\/st1:place><\/st1:country-region><span lang=\"EN-US\">     and most other Arab countries will not recognize a change in religion in     official documents, such as identity papers, which usually state a person&rsquo;s     faith.<\/span><\/p>\n<p align=\"justify\">\u00a0<\/p>\n<p align=\"justify\"> <span lang=\"EN-US\">    \u00a0\u00a0\u00a0\u00a0\u00a0\u00a0\u00a0\u00a0\u00a0\u00a0\u00a0\u00a0\u00a0\u00a0\u00a0\u00a0\u00a0\u00a0\u00a0\u00a0\u00a0 Even if a convert is not prosecuted, \u00abthe issue is the     pressure they are going to face from their families, the religious     establishment, their friends and associates,\u00bb said al-Qadi of the New     York-based Human Rights Watch. \u00abIt would be overwhelming. They would be     really isolated.\u00bb<\/span><\/p>\n<p align=\"justify\">\u00a0<\/p>\n<p align=\"justify\"> <span lang=\"EN-US\">    \u00a0\u00a0\u00a0\u00a0\u00a0\u00a0\u00a0\u00a0\u00a0\u00a0\u00a0\u00a0\u00a0\u00a0\u00a0\u00a0\u00a0\u00a0\u00a0\u00a0\u00a0 There are exceptions. In strongly secular <\/span> <st1:country-region> <st1:place><span lang=\"EN-US\">    Turkey<\/span><\/st1:place><\/st1:country-region><span lang=\"EN-US\">,     a person can walk into their local Demographic Records office, sign a     declaration saying they have converted from Islam to Christianity, and walk     out an hour later with a new identity card reflecting the change. While     Islam is the religion of 99 percent of <\/span> <st1:country-region> <st1:place><span lang=\"EN-US\">    Turkey<\/span><\/st1:place><\/st1:country-region><span lang=\"EN-US\">&lsquo;s     71 million people, it has no official religion.<\/span><\/p>\n<p align=\"justify\">\u00a0<\/p>\n<p align=\"justify\"> <span lang=\"EN-US\">    \u00a0\u00a0\u00a0\u00a0\u00a0\u00a0\u00a0\u00a0\u00a0\u00a0\u00a0\u00a0\u00a0\u00a0\u00a0\u00a0\u00a0\u00a0\u00a0\u00a0\u00a0 \u00ab<\/span><st1:country-region><st1:place><span lang=\"EN-US\">Turkey<\/span><\/st1:place><\/st1:country-region><span lang=\"EN-US\">     is a democratic country and, according to law, you can choose whatever you     want,\u00bb said Soner Tufan, himself a convert from Islam, who runs a Christian     radio station, Radio Shema, in the capital, <\/span> <st1:city> <st1:place><span lang=\"EN-US\">    Ankara<\/span><\/st1:place><\/st1:city><span lang=\"EN-US\">.<\/span><\/p>\n<p align=\"justify\">\u00a0<\/p>\n<p align=\"justify\"> <span lang=\"EN-US\">    \u00a0\u00a0\u00a0\u00a0\u00a0\u00a0\u00a0\u00a0\u00a0\u00a0\u00a0\u00a0\u00a0\u00a0\u00a0\u00a0\u00a0\u00a0\u00a0\u00a0\u00a0 But, he said, \u00abif someone converts, they can suffer     some problems from their friends, relatives and neighbors\u00bb _ or face     difficulties getting a job in the civil service.<\/span><\/p>\n<p align=\"justify\">\u00a0<\/p>\n<p align=\"justify\"><b> <span lang=\"EN-US\">    \u00a0\u00a0\u00a0\u00a0\u00a0\u00a0\u00a0\u00a0\u00a0\u00a0\u00a0\u00a0\u00a0\u00a0\u00a0\u00a0\u00a0\u00a0\u00a0\u00a0\u00a0 There is also a relaxed attitude in <\/span><\/b> <st1:country-region> <st1:place><b> <span lang=\"EN-US\">    Tunisia<\/span><\/b><\/st1:place><\/st1:country-region><b><span lang=\"EN-US\">     and <\/span><\/b> <st1:country-region> <st1:place><b> <span lang=\"EN-US\">    Algeria<\/span><\/b><\/st1:place><\/st1:country-region><b><span lang=\"EN-US\">.     While the Islamic authorities in these Muslim majority countries would take     a dim view of conversion, the secular governments do not prohibit it and it     does occur.<\/span><\/b><\/p>\n<p align=\"justify\">\u00a0<\/p>\n<p align=\"justify\"> <span lang=\"EN-US\">    \u00a0\u00a0\u00a0\u00a0\u00a0\u00a0\u00a0\u00a0\u00a0\u00a0\u00a0\u00a0\u00a0\u00a0\u00a0\u00a0\u00a0\u00a0\u00a0\u00a0\u00a0 Most often, the issue of conversion reaches the courts     in the context of marriage. While Islam accepts a Muslim man marrying a     Christian woman _ one of the Prophet Muhammad&rsquo;s wives was a Christian _ it     does not tolerate a Muslim woman marrying a Christian man.<\/span><\/p>\n<p align=\"justify\">\u00a0<\/p>\n<p align=\"justify\"> <span lang=\"EN-US\">    \u00a0\u00a0\u00a0\u00a0\u00a0\u00a0\u00a0\u00a0\u00a0\u00a0\u00a0\u00a0\u00a0\u00a0\u00a0\u00a0\u00a0\u00a0\u00a0\u00a0\u00a0 The November 2004 case of a Jordanian man convicted of     apostasy came after his wife _ who remained Muslim _ and her family reported     that he had converted.<\/span><\/p>\n<p align=\"justify\">\u00a0<\/p>\n<p align=\"justify\"> <span lang=\"EN-US\">    \u00a0\u00a0\u00a0\u00a0\u00a0\u00a0\u00a0\u00a0\u00a0\u00a0\u00a0\u00a0\u00a0\u00a0\u00a0\u00a0\u00a0\u00a0\u00a0\u00a0\u00a0 The man, whom the court records did not identify,     appealed his conviction to a higher court but lost. He forfeited his all his     civil rights, including his right to work, vote and inherit property.<\/span><\/p>\n<p align=\"justify\">\u00a0<\/p>\n<p align=\"justify\"> <span lang=\"EN-US\">    \u00a0\u00a0\u00a0\u00a0\u00a0\u00a0\u00a0\u00a0\u00a0\u00a0\u00a0\u00a0\u00a0\u00a0\u00a0\u00a0\u00a0\u00a0\u00a0\u00a0\u00a0 Often Palestinian women seeking a divorce accuse their     husbands of converting to prompt a court to nullify the marriage, according     to Sheik Taissir Tamimi, the head of the Islamic court in the <\/span> <st1:place><span lang=\"EN-US\">    West Bank<\/span><\/st1:place><span lang=\"EN-US\">     and <\/span> <st1:city> <st1:place><span lang=\"EN-US\">    Gaza<\/span><\/st1:place><\/st1:city><span lang=\"EN-US\">.     Usually, the husband pleads innocent and the case is dismissed, Tamimi said.<\/span><\/p>\n<p align=\"justify\"> <span lang=\"EN-US\">    \u00a0\u00a0\u00a0\u00a0\u00a0\u00a0\u00a0\u00a0\u00a0\u00a0\u00a0\u00a0\u00a0\u00a0\u00a0\u00a0\u00a0\u00a0\u00a0\u00a0\u00a0 In <\/span> <st1:country-region> <st1:place><span lang=\"EN-US\">    Lebanon<\/span><\/st1:place><\/st1:country-region><span lang=\"EN-US\">,     where Christians are estimated at about 35 percent of the population, the     state does not forbid a change of religion, but the Muslim authorities do,     and they will not perform a wedding between Christian men and Muslim women.<\/span><\/p>\n<p align=\"justify\"> <span lang=\"EN-US\">    \u00a0\u00a0\u00a0\u00a0\u00a0\u00a0\u00a0\u00a0\u00a0\u00a0\u00a0\u00a0\u00a0\u00a0\u00a0\u00a0\u00a0\u00a0\u00a0\u00a0\u00a0 A more common course is for Muslim and Christian     Lebanese to have a civil law wedding in <\/span> <st1:country-region> <st1:place><span lang=\"EN-US\">    Cyprus<\/span><\/st1:place><\/st1:country-region><span lang=\"EN-US\">     and then register as married on their return to <\/span> <st1:country-region> <st1:place><span lang=\"EN-US\">    Lebanon<\/span><\/st1:place><\/st1:country-region><span lang=\"EN-US\">.     This became so popular that in the 1990s the Cabinet approved a bill that     would have legalized secular marriage in <\/span> <st1:country-region> <st1:place><span lang=\"EN-US\">    Lebanon<\/span><\/st1:place><\/st1:country-region><span lang=\"EN-US\">.<\/span><\/p>\n<p align=\"justify\">\u00a0<\/p>\n<p align=\"justify\"> <span lang=\"EN-US\">    \u00a0\u00a0\u00a0\u00a0\u00a0\u00a0\u00a0\u00a0\u00a0\u00a0\u00a0\u00a0\u00a0\u00a0\u00a0\u00a0\u00a0\u00a0\u00a0\u00a0\u00a0 But the bill was killed by opposition from the     religious authorities.<\/span><\/p>\n<p align=\"justify\"> <span lang=\"EN-US\">______<\/span><\/p>\n<p align=\"justify\"><b> <span lang=\"EN-US\">    Associated Press writers Sam F. Ghattas in Beirut, Jamal<span dir=\"rtl\"> <\/span>Halaby and Shafika Mattar in Amman, Tarek al-Issawi and Jim<span dir=\"rtl\"> <\/span>Krane in Dubai, Diana Elias in Kuwait, Sarah el Deeb in<span dir=\"rtl\"> <\/span>Gaza, Hassane Meftahi in Algiers and Bouazza ben Bouazza in<span dir=\"rtl\"> <\/span>Tunis, contributed to this story.<\/span><\/b><\/p>\n<p align=\"justify\">\u00a0<\/p>\n<p align=\"justify\"><b> <span lang=\"EN-US\">    Associated Press <\/span><\/b> <\/p>\n<\/div>\n<p> <\/font><\/div>\n<div align=\"center\">  \u00a0<\/div>\n<div align=\"center\">\n<hr\/>\n<p><font face=\"Arial\" size=\"2\"><\/font><\/div>\n<div align=\"center\">\n<p align=\"center\" dir=\"ltr\"><b> <span lang=\"FR\">Libres propos <\/span><\/b><\/p>\n<p align=\"center\" dir=\"ltr\">\u00a0<\/p>\n<p> <font face=\"Arial\" size=\"3\"> <\/p>\n<p align=\"center\" dir=\"ltr\"><b> <span lang=\"FR\">En g\u00e9rant sa dur\u00e9e au pouvoir, sa   fortune, sa s\u00e9curit\u00e9\u00a0,Ben ali est encore plus fort qu&rsquo;un chef de la mafia<\/span><\/b><\/p>\n<p> <\/font> <\/p>\n<p align=\"justify\" dir=\"ltr\">\u00a0<\/p>\n<p align=\"justify\" dir=\"ltr\"> <span lang=\"FR\">Il n&rsquo;arr\u00eate plus de s&rsquo;illustrer. Il avait   d\u00e9j\u00e0 la r\u00e9putation d&rsquo;\u00eatre un putschiste, un policier et un dictateur. Sa carte   de visite vient de s&rsquo;enrichir d&rsquo;un nouveau titre de gloire. Il est d\u00e9sormais   connu comme un corrompu notoire. A vrai dire, ce ne serait une d\u00e9couverte que   pour les myopes et les ali\u00e9n\u00e8s, pas pour les tunisiens ni la presse   internationale et toutes les chancelleries pr\u00e9sentes \u00e0 Tunis. <\/span><\/p>\n<p align=\"justify\" dir=\"ltr\">\u00a0<\/p>\n<p align=\"justify\" dir=\"ltr\"> <span lang=\"FR\">Ce que l&rsquo;on sait moins en revanche, c&rsquo;est   la structure mafieuse de la famille qui a fait main basse sur la Tunisie. En   effet, les ben ali et les trabelsi n&rsquo;ont rien \u00e0 envier aux plus c\u00e9l\u00e8bres   familles de la Cosa Nostra et de la Camora. Cette affirmation n&rsquo;est pas qu&rsquo;une   simple vue de l&rsquo;esprit. Comme toute organisation mafieuse, le clan ben   ali-trabelsi contr\u00f4le les march\u00e9s et les activit\u00e9s o\u00f9 l&rsquo;argent est abondant,   circule en num\u00e9raire (argent liquide) et est facile \u00e0 dissimuler au fisc.   Comme toute organisation mafieuse, elle a r\u00e9ussi \u00e0 instiller la peur au sein   de toute une population qui en a ras-le-bol, mais n&rsquo;ose pas l&rsquo;exprimer   publiquement de crainte de se faire tuer. C&rsquo;est le r\u00e8gne de l&rsquo;omerta impos\u00e9 \u00e0   10 millions d&rsquo;individus. Les hommes politiques se r\u00e9clamant de l&rsquo;opposition en   sont la parfaite illustration. Eux ne craignent pas de se faire buter, ce   n&rsquo;est plus de saison. Mais de les d\u00e9truire professionnellement, socialement,   et psychologiquement, Ils ne sont pas \u00e0 l&rsquo;abri des repr\u00e9sailles du genre pour   ne citer que les plus r\u00e9cents\u00a0:<\/span><\/p>\n<p align=\"justify\" dir=\"ltr\"> <span lang=\"FR\">&#8211;\u00a0\u00a0\u00a0\u00a0\u00a0\u00a0\u00a0\u00a0 3 ans et demi de bagne pour Me   Abbou\u00a0;<\/span><\/p>\n<p align=\"justify\" dir=\"ltr\"> <span lang=\"FR\">&#8211;\u00a0\u00a0\u00a0\u00a0\u00a0\u00a0\u00a0\u00a0 vol de voiture de Mme Neila   Cherchour Hachicha\u00a0;<\/span><\/p>\n<p align=\"justify\" dir=\"ltr\"> <span lang=\"FR\">&#8211;\u00a0\u00a0\u00a0\u00a0\u00a0\u00a0\u00a0\u00a0 chantage par montage et   truquage des films et photos pornographiques \u00e0 l\u2019encontre de Me Jallali et de   la fille de Mme NCH\u00a0;<\/span><\/p>\n<p align=\"justify\" dir=\"ltr\"> <span lang=\"FR\">&#8211;\u00a0\u00a0\u00a0\u00a0\u00a0\u00a0\u00a0\u00a0 photos en caricature de Me   Echebbi\u00a0;<\/span><\/p>\n<p align=\"justify\" dir=\"ltr\"> <span lang=\"FR\">&#8211;\u00a0\u00a0\u00a0\u00a0\u00a0\u00a0\u00a0\u00a0 campagnes de presse   diffamatoires et d\u2019appels publics au lynchage des opposants \u00ab\u00a0tra\u00eetres \u00e0 la   Tunisie\u00a0\u00bb\u00a0;<\/span><\/p>\n<p align=\"justify\" dir=\"ltr\"> <span lang=\"FR\">&#8211;\u00a0\u00a0\u00a0\u00a0\u00a0\u00a0\u00a0\u00a0 Last but non least\u00a0; le   cambriolage de la voiture de Me A. Ayadi en plein jour et devant les passants   et surtout devant le Palais de la justice. \u00a0<\/span><\/p>\n<p align=\"justify\" dir=\"ltr\">\u00a0<\/p>\n<p align=\"justify\" dir=\"ltr\"> <span lang=\"FR\">On m&rsquo;objectera qu&rsquo;il n&rsquo;est pas s\u00e9rieux de   comparer un chef de l&rsquo;Etat \u00e0 un parrain sicilien, dont la discr\u00e9tion est la   r\u00e8gle, m\u00eame s&rsquo;il lui arrive de recourir quelques fois \u00e0 des m\u00e9thodes brutales   pour imposer sa loi. Malheureusement si. Le pr\u00e9sident ben ali est un v\u00e9ritable   parrain qui distribue des pr\u00e9bendes et veille scrupuleusement sur les siens.   L&rsquo;argent de la corruption g\u00e9n\u00e9r\u00e9 par l&rsquo;exploitation des ressources naturelles   du pays (p\u00e9trole, bois, diamants, etc.) joue, pour lui et sa famille, le m\u00eame   r\u00f4le d\u00e9terminant dans la constitution primitive du capital que celui, pour les   mafieux, du trafic de la drogue, de la contrebande des cigarettes, des paris   clandestins et autres activit\u00e9s illicites. L&rsquo;une des raisons de son retour   sanglant au pouvoir ne sont pas \u00e0 chercher ailleurs. <\/span><\/p>\n<p align=\"justify\" dir=\"ltr\">\u00a0<\/p>\n<p align=\"justify\" dir=\"ltr\"> <span lang=\"FR\">Le clan ben ali-trabelsi a beaucoup   appris de la mafia. Ils sont modernes. Ils investissent en masse dans la   t\u00e9l\u00e9phonie mobile, l&rsquo;h\u00f4tellerie haut de gamme, le transport, la banque,   l&rsquo;immobilier, la communication, le transport a\u00e9rien, les mat\u00e9riaux de   construction. Officiellement, le clan ben ali-trabesi n&rsquo;est propri\u00e9taire   d&rsquo;aucune entreprise. Mais ses descendants, ses proches parents, ses gendres,   ses fid\u00e8les serviteurs sont pr\u00e9sents partout, sans compter les hommes de   paille plus ou moins discrets, b\u00e9n\u00e9ficiaires quasi exclusifs des march\u00e9s   publics. <\/span><\/p>\n<p align=\"justify\" dir=\"ltr\">\u00a0<\/p>\n<p align=\"justify\" dir=\"ltr\"> <span lang=\"FR\">Seule diff\u00e9rence notable avec un chef de   famille de la Cosa Nostra oblig\u00e9 de travailler en toute discr\u00e9tion, le clan   ben ali-trabelsi n&rsquo;a rien \u00e0 craindre. L&rsquo;ordre c&rsquo;est lui. L&rsquo;arm\u00e9e, la police et   la justice sont \u00e0 sa disposition pour renforcer sa mise en coupe r\u00e9gl\u00e9e de   tout un pays. Le r\u00eave quoi. <\/span><\/p>\n<p align=\"justify\" dir=\"ltr\">\u00a0<\/p>\n<p align=\"justify\" dir=\"ltr\"> <span lang=\"FR\">En v\u00e9ritable capo di tutti capi, le chef   des chefs (mafieux), il nomme les adjoints que sont, dans l&rsquo;ordre, les   officiers g\u00e9n\u00e9raux et sup\u00e9rieurs, les ministres cobra, les ministres fid\u00e8les   serviteurs, les d\u00e9put\u00e9s l\u00e8che cul tels que les Mellouli . Il ne sait rien   refuser \u00e0 ces hommes d&rsquo;honneur charg\u00e9s de r\u00e9colter le produit du racket et qui   contribuent \u00e0 renforcer le pillage institutionnalis\u00e9 du pays. En \u00e9change, une   impunit\u00e9 totale leur est garantie pour services rendus. Les plus entreprenants   h\u00e9ritent de v\u00e9ritables fiefs et de rentes. En Tunisie, le gouvernement est une   fiction. Les ministres ne servent \u00e0 rien (\u00e0 part s&rsquo;enrichir personnellement,   ce qui n&rsquo;est d\u00e9j\u00e0 pas si mal). Ils sont tous doubl\u00e9s par un membre du clan qui   d\u00e9cide \u00e0 la place du ministre. Tout est g\u00e9r\u00e9 par le conseil familial.   Exactement comme chez les Carleonesi. <\/span><\/p>\n<p align=\"justify\" dir=\"ltr\">\u00a0<\/p>\n<p align=\"justify\" dir=\"ltr\"> <span lang=\"FR\">Crimes contre l&rsquo;humanit\u00e9, vols,   d\u00e9tournements de fonds publics, corruption, rackets, chantages, rien ne les   arr\u00eate, rien ne les fait peur. Dans un pays normal, quelques uns d&rsquo;entre eux   seraient d\u00e9j\u00e0 au trou. Mais pas en Tunisie o\u00f9 ce qui reste de l&rsquo;Etat se   confond avec les int\u00e9r\u00eats familiaux du dictateur corrompu. <\/span><\/p>\n<p align=\"justify\" dir=\"ltr\">\u00a0<\/p>\n<p align=\"justify\" dir=\"ltr\"> <span lang=\"FR\">Le pire pour ce pays, c&rsquo;est que si   l&rsquo;\u00e9viction de ben ali du pouvoir est un pr\u00e9alable \u00e0 tout espoir de changement,   son d\u00e9part ne r\u00e9glera pas du jour au lendemain tous les d\u00e9g\u00e2ts qu&rsquo;il aura   caus\u00e9s pendant son interminable r\u00e8gne. Le changement r\u00e9el exigera des efforts   constants pendant plusieurs ann\u00e9es pour remettre au travail une soci\u00e9t\u00e9   enti\u00e8rement gangren\u00e9e par la corruption. Je souhaite bien du plaisir aux   pr\u00e9tendants \u00e0 sa succession. <\/span><\/p>\n<p align=\"justify\" dir=\"ltr\">\u00a0<\/p>\n<p align=\"justify\" dir=\"ltr\"> <span lang=\"FR\">Mais en attendant, je propose ici aux   valeureux victimes du harc\u00e8lement et des actions insidieuses et l\u00e2ches   entreprise par Mohamed Ali Ganzoui\u00a0; quelques r\u00e8gles simples de conduite pour   \u00e9riger contre ces man\u0153uvres d\u00e9stabilisatrices une sorte de bouclier protecteur   (\u00ab Le chien aboie, la caravane passe. \u00bb), seul moyen efficace, \u00e0 mon humble   avis, pour survivre intact au c\u0153ur du harc\u00e8lement. Quelle plus grande victoire   que celle d\u2019arriver \u00e0 bloquer cette tentative de destruction jour apr\u00e8s jour   renouvel\u00e9e ?<\/span><\/p>\n<p align=\"justify\" dir=\"ltr\">\u00a0<\/p>\n<p align=\"justify\" dir=\"ltr\"> <span lang=\"FR\">Il s\u2019agit maintenant pour nos valeureux   victimes harcel\u00e9s, connus et anonymes, de trouver le moyen de retourner la   vapeur. De provoquer, par leur r\u00e9sistance \u00e0 toute tentative de   d\u00e9stabilisation, un d\u00e9r\u00e8glement de la machine r\u00e9pressive et harcelante.<\/span><\/p>\n<p align=\"justify\" dir=\"ltr\"> <span lang=\"FR\">En attendant deux voies de lutte   s\u2019ouvrent face \u00e0 ce fl\u00e9au :<\/span><\/p>\n<p align=\"justify\" dir=\"ltr\"> <span lang=\"FR\">&#8211; la multiplication des risques pour les   auteurs de harc\u00e8lement.<\/span><\/p>\n<p align=\"justify\" dir=\"ltr\"> <span lang=\"FR\">&#8211; la r\u00e9sistance in\u00e9branlable de la   personne harcel\u00e9e, risquant d\u2019amener le harceleur \u00e0 un constat d\u2019\u00e9chec qui le   force \u00e0 l\u2019abandon comme ce f\u00fbt le cas dans les ann\u00e9es 90 lorsque ce \u2026(le   d\u00e9nomm\u00e9 Mohamed Ali Ganzoui) \u00a0remplissait les m\u00eames fonctions et utilisait les   m\u00eames vicieuses m\u00e9thodes. <\/span><\/p>\n<p align=\"justify\" dir=\"ltr\"> <span lang=\"FR\">Ce sera dur, bien s\u00fbr, mais qu\u2019importe la   l\u00e2chet\u00e9 des uns et des autres quand on est dans son droit.<\/span><\/p>\n<p align=\"justify\" dir=\"ltr\">\u00a0<\/p>\n<p align=\"justify\" dir=\"ltr\"><b> <span lang=\"FR\">Tunis le 28 mars 2006 <\/span><\/b><\/p>\n<p align=\"justify\" dir=\"ltr\">\u00a0<\/p>\n<p align=\"justify\" dir=\"ltr\"><b> <span lang=\"FR\"><font>(Re\u00e7u de Tunis par   e-mail le 28 mars 2006)<\/font><\/span><\/b><\/p>\n<\/div>\n<div align=\"center\">\n<hr\/>\n<\/div>\n<div align=\"center\">  \u00a0<\/div>\n<div align=\"center\"> <font face=\"Arial\" size=\"2\"> <\/p>\n<h4 align=\"center\" dir=\"ltr\" style=\"color: blue;\"><span lang=\"FR\"> <font face=\"Arial\" size=\"2\">La Tunisie vue par le FMI <\/font> <\/span><\/h4>\n<h5 align=\"center\" dir=\"ltr\" style=\"color: blue;\"><span lang=\"FR\"> <\/p>\n<h2 style=\"color: red;\"><font face=\"Arial\" size=\"3\">Ce qui reste \u00e0 faire pour   accrocher le train de l&rsquo;OCDE<\/font><\/h2>\n<p><\/span><\/h5>\n<p align=\"justify\" dir=\"ltr\">\u00a0<\/p>\n<p align=\"justify\" dir=\"ltr\"> <span lang=\"FR\">Alors que la   Tunisie c\u00e9l\u00e8bre le cinquanti\u00e8me anniversaire de son accession \u00e0   l&rsquo;Ind\u00e9pendance, une mission du Fonds Mon\u00e9taire International, qui a s\u00e9journ\u00e9   fin d\u00e9cembre \u00e0 Tunis, livre son diagnostic sur l&rsquo;\u00e9conomie tunisienne. Et   formule des recommandations pour en acc\u00e9l\u00e9rer la croissance et permettre \u00e0   notre pays de \u00abrattraper le niveau \u00e9conomique des pays de la tranche de revenu   inf\u00e9rieur de l&rsquo;OCDE\u00bb.<\/span><\/p>\n<p align=\"justify\" dir=\"ltr\">\u00a0<\/p>\n<p align=\"justify\" dir=\"ltr\"> <span lang=\"FR\">Pour les experts   du Fonds Mon\u00e9taire International (FMI), le constat s&rsquo;impose : \u00abLa Tunisie a   r\u00e9alis\u00e9 d&rsquo;importants progr\u00e8s vers son objectif de rattraper le niveau   \u00e9conomique des pays de la tranche de revenu inf\u00e9rieure de l&rsquo;OCDE\u00bb. Les preuves   en sont, principalement, un revenu r\u00e9el par t\u00eate d&rsquo;habitant qui a augment\u00e9 \u00abde   presque 20% depuis 2000\u00bb, un taux de ch\u00f4mage qui \u00abcontinue de baisser, et des   \u00e9quilibres macro\u00e9conomiques qui \u00abrestent ma\u00eetris\u00e9s gr\u00e2ce \u00e0 la capacit\u00e9   d&rsquo;adaptation rapide des politiques budg\u00e9taire, mon\u00e9taire et de taux de change   aux diff\u00e9rentes conditions et chocs \u00e9conomiques\u00bb. Mais s&rsquo;il reconna\u00eet les   progr\u00e8s de la Tunisie, le FMI n&rsquo;en constate pas moins que \u00abtoutes les   conditions ne sont pas encore r\u00e9unies pour r\u00e9aliser cet objectif et les   politiques \u00e9conomiques font face \u00e0 de grands d\u00e9fis\u00bb.<\/span><\/p>\n<p align=\"justify\" dir=\"ltr\">\u00a0<\/p>\n<p align=\"justify\" dir=\"ltr\"> <span lang=\"FR\">Le probl\u00e8me est   donc aujourd&rsquo;hui pour la Tunisie que \u00ables bons r\u00e9sultats\u00bb de \u00abl&rsquo;ouverture   croissante de l&rsquo;\u00e9conomie et l&rsquo;orientation des politiques \u00e9conomiques vers le   march\u00e9 risquent d&rsquo;\u00eatre \u00e9rod\u00e9s sans la poursuite et l&rsquo;approfondissement des   r\u00e9formes\u00bb. <\/span><\/p>\n<p align=\"justify\" dir=\"ltr\">\u00a0<\/p>\n<p align=\"justify\" dir=\"ltr\"> <span lang=\"FR\">Incontournable,   \u00abcette acc\u00e9l\u00e9ration est n\u00e9cessaire pour achever l&rsquo;int\u00e9gration de la Tunisie   dans le march\u00e9 mondial\u00bb et relever les deux d\u00e9fis majeurs qui se posent \u00e0 elle   : un accroissement de la croissance \u00e9conomique et une baisse du taux de   ch\u00f4mage.<\/span><\/p>\n<p align=\"justify\" dir=\"ltr\">\u00a0<\/p>\n<p align=\"justify\" dir=\"ltr\"> <span lang=\"FR\">Le taux de   croissance \u00e9conomique annuelle doit \u00eatre \u00abd&rsquo;au moins 1-1,5 point de   pourcentage jusqu&rsquo;en 2010\u00bb. Car, \u00absans cette croissance additionnelle,   l&rsquo;objectif des autorit\u00e9s de combler le foss\u00e9 entre la Tunisie et les pays de   l&rsquo;OCDE en termes de revenu par t\u00eate d&rsquo;habitant\u00bb restera illusoire.<\/span><\/p>\n<p align=\"justify\" dir=\"ltr\">\u00a0<\/p>\n<p align=\"justify\" dir=\"ltr\"> <span lang=\"FR\">La r\u00e9duction du   ch\u00f4mage \u00abqui affecte de plus en plus les dipl\u00f4m\u00e9s\u00bb passe par une poursuite de   la transformation de l&rsquo;\u00e9conomie \u00abpar le d\u00e9veloppement des secteurs r\u00e9clamant   une main-d\u2019\u0153uvre qualifi\u00e9e pour r\u00e9pondre \u00e0 une demande d&#8217;emplois croissante   des dipl\u00f4m\u00e9s\u00bb. L&rsquo;int\u00e9gration de ces dipl\u00f4m\u00e9s \u00abentra\u00eenera une hausse de la   productivit\u00e9, qui constitue le vrai moteur d&rsquo;une croissance \u00e9conomique   durable\u00bb.<\/span><\/p>\n<p align=\"justify\" dir=\"ltr\">\u00a0<\/p>\n<p align=\"justify\" dir=\"ltr\"> <span lang=\"FR\">Pour relever ces   d\u00e9fis, le FMI recommande d&rsquo;acc\u00e9l\u00e9rer les r\u00e9formes dans quatre domaines : le   climat des affaires, le secteur bancaire et financier, les politiques   macro\u00e9conomiques et le march\u00e9 du travail.<\/span><\/p>\n<p align=\"justify\" dir=\"ltr\">\u00a0<\/p>\n<p align=\"justify\" dir=\"ltr\"> <span lang=\"FR\">En partant du   principe qu&rsquo;\u00abun secteur priv\u00e9 plus dynamique est primordial pour placer la   Tunisie sur un palier de croissance plus \u00e9lev\u00e9e dans un environnement   international de plus en plus comp\u00e9titif\u00bb, et que \u00abl&rsquo;am\u00e9lioration du climat   des affaires est une composante cruciale pour augmenter le niveau et la   qualit\u00e9 des investissements priv\u00e9s\u00bb, le rapport du FMI recommande en   particulier de supprimer \u00abcertaines r\u00e9glementations fiscales\u00bb, \u00ab\u00a0telles que les   retenues \u00e0 la source\u00bb et, d&rsquo;une fa\u00e7on g\u00e9n\u00e9rale, de \u00absimplifier davantage les   proc\u00e9dures administratives\u00bb.<\/span><\/p>\n<p align=\"justify\" dir=\"ltr\">\u00a0<\/p>\n<p align=\"justify\" dir=\"ltr\"> <span lang=\"FR\">Concernant le   secteur bancaire et financier, le FMI montre du doigt \u00able niveau des cr\u00e9ances   douteuses qui alourdissent le co\u00fbt du cr\u00e9dit et freinent la croissance et   l&rsquo;investissement\u00bb, et \u00abralentissent aussi l&rsquo;\u00e9volution vers la convertibilit\u00e9   totale du dinar et la dynamisation de la politique mon\u00e9taire\u00bb.<\/span><\/p>\n<p align=\"justify\" dir=\"ltr\">\u00a0<\/p>\n<p align=\"justify\" dir=\"ltr\"> <span lang=\"FR\"><font size=\"2\">Tout en r\u00e9affirmant son soutien \u00e0 \u00abla strat\u00e9gie   du gouvernement pour am\u00e9liorer la qualit\u00e9 du portefeuille des banques, ax\u00e9e   sur un renforcement de la culture de cr\u00e9dit, une bonne gouvernance, et une   am\u00e9lioration du cadre l\u00e9gislatif et judiciaire pour le recouvrement des   cr\u00e9ances\u00bb, la mission du FMI constate que \u00abl&rsquo;approche graduelle poursuivie   jusqu&rsquo;\u00e0 pr\u00e9sent s&rsquo;est traduite par une am\u00e9lioration limit\u00e9e des indicateurs   prudentiels du secteur bancaire\u00bb, et affirme \u00abqu&rsquo;il serait opportun d&rsquo;adopter   une approche plus vigoureuse afin de r\u00e9soudre le probl\u00e8me des pr\u00eats   improductifs, qui non seulement alourdissent le co\u00fbt du cr\u00e9dit, mais   constituent aussi une source de vuln\u00e9rabilit\u00e9 importante pour l&rsquo;\u00e9conomie   tunisienne\u00bb.<\/font><\/span><\/p>\n<p align=\"justify\" dir=\"ltr\">\u00a0<\/p>\n<p align=\"justify\" dir=\"ltr\"> <span lang=\"FR\">A propos de la   consolidation des politiques macro\u00e9conomiques \u00abn\u00e9cessaires \u00e0 l&rsquo;avancement de   la strat\u00e9gie des autorit\u00e9s de lib\u00e9raliser graduellement le compte capital de   la balance des paiements\u00bb, le FMI r\u00e9it\u00e8re le fait que cela permettra \u00abentre   autres d&rsquo;exploiter davantage l&rsquo;\u00e9pargne ext\u00e9rieure pour financer un niveau plus   \u00e9lev\u00e9 d&rsquo;investissement tout en ma\u00eetrisant les \u00e9quilibres macro\u00e9conomiques\u00bb.<\/span><\/p>\n<p align=\"justify\" dir=\"ltr\">\u00a0<\/p>\n<p align=\"justify\" dir=\"ltr\"> <span lang=\"FR\">Concernant le   march\u00e9 du travail, la mission du FMI \u00abse f\u00e9licite des politiques actives des   autorit\u00e9s ayant pour objectif de rapprocher les offres aux demandes d&#8217;emplois   et les r\u00e9formes visant \u00e0 accro\u00eetre la flexibilit\u00e9 du march\u00e9 du travail au   niveau du recrutement (travail int\u00e9rimaire)\u00bb. Elle estime, cependant, qu&rsquo;\u00abune   telle flexibilit\u00e9 sans l&rsquo;assouplissement des r\u00e9glementations et proc\u00e9dures   complexes au niveau des licenciements pourrait aller \u00e0 l&rsquo;encontre de la   cr\u00e9ation d&#8217;emplois permanents\u00bb. <\/span><\/p>\n<p align=\"justify\" dir=\"ltr\">\u00a0<\/p>\n<p align=\"justify\" dir=\"ltr\"> <span lang=\"FR\">Convaincu qu&rsquo;elle   est n\u00e9cessaire \u00abpour permettre l&rsquo;absorption d&rsquo;une offre croissante de travail   qualifi\u00e9\u00bb et important \u00abpour cr\u00e9er un climat favorable \u00e0 l&rsquo;am\u00e9lioration de la   productivit\u00e9\u00bb, le FMI encourage donc les autorit\u00e9s \u00ab\u00e0 continuer \u00e0 accro\u00eetre la   flexibilit\u00e9 du march\u00e9 du travail afin d&rsquo;augmenter le taux de croissance\u00bb.  <\/span><\/p>\n<p align=\"justify\" dir=\"ltr\">\u00a0<\/p>\n<p align=\"justify\" dir=\"ltr\"><b> <span lang=\"FR-CH\">  (Source: <a href=\"http:\/\/www.webmanagercenter.com\/\" target=\"_blank\" rel=\"noopener\"> <span>www.<\/span><span lang=\"FR\">webmanagercenter.com<\/span><\/a><\/span><span lang=\"FR\">   , le 27\/03\/2006 \u00e0 04h58) <\/span><\/b><\/p>\n<p align=\"justify\" dir=\"ltr\"><b> <span lang=\"EN-US\">  URL:  <a href=\"http:\/\/www.webmanagercenter.com\/management\/article.php?id=3009\" target=\"_blank\" rel=\"noopener\"> <font>  http:\/\/www.webmanagercenter.com\/management\/article.php?id=3009<\/font><\/a><\/span><\/b><\/p>\n<div dir=\"ltr\">    \u00a0<\/div>\n<p> <\/font><\/div>\n<div align=\"center\">\n<hr\/>\n<\/div>\n<div align=\"center\"> <font face=\"Arial\" size=\"2\"> <\/p>\n<h4 align=\"center\" dir=\"ltr\" style=\"color: blue;\"><span lang=\"FR-CH\"> <font face=\"Arial\" size=\"2\">Tunisie: Tintin au pays de   Tartuffe <\/font><\/span><\/h4>\n<h5 align=\"center\" dir=\"ltr\" style=\"color: blue;\"><span lang=\"FR-CH\"> <\/p>\n<h2 style=\"color: red;\"><font face=\"Arial\" size=\"3\">Comment le foulard devient   l&rsquo;instrument d&rsquo;une propagande nationaliste<\/font><\/h2>\n<p><\/span><\/h5>\n<p align=\"justify\" dir=\"ltr\"><b> <span lang=\"FR-CH\">  Nabila E.<\/span><\/b><\/p>\n<p align=\"justify\" dir=\"ltr\">\u00a0<\/p>\n<p align=\"justify\" dir=\"ltr\"> <span lang=\"FR-CH\"><em>A l&rsquo;\u0153il de l&rsquo;observateur averti, il n&rsquo;aura pas \u00e9chapp\u00e9   qu&rsquo;en Tunisie depuis quelques ann\u00e9es souffle le vent d&rsquo;une libert\u00e9 religieuse   recouvr\u00e9e. Alors que Hijab et Jellabas prolif\u00e8rent dans les rues, on constate   un net regain d&rsquo;int\u00e9r\u00eat des Tunisiens pour l&rsquo;islam qui se pratique d\u00e9sormais   ouvertement dans les foyers. Mais au-del\u00e0 des apparences se cache la main   invisible de la r\u00e9pression l\u00e9gitim\u00e9e par une propagande aux relents   nationalistes. <\/em><\/span><\/p>\n<p align=\"justify\" dir=\"ltr\">\u00a0<\/p>\n<p align=\"justify\" dir=\"ltr\"><b> <span lang=\"FR-CH\">Un   voile \u00ab non conforme \u00bb \u00e0 la tradition. Oui, mais quelle tradition ?<\/span><\/b><\/p>\n<p align=\"justify\" dir=\"ltr\">\u00a0<\/p>\n<p align=\"justify\" dir=\"ltr\"> <span lang=\"FR-CH\">Il est devenu   courant de nos jours de voir les Tunisiennes arborer le hijab, nou\u00e9 \u00e0 la fa\u00e7on   de leurs coreligionnaires du monde entier, du Maroc \u00e0 l&rsquo;Indon\u00e9sie, de la Su\u00e8de   aux Comores. Ce qui pourrait de prime abord passer pour un retour \u00e0 la   pratique islamique ou l&rsquo;assouplissement du joug dictatorial, tourne en Tunisie   au cr\u00eapage de chiffon. Alors qu&rsquo;il y a quelques ann\u00e9es il f\u00fbt bien rare de   croiser une femme \u00e0 la t\u00eate recouverte, voil\u00e0 que le pays entier d\u00e9couvre   qu&rsquo;il a toujours exist\u00e9 une tradition de port du foulard. Un foulard, oui. Un   Hijab, non. <\/span><\/p>\n<p align=\"justify\" dir=\"ltr\">\u00a0<\/p>\n<p align=\"justify\" dir=\"ltr\"> <span lang=\"FR-CH\">L\u00e0 o\u00f9 certains   expliquent l&rsquo;engouement actuel par l&rsquo;influence des cha\u00eenes satellitaires sur   le comportement religieux des Tunisiens, le Ministre des Affaires religieuses,   dans une interview accord\u00e9e au magazine local R\u00e9alit\u00e9s, parle lui d&rsquo;une   non-conformit\u00e9 du voile dit islamique avec les traditions tunisiennes. Il   existerait en effet un \u00ab foulard tunisien \u00bb, qui lui, nou\u00e9 fa\u00e7on \u00ab r\u00e9fugi\u00e9e   bosniaque \u00bb, ferait enti\u00e8rement partie du tourath, corpus des coutumes et   traditions ch\u00e8res \u00e0 la nation tunisienne. <\/span><\/p>\n<p align=\"justify\" dir=\"ltr\">\u00a0<\/p>\n<p align=\"justify\" dir=\"ltr\"> <span lang=\"FR-CH\">La presse s&rsquo;en   donne \u00e0 c\u0153ur joie pour relayer \u00e0 grands renforts d&rsquo;arguments coraniques la   pr\u00e9tendue atteinte port\u00e9e par le traditionnel Hijab \u00e0 la coh\u00e9sion de la nation   tunisienne. Ainsi, les porteuses de Hijab se voient \u00e9rig\u00e9es en fossoyeuses de   la tunisanit\u00e9. Etre tunisienne ou musulmane, dans ce pays musulman, il faut   choisir ! <\/span><\/p>\n<p align=\"justify\" dir=\"ltr\">\u00a0<\/p>\n<p align=\"justify\" dir=\"ltr\"><b> <span lang=\"FR-CH\">  Sous le voile de la libert\u00e9, la r\u00e9pression<\/span><\/b><\/p>\n<p align=\"justify\" dir=\"ltr\">\u00a0<\/p>\n<p align=\"justify\" dir=\"ltr\"> <span lang=\"FR-CH\">Malgr\u00e9 cette   propagande, force est de constater que la libert\u00e9 religieuse a nettement   progress\u00e9 en Tunisie. Le pouvoir en place, craignant sans doute une   reconstitution des cercles pros\u00e9lytes militants mus par les rebondissements de   l&rsquo;actualit\u00e9 internationale, a pris acte de la ferveur de ses sujets et choisit   de desserrer l&rsquo;\u00e9tau. Alors que le foulard \u00e9tait interdit dans presque tous les   secteurs professionnels, voici qu&rsquo;il est d\u00e9sormais possible de travailler,   hormis dans l&rsquo;administration, avec son Hijab. Travailler, mais pas \u00e9tudier.   Car si la pression semble \u00eatre moins forte, les lyc\u00e9ennes et \u00e9tudiantes   subissent encore les foudres de la r\u00e9pression. Menaces, exclusions, brimades   et surtout refus de pr\u00e9sentation \u00e0 l&rsquo;examen, la libert\u00e9 n&rsquo;est pas encore   acquise. Et tout reste, mine de rien, sous contr\u00f4le. <\/span><\/p>\n<p align=\"justify\" dir=\"ltr\">\u00a0<\/p>\n<p align=\"justify\" dir=\"ltr\"> <span lang=\"FR-CH\">Hypocrisie   officielle, alors que courre la rumeur que la fille du Pr\u00e9sident se pavanerait   la t\u00eate recouverte du f\u00e2cheux foulard de la discorde nationale. Alors accalmie   bienveillante avant la temp\u00eate r\u00e9pressive ou grand pas en avant vers une   libert\u00e9 religieuse pleine et enti\u00e8re ? Les ann\u00e9es \u00e0 venir nous diront qui de   Tartuffe ou de l&rsquo;Islam a vaincu. <\/span><\/p>\n<p align=\"justify\" dir=\"ltr\">\u00a0<\/p>\n<p align=\"justify\" dir=\"ltr\"><b> <span lang=\"FR-CH\">  (Source\u00a0: Point de vue publie sur le site Saphirnews (France), le 15 mars   2006)<\/span><\/b><\/p>\n<p align=\"justify\" dir=\"ltr\"><b> <span lang=\"EN-US\">  URL\u00a0:<\/span><span lang=\"EN-US\"> <\/span><\/b><\/p>\n<p align=\"justify\" dir=\"ltr\"><b> <span lang=\"EN-US\"> <a href=\"http:\/\/www.saphirnews.com\/Tintin-au-pays-de-Tartuffe-ou-comment,-en-Tunisie,-le-foulard-devient-l-instrument-d-une-propagande-nationaliste-laique_a2475.html?id_rubrique=35468\" target=\"_blank\" rel=\"noopener\"> <font>  http:\/\/www.saphirnews.com\/Tintin-au-pays-de-Tartuffe-ou-comment,-en-Tunisie,-le-foulard-devient-l-instrument-d-une-propagande-nationaliste-laique_a2475.html?id_rubrique=35468<\/font><\/a><\/span><\/b><\/p>\n<p><\/font><\/div>\n<div align=\"center\">  \u00a0<\/div>\n<div align=\"center\">\n<hr\/>\n<\/div>\n<div align=\"center\">  \u00a0<\/div>\n<div align=\"center\"> <font face=\"Arial\" size=\"2\"> <\/p>\n<h5 align=\"center\" dir=\"ltr\" style=\"color: blue;\"><span lang=\"FR-CH\"> <\/p>\n<h2 style=\"color: red;\"><font face=\"Arial\" size=\"3\">L\u2019Immeuble Yacoubian, livre ouvert<\/font><\/h2>\n<p><\/span><\/h5>\n<p align=\"center\" dir=\"ltr\"><b> <span lang=\"FR-CH\">  Roman culte. Alaa El Aswany signe un brillant manuel pour d\u00e9chiffrer l\u2019\u00c9gypte   contemporaine.<\/span><\/b><\/p>\n<p align=\"justify\" dir=\"ltr\">\u00a0<\/p>\n<p align=\"justify\" dir=\"ltr\"><b> <span lang=\"EN-US\">  Ta\u00efeb Moalla<\/span><\/b><\/p>\n<p align=\"justify\" dir=\"ltr\">\u00a0<\/p>\n<p align=\"justify\" dir=\"ltr\"> <span lang=\"FR-CH\">Sans jamais   tomber dans la caricature, Alaa El Aswany d\u00e9peint le Caire \u00e0 travers des   personnages typiques. On y rencontre l\u2019aristocrate d\u00e9chu, l\u2019affairiste   hypocrite, le brillant \u00e9tudiant pouss\u00e9 vers l\u2019extr\u00e9misme religieux, la belle   oblig\u00e9e de vendre son corps pour survivre et l\u2019homosexuel que la soci\u00e9t\u00e9   rejette. Naguib Mahfouz, l\u2019auteur \u00e9gyptien qui a remport\u00e9 le prix Nobel de   litt\u00e9rature en 1988, a trouv\u00e9 un digne successeur.<\/span><\/p>\n<p align=\"justify\" dir=\"ltr\">\u00a0<\/p>\n<p align=\"justify\" dir=\"ltr\"> <span lang=\"FR-CH\">Dans un monde   arabe o\u00f9 les lecteurs se font de plus en plus rares, le roman a pulv\u00e9ris\u00e9 tous   les records avec 100000 exemplaires vendus. Un film a \u00e9t\u00e9 inspir\u00e9 par   l\u2019ouvrage. Mettant en sc\u00e8ne une pl\u00e9thore de vedettes locales, il a \u00e9t\u00e9 projet\u00e9   \u00e0 Berlin en f\u00e9vrier dernier. Sauf avis contraire de l\u2019organisme officiel   charg\u00e9 de la censure (!), il devrait prendre l\u2019affiche cet \u00e9t\u00e9 en \u00c9gypte.<\/span><\/p>\n<p align=\"justify\" dir=\"ltr\">\u00a0<\/p>\n<p align=\"justify\" dir=\"ltr\"> <span lang=\"FR-CH\">Si cette \u0153uvre   cin\u00e9matographique risque le b\u00e2illonnement, c\u2019est qu\u2019elle raconte sans   concession les travers de la soci\u00e9t\u00e9 \u00e9gyptienne. Qu\u2019ils soient jeunes ou   vieux, riches ou pauvres, les personnages vivent tous dans un climat politique   et social oppresseur. L\u2019\u0153il du \u00ab grand homme \u00bb (une all\u00e9gorie qui vise   vraisemblablement le pr\u00e9sident Moubarak) veille sur tous ses sujets et   r\u00e9glemente les moindres d\u00e9tails de leur vie.<\/span><\/p>\n<p align=\"justify\" dir=\"ltr\">\u00a0<\/p>\n<p align=\"justify\" dir=\"ltr\"> <span lang=\"FR-CH\">Un des passages   les plus poignants du roman met en sc\u00e8ne la jeune et jolie Boussa\u00efna que la   pauvret\u00e9 oblige \u00e0 c\u00e9der face aux avances de vieux libidineux. Par son   t\u00e9moignage, elle d\u00e9crit le malaise d\u2019une g\u00e9n\u00e9ration d\u2019\u00c9gyptiens. \u00ab Ce pays   n\u2019est pas notre pays (\u2026) C\u2019est le pays de ceux qui ont de l\u2019argent \u00bb,   crie-t-elle au d\u00e9tour d\u2019une conversation avec son amoureux. Son fianc\u00e9   s\u2019appelle Taha. Leur \u00e9chec social et amoureux jette ce dernier dans les bras   de l\u2019islamisme radical.<\/span><\/p>\n<p align=\"justify\" dir=\"ltr\">\u00a0<\/p>\n<p align=\"justify\" dir=\"ltr\"> <span lang=\"FR-CH\">La manipulation   de la religion par le pouvoir \u00e9tatique est un autre sujet sur lequel le   romancier s\u2019arr\u00eate. \u00c0 travers le personnage de l\u2019antih\u00e9ros Azzam, c\u2019est le   syst\u00e8me politique \u00e9gyptien qui est soigneusement diss\u00e9qu\u00e9. La plupart des   h\u00e9ros de Alaa El Aswany &#8211; un dentiste devenu \u00e9crivain &#8211; finissent mal. N\u2019y   voyez aucun signe de pessimisme. L\u2019auteur est tout simplement r\u00e9aliste. <\/span> <span lang=\"EN-US\">Terriblement   r\u00e9aliste\u2026<\/span><\/p>\n<p align=\"justify\" dir=\"ltr\">\u00a0<\/p>\n<h4 align=\"justify\" dir=\"ltr\" style=\"color: blue;\"> <font face=\"Arial\" size=\"2\"> <span lang=\"EN-US\">Alaa El Aswany, L\u2019Immeuble   Yacoubien, Ed. Actes Sud<\/span><\/font><\/h4>\n<p align=\"justify\" dir=\"ltr\">\u00a0<\/p>\n<p align=\"justify\" dir=\"ltr\"><b> <span lang=\"FR-CH\">  (Source\u00a0: La Libert\u00e9 (Suisse), 25 mars 2006, page 32)<\/span><\/b><\/p>\n<p><\/font><\/div>\n<hr\/>\n<p align=\"center\"><b><a href=\"https:\/\/tunisnews.net\/ar\/\"><span>Home<\/span><span lang=\"FR-CH\"> &#8211; Accueil <\/span><span>&#8211; <\/span><span dir=\"rtl\" lang=\"AR-SA\">\u0627\u0644\u0631\u0626\u064a\u0633\u064a\u0629<\/span><\/a><\/b><\/p>\n<p><\/body><\/body><\/html><\/p>","protected":false},"excerpt":{"rendered":"<p>Home &#8211; Accueil &#8211; \u0627\u0644\u0631\u0626\u064a\u0633\u064a\u0629 TUNISNEWS 6\u00a0\u00e8me\u00a0ann\u00e9e, N\u00b0\u00a02136 du 28.03.2006 \u00a0archives : www.tunisnews.net \u00a0FIDH : Tunisie : La d\u00e9fense des d\u00e9fenseurs des droits de l\u2019Homme plus que jamais n\u00e9cessaire \u00a0ACAT: Situation pr\u00e9occupante de Lotfi Amdouni &#8211; lettre au minist\u00e8re de l\u2019int\u00e9rieur \u00a0AFP: L&rsquo;un des complices dans l&rsquo;assassinat d&rsquo;un ministre belge arr\u00eat\u00e9 en Allemagne \u00a0AFP: Italie: [&hellip;]<\/p>\n","protected":false},"author":1,"featured_media":22040,"comment_status":"open","ping_status":"open","sticky":false,"template":"","format":"standard","meta":{"inline_featured_image":false,"site-sidebar-layout":"default","site-content-layout":"","ast-site-content-layout":"default","site-content-style":"default","site-sidebar-style":"default","ast-global-header-display":"","ast-banner-title-visibility":"","ast-main-header-display":"","ast-hfb-above-header-display":"","ast-hfb-below-header-display":"","ast-hfb-mobile-header-display":"","site-post-title":"","ast-breadcrumbs-content":"","ast-featured-img":"","footer-sml-layout":"","ast-disable-related-posts":"","theme-transparent-header-meta":"","adv-header-id-meta":"","stick-header-meta":"","header-above-stick-meta":"","header-main-stick-meta":"","header-below-stick-meta":"","astra-migrate-meta-layouts":"default","ast-page-background-enabled":"default","ast-page-background-meta":{"desktop":{"background-color":"","background-image":"","background-repeat":"repeat","background-position":"center center","background-size":"auto","background-attachment":"scroll","background-type":"","background-media":"","overlay-type":"","overlay-color":"","overlay-opacity":"","overlay-gradient":""},"tablet":{"background-color":"","background-image":"","background-repeat":"repeat","background-position":"center center","background-size":"auto","background-attachment":"scroll","background-type":"","background-media":"","overlay-type":"","overlay-color":"","overlay-opacity":"","overlay-gradient":""},"mobile":{"background-color":"","background-image":"","background-repeat":"repeat","background-position":"center center","background-size":"auto","background-attachment":"scroll","background-type":"","background-media":"","overlay-type":"","overlay-color":"","overlay-opacity":"","overlay-gradient":""}},"ast-content-background-meta":{"desktop":{"background-color":"var(--ast-global-color-5)","background-image":"","background-repeat":"repeat","background-position":"center center","background-size":"auto","background-attachment":"scroll","background-type":"","background-media":"","overlay-type":"","overlay-color":"","overlay-opacity":"","overlay-gradient":""},"tablet":{"background-color":"var(--ast-global-color-5)","background-image":"","background-repeat":"repeat","background-position":"center center","background-size":"auto","background-attachment":"scroll","background-type":"","background-media":"","overlay-type":"","overlay-color":"","overlay-opacity":"","overlay-gradient":""},"mobile":{"background-color":"var(--ast-global-color-5)","background-image":"","background-repeat":"repeat","background-position":"center center","background-size":"auto","background-attachment":"scroll","background-type":"","background-media":"","overlay-type":"","overlay-color":"","overlay-opacity":"","overlay-gradient":""}},"footnotes":""},"categories":[],"tags":[55,37,29],"class_list":["post-15656","post","type-post","status-publish","format-standard","has-post-thumbnail","hentry","tag-55","tag-37","tag-fr"],"_links":{"self":[{"href":"https:\/\/tunisnews.net\/ar\/wp-json\/wp\/v2\/posts\/15656","targetHints":{"allow":["GET"]}}],"collection":[{"href":"https:\/\/tunisnews.net\/ar\/wp-json\/wp\/v2\/posts"}],"about":[{"href":"https:\/\/tunisnews.net\/ar\/wp-json\/wp\/v2\/types\/post"}],"author":[{"embeddable":true,"href":"https:\/\/tunisnews.net\/ar\/wp-json\/wp\/v2\/users\/1"}],"replies":[{"embeddable":true,"href":"https:\/\/tunisnews.net\/ar\/wp-json\/wp\/v2\/comments?post=15656"}],"version-history":[{"count":0,"href":"https:\/\/tunisnews.net\/ar\/wp-json\/wp\/v2\/posts\/15656\/revisions"}],"wp:featuredmedia":[{"embeddable":true,"href":"https:\/\/tunisnews.net\/ar\/wp-json\/wp\/v2\/media\/22040"}],"wp:attachment":[{"href":"https:\/\/tunisnews.net\/ar\/wp-json\/wp\/v2\/media?parent=15656"}],"wp:term":[{"taxonomy":"category","embeddable":true,"href":"https:\/\/tunisnews.net\/ar\/wp-json\/wp\/v2\/categories?post=15656"},{"taxonomy":"post_tag","embeddable":true,"href":"https:\/\/tunisnews.net\/ar\/wp-json\/wp\/v2\/tags?post=15656"}],"curies":[{"name":"wp","href":"https:\/\/api.w.org\/{rel}","templated":true}]}}