{"id":15625,"date":"2010-06-03T00:00:00","date_gmt":"2010-06-03T00:00:00","guid":{"rendered":"https:\/\/tunisnews.net\/3-juin-2010\/"},"modified":"2010-06-03T00:00:00","modified_gmt":"2010-06-03T00:00:00","slug":"3-juin-2010","status":"publish","type":"post","link":"https:\/\/tunisnews.net\/ar\/3-juin-2010\/","title":{"rendered":"3 juin 2010"},"content":{"rendered":"<p><html><head><meta content=\"text\/html\" description=\"L'opposant tunisien M. Saafi Dbouba a entam\u00e9 \t\t\t\t\t\t\t\taujourd'hui sa huiti\u00e8me journ\u00e9e de gr\u00e8ve de la \t\t\t\t\t\t\t\tfaim illimit\u00e9e pour demander sa lib\u00e9ration \t\t\t\t\t\t\t\timm\u00e9diate du camp de d\u00e9tention de Kirklareli.\" http-equiv=\"Content-Type\"\/><\/head><body><body><\/p>\n<p align=\"center\" dir=\"rtl\"><font face=\"Arial\" size=\"2\"><b><a href=\"https:\/\/tunisnews.net\/ar\/\"><span>Home<\/span><span lang=\"FR-CH\"> &#8211; Accuei<\/span><\/a><span lang=\"FR-CH\">l<\/span><\/b><\/font><\/p>\n<div>\n<div onclick=\"return Control.invoke('ReadingPane', '_onBodyClick', event);\">\n<div>\n<div>\n<div onclick=\"return Control.invoke('ReadingPane', '_onBodyClick', event);\">\n<div><meta content=\"Microsoft SafeHTML\"\/><\/p>\n<style>.ExternalClass .ecxhmmessage P{padding:0px;}.ExternalClass body.ecxhmmessage{font-size:10pt;font-family:Verdana;}<\/style>\n<div><font face=\"Arial\" size=\"2\"><\/p>\n<div>\n<div align=\"center\" dir=\"ltr\"><font size=\"7\"><strong>TUNISNEWS <\/strong><\/font><\/div>\n<div align=\"center\" dir=\"ltr\">\n<div><strong><font>10\u00a0\u00e8me ann\u00e9e, <span lang=\"FR\">N\u00b0\u00a03663 du 03.06.2010<\/span><\/font><\/strong><\/div>\n<\/div>\n<div align=\"center\"><span><font><strong>\u00a0archives :<\/strong><\/font><a target=\"_blank\" rel=\"noopener\"><font><strong>www.tunisnews.net<\/strong><\/font><\/a><\/span><font><strong>\u00a0<\/strong><\/font><span lang=\"FR\"><strong><\/strong><font><span lang=\"FR-CH\"><\/span><\/font><\/span><\/div>\n<p><span><font><span lang=\"FR\"><\/p>\n<div><strong><font size=\"2\"><\/p>\n<hr\/>\n<p><\/font><\/strong><strong><\/p>\n<p><font>CCTE: L&rsquo;\u00e9tat de sant\u00e9 de M. Dbouba se d\u00e9grade <font>Yahyaoui Mokhtar: La Loi des Traitres<\/font>  Slim Bagga: Faut-il r\u00e9pondre aux m\u00e9prisables mercenaires et aux eunuques de Ben Ali? <font>El Watan: fermeture de l&rsquo;universite libre de tunis: l&rsquo;affaire s&rsquo;internationalise<\/font> FTCR: Non \u00e0 l\u2019impunit\u00e9 d\u2019Isra\u00ebl ! <font>AFP: Tunisie: les syndicats d\u00e9noncent Isra\u00ebl et Washington, saluent Ankara<\/font> AFP: Flottille pour Gaza: les USA vont enqu\u00eater sur la mort d&rsquo;un Am\u00e9ricain  <font>AFP: L&rsquo;UE suspend son aide au d\u00e9veloppement \u00e0 Madagascar  <\/font>AFP: Al-Qa\u00efda menace d&rsquo;enlever des princes saoudiens  <\/font><\/p>\n<p><font>AFP: France: le proc\u00e8s verbal de l&rsquo;automobiliste en niqab class\u00e9 sans suite<\/font><\/strong> <\/div>\n<p><\/span><\/font><\/span><\/div>\n<div>\n<hr\/>\n<\/div>\n<p><\/font><\/div>\n<div><font face=\"Arial\" size=\"2\"><\/p>\n<div align=\"center\"><font face=\"Arial\"><font size=\"2\"><strong><font>Collectif de la Communaut\u00e9 Tunisienne en Europe<\/font><\/strong> 1 rue Cassini \u2013 75014 Paris \u2013 T\u00e9l. : +33 1 43 29 68 98  <strong><\/p>\n<h2 style=\"color: red;\"><font size=\"3\">Communiqu\u00e9 de Presse: Urgent<\/font><\/h2>\n<p><\/strong> <strong>Nous informons les autorit\u00e9s turques que l&rsquo;\u00e9tat de sant\u00e9 de M. Dbouba se d\u00e9grade Nous demandons qu&rsquo;il soit soumis \u00e0 un examen m\u00e9dical<\/strong><\/font><\/font><\/div>\n<p><font size=\"2\"><\/p>\n<div align=\"justify\">\n<hr\/>\n<p> L&rsquo;opposant tunisien M. Saafi Dbouba a entam\u00e9 aujourd&rsquo;hui sa huiti\u00e8me journ\u00e9e de gr\u00e8ve de la faim illimit\u00e9e pour demander sa lib\u00e9ration imm\u00e9diate du camp de d\u00e9tention de Kirklareli. M. Dbouba est actuellement le plus ancien d\u00e9tenu de ce camp.  Il a fui la Tunisie en 1990 suite \u00e0 la r\u00e9pression anti-Nahda et il a pu finalement s&rsquo;installer en Turquie en 1996 o\u00f9 il a obtenu la protection de l&rsquo;UNHCR. Mais en juin 2007, il a \u00e9t\u00e9 arr\u00eat\u00e9 par les autorit\u00e9s turques qui l&rsquo;ont soup\u00e7onn\u00e9 de liens avec un mouvement terroriste, accusation qui a \u00e9t\u00e9 vite rejet\u00e9e par les tribunaux turques en janvier 2008, mais il a \u00e9t\u00e9 mis en d\u00e9tention en vue de son expulsion en Tunisie. Cette proc\u00e9dure a \u00e9t\u00e9 stopp\u00e9e par la Cour europ\u00e9enne.  M. Dbouba a entam\u00e9 \u00e0 plusieurs reprises des mouvements de gr\u00e8ve de la faim pour protester contre les conditions de sa d\u00e9tention et demander sa lib\u00e9ration. Affaibli par ces gr\u00e8ves de la faim r\u00e9p\u00e9t\u00e9es, M. Dbouba a besoin urgent de suivi m\u00e9dical. Nous renouvelons notre appel aux autorit\u00e9s turques pour que M. Dbouba soit lib\u00e9r\u00e9 conform\u00e9ment aux d\u00e9cisions de la Cour europ\u00e9enne. Nous appelons les associations humanitaires \u00e0 apporter leur soutien \u00e0 la demande de lib\u00e9ration de M. Dbouba.  Paris, le 3 Juin 2010  Le Pr\u00e9sident <font><strong>Dr. Mondher Sfar<\/strong><\/font><\/div>\n<div align=\"justify\"><strong><\/p>\n<hr\/>\n<p><\/strong><\/div>\n<div align=\"justify\">\n<div align=\"center\"><font face=\"Arial\" size=\"2\"><strong><\/p>\n<h2 style=\"color: red;\"><font size=\"3\">La Loi des Traitres<\/font><\/h2>\n<p> <\/strong><\/font><\/div>\n<div align=\"center\"><font face=\"Arial\" size=\"2\"><\/p>\n<hr\/>\n<p><\/font><\/div>\n<div align=\"justify\"> <font>D\u2019habitude, Quand le pouvoir ou ceux qui ne veulent plus le l\u00e2cher sont contest\u00e9s par quelques dissidents (le mot opposants \u00e9tant devenu d\u00e9suet), il leur pr\u00e9pare un proc\u00e8s. On proc\u00e8de par une campagne m\u00e9diatique pour d\u00e9noncer les traitres, alors qu\u2019ils sont d\u00e9j\u00e0 \u00e0 l\u2019arr\u00eat sous instruction, pass\u00e9s devant leurs juges, ils sont automatiquement reconnus coupables et condamn\u00e9s \u00e0 plusieurs ann\u00e9es de prison. Le dossier est clos, on n\u2019en parle plus et la paix revient dans nos cit\u00e9s. Notre vieux code p\u00e9nal, qui a servit la monarchie des Beys, la colonisation des fran\u00e7ais et les despotes de la r\u00e9publique. Il n\u2019a jamais faillit a sa mission dans ce genre d\u2019affaires. Nos juge, non plus, n\u2019ont jamais exprim\u00e9 la moindre r\u00e9ticence ou remord pour s\u2019acquitter de leur devoir quand ils sont appel\u00e9s \u00e0 renvoyer des traitres aux ge\u00f4les de la mort. C\u2019est la raison pour laquelle je me demande pourquoi notre gouvernement a jug\u00e9 n\u00e9cessaire de faire une nouvelle loi pour juger quelques \u00ab traitres \u00bb suppos\u00e9s faire obstruction \u00e0 l\u2019obtention de notre pays d\u2019un \u00ab statut avanc\u00e9 \u00bb dans ses rapports avec l\u2019union europ\u00e9enne. Au titre de \u00ab Attentats contre l\u2019ordre public \u00bb le chapitre relatif aux \u00abAttentats contre la s\u00e9curit\u00e9 ext\u00e9rieure de l\u2019Etat \u00bb dans notre code p\u00e9nal est \u00e9toff\u00e9 de quatre articles portant le num\u00e9ro 60 et autant pour l\u2019article 61 et il va falloir ajouter un cinqui\u00e8me de chacun. C\u2019est hallucinant combien les tunisiens peuvent constituer de menaces \u00e0 la s\u00e9curit\u00e9 ext\u00e9rieure de leur Etat. C\u2019est le terme \u00ab ext\u00e9rieure \u00bb que je trouve exag\u00e9r\u00e9 au point qu\u2019on peut dire que le tunisien est la premi\u00e8re menace \u00e0 la s\u00e9curit\u00e9 ext\u00e9rieure de son pays aux termes de la loi. Depuis plus de cinquante ans (c\u2019est-\u00e0-dire depuis l\u2019ind\u00e9pendance de la Tunisie), toute contestation du pouvoir, de ses choix, de sa politique ou se ses projets est consid\u00e9r\u00e9e comme un acte de trahison et ses auteurs sont jug\u00e9s en \u00ab traitres \u00bb et jet\u00e9s en prison. Cette r\u00e8gle bien assise \u00e0 \u00e9t\u00e9 consacr\u00e9e par l\u2019usage, la jurisprudence et ent\u00e9rin\u00e9e par les lois appliqu\u00e9s par nos tribunaux jusqu\u2019\u00e0 maintenant. Jamais les tunisiens n\u2019ont cri\u00e9 \u00e0 l\u2019injustice ni pris partie pour les \u00ab traitres \u00bb pour devenir traitres de leur cot\u00e9, passible de poursuites par leur gouvernement. Sacrifier p\u00e9riodiquement quelque \u00ab traitres \u00bb pour apaiser nos tyrans est un tribut auquel nous avons pris l\u2019habitude de consentir volontairement. C\u2019est m\u00eame plus, une culture qu\u2019on prend soins d\u2019inculquer \u00e0 nos enfants. Chaque matin avant de passer en classe ils font le chant \u00ab mort aux traitres en Tunisie \u2013 \u0644\u0627 \u0639\u0627\u0634 \u0641\u064a \u062a\u0648\u0646\u0633 \u0645\u0646 \u062e\u0627\u0646\u0647\u0627 \u00bbc\u2019est notre hymne national qui le dit. En fin, quel int\u00e9r\u00eat donc \u00e0 l\u00e9gif\u00e9rer? Un traitre dans notre situation tout le monde le reconnais. Il suffit de le demander au hasard au premier passant qu\u2019on a \u00e0 rencontrer. Si vous comparer les r\u00e9sultats vous ne devez pas \u00eatre surpris sur l\u2019unanimit\u00e9 des tunisiens sur les nomin\u00e9s. Cette \u00e8re de changement risque \u00e0 vouloir tout changer par l\u2019invention d\u2019une nouvelle cat\u00e9gorie de traitres \u00e0 l\u2019\u00e9conomie du pays d\u2019ouvrir la chasse aux traitres qui ont tout usurp\u00e9 et laisser des g\u00e9n\u00e9rations enti\u00e8res sans espoir ni lendemain.<\/font> <strong>Yahyaoui Mokhtar \u2013<\/strong><font>Tunis le samedi 29 mai 2010<\/font><\/div>\n<div align=\"justify\">\u00a0<\/div>\n<div align=\"justify\"><strong>(Source: \u00ab\u00a0Tunisia Watch\u00a0\u00bb le 29 mai 2010)<\/strong><\/div>\n<\/div>\n<p><\/font><\/font><\/div>\n<p><font face=\"Arial\" size=\"2\"><\/p>\n<div>\n<hr\/>\n<\/div>\n<div align=\"center\"><strong><\/p>\n<h2 style=\"color: red;\"><font size=\"3\">Faut-il r\u00e9pondre aux m\u00e9prisables mercenaires et aux eunuques de Ben Ali?<\/font><\/h2>\n<p><\/strong><\/div>\n<div align=\"center\">\n<hr\/>\n<\/div>\n<div align=\"justify\"><strong><font>Slim BAGGA<\/font><\/strong>  Si cela peut m&rsquo;offrir l&rsquo;occasion d&rsquo;\u00e9corcher en passant le commanditaire, pourquoi ne pas r\u00e9pondre, en fin de compte, \u00e0 ceux qui me demandent des explications sur ce qu&rsquo;ils appellent sans arrogance \u00ab\u00a0mon silence\u00a0\u00bb concernant l&rsquo;acte de piraterie isra\u00e9lien de ce lundi. Je ne suis ni une association, ni un parti politique, ni une Organisation de quelque nature qu&rsquo;elle soit pour m&rsquo;exprimer et pr\u00eacher dans le d\u00e9sert. Lorsque je dirigeais \u00ab\u00a0L&rsquo;Audace\u00a0\u00bb, et que mon journal devait prendre position sur des faits graves tels que l&rsquo;annulation par Ben Ali du Sommet arabe de Tunis au printemps 2004, pour plaire \u00e0 Israel, je n&rsquo;ai pas trop entendu ces eunuques \u00e9lever la voix pour condamner le premier alli\u00e9 d&rsquo;Isra\u00ebl, leur ma\u00eetre, seigneur, bienfaiteur et commanditaire Ben Ali. Non! C&rsquo;\u00e9tait alors motus et bouche cousue pendant que je publiais: \u00ab\u00a0Zine el Arab aou kalb el arab\u00a0\u00bb sur la Une&#8230;(Zine Ben Ali: Beaut\u00e9 arabe ou chien arabe?). Aujourd&rsquo;hui encore, quelle manifestation libre a-t-elle pu s&rsquo;organiser en Tunisie l\u00e0 o\u00f9 leur mentor est \u00e9lu \u00e0 90% et donc populaire? Quel drapeau isra\u00e9lien foul\u00e9 aux pieds comme dans d&rsquo;autres pays? Arr\u00eatez vos turpitudes et de tenter vainement de semer le doute et jeter le discr\u00e9dit. Les lecteurs qui me connaissent savent qu&rsquo;ils m&rsquo;attendent pour r\u00e9v\u00e9ler les frasques de la mafia, de dire ce qui ne se dit nulle part et non dans des prises de position qui d\u00e9coulent d&rsquo;elles-m\u00eames chez tous les Tunisiens, y compris ceux qui me harc\u00e8lent qui sont s\u00fbrement des collaborationnistes et non des pro-sionistes. Hormis Ben Ali et sa clique, bien s\u00fbr, dont le r\u00e9gime, le souffle, la respiration artificielle sont fournis par Isra\u00ebl. Voil\u00e0 qui importe le plus et non pas mon pr\u00e9tendu silence qui ne change rien au fait que ce qui arrive \u00e0 Gaza depuis des ann\u00e9es n&rsquo;a \u00e9t\u00e9 rendu possible que par la complicit\u00e9 des dirigeants arabes et des mercenaires de l&rsquo; int\u00e9rieur qui les soutiennent tels ce \u00ab\u00a0wided\u00a0\u00bb, ce \u00ab\u00a0militant associatif\u00a0\u00bb et bien d&rsquo;autres&#8230;telles ces 345 associations fant\u00f4ches signataires d&rsquo;une p\u00e9tition stupide, appelant \u00e0 juger l&rsquo;opposition pour \u00ab\u00a0ses relations avec l&rsquo;\u00e9tranger\u00a0\u00bb&#8230; Au fait, lorsque Le\u00efla Trabelsi se d\u00e9place \u00e0 Djerba pendant 48 heures, du 20 au 22 mai, accompagnant une quinzaine d&rsquo;\u00e9l\u00e8ves de \u00ab\u00a0son\u00a0\u00bb Ecole Internationale de Carthage, \u00e9cole qui n&rsquo;aurait jamais vu le jour sans la destruction du Lyc\u00e9e Louis Pasteur de Mohamed Bouebdelli, donc lorsque Zinochette fait un tel p\u00e8lerinage, que commence-t-elle par faire? Je vais vous le dire: visiter et faire visiter l&rsquo;Ecole juive d&rsquo;Essouani. Tr\u00e8s belle initiative. Pourtant, vu son pass\u00e9 et celui de son mari agonisant avec le Mossad, elle aurait \u00e9t\u00e9 plus inspir\u00e9e de prendre la t\u00eate d&rsquo;un convoi de nourritures et de m\u00e9dicaments \u00e0 bord d&rsquo;El Habib, avec son fils cach\u00e9 Imed Trabelsi. L\u00e0, \u00e7&rsquo;aurait \u00e9t\u00e9 une mission r\u00e9ussie.  Mais en attendant que votre Pharaone se d\u00e9cide \u00e0 accomplir un geste humanitaire et infl\u00e9chir Tsahal avec ses propres arguments f\u00e9minins, fermez-la!!!<\/div>\n<div>\n<hr\/>\n<\/div>\n<div align=\"center\">\n<h2 style=\"color: red;\"><font face=\"Arial\" size=\"3\"><strong>FERMETURE DE L&rsquo;UNIVERSITE LIBRE DE TUNIS: L&rsquo;AFFAIRE S&rsquo;INTERNATIONALISE<\/strong><\/font><\/h2>\n<\/div>\n<div align=\"center\">\n<hr\/>\n<p><span><\/span><\/div>\n<div align=\"left\">A la suite de la publication le 1 mars sur les colonnes du quotidien \u00ab\u00a0El Watan\u00a0\u00bb d&rsquo;Alger d&rsquo;une interview avec Mohamed Mohamed Bouebdelli, Fondateur de l&rsquo;Universit\u00e9 libre de Tunis, intitul\u00e9e: \u00ab\u00a0Toute protestation est s\u00e9v\u00e8rement r\u00e9prim\u00e9e\u00a0\u00bb, des lecteurs de toutes parts ont particip\u00e9 \u00e0 un d\u00e9bat ouvert sur les colonnes du journal. En voici une premi\u00e8re contribution:  Le 1er.03.2010 \u00e0 18h55  <strong>Plaidoyer pour l&rsquo;Universit\u00e9 libre de Tunis <\/strong> La chasse \u00e0 l\u2019intellectuel dans les pays de \u00ab\u00a0Iqrah\u00a0\u00bb a connu un d\u00e9veloppement inqui\u00e9tant durant ces derni\u00e8res d\u00e9cennie: La poursuite et l\u2019emprisonnement de ceux qui veulent lancer un challenge au pouvoir tels les journalistes, les \u00e9ducateurs, les d\u00e9fenseurs des droits de l\u2019homme, les syndicalistes, et les membres de la soci\u00e9t\u00e9 qui d\u00e9noncent le pouvoir personnel. Chaque fois que les citoyens pr\u00f4nent un syst\u00e8me politique bas\u00e9 sur la s\u00e9paration des pouvoirs avec un ex\u00e9cutif, un l\u00e9gislatif, et un judiciaire qui se compl\u00e8tent et qui se contrebalancent, les autorit\u00e9s r\u00e9agissent en utilisant des moyens muscl\u00e9s telles les brimades et les arrestations. Ces pratiques ont toujours s\u00e9vi dans la r\u00e9gion, mais ce qui est inqui\u00e9tant, c\u2019est qu\u2019elles se sont multipli\u00e9es depuis 1980, dues principalement au ras-le-bol g\u00e9n\u00e9ral ressenti par le peuple et exprim\u00e9 par les \u00e9lites. Le nombre grandissant d\u2019intellectuels de tous bords qui ont conjugu\u00e9 leurs efforts pour d\u00e9noncer les abus du pouvoir prenant ainsi le risque de devenir la cible des agents de la r\u00e9pression mis en place par le pouvoir, a aussi augment\u00e9. C\u2019est l\u00e0, la preuve que la r\u00e9pression n\u2019a pas pu aboutir. Aujourd\u2019hui, les langues doivent se d\u00e9lier pour dire haut et fort qu\u2019il est temps que le pouvoir compose avec les diff\u00e9rents acteurs sociaux car la cause est tr\u00e8s importante pour la confier au seul bon vouloir d\u2019un dictateur.  <strong>UN ETAT CONTROLE PAR UNE DYNASTIE<\/strong>  Les citoyens ont le droit et l\u2019obligation d\u2019organiser des sit-in et des manifestations pacifiques pour faire changer les choses. Cependant, pour qu\u2019il y ait des r\u00e9sultats positifs comme en Ukraine, en G\u00e9orgie, et en Pologne, il faut que ces actions soient bien coordonn\u00e9es afin de faire valoir les revendications.  M. Bouebdelli fait partie de cette \u00e9lite qui n\u2019arrive plus \u00e0 accepter l\u2019odeur naus\u00e9abonde d\u2019un \u00c9tat contr\u00f4l\u00e9 par une dynastie, nouvellement constitu\u00e9e et qui veut s\u2019\u00e9terniser comme le voisin d\u2019\u00e0 c\u00f4t\u00e9. M. Bouebdelli que j\u2019ai eu l\u2019occasion de rencontrer, c\u2019\u00e9tait une personnalit\u00e9, un homme int\u00e8gre qui adore former les jeunes, non seulement des Tunisiens, mais aussi des jeunes venus de tout le continent africain.  J\u2019ai visit\u00e9 l\u2019Universit\u00e9 libre lors de mon passage \u00e0 Tunis, il y a bient\u00f4t 5 ans. J\u2019ai tout de suite relev\u00e9 la diff\u00e9rence du style de management de l\u2019institution, gestion ax\u00e9e sur l\u2019efficacit\u00e9, la rigueur, et la libert\u00e9 d\u2019expression. Je n\u2019ai d\u00e9cel\u00e9 en lui ni volont\u00e9 de nuire, ni profit de d\u00e9nigrer qui que ce soit. J\u2019ai remarqu\u00e9 son intransigeance quant \u00e0 la qualit\u00e9 de la formation des \u00e9tudiants ; comme j\u2019ai aussi remarqu\u00e9 son aversion \u00e0 l\u2019incomp\u00e9tence. \u00c0 ce niveau-l\u00e0, il n\u2019avait aucune pr\u00e9disposition \u00e0 faire des concessions. Il est direct, affable, et g\u00e9n\u00e9reux. En un mot, une personne que tout le monde aimerait rencontrer un jour. Ce que le gouvernement tunisien ne peut pas comprendre, c\u2019est qu\u2019il ne s\u2019est pas seulement attaqu\u00e9 \u00e0 une personnalit\u00e9, il s\u2019est attaqu\u00e9 \u00e0 une institution. Et \u00ab\u00a0\u00c7a\u00a0\u00bb, c\u2019est impardonnable !  Tout d\u2019abord, il faut f\u00e9liciter M. Bouebdelli qui a pris un grand risque et a investi dans un secteur qui n\u2019est pas tellement r\u00e9mun\u00e9rateur. Il l\u2019a fait parce qu\u2019il adore son pays et croit au d\u00e9veloppement de la Tunisie. De ce fait, il inspire tous les Africains \u00e0 cr\u00e9er chez eux des universit\u00e9s authentiques pour former les \u00e9lites africaines et les garder dans le pays. En plus, l\u2019investissement dans le secteur de l\u2019Education priv\u00e9e en Tunisie \u00e9tait un exemple extraordinaire dans la mesure o\u00f9 il suscite une comp\u00e9tition, et donc contribue \u00e0 une bonne formation des \u00e9tudiants qui, contrairement aux contraintes du pouvoir, auront le choix d\u2019\u00e9tudier l\u00e0 o\u00f9 bon leur semble. De toutes les mani\u00e8res, le minist\u00e8re de l\u2019\u00e9ducation nationale ne peut pas, \u00e0 lui seul, servir toute la population et offrir un grand choix \u00e0 la population estudiantines. Quand est-ce que les gouvernants maghr\u00e9bins vont se r\u00e9veiller ? Quand est-ce qu\u2019ils vont reconnaitre la valeur de leurs \u00e9lites ? Quand est-ce qu\u2019ils vont r\u00e9aliser que ces \u00e9lites ont le droit et le devoir au m\u00eame titre que tout autre citoyen de veiller \u00e0 ce que les g\u00e9n\u00e9rations futures ne soient pas contamin\u00e9es par des pratiques qui empoisonnent la soci\u00e9t\u00e9 ?   <strong>LE TEMPS DE LA PEUR<\/strong>  En fait, ce qui se passe en Tunisie n\u2019est nullement un acte isol\u00e9. Il s\u2019inscrit dans une conjoncture qui favorise la mont\u00e9e des pouvoirs dociles pour mieux les manipuler au nom d\u2019un semblant de s\u00e9curit\u00e9 et de stabilit\u00e9. C\u2019est le temps de la peur, et le pouvoir a su exploiter cette conjoncture avec la complicit\u00e9 de quelques pays d\u00e9mocratiques. Mais cette logique qui consiste \u00e0 dire qu\u2019il serait pr\u00e9f\u00e9rable d\u2019avoir un r\u00e9gime stable bien que corrompu, qu\u2019un r\u00e9gime fondamentaliste, est suicidaire \u00e0 la longue car elle exclut le dialogue. N\u2019est-ce pas en \u00e9cartant du pouvoir le ph\u00e9nom\u00e8ne religieux qu\u2019on le renforce ? En brandissant la menace fondamentaliste, ces r\u00e9gimes continuent \u00e0 gagner du temps pour bien vider les caisses de l\u2019\u00c9tat. Je dis bien gagner du temps car il rel\u00e8ve de l\u2019impossible d\u2019offrir une stabilit\u00e9 durable sans \u00e9radication de la corruption et sans respect de la justice et de la dignit\u00e9 du citoyen. C\u2019est la libert\u00e9 d\u2019expression doubl\u00e9e d\u2019un dialogue ouvert, continu, ininterrompu, et franc qui constitue l\u2019\u00e9l\u00e9ment clef pour endiguer toute menace extr\u00e9miste venant de gauche comme de droite !  Dr. Belkacem Hacene Djaballah, Relations Internationales &#8211; USA \u00a0<\/div>\n<div align=\"justify\"><font face=\"Arial\" size=\"2\"><strong>(Source: \u00ab\u00a0El Watan\u00a0\u00bb (Quotidien &#8211; Algerie) Le 1er.03.2010 \u00e0 18h55)<\/strong><\/font><\/div>\n<p><strong><\/p>\n<div align=\"justify\">\n<hr\/>\n<\/div>\n<div align=\"center\"><span><\/p>\n<h2 style=\"color: red;\"><font size=\"3\"><strong>Non \u00e0 l\u2019impunit\u00e9 d\u2019Isra\u00ebl\u00a0!<\/strong><\/font><\/h2>\n<p><\/span><\/div>\n<div align=\"justify\">\n<hr\/>\n<\/div>\n<div>\n<p align=\"justify\"><span><font size=\"2\">La FTCR s\u2019incline devant la m\u00e9moire des victimes de l&rsquo;attaque meurtri\u00e8re isra\u00e9lienne contre la flottille de la libert\u00e9.<\/font><\/span><\/p>\n<p align=\"justify\"><span><font size=\"2\">L\u2019humanit\u00e9 conservera la m\u00e9moire de ces militants de la paix, venus du monde entier forcer le blocus du territoire palestinien, au p\u00e9ril de leur vie.<\/font><\/span><\/p>\n<p align=\"justify\"><span><font size=\"2\">Notre f\u00e9d\u00e9ration tient \u00e0 faire part de sa sympathie aux bless\u00e9s touch\u00e9s par cette agression odieuse.<\/font><\/span><\/p>\n<p align=\"justify\"><span><font size=\"2\">S\u2019il fallait une preuve suppl\u00e9mentaire du m\u00e9pris d\u2019Isra\u00ebl vis-\u00e0-vis de la communaut\u00e9 internationale, celle-ci vient d\u2019\u00eatre apport\u00e9e avec l\u2019attaque de l\u2019arm\u00e9e la plus puissante de la r\u00e9gion contre la flottille humanitaire.<\/font><\/span><\/p>\n<p align=\"justify\"><span><font size=\"2\">Il peut para\u00eetre \u00e0 premi\u00e8re vue superflu de rappeler la l\u00e9gitimit\u00e9 des droits du peuple palestinien, tant la r\u00e9ponse en droit international semble couler de soi. Mais en r\u00e9alit\u00e9, cette question se trouve hypoth\u00e9qu\u00e9e par des controverses id\u00e9ologiques r\u00e9v\u00e9latrices de la mani\u00e8re scandaleuse dont les questions de justice et d\u2019\u00e9galit\u00e9 sont trait\u00e9es : le double standard dans les droits reconnus aux uns et aux autres.<\/font><\/span><\/p>\n<p align=\"justify\"><span><font size=\"2\">Nos gouvernants refusent d\u2019appliquer \u00e0 l\u2019Etat d\u2019Isra\u00ebl les m\u00eames crit\u00e8res que ceux appliqu\u00e9s \u00e0 n\u2019importe quel autre Etat. Les conventions internationales restent lettre morte. Les innombrables textes vot\u00e9s par l\u2019Union europ\u00e9enne ne sont jamais suivis du moindre effet. <\/font><\/span><\/p>\n<p align=\"justify\"><span><font size=\"2\">Jamais Isra\u00ebl n\u2019a respect\u00e9 les engagements sign\u00e9s concernant les droits humains, y compris ceux sign\u00e9s avec l\u2019Europe. Pourtant avec l\u2019accord d\u2019association, l\u2019Union europ\u00e9enne d\u00e9tient un instrument efficace de pression. Mais elle ne l\u2019a jamais utilis\u00e9. Au contraire, elle a accord\u00e9 de nouveaux avantages et privil\u00e8ges \u00e0 Isra\u00ebl. Le \u00ab\u00a0rehaussement\u00a0\u00bb des relations intervenait au moment m\u00eame o\u00f9 L\u2019offensive isra\u00e9lienne \u00ab Plomb durci \u00bb (2008\/2009) avait fait plus de 1 400 victimes palestiniennes dont 313 enfants et des milliers de bless\u00e9s.<\/font><\/span><\/p>\n<p align=\"justify\"><span><font size=\"2\">S\u2019agissant d\u2019Isra\u00ebl, l\u2019Union europ\u00e9enne et les Etats-Unis tournent le dos aux valeurs qu\u2019ils proclament.<\/font><\/span><\/p>\n<p align=\"justify\"><span><font size=\"2\">Ainsi Netanyahou \u00e9tait invit\u00e9 \u00e0 Paris, quelques jours avant l\u2019attaque meurtri\u00e8re\u00a0 contre la flottille de la libert\u00e9 pour assister \u00e0 la c\u00e9r\u00e9monie officielle de l\u2019admission\u00a0 d\u2019Isra\u00ebl \u00e0 l\u2019OCDE. <\/font><\/span><\/p>\n<p align=\"justify\"><span><font size=\"2\">La longue liste des \u00a0crimes commis par Isra\u00ebl a d\u00e9j\u00e0 \u00e9t\u00e9 dress\u00e9e. Faut-il encore la rappeler\u00a0? <\/font><\/span><\/p>\n<p align=\"justify\"><span><font size=\"2\">Bombardements, \u00e9limination des dirigeants,<span>kidnapping,<\/span><span><\/span>ex\u00e9cutions extrajudiciaires, expropriation, destruction de l\u2019infrastructure, des b\u00e2timents publics, des \u00e9coles et h\u00f4pitaux, construction d\u2019un mur et de colonies, bouclage, humiliations, asphyxie \u00e9conomique et financi\u00e8re, d\u00e9tournement des taxes douani\u00e8res\u2026Autant de\u00a0 violations des droits en toute impunit\u00e9, auxquelles il faut ajouter la suspension de l\u2019aide internationale. <\/font><\/span><\/p>\n<p align=\"justify\"><span><font size=\"2\">L\u2019occupation isra\u00e9lienne qui perdure est l\u2019une des plus difficiles \u00e0 laquelle la communaut\u00e9 internationale ait eu \u00e0 r\u00e9pondre dans son histoire moderne. Outre l\u2019ampleur des pertes humaines et des d\u00e9g\u00e2ts mat\u00e9riels, cette occupation a \u00e9galement\u00a0 un impact terrible sur le reste du monde jusqu\u2019\u00e0 dans nos villes et nos quartiers. <\/font><\/span><\/p>\n<p align=\"justify\"><span><font size=\"2\">Pour les militantes et militants de la FTCR, la solidarit\u00e9 avec le peuple palestinien est un devoir civique et une exigence d\u00e9mocratique.<\/font><\/span><\/p>\n<p align=\"justify\"><span><font size=\"2\">Le blocus impos\u00e9 \u00e0 Gaza tue des Palestiniens chaque jour. <\/font><\/span><\/p>\n<p align=\"justify\"><span><font size=\"2\">Des sanctions contre Isra\u00ebl\u00a0!<\/font><\/span><\/p>\n<p align=\"justify\"><span><font size=\"2\">Vive la solidarit\u00e9 avec le peuple palestinien\u00a0!<\/font><\/span><\/p>\n<p align=\"justify\"><span><font size=\"2\">Paris, le 1er juin 2010<\/font><\/span><\/p>\n<p align=\"justify\"><span><font size=\"2\"><strong>Pour la FTCR,<font>Tarek BEN HIBA<\/font><\/strong><\/font><\/span><\/p>\n<p><strong><\/p>\n<hr\/>\n<p><\/strong><\/div>\n<div>\n<div align=\"center\">\n<h2 style=\"color: red;\"><font face=\"Arial\" size=\"3\"><strong>Tunisie: les syndicats d\u00e9noncent Isra\u00ebl et Washington, saluent Ankara<\/strong><\/font><\/h2>\n<\/div>\n<div align=\"center\">\n<hr\/>\n<\/div>\n<div><font face=\"Arial\" size=\"2\">AFP le: 03\/06\/2010 \u00e0 18:28:14 <\/font><\/div>\n<div><font face=\"Arial\" size=\"2\">TUNIS (AFP) &#8211; Des milliers de travailleurs ont manifest\u00e9 jeudi dans Tunis pour d\u00e9noncer Isra\u00ebl et les Etats-Unis, et saluer la Turquie, apr\u00e8s le raid isra\u00e9lien contre la \u00ab\u00a0Flottille de la libert\u00e9\u00a0\u00bb, un convoi naval destin\u00e9 \u00e0 briser le blocus de Gaza.  A l&rsquo;appel de l&rsquo;Union g\u00e9n\u00e9rale tunisienne du travail (UGTT, centrale unique) quelque 5.000 personnes, selon les organisateurs, ont d\u00e9fil\u00e9 sur 1,5 km du boulevard Mohamed V, sous contr\u00f4le de la police.   \u00ab\u00a0Les travailleurs de Tunisie s&rsquo;opposent aux crimes commis par Isra\u00ebl sous couvert des Etats-Unis contre les hommes, la paix et la libert\u00e9\u00a0\u00bb, a indiqu\u00e9 \u00e0 l&rsquo;AFP Abdessalem Jrad, secr\u00e9taire g\u00e9n\u00e9ral de l&rsquo;UGTT.   \u00ab\u00a0Les USA ont beau jeu de d\u00e9fendre l&rsquo;humanit\u00e9 et la d\u00e9mocratie, leur couverture continue et scandaleuse des crimes commis par Isra\u00ebl leur enl\u00e8ve toute cr\u00e9dibilit\u00e9\u00a0\u00bb, a-t-il affirm\u00e9.   Hommes et femmes arborant des drapeaux palestiniens, les manifestants ont cri\u00e9 des slogans pour la r\u00e9sistance, contre Isra\u00ebl et les USA, et br\u00fbl\u00e9 des drapeaux isra\u00e9lien et am\u00e9ricain sous le regard de la police.   \u00ab\u00a0Gaza, symbole de dignit\u00e9\u00a0\u00bb, \u00ab\u00a0Non au blocus\u00a0\u00bb, \u00ab\u00a0Stop aux crimes sionistes\u00a0\u00bb, ont-ils scand\u00e9, certains fustigeant \u00ab\u00a0les alli\u00e9s complices des USA\u00a0\u00bb aux abords de l&rsquo;ambassade d&rsquo;Egypte, fortement gard\u00e9e.   Les organisateurs ont adress\u00e9 un message de \u00ab\u00a0protestation\u00a0\u00bb \u00e0 l&rsquo;ambassadeur des Etats-Unis \u00e0 Tunis, et un autre \u00e0 celui de la Turquie, en forme d&rsquo;hommage \u00e0 la position \u00ab\u00a0honorable\u00a0\u00bb, \u00ab\u00a0humanitaire\u00a0\u00bb et \u00ab\u00a0digne\u00a0\u00bb d&rsquo;Ankara.   La centrale syndicale avait appel\u00e9 dans un communiqu\u00e9 \u00e0 des sanctions contre Isra\u00ebl et salu\u00e9 \u00ab\u00a0la position des travailleurs et du peuple turc\u00a0\u00bb.   La Turquie a vivement critiqu\u00e9 Isra\u00ebl pour son attaque de la \u00ab\u00a0Flottille de la libert\u00e9\u00a0\u00bb qui convoyaient 10.000 tonnes d&rsquo;aide pour la bande Gaza sous blocus isra\u00e9lien. Ankara a exhort\u00e9 la communaut\u00e9 internationale \u00e0 \u00ab\u00a0punir\u00a0\u00bb l&rsquo;Etat h\u00e9breu, apr\u00e8s l&rsquo;assaut au cours duquel neuf militants ont trouv\u00e9 la mort.   Cette marche est la deuxi\u00e8me du genre cette semaine en Tunisie, o\u00f9 les manifestations de rue sont rarement autoris\u00e9es pour des raisons de s\u00e9curit\u00e9.   Le gouvernement a condamn\u00e9 \u00ab\u00a0l&rsquo;agression\u00a0\u00bb de l&rsquo;arm\u00e9e isra\u00e9lienne, alors que des partis d&rsquo;opposition parlementaire ont appel\u00e9 au retrait du plan de paix arabe.  \u00a0<\/font><\/div>\n<p><strong><\/p>\n<hr\/>\n<p><\/strong><\/div>\n<div align=\"justify\">\n<div align=\"center\"><font face=\"Arial\" size=\"2\"><strong><\/p>\n<h2 style=\"color: red;\"><font size=\"3\">Flottille pour Gaza: les USA vont enqu\u00eater sur la mort d&rsquo;un Am\u00e9ricain<\/font><\/h2>\n<p> <\/strong><\/font><\/div>\n<div align=\"center\"><font face=\"Arial\" size=\"2\"><\/p>\n<hr\/>\n<p><\/font><\/div>\n<div>\u00a0<\/div>\n<div><font><font face=\"Arial\" size=\"2\">AFP \/ 03 juin 2010 19h45<\/font> <\/font><font face=\"Arial\" size=\"2\">WASHINGTON &#8211; Les Etats-Unis vont enqu\u00eater sur les circonstances de la mort d&rsquo;un Am\u00e9ricain \u00e0 bord de la flottille pour Gaza, a annonc\u00e9 jeudi le d\u00e9partement d&rsquo;Etat, en pr\u00e9cisant qu&rsquo;il ne s&rsquo;agissait pas \u00ab\u00a0\u00e0 ce stade\u00a0\u00bb d&rsquo;une enqu\u00eate criminelle. \u00ab\u00a0Nous allons soigneusement \u00e9valuer toutes les informations que nous pourrons recueillir sur les circonstances de sa mort, et ces faits nous m\u00e8neront o\u00f9 ils doivent nous mener\u00a0\u00bb, a affirm\u00e9 le porte-parole Philip Crowley. \u00ab\u00a0Nous prenons au s\u00e9rieux la sant\u00e9 des citoyens am\u00e9ricains partout dans le monde\u00a0\u00bb, a-t-il soulign\u00e9. Interrog\u00e9 sur le point de savoir si les enqu\u00eateurs criminels du FBI \u00e9taient impliqu\u00e9s dans l&rsquo;\u00e9tablissement des faits, il a indiqu\u00e9 que ce n&rsquo;\u00e9tait pas le cas \u00ab\u00a0\u00e0 ce stade\u00a0\u00bb. M. Crowley a refus\u00e9 de commenter le fait que les neuf personnes tu\u00e9es apr\u00e8s l&rsquo;assaut de l&rsquo;arm\u00e9e isra\u00e9lienne contre la flottille pr\u00e9sentent des plaies par balle. <\/p>\n<hr\/>\n<p><\/font><\/div>\n<div><font face=\"Arial\" size=\"2\"><\/p>\n<div align=\"center\"><font face=\"Arial\" size=\"2\"><strong><\/p>\n<h2 style=\"color: red;\"><font size=\"3\">L&rsquo;UE suspend son aide au d\u00e9veloppement \u00e0 Madagascar<\/font><\/h2>\n<p><\/strong><\/font><\/div>\n<div align=\"center\"><font face=\"Arial\" size=\"2\"><\/p>\n<hr\/>\n<p><\/font><\/div>\n<p>AFP \/ 03 juin 2010 13h18) LUXEMBOURG &#8211; L&rsquo;UE a d\u00e9cid\u00e9 jeudi de suspendre son aide au d\u00e9veloppement \u00e0 Madagascar en raison de l&rsquo;absence de progr\u00e8s d\u00e9mocratiques depuis l&rsquo;arriv\u00e9e au pouvoir controvers\u00e9e d&rsquo;Andry Rajoelina en mars 2009, une mesure qui n&rsquo;affecte cependant pas l&rsquo;action humanitaire europ\u00e9enne dans ce pays. \u00ab\u00a0L&rsquo;UE consid\u00e8re que le transfert par la force du pouvoir survenu \u00e0 Madagascar le 17 mars 2009 constitue une violation flagrante de la d\u00e9mocratie et de l&rsquo;Etat de droit\u00a0\u00bb, souligne un texte des 27 pays adopt\u00e9 en marge d&rsquo;une r\u00e9union des ministres europ\u00e9ens des Affaires int\u00e9rieures \u00e0 Luxembourg. Les mesures d\u00e9cid\u00e9es jeudi ont pour effet de suspendre tout appui budg\u00e9taire accord\u00e9 \u00e0 Madagascar, ainsi que l&rsquo;affectation de nouveaux moyens financiers au titre du 10e Fonds europ\u00e9en de d\u00e9veloppement. Elles n&rsquo;affectent pas en revanche l&rsquo;aide humanitaire et d&rsquo;urgence ni certains projets b\u00e9n\u00e9ficiant directement \u00e0 la population. Elles resteront en vigueur pendant douze mois. L&rsquo;UE avait ouvert des \u00ab\u00a0consultations\u00a0\u00bb sur le sujet qu&rsquo;elle a d\u00e9cid\u00e9 jeudi de clore. \u00ab\u00a0La partie malgache n&rsquo;a pas formul\u00e9 de proposition satisfaisante\u00a0\u00bb au cours des consultations avec l&rsquo;UE, d\u00e9plore le texte adopt\u00e9 jeudi. Et \u00ab\u00a0aucun consensus n&rsquo;a \u00e9t\u00e9 d\u00e9gag\u00e9 concernant la mise en oeuvre des accords politiques que les mouvances politiques du pays avaient sign\u00e9 l&rsquo;ann\u00e9e derni\u00e8re. Par contre, les autorit\u00e9s de fait ont unilat\u00e9ralement annonc\u00e9 une feuille de route pour la transition\u00a0\u00bb, poursuit-il. Jugeant que la feuille de route \u00e9tait \u00ab\u00a0inacceptable\u00a0\u00bb, l&rsquo;UE a d\u00e9cid\u00e9 jeudi de clore ses consultations. Mais le \u00ab\u00a0dialogue politique\u00a0\u00bb pr\u00e9vu par l&rsquo;accord de Cotonou continuera, en coordination \u00e9troite avec la communaut\u00e9 internationale. Madagascar est plong\u00e9e dans une nouvelle crise depuis fin 2008. Elle a conduit \u00e0 l&rsquo;\u00e9viction en mars 2009 de Marc Ravalomanana, qui vit depuis en exil en Afrique du Sud, et \u00e0 son remplacement par M. Rajoelina, alors soutenu par l&rsquo;arm\u00e9e. Apr\u00e8s des accords sign\u00e9s en 2009 \u00e0 Maputo et Addis Abeba mais rest\u00e9s lettre morte, une nouvelle tentative de m\u00e9diation internationale s&rsquo;est sold\u00e9e par un \u00e9chec d\u00e9but mai \u00e0 Pretoria. Le pr\u00e9sident du r\u00e9gime en place \u00e0 Madagascar, Andry Rajoelina, a r\u00e9cemment affirm\u00e9 qu&rsquo;il ne serait pas candidat \u00e0 la prochaine \u00e9lection pr\u00e9sidentielle, dont il a annonc\u00e9 la tenue pour le 26 novembre prochain. Mais il a aussi demand\u00e9 que les anciens pr\u00e9sidents du pays aujourd&rsquo;hui dans l&rsquo;opposition ne soient pas davantage candidats \u00e0 la pr\u00e9sidentielle. Dans le cas o\u00f9 une \u00ab\u00a0solution consensuelle pour un retour \u00e0 l&rsquo;ordre constitutionnel\u00a0\u00bb puisse \u00eatre trouv\u00e9e, l&rsquo;UE se r\u00e9serve le droit de modifier ses mesures et \u00ab\u00a0d&rsquo;apporter son appui \u00e0 une telle \u00e9volution\u00a0\u00bb, pr\u00e9cise le texte adopt\u00e9 jeudi.<\/font><\/div>\n<div>\n<hr\/>\n<\/div>\n<div>\n<div align=\"center\"><font face=\"Arial\" size=\"2\"><strong><\/p>\n<h2 style=\"color: red;\"><font size=\"3\">Al-Qa\u00efda menace d&rsquo;enlever des princes saoudiens<\/font><\/h2>\n<p><\/strong><\/font><\/div>\n<div align=\"center\"><font face=\"Arial\" size=\"2\"><\/p>\n<hr\/>\n<p><\/font><\/div>\n<p> AFP \/ 03 juin 2010 16h25 DUBAI &#8211; Le num\u00e9ro deux d&rsquo;Al-Qa\u00efda dans la p\u00e9ninsule arabique (Aqpa) a menac\u00e9 d&rsquo;enlever des princes et des responsables saoudiens pour obtenir la lib\u00e9ration d&rsquo;une militante de premier plan arr\u00eat\u00e9e en Arabie saoudite, dans un enregistrement audio diffus\u00e9 jeudi sur un site islamiste. Sa\u00efd al-Shihri, bas\u00e9 au Y\u00e9men et un ancien de Guantanamo, a exhort\u00e9 les partisans d&rsquo;Al-Qa\u00efda \u00e0 \u00ab\u00a0collecter les informations et \u00e0 inciter les musulmans \u00e0 former des cellules pour enlever les chr\u00e9tiens, les princes de la famille Al-Saoud et les grands responsables notamment les ministres et les officiers\u00a0\u00bb. \u00ab\u00a0Nous disons \u00e0 nos soldats, faites ces enl\u00e8vements pour lib\u00e9rer les prisonniers\u00a0\u00bb, dont Ha\u00efla al-Kossa\u00efr, arr\u00eat\u00e9e selon lui \u00e0 Boura\u00efda, dans la r\u00e9gion de Al-Qassim, au nord de Ryad. Elle est la veuve d&rsquo;un membre d&rsquo;Al-Qa\u00efda tu\u00e9 dans une op\u00e9ration de s\u00e9curit\u00e9 des autorit\u00e9s saoudiennes il y a six ans. Elle est impliqu\u00e9e dans le recrutement et le financement de cellules d&rsquo;Al-Qa\u00efda, selon la t\u00e9l\u00e9vision satellitaire Al-Arabiya bas\u00e9e \u00e0 Duba\u00ef. Sa\u00efd al-Shihri a \u00e9galement d\u00e9plor\u00e9 le fait que cette arrestation, dont il n&rsquo;a pr\u00e9cis\u00e9 ni la date ni les circonstances, \u00ab\u00a0n&rsquo;a provoqu\u00e9 que peu de r\u00e9actions \u00e0 Al-Qassim et dans l&rsquo;ensemble de la p\u00e9ninsule arabique\u00a0\u00bb. L&rsquo;arrestation de cette Saoudienne n&rsquo;a jamais \u00e9t\u00e9 annonc\u00e9e par les autorit\u00e9s de Ryad, engag\u00e9es depuis 2003 dans des op\u00e9rations d&rsquo;\u00e9radication des membres du r\u00e9seau dirig\u00e9 par Oussama ben Laden, qui a \u00e9t\u00e9 d\u00e9chu de sa nationalit\u00e9 saoudienne. Apr\u00e8s son retour de Guantanamo en 2007, Sa\u00efd al-Shihri avait suivi un programme de r\u00e9habilitation d&rsquo;anciens membres d&rsquo;Al-Qa\u00efda con\u00e7u par les services de s\u00e9curit\u00e9 saoudiens. Mais il s&rsquo;est enfui ensuite de son pays pour se rendre au Y\u00e9men. Il figure sur une liste de 85 personnes les plus recherch\u00e9es par les autorit\u00e9s saoudiennes. C&rsquo;est au Y\u00e9men que ce Saoudien a cr\u00e9\u00e9 Aqpa en janvier 2009 avec le Y\u00e9m\u00e9nite Nasser al-Wahishi. Il s&rsquo;agit en fait de la fusion des branches saoudienne et y\u00e9m\u00e9nite du r\u00e9seau dont le num\u00e9ro un est Wahishi. Le gouvernement de Sanaa est pass\u00e9 \u00e0 l&rsquo;offensive contre les membres d&rsquo;Al-Qa\u00efda depuis l&rsquo;attentat rat\u00e9 de No\u00ebl 2009 contre le vol Amsterdam-Detroit dont l&rsquo;auteur, le Nig\u00e9rian Umar Farouk Abdulmutallab aurait b\u00e9n\u00e9fici\u00e9 d&rsquo;un entra\u00eenement au Y\u00e9men. Al-Qa\u00efda a \u00e9galement revendiqu\u00e9 des attentats contre les missions diplomatiques, les installations p\u00e9troli\u00e8res et les touristes \u00e9trangers au Y\u00e9men. Aqpa a encore reconnu il y a quelques jours \u00eatre derri\u00e8re l&rsquo;attaque contre le convoi de l&rsquo;ambassadeur de Grande-Bretagne \u00e0 Sanaa le 26 avril. En f\u00e9vrier, Sa\u00efd al-Shihri avait appel\u00e9 ses partisans \u00e0 attaquer \u00ab\u00a0partout les int\u00e9r\u00eats am\u00e9ricains et crois\u00e9s\u00a0\u00bb, s&rsquo;en prenant d\u00e9j\u00e0 \u00e0 la famille r\u00e9gnante en Arabie saoudite pour sa participation \u00e0 la lutte contre Al-Qa\u00efda. Il avait \u00e9galement affirm\u00e9 l&rsquo;ambition du r\u00e9seau de prendre le contr\u00f4le du Bab el-Mandeb, un d\u00e9troit strat\u00e9gique commandant l&rsquo;entr\u00e9e de la mer Rouge.<\/p><\/div>\n<\/div>\n<p><\/strong><\/font><\/p>\n<div>\n<hr\/>\n<\/div>\n<div align=\"center\"><strong><\/p>\n<h2 style=\"color: red;\"><font size=\"3\">France: le proc\u00e8s verbal de l&rsquo;automobiliste en niqab class\u00e9 sans suite<\/font><\/h2>\n<p><\/strong> <\/div>\n<div align=\"center\">\n<hr\/>\n<\/div>\n<div>\u00a0<\/div>\n<div>AFP \/ 03 juin 2010 19h49 LILLE (France) &#8211; Le proc\u00e8s-verbal dress\u00e9 mercredi dans le nord de la France contre une automobiliste qui conduisait en portant un niqab, le voile islamique int\u00e9gral que le gouvernement entend interdire prochainement, a \u00e9t\u00e9 class\u00e9 sans suite, a-t-on appris jeudi de source judiciaire. La conductrice de 23 ans avait re\u00e7u une amende de 22 euros au motif qu&rsquo;elle conduisait avec \u00ab\u00a0un champ de visibilit\u00e9 insuffisant\u00a0\u00bb, selon une source polici\u00e8re. Elle avait dans un premier temps \u00e9t\u00e9 prise pour un homme cagoul\u00e9 par les motards de la police. Le proc\u00e8s-verbal a \u00e9t\u00e9 class\u00e9 sans suite pour un \u00ab\u00a0motif strictement juridique\u00a0\u00bb, selon une source judiciaire, en raison de la r\u00e9f\u00e9rence par les forces de l&rsquo;ordre \u00e0 un article du code de la route qui n&rsquo;est applicable qu&rsquo;aux v\u00e9hicules. Un autre article plus pertinent avait \u00e9t\u00e9 utilis\u00e9 en avril, lorsqu&rsquo;un fait similaire avait suscit\u00e9 une vive pol\u00e9mique en France. Une femme de la r\u00e9gion de Nantes (ouest) avait contest\u00e9 une amende dress\u00e9e pour port de niqab au volant et le d\u00e9bat avait d\u00e9bord\u00e9 sur la situation de son mari qui, selon le gouvernement, serait polygame. Le gouvernement fran\u00e7ais a adopt\u00e9 le 19 mai un projet de loi d&rsquo;interdiction du niqab et de la burqa en France, qui sera discut\u00e9 par le Parlement en juillet. Le port du voile int\u00e9gral sera banni de tout espace public, y compris la rue. Les contrevenantes s&rsquo;exposeront \u00e0 une amende de 150 euros et\/ou un stage de citoyennet\u00e9 visant \u00e0 rappeler les valeurs r\u00e9publicaines.<\/div>\n<\/div>\n<\/div>\n<\/div>\n<p> \u00a0<\/p><\/div>\n<\/div>\n<\/div>\n<p align=\"center\" dir=\"ltr\">\n<h3 style=\"color: blue;\"><font face=\"Arial\" size=\"2\"><strong><b><a href=\"https:\/\/tunisnews.net\/ar\/\"><font face=\"Arial\"><span><font size=\"2\">Home<\/font><\/span><font size=\"2\"><span lang=\"FR-CH\"> &#8211; Accueil <\/span><span>&#8211; <\/span><\/font><\/font><span dir=\"rtl\" lang=\"AR-SA\"><font size=\"2\">\u0627\u0644\u0631\u0626\u064a\u0633\u064a\u0629<\/font><\/span><\/a><\/b><\/strong><\/font><\/h3>\n<\/p>\n<p align=\"center\" dir=\"ltr\">\u00a0<\/p>\n<p><\/body><\/body><\/html><\/p>","protected":false},"excerpt":{"rendered":"<p>Home &#8211; Accueil TUNISNEWS 10\u00a0\u00e8me ann\u00e9e, N\u00b0\u00a03663 du 03.06.2010 \u00a0archives :www.tunisnews.net\u00a0 CCTE: L&rsquo;\u00e9tat de sant\u00e9 de M. Dbouba se d\u00e9grade Yahyaoui Mokhtar: La Loi des Traitres Slim Bagga: Faut-il r\u00e9pondre aux m\u00e9prisables mercenaires et aux eunuques de Ben Ali? El Watan: fermeture de l&rsquo;universite libre de tunis: l&rsquo;affaire s&rsquo;internationalise FTCR: Non \u00e0 l\u2019impunit\u00e9 d\u2019Isra\u00ebl ! [&hellip;]<\/p>\n","protected":false},"author":1,"featured_media":22040,"comment_status":"open","ping_status":"open","sticky":false,"template":"","format":"standard","meta":{"inline_featured_image":false,"site-sidebar-layout":"default","site-content-layout":"","ast-site-content-layout":"default","site-content-style":"default","site-sidebar-style":"default","ast-global-header-display":"","ast-banner-title-visibility":"","ast-main-header-display":"","ast-hfb-above-header-display":"","ast-hfb-below-header-display":"","ast-hfb-mobile-header-display":"","site-post-title":"","ast-breadcrumbs-content":"","ast-featured-img":"","footer-sml-layout":"","ast-disable-related-posts":"","theme-transparent-header-meta":"","adv-header-id-meta":"","stick-header-meta":"","header-above-stick-meta":"","header-main-stick-meta":"","header-below-stick-meta":"","astra-migrate-meta-layouts":"default","ast-page-background-enabled":"default","ast-page-background-meta":{"desktop":{"background-color":"","background-image":"","background-repeat":"repeat","background-position":"center center","background-size":"auto","background-attachment":"scroll","background-type":"","background-media":"","overlay-type":"","overlay-color":"","overlay-opacity":"","overlay-gradient":""},"tablet":{"background-color":"","background-image":"","background-repeat":"repeat","background-position":"center center","background-size":"auto","background-attachment":"scroll","background-type":"","background-media":"","overlay-type":"","overlay-color":"","overlay-opacity":"","overlay-gradient":""},"mobile":{"background-color":"","background-image":"","background-repeat":"repeat","background-position":"center center","background-size":"auto","background-attachment":"scroll","background-type":"","background-media":"","overlay-type":"","overlay-color":"","overlay-opacity":"","overlay-gradient":""}},"ast-content-background-meta":{"desktop":{"background-color":"var(--ast-global-color-5)","background-image":"","background-repeat":"repeat","background-position":"center center","background-size":"auto","background-attachment":"scroll","background-type":"","background-media":"","overlay-type":"","overlay-color":"","overlay-opacity":"","overlay-gradient":""},"tablet":{"background-color":"var(--ast-global-color-5)","background-image":"","background-repeat":"repeat","background-position":"center center","background-size":"auto","background-attachment":"scroll","background-type":"","background-media":"","overlay-type":"","overlay-color":"","overlay-opacity":"","overlay-gradient":""},"mobile":{"background-color":"var(--ast-global-color-5)","background-image":"","background-repeat":"repeat","background-position":"center center","background-size":"auto","background-attachment":"scroll","background-type":"","background-media":"","overlay-type":"","overlay-color":"","overlay-opacity":"","overlay-gradient":""}},"footnotes":""},"categories":[],"tags":[58,41,29],"class_list":["post-15625","post","type-post","status-publish","format-standard","has-post-thumbnail","hentry","tag-58","tag-41","tag-fr"],"_links":{"self":[{"href":"https:\/\/tunisnews.net\/ar\/wp-json\/wp\/v2\/posts\/15625","targetHints":{"allow":["GET"]}}],"collection":[{"href":"https:\/\/tunisnews.net\/ar\/wp-json\/wp\/v2\/posts"}],"about":[{"href":"https:\/\/tunisnews.net\/ar\/wp-json\/wp\/v2\/types\/post"}],"author":[{"embeddable":true,"href":"https:\/\/tunisnews.net\/ar\/wp-json\/wp\/v2\/users\/1"}],"replies":[{"embeddable":true,"href":"https:\/\/tunisnews.net\/ar\/wp-json\/wp\/v2\/comments?post=15625"}],"version-history":[{"count":0,"href":"https:\/\/tunisnews.net\/ar\/wp-json\/wp\/v2\/posts\/15625\/revisions"}],"wp:featuredmedia":[{"embeddable":true,"href":"https:\/\/tunisnews.net\/ar\/wp-json\/wp\/v2\/media\/22040"}],"wp:attachment":[{"href":"https:\/\/tunisnews.net\/ar\/wp-json\/wp\/v2\/media?parent=15625"}],"wp:term":[{"taxonomy":"category","embeddable":true,"href":"https:\/\/tunisnews.net\/ar\/wp-json\/wp\/v2\/categories?post=15625"},{"taxonomy":"post_tag","embeddable":true,"href":"https:\/\/tunisnews.net\/ar\/wp-json\/wp\/v2\/tags?post=15625"}],"curies":[{"name":"wp","href":"https:\/\/api.w.org\/{rel}","templated":true}]}}