{"id":15618,"date":"2006-10-11T00:00:00","date_gmt":"2006-10-11T00:00:00","guid":{"rendered":"https:\/\/tunisnews.net\/11-octobre-2006\/"},"modified":"2006-10-11T00:00:00","modified_gmt":"2006-10-11T00:00:00","slug":"11-octobre-2006","status":"publish","type":"post","link":"https:\/\/tunisnews.net\/ar\/11-octobre-2006\/","title":{"rendered":"11 octobre 2006"},"content":{"rendered":"<p><html><head><meta content=\"text\/html\" description=\",       d\u00e9tenu en instruction, qui avait re\u00e7u les premiers secours \u00e0 l\u2019h\u00f4pital       suite \u00e0 sa chute du premier \u00e9tage du palais de justice de Tunis. Elle nous       a inform\u00e9s qu\u2019elle \u00e9tait parvenue \u00e0 s\u2019entretenir avec lui et qu\u2019il lui       avait dit qu\u2019il n\u2019avait pas eu l\u2019intention de se suicider. Il n\u2019acceptait       pas d\u2019\u00eatre impliqu\u00e9 dans des affaires avec lesquelles il n\u2019avait rien \u00e0       voir et ne supportait plus la torture sauvage qui lui \u00e9tait impos\u00e9e. Il       avait pens\u00e9 \u00e0 s\u2019enfuir et avait saut\u00e9 du premier \u00e9tage pour tenter       d\u2019\u00e9chapper \u00e0 la prison. \" http-equiv=\"Content-Type\"\/><\/head><body><body><\/p>\n<p align=\"center\" dir=\"ltr\"><b><a href=\"https:\/\/tunisnews.net\/ar\/\"><span>Home<\/span><span lang=\"FR-CH\"> &#8211; Accueil <\/span><span>&#8211; <\/span><span dir=\"rtl\" lang=\"AR-SA\">\u0627\u0644\u0631\u0626\u064a\u0633\u064a\u0629<\/span><\/a><\/b><\/p>\n<div align=\"justify\" dir=\"ltr\"> <font face=\"Arial\" size=\"2\"> <\/p>\n<div dir=\"ltr\">\n<div dir=\"ltr\">\n<table border=\"1\" dir=\"ltr\" width=\"100%\">\n<tr>\n<td bgcolor=\"#efefef\" dir=\"ltr\" width=\"100%\"> <span lang=\"AR-SA\"> <\/p>\n<div align=\"left\" dir=\"ltr\">  <\/div>\n<div dir=\"ltr\"> <span lang=\"FR\"> <\/p>\n<div align=\"center\" dir=\"ltr\"> <font face=\"Arial\" size=\"2\"> <span lang=\"SV\"> <strong>TUNISNEWS<\/strong><\/span> <\/font> <\/div>\n<div align=\"center\" dir=\"ltr\"> <strong><font face=\"Arial\" size=\"2\">7\u00a0\u00e8me\u00a0ann\u00e9e,              <span lang=\"FR\">N\u00b0\u00a02333 du 11.10.2006<\/span><\/font><\/strong><\/div>\n<div align=\"center\" dir=\"ltr\"> <strong> <\/p>\n<div align=\"center\" dir=\"ltr\"> <b><span><blink> <font face=\"Arial\" size=\"2\">\u00a0archives : <\/font> <a href=\"https:\/\/tunisnews.net\/ar\/\" target=\"_blank\" rel=\"noopener\"> <font face=\"Arial\" size=\"2\" target=\"_blank\">                www.tunisnews.net<\/font><\/a><\/blink><\/span><\/b><font face=\"Arial\" size=\"2\"> <\/font> <\/div>\n<p> <\/strong><\/div>\n<p> <\/span><\/div>\n<div align=\"left\" dir=\"ltr\"> <font face=\"Arial\" size=\"2\"> <\/p>\n<hr dir=\"ltr\" noshade=\"\" size=\"8\"\/><\/font> <\/div>\n<div align=\"left\" dir=\"ltr\"> <font> <span lang=\"FR\"> <\/p>\n<div align=\"left\" dir=\"ltr\"> <span lang=\"FR\"> <\/p>\n<div dir=\"ltr\">\n<div dir=\"ltr\">\n<div dir=\"ltr\">\n<p><font> <\/p>\n<div dir=\"ltr\"> <span lang=\"FR\"> <\/p>\n<div dir=\"ltr\">\n<div dir=\"ltr\"> <font face=\"Arial\"> <\/p>\n<div dir=\"ltr\"> <strong><font size=\"2\">AISPP: Communiqu\u00e9<\/font><\/strong><\/div>\n<div dir=\"ltr\"> <strong><font size=\"2\"><font>AP: Un                             terroriste pr\u00e9sum\u00e9 se jette du deuxi\u00e8me \u00e9tage du                             Palais de justice<\/font>                             AFP: Un Tunisien soup\u00e7onn\u00e9 de terrorisme saute d&rsquo;une                             fen\u00eatre du palais de justice                              <font>XINHUA: Un Tunisien pr\u00e9sum\u00e9                             membre du groupe terroriste arr\u00eat\u00e9 en Suisse<\/font>                                                         AFP: Un metteur en sc\u00e8ne tunisien d\u00e9nonce la censure                             de sa derni\u00e8re pi\u00e8ce                             <font>AFP: Des associations                             tunisiennes lancent une campagne contre la pauvret\u00e9<\/font>                                                         Omar S&rsquo;habou: La patrie\u00a0 contre la vie\u2026                             <font>Saloua Ben Youssef Charfi: Les                             islamistes tunisiens et les am\u00e9ricains&#8230;<\/font>                             Le Maghr\u00e9bin : L\u2019Islamisme au Maghreb- L\u2019avis de                             trois experts                             <font>BBC News: Morocco moves to                             drop headscarf                              <\/font>AFP: Le Turc Erdogan d\u00e9nonce le pass\u00e9                             colonial de la France                             <font>Bassam Bounenni: La Divine                             Com\u00e9die<\/font><\/font><\/strong><\/div>\n<div dir=\"ltr\"> <font size=\"2\"><strong>Radwan A. Masmoudi and Amr                             Hamzawy<\/strong> <strong>: Support Freedom in the                             Arab World<\/strong> <\/font> <\/div>\n<p> <\/font><\/div>\n<\/p><\/div>\n<p> <\/span><\/div>\n<p> <\/font><\/p>\n<\/div><\/div>\n<\/p><\/div>\n<p> <\/span><\/div>\n<p> <\/span><\/font><\/div>\n<p> <\/span><\/td>\n<\/tr>\n<\/table><\/div>\n<\/p><\/div>\n<div dir=\"ltr\">\n<p dir=\"ltr\">\u00a0<\/p>\n<\/div>\n<div dir=\"ltr\">\n<div align=\"center\" dir=\"ltr\">\n<p dir=\"ltr\"><strong><\/p>\n<h2 style=\"color: red;\"><font><font>      Association Internationale de Soutien aux Prisonniers Politiques<\/font> <\/font><\/h2>\n<p><\/strong>33 rue Mokhtar Atya, 1001, Tunis       Tel : 71 340 860 Fax : 71 354 984 \u00a0<\/p>\n<\/div>\n<div align=\"justify\" dir=\"ltr\">\n<p dir=\"ltr\">11\/10\/2006              Madame Zohra Darboul a eu la possibilit\u00e9 de rendre visite \u00e0 son fils,       monsieur <strong><font>Hichem Saadi<\/font><\/strong>,       d\u00e9tenu en instruction, qui avait re\u00e7u les premiers secours \u00e0 l\u2019h\u00f4pital       suite \u00e0 sa chute du premier \u00e9tage du palais de justice de Tunis. Elle nous       a inform\u00e9s qu\u2019elle \u00e9tait parvenue \u00e0 s\u2019entretenir avec lui et qu\u2019il lui       avait dit qu\u2019il n\u2019avait pas eu l\u2019intention de se suicider. Il n\u2019acceptait       pas d\u2019\u00eatre impliqu\u00e9 dans des affaires avec lesquelles il n\u2019avait rien \u00e0       voir et ne supportait plus la torture sauvage qui lui \u00e9tait impos\u00e9e. Il       avait pens\u00e9 \u00e0 s\u2019enfuir et avait saut\u00e9 du premier \u00e9tage pour tenter       d\u2019\u00e9chapper \u00e0 la prison.               Le Pr\u00e9sident de l\u2019Association       <strong><font>Ma\u00eetre Mohammed Nouri<\/font><\/strong> <font>(traduction ni revue ni corrig\u00e9e par les auteurs de       la version en arabe, LT)<\/font><\/p>\n<\/div><\/div>\n<div align=\"center\" dir=\"ltr\">\n<hr dir=\"ltr\"\/> <\/div>\n<div align=\"center\" dir=\"ltr\">\n<p dir=\"ltr\">\n<h2 style=\"color: red;\"><font size=\"3\"><strong>Un terroriste pr\u00e9sum\u00e9 se     jette du deuxi\u00e8me \u00e9tage du Palais de justice<\/strong><\/font><\/h2>\n<\/p>\n<\/div>\n<div dir=\"ltr\">\n<p dir=\"ltr\"><font>Associated Press, le 10 octobre 2006<\/font>          TUNIS (AP) &#8211; Un jeune pr\u00e9venu tunisien Hichem Sa\u00e2di, accus\u00e9 de terrorisme,     s&rsquo;est jet\u00e9 mardi du deuxi\u00e8me \u00e9tage du Palais de justice de Tunis alors qu&rsquo;il     s&rsquo;appr\u00eatait \u00e0 \u00eatre interrog\u00e9 par le juge d&rsquo;instruction, a-t-on appris de     source judiciaire.          Ag\u00e9 de 25 ans, le pr\u00e9venu paraissait \u00eatre en proie \u00e0 un probl\u00e8me     respiratoire lorsqu&rsquo;il s&rsquo;est jet\u00e9 par la fen\u00eatre du bureau du juge, a relat\u00e9     son avocat, Me Abderraouf Ayadi pr\u00e9sent \u00e0 l&rsquo;audience.          On ignore s&rsquo;il s&rsquo;agissait d&rsquo;une tentative de suicide ou de fuite, a ajout\u00e9     l&rsquo;avocat selon lequel ce geste pourrait \u00eatre attribu\u00e9 \u00e0 l&rsquo;\u00e9tat psychique de     son client.          La chute du corps a provoqu\u00e9 un attroupement de passants, de fonctionnaires     et d&rsquo;agents de la s\u00e9curit\u00e9.          Selon les derni\u00e8res nouvelles, sa vie est hors de danger. Il souffrirait     cependant de fractures \u00e0 plusieurs niveaux de son organisme.          Hichem Sa\u00e2di est accus\u00e9 de \u00ab\u00a0planifier pour se rendre en l&rsquo;Irak pour     combattre l&rsquo;occupation \u00e9trang\u00e8re\u00a0\u00bb et d'\u00a0\u00bbappartenance \u00e0 un groupe extr\u00e9miste\u00a0\u00bb,     en allusion au groupe salafiste alg\u00e9rien pour le combat et la pr\u00e9dication (GSPC)     qui a r\u00e9cemment annonc\u00e9 son adh\u00e9sion \u00e0 l&rsquo;organisation terroriste Al-Qa\u00efda.          Il avait d\u00e9j\u00e0 \u00e9t\u00e9 condamn\u00e9 une premi\u00e8re fois en 2003 \u00e0 15 ans de prison en     m\u00eame que plusieurs autres pr\u00e9sum\u00e9s terroristes faisant partie de ce qui     avait \u00e9t\u00e9 le groupe de l&rsquo;Ariana, une banlieue de Tunis.          Les membres du groupe avaient \u00e9t\u00e9 arr\u00eat\u00e9s \u00e0 la fronti\u00e8re alg\u00e9rienne pour se     rendre ensuite dans les territoires palestiniens. Cette peine a \u00e9t\u00e9 r\u00e9duite     ensuite \u00e0 9 ans d&#8217;emprisonnement, avant de b\u00e9n\u00e9ficier en f\u00e9vrier dernier     d&rsquo;une gr\u00e2ce pr\u00e9sidentielle.          Selon son avocat, Hichem Sa\u00e2di a tent\u00e9 en vain de s&rsquo;inscrire en 3\u00e8me ann\u00e9e     m\u00e9decine, tout comme ses efforts pour trouver un emploi ont \u00e9t\u00e9 vains. Il a     de nouveau \u00e9t\u00e9 arr\u00eat\u00e9 en juin dernier et attend d&rsquo;\u00eatre traduit en justice.              <font><strong>Associated Press<\/strong><font><\/font><\/font><\/p>\n<\/div>\n<div dir=\"ltr\">\n<hr dir=\"ltr\"\/> <\/div>\n<div align=\"center\" dir=\"ltr\">\n<p dir=\"ltr\">\n<h2 style=\"color: red;\"><font><strong><font size=\"3\">Un Tunisien     soup\u00e7onn\u00e9 de terrorisme saute d&rsquo;une fen\u00eatre du palais de justice<\/font><\/strong><\/font><\/h2>\n<\/p>\n<\/div>\n<div dir=\"ltr\">\n<p dir=\"ltr\"><font>AFP, mardi 10 octobre 2006 <\/font>     TUNIS &#8211; Un Tunisien soup\u00e7onn\u00e9 de terrorisme s&rsquo;est bless\u00e9 mardi en sautant     d&rsquo;une fen\u00eatre du deuxi\u00e8me \u00e9tage du Palais de justice \u00e0 Tunis, a indiqu\u00e9 son     avocat \u00e0 l&rsquo;AFP.      Accus\u00e9 d&rsquo;avoir envisag\u00e9 de participer en Irak \u00e0 l&rsquo;insurrection contre la     coalition conduite par les Etats-Unis, Hichem Sa\u00e2di, 25 ans, s&rsquo;est jet\u00e9 de     la fen\u00eatre du bureau d&rsquo;un juge d&rsquo;instruction, \u00e0 environ sept m\u00e8tres du sol,     durant son interrogatoire en pr\u00e9sence de son avocat, Abderaouf Ayadi.      \u00ab\u00a0Il a eu des difficult\u00e9s \u00e0 respirer, s&rsquo;est pr\u00e9cipit\u00e9 brusquement vers la     fen\u00eatre du bureau et a saut\u00e9 dans le vide\u00a0\u00bb, a indiqu\u00e9 l&rsquo;avocat. Il a pr\u00e9cis\u00e9     que son client, qui a \u00e9t\u00e9 hospitalis\u00e9, souffrait de plusieurs fractures mais     que ses jours ne seraient pas en danger.      Me Ayadi n&rsquo;a pas \u00e9t\u00e9 en mesure d&rsquo;indiquer si Hichem Sa\u00e2di avait tent\u00e9 de     s&rsquo;enfuir ou de se suicider.      Arr\u00eat\u00e9 en 2003 pr\u00e8s de la fronti\u00e8re tuniso-alg\u00e9rienne avec douze jeunes     originaires comme lui de la ville d&rsquo;Ariana (banlieue de Tunis) alors qu&rsquo;ils     envisageaient de se rendre dans les territoires palestiniens, Sa\u00e2di, qui     \u00e9tait alors \u00e9tudiant en m\u00e9decine, avait \u00e9tait condamn\u00e9 \u00e0 neuf ans de prison     dans un proc\u00e8s \u00e9maill\u00e9 d'\u00a0\u00bbirr\u00e9gularit\u00e9s\u00a0\u00bb, selon la d\u00e9fense.      Il avait b\u00e9n\u00e9fici\u00e9 d&rsquo;une gr\u00e2ce pr\u00e9sidentielle en f\u00e9vrier 2006 avant d&rsquo;\u00eatre     de nouveau arr\u00eat\u00e9 en juin, alors accus\u00e9 de vouloir rejoindre la r\u00e9sistance     irakienne, a indiqu\u00e9 Me Ayadi.      L&rsquo;avocat a pr\u00e9cis\u00e9 que son client, qui a \u00e9t\u00e9 renvoy\u00e9 de la facult\u00e9 de     m\u00e9decine, n&rsquo;a pas r\u00e9ussi \u00e0 trouver de travail depuis sa sortie de prison.         Selon des avocats, des centaines de jeunes Tunisiens ont \u00e9t\u00e9 arr\u00eat\u00e9s ces     derni\u00e8res ann\u00e9es et des dizaines ont \u00e9t\u00e9 condamn\u00e9s \u00e0 de lourdes peines de     prison en vertu d&rsquo;une loi anti-terroriste de 2003 d\u00e9nonc\u00e9e par des     organisations de d\u00e9fense des droits de l&rsquo;Homme et l&rsquo;opposition.      Le Parti d\u00e9mocrate progressiste (PDP, opposition l\u00e9gale) avait d\u00e9nonc\u00e9     dimanche dans un communiqu\u00e9 des dizaines d&rsquo;arrestations r\u00e9centes de jeunes     envisageant d&rsquo;aller en Irak et r\u00e9it\u00e9r\u00e9 sa demande d&rsquo;annuler la loi     anti-terroriste \u00ab\u00a0contraire \u00e0 la constitution\u00a0\u00bb.<\/p>\n<\/div>\n<p> <\/font> <\/p>\n<div dir=\"ltr\">\n<hr dir=\"ltr\"\/> <\/div>\n<div align=\"center\" dir=\"ltr\">\n<p dir=\"ltr\">\n<h2 style=\"color: red;\"><font size=\"3\"><strong>Un Tunisien pr\u00e9sum\u00e9     membre du groupe terroriste arr\u00eat\u00e9 en Suisse<\/strong><\/font><\/h2>\n<\/p>\n<\/div>\n<div dir=\"ltr\">\n<p dir=\"ltr\"> <font>TUNISIE &#8211; 9 octobre 2006 \u2013 XINHUA<\/font>          Le Tunisien Afif Mejri, membre pr\u00e9sum\u00e9 du groupe terroriste salafiste affil\u00e9     \u00e0 Al-Qa\u00efda, a \u00e9t\u00e9 arr\u00eat\u00e9 \u00e0 Zurich, a rapport\u00e9 lundi le journal suisse \u00ab\u00a0Le     Matin\u00a0\u00bb.          Il est d\u00e9tenu \u00e0 la prison de l&rsquo;a\u00e9roport de Kloten en Suisse et devrait \u00eatre     extrad\u00e9 prochainement vers l&rsquo;Italie.          L&rsquo;arrestation s&rsquo;est d\u00e9roul\u00e9e \u00e0 la demande des autorit\u00e9s italiennes          Une op\u00e9ration conjointe, appel\u00e9e \u00ab\u00a0Touareg\u00a0\u00bb a permis aux forces de l&rsquo;ordre     italiennes d&rsquo;interpeller, \u00e0 Milan, cinq autres suspects appartenant au m\u00eame     r\u00e9seau. Des plans de fabrication de bombes ont \u00e9t\u00e9 d\u00e9couverts \u00e0 leur     domicile.          Afif Mejri jouait le r\u00f4le de banquier du groupe de salafistes et distribuait     les faux papiers aux autres terroristes. Il vit depuis quatre ans en Suisse     et a demand\u00e9 l&rsquo;asile politique.          <font><strong>(Source : l\u2019agence chinoise XINHUA, le 9     octobre 2006)<\/strong><\/font><\/p>\n<\/div>\n<p> <font><\/p>\n<hr dir=\"ltr\"\/>\n<div align=\"center\" dir=\"ltr\">\n<p dir=\"ltr\">\n<h2 style=\"color: red;\"><font><strong><font size=\"3\">Un metteur en     sc\u00e8ne tunisien d\u00e9nonce la censure de sa derni\u00e8re pi\u00e8ce<\/font><\/strong><\/font><\/h2>\n<\/p>\n<\/div>\n<div dir=\"ltr\">\n<p dir=\"ltr\"> <font>AFP, le 11 octobre 2006<\/font> <font>Agence France-Presse \u2013TUNIS &#8211;<\/font> Un metteur en     sc\u00e8ne tunisien, Fadhel Ja\u00efbi, a d\u00e9nonc\u00e9 mercredi la censure de sa pi\u00e8ce     \u00ab\u00a0Corps otages\u00a0\u00bb, qui traite de l&rsquo;int\u00e9grisme avec en toile de fond l&rsquo;histoire     de la Tunisie contemporaine.          \u00ab\u00a0J&rsquo;ai \u00e9t\u00e9 frapp\u00e9 de plein fouet par la censure\u00a0\u00bb, a d\u00e9clar\u00e9 \u00e0 l&rsquo;AFP le     metteur en sc\u00e8ne dont la pi\u00e8ce a \u00e9t\u00e9 jou\u00e9e en juin au th\u00e9\u00e2tre de l&rsquo;Od\u00e9on \u00e0     Paris.     Ecrite par sa compagne, l&rsquo;actrice Jalila Baccar, cette cr\u00e9ation veut \u00eatre     une radioscopie du corps social \u00e0 travers l&rsquo;histoire d&rsquo;une jeune fille qui \u00ab\u00a0passe     d&rsquo;un gauchisme pur \u00e0 un islamisme dur\u00a0\u00bb.     D&rsquo;\u00e9ducation la\u00efque, Amal (Esp\u00e9rance) se convertit au fondamentalisme avant     de se retrouver entre les mains de la police suite \u00e0 l&rsquo;attentat suicide     commis par l&rsquo;une de ses amies.     La pi\u00e8ce n&rsquo;a pas re\u00e7u de visa d&rsquo;exploitation de la Commission nationale     d&rsquo;orientation du minist\u00e8re de la Culture.     \u00ab\u00a0Sous pr\u00e9texte d&rsquo;atteinte \u00e0 la morale, \u00e0 la religion, au bon go\u00fbt, cette     commission a d\u00e9cid\u00e9 de tailler dans le vif exigeant la suppression de     patronymes, de noms de lieux, de dates et de citations coraniques\u00a0\u00bb, a     indiqu\u00e9 M. Ja\u00efbi.     Indiquant avoir saisi en vain le ministre de la Culture, Mohamed Aziz Ben     Achour, il a affirm\u00e9 s&rsquo;\u00eatre implicitement vu reprocher \u00ab\u00a0une atteinte au     sacr\u00e9\u00a0\u00bb, \u00e0 la religion.     Qualifiant cette d\u00e9cision d'\u00a0\u00bbacte inique et arbitraire\u00a0\u00bb, il a estim\u00e9 qu&rsquo;elle     constituait aussi \u00ab\u00a0une insulte aux artistes et au public\u00a0\u00bb et indiqu\u00e9 qu&rsquo;il     refusait d&rsquo;obtemp\u00e9rer aux exigences de la commission.     \u00ab\u00a0Cette commission n&rsquo;a plus de raison d&rsquo;exister. Elle a fait son temps et ne     sert qu&rsquo;\u00e0 nous orienter vers plus de soumission\u00a0\u00bb, a protest\u00e9 M. Ja\u00efbi,     soulignant que \u00ab\u00a0notre spectacle fait plut\u00f4t l&rsquo;\u00e9loge de l&rsquo;islam tol\u00e9rant\u00a0\u00bb.     D\u00e9non\u00e7ant \u00ab\u00a0la d\u00e9ferlante int\u00e9griste\u00a0\u00bb, un p\u00e9ril dont il dit \u00ab\u00a0percevoir les     signes avant-coureurs\u00a0\u00bb en Tunisie, il a ajout\u00e9 avoir \u00ab\u00a0mont\u00e9 ce spectacle     pour que ma fille ne se voit pas oblig\u00e9e un jour de porter le voile\u00a0\u00bb.     Le metteur en sc\u00e8ne, qui a soulign\u00e9 n&rsquo;avoir pas \u00e9t\u00e9 inqui\u00e9t\u00e9 par la censure     en trente-deux ans de carri\u00e8re, a notamment \u00e9t\u00e9 le fondateur avec Jalila     Baccar de la premi\u00e8re compagnie priv\u00e9e tunisienne.          <font>AFP <\/font><\/p>\n<hr dir=\"ltr\"\/> <\/div>\n<div align=\"center\" dir=\"ltr\">\n<p dir=\"ltr\"><font><strong><\/p>\n<h2 style=\"color: red;\"><font size=\"3\">Des associations tunisiennes lancent une campagne contre la pauvret\u00e9<\/font><\/h2>\n<p><\/strong><font> <\/font> <\/font><\/p>\n<\/div>\n<div align=\"justify\" dir=\"ltr\">\n<p dir=\"ltr\"><font><font size=\"3\"><font size=\"2\">AFP,     mercredi 11 octobre 2006<\/font> <\/font>     TUNIS &#8211; Sept organisations tunisiennes, parmi lesquelles l&rsquo;Union g\u00e9n\u00e9rale     tunisienne du travail (UGTT, centrale syndicale unique), ont annonc\u00e9     mercredi le lancement d&rsquo;une campagne contre la pauvret\u00e9 en Tunisie.      \u00ab\u00a0La pauvret\u00e9 est loin d&rsquo;\u00eatre \u00e9radiqu\u00e9e en Tunisie. Aujourd&rsquo;hui elle regagne     du terrain et de plus en plus de gens sont touch\u00e9s en raison du co\u00fbt de la     vie et du ch\u00f4mage\u00a0\u00bb, a affirm\u00e9 une membre de l&rsquo;UGTT, Wassila Ayachi, lors     d&rsquo;une conf\u00e9rence de presse au si\u00e8ge de l&rsquo;Association tunisienne des femmes     d\u00e9mocrates.      \u00ab\u00a0C&rsquo;est aussi le r\u00f4le des organisations non gouvernementales de lutter contre     la pauvret\u00e9 et la pr\u00e9carit\u00e9\u00a0\u00bb, a ajout\u00e9 Mme Ayachi, invitant le gouvernement     \u00e0 \u00ab\u00a0consentir \u00e0 une libert\u00e9 d&rsquo;action des Ong et \u00e0 cesser de tout monopoliser,     tout r\u00e9gir\u00a0\u00bb.      A d\u00e9faut d&rsquo;une estimation chiffr\u00e9e, les organisateurs ont donn\u00e9 des exemples     de pauvret\u00e9 extr\u00eame dans les banlieues urbaines, \u00e9voquant notamment un     \u00e9mission diffus\u00e9e les premiers jours du ramadan par la t\u00e9l\u00e9vision priv\u00e9e     Hannibal.      Les animateurs de \u00ab\u00a0Sans permission\u00a0\u00bb se sont faits inviter chez des familles     pauvres \u00e0 l&rsquo;heure du repas de la rupture de je\u00fbne, r\u00e9v\u00e9lant parfois un     d\u00e9nuement extr\u00eame.      Le taux de pauvret\u00e9 en Tunisie se situe officiellement \u00e0 4%, mais 30% de la     population sont au seuil de la pauvret\u00e9 et basculent dans la pr\u00e9carit\u00e9 au     moindre al\u00e9a, a indiqu\u00e9 un membre de la Ligue des droits de l&rsquo;homme, Hatem     Chaabouni.      Les organisateurs ont affirm\u00e9 vouloir combattre \u00ab\u00a0une s\u00e9gr\u00e9gation dans la     pauvret\u00e9 sur la base de l&rsquo;appartenance politique et id\u00e9ologique et une     discrimination devant l&#8217;emploi, les soins et les services sociaux\u00a0\u00bb.      La campagne, dans le cadre de la mobilisation mondiale contre la pauvret\u00e9, a     d\u00e9marr\u00e9 avec la projection du film \u00ab\u00a0Pain Nu\u00a0\u00bb de l&rsquo;Alg\u00e9rien Rachid Benhaj,     une adaptation du roman de l&rsquo;\u00e9crivain marocain Mohamed Choukri.      Des rencontres, d\u00e9bats et ateliers sont aussi pr\u00e9vus notamment sur la     f\u00e9minisation de la pauvret\u00e9.      La section tunisienne d&rsquo;Amnesty International et l&rsquo;Institut arabe des droits     de l&rsquo;homme sont associ\u00e9s \u00e0 cette campagne qui durera une semaine.<\/font><\/p>\n<\/div>\n<div align=\"justify\" dir=\"ltr\">\n<hr dir=\"ltr\"\/> <\/div>\n<div align=\"justify\" dir=\"ltr\"> <font> <\/p>\n<div align=\"center\" dir=\"ltr\">\n<p dir=\"ltr\"><font size=\"3\"><strong><\/p>\n<h2 style=\"color: red;\"><font> <font size=\"2\">Jeune Afrique en Tunisie :<\/font>        L\u2019administration continue \u00e0 prendre son temps\u2026<\/font><\/h2>\n<p><\/strong><\/font><\/p>\n<\/div>\n<div dir=\"ltr\">\n<p dir=\"ltr\"><font>par SAMIR GHARBI<\/font>              La diffusion de Jeune Afrique en Tunisie vit chaque semaine au rythme de       l\u2019administration. Nos distributeurs attendent le fameux \u00ab feu vert \u00bb avant       de se mettre en route, les uns pour la vente \u00e0 la cri\u00e9e dans les avenues       de Tunis, les autres pour les kiosques de la capitale et des autres villes       du pays              Malgr\u00e9 les promesses, rien n\u2019y fait. Le journal qui arrive samedi soir est       mis en vente plus de deux jours apr\u00e8s : 2,7 jours en moyenne en 2005 et 3       jours en moyenne depuis janvier 2006.              Partout ailleurs en Afrique et dans le reste du monde, J.A. est distribu\u00e9       imm\u00e9diatement apr\u00e8s son d\u00e9douanement \u00e0 l\u2019a\u00e9roport. Le syst\u00e8me tunisien du       \u00ab visa de diffusion \u00bb est unique. Les d\u00e9lais d\u2019attente sont variables (de       2 \u00e0 5 jours) sans que l\u2019on puisse comprendre pourquoi ni comment. Le       dernier num\u00e9ro, J.A.n\u00b0 2386, est arriv\u00e9 \u00e0 Tunis le 30 septembre. Il n\u2019a       \u00e9t\u00e9 autoris\u00e9 que le jeudi 5 octobre \u00e0 9 h 50.              <font><strong>(Source : jeune Afrique, N\u00b0 2389 du 8 au 14       octobre 2006)<\/strong><\/font><\/p>\n<\/div>\n<div dir=\"ltr\">\n<hr dir=\"ltr\"\/> <\/div>\n<div align=\"center\" dir=\"ltr\">\n<p dir=\"ltr\">\n<h2 style=\"color: red;\"><font size=\"3\"><strong>La Tunisie ach\u00e8te 125.000       tonnes de bl\u00e9 fran\u00e7ais et russe<\/strong><\/font><\/h2>\n<\/p>\n<\/div>\n<div dir=\"ltr\">\n<p dir=\"ltr\">       La Tunisie a achet\u00e9, mardi, 125.000 tonnes de bl\u00e9 tendre dont 75.000       tonnes d&rsquo;origine fran\u00e7aise et 50.000 tonnes d&rsquo;origine russe, pour des       livraisons pr\u00e9vues d&rsquo;octobre \u00e0 novembre, apprend-on mercredi matin de       sources du march\u00e9.               Le bl\u00e9 fran\u00e7ais a \u00e9t\u00e9 pay\u00e9 \u00e0 des prix allant de 234,58 \u00e0 242,97 dollars la       tonne co\u00fbt et fret (C et F) et le bl\u00e9 russe de 210,88 \u00e0 216,96 USD\/t C et       F, suivant les dates d&#8217;embarquement, a-t-on pr\u00e9cis\u00e9.               L&rsquo;appel d&rsquo;offres initial de la Tunisie portait sur 100.000 tonnes de bl\u00e9       toute origine.              <font><strong>(Source : lemonde.fr, le 11 octobre 2006)<\/strong><\/font><\/p>\n<\/div>\n<p> <\/font> <\/div>\n<p> <\/font> <\/p>\n<div dir=\"ltr\">\n<hr dir=\"ltr\"\/> <\/div>\n<div dir=\"ltr\">\n<div align=\"center\" dir=\"ltr\">\n<p dir=\"ltr\"><strong><font>SU<\/font><\/strong><\/p>\n<\/div>\n<div align=\"justify\" dir=\"ltr\">\n<p dir=\"ltr\"> <strong>** Avec la non am\u00e9lioration de l\u2019\u00e9tat canc\u00e9rig\u00e8ne de Monsieur Zine       Al Abidine Ben Ali, les initiatives se font et se d\u00e9font dans les arcanes       du palais de Carthage o\u00f9 l\u2019on continue de supputer\u00a0 autour de la question       de savoir quelle serait la meilleure formule qui assurerait la perduration       du syst\u00e8me. L\u2019actuelle formule ( accession du Pr\u00e9sident de l\u2019Assembl\u00e9       Nationale \u00e0 l\u2019int\u00e9rim de la pr\u00e9sidence pendant quarante jours en attendant       l\u2019organisation d\u2019\u00e9lections auxquelles il lui est interdit de participer)       ne semble pas rassurer certains tenants de la r\u00e9alit\u00e9 du pouvoir. On       reparle de nos jours de la reprise de l\u2019id\u00e9e\u00a0 d\u2019une vice pr\u00e9sidence de la       r\u00e9publique. Le postul\u00e9 d\u2019office &#8211; en d\u00e9pit de ses d\u00e9n\u00e9gations &#8211;\u00a0 continue       d\u2019\u00eatre Mr Kamel Morjane, actuel ministre de la D\u00e9fense dont on connait les       amicales relations \u00e0 Washington.<\/strong>              ** Les alg\u00e9riens, priv\u00e9s de moyens de communications libres, renouent avec       les m\u00e9thodes d&rsquo;antan o\u00f9 l&rsquo;on fait circuler sous le manteau les documents       interdits. C&rsquo;est ainsi qu&rsquo;une liste de noms, tous proches du r\u00e9gime,       circule ces derniers jours en Alg\u00e9rie. Il s&rsquo;agit des personnes ayant       b\u00e9n\u00e9fici\u00e9 des largesses de Khalifa bank durant les ann\u00e9es 2002 et 2003,       notamment apr\u00e8s la reprise de Khalifa TV. Le document en question ne s&rsquo;est       pas limit\u00e9 uniquement \u00e0 reprendre les noms des gens incrimin\u00e9s, mais       \u00e9galement les types et les num\u00e9ros des cartes bancaires utilis\u00e9es pour       retirer, pratiquement chaque semaine, des sommes allant de 5 000 \u00e0 30 000       euros. Les num\u00e9ros de clients et les dates des retraits ainsi que les       agences BCIA ont \u00e9t\u00e9 indiqu\u00e9s. A noter que les b\u00e9n\u00e9ficiaires mentionn\u00e9s       dans ces tracts\u00a0\u00a0 sont proches du g\u00e9n\u00e9ral Toufik, de Larbi Belkhir et de       Bouteflika.        \u00a0        ** Dans un article paru \u00e0 Alg\u00e9ria Watch, l\u2019affaire Zendjabil, dont notre       confr\u00e8re Djamel.Benchenouf \u00e0 donn\u00e9 un \u00e9clairage qui est aux antipodes des       comptes rendus de la presse alg\u00e9rienne, semble faire des vagues. Pourtant       tout le monde dans la profession aura remarqu\u00e9 les efforts\u00a0 de l\u2019Etat pour       la minimiser. Rappelons que Zendjabil, le plus grand baron de       l\u2019exportation du kif de l\u2019Alg\u00e9rie vers l\u2019Europe s\u2019est rendu r\u00e9cemment aux       autorit\u00e9s. Contrairement \u00e0 ce que la presse qualifie d\u2019arrestation, ses       avocats parlent de reddition, puisqu\u2019il invoque le b\u00e9n\u00e9fice de la loi sur       la r\u00e9conciliation. Il aurait d\u00e9clar\u00e9 avoir acquis une fortune immense \u00e0 la       faveur de la d\u00e9cennie rouge, entre 1993 et 2002 et\u00a0 qu\u2019une partie       importante de celle-ci aurait servi \u00e0 financer le terrorisme et qu\u2019il       recevait ses ordres de hauts responsables de\u00a0 l\u2019Arm\u00e9e alg\u00e9rienne, dont des       g\u00e9n\u00e9raux qui seraient des chefs de r\u00e9seaux.       Cette affaire s\u2019av\u00e8re extr\u00eamement g\u00eanante pour l\u2019Etat alg\u00e9rien en ce sens       qu\u2019elle pourrait jeter le discr\u00e9dit sur son image et sur les mesures de la       charte et de la loi sur la r\u00e9conciliation nationale, que de nombreux       opposants qualifient d\u2019 \u00ab AUTO AMNISTIE \u00bb<\/p>\n<\/div>\n<div align=\"justify\" dir=\"ltr\">\n<p dir=\"ltr\">L\u2019information de notre confr\u00e8re Djameleddine Benchenouf d\u2019un       \u00abtestament \u00bb qu\u2019aurait laiss\u00e9 Zendjabil pour se prot\u00e9ger contre une \u00ab       suicidation \u00bb se confirme puisque des sources cr\u00e9dibles font part de ce       documentqui circulerait sous le manteau et qui ferait \u00e9tat de r\u00e9v\u00e9lations       gravissimes.\u00a0    <\/p>\n<\/div>\n<div align=\"justify\" dir=\"ltr\">\n<p dir=\"ltr\">** L\u2019ancien premier ministre espagnol Jos\u00e9 Maria Aznar a       d\u00e9clar\u00e9 apr\u00e8s les propos controvers\u00e9s du Pape beno\u00eet XVI, \u00e0 l\u2019institut       Hudson de Washington : \u00ab\u00a0 Pour quelle raison nous devons toujours demander       pardon (aux musulmans) et eux jamais \u00bb Il a poursuivi : \u00ab\u00a0 Nous vivons en\u00a0       temps de guerre; ce sont eux ou nous. L\u2019occident n\u2019a pas attaqu\u00e9 l\u2019islam,       ce sont eux qui nous attaqu\u00e9s \u00bb. Monsieur Aznar a simplement oubli\u00e9 les       d\u00e9sastreuses cinquantaines d\u2019ann\u00e9es\u00a0 d\u2019occupation espagnole de la partie       occidentale du Maghreb au\u00a0 16 si\u00e8cle. Entre autres.    <\/p>\n<\/div>\n<div align=\"justify\" dir=\"ltr\">\n<p dir=\"ltr\"><strong><font>(Source : \u00ab Le Maghr\u00e9bin \u00bb,       \u00e9dition du 9 octobre 2006)       <\/font><\/strong>Site : <a href=\"http:\/\/www.hebdo.amd-maghreb.org\/\" target=\"_blank\" rel=\"noopener\">      http:\/\/www.hebdo.amd-maghreb.org\/<\/a><\/p>\n<\/div>\n<div align=\"justify\" dir=\"ltr\">\n<hr dir=\"ltr\"\/> <\/div>\n<div align=\"center\" dir=\"ltr\">\n<p dir=\"ltr\"> <strong><\/p>\n<h2 style=\"color: red;\"><font size=\"3\">La patrie\u00a0 contre la vie\u2026<\/font><\/h2>\n<p><\/strong> <\/p>\n<\/div>\n<div align=\"justify\" dir=\"ltr\">\n<p dir=\"ltr\"> <strong><font>Omar S&rsquo;habou<\/font><\/strong>       \u00a0        Comment\u00a0 peut-on ne pas ressentir une cruelle tristesse quand on apprend       que quatre sportifs de\u00a0 haut niveau, devant concourir au nom de la nation\u00a0       \u00e0 un tournoi international, choisissent\u00a0 au terme de la comp\u00e9tition, de ne       pas rentrer au pays et de lui pr\u00e9f\u00e9rer , tout compte fait, le pays       organisateur du tournoi ? C\u2019est ce que Mohammed Amin, Islam Tefahi,\u00a0 Amin       Hosni et Mohammed Omri, quatre champions de boxe tunisiens, ont choisi de       faire \u00e0 la fin d\u2019un tournoi en Allemagne. En d\u2019autres termes\u00a0 \u00ab\u00a0 harkou \u00bb       (ils ont clandestinement \u00e9migr\u00e9) comme le dit le\u00a0 langage populaire       tunisien. Mais\u00a0 d\u2019une autre mani\u00e8re : Plus \u00e9l\u00e9gante et plus s\u00fbre.    <\/p>\n<\/div>\n<div align=\"justify\" dir=\"ltr\">\n<p dir=\"ltr\">C\u2019est, \u00e0 mon sens, grave. Gravissime voire.<\/p>\n<\/div>\n<div align=\"justify\" dir=\"ltr\">\n<p dir=\"ltr\">Les quatre champions\u00a0 ne sont pas, de mon point de vue,       condamnables \u00e0 priori. (tji tloum te\u2019dher). Ce\u00a0 qui est condamnable, ce       sont bien \u00e9videment les causes qui les ont accul\u00e9s \u00e0 ce douloureux choix.       Je ne les crois pas\u00a0 manquer de patriotisme. On connait l\u2019attachement       charnel des maghr\u00e9bins \u00e0 leur pays d\u2019origine. Je les vois plut\u00f4t mortifi\u00e9s       d\u2019avoir eu \u00e0 pr\u00e9f\u00e9rer l\u2019exil, la solitude, les al\u00e9as de \u00ab\u00a0 la struggle for       live \u00bb, \u00e0 la chaleur\u00a0 de leurs parents, \u00e0 la convivialit\u00e9 de leurs proches,       \u00e0 l\u2019ambiance de leur quartier\u00a0 et \u00e0 l\u2019amour\u00a0 de leur Tunisie. Et je suis       pratiquement certain que le premier de leur r\u00eave est d\u2019ores et d\u00e9j\u00e0\u00a0\u00a0 de       revenir un jour au pays\u00a0 d\u00e9finitivement s\u00e9curis\u00e9 quant \u00e0 leur avenir, sans       avoir oubli\u00e9, entre temps, d\u2019envoyer la plus belle partie de leurs       \u00e9ventuels revenus\u00a0 aux leurs ; qui pour\u00a0 payer\u00a0 leurs dettes, qui pour       agrandir la maison, qui pour marier ses s\u0153urs, qui pour subvenir aux       besoins de scolarit\u00e9 de leur fratrie.    <\/p>\n<\/div>\n<div align=\"justify\" dir=\"ltr\">\n<p dir=\"ltr\">J\u2019incrimine les causes et les g\u00e9n\u00e9rateurs de ces causes. On       nous assourdi les oreilles\u00a0 et on nous rempli la vue ces derniers temps de       commentaires dithyrambiques quant au rang fort \u00e9logieux de la Tunisie que       le rapport annuel du Forum de Davos a publi\u00e9 au sujet des performances       \u00e9conomiques des pays du monde.\u00a0 Et voila une des causes : la mystification.       Le plus simple des tunisiens sait maintenant que ce ne sont que des       \u00e9critures abstraites qui ne couvrent aucune\u00a0 r\u00e9alit\u00e9 v\u00e9cue.    <\/p>\n<\/div>\n<div align=\"justify\" dir=\"ltr\">\n<p dir=\"ltr\">C\u00e9l\u00e9brer un rapport abstrait comme une preuve de bonne sant\u00e9       est un acte de\u00a0 mauvaise foi caract\u00e9ris\u00e9. Qu\u2019on demande aux dizaines de       milliers de dipl\u00f4m\u00e9s ch\u00f4meurs,\u00a0 aux centaines de milliers de repr\u00e9sentants       de la classe moyenne tunisienne jadis colonne vert\u00e9brale de la pyramide       sociale tunisienne et pour lesquels, n\u2019\u00e9tait la secourable main de la       corruption ou des\u00a0\u00a0 m\u00e9tiers compl\u00e9mentaires, la vie deviendrait ing\u00e9rable,\u00a0       aux dizaines de commer\u00e7ants l\u00e9gaux qui souffrent de la concurrence       ravageuse des forces financi\u00e8res occultes,\u00a0 aux cohortes de plus en plus       volumineux des victimes du tsunami mondialiste, s\u2019ils se retrouvent dans       ces statistiques et tableaux d\u2019honneur ! Allons donc !    <\/p>\n<\/div>\n<div align=\"justify\" dir=\"ltr\">\n<p dir=\"ltr\">Tous les tunisiens savent \u2013\u00a0 y compris les 2 millions de       destouriens qui sont avant tout des citoyens comme les autres \u2013 que la       croissance dont on\u00a0 chante la r\u00e9gularit\u00e9 annuelle\u00a0 n\u2019est pas en train de       se r\u00e9percuter sur leur vie\u00a0 de tous les jours. Au contraire, de par\u00a0 les       effets pervers des injonctions\u00a0 surr\u00e9alistes du FMI\u00a0 et\u00a0 dont je       d\u00e9monterais les m\u00e9canismes dans un prochain \u00e9ditorial, conjugu\u00e9s aux       perversions subis par les moyens de productions nationaux du fait des       illicites pratiques financi\u00e8res et commerciales qu\u2019on a impos\u00e9 au pays,       leur pouvoir d\u2019achat est de plus en plus insuffisant \u00e0 leur faire suivre       le rench\u00e9rissement du co\u00fbt de la vie. Leur pouvoir d\u2019achat s\u2019\u00e9rode       rapidement et \u00e0 vue d\u2019\u0153il. Il n\u2019est que de recenser les mouvements sociaux       de plus en plus soutenues et touchant la plupart\u00a0 des secteurs de la vie       nationale (occult\u00e9s bien entendu par une presse musel\u00e9e) pour se rendre\u00a0       compte du s\u00e9rieux et de l\u2019acuit\u00e9 de la crise. Et qu\u2019entre les mirages des       chiffres et la r\u00e9alit\u00e9 des faits, il y a une distance comparable \u00e0 celle       qui s\u00e9pare le ciel de la terre ! La plupart des tunisiens ne disent \u00e0       l\u2019unisson qu\u2019une seule complainte : nous n\u2019en pouvons plus ! On n\u2019arrive       plus \u00e0 joindre les deux bouts. Cela ne peut plus durer ainsi !    <\/p>\n<\/div>\n<div align=\"justify\" dir=\"ltr\">\n<p dir=\"ltr\">Et que l\u2019on ne nous accuse pas d\u2019ignorer les r\u00e9alit\u00e9s du pays       du fait que nous sommes depuis quelques ann\u00e9es en exil. Que les \u00e9ventuels       pourfendeurs (1) sachent\u00a0 une fois pour toutes que ceux qui ont pr\u00e9f\u00e9r\u00e9       l\u2019exil \u00e0 l\u2019\u00e9touffement des libert\u00e9s et \u00e0 la tyrannie de l\u2019argent imm\u00e9rit\u00e9,\u00a0       vibrent \u00e0 chaque instant aux r\u00e9alit\u00e9s du pays.Des r\u00e9alit\u00e9s qu\u2019ils suivent       au quotidien\u00a0 et en d\u00e9tails. En tous cas\u00a0 mieux\u00a0 et\u00a0 plus\u00a0 que ceux qui,       au pays, ne portent sur ces m\u00eames r\u00e9alit\u00e9s que le regard des petits       turlupins.        Si ce qu\u2019ils crient sur tous les toits \u00e9tait vrai, les quatre boxeurs \u2013 ne       serait ce que pour nous en tenir au theme\u00a0 de cet \u00e9ditorial &#8211;\u00a0       auraient-ils\u00a0 fait un tel d\u00e9chirant choix ? Et les dizaines de milliers de       jeunes ch\u00f4meurs en viendraient-ils \u00e0 souhaiter confier \u00e0 des embarcations       de fortune et \u00e0 l\u2019indulgence de la mer leur vie m\u00eame, pour fuir la mort       lente et \u00e0 petit\u00a0 feu qui\u00a0 les couve dans la Tunisie de Monsieur Zine Al       Abidine Ben ALI ?    <\/p>\n<\/div>\n<div align=\"justify\" dir=\"ltr\">\n<p dir=\"ltr\">C&rsquo;est tragique d&rsquo;en arriver \u00e0 mettre en \u00e9quation antith\u00e9tique       la patrie et la vie. Il n&rsquo; y pas\u00a0 longtemps ce type d&rsquo;\u00e9quation\u00a0 ne s&rsquo;est\u00a0       jamais \u00e9t\u00e9 pos\u00e9 en Tunisie. Les temps ont bien chang\u00e9. Plus exactement       depuis le changement&#8230;    <\/p>\n<\/div>\n<div align=\"justify\" dir=\"ltr\">\n<p dir=\"ltr\">(1)\u00a0\u00a0\u00a0\u00a0 Je ne souhaite \u00e0 personne de me jeter l&rsquo;opprobre de       l&rsquo;a-patriotisme.    <\/p>\n<\/div>\n<div align=\"justify\" dir=\"ltr\">\n<p dir=\"ltr\"><strong><font>(Source : \u00ab Le Maghr\u00e9bin \u00bb,       \u00e9dition du 9 octobre 2006)<\/font><\/strong>       Site : <a href=\"http:\/\/www.hebdo.amd-maghreb.org\/\" target=\"_blank\" rel=\"noopener\">      http:\/\/www.hebdo.amd-maghreb.org\/<\/a><\/p>\n<\/div>\n<div align=\"justify\" dir=\"ltr\">\n<hr dir=\"ltr\"\/> <\/div>\n<div align=\"center\" dir=\"ltr\">\n<p dir=\"ltr\"><strong><\/p>\n<h2 style=\"color: red;\"><font size=\"3\">Les islamistes       tunisiens et les am\u00e9ricains&#8230;<\/font><\/h2>\n<p><\/strong><\/p>\n<\/div>\n<div align=\"justify\" dir=\"ltr\">\n<p dir=\"ltr\"> <strong><font>Saloua Ben Youssef Charfi<\/font><\/strong><\/p>\n<\/div>\n<div align=\"justify\" dir=\"ltr\">\n<p dir=\"ltr\">Peut-on parler de l\u2019\u00e9mergence d\u2019un nouveau discours Nahdaoui       relatif \u00e0 la perception de l\u2019Occident par les islamistes et donc de la       possibilit\u00e9 de la formulation d\u2019une strat\u00e9gie visant \u00e0 \u00e9tablir des       relations de bon voisinage? Les r\u00e9centes d\u00e9clarations de Hamadi Jebali       peuvent en effet constituer un argumentaire \u00e0 ce genre de conclusion. Sauf       qu\u2019un discours ne se construit pas du jour au lendemain\u00a0 et qu\u2019en outre il       ne s\u2019agit pas d\u2019un pr\u00e9c\u00e9dent.<\/p>\n<\/div>\n<div align=\"justify\" dir=\"ltr\">\n<p dir=\"ltr\">Les d\u00e9clarations de Jebali s\u2019ins\u00e8rent\u00a0 en fait dans un       discours tactique d\u00e9j\u00e0 d\u00e9velopp\u00e9 par les Nahdaouis au cours du printemps       2005 en r\u00e9ponse\u00a0 \u00e0 l\u2019appel, de Condolizza Rice et de l\u2019Europe, \u00e0 entamer       un dialogue avec ce qu\u2019ils avaient qualifi\u00e9 \u00e0 l\u2019\u00e9poque \u00ab d\u2019 islamistes       mod\u00e9r\u00e9s \u00bb b\u00e9n\u00e9ficiant d\u2019une forte repr\u00e9sentativit\u00e9 et seuls capables,       selon eux, de faire contre poids aux terroristes.       Les Nahdaouis et les Fr\u00e8res Musulmans arabes en g\u00e9n\u00e9ral, y avaient alors\u00a0       vu une promesse d\u2019acc\u00e9der au pouvoir sous l\u2019\u0153il bienveillant des       puissances de ce monde.<\/p>\n<\/div>\n<div align=\"justify\" dir=\"ltr\">\n<p dir=\"ltr\">Un d\u00e9bat houleux o\u00f9 le \u00ab pour \u00bb l\u2019emportait largement sur le       \u00ab contre \u00bb avait eu lieu sur les sites \u00e9lectroniques islamistes auquel       Rached Ghannouchi et Abdelfattah Mourou avaient pris part pour exhorter       leurs partisans \u00e0 accepter l\u2019invitation au dialogue. Les arguments       utilis\u00e9s n\u2019\u00e9taient pas uniquement de nature pragmatique. Il en fallait       plus pour convaincre une base \u00e9duqu\u00e9e \u00e0 la Pavlov qui rejetait l\u2019Occident       impie en bloc. Ghannouchi par exemple avait sorti toute l\u2019artillerie des       fetwa et pr\u00e9c\u00e9dents historiques de l\u2019Islam permettant une telle alliance       et avait d\u00e9ploy\u00e9 toute sa verve pour d\u00e9montrer que l\u2019Occident n\u2019\u00e9tait pas       que diable. Mourou pour sa part qualifiait l\u2019invitation occidentale au       dialogue comme un \u00e9v\u00e9nement majeur qu\u2019il convenait d\u2019utiliser comme moyen       de pression sur le r\u00e9gime. Jebali n\u2019avait pas particip\u00e9 au d\u00e9bat pour la       bonne raison qu\u2019il se trouvait en prison.<\/p>\n<\/div>\n<div align=\"justify\" dir=\"ltr\">\n<p dir=\"ltr\">Le projet a cependant fait long feu apr\u00e8s les attentas contre       le m\u00e9tro londonien en juillet 2005 et surtout suite \u00e0 l\u2019accession de Hamas       au pouvoir et son refus de reconna\u00eetre l\u2019existence d\u2019Isra\u00ebl. Mais le       nouveau coup de force du parti chiite Hezbollah au Liban qui a drain\u00e9       sunnites et chiites, et le b\u00e9n\u00e9fice tir\u00e9 par l\u2019Iran de ce succ\u00e8s qui lui a       permis de tenir t\u00eate aux USA sur le dossier nucl\u00e9aire, a fait craindre un       renversement des rapports de force par l\u2019appui des islamistes sunnites \u00e0       cette alliance ; d\u2019o\u00f9 le recours \u00e0 la traditionnelle m\u00e9thode politique de       diviser pour r\u00e9gner.<\/p>\n<\/div>\n<div align=\"justify\" dir=\"ltr\">\n<p dir=\"ltr\"><strong><font>(Source : \u00ab Le Maghr\u00e9bin \u00bb,       \u00e9dition du 9 octobre 2006)<\/font><\/strong>       Site : <a href=\"http:\/\/www.hebdo.amd-maghreb.org\/\" target=\"_blank\" rel=\"noopener\">      http:\/\/www.hebdo.amd-maghreb.org\/<\/a><\/p>\n<\/div>\n<div align=\"justify\" dir=\"ltr\">\n<hr dir=\"ltr\"\/> <\/div>\n<div align=\"center\" dir=\"ltr\">\n<p dir=\"ltr\"> <strong><font><\/p>\n<h3 style=\"color: blue;\"><font size=\"3\">L\u2019Islamisme       au Maghreb<\/font><\/h3>\n<p>L\u2019avis de trois experts<\/font><\/strong><\/p>\n<\/div>\n<div align=\"justify\" dir=\"ltr\">\n<p dir=\"ltr\"> <strong>Mounia Bennani Chra\u00efbi , professeur associ\u00e9e \u00e0 l\u2019institut d\u2019\u00e9tudes       politiques et internationales de l\u2019universit\u00e9 de Lausanne ; Bruno Etienne,       professeur de sciences politiques et directeur de l\u2019Observatoire du       religieux \u00e0 l\u2019Institut d\u2019\u00e9tudes politiques d\u2019Aix-en-Provence et R\u00e9my       Leveau,\u00a0 professeur \u00e9m\u00e9rite \u00e0 l\u2019Institut d\u2019\u00e9tudes politiques de Paris. et       directeur scientifique de l\u2019annuaire Afrique du Nord-Moyen-Orient. Espace       et conflits,\u00a0 donnent ci-apr\u00e8s\u00a0\u00a0 leurs avis sur l\u2019\u00e9mergence de l\u2019islamisme       au Maghreb <\/strong> <\/p>\n<\/div>\n<div align=\"justify\" dir=\"ltr\">\n<p dir=\"ltr\"><strong><font>R\u00e9my Leveau :<\/font><\/strong> \u00a0\u00bb       les trois pays du Maghreb ont, chacun \u00e0 leur fa\u00e7on, avec plus ou moins       d\u2019autoritarisme, contr\u00f4l\u00e9 les d\u00e9bordements de l\u2019islamisme radical. Ce       courant n\u2019as plus de chances aujourd\u2019hui de contr\u00f4ler le pouvoir par une       action subversive, mais on peut penser qu\u2019il reste pr\u00e9sent au sein de la       soci\u00e9t\u00e9. Une certaine latitude d\u2019expression dans le champ d\u00e9mocratique       devrait limiter la tentation de la violence. Celle-ci s\u2019alimente aussi des       profondes in\u00e9galit\u00e9s sociales et de l\u2019absence d\u2019espoir pour les jeunes qui       caract\u00e9risent les soci\u00e9t\u00e9s maghr\u00e9bines. Les interventions ext\u00e9rieures       peuvent jouer sur ce terrain, mais elles n\u2019ont qu\u2019un caract\u00e8re secondaire.\u00a0\u00bb    <\/p>\n<\/div>\n<div align=\"justify\" dir=\"ltr\">\n<p dir=\"ltr\">\u00a0<strong><font>Mounia Bennani Chra\u00efbi<\/font><\/strong>       :\u00a0 \u00a0\u00bb Encore une fois, l\u2019islamisme n\u2019est pas \u00ab un \u00bb, ni \u00e0 l\u2019\u00e9chelle       mondiale, ni \u00e0 l\u2019\u00e9chelle maghr\u00e9bin, ni m\u00eame \u00e0 l\u2019\u00e9chelle d\u2019un pays comme la       Maroc ou l\u2019Alg\u00e9rie. On ne le r\u00e9p\u00e9tera jamais suffisamment : ce que l\u2019on       appelle islamisme est un r\u00e9pertoire o\u00f9 les acteurs puissent de mani\u00e8re       tr\u00e8s diversifi\u00e9 et m\u00eame contradictoire. On peut donc davantage parler en       termes de mouvance sue d\u2019international structur\u00e9e ayant des mots d\u2019ordre,       des objectifs et des modalit\u00e9s d\u2019action identiques. A partir de l\u00e0, on ne       peut que constater que les strat\u00e9gies et les revendications des mouvements       islamistes maghr\u00e9bins s\u2019impr\u00e8gnent fortement des contextes dans lesquels       ils s\u2019inscrivent. Aussi paradoxal que cela puisse para\u00eetre, les discours       estudiantins islamistes Marocains s\u2019apparentent davantage aux discours de       leur a\u00een\u00e9s marxistes qu\u2019\u00e0 ceux de leur homologue Alg\u00e9rien ou Tunisien.       Toujours dans le royaume, \u00e0 c\u00f4t\u00e9 du groupe Justice et Bienfaisance, dont       le guide a r\u00e9invent\u00e9 une tradition mystique, se trouve le Parti de la       justice et du d\u00e9veloppement (PJD) qui a pour mod\u00e8le le PJD Turc plut\u00f4t que       le Front Islamiste du Salut (FIS), et qui semble pr\u00e9senter aujourd\u2019hui un       profil quasi id\u00e9al typique du parti Marocain, dans sa mani\u00e8re de s\u2019adapter       au jeu cooptatif de la Maison Royale. Les attentats de Casablanca qui ont       r\u00e9v\u00e9l\u00e9 au grand jour des groupuscules ins\u00e9r\u00e9s dans des r\u00e9seaux       internationaux ont conduit les courants qui aspirent \u00e0 jouer un r\u00f4le sur       sc\u00e8ne politique et sociale int\u00e9rieur \u00e0 une plus grande prudence et au       nettoyage de leur vitrine (prise de position plus claire par rapport \u00e0 la       violence, par rapport \u00e0 l\u2019antis\u00e9mitisme, etc.). Pour conclure, \u00ab       l\u2019islamisme \u00bb marocain est certes h\u00e9t\u00e9rog\u00e8ne et relativement contr\u00f4l\u00e9,       mais il n\u2019en demeure pas moins un langage de protestation h\u00e9g\u00e9monique,       plein de ressources et qui a encore de l\u2019avenir\u00a0\u00bb    <\/p>\n<\/div>\n<div align=\"justify\" dir=\"ltr\">\n<p dir=\"ltr\"><strong><font>\u00a0Bruneau Etienne<\/font><\/strong>       : \u00ab\u00a0L\u2019islamisme radical est un \u00e9chec patent dans la mesure o\u00f9 nulle part il       n\u2019a r\u00e9ussi \u00e0 cr\u00e9er une soci\u00e9t\u00e9 islamique conforme \u00e0 la Charia et au mythe       des Rachidun (1) . En revanche, il a en partie r\u00e9ussi l\u2019islamisation par       le bas de la soci\u00e9t\u00e9 civile et il est porteur de revendications       identitaires auxquelles les pouvoirs en place r\u00e9pondent assez souvent de       fa\u00e7on positive. Mais, en tant que force politique autonome, il n\u2019a aucune       capacit\u00e9 \u00e0 mettre en danger les pouvoirs \u00e9tablis\u00a0\u00bb    <\/p>\n<\/div>\n<div align=\"justify\" dir=\"ltr\">\n<p dir=\"ltr\">1- Les Rachidun sont les quatre califes * ayant succ\u00e9d\u00e9 au       proph\u00e8te Mohamed ; ils sont dits \u00ab bien inspir\u00e9s \u00bb par la tradition.    <\/p>\n<\/div>\n<div align=\"justify\" dir=\"ltr\">\n<p dir=\"ltr\"><strong><font>(Source : \u00ab Le Maghr\u00e9bin \u00bb,       \u00e9dition du 9 octobre 2006)<\/font><\/strong>       Site : <a href=\"http:\/\/www.hebdo.amd-maghreb.org\/\" target=\"_blank\" rel=\"noopener\">      http:\/\/www.hebdo.amd-maghreb.org\/<\/a> <\/p>\n<\/div><\/div>\n<div dir=\"ltr\">\n<hr dir=\"ltr\"\/> <\/div>\n<div align=\"center\" dir=\"ltr\">\n<p dir=\"ltr\"><strong><\/p>\n<h3 style=\"color: blue;\"><font size=\"3\">Morocco moves to drop     headscarf<\/font><\/h3>\n<p><\/strong> <\/p>\n<\/div>\n<div align=\"justify\" dir=\"ltr\">\n<p dir=\"ltr\">     By Richard Hamilton  <\/p>\n<\/div>\n<div align=\"justify\" dir=\"ltr\">\n<p dir=\"ltr\">BBC News, Rabat\u00a0  <\/p>\n<\/div>\n<div align=\"justify\" dir=\"ltr\">\n<p dir=\"ltr\">Morocco is making major changes to religious education, in     particular regarding whether young girls should wear headscarves.  <\/p>\n<\/div>\n<div align=\"justify\" dir=\"ltr\">\n<p dir=\"ltr\">A picture of a mother and her daughter wearing headscarves is     being removed from the latest editions of a text book.  <\/p>\n<\/div>\n<div align=\"justify\" dir=\"ltr\">\n<p dir=\"ltr\">A verse from the Koran that says girls should don veils has     already been taken out of the books.  <\/p>\n<\/div>\n<div align=\"justify\" dir=\"ltr\">\n<p dir=\"ltr\">Other Arab countries have made similar changes, worrying that     the veil could be used as a symbol of extremism.  <\/p>\n<\/div>\n<div align=\"justify\" dir=\"ltr\">\n<p dir=\"ltr\"><strong><font>Trust <\/font><\/strong> <\/p>\n<\/div>\n<div align=\"justify\" dir=\"ltr\">\n<p dir=\"ltr\">There are few things that have become such obvious and     controversial symbols of Islamic identity as the headscarf.  <\/p>\n<\/div>\n<div align=\"justify\" dir=\"ltr\">\n<p dir=\"ltr\">But until now it has not been a controversial issue in Morocco.  <\/p>\n<\/div>\n<div align=\"justify\" dir=\"ltr\">\n<p dir=\"ltr\">On Avenue Mohammed V, the main avenue in central Rabat, older     women in particular can be seen wearing traditional long robes with full     headscarves.  <\/p>\n<\/div>\n<div align=\"justify\" dir=\"ltr\">\n<p dir=\"ltr\">But younger women wear everything from that to more modern     clothes such as trainers, jeans and T-shirts, with nothing on their heads &#8211;     except perhaps some expensive designer sunglasses.  <\/p>\n<\/div>\n<div align=\"justify\" dir=\"ltr\">\n<p dir=\"ltr\">The variety of clothes and head dresses seems to reflect the     fact that Morocco is seen as a liberal country with some pro-western     leanings.  <\/p>\n<\/div>\n<div align=\"justify\" dir=\"ltr\">\n<p dir=\"ltr\">But for some more conservative people this latest move is an     underhand way of undermining Morocco&rsquo;s Islamic roots.  <\/p>\n<\/div>\n<div align=\"justify\" dir=\"ltr\">\n<p dir=\"ltr\">Abdelkarim El Houichre from the Association of Teachers of     Islamic Education does not trust the government&rsquo;s motives:  <\/p>\n<\/div>\n<div align=\"justify\" dir=\"ltr\">\n<p dir=\"ltr\">\u00ab\u00a0I think there is pressure coming from the United States, which     believes that teaching about traditional Islam and teaching girls to wear     headscarves will somehow encourage extremism and terrorism,\u00a0\u00bb he says.  <\/p>\n<\/div>\n<div align=\"justify\" dir=\"ltr\">\n<p dir=\"ltr\">\u00ab\u00a0But I think Islamic education has to be kept within mainstream     teaching in our schools because that way we can control it. If we deny it to     them in school then they will only go and find out more outside of school     and they are more likely to fall into the wrong hands.\u00a0\u00bb  <\/p>\n<\/div>\n<div align=\"justify\" dir=\"ltr\">\n<p dir=\"ltr\"><strong><font>Dilemma <\/font><\/strong> <\/p>\n<\/div>\n<div align=\"justify\" dir=\"ltr\">\n<p dir=\"ltr\">In the current climate, the Moroccan government is worried     about anything that might fan the flames of Islamic fundamentalism and says     it does not want the headscarf to become a rallying cry for extreme     organisations.  <\/p>\n<\/div>\n<div align=\"justify\" dir=\"ltr\">\n<p dir=\"ltr\">Education ministry official Aboulkacem Samir says the headscarf     has political overtones:  <\/p>\n<\/div>\n<div align=\"justify\" dir=\"ltr\">\n<p dir=\"ltr\">\u00ab\u00a0This issue isn&rsquo;t really about religion, its about politics,\u00a0\u00bb     he says.  <\/p>\n<\/div>\n<div align=\"justify\" dir=\"ltr\">\n<p dir=\"ltr\">\u00ab\u00a0The headscarf for women is a political symbol, in the same way     as the beard is for men. But we in the ministry must be very careful that     the books are fair to all Moroccans and do not represent just one political     faction.\u00a0\u00bb  <\/p>\n<\/div>\n<div align=\"justify\" dir=\"ltr\">\n<p dir=\"ltr\">Across the Arab world the headscarf issue seems to be gathering     momentum.  <\/p>\n<\/div>\n<div align=\"justify\" dir=\"ltr\">\n<p dir=\"ltr\">In Tunisia for example, young women who wear veils say they     have been harassed by the authorities who are forcing the girls to remove     their veils at schools and universities.  <\/p>\n<\/div>\n<div align=\"justify\" dir=\"ltr\">\n<p dir=\"ltr\">The veil is perhaps a microcosm of a much broader dilemma &#8211;     should Arab countries in north Africa turn towards secular democracies or to     more traditional Islamist countries for their guidance and inspiration?  <\/p>\n<\/div>\n<div align=\"justify\" dir=\"ltr\">\n<p dir=\"ltr\">Morocco is treading a fine line between these competing     influences and the headscarf might just be something that trips it up.  <\/p>\n<\/div>\n<div align=\"justify\" dir=\"ltr\">\n<p dir=\"ltr\"><strong><font>Story from BBC NEWS:<\/font><\/strong><\/p>\n<\/div>\n<div align=\"justify\" dir=\"ltr\">\n<p dir=\"ltr\"> <a href=\"http:\/\/news.bbc.co.uk\/go\/pr\/fr\/-\/1\/hi\/world\/africa\/5413808.stm\" target=\"_blank\" rel=\"noopener\">    http:\/\/news.bbc.co.uk\/go\/pr\/fr\/-\/1\/hi\/world\/africa\/5413808.stm<\/a><\/p>\n<\/div>\n<div align=\"justify\" dir=\"ltr\">\n<p dir=\"ltr\"><strong>Published: 2006\/10\/06 15:03:57 GMT<\/strong><\/p>\n<\/div>\n<div align=\"justify\" dir=\"ltr\">\n<hr dir=\"ltr\"\/> <\/div>\n<div align=\"center\" dir=\"ltr\">\n<p dir=\"ltr\"><strong><\/p>\n<h3 style=\"color: blue;\"><font size=\"3\">Le Turc Erdogan d\u00e9nonce     le pass\u00e9 colonial de la France<\/font><\/h3>\n<p><\/strong><\/p>\n<\/div>\n<div align=\"justify\" dir=\"ltr\">\n<p dir=\"ltr\">     par Paul de Bendern<\/p>\n<\/div>\n<div align=\"justify\" dir=\"ltr\">\n<p dir=\"ltr\">AFP, le 10 octobre 2006 \u00e0 16h24<\/p>\n<\/div>\n<div align=\"justify\" dir=\"ltr\">\n<p dir=\"ltr\">ANKARA, 10 octobre (Reuters) &#8211; Le Premier ministre turc, Recep     Tayyip Erdogan, a invit\u00e9 mardi la France \u00e0 se pencher sur son propre pass\u00e9     colonial en Afrique plut\u00f4t que d&rsquo;exiger de la Turquie la reconnaissance d&rsquo;un     g\u00e9nocide d&rsquo;Arm\u00e9niens au d\u00e9but du XXe si\u00e8cle.<\/p>\n<\/div>\n<div align=\"justify\" dir=\"ltr\">\n<p dir=\"ltr\">\u00ab\u00a0La France doit examiner ce qui s&rsquo;est pass\u00e9 au S\u00e9n\u00e9gal, en     Tunisie, \u00e0 Djibouti, en Guin\u00e9e, en Alg\u00e9rie (&#8230;) Je ne me souviens pas que     ces pays aient attis\u00e9 la col\u00e8re ensevelie par les cendres de l&rsquo;Histoire\u00a0\u00bb, a     dit Erdogan dans un discours.<\/p>\n<\/div>\n<div align=\"justify\" dir=\"ltr\">\n<p dir=\"ltr\">La Turquie reproche \u00e0 la France l&rsquo;examen jeudi au parlement     d&rsquo;une proposition de loi socialiste p\u00e9nalisant la n\u00e9gation du g\u00e9nocide de     1,5 million d&rsquo;Arm\u00e9niens par les forces ottomanes.<\/p>\n<\/div>\n<div align=\"justify\" dir=\"ltr\">\n<p dir=\"ltr\">Ankara conteste la qualification de g\u00e9nocide et souligne qu&rsquo;un     grand nombre de chr\u00e9tiens arm\u00e9niens et de Turcs musulmans sont morts dans     ces affrontements pendant la Premi\u00e8re Guerre mondiale.<\/p>\n<\/div>\n<div align=\"justify\" dir=\"ltr\">\n<p dir=\"ltr\">La Turquie s&rsquo;est \u00e9galement indign\u00e9e de l&rsquo;opinion exprim\u00e9e par     le pr\u00e9sident fran\u00e7ais Jacques Chirac selon laquelle la reconnaissance du \u00ab\u00a0g\u00e9nocide\u00a0\u00bb     arm\u00e9nien devrait \u00eatre une condition \u00e0 l&rsquo;entr\u00e9e de la Turquie dans l&rsquo;Union     europ\u00e9enne, ce qui n&rsquo;est pas pr\u00e9vu par l&rsquo;accord ayant permis l&rsquo;ouverture des     n\u00e9gociations en 2005.<\/p>\n<\/div>\n<div align=\"justify\" dir=\"ltr\">\n<p dir=\"ltr\">La classe politique turque examine des mesures de repr\u00e9sailles     en cas d&rsquo;adoption par la France de cette proposition de loi socialiste. La     Turquie pourrait ainsi \u00e0 son tour p\u00e9naliser la n\u00e9gation d&rsquo;un g\u00e9nocide en     Alg\u00e9rie du temps de la colonisation fran\u00e7aise, de 1830 \u00e0 1962.<\/p>\n<\/div>\n<div align=\"justify\" dir=\"ltr\">\n<p dir=\"ltr\"><strong><font>VOTE MERCREDI AU PARLEMENT TURC?<\/font><\/strong><\/p>\n<p dir=\"ltr\">     La commission parlementaire de la Justice doit examiner mercredi     l&rsquo;opportunit\u00e9 de soumettre au vote de l&rsquo;assembl\u00e9e pl\u00e9ni\u00e8re une proposition     de loi en ce sens.<\/p>\n<\/div>\n<div align=\"justify\" dir=\"ltr\">\n<p dir=\"ltr\">Le pr\u00e9sident alg\u00e9rien Abdelaziz Bouteflika a lui-m\u00eame assimil\u00e9     en avril la colonisation fran\u00e7aise de l&rsquo;Alg\u00e9rie \u00e0 un \u00ab\u00a0g\u00e9nocide de l&rsquo;identit\u00e9     alg\u00e9rienne\u00a0\u00bb.<\/p>\n<\/div>\n<div align=\"justify\" dir=\"ltr\">\n<p dir=\"ltr\">Un mois plus tard, il a r\u00e9clam\u00e9 des excuses officielles de la     France aux Alg\u00e9riens avant, en juillet, de qualifier les 130 ann\u00e9es de     pr\u00e9sence fran\u00e7aise en Alg\u00e9rie de \u00ab\u00a0formes de colonisation les plus barbares     de l&rsquo;Histoire\u00a0\u00bb. Il avait aussi \u00e9voqu\u00e9 une \u00ab\u00a0agression injustifi\u00e9e contre une     Nation, un Etat et un peuple\u00a0\u00bb.<\/p>\n<\/div>\n<div align=\"justify\" dir=\"ltr\">\n<p dir=\"ltr\">Malgr\u00e9 la volont\u00e9 de certains parlementaires turcs, Erdogan a     cependant exclu de suivre la loi du talion: \u00ab\u00a0Certains de nos amis disent &lsquo;La     France a fait \u00e7a, nous devrions r\u00e9pliquer&rsquo;. Mais nous ne faisons pas partie     de ceux qui nettoient la salet\u00e9 par la salet\u00e9. Nous faisons partie de ceux     qui nettoient la salet\u00e9 avec de l&rsquo;eau propre.\u00a0\u00bb<\/p>\n<\/div>\n<div align=\"justify\" dir=\"ltr\">\n<p dir=\"ltr\">Le chef spirituel de la petite communaut\u00e9 arm\u00e9nienne de Turquie,     le patriarche Mesrob II, s&rsquo;est lui aussi prononc\u00e9 contre la proposition de     loi fran\u00e7aise: \u00ab\u00a0Toutes les initiatives qui limitent la libert\u00e9 d&rsquo;expression     portent atteinte au dialogue engag\u00e9 entre les communaut\u00e9s turques et     arm\u00e9niennes et renforcent les \u00e9l\u00e9ments excessivement nationalistes et     racistes des deux c\u00f4t\u00e9s.\u00a0\u00bb<\/p>\n<\/div>\n<div align=\"justify\" dir=\"ltr\">\n<p dir=\"ltr\">Un journaliste turc d&rsquo;origine arm\u00e9nienne s&rsquo;est par ailleurs dit     pr\u00eat \u00e0 \u00eatre emprisonn\u00e9 en France pour y d\u00e9fendre le droit de parler     librement du sort r\u00e9serv\u00e9 aux Arm\u00e9niens par les forces ottomanes durant la     Premi\u00e8re Guerre mondiale.<\/p>\n<\/div>\n<div align=\"justify\" dir=\"ltr\">\n<p dir=\"ltr\">Hrant Dink, r\u00e9dacteur en chef d&rsquo;Agos, hebdomadaire bilingue     turc et arm\u00e9nien, a d\u00e9j\u00e0 \u00e9t\u00e9 condamn\u00e9 \u00e0 six mois de prison avec sursis en     Turquie pour un article \u00e9voquant des th\u00e8ses nationalistes arm\u00e9niennes. Dans     une interview \u00e0 Reuters, il d\u00e9nonce l&rsquo;attitude \u00ab\u00a0irrationnelle\u00a0\u00bb des deux pays.<\/p>\n<\/div>\n<div align=\"justify\" dir=\"ltr\">\n<p dir=\"ltr\">REUTERS<\/p>\n<\/div>\n<div align=\"justify\" dir=\"ltr\">\n<hr dir=\"ltr\"\/> <\/div>\n<div align=\"center\" dir=\"ltr\">\n<p dir=\"ltr\"> <strong><\/p>\n<h3 style=\"color: blue;\"><font size=\"3\">La Divine Com\u00e9die<\/font><\/h3>\n<p><\/strong><\/p>\n<\/div>\n<p> <strong><font><\/p>\n<p><font size=\"3\"> <\/p>\n<div align=\"left\" dir=\"ltr\">\n<p dir=\"ltr\">     Bassam Bounenni     chercheur tunisien en g\u00e9opolitique<\/p>\n<\/div>\n<div align=\"justify\" dir=\"ltr\">\n<p dir=\"ltr\">Que l\u2019homme de lettres italien Dante Alighieri m\u2019excuse pour     l\u2019emprunt du titre de sa majestueuse \u00ab b\u00eatise \u00bb litt\u00e9raire. J\u2019en fais usage     pour \u00e9voquer une b\u00eatise moins fameuse, une b\u00eatise humaine au sens moderne du     terme.<\/p>\n<\/div>\n<div align=\"justify\" dir=\"ltr\">\n<p dir=\"ltr\">Les \u00ab festivals \u00bb se multiplient au Liban, depuis quelques     jours. Et chacun crie victoire. Ou, \u00e0 d\u00e9faut d\u2019exploit politique et     militaire, crie scandale.  <\/p>\n<\/div>\n<div align=\"justify\" dir=\"ltr\">\n<p dir=\"ltr\">Dans un camp, on parle de \u00ab victoire divine \u00bb. Dans un autre,     on entame le bal par une messe. Bref, politique et religieux s\u2019enchev\u00eatrent,     ajoutant du burlesque r\u00e9pugnant \u00e0 un discours de haine, de part et d\u2019autre.     Et le Liban dans tout cela ?  <\/p>\n<\/div>\n<div align=\"justify\" dir=\"ltr\">\n<p dir=\"ltr\">Nul ne peut nier que le Hezbollah a eu le m\u00e9rite de secouer     toute la r\u00e9gion, lors de son face-\u00e0-face avec Isra\u00ebl. Des m\u00e9dias et des     intellectuels insistent \u00e0 l\u2019immortaliser comme \u00e9tant \u00ab la VIe guerre     isra\u00e9lo-arabe \u00bb. Le Parti de Dieu a, en effet, mis un terme \u00e0 la r\u00e8gle     respect\u00e9e, \u00e0 tort ou \u00e0 raison, par les Etats majors arabes, laquelle exclut     l\u2019\u00e9ventualit\u00e9 d\u2019une nouvelle guerre avec l\u2019Etat h\u00e9breu.<\/p>\n<\/div>\n<div align=\"justify\" dir=\"ltr\">\n<p dir=\"ltr\">Mais cette guerre qui a co\u00fbt\u00e9 tr\u00e8s cher aux Libanais a-t-elle     permis au pays du C\u00e8dre de finir avec le schisme g\u00e9n\u00e9ral qui ravage toute     une nation ?<\/p>\n<\/div>\n<div align=\"justify\" dir=\"ltr\">\n<p dir=\"ltr\">Les populations arabes ont vite adh\u00e9r\u00e9 \u00e0 une guerre qui n\u2019\u00e9tait     pas la leur. En l\u2019absence de perspectives politiques et sociales sous leurs     cieux, ils ont cherch\u00e9 exploit ailleurs. Ajoutant un zeste de fatalisme \u2014 la     guerre ou rien \u2014 \u00e0 une recette d\u00e9j\u00e0 am\u00e8re.  <\/p>\n<\/div>\n<div align=\"justify\" dir=\"ltr\">\n<p dir=\"ltr\">Chez \u00ab l\u2019ennemi \u00bb isra\u00e9lien, pourtant, le cours des \u00e9v\u00e9nements     prend une autre tournure : enqu\u00eate sur le comment de la d\u00e9route, baisse de     popularit\u00e9 pour le duo trop politicien de Olmert-Peretz.<\/p>\n<\/div>\n<div align=\"justify\" dir=\"ltr\">\n<p dir=\"ltr\">Les pratiques d\u00e9mocratiques, solidement consolid\u00e9es en Isra\u00ebl,     ont impos\u00e9 cette \u00ab r\u00e9trospective \u00bb qui pourrait faire des victimes autant     que la guerre n\u2019en a faites.  <\/p>\n<\/div>\n<div align=\"justify\" dir=\"ltr\">\n<p dir=\"ltr\">Mais, au Liban, ainsi que dans les pays arabes, l\u2019heure n\u2019est     pas encore aux comptes. Elle ne l\u2019est pas et ne le sera jamais. M\u00eame lorsque     Hassan Nasrallah avait d\u00e9clar\u00e9 qu\u2019il n\u2019aurait certainement pas pris en otage     des soldats isra\u00e9liens s\u2019il avait su que la riposte isra\u00e9lienne serait aussi     disproportionn\u00e9e, la rue arabe y avait vu un \u00ab lapsus \u00bb. Certains sont m\u00eame     all\u00e9s jusqu\u2019\u00e0 critiquer le chef du Hezbollah pour son \u00ab franc-parler \u00bb     d\u00e9plac\u00e9 et pouvant minimiser l\u2019impact de sa \u00ab victoire \u00bb.<\/p>\n<\/div>\n<div align=\"justify\" dir=\"ltr\">\n<p dir=\"ltr\">Et les monarchies p\u00e9troli\u00e8res d\u2019entamer leur kermesse. La     surench\u00e8re \u00ab humanitaire \u00bb a, d\u2019ailleurs, atteint son paroxysme. Sauf qu\u2019on     a toujours omis que le Liban n\u2019a vraiment pas besoin de charit\u00e9. Loin s\u2019en     faut. Le pays du C\u00e8dre a plut\u00f4t besoin de stabilit\u00e9, \u00e0 la fois     institutionnelle et inter-confessionnelle. En somme, un nouveau visage o\u00f9     priment l\u2019unit\u00e9 et l\u2019int\u00e9r\u00eat nationaux.  <\/p>\n<\/div>\n<div align=\"justify\" dir=\"ltr\">\n<p dir=\"ltr\">Le cas du Liban n\u2019est pas si m\u00e9connu pour les pays arabes les     plus influents. L\u2019Iraq est l\u2019autre face de la monnaie.  <\/p>\n<\/div>\n<div align=\"justify\" dir=\"ltr\">\n<p dir=\"ltr\">Dans les deux \u00ab trag\u00e9dies \u00bb, il est un point commun on ne peut     plus capital : en Iraq, comme au Liban, force serait de tourner la page du     pass\u00e9. Car, il est inconcevable de voir des mains ensanglant\u00e9es signer ou     aspirer \u00e0 signer des alliances de bonne entente ou des codes de bonne     conduite. Quelle cr\u00e9dibilit\u00e9 pour les thurif\u00e9raires du mal, ici et l\u00e0 ?  <\/p>\n<\/div>\n<div align=\"justify\" dir=\"ltr\">\n<p dir=\"ltr\">Faut-il passer par La Haye, me diriez-vous ? Ce n\u2019est pas     l\u2019objectif. Du moins, pour l\u2019instant. Mais, tant que l\u2019impunit\u00e9 permet \u00e0 des     criminels de guerre de jouer un r\u00f4le pr\u00e9pond\u00e9rant dans les assises du \u00ab     dialogue national \u00bb, les d\u00e9bouch\u00e9s ne seront pas prometteurs.<\/p>\n<\/div>\n<div align=\"justify\" dir=\"ltr\">\n<p dir=\"ltr\"><strong><font>(Source : Alahram hebdo)<\/font><\/strong><\/p>\n<\/div>\n<div align=\"justify\" dir=\"ltr\">\n<p dir=\"ltr\">\u00a0<a href=\"http:\/\/hebdo.ahram.org.eg\/Arab\/Ahram\/2006\/10\/4\/opin4.htm\" target=\"_blank\" rel=\"noopener\">http:\/\/hebdo.ahram.org.eg\/Arab\/Ahram\/2006\/10\/4\/opin4.htm<\/a><\/p>\n<\/div>\n<div align=\"justify\" dir=\"ltr\">\n<hr dir=\"ltr\"\/> <\/div>\n<div align=\"justify\" dir=\"ltr\">\n<div align=\"center\" dir=\"ltr\">\n<p dir=\"ltr\"><strong><\/p>\n<h3 style=\"color: blue;\"><font size=\"3\">Support Freedom in the       Arab World<\/font><\/h3>\n<p><\/strong> <\/p>\n<\/div>\n<div align=\"justify\" dir=\"ltr\">\n<p dir=\"ltr\"> <strong><font>By Radwan A. Masmoudi and Amr Hamzawy<\/font><\/strong>                    As Arab and Muslim intellectuals and activists concerned about the       promotion of democracy in our region, we call on America and its president       to reaffirm &#8212; in words and actions &#8212; its commitment to sustained       democratic reform in the Arab world.       We have been heartened by the strong commitment to liberty that President       Bush expressed in his November 2003 speech at the National Endowment for       Democracy and then in his second inaugural address, when he said: \u00ab\u00a0All who       live in tyranny and hopelessness can know: The United States will not       ignore your oppression or excuse your oppressors. When you stand for your       liberty, we will stand with you.\u00a0\u00bb       Despite some initial skepticism, those statements nurtured hope in our       region. We realize that democracy is not easily attained and must       ultimately come from within. But it can receive encouragement and support,       both of which it badly needs today in Arab countries.       We know that some in the United States, worried by recent Islamist gains       among voters in Palestine and Egypt, are having doubts about the wisdom of       pushing for freedom and democracy in the Middle East. These worries are       exploited by despots in the region to perpetuate the untenable status quo.       But there is no way to advance liberty without inclusion of all elements       that are willing to abide by democratic rules and reject violence.        Democratic participation is the only way to combat extremism and pressure       all groups, including Islamists, to moderate their stance in order to       maximize their share of the vote. The United States should continue to       press for an end to repression by governing regimes of democratically       minded liberal and Islamist groups, and it should emphatically distance       itself from such repression and condemn it in the strongest terms whenever       and wherever it occurs. We are confident that if Arab citizens are able to       have their choice, they will choose democracy, freedom, peace and       progress.       Perhaps emboldened by the impression that America is wavering in its       support for democracy, some autocrats have recently intensified       repression. This makes the need for sustained U.S. and international       support and pressure more urgent than ever. The region needs to hear again       that the course of freedom and democracy is the only course that America,       guided by both interest and principle, will support.       To mention but one case where U.S. influence might do much good: Egypt has       experienced a regime crackdown lately on opposition activists. In February       the government postponed municipal elections and renewed the emergency law.       The regime has not even spared Egypt&rsquo;s venerable judiciary, which has       steadfastly proclaimed its independence in recent months. And liberal       opposition politician Ayman Nour, who was allowed to run in last year&rsquo;s       presidential election and won 8 percent of the popular vote, behind only       President Hosni Mubarak, was arrested and sentenced in a murky process to       five years in jail.       The health of Ayman Nour, a dear friend and colleague of many of us,       continues to deteriorate. We pray that President Bush will take Nour&rsquo;s       case to heart and tell the Egyptian regime of his concerns. Hundreds of       other activists (including doctors, university professors, journalists and       those in civil society) whose only crime was to express their desire for       freedom continue to languish in jail and suffer torture and police       brutality.        We entreat America to do all it can to ensure that a small number of       authoritarian rulers will not control the future of more than 300 million       Arabs, more than half of whom are not yet 20 years old. Freedom and       democracy are the only ways to build a world where violence is replaced by       peaceful public debate and political participation, and despair is       replaced by hope, tolerance and dignity.       This article is adapted from an open letter to President Bush signed by       103 other Arab and Muslim activists and thinkers in Arab countries,       Europe, the United States and elsewhere who have worked in support of       democracy (see <a href=\"http:\/\/www.islam-democracy.org\" target=\"_blank\" rel=\"noopener\">      www.islam-democracy.org<\/a>).<\/p>\n<\/div>\n<div align=\"justify\" dir=\"ltr\">\n<p dir=\"ltr\"><font face=\"Arial\" size=\"2\"><strong>(Source :       Washington Post\u00a0\u00a0Wednesday, October 11, 2006; Page A19 )<\/strong><\/font><\/p>\n<\/div>\n<div align=\"justify\" dir=\"ltr\">\n<p dir=\"ltr\"><font><strong>&lsquo;\u00a0<\/strong><\/font><a href=\"http:\/\/www.washingtonpost.com\/wp-dyn\/content\/article\/2006\/10\/10\/AR2006101001281.html\" target=\"_blank\" rel=\"noopener\">http:\/\/www.washingtonpost.com\/wp-dyn\/content\/article\/2006\/10\/10\/AR2006101001281.html<\/a><\/p>\n<\/div><\/div>\n<p> <\/font><\/p>\n<hr dir=\"ltr\"\/><\/font><\/strong><\/div>\n<p align=\"center\" dir=\"ltr\"><b><a href=\"https:\/\/tunisnews.net\/ar\/\"><span>Home<\/span><span lang=\"FR-CH\"> &#8211; Accueil <\/span><span>&#8211; <\/span><span dir=\"rtl\" lang=\"AR-SA\">\u0627\u0644\u0631\u0626\u064a\u0633\u064a\u0629<\/span><\/a><\/b><\/p>\n<p><\/body><\/body><\/html><\/p>","protected":false},"excerpt":{"rendered":"<p>Home &#8211; Accueil &#8211; \u0627\u0644\u0631\u0626\u064a\u0633\u064a\u0629 TUNISNEWS 7\u00a0\u00e8me\u00a0ann\u00e9e, N\u00b0\u00a02333 du 11.10.2006 \u00a0archives : www.tunisnews.net AISPP: Communiqu\u00e9 AP: Un terroriste pr\u00e9sum\u00e9 se jette du deuxi\u00e8me \u00e9tage du Palais de justice AFP: Un Tunisien soup\u00e7onn\u00e9 de terrorisme saute d&rsquo;une fen\u00eatre du palais de justice XINHUA: Un Tunisien pr\u00e9sum\u00e9 membre du groupe terroriste arr\u00eat\u00e9 en Suisse AFP: Un metteur [&hellip;]<\/p>\n","protected":false},"author":1,"featured_media":22040,"comment_status":"open","ping_status":"open","sticky":false,"template":"","format":"standard","meta":{"inline_featured_image":false,"site-sidebar-layout":"default","site-content-layout":"","ast-site-content-layout":"default","site-content-style":"default","site-sidebar-style":"default","ast-global-header-display":"","ast-banner-title-visibility":"","ast-main-header-display":"","ast-hfb-above-header-display":"","ast-hfb-below-header-display":"","ast-hfb-mobile-header-display":"","site-post-title":"","ast-breadcrumbs-content":"","ast-featured-img":"","footer-sml-layout":"","ast-disable-related-posts":"","theme-transparent-header-meta":"","adv-header-id-meta":"","stick-header-meta":"","header-above-stick-meta":"","header-main-stick-meta":"","header-below-stick-meta":"","astra-migrate-meta-layouts":"default","ast-page-background-enabled":"default","ast-page-background-meta":{"desktop":{"background-color":"","background-image":"","background-repeat":"repeat","background-position":"center center","background-size":"auto","background-attachment":"scroll","background-type":"","background-media":"","overlay-type":"","overlay-color":"","overlay-opacity":"","overlay-gradient":""},"tablet":{"background-color":"","background-image":"","background-repeat":"repeat","background-position":"center center","background-size":"auto","background-attachment":"scroll","background-type":"","background-media":"","overlay-type":"","overlay-color":"","overlay-opacity":"","overlay-gradient":""},"mobile":{"background-color":"","background-image":"","background-repeat":"repeat","background-position":"center center","background-size":"auto","background-attachment":"scroll","background-type":"","background-media":"","overlay-type":"","overlay-color":"","overlay-opacity":"","overlay-gradient":""}},"ast-content-background-meta":{"desktop":{"background-color":"var(--ast-global-color-5)","background-image":"","background-repeat":"repeat","background-position":"center center","background-size":"auto","background-attachment":"scroll","background-type":"","background-media":"","overlay-type":"","overlay-color":"","overlay-opacity":"","overlay-gradient":""},"tablet":{"background-color":"var(--ast-global-color-5)","background-image":"","background-repeat":"repeat","background-position":"center center","background-size":"auto","background-attachment":"scroll","background-type":"","background-media":"","overlay-type":"","overlay-color":"","overlay-opacity":"","overlay-gradient":""},"mobile":{"background-color":"var(--ast-global-color-5)","background-image":"","background-repeat":"repeat","background-position":"center center","background-size":"auto","background-attachment":"scroll","background-type":"","background-media":"","overlay-type":"","overlay-color":"","overlay-opacity":"","overlay-gradient":""}},"footnotes":""},"categories":[],"tags":[62,37,29],"class_list":["post-15618","post","type-post","status-publish","format-standard","has-post-thumbnail","hentry","tag-62","tag-37","tag-fr"],"_links":{"self":[{"href":"https:\/\/tunisnews.net\/ar\/wp-json\/wp\/v2\/posts\/15618","targetHints":{"allow":["GET"]}}],"collection":[{"href":"https:\/\/tunisnews.net\/ar\/wp-json\/wp\/v2\/posts"}],"about":[{"href":"https:\/\/tunisnews.net\/ar\/wp-json\/wp\/v2\/types\/post"}],"author":[{"embeddable":true,"href":"https:\/\/tunisnews.net\/ar\/wp-json\/wp\/v2\/users\/1"}],"replies":[{"embeddable":true,"href":"https:\/\/tunisnews.net\/ar\/wp-json\/wp\/v2\/comments?post=15618"}],"version-history":[{"count":0,"href":"https:\/\/tunisnews.net\/ar\/wp-json\/wp\/v2\/posts\/15618\/revisions"}],"wp:featuredmedia":[{"embeddable":true,"href":"https:\/\/tunisnews.net\/ar\/wp-json\/wp\/v2\/media\/22040"}],"wp:attachment":[{"href":"https:\/\/tunisnews.net\/ar\/wp-json\/wp\/v2\/media?parent=15618"}],"wp:term":[{"taxonomy":"category","embeddable":true,"href":"https:\/\/tunisnews.net\/ar\/wp-json\/wp\/v2\/categories?post=15618"},{"taxonomy":"post_tag","embeddable":true,"href":"https:\/\/tunisnews.net\/ar\/wp-json\/wp\/v2\/tags?post=15618"}],"curies":[{"name":"wp","href":"https:\/\/api.w.org\/{rel}","templated":true}]}}