{"id":15595,"date":"2011-10-16T00:00:00","date_gmt":"2011-10-16T00:00:00","guid":{"rendered":"https:\/\/tunisnews.net\/16-octobre-2011\/"},"modified":"2011-10-16T00:00:00","modified_gmt":"2011-10-16T00:00:00","slug":"16-octobre-2011","status":"publish","type":"post","link":"https:\/\/tunisnews.net\/ar\/16-octobre-2011\/","title":{"rendered":"16 octobre 2011"},"content":{"rendered":"<p><html><head><meta content=\"text\/html\" description=\"Invitation \u00e0 une Rencontre Publique \navec 10 listes d\u00e9mocratiques et progressistes candidates aux \u00e9lections de \nl\u2019Assembl\u00e9e Nationale Constituante (20, 21 et 22 Octobre 2011 dans la \nCirconscription France 1) \" http-equiv=\"Content-Type\"\/><\/head><body><body><\/p>\n<p align=\"center\"><font><strong><font face=\"Calibri\" size=\"2\"><font><font><span dir=\"rtl\" lang=\"AR-SA\"><font>\u0641\u064a<\/font><\/span><font><span lang=\"AR-SA\"><\/span><span dir=\"rtl\" lang=\"AR-SA\">\u0643\u0644<\/span><span lang=\"AR-SA\"> <\/span><span dir=\"rtl\" lang=\"AR-SA\">\u064a\u0648\u0645<\/span>\u060c <span dir=\"rtl\" lang=\"AR-SA\">\u0646\u0633\u0627\u0647\u0645 \u0628\u062c\u0647\u062f\u0646\u0627 \u0641\u064a<\/span><span lang=\"AR-SA\"> <\/span><span dir=\"rtl\" lang=\"AR-SA\">\u062a\u0642\u062f\u064a\u0645\u0625\u0639\u0644\u0627\u0645 \u0623\u0641\u0636\u0644 \u0648\u0623\u0631\u0642\u0649 \u0639\u0646\u0628\u0644\u062f\u0646\u0627\u060c<\/span><\/font><span lang=\"AR-SA\"><font><\/font><\/span><\/font>\u062a\u0648\u0646\u0633  <\/font><\/font><\/strong><\/font><span><strong><font face=\"Calibri\" size=\"2\">Un effort quotidien pour une information de qualit\u00e9 sur notre pays, la Tunisie. <span lang=\"EN-US\">Everyday, we contribute to <\/span>a<span lang=\"AR-SA\">better information about <\/span><span lang=\"EN-US\">our country, Tunisia<\/span><\/font><\/strong><\/span><\/p>\n<div align=\"center\" dir=\"ltr\"><font face=\"Bookman Old Style\" size=\"7\"><strong>TUNISNEWS <\/strong><\/font><\/div>\n<div align=\"center\" dir=\"ltr\"><strong><font face=\"Arial\" size=\"2\">11 \u00e8me ann\u00e9e, N\u00b04126 du 16.10.2011<\/font><\/strong><\/div>\n<div align=\"center\" dir=\"ltr\"><font face=\"Arial\" size=\"2\"><strong>archives : <\/strong><\/font><a rel=\"nofollow\"><font face=\"Arial\" size=\"2\"><strong>www.tunisnews.net<\/strong><\/font><\/a><span lang=\"FR\"><strong><font face=\"Arial\" size=\"2\"><\/font><\/strong><\/span><\/div>\n<p><font><\/font><font><font><font><\/p>\n<div dir=\"ltr\"><strong><font face=\"Arial\" size=\"2\"><\/p>\n<hr\/>\n<p><\/font><\/strong><\/div>\n<p><\/font><\/font><\/font><\/p>\n<div><strong><\/p>\n<h2 style=\"color: red;\"><font face=\"Arial\" size=\"2\">Le Monde.fr: Nessma TV dans la tourmente, Ennahda d\u00e9nonce une \u00ab provocation \u00bb<\/font><\/h2>\n<p><\/strong><\/div>\n<div><strong><font face=\"Arial\" size=\"2\">L&rsquo;express: La gauche tunisienne juge que les islamistes menacent la la\u00efcit\u00e9<\/font><\/strong><\/div>\n<div><strong><\/p>\n<h2 style=\"color: red;\"><font face=\"Arial\" size=\"2\">Rue 89: Tunisie : le P\u00f4le d\u00e9mocratique sur les terres d&rsquo;Ennahdha<\/font><\/h2>\n<p><\/strong><\/div>\n<div><strong><font face=\"Arial\" size=\"2\">Le Nouvel Observateur: Tunisie, Libye : Alger s&rsquo;inqui\u00e8te d&rsquo;une mont\u00e9e de l&rsquo;islamisme<\/font><\/strong><\/div>\n<div><strong><\/p>\n<h2 style=\"color: red;\"><font face=\"Arial\" size=\"2\">Le Monde.fr: Kamel Jendoubi, le garant des premi\u00e8res \u00e9lections du printemps arabe<\/font><\/h2>\n<p><\/strong><\/div>\n<div><strong><font face=\"Arial\" size=\"2\">Slate Afrique: Le \u00abPrintemps arabe\u00bb a co\u00fbt\u00e9 40 milliards d&rsquo;euros<\/font><\/strong><\/div>\n<div><strong><\/p>\n<h2 style=\"color: red;\"><font face=\"Arial\" size=\"2\">Le Post.fr: TUNISIE: Beji Caid Essebsi vers une \u00ab\u00a0nouvelle\u00a0\u00bb pr\u00e9sidence \u00e0 vie?<\/font><\/h2>\n<p><\/strong><\/div>\n<div dir=\"ltr\">\n<hr\/>\n<\/div>\n<p align=\"center\"><span><b><span><font face=\"Arial\">R\u00e9union publique organis\u00e9e par la DCTE avec 10 listes candidates France 1 (Lundi 17\/10\/2011 \u00e0 18h30 Mairie du 10e)<\/font><\/span><\/b><\/span><\/p>\n<p align=\"center\"><b><\/p>\n<h2 style=\"color: red;\"><font face=\"Arial\">Dynamique Citoyenne des Tunisiens \u00e0 l\u2019Etranger<\/font><\/h2>\n<p><\/b><\/p>\n<p><b><\/p>\n<hr\/>\n<p><\/b>\u00a0<\/p>\n<p><font face=\"Arial\">Invitation \u00e0 une Rencontre Publique avec 10 listes d\u00e9mocratiques et progressistes candidates aux \u00e9lections de l\u2019Assembl\u00e9e Nationale Constituante (20, 21 et 22 Octobre 2011 dans la Circonscription France 1) <\/font><\/p>\n<p align=\"center\"><font face=\"Arial\"><b><font>Quelle Constitution pour une Tunisie d\u00e9mocratique ?<\/font><\/b><\/font><\/p>\n<p><font face=\"Arial\">Lundi 17 octobre 2011 de 18 h 30 \u00e0 21 h \u00e0 La Mairie du 10<sup>e<\/sup>, 72 rue du Faubourg Saint-Martin, 75010 Paris M\u00e9tro Ch\u00e2teau d\u2019Eau <\/font><\/p>\n<p><b><font face=\"Arial\">Ev\u00e8nement Facebook : <\/font><a href=\"http:\/\/www.facebook.com\/event.php?eid=260965387274724\" rel=\"nofollow noopener\" target=\"_blank\"><font face=\"Arial\">http:\/\/www.facebook.com\/event. php?eid=260965387274724<\/font><\/a><\/b><\/p>\n<p><font face=\"Arial\"><b><font>Programme de la rencontre :<\/font><\/b><font><\/font><\/font><\/p>\n<p><font face=\"Arial\">\u00b7 Pr\u00e9sentation des listes <\/font><\/p>\n<p><font face=\"Arial\">\u00b7 D\u00e9bats : <\/font><\/p>\n<p><font face=\"Arial\">&#8211; La Constitution <\/font><\/p>\n<p><font face=\"Arial\">&#8211; L\u2019apr\u00e8s 23 octobre&#8230; <\/font><\/p>\n<p><font face=\"Arial\">&#8211; Les Tunisiens \u00e0 l\u2019\u00e9tranger <\/font><\/p>\n<p><font face=\"Arial\"><b><font>Listes participantes \u00e0 la r\u00e9union<\/font><\/b><font> <\/font><\/font><\/p>\n<div>\n<table border=\"0\" cellpadding=\"0\" cellspacing=\"0\">\n<tr>\n<td valign=\"top\" width=\"45\">\n<p><font face=\"Arial\">N\u00b0 <\/font><\/p>\n<\/td>\n<td valign=\"top\" width=\"321\">\n<p><font face=\"Arial\">Listes<\/font><\/p>\n<\/td>\n<\/tr>\n<tr>\n<td valign=\"top\" width=\"45\">\n<p><font face=\"Arial\">1<\/font><\/p>\n<\/td>\n<td valign=\"top\" width=\"321\">\n<p><font face=\"Arial\">Le P\u00f4le D\u00e9mocratique Moderniste<\/font><\/p>\n<\/td>\n<\/tr>\n<tr>\n<td valign=\"top\" width=\"45\">\n<p><font face=\"Arial\">6<\/font><\/p>\n<\/td>\n<td valign=\"top\" width=\"321\">\n<p><font face=\"Arial\">Liste des Associatifs de l\u2019Immigration Tunisienne<\/font><\/p>\n<\/td>\n<\/tr>\n<tr>\n<td valign=\"top\" width=\"45\">\n<p><font face=\"Arial\">20<\/font><\/p>\n<\/td>\n<td valign=\"top\" width=\"321\">\n<p><font face=\"Arial\">L&rsquo;Alternative R\u00e9volutionnaire<\/font><\/p>\n<\/td>\n<\/tr>\n<tr>\n<td valign=\"top\" width=\"45\">\n<p><font face=\"Arial\">25<\/font><\/p>\n<\/td>\n<td valign=\"top\" width=\"321\">\n<p><font face=\"Arial\">Tous Ensemble pour la Tunisie<\/font><\/p>\n<\/td>\n<\/tr>\n<tr>\n<td valign=\"top\" width=\"45\">\n<p><font face=\"Arial\">29<\/font><\/p>\n<\/td>\n<td valign=\"top\" width=\"321\">\n<p><font face=\"Arial\">Mouvement des Patriotes D\u00e9mocrates<\/font><\/p>\n<\/td>\n<\/tr>\n<tr>\n<td valign=\"top\" width=\"45\">\n<p><font face=\"Arial\">36<\/font><\/p>\n<\/td>\n<td valign=\"top\" width=\"321\">\n<p><font face=\"Arial\">Tunisie Verte<\/font><\/p>\n<\/td>\n<\/tr>\n<tr>\n<td valign=\"top\" width=\"45\">\n<p><font face=\"Arial\">38<\/font><\/p>\n<\/td>\n<td valign=\"top\" width=\"321\">\n<p><font face=\"Arial\">Le Parti d\u00e9mocrate progressiste<\/font><\/p>\n<\/td>\n<\/tr>\n<tr>\n<td valign=\"top\" width=\"45\">\n<p><font face=\"Arial\">39<\/font><\/p>\n<\/td>\n<td valign=\"top\" width=\"321\">\n<p><font face=\"Arial\">Doustourna<\/font><\/p>\n<\/td>\n<\/tr>\n<tr>\n<td valign=\"top\" width=\"45\">\n<p><font face=\"Arial\">41<\/font><\/p>\n<\/td>\n<td valign=\"top\" width=\"321\">\n<p><font face=\"Arial\">Parti du Travail Tunisien<\/font><\/p>\n<\/td>\n<\/tr>\n<tr>\n<td valign=\"top\" width=\"45\">\n<p><font face=\"Arial\">42<\/font><\/p>\n<\/td>\n<td valign=\"top\" width=\"321\">\n<p><font face=\"Arial\">Ettakatol<\/font><\/p>\n<\/td>\n<\/tr>\n<\/table>\n<\/div>\n<p><font face=\"Arial\"><i><font>\u00ab La loi \u00e9lectorale a \u00e9t\u00e9 \u00e9labor\u00e9e dans le but de rompre avec l\u2019ancien r\u00e9gime fond\u00e9 sur le despotisme, l\u2019absence de la volont\u00e9 du peuple et la falsification des \u00e9lections, et en fid\u00e9lit\u00e9 aux principes de la R\u00e9volution tunisienne visant \u00e0 instaurer une l\u00e9gitimit\u00e9 fond\u00e9e sur la d\u00e9mocratie, la libert\u00e9, l\u2019\u00e9galit\u00e9, la justice sociale, la dignit\u00e9, le pluralisme, les droites de l\u2019Homme et l\u2019alternance au pouvoir. \u00bb<\/font><\/i><font><\/font><\/font><\/p>\n<p><font face=\"Arial\"><i><font>Extrait du pr\u00e9ambule du d\u00e9cret-loi du 10 mai 2011 relatif \u00e0 l\u2019\u00e9lection de l\u2019Assembl\u00e9e Nationale Constituante<\/font><\/i><font> <\/font><\/font><\/p>\n<p><font face=\"Arial\">Contact : <\/font><font><a href=\"http:\/\/fr.mc1324.mail.yahoo.com\/mc\/compose?to=dynamique.tunisie@yahoo.com\" rel=\"nofollow noopener\" target=\"_blank\"><font face=\"Arial\">dynamique.tunisie@yahoo.com<\/font><\/a> <span lang=\"EN-US\"><font face=\"Arial\">Facebook : <\/font><a href=\"http:\/\/www.facebook.com\/dynamique.tunisie\" rel=\"nofollow noopener\" target=\"_blank\"><font face=\"Arial\">http:\/\/www.facebook.com\/ dynamique.tunisie<\/font><\/a><\/span><\/font><\/p>\n<p><b><font face=\"Arial\">Membres de la DCTE :<\/font><\/b><\/p>\n<p><font face=\"Arial\"><b><font>Associations : <\/font><\/b><font>Action Tunisienne, Association du Lien Interculturel Familial et Social (ALIFS), Association JISR Lille, Association solidarit\u00e9 fraternit\u00e9 m\u00e9diterran\u00e9enne (ASFM), ATF-Aquitaine, ATF-Haute Savoie, ATF-Nord, ATF-Var, ATF-13, ATF \u2013Bureau National, Collectif pour la Reconstruction de la Tunisie Libre et D\u00e9mocratique (CRTDL), Espace Farabi, Filigrane, IDEAL 92, Le R\u00e9seau Euromaghr\u00e9bin, Citoyennet\u00e9 et Culture (REMCC), UGET France, Union des Tunisiens de l\u2019Est, Justice et v\u00e9rit\u00e9 pour Farhat HACHED<\/font><\/font><\/p>\n<p><span><font face=\"Arial\"><b><span lang=\"EN-US\"><font>Personnalit\u00e9s : <\/font><\/span><\/b><span lang=\"EN-US\"><font>ABICHOU Khaled, AMARA Ahmed, AMMAR Samia, AYOUNI Aymen, BACCAR Azouz, BARAKET Rafik, BEL HAJ Noura, BEN ABDESSELEM Selim, BEN AZZOUZ Makram, BENHAMED Mohamed, BEN MANSOUR Anis, BEN SALEM Abdellatif, BOUALI Skander, BOUALI Tahar, ELBAHRI Moncef, EZZINE Riadh, FAOUEL Raoudha, HAMIDA Khaled, HAMROUNI Mohamed, JABER Ali, JANI Belgacem, JOUINI Mohamed, KOUKI Asma, KHALLOULI Lazhar, MOUALHI Monia, NAJAR Noureddine, OUARDANI Amel, OUARDANI Nabih, SENOUSSI Dalinda, SENOUSSI Lamine, SLIMANI Mourad, TARHOUNI Nadia, ZOGHLAMI Meriem<\/font><\/span><\/font><\/span><\/p>\n<div>\n<hr\/>\n<\/div>\n<div><font face=\"Arial\">Bonjour,<\/font><\/div>\n<div><font face=\"Arial\">Vous trouverez ci-joint<strong> la <\/p>\n<h2 style=\"color: red;\"><font size=\"3\">liste des bureaux de vote en Belgique et au Luxembourg<\/font><\/h2>\n<p><\/strong><font size=\"3\">.<\/font> Ci-joint \u00e9galement un<strong> guide pratique \u00e0 l&rsquo;attention des \u00e9lecteurs<\/strong>.<\/font><\/div>\n<div><strong><font face=\"Arial\">Liste des bureaux de vote :<\/font><\/strong><\/div>\n<div><font face=\"Arial\"><strong><font>Bruxelles Sud <\/font><\/strong><font>Bureau de vote: B\u00e2timent Communal  38, rue souveraine 1050 Ixelles<\/font><\/font><\/div>\n<div><font face=\"Arial\"><strong><font>Bruxelles Nord <\/font><\/strong><font>Bureau de vote: Stade Edmond  Machtens 61, Rue Charles Malis 1080 Molenbeek-Saint-Jean<\/font><\/font><\/div>\n<div><font face=\"Arial\"><strong><font>Gent &amp; Oostende &amp; Wetteren &amp; Beveren Leie &amp; Antwerpen  <\/font><\/strong><font>Bureau de vote: Salle Ooievaar  36 Kokerstraat, 9000 Gent<\/font><\/font><\/div>\n<div><font face=\"Arial\"><strong><font>Li\u00e8ge &amp; Verviers  <\/font><\/strong><font>Bureau de vote: \u00c9cole d\u2019h\u00f4tellerie et de tourisme 13 Rue hors ch\u00e2teau, 4000 Li\u00e8ge<\/font><\/font><\/div>\n<div><font face=\"Arial\"><strong><font>Charleroi &amp; Namur &amp; Mons  <\/font><\/strong><font>Bureau de vote: Salle de r\u00e9union  Place Kennedy N1 &#8211; 6030 Marchienne-Au-Pont<\/font><\/font><\/div>\n<div><font face=\"Arial\"><strong><font>Renaix <\/font><\/strong><font>Bureau de vote: Centre communal de la jeunesse 36, rue des Fileuses 9600 Renaix<\/font><\/font><\/div>\n<div><font face=\"Arial\"><strong><font>Grand Duch\u00e9. Luxembourg <\/font><\/strong><font>Bureau de vote: (Salle de f\u00eate) 11 Bisserwee &#8211; L &#8211; 1922<\/font><\/font><\/div>\n<div><font face=\"Arial\">&#8212;&#8212;&#8212;&#8212;&#8212;&#8212;&#8212;&#8212;&#8212;&#8212;&#8212;&#8212;&#8212;&#8212;&#8212;&#8212;&#8212;&#8212;&#8212;&#8212;&#8212;&#8212;&#8212;&#8212;&#8212;&#8212;&#8212;&#8212;- Horaire d\u2019ouverture des bureaux de vote  Jeudi 20 octobre 2011 : de 7h \u00e0 19h Vendredi 21 octobre 2011 : de 7h \u00e0 19h Samedi 22 octobre 2011 : de 7h \u00e0 19h &#8212;&#8212;&#8212;&#8212;&#8212;&#8212;&#8212;&#8212;&#8212;&#8212;&#8212;&#8212;&#8212;&#8212;&#8212;&#8212;&#8212;&#8212;&#8212;&#8212;&#8212;&#8212;&#8212;&#8212;&#8212;&#8212;&#8212;&#8212;<\/font> \u00a0<\/div>\n<div>\n<div><font face=\"Arial\">Remarque : Les Tunisiens \u00e0 Bruxelles auront le choix entre BXL NORD et BXL SUD&#8230;<\/font> \u00a0<\/div>\n<\/div>\n<div><font face=\"Arial\">Comit\u00e9 de Vigilance pour la D\u00e9mocratie en Tunisie Mail : <\/font><font><a href=\"mailto:cvdtunisie@gmail.com\" rel=\"nofollow noopener\" target=\"_blank\" ymailto=\"mailto:cvdtunisie@gmail.com\"><font face=\"Arial\">cvdtunisie@gmail.com<\/font><\/a> <font face=\"Arial\">Blog : <\/font><a href=\"http:\/\/cvdtunisie.blogspot.com\/\" rel=\"nofollow noopener\" target=\"_blank\"><font face=\"Arial\">http:\/\/cvdtunisie.blogspot.com\/<\/font><\/a> <font face=\"Arial\">Twitter : @Asso_cvdtunisie GSM : <\/font><\/font><a rel=\"nofollow\"><font face=\"Arial\"><u>+32497211901<\/u><\/font><\/a> \u00a0<\/div>\n<div>\n<hr\/>\n<\/div>\n<div align=\"center\"><strong><\/p>\n<h2 style=\"color: red;\"><font face=\"Arial\">Nessma TV dans la tourmente, Ennahda d\u00e9nonce une \u00ab provocation \u00bb<\/font><\/h2>\n<p><\/strong><\/div>\n<div align=\"center\">\n<hr\/>\n<\/div>\n<div><font face=\"Arial\" size=\"2\">15 octobre 2011 <\/font><\/div>\n<div><font face=\"Arial\" size=\"2\">Favori des sondages pour les \u00e9lections \u00e0 l\u2019Assembl\u00e9e constituante du 23 octobre, le parti islamiste Ennahda \u00ab condamne \u00bb la violence dont ont \u00e9t\u00e9s victimes la cha\u00eene de t\u00e9l\u00e9vision Nessma TV et son patron Nabil Karoui, mais d\u00e9nonce une \u00ab manipulation \u00bb.<\/font><\/div>\n<div><font face=\"Arial\" size=\"2\">A l\u2019issue de la pri\u00e8re, vendredi 14 janvier (14 octobre NDLR), de nouvelles manifestations ont \u00e9t\u00e9 organis\u00e9es dans plusieurs villes tunisiennes, \u00e0 Sousse, Monastir, et notamment \u00e0 Kairouan o\u00f9 des affiches avaient \u00e9t\u00e9 placard\u00e9es sur les murs de la Medina pour r\u00e9clamer la \u00ab fermeture totale et d\u00e9finitive \u00bb de la \u00ab cha\u00eene des francs-ma\u00e7ons \u00bb. A Tunis, plusieurs centaines de personnes ont \u00e9t\u00e9 dispers\u00e9es par la police qui a fait usage de bombes lacrymog\u00e8nes.<\/font><\/div>\n<div><font face=\"Arial\" size=\"2\">Un groupe d\u00e9peint comme des salafistes s\u2019est ensuite rendu au domicile de Nabil Karoui. Selon le minist\u00e8re de l\u2019int\u00e9rieur tunisien, la port\u00e9e d\u2019entr\u00e9e de sa maison a \u00e9t\u00e9 forc\u00e9e, et ces carreaux bris\u00e9s. D\u2019apr\u00e8s des t\u00e9moins, la femme de m\u00e9nage qui se trouvait \u00e0 l\u2019int\u00e9rieur aurait \u00e9t\u00e9 malmen\u00e9e. Cinq personnes ont \u00e9t\u00e9 arr\u00eat\u00e9es.<\/font><\/div>\n<div><font face=\"Arial\" size=\"2\">Ces troubles font suite \u00e0 la diffusion, le 7 octobre, sur Nessma TV, du film franco-iranien Pers\u00e9polis, dans lequel Dieu appara\u00eet sous les traits d&rsquo;un vieillard barbu, une repr\u00e9sentation de la divinit\u00e9 que l&rsquo;islam proscrit. Apr\u00e8s une premi\u00e8re manifestation, Nabil Karoui, avait pr\u00e9sent\u00e9 ses excuses aux tunisiens. Nessma TV a \u00e9t\u00e9 cr\u00e9\u00e9e en 2007, pour diffuser la Star Academy.<\/font><\/div>\n<div><font face=\"Arial\" size=\"2\">Pour Hamadi Jebali, secr\u00e9taire g\u00e9n\u00e9ral d\u2019Ennahda rencontr\u00e9 \u00e0 Sousse, o\u00f9 il m\u00e8ne campagne comme t\u00eate de liste, le choix de diffuser ce film par la cha\u00eene, une semaine apr\u00e8s le d\u00e9but de la campagne officielle pour les \u00e9lections, \u00ab n\u2019avait rien d\u2019innocent \u00bb. \u00ab Nessma, ass\u00e8ne-t-il, a choisi l\u2019occasion pour manipuler, pousser les gens \u00e0 la violence et dire ensuite que les Tunisiens ne sont pas pr\u00eats pour la d\u00e9mocratie \u00bb. S\u00fbr de sa victoire, le parti islamiste a multipli\u00e9 les appels au calme aupr\u00e8s de ses militants.<\/font><\/div>\n<div><font face=\"Arial\" size=\"2\">(Source: \u201cLemonde.fr\u201d le 15 octobre 2011)<\/font><\/div>\n<div><font face=\"Arial\" size=\"2\">lien:<a href=\"http:\/\/maghreb.blog.lemonde.fr\/2011\/10\/15\/nessma-tv-dans-la-tourmente-ennahda-denonce-une-provocation\/\" rel=\"nofollow noopener\" target=\"_blank\" title=\"http:\/\/maghreb.blog.lemonde.fr\/2011\/10\/15\/nessma-tv-dans-la-tourmente-ennahda-denonce-une-provocation\/\">http:\/\/maghreb.blog.lemonde.fr\/2011\/10\/15\/nessma-tv-dans-la-tourmente-ennahda-denonce-une-provocation\/<\/a><\/font><\/div>\n<div dir=\"ltr\">\n<hr\/>\n<\/div>\n<p align=\"center\" dir=\"ltr\"><b><span><a href=\"http:\/\/www.lexpress.fr\/actualites\/2\/monde\/la-gauche-tunisienne-juge-que-les-islamistes-menacent-la-laicite_1041016.html\" rel=\"nofollow noopener\" target=\"_blank\"><\/p>\n<h2 style=\"color: red;\"><font face=\"Arial\">La gauche tunisienne juge que les islamistes menacent la la\u00efcit\u00e9<\/font><\/h2>\n<p><\/a><\/span><\/b><\/p>\n<p><b><span><\/p>\n<hr\/>\n<p><\/span><\/b><\/p>\n<p dir=\"ltr\"><b><span><font face=\"Arial\">Les islamistes tunisiens, priv\u00e9s de parole sous le r\u00e9gime de Zine Ben Ali, se servent de l&rsquo;espace de libert\u00e9 cr\u00e9\u00e9 par la r\u00e9volution de janvier pour tenter d&rsquo;imposer leur vision de la soci\u00e9t\u00e9 aux d\u00e9pens des valeurs la\u00efques du pays, estime le secr\u00e9taire g\u00e9n\u00e9ral du mouvement Ettajdid (gauche).<\/font><\/span><\/b><\/p>\n<p dir=\"ltr\"><font face=\"Arial\">L&rsquo;\u00e9lection d&rsquo;une Assembl\u00e9e constituante le 23 octobre prochain, premier scrutin organis\u00e9 dans le sillage du \u00ab\u00a0<i>printemps arabe<\/i>\u00a0\u00bb qui a d\u00e9ferl\u00e9 en Afrique du Nord et au Proche-Orient, a \u00e9t\u00e9 pr\u00e9c\u00e9d\u00e9e de vifs d\u00e9bats en Tunisie entre les islamistes et les organisations la\u00efques, qui ont d\u00e9g\u00e9n\u00e9r\u00e9 cette semaine en violences.<\/font><\/p>\n<p dir=\"ltr\"><font face=\"Arial\"><span><font>La police a tir\u00e9 des grenades lacrymog\u00e8nes vendredi pour disperser un rassemblement d&rsquo;islamistes, dont de nombreux salafistes, venus d\u00e9noncer la diffusion par la cha\u00eene de t\u00e9l\u00e9vision Nessma du film franco-iranien \u00ab\u00a0<\/font><\/span><font><i>Persepolis<\/i><\/font><span><font>\u00ab\u00a0, dans lequel Allah est repr\u00e9sent\u00e9, ce que l&rsquo;islam proscrit.<\/font><\/span><\/font><\/p>\n<p dir=\"ltr\"><span><font face=\"Arial\">Pour Ahmed Ibrahim, le secr\u00e9taire-g\u00e9n\u00e9ral du mouvement Ettajdid, les organisations la\u00efques doivent unir leurs forces pour cr\u00e9er un contre-poids au parti islamiste Ennahda, qui, en s&rsquo;effor\u00e7ant de renvoyer une image mod\u00e9r\u00e9, est pr\u00e9sent\u00e9 comme le favori du scrutin du 23 octobre.<\/font><\/span><\/p>\n<p dir=\"ltr\"><font face=\"Arial\"><span><font>\u00ab\u00a0<\/font><\/span><font><i>Aujourd&rsquo;hui en Tunisie, il y a une mouvance moderniste qui cherche \u00e0 renforcer les libert\u00e9s et les valeurs progressistes<\/i><span>\u00ab\u00a0, d\u00e9clare-t-il dans une interview \u00e0 Reuters. \u00ab\u00a0<\/span><i>Il y a une seconde mouvance qui souhaite utiliser les sentiments religieux du peuple et qui tente d&rsquo;imposer un certain contr\u00f4le et un mode de vie bien sp\u00e9cifique.<\/i><\/font><span><font>\u00ab\u00a0<\/font><\/span><\/font><\/p>\n<p dir=\"ltr\"><span><font face=\"Arial\">Ce n&rsquo;est pas la premi\u00e8re fois qu&rsquo;Ettajdid s&rsquo;oppose ouvertement \u00e0 Ennahda. Le parti d&rsquo;Ibrahim a d\u00e9fendu l&rsquo;\u00e9galit\u00e9 du droit \u00e0 l&rsquo;h\u00e9ritage entre les hommes et les femmes, un principe rejet\u00e9 par le mouvement islamiste, et il a plus r\u00e9cemment pris fait et cause pour la cha\u00eene de t\u00e9l\u00e9vision qui a diffus\u00e9 le film d&rsquo;animation de Marjane Satrapi.<\/font><\/span><\/p>\n<p dir=\"ltr\"><font face=\"Arial\"><span><font>La communaut\u00e9 la\u00efque tunisienne \u00ab\u00a0<\/font><\/span><font><i>ne doit pas sous-estimer les risques pos\u00e9s par Ennahda<\/i><span>\u00ab\u00a0, met en garde Ibrahim. \u00ab\u00a0<\/span><i>Le mode de vie moderne est menac\u00e9 (&#8230;) Nous avons conscience de la gravit\u00e9 de la situation.<\/i><\/font><span><font>\u00ab\u00a0<\/font><\/span><\/font><\/p>\n<p dir=\"ltr\"><b><span><font face=\"Arial\">LIBERT\u00c9 ET TENSIONS<\/font><\/span><\/b><\/p>\n<p dir=\"ltr\"><span><font face=\"Arial\">Le mouvement de contestation populaire qui chass\u00e9 Ben Ali du pouvoir qu&rsquo;il occupait depuis 23 ans a inspir\u00e9 des soul\u00e8vements similaires en Egypte, Libye, Syrie et au Y\u00e9men, redessinant le paysage politique de la r\u00e9gion.<\/font><\/span><\/p>\n<p dir=\"ltr\"><span><font face=\"Arial\">Plus de six mois apr\u00e8s la r\u00e9volution tunisienne, les Etats voisins regardent avec attention le processus de transition et la construction d&rsquo;un nouvel Etat tunisien.<\/font><\/span><\/p>\n<p dir=\"ltr\"><span><font face=\"Arial\">Interdit et r\u00e9prim\u00e9 sous le r\u00e9gime Ben Ali, le parti Ennahda appara\u00eet comme le grand gagnant de la r\u00e9volution et part en position de grand favori pour le scrutin.<\/font><\/span><\/p>\n<p dir=\"ltr\"><font face=\"Arial\"><span><font>Le chef de file d&rsquo;Ennahda, Rachid Ghannouchi, a assur\u00e9 que son parti ferait preuve de tol\u00e9rance face aux valeurs morales lib\u00e9rales. \u00ab\u00a0<\/font><\/span><font><i>Un double-langage<\/i><\/font><span><font>\u00a0\u00bb pour Ibrahim qui y voit une strat\u00e9gie de dissimulation des v\u00e9ritables intentions et projets des islamistes.<\/font><\/span><\/font><\/p>\n<p dir=\"ltr\"><span><font face=\"Arial\">Ancien professeur d&rsquo;universit\u00e9 et opposant de longue date \u00e0 Ben Ali, Ibrahim a bri\u00e8vement occup\u00e9 apr\u00e8s la r\u00e9volution les fonctions de ministre de l&rsquo;Enseignement sup\u00e9rieur avant de d\u00e9missionner lors de la chute du gouvernement de transition.<\/font><\/span><\/p>\n<p dir=\"ltr\"><font face=\"Arial\"><span><font>Selon lui, les d\u00e9saccords avec le parti islamiste ne \u00ab\u00a0<\/font><\/span><font><i>doivent pas emp\u00eacher une coexistence au sein de l&rsquo;Assembl\u00e9e constituante, dans le respect des r\u00e8gles du jeu d\u00e9mocratique<\/i><\/font><span><font>\u00ab\u00a0.<\/font><\/span><\/font><\/p>\n<p dir=\"ltr\"><font face=\"Arial\"><span><font>\u00ab\u00a0<\/font><\/span><font><i>La d\u00e9mocratie passe par la coexistence avec tous sans exception, y compris avec Ennahda<\/i><\/font><span><font>\u00ab\u00a0, a-t-il ajout\u00e9.<\/font><\/span><\/font><\/p>\n<p dir=\"ltr\"><font face=\"Arial\"><span><font>\u00ab\u00a0<\/font><\/span><font><i>Nous souhaitons renforcer le front moderniste au sein de l&rsquo;Assembl\u00e9e constituante face \u00e0 tout mouvement fondamentaliste cherchant \u00e0 faire reculer le pays et \u00e0 an\u00e9antir tous les gains acquis (lors de la r\u00e9volution).<\/i><\/font><span><font>\u00ab\u00a0<\/font><\/span><\/font><\/p>\n<p dir=\"ltr\"><span><font face=\"Arial\">Ettajdid est membre d&rsquo;une coalition \u00e9lectorale, baptis\u00e9e le P\u00f4le d\u00e9mocratique moderniste (PDM) et mise en place en vue du scrutin du 23 octobre.<\/font><\/span><\/p>\n<p dir=\"ltr\"><span><font face=\"Arial\">Marine Pennetier pour le service fran\u00e7ais<\/font><\/span><\/p>\n<p dir=\"ltr\"><span><font face=\"Arial\"><strong>Source: \u00ab\u00a0L&rsquo;express\u00a0\u00bb Le 15-10-2011<\/strong><\/font><\/span><\/p>\n<p dir=\"ltr\"><font face=\"Arial\"><font>Lien:<\/font><a href=\"http:\/\/www.lexpress.fr\/actualites\/2\/monde\/la-gauche-tunisienne-juge-que-les-islamistes-menacent-la-laicite_1041016.html\" rel=\"nofollow noopener\" target=\"_blank\"><font>http:\/\/www.lexpress.fr\/actualites\/2\/monde\/la-gauche-tunisienne-juge-que-les-islamistes-menacent-la-laicite_1041016.html<\/font><\/a><\/font><\/p>\n<p dir=\"ltr\">\u00a0<\/p>\n<div dir=\"ltr\">\n<hr\/>\n<\/div>\n<div align=\"center\" dir=\"ltr\"><b><span><\/p>\n<h2 style=\"color: red;\"><font face=\"Arial\">Tunisie : le P\u00f4le d\u00e9mocratique sur les terres d&rsquo;Ennahdha<\/font><\/h2>\n<p><\/span><\/b><\/div>\n<p><b><span><\/p>\n<hr\/>\n<p><\/span><\/b><\/p>\n<p dir=\"ltr\"><span><font face=\"Arial\">A deux semaines de l&rsquo;\u00e9lection de la Constituante (le 23 octobre), les \u00e9quipes de campagne \u00e9cument le terrain et multiplient meetings et \u00ab tractages \u00bb. Dimanche matin, les militants du <\/font><font><a href=\"http:\/\/www.pdmtunisie.org\/\" rel=\"nofollow noopener\" target=\"_blank\"><font face=\"Arial\">P\u00f4le d\u00e9mocratique moderniste <\/font><\/a><\/font><font face=\"Arial\">(PDM) arpentaient les all\u00e9es boueuses du march\u00e9 d&rsquo;un quartier populaire de la Marsa.<\/font><\/span><\/p>\n<p dir=\"ltr\"><span><font face=\"Arial\">A priori, ce n&rsquo;est pas le public le plus acquis \u00e0 cette coalition form\u00e9e autour d&rsquo;un projet de soci\u00e9t\u00e9 moderniste. Le PDM est quasiment la seule formation \u00e0 d\u00e9fendre sans ambigu\u00eft\u00e9 la la\u00efcit\u00e9 et l&rsquo;\u00e9galit\u00e9 entre hommes et femmes dans tous les domaines. Des th\u00e8mes qui passent mal dans un quartier pauvre, o\u00f9 le parti islamiste Ennahdha est dans ses terres. Rencontre int\u00e9ressante \u00e0 pr\u00e9voir entre deux mondes sociologiquement et id\u00e9ologiquement \u00e0 l&rsquo;oppos\u00e9e.<\/font><\/span><\/p>\n<p dir=\"ltr\"><b><span><font face=\"Arial\">Ambiance bon enfant<\/font><\/span><\/b><\/p>\n<p dir=\"ltr\"><span><font face=\"Arial\">L&rsquo;op\u00e9ration commence sous une averse drue et froide. L&rsquo;occasion pour les jeunes militantes de se r\u00e9fugier sous la b\u00e2che d&rsquo;un marchand de l\u00e9gumes et de distribuer les tracts avec les bottes de coriandre, et m\u00eame de donner un coup de main au vendeur. Le ton est donn\u00e9 : l&rsquo;ambiance est bon enfant.<\/font><\/span><\/p>\n<p dir=\"ltr\"><span><font face=\"Arial\">Mieux, rares sont ceux qui refusent de prendre le tract. Au contraire, la plupart s&rsquo;arr\u00eatent et manifestent une r\u00e9elle curiosit\u00e9. Mouhaymen Bensa\u00efd, l&rsquo;un des organisateurs des op\u00e9rations de terrain raconte :<\/font><\/span><\/p>\n<p dir=\"ltr\"><span><font face=\"Arial\">\u00ab Ils veulent d&rsquo;abord savoir qui nous sommes. Les gens appr\u00e9cient qu&rsquo;on vienne les voir et qu&rsquo;on les \u00e9coute. Depuis le mois de Ramadhan, ils n&rsquo;ont vu qu&rsquo;Ennahdha. \u00bb<\/font><\/span><\/p>\n<p dir=\"ltr\"><span><font face=\"Arial\">Perdus devant l&rsquo;offre pl\u00e9thorique (76 listes dans la circonscription de Tunis 2), les futurs \u00e9lecteurs sont sceptiques devant les partis qu&rsquo;ils jugent plus soucieux de se servir que d&rsquo;\u00eatre au service de leurs int\u00e9r\u00eats.<\/font><\/span><\/p>\n<p dir=\"ltr\"><b><span><font face=\"Arial\">La Constitution, trop loin de leurs probl\u00e8mes<\/font><\/span><\/b><\/p>\n<p dir=\"ltr\"><span><font face=\"Arial\">Les questions tournent rapidement autour du ch\u00f4mage et des besoins sociaux. Parfois avec des probl\u00e8mes personnels. T\u00eate de liste dans la circonscription et secr\u00e9taire g\u00e9n\u00e9ral d&rsquo;Ettajdid, le principal parti de la coalition, Ahmed Brahim \u00e9coute une jeune femme lui parler des difficult\u00e9s de son fr\u00e8re pour trouver un travail. Il reconna\u00eet :<\/font><\/span><\/p>\n<p dir=\"ltr\"><span><font face=\"Arial\">\u00ab La Constitution, \u00e7a leur para\u00eet tr\u00e8s loin de leur vie et il est difficile de leur expliquer que les \u00e9lus \u00e0 la Constituante ne pourront pas r\u00e9gler leurs probl\u00e8mes. Huit mois depuis la chute de Ben Ali, c&rsquo;est trop long, ils veulent voir des changements. On doit leur expliquer l&rsquo;enjeu. \u00bb<\/font><\/span><\/p>\n<p dir=\"ltr\"><span><font face=\"Arial\">Mouhaymen Bensa\u00efd a mis au point ses arguments :<\/font><\/span><\/p>\n<p dir=\"ltr\"><span><font face=\"Arial\">\u00ab Je commence par leur expliquer simplement que la Constitution, c&rsquo;est la r\u00e8gle des r\u00e8gles, la m\u00e8re de lois. Que garantir le droit au logement, \u00e0 l&rsquo;\u00e9ducation gratuite, \u00e0 la sant\u00e9 dans la Constitution, c&rsquo;est un acquis irr\u00e9versible. L\u00e0 ils commencent \u00e0 nous \u00e9couter. Mais on doit aussi les convaincre de ne pas laisser les candidats leur promettre du r\u00eave. Je leur dis : M\u00eame si certains vous donnent de l&rsquo;argent, prenez l&rsquo;argent si vous voulez, mais votez pour les bons. \u00bb<\/font><\/span><\/p>\n<p dir=\"ltr\"><b><span><font face=\"Arial\">La\u00efc = dictature<\/font><\/span><\/b><\/p>\n<p dir=\"ltr\"><span><font face=\"Arial\">Une militante a engag\u00e9 une discussion nourrie avec trois jeunes, pr\u00eats \u00e0 l&rsquo;\u00e9couter mais d\u00e9cid\u00e9s \u00e0 voter Ennahdha. Qu&rsquo;est-ce qui est le plus important pour vous la religion, ou qu&rsquo;on r\u00e8gle le ch\u00f4mage ?<\/font><\/span><\/p>\n<p dir=\"ltr\"><span><font face=\"Arial\">\u00ab L&rsquo;essentiel c&rsquo;est d&rsquo;abord qu&rsquo;on respecte la religion. Le travail, \u00e7a viendra quand la religion sera respect\u00e9e par l&rsquo;Etat. Ben Ali \u00e9tait contre l&rsquo;islam, les la\u00efcs veulent continuer comme lui. \u00bb<\/font><\/span><\/p>\n<p dir=\"ltr\"><span><font face=\"Arial\">La r\u00e9ponse :<\/font><\/span><\/p>\n<p dir=\"ltr\"><span><font face=\"Arial\">\u00ab Ben Ali n&rsquo;\u00e9tait pas contre l&rsquo;islam, il \u00e9tait contre tous les opposants. Tous ceux qui se sont oppos\u00e9s \u00e0 lui ont \u00e9t\u00e9 victimes de la r\u00e9pression, qu&rsquo;ils soient religieux ou la\u00efcs. Nous notre programme, ce n&rsquo;est pas contre l&rsquo;islam, c&rsquo;est que tout le monde soit libre. \u00bb<\/font><\/span><\/p>\n<p dir=\"ltr\"><span><font face=\"Arial\">Puis elle analyse :<\/font><\/span><\/p>\n<p dir=\"ltr\"><span><font face=\"Arial\">\u00ab Le dialogue est fructueux, je crois qu&rsquo;ils ont compris que la gauche n&rsquo;\u00e9tait pas contre la religion. Mais il est clair que nous payons l&rsquo;instrumentalisation des valeurs modernistes par Ben Ali. \u00bb<\/font><\/span><\/p>\n<p dir=\"ltr\"><span><font face=\"Arial\">Ettajdid paie aussi d&rsquo;avoir apport\u00e9, au d\u00e9but des 1990, un \u00ab soutien critique \u00bb \u00e0 Ben Ali au moment o\u00f9 il a relanc\u00e9 la r\u00e9pression contre les islamistes. Une posture rapidement abandonn\u00e9e mais qui contribue \u00e0 nourrir l&rsquo;amalgame entre la\u00efcit\u00e9 et dictature.<\/font><\/span><\/p>\n<p dir=\"ltr\"><span><font face=\"Arial\">Dans l&rsquo;all\u00e9e centrale, un militant d&rsquo;Ennahdha distribue ses tracts lui aussi. Echange de poign\u00e9es de main, de sourires et d&rsquo;amabilit\u00e9s. L&rsquo;heure est \u00e0 la fraternit\u00e9 d\u00e9mocratique.<\/font><\/span><\/p>\n<p dir=\"ltr\"><b><span><font face=\"Arial\">Diatribe salafiste<\/font><\/span><\/b><\/p>\n<p dir=\"ltr\"><span><font face=\"Arial\">Plus bas, l&rsquo;ambiance est plus tendue. Des salafistes, barbes longues et kamis raccourcis aux chevilles, tiennent des stands de fripes. A la vue de l&rsquo;appareil photo, l&rsquo;un d&rsquo;eux s&rsquo;\u00e9nerve. \u00ab Pas de photo c&rsquo;est interdit ! \u00bb.<\/font><\/span><\/p>\n<p dir=\"ltr\"><span><font face=\"Arial\">Apr\u00e8s lui avoir rappel\u00e9 que chacun est libre et qu&rsquo;il n&rsquo;a pas \u00e0 faire la loi, l&rsquo;\u00e9quipe du P\u00f4le esquive le probl\u00e8me et commence \u00e0 s&rsquo;\u00e9loigner. Un autre salafistes intervient m&rsquo;interpelle bruyamment. Cette fois le journaliste est rentr\u00e9 dans la sc\u00e8ne. Inutile de tenter de r\u00e9pondre, m\u00eame en descendant de deux ou trois tons pour d\u00e9samorcer la tension, rien ne l&rsquo;interrompt, il continue sa diatribe et cherche l&rsquo;incident.<\/font><\/span><\/p>\n<p dir=\"ltr\"><span><font face=\"Arial\">Ahmed Brahim qui assiste \u00e0 la sc\u00e8ne se dirige vers lui et ass\u00e8ne quelques mots : pour clore l&rsquo;incident. \u00ab Il n&rsquo;y a rien \u00e0 n\u00e9gocier avec eux \u00bb, commente-t-il. Puis tout le monde s&rsquo;\u00e9loigne.<\/font><\/span><\/p>\n<p dir=\"ltr\"><span><font face=\"Arial\">Karim Skik, directeur de la campagne du PDM est d\u00e9termin\u00e9 :<\/font><\/span><\/p>\n<p dir=\"ltr\"><span><font face=\"Arial\">\u00ab Il ne faut pas r\u00e9pondre \u00e0 la provocation, mais il faut leur montrer qu&rsquo;on ne va pas les laisser occuper le terrain. \u00bb<\/font><\/span><\/p>\n<p dir=\"ltr\"><span><font face=\"Arial\">Au m\u00eame moment, deux \u00e0 <\/font><font><a href=\"http:\/\/www.google.com\/hostednews\/afp\/article\/ALeqM5iOo3FJrfVJBQSvIJw6WXL5h-Gx_g?docId=CNG.f829a9b63753cdea276b373ab46da078.51\" rel=\"nofollow noopener\" target=\"_blank\"><font face=\"Arial\">trois cents salafistes prennent d&rsquo;assaut les locaux de Nessma TV<\/font><\/a><\/font><font face=\"Arial\"> coupable \u00e0 leurs yeux d&rsquo;avoir diffus\u00e9 Persepolis.<\/font><\/span><\/p>\n<p dir=\"ltr\"><b><span><font face=\"Arial\">L&rsquo;intimidation<\/font><\/span><\/b><\/p>\n<p dir=\"ltr\"><span><font face=\"Arial\">Le march\u00e9 commence \u00e0 se vider, l&rsquo;\u00e9quipe de campagne se dirige vers le parking de l&rsquo;hypermarch\u00e9 Carrefour \u00e0 proximit\u00e9 et commence \u00e0 distribuer ses tracts. Rapidement, la s\u00e9curit\u00e9 intervient et veut arr\u00eater la distribution : le parking est priv\u00e9. Amel Belkhiria, num\u00e9ro 2 sur la liste, proteste, un vigile tente de lui arracher les tracts de force, elle se d\u00e9fend.<\/font><\/span><\/p>\n<p dir=\"ltr\"><span><font face=\"Arial\">L&rsquo;action se poursuit devant les portes de l&rsquo;administration, la discussion est anim\u00e9e entre les agents de s\u00e9curit\u00e9 et les militants. Karim Skik raconte la suite :<\/font><\/span><\/p>\n<p dir=\"ltr\"><span><font face=\"Arial\">\u00ab Alors que nous voulions partir, les agents nous ont empoign\u00e9s violemment, moi et Mouhaymen, pour nous faire entrer de force dans les locaux de l&rsquo;administration et nous bloquer \u00e0 l&rsquo;int\u00e9rieur. Une fois enferm\u00e9s, on les conna\u00eet, ils pouvaient tr\u00e8s bien nous tabasser. Nous avons cri\u00e9 pour ameuter la foule et la prendre \u00e0 t\u00e9moin. Les gens ont commenc\u00e9 \u00e0 photographier la sc\u00e8ne avec leurs t\u00e9l\u00e9phones portables. Les agents de s\u00e9curit\u00e9 ont pris des t\u00e9l\u00e9phones, y compris le mien pour effacer les photos. Ils ont aussi essay\u00e9 de nous prendre nos tracts. Ce sont exactement les m\u00e9thodes des milices de Ben Ali. Avant, c&rsquo;\u00e9tait comme \u00e7a, l&rsquo;intimidation permanente. \u00bb<\/font><\/span><\/p>\n<p dir=\"ltr\"><b><span><font face=\"Arial\">Demain, faire front contre les islamistes<\/font><\/span><\/b><\/p>\n<p dir=\"ltr\"><font face=\"Arial\">A deux semaines de l&rsquo;\u00e9lection de la Constituante (le 23 octobre), les \u00e9quipes de campagne \u00e9cument le terrain et multiplient meetings et \u00ab tractages \u00bb. Dimanche matin, les militants du <\/font><font><a href=\"http:\/\/www.pdmtunisie.org\/\" rel=\"nofollow noopener\" target=\"_blank\"><font face=\"Arial\">P\u00f4le d\u00e9mocratique moderniste <\/font><\/a><\/font><font face=\"Arial\">(PDM) arpentaient les all\u00e9es boueuses du march\u00e9 d&rsquo;un quartier populaire de la Marsa.<\/font><\/p>\n<p dir=\"ltr\"><span><font face=\"Arial\">Mouhaymen Bensa\u00efd fait le bilan de l&rsquo;action de la journ\u00e9e :<\/font><\/span><\/p>\n<p dir=\"ltr\"><span><font face=\"Arial\">A priori, ce n&rsquo;est pas le public le plus acquis \u00e0 cette coalition form\u00e9e autour d&rsquo;un projet de soci\u00e9t\u00e9 moderniste. Le PDM est quasiment la seule formation \u00e0 d\u00e9fendre sans ambigu\u00eft\u00e9 la la\u00efcit\u00e9 et l&rsquo;\u00e9galit\u00e9 entre hommes et femmes dans tous les domaines. Des th\u00e8mes qui passent mal dans un quartier pauvre, o\u00f9 le parti islamiste Ennahdha est dans ses terres. Rencontre int\u00e9ressante \u00e0 pr\u00e9voir entre deux mondes sociologiquement et id\u00e9ologiquement \u00e0 l&rsquo;oppos\u00e9e.<\/font><\/span><\/p>\n<p dir=\"ltr\"><span><font face=\"Arial\">Source: \u00ab\u00a0Rue 89\u00a0\u00bb Le 15-10-2011<\/font><\/span><\/p>\n<p dir=\"ltr\"><span><font face=\"Arial\">Lien: <\/font><\/span><\/p>\n<p dir=\"ltr\"><span><a href=\"http:\/\/blogs.rue89.com\/tunisie-libre\/2011\/10\/15\/tunisie-le-pole-democratique-sur-les-terres-dennahdha-225356\" rel=\"nofollow noopener\" target=\"_blank\"><font face=\"Arial\">http:\/\/blogs.rue89.com\/tunisie-libre\/2011\/10\/15\/tunisie-le-pole-democratique-sur-les-terres-dennahdha-225356<\/font><\/a><\/span><\/p>\n<div dir=\"ltr\">\n<hr\/>\n<\/div>\n<p align=\"center\" dir=\"ltr\"><b><span><\/p>\n<h2 style=\"color: red;\"><font face=\"Arial\">Tunisie, Libye : Alger s&rsquo;inqui\u00e8te d&rsquo;une mont\u00e9e de l&rsquo;islamisme<\/font><\/h2>\n<p><\/span><\/b><\/p>\n<p><b><span><\/p>\n<hr\/>\n<p><\/span><\/b><\/p>\n<p dir=\"ltr\"> <font face=\"Arial\">Par Farid Aichoun.<\/font><\/p>\n<p dir=\"ltr\"><font face=\"Arial\">La diffusion du film Pers\u00e9polis en Tunisie, dont une sc\u00e8ne repr\u00e9sente Dieu, a provoqu\u00e9 des manifestations \u00e0 Tunis. En Alg\u00e9rie, on se souvient de 1989 et de la guerre civile.<\/font><\/p>\n<p dir=\"ltr\"><b><font face=\"Arial\">Comment la diffusion d&rsquo;un film peut faire ressortir le spectre islamiste ?<\/font><\/b><\/p>\n<p dir=\"ltr\"><span><font face=\"Arial\">&#8211; Ce film n&rsquo;aurait pas pu \u00eatre diffus\u00e9 dans un autre pays de la r\u00e9gion. On a cru pendant des ann\u00e9es que l&rsquo;islamisme avait disparu de Tunisie, mais il \u00e9tait juste \u00e9touff\u00e9 par la dictature. Or, les mouvements salafistes sont une lame de fond qui va de l&rsquo;Indon\u00e9sie au Maroc.<\/font><\/span><\/p>\n<p dir=\"ltr\"><span><font face=\"Arial\">Bien que le parti tunisien Ennahda, qui a condamn\u00e9 les manifestations, souhaite \u00eatre l&rsquo;\u00e9quivalent de l&rsquo;AKP au pouvoir en Turquie qui allie la\u00efcit\u00e9 et islam, des mouvements extr\u00e9mistes ont r\u00e9ussi \u00e0 galvaniser des dizaines de milliers de personnes, qui n&rsquo;attendaient qu&rsquo;un pr\u00e9texte pour s&rsquo;exprimer. Si on peut estimer qu&rsquo;il y a au maximum 3.000 salafistes, tous courants confondus en Tunisie, leur poids et leur capacit\u00e9 \u00e0 rassembler fait peur. Il est \u00e9galement important de noter que de nombreuses femmes ont particip\u00e9 aux manifestations.<\/font><\/span><\/p>\n<p dir=\"ltr\"><b><font face=\"Arial\">La presse alg\u00e9rienne fait les gros titres de cet \u00e9v\u00e9nement qui se limite \u00e0 la Tunisie. Pourquoi une telle inqui\u00e9tude ?<\/font><\/b><\/p>\n<p dir=\"ltr\"><span><font face=\"Arial\">&#8211; L&rsquo;Alg\u00e9rie est tr\u00e8s inqui\u00e8te de la mont\u00e9e des islamistes en Libye. Elle craint une \u00ab\u00a0afghanisation\u00a0\u00bb du conflit. Si la guerre ne finit pas, il y a un risque que la r\u00e9gion soit compl\u00e8tement d\u00e9stabilis\u00e9e, jusqu&rsquo;au Maroc. Et la Tunisie est le maillon faible. L&rsquo;Alg\u00e9rie finance le parti au pouvoir, afin de s\u00e9curiser au maximum le pays. Mais comme me l&rsquo;a confi\u00e9 le ministre de la Communication, l&rsquo;inqui\u00e9tude vient de l&rsquo;instrumentalisation des Tunisiens par les islamistes libyens. Un des probl\u00e8mes est que les fronti\u00e8res ont \u00e9t\u00e9 dessin\u00e9es de mani\u00e8re totalement arbitraire. Si bien que les m\u00eames tribus vivent dans les deux pays. Si l&rsquo;une s&rsquo;enflamme, la ligne administrative n&rsquo;arr\u00eatera pas la contagion. Or, le spectre de 1989 hante toujours les esprits alg\u00e9riens. L&rsquo;arriv\u00e9e du multipartisme et la mont\u00e9e des islamistes avait entra\u00een\u00e9 une guerre civile qui a fait 150.000 morts et des milliers de disparus dans les deux camps.<\/font><\/span><\/p>\n<p dir=\"ltr\"><b><font face=\"Arial\">Les islamistes sont-ils toujours tr\u00e8s pr\u00e9sent en Alg\u00e9rie ?<\/font><\/b><\/p>\n<p dir=\"ltr\"><span><font face=\"Arial\">&#8211; L&rsquo;islam fait partie de la culture maghr\u00e9bine. Les islamistes ne s&rsquo;affichent dans les quartiers populaires. Toutefois, \u00e0 Alger, le nombre de \u00ab\u00a0barbus\u00a0\u00bb a diminu\u00e9. Ce qui est le plus marquant est la r\u00e9appropriation de la culture alg\u00e9rienne. Les gens portent de nouveau les v\u00eatements traditionnels &#8211; Djellaba ou Jebba tunisienne. La mode des tenues venues des pays du Golfe, qui financent les salafistes \u00e0 coup de p\u00e9trodollars, recule.<\/font><\/span><\/p>\n<p dir=\"ltr\"><span><font face=\"Arial\">La jeunesse d&rsquo;Alger d\u00e9couvre ces tensions et les souvenirs encore br\u00fblants de la guerre civile. Mais on note un d\u00e9go\u00fbt pour la politique et les islamistes. Les jeunes commencent enfin \u00e0 revivre dans Alger, m\u00eame s&rsquo;il reste un terrorisme r\u00e9siduel. Bref, ces grandes manifestations du voisin tunisien effraient aussi bien les dirigeants que les hommes de la rue. Le spectre de 1989 est toujours bien pr\u00e9sent.<\/font><\/span><\/p>\n<p dir=\"ltr\"><span><font face=\"Arial\"><strong>Source: \u00ab\u00a0Le Nouvel Observateur\u00a0\u00bb Le 15-10-2011<\/strong><\/font><\/span><\/p>\n<p dir=\"ltr\"><font face=\"Arial\"><b><span><font>Lien:<\/font><a href=\"http:\/\/tempsreel.nouvelobs.com\/monde\/20111015.OBS2534\/tunisie-libye-alger-s-inquiete-d-une-montee-de-l-islamisme.html\" rel=\"nofollow noopener\" target=\"_blank\"><font>http:\/\/tempsreel.nouvelobs.com\/monde\/20111015.OBS2534\/tunisie-libye-alger-s-inquiete-d-une-montee-de-l-islamisme.html<\/font><\/a><\/span><\/b><\/font><\/p>\n<div dir=\"ltr\">\n<hr\/>\n<\/div>\n<div align=\"center\" dir=\"ltr\"><b><span><\/p>\n<h3 style=\"color: blue;\"><font face=\"Arial\">Kamel Jendoubi, le garant des premi\u00e8res \u00e9lections du printemps arabe<\/font><\/h3>\n<p><\/span><\/b><\/div>\n<p><b><span><\/p>\n<hr\/>\n<p><\/span><\/b><\/p>\n<p dir=\"ltr\">\u00a0<\/p>\n<p dir=\"ltr\"><font face=\"Arial\"><font>Par Isabelle Mandraud<\/font><font> <\/font><\/font><\/p>\n<p dir=\"ltr\">\u00a0<\/p>\n<p dir=\"ltr\"><span><font face=\"Arial\">Le pr\u00e9sident de l&rsquo;Instance sup\u00e9rieure ind\u00e9pendante des \u00e9lections (ISIE) organise le premier scrutin libre de Tunisie. Un moment historique pour cet opposant de toujours au r\u00e9gime de l&rsquo;ancien pr\u00e9sident <\/font><font><a href=\"http:\/\/www.lemonde.fr\/sujet\/26ed\/ben-ali.html\" rel=\"nofollow noopener\" target=\"_blank\"><font face=\"Arial\">Ben Ali<\/font><\/a><font face=\"Arial\">.  Priv\u00e9 de son passeport tunisien pendant dix ans. Interdit de territoire, m\u00eame pour<\/font><a href=\"http:\/\/conjugaison.lemonde.fr\/conjugaison\/search?verb=assister\" rel=\"nofollow noopener\" target=\"_blank\"><font face=\"Arial\">assister<\/font><\/a><font face=\"Arial\"> aux obs\u00e8ques de son p\u00e8re, en 2004. Poursuivi dans le cadre d&rsquo;une instruction judiciaire aux ordres pour <i>\u00ab\u00a0propagation de fausses nouvelles de nature \u00e0<a href=\"http:\/\/conjugaison.lemonde.fr\/conjugaison\/search?verb=troubler\" rel=\"nofollow noopener\" target=\"_blank\"><font>troubler<\/font><\/a> l&rsquo;ordre public\u00a0\u00bb<\/i>. Militant acharn\u00e9 des droits de l&rsquo;homme, inscrit sur la liste noire des opposants exil\u00e9s en France mais figure peu connue, Kamel Jendoubi a \u00e9crit au quotidien l&rsquo;histoire de la r\u00e9sistance tunisienne contre le r\u00e8gne de l&rsquo;ancien pr\u00e9sident <\/font><a href=\"http:\/\/www.lemonde.fr\/sujet\/9885\/zine-el-abidine.html\" rel=\"nofollow noopener\" target=\"_blank\"><font face=\"Arial\">Zine El-Abidine<\/font><\/a><font face=\"Arial\"> Ben Ali. <i>\u00ab\u00a0Il a donn\u00e9 vingt ans de sa vie \u00e0 la Tunisie\u00a0\u00bb<\/i>, rappelle l&rsquo;historienne franco-tunisienne <\/font><a href=\"http:\/\/www.lemonde.fr\/sujet\/33e8\/sophie-bessis.html\" rel=\"nofollow noopener\" target=\"_blank\"><font face=\"Arial\">Sophie Bessis<\/font><\/a><\/font><font face=\"Arial\">.<\/font><\/span><\/p>\n<p dir=\"ltr\"><font face=\"Arial\">Aujourd&rsquo;hui, \u00e0 la t\u00eate de l&rsquo;Instance sup\u00e9rieure ind\u00e9pendante des \u00e9lections (ISIE), install\u00e9e au c\u0153ur de Tunis, &#8211; <i>\u00ab\u00a0une entreprise de 5000 personnes\u00a0\u00bb<\/i>, comme il se pla\u00eet \u00e0 le <\/font><font><a href=\"http:\/\/conjugaison.lemonde.fr\/conjugaison\/search?verb=souligner\" rel=\"nofollow noopener\" target=\"_blank\"><font face=\"Arial\">souligner<\/font><\/a><\/font><font face=\"Arial\"> -, il pr\u00e9pare les premi\u00e8res \u00e9lections libres de Tunisie, le 23 octobre, les premi\u00e8res apr\u00e8s les <i>\u00ab\u00a0printemps arabe\u00a0\u00bb<\/i>. Un enjeu majeur pour toute la r\u00e9gion. Et une t\u00e2che colossale.<\/font><\/p>\n<p dir=\"ltr\"><font face=\"Arial\">Il a fallu <\/font><font><a href=\"http:\/\/conjugaison.lemonde.fr\/conjugaison\/search?verb=convaincre\" rel=\"nofollow noopener\" target=\"_blank\"><font face=\"Arial\">convaincre<\/font><\/a><font face=\"Arial\"> le gouvernement tunisien provisoire et les partis politiques de<\/font><a href=\"http:\/\/conjugaison.lemonde.fr\/conjugaison\/search?verb=repousser\" rel=\"nofollow noopener\" target=\"_blank\"><font face=\"Arial\">repousser<\/font><\/a><font face=\"Arial\"> la date des \u00e9lections, fix\u00e9e \u00e0 l&rsquo;origine au 24 juillet, pour <\/font><a href=\"http:\/\/conjugaison.lemonde.fr\/conjugaison\/search?verb=d%C3%A9signer\" rel=\"nofollow noopener\" target=\"_blank\"><font face=\"Arial\">d\u00e9signer<\/font><\/a><font face=\"Arial\"> les repr\u00e9sentants de la future Assembl\u00e9e constituante dans de bonnes conditions, &#8211; ce qui lui a valu l&rsquo;hostilit\u00e9 de plusieurs chefs de partis &#8211; ; <\/font><a href=\"http:\/\/conjugaison.lemonde.fr\/conjugaison\/search?verb=dresser\" rel=\"nofollow noopener\" target=\"_blank\"><font face=\"Arial\">dresser<\/font><\/a><font face=\"Arial\"> de nouvelles listes \u00e9lectorales qui ne d\u00e9pendent plus du minist\u00e8re de l&rsquo;int\u00e9rieur et <\/font><a href=\"http:\/\/conjugaison.lemonde.fr\/conjugaison\/search?verb=inciter\" rel=\"nofollow noopener\" target=\"_blank\"><font face=\"Arial\">inciter<\/font><\/a><font face=\"Arial\">, en plein ramadan, 3,8 millions de Tunisiens \u00e0 <\/font><a href=\"http:\/\/conjugaison.lemonde.fr\/conjugaison\/search?verb=venir\" rel=\"nofollow noopener\" target=\"_blank\"><font face=\"Arial\">venir<\/font><\/a><font face=\"Arial\"> se <\/font><a href=\"http:\/\/conjugaison.lemonde.fr\/conjugaison\/search?verb=r%C3%A9inscrire\" rel=\"nofollow noopener\" target=\"_blank\"><font face=\"Arial\">r\u00e9inscrire<\/font><\/a><font face=\"Arial\"> ; <\/font><a href=\"http:\/\/conjugaison.lemonde.fr\/conjugaison\/search?verb=pr%C3%A9parer\" rel=\"nofollow noopener\" target=\"_blank\"><font face=\"Arial\">pr\u00e9parer<\/font><\/a><font face=\"Arial\"> le scrutin pour plus de 10 000 candidats qui se pr\u00e9sentent sur 1500 listes (plus de 110 partis sont aujourd&rsquo;hui reconnus en Tunisie) ; <\/font><a href=\"http:\/\/conjugaison.lemonde.fr\/conjugaison\/search?verb=former\" rel=\"nofollow noopener\" target=\"_blank\"><font face=\"Arial\">former<\/font><\/a><font face=\"Arial\"> 4 000 ch\u00f4meurs dipl\u00f4m\u00e9s \u00e0 <\/font><a href=\"http:\/\/conjugaison.lemonde.fr\/conjugaison\/search?verb=tenir\" rel=\"nofollow noopener\" target=\"_blank\"><font face=\"Arial\">tenir<\/font><\/a><font face=\"Arial\"> un bureau de vote, etc. Kamel Jendoubi, 59 ans, a, selon son expression, men\u00e9 <i>\u00ab\u00a0un travail de commando\u00a0\u00bb<\/i>, tout en respectant la r\u00e8gle, transparence oblige, de d\u00e9cisions prises \u00e0 la majorit\u00e9 des deux-tiers au sein d&rsquo;une commission \u00e9lectorale plurielle. <i>\u00ab\u00a0Nous sommes sous le regard du monde et particuli\u00e8rement des peuples arabes\u00a0\u00bb<\/i>, souffle-t-il.  Le 17 janvier, trois jours apr\u00e8s la fuite de Ben Ali en Arabie saoudite, Kamel Jendoubi a \u00e9t\u00e9 le premier \u00e0 <\/font><a href=\"http:\/\/conjugaison.lemonde.fr\/conjugaison\/search?verb=fouler\" rel=\"nofollow noopener\" target=\"_blank\"><font face=\"Arial\">fouler<\/font><\/a><\/font><font face=\"Arial\"><font> le sol tunisien, apr\u00e8s des ann\u00e9es d&rsquo;absence forc\u00e9e. A l&rsquo;a\u00e9roport, o\u00f9 l&rsquo;attendaient avec \u00e9motion ceux qui ont combattu le r\u00e9gime avec lui, \u00e0 l&rsquo;int\u00e9rieur comme \u00e0 l&rsquo;ext\u00e9rieur, &#8211; dont la pr\u00e9sidente de la F\u00e9d\u00e9ration internationale des droits de l&rsquo;homme Souhayr Belhassen, l&rsquo;ex-deput\u00e9 Khama\u00efs Chammari, la militante Sihem Ben Sedrine, l&rsquo;avocate Radia Nasraoui\u2026-, il inscrit fi\u00e8rement <i>\u00ab\u00a0tunisien\u00a0\u00bb<\/i> sur sa fiche de police. Il refusera le poste d&rsquo;ambassadeur, puis le minist\u00e8re des affaires sociales que lui propose le gouvernement provisoire. <\/font><i><font>\u00ab\u00a0Je voulais m&rsquo;<\/font><a href=\"http:\/\/conjugaison.lemonde.fr\/conjugaison\/search?verb=imbiber\" rel=\"nofollow noopener\" target=\"_blank\"><font>imbiber<\/font><\/a><font> de cette nouvelle Tunisie, <\/font><a href=\"http:\/\/conjugaison.lemonde.fr\/conjugaison\/search?verb=r%C3%A9apprendre\" rel=\"nofollow noopener\" target=\"_blank\"><font>r\u00e9apprendre<\/font><\/a><font> la g\u00e9ographie de ce pays\u00a0\u00bb<\/font><\/i><font>, explique-t-il.<\/font><\/font><\/p>\n<p dir=\"ltr\"><font face=\"Arial\"><font>Il plonge dans le chantier \u00e9lectoral, malgr\u00e9 un m\u00e9chant cancer qui le poursuit. <\/font><font><i><font>\u00ab\u00a0Se<\/font><a href=\"http:\/\/conjugaison.lemonde.fr\/conjugaison\/search?verb=retrouver\" rel=\"nofollow noopener\" target=\"_blank\"><font>retrouver<\/font><\/a><font> dans un contexte compliqu\u00e9 au retour a \u00e9t\u00e9 une \u00e9preuve \u00e9norme pour lui,<\/font><\/i><font>t\u00e9moigne sa femme, Edith, Fran\u00e7aise rencontr\u00e9e pendant les ann\u00e9es de militantisme. <\/font><i><font>M\u00eame si nous avons beaucoup de chance de <\/font><a href=\"http:\/\/conjugaison.lemonde.fr\/conjugaison\/search?verb=voir\" rel=\"nofollow noopener\" target=\"_blank\"><font>voir<\/font><\/a><font> le fruit de notre combat\u00a0\u00bb<\/font><\/i><font>. Issu d&rsquo;un milieu modeste et de parents analphab\u00e8tes, &#8211; son p\u00e8re \u00e9tait docker \u00e0 la Goulette, le port de la capitale -, a\u00een\u00e9 d&rsquo;une fratrie de neuf enfants, Kamel Jendoubi est un \u00ab\u00a0zitounien\u00a0\u00bb comme on dit \u00e0 Tunis, form\u00e9 \u00e0 la Zitouna, la grande \u00e9cole arabisante de cette ville. Mais c&rsquo;est \u00e0 Paris, o\u00f9 il arrive en 1971 pour<\/font><\/font><\/font><font><a href=\"http:\/\/conjugaison.lemonde.fr\/conjugaison\/search?verb=suivre\" rel=\"nofollow noopener\" target=\"_blank\"><font face=\"Arial\">suivre<\/font><\/a><font face=\"Arial\"> des \u00e9tudes, qu&rsquo;il commence \u00e0 <\/font><a href=\"http:\/\/conjugaison.lemonde.fr\/conjugaison\/search?verb=militer\" rel=\"nofollow noopener\" target=\"_blank\"><font face=\"Arial\">militer<\/font><\/a><\/font><font face=\"Arial\">.<i>\u00ab\u00a0Un virus, <\/i>sourit-il,<i> et quand on l&rsquo;attrape, on ne peut plus s&rsquo;en d\u00e9barrasser\u00a0\u00bb<\/i>.<\/font><\/p>\n<p dir=\"ltr\"><font face=\"Arial\">Avec son complice de toujours, <\/font><font><a href=\"http:\/\/www.lemonde.fr\/sujet\/aeeb\/mouhieddine-cherbib.html\" rel=\"nofollow noopener\" target=\"_blank\"><font face=\"Arial\">Mouhieddine Cherbib<\/font><\/a><font face=\"Arial\">, il embrasse la cause des migrants au sein de l&rsquo;Union des travailleurs \u00e9migr\u00e9s tunisiens (UTIT) fond\u00e9e en f\u00e9vrier 1974, transform\u00e9e vingt ans plus tard en F\u00e9d\u00e9ration des Tunisiens pour une citoyennet\u00e9 des deux rives (FTCR). L&rsquo;\u00e9migration l&rsquo;am\u00e8nera aux droits de l&rsquo;homme, avec la cr\u00e9ation en 1996 du Comit\u00e9 pour le respect des libert\u00e9s et des droits de l&rsquo;homme en Tunisie (CRLDHT) qui deviendra, au fil du temps, le porte-parole de l&rsquo;opposition tunisienne, tandis qu&rsquo;\u00e0 Tunis, la crise \u00e9clate au sein de la Ligue des droits de l&rsquo;homme, autre bastion de r\u00e9sistance mais min\u00e9e par le <\/font><a href=\"http:\/\/conjugaison.lemonde.fr\/conjugaison\/search?verb=pouvoir\" rel=\"nofollow noopener\" target=\"_blank\"><font face=\"Arial\">pouvoir<\/font><\/a><\/font><font face=\"Arial\">.<\/font><\/p>\n<p dir=\"ltr\"><font face=\"Arial\"><font>Les rapports avec le r\u00e9gime de Carthage se tendent de plus en plus. Lors de l&rsquo;une de ses derni\u00e8res visites sur place, Kamel Jendoubi est arr\u00eat\u00e9, interrog\u00e9 au minist\u00e8re de l&rsquo;int\u00e9rieur, puis rel\u00e2ch\u00e9. <\/font><font><i><font>\u00ab\u00a0On ne pouvait m\u00eame plus s&rsquo;<\/font><a href=\"http:\/\/conjugaison.lemonde.fr\/conjugaison\/search?verb=appeler\" rel=\"nofollow noopener\" target=\"_blank\"><font>appeler<\/font><\/a><font> au t\u00e9l\u00e9phone\u00a0\u00bb<\/font><\/i><font>, se souvient-il. Dans une tribune parue en novembre 1996 dans <i>Le Monde<\/i>, intitul\u00e9e <\/font><\/font><\/font><font><a href=\"http:\/\/www.lemonde.fr\/sujet\/71d7\/amere-tunisie.html\" rel=\"nofollow noopener\" target=\"_blank\"><font face=\"Arial\">Am\u00e8re Tunisie<\/font><\/a><\/font><font face=\"Arial\">, il d\u00e9nonce <i>\u00ab\u00a0la d\u00e9rive pr\u00e9sidentielle autoritaire\u00a0\u00bb<\/i> et le paravent de la lutte contre l&rsquo;int\u00e9grisme qui se paie <i>\u00ab\u00a0par un d\u00e9ni de citoyennet\u00e9\u00a0\u00bb<\/i>. Convaincu de la n\u00e9cessit\u00e9 d&rsquo;<i>\u00ab\u00a0int\u00e9grer progressivement les islamistes dans le jeu politique\u00a0\u00bb<\/i>, ce la\u00efc amateur de bons vins, p\u00e8re de deux enfants, participe au rapprochement de plusieurs forces politiques en 1988, qui fera long feu.<\/font><\/p>\n<p dir=\"ltr\"><font face=\"Arial\">Salu\u00e9 par ses amis pour sa <i>\u00ab\u00a0rigueur\u00a0\u00bb<\/i>, il porte alors le combat sur la sc\u00e8ne europ\u00e9enne. Un an apr\u00e8s la signature, en 1995, du premier accord d&rsquo;association entre l&rsquo;Union europ\u00e9enne et la Tunisie, il sensibilise les parlementaires europ\u00e9ens aux probl\u00e8mes des droits de l&rsquo;homme dans son pays. Rude bataille qui am\u00e8nera, cinq ans plus tard, le gouvernement de Ben Ali \u00e0 <\/font><font><a href=\"http:\/\/conjugaison.lemonde.fr\/conjugaison\/search?verb=%C3%A9mettre\" rel=\"nofollow noopener\" target=\"_blank\"><font face=\"Arial\">\u00e9mettre<\/font><\/a><font face=\"Arial\"> une loi taill\u00e9e sur mesure pour <\/font><a href=\"http:\/\/conjugaison.lemonde.fr\/conjugaison\/search?verb=punir\" rel=\"nofollow noopener\" target=\"_blank\"><font face=\"Arial\">punir<\/font><\/a><font face=\"Arial\"><font> de cinq ans d&#8217;emprisonnement toute personne s&rsquo;avisant<\/font><i><font>\u00ab\u00a0intentionnellement de <\/font><a href=\"http:\/\/conjugaison.lemonde.fr\/conjugaison\/search?verb=porter\" rel=\"nofollow noopener\" target=\"_blank\"><font>porter<\/font><\/a><font> pr\u00e9judice aux int\u00e9r\u00eats vitaux\u00a0\u00bb<\/font><\/i><font> de la Tunisie\u2026 Kamel Jendoubi, cadre dirigeant d&rsquo;une petite entreprise de formation, est devenu la b\u00eate noire du r\u00e9gime de Ben Ali, au point que celui-ci interviendra aupr\u00e8s du palais royal du Maroc pour le <\/font><\/font><a href=\"http:\/\/conjugaison.lemonde.fr\/conjugaison\/search?verb=faire\" rel=\"nofollow noopener\" target=\"_blank\"><font face=\"Arial\">faire<\/font><\/a><font face=\"Arial\"><\/font><a href=\"http:\/\/conjugaison.lemonde.fr\/conjugaison\/search?verb=refouler\" rel=\"nofollow noopener\" target=\"_blank\"><font face=\"Arial\">refouler<\/font><\/a><font face=\"Arial\"> de ce pays, en octobre 2010. A la t\u00eate du R\u00e9seau euro-m\u00e9diterran\u00e9en des droits de l&rsquo;homme (REMDH), il venait y <\/font><a href=\"http:\/\/conjugaison.lemonde.fr\/conjugaison\/search?verb=recevoir\" rel=\"nofollow noopener\" target=\"_blank\"><font face=\"Arial\">recevoir<\/font><\/a><\/font><font face=\"Arial\"> un prix.<\/font><\/p>\n<p dir=\"ltr\"><font face=\"Arial\">Lorsque le soul\u00e8vement tunisien commence \u00e0 <\/font><font><a href=\"http:\/\/www.lemonde.fr\/sujet\/2f6c\/sidi-bouzid.html\" rel=\"nofollow noopener\" target=\"_blank\"><font face=\"Arial\">Sidi Bouzid<\/font><\/a><font face=\"Arial\">, le 17 d\u00e9cembre 2010, Kamel Jendoubi n&rsquo;est pas surpris. Il conna\u00eet, pour les<\/font><a href=\"http:\/\/conjugaison.lemonde.fr\/conjugaison\/search?verb=avoir\" rel=\"nofollow noopener\" target=\"_blank\"><font face=\"Arial\">avoir<\/font><\/a><\/font><font face=\"Arial\"><font> soutenues, les \u00e9meutes survenues deux ans plus t\u00f4t dans le bassin minier de Gafsa : <\/font><i><font>\u00ab\u00a0C&rsquo;\u00e9tait le point de d\u00e9part de quelque chose, le syst\u00e8me \u00e9tait en train de <\/font><a href=\"http:\/\/conjugaison.lemonde.fr\/conjugaison\/search?verb=craquer\" rel=\"nofollow noopener\" target=\"_blank\"><font>craquer<\/font><\/a><font>, tous les ingr\u00e9dients \u00e9taient l\u00e0\u00a0\u00bb<\/font><\/i><font>. Mais, ajoute-t-il, <\/font><i><font>\u00ab\u00a0ce qu&rsquo;on ne voyait pas, c&rsquo;\u00e9tait le d\u00e9part de Ben Ali lui-m\u00eame. On pensait que le r\u00e9gime allait <\/font><a href=\"http:\/\/conjugaison.lemonde.fr\/conjugaison\/search?verb=r%C3%A9sister\" rel=\"nofollow noopener\" target=\"_blank\"><font>r\u00e9sister<\/font><\/a><font>, m\u00eame au prix de massacres\u00a0\u00bb<\/font><\/i><font>.<\/font><\/font><\/p>\n<p dir=\"ltr\"><font face=\"Arial\"><strong>Source: \u00ab\u00a0Le Monde.fr\u00a0\u00bb Le 15-10-2011<\/strong><\/font><\/p>\n<p dir=\"ltr\"><b><font face=\"Arial\">Lien:<\/font><a href=\"http:\/\/www.lemonde.fr\/tunisie\/article\/2011\/10\/15\/kamel-jendoubi-le-garant-des-premieres-elections-du-printemps-arabe_1588008_1466522.html\" rel=\"nofollow noopener\" target=\"_blank\"><font face=\"Arial\">http:\/\/www.lemonde.fr\/tunisie\/article\/2011\/10\/15\/kamel-jendoubi-le-garant-des-premieres-elections-du-printemps-arabe_1588008_1466522.htm<\/font><\/a><\/b><\/p>\n<div dir=\"ltr\">\n<hr\/>\n<\/div>\n<p align=\"center\" dir=\"ltr\"><b><span><\/p>\n<h3 style=\"color: blue;\"><font face=\"Arial\">Le \u00abPrintemps arabe\u00bb a co\u00fbt\u00e9 40 milliards d&rsquo;euros<\/font><\/h3>\n<p><\/span><\/b><\/p>\n<p><b><span><\/p>\n<hr\/>\n<p><\/span><\/b><\/p>\n<p dir=\"ltr\">\u00a0<\/p>\n<p dir=\"ltr\"><font face=\"Arial\">L\u2019agence <\/font><font><a href=\"http:\/\/www.geopolicity.com\/upload\/content\/pub_1318479562_regular.pdf\" rel=\"nofollow noopener\" target=\"_blank\"><font face=\"Arial\">Geopolicity<\/font><\/a><font face=\"Arial\"> a tent\u00e9 d\u2019\u00e9valuer les cons\u00e9quences \u00e9conomiques des soul\u00e8vements populaires en Afrique du Nord et au Moyen-Orient. Ainsi, la Libye, la Syrie, <\/font><a href=\"http:\/\/www.slateafrique.com\/pays\/19\/Egypte\" rel=\"nofollow noopener\" target=\"_blank\"><font face=\"Arial\">l&rsquo;Egypte,<\/font><\/a><font face=\"Arial\">la<\/font><a href=\"http:\/\/www.slateafrique.com\/pays\/57\/tunisie\" rel=\"nofollow noopener\" target=\"_blank\"><font face=\"Arial\">Tunisie<\/font><\/a><font face=\"Arial\">, le Bahrein et le Y\u00e9men ont perdu plus de 55 milliards de dollars, soit environ 40 milliards d\u2019euros, dont 15 milliards d&rsquo;euros de chute du PIB, et 25 milliards d&rsquo;euros de baisse des finances publiques.<\/font><span> <\/span><font face=\"Arial\">Selon le rapport d\u00e9taill\u00e9 par la<\/font><a href=\"http:\/\/www.bbc.co.uk\/news\/world-middle-east-15303413\" rel=\"nofollow noopener\" target=\"_blank\"><font face=\"Arial\">BBC<\/font><\/a><font face=\"Arial\">, la situation de la<\/font><a href=\"http:\/\/www.slateafrique.com\/pays\/31\/Libye\" rel=\"nofollow noopener\" target=\"_blank\"><font face=\"Arial\">Libye<\/font><\/a><\/font><font face=\"Arial\"> est particuli\u00e8rement pr\u00e9occupante. Ses revenus ont chut\u00e9 de 84%:<\/font><\/p>\n<p dir=\"ltr\"><i><font face=\"Arial\">\u00abLe conflit en Libye aurait ralenti l\u2019activit\u00e9 \u00e9conomique en lui faisant perdre 7,67 milliards de dollars [5,5 milliards d&rsquo;euros]. Plus de 740.000 personnes ont fui le pays depuis le d\u00e9but du conflit, et l\u2019arr\u00eat quasi-total de l\u2019activit\u00e9 du secteur des hydrocarbures a d\u00e9vast\u00e9 l\u2019\u00e9conomie.\u00bb<\/font><\/i><\/p>\n<p dir=\"ltr\"><font face=\"Arial\">Au contraire, les autres pays de la r\u00e9gion qui n\u2019ont pas \u00e9t\u00e9 secou\u00e9s par les r\u00e9voltes populaires ou qui les ont r\u00e9prim\u00e9es, ont profit\u00e9 des troubles politiques de leurs voisins. Cela est surtout vrai pour les<\/font><font><a href=\"http:\/\/www.slateafrique.com\/53817\/le-petrole-coule-nouveau-en-libye-mais-des-defis-cruciaux-subsistent\" rel=\"nofollow noopener\" target=\"_blank\"><font face=\"Arial\"> pays exportateurs de p\u00e9trole<\/font><\/a><\/font><font face=\"Arial\">, comme les Emirats Arabes Unis, le Koweit et l\u2019Arabie Saoudite. Geopolicity montre qu\u2019ils ont augment\u00e9 leurs recettes publiques, avec une hausse de 25% pour l&rsquo;Arabie Saoudite et de 31% pour les Emirats.<\/font><\/p>\n<p dir=\"ltr\"><font face=\"Arial\"><i><font>\u00abLes pays importateurs de p\u00e9trole sont les grands perdants\u00bb<\/font><\/i><span><font>, peut-on lire dans le rapport.<\/font><\/span><\/font><\/p>\n<p dir=\"ltr\"><font face=\"Arial\">Cependant, l\u2019agence Geopolicity explique que le co\u00fbt du printemps arabe ne peut pas \u00eatre calcul\u00e9 de fa\u00e7on pr\u00e9cise. Elle a estim\u00e9 l\u2019impact des pertes de productivit\u00e9 sur le PIB, et les baisses des revenus du gouvernement. Mais les co\u00fbts humains et mat\u00e9riaux n\u2019ont pas \u00e9t\u00e9 pris en compte.<\/font><font><span> <\/span><font face=\"Arial\">Elle pointe la n\u00e9cessit\u00e9 d\u2019une aide internationale dans cette r\u00e9gion: <i>\u00abl\u2019aide promise par le G8 de Deauville en mai 2011 n\u2019a pas \u00e9t\u00e9 traduite en acte\u00bb<\/i>. Le rapport recommande aussi \u00e0 la<\/font><a href=\"http:\/\/www.monde-diplomatique.fr\/cahier\/irak\/orgreg02\" rel=\"nofollow noopener\" target=\"_blank\"><font face=\"Arial\">Ligue Arabe<\/font><\/a><font face=\"Arial\"> et au <\/font><a href=\"http:\/\/www.gcc-sg.org\/eng\/\" rel=\"nofollow noopener\" target=\"_blank\"><font face=\"Arial\">Conseil de coop\u00e9ration du Golfe<\/font><\/a><font face=\"Arial\"> de conduire le processus de r\u00e9forme en interne.<\/font><span> <\/span><\/font><font face=\"Arial\">Peter Middlebrood de Geopolicity explique que l\u2019\u00e9tude, qui a pris de long mois, sera un document de travail important pour le G20 et les Nations unies<\/font><\/p>\n<p dir=\"ltr\"><font face=\"Arial\"><strong>Source: \u00ab\u00a0Slate Afrique\u00a0\u00bb Le 15-10-2011<\/strong><\/font><\/p>\n<p dir=\"ltr\"><font face=\"Arial\"><font>Lien: <\/font><a href=\"http:\/\/www.slateafrique.com\/54203\/le-printemps-arabe-coute-50-milliards-libye-tunisie-egypte\" rel=\"nofollow noopener\" target=\"_blank\"><font>http:\/\/www.slateafrique.com\/54203\/le-printemps-arabe-coute-50-milliards-libye-tunisie-egypte<\/font><\/a><\/font><\/p>\n<div>\n<hr\/>\n<\/div>\n<div align=\"center\"><b><span><\/p>\n<h3 style=\"color: blue;\"><font face=\"Arial\">TUNISIE: Beji Caid Essebsi vers une \u00ab\u00a0nouvelle\u00a0\u00bb pr\u00e9sidence \u00e0 vie?<\/font><\/h3>\n<p><\/span><\/b><\/div>\n<p><b><span><\/p>\n<hr\/>\n<p>\u00a0<\/span><\/b><\/p>\n<p dir=\"ltr\"><span><font face=\"Arial\">A 85 ans, l\u2019actuel Premier Ministre provisoire, Beji Caid Essebsi m\u00e8nera la Tunisie tr\u00e8s probablement \u00e0 une nouvelle \u00ab Pr\u00e9sidence \u00e0 vie \u00bb apr\u00e8s les \u00e9lections du 23 octobre 2011.<\/font><\/span><\/p>\n<p dir=\"ltr\">\u00a0<\/p>\n<p dir=\"ltr\"><span><font face=\"Arial\">Ancien Ministre des affaires \u00e9trang\u00e8res sous Bourguiba de (1981 \u00e0 1985) Beji Caid Essebsi a fait l\u2019essentiel de sa carri\u00e8re politique au Minist\u00e8re de l\u2019int\u00e9rieur de 1956 \u00e0 1969 (Directeur de la commission politique au minist\u00e8re de l\u2019Int\u00e9rieur, Directeur de la suret\u00e9, Ministre de l\u2019Interieur) o\u00f9 il a cautionn\u00e9 politiquement la torture des youssefistes, des militants du Mouvement PERSPECTIVES (l\u2019extreme gauche sous Bourguiba) et la fraude \u00e9lectorale (de son prope aveu dans une interview avec Ahmed mansour sur la chaine Aljazeera).<\/font><\/span><\/p>\n<p dir=\"ltr\">\u00a0<\/p>\n<p dir=\"ltr\"><font face=\"Arial\"><b><span><font>Sous Ben Ali, Beji Caid Essebsi \u00e9tait d\u00e9put\u00e9 du RCD jusqu\u2019\u00e0 1994, pr\u00e9sident de la chambre des d\u00e9put\u00e9s en 1990 (second personnage important du r\u00e9gime de Ben Ali) et membre du Comit\u00e9 central du RCD jusqu\u2019\u00e0 juillet 2001. Sous Ben Ali, jamais il n\u2019a \u00e9t\u00e9 inqui\u00e9t\u00e9. <\/font><font>B\u00e9ji Caid Essebsi lui-m\u00eame confirme \u00e0 Jeune Afrique dans une interview du 9 avril 2011 : \u00ab <i>pour \u00eatre franc, je n\u2019ai jamais \u00e9t\u00e9inqui\u00e9t\u00e9<\/i> \u00bb.<\/font><\/span><\/b><\/font><\/p>\n<p dir=\"ltr\">\u00a0<\/p>\n<p dir=\"ltr\"><b><span><font face=\"Arial\">La d\u00e9mission de Beji Caid Essebsi : une temp\u00eate dans un verre d\u2019eau<\/font><\/span><\/b><\/p>\n<p dir=\"ltr\"><font face=\"Arial\"><span><font>Le vendredi 14 octobre 2011,<\/font><\/span><font><b><font>Le journal en ligne en arabe Aljarida fond\u00e9 par Noureddine ben Ticha (animateur \u00e0 mosa\u00efque FM et tr\u00e8s proche de Kamel Eltaief, lui-m\u00eame \u00ab trop proche \u00bb de Beji Caid Essebsi et ses enfants<\/font><\/b><span><font>) a annonc\u00e9 la d\u00e9mission de Beji Caid Essebsi avant que <\/font><\/span><b><font>le site Tunisie Num\u00e9rique (tr\u00e8s proche aussi de Kamel eltaief)<\/font><\/b><\/font><span><font> n\u2019apporte un d\u00e9menti de cette information.<\/font><\/span><\/font><\/p>\n<p dir=\"ltr\"><b><span><font face=\"Arial\">Un mauvais sc\u00e9nario d\u2019une mauvaise s\u00e9rie B<\/font><\/span><\/b><\/p>\n<p dir=\"ltr\">\u00a0<\/p>\n<p dir=\"ltr\"><span><font face=\"Arial\">L\u2019annonce et son d\u00e9menti semblent s\u2019inscrire dans un plan de communication afin de tester la r\u00e9action de la rue si Beji Caid Essebsi se maintenait au pouvoir apr\u00e8s le 23 octobre 2011.<\/font><\/span><\/p>\n<p dir=\"ltr\"><span><font face=\"Arial\">Un sc\u00e9nario que la Tunisie a connu plus d\u2019une fois sous Bourguiba et sous Ben Ali :<\/font><\/span><\/p>\n<p dir=\"ltr\">\u00a0<\/p>\n<p dir=\"ltr\"><span><font face=\"Arial\">\u00ab <b><i>le dirigeant qui annonce son d\u00e9part du pouvoir, les milliers de \u00ab Mounachdines \u00bb qui le supplient d\u2019y rester. Et le dirigeant qui annonce que pour \u00ab r\u00e9pondre \u00e0 l\u2019appel du devoir, il a d\u00e9cid\u00e9 de continuer \u00e0 servir le pays en se sacrifiant ainsi pour les beaux yeux des millions de Tunisiens<\/i><\/b>\u00bb.<\/font><\/span><\/p>\n<p dir=\"ltr\">\u00a0<\/p>\n<p dir=\"ltr\"><span><font face=\"Arial\">Si Beji Caid Essebsi (85 ans) et ses proches ne quittaient pas le pouvoir apr\u00e8s le 23 octobre 2011, la Tunisie renouerait avec la \u00ab pr\u00e9sidence \u00e0 vie \u00bb.<\/font><\/span><\/p>\n<p dir=\"ltr\">\u00a0<\/p>\n<p dir=\"ltr\"><span><font face=\"Arial\">Et ce qu\u2019on appelle jusque-l\u00e0 \u00ab la r\u00e9volution tunisienne \u00bb sera d\u00e9finitivement trahie.<\/font><\/span><\/p>\n<p dir=\"ltr\"><span><font face=\"Arial\"><strong>Source: \u00ab\u00a0Le Post.fr\u00a0\u00bb Le 15-10-2011<\/strong><\/font><\/span><\/p>\n<p dir=\"ltr\"><font face=\"Arial\">Lien:<\/font><a href=\"http:\/\/www.lepost.fr\/article\/2011\/10\/15\/2614618_tunisie-beji-caid-essebsi-vers-une-nouvelle-presidence-a-vie.html\" rel=\"nofollow noopener\" target=\"_blank\"><font face=\"Arial\">http:\/\/www.lepost.fr\/article\/2011\/10\/15\/2614618_tunisie-beji-caid-essebsi-vers-une-nouvelle-presidence-a-vie.html<\/font><\/a><\/p>\n<p><\/body><\/body><\/html><\/p>\n","protected":false},"excerpt":{"rendered":"<p>\u0641\u064a\u0643\u0644 \u064a\u0648\u0645\u060c \u0646\u0633\u0627\u0647\u0645 \u0628\u062c\u0647\u062f\u0646\u0627 \u0641\u064a \u062a\u0642\u062f\u064a\u0645\u0625\u0639\u0644\u0627\u0645 \u0623\u0641\u0636\u0644 \u0648\u0623\u0631\u0642\u0649 \u0639\u0646\u0628\u0644\u062f\u0646\u0627\u060c\u062a\u0648\u0646\u0633 Un effort quotidien pour une information de qualit\u00e9 sur notre pays, la Tunisie. Everyday, we contribute to abetter information about our country, Tunisia TUNISNEWS 11 \u00e8me ann\u00e9e, N\u00b04126 du 16.10.2011 archives : www.tunisnews.net Le Monde.fr: Nessma TV dans la tourmente, Ennahda d\u00e9nonce une \u00ab provocation \u00bb [&hellip;]<\/p>\n","protected":false},"author":1,"featured_media":22040,"comment_status":"open","ping_status":"open","sticky":false,"template":"","format":"standard","meta":{"inline_featured_image":false,"site-sidebar-layout":"default","site-content-layout":"","ast-site-content-layout":"default","site-content-style":"default","site-sidebar-style":"default","ast-global-header-display":"","ast-banner-title-visibility":"","ast-main-header-display":"","ast-hfb-above-header-display":"","ast-hfb-below-header-display":"","ast-hfb-mobile-header-display":"","site-post-title":"","ast-breadcrumbs-content":"","ast-featured-img":"","footer-sml-layout":"","ast-disable-related-posts":"","theme-transparent-header-meta":"","adv-header-id-meta":"","stick-header-meta":"","header-above-stick-meta":"","header-main-stick-meta":"","header-below-stick-meta":"","astra-migrate-meta-layouts":"default","ast-page-background-enabled":"default","ast-page-background-meta":{"desktop":{"background-color":"","background-image":"","background-repeat":"repeat","background-position":"center center","background-size":"auto","background-attachment":"scroll","background-type":"","background-media":"","overlay-type":"","overlay-color":"","overlay-opacity":"","overlay-gradient":""},"tablet":{"background-color":"","background-image":"","background-repeat":"repeat","background-position":"center center","background-size":"auto","background-attachment":"scroll","background-type":"","background-media":"","overlay-type":"","overlay-color":"","overlay-opacity":"","overlay-gradient":""},"mobile":{"background-color":"","background-image":"","background-repeat":"repeat","background-position":"center center","background-size":"auto","background-attachment":"scroll","background-type":"","background-media":"","overlay-type":"","overlay-color":"","overlay-opacity":"","overlay-gradient":""}},"ast-content-background-meta":{"desktop":{"background-color":"var(--ast-global-color-5)","background-image":"","background-repeat":"repeat","background-position":"center center","background-size":"auto","background-attachment":"scroll","background-type":"","background-media":"","overlay-type":"","overlay-color":"","overlay-opacity":"","overlay-gradient":""},"tablet":{"background-color":"var(--ast-global-color-5)","background-image":"","background-repeat":"repeat","background-position":"center center","background-size":"auto","background-attachment":"scroll","background-type":"","background-media":"","overlay-type":"","overlay-color":"","overlay-opacity":"","overlay-gradient":""},"mobile":{"background-color":"var(--ast-global-color-5)","background-image":"","background-repeat":"repeat","background-position":"center center","background-size":"auto","background-attachment":"scroll","background-type":"","background-media":"","overlay-type":"","overlay-color":"","overlay-opacity":"","overlay-gradient":""}},"footnotes":""},"categories":[],"tags":[62,42,29],"class_list":["post-15595","post","type-post","status-publish","format-standard","has-post-thumbnail","hentry","tag-62","tag-42","tag-fr"],"_links":{"self":[{"href":"https:\/\/tunisnews.net\/ar\/wp-json\/wp\/v2\/posts\/15595","targetHints":{"allow":["GET"]}}],"collection":[{"href":"https:\/\/tunisnews.net\/ar\/wp-json\/wp\/v2\/posts"}],"about":[{"href":"https:\/\/tunisnews.net\/ar\/wp-json\/wp\/v2\/types\/post"}],"author":[{"embeddable":true,"href":"https:\/\/tunisnews.net\/ar\/wp-json\/wp\/v2\/users\/1"}],"replies":[{"embeddable":true,"href":"https:\/\/tunisnews.net\/ar\/wp-json\/wp\/v2\/comments?post=15595"}],"version-history":[{"count":0,"href":"https:\/\/tunisnews.net\/ar\/wp-json\/wp\/v2\/posts\/15595\/revisions"}],"wp:featuredmedia":[{"embeddable":true,"href":"https:\/\/tunisnews.net\/ar\/wp-json\/wp\/v2\/media\/22040"}],"wp:attachment":[{"href":"https:\/\/tunisnews.net\/ar\/wp-json\/wp\/v2\/media?parent=15595"}],"wp:term":[{"taxonomy":"category","embeddable":true,"href":"https:\/\/tunisnews.net\/ar\/wp-json\/wp\/v2\/categories?post=15595"},{"taxonomy":"post_tag","embeddable":true,"href":"https:\/\/tunisnews.net\/ar\/wp-json\/wp\/v2\/tags?post=15595"}],"curies":[{"name":"wp","href":"https:\/\/api.w.org\/{rel}","templated":true}]}}