{"id":15573,"date":"2010-09-09T00:00:00","date_gmt":"2010-09-09T00:00:00","guid":{"rendered":"https:\/\/tunisnews.net\/9-septembre-2010\/"},"modified":"2010-09-09T00:00:00","modified_gmt":"2010-09-09T00:00:00","slug":"9-septembre-2010","status":"publish","type":"post","link":"https:\/\/tunisnews.net\/ar\/9-septembre-2010\/","title":{"rendered":"9 septembre 2010"},"content":{"rendered":"<p><html><head><meta content=\"text\/html\" description=\"De source priv\u00e9e, Assabilonline a su que l\u2019ex prisonnier d\u2019opinion \t\t\tKhaled Bettahar Laroussi Ali, n\u00e9 en 1981, avait \u00e9t\u00e9 \u00e9crou\u00e9 \u00e0 la \t\t\tprison civile de Mornaguia pour \u00ab infraction au contr\u00f4le \t\t\tadministratif \u00bb dans l\u2019attente de son proc\u00e8s, tandis que ses amis \t\t\tont \u00e9t\u00e9 remis en libert\u00e9.\" http-equiv=\"Content-Type\"\/><\/head><body><body><\/p>\n<p align=\"center\" dir=\"ltr\"><font face=\"Arial\" size=\"2\"><b><a href=\"https:\/\/tunisnews.net\/ar\/\"><span>Home<\/span><span lang=\"FR-CH\"> &#8211; Accuei<\/span><\/a><span lang=\"FR-CH\">l<\/span><\/b><\/font><\/p>\n<div>\n<div align=\"center\" dir=\"ltr\"><font size=\"7\"><strong>TUNISNEWS <\/strong><\/font><\/div>\n<div align=\"center\" dir=\"ltr\">\n<div><strong><font>10\u00a0\u00e8me ann\u00e9e, <span lang=\"FR\">N\u00b0\u00a03761 du 09.09.2010<\/span><\/font><\/strong><\/div>\n<\/div>\n<div align=\"center\"><span><font><strong>\u00a0archives : <\/strong><\/font><a target=\"_blank\" rel=\"noopener\"><font><strong>www.tunisnews.net<\/strong><\/font><\/a><\/span><span lang=\"FR\">\u00a0<\/span><\/div>\n<p><font><\/p>\n<div>\n<hr\/>\n<\/div>\n<p><font size=\"2\"><span lang=\"FR\"><font size=\"2\"><span lang=\"FR\"><font face=\"Arial\" size=\"3\"><\/p>\n<div align=\"left\">\n<p><font size=\"2\"><strong>Assabilonline: Khaled Bettahar Laroussi Moulay Ali \u00e9crou\u00e9 \u00e0 la prison de Mornaguia <font>Assabilonline: Apr\u00e8s la prison, le calvaire de l\u2019ex prisonnier Nadhir Gabsi se poursuit \u00e0 l\u2019ext\u00e9rieur<\/font> AFP: Autodaf\u00e9 du Coran: le PDP d\u00e9nonce un \u00ab\u00a0crime \u00e9thique et religieux\u00a0\u00bb <font>Jeune Afrique: L&rsquo;incident frontalier est clos <\/font>Xinhua: Tunisia tops Africa in Global Competitiveness Report <font>Kapitalis: Tunisie-Mena. 70% des dipl\u00f4m\u00e9s d\u00e9plorent les mauvaises perspectives d\u2019emploi<\/font> WMC: Tunisie-Humeurs Ramadenesques 6 : Jeunes qui pas je\u00fbnent! <font>African Manager: Tunisie : Questions autour de la crise agricole<\/font> Le Temps: Les membres du Conseil d\u2019administration de l\u2019UTICA appellent le Pr\u00e9sident Ben Ali \u00e0 se porter candidat \u00e0 la pr\u00e9sidentielle 2014-2019<\/strong><\/font><\/p>\n<p><font size=\"2\"><\/font><\/div>\n<div><font size=\"3\"><\/p>\n<div align=\"center\"><strong><\/p>\n<hr\/>\n<p><\/strong><\/div>\n<p><\/font><\/div>\n<div>\n<div align=\"center\"><font face=\"Arial\" size=\"2\"><strong><\/p>\n<h2 style=\"color: red;\"><font size=\"3\">Khaled Bettahar Laroussi Moulay Ali \u00e9crou\u00e9 \u00e0 la prison de Mornaguia<\/font><\/h2>\n<p><\/strong><\/font><\/div>\n<div align=\"justify\">\n<hr\/>\n<p> <strong><font>Assabilonline<\/font><\/strong>, Tunisie De source priv\u00e9e, Assabilonline a su que l\u2019ex prisonnier d\u2019opinion Khaled Bettahar Laroussi Ali, n\u00e9 en 1981, avait \u00e9t\u00e9 \u00e9crou\u00e9 \u00e0 la prison civile de Mornaguia pour \u00ab infraction au contr\u00f4le administratif \u00bb dans l\u2019attente de son proc\u00e8s, tandis que ses amis ont \u00e9t\u00e9 remis en libert\u00e9. Moulay a \u00e9t\u00e9 kidnapp\u00e9 le 23 ao\u00fbt 2010 apr\u00e8s avoir fait enregistrer sa pr\u00e9sence dans le cadre du contr\u00f4le administratif au poste de police de la cit\u00e9 Ghazala \u00e0 l\u2019Ariana. Sa famille l\u2019avait alors consid\u00e9r\u00e9 comme disparu pour d\u00e9couvrir par la suite qu\u2019il \u00e9tait d\u00e9tenu au minist\u00e8re de l\u2019Int\u00e9rieur avec deux de ses amis. Khaled Moulay Ali a \u00e9t\u00e9 arr\u00eat\u00e9 en septembre 2006 et lib\u00e9r\u00e9 en septembre 2008 apr\u00e8s avoir effectu\u00e9 deux ann\u00e9es d\u2019emprisonnement sur les fondements de la \u00ab loi anti terroriste \u00bb. Depuis sa sortie de prison il se pr\u00e9sentait pour le contr\u00f4le administratif au poste de police de Gammarth. Il y a deux mois, il avait achet\u00e9 un domicile \u00e0 l\u2019Ariana et d\u00e9m\u00e9nag\u00e9 et il \u00e9margeait depuis au poste de police de la cit\u00e9 Ghazala. 09-09-2010 <font>(traduction ni revue ni corrig\u00e9e par les auteurs de la version en arabe, LT)<\/font><\/div>\n<\/div>\n<div>\n<hr\/>\n<\/div>\n<div align=\"center\"><font face=\"Arial\" size=\"2\"><strong><\/p>\n<h2 style=\"color: red;\"><font size=\"3\">Apr\u00e8s la prison, le calvaire de l\u2019ex prisonnier Nadhir Gabsi se poursuit \u00e0 l\u2019ext\u00e9rieur<\/font><\/h2>\n<p><\/strong><\/font><\/div>\n<div align=\"justify\">\n<hr\/>\n<p> <font><strong>Assabilonline<\/strong><\/font>, Tunisie, Le chef de la brigade d\u2019orientation de Khrouba, le d\u00e9nomm\u00e9 Sofiane, a\u00a0\u00a0\u00a0\u00a0\u00a0 barr\u00e9 la route le 4 septembre 2010 \u00e0 l\u2019ex prisonnier politique Nadhir Ben Abdelkader Gabsi qui demeure \u00e0 Hammamet, alors qu\u2019il revenait de la pri\u00e8re de la veill\u00e9e du Ramadan, lui a confisqu\u00e9 sa carte d\u2019identit\u00e9, a blasph\u00e9m\u00e9 et a voulu le conduire de force au poste de la brigade, mais Gabsi a refus\u00e9 \u00e9tant en compagnie de membres de sa famille qu\u2019il ne lui \u00e9tait pas possible de laisser seuls la nuit. Le chef de brigade a gard\u00e9 la carte d\u2019identit\u00e9 et a exig\u00e9 de l\u2019ex prisonnier Nadhir Gabsi qu\u2019il se pr\u00e9sente au poste de la brigade dans la matin\u00e9e du 6 septembre 2010, il a obtemp\u00e9r\u00e9 mais il a d\u00fb attendre jusqu\u2019\u00e0 trois heures de l\u2019apr\u00e8s midi et essuyer les menaces du chef de brigade qui l\u2019a somm\u00e9 sous un torrent d\u2019insultes et de menaces de signer un proc\u00e8s verbal dont il ignorait le contenu. Puis on lui a ordonn\u00e9 de revenir le lendemain, ce qu\u2019il a fait et sa carte d\u2019identit\u00e9 lui a \u00e9t\u00e9 restitu\u00e9e et il a \u00e9t\u00e9 remis en libert\u00e9. Nadhir Ben Abdelkader Gabsi a connu la prison \u00e0 deux reprises, la premi\u00e8re en mai 1991, lorsqu\u2019il a \u00e9t\u00e9 condamn\u00e9 \u00e0 un an et deux mois et demi d\u2019emprisonnement ; la seconde fois, il a \u00e9t\u00e9 condamn\u00e9 \u00e0 huit ans, en a effectu\u00e9 7 ans et 8 mois, puisqu\u2019il a \u00e9t\u00e9 \u00e9crou\u00e9 en novembre 1995 et est sorti en ao\u00fbt 2003. En collaboration avec Sa\u00efed Mabrouk, militant des droits humains 09-09-2010 <font>(traduction ni revue ni corrig\u00e9e par les auteurs de la version en arabe, LT)<\/font><\/div>\n<div align=\"justify\">\n<hr\/>\n<\/div>\n<div align=\"center\"><font><\/p>\n<h2 style=\"color: red;\"><font><strong><font size=\"3\">Autodaf\u00e9 du Coran: le PDP d\u00e9nonce un \u00ab\u00a0crime \u00e9thique et religieux\u00a0\u00bb<\/font><\/strong><\/font><\/h2>\n<p><\/font><\/div>\n<div align=\"center\">\u00a0<\/div>\n<div align=\"justify\">\n<hr\/>\n<p> \u00a0(AFP) 09\/09\/2010 19:00   TUNIS, 9 sept 2010 Le Parti d\u00e9mocratique progressiste (PDP, opposition l\u00e9gale en Tunisie) a d\u00e9nonc\u00e9 jeudi le projet d&rsquo;un groupe \u00e9vang\u00e9lique am\u00e9ricain de br\u00fbler le Coran et appel\u00e9 \u00e0 l&rsquo;interdiction de ce \u00ab\u00a0crime \u00e9thique et religieux\u00a0\u00bb Le PDP qui \u00ab\u00a0suit avec beaucoup d&rsquo;inter\u00eat le projet d&rsquo;un pasteur am\u00e9ricain de br\u00fbler 200 exemplaires du Coran (..) d\u00e9nonce fortement cette mobilisation de haine visant la nation islamique (..) et appelle les autorit\u00e9s concern\u00e9es d&rsquo;interdire ce crime \u00e9thique et religieux\u00a0\u00bb, a-t-il indiqu\u00e9 dans un communiqu\u00e9. Le groupuscule am\u00e9ricain \u00ab\u00a0Dove World Outreach Center\u00a0\u00bb dirig\u00e9 par le pasteur Terry Jones avait annonc\u00e9 son intention de br\u00fbler des exemplaires du Coran le 11 septembre, jour anniversaire des attentats de 2001, \u00e0 Gainesville, en Floride. Selon le PDP, \u00ab\u00a0les autorit\u00e9s am\u00e9ricaines assument la responsabilit\u00e9 de cette menace puisqu&rsquo;elles n&rsquo;ont fait que pr\u00e9venir de br\u00fbler le Coran (..) de peur que cela pourrait mettre en danger les soldats am\u00e9ricains en Irak et en Afghanistan\u00a0\u00bb, a-t-on ajout\u00e9. \u00ab\u00a0En tant que commandant en chef des forces arm\u00e9es am\u00e9ricaines, je voudrais dire (au pasteur Jones) que ce projet dont il parle met vraiment en danger nos jeunes hommes et femmes en uniforme en Irak et en Afghanistan\u00a0\u00bb, avait d\u00e9clar\u00e9 le pr\u00e9sident am\u00e9ricain Barack Obama. Le PDP, une formation de centre gauche a estim\u00e9 aussi \u00ab\u00a0que les gouvernements des pays islamiques notamment ceux qui gardent une relation \u00e9troite avec les Etats Unis doivent utiliser tous les moyens possibles pour interdire ce crime et pousser le gouvernement am\u00e9ricain \u00e0 arr\u00eater ce projet provocant\u00a0\u00bb.  L&rsquo;initiative du pasteur Jones survient \u00e0 un moment particuli\u00e8rement sensible, alors que les musulmans c\u00e9l\u00e8brent la f\u00eate du Fitr, marquant la fin du mois de je\u00fbne du ramadan, et que les autorit\u00e9s aux Etats-Unis craignent une mont\u00e9e du sentiment antimusulman. Dans une interview publi\u00e9e jeudi, ce pasteur a affirm\u00e9 qu&rsquo;il n&rsquo;avait pas \u00e9t\u00e9 contact\u00e9 par les autorit\u00e9s am\u00e9ricaines, mais laiss\u00e9 entendre qu&rsquo;il pourrait revoir ses plans si c&rsquo;\u00e9tait le cas. <\/p><\/div>\n<p><\/font><\/span><\/font><\/p>\n<div>\n<hr\/>\n<\/div>\n<div align=\"center\"><font face=\"Arial\" size=\"2\"><strong><\/p>\n<h2 style=\"color: red;\"><font size=\"3\">L&rsquo;incident frontalier est clos<\/font><\/h2>\n<p><\/strong><\/font><\/div>\n<div>\n<hr\/>\n<\/div>\n<div align=\"justify\"><font face=\"Arial\">Des mesures douani\u00e8res prises par la Libye avaient d\u00e9clench\u00e9 des violences \u00e0 la fronti\u00e8re avec la Tunisie cet \u00e9t\u00e9. La r\u00e9cente visite du Premier ministre tunisien a permis d&rsquo;apaiser les tensions. Durant la premi\u00e8re quinzaine du mois d\u2019ao\u00fbt, des incidents ont \u00e9clat\u00e9 entre Tunisiens et Libyens \u00e0 Ben Gardane, du c\u00f4t\u00e9 tunisien du poste-fronti\u00e8re de Ras Jedir. Bilan\u2009: plusieurs bless\u00e9s et des voitures endommag\u00e9es.  Des commer\u00e7ants tunisiens entendaient protester contre des mesures douani\u00e8res restrictives impos\u00e9es par la Libye. La visite du Premier ministre tunisien, Mohamed Ghannouchi, \u00e0 Tripoli, le 1er septembre, \u00e0 l\u2019occasion des c\u00e9r\u00e9monies marquant le 41e anniversaire de l\u2019accession de Kaddafi au pouvoir, a permis de finaliser les mesures d\u2019apaisement propos\u00e9es par les ministres de l\u2019Int\u00e9rieur et du Commerce, et les responsables des douanes des deux pays.<\/font><\/div>\n<div align=\"justify\"> <font><strong>(Source: Jeuneafrique.com le 8 septembre 2010) Lien: <\/strong><a target=\"_blank\" rel=\"noopener\"><strong><font>http:\/\/www.jeuneafrique.com\/Article\/ARTJAJA2591p006-007.xml6\/l-incident-frontalier-est-clos.html<\/font><\/strong><\/a> <\/p>\n<hr\/>\n<p><\/font><\/div>\n<div align=\"justify\"><font><\/p>\n<div align=\"center\">\n<h2 style=\"color: red;\"><font size=\"3\"><strong>Tunisia tops Africa in Global Competitiveness Report<\/strong><\/font><\/h2>\n<\/div>\n<div align=\"justify\">\n<hr\/>\n<p> <font>Xinhua Updated: 2010-09-09 23:10:00\u00a0 \u00a0TUNIS, September 9 (Xinhua) &#8212; The competitiveness of the Tunisian economy jumped by eight places to the 32nd, according to the 2010- 2011 Davos World Economic Forum Global Competitiveness Report released on Thursday.  Tunisia retains the lead in North Africa and on the African continent for the third consecutive year. The report stressed the efficiency of its government institutions, security, availability of scientists and engineers and high-level educational system.  Ranked fifth in the Arab world, Tunisia precedes such powerhouses as Spain, Portugal, Italy, Malta, India and South Africa.  The report, reviewing 139 economies, is based on 12 pillars of competitiveness including macroeconomic environment, business climate, technological readiness, and business sophistication. Switzerland is ranked first followed by Sweden and Singapore.  China continues to lead the way among large developing economies, winning two places to the 27th, while the United States falls two places to the fourth, the report said.<\/font><\/div>\n<p><\/font><\/div>\n<div align=\"justify\"><strong><\/p>\n<hr\/>\n<p><\/strong><\/div>\n<div align=\"center\">\n<h2 style=\"color: red;\"><font size=\"3\"><strong>Tunisie-Mena. 70% des dipl\u00f4m\u00e9s d\u00e9plorent les mauvaises perspectives d\u2019emploi<\/strong><\/font><\/h2>\n<\/div>\n<div align=\"justify\"><font><\/p>\n<hr\/>\n<p><\/font><\/div>\n<div align=\"justify\"><font>Seuls 21% des dipl\u00f4m\u00e9s de la r\u00e9gion du Moyen-Orient et Afrique du Nord (Mena) pensent que leur formation les a aid\u00e9s \u00e0 int\u00e9grer leur secteur de choix, souligne un r\u00e9cent sondage r\u00e9alis\u00e9 dans 14 pays de cette r\u00e9gion, dont la Tunisie.   Selon ce sondage, effectur\u00e9 par \u2018\u2018Bayt.com\u2019\u2019 en collaboration avec des chercheur de \u2018\u2018YouGov Siraj\u2019\u2019, dont les r\u00e9sultats ont \u00e9t\u00e9 publi\u00e9s dimanche 5 septembre, 70% des dipl\u00f4m\u00e9s interrog\u00e9es se disent d\u00e9\u00e7us par les possibilit\u00e9s d\u2019emploi offerts par leurs \u00e9tablissements. 22% d\u00e9clarent que leur \u00e9ducation les a pr\u00e9par\u00e9 \u00abdans une large mesure\u00bb, 33% \u00abdans une certaine mesure\u00bb, 9%\u00a0 \u00ab\u00e0 peine\u00bb et 6% \u00abpas du tout\u00bb.   Paradoxalement, 67% de ces jeunes dipl\u00f4m\u00e9s disent qu\u2019ils ont plus de possibilit\u00e9s de carri\u00e8re et une meilleure \u00e9ducation que la g\u00e9n\u00e9ration de leurs parents. 87% se disent m\u00eame optimistes quant \u00e0 leurs chances d\u2019obtenir un emploi. Malgr\u00e9 la r\u00e9cession mondiale, le rapport r\u00e9v\u00e8le que 4 sond\u00e9s sur 10 disent qu\u2019ils ont r\u00e9ussi \u00e0 trouver un emploi dans les trois mois suivant l\u2019obtention de leur dipl\u00f4me.  Les secteurs les plus demand\u00e9s par les dipl\u00f4m\u00e9s en qu\u00eate de leur premier emploi sont la banque et finance (28%), les t\u00e9l\u00e9communications (20%) et l\u2019ing\u00e9nierie (16%). Les secteurs les moins favoris\u00e9s sont l\u2019\u00e9ducation (10%), l\u2019\u00e9lectronique (10%) et le transport a\u00e9rien (9%). Finalement, 27% des dipl\u00f4m\u00e9s se retrouvent dans le secteur bancaire et financier, 18% dans les t\u00e9l\u00e9communications et 15% dans l\u2019enseignement.  Interrog\u00e9s \u00e9galement sur les comp\u00e9tences requises pour r\u00e9ussir dans l\u2019environnement du travail, les dipl\u00f4m\u00e9s citent en premier lieu la connaissance des langues (1\u00e8re avec\u00a0 40%), puis les comp\u00e9tences en informatique (26%) et, en 3\u00e8me lieu, le leadership (24%).  L\u2019enqu\u00eate a \u00e9t\u00e9 r\u00e9alis\u00e9e en ligne entre le 25 juillet et le 15 ao\u00fbt aupr\u00e8s 5.996 \u00e9tudiants et jeunes dipl\u00f4m\u00e9s \u00e2g\u00e9s de plus de 18 ans et r\u00e9sidants aux Emirats arabes unis, en Arabie saoudite, au Qatar, \u00e0 Oman, au Kowe\u00eft, \u00e0 Bahre\u00efn, en Syrie, en Jordanie, au\u00a0 Liban, en Egypte, au Maroc, en Tunisie, en Alg\u00e9rie et au Pakistan<\/font><\/div>\n<div align=\"justify\">\u00a0<\/div>\n<div align=\"justify\"><strong>(Source: Kapitalis le 9 septembre 2010) Lien\u00a0: <\/strong><a target=\"_blank\" rel=\"noopener\"><font><strong>http:\/\/www.kapitalis.com\/kapital\/34-economie\/1198-tunisie-mena-70-des-diplomes-deplorent-les-mauvaises-perspectives-demploi.html<\/strong><\/font><\/a><\/div>\n<p><\/span><\/font><\/font><\/p>\n<div>\u00a0<\/div>\n<div>\n<hr\/>\n<\/div>\n<div align=\"center\"><font face=\"Arial\" size=\"2\">\u00a0 <strong><\/p>\n<h2 style=\"color: red;\"><font size=\"3\">Tunisie-Humeurs Ramadenesques 6 : Jeunes qui pas je\u00fbnent!<\/font><\/h2>\n<p><\/strong><\/font><\/div>\n<div>\n<hr\/>\n<\/div>\n<div> \u00a0\u00a0\u00a0\u00a0\u00a0 Le mois de ramadan peut \u00eatre abord\u00e9 de diframadanf\u00e9rentes mani\u00e8res. Il y a\u00a0\u00a0 celle classique de vous, de moi, de monsieur Tout le monde, qui peinent en cette chaleur d\u2019ao\u00fbt pour atteindre 19H00 dans les meilleures conditions. Mais Il y a \u00e9galement d\u2019autres curieuses mani\u00e8res de je\u00fbner ! Certains musulmans dans certains pays ont pris l\u2019habitude de consid\u00e9rer le mois saint comme mois de vacances. Les bureaux et les lieux de travail sont ferm\u00e9s et les gens ont ainsi le loisir de faire ce qu\u2019ils veulent. G\u00e9n\u00e9ralement ils se consacrent au sommeil diurne le mois durant, veillant toute la nuit \u00e0 batifoler jusqu\u2019\u00e0 \u00abpouvoir distinguer le fil blanc du fil noir\u00bb, alors ils se mettent au lit et bonne nuit ! Chez nous autres, c\u2019est la mode chez les jeunes depuis que le Ramadan est en vacance en ao\u00fbt et qu\u2019il n\u2019y a pas \u00e9cole ! Apr\u00e8s la soir\u00e9e au caf\u00e9 du quartier ou ailleurs selon les jours, on se retrouve et on entame la deuxi\u00e8me moiti\u00e9 de la soir\u00e9e avec bouffe, \u00abgazouz\u00bb et tutti quanti. Le \u00abImsec\u00bb arrivant vers 4H00 du matin, on trouvera le moyen de meubler les 3 ou 4 heures qui restent et on se couche quand les malheureux travailleurs s\u2019agglutinent devant les portes de premiers bus jaunes de la Transtu. Mais il y a \u00e9galement le Ramadan envelopp\u00e9 par le papier journal ! C\u2019est une curiosit\u00e9 typiquement tunisienne et qui s\u2019est install\u00e9e dans le paysage urbain, particuli\u00e8rement celui de la capitale. En fait, il s\u2019agit de certains caf\u00e9s, oh ! Pas nombreux quand m\u00eame, qui, ayant \u00e0 c\u0153ur de venir en aide \u00e0 tous ceux qui, pour des raisons m\u00e9dicales comme les diab\u00e9tiques s\u00e9v\u00e8res ou autres malades, ne peuvent pas je\u00fbner. Alors, pour ne pas trop se faire remarquer, les cafetiers ont trouv\u00e9 l\u2019ing\u00e9nieuse id\u00e9e de couvrir les devantures en verre du caf\u00e9 par les journaux et le tour est jou\u00e9 ! On ne peut toutefois certifier que tous les clients qui s\u2019engouffrent ici sont r\u00e9ellement diab\u00e9tiques ! Mais ils peuvent l\u2019\u00eatre. Dans d\u2019autres pays islamiques, le d\u00e9bat est feutr\u00e9 sur le point de savoir si la pratique du je\u00fbne qui est d\u2019abord un acte de foi individuel, peut interf\u00e9rer avec la moderne notion du droit \u00e0 la libert\u00e9 religieuse dans l\u2019acceptation moderne du terme.  Il y a \u00e9galement des pays o\u00f9 ce genre de question est un blasph\u00e8me en soi, et on pr\u00e9f\u00e8re faire semblant de ne rien voir que de faire face \u00e0 ce qu\u2019on sait existant dans les recoins de la ville ! Mais en fin de compte, ce qui compte c\u2019est qu\u2019on est \u00e0 presque une semaine de l\u2019A\u00efd et on oubliera vite ces discussions.<\/div>\n<div> <strong><font>(Source: <u>webmanagercenter.com le 9 septembre 2010)<\/u> Lien: <\/font><\/strong><a target=\"_blank\" rel=\"noopener\"><strong><font>http:\/\/www.webmanagercenter.com\/management\/article-94814-tunisie-humeurs-ramadenesques-6-jeunes-qui-pas-je%FBnent<\/font><\/strong><\/a><\/div>\n<div>\n<hr\/>\n<\/div>\n<div align=\"center\"><font face=\"Arial\" size=\"2\"><\/p>\n<h2 style=\"color: red;\"><font size=\"3\"><strong>Tunisie : Questions autour de la crise agricole<\/strong><\/font><\/h2>\n<p><\/font><\/div>\n<div align=\"justify\">\n<hr\/>\n<p> <font>Rarement rendez-vous aura r\u00e9uni sur un m\u00eame plateau\u00a0 un parterre si fourni de connaisseurs de la chose agricole. Ce fut, mardi soir, \u00e0 la faveur du d\u00e9bat t\u00e9l\u00e9vis\u00e9 sur\u00a0 la Cha\u00eene TV \u00a0\u00bbTunis 7\u00a0\u00bb et la Radio nationale dans le cadre de la s\u00e9rie de d\u00e9bats avec les membres du gouvernement, dont l\u2019un , celui de l&rsquo;agriculture, des ressources hydrauliques et de la p\u00eache,\u00a0 Abdessalem Mansour \u00e9tait sous le feu des questions de l\u2019assistance compos\u00e9, pour l\u2019essentiel, de professionnels, de repr\u00e9sentants de l&rsquo;Union Tunisienne de l&rsquo;Agriculture et de la P\u00eache \/UTAP\/, de l&rsquo;Organisation de D\u00e9fense du Consommateur \/ODC\/ et d\u2019 experts. De toute \u00e9vidence, il \u00e9tait abondamment question des \u00ab\u00a0 moyens de contenir l&rsquo;impact n\u00e9gatif des ann\u00e9es difficiles que conna\u00eet l&rsquo;agriculture en raison des conditions climatiques d\u00e9favorables \u00bb. Le ministre a d\u2019embl\u00e9e indiqu\u00e9 que\u00a0 les conditions climatiques difficiles s\u00e9vissent dans le monde entier et\u00a0 que, par rapport \u00e0 l&rsquo;ann\u00e9e derni\u00e8re, la production des c\u00e9r\u00e9ales a baiss\u00e9 de moiti\u00e9, outre le recul des cultures fourrag\u00e8res de 20 \u00e0 30% et des r\u00e9serves d&rsquo;eaux dans les grands barrages de 25%. Rebondissant sur ces pr\u00e9cisions, les intervenants ont demand\u00e9 des \u00e9claircissements sur le plan adopt\u00e9 par le minist\u00e8re en vue de concr\u00e9tiser et de valoriser les d\u00e9cisions pr\u00e9sidentielles prises au profit du secteur c\u00e9r\u00e9alier. Ils ont mis l&rsquo;accent sur l&rsquo;importance de tirer profit des exp\u00e9riences men\u00e9es en mati\u00e8re d&rsquo;utilisation de nouvelles vari\u00e9t\u00e9s s\u00e9lectionn\u00e9es, outre la contribution de la recherche scientifique dans la cr\u00e9ation de vari\u00e9t\u00e9s r\u00e9sistantes \u00e0 la s\u00e9cheresse. Y r\u00e9pondant, le ministre a \u00e9voqu\u00e9\u00a0 les efforts d\u00e9ploy\u00e9s en vue de promouvoir le secteur et garantir l&rsquo;autosuffisance dans ce domaine, \u00e0 travers la cr\u00e9ation de nouvelles vari\u00e9t\u00e9s r\u00e9sistantes \u00e0 la s\u00e9cheresse et l&rsquo;intensification de semences m\u00e8res import\u00e9es (pas moins de 10 vari\u00e9t\u00e9s). Les r\u00e9sultats de la recherche scientifique ont permis de cr\u00e9er de nouvelles vari\u00e9t\u00e9s de c\u00e9r\u00e9ales caract\u00e9ris\u00e9es par leur r\u00e9sistance aux maladies fongiques comme les vari\u00e9t\u00e9s \u00a0\u00bb Nasr, Ma\u00e0li, Salim\u00a0\u00bb (bl\u00e9 dur), \u00a0\u00bbSalambo, Utic, Hydra et \u00a0\u00bbTahent\u00a0\u00bb( (bl\u00e9 tendre), \u00a0\u00bbManel, Lemsi et Kounouz\u00a0\u00bb (orge). Le ministre a mis l&rsquo;accent sur l&rsquo;importance d&rsquo;\u0153uvrer dans le cadre de groupements et de structures professionnels, en vue de renforcer la production et garantir un meilleur revenu pour l&rsquo;agriculteur. Plusieurs participants ont demand\u00e9 des \u00e9clairages sur le plan mis en place par le minist\u00e8re en vue de faire face \u00e0 la baisse enregistr\u00e9e au niveau des fourrages, sugg\u00e9rant le r\u00e9examen des primes accord\u00e9es au titre de l&rsquo;\u00e9levage de g\u00e9nisses, outre la g\u00e9n\u00e9ralisation de l&rsquo;exp\u00e9rience des centres de collecte de lait sur d&rsquo;autres produits agricoles comme les viandes rouges. Il y a lieu de souligner que la d\u00e9cision pr\u00e9sidentielle relative \u00e0 la mise \u00e0 niveau des centres de collecte de lait a concern\u00e9 229 unit\u00e9s, dont 200 ont obtenu la norme sanitaire. Le ministre a appel\u00e9 \u00e0 garantir davantage d&rsquo;organisation au secteur de l&rsquo;\u00e9levage qui englobe les viandes et le lait, l&rsquo;ultime objectif \u00e9tant de consolider les r\u00e9sultats d\u00e9j\u00e0 enregistr\u00e9s par le pays, notamment, en mati\u00e8re d&rsquo;autosuffisance dans le secteur laitier ( la production a tripl\u00e9 depuis les ann\u00e9es 80). Troisi\u00e8me volet abord\u00e9 : l\u2019eau. Sur ce registre , le ministre a affirm\u00e9\u00a0 que le taux d&rsquo;approvisionnement des zones rurales en eau potable a atteint 94% et que\u00a0 l&rsquo;objectif pr\u00e9sidentiel dans ce domaine porte sur la r\u00e9alisation d&rsquo;un taux de 95%, \u00e0 l&rsquo;horizon 2014, avec un taux minimum pour tous les gouvernorats de 85%. Il a soulign\u00e9 que l&rsquo;eau en Tunisie est saine \u00e0 tous les niveaux, pr\u00e9cisant que des analyses pouss\u00e9es sont men\u00e9es dans ce domaine par les minist\u00e8res de l&rsquo;agriculture, des ressources hydrauliques et de la p\u00eache et de la sant\u00e9, sous la supervision de l&rsquo;Organisation Mondiale de la Sant\u00e9 (OMS). Il a indiqu\u00e9 que les zones qui souffrent d&rsquo;un taux \u00e9lev\u00e9 de salinit\u00e9, notamment, pendant l&rsquo;\u00e9t\u00e9, sont suivies, relevant l&rsquo;absence de r\u00e9clamations sur cette question au cours de l&rsquo;actuelle saison estivale et ce contrairement aux \u00e9t\u00e9s pr\u00e9c\u00e9dents. Autre th\u00e8me d\u2019importance, l&rsquo;agriculture biologique o\u00f9 la Tunisie\u00a0 occupe la premi\u00e8re place en Afrique et la quatri\u00e8me dans le monde. Les superficies consacr\u00e9es \u00e0 l&rsquo;agriculture biologique ont atteint 336 mille hectares et les pr\u00e9visions tablent sur 500 mille hectares, \u00e0 l&rsquo;horizon 2014. Le ministre a rappel\u00e9 que l\u2019objectif\u00a0 fix\u00e9 dans ce cadre est d\u2019atteindre 1% de la consommation nationale de produits biologiques. Enfin et s\u2019agissant de l\u2019huile d\u2019olive, la Tunisie occupe la deuxi\u00e8me place sur le plan mondial au niveau des superficies d&rsquo;oliveraies qui atteignent actuellement un million 700 mille hectares. Au cours de l&rsquo;ann\u00e9e 2009, le secteur a export\u00e9 200 mille tonnes d&rsquo;huile d&rsquo;olive. Selon les statistiques pr\u00e9sent\u00e9es par le ministre, le quota d&rsquo;exportation de l&rsquo;huile d&rsquo;olive tunisienne vers le march\u00e9 de l&rsquo;Union Europ\u00e9enne est estim\u00e9 \u00e0 56,6 mille tonnes, alors que les quantit\u00e9s export\u00e9es, jusqu&rsquo;a ce jour, vers ce march\u00e9 n&rsquo;ont pas d\u00e9pass\u00e9 les 16 mille tonnes.<\/font><\/div>\n<div align=\"justify\">\u00a0<\/div>\n<div align=\"justify\"><strong><font>(Source: African Manager le 8 septembre 2010) Lien: http:\/\/www.africanmanager.com\/detail_article.php?art_id=129340<\/font> \u00a0<\/strong><\/div>\n<div align=\"justify\"><strong><\/p>\n<hr\/>\n<p><\/strong><\/div>\n<div align=\"center\"><strong><font>L\u2019appel des mille <\/font><\/strong><\/div>\n<div align=\"center\"><font><strong><\/p>\n<p><font size=\"3\">Les membres du Conseil d\u2019administration de l\u2019UTICA appellent le Pr\u00e9sident Ben Ali \u00e0 se porter candidat \u00e0 la pr\u00e9sidentielle 2014-2019<\/font><\/p>\n<p><\/strong> <\/font><\/div>\n<div align=\"justify\">\n<hr\/>\n<\/div>\n<div align=\"justify\">Les membres du Conseil administratif de l\u2019Union Tunisienne de l\u2019Industrie, du Commerce et de l\u2019Artisanat constitu\u00e9 des membres du comit\u00e9 ex\u00e9cutif et des pr\u00e9sidents des f\u00e9d\u00e9rations nationales et des pr\u00e9sidents des unions r\u00e9gionales, r\u00e9unis, le mardi 7 septembre 2010 au si\u00e8ge de l\u2019Union sous la pr\u00e9sidence de M. H\u00e9di Djilani, pr\u00e9sident de l\u2019Organisation, sollicitent votre Excellence de pr\u00e9senter votre candidature \u00e0 la pr\u00e9sidentielle 2014-2019\u00a0 pour poursuivre la marche de l\u2019\u00e9dification et du d\u00e9fi qui a d\u00e9marr\u00e9 depuis l\u2019aube du Changement et pour parachever le programme national de votre Excellence.  Expriment leur grande fiert\u00e9\u00a0 de tout ce qui a \u00e9t\u00e9 r\u00e9alis\u00e9 en r\u00e9ussites et acquis sous votre sage et pr\u00e9voyante conduite qui a permis au pays de progresser sur la voie de la modernit\u00e9 et du d\u00e9veloppement.  Renouv\u00e8lent leur confiance en votre aptitude \u00e0 poursuivre la\u00a0 conduite de la marche du d\u00e9veloppement avec sagesse et pr\u00e9voyance en cette conjoncture mondiale d\u00e9licate marqu\u00e9e par l\u2019acc\u00e9l\u00e9ration du rythme de la mondialisation et des bouleversements \u00e9conomiques et sociaux. R\u00e9affirmant leur attachement aux choix de votre Excellence qui n\u2019ont cess\u00e9 de prouver leur efficacit\u00e9 et leur justesse pour activer davantage la marche du d\u00e9veloppement dans notre pays et consolider les acquis r\u00e9alis\u00e9s en votre Ere.<\/div>\n<div align=\"justify\">\u00a0<\/div>\n<div align=\"justify\"><font face=\"Arial\" size=\"2\"><strong>(Source: \u00ab\u00a0Le Temps\u00a0\u00bb (Quotidien &#8211; Tunisie) le 9 septembe 2010)<\/strong><\/font><\/div>\n<div align=\"justify\">\u00a0<\/div>\n<\/div>\n<p align=\"center\" dir=\"ltr\">\n<h2 style=\"color: red;\"><font face=\"Arial\" size=\"2\"><strong><b><a href=\"https:\/\/tunisnews.net\/ar\/\"><font face=\"Arial\"><span><font size=\"2\">Home<\/font><\/span><font size=\"2\"><span lang=\"FR-CH\"> &#8211; Accueil <\/span><span>&#8211; <\/span><\/font><\/font><span dir=\"rtl\" lang=\"AR-SA\"><font size=\"2\">\u0627\u0644\u0631\u0626\u064a\u0633\u064a\u0629<\/font><\/span><\/a><\/b><\/strong><\/font><\/h2>\n<\/p>\n<p align=\"center\" dir=\"ltr\">\u00a0<\/p>\n<p><\/body><\/body><\/html><\/p>","protected":false},"excerpt":{"rendered":"<p>Home &#8211; Accueil TUNISNEWS 10\u00a0\u00e8me ann\u00e9e, N\u00b0\u00a03761 du 09.09.2010 \u00a0archives : www.tunisnews.net\u00a0 Assabilonline: Khaled Bettahar Laroussi Moulay Ali \u00e9crou\u00e9 \u00e0 la prison de Mornaguia Assabilonline: Apr\u00e8s la prison, le calvaire de l\u2019ex prisonnier Nadhir Gabsi se poursuit \u00e0 l\u2019ext\u00e9rieur AFP: Autodaf\u00e9 du Coran: le PDP d\u00e9nonce un \u00ab\u00a0crime \u00e9thique et religieux\u00a0\u00bb Jeune Afrique: L&rsquo;incident frontalier [&hellip;]<\/p>\n","protected":false},"author":1,"featured_media":22040,"comment_status":"open","ping_status":"open","sticky":false,"template":"","format":"standard","meta":{"inline_featured_image":false,"site-sidebar-layout":"default","site-content-layout":"","ast-site-content-layout":"default","site-content-style":"default","site-sidebar-style":"default","ast-global-header-display":"","ast-banner-title-visibility":"","ast-main-header-display":"","ast-hfb-above-header-display":"","ast-hfb-below-header-display":"","ast-hfb-mobile-header-display":"","site-post-title":"","ast-breadcrumbs-content":"","ast-featured-img":"","footer-sml-layout":"","ast-disable-related-posts":"","theme-transparent-header-meta":"","adv-header-id-meta":"","stick-header-meta":"","header-above-stick-meta":"","header-main-stick-meta":"","header-below-stick-meta":"","astra-migrate-meta-layouts":"default","ast-page-background-enabled":"default","ast-page-background-meta":{"desktop":{"background-color":"","background-image":"","background-repeat":"repeat","background-position":"center center","background-size":"auto","background-attachment":"scroll","background-type":"","background-media":"","overlay-type":"","overlay-color":"","overlay-opacity":"","overlay-gradient":""},"tablet":{"background-color":"","background-image":"","background-repeat":"repeat","background-position":"center center","background-size":"auto","background-attachment":"scroll","background-type":"","background-media":"","overlay-type":"","overlay-color":"","overlay-opacity":"","overlay-gradient":""},"mobile":{"background-color":"","background-image":"","background-repeat":"repeat","background-position":"center center","background-size":"auto","background-attachment":"scroll","background-type":"","background-media":"","overlay-type":"","overlay-color":"","overlay-opacity":"","overlay-gradient":""}},"ast-content-background-meta":{"desktop":{"background-color":"var(--ast-global-color-5)","background-image":"","background-repeat":"repeat","background-position":"center center","background-size":"auto","background-attachment":"scroll","background-type":"","background-media":"","overlay-type":"","overlay-color":"","overlay-opacity":"","overlay-gradient":""},"tablet":{"background-color":"var(--ast-global-color-5)","background-image":"","background-repeat":"repeat","background-position":"center center","background-size":"auto","background-attachment":"scroll","background-type":"","background-media":"","overlay-type":"","overlay-color":"","overlay-opacity":"","overlay-gradient":""},"mobile":{"background-color":"var(--ast-global-color-5)","background-image":"","background-repeat":"repeat","background-position":"center center","background-size":"auto","background-attachment":"scroll","background-type":"","background-media":"","overlay-type":"","overlay-color":"","overlay-opacity":"","overlay-gradient":""}},"footnotes":""},"categories":[],"tags":[61,41,29],"class_list":["post-15573","post","type-post","status-publish","format-standard","has-post-thumbnail","hentry","tag-61","tag-41","tag-fr"],"_links":{"self":[{"href":"https:\/\/tunisnews.net\/ar\/wp-json\/wp\/v2\/posts\/15573","targetHints":{"allow":["GET"]}}],"collection":[{"href":"https:\/\/tunisnews.net\/ar\/wp-json\/wp\/v2\/posts"}],"about":[{"href":"https:\/\/tunisnews.net\/ar\/wp-json\/wp\/v2\/types\/post"}],"author":[{"embeddable":true,"href":"https:\/\/tunisnews.net\/ar\/wp-json\/wp\/v2\/users\/1"}],"replies":[{"embeddable":true,"href":"https:\/\/tunisnews.net\/ar\/wp-json\/wp\/v2\/comments?post=15573"}],"version-history":[{"count":0,"href":"https:\/\/tunisnews.net\/ar\/wp-json\/wp\/v2\/posts\/15573\/revisions"}],"wp:featuredmedia":[{"embeddable":true,"href":"https:\/\/tunisnews.net\/ar\/wp-json\/wp\/v2\/media\/22040"}],"wp:attachment":[{"href":"https:\/\/tunisnews.net\/ar\/wp-json\/wp\/v2\/media?parent=15573"}],"wp:term":[{"taxonomy":"category","embeddable":true,"href":"https:\/\/tunisnews.net\/ar\/wp-json\/wp\/v2\/categories?post=15573"},{"taxonomy":"post_tag","embeddable":true,"href":"https:\/\/tunisnews.net\/ar\/wp-json\/wp\/v2\/tags?post=15573"}],"curies":[{"name":"wp","href":"https:\/\/api.w.org\/{rel}","templated":true}]}}