{"id":15558,"date":"2008-09-26T00:00:00","date_gmt":"2008-09-26T00:00:00","guid":{"rendered":"https:\/\/tunisnews.net\/26-septembre-2008\/"},"modified":"2008-09-26T00:00:00","modified_gmt":"2008-09-26T00:00:00","slug":"26-septembre-2008","status":"publish","type":"post","link":"https:\/\/tunisnews.net\/ar\/26-septembre-2008\/","title":{"rendered":"26 septembre 2008"},"content":{"rendered":"<p><html><head><meta content=\"text\/html\" description=\"Reporters sans fronti\u00e8res prend acte de la d\u00e9cision de \t\t\t\t\t\tla cour d\u2019appel de Bizerte (60 km au nord de Tunis) qui \t\t\t\t\t\ta pench\u00e9, le 25 septembre 2008, en faveur de la \t\t\t\t\t\tlib\u00e9ration provisoire de Tarek Soussi, membre de \t\t\t\t\t\tl\u2019Association internationale de soutien aux prisonniers \t\t\t\t\t\tpolitiques (AISPP). Le militant des droits de l\u2019homme \t\t\t\t\t\treste toutefois poursuivi pour \u201cpropagation de fausses \t\t\t\t\t\tnouvelles de nature \u00e0 troubler l\u2019ordre public\u201d.\" http-equiv=\"Content-Type\"\/><\/head><body><body><\/p>\n<p align=\"center\" dir=\"ltr\"><font face=\"Arial\" size=\"2\"><b><a href=\"https:\/\/tunisnews.net\/ar\/\"><span>Home<\/span><span lang=\"FR-CH\"> &#8211; Accueil <\/span><\/a><\/b><\/font><\/p>\n<div>\n<div>\n<div><font face=\"Arial\" size=\"2\"><\/p>\n<div>\n<p><font><font><span lang=\"FR\"><\/p>\n<div align=\"center\" dir=\"ltr\"><span lang=\"SV\">TUNISNEWS<\/span> <\/div>\n<div align=\"center\" dir=\"ltr\"><font><\/p>\n<div>8\u00a0\u00e8me ann\u00e9e, <span lang=\"FR\">N\u00b0\u00a03048 du 26.09.2008<\/span><\/div>\n<p><\/font><\/div>\n<div align=\"center\" dir=\"ltr\"><span><font face=\"Arial\" size=\"2\"><font>\u00a0archives<\/font> : <\/font><a target=\"_blank\" rel=\"noopener\"><font face=\"Arial\" size=\"2\">www.tunisnews.net<\/font><\/a><\/span><font>\u00a0<\/font>\u00a0<\/p>\n<hr\/>\n<\/div>\n<div><font face=\"Arial\" size=\"2\"><strong><\/p>\n<p><font>Reporters sans fronti\u00e8res: Libert\u00e9 provisoire accord\u00e9e au d\u00e9fenseur des droits de l\u2019homme Tarek Soussi<\/font><\/p>\n<p>Reporters Without Borders: Human rights activist Tarek Soussi released provisionally <\/strong><font size=\"3\">FDTL: Communiqu\u00e9<\/font> <strong>Raouf Ben Yaghlane \u00e0 Gen\u00e8ve le 27\/09\/2008 &lsquo;Je m&rsquo;exprime, je ne m&rsquo;exprime pas&#8230;  <\/p>\n<h2 style=\"color: red;\"><font>AFP: Robert M\u00e9nard, un temp\u00e9rament fougueux pour d\u00e9fendre la libert\u00e9 d&rsquo;expression<\/font><\/h2>\n<p> Magharebia: Peu de progr\u00e8s r\u00e9alis\u00e9s par la Tunisie contre la corruption selon l&rsquo;IPC <\/p>\n<h2 style=\"color: red;\"><font>Reuters:Tunisia keeps main interest rate unchanged -cbank<\/font><\/h2>\n<p> Reuters: Morocco set on promoting Islamic financing &#8211; CBank <\/p>\n<h2 style=\"color: red;\"><font>Reuters: L&rsquo;\u00e9pouse de l&rsquo;ex-pr\u00e9sident mauritanien interrog\u00e9e au S\u00e9nat<\/font><\/h2>\n<p><\/strong><\/font><\/div>\n<div>\n<hr\/>\n<p><font face=\"Arial\" size=\"2\"><\/font><\/div>\n<div><font><\/p>\n<div align=\"center\"><font face=\"Arial\" size=\"2\"><strong><font>Reporters sans fronti\u00e8res<\/font><\/strong> Communiqu\u00e9 de presse  26 septembre 2008  TUNISIE  <strong><\/p>\n<h2 style=\"color: red;\"><font size=\"3\">Libert\u00e9 provisoire accord\u00e9e au d\u00e9fenseur des droits de l\u2019homme Tarek Soussi<\/font><\/h2>\n<p><\/strong><\/font><\/div>\n<p><font face=\"Arial\" size=\"2\"><\/p>\n<div>  Reporters sans fronti\u00e8res prend acte de la d\u00e9cision de la cour d\u2019appel de Bizerte (60 km au nord de Tunis) qui a pench\u00e9, le 25 septembre 2008, en faveur de la lib\u00e9ration provisoire de Tarek Soussi, membre de l\u2019Association internationale de soutien aux prisonniers politiques (AISPP). Le militant des droits de l\u2019homme reste toutefois poursuivi pour \u201cpropagation de fausses nouvelles de nature \u00e0 troubler l\u2019ordre public\u201d.  \u201cTarek Soussi a retrouv\u00e9 les siens apr\u00e8s vingt-neuf jours de d\u00e9tention abusive. Son r\u00e9quisitoire sur l\u2019une des cha\u00eenes d\u2019information les plus populaires dans le monde arabe n\u2019\u00e9tait pas du go\u00fbt des autorit\u00e9s tunisiennes qui semblent vouloir faire de ce proc\u00e8s un exemple pour tous les dissidents tunisiens. La libert\u00e9 d\u2019expression est toujours un exercice p\u00e9rilleux sous le r\u00e9gime du pr\u00e9sident Zine el-Abidine Ben Ali\u201c, a d\u00e9clar\u00e9 l\u2019organisation.  Tarek Soussi, 48 ans, avait particip\u00e9, le 26 ao\u00fbt 2008, sur Al-Jazira, \u00e0 un journal d\u2019informations consacr\u00e9 \u00e0 l\u2019actualit\u00e9 des pays de l\u2019Afrique du Nord. Il y avait d\u00e9nonc\u00e9, au nom de l\u2019AISPP, l\u2019interpellation abusive de sept jeunes de Bizerte, qu\u2019il avait assimil\u00e9e \u00e0 un \u201cenl\u00e8vement\u201c. Les autorit\u00e9s judiciaires ont affirm\u00e9 que ces individus \u00e9taient &lsquo;en garde \u00e0 vue dans le cadre d\u2019une enqu\u00eate portant atteinte aux personnes et aux biens&rsquo;. Elles ont d\u00e9cid\u00e9 de poursuivre Tarek Soussi pour \u201cpropagation de fausses nouvelles de nature \u00e0 troubler l\u2019ordre public\u201d, un d\u00e9lit passible de trois ans de prison.  \u201cC\u2019est un petit pas h\u00e9sitant allant dans le bon sens, mais les chefs d\u2019inculpation sont toujours engag\u00e9s contre Tarek Soussi qui n\u2019est pas \u00e0 l\u2019abri d\u2019un retour en prison\u201d a indiqu\u00e9 \u00e0 Reporters sans fronti\u00e8res Samir Dilou, l\u2019un de ses avocats. Aucune date n\u2019a encore \u00e9t\u00e9 fix\u00e9e pour la reprise du proc\u00e8s.<\/div>\n<div>\u00a0<\/div>\n<div>\n<hr\/>\n<\/div>\n<div align=\"center\"><font face=\"Arial\" size=\"2\"><strong><font>Reporters sans fronti\u00e8res<\/font><\/strong> Press release  26 September 2008  TUNISIA  <\/p>\n<h2 style=\"color: red;\"><font size=\"3\"><strong>Human rights activist Tarek Soussi released provisionally<\/strong><\/font><\/h2>\n<p> \u00a0<\/font><\/div>\n<div>\u00a0<\/div>\n<div>An appeal court in Bizerte (60 km north of Tunis) yesterday ordered the release of Tarek Soussi, a member of the International Association for the Support of Political Prisoners (AISPP), but he still faces prosecution on charges of \u201cspreading false information liable to disrupt public order\u201d in an interview for the pan-Arab satellite TV station Al-Jazeera.  \u201cSoussi has been reunited with his family after being held abusively for 29 days,\u201d Reporters Without Borders said. \u201cHis damning comments on one of the Arab world\u2019s most popular TV news stations displeased the authorities, who apparently want to make an example out of him for all Tunisian dissidents. Free speech is a still risky business under President Zine el-Abidine Ben Ali.\u201d  Interviewed as an AISPP representative for Al-Jazeera\u2019s news programme about the Northern African countries on 26 August, Soussi described the abusive arrest of seven youths in Bizerte as a \u201ckidnapping.\u201d The authorities, who said the youths were \u201ctaken into custody in the course of an investigation into an attack on persons and property,\u201d responded by arresting Soussi, 48, the next day. The charge brought against him carries a maximum penalty of three years in prison.  Samir Dilou, one of Soussi\u2019s lawyers, described his release to Reporters Without Borders as \u201ca small, hesitant step in the right direction, but the charges against him are still in place and there is nothing to prevent him being sent back to prison.\u201d No date has been set for a resumption of his trial. \u00a0<\/p>\n<hr\/>\n<h4 align=\"center\" style=\"color: blue;\"><span lang=\"FR-CH\">Forum D\u00e9mocratique pour le Travail et les Libert\u00e9s<\/span><\/h4>\n<h4 align=\"center\" style=\"color: blue;\"><span lang=\"FR-CH\">Communiqu\u00e9<\/span><\/h4>\n<p><u><span lang=\"FR-CH\"><strong>20 septembre 2008<\/strong><\/span><\/u><\/p>\n<p><span lang=\"FR-CH\">Une fois encore, les autorit\u00e9s emp\u00eachent l\u2019activit\u00e9 du FDTL. Apr\u00e8s avoir, \u00e0 plusieurs reprises, encercl\u00e9 le si\u00e8ge du parti pour barrer l\u2019acc\u00e8s \u00e0 ses visiteurs, les autorit\u00e9s ont press\u00e9 le directeur de l\u2019h\u00f4tel THYNA \u00e0 SFAX (300 km au sud de Tunis ) de rompre le contrat de location d\u2019une salle qui devait abriter le samedi 20 septembre 2008 une r\u00e9union publique organis\u00e9e par le FDTL sur le th\u00e8me \u00ab Elections de 2009,<\/span><\/p>\n<p><span lang=\"FR-CH\">quel r\u00f4le pour l\u2019opposition ? \u00bb. <\/span><\/p>\n<p><span lang=\"FR-CH\">Le directeur de l\u2019h\u00f4tel ne pouvait qu\u2019obtemp\u00e9rer et nous informer de l\u2019impossibilit\u00e9 de tenir la r\u00e9union sous le pr\u00e9texte fallacieux que des travaux inachev\u00e9s mettent la salle hors d\u2019usage.. L\u2019implication des autorit\u00e9s sera prouv\u00e9e par la pr\u00e9sence massive des policiers en civil aux alentours du lieu de<\/span><\/p>\n<p><span lang=\"FR-CH\">r\u00e9union o\u00f9 Dr Benjaafar secr\u00e9taire g\u00e9n\u00e9ral et Jalel Bouzid, membre du bureau politique du FDTL sont venus accueillir leurs invit\u00e9s. Le harc\u00e8lement va se poursuivre lorsque, accompagn\u00e9 de quelques amis et camarades, le secr\u00e9taire g\u00e9n\u00e9ral s\u2019est rendu \u00e0 un caf\u00e9. La police va presser le propri\u00e9taire de ne pas servir et d\u2019obliger le groupe de quitter les lieux.<\/span><\/p>\n<p><span lang=\"FR-CH\">Le FDTL qui a respect\u00e9 toute la proc\u00e9dure pr\u00e9vue dans l\u2019organisation d\u2019une r\u00e9union publique, exprime sa forte r\u00e9probation \u00e0 l\u2019\u00e9gard de ces proc\u00e9d\u00e9s qui confirment l\u2019\u00e9touffement extr\u00eame de la vie politique en Tunisie puisque m\u00eame un parti l\u00e9galis\u00e9 n\u2019est pas en mesure d\u2019organiser une r\u00e9union dans un lieu public ou priv\u00e9 et de rencontrer des citoyens qui veulent dialoguer avec ses responsables. <\/span><\/p>\n<p><span lang=\"FR-CH\">Cela se passe au m\u00eame moment o\u00f9 le pays est envahi par la propagande permanente d\u2019un Etat parti qui non seulement accapare tous les espaces mais instrumentalise l\u2019appareil administratif et s\u00e9curitaire pour emp\u00eacher ses adversaires de s\u2019exprimer et entraver tout mouvement de la part de ses opposants, contredisant les r\u00e8gles les plus \u00e9l\u00e9mentaires d\u2019une comp\u00e9tition sereine.<\/span><\/p>\n<p><span lang=\"FR-CH\">Contrairement \u00e0 la loi, la police fonde de plus en plus sa conduite sur la criminalisation de toute activit\u00e9 ind\u00e9pendante ou oppos\u00e9e \u00e0 l\u2019Etat parti, qu\u2019il s\u2019agisse de partis, associations ou syndicats. La gravit\u00e9 d\u2019un tel comportement est plus<\/span><\/p>\n<p><span lang=\"FR-CH\">significative si on prend en compte le fait que le pays est \u00e0 la veille du rendez vous \u00e9lectoral de 2009. Si les conditions actuelles perdurent, ces \u00e9lections n\u2019auront aucun sens.<\/span><\/p>\n<p><span lang=\"FR-CH\">Le FDTL interpelle les autorit\u00e9s sur la n\u00e9cessit\u00e9 de prendre les mesures d\u2019ouverture indispensables pour que ce rendez vous ait un sens. Il appelle les forces vives du pays \u00e0 redoubler de vigilance et \u00e0 s\u2019opposer fermement \u00e0 ces d\u00e9rapages aux cons\u00e9quences particuli\u00e8rement graves.<\/span><\/p>\n<p><span lang=\"FR-CH\"><strong>Mustapha Benjaafar<\/strong><\/span><\/p>\n<p><span lang=\"FR-CH\"><strong>Secr\u00e9taire g\u00e9n\u00e9ral<\/strong><\/span><\/p>\n<p> \u00a0<\/p><\/div>\n<p><\/font><\/font><\/div>\n<div><strong><\/p>\n<hr\/>\n<p><\/strong><span lang=\"FR-CH\"><font>\u00a0 <\/p>\n<p align=\"center\"><b><span lang=\"FR\"><font size=\"3\">Youtube et Dailymotion accessibles\u00a0!!<\/font><\/span><span dir=\"rtl\" lang=\"AR-SA\">\u00a0<\/span><\/b><\/p>\n<p><span lang=\"FR\">YouTube.com et Dailymotion.com sont de nouveaux disponibles. Apr\u00e8s le retour de Facebook, voici le Net tunisien qui regagne sa cr\u00e9dibilit\u00e9. Tant mieux pour nos internautes&#8230; et pour l&rsquo;image de marque de la Tunisie<\/span><span dir=\"rtl\" lang=\"AR-SA\">.<\/span><\/p>\n<h3 style=\"color: blue;\">M.F<\/h3>\n<p><b>(Source\u00a0: \u00ab\u00a0webmanagercenter.com\u00a0\u00bb (portail d\u2019infos \u00e9conomiques \u2013 Tunis), le<span lang=\"FR\">25 septembre 2008 \u00e0 14h00)<\/span><span dir=\"rtl\" lang=\"AR-SA\">\u00a0<\/span><\/b><\/p>\n<p><b>Lien:<a href=\"http:\/\/\/\" target=\"_blank\" rel=\"noopener\"><u><font>http:\/\/www.webmanagercenter.com\/management\/article.php?id=47394<\/font><\/u><\/a><\/b><\/p>\n<p><\/font><\/span><\/div>\n<div>\u00a0<\/div>\n<p><\/span><\/font><\/p>\n<div>\n<hr\/>\n<\/div>\n<div><strong><font face=\"Arial\" size=\"2\"><\/p>\n<h5 align=\"center\" style=\"color: blue;\"><span lang=\"FR-CH\">Raouf Ben Yaghlane \u00e0 Gen\u00e8ve le 27\/09\/2008<\/span><\/h5>\n<p align=\"center\"><span lang=\"FR-CH\">&lsquo;Je m&rsquo;exprime, je ne m&rsquo;exprime pas&#8230; attends un peu&rsquo;&#8230; \u00e9loge \u00e0 la libert\u00e9 d&rsquo;expression&#8230;<\/span><\/p>\n<p><i><span lang=\"FR-CH\"><font>Le c\u00e9l\u00e8bre homme de th\u00e9\u00e2tre tunisien Raouf Ben Yaghlane se produit \u00e0 Gen\u00e8ve, ce samedi 27 Ramadan, correspondant au 27 septembre, en attendant sa r\u00e9habilitation en Tunisie. Raouf est l&rsquo;un de ces exil\u00e9s artistiques qui ont pris la route de l&rsquo;\u00e9tranger pour \u00e9chapper \u00e0 la chape de plomb. Venez nombreux le soutenir et appr\u00e9ciez son art. Merci \u00e0 l&rsquo;Union des Maghr\u00e9bins en Suisse pour cette belle initiative. Que Laylat Al-Qadr apporte, \u00e0 notre ch\u00e8re patrie, la libert\u00e9 qu&rsquo;elle attend et m\u00e9rite, pas moins que les autres Nations d&rsquo;ailleurs.<\/font> <\/span><\/i><\/p>\n<h4 style=\"color: blue;\"><i><span lang=\"EN-US\"><font>AW Hani<\/font><\/span><\/i><\/h4>\n<p><b><span lang=\"EN-US\"><a href=\"http:\/\/\/\" target=\"_blank\" rel=\"noopener\"><u><font>http:\/\/www.benyaglane.net\/article-23060192-6.html#comment31486709<\/font><\/u><\/a><\/span><\/b><\/p>\n<p dir=\"rtl\"><span dir=\"ltr\" lang=\"EN-US\">\u00a0<\/span><span lang=\"AR-SA\">\u0641\u064a \u0627\u0644\u0648\u0642\u062a \u0627\u0644\u0630\u064a \u064a\u062a\u0648\u0627\u0635\u0644 \u0641\u064a\u0647 \u0627\u0644\u062d\u0635\u0627\u0631 \u0639\u0644\u0649 \u0645\u0633\u0631\u062d\u064a\u062a\u064a &lsquo; \u0646\u0639\u0628\u0651\u0631 \u0648\u0625\u0644\u0627\u0651 \u0645\u0627 \u0646\u0639\u0628\u0651\u0631\u0634&rsquo; \u0648\u0627\u0644\u062a\u064a \u062a\u0645 \u0625\u0642\u0635\u0627\u0621\u0647\u0627 \u0645\u0646 \u0643\u0644 \u0627\u0644\u0645\u0647\u0631\u062c\u0627\u0646\u0627\u062a \u0627\u0644\u062a\u0648\u0646\u0633\u064a\u0629 \u0627\u0644\u062f\u0648\u0644\u064a\u0629 \u0648\u0627\u0644\u062c\u0647\u0648\u064a\u0651\u0629 \u0648\u062d\u062a\u0649 \u0627\u0644\u0645\u062d\u0644\u064a\u0629 \u0644\u0647\u0630\u0647 \u0627\u0644\u0633\u0646\u0629 (2008) \u0623\u0642\u062f\u0645 \u0647\u0630\u0647 \u0627\u0644\u0645\u0633\u0631\u062d\u064a\u0629 \u0641\u064a \u062c\u064a\u0646\u064a\u0641 \u0641\u064a \u0639\u0631\u0636 \u064a\u0646\u0638\u0645\u0647 \u0627\u0644\u0625\u062a\u062d\u0627\u062f \u0627\u0644\u0645\u063a\u0627\u0631\u0628\u064a \u0628\u0633\u0648\u064a\u0633\u0631\u0627 \u0648\u0628\u062f\u0639\u0648\u0629 \u0645\u0646\u0647 \u064a\u0648\u0645 \u0627\u0644\u0633\u0628\u062a 27 \u0633\u0628\u062a\u0645\u0628\u0631 2008 \u0648\u062a\u062c\u062f\u0631 \u0627\u0644\u0625\u0634\u0627\u0631\u0629 \u0625\u0644\u0649 \u0623\u0646\u0651\u064a \u0633\u0623\u0642\u062f\u0651\u0645 \u0641\u064a \u0647\u0630\u0627 \u0627\u0644\u0639\u0631\u0636 \u0628\u0639\u0636 \u0627\u0644\u0645\u0634\u0627\u0647\u062f \u0628\u0627\u0644\u0644\u063a\u0629 \u0627\u0644\u0641\u0631\u0646\u0633\u064a\u0629, \u0644\u0639\u0644 \u0627\u0644\u062a\u0639\u0628\u064a\u0631 \u0628\u0644\u063a\u0629 \u0645\u0648\u0644\u064a\u0627\u0631\u00a0 \u064a\u062c\u0646\u0651\u0628\u0646\u064a \u0627\u0644\u0645\u0635\u0627\u0626\u0628 \u0648 \u0627\u0644\u0639\u0631\u0627\u0642\u064a\u0644 \u0627\u0644\u062a\u064a \u062a\u0639\u0631\u0651\u0636\u062a \u0644\u0647\u0627 \u0639\u0646\u062f\u0645\u0627 \u0639\u0628\u0651\u0631\u062a \u0628\u0644\u063a\u062a\u064a \u0627\u0644\u0639\u0631\u0628\u064a\u0629 \u0623\u0648 \u0628\u0627\u0644\u0623\u0635\u062d \u0628\u0644\u063a\u062a\u064a \u0627\u0644\u062f\u0627\u0631\u062c\u0629 \u0627\u0644\u062a\u0648\u0646\u0633\u064a\u0629.<\/span><\/p>\n<p><span lang=\"FR-CH\">La libert\u00e9 d\u2019expression m&rsquo;a toujours fait d\u00e9faut. Depuis tout petit j&rsquo;ai appris \u00e0 me taire. Tellement que j&rsquo;ai peur de dire les choses telles quelles sont j&rsquo;apprends \u00e0 les dire \u00e0 l&rsquo;envers. Quand quelqu&rsquo;un me marche sur les pieds c&rsquo;est moi qui lui demande pardon .Un voleur qui fouille mes poches dans le m\u00e9tro je lui trouve volontiers des excuses. Un journaliste se pr\u00e9sente avec un micro je panique. Tout se d\u00e9forme ou plut\u00f4t tout se transforme : il pleut \u00e0 torrents alors que c&rsquo;est la s\u00e9cheresse. Mon petit logis devient vaste : mon salaire augmente, le prix de mon loyer diminue, le bus arrive \u00e0 l&rsquo;heure, bref, chez moi, toujours, devant le micro ma vie devient plus belle que jamais\u2026 <\/span><\/p>\n<h4 style=\"color: blue;\"><span lang=\"FR-CH\">Raouf Ben Yaghlane<\/span><\/h4>\n<p><b><span lang=\"FR-CH\">Salle du M\u00f4le, rue du M\u00f4le, dans le quartier du P\u00e2quis, tout pr\u00e8s de la gare CFF de Gen\u00e8ve; <\/span><\/b><\/p>\n<p><b><span lang=\"FR-CH\">Entr\u00e9e 35 francs suisses; <\/span><\/b><\/p>\n<p><b><span lang=\"FR-CH\">R\u00e9servations: +41 (0)78 300 42 82<\/span><\/b><\/p>\n<p><\/font><\/strong><\/div>\n<p><font face=\"Arial\" size=\"2\"><\/p>\n<div><strong><\/p>\n<hr\/>\n<p><\/strong><\/div>\n<div>\n<div align=\"center\"><font face=\"Arial\" size=\"2\"><\/p>\n<h2 style=\"color: red;\"><font size=\"3\"><strong>Peu de progr\u00e8s r\u00e9alis\u00e9s par la Tunisie contre la corruption selon l&rsquo;IPC<\/strong><\/font><\/h2>\n<p><\/font><\/div>\n<div> <font>26\/09\/2008 La Tunisie se classe 62\u00e8me \u00e0 l&rsquo;Indice de Perception de la Corruption de Transparency International. Responsables et experts appellent \u00e0 des mesures s\u00e9rieuses. Par Jamel Arfaoui pour Magharebia \u00e0 Tunis \u2013 26\/09\/08 La Tunisie se classe 62\u00e8me \u00e0 l&rsquo;Indice de Perception de la Corruption 2008 publi\u00e9 par Transparency International. Cet organisme a \u00e9tudi\u00e9 180 pays pour son rapport annuel, et a publi\u00e9 ses r\u00e9sultats mardi 23 septembre. La Tunisie obtient une note globale de 4,4 sur 10. L&rsquo;Indice de Perception de la Corruption (IPC) per\u00e7oit les niveaux de corruption dans le secteur public d&rsquo;un pays donn\u00e9 en utilisant les r\u00e9sultats d&rsquo;enqu\u00eates r\u00e9alis\u00e9es aupr\u00e8s de sp\u00e9cialistes et des entreprises. &lsquo;Pour ce qui concerne les rapports de Transparency International&rsquo;, explique Azzam Mahjoub, professeur de sciences \u00e9conomiques \u00e0 l&rsquo;universit\u00e9 de Tunis, &lsquo;nous devons prendre en compte le fait qu&rsquo;ils d\u00e9pendent d&rsquo;une \u00e9valuation personnelle. Par cons\u00e9quent, ils ne peuvent \u00eatre objectifs, m\u00eame si leurs auteurs souhaiteraient qu&rsquo;ils le soient.&rsquo; Ce nouveau rapport indique que la corruption en Tunisie a augment\u00e9 ces derni\u00e8res ann\u00e9es, alors que le pays se classait 52\u00e8me en 2006 et 61\u00e8me en 2007. N\u00e9anmoins, la Tunisie conserve la premi\u00e8re place au Maghreb, alors que le Maroc se classe 80\u00e8me, l&rsquo;Alg\u00e9rie 92\u00e8me, la Mauritanie 115\u00e8me et la Libye 126\u00e8me. Pour lutter contre la corruption, le gouvernement tunisien a adopt\u00e9 en 2005 une loi appelant \u00e0 l&rsquo;\u00e9galit\u00e9 entre les entreprises cot\u00e9es en bourse et les autres, en termes de rapports financiers, d&rsquo;adoption de mesures de transparence et de divulgation des informations. Le Minist\u00e8re du Commerce et les autorit\u00e9s de contr\u00f4le financier surveillent pour leur part les fraudes financi\u00e8res et autres mauvaises pratiques. Le Minist\u00e8re de l&rsquo;Int\u00e9rieur dispose d&rsquo;une unit\u00e9 sp\u00e9ciale charg\u00e9e de poursuivre ces d\u00e9lits \u00e9conomiques. &lsquo;Cela exige une position s\u00e9rieuse&rsquo;, explique M. Mahjoub. &lsquo;En d\u00e9pit des r\u00e9sultats positifs enregistr\u00e9s par l&rsquo;\u00e9conomie tunisienne, la propagation de la corruption pourrait saper ce que nous avons r\u00e9alis\u00e9 ces derni\u00e8res ann\u00e9es.&rsquo; En mars dernier, des dizaines de militants tunisiens avaient sign\u00e9 une p\u00e9tition dans laquelle ils demandaient \u00e0 ce que soit mis un terme \u00e0 ce qu&rsquo;ils consid\u00e9raient comme de la corruption en &lsquo;garantissant le respect de la constitution et des lois et en faisant pr\u00e9valoir les int\u00e9r\u00eats nationaux sur tout autre int\u00e9r\u00eat.&rsquo; Le Rapport sur la Comp\u00e9titivit\u00e9 Mondiale 2007-2008 du Forum Economique Mondial de Davos classe la Tunisie au premier rang dans le Maghreb et en Afrique, troisi\u00e8me parmi les pays arabes et 32\u00e8me dans le monde, sur 131 pays. La Tunisie est \u00e9galement deuxi\u00e8me dans sa r\u00e9gion (pays arabes et africains) en termes de bonne gouvernance des d\u00e9penses publiques. Mettre fin \u00e0 la corruption &lsquo;requiert un contr\u00f4le fort du parlement, des agences charg\u00e9e<\/font><\/div>\n<div> <font><strong>(Source: &lsquo;Magharebia&rsquo; le 26 septembre 2008)\u200e Lien: <\/strong><\/font><a target=\"_blank\" rel=\"noopener\"><font face=\"Arial\" size=\"2\"><strong><u>http:\/\/www.magharebia.com\/cocoon\/awi\/xhtml1\/fr\/features\/awi\/features\/2008\/09\/26\/feature-03<\/u><\/strong><\/font><\/a> <\/p>\n<hr\/>\n<\/div>\n<div><font><\/p>\n<div align=\"center\"><font face=\"Arial\" size=\"2\"><strong><\/p>\n<h2 style=\"color: red;\"><font size=\"3\">Robert M\u00e9nard, un temp\u00e9rament fougueux pour d\u00e9fendre la libert\u00e9 d&rsquo;expression<\/font><\/h2>\n<p><\/strong><\/font><\/div>\n<div>\u00a0<\/div>\n<p><\/font><\/p>\n<div align=\"justify\"><font face=\"Arial\" size=\"2\">AFP le 26\/09\/2008 \u00e0 16:53  Fondateur et dirigeant de Reporters sans Fronti\u00e8res (RSF), Robert M\u00e9nard, qui a annonc\u00e9 sa d\u00e9mission vendredi, a mis pendant 23 ans son temp\u00e9rament fougueux au service de la libert\u00e9 d&rsquo;expression, de la d\u00e9fense des journalistes emprisonn\u00e9s \u00e0 la d\u00e9nonciation des JO de P\u00e9kin. N\u00e9 le 6 juillet 1953 \u00e0 Oran en Alg\u00e9rie alors fran\u00e7aise, Robert M\u00e9nard arrive en France \u00e0 l&rsquo;\u00e2ge de 9 ans, \u00e9tudie dans un coll\u00e8ge religieux et veut devenir pr\u00eatre avant d&rsquo;\u00e9tudier la philosophie, de devenir anarchiste puis trotskiste. D\u00e8s le milieu des ann\u00e9es 1970, il s&rsquo;engage dans les radios libres, \u00e0 une \u00e9poque o\u00f9 l&rsquo;\u00c9tat d\u00e9tenait encore un monopole sur l&rsquo;audiovisuel.   S&rsquo;avouant autoritaire, ce partisan d&rsquo;une conception radicale de la libert\u00e9 de la presse agace parfois ses partisans, quand il affirme par exemple qu&rsquo;il descendrait &lsquo;dans la rue pour d\u00e9fendre la presse FN&rsquo;. En 1985, Robert M\u00e9nard fonde RSF sur le mod\u00e8le de M\u00e9decins sans fronti\u00e8res (MSF), afin de d\u00e9noncer les atteintes \u00e0 la libert\u00e9 de la presse et de venir en aide aux journalistes emprisonn\u00e9s ou en proie \u00e0 la r\u00e9pression.   L&rsquo;organisation, aujourd&rsquo;hui pr\u00e9sente \u00e0 travers ses bureaux et des sections nationales sur les cinq continents, est financ\u00e9e gr\u00e2ce \u00e0 la vente de calendriers, de photos, des subventions et des dons. Comme ceux, controvers\u00e9s, de fonds gouvernementaux am\u00e9ricains via la fondation National Endowment for Democracy (NED), qui ne lui posaient &lsquo;aucun probl\u00e8me&rsquo;.   <strong>Adepte des op\u00e9rations coup de poing  <\/strong> Pour d\u00e9fendre sa cause, Robert M\u00e9nard est un adepte des op\u00e9rations coup de poing, m\u00e9diatiques mais toujours pacifiques. Apr\u00e8s le d\u00e9but des \u00e9meutes au Tibet s\u00e9v\u00e8rement r\u00e9prim\u00e9es par P\u00e9kin en mars 2008, il appelle les chefs d&rsquo;\u00c9tat \u00e0 boycotter la c\u00e9r\u00e9monie d&rsquo;ouverture des Jeux olympiques de P\u00e9kin. Fin mars, il perturbe l&rsquo;allumage de la flamme olympique \u00e0 Olympie en brandissant un drapeau repr\u00e9sentant les anneaux olympiques sous forme de menottes. Quelques jours plus tard, les trublions de RSF, qui d\u00e9ploient le d\u00e9sormais c\u00e9l\u00e8bre drapeau noir sur les plus c\u00e9l\u00e8bres monuments parisiens, transforment le passage de la flamme dans la capitale fran\u00e7aise en v\u00e9ritable fiasco et provoquent l&rsquo;ire de P\u00e9kin. Douze heures pile avant l&rsquo;ouverture des JO, l&rsquo;organisation r\u00e9ussit un coup d&rsquo;\u00e9clat en piratant une fr\u00e9quence FM \u00e0 P\u00e9kin pour \u00e9voquer la libert\u00e9 d&rsquo;expression en Chine, alors que Robert M\u00e9nard qualifie la participation de Nicolas Sarkozy \u00e0 la c\u00e9r\u00e9monie d&rsquo;ouverture de &lsquo;capitulation en rase campagne&rsquo;.   Cuba, la Tunisie &#8211; dont il se fait refouler en 2005 \u00e0 l&rsquo;occasion du Sommet mondial sur la soci\u00e9t\u00e9 de l&rsquo;information (SMSI) &#8211; et la Syrie font aussi partie de ses cibles r\u00e9guli\u00e8res. Le 14 juillet dernier, il est interpell\u00e9 lors d&rsquo;une manifestation contre la pr\u00e9sence du pr\u00e9sident syrien Bachar al-Assad \u00e0 l&rsquo;occasion du d\u00e9fil\u00e9 de la F\u00eate nationale. Il a aussi mis sa capacit\u00e9 de mobilisation en faveur de la lib\u00e9ration de trois journalistes et des membres de l&rsquo;association l&rsquo;Arche de Zo\u00e9, emprisonn\u00e9s au Tchad pour avoir voulu faire venir ill\u00e9galement des enfants en France \u00e0 l&rsquo;automne 2007, ou de celle de la journaliste de Lib\u00e9ration Florence Aubenas, retenue en otage en Irak en 2005. &lsquo;Si on n&rsquo;en parle pas, \u00e7a n&rsquo;existe pas&rsquo; est un leitmotiv de RSF, qui publie chaque ann\u00e9e un rapport annuel et plus de mille communiqu\u00e9s pour d\u00e9noncer les atteintes \u00e0 la libert\u00e9 de la presse et aux droits de l&rsquo;homme en g\u00e9n\u00e9ral. <\/font><\/div>\n<hr\/>\n<\/div>\n<\/div>\n<div>\u00a0<\/div>\n<div>\n<div align=\"center\"><strong><\/p>\n<h2 style=\"color: red;\"><font size=\"3\">Un nouvel horaire pour l&rsquo;administration publique ?<\/font><\/h2>\n<p><\/strong> De 9h \u00e0 17h30 avec un repos entre 13h30 et 14h30<\/div>\n<div> Selon des sources dignes de foi, la reprise des fonctionnaires apr\u00e8s l&rsquo;A\u00efd conna\u00eetra, semble-t-il, des changements dans ses horaires de travail. Selon ces sources, l&rsquo;administration publique adopterait d\u00e9sormais un nouvel horaire.  \u00a0Du lundi au jeudi, ce serait un r\u00e9gime de deux s\u00e9ances. La s\u00e9ance matinale d\u00e9buterait \u00e0 9h et se terminerait \u00e0 13h30. La pause serait d&rsquo;une heure. Les fonctionnaires de l&rsquo;Etat reprendraient le chemin de leurs bureaux \u00e0 14h30 pour terminer leur journ\u00e9e de travail \u00e0 17h30. Pour les vendredis et samedis, la s\u00e9ance matinale unique serait maintenue. Il n&rsquo;y aurait pas de long week-end comme l&rsquo;avait d\u00e9j\u00e0 souhait\u00e9 un bon nombre d&rsquo;agents lors de la concertation op\u00e9r\u00e9e \u00e0 propos de l&rsquo;horaire administratif. D\u00e9congestion de la circulation Le choix de l&rsquo;administration se serait port\u00e9 sur cet horaire en raison de l&rsquo;effet positif sur le d\u00e9congestionnement de la circulation qu&rsquo;avait entra\u00een\u00e9 le retard d&rsquo;une demi-heure du d\u00e9but de travail dans l&rsquo;administration publique durant les mois d&rsquo;\u00e9t\u00e9 et du Ramadan. Lequel d\u00e9congestionnement avait fait gagner du temps et de l&rsquo;argent \u00e0 toute la communaut\u00e9 nationale. Il est certain qu&rsquo;un choix pareil comporterait des avantages et des d\u00e9fauts comme tout autre choix. Aucune option ne pourrait se pr\u00e9tendre \u00eatre parfaite. Mais la probl\u00e9matique de \u00ab l&rsquo;\u00e9tranglement \u00bb de la circulation n\u00e9cessite imp\u00e9rativement une solution dont un d\u00e9but avait \u00e9t\u00e9 entrevu durant cet \u00e9t\u00e9. Les fonctionnaires auraient \u00e0 s&rsquo;adapter et \u00e0 adapter leurs familles au nouvel horaire.  Mourad SELLAMI  <strong><font>(Source : \u00ab Le Temps \u00bb (Quotidien \u2013 Tunis), le 26 septembre 2008)<\/font><\/strong> \u00a0<\/div>\n<div>\n<hr\/>\n<\/div>\n<div align=\"center\">\n<h2 style=\"color: red;\"><font size=\"3\"><strong>Tunisia keeps main interest rate unchanged -cbank<\/strong><\/font><\/h2>\n<\/div>\n<div> Reuters, le 26 septembre 2008 \u00e0 12h38 TUNIS, Sept 26 (Reuters) &#8211; TUNIS (Reuters) &#8211; Tunisia&rsquo;s central bank said on Friday it had kept its main interest rate steady at 5.25 percent due to a slowing inflation rate. Tunisia&rsquo;s consumer price inflation eased to 4.5 percent year-on-year in August, the lowest rate this year. &lsquo;In light of (this), the board decided to keep unchanged the central bank&rsquo;s key rate,&rsquo; the bank said in a statement. The Bank recommended &lsquo;adequate measures to mop up liquidity in the market&rsquo; and the need &lsquo;to keep a close watch on developments of the international financial situation&rsquo; The government expects inflation to rise to 5 percent in 2008 as a whole, from 3 percent last year. It sees gross domestic product growth slowing to 6.1 percent this year from 6.3 percent in 2007. REUTERS \u00a0<\/div>\n<div>\n<hr\/>\n<\/div>\n<div align=\"center\"><strong><\/p>\n<h3 style=\"color: blue;\"><font size=\"3\">Morocco set on promoting Islamic financing &#8211; CBank<\/font><\/h3>\n<p><\/strong><\/div>\n<div> Reuters, le 25 septembre 2008 \u00e0 20h03 RABAT, Sept 25 (Reuters) &#8211;  RABAT (Reuters) &#8211; Morocco financial authorities, criticised by powerful Islamist opposition for the slow start of Islamic banking, are determined to develop Islamic financial services, Morocco&rsquo;s central bank chief on Thursday. &lsquo;We have begun the experience of Islamic finance. We are assessing the result and will build on that to expand further Islamic banking services,&rsquo; Abdellatif Jouahri told a news conference. Last year, Morocco authorised segments of Islamic finance partly to lure investment inflows from Gulf Arab states on which on their fast-growing tourism and real estate sectors depend. But the North African kingdom has yet to allow fully-fledged Islamic banks to operate, with analysts arguing that Rabat government could be fearing that such banks might lend some backing to strong Islamist opposition. Morocco now allows only conventional banks to offer Ijara leasing products, Murabaha contracts to buy and re-sell an underlying goods and Musharaka &#8212; co-ownership financing structures. The government also imposes higher tax on Islamic financial products than conventional banking products. &lsquo;There is a problem with the tax and we are about to completely resolve it,&rsquo; Jouahri said. He dismissed Islamist critics that he and other financial officials were deliberately hindering the development of Islamic banking out of bias against Islamist groups. &lsquo;Banks had set up logistics structures to sell these financial services. They trained staff. All this was done because we want to develop Islamic banking,&rsquo; he added. Jouahri said Morocco has yet to authorise foreign Islamic banks because the authorities were put in awkward position by the high number of foreign investors willing to open Islamic banks there. He said up to 10 investors from many Arab and Islamic states had expressed interests to open Islamic banks in Morocco. Islamist-leaning Justice and Development Party (PJD), the main opposition group in the parliament, has said its members in the legislastive body would press the government to ease tax on Islamic banking and authorise Islamic banks to open. PJD experts argue that developing Islamic banks and other related financial services would help Morocco adding up to 2.0 percent growth on the top of average 4.0 percent growth rate in the past decade .<\/div>\n<div>\n<hr\/>\n<\/div>\n<div align=\"center\"><strong><\/p>\n<h3 style=\"color: blue;\"><font size=\"3\">L&rsquo;\u00e9pouse de l&rsquo;ex-pr\u00e9sident mauritanien interrog\u00e9e au S\u00e9nat<\/font><\/h3>\n<p><\/strong><\/div>\n<div align=\"justify\"> Reuters, le 25 septembre 2008 \u00e0 22h14   NOUAKCHOTT, 25 septembre (Reuters) &#8211; Les autorit\u00e9s mauritaniennes ont forc\u00e9 jeudi l&rsquo;\u00e9pouse de l&rsquo;ex-pr\u00e9sident Sidi Mohamed Ould Cheikh Abdallahi, d\u00e9pos\u00e9 par l&rsquo;arm\u00e9e le 6 ao\u00fbt, \u00e0 se pr\u00e9senter devant une commission du S\u00e9nat qui enqu\u00eate sur des irr\u00e9gularit\u00e9s financi\u00e8res dont elle est soup\u00e7onn\u00e9e, ont rapport\u00e9 des t\u00e9moins. De m\u00eame source, on pr\u00e9cisait que des policiers sont venus chercher l&rsquo;\u00e9pouse d&rsquo;Abdallahi, Khatou Mint El Boukhary, \u00e0 son domicile et l&rsquo;ont conduite au S\u00e9nat. La commission enqu\u00eate sur la mauvaise gestion pr\u00e9sum\u00e9e de fonds publics et priv\u00e9s d&rsquo;une organisation caritative dirig\u00e9e par Boukhary. Elle avait somm\u00e9 cette derni\u00e8re de se pr\u00e9senter jeudi pour une audition, mais l&rsquo;ex-premi\u00e8re dame s&rsquo;y refusait, ne reconnaissant pas la l\u00e9gitimit\u00e9 de la commission. Boukhary a refus\u00e9 de r\u00e9pondre aux questions des s\u00e9nateurs, invoquant toujours l&rsquo;ill\u00e9gitimit\u00e9 \u00e0 ses yeux de la commission devant laquelle elle \u00e9tait pr\u00e9sent\u00e9e, a dit sa fille \u00e0 des journalistes. Ces derniers n&rsquo;avaient pas \u00e9t\u00e9 autoris\u00e9s \u00e0 assister \u00e0 l&rsquo;audition, qui s&rsquo;est tenue \u00e0 huis-clos. Boukhary a ensuite pu rentrer chez elle. Abdallahi, premier chef d&rsquo;Etat \u00e9lu librement en Mauritanie, l&rsquo;ann\u00e9e derni\u00e8re, a \u00e9t\u00e9 renvers\u00e9 lors d&rsquo;un coup d&rsquo;Etat sans effusion de sang \u00e0 la t\u00eate duquel se trouvait le chef de la garde pr\u00e9sidentielle, le g\u00e9n\u00e9ral Mohamed Ould Abdel Aziz. Depuis qu&rsquo;il a \u00e9t\u00e9 chass\u00e9 du pouvoir, l&rsquo;ex-pr\u00e9sident est maintenu en d\u00e9tention malgr\u00e9 les appels des Nations unies, de l&rsquo;Union europ\u00e9enne et de l&rsquo;Union africaine \u00e0 sa lib\u00e9ration et \u00e0 son retour au pouvoir. Aziz, qui a lanc\u00e9 le coup d&rsquo;Etat apr\u00e8s avoir d\u00e9mis de ses fonctions par Abdallahi, accusait notamment le pr\u00e9sident d&rsquo;\u00eatre incapable de r\u00e9soudre les probl\u00e8mes \u00e9conomiques et de s\u00e9curit\u00e9, mais aussi d&rsquo;entraver l&rsquo;enqu\u00eate s\u00e9natoriale concernant son \u00e9pouse. Apr\u00e8s le meurtre la semaine derni\u00e8re de 11 soldats et d&rsquo;un guide, revendiqu\u00e9 par la branche nord-africaine d&rsquo;Al Qa\u00efda, les militaires ont demand\u00e9 le soutien des Occidentaux contre ce qu&rsquo;ils ont qualifi\u00e9 de s\u00e9rieuse menace terroriste. Mais l&rsquo;Union europ\u00e9enne et les Etats-Unis ont d\u00e9j\u00e0 suspendu des op\u00e9rations d&rsquo;aide non humanitaires, telles que l&rsquo;entra\u00eenement de troupes. De son c\u00f4t\u00e9, le Conseil de paix et de s\u00e9curit\u00e9 de l&rsquo;Union africaine a pr\u00e9venu cette semaine que le pr\u00e9sident d\u00e9pos\u00e9 devait \u00eatre r\u00e9install\u00e9 \u00e0 la t\u00eate du pays d&rsquo;ici le 6 octobre, sous peine pour le r\u00e9gime militaire de s&rsquo;exposer \u00e0 des &lsquo;sanctions et \u00e0 l&rsquo;isolement&rsquo;.  REUTERS<\/div>\n<\/div>\n<p><\/font><\/font><\/p>\n<\/div>\n<p>\u00a0<\/p>\n<p><\/font><\/div>\n<\/div>\n<\/div>\n<p align=\"center\" dir=\"ltr\">\n<h3 style=\"color: blue;\"><font face=\"Arial\" size=\"2\"><strong><b><a href=\"https:\/\/tunisnews.net\/ar\/\"><font face=\"Arial\"><span><font size=\"2\">Home<\/font><\/span><font size=\"2\"><span lang=\"FR-CH\"> &#8211; Accueil <\/span><span>&#8211; <\/span><\/font><\/font><span dir=\"rtl\" lang=\"AR-SA\"><font size=\"2\">\u0627\u0644\u0631\u0626\u064a\u0633\u064a\u0629<\/font><\/span><\/a><\/b><\/strong><\/font><\/h3>\n<\/p>\n<p><\/body><\/body><\/html><\/p>","protected":false},"excerpt":{"rendered":"<p>Home &#8211; Accueil TUNISNEWS 8\u00a0\u00e8me ann\u00e9e, N\u00b0\u00a03048 du 26.09.2008 \u00a0archives : www.tunisnews.net\u00a0\u00a0 Reporters sans fronti\u00e8res: Libert\u00e9 provisoire accord\u00e9e au d\u00e9fenseur des droits de l\u2019homme Tarek Soussi Reporters Without Borders: Human rights activist Tarek Soussi released provisionally FDTL: Communiqu\u00e9 Raouf Ben Yaghlane \u00e0 Gen\u00e8ve le 27\/09\/2008 &lsquo;Je m&rsquo;exprime, je ne m&rsquo;exprime pas&#8230; AFP: Robert M\u00e9nard, un [&hellip;]<\/p>\n","protected":false},"author":1,"featured_media":22040,"comment_status":"open","ping_status":"open","sticky":false,"template":"","format":"standard","meta":{"inline_featured_image":false,"site-sidebar-layout":"default","site-content-layout":"","ast-site-content-layout":"default","site-content-style":"default","site-sidebar-style":"default","ast-global-header-display":"","ast-banner-title-visibility":"","ast-main-header-display":"","ast-hfb-above-header-display":"","ast-hfb-below-header-display":"","ast-hfb-mobile-header-display":"","site-post-title":"","ast-breadcrumbs-content":"","ast-featured-img":"","footer-sml-layout":"","ast-disable-related-posts":"","theme-transparent-header-meta":"","adv-header-id-meta":"","stick-header-meta":"","header-above-stick-meta":"","header-main-stick-meta":"","header-below-stick-meta":"","astra-migrate-meta-layouts":"default","ast-page-background-enabled":"default","ast-page-background-meta":{"desktop":{"background-color":"","background-image":"","background-repeat":"repeat","background-position":"center center","background-size":"auto","background-attachment":"scroll","background-type":"","background-media":"","overlay-type":"","overlay-color":"","overlay-opacity":"","overlay-gradient":""},"tablet":{"background-color":"","background-image":"","background-repeat":"repeat","background-position":"center center","background-size":"auto","background-attachment":"scroll","background-type":"","background-media":"","overlay-type":"","overlay-color":"","overlay-opacity":"","overlay-gradient":""},"mobile":{"background-color":"","background-image":"","background-repeat":"repeat","background-position":"center center","background-size":"auto","background-attachment":"scroll","background-type":"","background-media":"","overlay-type":"","overlay-color":"","overlay-opacity":"","overlay-gradient":""}},"ast-content-background-meta":{"desktop":{"background-color":"var(--ast-global-color-5)","background-image":"","background-repeat":"repeat","background-position":"center center","background-size":"auto","background-attachment":"scroll","background-type":"","background-media":"","overlay-type":"","overlay-color":"","overlay-opacity":"","overlay-gradient":""},"tablet":{"background-color":"var(--ast-global-color-5)","background-image":"","background-repeat":"repeat","background-position":"center center","background-size":"auto","background-attachment":"scroll","background-type":"","background-media":"","overlay-type":"","overlay-color":"","overlay-opacity":"","overlay-gradient":""},"mobile":{"background-color":"var(--ast-global-color-5)","background-image":"","background-repeat":"repeat","background-position":"center center","background-size":"auto","background-attachment":"scroll","background-type":"","background-media":"","overlay-type":"","overlay-color":"","overlay-opacity":"","overlay-gradient":""}},"footnotes":""},"categories":[],"tags":[61,39,29],"class_list":["post-15558","post","type-post","status-publish","format-standard","has-post-thumbnail","hentry","tag-61","tag-39","tag-fr"],"_links":{"self":[{"href":"https:\/\/tunisnews.net\/ar\/wp-json\/wp\/v2\/posts\/15558","targetHints":{"allow":["GET"]}}],"collection":[{"href":"https:\/\/tunisnews.net\/ar\/wp-json\/wp\/v2\/posts"}],"about":[{"href":"https:\/\/tunisnews.net\/ar\/wp-json\/wp\/v2\/types\/post"}],"author":[{"embeddable":true,"href":"https:\/\/tunisnews.net\/ar\/wp-json\/wp\/v2\/users\/1"}],"replies":[{"embeddable":true,"href":"https:\/\/tunisnews.net\/ar\/wp-json\/wp\/v2\/comments?post=15558"}],"version-history":[{"count":0,"href":"https:\/\/tunisnews.net\/ar\/wp-json\/wp\/v2\/posts\/15558\/revisions"}],"wp:featuredmedia":[{"embeddable":true,"href":"https:\/\/tunisnews.net\/ar\/wp-json\/wp\/v2\/media\/22040"}],"wp:attachment":[{"href":"https:\/\/tunisnews.net\/ar\/wp-json\/wp\/v2\/media?parent=15558"}],"wp:term":[{"taxonomy":"category","embeddable":true,"href":"https:\/\/tunisnews.net\/ar\/wp-json\/wp\/v2\/categories?post=15558"},{"taxonomy":"post_tag","embeddable":true,"href":"https:\/\/tunisnews.net\/ar\/wp-json\/wp\/v2\/tags?post=15558"}],"curies":[{"name":"wp","href":"https:\/\/api.w.org\/{rel}","templated":true}]}}