{"id":15524,"date":"2012-01-19T00:00:00","date_gmt":"2012-01-19T00:00:00","guid":{"rendered":"https:\/\/tunisnews.net\/19-janvier-2012\/"},"modified":"2012-01-19T00:00:00","modified_gmt":"2012-01-19T00:00:00","slug":"19-janvier-2012","status":"publish","type":"post","link":"https:\/\/tunisnews.net\/ar\/19-janvier-2012\/","title":{"rendered":"19 janvier 2012"},"content":{"rendered":"<p><html><head><meta content=\"text\/html\" description='TUNIS (Reuters) - Les Tunisiens ont c\u00e9l\u00e9br\u00e9 samedi le premier anniversaire de la chute du pr\u00e9sident Zine ben Ali et du triomphe de la \"r\u00e9volution du jasmin\" qui a lanc\u00e9 le vaste mouvement du \"printemps arabe\" en Afrique du Nord et au Proche-Orient.' http-equiv=\"Content-Type\"\/><\/head><body><body><\/p>\n<div><font><strong><font face=\"Calibri\" size=\"2\"><font><font><span dir=\"rtl\" lang=\"AR-SA\"><font><\/p>\n<p align=\"center\"><strong><font size=\"2\"><font><span dir=\"rtl\" lang=\"AR-SA\"><font>\u0641\u064a<\/font><\/span><font><span lang=\"AR-SA\"><\/span><span dir=\"rtl\" lang=\"AR-SA\">\u0643\u0644<\/span><span lang=\"AR-SA\"> <\/span><span dir=\"rtl\" lang=\"AR-SA\">\u064a\u0648\u0645<\/span>\u060c <span dir=\"rtl\" lang=\"AR-SA\">\u0646\u0633\u0627\u0647\u0645 \u0628\u062c\u0647\u062f\u0646\u0627 \u0641\u064a<\/span><span lang=\"AR-SA\"> <\/span><span dir=\"rtl\" lang=\"AR-SA\">\u062a\u0642\u062f\u064a\u0645\u0625\u0639\u0644\u0627\u0645 \u0623\u0641\u0636\u0644 \u0648\u0623\u0631\u0642\u0649 \u0639\u0646\u0628\u0644\u062f\u0646\u0627\u060c<\/span><\/font><span lang=\"AR-SA\"><font><\/font><\/span>\u062a\u0648\u0646\u0633<\/font> <\/font><\/strong><span><strong><font size=\"2\">Un effort quotidien pour une information de qualit\u00e9 sur notre pays, la Tunisie. <span lang=\"EN-US\">Everyday, we contribute to <\/span>a<span lang=\"AR-SA\">better information about <\/span><span lang=\"EN-US\">our country, Tunisia<\/span><\/font><\/strong><\/span><\/p>\n<p><\/font><\/span><\/font><\/font><\/font><\/strong><\/font><\/p>\n<div align=\"center\"><font face=\"Bookman Old Style\" size=\"7\"><strong>TUNISNEWS <\/strong><\/font><\/div>\n<div align=\"center\"><strong><font face=\"Arial\" size=\"2\">11 \u00e8me ann\u00e9e, N\u00b04221 du 19.01.2012<\/font><\/strong><\/div>\n<div align=\"center\"><font face=\"Arial\" size=\"2\"><strong>archives : <\/strong><\/font><a rel=\"nofollow\"><font face=\"Arial\" size=\"2\"><strong>www.tunisnews.net<\/strong><\/font><\/a><\/div>\n<div><font><font face=\"Arial\" size=\"2\"><\/p>\n<div dir=\"ltr\"><strong><font><\/p>\n<hr\/>\n<p><\/font><\/strong><\/div>\n<p><\/font><\/font><\/div>\n<div dir=\"ltr\">\n<div>\n<div>\n<div>\n<div>\n<div>\n<div>\n<div>\n<div>\n<div>\n<div>\n<div>\n<div>\n<div>\n<div>\n<div>\n<div>\n<div>\n<div>\n<div>\n<div>\n<div>\n<div>\n<div>\n<div>\n<div>\n<div>\n<div>\n<div>\n<div>\n<div>\n<div>\n<div>\n<div>\n<div>\n<h2 style=\"color: red;\"><font face=\"Arial\" size=\"2\"><strong>Reuters: La Tunisie marque le premier anniversaire de sa r\u00e9volution<\/strong><\/font><\/h2>\n<\/div>\n<div><font face=\"Arial\" size=\"2\"><font><strong>Businessnews: <\/strong><\/font><font><strong>Solidarit\u00e9 avec le ministre de l\u2019Int\u00e9rieur, suite \u00e0 la diffusion d\u2019une ancienne vid\u00e9o en prison<\/strong><\/font><\/font><\/div>\n<div>\n<h2 style=\"color: red;\"><font face=\"Arial\" size=\"2\"><strong>\u00abJanvier,mois des r\u00e9volutions tunisiennes\u00bb<\/strong><\/font><\/h2>\n<\/div>\n<div><font face=\"Arial\" size=\"2\"><strong>Jeune Afrique: Tunisie : \u00ab\u00a0Puisse la raison l&#8217;emporter\u00a0\u00bb, par Souhayr Belhassen<\/strong><\/font><\/div>\n<div>\n<h2 style=\"color: red;\"><font face=\"Arial\" size=\"2\"><strong>20minutes: Quel r\u00f4le pour les blogueurs tunisiens ?<\/strong><\/font><\/h2>\n<\/div>\n<div><font face=\"Arial\" size=\"2\"><strong>Jeune Afrique: Tunisie : gr\u00e8ves, sit-in et routes bloqu\u00e9es<\/strong><\/font><\/div>\n<div>\n<h2 style=\"color: red;\"><font face=\"Arial\" size=\"2\"><strong>Tekiano: Tunisie : Cheikha Moza et Tunisiana \u00e0 l\u2019aide des ch\u00f4meurs<\/strong><\/font><\/h2>\n<\/div>\n<div><font face=\"Arial\" size=\"2\"><strong>Courrier international: Le come back m\u00e9diatique d&rsquo;Imed Trabelsi et de Sakhr El Materi<\/strong><\/font><\/div>\n<div>\n<h2 style=\"color: red;\"><font face=\"Arial\" size=\"2\"><strong>Business news: Tunisie &#8211; Petit rappel historique de Hamma Hammami<\/strong><\/font><\/h2>\n<\/div>\n<div><font face=\"Arial\" size=\"2\"><strong>Kapitalis: Tunisie. Le gouvernement Jebali face \u00e0 une \u00e9preuve mortelle<\/strong><\/font><\/div>\n<div>\n<p><font face=\"Arial\" size=\"2\"><strong>Tunisie Numerique: Le groupe touristique fran\u00e7ais FRAM d\u00e9ment l\u2019annulation de ses voyages vers la Tunisie<\/strong><\/font><\/p>\n<\/div>\n<div><font face=\"Arial\" size=\"2\"><strong>Business News: Interview de Ben Ali : Azoury se d\u00e9robe et Attounissia pr\u00e9sente ses preuves<\/strong><\/font><\/div>\n<\/div>\n<\/div>\n<\/div>\n<\/div>\n<\/div>\n<\/div>\n<\/div>\n<\/div>\n<\/div>\n<\/div>\n<\/div>\n<\/div>\n<\/div>\n<\/div>\n<\/div>\n<\/div>\n<\/div>\n<\/div>\n<\/div>\n<\/div>\n<\/div>\n<\/div>\n<\/div>\n<\/div>\n<\/div>\n<\/div>\n<\/div>\n<\/div>\n<\/div>\n<\/div>\n<\/div>\n<\/div>\n<\/div>\n<\/div>\n<div dir=\"ltr\">\n<div>\n<div>\n<div>\n<div>\n<div>\n<div>\n<div>\n<div>\n<div>\n<div>\n<div>\n<div>\n<div>\n<div>\n<div>\n<div>\n<div>\n<div>\n<div>\n<div>\n<div>\n<div>\n<div>\n<div>\n<div>\n<div>\n<div>\n<div>\n<div>\n<div>\n<div>\n<div>\n<div>\n<div>\n<div>\n<div>\n<div>\n<div>\n<div>\n<div>\n<div>\n<div>\n<div>\n<div>\n<div>\n<div>\n<div>\n<div>\n<div>\n<div>\n<div>\n<div>\n<div>\n<div>\n<div>\n<div>\n<div>\n<div>\n<div>\n<div>\n<div>\n<div>\n<div>\n<div>\n<div>\n<div><strong><\/p>\n<hr\/>\n<p><\/strong><\/div>\n<\/div>\n<\/div>\n<\/div>\n<\/div>\n<\/div>\n<\/div>\n<\/div>\n<\/div>\n<\/div>\n<\/div>\n<\/div>\n<\/div>\n<\/div>\n<\/div>\n<\/div>\n<\/div>\n<\/div>\n<\/div>\n<\/div>\n<\/div>\n<\/div>\n<\/div>\n<\/div>\n<\/div>\n<\/div>\n<\/div>\n<\/div>\n<\/div>\n<\/div>\n<\/div>\n<\/div>\n<\/div>\n<div align=\"center\"><font face=\"Arial\" size=\"2\"><strong><\/p>\n<h2 style=\"color: red;\"><font size=\"3\">La Tunisie marque le premier anniversaire de sa r\u00e9volution<\/font><\/h2>\n<p><\/strong><\/font><\/div>\n<div align=\"center\">\n<hr\/>\n<\/div>\n<div><font face=\"Arial\" size=\"2\">Cr\u00e9\u00e9 le 18-01-2012 \u00e0 17h09 &#8211; Mis \u00e0 jour \u00e0 17h09<\/font><\/div>\n<div><font face=\"Arial\" size=\"2\">par Tarek Amara<\/font><\/div>\n<div><font face=\"Arial\" size=\"2\">TUNIS (Reuters) &#8211; Les Tunisiens ont c\u00e9l\u00e9br\u00e9 samedi le premier anniversaire de la chute du pr\u00e9sident Zine ben Ali et du triomphe de la \u00ab\u00a0r\u00e9volution du jasmin\u00a0\u00bb qui a lanc\u00e9 le vaste mouvement du \u00ab\u00a0printemps arabe\u00a0\u00bb en Afrique du Nord et au Proche-Orient.<\/font><\/div>\n<div><font face=\"Arial\" size=\"2\">Les c\u00e9l\u00e9brations ont \u00e9t\u00e9 fid\u00e8les \u00e0 l&rsquo;esprit de cette r\u00e9volution tunisienne &#8211; bruyantes, spontan\u00e9es, hautes en couleur, puis\u00e9es dans l&rsquo;\u00e9nergie du peuple de la rue.<\/font><\/div>\n<div><font face=\"Arial\" size=\"2\">Des milliers de personnes ont afflu\u00e9 sur l&rsquo;avenue Bourguiba, dans le centre de Tunis, l\u00e0 m\u00eame o\u00f9 une foule immense \u00e9tait rassembl\u00e9e il y a tout juste un an pour apprendre la fuite de Ben Ali apr\u00e8s 23 ann\u00e9es de pouvoir sans partage.<\/font><\/div>\n<div><font face=\"Arial\" size=\"2\">Depuis, la Tunisie est devenue un mod\u00e8le pour les r\u00e9formes d\u00e9mocratiques dans le monde arabe et sa r\u00e9volte a remodel\u00e9 le paysage politique de la r\u00e9gion, inspirant les r\u00e9volutions en Egypte et en Libye, les soul\u00e8vements en Syrie et au Y\u00e9men.<\/font><\/div>\n<div><font face=\"Arial\" size=\"2\">Les nouvelles autorit\u00e9s tunisiennes n&rsquo;ont pas cherch\u00e9 \u00e0 encadrer les c\u00e9l\u00e9brations publiques, invitant simplement la population \u00e0 descendre dans les rues du centre de la capitale pour marquer le premier anniversaire de cette journ\u00e9e historique.<\/font><\/div>\n<div><font face=\"Arial\" size=\"2\">Moncef Marzouki, d\u00e9tenu politique sous Ben Ali qui est aujourd&rsquo;hui le pr\u00e9sident de la R\u00e9publique, avait d\u00e9clar\u00e9 la journ\u00e9e f\u00e9ri\u00e9e. Il a marqu\u00e9 l&rsquo;\u00e9v\u00e9nement en graciant 9.000 prisonniers et en commuant 122 peines de mort.<\/font><\/div>\n<div><font face=\"Arial\" size=\"2\">La partie officielle des comm\u00e9morations comprenait une c\u00e9r\u00e9monie \u00e0 laquelle ont assist\u00e9 les chefs d&rsquo;Etat du Qatar, de la Libye et de l&rsquo;Alg\u00e9rie.<\/font><\/div>\n<div><font face=\"Arial\" size=\"2\">Hamadi Jebali, le nouveau Premier ministre islamiste, a salu\u00e9 un \u00ab\u00a0jour de fiert\u00e9\u00a0\u00bb pour la Tunisie, qui par son exemple \u00ab\u00a0a ouvert la voie au &lsquo;printemps arabe&rsquo; et envoy\u00e9 un message d&rsquo;espoir \u00e0 tous les peuples avides de libert\u00e9\u00a0\u00bb.<\/font><\/div>\n<div><font face=\"Arial\" size=\"2\">\u00ab\u00a0FIERT\u00c9\u00a0\u00bb<\/font><\/div>\n<div><font face=\"Arial\" size=\"2\">Des manifestants ont descendu l&rsquo;avenue Bourguiba en criant \u00ab\u00a0La Tunisie est libre\u00a0\u00bb et \u00ab\u00a0Adieu la dictature, bienvenue \u00e0 la libert\u00e9\u00a0\u00bb. D&rsquo;autres agitaient des drapeaux tunisiens ou brandissaient une cage \u00e0 oiseau la porte grande ouverte, symbole de lib\u00e9ration.<\/font><\/div>\n<div><font face=\"Arial\" size=\"2\">\u00ab\u00a0C&rsquo;est un \u00e9v\u00e9nement que tous les Tunisiens doivent c\u00e9l\u00e9brer avec fiert\u00e9. Je suis heureux que mes enfants puissent vivre dans un pays libre et qui a servi d&rsquo;exemple au monde\u00a0\u00bb, a d\u00e9clar\u00e9 Samir Ben Omrane, venu avec sa femme et ses deux filles. Son \u00e9pouse avait \u00e0 la main un g\u00e2teau d&rsquo;anniversaire surmont\u00e9 d&rsquo;une bougie.<\/font><\/div>\n<div><font face=\"Arial\" size=\"2\">Dans un communiqu\u00e9, le secr\u00e9taire g\u00e9n\u00e9ral de l&rsquo;Onu, Ban Ki-moon, a salu\u00e9 le \u00ab\u00a0courage\u00a0\u00bb du peuple tunisien dont l&rsquo;\u00e9cho a retenti dans toute la r\u00e9gion, o\u00f9 \u00ab\u00a0d&rsquo;autres peuples, encourag\u00e9s par l&rsquo;action de leurs fr\u00e8res et soeurs tunisiens, ont trouv\u00e9 le courage de faire eux aussi entendre leurs justes aspirations\u00a0\u00bb.<\/font><\/div>\n<div><font face=\"Arial\" size=\"2\">Mais le pays, o\u00f9 les islamistes d&rsquo;Ennahda ont remport\u00e9 les \u00e9lections l\u00e9gislatives d&rsquo;octobre dernier, est toujours confront\u00e9 \u00e0 une difficile situation \u00e9conomique, avec notamment un fort ch\u00f4mage.<\/font><\/div>\n<div><font face=\"Arial\" size=\"2\">Un groupe de jeunes gens s&rsquo;est rassembl\u00e9 devant le minist\u00e8re de l&rsquo;Int\u00e9rieur pour r\u00e9clamer des r\u00e9formes plus ambitieuses.<\/font><\/div>\n<div><font face=\"Arial\" size=\"2\">\u00ab\u00a0C&rsquo;est vrai que Ben Ali n&rsquo;est plus l\u00e0, mais nous devons rester prudents et d\u00e9fendre la r\u00e9volution. Ce qu&rsquo;il nous faut, c&rsquo;est bien s\u00e9parer la politique et la religion\u00a0\u00bb, a dit l&rsquo;un de ces jeunes manifestants, Walid Ben Salam, 25 ans.<\/font><\/div>\n<div><font face=\"Arial\" size=\"2\">\u00ab\u00a0Nous devons rendre hommage aux martyrs de la r\u00e9volution et ne pas non plus oublier les milliers de gens sans emploi.\u00a0\u00bb<\/font><\/div>\n<div><font face=\"Arial\" size=\"2\">Des proches de manifestants tu\u00e9s pendant la r\u00e9volution se sont rassembl\u00e9s devant l&rsquo;ambassade d&rsquo;Arabie saoudite pour demander l&rsquo;extradition de Ben Ali et de sa femme Le\u00efla Trabelsi, qui se sont r\u00e9fugi\u00e9s dans le royaume wahhabite.<\/font><\/div>\n<div><font face=\"Arial\" size=\"2\">Guy Kerivel pour le service fran\u00e7ais<\/font><\/div>\n<p><strong><\/p>\n<hr\/>\n<p><\/strong><\/p>\n<div align=\"center\"><font face=\"Arial\" size=\"2\"><\/p>\n<h2 style=\"color: red;\"><font size=\"3\"><strong>Solidarit\u00e9 avec le ministre de l\u2019Int\u00e9rieur, suite \u00e0 la diffusion d\u2019une ancienne vid\u00e9o en prison<\/strong><\/font><\/h2>\n<p> <\/font><\/div>\n<div align=\"center\">\n<hr\/>\n<\/div>\n<div><font face=\"Arial\" size=\"2\">Un grand mouvement de solidarit\u00e9 a \u00e9t\u00e9 observ\u00e9 sur les r\u00e9seaux sociaux tunisiens, mercredi 18 janvier 2012, suite \u00e0 la diffusion d\u2019une vid\u00e9o datant des ann\u00e9es 90 filmant en prison Ali La\u00e2rayedh, actuel ministre de l\u2019Int\u00e9rieur. <\/font><\/div>\n<div><font face=\"Arial\" size=\"2\">La vid\u00e9o en question a \u00e9t\u00e9 post\u00e9e sur Dailymotion et montrant l\u2019ancien prisonnier politique dans des positions intimes avec un autre prisonnier. Selon quelques observateurs, la vid\u00e9o en question est un montage fabriqu\u00e9 de toutes pi\u00e8ces par la police politique, du temps de Zine El Abidine Ben Ali. Selon d\u2019autres, M. La\u00e2rayedh aurait \u00e9t\u00e9 drogu\u00e9 avant qu\u2019on filme la sc\u00e8ne \u00e0 son insu. Mais peu importe l&rsquo;authenticit\u00e9 du film, il y a eu un r\u00e9el \u00e9lan de solidarit\u00e9 en faveur du ministre. <\/font><\/div>\n<div><font face=\"Arial\" size=\"2\">Si elle a \u00e9t\u00e9 post\u00e9e aujourd\u2019hui, ce serait, selon certains, dans l\u2019objectif de d\u00e9stabiliser le ministre et ce suite au mandat d\u2019amener lanc\u00e9 contre Moncef La\u00e2jimi, ancien directeur g\u00e9n\u00e9ral des forces d&rsquo;intervention. <\/font><\/div>\n<div><font face=\"Arial\" size=\"2\">La m\u00e9thode a \u00e9t\u00e9 qualifi\u00e9e de basse et de grotesque par l\u2019\u00e9crasante majorit\u00e9 des internautes tunisiens. Le mot a \u00e9t\u00e9 pass\u00e9 afin que ni le lien, ni la vid\u00e9o ne soient partag\u00e9s. Et ce sont, en majorit\u00e9, les farouches opposants d\u2019Ennahdha qui ont d\u00e9nonc\u00e9 ces m\u00e9thodes et interdit \u00e0 leurs amis de diffuser le film. <\/font><\/div>\n<div><font face=\"Arial\" size=\"2\">Entre-temps, Dailymotion a retir\u00e9 le film de ses serveurs pour non-respect des conditions d\u2019utilisation. <\/font><\/div>\n<div><font face=\"Arial\" size=\"2\">R.B.H.<\/font><\/div>\n<div><font face=\"Arial\" size=\"2\">(Source: Businessnews le 18 janvier 2012)<\/font><\/div>\n<div><font face=\"Arial\" size=\"2\">Leien: http:\/\/www.businessnews.com.tn\/details_article.php?t=520&amp;a=28841&amp;temp=3&amp;lang<\/font><\/div>\n<\/div>\n<div dir=\"ltr\">\u00a0<\/div>\n<\/div>\n<\/div>\n<\/div>\n<\/div>\n<\/div>\n<\/div>\n<\/div>\n<\/div>\n<\/div>\n<\/div>\n<\/div>\n<\/div>\n<\/div>\n<\/div>\n<\/div>\n<\/div>\n<div>\u00a0<\/div>\n<p><font><\/p>\n<p><font><\/p>\n<p><font face=\"Arial\" size=\"2\"><\/p>\n<p><font><\/p>\n<div dir=\"ltr\"><strong><\/p>\n<hr\/>\n<p><\/strong><\/div>\n<div align=\"center\" dir=\"ltr\">\n<h3 style=\"color: blue;\"><font face=\"Arial\"><strong>\u00abJanvier,mois des r\u00e9volutions tunisiennes\u00bb<\/strong><\/font><\/h3>\n<\/div>\n<div align=\"center\" dir=\"ltr\">\n<hr\/>\n<\/div>\n<div dir=\"ltr\">\u00a0<\/div>\n<div dir=\"ltr\">\n<p><font face=\"Arial\" size=\"2\">A l\u2019occasion de lac\u00e9l\u00e9bration de l\u2019Anun de la r\u00e9volutiontunisienne, et de l\u2019\u00e9mergenced\u2019une nouvelle r\u00e9alit\u00e9 politique avec l\u2019acc\u00e8s de forcesconservatrices au pouvoir, nous proposons l\u2019approfondissement d\u2019uner\u00e9flexion commune entre les acteurs de la soci\u00e9t\u00e9 civile autour du janvier desr\u00e9volutions. Nous devons tirer les le\u00e7ons n\u00e9cessaires \u00e0 la construction de laTunisie de demain.<\/font><\/p>\n<\/div>\n<div dir=\"ltr\">\n<p><font face=\"Arial\" size=\"2\">L\u2019importance desluttes sociales sera particuli\u00e8rement mise en exergue durant cettemanifestation multiforme qui permet la rencontre entre les composantes de lasoci\u00e9t\u00e9 civile tunisienne avec les tunisiens r\u00e9sidents en France et leursassociations de l\u2019immigration afin d\u2019approfondir le d\u00e9bat. Enfin,elle permettra aussi un \u00e9change entre les acteurs de la soci\u00e9t\u00e9 civile enTunisie et ceux bas\u00e9s en France afin de d\u00e9finir un partenariat inscrit dans ladur\u00e9e pour la valorisation de l\u2019implication de l\u2018immigration dansle d\u00e9bat national et l\u2019am\u00e9lioration des droits sociaux des Tunisienstravaillant en France.<\/font><\/p>\n<\/div>\n<div dir=\"ltr\">\n<p><font face=\"Arial\" size=\"2\">Le 20 janvier 2012 de 19h \u00e0 22h00<\/font><\/p>\n<\/div>\n<div dir=\"ltr\">\n<p><font face=\"Arial\" size=\"2\">LaMaison des association du 3i\u00e8me, Mairie de Paris 3i\u00e8me,5, rue Perr\u00e9e, 75003 Paris<\/font><\/p>\n<\/div>\n<div dir=\"ltr\">\n<p><font face=\"Arial\" size=\"2\">m\u00e9tro(Arts et m\u00e9tiers ou R\u00e9publique)<\/font><\/p>\n<\/div>\n<div dir=\"ltr\">\n<p><font face=\"Arial\" size=\"2\"><strong>Table-ronde organis\u00e9e par des associations del&rsquo;immigration des Tunisiens en France*<\/strong><\/font><\/p>\n<\/div>\n<div dir=\"ltr\">\n<p><font face=\"Arial\" size=\"2\">R\u00e9volution tunisienne du 14 janvier 2011: ses significationset dimensions historiques.<\/font><\/p>\n<\/div>\n<div dir=\"ltr\">\n<p><font face=\"Arial\" size=\"2\">Intervenants:<\/font><\/p>\n<\/div>\n<div dir=\"ltr\">\n<p><font face=\"Arial\" size=\"2\">M,Hichem ABDESSAMAD, Historien<\/font><\/p>\n<\/div>\n<div dir=\"ltr\">\n<p><font face=\"Arial\" size=\"2\">M.Noamane BOUAZIZ, Psychiatre<\/font><\/p>\n<\/div>\n<div dir=\"ltr\">\n<p><font face=\"Arial\" size=\"2\">M. Amor CHERNI, Professeur de philosophie<\/font><\/p>\n<\/div>\n<div dir=\"ltr\">\n<p><font size=\"2\">M,G\u00e9rard HADDAD, Psychiatre\/psychanalyste<\/font><\/p>\n<\/div>\n<div dir=\"ltr\">\n<p><font size=\"2\">*Associationsorganisatrices :<\/font><\/p>\n<\/div>\n<div dir=\"ltr\">\n<p>\u00a0<\/p>\n<\/div>\n<div dir=\"ltr\">\n<p><font size=\"2\">Association des Tunisiensen France, Cahiers de la Libert\u00e9, Manifeste du 20 mars, Uni-vers-elles, Uniondes travailleurs Immigr\u00e9s Tunisiens<\/font><\/p>\n<\/div>\n<p><font face=\"Arial\" size=\"2\"><strong><font><\/p>\n<div dir=\"ltr\">\n<hr align=\"left\"\/><\/div>\n<p><\/font><\/strong><\/font><\/p>\n<p dir=\"ltr\"><b><span lang=\"NO-BOK\"><\/p>\n<h3 style=\"color: blue;\"><font face=\"Arial\">Tunisie : \u00ab\u00a0Puisse la raison l&#8217;emporter\u00a0\u00bb, par Souhayr Belhassen<\/font><\/h3>\n<p><\/span><\/b><\/p>\n<hr align=\"left\"\/><\/font><\/p>\n<p>\u00a0<\/p>\n<p dir=\"ltr\"><span lang=\"NO-BOK\"><font face=\"Arial\">Souhayr Belhassen est tunisienne et pr\u00e9sidente de la F\u00e9d\u00e9ration internationale des ligues des droits de l&rsquo;homme (FIDH).<\/font><\/span><\/p>\n<p dir=\"ltr\"><font face=\"Arial\"><span lang=\"EN-US\"><font>Il y a tout juste<span><\/span><\/font><\/span><font><span lang=\"NO-BOK\"><a href=\"http:\/\/www.jeuneafrique.com\/Article\/ARTJAWEB20120114134941\/tunisie-islamisme-manifestation-democratierevolution-tunisienne-une-fete-du-14-janvier-teintee-d-inquietude.html\" rel=\"nofollow noopener\" target=\"_blank\"><span lang=\"EN-US\"><font>un an, Ben Ali et son clan \u00e9taient renvers\u00e9s<\/font><\/span><\/a><\/span><span lang=\"EN-US\">. Les Tunisiens obtenaient leur premi\u00e8re grande victoire depuis l&rsquo;ind\u00e9pendance et lib\u00e9raient par la m\u00eame occasion de formidables \u00e9nergies. Le citoyen, l&rsquo;individu libre faisait irruption dans l&rsquo;espace public, bien d\u00e9cid\u00e9 \u00e0 donner naissance \u00e0 une v\u00e9ritable d\u00e9mocratie ! Nombreux furent les observateurs qui exprim\u00e8rent des<span><\/span><\/span><span lang=\"NO-BOK\"><a href=\"http:\/\/www.jeuneafrique.com\/Article\/ARTJAWEB20120113110917\/media-tunisie-islamistes-islamismemohamed-kerrou-la-revolution-tunisienne-n-est-pas-terminee.html\" rel=\"nofollow noopener\" target=\"_blank\"><span lang=\"EN-US\"><font>doutes quant \u00e0 la capacit\u00e9 du pays \u00e0 se reconstruire<\/font><\/span><\/a><\/span><span lang=\"EN-US\">. Certaines craintes pouvaient \u00eatre l\u00e9gitimes : la<span><\/span><\/span><span lang=\"NO-BOK\"><a href=\"http:\/\/www.jeuneafrique.com\/pays\/tunisie\/tunisie.asp\" rel=\"nofollow noopener\" target=\"_blank\"><span lang=\"EN-US\"><font>Tunisie<\/font><\/span><\/a><\/span><span><span lang=\"EN-US\"><\/span><\/span><span lang=\"EN-US\">passait brutalement d&rsquo;un r\u00e9gime autocratique \u00e0 une transition issue d&rsquo;<\/span><span lang=\"NO-BOK\"><a href=\"http:\/\/www.jeuneafrique.com\/Article\/ARTJAWEB20120118091246\/agriculture-tunisie-salaire-chomagetunisie-greves-sit-in-et-routes-bloquees.html\" rel=\"nofollow noopener\" target=\"_blank\"><span lang=\"EN-US\"><font>une r\u00e9volution populaire<\/font><\/span><\/a><\/span><\/font><span lang=\"EN-US\"><font>.<\/font><\/span><\/font><\/p>\n<p dir=\"ltr\"><font face=\"Arial\"><span lang=\"EN-US\"><font>Mais les Tunisiens et les Tunisiennes ont fait montre d&rsquo;une grande maturit\u00e9 et, le 23 octobre, huit mois apr\u00e8s la fin du r\u00e9gime Ben Ali, ils trempaient avec fiert\u00e9 et \u00e9motion leur index dans l&rsquo;encre bleue et \u00e9lisaient les membres de l&rsquo;<\/font><\/span><font><span lang=\"NO-BOK\"><a href=\"http:\/\/www.jeuneafrique.com\/Article\/ARTJAWEB20120108150837\/interview-ennahdha-revolution-tunisienne-mustapha-ben-jafaartunisie-ben-jaafar-nous-mettons-un-point-d-honneur-a-respecter-les-objectifs-de-la-revolution.html\" rel=\"nofollow noopener\" target=\"_blank\"><span lang=\"EN-US\"><font>Assembl\u00e9e constituante<\/font><\/span><\/a><\/span><\/font><span lang=\"EN-US\"><font>. Les premi\u00e8res \u00e9lections libres et d\u00e9mocratiques depuis cinquante-cinq ans !<\/font><\/span><\/font><\/p>\n<p dir=\"ltr\"><font face=\"Arial\"><span lang=\"NO-BOK\"><font>Le r\u00e9sultat : la victoire du parti Ennahdha. Ce sont les islamistes, principales victimes de la<span><\/span><a href=\"http:\/\/www.jeuneafrique.com\/Article\/ARTJAWEB20120113085920\/anniversaire-tunisie-manifestation-mohamed-ghannouchirevolution-tunisienne-mohamed-ghannouchi-revele-les-dernieres-paroles-de-ben-ali-avant-sa-fuite.html\" rel=\"nofollow noopener\" target=\"_blank\"><span><font>r\u00e9pression du r\u00e9gime Ben Ali<\/font><\/span><\/a>, qui se sont impos\u00e9s par les urnes, leur mouvement ayant poursuivi sur le terrain, notamment dans les r\u00e9gions et les quartiers populaires, sa mobilisation et son soutien aux plus d\u00e9favoris\u00e9s.<\/font><\/span><\/font><\/p>\n<p dir=\"ltr\"><span lang=\"EN-US\"><font face=\"Arial\">Leur victoire, bien qu&rsquo;attendue, a toutefois surpris par son ampleur.<\/font><\/span><\/p>\n<p dir=\"ltr\"><font face=\"Arial\"><span lang=\"EN-US\"><font>Le mouvement de protestation qui a conduit \u00e0 la r\u00e9volution a aussi d\u00e9bouch\u00e9 sur l&rsquo;\u00e9mergence d&rsquo;un<span><\/span><\/font><\/span><font><span lang=\"NO-BOK\"><a href=\"http:\/\/www.jeuneafrique.com\/Article\/ARTJAJA2659p028-033-bis.xml0\/internet-islamisme-facebook-mouammar-kaddafil-homme-de-l-annee-2011-c-est-vous.html\" rel=\"nofollow noopener\" target=\"_blank\"><span lang=\"EN-US\"><font>courant fondamentalement d\u00e9mocratique<\/font><\/span><\/a><\/span><\/font><span lang=\"EN-US\"><font>, lequel tente de poser les principes et de jeter les bases d&rsquo;une soci\u00e9t\u00e9 arabe moderne. Ce mouvement d\u00e9mocratique qui s&rsquo;est lanc\u00e9 avec enthousiasme dans la r\u00e9volution et qui l&rsquo;a port\u00e9e et nourrie a sous-estim\u00e9 l&rsquo;int\u00e9r\u00eat d&rsquo;une partie de la population pour Ennahdha.<\/font><\/span><\/font><\/p>\n<p dir=\"ltr\"><font face=\"Arial\"><span lang=\"NO-BOK\"><font>Le projet de soci\u00e9t\u00e9 du parti islamiste doit-il inqui\u00e9ter ? Beaucoup s&rsquo;interrogent. Est-ce que la Tunisie va refermer sa parenth\u00e8se r\u00e9formiste ouverte d\u00e8s la fin du XIXe si\u00e8cle en adoptant une autre philosophie politique, un autre projet de soci\u00e9t\u00e9 ? <\/font><\/span><font><span lang=\"EN-US\">Jusqu&rsquo;\u00e0 il y a peu, le parti Ennahdha faisait assaut de promesses d\u00e9mocratiques que les faits sont en train de d\u00e9mentir. Car depuis le 23 octobre, ses cadres et dirigeants ont adopt\u00e9 des positions qui menacent des acquis importants. Ainsi, Souad Abderrahim, \u00e9lue \u00e0 l&rsquo;Assembl\u00e9e constituante, a d\u00e9fray\u00e9 la chronique en accusant les femmes c\u00e9libataires d&rsquo;\u00eatre \u00ab une infamie \u00bb. D&rsquo;autres dirigeants ou membres d&rsquo;Ennahdha ont remis en question la loi sur l&rsquo;adoption pl\u00e9ni\u00e8re d&rsquo;enfants, laquelle existe en Tunisie depuis 1958, ce qui en fait une exception dans le monde arabo-musulman.<\/span><span lang=\"NO-BOK\">Il est \u00e9galement significatif que le premier dirigeant du monde arabe re\u00e7u par Ennahdha soit Isma\u00efl Haniyeh, le dirigeant du Hamas palestinien.<\/span><span lang=\"EN-US\">Les quelque 2 000 militants du parti au pouvoir qui l&rsquo;ont accueilli ont scand\u00e9, entre autres, des slogans antis\u00e9mites. Pis, les autorit\u00e9s n&rsquo;ont \u00e0 ce jour pas condamn\u00e9 les actions violentes des salafistes lors de projections de films qu&rsquo;ils jugeaient sacril\u00e8ges, contre les synagogues et les maisons closes, ainsi qu&rsquo;\u00e0 l&rsquo;int\u00e9rieur m\u00eame des universit\u00e9s.<\/span><\/font><span lang=\"NO-BOK\"><font>Enfin, les salafistes ont \u00e9t\u00e9 jusqu&rsquo;\u00e0 imposer leur loi dans le village de Sejnane (nord-ouest de la Tunisie).<\/font><\/span><\/font><span lang=\"NO-BOK\"> <\/span><font face=\"Arial\"><span lang=\"NO-BOK\"><font>Ces comportements et le silence du gouvernement suscitent, dans une grande partie de l&rsquo;opinion, de vives inqui\u00e9tudes. Et ces craintes ne sont pas le propre d&rsquo;une \u00ab \u00e9lite occidentalis\u00e9e \u00bb. Elles se diffusent dans toute la soci\u00e9t\u00e9, profond\u00e9ment fa\u00e7onn\u00e9e, qu&rsquo;on le veuille ou non, par plus d&rsquo;un demi-si\u00e8cle de modernisation.<\/font><\/span><span lang=\"EN-US\"><font>Une chose est certaine, c&rsquo;est que leur mobilisation pour d\u00e9noncer ces propos et ces actes montre que les Tunisiens ont \u00e9t\u00e9, jusqu&rsquo;\u00e0 pr\u00e9sent, r\u00e9actifs et mod\u00e9r\u00e9s. Si l&rsquo;ann\u00e9e qui vient de s&rsquo;\u00e9couler a laiss\u00e9 entrevoir des d\u00e9chirures, des t\u00e2tonnements et des d\u00e9saccords, elle a aussi et avant tout montr\u00e9 que, chez ce peuple dont la d\u00e9termination et la force ont explos\u00e9 \u00e0 la face du monde \u00e0 la fin de l&rsquo;ann\u00e9e 2010, la raison finissait toujours par l&#8217;emporter.<\/font><\/span><\/font><\/p>\n<p dir=\"ltr\"><font face=\"Arial\"><span lang=\"EN-US\"><font>On sait que la chute d&rsquo;un dictateur ne suffit pas \u00e0 fonder une soci\u00e9t\u00e9 d\u00e9mocratique.<\/font><\/span><font><span lang=\"NO-BOK\">Il faut installer les principes de libert\u00e9, d&rsquo;\u00e9galit\u00e9, de l\u00e9gitimit\u00e9 et de respect de l&rsquo;autre.<\/span><\/font><span lang=\"EN-US\"><font>Sans quoi, une dictature peut en remplacer une autre. Il faut esp\u00e9rer que le peuple tunisien, qui a su faire preuve de courage, y \u00e9chappera.<\/font><\/span><\/font><\/p>\n<p dir=\"ltr\"><span lang=\"EN-US\"><font face=\"Arial\"><strong>Source: \u201cJeune Afrique\u201d Le 18-01-2012<\/strong><\/font><\/span><\/p>\n<p dir=\"ltr\"><font face=\"Arial\"><span lang=\"NO-BOK\"><font>Lien:<\/font><a href=\"http:\/\/www.jeuneafrique.com\/Article\/JA2662p040-049.xml2\/anniversaire-islamisme-election-droits-de-l-hommetunisie-puisse-la-raison-l-emporter-par-souhayr-belhassen.html\" rel=\"nofollow noopener\" target=\"_blank\"><font>http:\/\/www.jeuneafrique.com\/Article\/JA2662p040-049.xml2\/anniversaire-islamisme-election-droits-de-l-hommetunisie-puisse-la-raison-l-emporter-par-souhayr-belhassen.html<\/font><\/a><\/span><\/font><\/p>\n<p><font face=\"Arial\" size=\"2\"><strong><font><\/p>\n<div dir=\"ltr\">\n<hr align=\"left\"\/><\/div>\n<p><\/font><\/strong><\/font><\/p>\n<h3 dir=\"ltr\" style=\"color: blue;\"><span lang=\"EN-US\"><\/p>\n<h3 style=\"color: blue;\"><font face=\"Arial\">Quel r\u00f4le pour les blogueurs tunisiens\u2009?<\/font><\/h3>\n<p><\/span><\/h3>\n<p><span lang=\"EN-US\"><\/p>\n<hr align=\"left\"\/><\/span><\/p>\n<h3 dir=\"ltr\" style=\"color: blue;\"><span lang=\"EN-US\"><font face=\"Arial\">influence et reflux Les m\u00e9dias, un an apr\u00e8s la r\u00e9volution<\/font><\/span><\/h3>\n<p dir=\"ltr\"><span lang=\"EN-US\"><font face=\"Arial\">\u00abJe ne connais aucun blogueur, moi, compris, qui n&rsquo;ait pris une claque monumentale aux \u00e9lections\u2009!\u202f\u00bb Mehdi Lamloum, candidat en octobre \u00e0 l&rsquo;Assembl\u00e9e constituante tunisienne, en rigolait presque le 12\u202fjanvier, au colloque \u00ab\u202fMedias et Internet, Tunisie\u202f: r\u00e9volution, mutation, transition\u202f\u00bb organis\u00e9 \u00e0 Tunis par Canal France International. Son constat est s\u00e9v\u00e8re\u202f: \u00ab\u202fNul ne peut nier la place des blogueurs, mais ont-ils vraiment un poids en Tunisie\u2009? On n&rsquo;est pas en mesure d&rsquo;influencer la soci\u00e9t\u00e9, on est d\u00e9connect\u00e9.\u202f\u00bb A\u00efe ! Un an apr\u00e8s avoir \u00e9t\u00e9 pr\u00e9sent\u00e9s comme des faiseurs de r\u00e9volution, des d\u00e9faiseurs de dictateur, les blogueurs s&rsquo;interrogent.<\/font><\/span><\/p>\n<p dir=\"ltr\"><strong><span lang=\"EN-US\"><font face=\"Arial\">D&rsquo;o\u00f9 parles-tu blogueur\u2009?<\/font><\/span><\/strong><font><b><span lang=\"EN-US\"> <\/span><\/b><font face=\"Arial\"><span lang=\"EN-US\"><font>Premier souci, leur position. \u00ab\u202fApr\u00e8s le 14\u202fjanvier, c&rsquo;est plus difficile d&rsquo;\u00eatre blogueur en<span><\/span><\/font><\/span><span lang=\"NO-BOK\"><a href=\"http:\/\/www.20minutes.fr\/thematique\/tunisie\" rel=\"nofollow noopener\" target=\"_blank\"><span lang=\"EN-US\"><font>Tunisie<\/font><\/span><\/a><\/span><\/font><\/font><span lang=\"EN-US\"><font face=\"Arial\">, estime Sarah Ben Hamadi, blogueuse, membre des Cahiers de la libert\u00e9. Avant et pendant la r\u00e9volution, on \u00e9tait dans une agora \u00e9lectronique, avec un r\u00f4le de lanceurs d&rsquo;alerte, car le black-out m\u00e9diatique \u00e9tait total. Apr\u00e8s on s&rsquo;est senti plus responsable, oblig\u00e9 de respecter une d\u00e9ontologie.\u202f\u00bb Comment d\u00e9passer le r\u00f4le de militants engag\u00e9s\u2009? \u00ab\u202fL&rsquo;information n&rsquo;est jamais neutre, mais c&rsquo;est un challenge pour ces personnes qui ne sont pas journalistes de parvenir \u00e0 \u00eatre objectifs\u202f\u00bb, souligne Malek Khadhraoui, coadministrateur de Nawaat, blog cr\u00e9\u00e9 en 2004 et tr\u00e8s actif pendant la r\u00e9volution. Deuxi\u00e8me probl\u00e8me, beaucoup s&rsquo;interrogent sur leur poids. \u00ab\u202fL&rsquo;avenue Bourguiba n&rsquo;est pas Tunis, Tunis n&rsquo;est pas la Tunisie, on n&rsquo;aime pas le dire, mais il y a une rupture dans la soci\u00e9t\u00e9 tunisienne\u202f\u00bb, note Emma Mnif, femme politique. Une rupture d&rsquo;abord linguistique. \u00ab\u202fLes gens ne parlent plus le fran\u00e7ais sauf une petite minorit\u00e9, lance Mehdi Lamloum. Aujourd&rsquo;hui, j&rsquo;ai un blog en fran\u00e7ais, mais je veux me mettre \u00e0 l&rsquo;arabe.\u202f\u00bb<\/font><\/span><\/p>\n<h3 dir=\"ltr\" style=\"color: blue;\"><span lang=\"EN-US\"><font face=\"Arial\"><strong>Source: \u201c20 minutes.fr\u201d Le 19-01-2012<\/strong><\/font><\/span><\/h3>\n<h3 dir=\"ltr\" style=\"color: blue;\"><font face=\"Arial\"><span lang=\"NO-BOK\"><font>Lien:<\/font><a href=\"http:\/\/www.20minutes.fr\/article\/861840\/role-blogueurs-tunisiensthinsp\" rel=\"nofollow noopener\" target=\"_blank\"><font>http:\/\/www.20minutes.fr\/article\/861840\/role-blogueurs-tunisiensthinsp<\/font><\/a><\/span><\/font><\/h3>\n<p><font face=\"Arial\" size=\"2\"><strong><font><\/p>\n<div dir=\"ltr\">\n<hr align=\"left\"\/><\/div>\n<p><\/font><\/strong><\/font><\/p>\n<h3 align=\"left\" dir=\"ltr\" style=\"color: blue;\"><span lang=\"NO-BOK\"><a href=\"http:\/\/www.jeuneafrique.com\/Article\/ARTJAWEB20120118091246\/agriculture-tunisie-salaire-chomagetunisie-greves-sit-in-et-routes-bloquees.html\" rel=\"nofollow noopener\" target=\"_blank\"><span lang=\"EN-US\"><\/p>\n<h3 style=\"color: blue;\"><font face=\"Arial\">Tunisie : gr\u00e8ves, sit-in et routes bloqu\u00e9es<\/font><\/h3>\n<p><\/span><\/a><\/span><\/h3>\n<hr align=\"left\"\/>\n<p dir=\"ltr\"><span lang=\"EN-US\"><font face=\"Arial\">Ces derniers jours, la Tunisie doit faire face \u00e0 une multiplication des sit-in, gr\u00e8ves et blocages de routes. Certaines localit\u00e9s du centre et du nord-ouest du pays sont totalement paralys\u00e9es.<\/font><\/span><\/p>\n<p dir=\"ltr\"><font face=\"Arial\"><span lang=\"EN-US\"><font>Une gr\u00e8ve g\u00e9n\u00e9rale s\u00e9vit ainsi depuis plusieurs jours dans le gouvernorat central de Siliana, une r\u00e9gion agricole tr\u00e8s pauvre de<span><\/span><\/font><\/span><font><span lang=\"NO-BOK\"><a href=\"http:\/\/www.jeuneafrique.com\/pays\/tunisie\/tunisie.asp\" rel=\"nofollow noopener\" target=\"_blank\"><span lang=\"EN-US\"><font>Tunisie<\/font><\/span><\/a><\/span><\/font><span lang=\"EN-US\"><font>. Les \u00e9coles ont \u00e9t\u00e9 ferm\u00e9es, plusieurs routes ont \u00e9t\u00e9 entrav\u00e9es, et des groupes de ch\u00f4meurs ont bloqu\u00e9 avec des pneus et des barri\u00e8res l\u2019acc\u00e8s \u00e0 des petites communes, a indiqu\u00e9 l\u2019agence TAP.<\/font><\/span><\/font><\/p>\n<p dir=\"ltr\"><font face=\"Arial\"><span lang=\"EN-US\"><font>Les r\u00e9clamations des gr\u00e9vistes : des emplois, des logements et<span><\/span><\/font><\/span><font><span lang=\"NO-BOK\"><a href=\"http:\/\/www.jeuneafrique.com\/Article\/ARTJAJA2630p040-043.xml0\/\" rel=\"nofollow noopener\" target=\"_blank\"><span lang=\"EN-US\"><font>des actions imm\u00e9diates en faveur du d\u00e9veloppement r\u00e9gional<\/font><\/span><\/a><\/span><\/font><span lang=\"EN-US\"><font>.<\/font><\/span><\/font><\/p>\n<p dir=\"ltr\"><font face=\"Arial\"><span lang=\"EN-US\"><font>Dans le nord-ouest, des ch\u00f4meurs et des ouvriers demandent aux autorit\u00e9s du travail des am\u00e9liorations salariales.<\/font><\/span><span lang=\"NO-BOK\"><font>Ils ont bloqu\u00e9 mardi une route nationale, provoquant la paralysie du trafic entre les gouvernorats du Kef et de Jendouba.<\/font><\/span><\/font><\/p>\n<p dir=\"ltr\"><span lang=\"NO-BOK\"><font face=\"Arial\">Lundi 16 janvier, des habitants d\u2019El Jorf, dans le sud, avaient d\u00e9j\u00e0 bloqu\u00e9 l\u2019activit\u00e9 des bacs \u00e0 destination de l\u2019\u00eele de Djerba.<\/font><\/span><\/p>\n<p dir=\"ltr\"><strong><span lang=\"EN-US\"><font face=\"Arial\">Appel au dialogue<\/font><\/span><\/strong><\/p>\n<p dir=\"ltr\"><font face=\"Arial\"><span lang=\"EN-US\"><font>Interrog\u00e9 sur la radio Mosa\u00efque FM, le porte-parole du gouvernement, Samir Dilou, a reconnu que<span><\/span><\/font><\/span><font><span lang=\"NO-BOK\"><a href=\"http:\/\/www.jeuneafrique.com\/Article\/ARTJAWEB20120113110917\/media-tunisie-islamistes-islamismemohamed-kerrou-la-revolution-tunisienne-n-est-pas-terminee.html\" rel=\"nofollow noopener\" target=\"_blank\"><span lang=\"EN-US\"><font>les autorit\u00e9s avaient constat\u00e9 \u00ab une recrudescence des mouvements de protestation et des sit in.<\/font><\/span><\/a><\/span><span><span lang=\"EN-US\"><\/span><\/span><\/font><span lang=\"EN-US\"><font>\u00bb Il a cependant insist\u00e9 sur la n\u00e9cessit\u00e9 d\u2019\u00e9tablir un \u00ab dialogue \u00bb avec les contestataires, \u00e0 qui il a demand\u00e9 de garder \u00ab sang-froid et patience. \u00bb<\/font><\/span><\/font><\/p>\n<p dir=\"ltr\"><font face=\"Arial\"><span lang=\"EN-US\"><font>\u00ab Nous passons par une p\u00e9riode difficile,<span><\/span><\/font><\/span><font><span lang=\"NO-BOK\"><a href=\"http:\/\/www.jeuneafrique.com\/Article\/DEPAFP20120107165200\/developpement-tunisie-manifestation-turquietunisie-le-gouvernement-met-en-garde-contre-les-sit-in-a-travers-le-pays.html\" rel=\"nofollow noopener\" target=\"_blank\"><span lang=\"EN-US\"><font>je leur demande de prendre en consid\u00e9ration l\u2019int\u00e9r\u00eat du pays<\/font><\/span><\/a><\/span><span><span lang=\"EN-US\"><\/span><\/span><\/font><span lang=\"EN-US\"><font>\u00bb, a pr\u00e9cis\u00e9 le porte parole.<\/font><\/span><\/font><\/p>\n<p dir=\"ltr\"><font face=\"Arial\"><span lang=\"EN-US\"><font>En 2011, plus de 500 gr\u00e8ves ou sit in ont \u00e9t\u00e9 recens\u00e9s en Tunisie. Le pays doit g\u00e9rer une<span><\/span><\/font><\/span><font><span lang=\"NO-BOK\"><a href=\"http:\/\/www.jeuneafrique.com\/Article\/ARTJAWEB20120114134941\/\" rel=\"nofollow noopener\" target=\"_blank\"><span lang=\"EN-US\"><font>grave crise \u00e9conomique et sociale<\/font><\/span><\/a><\/span><span><span lang=\"EN-US\"><\/span><\/span><\/font><span lang=\"EN-US\"><font>depuis le d\u00e9part du dictateur d\u00e9chu Zine el-Abidine Ben Ali, le 14 Janvier 2011.<\/font><\/span><\/font><\/p>\n<h3 dir=\"ltr\" style=\"color: blue;\"><span lang=\"EN-US\"> <\/span><span lang=\"EN-US\"><font face=\"Arial\"><strong>Source: \u201dJeune Afrique\u201d Le 18-01-2012<\/strong><\/font><\/span><\/h3>\n<p dir=\"ltr\"><font face=\"Arial\"><span lang=\"NO-BOK\"><font>Lien:<\/font><a href=\"http:\/\/www.jeuneafrique.com\/Article\/ARTJAWEB20120118091246\/agriculture-tunisie-salaire-chomagetunisie-greves-sit-in-et-routes-bloquees.html\" rel=\"nofollow noopener\" target=\"_blank\"><font>http:\/\/www.jeuneafrique.com\/Article\/ARTJAWEB20120118091246\/agriculture-tunisie-salaire-chomagetunisie-greves-sit-in-et-routes-bloquees.html<\/font><\/a><\/span><\/font><\/p>\n<p><font face=\"Arial\" size=\"2\"><strong><\/p>\n<div dir=\"ltr\">\n<hr align=\"left\"\/><\/div>\n<p><\/strong><\/font><\/p>\n<h4 align=\"left\" dir=\"ltr\" style=\"color: blue;\"><span lang=\"NO-BOK\"><\/p>\n<h4 style=\"color: blue;\"><font face=\"Arial\">Tunisie : Cheikha Moza et Tunisiana \u00e0 l\u2019aide des ch\u00f4meurs<\/font><\/h4>\n<p><\/span><\/h4>\n<hr align=\"left\"\/>\n<p dir=\"ltr\"><font face=\"Arial\"><strong><span lang=\"NO-BOK\"><font>Apr\u00e8s le succ\u00e8s de ces deux services Sms emploi et Najja7ni, l&rsquo;op\u00e9rateur priv\u00e9 Tunisiana remet, cette fois, le couvert avec une troisi\u00e8me plateforme d\u00e9di\u00e9e \u00e0 la recherche d&#8217;emploi.<\/font><\/span><span lang=\"EN-US\"><font>Mont\u00e9 en partenariat avec l&rsquo;entreprise qatarie Silatech, ce service SMS est 100% gratuit.<\/font><\/span><\/strong><\/font><\/p>\n<p dir=\"ltr\"><span lang=\"EN-US\"><font face=\"Arial\">Un M\u00e9morandum d&rsquo;entente sur la cr\u00e9ation d&rsquo;une plate-forme d&rsquo;offre d&#8217;emploi par sms vient d&rsquo;\u00eatre sign\u00e9, ce mardi 17 janvier \u00e0 Tunis, par l&rsquo;op\u00e9rateur priv\u00e9 Tunisiana et l&rsquo;entreprise qatarie \u00ab Silatech \u00bb. Selon l&rsquo;agence TAP, cette d\u00e9cision a pour objectif d&rsquo;aider les jeunes ch\u00f4meurs tunisiens \u00e0 se renseigner sur les offres d&#8217;emploi issus aussi bien des secteurs publics que priv\u00e9s. Et ce, en ayant recours \u00e0 des sms gratuits.<\/font><\/span><\/p>\n<p dir=\"ltr\"><font face=\"Arial\"><span lang=\"EN-US\"><font>L&rsquo;initiative Silatech, lanc\u00e9e en 2008, vise \u00e0 aider les jeunes de la r\u00e9gion arabe \u00e0 saisir les opportunit\u00e9s d&#8217;emploi et \u00e0 cr\u00e9er leurs propres projets. Cet accord a \u00e9t\u00e9 sign\u00e9 par Martial Caratti, directeur financier de Tunisiana et Tarek Youssef, directeur ex\u00e9cutif de Silatech.<\/font><\/span><span lang=\"NO-BOK\"><font>L&rsquo;\u00e9v\u00e9nement a eu lieu en la pr\u00e9sence de Mongi Marzouk, ministre des Technologies de l&rsquo;information et de la communication. L&rsquo;\u00e9pouse de l&rsquo;\u00e9mir du Qatar, la fameuse Cheikha Moza Bint Nasser Al Missned, fondatrice de Silatech et pr\u00e9sidente de son conseil d&rsquo;administration ainsi que la princesse Amira Ettawil, \u00e9pouse du prince saoudien El Walid Ben Talal \u00e9taient \u00e9galement pr\u00e9sentes.<\/font><\/span><\/font><\/p>\n<p dir=\"ltr\"><span lang=\"NO-BOK\"><font face=\"Arial\">Ce m\u00e9morandum s&rsquo;inscrit dans le cadre \u00abd&rsquo;un programme de soutien de la Banque mondiale ciblant les jeunes tunisiens des r\u00e9gions rurales\u00bb aurait d\u00e9clar\u00e9 une source de Tunisiana \u00e0 l&rsquo;agence TAP avant d&rsquo;ajouter : \u00abCette plate-forme permettra de garantir un encadrement et une meilleure orientation des jeunes demandeurs d&#8217;emplois au ch\u00f4mage ou qui poursuivent encore leurs \u00e9tudes\u00bb.<\/font><\/span><\/p>\n<p dir=\"ltr\"><font face=\"Arial\"><span lang=\"EN-US\"><font>Rappelons que Tunisiana n&rsquo;en est pas \u00e0 son premier coup d&rsquo;essai concernant les actions de ce type. En effet, l&rsquo;op\u00e9rateur t\u00e9l\u00e9phonique priv\u00e9 a lanc\u00e9 depuis 2009, le service payant<span><\/span><\/font><\/span><font><span lang=\"NO-BOK\"><a href=\"http:\/\/www.emploisms.net\/\" rel=\"nofollow noopener\" target=\"_blank\"><span lang=\"EN-US\"><font>www.emploisms.net<\/font><\/span><\/a><\/span><\/font><span lang=\"EN-US\"><font>. Ce dernier permet de recevoir des offres d&#8217;emploi directement sur son t\u00e9l\u00e9phone mobile et ce, \u00e0 n&rsquo;importe quel moment de la journ\u00e9e. Jusqu&rsquo;\u00e0 pr\u00e9sent, pr\u00e8s de 100 000 adh\u00e9rents ont d\u00e9j\u00e0 profit\u00e9 de ce service.<\/font><\/span><\/font><\/p>\n<p dir=\"ltr\"><span lang=\"EN-US\"><font face=\"Arial\">Idem pour \u00abNajja7ni\u00bb, une plateforme d\u00e9di\u00e9e cette fois aux \u00e9tudiants d\u00e9sireux de r\u00e9viser, directement depuis leur \u00e9cran mobile. Exp\u00e9riment\u00e9 avec succ\u00e8s, celle-ci propose des QCM pour tous les niveaux de l&rsquo;\u00e9cole de base (de la 3\u00e8me \u00e0 la 9\u00e8me ann\u00e9e : primaire et coll\u00e8ge). Surtout que celle-ci a finit par escompter un succ\u00e8s bien m\u00e9rit\u00e9 en drainant pas moins de 500 000 abonn\u00e9s.<\/font><\/span><\/p>\n<h4 dir=\"ltr\" style=\"color: blue;\"><span lang=\"EN-US\"><font face=\"Arial\"><strong>Source: \u201cTekiano\u201d Le 18-01-2012<\/strong><\/font><\/span><\/h4>\n<p dir=\"ltr\"><font face=\"Arial\"><span lang=\"EN-US\"><font>Lien:<\/font><\/span><span lang=\"NO-BOK\"><a href=\"http:\/\/www.tekiano.com\/phone\/1-operateurs\/4671-tunisie-cheikha-moza-et-tunisiana-a-laide-des-chomeurs.html\" rel=\"nofollow noopener\" target=\"_blank\"><span lang=\"EN-US\"><font>http:\/\/www.tekiano.com\/phone\/1-operateurs\/4671-tunisie-cheikha-moza-et-tunisiana-a-laide-des-chomeurs.html<\/font><\/span><\/a><\/span><\/font><\/p>\n<p><font face=\"Arial\" size=\"2\"><strong><font><\/p>\n<div dir=\"ltr\">\n<hr align=\"left\"\/><\/div>\n<p><\/font><\/strong><\/font><\/p>\n<h4 align=\"left\" dir=\"ltr\" style=\"color: blue;\"><span lang=\"NO-BOK\"><\/p>\n<h4 style=\"color: blue;\"><font face=\"Arial\">Le come back m\u00e9diatique d&rsquo;Imed Trabelsi et de Sakhr El Materi<\/font><\/h4>\n<p><\/span><\/h4>\n<hr align=\"left\"\/>\n<p dir=\"ltr\"><span lang=\"NO-BOK\"><font face=\"Arial\">Exil\u00e9 \u00e0 Doha,<span><\/span><strong>Sakhr El Materi<\/strong><span><\/span>a rencontr\u00e9 Georges Malbrunot du service international du Figaro le 14 janvier<\/font><\/span><\/p>\n<p dir=\"ltr\"><font face=\"Arial\"><span lang=\"NO-BOK\"><font>(<\/font><\/span><font><span lang=\"NO-BOK\"><a href=\"http:\/\/blog.lefigaro.fr\/malbrunot\/2012\/01\/rencontre-au-qatar-avec-le-gen.html\" rel=\"nofollow noopener\" target=\"_blank\"><font>http:\/\/blog.lefigaro.fr\/malbrunot\/2012\/01\/rencontre-au-qa&#8230;<\/font><\/a> ).<\/span><span lang=\"EN-US\">Il ne lui a rien dit mais l\u2019important \u00e9tait de rena\u00eetre dans les m\u00e9dias. Malbrunot s\u2019est d\u2019ailleurs content\u00e9 d\u2019en faire un post sur son blog.<\/span><span lang=\"NO-BOK\">Imed Trabelsi, lui, a frapp\u00e9 plus port, en terme de tapage, accordant un entretien au Parisien (<\/span><\/font><span lang=\"NO-BOK\"><font><a href=\"http:\/\/www.leparisien.fr\/crise-tunisie\/imed-trabelsi-je-ne-suis-pas-un-ange-16-01-2012-1814559.php\" rel=\"nofollow noopener\" target=\"_blank\"><font>http:\/\/www.leparisien.fr\/crise-tunisie\/imed-trabelsi-je-n&#8230;<\/font><\/a> .) Une pleine page sign\u00e9e Thibault Raisse o\u00f9 le trentenaire emprisonn\u00e9 \u00e0 La Ouina, \u00e0 un jet de pierre de Tunis, juge que la r\u00e9volution n\u2019a pas abouti, qu\u2019il a \u00e9cop\u00e9 de 33 ans de prison pour rien \u2013 consommation de cannabis il y a dix ans (sic)\u2026 \u2013 bref, un innocent qui revendique 28 jours de gr\u00e8ve de la faim, di\u00e8te arr\u00eat\u00e9e pour sa fille, \u00e2g\u00e9e de deux ans.<\/font><\/span><\/font><\/p>\n<p dir=\"ltr\"><span lang=\"EN-US\"><font face=\"Arial\">Ces deux articles, parus dans la presse fran\u00e7aise, ont pour objectif de r\u00e9\u00e9crire l\u2019histoire alors que la Tunisie vit librement. Deux des quatre personnages les plus d\u00e9test\u00e9s des Tunisiens, avec Le\u00efla Trabelsi (r\u00e9fugi\u00e9 aux Emirats) et Belhassen (r\u00e9fugi\u00e9 au Canada), d\u00e9cident de parler, d\u2019\u00e9crire leurs v\u00e9rit\u00e9s. Imed a eu recours \u00e0 des aides ext\u00e9rieures (femme et avocat) pour que ses r\u00e9ponses soient coh\u00e9rentes.<\/font><\/span><\/p>\n<p dir=\"ltr\"><font face=\"Arial\"><span lang=\"EN-US\"><font>L\u2019heure est \u00e0 la reconqu\u00eate d\u2019une opinion tunisienne, ce qui n&rsquo;est pas gagn\u00e9 du tout, et \u00e0 la pose en victime envers l\u2019opinion internationale, sp\u00e9cialement fran\u00e7aise.<\/font><\/span><font><span lang=\"NO-BOK\">Imed tente de se forger une image de martyr dans l\u2019interview accord\u00e9e au Parisien.<\/span><\/font><span lang=\"EN-US\"><font>Interview qui ne comporte aucune question sur sa Tante Le\u00efla dont il \u00e9tait le chouchou voire plus selon la rumeur nationale. Cette communication de crise intervient alors que la Tunisie vit des heures sociales difficiles. Le taux de ch\u00f4mage explose sur les ruines laiss\u00e9es par Ben Ali. Dans de nombreuses r\u00e9gions, des incidents forts diff\u00e9rents sont recens\u00e9s. Entre le sit-in qui bloque une usine, le brigandage salafiste \u00e0 Sejnane, quelques axes routiers devenus la cible de bandits de grands chemins, la Tunisie est en proie \u00e0 des difficult\u00e9s qu\u2019alimentent des gens mal intentionn\u00e9s. Que deux figures des clans qui ont pill\u00e9 le pays s\u2019exposent \u00e0 cet instant est \u00e9trange. Veulent-ils profiter de la col\u00e8re du peuple ? Ce serait faire injure \u00e0 ce peuple qui souffre \u00e0 cause de leurs brigandages. Et qui non seulement n\u2019est pas pr\u00eat au pardon mais n\u2019oubliera jamais ce qu\u2019ils ont fait.<\/font><\/span><\/font><\/p>\n<p dir=\"ltr\">\u00a0<\/p>\n<p dir=\"ltr\"><font face=\"Arial\"><span lang=\"EN-US\"><font>Ce retour dans les journaux de deux figures de l\u2019ancien syst\u00e8me ne changera rien \u00e0 leurs statuts. Imed Trabelsi n\u2019en a pas fini avec la justice, d\u2019autres proc\u00e8s devant avoir lieu. Quand \u00e0 Sakhr, il est r\u00e9fugi\u00e9 au Qatar pays depuis lequel il continue \u00e0 diriger ses affaires.<\/font><\/span><span lang=\"NO-BOK\"><font>S\u2019il s\u2019avisait de revenir en Tunisie, la justice l\u2019attendrait \u00e0 l\u2019a\u00e9roport. Dans la presse tunisienne, les propos d\u2019Imed Trabelsi ont \u00e9t\u00e9 repris abondamment. La stup\u00e9faction prime. Et les tunisiens rient jaune quand ils lisent Imed Trabelsi dire \u00ab je ne suis pas un ange \u00bb.<\/font><\/span><\/font><\/p>\n<p dir=\"ltr\"><span lang=\"NO-BOK\"><font face=\"Arial\">Un chauffeur de taxi passant devant la caserne de La Ouina o\u00f9 Imed purge ses peines me disait qu\u2019il \u00ab avait int\u00e9r\u00eat \u00e0 ne pas en sortir. \u00bb Un an apr\u00e8s la chute de Ben Ali et de son syst\u00e8me, les Tunisiens n\u2019ont pas oubli\u00e9 ce que les clans ont fait au pays.<\/font><\/span><\/p>\n<h4 dir=\"ltr\" style=\"color: blue;\"><span lang=\"EN-US\"><font face=\"Arial\"><strong>Source: \u201dCourrier international\u201d Le 18-01-2012<\/strong><\/font><\/span><\/h4>\n<p dir=\"ltr\"><font face=\"Arial\"><span lang=\"NO-BOK\"><font>Lien:<\/font><a href=\"http:\/\/lewesternculturel.blogs.courrierinternational.com\/archive\/2012\/01\/18\/tunisie-le-come-back-mediatique-d-imed-et-de-sakhr.html\" rel=\"nofollow noopener\" target=\"_blank\"><font>http:\/\/lewesternculturel.blogs.courrierinternational.com\/archive\/2012\/01\/18\/tunisie-le-come-back-mediatique-d-imed-et-de-sakhr.html<\/font><\/a><\/span><\/font><\/p>\n<p><font face=\"Arial\" size=\"2\"><strong><font><\/p>\n<div dir=\"ltr\">\n<hr align=\"left\"\/><\/div>\n<p><\/font><\/strong><\/font><\/p>\n<h4 align=\"left\" dir=\"ltr\" style=\"color: blue;\"><span lang=\"NO-BOK\"><\/p>\n<h4 style=\"color: blue;\"><font face=\"Arial\">Tunisie &#8211; Petit rappel historique de Hamma Hammami<\/font><\/h4>\n<p><\/span><\/h4>\n<hr align=\"left\"\/>\n<p dir=\"ltr\"><span lang=\"NO-BOK\"><font face=\"Arial\"><font>Hamma Hammami, leader du Parti communiste ouvrier tunisien, se trouve aujourd\u2019hui accus\u00e9 de fomenter les troubles et d\u2019\u00eatre derri\u00e8re certaines revendications sociales, gr\u00e8ves et sit-in.<\/font><span><font><\/font><\/span> <\/font><\/span><font face=\"Arial\"><font><span lang=\"EN-US\"><font><font>Un petit message, sous forme de rappel historique, a \u00e9t\u00e9 envoy\u00e9 pour r\u00e9pondre \u00e0 ces accusations.<\/font><span><font><\/font><\/span> <font>\u00ab Certains Tunisiens ont fui \u00e0 l\u2019\u00e9tranger lors des p\u00e9riodes infernales et rien ne les emp\u00eache de r\u00e9p\u00e9ter leur acte si le pays est d\u00e9truit.<\/font><span><font><\/font><\/span> <font>Et il y a des Tunisiens qui n\u2019ont jamais fui le pays durant ces p\u00e9riodes infernales et n\u2019ont aucune patrie \u00e0 part la Tunisie.<\/font><\/font><\/span><\/font><span lang=\"NO-BOK\"><font>Alors comment voulez-vous qu\u2019ils la d\u00e9truisent ? \u00bb<\/font><span><font><\/font><\/span><\/span><\/font><\/p>\n<h5 dir=\"ltr\" style=\"color: blue;\"><span lang=\"EN-US\"><font face=\"Arial\"><strong>Source:\u201dBusiness news\u201d Le 12-01-2012<\/strong><\/font><\/span><\/h5>\n<h5 dir=\"ltr\" style=\"color: blue;\"><font face=\"Arial\"><span lang=\"NO-BOK\"><font>Lien:<\/font><a href=\"http:\/\/www.businessnews.com.tn\/Tunisie---Petit-rappel-historique-de-Hamma-Hammami-,520,28833,4\" rel=\"nofollow noopener\" target=\"_blank\"><font>http:\/\/www.businessnews.com.tn\/Tunisie&#8212;Petit-rappel-historique-de-Hamma-Hammami-,520,28833,4<\/font><\/a><\/span><\/font><\/h5>\n<p><font face=\"Arial\" size=\"2\"><\/p>\n<div dir=\"ltr\"><strong><\/p>\n<hr align=\"left\"\/><\/strong><\/div>\n<div align=\"center\" dir=\"ltr\">\n<p align=\"left\"><span lang=\"NO-BOK\"><\/p>\n<h5 style=\"color: blue;\"><font face=\"Arial\"><strong>Tunisie. Le gouvernement Jebali face \u00e0 une \u00e9preuve mortelle<\/strong><\/font><\/h5>\n<p><\/span><\/p>\n<\/div>\n<div dir=\"ltr\">\n<hr align=\"left\"\/><\/div>\n<p dir=\"ltr\"><font face=\"Arial\"><span lang=\"NO-BOK\"><font>Quelle est la plus grande menace qui p\u00e8se sur le gouvernement Jebali ?<\/font><\/span><span lang=\"EN-US\"><font>Un coup d\u2019Etat, un scandale financier, les attaques m\u00e9diatiques ou la col\u00e8re populaire ?<\/font><\/span><\/font><\/p>\n<h5 dir=\"ltr\" style=\"color: blue;\"><span lang=\"EN-US\"><font face=\"Arial\">Par Jamel Dridi<\/font><\/span><\/h5>\n<p dir=\"ltr\"><font face=\"Arial\"><span lang=\"EN-US\"><font>Le gouvernement actuel est sur le ring politique. Pas un seul jour ne passe sans qu\u2019il ne soit m\u00e9diatiquement attaqu\u00e9, que cette attaque soit justifi\u00e9e ou non. Et il doit s\u2019attendre \u00e0 ce que l\u2019avalanche de coups ne s\u2019arr\u00eatera pas l\u00e0.<\/font><\/span><font><span lang=\"NO-BOK\"><font>Au fond, et il est sans doute le premier \u00e0 le savoir, pouvait-il en \u00eatre autrement ? <\/font><\/span><\/font><span lang=\"EN-US\"><font>Ce n\u2019est ni plus ni moins le jeu politique ?<\/font><\/span><\/font><\/p>\n<h5 dir=\"ltr\" style=\"color: blue;\"><span lang=\"EN-US\"><font face=\"Arial\">D\u00e9luge d\u2019attaques m\u00e9diatiques<\/font><\/span><\/h5>\n<p dir=\"ltr\"><span lang=\"EN-US\"><font face=\"Arial\">Et puis tout cela s\u2019explique. Les adversaires politiques de ce gouvernement, surtout les poids lourds, ne pensaient absolument pas que les \u00e9lections du 23 octobre auraient cette issue. Ils pr\u00e9disaient un score de \u00abrempla\u00e7ant\u00bb \u00e0 Ennahdha et ce sont finalement eux qui se retrouvent sur le banc de touche.<\/font><\/span><\/p>\n<p dir=\"ltr\"><span lang=\"EN-US\"><font face=\"Arial\">Du c\u00f4t\u00e9 de certains m\u00e9dias, ce fut kif-kif. Malgr\u00e9 les cris de mise en garde face aux \u00abloups islamistes\u00bb agr\u00e9ment\u00e9s de quelques faits divers int\u00e9gristes qui se sont tr\u00e8s opportun\u00e9ment multipli\u00e9s \u00e0 la veille des \u00e9lections, ces m\u00e9dias ont \u00e9t\u00e9 battus eux aussi par k.o. Bref, ils se sont tromp\u00e9s ; ce qui arrive assez souvent pour les journalistes\u2026 Ce n\u2019est pas tr\u00e8s grave, on compatit.<\/font><\/span><\/p>\n<h5 dir=\"ltr\" style=\"color: blue;\"><span lang=\"EN-US\"><font face=\"Arial\">Sit-in Kasbah 2<\/font><\/span><\/h5>\n<p dir=\"ltr\"><span lang=\"EN-US\"><font face=\"Arial\">Mais il faut aussi reconna\u00eetre que les coups dont sont victimes les forces du gouvernement ne proviennent pas que de l\u2019ext\u00e9rieur. Est-il ici utile de rappeler l\u2019amateurisme suicidaire dont ont fait preuve certains dirigeants de la \u00abtro\u00efka\u00bb (la coalition gouvernementale constitu\u00e9e par Ennahdha, le Cpr et Ettakatol) que ce soit par certaines de leur d\u00e9cisions (nominations douteuses par exemple) ou par certaines de leurs d\u00e9clarations, parfois hasardeuses, mal mesur\u00e9es et d\u00e9notant une certaine inexp\u00e9rience ?<\/font><\/span><\/p>\n<h6 dir=\"ltr\" style=\"color: blue;\"><span lang=\"NO-BOK\"><font face=\"Arial\">Le vrai danger pour le gouvernement<\/font><\/span><\/h6>\n<p dir=\"ltr\"><font face=\"Arial\"><span lang=\"NO-BOK\"><font>Pourtant, ce ne sont ni les coups bas politiques ni les faux pas autodestructeurs du gouvernement qui vont faire beaucoup de mal \u00e0 la \u00abtro\u00efka\u00bb au pouvoir.<\/font><\/span><span lang=\"EN-US\"><font>Et ce pour une raison essentielle.<\/font><\/span><\/font><\/p>\n<p dir=\"ltr\"><font face=\"Arial\"><span lang=\"EN-US\"><font>En effet, qu\u2019on le veuille ou non, ce gouvernement est l\u00e9gitime parce qu\u2019il a gagn\u00e9 des \u00e9lections.<\/font><\/span><span lang=\"NO-BOK\"><font>Cette l\u00e9gitimit\u00e9 qui vient du suffrage universel ne saurait \u00eatre remise en question ni par la rue ni par la force d\u2019un coup d\u2019Etat mais uniquement par le suffrage universel, c\u2019est-\u00e0-dire le vote.<\/font><\/span><\/font><\/p>\n<p dir=\"ltr\"><span lang=\"EN-US\"><font face=\"Arial\">D\u2019ailleurs, ceux qui lui sont oppos\u00e9s le savent. S\u2019ils arrivaient au pouvoir par d\u2019autres moyens, ils exposeraient la Tunisie \u00e0 une guerre civile terrible parce que bien \u00e9videmment ceux qui sont au pouvoir actuellement n\u2019accepteraient pas un pareil hold-up. Personne n\u2019y penserait. Du moins on l\u2019esp\u00e8re. Car la rue tunisienne, qui est encore chaude, n\u2019accepterait pas d\u2019\u00eatre de nouveau d\u00e9poss\u00e9d\u00e9e, alors m\u00eame qu\u2019elle a chass\u00e9 un dictateur il y a tout juste un an.<\/font><\/span><\/p>\n<p dir=\"ltr\"><span lang=\"NO-BOK\"><font face=\"Arial\">Si les dangers \u00e9voqu\u00e9s ci-dessus sont \u00e0 surveiller par la \u00abtro\u00efka\u00bb sur le plan de la strat\u00e9gie politique, ce n\u2019est pourtant pas ce type de coups qui pourra la mettre hors-jeu. Il y en a un autre beaucoup plus redoutable. Ce n\u2019est ni plus ni moins la col\u00e8re du peuple en raison du ch\u00f4mage, de la mis\u00e8re, du d\u00e9sespoir et d\u2019absence d\u2019un avenir meilleur.<\/font><\/span><\/p>\n<p dir=\"ltr\"><font face=\"Arial\"><span lang=\"NO-BOK\"><font>Soyons clairs. La \u00abtro\u00efka\u00bb n\u2019est \u00e9videmment pas responsable de la mis\u00e8re actuelle dans laquelle se d\u00e9bat une partie des Tunisiens. Elle h\u00e9rite de 20 ann\u00e9es de d\u00e9laissement des terres de l\u2019int\u00e9rieur et d\u2019un abandon du principe d\u2019\u00e9galit\u00e9 entre les citoyens.<\/font><\/span><span lang=\"EN-US\"><font>Mais ayant h\u00e9rit\u00e9 de ce dossier explosif, elle ne peut plus, comme jadis, le traiter de mani\u00e8re s\u00e9curitaire en pr\u00e9textant que les heurts sont dus \u00e0 des terroristes islamistes comme le faisait Ben Ali pour masquer son mirage \u00e9conomique.<\/font><\/span><\/font><\/p>\n<p dir=\"ltr\"><span lang=\"EN-US\"><font face=\"Arial\">Si la \u00abtro\u00efka\u00bb n\u2019est pas responsable de ce legs explosif, elle devra tout de m\u00eame lui trouver une solution car c\u2019est elle qui d\u00e9tient actuellement le pouvoir. Et Dieu sait qu\u2019elle l\u2019a cherch\u00e9. Sans entrer dans le d\u00e9tail de ce dossier \u2013 beaucoup de solutions ont \u00e9t\u00e9 pr\u00e9conis\u00e9es pour juguler le probl\u00e8me du ch\u00f4mage et de la pauvret\u00e9, on soulignera qu\u2019il y a urgence pour le gouvernement \u00e0 agir. Que ce soit par des subventions directes \u00e0 ces r\u00e9gions (d\u00e9veloppement de contrats aid\u00e9s destin\u00e9s aux ch\u00f4meurs) ou par des incitations assez all\u00e9chantes aux investisseurs, quelque chose doit \u00eatre fait.<\/font><\/span><\/p>\n<p dir=\"ltr\"><font face=\"Arial\"><span lang=\"EN-US\"><font>Et si la \u00abtro\u00efka\u00bb n\u2019en n\u2019\u00e9tait pas convaincue, elle devrait se rappeler l\u2019accueil qui lui a \u00e9t\u00e9 fait, r\u00e9cemment, lors de la comm\u00e9moration des martyrs de r\u00e9volution \u00e0 Kasserine et Thala. Cet accueil pour le moins \u00absportif\u00bb ne fut ni une manipulation politique ni une mauvaise surprise.<\/font><\/span><span lang=\"NO-BOK\"><font>Il \u00e9tait pr\u00e9visible et augure de ce qui va se passer si rien n\u2019est fait.<\/font><\/span><\/font><\/p>\n<h6 dir=\"ltr\" style=\"color: blue;\"><span lang=\"EN-US\"><font face=\"Arial\">Le compte \u00e0 rebours a-t-il commenc\u00e9 ?<\/font><\/span><\/h6>\n<p dir=\"ltr\"><span lang=\"EN-US\"><font face=\"Arial\">Par ailleurs, tout le monde conna\u00eet la r\u00e8gle \u00abdes 100 jours de gr\u00e2ce\u00bb dont dispose un gouvernement pour mettre en place son programme. D\u2019ailleurs l\u2019Ocde a fait, il y a quelques ann\u00e9es, une enqu\u00eate dans une cinquantaine de pays en voie de d\u00e9veloppement qui ont chang\u00e9 de gouvernement en p\u00e9riode de crise afin d\u2019appr\u00e9cier la stabilit\u00e9 politique de ces pays pendant cette p\u00e9riode d\u00e9licate. L\u2019\u00e9tude a montr\u00e9 qu\u2019un gouvernement dispose g\u00e9n\u00e9ralement \u2013 et implacablement \u2013 de 3 \u00e0 6 mois pour mettre en place \u00abtranquillement\u00bb son programme. Au-del\u00e0 de ce d\u00e9lai, la confiance dont les dirigeants jouissent tombe et les classes les plus pauvres de la population entrent dans un \u00e9tat d\u2019impatience et d\u2019effervescence revendicative. Dans une majorit\u00e9 des cas, cet \u00e9tat d\u00e9bouche tr\u00e8s rapidement \u00e0 des r\u00e9voltes et des \u00e9meutes.<\/font><\/span><\/p>\n<p dir=\"ltr\"><span lang=\"EN-US\"><font face=\"Arial\">Dans les pays d\u00e9mocratiques, l\u2019\u00e9chec aboutit, in\u00e9vitablement, pour le pouvoir en place, \u00e0 une perte des \u00e9lections ult\u00e9rieures. Dans les r\u00e9gimes dictatoriaux, qu\u2019ils soient militaires ou policiers, cela d\u00e9bouche souvent \u00e0 des coups d\u2019Etat foment\u00e9s par une coalition de politiciens, de businessmen et de cadres s\u00e9curitaires qui ne veulent pas que le pays sombre dans le chaos, et qu\u2019ils en perdent eux-m\u00eames leur position privil\u00e9gi\u00e9e.<\/font><\/span><\/p>\n<p dir=\"ltr\"><span lang=\"EN-US\"><font face=\"Arial\">Au fond, l\u2019Histoire est un \u00e9ternel recommencement. Des dizaines d\u2019exemples nous le rappellent. De la r\u00e9volution des \u00absans culottes\u00bb fran\u00e7ais qui, affam\u00e9s, ont mis un terme \u00e0 la monarchie, \u00e0 la r\u00e9volution tunisienne pour la dignit\u00e9 et l\u2019\u00e9galit\u00e9 qui a entra\u00een\u00e9 la chute de Ben Ali. C\u2019est bien toujours le peuple qui finit par \u00ablicencier\u00bb et parfois \u00absans pr\u00e9avis\u00bb ses dirigeants (Et de mani\u00e8re anecdotique, c\u2019est aussi le peuple qui peut ramener au pouvoir un dirigeant victime d\u2019un coup d\u2019Etat, comme ce fut le cas pour Hugo Chavez, le pr\u00e9sident v\u00e9n\u00e9zu\u00e9lien il y quelques ann\u00e9es).<\/font><\/span><\/p>\n<p dir=\"ltr\"><font face=\"Arial\"><span lang=\"NO-BOK\"><font>La \u00abtro\u00efka\u00bb est donc avertie.<\/font><\/span><span lang=\"EN-US\"><font>Les petites attaques sur Facebook ou les \u00abr\u00e9v\u00e9lations\u00bb dans la presse sur tel ou tel de ses dirigeants, m\u00eame si elles peuvent faire chauffer les esprits et faire descendre quelques sit-inneurs dans la rue, ne sont que de \u00abgentilles\u00bb escarmouches au vu de ce que lui r\u00e9serve le peuple si des mesures \u00e9conomiques d\u2019urgences ne sont pas mises en place et que la r\u00e9volution tarde encore \u00e0 donner ses premiers fruits.<\/font><\/span><\/font><\/p>\n<h6 dir=\"ltr\" style=\"color: blue;\"><span lang=\"EN-US\"><font face=\"Arial\"><strong>Source: \u201cKapitalis\u201d Le 18-01-2012<\/strong><\/font><\/span><\/h6>\n<p dir=\"ltr\"><font face=\"Arial\"><span lang=\"EN-US\"><font>Lien:<\/font><\/span><span lang=\"NO-BOK\"><a href=\"http:\/\/www.kapitalis.com\/fokus\/62-national\/7866-tunisie-le-gouvernement-jebali-face-a-une-epreuve-mortelle.html\" rel=\"nofollow noopener\" target=\"_blank\"><span lang=\"EN-US\"><font>http:\/\/www.kapitalis.com\/fokus\/62-national\/7866-tunisie-le-gouvernement-jebali-face-a-une-epreuve-mortelle.html<\/font><\/span><\/a><\/span><\/font><\/p>\n<p><font face=\"Arial\" size=\"2\"><\/p>\n<div dir=\"ltr\"><strong><\/p>\n<hr\/>\n<p><\/strong><\/div>\n<div align=\"center\" dir=\"ltr\"><span lang=\"NO-BOK\"><\/p>\n<h6 style=\"color: blue;\"><font face=\"Arial\"><strong>Le groupe touristique fran\u00e7ais FRAM d\u00e9ment l\u2019annulation de ses voyages vers la Tunisie<\/strong><\/font><\/h6>\n<p><\/span><\/div>\n<div dir=\"ltr\">\n<hr\/>\n<\/div>\n<p dir=\"ltr\"><span lang=\"EN-US\"><font face=\"Arial\">La direction des filiales int\u00e9gr\u00e9es du groupe touristique fran\u00e7ais FRAM en Tunisie a d\u00e9menti cat\u00e9goriquement les informations parues dans certains m\u00e9dias et sur les r\u00e9seaux sociaux, relatives \u00e0 une soi-disant d\u00e9cision des Voyages FRAM d\u2019annuler ses programmes sur la Tunisie. Ces informations qui font \u00e9tat du reportdes voyages sur l\u2019Espagne ont \u00e9t\u00e9 qualifi\u00e9es par FRAM,dans un communiqu\u00e9, d\u2019informations compl\u00e8tement erron\u00e9es et sans aucun fondement.<\/font><\/span><\/p>\n<p dir=\"ltr\"><span lang=\"EN-US\"><font face=\"Arial\">Le communiqu\u00e9 indique que le voyagiste fran\u00e7ais dispose de deux h\u00f4tels en propri\u00e9t\u00e9 \u00e0 Tozeur et \u00e0 Monastir, deux h\u00f4tels en gestion \u00e0 Djerba, deux h\u00f4tels en franchise \u00e0 Hammamet et \u00e0 Mahdia, des contingents dans diff\u00e9rents h\u00f4tels ainsi que des programmes de s\u00e9jours, d\u2019excursions et des circuits avec une agence r\u00e9ceptive d\u00e9di\u00e9e exclusivement \u00e0 ses clients .<\/font><\/span><\/p>\n<p dir=\"ltr\"><span lang=\"EN-US\"><font face=\"Arial\">Pour 2012, le groupe FRAM maintient sa programmation a\u00e9rienne charter sur la Tunisie qui est de l\u2019ordre de 32.070 si\u00e8ges sur Djerba et 41.093 si\u00e8ges sur Monastir, soit un total de 73.163 si\u00e8ges, en plus des vols r\u00e9guliers qui restent ouverts sur Djerba, Tunis, Tozeur et Monastir.<\/font><\/span><\/p>\n<p dir=\"ltr\"><span lang=\"EN-US\"><font face=\"Arial\">FRAM, rappelle qu\u2019elle emploie en Tunisie \u00e0 travers ces soci\u00e9t\u00e9s un millier de Tunisiens et qu\u2019elle a toujours r\u00e9investi ses b\u00e9n\u00e9fices en Tunisie. tout elle compte surmonter la crise actuelle pour atteindre ses performances habituelles qui tournent autour de 100.000 clients par an.<\/font><\/span><\/p>\n<p dir=\"ltr\"><span lang=\"NO-BOK\"><font face=\"Arial\">De ce fait, le groupen\u2019a aucun int\u00e9r\u00eat \u00e0 se d\u00e9sengager de la Tunisie, destination majeure de sa production.<\/font><\/span><\/p>\n<h6 dir=\"ltr\" style=\"color: blue;\"><span lang=\"EN-US\"><font face=\"Arial\"><strong>Source: \u201dTunisie Numerique\u201d Le 18-01-2012<\/strong><\/font><\/span><\/h6>\n<p dir=\"ltr\"><font face=\"Arial\"><span lang=\"NO-BOK\"><font>Lien:<\/font><a href=\"http:\/\/www.tunisienumerique.com\/le-groupe-touristique-francais-fram-dement-lannulation-de-ses-voyages-vers-la-tunisie\/96938\" rel=\"nofollow noopener\" target=\"_blank\"><font>http:\/\/www.tunisienumerique.com\/le-groupe-touristique-francais-fram-dement-lannulation-de-ses-voyages-vers-la-tunisie\/96938<\/font><\/a><\/span><\/font><\/p>\n<p><font face=\"Arial\" size=\"2\"><strong><font><\/p>\n<div dir=\"ltr\">\n<hr align=\"left\"\/><\/div>\n<p><\/font><\/strong><\/font><\/p>\n<h6 dir=\"ltr\" style=\"color: blue;\"><span lang=\"NO-BOK\"><\/p>\n<h6 style=\"color: blue;\"><font face=\"Arial\">Interview de Ben Ali : Azoury se d\u00e9robe et Attounissia pr\u00e9sente ses preuves<\/font><\/h6>\n<p><\/span><\/h6>\n<p><span lang=\"NO-BOK\"><\/p>\n<hr align=\"left\"\/><\/span><\/p>\n<p dir=\"ltr\"><font face=\"Arial\"><span lang=\"NO-BOK\"><font><font>L\u2019avocat de Ben Ali, Me Akram Azoury a d\u00e9clar\u00e9 hier mardi 17 janvier 2012, \u00e0<\/font><span><font><\/font><\/span><\/font><\/span><font><span lang=\"NO-BOK\"><a href=\"http:\/\/www.radiotunisienne.tn\/jeunes\/index.php?option=com_content&amp;view=article&amp;id=2349:-q-q&amp;catid=137:2010-03-14-17-45-48\" rel=\"nofollow noopener\" target=\"_blank\"><font>la radio tunisienne des Jeunes<\/font><\/a><\/span><span><span lang=\"NO-BOK\"><font><\/font><\/span><\/span><\/font><\/font><font><span lang=\"NO-BOK\"><font face=\"Arial\"><font>que Ben Ali n\u2019a absolument donn\u00e9 aucune interview, ni directement ni \u00e0 travers lui.<\/font> <font>Il a affirm\u00e9 avoir \u00e9t\u00e9 contact\u00e9 par un journaliste et avoir r\u00e9pondu \u00e0 certaines de ses questions \u00ab dont il connaissait la r\u00e9ponse \u00bb, seulement, il est cat\u00e9gorique, Ben Ali n\u2019aurait donn\u00e9 aucune d\u00e9claration \u00e0 aucun m\u00e9dia.<\/font><span><font><\/font><\/span> <\/font><\/span><\/font><span lang=\"EN-US\"><font face=\"Arial\"><font>Concernant les d\u00e9clarations faites par l\u2019avocat de l\u2019ancien pr\u00e9sident dans un moment o\u00f9 le pays c\u00e9l\u00e9brait le premier anniversaire de la r\u00e9volution, il a ni\u00e9 avoir l\u2019intention de \u00abprovoquer\u00bb la population arguant avoir pour seul but d\u2019\u00e9claircir certaines infractions, sans plus. Il a \u00e9galement affirm\u00e9 ne pas \u00eatre habilit\u00e9 \u00e0 d\u00e9fendre la politique de son client mais plut\u00f4t sa personne.<\/font> <font>Or, quand on consulte l\u2019article publi\u00e9 \u00e0 \u00ab Attounisia \u00bb, on trouve en pi\u00e8ce jointe, un courrier \u00e9lectronique de Me Azoury affirmant l\u2019accord de principe d\u2019interviewer l\u2019ancien pr\u00e9sident, \u00abque ce soit directement ou \u00e0 travers l\u2019avocat\u00bb. Ce mail est enti\u00e8rement en contradiction avec ses propos \u00e0 la radio.<\/font> <font>En contactant le journaliste Mohamed Boughalleb qui a effectu\u00e9 l\u2019interview \u00e0 \u00abAttounisia\u00bb, il a exprim\u00e9 \u00e0 Business News sa grande d\u00e9ception par rapport \u00e0 l\u2019attitude de certains m\u00e9dias qui l\u2019ont lynch\u00e9 et n\u2019ont m\u00eame pas pris la peine de le contacter et de v\u00e9rifier la v\u00e9racit\u00e9 de l\u2019interview, prenant le d\u00e9menti de Me Azoury pour argent comptant. Il a, \u00e0 ce propos, affirm\u00e9 que les correspondances qu\u2019il avait eues avec Me Azoury ont \u00e9t\u00e9 publi\u00e9es et les mails sont bien l\u00e0, joints \u00e0 l\u2019article ajoutant \u00abquand on fait notre travail de journaliste dans les r\u00e8gles de l\u2019art, les preuves sont irr\u00e9futables!\u00bb.<\/font><span><font><\/font><\/span> <font>Mohamed Boughalleb nous a envoy\u00e9, par ailleurs, les derniers \u00e9changes qu&rsquo;il a eus avec Me Azoury, o\u00f9 ce dernier confirme que les r\u00e9ponses du questionnaire sont bien celles du \u00ab\u00a0Pr\u00e9sident\u00a0\u00bb.<\/font><span><font><\/font><\/span> <font>L\u2019avocat de Ben Ali est vraisemblablement sur le qui-vive et a pr\u00e9f\u00e9r\u00e9 se r\u00e9tracter sur la fameuse interview qui a cr\u00e9\u00e9 le buzz, c\u00e9dant probablement \u00e0 des pressions ext\u00e9rieures, Ben Ali ayant pass\u00e9 un accord avec son pays h\u00f4te, l\u2019Arabie Saoudite, lui imposant de ne pas accorder de d\u00e9claration aux m\u00e9dias.<\/font><\/font><\/span><\/p>\n<h6 dir=\"ltr\" style=\"color: blue;\"><span lang=\"EN-US\"><font face=\"Arial\"><strong>Source: \u201cBusiness News\u201d Le 17-01-2012<\/strong><\/font><\/span><\/h6>\n<p dir=\"ltr\"><font face=\"Arial\"><span lang=\"NO-BOK\"><font>Lien:<\/font><a href=\"http:\/\/www.businessnews.com.tn\/Interview-de-Ben-Ali--Azoury-se-d\u00e9robe-et-Attounissia-pr\u00e9sente-ses-preuves,520,28828,1\" rel=\"nofollow noopener\" target=\"_blank\"><font>http:\/\/www.businessnews.com.tn\/Interview-de-Ben-Ali&#8211;Azoury-se-d%C3%A9robe-et-Attounissia-pr%C3%A9sente-ses-preuves,520,28828,1<\/font><\/a><\/span><\/font><span lang=\"NO-BOK\"><font face=\"Arial\"><\/font><\/span><\/p>\n<p dir=\"ltr\">\u00a0<\/p>\n<p dir=\"ltr\"><span lang=\"NO-BOK\"> \u00a0<\/span><\/p>\n<p><\/font><\/p>\n<p><\/font><\/p>\n<p><\/font><\/p>\n<p><\/font><\/p>\n<p><\/font><\/div>\n<\/div>\n<\/div>\n<\/div>\n<\/div>\n<\/div>\n<\/div>\n<\/div>\n<\/div>\n<\/div>\n<\/div>\n<\/div>\n<\/div>\n<\/div>\n<\/div>\n<\/div>\n<\/div>\n<\/div>\n<p><\/body><\/body><\/html><\/p>","protected":false},"excerpt":{"rendered":"<p>\u0641\u064a\u0643\u0644 \u064a\u0648\u0645\u060c \u0646\u0633\u0627\u0647\u0645 \u0628\u062c\u0647\u062f\u0646\u0627 \u0641\u064a \u062a\u0642\u062f\u064a\u0645\u0625\u0639\u0644\u0627\u0645 \u0623\u0641\u0636\u0644 \u0648\u0623\u0631\u0642\u0649 \u0639\u0646\u0628\u0644\u062f\u0646\u0627\u060c\u062a\u0648\u0646\u0633 Un effort quotidien pour une information de qualit\u00e9 sur notre pays, la Tunisie. Everyday, we contribute to abetter information about our country, Tunisia TUNISNEWS 11 \u00e8me ann\u00e9e, N\u00b04221 du 19.01.2012 archives : www.tunisnews.net Reuters: La Tunisie marque le premier anniversaire de sa r\u00e9volution Businessnews: Solidarit\u00e9 avec [&hellip;]<\/p>\n","protected":false},"author":1,"featured_media":22040,"comment_status":"open","ping_status":"open","sticky":false,"template":"","format":"standard","meta":{"inline_featured_image":false,"site-sidebar-layout":"default","site-content-layout":"","ast-site-content-layout":"default","site-content-style":"default","site-sidebar-style":"default","ast-global-header-display":"","ast-banner-title-visibility":"","ast-main-header-display":"","ast-hfb-above-header-display":"","ast-hfb-below-header-display":"","ast-hfb-mobile-header-display":"","site-post-title":"","ast-breadcrumbs-content":"","ast-featured-img":"","footer-sml-layout":"","ast-disable-related-posts":"","theme-transparent-header-meta":"","adv-header-id-meta":"","stick-header-meta":"","header-above-stick-meta":"","header-main-stick-meta":"","header-below-stick-meta":"","astra-migrate-meta-layouts":"default","ast-page-background-enabled":"default","ast-page-background-meta":{"desktop":{"background-color":"","background-image":"","background-repeat":"repeat","background-position":"center center","background-size":"auto","background-attachment":"scroll","background-type":"","background-media":"","overlay-type":"","overlay-color":"","overlay-opacity":"","overlay-gradient":""},"tablet":{"background-color":"","background-image":"","background-repeat":"repeat","background-position":"center center","background-size":"auto","background-attachment":"scroll","background-type":"","background-media":"","overlay-type":"","overlay-color":"","overlay-opacity":"","overlay-gradient":""},"mobile":{"background-color":"","background-image":"","background-repeat":"repeat","background-position":"center center","background-size":"auto","background-attachment":"scroll","background-type":"","background-media":"","overlay-type":"","overlay-color":"","overlay-opacity":"","overlay-gradient":""}},"ast-content-background-meta":{"desktop":{"background-color":"var(--ast-global-color-5)","background-image":"","background-repeat":"repeat","background-position":"center center","background-size":"auto","background-attachment":"scroll","background-type":"","background-media":"","overlay-type":"","overlay-color":"","overlay-opacity":"","overlay-gradient":""},"tablet":{"background-color":"var(--ast-global-color-5)","background-image":"","background-repeat":"repeat","background-position":"center center","background-size":"auto","background-attachment":"scroll","background-type":"","background-media":"","overlay-type":"","overlay-color":"","overlay-opacity":"","overlay-gradient":""},"mobile":{"background-color":"var(--ast-global-color-5)","background-image":"","background-repeat":"repeat","background-position":"center center","background-size":"auto","background-attachment":"scroll","background-type":"","background-media":"","overlay-type":"","overlay-color":"","overlay-opacity":"","overlay-gradient":""}},"footnotes":""},"categories":[],"tags":[53,43,29],"class_list":["post-15524","post","type-post","status-publish","format-standard","has-post-thumbnail","hentry","tag-53","tag-43","tag-fr"],"_links":{"self":[{"href":"https:\/\/tunisnews.net\/ar\/wp-json\/wp\/v2\/posts\/15524","targetHints":{"allow":["GET"]}}],"collection":[{"href":"https:\/\/tunisnews.net\/ar\/wp-json\/wp\/v2\/posts"}],"about":[{"href":"https:\/\/tunisnews.net\/ar\/wp-json\/wp\/v2\/types\/post"}],"author":[{"embeddable":true,"href":"https:\/\/tunisnews.net\/ar\/wp-json\/wp\/v2\/users\/1"}],"replies":[{"embeddable":true,"href":"https:\/\/tunisnews.net\/ar\/wp-json\/wp\/v2\/comments?post=15524"}],"version-history":[{"count":0,"href":"https:\/\/tunisnews.net\/ar\/wp-json\/wp\/v2\/posts\/15524\/revisions"}],"wp:featuredmedia":[{"embeddable":true,"href":"https:\/\/tunisnews.net\/ar\/wp-json\/wp\/v2\/media\/22040"}],"wp:attachment":[{"href":"https:\/\/tunisnews.net\/ar\/wp-json\/wp\/v2\/media?parent=15524"}],"wp:term":[{"taxonomy":"category","embeddable":true,"href":"https:\/\/tunisnews.net\/ar\/wp-json\/wp\/v2\/categories?post=15524"},{"taxonomy":"post_tag","embeddable":true,"href":"https:\/\/tunisnews.net\/ar\/wp-json\/wp\/v2\/tags?post=15524"}],"curies":[{"name":"wp","href":"https:\/\/api.w.org\/{rel}","templated":true}]}}