{"id":15501,"date":"2006-05-27T00:00:00","date_gmt":"2006-05-27T00:00:00","guid":{"rendered":"https:\/\/tunisnews.net\/27-mai-2006\/"},"modified":"2006-05-27T00:00:00","modified_gmt":"2006-05-27T00:00:00","slug":"27-mai-2006","status":"publish","type":"post","link":"https:\/\/tunisnews.net\/ar\/27-mai-2006\/","title":{"rendered":"27 mai 2006"},"content":{"rendered":"<p><html><head><meta content=\"text\/html\" description=\" congr\u00e8s de la LTDH interdit   par les autorit\u00e9s, un si\u00e8ge implacable autour du local central de la Ligue.   Seuls les membres du Comit\u00e9 Directeur ont pu y acc\u00e9der, tous les congressistes   ont \u00e9t\u00e9 bloqu\u00e9s par des barrages plac\u00e9s sur toutes les rues avoisinantes.\" http-equiv=\"Content-Type\"\/><\/head><body><body style=\"text-align: justify\"><\/p>\n<p align=\"center\"><b><a href=\"https:\/\/tunisnews.net\/ar\/\"><span>Home<\/span><span lang=\"FR-CH\"> &#8211; Accueil <\/span><span>&#8211; <\/span><span dir=\"rtl\" lang=\"AR-SA\">\u0627\u0644\u0631\u0626\u064a\u0633\u064a\u0629<\/span><\/a><\/b><\/p>\n<div> <font face=\"Arial\" size=\"2\">\u00a0  <\/p>\n<div>\n<table border=\"1\" width=\"100%\">\n<tr>\n<td bgcolor=\"#efefef\" width=\"100%\"> <span lang=\"AR-SA\"> <\/p>\n<div align=\"left\">  <\/div>\n<div> <span lang=\"FR\"> <\/p>\n<div align=\"center\" dir=\"ltr\"> <font face=\"Arial\"><font size=\"2\"> <span lang=\"SV\"> <strong>TUNISNEWS<\/strong><\/span> <\/font><\/font> <\/div>\n<div align=\"center\" dir=\"ltr\"> <strong><font face=\"Arial\"><font size=\"2\">            7\u00a0\u00e8me\u00a0ann\u00e9e, <span lang=\"FR\">N\u00b0\u00a02196 du 27.05.2006<\/span><\/font><\/font><\/strong><\/div>\n<div align=\"center\" dir=\"ltr\"> <strong> <\/p>\n<div align=\"center\"> <b><span><blink> <font face=\"Arial\" size=\"2\">\u00a0archives : <\/font> <a href=\"https:\/\/tunisnews.net\/ar\/\" target=\"_blank\" rel=\"noopener\"> <font face=\"Arial\" size=\"2\" target=\"_blank\">              www.tunisnews.net<\/font><\/a><\/blink><\/span><\/b><font face=\"Arial\" size=\"2\"> <\/font> <\/div>\n<p> <\/strong><\/div>\n<p> <\/span><\/div>\n<div align=\"left\" dir=\"ltr\"> <font face=\"Arial\" size=\"2\"> <\/p>\n<hr noshade=\"\" size=\"8\"\/><\/font><font face=\"Arial\"> <\/font><\/div>\n<p> <span lang=\"FR-CH\"> <\/p>\n<div align=\"left\" dir=\"ltr\">\n<div> <font size=\"2\"><strong>LTDH: La Tunisie en \u00e9tat de Si\u00e8ge aujourd\u2019hui             27 mai 2006             <font>Comit\u00e9 international de soutien aux             internautes de Zarzis: Aymen MCHAREK, citoyen allemand, emp\u00each\u00e9 de             quitter le territoire<\/font>             AFP: Gr\u00e8ve de la faim de 48 heures du Conseil de l&rsquo;ordre des avocats             tunisiens              <font>AP: Tunisie: gr\u00e8ve de protestation du Conseil             de l&rsquo;ordre des avocats<\/font>             Lib\u00e9ration : Ben Ali met les droits de l&rsquo;homme en sourdine<\/strong><\/font><\/div>\n<div> <font size=\"2\"><strong><font>Yahyaoui Mokhtar:             R\u00e9flexions et lumi\u00e8res sur la notion du \u00ab POUVOIR \u00bb : III- pouvoir             et pressions etrangeres<\/font>             Hannibal: Il faut reconstruire Carthage             <font>Le Journal : l&rsquo;institut de la discorde\u2026<\/font>                         ATS: Une ONG demande \u00e0 la Suisse d&rsquo;intervenir en faveur des             Palestiniens <\/strong><\/font> <\/div>\n<\/p><\/div>\n<p> <\/span><\/span><\/td>\n<\/tr>\n<\/table><\/div>\n<p> <\/font><\/div>\n<p><font face=\"Arial\" size=\"2\"><\/p>\n<div>\n<p align=\"center\">  \u00a0<\/p>\n<p align=\"center\"> <b><span lang=\"FR\">  Ligue Tunisienne pour la d\u00e9fense des Droits de l\u2019Homme<\/span><\/b><\/p>\n<p align=\"center\"> <span lang=\"FR\">21, rue Baudelaire   \u2013 El Omrane \u2013 1005 Tunis<\/span><\/p>\n<p align=\"center\"> <span lang=\"FR\">T\u00e9l\u00a0: 71.280596 \u2013   Fax\u00a0: 71.892866<\/span><\/p>\n<p align=\"center\"> <span lang=\"FR\">E-mail\u00a0: <b> <a href=\"mailto:ltdhcongres6@yahoo.fr\">ltdhcongres6@yahoo.fr<\/a><\/b><\/span><\/p>\n<p><b> <span lang=\"FR\">\u00a0<\/span><\/b><\/p>\n<p><b> <span lang=\"FR\">\u00a0<\/span><\/b><\/p>\n<p align=\"center\"> <b><span lang=\"FR\"><font size=\"3\">  Flash Info<\/font><\/span><\/b><\/p>\n<p align=\"center\"> <b><span lang=\"FR\"><font size=\"3\">\u00a0<\/font><\/span><\/b><\/p>\n<p align=\"center\"> <font size=\"3\"><b><span lang=\"FR\">La   Tunisie en \u00e9tat de Si\u00e8ge aujourd\u2019hui 27 mai 2006<\/span><\/b><\/font><\/p>\n<p><b> <span lang=\"FR\">\u00a0<\/span><\/b><\/p>\n<p><b> <span lang=\"FR\">Le   jour du congr\u00e8s, le local central de la Ligue assi\u00e9g\u00e9<\/span><\/b><\/p>\n<p> <span lang=\"FR\">Un dispositif   impressionnant de policiers en uniforme et en civil et d\u2019individus douteux a   impos\u00e9, au matin de l\u2019ouverture du 6<sup>\u00e8me<\/sup> congr\u00e8s de la LTDH interdit   par les autorit\u00e9s, un si\u00e8ge implacable autour du local central de la Ligue.   Seuls les membres du Comit\u00e9 Directeur ont pu y acc\u00e9der, tous les congressistes   ont \u00e9t\u00e9 bloqu\u00e9s par des barrages plac\u00e9s sur toutes les rues avoisinantes.<\/span><\/p>\n<p> <span lang=\"FR\">Depuis la veille   la quasi-totalit\u00e9 des membres du comit\u00e9 directeur \u00e9taient d\u00e9j\u00e0 soumis \u00e0 une   filature rapproch\u00e9e continue par des voitures banalis\u00e9es anonymes et des notes   de la police. Cette filature individuelle s\u2019est poursuivie jusqu\u2019\u00e0 la   r\u00e9daction de ce flash info.<\/span><\/p>\n<p> <span lang=\"FR\">\u00a0<\/span><\/p>\n<p><b> <span lang=\"FR\">La   capitale en \u00e9tat de si\u00e8ge<\/span><\/b><\/p>\n<p> <span lang=\"FR\">La capitale s\u2019est   r\u00e9veill\u00e9e le matin du 27 mai 2006 en \u00e9tat de si\u00e8ge. Toutes les entr\u00e9es de la   ville, les stations de bus, de voitures de louage et la gare sont sous haute   surveillance pour emp\u00eacher les congressistes, membres des Comit\u00e9s de Sections   de tous le pays de quitter ces points de passage pour joindre le local   centrale de la Ligue o\u00f9 devait se tenir le 6<sup>\u00e8me<\/sup> congr\u00e8s interdit   par les autorit\u00e9s.<\/span><\/p>\n<p> <span lang=\"FR\">\u00a0<\/span><\/p>\n<p><b> <span lang=\"FR\">  Campagne de presse calomnieuse contre la Ligue<\/span><\/b><\/p>\n<p> <span lang=\"FR\">Une campagne de   presse anti-ligue a \u00e9t\u00e9 orchestr\u00e9e le matin par plusieurs quotidiens dont la   presse, Assabah, le Temps, Echourouk. Cette campagne a pris la forme de   communiqu\u00e9s communs sign\u00e9s par les pr\u00e9sidents autoproclam\u00e9s des sections   fictives et des interviews de certains d\u2019entre-eux. Fid\u00e8le \u00e0 leurs habitudes,   les journaux ont us\u00e9 d\u2019intox, de menaces et de calomnies contre le Comit\u00e9   Directeur de la Ligue.<\/span><\/p>\n<p> <span lang=\"FR\">\u00a0<\/span><\/p>\n<p><b> <span lang=\"FR\">Les   invit\u00e9s de la Ligue au 6<sup>\u00e8me<\/sup> congr\u00e8s pourchass\u00e9s et interdits de   quitter leurs r\u00e9gions<\/span><\/b><\/p>\n<p> <span lang=\"FR\">Les barrages   policiers n\u2019ont pas \u00e9pargn\u00e9 les invit\u00e9s de la Ligue pour assister \u00e0 la s\u00e9ance   d\u2019ouverture du 6<sup>\u00e8me<\/sup> congr\u00e8s, parmi les militants des sections, les   d\u00e9mocrates et les syndicalistes venant des diff\u00e9rentes r\u00e9gions du pays. Munis   listes nominatives, du num\u00e9ro de plaques min\u00e9ralogiques, les agents de police   ont pourchass\u00e9 les invit\u00e9s et les ont oblig\u00e9 \u00e0 rebrousser chemin sous les   injures et les menaces. <\/span><\/p>\n<p> <span lang=\"FR\">\u00a0<\/span><\/p>\n<p><b> <span lang=\"FR\">  Plusieurs congressistes arrivent \u00e0 d\u00e9jouer le blocus policiers et regagnent   Tunis<\/span><\/b><\/p>\n<p> <span lang=\"FR\">Plusieurs membres   des Comit\u00e9s des sections de la LTDH ont pu regagner la capitale d\u00e9jouant le   blocus policier implacable et les nombreux barrages bloquant les routes du   pays tout au long de la journ\u00e9e du 27 mai 2006. Certains ont devanc\u00e9 les   agents de police et ont joint la capitale la veille du Congr\u00e8s.<\/span><\/p>\n<p> <span lang=\"FR\">\u00a0<\/span><\/p>\n<p><b> <span lang=\"FR\">  Bizerte en \u00e9tat de si\u00e8ge<\/span><\/b><\/p>\n<p> <span lang=\"FR\">Des barrages de   s\u00e9curit\u00e9 ont \u00e9t\u00e9 plac\u00e9s sur toutes les routes reliant Bizerte aux autres   villes du pays. Les agents de police munis de listes arr\u00eatent les voitures   pour contr\u00f4ler l\u2019identit\u00e9 des passagers et identifier les membres du comit\u00e9   des sections dans le but de les emp\u00eacher d\u2019arriver \u00e0 la capitale.<\/span><\/p>\n<p> <span lang=\"FR\">Apr\u00e8s v\u00e9rification   ont a constat\u00e9s que toutes les villes o\u00f9 existe une section de la LTDH ont   subi le m\u00eame sort.<\/span><\/p>\n<p><b> <span lang=\"FR\">\u00a0<\/span><\/b><\/p>\n<p><b> <span lang=\"FR\">Le   comit\u00e9 de section Bizerte immobilis\u00e9 sur l\u2019auto-route de Tunis<\/span><\/b><\/p>\n<p> <span lang=\"FR\">Les membres du   comit\u00e9 de la section de Bizerte Mr. Ali Ben Salem, Abdejabbar Meddani, Lotfi   Hajji\u00a0; accompagn\u00e9s de Mr. Med Ben Said, militant de la Section, ont \u00e9t\u00e9   bloqu\u00e9s par la police \u00e0 la sortie de la ville. Leurs documents ont \u00e9t\u00e9   confisqu\u00e9s et leur voiture immobilis\u00e9e pour les emp\u00eacher de prendre la route   de Tunis. Deux membres du comit\u00e9, Ali Taghraouit et Mohamed Bouaynaya ont pu   d\u00e9jouer les barrages policiers et regagner la capitale mais emp\u00each\u00e9s comme   tous les autres congressistes d\u2019arriver au local central.<\/span><\/p>\n<p> <span lang=\"FR\">\u00a0<\/span><\/p>\n<p><b> <span lang=\"FR\">Anouar   Kousri d\u00e9tourn\u00e9 puis rel\u00e2ch\u00e9<\/span><\/b><\/p>\n<p> <span lang=\"FR\">Anouar Kousri,   Membre du Comit\u00e9 Directeur, a \u00e9t\u00e9 arr\u00eat\u00e9 ce matin sur la route de   Bizerte-Tunis par une patrouille de la Garde Nationale qui l\u2019a d\u00e9tourn\u00e9 vers   la poste de police. Et a confisqu\u00e9 ses papiers avant de le lib\u00e9rer mais il a   \u00e9t\u00e9 fil\u00e9 par une voiture de police puis par un agent de la Garde Mobile   jusqu\u2019au local central. La veille M. Kousri a \u00e9t\u00e9 soumis toute la journ\u00e9e \u00e0   une filature implacable.<\/span><\/p>\n<p> <span lang=\"FR\">\u00a0<\/span><\/p>\n<p><b> <span lang=\"FR\">Le   Pr\u00e9sident de la section de B\u00e9ja harcel\u00e9<\/span><\/b><\/p>\n<p> <span lang=\"FR\">M. Zouheir Ben   Youssef, Pr\u00e9sident de la Section LTDH de B\u00e9ja a \u00e9t\u00e9 arr\u00eat\u00e9 \u00e0 la sortie de la   ville par plusieurs policiers qui ont fouill\u00e9 sa voiture et\u00a0 voulu prendre   possession des copies d\u2019examens devant ses protestations, les policiers l\u2019ont   rel\u00e2ch\u00e9 apr\u00e8s avoir consult\u00e9 par t\u00e9l\u00e9phone leur sup\u00e9rieur. Il a \u00e9t\u00e9 soumis \u00e0   une filature implacable jusqu\u2019au lieu de son travail \u00e0 la facult\u00e9 des lettres   de Kairouan<\/span><\/p>\n<p><b> <span lang=\"FR\">\u00a0<\/span><\/b><\/p>\n<p><b> <span lang=\"FR\">Le   comit\u00e9 de K\u00e9libia interpell\u00e9<\/span><\/b><\/p>\n<p> <span lang=\"FR\">Une filature   rapproch\u00e9e a \u00e9t\u00e9 impos\u00e9e d\u00e8s le matin du 27 mai 2006 par la police de la ville   de K\u00e9libia aux membres du Comit\u00e9 de la Section. La voiture louage transportant   Mr. abdelkader Dardouri, Pr\u00e9sident de Section et Mr. Nabil Mtaallah membre du   Comit\u00e9 a \u00e9t\u00e9 bloqu\u00e9e au niveau du village de\u00a0 Liba durant plus d\u2019une heure   sous pr\u00e9texte de contr\u00f4le de papier. <\/span><\/p>\n<p> <span lang=\"FR\">Rel\u00e2ch\u00e9s, ils ont   \u00e9t\u00e9 de nouveau arr\u00eat\u00e9s \u00e0 la place Barcelone \u00e0 Tunis par le chef de l\u2019\u00e9quipe de   renseignement de Menzel Temim qui les a talonn\u00e9s depuis K\u00e9libia. Il les a   oblig\u00e9s de rebrousser chemin et les a embarqu\u00e9s sur la voiture m\u00eame qui les a   fil\u00e9s.<\/span><\/p>\n<p> <span lang=\"FR\">\u00a0<\/span><\/p>\n<p><b> <span lang=\"FR\">M\u00eame   sc\u00e9nario d\u2019harc\u00e8lement contre les congressistes de Mahdia<\/span><\/b><\/p>\n<p> <span lang=\"FR\">Les congressistes,   membres du Comit\u00e9 de Section de Mahdia, Mr. Ahmed M\u2019Sallemi et Mr. Mohamed   Sayoud, ont \u00e9t\u00e9 emp\u00each\u00e9s de quitter la ville pour se rendre \u00e0 Tunis et   participer aux 6<sup>\u00e8me<\/sup> Congr\u00e8s National de la LTDH. <\/span><\/p>\n<p><b> <span lang=\"FR\">\u00a0<\/span><\/b><\/p>\n<p><b> <span lang=\"FR\">  Surveillance rapproch\u00e9e impos\u00e9e \u00e0 Mr. Abderrahman Hidhili, membre du Comit\u00e9   Directeur<\/span><\/b><\/p>\n<p> <span lang=\"FR\">Mr. Hidhili   Abderrahman, membre du Comit\u00e9 Directeur de la LTDH a \u00e9t\u00e9 soumis durant les   journ\u00e9es de vendredi et samedi \u00e0 une surveillance rapproch\u00e9e \u00e0 Ksibet el   Mediouni par deux voitures de police qui ont pass\u00e9 la nuit devant son   domicile. La filature s\u2019est poursuivie, samedi 27 mai 2006, sur la route de   Tunis. La voiture louage le transportant a \u00e9t\u00e9 arr\u00eat\u00e9e plusieurs fois pour   contr\u00f4le de papier.<\/span><\/p>\n<p><b> <span lang=\"FR\">\u00a0<\/span><\/b><\/p>\n<p><b> <span lang=\"FR\">Mr.   Salem Haddad intercept\u00e9<\/span><\/b><\/p>\n<p> <span lang=\"FR\">M. Salem Haddad,   Pr\u00e9sident de la Section LTDH de Monastir a \u00e9t\u00e9 intercept\u00e9\u00a0 par des agents de   police \u00e0 sa descente du taxi louage venant de Monastir. Emp\u00each\u00e9 de quitter la   station de Moncef Bey, police lui a signifi\u00e9 qu\u2019il devra regagner\u00a0 son point   de d\u00e9part.<\/span><\/p>\n<p> <span lang=\"FR\">\u00a0<\/span><\/p>\n<p><b> <span lang=\"FR\">  Journ\u00e9e de solidarit\u00e9 \u00e0 l\u2019Association Mauritanienne des Droits de l\u2019Homme<\/span><\/b><\/p>\n<p> <span lang=\"FR\">Dans une   communication t\u00e9l\u00e9phonique du Mercredi 24 mai 2006 Mme Aicha Sediki,   Vice-Pr\u00e9sidente de l\u2019Association Mauritanienne pour la D\u00e9fense des Droits de   l\u2019Homme, nous a inform\u00e9 que leur Association a d\u00e9clar\u00e9\u00a0 la journ\u00e9e du 24 mai   2006 comme journ\u00e9e de solidarit\u00e9 avec la LTDH et pour son droit \u00e0 tenir son 6<sup>\u00e8me<\/sup>   Congr\u00e8s pr\u00e9vu pour les 27 et 28 mai 2006.<\/span><\/p>\n<p> <span lang=\"FR\">\u00a0<\/span><\/p>\n<p><b> <span lang=\"FR\">Les   invit\u00e9s arabes et \u00e9trangers arriv\u00e9s \u00e0 Tunis mais emp\u00each\u00e9s de rejoindre <\/span> <span dir=\"rtl\" lang=\"AR-SA\"> <\/span> <span lang=\"FR\">le   si\u00e8ge de la LTDH<\/span><\/b><\/p>\n<p> <span lang=\"FR\">\u00b7<span>\u00a0\u00a0\u00a0\u00a0\u00a0\u00a0\u00a0\u00a0  <\/span><\/span> <span dir=\"ltr\" lang=\"FR\">  Abdelhamid Amine\u00a0: <span dir=\"rtl\">\u00a0<\/span>AMDH<\/span><\/p>\n<p> <span lang=\"FR\">\u00b7<span>\u00a0\u00a0\u00a0\u00a0\u00a0\u00a0\u00a0\u00a0  <\/span><\/span> <span dir=\"ltr\" lang=\"FR\">Boubaker   Lagou <\/span> <span dir=\"rtl\" lang=\"AR-TN\">\u00a0:  <\/span><span lang=\"FR\">OMDH<\/span><\/p>\n<p> <span lang=\"FR\">\u00b7<span>\u00a0\u00a0\u00a0\u00a0\u00a0\u00a0\u00a0\u00a0  <\/span><\/span> <span dir=\"ltr\" lang=\"FR\">El   Hassine Aloui Hassne\u00a0: Forum justice et v\u00e9rit\u00e9 <\/span><\/p>\n<p> <span lang=\"FR\">\u00b7<span>\u00a0\u00a0\u00a0\u00a0\u00a0\u00a0\u00a0\u00a0  <\/span><\/span> <span dir=\"ltr\" lang=\"FR\">Eva   Nostrom<\/span><span dir=\"rtl\" lang=\"AR-TN\">\u00a0   : <\/span><span lang=\"FR\">REMDH<\/span><\/p>\n<p> <span lang=\"FR\">\u00b7<span>\u00a0\u00a0\u00a0\u00a0\u00a0\u00a0\u00a0\u00a0  <\/span><\/span> <span dir=\"ltr\" lang=\"FR\">Robert   Bret<\/span><span dir=\"rtl\" lang=\"AR-TN\">   : <\/span><span lang=\"FR\">S\u00e9nateur   PCF<\/span><\/p>\n<p> <span lang=\"FR\">\u00b7<span>\u00a0\u00a0\u00a0\u00a0\u00a0\u00a0\u00a0\u00a0  <\/span><\/span> <span dir=\"ltr\" lang=\"FR\">Jean   Ren\u00e9 Farthouat<\/span><span dir=\"rtl\" lang=\"AR-TN\">   : <\/span><span lang=\"FR\">Ancien   B\u00e2tonnier de Paris<\/span><\/p>\n<p> <span lang=\"FR\">\u00b7<span>\u00a0\u00a0\u00a0\u00a0\u00a0\u00a0\u00a0\u00a0  <\/span><\/span> <span dir=\"ltr\" lang=\"FR\">  Dominique Tricaud<\/span><span dir=\"rtl\" lang=\"AR-TN\">   : <\/span><span lang=\"FR\">C. Ordre   des Avocats Paris<\/span><\/p>\n<p> <span lang=\"FR\">\u00b7<span>\u00a0\u00a0\u00a0\u00a0\u00a0\u00a0\u00a0\u00a0  <\/span><\/span> <span dir=\"ltr\" lang=\"FR\">Moncef   Garrouri<\/span><span dir=\"rtl\" lang=\"AR-TN\">   : <\/span><span lang=\"FR\">FTCR<\/span><\/p>\n<p> <span lang=\"FR\">\u00b7<span>\u00a0\u00a0\u00a0\u00a0\u00a0\u00a0\u00a0\u00a0  <\/span><\/span> <span dir=\"ltr\" lang=\"FR\">Michel   Tubiana<\/span><span dir=\"rtl\" lang=\"AR-TN\">   : <\/span><span lang=\"FR\">LDH\/FIDH<\/span><\/p>\n<p> <span lang=\"FR\">\u00b7<span>\u00a0\u00a0\u00a0\u00a0\u00a0\u00a0\u00a0\u00a0  <\/span><\/span> <span dir=\"ltr\" lang=\"FR\">Lakhdhar   Ellala<\/span><span dir=\"rtl\" lang=\"AR-TN\">   : <\/span><span lang=\"FR\">ATF<\/span><\/p>\n<p> <span lang=\"FR\">\u00b7<span>\u00a0\u00a0\u00a0\u00a0\u00a0\u00a0\u00a0\u00a0  <\/span><\/span> <span dir=\"ltr\" lang=\"FR\">H\u00e9l\u00e8ne   Flautre<\/span><span dir=\"rtl\" lang=\"AR-TN\">   : <\/span><span lang=\"FR\">D\u00e9put\u00e9e   Europ\u00e9enne<\/span><\/p>\n<p> <span lang=\"FR\">\u00b7<span>\u00a0\u00a0\u00a0\u00a0\u00a0\u00a0\u00a0\u00a0  <\/span><\/span> <span dir=\"ltr\" lang=\"FR\">Mme   Agn\u00e8s Herzog<\/span><span dir=\"rtl\" lang=\"AR-TN\">   : <\/span><span lang=\"FR\">  Vice-Pr\u00e9sidente du Syndicat de la Magistrature (France)<span dir=\"rtl\"> <\/span> <\/span><\/p>\n<p> <span lang=\"FR\">\u00b7<span>\u00a0\u00a0\u00a0\u00a0\u00a0\u00a0\u00a0\u00a0  <\/span><\/span> <span dir=\"ltr\" lang=\"FR\">Fatma   Kesila\u00a0: CRLDHT<\/span><\/p>\n<p> <span lang=\"FR\">\u00a0<\/span><\/p>\n<p><b> <span lang=\"FR\">A   Kairouan<\/span><\/b><\/p>\n<p> <span lang=\"FR\">Les membres du   comit\u00e9 de la section de Kairouan de la LTDH congressistes au 6<sup>\u00e8me<\/sup>   congr\u00e8s de la Ligue ont \u00e9t\u00e9 emp\u00each\u00e9s de quitter leur ville pour rejoindre la   capitale. Les voitures particuli\u00e8re Pr\u00e9sident de la section Massoud Romdhani   et des membres Mahmoud Oueslati et Ali Baazaoui a \u00e9t\u00e9 bloqu\u00e9s \u00e0 la sortie de   la ville et oblig\u00e9 de retourner. Un autre membre du comit\u00e9 Hamda Maamer a\u00a0 \u00e9t\u00e9   emp\u00each\u00e9 de monter dans un louage (Grand taxi).<\/span><\/p>\n<p> <span lang=\"FR\">\u00a0<\/span><\/p>\n<p><b> <span lang=\"FR\">Salah   Belhouichet ramen\u00e9 de force \u00e0 Medenine<\/span><\/b><\/p>\n<p> <span lang=\"FR\">M. Salah   Belhouichet, Secr\u00e9taire G\u00e9n\u00e9ral de la Section de Medenine est arriv\u00e9 \u00e0 5h30 du   matin \u00e0 Tunis. Mais il a \u00e9t\u00e9 s\u00e9questr\u00e9 \u00e0 la station puis remis de force dans   le premier bus en direction de Medenine flanqu\u00e9 par un agent de police.<\/span><\/p>\n<p> <span lang=\"FR\">\u00a0<\/span><\/p>\n<p><b> <span lang=\"FR\">Idem   pour Hichem Bouattour<\/span><\/b><\/p>\n<p> <span lang=\"FR\">M. Hichem   Bouattour, Vice-Pr\u00e9sident de la section de Tozeur-Nafta a \u00e9t\u00e9 intercept\u00e9 \u00e0 son   arriv\u00e9 \u00e0 7h00 du matin \u00e0 la station de bus de Tunis. Il a \u00e9t\u00e9 oblig\u00e9 par la   police de reprendre le bus en partance Tozeur \u00e0 11h00 du matin.<\/span><\/p>\n<p> <span lang=\"FR\">\u00a0<\/span><\/p>\n<p><b> <span lang=\"FR\">Idem   pour Fethi Titay<\/span><\/b><\/p>\n<p> <span lang=\"FR\">Fethi Titay de la   section de Gafsa a subi le m\u00eame traitement. S\u00e9questrations \u00e0 la station de   louage, contr\u00f4le de papier puis chemin de retour forc\u00e9 \u00e0 Gafsa.<\/span><\/p>\n<p> <span lang=\"FR\">\u00a0<\/span><\/p>\n<p><b> <span lang=\"FR\">  Blocage des membres du comit\u00e9 de Nafta<\/span><\/b><\/p>\n<p> <span lang=\"FR\">Les membres du   comit\u00e9 de la section de Nafta en route pour Tunis ont \u00e9t\u00e9 bloqu\u00e9s sur la voie   publique au niveau de la ville de Gafsa. <\/span><\/p>\n<p> <span lang=\"FR\">\u00a0<\/span><\/p>\n<p><b> <span lang=\"FR\">Des   congressistes de Sousse et de Monastir emp\u00each\u00e9s de se d\u00e9placer<\/span><\/b><\/p>\n<p> <span lang=\"FR\">La police de la   ville de Sousse a arr\u00eat\u00e9 la voiture transportant Mr. Jamel M\u2019Salem, Pr\u00e9sident   de la section de Sousse, Mme Rekaya Baazaoui et Abderrazak Athmouni membre du   comit\u00e9 de la m\u00eame section ainsi que Mme Hamida Dridi, Secr\u00e9taire G\u00e9n\u00e9rale de   la section de Monastir et Abdelmajid M\u2019Sallemi bloqu\u00e9s par un barrage avant   m\u00eame de quitter Sousse.<\/span><\/p>\n<p><b> <span lang=\"FR\">\u00a0<\/span><\/b><\/p>\n<p><b> <span lang=\"FR\">Le   caf\u00e9 \u00ab\u00a0l\u2019Univers\u00a0\u00bb ferm\u00e9   acte despotique sans pr\u00e9c\u00e9dent <\/span><\/b><\/p>\n<p> <span lang=\"FR\">Les autorit\u00e9s ont   donn\u00e9 l\u2019ordre vers 14h30 de fermer le caf\u00e9 l\u2019Univers au centre de la capitale   pour emp\u00eacher les congressistes et les invit\u00e9s de la Ligue interdits d\u2019acc\u00e9der   au local central de se r\u00e9unir.<\/span><\/p>\n<p> <span lang=\"FR\">\u00a0<\/span><\/p>\n<p><b> <span lang=\"FR\">Tous   les caf\u00e9s de l\u2019entourage du si\u00e8ge ont \u00e9t\u00e9 ferm\u00e9s<\/span><\/b><\/p>\n<p> <span lang=\"FR\">Tous les caf\u00e9s de   l\u2019entourage du si\u00e8ge central de la Ligue ont \u00e9t\u00e9 ferm\u00e9s sur l\u2019ordre de la   police et ce pour emp\u00eacher tous les congressistes et les invit\u00e9s de la Ligue   de se retrouver ensemble apr\u00e8s leur refoulement.   \u00a0<\/span><\/p>\n<p><b> <span lang=\"FR\">Les   militants de Mateur bloqu\u00e9s par la police<\/span><\/b><\/p>\n<p> <span lang=\"FR\">Les membres du   Comit\u00e9 de la section de Mateur ont \u00e9t\u00e9 emp\u00each\u00e9 par plusieurs agents de l\u2019ordre   de quitter la ville et rejoindre la capitale pour assister aux travaux du 6<sup>\u00e8me<\/sup>   congr\u00e8s.<\/span><\/p>\n<p> <span lang=\"FR\">\u00a0<\/span><\/p>\n<p><b> <span lang=\"FR\">Habib   Bou\u2019ouni de la section de Sfax Nord intercept\u00e9<\/span><\/b><\/p>\n<p> <span lang=\"FR\">M. Habib Bou\u2019ouni,   membre du comit\u00e9 de la section de Sfax Nord a \u00e9t\u00e9 intercept\u00e9 par la police \u00e0   son approche du local central de la Ligue<\/span><\/p>\n<p> <span lang=\"FR\">\u00a0<\/span><\/p>\n<p><b> <span lang=\"FR\">Ma\u00eetre   Nejib Hasni emp\u00each\u00e9 d\u2019arriver \u00e0 Tunis<\/span><\/b><\/p>\n<p> <span lang=\"FR\">Ma\u00eetre Nejib   Hasni, et un ami qui l\u2019accompagnant \u00e0 Tunis pour des contr\u00f4les m\u00e9dicaux   n\u00e9cessaires avant une intervention chirurgicale ont \u00e9t\u00e9 bloqu\u00e9s, au niveau de   la ville de Testour.<\/span><\/p>\n<p> <span lang=\"FR\">\u00a0<\/span><\/p>\n<p><b> <span lang=\"FR\">Le   comit\u00e9 de section de Hamma-Lif \u2013 Zahra &#8211; Rad\u00e8s<\/span><\/b><\/p>\n<p> <span lang=\"FR\">Ridha Barakati,   Abdallah Garram, Lassaad ben Sliman, Jamel Malki et Moncef Chrigui, membres du   comit\u00e9 de la section Hamma-Lif \u2013 Ezzahra \u2013 Rad\u00e8s ont \u00e9t\u00e9 emp\u00each\u00e9 d\u2019arriver au   local central de la Ligue et de participer au 6<sup>\u00e8me<\/sup> Congr\u00e8s   National.<\/span><\/p>\n<p> <span lang=\"FR\">\u00a0<\/span><\/p>\n<p><b> <span lang=\"FR\">  Message de solidarit\u00e9 de Mr Yves Steiner<\/span><\/b><\/p>\n<p> <span lang=\"FR\">Je m\u2019imagine la   situation sur place. Toute ma solidarit\u00e9 avec la LTDH. Amiti\u00e9s. Yves STEINER.<\/span><\/p>\n<p> <span lang=\"FR\">\u00a0<\/span><\/p>\n<p><b> <span lang=\"FR\">  Violences et agressions verbales obsc\u00e8nes contre des membres du comit\u00e9   directeur devant les invit\u00e9s \u00e9tranger<\/span><\/b><\/p>\n<p> <span lang=\"FR\">Les membres du   Comit\u00e9 Directeur Souhayr Belhassen, Hatem chaabouni, Abderrahman Hdhili,   Balkis Allagui et Abdellatif Baili ont \u00e9t\u00e9 physiquement et verbalement   agress\u00e9s par les agents de police. Ces sc\u00e8nes de violence inou\u00efe se sont   d\u00e9roul\u00e9es devant la d\u00e9l\u00e9gation europ\u00e9enne H\u00e9l\u00e8ne Flautre que les membres du   Comit\u00e9 Directeur voulaient accueillir derri\u00e8re les barrages les emp\u00eachant   d\u2019acc\u00e9der au local central.<\/span><\/p>\n<p> <span lang=\"FR\">Les amis marocains   et d\u2019autres invit\u00e9s \u00e9trangers ont \u00e9t\u00e9 \u00e9galement agress\u00e9s et bloqu\u00e9s par les   barrages de la police alors qu\u2019ils \u00e9taient accompagn\u00e9s par Mokhtar Trifi   Pr\u00e9sident de la Ligue.<\/span><\/p>\n<p> <span lang=\"FR\">Mme Khadija   Cherif, ex-membre du comit\u00e9 directeur de la LTDH et militante associative a   \u00e9t\u00e9 gifl\u00e9e et agress\u00e9e verbalement par des agents utilisant un langage   ordurier. <\/span><\/p>\n<p> <span dir=\"rtl\" lang=\"AR-SA\">\u00a0<\/span><\/p>\n<p> <span dir=\"rtl\" lang=\"AR-SA\">\u00a0 <\/span><\/p>\n<hr\/>\n<p>\u00a0<\/p>\n<p> <span dir=\"rtl\" lang=\"AR-SA\"> <\/p>\n<p align=\"center\" dir=\"ltr\"> <b><span lang=\"FR-CH\"><font size=\"3\">  6\u00e8me congr\u00e8s de la LTDH 27 mai 2006<\/font><\/span><\/b><\/p>\n<p dir=\"ltr\"> <span lang=\"FR-CH\">\u00a0<\/span><\/p>\n<p dir=\"ltr\"> <b> <span lang=\"FR-CH\">  17h45<\/span><\/b><\/p>\n<p dir=\"ltr\"> <b> <span lang=\"FR-CH\">  flash d\u2019information:<\/span><\/b><\/p>\n<p dir=\"ltr\"> <span lang=\"FR-CH\">\u00a0<\/span><\/p>\n<p dir=\"ltr\"> <span lang=\"FR-CH\">Devant   l\u2018impossibilit\u00e9 de tenir le congr\u00e8s, les d\u00e9l\u00e9gu\u00e9s des sections ayant \u00e9t\u00e9   refoul\u00e9s par la police avant leur arriv\u00e9e \u00e0 Tunis, les d\u00e9l\u00e9gations   internationales et les invit\u00e9s au 6\u00e8me congr\u00e8s de la LT D.H, ayant \u00e9t\u00e9   brutalement\u00a0 refoul\u00e9s, une r\u00e9union du comit\u00e9 directeur de la LTDH\u00a0 fix\u00e9e \u00e0   16h00 et devant se tenir en pr\u00e9sence des d\u00e9l\u00e9gations \u00e9trang\u00e8res et des   repr\u00e9sentants des partis politiques de l\u2019opposition a \u00e9t\u00e9 emp\u00each\u00e9e par la   police.<\/span><\/p>\n<p dir=\"ltr\"> <span lang=\"FR-CH\">\u00a0<\/span><\/p>\n<p dir=\"ltr\"> <span lang=\"FR-CH\">Les membres de   la d\u00e9l\u00e9gation marocaine ont \u00e9t\u00e9 brutalement malmen\u00e9s.<\/span><\/p>\n<p dir=\"ltr\"> <span lang=\"FR-CH\">\u00a0<\/span><\/p>\n<p dir=\"ltr\"> <span lang=\"FR-CH\">Les membres du   comit\u00e9 directeur qui se trouvaient \u00e0 l\u2019int\u00e9rieur du si\u00e8ge de la LTDH sont   sortis pour essayer de faire acc\u00e9der les d\u00e9l\u00e9gu\u00e9s et les invit\u00e9s \u00e0 l\u2019int\u00e9rieur   du si\u00e8ge mais la police les a tabass\u00e9s: Souheir Belhassen,\u00a0 Belkis Mechri   Allegui, Abderrahman Lehdhili, Hatem Chaabouni,<\/span><\/p>\n<p dir=\"ltr\"> <span lang=\"FR-CH\">\u00a0<\/span><\/p>\n<p dir=\"ltr\"> <span lang=\"FR-CH\">D\u2019autres   militants dont, H\u00e9la Abdeljouad,\u00a0 Kh\u00e9dija Cherif, Samia Abbou, Safa Eddine   Moukaddami ont \u00e9t\u00e9 tabass\u00e9s.<\/span><\/p>\n<p dir=\"ltr\"> <span lang=\"FR-CH\">\u00a0<\/span><\/p>\n<p dir=\"ltr\"> <span lang=\"FR-CH\">Des membres   d\u2019ONG nationales et internationales, invit\u00e9s, ont \u00e9galement \u00e9t\u00e9 tabass\u00e9s, dont   Lakhdar Ellala, Fatma Ksila.<\/span><\/p>\n<p dir=\"ltr\"> <span lang=\"FR-CH\">\u00a0<\/span><\/p>\n<p dir=\"ltr\"> <span lang=\"FR-CH\">Certains   militants ont \u00e9t\u00e9 pourchass\u00e9s jusqu\u2019\u00e0 l\u2019int\u00e9rieur des caf\u00e9s environnants<\/span><\/p>\n<p dir=\"ltr\"> <span lang=\"FR-CH\">\u00a0<\/span><\/p>\n<p dir=\"ltr\"> <b><span lang=\"FR-CH\">Permanence   de Solidarit\u00e9 et de Vigilance<\/span><\/b><\/p>\n<p dir=\"ltr\"> <b> <span lang=\"FR-CH\">  Pour tout contact\u00a0 ATF\u00a0 01.45.96.04.06<\/span><\/b><\/p>\n<p dir=\"ltr\">\u00a0<\/p>\n<hr\/>\n<p align=\"center\" dir=\"ltr\"><b> <span lang=\"FR\">Comit\u00e9 international   de soutien aux internautes de Zarzis<\/span><\/b><\/p>\n<p align=\"center\" dir=\"ltr\"><b> <span lang=\"FR\">Pr\u00e9sidente :   H\u00e9l\u00e8ne Flautre, Parlementaire europ\u00e9en<\/span><\/b><\/p>\n<p align=\"center\" dir=\"ltr\"><b> <span lang=\"FR\">Site  <a href=\"http:\/\/www.zarzis.org\/\" target=\"_blank\" rel=\"noopener\"><font>  www.zarzis.org<\/font><\/a><\/span><\/b><\/p>\n<p align=\"center\" dir=\"ltr\">\u00a0<\/p>\n<p align=\"center\" dir=\"ltr\">\u00a0<\/p>\n<p> <font face=\"Arial\"> <\/p>\n<p align=\"center\" dir=\"ltr\"><b> <span lang=\"FR\"> <font size=\"3\">Omar Chlendi arriv\u00e9 \u00e0 Paris<\/font><\/span><\/b><\/p>\n<p align=\"center\" dir=\"ltr\"><b> <span lang=\"FR\"><font size=\"3\">Aymen   MCHAREK, citoyen allemand, emp\u00each\u00e9 de quitter le territoire<\/font><\/span><\/b><\/p>\n<p> <\/font><font face=\"Arial\" size=\"2\"> <\/p>\n<p align=\"justify\" dir=\"ltr\">\u00a0<\/p>\n<p align=\"justify\" dir=\"ltr\">\u00a0<\/p>\n<p align=\"justify\" dir=\"ltr\"> <span lang=\"FR\">Alors que nous   venons d\u2019accueillir, hier vendredi 26 mai, Omar Chlendi, le fils de T\u00e9r\u00e9sa   Chopin, arriv\u00e9 \u00e0 Paris, via le Portugal, nous apprenons que la police de   l&rsquo;a\u00e9roport de Tunis Carthage a interdit \u00e0 son camarade Aymen Mcharek   d\u2019embarquer dans l\u2019avion pour Francfort qu\u2019il s\u2019appr\u00eatait \u00e0 prendre, ce matin   \u00e0 trois heures, muni de ses passeports allemand et tunisien, pour rejoindre   les siens. <\/span><\/p>\n<p align=\"justify\" dir=\"ltr\">\u00a0<\/p>\n<p align=\"justify\" dir=\"ltr\"> <span lang=\"FR\">Ainsi, malgr\u00e9 sa   nationalit\u00e9 allemande et, surtout, malgr\u00e9 le fait qu\u2019il ait \u00e9t\u00e9 lib\u00e9r\u00e9 le 27   f\u00e9vrier dernier apr\u00e8s trois ans de d\u00e9tention, Aymen Mcharek continue, comme   ses autres compagnons, Hamza Mahroug, Ridha Bel Haj Ibrahim, Abdelghaffar   Guiza et Omar Rached, \u00e0 \u00eatre l\u2019objet de pers\u00e9cutions tant polici\u00e8res   qu\u2019administratives.<\/span><\/p>\n<p align=\"justify\" dir=\"ltr\">\u00a0<\/p>\n<p align=\"justify\" dir=\"ltr\"> <span lang=\"FR\">Assign\u00e9s \u00e0   r\u00e9sidence et soumis \u00e0 un contr\u00f4le administratif, ils ont \u00e9t\u00e9 lib\u00e9r\u00e9s mais sont   toujours consid\u00e9r\u00e9s comme coupables aux yeux de l&rsquo;administration et des   services de police tunisiens.<\/span><\/p>\n<p align=\"justify\" dir=\"ltr\">\u00a0<\/p>\n<p align=\"justify\" dir=\"ltr\"> <span lang=\"FR\">Le Comit\u00e9 se   r\u00e9jouit de l\u2019arriv\u00e9e d\u2019Omar Chlendi mais d\u00e9nonce fermement l\u2019interdiction   faite \u00e0 Aymen Mcharek, citoyen allemand, de quitter le territoire tunisien.<\/span><\/p>\n<p align=\"justify\" dir=\"ltr\">\u00a0<\/p>\n<p align=\"justify\" dir=\"ltr\"> <span lang=\"FR\">Le Comit\u00e9 exhorte   les autorit\u00e9s consulaires allemandes en Tunisie, qui ont oeuvr\u00e9 patiemment \u00e0   la lib\u00e9ration de leur ressortissant (Aymen Mcharek est n\u00e9 \u00e0 Rosenheim,   Bavi\u00e8re, en 1982), d&rsquo;intervenir pour lui permettre de rejoindre le pays o\u00f9 il   vivait et travaillait avant son arrestation.<\/span><\/p>\n<p align=\"justify\" dir=\"ltr\">\u00a0<\/p>\n<p align=\"justify\" dir=\"ltr\"> <span lang=\"FR\">Il appelle tous   ceux qui ont soutenu la lutte de T\u00e9r\u00e9sa Chopin pour la lib\u00e9ration de son fils   et de ses camarades \u00e0 soutenir les parents et la famille d&rsquo;Aymen, qui vit en   France<span dir=\"rtl\"> <\/span>pour qu\u2019\u00e0 leur tour ils aient le droit de le   serrer dans leur bras.<\/span><\/p>\n<p align=\"justify\" dir=\"ltr\">\u00a0<\/p>\n<p align=\"justify\" dir=\"ltr\"> <span lang=\"FR\">Le comit\u00e9 exige   que la lev\u00e9e, de fait, de l&rsquo;assignation \u00e0 r\u00e9sidence et du contr\u00f4le   administratif impos\u00e9s \u00e0 Omar Chlendi, soit \u00e9tendue \u00e0 tous les \u00ab\u00a0internautes de   Zarzis\u00a0\u00bb, et qu&rsquo;il recouvrent leur libert\u00e9 de circulation.<\/span><\/p>\n<p align=\"justify\" dir=\"ltr\">\u00a0<\/p>\n<p align=\"justify\" dir=\"ltr\">\u00a0<\/p>\n<p align=\"justify\" dir=\"ltr\"><b> <i><u><span lang=\"FR\">Paris, le 27   mai 2006<\/span><\/u><\/i><\/b><\/p>\n<p> <\/font><\/span> <\/p>\n<p dir=\"rtl\"> <span lang=\"AR-SA\">\u00a0<\/span><\/p>\n<\/div>\n<p><font face=\"Arial\" size=\"2\"><\/p>\n<div>\n<hr\/>\n<\/div>\n<div>  \u00a0 <font face=\"Arial\"> <\/p>\n<p align=\"center\"><b> <span lang=\"FR\">COMPTE RENDU DE REUNION<\/span><\/b><\/p>\n<p> <\/font><font face=\"Arial\" size=\"2\"> <font face=\"Arial\" size=\"2\"> <\/p>\n<p align=\"justify\">\u00a0<\/p>\n<p align=\"justify\"> <span lang=\"FR\">A l\u2019initiative   d\u2019un groupe de militantes et de militants d\u00e9mocrates et progressistes   tunisiens\u00a0 \u00e0 Paris, s\u2019est tenue une r\u00e9union pour d\u00e9battre de la r\u00e9ponse \u00e0   apporter \u00e0 la d\u00e9cision de la LTDH de tenir son 6\u00e8me congr\u00e8s national les 27 et   28 mai 2006.<\/span><\/p>\n<p align=\"justify\">\u00a0<\/p>\n<p align=\"justify\"> <span lang=\"FR\">Cette r\u00e9union a eu   lieu au si\u00e8ge de l\u2019ATF, dans la soir\u00e9e du 23 mai 2006. Ont assist\u00e9 \u00e0 cette   r\u00e9union des militants de l\u2019opposition d\u00e9mocratique tunisienne, de sensibilit\u00e9s   politiques diverses. Lakhdar ELLALA, a souhait\u00e9 la bienvenue \u00e0 tous les   pr\u00e9sents qui ont \u00e9chang\u00e9, par la suite, des informations sur les derniers   d\u00e9veloppements de la situation en TUNISIE.<\/span><\/p>\n<p align=\"justify\">\u00a0<\/p>\n<p align=\"justify\"> <span lang=\"FR\">Le d\u00e9bat a port\u00e9   principalement sur la situation de la Ligue Tunisienne des Droits de l\u2019Homme   et le r\u00f4le que doivent jouer les d\u00e9mocrates Tunisiens, en France, pour   manifester leur solidarit\u00e9 avec elle dans sa lutte pour la tenue de son   congr\u00e8s. <\/span><\/p>\n<p align=\"justify\">\u00a0<\/p>\n<p align=\"justify\"> <span lang=\"FR\">Tous les   intervenants \u00e9taient unanimes sur la n\u00e9cessit\u00e9 qu\u2019ils jugent vitale   aujourd\u2019hui, de soutenir la d\u00e9cision l\u00e9gitime de la ligue de tenir son 6\u00e8me   congr\u00e8s national les 27 et 28 mai 2006.<\/span><\/p>\n<p align=\"justify\">\u00a0<\/p>\n<p align=\"justify\"> <span lang=\"FR\">Ils ont exprim\u00e9,   de mani\u00e8re tout aussi unanime, leur indignation et leur condamnation de la   politique r\u00e9pressive du gouvernement tunisien qui renforce l\u2019\u00e9touffement de   toute libert\u00e9 individuelle et collective et vise la mise au pas de la soci\u00e9t\u00e9   civile tunisienne.<\/span><\/p>\n<p align=\"justify\">\u00a0<\/p>\n<p align=\"justify\"><b> <span lang=\"FR\">  \u25ba\u00a0\u00a0\u00a0\u00a0\u00a0\u00a0\u00a0\u00a0\u00a0\u00a0\u00a0\u00a0\u00a0\u00a0\u00a0\u00a0\u00a0\u00a0 Ils ont d\u00e9cid\u00e9 de sortir un texte commun \u00e0 signature par   tous ceux et toues celles qui soutiennent la Ligue dans son combat pour son   autonomie de toute ing\u00e9rence ext\u00e9rieure. Ce texte est \u00e0 signer   individuellement par toute tunisienne et tout tunisien qui adh\u00e8re \u00e0 son esprit   et \u00e0 son objectif.<\/span><\/b><\/p>\n<p align=\"justify\">\u00a0<\/p>\n<p align=\"justify\"><b> <span lang=\"FR\">  \u25ba\u00a0\u00a0\u00a0\u00a0\u00a0\u00a0\u00a0\u00a0\u00a0\u00a0\u00a0\u00a0\u00a0\u00a0\u00a0\u00a0\u00a0\u00a0 D\u2019autre part, la journ\u00e9e du samedi 27 mai est consacr\u00e9e   journ\u00e9e de mobilisation, de solidarit\u00e9 et de vigilance au si\u00e8ge\u00a0 de l\u2019ATF pour   suivre l\u2019\u00e9volution de la situation minute par minute et pr\u00e9parer la riposte \u00e0   toute \u00e9ventualit\u00e9. L\u00e0 aussi il y\u2019avait unanimit\u00e9.<\/span><\/b><\/p>\n<p align=\"justify\">\u00a0<\/p>\n<p align=\"justify\"><b> <span lang=\"FR\">  \u25ba\u00a0\u00a0\u00a0\u00a0\u00a0\u00a0\u00a0\u00a0\u00a0\u00a0\u00a0\u00a0\u00a0\u00a0\u00a0\u00a0\u00a0\u00a0 Enfin, la d\u00e9cision est prise pour distribuer le tract   d\u2019information et de mobilisation sur les march\u00e9s et \u00e0 la sortie du m\u00e9tro I\u00e9na,   le samedi 27 mai 2006.<\/span><\/b><\/p>\n<p align=\"justify\">\u00a0<\/p>\n<p align=\"justify\"> <span lang=\"FR\">Certes, l\u2019urgence   de la situation et le manque de temps r\u00e9duisent les possibilit\u00e9s d\u2019action,   mais l\u2019ensemble des militants pr\u00e9sents sont d\u00e9cid\u00e9s \u00e0 rester mobilis\u00e9s pour   continuer l\u2019action en solidarit\u00e9 avec la LTDH, la soci\u00e9t\u00e9 civile et le peuple   tunisien dans sa lutte pour la justice, la d\u00e9mocratie et le progr\u00e8s.\u00a0\u00a0\u00a0\u00a0\u00a0  <\/span><\/p>\n<p align=\"justify\">\u00a0<\/p>\n<p align=\"justify\">\u00a0<\/p>\n<p align=\"justify\"><b> <span lang=\"FR\">\u00a0Les   appelants : Mohamed SMIDA, Anouar ELKANZARI, Abdellatif BEN SLEM, Rabeh   ARFAOUI, Nadia BEN PMRANE, Hichem ABDESSAMED, Nadhem ELKHERRIGI, Jamel   BOUSSOFFARA, Meriem ZEGHIDI, Najet MIZOUNI, Mohamed Lakhdar ELLALA<\/span><\/b><\/p>\n<p align=\"justify\"><b> <span lang=\"FR\">Ont   r\u00e9pondu \u00e0 l\u2019invitation : Tarek BENHIBA ,Iyed DAHMANI, Abdessatar BEJI, Khaled   EFALAH, Khmais KSILA , Omaya SEDDIK, Nacer ELFAHEM, Khaled ABICHOU, Fathi   TLILI<\/span><\/b><\/p>\n<p><\/font><\/font><\/div>\n<div>  \u00a0<\/div>\n<div>  \u00a0<\/div>\n<p><\/font><\/p>\n<div>\n<hr\/>\n<\/div>\n<div align=\"center\"> <font face=\"Arial\" size=\"2\"><strong><\/p>\n<h2 style=\"color: red;\"><font size=\"3\">Gr\u00e8ve de la   faim de 48 heures du Conseil de l&rsquo;ordre des avocats tunisiens<\/font><\/h2>\n<p><\/strong><\/font><\/div>\n<p>\u00a0<\/p>\n<p><font face=\"Arial\" size=\"2\"><\/p>\n<p align=\"justify\">\u00a0<\/p>\n<p align=\"justify\"><span lang=\"FR\">AFP, le 27 mai 2006<\/span><\/p>\n<p align=\"justify\"><span lang=\"FR\">TUNIS &#8211; Les membres du Conseil national de l&rsquo;ordre des avocats (CNOA) de Tunisie ont entam\u00e9 samedi \u00e0 Tunis une gr\u00e8ve de la faim de 48 heures pour d\u00e9noncer \u00ab\u00a0des atteintes \u00e0 l&rsquo;ind\u00e9pendance du barreau\u00a0\u00bb, a indiqu\u00e9 le b\u00e2tonnier Abelsattar Ben Moussa. <\/span><\/p>\n<p align=\"justify\">\u00a0<\/p>\n<p align=\"justify\"><span lang=\"FR\">Me Ben Moussa a pr\u00e9cis\u00e9 par t\u00e9l\u00e9phone \u00e0 l&rsquo;AFP qu&rsquo;il observait ce mouvement de gr\u00e8ve avec onze des treize membres du CNOA pour d\u00e9noncer aussi une r\u00e9cente intervention de la police dans les locaux du Conseil. Les avocats se sont r\u00e9unis \u00e0 la Maison du barreau, pr\u00e8s du palais de justice de Tunis, dont l&rsquo;acc\u00e8s a \u00e9t\u00e9 interdit aux journalistes par des policiers en civil. <\/span><\/p>\n<p align=\"justify\">\u00a0<\/p>\n<p align=\"justify\"><span lang=\"FR\">\u00ab\u00a0Nous avons d\u00e9clench\u00e9 ce mouvement pour d\u00e9noncer des atteintes \u00e0 l&rsquo;ind\u00e9pendance du barreau et pour d\u00e9fendre nos revendications professionnelles\u00a0\u00bb, a d\u00e9clar\u00e9 Me Ben Moussa. Il a ajout\u00e9 que les avocats gr\u00e9vistes souhaitent \u00ab\u00a0ouvrir un dialogue s\u00e9rieux avec le gouvernement dans lequel nous ne serions plus de simples figurants\u00a0\u00bb.<\/span><\/p>\n<p align=\"justify\">\u00a0<\/p>\n<p align=\"justify\"><span lang=\"FR\">Me Ben Moussa avait accus\u00e9 en d\u00e9but de semaine le ministre de la Justice, B\u00e9chir Tekkari, d&rsquo;avoir \u00ab\u00a0ferm\u00e9 la porte au dialogue\u00a0\u00bb en accusant les avocats de \u00ab\u00a0tra\u00eetrise et de manque de patriotisme\u00a0\u00bb. <\/span><\/p>\n<p align=\"justify\">\u00a0<\/p>\n<p align=\"justify\"><span lang=\"FR\">Les avocats d\u00e9noncent notamment la cr\u00e9ation d&rsquo;un institut de formation professionnelle r\u00e9cemment vot\u00e9e par le parlement portant, selon eux, \u00ab\u00a0atteinte \u00e0 l&rsquo;ind\u00e9pendance de la profession, le barreau ne jouant aucun r\u00f4le dans cette \u00e9cole\u00a0\u00bb. Ils d\u00e9noncent aussi l&rsquo;intervention de la police mardi dans les locaux du Conseil de l&rsquo;ordre au palais de justice o\u00f9 quelques dizaines d&rsquo;avocats protestaient contre la cr\u00e9ation de cet institut.<\/span><\/p>\n<p align=\"justify\">\u00a0<\/p>\n<p align=\"justify\"><span lang=\"FR\">AFP<\/span><\/p>\n<div>\n<hr\/>\n<\/div>\n<p align=\"justify\">\u00a0<\/p>\n<p><\/font><font face=\"Arial\" size=\"3\"><\/p>\n<p align=\"center\"><b><span lang=\"FR\">Tunisie: gr\u00e8ve de protestation du Conseil de l&rsquo;ordre des avocats<\/span><\/b><\/p>\n<p><\/font><font face=\"Arial\" size=\"2\"><\/p>\n<p align=\"justify\">\u00a0<\/p>\n<p align=\"justify\"><span lang=\"FR\">Associated Press, le 27 mai 2006 \u00e0 12h54<\/span><\/p>\n<p align=\"justify\"><span lang=\"FR\">TUNIS (AP) &#8212; Les membres du Conseil national de l&rsquo;ordre des avocats tunisiens (CNOAT) ont d\u00e9but\u00e9 samedi une gr\u00e8ve de la faim pour \u00abd\u00e9fendre les droits des avocats et leurs revendications professionnelles\u00bb, selon un membre du conseil, Me Chawki Tabib.<\/span><\/p>\n<p align=\"justify\">\u00a0<\/p>\n<p align=\"justify\"><span lang=\"FR\">Les journalistes ont \u00e9t\u00e9 emp\u00each\u00e9s par les forces de l&rsquo;ordre d&rsquo;acc\u00e9der \u00e0 la Maison du barreau, situ\u00e9e en face du palais de justice de Tunis, o\u00f9 se d\u00e9roule la gr\u00e8ve. Aucun incident n&rsquo;a cependant \u00e9t\u00e9 enregistr\u00e9.<\/span><\/p>\n<p align=\"justify\">\u00a0<\/p>\n<p align=\"justify\"><span lang=\"FR\">Joint par t\u00e9l\u00e9phone, le b\u00e2tonnier Abdessattar ben Moussa, a d\u00e9clar\u00e9 que cette manifestation, qui se poursuivra pendant deux jours, vise essentiellement \u00e0 \u00abd\u00e9fendre l&rsquo;ind\u00e9pendance de la profession\u00bb et \u00e0 \u00abprotester contre les agressions subies par les avocats et la violation mardi dernier par les forces de l&rsquo;ordre des locaux du conseil et des bureaux du b\u00e2tonnier\u00bb.<\/span><\/p>\n<p align=\"justify\">\u00a0<\/p>\n<p align=\"justify\"><span lang=\"FR\">Cette gr\u00e8ve prend le relais d&rsquo;un sit-in observ\u00e9 pendant plus de deux semaines par des avocats qui d\u00e9non\u00e7aient une loi controvers\u00e9e r\u00e9cemment adopt\u00e9e par le Parlement.<\/span><\/p>\n<p align=\"justify\">\u00a0<\/p>\n<p align=\"justify\"><span lang=\"FR\">Selon le CNOAT, la loi instituant le premier institut de formation des avocats \u00abporte atteinte \u00e0 l&rsquo;ind\u00e9pendance du barreau\u00bb et n&rsquo;a pas pris en compte les propositions formul\u00e9es par la corporation.<\/span><\/p>\n<p align=\"justify\">\u00a0<\/p>\n<p align=\"justify\"><span lang=\"FR\">Les autorit\u00e9s d\u00e9mentent cependant \u00abtoute agression et toute violence\u00bb, affirmant que les manifestants ont \u00e9t\u00e9 dispers\u00e9s \u00abdans le calme et dans le cadre de la loi\u00bb.<\/span><\/p>\n<p align=\"justify\">\u00a0<\/p>\n<p align=\"justify\"><span lang=\"FR\">Deux repr\u00e9sentants du barreau de Paris, Mes Jean-Ren\u00e9 Farthouat et Dominique Tricaud, se trouvent \u00e0 Tunis en signe de solidarit\u00e9 avec leurs confr\u00e8res tunisiens. Ils comptent aussi assister avec l&rsquo;eurod\u00e9put\u00e9e Verte H\u00e9l\u00e8ne Flautre \u00e0 l&rsquo;ouverture pr\u00e9vue dans l&rsquo;apr\u00e8s-midi du congr\u00e8s de la Ligue tunisienne de d\u00e9fense des droits de l&rsquo;Homme (LTDH).<\/span><\/p>\n<p align=\"justify\">\u00a0<\/p>\n<p align=\"justify\"><span lang=\"FR\">Ces assises sont toutefois s\u00e9rieusement hypoth\u00e9qu\u00e9es en raison d&rsquo;une d\u00e9cision de justice suspendant le congr\u00e8s en attendant le verdict pr\u00e9vu le 3 juin dans le proc\u00e8s opposant des membres de la LTDH proches du pouvoir au comit\u00e9 directeur de la Ligue. <\/span><\/p>\n<p align=\"justify\">\u00a0<\/p>\n<p align=\"justify\"><b><span lang=\"FR\">Associated Press<\/span><\/b><\/p>\n<p align=\"justify\">\u00a0<\/p>\n<div>\n<hr\/>\n<\/div>\n<p align=\"justify\">\u00a0<\/p>\n<p><\/font><font face=\"Arial\" size=\"3\"><\/p>\n<p align=\"center\"><b><span lang=\"FR\">Ben Ali met les droits de l&rsquo;homme en sourdine<\/span><\/b><\/p>\n<p><\/font><font face=\"Arial\" size=\"2\"><\/p>\n<p align=\"center\"><b><span lang=\"FR\">Le 6e congr\u00e8s de la LTDH est maintenu ce week-end malgr\u00e9 les menaces du pouvoir.<\/span><\/b><\/p>\n<p align=\"justify\"><b><span lang=\"FR\">par Christophe AYAD<\/span><\/b><\/p>\n<p align=\"justify\">\u00a0<\/p>\n<p align=\"justify\"><span lang=\"FR\">Le 6e congr\u00e8s de la Ligue tunisienne des droits de l&rsquo;homme (LTDH), pr\u00e9vu ce week-end, s&rsquo;annonce mouvement\u00e9. La direction de la Ligue entend tenir cette r\u00e9union malgr\u00e9 les menaces que fait peser le pouvoir, qui n&rsquo;a de cesse depuis plusieurs ann\u00e9es de paralyser cette institution ind\u00e9pendante, l&rsquo;une des derni\u00e8res \u00e0 lui r\u00e9sister un minimum dans une Tunisie mise au pas. <\/span><\/p>\n<p align=\"justify\">\u00a0<\/p>\n<p align=\"justify\"><span lang=\"FR\">Ce congr\u00e8s national, qui devait se tenir en septembre, avait \u00e9t\u00e9 report\u00e9 \u00e0 la suite d&rsquo;une d\u00e9cision de justice et \u00e0 la demande d&rsquo;une vingtaine de membres dissidents. Ces derniers, en fait affili\u00e9s au parti au pouvoir, contestent l&rsquo;actuelle direction pour \u00abviolation du r\u00e8glement int\u00e9rieur et abus de pouvoir\u00bb. Les opposants se sont dits pr\u00eats \u00e0 demander le recours \u00e0 la force publique pour emp\u00eacher la tenue du congr\u00e8s, dans l&rsquo;attente d&rsquo;un jugement sur le fond pr\u00e9vu le 3 juin.<\/span><\/p>\n<p align=\"justify\">\u00a0<\/p>\n<p align=\"justify\"><span lang=\"FR\">Conjoncture difficile. Malgr\u00e9 ces manoeuvres d&rsquo;intimidation, le gel des avoirs de la LTDH et une pr\u00e9sence polici\u00e8re constante autour de ses locaux, son pr\u00e9sident, l&rsquo;avocat Mokhtar Trifi, a d\u00e9cid\u00e9 de maintenir le congr\u00e8s malgr\u00e9 \u00abune conjoncture politique tr\u00e8s difficile\u00bb et les \u00abmenaces graves de la part du pouvoir\u00bb.<\/span><\/p>\n<p align=\"justify\">\u00a0<\/p>\n<p align=\"justify\"><span lang=\"FR\">Ces derniers jours, le r\u00e9gime tunisien a montr\u00e9 une d\u00e9termination sans faille \u00e0 faire taire toute voix discordante. Notamment en expulsant, dimanche dernier, un repr\u00e9sentant suisse d&rsquo;Amnesty International, venu participer \u00e0 une r\u00e9union avec la LTDH.<\/span><\/p>\n<p align=\"justify\">\u00a0<\/p>\n<p align=\"justify\"><span lang=\"FR\">Une trentaine d&rsquo;avocates tunisiennes se sont mises en gr\u00e8ve de la faim, la semaine derni\u00e8re, pour protester contre une r\u00e9forme des \u00e9tudes instaurant une tutelle de l&rsquo;Etat sur le barreau. Mardi, les autorit\u00e9s ont r\u00e9agi avec une violence in\u00e9dite lors d&rsquo;un sit-in des avocats au palais de justice. Le pouvoir avait mobilis\u00e9 pour l&rsquo;occasion plusieurs centaines de policiers, dont l&rsquo;intervention muscl\u00e9e a envoy\u00e9 trois avocats \u00e0 l&rsquo;h\u00f4pital. Le bureau du doyen des avocats, Me Abdelsattar ben Moussa, avait \u00e9t\u00e9 d\u00e9vast\u00e9. Deux repr\u00e9sentants du barreau fran\u00e7ais, Mes Jean-Ren\u00e9 Farthouat et Dominique Tricaud, ont pr\u00e9vu de se rendre \u00e0 Tunis pour soutenir leurs confr\u00e8res tunisiens, qui ont d\u00e9cid\u00e9 de reprendre leur gr\u00e8ve de la faim samedi.<\/span><\/p>\n<p align=\"justify\">\u00a0<\/p>\n<p align=\"justify\"><span lang=\"FR\">En ordre. Invit\u00e9 \u00e0 faire de s\u00e9rieux progr\u00e8s en mati\u00e8re de libert\u00e9s et de droits de l&rsquo;homme par les Etats-Unis, dont le secr\u00e9taire d&rsquo;Etat adjoint, David Welch, \u00e9tait \u00e0 Tunis en mars, le r\u00e9gime de Zine ben Ali a d\u00e9cid\u00e9 de mettre les bouch\u00e9es doubles pour achever de mettre en ordre le \u00abjardin tunisien\u00bb. <\/span><\/p>\n<p align=\"justify\">\u00a0<\/p>\n<p align=\"justify\"><b><span lang=\"FR\">(Source\u00a0: \u00ab\u00a0Lib\u00e9ration\u00a0\u00bb (France), le samedi 27 mai 2006)<\/span><\/b><\/p>\n<p align=\"justify\">\u00a0<\/p>\n<hr\/>\n<p><\/font><\/font><span lang=\"FR\"><font face=\"Arial\"><\/p>\n<p align=\"center\"><span lang=\"FR\"><strong>R\u00e9flexions et lumi\u00e8res sur la notion du \u00ab POUVOIR \u00bb :<\/strong><\/span><\/p>\n<p><\/font><\/span><font face=\"Arial\" size=\"2\"><font face=\"Arial\" size=\"2\"><span lang=\"FR\"><\/p>\n<p align=\"center\"><strong>III &#8211; POUVOIR ET PRESSIONS ETRANGERES<\/strong><\/p>\n<p><strong>15<\/strong> Chaque pouvoir \u00e9volue dans son environnement propre \u00e0 chaque pays ou les facteurs internes, politiques sociaux et \u00e9conomiques de pression sont les plus d\u00e9terminants dans la d\u00e9termination de sa nature et la d\u00e9finition de sa strat\u00e9gie face aux diff\u00e9rents variables dont il est amen\u00e9 \u00e0 confronter. Notre histoire nous enseigne que notre pays qui a connu toute sortes d\u2019occupations et de dominations n\u2019a jamais \u00e9t\u00e9 \u00e0 l\u2019abri ni \u00e9pargn\u00e9 des bouleversements et des changements qui se sont produit en dehors de ses fronti\u00e8res. Par sa position charni\u00e8re dans la carte du monde, depuis l\u2019antiquit\u00e9 elle demeure aussi largement d\u00e9pendante de facteurs exog\u00e8nes, ext\u00e9rieurs dont elle n\u2019a pas n\u00e9cessairement de moyens d\u2019action sur leur \u00e9volution et leurs implications. C\u2019est un pouvoir sous le double effet des pressions endog\u00e8nes et exog\u00e8nes qui cherche \u00e0 n\u00e9gocier une souverainet\u00e9 qui semble de plus en plus se r\u00e9duire \u00e0 d\u00e9fendre le maintien du pouvoir aux mains de ceux qui l\u2019ont confisqu\u00e9 depuis cinquante ans.  <strong>16<\/strong> Aujourd\u2019hui le pouvoir semble se complaire \u00e0 se pr\u00e9senter en d\u00e9fenseur de la souverainet\u00e9 nationale face aux pressions \u00e9trang\u00e8res. Ce regain d\u2019int\u00e9r\u00eat \u00e0 raviver une fibre patriotique r\u00e9prim\u00e9e ne proc\u00e8de pas d\u2019une mobilisation contre des interf\u00e9rences \u00e9trang\u00e8res bien d\u00e9termin\u00e9es mais \u00e0 des fins de politique interne en prof\u00e9rant l\u2019accusation de supp\u00f4t de l\u2019\u00e9tranger \u00e0 l\u2019encontre de certains opposants. En r\u00e9alit\u00e9 le pouvoir n\u2019a jamais autant d\u00e9pendant de l\u2019\u00e9tranger auparavant, depuis la fondation de l\u2019\u00e9tat national n\u2019a pas cherch\u00e9 de changer la nature des rapports d\u2019ex colonie qui font subsister les rapports de protectorat li\u00e9s \u00e0 la colonisation fran\u00e7aise du pays. 80% des \u00e9changes commerciaux continuent \u00e0 passer par la France qui occupe la premi\u00e8re position sur tous les tableaux de subvention, de cr\u00e9dits et d\u2019investissements, avec des proportions qui d\u00e9passent le simple statut de partenaire privil\u00e9gi\u00e9. Une situation qui ne laisse aucun doute sur le poids de la d\u00e9pendance politique que le pouvoir subit de cet effet. Le pouvoir peut certes crier au scandale et tout remuer pour d\u00e9noncer \u00ab l\u2019intol\u00e9rable interf\u00e9rence Suisse dans les affaires internes du pays \u00bb mais cela ne peut duper personne sur la d\u00e9pendance de son sort d\u2019un changement d\u2019attitude de l\u2019occident et de la France en particulier \u00e0 son \u00e9gard.  <strong>17<\/strong> Quand la question de l\u2019ind\u00e9pendance nationale \u00e0 \u00e9t\u00e9 pos\u00e9e au milieux du vingti\u00e8me si\u00e8cle, annon\u00e7ant la fin de l\u2019\u00e8re coloniale le plus grand probl\u00e8me que les dirigeants de la lutte de lib\u00e9ration ont du affronter \u00e9t\u00e9 leur division sur la question de savoir si l\u2019ind\u00e9pendance de la Tunisie pouvait \u00eatre consid\u00e9r\u00e9e comme acquise ind\u00e9pendamment de la continuation de l\u2019occupation fran\u00e7aise de l\u2019Alg\u00e9rie. Cette question a fini par diviser le mouvement national et plonger le pays dans une guerre civile non d\u00e9clar\u00e9e. Bourguiba qui a pris la direction du camp isolationniste aid\u00e9 par l\u2019administration coloniale et l\u2019arm\u00e9e fran\u00e7aise pour venir \u00e0 bout du front nationaliste qui liait l\u2019ind\u00e9pendance de la Tunisie \u00e0 l\u2019ind\u00e9pendance de l\u2019Alg\u00e9rie \u00e0 certes aboutit \u00e0 ses fins mais cette ind\u00e9pendance \u00e0-t-elle vraiment assurer l\u2019invuln\u00e9rabilit\u00e9 du pays face aux pressions et son ind\u00e9pendance de d\u00e9cision ?  <strong>18<\/strong> Malgr\u00e9 les conditions dans lesquelles l\u2019ind\u00e9pendance de la Tunisie a \u00e9t\u00e9 acquise, la constitution proclam\u00e9e le 1er juin 1959 ne consid\u00e8re pas l\u2019\u00e9tat mise en place comme l\u2019aboutissement de la construction nationale dans la quelle le peuple tunisien se reconna\u00eet. L\u2019article 2 de la constitution pr\u00e9cisait en effet que : \u00ab La r\u00e9publique tunisienne constitue une partie du Grand Maghreb Arabe \u00e0 l\u2019unit\u00e9 duquel elle \u0153uvre dans le cadre de l\u2019int\u00e9r\u00eat commun. \u00bb Dans la logique de cette proclamation la Tunisie ne reconnais pas aussi dans les autres pays du Maghreb que des parties de cette nation commune qui doit nous \u00eatre construit. Cette logique qui a bien fonctionn\u00e9 dans la gestion de la question de l\u2019ind\u00e9pendance de la Mauritanie et du conflit frontalier alg\u00e9ro-marocain a fait gravement d\u00e9faut quand la question de l\u2019ind\u00e9pendance du territoire du Sahara occidental a \u00e9t\u00e9 pos\u00e9e. Ce territoire qui n\u2019avait aucun rapport de plus avec le Maroc que ceux qui l\u2019unissent aux autres parties du Maghreb a \u00e9t\u00e9 revendiqu\u00e9 par sa monarchie comme elle avait pr\u00e9c\u00e9demment revendiqu\u00e9e la Mauritanie. L\u2019ambivalence de la position tunisienne et les d\u00e9sastreux retournements de positions libyennes ont install\u00e9 toute la r\u00e9gion dans une grave situation d\u2019instabilit\u00e9 en poussant les deux grands pays de la r\u00e9gion, l\u2019Alg\u00e9rie et le Maroc, dans une course d\u2019influence que l\u2019objectif d\u2019un Maghreb uni a gravement p\u00e2ti jusqu&rsquo;\u00e0 pr\u00e9sent.   <strong>19<\/strong> Ce probl\u00e8me occult\u00e9 au d\u00e9pend des int\u00e9r\u00eats sup\u00e9rieur du pays constitue pourtant le principal d\u00e9fi autour duquel toute la strat\u00e9gie du pouvoir et entrain de tourner. Aujourd\u2019hui la question du pouvoir en terme de bonne gouvernance n\u2019est pratiquement jamais abord\u00e9 dans son aspect g\u00e9ographique de construction nationale non accomplie. Malgr\u00e9 les \u00e9checs partout confirm\u00e9s des constructions nationale sur la base de la partition coloniale et la r\u00e9g\u00e9n\u00e9rescence des pratiques despotiques d\u2019un h\u00e9ritage des rois corsaires et de roitelets turcs domaniaux dans les rapports des d\u00e9tenteurs du pouvoir avec la soci\u00e9t\u00e9 l\u2019id\u00e9e de l\u2019\u00e9tat nation que constitue le Maghreb pour ses habitants n\u2019a pas encore r\u00e9ussi \u00e0 se mettre en avant.  <strong>20<\/strong> Ce pouvoir r\u00e9pond en r\u00e9alit\u00e9 \u00e0 une situation g\u00e9ostrat\u00e9gique internationale bien d\u00e9termin\u00e9e. Trac\u00e9e \u00e0 la fin de la 2\u00e8me guerre mondiale qui correspond \u00e0 un mod\u00e8le commun aux pays du tiers monde r\u00e9cemment \u00e9mancip\u00e9s de la colonisation directe. Cette strat\u00e9gie fond\u00e9e sur l\u2019inviolabilit\u00e9 des fronti\u00e8res h\u00e9rit\u00e9es de la colonisation, un principe dont \u00e9t\u00e9s except\u00e9s les pays sous domination de l\u2019ancien Union sovi\u00e9tique jusqu&rsquo;\u00e0 son effondrement \u00e0 abouti \u00e0 la formation de domaines de pouvoirs investies d\u2019une l\u00e9gitimit\u00e9 internationale que seul la brutalit\u00e9 de l\u2019exercice du pouvoir les maintenaient unies malgr\u00e9 leurs diversit\u00e9s ou emp\u00eachait leur int\u00e9gration dans leurs nations naturelles condamn\u00e9s aux d\u00e9membrement. Aujourd\u2019hui cette strat\u00e9gie g\u00e9opolitique internationale semble avoir \u00e9t\u00e9 abandonn\u00e9e et ne r\u00e9pondait plus aux imp\u00e9ratifs qui gouvernent le monde aujourd\u2019hui. Depuis le d\u00e9but des ann\u00e9es quatre-vingt-dix, la chute du mur de Berlin annon\u00e7ait ce tournant, l\u2019unit\u00e9 allemande et l\u2019\u00e9clatement du Balkan \u00e9t\u00e9s les premiers signes de ce nouveau d\u00e9ploiement.  <strong>21<\/strong> Il semble aujourd\u2019hui que ce double effet constructeur et destructeur de nations de la nouvelle strat\u00e9gie mondiale n\u2019a pas \u00e9t\u00e9 bien saisi par beaucoup d\u2019\u00e9lites dans notre r\u00e9gion dans ses r\u00e9percussions sur leurs propres pays. Ses manifestations contradictoires n\u2019ont fait que brouiller d\u2019avantage l\u2019intelligibilit\u00e9. L\u2019observation des \u00e9v\u00e9nements qui se d\u00e9roulent en Irak, au Soudan et en Somalie n\u2019annoncent il est vraie que le d\u00e9but d\u2019une \u00e8re de grandes bouleversements et de d\u00e9sint\u00e9grations g\u00e9n\u00e9ralis\u00e9es. Les premiers effets d\u2019une demi si\u00e8cle d\u2019oppression semblent \u00eatre partout marqu\u00e9s par l\u2019explosion des revendications identitaires refoul\u00e9s. Pour ceux qui ont annonc\u00e9 \u00ab la fin de l\u2019histoire \u00bb il semble que ces \u00e9v\u00e9nements viennent leur signifier que pour beaucoup de peuple de notre humanit\u00e9 l\u2019histoire n\u2019a pas encore commenc\u00e9e.  <strong>22<\/strong> Pour revenir \u00e0 la question du pouvoir en Tunisie face \u00e0 ce retournement de g\u00e9ostrat\u00e9gique objet de cet essai, il semble jusqu&rsquo;\u00e0 pr\u00e9sent l\u2019appr\u00e9hension manifest\u00e9 par la nervosit\u00e9 face \u00e0 la moindre manifestation de sa remise en question proc\u00e8de essentiellement d\u2019un manque de visibilit\u00e9 et d\u2019une incapacit\u00e9 de lecture des v\u00e9ritables retomb\u00e9s sur le pays en g\u00e9n\u00e9ral et sur le pouvoir en particulier. Il semble que le pouvoir a \u00e9puis\u00e9 son discours sur le respect des droits de l\u2019homme et la cons\u00e9cration de l\u2019Etat de doit et des institutions inaugur\u00e9 avec le changement de 1987 en l\u2019absence de signe concrets et par le d\u00e9phasage entre le discours et la r\u00e9alit\u00e9. Aujourd\u2019hui le non droit est entrain de d\u00e9border sur le droit dans le traitement des questions relatives aux libert\u00e9s publiques et priv\u00e9es, d\u2019autre part le pouvoir semble ne plus distingu\u00e9 entre l\u2019autorit\u00e9 de la loi et l\u2019autorit\u00e9 par la loi (Rule of law \/Rule by low) et oublier que l\u2019Etat de Droit n\u2019est pas l\u2019Etat de n\u2019importe quel droit. Par incompr\u00e9hension ou par opportunisme pour gagner du temps le pouvoir ne fait concr\u00e8tement que renforcer son autoritarisme.   <strong>23<\/strong> Sur un autre plan, si la politique n\u2019est pas encore parvenue \u00e0 dissocier le pouvoir de son instrumentalisation en moyen de domination dans la plupart des pays et moins encore dans les rapports internationaux, d\u2019\u00e9normes acquis sont universellement reconnu quant au statut de l\u2019\u00eatre humain et la reconnaissance de droits fondamentaux inh\u00e9rentes \u00e0 sa personne ind\u00e9pendamment de son appartenance de race, de religion de sexe ou de pays. Les rapports de domination qui ont pr\u00e9valu dans les soci\u00e9t\u00e9s humaines depuis le d\u00e9but de son histoire semblent r\u00e9volus \u00e0 jamais ou en voie de disparition. Apr\u00e8s l&rsquo;abolition de l\u2019esclavage, d\u2019autres formes de discrimination sont universellement combattues tel que le racisme et l\u2019antis\u00e9mitisme et les diff\u00e9rentes formes de s\u00e9gr\u00e9gation dont certaines communaut\u00e9s ont fait longtemps objet et qui proc\u00e8de de doctrine proc\u00e9dant d\u2019un ordonnancement des \u00eatres humains selon leur race, pays ou religion pour asseoir le pouvoir et la domination des leurs.   <strong>24<\/strong> Au cours des derni\u00e8res d\u00e9cennies d\u2019autres formes aussi r\u00e9pugnantes de domination ont fait l\u2019objet d\u2019efforts internationaux sans pr\u00e9c\u00e8dent pour leur abolition. L\u2019\u00e9mancipation de la femme de la domination de l\u2019homme et avec elle le moiti\u00e9 de l\u2019humanit\u00e9 \u00e9t\u00e9 jusqu&rsquo;\u00e0 quelques dizaines d\u2019ann\u00e9es un discours creux sans contenu concret. Priv\u00e9e jusqu\u2019en Europe il y a moins d\u2019un demi si\u00e8cle de la pleine citoyennet\u00e9 par sa privation du travail, du droit de vote et de participation \u00e0 l\u2019exercice du pouvoir, elle \u00e9t\u00e9 incapable de disposer de son corps par la dissolution du lien d\u2019un mariage inappropri\u00e9 ou l\u2019avortement d\u2019une conception non d\u00e9sir\u00e9e. Aujourd\u2019hui d\u2019autres rapports de domination aussi important mais moins perceptibles encore sont en cours de d\u00e9mant\u00e8lement au profit d\u2019une autre partie plus vuln\u00e9rable encore de l\u2019humanit\u00e9. La protection de l\u2019enfance et l\u2019\u00e9laboration d\u2019un statut mondial pour sa pr\u00e9servation de l\u2019exploitation pr\u00e9coce de la traite et de la p\u00e9dophilie et par la garantie d\u2019une mod\u00e9ration du pouvoir parental et l\u2019assurance d\u2019un niveau d\u2019\u00e9ducation, de formation et de soins \u00e9gal pour tous proc\u00e8de d\u2019une vision d\u2019un monde meilleur ou le pouvoir gagnera davantage \u00e0 \u00eatre d\u00e9barrass\u00e9 de ses aspects d\u2019horreur au profit des g\u00e9n\u00e9rations futures.  <strong>25<\/strong> Ces diff\u00e9rents aspects de cette \u00e9volution de fond sont en train de changer le d\u00e9s\u00e9quilibre de pouvoir dans les rapports sociaux dans ses diff\u00e9rentes manifestations de la famille jusqu\u2019\u00e0 l\u2019Etat et d\u2019agir profond\u00e9ment sur les m\u0153urs et sur la conception m\u00eame du pouvoir dans l\u2019esprit commun. Cette tendance \u00e0 instaurer une culture de rapports humains \u00e9galitaires face \u00e0 laquelle les pratiques despotiques et tyrannique s&rsquo;ils continues \u00e0 exister dans les faits ils n&rsquo;ont plus le pouvoir de se proclamer ni d&rsquo;\u00eatre avou\u00e9s. Ce sont des absolutismes dissimul\u00e9s et des despotismes maquill\u00e9s qui cherchent \u00e0 subsister tentant en vain de justifier leurs hideuse pratiques par une panoplie d&rsquo;alibis tenants aux particularit\u00e9s historiques, ethniques, culturelles, religieuses de leur soci\u00e9t\u00e9s tentant de retarder le plus possible de temps leurs \u00e9mancipation.  <strong>26<\/strong> le d\u00e9veloppement parall\u00e8le du droit international, ces derni\u00e8res ann\u00e9es, est en train de s\u2019orienter vers l\u2019instauration de normes universelles de gouvernance moyennant trait\u00e9s, conventions et accords multilat\u00e9raux et bilat\u00e9raux qui comportent des obligations de respect par les \u00e9tats de r\u00e8gles bien d\u00e9finit dans leur exercice du pouvoir dans leurs propre pays. Si cette tendance est en train de mettre \u00e0 rude \u00e9preuve la notion de souverainet\u00e9 que tous les tyrans se sont pr\u00e9valu pour dominer en ma\u00eetres absolu leurs pays et faire passer leurs plus sinistre dessins dans la pers\u00e9cution de leurs concitoyens le renouveau de la notion de l\u00e9gitimit\u00e9 est entrain de faire \u00e9voluer la notion m\u00eame du pouvoir vers des param\u00e8tres internationaux et des normes communes en dehors de leur respect tout pouvoir risque de se trouver en banc d&rsquo;accusation devant la communaut\u00e9 internationale de plus en plus port\u00e9e \u00e0 s&rsquo;ing\u00e9rer dans de telle situations.  <strong>27<\/strong> Le pouvoir en tant que forme d\u2019organisation de l\u2019autorit\u00e9 ou en tant que substance manifest\u00e9 par son exercice effectif subit les effets de facteurs endog\u00e8nes et exog\u00e8nes qui d\u00e9terminent sa nature et lui donne l\u2019aspect qu\u2019il rev\u00eat \u00e0 un moment donn\u00e9. Si l\u2019essentiel de son r\u00f4le est de g\u00e9rer des situations il fini lui-m\u00eame par se transformer sous l\u2019effet des mutations que les diff\u00e9rentes situations ne sont que les signes ext\u00e9rieurs du changement dans l\u2019environnement qu\u2019il est sens\u00e9 gouverner.  <strong><font>Yahyaoui Mokhtar<\/font> \u2013 Tunis le 27 Mai 2006<\/strong><\/p>\n<p><strong> <\/strong>A suivre : <strong>VI \u2013 DE LA MORALE DU POUVOIR <\/strong>__________________________<span lang=\"FR\"> 1 &#8211; Sous les effets des bouleversements strat\u00e9giques en cours la Tunisie ne semble pas appartenir \u00e0 une r\u00e9gion menac\u00e9e de d\u00e9sint\u00e9gration. Une lecture attentive de la situation peut nous r\u00e9v\u00e9ler un pays appel\u00e9 \u00e0 jouer un r\u00f4le pionnier dans l\u2019int\u00e9gration de toute sa r\u00e9gion. Aujourd\u2019hui l\u2019union du Maghreb semble devenir un v\u0153u occidental qui ne s\u2019oppose \u00e0 aucun int\u00e9r\u00eat strat\u00e9gique majeur. Sur les divers plans de stabilit\u00e9 r\u00e9gionale, d\u2019aire d\u00e9ploiement \u00e9conomique convoit\u00e9e et de r\u00f4le dans la contenance du ph\u00e9nom\u00e8ne d\u2019immigration qui inqui\u00e9t\u00e9 l\u2019Europe et celui du contr\u00f4le des immenses espaces sous gouvern\u00e9s sur son flanc sud qui inqui\u00e8te les am\u00e9ricains dans leur guerre contre le terrorisme une int\u00e9gration maghr\u00e9bine semble destin\u00e9e \u00e0 se pr\u00e9senter comme la meilleure solution \u00e0 toute ces questions.<\/span><\/p>\n<p><span lang=\"FR\"><strong><font>\u00a0(Source: le blog du juge Yahyaoui Mokhtar le 27 mai 2006)<\/font><\/strong><\/span><\/p>\n<p>\u00a0<\/p>\n<p align=\"justify\"><a href=\"http:\/\/www.yahyaoui.blogspot.com\/2006\/05\/rflexions-et-lumires-sur-la-notion-du_27.html\" target=\"_blank\" rel=\"noopener\">http:\/\/www.yahyaoui.blogspot.com\/2006\/05\/rflexions-et-lumires-sur-la-notion-du_27.html<\/a><\/p>\n<p align=\"justify\">\n<p><\/span>\u00a0<span lang=\"FR\"><\/p>\n<div>\n<hr\/>\n<\/div>\n<div align=\"center\"> <font face=\"Arial\" size=\"2\"><strong><\/p>\n<h2 style=\"color: red;\"><font size=\"3\">Il faut   reconstruire Carthage<\/font><\/h2>\n<p><\/strong><\/font><\/div>\n<div align=\"justify\"> <strong><font>Hannibal<\/font><\/strong>   \u00a0   Il faut reconstruire Carthage, pas comme une cit\u00e9 au bord de la mer mais   Carthage l\u2019\u00e9tat. Pour cela il ne faudra pas un Hannibal Barca, il nous faut   plusieurs hommes et femmes engag\u00e9s et surtout des personnes justes. (\u00e7a ne   veut pas dire que Hannibal n\u2019est pas mon h\u00e9ros au contraire c\u2019est m\u00eame gr\u00e2ce \u00e0   son pragmatisme que je r\u00e9agis )   \u00a0   Il faut aussi construire la New Kairouan.   \u00a0   Carthage et Kairouan sont deux \u00e9l\u00e9ments qui peuvent r\u00e9unir pour faire la   renaissance que plusieurs lutent depuis des ann\u00e9es pour la faire.    \u00a0   A mon avis et dans notre actuel il faut :   &#8211; R\u00e9unir toutes nos forces    &#8211; Se r\u00e9unir derri\u00e8re un objectif (savoir ce que nous voulons par ex notre \u00e9tat   du futur \u2026 )   \u00a0   Il faut avoir un projet r\u00e9el et pragmatique, car le peuple est impatient (il y   a beaucoup de probl\u00e8mes )!!!   \u00a0   Si on arrive \u00e0 se r\u00e9unir et a savoir ce qu\u2019on veut alors on pourrait :   &#8211; Estimer notre force (pacifique bien s\u00fbr)    &#8211; Estimer la tactique de l\u2019adversaire.    &#8211; Travailler au quotidien (sans n\u00e9gliger aucun secteur)   \u00a0   Je m\u2019arr\u00eate ici (j&rsquo;aime pas \u00e9crire un livre qui ne plait pas, c&rsquo;est mieux   d&rsquo;aborder d&rsquo;abord) mais je suis convaincu que la mani\u00e8re avec laquelle on lute   aujourd\u2019hui n\u2019est pas efficace mais je reste pragmatique donc je laisse \u00e0 vous   de commenter ma petite id\u00e9e.   \u00a0   N\u2019oubliez pas mes amis qu\u2019une id\u00e9e peut changer les cours d\u2019histoires,   veuillez m\u2019excusez si je pense trop \u00e0 Hannibal mais cet homme a compris que   prendre Rome par la voie maritime est logique mais impossible, alors il a eu   l\u2019id\u00e9e de traverser les alpes et il a r\u00e9ussit. A nos jours sa strat\u00e9gie   s\u2019enseigne encore.    \u00a0   J\u2019attends vos commentaires merci.   \u00a0   <strong><font>Hannibal<\/font><\/strong><\/div>\n<p><\/span><\/font><\/p>\n<p align=\"justify\">\u00a0<\/p>\n<div>\n<hr\/>\n<\/div>\n<p align=\"center\"><span lang=\"FR\">La Lettre du Journal <\/span><\/p>\n<p><\/font><font face=\"Arial\" size=\"3\"><\/p>\n<p align=\"center\"><b><span lang=\"FR\">L&rsquo;INSTITUT DE LA DISCORDE\u2026<\/span><\/b><\/p>\n<p><\/font><font face=\"Arial\" size=\"2\"><\/p>\n<p align=\"justify\"><span lang=\"FR\">\u00a0<b><span>Par M&rsquo;hamed JAIBI <\/span><\/b><\/span><\/p>\n<p align=\"justify\"><span lang=\"FR\">\u00a0\u00a0 <\/span><\/p>\n<p align=\"justify\"><span lang=\"FR\">Ce qui s&rsquo;est pass\u00e9, mardi dernier, au Palais de Justice de Tunis est tout \u00e0 fait regrettable. Profitant de la d\u00e9cision de leur Conseil de l&rsquo;Ordre d&rsquo;organiser une \u00abJourn\u00e9e de protestation\u00bb, un certain nombre d&rsquo;avocats ont franchi le Rubicon, optant pour des mots d&rsquo;ordre politiques et des slogans discourtois. Il s&rsquo;en est suivi une \u00abescalation\u00bb et l&rsquo;intervention des forces de l&rsquo;ordre. Des accrochages ont \u00e9t\u00e9 signal\u00e9s et le Palais de Justice s&rsquo;est transform\u00e9 en un campus universitaire.<\/span><\/p>\n<p align=\"justify\">\u00a0<\/p>\n<p align=\"justify\"><span lang=\"FR\">Le communiqu\u00e9 officiel, publi\u00e9 mercredi, explique qu&rsquo;\u00abun nombre limit\u00e9 d&rsquo;avocats ont tent\u00e9, hier matin, de perturber les audiences au Palais de Justice de Tunis, scandant des slogans indignes de l&rsquo;institution judiciaire\u00bb.<\/span><\/p>\n<p align=\"justify\">\u00a0<\/p>\n<p align=\"justify\"><span lang=\"FR\">\u00abDans l&rsquo;esprit de garantir la bonne marche de la justice, et pour permettre aux citoyens de vaquer \u00e0 leurs affaires, pr\u00e9cise le communiqu\u00e9, il a \u00e9t\u00e9, sur ordre du minist\u00e8re public, fait appel aux agents de la s\u00e9curit\u00e9 afin d&rsquo;\u00e9vacuer du Palais de Justice les avocats \u00e0 l&rsquo;origine des actes de d\u00e9sordre. Cela a \u00e9t\u00e9 accompli dans le calme et conform\u00e9ment \u00e0 la loi. Le d\u00e9roulement normal des audiences s&rsquo;est donc poursuivi avec la participation de l&rsquo;ensemble des justiciables et de leurs avocats\u00bb.<\/span><\/p>\n<p align=\"justify\">\u00a0<\/p>\n<p align=\"justify\"><span lang=\"FR\">Le Conseil de l&rsquo;Ordre des avocats indique, lui, que ses locaux ont \u00e9t\u00e9 investis ainsi que le bureau du b\u00e2tonnier, estimant qu&rsquo;il s&rsquo;agit l\u00e0 d&rsquo;un grave pr\u00e9c\u00e9dent. Et il fait \u00e9tat de son intention d&rsquo;avoir recours \u00e0 la justice. De m\u00eame qu&rsquo;il annonce sa d\u00e9cision de poursuivre l&rsquo;occupation des locaux de la \u00abMaison de l&rsquo;Avocat\u00bb et l&rsquo;entr\u00e9e en gr\u00e8ve de la faim des membres du Conseil, \u00e0 partir du samedi 27 mai.<\/span><\/p>\n<p align=\"justify\">\u00a0<\/p>\n<p align=\"justify\"><span lang=\"FR\">Nous avions, la semaine pass\u00e9e, appel\u00e9 les parties en conflit \u00e0 tenter de \u00abremonter la pente du pourrissement\u00bb. Nous ne pensions pas si bien dire, mais nous aurions, de loin, pr\u00e9f\u00e9r\u00e9 nous tromper.<\/span><\/p>\n<p align=\"justify\">\u00a0<\/p>\n<p align=\"justify\"><span lang=\"FR\">Le pourrissement du mouvement est aujourd&rsquo;hui patent. Et personne ne voit comment on pourrait d\u00e9samorcer la crise. Pourtant, d&rsquo;escalade n&rsquo;avait, en fait, aucune raison de pr\u00e9valoir, sachant que l&rsquo;id\u00e9e d&rsquo;un institut d&rsquo;avocature \u00e9tait, au d\u00e9but, une simple revendication -voire un r\u00eave- des avocats, visant \u00e0 freiner le flot des nouveaux venus au barreau.<\/span><\/p>\n<p align=\"justify\">\u00a0<\/p>\n<p align=\"justify\"><span lang=\"FR\">Certes, cette id\u00e9e a fait son chemin et s&rsquo;est transform\u00e9e en projet gouvernemental tout \u00e0 fait correct et coh\u00e9rent. Mais, dans une atmosph\u00e8re de totale incompr\u00e9hension, avait-on vraiment besoin d&rsquo;un passage en force et d&rsquo;une adoption rapide, ressentis semble-t-il par le Conseil de l&rsquo;Ordre et par les courants qui le soutiennent comme une humiliation.<\/span><\/p>\n<p align=\"justify\">\u00a0<\/p>\n<p align=\"justify\"><span lang=\"FR\">M. B\u00e9chir Tekkari a, en plusieurs occasions, notamment lors du dossier t\u00e9l\u00e9vis\u00e9 du mardi 16 mai, insist\u00e9 sur la poursuite du dialogue autour des textes d&rsquo;application. Mettons-y des points de suspension et appelons au dialogue tout court. Est-il vraiment urgent de voir cet institut d\u00e9marrer ? Que non, s&rsquo;il s&rsquo;agit d&rsquo;un institut de la discorde, n\u00e9 d&rsquo;une id\u00e9e des avocats. La terre et le monde ne cesseront pas de tourner et les ma\u00eetrisards de postuler \u00e0 un DEA ou de s&rsquo;essayer au CAPA. Ce ne serait que partie remise, dans l&rsquo;int\u00e9r\u00eat de tous et de chacun.<\/span><\/p>\n<p align=\"justify\">\u00a0<\/p>\n<p align=\"justify\"><b><span lang=\"FR\">(Source\u00a0: Editorial du \u00ab\u00a0Le Journal\u00a0\u00bb, N\u00b0 28 du 27 mai 2006)<\/span><\/b><\/p>\n<p align=\"justify\"><b><span>URL:<\/span><span><\/span><span lang=\"EN-GB\"><a href=\"http:\/\/www.gplcom.com\/journal\/fr\" target=\"_blank\" rel=\"noopener\"><span lang=\"SV\"><font>http:\/\/www.gplcom.com\/journal\/fr<\/font><\/span><\/a> <\/span><\/b><\/p>\n<hr\/>\n<p align=\"justify\"><span>\u00a0\u00a0\u00a0 <\/span><\/p>\n<p align=\"justify\">\u00a0<\/p>\n<p><\/font><font face=\"Arial\" size=\"3\"><\/p>\n<p align=\"center\"><b><span lang=\"FR-CH\">\u00a0Une ONG demande \u00e0 la Suisse d&rsquo;intervenir en faveur des Palestiniens <\/span><\/b><\/p>\n<p><\/font><font face=\"Arial\" size=\"2\"><\/p>\n<p align=\"justify\">\u00a0<\/p>\n<p align=\"justify\"><span lang=\"FR-CH\">ATS, le 26 mai 2006 \u00e0 21h16<\/span><\/p>\n<p align=\"justify\"><span lang=\"FR-CH\">BERNE &#8211; Une ONG bas\u00e9e \u00e0 Gen\u00e8ve a transmis \u00e0 la Suisse et aux Nations unies une p\u00e9tition demandant l&rsquo;application du droit international en faveur des Palestiniens. L&rsquo;Association Droit Pour Tous a r\u00e9colt\u00e9 10&rsquo;000 signatures en Suisse romande.<\/span><\/p>\n<p align=\"justify\">\u00a0<\/p>\n<p align=\"justify\"><span lang=\"FR-CH\">L&rsquo;ONG demande \u00e0 la Suisse et \u00e0 la communaut\u00e9 internationale de rappeler \u00e0 Isra\u00ebl l&rsquo;obligation d&rsquo;appliquer les r\u00e9solutions de l&rsquo;ONU concernant la Palestine, a indiqu\u00e9 \u00e0 l&rsquo;ATS son pr\u00e9sident Anouar Gharbi (Citoyen suisse d\u2019origine tunisienne, NDLR). Elle se r\u00e9f\u00e8re notamment aux textes qui concernent le retrait isra\u00e9lien des territoires occup\u00e9s depuis 1967 et le retour ou l&rsquo;indemnisation des r\u00e9fugi\u00e9s.<\/span><\/p>\n<p align=\"justify\">\u00a0<\/p>\n<p align=\"justify\"><span lang=\"FR-CH\">Pour l&rsquo;association, il n&rsquo;y aura pas de paix au Proche-Orient tant que les droits des Palestiniens n&rsquo;auront pas \u00e9t\u00e9 r\u00e9tablis, \u00ab\u00a0et cela se traduit par la cr\u00e9ation d&rsquo;un Etat palestinien viable\u00a0\u00bb, selon un communiqu\u00e9 de l&rsquo;association.<\/span><\/p>\n<p align=\"justify\">\u00a0<\/p>\n<p align=\"justify\"><span lang=\"FR-CH\">La remise de cette p\u00e9tition a co\u00efncid\u00e9 avec le d\u00e9but d&rsquo;une conf\u00e9rence de trois jours \u00e0 Gen\u00e8ve sur le conflit isra\u00e9lo-palestinien. Les d\u00e9bats rassemblent plusieurs personnalit\u00e9s dont Leila Shahid, d\u00e9l\u00e9gu\u00e9e de la Palestine aupr\u00e8s de l&rsquo;Union europ\u00e9enne.<\/span><\/p>\n<p align=\"justify\">\u00a0<\/p>\n<p align=\"justify\"><b><span lang=\"FR-CH\">(Source\u00a0: <a href=\"http:\/\/www.swissinfo.org\/\" target=\"_blank\" rel=\"noopener\"><span>www.swissinfo.org<\/span><\/a> , le 26 mai 2006)<\/span><\/b><\/p>\n<p><\/font><\/p>\n<div> <font face=\"Arial\" size=\"2\">\u00a0\u00a0\u00a0\u00a0\u00a0\u00a0\u00a0\u00a0\u00a0\u00a0\u00a0<\/font><\/div>\n<hr\/>\n<p align=\"center\"><b><a href=\"https:\/\/tunisnews.net\/ar\/\"><span>Home<\/span><span lang=\"FR-CH\"> &#8211; Accueil <\/span><span>&#8211; <\/span><span dir=\"rtl\" lang=\"AR-SA\">\u0627\u0644\u0631\u0626\u064a\u0633\u064a\u0629<\/span><\/a><\/b><\/p>\n<p><\/body><\/body><\/html><\/p>","protected":false},"excerpt":{"rendered":"<p>Home &#8211; Accueil &#8211; \u0627\u0644\u0631\u0626\u064a\u0633\u064a\u0629 \u00a0 TUNISNEWS 7\u00a0\u00e8me\u00a0ann\u00e9e, N\u00b0\u00a02196 du 27.05.2006 \u00a0archives : www.tunisnews.net LTDH: La Tunisie en \u00e9tat de Si\u00e8ge aujourd\u2019hui 27 mai 2006 Comit\u00e9 international de soutien aux internautes de Zarzis: Aymen MCHAREK, citoyen allemand, emp\u00each\u00e9 de quitter le territoire AFP: Gr\u00e8ve de la faim de 48 heures du Conseil de l&rsquo;ordre des [&hellip;]<\/p>\n","protected":false},"author":1,"featured_media":22040,"comment_status":"open","ping_status":"open","sticky":false,"template":"","format":"standard","meta":{"inline_featured_image":false,"site-sidebar-layout":"default","site-content-layout":"","ast-site-content-layout":"default","site-content-style":"default","site-sidebar-style":"default","ast-global-header-display":"","ast-banner-title-visibility":"","ast-main-header-display":"","ast-hfb-above-header-display":"","ast-hfb-below-header-display":"","ast-hfb-mobile-header-display":"","site-post-title":"","ast-breadcrumbs-content":"","ast-featured-img":"","footer-sml-layout":"","ast-disable-related-posts":"","theme-transparent-header-meta":"","adv-header-id-meta":"","stick-header-meta":"","header-above-stick-meta":"","header-main-stick-meta":"","header-below-stick-meta":"","astra-migrate-meta-layouts":"default","ast-page-background-enabled":"default","ast-page-background-meta":{"desktop":{"background-color":"","background-image":"","background-repeat":"repeat","background-position":"center center","background-size":"auto","background-attachment":"scroll","background-type":"","background-media":"","overlay-type":"","overlay-color":"","overlay-opacity":"","overlay-gradient":""},"tablet":{"background-color":"","background-image":"","background-repeat":"repeat","background-position":"center center","background-size":"auto","background-attachment":"scroll","background-type":"","background-media":"","overlay-type":"","overlay-color":"","overlay-opacity":"","overlay-gradient":""},"mobile":{"background-color":"","background-image":"","background-repeat":"repeat","background-position":"center center","background-size":"auto","background-attachment":"scroll","background-type":"","background-media":"","overlay-type":"","overlay-color":"","overlay-opacity":"","overlay-gradient":""}},"ast-content-background-meta":{"desktop":{"background-color":"var(--ast-global-color-5)","background-image":"","background-repeat":"repeat","background-position":"center center","background-size":"auto","background-attachment":"scroll","background-type":"","background-media":"","overlay-type":"","overlay-color":"","overlay-opacity":"","overlay-gradient":""},"tablet":{"background-color":"var(--ast-global-color-5)","background-image":"","background-repeat":"repeat","background-position":"center center","background-size":"auto","background-attachment":"scroll","background-type":"","background-media":"","overlay-type":"","overlay-color":"","overlay-opacity":"","overlay-gradient":""},"mobile":{"background-color":"var(--ast-global-color-5)","background-image":"","background-repeat":"repeat","background-position":"center center","background-size":"auto","background-attachment":"scroll","background-type":"","background-media":"","overlay-type":"","overlay-color":"","overlay-opacity":"","overlay-gradient":""}},"footnotes":""},"categories":[],"tags":[57,37,29],"class_list":["post-15501","post","type-post","status-publish","format-standard","has-post-thumbnail","hentry","tag-57","tag-37","tag-fr"],"_links":{"self":[{"href":"https:\/\/tunisnews.net\/ar\/wp-json\/wp\/v2\/posts\/15501","targetHints":{"allow":["GET"]}}],"collection":[{"href":"https:\/\/tunisnews.net\/ar\/wp-json\/wp\/v2\/posts"}],"about":[{"href":"https:\/\/tunisnews.net\/ar\/wp-json\/wp\/v2\/types\/post"}],"author":[{"embeddable":true,"href":"https:\/\/tunisnews.net\/ar\/wp-json\/wp\/v2\/users\/1"}],"replies":[{"embeddable":true,"href":"https:\/\/tunisnews.net\/ar\/wp-json\/wp\/v2\/comments?post=15501"}],"version-history":[{"count":0,"href":"https:\/\/tunisnews.net\/ar\/wp-json\/wp\/v2\/posts\/15501\/revisions"}],"wp:featuredmedia":[{"embeddable":true,"href":"https:\/\/tunisnews.net\/ar\/wp-json\/wp\/v2\/media\/22040"}],"wp:attachment":[{"href":"https:\/\/tunisnews.net\/ar\/wp-json\/wp\/v2\/media?parent=15501"}],"wp:term":[{"taxonomy":"category","embeddable":true,"href":"https:\/\/tunisnews.net\/ar\/wp-json\/wp\/v2\/categories?post=15501"},{"taxonomy":"post_tag","embeddable":true,"href":"https:\/\/tunisnews.net\/ar\/wp-json\/wp\/v2\/tags?post=15501"}],"curies":[{"name":"wp","href":"https:\/\/api.w.org\/{rel}","templated":true}]}}