{"id":15486,"date":"2010-10-28T00:00:00","date_gmt":"2010-10-28T00:00:00","guid":{"rendered":"https:\/\/tunisnews.net\/28-octobre-2010\/"},"modified":"2010-10-28T00:00:00","modified_gmt":"2010-10-28T00:00:00","slug":"28-octobre-2010","status":"publish","type":"post","link":"https:\/\/tunisnews.net\/ar\/28-octobre-2010\/","title":{"rendered":"28 octobre 2010"},"content":{"rendered":"<p><html><head><meta content=\"text\/html\" description=\"L\u2019Observatoire pour la libert\u00e9 de presse, \t\td\u2019\u00e9dition et de cr\u00e9ation (OLPEC) a \u00e9t\u00e9 saisi de nombreux actes de \t\tcensure qui se sont produits \u00e0 l\u2019occasion de la tenue de la 23\u00e8me \t\tsession des Journ\u00e9es cin\u00e9matographiques de Carthage (JCC) qui se d\u00e9roule \t\tdu 23 au 31 octobre 2010 dans la capitale tunisienne. \" http-equiv=\"Content-Type\"\/><\/head><body><body><\/p>\n<p align=\"center\" dir=\"ltr\"><font face=\"Arial\" size=\"2\"><b><a href=\"https:\/\/tunisnews.net\/ar\/\"><span>Home<\/span><span lang=\"FR-CH\"> &#8211; Accuei<\/span><\/a><span lang=\"FR-CH\">l<\/span><\/b><\/font><\/p>\n<div>\n<div align=\"center\" dir=\"ltr\"><font size=\"7\"><strong>TUNISNEWS <\/strong><\/font><\/div>\n<div align=\"center\" dir=\"ltr\">\n<div><strong><font face=\"Arial\"><font>10 \u00e8me ann\u00e9e, <\/font><span lang=\"FR\"><font>N\u00b0 3810 du 28.10.2010<\/font><\/span><\/font><\/strong><\/div>\n<\/div>\n<div align=\"center\" dir=\"ltr\"><font face=\"Arial\"><font size=\"2\"><strong>archives : <\/strong><\/font><a target=\"_blank\" rel=\"noopener\"><font size=\"2\"><strong>www.tunisnews.net<\/strong><\/font><\/a><span lang=\"FR\"><font size=\"2\"><strong>\u00a0<\/strong><\/font><\/span><\/font><\/div>\n<p><font size=\"2\"><\/p>\n<div dir=\"ltr\"><strong><\/p>\n<hr\/>\n<p><\/strong><\/div>\n<p><\/font><\/p>\n<div dir=\"ltr\"><font face=\"Arial\" size=\"2\"><strong><\/p>\n<h2 style=\"color: red;\"><font><font face=\"Arial\">OLPEC: <\/font><font face=\"Arial\">Multiplication des atteintes \u00e0 la libert\u00e9 de cr\u00e9ation lors des\u00a0 JCC<\/font><\/font><\/h2>\n<p><\/strong><\/font><\/div>\n<div dir=\"ltr\"><font face=\"Arial\" size=\"2\"><strong>AFP: Tunisie: Boukadous toujours en gr\u00e8ve de la faim malgr\u00e9 sa mauvaise sant\u00e9 <\/strong><\/font><\/div>\n<div dir=\"ltr\"><font size=\"2\"><strong><\/p>\n<h2 style=\"color: red;\"><font><font face=\"Arial\">Tunivisions: <\/font><font face=\"Arial\">Zatla : 27 kilos saisis \u00e0 Tamerza; <font>D\u00e9mant\u00e8lement d\u2019un r\u00e9seau Alg\u00e9rie \u2013 Tunisie \u2013 Libye<\/font><\/font><\/font><\/h2>\n<p><\/strong><\/font><\/div>\n<div dir=\"ltr\"><font size=\"2\"><strong><font><font face=\"Arial\">Business News: <\/font><font face=\"Arial\">Tunisie &#8211; D\u00e9mant\u00e8lement d&rsquo;un trafic de pi\u00e8ces d\u2019antiquit\u00e9<\/font><\/font><\/strong><\/font><\/div>\n<div dir=\"ltr\"><font face=\"Arial\" size=\"2\"><strong>Kapitalis: <\/strong><\/font><font face=\"Arial\" size=\"2\"><strong><\/p>\n<h2 style=\"color: red;\"><font>Histoire de l\u2019ing\u00e9nieur am\u00e9ricain pris pour un\u2026 Tunisien d\u00e9guis\u00e9<\/font><\/h2>\n<p><font>WMC:<font face=\"Arial\">Tunisie: Pourquoi nos universit\u00e9s sont-elles mal class\u00e9es?<\/font><\/font><\/strong><\/font><\/div>\n<div dir=\"ltr\"><font face=\"Arial\" size=\"2\"><strong><\/p>\n<h2 style=\"color: red;\"><font>Le Temps:<font face=\"Arial\">\u00abCrise du logement\u00bb au Djellaz <\/font><\/font><\/h2>\n<p><\/strong><\/font><\/div>\n<div dir=\"ltr\">\n<hr\/>\n<\/div>\n<div align=\"center\" dir=\"ltr\"><font face=\"Arial\" size=\"2\"><strong>L\u2019Observatoire pour la libert\u00e9 de presse, d\u2019\u00e9dition et de cr\u00e9ation (OLPEC)<\/strong><\/font><\/div>\n<div align=\"center\" dir=\"ltr\">\n<h2 style=\"color: red;\"><font face=\"Arial\"><strong>Multiplication des atteintes \u00e0 la libert\u00e9 de cr\u00e9ation lors des\u00a0 JCC<\/strong><\/font><\/h2>\n<\/div>\n<p><font face=\"Arial\" size=\"2\"><\/p>\n<div align=\"justify\">\n<hr\/>\n<\/div>\n<p><\/font><\/p>\n<div align=\"justify\"><font face=\"Arial\" size=\"2\">L\u2019Observatoire pour la libert\u00e9 de presse, d\u2019\u00e9dition et de cr\u00e9ation (OLPEC) a \u00e9t\u00e9 saisi de nombreux actes de censure qui se sont produits \u00e0 l\u2019occasion de la tenue de la 23\u00e8me session des Journ\u00e9es cin\u00e9matographiques de Carthage (JCC) qui se d\u00e9roule du 23 au 31 octobre 2010 dans la capitale tunisienne. <\/font><\/div>\n<div align=\"justify\"><font face=\"Arial\" size=\"2\">C\u2019est ainsi que deux films ont \u00e9t\u00e9 \u00e9limin\u00e9s de la comp\u00e9tition:<\/font><\/div>\n<div align=\"justify\"><font face=\"Arial\" size=\"2\">\u00b7\u00a0\u00a0\u00a0\u00a0\u00a0 Le film documentaire\u00a0 du r\u00e9alisateur tunisien Mohamed Zran intitul\u00e9 \u00ab Zarzis Vivre ici \u00bb a \u00e9t\u00e9 exclu de la comp\u00e9tition des documentaires par la direction du festival sans raison.<\/font><\/div>\n<div align=\"justify\"><font face=\"Arial\" size=\"2\">\u00b7\u00a0\u00a0\u00a0\u00a0\u00a0 Le court m\u00e9trage de Nasreddine Sehili, \u00ab Bled du Chak Wak \u00bb qui traite, sur le mode de la d\u00e9rision, du fanatisme religieux a \u00e9t\u00e9 \u00e9galement \u00e9limin\u00e9 de la programmation officielle avant que la direction des JCC ne c\u00e8de sous la pression et le reprogramme, mais cette fois en marge du festival, tout en l\u2019excluant de la comp\u00e9tition des courts m\u00e9trages. Cependant, la projection du film programm\u00e9e le vendredi 22 octobre au \u00ab Cinemafricart \u00bb a \u00e9t\u00e9 annul\u00e9e par les autorit\u00e9s ; Motif invoqu\u00e9: il n\u2019a pas re\u00e7u l\u2019autorisation du minist\u00e8re de l\u2019Int\u00e9rieur ! Rappelons que le r\u00e9alisateur Nasreddine Sehili a d\u00e9j\u00e0 \u00e9t\u00e9 victime de la censure en 2008 pour son film \u00ab Boutellis \u00bb.<\/font><\/div>\n<div align=\"justify\">\u00a0<\/div>\n<div align=\"justify\"><font face=\"Arial\" size=\"2\">Durant les JCC la censure n\u2019a pas touch\u00e9 uniquement les productions cin\u00e9matographiques, mais \u00e9galement les espaces culturels ind\u00e9pendants. <\/font><\/div>\n<div align=\"justify\"><font face=\"Arial\" size=\"2\">Fait sans pr\u00e9c\u00e9dant, les espaces culturels priv\u00e9s El Teatro, et El Hamra, connus pour leur ind\u00e9pendance vis-\u00e0-vis des autorit\u00e9s, ont \u00e9t\u00e9 exclus de la programmation des projections par des moyens d\u00e9tourn\u00e9s.<\/font><\/div>\n<div align=\"justify\"><font face=\"Arial\" size=\"2\">S\u2019agissant d\u2019El Hamra, son directeur, Ezzedine Gannoun, a ouvertement critiqu\u00e9 la direction du JCC pour l\u2019exclusion de son espace des projections cin\u00e9matographiques. Cinq jours plus tard, il a \u00e9t\u00e9 surpris de voir apparaitre son espace dans le calendrier des projections le 30 octobre sans en avoir \u00e9t\u00e9 averti au pr\u00e9alable ! Le choix de la date n\u2019est pas fortuit, il co\u00efncide avec la pr\u00e9sentation \u00e0 Ouagadougou en Burkina-Faso d\u2019une pi\u00e8ce de th\u00e9\u00e2tre produite par El Hamra et toute l\u2019\u00e9quipe doit s\u2019y rendre ; l\u2019espace est donc ferm\u00e9 !<\/font><\/div>\n<div align=\"justify\">\u00a0<\/div>\n<div align=\"justify\"><font face=\"Arial\" size=\"2\">Par ailleurs, le minist\u00e8re de la Culture a renforc\u00e9 son contr\u00f4le sur le secteur du th\u00e9\u00e2tre par le biais de l\u2019attribution des cartes professionnelles. <\/font><\/div>\n<div align=\"justify\"><font face=\"Arial\" size=\"2\">Le comit\u00e9 d\u2019attribution de cartes professionnelle pour les m\u00e9tiers d\u2019arts dramatiques au sein du minist\u00e8re accorde une repr\u00e9sentativit\u00e9 toute symbolique au syndicat des m\u00e9tiers d\u2019arts dramatiques (un seul membre y si\u00e8ge), le minist\u00e8re de la Culture a la haute main sur ce comit\u00e9, et les d\u00e9cisions finales sont du ressort du seul Ministre.<\/font><\/div>\n<div align=\"justify\"><font face=\"Arial\" size=\"2\">Les risques\u00a0 de discrimination contre les artistes ind\u00e9pendants ou dissidents sont biens r\u00e9els, comme les attributions complaisantes. Ainsi Jawhar El Basti, fils du ministre de la Culture a obtenu sa carte professionnelle (immatricul\u00e9e 548), malgr\u00e9 l\u2019opposition du comit\u00e9 lors de sa derni\u00e8re session du fait qu\u2019il ne remplissait pas les conditions.<\/font><\/div>\n<div align=\"justify\"><font face=\"Arial\" size=\"2\">Cette situation alimente la crainte chez les artistes de se voir d\u00e9nier la carte professionnelle qui ouvre droit \u00e0 l\u2019exercice effectif du m\u00e9tier, comme cela a \u00e9t\u00e9 le cas avec le comit\u00e9 d\u2019attribution des cartes de journalistes professionnels, renfor\u00e7ant ainsi l\u2019autocensure, ce qui aurait pour effet de paralyser la cr\u00e9ativit\u00e9 dans le secteur et d\u2019emp\u00eacher les artistes de s\u2019exprimer librement.<\/font><\/div>\n<div align=\"justify\">\u00a0<\/div>\n<div align=\"justify\"><font face=\"Arial\" size=\"2\">L\u2019OLPEC :<\/font><\/div>\n<div align=\"justify\"><font face=\"Arial\" size=\"2\">\u00b7\u00a0\u00a0\u00a0\u00a0\u00a0 condamne ces pratiques de censure et les consid\u00e8re comme des atteintes graves \u00e0 la libert\u00e9 de cr\u00e9ation et d\u2019expression des artistes.<\/font><\/div>\n<div align=\"justify\"><font face=\"Arial\" size=\"2\">\u00b7\u00a0\u00a0\u00a0\u00a0\u00a0 Appelle la direction des JCC et le minist\u00e8re de la Culture \u00e0 respecter la libert\u00e9 des artistes, \u00e0 observer une stricte neutralit\u00e9 dans l\u2019organisation de leur vie professionnelle, \u00e0 bannir les pratiques discriminatoires contre les artistes tout autant que les espaces culturels et \u00e0 respecter leur ind\u00e9pendance.<\/font><\/div>\n<div>\n<hr\/>\n<\/div>\n<div align=\"center\">\n<h2 style=\"color: red;\"><font face=\"Arial\" size=\"3\"><strong>Tunisie: Boukadous toujours en gr\u00e8ve de la faim malgr\u00e9 sa mauvaise sant\u00e9<\/strong><\/font><\/h2>\n<\/div>\n<div align=\"center\">\n<hr\/>\n<\/div>\n<p><font face=\"Arial\">AFP \u2013 25 octobre 2010<\/font><\/p>\n<p><font face=\"Arial\">TUNIS \u2014 Le journaliste et opposant tunisien emprisonn\u00e9 Fahem Boukadous est entr\u00e9 lundi dans son dix-neuvi\u00e8me jour de gr\u00e8ve de la faim pour exiger sa lib\u00e9ration et protester contre les mauvaises conditions de sa d\u00e9tention, a indiqu\u00e9 lundi son \u00e9pouse. \u00ab <em>Fahem continue sa gr\u00e8ve de la faim malgr\u00e9 une grave d\u00e9t\u00e9rioration de son \u00e9tat de sant\u00e9<\/em>\u00ab , a rapport\u00e9 \u00e0 l\u2019AFP Afef Bennaceur, qui venait de rencontrer son mari \u00e0 la prison de Gafsa (350 au sud-ouest de Tunis).<\/font><\/p>\n<p><font face=\"Arial\">Selon elle, le prisonnier qui s\u2019abstient non seulement de boire et de manger mais refuse de prendre des m\u00e9dicaments, a fait des crises d\u2019asthme s\u00e9v\u00e8res dont la derni\u00e8re l\u2019a conduit \u00e0 l\u2019h\u00f4pital samedi. \u00ab <em>Il a perdu au moins 5 kilos et son \u00e9tat physique et psychologique est tr\u00e8s pr\u00e9occupant<\/em>\u00ab , a-t-elle affirm\u00e9. Le journaliste qui a commenc\u00e9 le 8 octobre une \u00ab <em>gr\u00e8ve illimit\u00e9e<\/em> \u00bb est bien d\u00e9cid\u00e9 \u00e0 \u00ab <em>obtenir sa lib\u00e9ration ou \u00e0 se laisser mourir<\/em>\u00ab , selon son \u00e9pouse.<\/font><\/p>\n<p><font face=\"Arial\">Fahem Boukadous, 40 ans, purge une peine de quatre ans de prison \u00e0 laquelle il avait \u00e9t\u00e9 condamn\u00e9 le 6 juillet notamment pour \u00ab <em>diffusion d\u2019information susceptible de porter atteinte aux personnes et \u00e0 leurs biens<\/em>\u00ab . La Ligue tunisienne de la d\u00e9fense des droits de l\u2019Homme et le Parti d\u00e9mocratique progressiste (PDP, opposition l\u00e9gale) ont appel\u00e9 \u00e0 \u00ab <em>la lib\u00e9ration imm\u00e9diate \u00bb du journaliste<\/em>. L\u2019organisation de d\u00e9fense de la presse Reporters sans fronti\u00e8res a \u00e9galement mobilis\u00e9 pour sa lib\u00e9ration et fait \u00e9tat dans un communiqu\u00e9, vendredi, de vexations \u00e0 l\u2019encontre de son \u00e9pouse.<\/font><\/p>\n<p><font face=\"Arial\">Fahem Boukadous avait \u00e9t\u00e9 reconnu coupable de \u00ab <em>diffusion d\u2019information susceptible de porter atteinte aux personnes et \u00e0 leurs biens \u00bb et de \u00ab constitution d?une entente criminelle susceptible de porter atteinte aux personnes et aux biens<\/em>\u00ab . Selon ses d\u00e9fenseurs, il a \u00e9t\u00e9 puni pour la couverture des manifestations sociales survenues en 2008 dans la r\u00e9gion mini\u00e8re de Gafsa pour le compte d\u2019une cha\u00eene satellitaire de la dissidence. Les autorit\u00e9s tunisiennes d\u00e9nient la qualit\u00e9 de journaliste \u00e0 M. Boukadous et consid\u00e8rent qu\u2019il a \u00e9t\u00e9 impliqu\u00e9 dans les troubles et donc jug\u00e9 pour \u00ab <em>des infractions de droit commun sans rapport avec ses activit\u00e9s journalistiques<\/em>\u00ab . <\/font><\/p>\n<div>\n<hr\/>\n<\/div>\n<div align=\"center\">\n<h2 style=\"color: red;\"><font face=\"Arial\" size=\"3\"><strong>Zatla : 27 kilos saisis \u00e0 Tamerza<\/strong><\/font><\/h2>\n<\/div>\n<div align=\"center\"><font face=\"Arial\"><strong>D\u00e9mant\u00e8lement d\u2019un r\u00e9seau Alg\u00e9rie \u2013 Tunisie \u2013 Libye<\/strong><\/font><\/div>\n<div><font face=\"Arial\"><\/p>\n<hr\/>\n<p><\/font><\/div>\n<div><font face=\"Arial\">Un dangereux r\u00e9seau bien organis\u00e9 de trafiquants de drogue vient d&rsquo;\u00eatre d\u00e9mantel\u00e9 par les agents du bureau des fronti\u00e8res relevant de la ville de Tamerza au gouvernorat de Tozeur, saisissant une quantit\u00e9 importante de 27 kilogrammes de haschich.<\/font><\/div>\n<div>\u00a0<\/div>\n<div><font face=\"Arial\">Cette bande de malfaiteurs se composait de 8 Tunisiens, 2 Alg\u00e9riens et 1 Libyen, qui acheminaient de la \u2018\u2019ZATLA\u2019\u2019 d\u2019un pays voisin de gauche \u2013 l\u2019Alg\u00e9rie \u2013 \u00e0 un autre pays voisin de droite \u2013 la Libye.<\/font><\/div>\n<div>\u00a0<\/div>\n<div><font face=\"Arial\">Un simple contr\u00f4le routinier de voitures, effectu\u00e9 par les agents de l\u2019ordre, a suffi \u00e0 faire d\u00e9couvrir le pot aux roses. Les occupants de la voiture, trois tunisiens, ont \u00e9t\u00e9 pris en flagrant d\u00e9lit, transportant\u00a0 en direction de l\u2019Alg\u00e9rie, 27 kilogrammes de haschich.\u00a0 D\u2019apr\u00e8s leurs dires, ils avaient transport\u00e9 47 kilogrammes d\u2019Alg\u00e9rie vers la Libye, mais le libyen-preneur a refus\u00e9 de prendre la totalit\u00e9, se contentant de prendre possession de la quantit\u00e9 habituelle, soit 20 kg. De ce fait, ils \u00e9taient contraints de remettre le reste de la livraison \u00e0 leur fournisseur en Alg\u00e9rie.<\/font><\/div>\n<div>\u00a0<\/div>\n<div><font face=\"Arial\">Arr\u00eat\u00e9s sur le champ et questionn\u00e9s par les enqu\u00eateurs, les trois malfaiteurs ont reconnu s\u2019adonner \u00e0 ce trafic depuis 5 ans, avec 5 autres tunisiens, 2 alg\u00e9riens fournisseurs de drogue et 1 libyen acqu\u00e9reur. Ils ont reconnu avoir fait transiter 360 kilogrammes de Zatla durant 5 ans.<\/font><\/div>\n<div>\u00a0<\/div>\n<div><font face=\"Arial\">Les investigations ont permis d\u2019incriminer 5 des 8 tunisiens en les remettant aux mains de la justice en attente de leur proc\u00e8s. Les 3 autres personnes ont \u00e9t\u00e9 lib\u00e9r\u00e9es.<\/font><\/div>\n<div>\u00a0<\/div>\n<div><strong><font face=\"Arial\">(Source: \u201dTunivisions\u201d le 28-10-2010)<\/font><\/strong><\/div>\n<div><strong><font face=\"Arial\">Lien: http:\/\/www.tunivisions.net\/zatla-27-kilos-saisis-a-tamerza,10570.html<\/font><\/strong><\/div>\n<div>\n<hr\/>\n<\/div>\n<div align=\"center\">\n<h2 style=\"color: red;\"><font face=\"Arial\" size=\"3\"><strong>Tunisie &#8211; D\u00e9mant\u00e8lement d&rsquo;un trafic de pi\u00e8ces d\u2019antiquit\u00e9<\/strong><\/font><\/h2>\n<\/div>\n<div><font face=\"Arial\"><\/p>\n<hr\/>\n<p><\/font><\/div>\n<div><font face=\"Arial\">Quatre statuettes en marbre blanc pr\u00e9sum\u00e9es \u00eatre des pi\u00e8ces d\u2019antiquit\u00e9 et soigneusement dissimul\u00e9es dans un container destin\u00e9 \u00e0 l\u2019export ont \u00e9t\u00e9 saisies, r\u00e9cemment, par les agents des douanes du port de Rades.<\/font><\/div>\n<div>\u00a0<\/div>\n<div><font face=\"Arial\">Une expertise effectu\u00e9e par les services de l\u2019Institut national du patrimoine a r\u00e9v\u00e9l\u00e9 que l\u2019une des ces statuettes (repr\u00e9sentant une femme debout) \u00e9tait une pi\u00e8ce authentique ayant une grande valeur arch\u00e9ologique et historique tandis que les autres statuettes \u00e9taient des pi\u00e8ces contrefaites. <\/font><\/div>\n<div><font face=\"Arial\">L\u2019enqu\u00eate men\u00e9e par les services des douanes a permis d\u2019identifier et d\u2019interpeller les personnes impliqu\u00e9es dans cette affaire. Les trafiquants seront traduits, prochainement, devant la justice pour r\u00e9pondre de leurs actes.<\/font><\/div>\n<div>\u00a0<\/div>\n<div><strong><font face=\"Arial\">(Source: \u201cbusinessnews\u201d le 27-10-2010)<\/font><\/strong><\/div>\n<div><strong><font face=\"Arial\">Lien: http:\/\/www.businessnews.com.tn\/details_article.php?a=22177&amp;temp=1&amp;lang=fr&amp;t=520<\/font><\/strong><\/div>\n<div>\n<hr\/>\n<\/div>\n<div align=\"center\">\n<h2 style=\"color: red;\"><font face=\"Arial\" size=\"3\"><strong>Histoire de l\u2019ing\u00e9nieur am\u00e9ricain pris pour un\u2026 Tunisien d\u00e9guis\u00e9<\/strong><\/font><\/h2>\n<\/div>\n<div align=\"justify\"><font face=\"Arial\"><\/p>\n<hr\/>\n<p><\/font><\/div>\n<div align=\"justify\"><font face=\"Arial\">Sihem Souid, 29 ans, Fran\u00e7aise originaire de Tunisie, agent de la police aux fronti\u00e8re \u00e0 l\u2019a\u00e9roport d\u2019Orly, raconte cette histoire dans son ouvrage \u2018\u2018Omerta dans la police\u2019\u2019, publi\u00e9 r\u00e9cemment en France. De quoi vous faire d\u00e9tester les voyages\u2026 <\/font><\/div>\n<div align=\"justify\">\u00a0<\/div>\n<div align=\"justify\"><font face=\"Arial\">A 29 ans, cette Fran\u00e7aise originaire de Monastir, en Tunisie, ex-agent de la police aux fronti\u00e8re \u00e0 l\u2019a\u00e9roport d\u2019Orly, \u00e0 Paris, raconte dans son ouvrage \u2018\u2018Omerta dans la police\u2019\u2019, publi\u00e9 ce mois en France, les abus de pouvoir, la corruption et le trafic des statistiques, mais aussi le racisme, le sexisme et l\u2019homophobie, dont elle a \u00e9t\u00e9 un t\u00e9moin privil\u00e9gi\u00e9, pendant les trois ann\u00e9es qu\u2019elle a pass\u00e9es \u00e0 Orly. <\/font><\/div>\n<div align=\"justify\"><font face=\"Arial\">Son livre br\u00fblant d\u2019actualit\u00e9 et de v\u00e9rit\u00e9 raconte aussi les harc\u00e8lements, chantages, pressions et menaces dont elle a \u00e9t\u00e9 l\u2019objet depuis qu\u2019elle a d\u00e9cid\u00e9 de briser l\u2019omerta et de d\u00e9noncer les comportements racistes de ses coll\u00e8gues, quitte \u00e0 endosser les habits de la traitresse, celle par qui le scandale arrive, et mettre en p\u00e9ril sa carri\u00e8re au sein de la police. <\/font><\/div>\n<div align=\"justify\"><font face=\"Arial\">Dans l\u2019extrait de son livre que nous publions ci-dessous, Sihem Sioud raconte la m\u00e9saventure d\u2019un ing\u00e9nieur am\u00e9ricain en provenance de Tunis sur un avion de Tunisair, \u00e0 qui on a inflig\u00e9 48 heures de r\u00e9tention \u00e0 l\u2019a\u00e9roport d\u2019Orly parce qu\u2019il \u00e9tait basan\u00e9 et qu\u2019on le soup\u00e7onnait d\u2019\u00eatre un Tunisien munis de faux papiers am\u00e9ricains. L\u2019histoire montre jusqu\u2019o\u00f9 peut mener la logique du chiffre impos\u00e9e par les autorit\u00e9s fran\u00e7aises \u00e0 leurs agents de s\u00e9curit\u00e9 et qui se traduit souvent par des abus dont souffrent quotidiennement les citoyens en provenance des pays du Sud.\u00a0 Et m\u00eame, parfois, comme dans le cas de John Aguigui San Nicolas, les citoyens en provenance du Nord.<\/font><\/div>\n<div align=\"justify\">\u00a0<\/div>\n<div align=\"justify\"><font face=\"Arial\">\u00ab18 octobre 2008. A 22 heures, un avion de \u00ab bougnoules \u00bb en provenance de Tunisie est annonc\u00e9 \u00e0 l\u2019atterrissage. Parmi les passagers, un homme de 45 ans, plut\u00f4t basan\u00e9. Ses papiers disent qu\u2019il s\u2019appelle John Aguigui San Nicolas, qu\u2019il est ing\u00e9nieur et am\u00e9ricain, n\u00e9 \u00e0 Guam, cette \u00eele de l\u2019oc\u00e9an Pacifique rattach\u00e9e aux Etats-Unis depuis 1898, bien qu\u2019elle fasse partie de l\u2019archipel des Mariannes. Son passeport a \u00e9t\u00e9 d\u00e9livr\u00e9 \u00e0 Washington. Les experts en faux pap\u00eeers de la brigade mobile d\u2019immigration (Bmi) d\u2019Orly d\u00e9cr\u00e8tent que ses papiers ont \u00e9t\u00e9 falsifi\u00e9s et que la photo a \u00e9t\u00e9 chang\u00e9e. L\u2019Am\u00e9ricain se d\u00e9fend \u2013 en anglais \u2013, affirme qu\u2019il est bien celui qu\u2019il pr\u00e9tend \u00eatre, qu\u2019il revient de vacances, que son passeport est authentique et demande que la Bmi contacte son ambassade \u00e0 Paris. Refus des policiers. Une proc\u00e9dure de non-admission est \u00e9tablie en m\u00eame que l\u2019amende-compagnie, fix\u00e9e \u00e0 5.000 euros et fax\u00e9e aussit\u00f4t \u00e0 Tunisair. <\/font><\/div>\n<div align=\"justify\"><font face=\"Arial\">\u00abL\u2019ing\u00e9nieur am\u00e9ricain est plac\u00e9 en zone d\u2019attente puis log\u00e9 pour la nuit \u00e0 l\u2019h\u00f4tel Ibis, sous la surveillance d\u2019une brigade qui patrouille dans les couloirs et contr\u00f4le le hall de l\u2019h\u00f4tel. Le touriste proteste. Il s\u2019obstine. Personne ne l\u2019\u00e9coute. Un billet retour vers la Tunisie lui est m\u00eame r\u00e9serv\u00e9. Le lendemain matin, il parvient \u00e0 pr\u00e9venir quelques amis de sa situation, rapidement expos\u00e9e \u00e0 l\u2019ambassade am\u00e9ricaine. La r\u00e9action est imm\u00e9diate : les diplomates am\u00e9ricains exigent la lib\u00e9ration de leur ressortissant aupr\u00e8s de la direction centrale de la Police aux fronti\u00e8res (Paf). La direction centrale appelle la direction de la Paf d\u2019Orly : \u2018\u2018Qu\u2019est-ce que c\u2019est encore que tout ce tintouin ?\u2019\u2019 Le directeur de la Paf d\u2019Orly se renseigne aupr\u00e8s de la Bmi: \u2018\u2018Qu\u2019est-ce que c\u2019est encore que tout ce tintouin ?\u2019\u2019 La Bmi s\u2019ent\u00eate : cet ing\u00e9nieur am\u00e9ricain est un peu trop bronz\u00e9 pour \u00eatre honn\u00eate, et surtout pour \u00eatre am\u00e9ricain. L\u2019information remonte en sens inverse jusqu\u2019\u00e0 l\u2019ambassade am\u00e9ricaine: \u2018\u2018Est-ce que vous \u00eates tout \u00e0 fait s\u00fbrs que votre ing\u00e9nieur am\u00e9ricain, bronz\u00e9 comme il est, est bien un ing\u00e9nieur am\u00e9ricain?\u2019\u2019 L\u2019ambassade hurle. La direction centrale de la Paf hurle. Les commandants d\u2019Orly aussi, et John Aguigui San Nicolas finit par \u00eatre rel\u00e2ch\u00e9 apr\u00e8s quarante-huit heures pass\u00e9es en r\u00e9tention. En revanche, tout le monde oublie de pr\u00e9venir Tunisair et de lui rembourser l\u2019amende et les frais d\u2019h\u00e9bergement. C\u2019est toujours \u00e7a de gagn\u00e9.\u00bb<\/font><\/div>\n<div align=\"justify\">\u00a0<\/div>\n<div align=\"justify\"><strong><font face=\"Arial\">(Source : \u00ab Kapitalis \u00bb le 28-10-2010)<\/font><\/strong><\/div>\n<div align=\"justify\"><strong><font face=\"Arial\">Lien : http:\/\/www.tunisnews.net\/27Octobre10f.htm<\/font><\/strong><\/div>\n<div>\u00a0<\/div>\n<div>\n<hr\/>\n<\/div>\n<div align=\"center\">\n<h2 style=\"color: red;\"><font face=\"Arial\" size=\"3\"><strong>Tunisie: Pourquoi nos universit\u00e9s sont-elles mal class\u00e9es?<\/strong><\/font><\/h2>\n<\/div>\n<p><font face=\"Arial\"><\/p>\n<div>\n<hr\/>\n<\/div>\n<p><\/font><\/p>\n<div align=\"justify\"><font face=\"Arial\">Le classement des universit\u00e9s tunisiennes \u00e0 l\u2019\u00e9chelle tant r\u00e9gionale qu\u2019internationale n\u2019a pas arr\u00eat\u00e9 de susciter des remous ces derniers mois. La remise en question de la qualit\u00e9 de l\u2019enseignement sup\u00e9rieur est devenue quasi-journali\u00e8re. Ce qui est tout \u00e0 fait naturel lorsque l\u2019on sait que l\u2019int\u00e9r\u00eat pour les \u00e9tudes rev\u00eat une importance particuli\u00e8re dans un pays o\u00f9 une partie importante du PIB est consacr\u00e9e aux d\u00e9partements de l\u2019\u00e9ducation et de l\u2019enseignement sup\u00e9rieur.<\/font><\/div>\n<div align=\"justify\">\u00a0<\/div>\n<div align=\"justify\"><font face=\"Arial\">A titre d\u2019information, le palmar\u00e8s mondial au niveau du classement des universit\u00e9s verse g\u00e9n\u00e9ralement \u00e0 l\u2019avantage des universit\u00e9s anglo-saxonnes. Les universit\u00e9s francophones ne sont pas les mieux nanties, m\u00eame si, parmi elle, les canadiennes peuvent se pr\u00e9valoir d\u2019un classement honorable \u00e0 l\u2019international. <\/font><\/div>\n<div align=\"justify\">\u00a0<\/div>\n<div align=\"justify\"><font face=\"Arial\">Le classement d\u00e9pendrait, entre autres, de l&rsquo;importance de la taille des \u00e9tablissements, de la composante recherche, de la qualit\u00e9 de l\u2019enseignement et m\u00eame, dans certains cas, dont celui de Shanghai, du nombre d\u2019enseignants ayant re\u00e7u le prix Nobel. <\/font><\/div>\n<div align=\"justify\">\u00a0<\/div>\n<div align=\"justify\"><font face=\"Arial\">La m\u00e9thodologie et les crit\u00e8res pour le classement des universit\u00e9s changeraient d\u2019une organisation de notation \u00e0 l\u2019autre, le rang d\u00e9cern\u00e9 change \u00e9galement suivant les crit\u00e8res. Un crit\u00e8re reste toutefois absent, celui de la gratuit\u00e9 et de l\u2019acc\u00e8s aux \u00e9tudes universitaires dans des pays comme le n\u00f4tre, et ceci ind\u00e9pendamment de la qualit\u00e9 de l\u2019enseignement, certes important. Dans un pays comme les Etats-Unis, il n\u2019est pas \u00e9vident de pouvoir suivre un cursus haut de gamme si on n\u2019en a pas les moyens (financiers). <\/font><\/div>\n<div align=\"justify\">\u00a0<\/div>\n<div align=\"justify\"><font face=\"Arial\">Dans un article \u00e9crit r\u00e9cemment \u00e0 propos des diff\u00e9rents classements des universit\u00e9s, par Pr Mohamed H\u00e9di Zaiem, conseiller du ministre de l\u2019Enseignement sup\u00e9rieur et de la Recherche scientifique et pr\u00e9sident du Comit\u00e9 national d\u2019\u00e9valuation de l\u2019enseignement sup\u00e9rieur, il para\u00eetrait que certains d\u2019entre eux souffrent de nombre d\u2019insuffisances quant \u00e0 la qualit\u00e9 m\u00eame d\u2019\u00e9valuation des universit\u00e9s et des m\u00e9thodes employ\u00e9es. Il est, en effet, peu probable que des \u00e9valuateurs v\u00e9rifient de visu et en salles de cours les performances des enseignants dans toutes les universit\u00e9s du monde, il est m\u00eame pratiquement et mat\u00e9riellement impossible de le faire. Qui \u00e9value qui ? Qui classe qui ?<\/font><\/div>\n<div align=\"justify\">\u00a0<\/div>\n<div align=\"justify\"><font face=\"Arial\">Il existe diff\u00e9rents types de classement, r\u00e9pond M. Zaiem. Celui, par exemple, espagnol de Webometrics qui juge la pr\u00e9sence des institutions universitaires sur le Web et qui a \u00e9t\u00e9 tr\u00e8s mal accept\u00e9 en Afrique puisqu\u2019uniquement deux universit\u00e9s tunisiennes y ont figur\u00e9 parmi la centaine d\u2019universit\u00e9s africaines et les 12.000 mondiales. Il n\u2019emp\u00eache, il faut reconna\u00eetre la faiblesse de la pr\u00e9sence de nos universit\u00e9s sur le net. Ce qui s\u2019explique parce que chaque institution a son propre site alors qu\u2019il aurait mieux fallu que toutes les institutions soient plac\u00e9es sous l\u2019\u00e9tendard du site de l\u2019Universit\u00e9 comme ce qui se passe ailleurs.<\/font><\/div>\n<div align=\"justify\">\u00a0<\/div>\n<div align=\"justify\"><font face=\"Arial\">Le classement de Shanghai, r\u00e9alis\u00e9 par l\u2019Institut d\u2019enseignement sup\u00e9rieur de l\u2019Universit\u00e9 de Shanghai et qui comprend les plus grandes institutions universitaires plac\u00e9es selon des crit\u00e8res rigoureux, vise \u00e0 \u00e9num\u00e9rer les meilleures universit\u00e9s en toute ind\u00e9pendance et cr\u00e9dibilit\u00e9. Le but de ce classement, rappelons-le, est de juger du rang des universit\u00e9s chinoises et rattraper le gap entre elles et les meilleures \u00e0 l\u2019\u00e9chelle plan\u00e9taire.<\/font><\/div>\n<div align=\"justify\">\u00a0<\/div>\n<div align=\"justify\"><font face=\"Arial\">Parmi les \u00e9l\u00e9ments pris en compte dans ce classement, les prix Nobel et les m\u00e9dailles Fields en math\u00e9matiques ainsi que le degr\u00e9 d\u2019efficience acad\u00e9mique qui prend en consid\u00e9ration la taille de l\u2019institution. On reprocherait \u00e0 ce classement son inclinaison pour l\u2019enseignement anglo-saxon et l\u2019importance qu\u2019il accorde \u00e0 la recherche scientifique alors qu\u2019on ne peut restreindre le r\u00f4le et la qualit\u00e9 de l\u2019enseignement universitaire \u00e0 la recherche uniquement. <\/font><\/div>\n<div align=\"justify\">\u00a0<\/div>\n<div align=\"justify\"><font face=\"Arial\">Pourquoi nos universit\u00e9s sont-elles mal class\u00e9es ? <\/font><\/div>\n<div align=\"justify\">\u00a0<\/div>\n<div align=\"justify\"><font face=\"Arial\">Parce que, r\u00e9pond Pr Zaiem, le classement de Shanghai, \u00e0 titre d\u2019exemple, distingue les pays puissants \u00e9conomiquement et plus peupl\u00e9s que d\u2019autres et leur accorde automatiquement les premi\u00e8res places. Selon certains experts, si l\u2019on reconsid\u00e9rait les crit\u00e8res adopt\u00e9s en prenant en compte la taille des pays, les USA, qui occupent traditionnellement la premi\u00e8re place, reculeraient de mani\u00e8re significative. Les pays nordiques seraient mieux plac\u00e9s qu\u2019eux.\u00a0 <\/font><\/div>\n<div align=\"justify\">\u00a0<\/div>\n<div align=\"justify\"><font face=\"Arial\">D\u2019autre part, ce qui est \u00e0 l\u2019origine du mauvais classement des universit\u00e9s tunisiennes, c\u2019est, entre autres, le fait que les publications sont publi\u00e9es au nom de la facult\u00e9 ou de l\u2019institut au lieu d\u2019\u00eatre diffus\u00e9es au nom de l\u2019Universit\u00e9, ce qui repr\u00e9sente un \u00e9parpillement des efforts qui ne profite \u00e0 personne dans notre pays.<\/font><\/div>\n<div align=\"justify\">\u00a0<\/div>\n<div align=\"justify\"><font face=\"Arial\">En 2008, les chercheurs appartenant \u00e0 l\u2019Universit\u00e9 de Sfax ont publi\u00e9 1.383 \u00e9tudes scientifiques dans des revues sp\u00e9cialis\u00e9es et class\u00e9es, sans citer le nom de l\u2019Universit\u00e9, alors que les chercheurs de l\u2019Universit\u00e9 du Roi Fahd ont publi\u00e9 seulement 831 \u00e9tudes, ce qui a permis de mettre leur institution relativement en bonne place dans le classement de Shanghai par rapport \u00e0 d\u2019autres universit\u00e9s arabes.<\/font><\/div>\n<div align=\"justify\">\u00a0<\/div>\n<div align=\"justify\"><font face=\"Arial\">Toutefois et malgr\u00e9 les carences observ\u00e9es au niveau des classements internationaux, assure le pr\u00e9sident du Comit\u00e9 national d\u2019\u00e9valuation de l\u2019enseignement sup\u00e9rieur, le minist\u00e8re leur accorde un int\u00e9r\u00eat notable et estime qu\u2019ils repr\u00e9sentent une r\u00e9f\u00e9rence qui devrait inciter nos institutions universitaires \u00e0 mieux s\u2019investir dans l\u2019am\u00e9lioration de leurs performances et mieux se distinguer \u00e0 l\u2019international.<\/font><\/div>\n<div align=\"justify\">\u00a0<\/div>\n<div align=\"justify\"><font face=\"Arial\">Mais il n\u2019y a pas que le minist\u00e8re qui s\u2019int\u00e9resse \u00e0 ces classements, le large public dans notre pays leur accorde une importance de plus en plus accrue \u00e0 voir la couverture m\u00e9diatique effectu\u00e9e \u00e0 chaque fois qu\u2019un classement tombe. Ce qui d\u00e9note de l\u2019int\u00e9r\u00eat donn\u00e9e \u00e0 la qualit\u00e9 de l\u2019enseignement universitaire dont les r\u00e9percussions sont imm\u00e9diates sur les chances d\u2019un dipl\u00f4m\u00e9 d\u2019avoir un emploi ou de ne pas en avoir.<\/font><\/div>\n<div align=\"justify\">\u00a0<\/div>\n<div align=\"justify\"><strong><font face=\"Arial\">(Source: \u201cwebmanagercenter\u201d le\u00a0 28-10-2010)<\/font><\/strong><\/div>\n<div align=\"justify\"><strong><font face=\"Arial\">Lien: http:\/\/www.webmanagercenter.com\/management\/article-97159-tunisie-pourquoi-nos-universites-sont-elles-mal-classees<\/font><\/strong><\/div>\n<hr\/>\n<div align=\"center\">\n<h2 style=\"color: red;\"><font face=\"Arial\" size=\"3\"><strong>\u00abCrise du logement\u00bb au Djellaz<\/strong><\/font><\/h2>\n<\/div>\n<div><font face=\"Arial\"><\/p>\n<hr\/>\n<p><\/font><\/div>\n<div align=\"justify\"><font face=\"Arial\">6906 actes de d\u00e9c\u00e8s, pendant l\u2019ann\u00e9e en cours, dont 80% des d\u00e9c\u00e9d\u00e9s sont inhum\u00e9s au Djellaz. Mais tout d\u00e9pend des saisons- \u00abCrise de logement\u00bb au cimeti\u00e8re du Djellaz. Celui de Sidi Yahia affiche complet depuis quelque temps d\u00e9j\u00e0. Les mauvaises langues pr\u00e9tendent qu\u2019il n\u2019y aura plus de place pour nos d\u00e9pouilles dans leur ru\u00e9e vers la destination finale. Doit-on pr\u00e9parer sa mort d\u00e9sormais avant m\u00eame que nos corps ne se reposent \u00e0 jamais ? La r\u00e9ponse on l\u2019a collect\u00e9e dans les all\u00e9es mortuaires du Djellaz. Cela en vaut le d\u00e9tour.<\/font><\/div>\n<div align=\"justify\">\u00a0<\/div>\n<div align=\"justify\"><font face=\"Arial\">Face \u00e0 la mort nous sommes tous \u00e9gaux. Et a priori, on ne meurt pas de la m\u00eame mani\u00e8re quand on est un habitant d\u2019une grande ville ou que l\u2019on soit dans une contr\u00e9e recul\u00e9e du pays, m\u00eame si le rituel mortuaire reste le m\u00eame et que la religion musulmane resserre les diff\u00e9rences. Aujourd\u2019hui, on s\u2019y pr\u00e9pare de plus en plus et plus ou moins efficacement. En commen\u00e7ant du choix de l\u2019emplacement au cimeti\u00e8re en passant par la c\u00e9r\u00e9monie fun\u00e9raire que l\u2019on peut confier d\u00e9sormais \u00e0 des soci\u00e9t\u00e9s des pompes fun\u00e8bres. <\/font><\/div>\n<div align=\"justify\">\u00a0<\/div>\n<div align=\"justify\"><font face=\"Arial\">Du c\u00f4t\u00e9 du Djellaz, premi\u00e8re destination de notre visite mortuaire, le regard se noie dans ces horizons de tombes qui s\u2019\u00e9tendent sur 64 hectares. \u00ab Jusque-l\u00e0 on a enregistr\u00e9 6906 actes de d\u00e9c\u00e8s pendant l\u2019ann\u00e9e en cours, dont les 80% sont inhum\u00e9s au Djellaz On re\u00e7oit parfois 22 morts par jour, 10 au minimum. Tout d\u00e9pend, en fait, de la p\u00e9riode de l\u2019ann\u00e9e o\u00f9 l\u2019on compte plus de d\u00e9c\u00e8s pendant l\u2019hiver et en \u00e9t\u00e9 o\u00f9 les accidents de la route sont au summum\u00bb, avance M. Mohamed N\u00e9jib Ezzeydi, le conservateur des cimeti\u00e8res municipaux. Ici on ne choisit pas le lieu o\u00f9 sera inhum\u00e9 le corps. La s\u00e9pulture est l\u2019apanage du personnel du cimeti\u00e8re. Et contrairement \u00e0 l\u2019id\u00e9e re\u00e7ue qui a, para\u00eet-il, la vie dure, \u00ab Il y a de la place pour tout le monde. En plus la municipalit\u00e9 compte faire une extension sur 75 hectares du c\u00f4t\u00e9 de la route Borj Ali Ray\u00e8s\u00bb, remarque notre interlocuteur qui continue \u00ab Nos concitoyens veulent inhumer tous leurs proches dans la m\u00eame zone. En plus ils veulent b\u00e2tir une chaise qui fait 60 cm sur 80cm pour pouvoir se reposer en effectuant le rituel de la visite hebdomadaire du cimeti\u00e8re. Et comme ce n\u2019est pas toujours possible, ils se disent que le cimeti\u00e8re est satur\u00e9. Pour \u00e9viter les tracasseries, il faut pr\u00e9parer l\u2019acte de d\u00e9c\u00e8s \u00e0 temps, pour pouvoir contacter par la suite l\u2019un des deux entrepreneurs conventionn\u00e9s avec la municipalit\u00e9 \u00e0 qui incombe la t\u00e2che de la pr\u00e9paration de la s\u00e9pulture. Il y a par contre une autre solution qui consiste \u00e0 ouvrir une ancienne tombe mais cela n\u2019est faisable qu\u2019apr\u00e8s 8 ans. On le fait g\u00e9n\u00e9ralement au cimeti\u00e8re Sidi Yahia, satur\u00e9 depuis 2005\u00bb.<\/font><\/div>\n<div align=\"justify\">\u00a0<\/div>\n<div align=\"justify\"><font face=\"Arial\">Soci\u00e9t\u00e9 des pompes fun\u00e8bres<\/font><\/div>\n<div align=\"justify\">\u00a0<\/div>\n<div align=\"justify\"><font face=\"Arial\">Mieux encore, certains compatriotes se payent, d\u00e9sormais, les services des soci\u00e9t\u00e9s des pompes fun\u00e8bres qui poussent comme des champignons sous nos cieux. L\u2019id\u00e9e en fait, est de s\u2019\u00e9pargner la gal\u00e8re dans les d\u00e9dales de l\u2019administration o\u00f9 l\u2019on se retrouve oblig\u00e9 parfois de chercher un extrait de naissance qui se tasse au \u2018\u2019cimeti\u00e8re\u2019\u2019 de la paperasse administrative\u2026 Mme Rebha Hertelli, dipl\u00f4m\u00e9e d\u2019une \u00e9cole fran\u00e7aise des pompes fun\u00e8bres nous a confi\u00e9 que les Tunisiens font de plus en plus appel \u00e0 des entreprises mortuaires qui prennent en charge la pr\u00e9paration de la paperasse administrative, s\u2019occupent du rapatriement du corps si besoin y ait, et peuvent m\u00eame organiser la c\u00e9r\u00e9monie fun\u00e9raire. \u00ab On assiste nos clients pour faire la toilette rituelle du mort, pour la pr\u00e9paration du d\u00eener du Farq, pour la pause des tentes s\u2019ils le souhaitent bien\u2026 \u00bb, souligne Mme Hertelli qui travaille pour le compte d\u2019une soci\u00e9t\u00e9 des pompes fun\u00e9raires tunisienne et ne l\u00e9sine pas, par ailleurs, \u00e0 conseiller ses clients quant \u00e0 la mani\u00e8re dont on devrait proc\u00e9der au moment o\u00f9 la personne d\u00e9c\u00e8de. Exemple nous confie-t-elle, \u00ab Contrairement \u00e0 ce que l\u2019on croit, il ne faut pas laisser ouverte la fen\u00eatre de la pi\u00e8ce o\u00f9 repose le corps du d\u00e9c\u00e9d\u00e9. Il faut, \u00e9galement, \u00e9teindre la lumi\u00e8re quitte \u00e0 ne garder qu\u2019une petite lampe allum\u00e9e. \u00bb<\/font><\/div>\n<div align=\"justify\">\u00a0<\/div>\n<div align=\"justify\"><font face=\"Arial\">Et si l\u2019on ne peut s\u2019offrir ces conseils qui se payent, on peut ne compter que sur ses propres moyens pour pr\u00e9parer la paperasse qui ne co\u00fbte, selon M. Ezzeydi, que 49D, 500 pour la s\u00e9pulture et seulement 20DT pour le transport du cercueil. <\/font><\/div>\n<div align=\"justify\">\u00a0<\/div>\n<div align=\"justify\"><font face=\"Arial\">Le conservateur du cimeti\u00e8re nous raccompagne pour une visite guid\u00e9e entre les arcanes du Djellaz, \u2026 en ce jour, o\u00f9 la saison des feuilles mortes commence \u00e0 exhaler ses derniers souffles\u2026 Notre interlocuteur nous raconte la petite histoire du cimeti\u00e8re nomm\u00e9 ainsi \u00e0 l\u2019honneur de Sidi El Jellaz, cheikh tunisois ayant fait don du terrain du cimeti\u00e8re. Au d\u00e9tour des all\u00e9es, huit au total, reposent en paix et \u00e0 jamais des personnalit\u00e9s illustres \u00e0 l\u2019exemple de Zoubeir Turki, Choubeila Rached, Kheireddine Pacha, Aly Ben Ayed, Hassan Hosni Abdelwahab\u2026 Comme quoi, la finitude rassemble. Seuls les chemins qui y m\u00e8nent ne se ressemblent pas.<\/font><\/div>\n<div align=\"justify\">\u00a0<\/div>\n<div align=\"justify\"><font face=\"Arial\">Mona BEN GAMRA<\/font><\/div>\n<div align=\"justify\">\u00a0<\/div>\n<div align=\"justify\"><font face=\"Arial\">Et c\u00f4t\u00e9 entretien, \u00e7a se passe comment ?<\/font><\/div>\n<div align=\"justify\">\u00a0<\/div>\n<div align=\"justify\"><font face=\"Arial\">Le sujet de l\u2019entretien du Djellaz fait mouche, car d\u2019apr\u00e8s le conservateur des cimeti\u00e8res municipaux, M. Mohamed N\u00e9jib Ezzeydi, la municipalit\u00e9 fait appel \u00e0 deux soci\u00e9t\u00e9s priv\u00e9es g\u00e9r\u00e9es par des jeunes dipl\u00f4m\u00e9s. Ces entreprises emploient au total 20 ouvriers pour s\u2019occuper de la propret\u00e9 du cimeti\u00e8re. Un effectif consid\u00e9r\u00e9 tr\u00e8s r\u00e9duit au regard de la superficie \u00e0 entretenir (64 hectares). C\u00f4t\u00e9 s\u00e9curit\u00e9 notamment pendant la nuit notre interlocuteur nous r\u00e9pond \u00ab cela ne rel\u00e8ve pas de nos pr\u00e9rogatives. Le gardien du cimeti\u00e8re est charg\u00e9 de surveiller l\u2019espace administratif\u00bb. <\/font><\/div>\n<div align=\"justify\">\u00a0<\/div>\n<div align=\"justify\"><strong><font face=\"Arial\">(Source:\u201d le Temps\u201d (Quotidien \u2013 Tunisie))\u00a0 le 28-10-2010 <\/font><\/strong><\/div>\n<div align=\"justify\"><strong><font face=\"Arial\">Lien: http:\/\/www.letemps.com.tn\/article.php?ID_art=48763<\/font><\/strong><\/div>\n<\/div>\n<p align=\"center\" dir=\"ltr\">\n<h3 style=\"color: blue;\"><font face=\"Arial\" size=\"2\"><strong><b><a href=\"https:\/\/tunisnews.net\/ar\/\"><font face=\"Arial\"><span><font size=\"2\">Home<\/font><\/span><font size=\"2\"><span lang=\"FR-CH\"> &#8211; Accueil <\/span><span>&#8211; <\/span><\/font><\/font><span dir=\"rtl\" lang=\"AR-SA\"><font size=\"2\">\u0627\u0644\u0631\u0626\u064a\u0633\u064a\u0629<\/font><\/span><\/a><\/b><\/strong><\/font><\/h3>\n<\/p>\n<p align=\"center\" dir=\"ltr\">\u00a0<\/p>\n<p><\/body><\/body><\/html><\/p>","protected":false},"excerpt":{"rendered":"<p>Home &#8211; Accueil TUNISNEWS 10 \u00e8me ann\u00e9e, N\u00b0 3810 du 28.10.2010 archives : www.tunisnews.net\u00a0 OLPEC: Multiplication des atteintes \u00e0 la libert\u00e9 de cr\u00e9ation lors des\u00a0 JCC AFP: Tunisie: Boukadous toujours en gr\u00e8ve de la faim malgr\u00e9 sa mauvaise sant\u00e9 Tunivisions: Zatla : 27 kilos saisis \u00e0 Tamerza; D\u00e9mant\u00e8lement d\u2019un r\u00e9seau Alg\u00e9rie \u2013 Tunisie \u2013 Libye [&hellip;]<\/p>\n","protected":false},"author":1,"featured_media":22040,"comment_status":"open","ping_status":"open","sticky":false,"template":"","format":"standard","meta":{"inline_featured_image":false,"site-sidebar-layout":"default","site-content-layout":"","ast-site-content-layout":"default","site-content-style":"default","site-sidebar-style":"default","ast-global-header-display":"","ast-banner-title-visibility":"","ast-main-header-display":"","ast-hfb-above-header-display":"","ast-hfb-below-header-display":"","ast-hfb-mobile-header-display":"","site-post-title":"","ast-breadcrumbs-content":"","ast-featured-img":"","footer-sml-layout":"","ast-disable-related-posts":"","theme-transparent-header-meta":"","adv-header-id-meta":"","stick-header-meta":"","header-above-stick-meta":"","header-main-stick-meta":"","header-below-stick-meta":"","astra-migrate-meta-layouts":"default","ast-page-background-enabled":"default","ast-page-background-meta":{"desktop":{"background-color":"","background-image":"","background-repeat":"repeat","background-position":"center center","background-size":"auto","background-attachment":"scroll","background-type":"","background-media":"","overlay-type":"","overlay-color":"","overlay-opacity":"","overlay-gradient":""},"tablet":{"background-color":"","background-image":"","background-repeat":"repeat","background-position":"center center","background-size":"auto","background-attachment":"scroll","background-type":"","background-media":"","overlay-type":"","overlay-color":"","overlay-opacity":"","overlay-gradient":""},"mobile":{"background-color":"","background-image":"","background-repeat":"repeat","background-position":"center center","background-size":"auto","background-attachment":"scroll","background-type":"","background-media":"","overlay-type":"","overlay-color":"","overlay-opacity":"","overlay-gradient":""}},"ast-content-background-meta":{"desktop":{"background-color":"var(--ast-global-color-5)","background-image":"","background-repeat":"repeat","background-position":"center center","background-size":"auto","background-attachment":"scroll","background-type":"","background-media":"","overlay-type":"","overlay-color":"","overlay-opacity":"","overlay-gradient":""},"tablet":{"background-color":"var(--ast-global-color-5)","background-image":"","background-repeat":"repeat","background-position":"center center","background-size":"auto","background-attachment":"scroll","background-type":"","background-media":"","overlay-type":"","overlay-color":"","overlay-opacity":"","overlay-gradient":""},"mobile":{"background-color":"var(--ast-global-color-5)","background-image":"","background-repeat":"repeat","background-position":"center center","background-size":"auto","background-attachment":"scroll","background-type":"","background-media":"","overlay-type":"","overlay-color":"","overlay-opacity":"","overlay-gradient":""}},"footnotes":""},"categories":[],"tags":[62,41,29],"class_list":["post-15486","post","type-post","status-publish","format-standard","has-post-thumbnail","hentry","tag-62","tag-41","tag-fr"],"_links":{"self":[{"href":"https:\/\/tunisnews.net\/ar\/wp-json\/wp\/v2\/posts\/15486","targetHints":{"allow":["GET"]}}],"collection":[{"href":"https:\/\/tunisnews.net\/ar\/wp-json\/wp\/v2\/posts"}],"about":[{"href":"https:\/\/tunisnews.net\/ar\/wp-json\/wp\/v2\/types\/post"}],"author":[{"embeddable":true,"href":"https:\/\/tunisnews.net\/ar\/wp-json\/wp\/v2\/users\/1"}],"replies":[{"embeddable":true,"href":"https:\/\/tunisnews.net\/ar\/wp-json\/wp\/v2\/comments?post=15486"}],"version-history":[{"count":0,"href":"https:\/\/tunisnews.net\/ar\/wp-json\/wp\/v2\/posts\/15486\/revisions"}],"wp:featuredmedia":[{"embeddable":true,"href":"https:\/\/tunisnews.net\/ar\/wp-json\/wp\/v2\/media\/22040"}],"wp:attachment":[{"href":"https:\/\/tunisnews.net\/ar\/wp-json\/wp\/v2\/media?parent=15486"}],"wp:term":[{"taxonomy":"category","embeddable":true,"href":"https:\/\/tunisnews.net\/ar\/wp-json\/wp\/v2\/categories?post=15486"},{"taxonomy":"post_tag","embeddable":true,"href":"https:\/\/tunisnews.net\/ar\/wp-json\/wp\/v2\/tags?post=15486"}],"curies":[{"name":"wp","href":"https:\/\/api.w.org\/{rel}","templated":true}]}}