{"id":15452,"date":"2007-04-07T00:00:00","date_gmt":"2007-04-07T00:00:00","guid":{"rendered":"https:\/\/tunisnews.net\/7-avril-2007\/"},"modified":"2007-04-07T00:00:00","modified_gmt":"2007-04-07T00:00:00","slug":"7-avril-2007","status":"publish","type":"post","link":"https:\/\/tunisnews.net\/ar\/7-avril-2007\/","title":{"rendered":"7 avril 2007"},"content":{"rendered":"<p><html><head><meta content=\"text\/html\" description=\"   avait perdu ses facult\u00e9s mentales apr\u00e8s avoir \u00e9t\u00e9 soumis \u00e0 toutes formes de   torture sauvage depuis son arrestation le 11 d\u00e9cembre 2006. Il a \u00e9t\u00e9 d\u00e9tenu   depuis le 16 janvier 2007 dans des conditions terribles \u00e0 la prison de   Mornaguia\u00a0: il a \u00e9t\u00e9 rel\u00e9gu\u00e9 dans des toilettes d\u2019une surface de deux m\u00e8tres   carr\u00e9s, sans a\u00e9ration ni lumi\u00e8re naturelle. Il s\u2019\u00e9tait plaint \u00e0 sa famille,   lors des visites pr\u00e9c\u00e9dentes, de n\u2019avoir pu trouver le sommeil pendant des   semaines et d\u2019\u00eatre oblig\u00e9 de se mettre dans une position inconfortable \u00e0 cause   de l\u2019exigu\u00eft\u00e9 de la pi\u00e8ce.\" http-equiv=\"Content-Type\"\/><\/head><body><body style=\"text-align: justify\"><\/p>\n<p align=\"center\"><b><a href=\"https:\/\/tunisnews.net\/ar\/\"><font face=\"Arabic Transparent\"><span><font>Home<\/font><\/span><font><span lang=\"FR-CH\"> &#8211; Accueil <\/span><span>&#8211; <\/span><\/font><\/font><span dir=\"rtl\" lang=\"AR-SA\"><font>\u0627\u0644\u0631\u0626\u064a\u0633\u064a\u0629<\/font><\/span><\/a><\/b><\/p>\n<div> <font face=\"Arial\" size=\"2\">  <span lang=\"FR\"> <\/p>\n<div align=\"center\" dir=\"ltr\"> <font size=\"2\"> <span lang=\"SV\"> <strong>TUNISNEWS<\/strong><\/span> <\/font> <\/div>\n<div align=\"center\" dir=\"ltr\"> <strong><font size=\"2\">7\u00a0\u00e8me\u00a0ann\u00e9e, <span lang=\"FR\">N\u00b0\u00a02511     du 07.04.2007<\/span><\/font><\/strong><\/div>\n<p> <strong> <\/p>\n<div align=\"center\" dir=\"ltr\"> <b><span><blink> <font size=\"2\">\u00a0archives : <\/font><a href=\"\" target=\"_blank\" rel=\"noopener\"> <font size=\"2\" target=\"_blank\">www.tunisnews.net<\/font><\/a><\/blink><\/span><\/b><font size=\"2\"> <\/font><font> <span lang=\"FR\"><font size=\"3\"> <strong><\/p>\n<hr\/>\n<p> <\/strong><\/font><\/span><\/font><\/div>\n<p> <\/strong><\/span><\/font> <\/p>\n<div>\n<p><font face=\"Times New Roman\"> <span lang=\"FR\"> <font><\/font><span> <\/p>\n<p><font> <\/p>\n<div align=\"left\" dir=\"ltr\">\n<p><font> <\/p>\n<div> <font size=\"2\"><strong><\/p>\n<p><font>AISPP:         Communiqu\u00e9         <font>CNLT: Encore des condamnations lors de proc\u00e8s         politiques entach\u00e9s de nullit\u00e9<\/font>         Halte \u00e0 la censure de Dailymotion en Tunisie          <font>Le Temps : Point de presse de Murilo Portugal,         Directeur G\u00e9n\u00e9ral Adjoint du FMI:\u00ab La Tunisie ne doit pas dormir sur ses         lauriers \u00bb<\/font>         Le Temps : Violences en milieu scolaire:Le voyant rouge !         <font>Tunis Hebdo: Le pont Rades-La Goulette Le projet         fin pr\u00eat pour l\u2019\u00e9t\u00e9 2008<\/font>         Tunisie Foot :Tunisie Foot plagi\u00e9 encore une fois &#8230; sure de         Dailymotion en Tunisie          <font>Le Temps : Point de presse de Murilo Portugal,         Directeur G\u00e9n\u00e9ral Adjoint du FMI:\u00ab La Tunisie ne doit pas dormir sur ses         lauriers \u00bb<\/font>         Le Temps : Violences en milieu scolaire:Le voyant rouge !         <font>Tunis Hebdo: Le pont Rades-La Goulette Le projet         fin pr\u00eat pour l\u2019\u00e9t\u00e9 2008<\/font>         Tunisie Foot :Tunisie Foot plagi\u00e9 encore une fois &#8230;<\/font><\/p>\n<p><\/strong> <\/font><font size=\"2\"> <\/font><\/div>\n<p> <\/font><\/p>\n<\/p><\/div>\n<p> <\/font><\/p>\n<p><\/span><\/span><\/font><\/p>\n<\/p><\/div>\n<\/p><\/div>\n<div> <font size=\"2\"><font face=\"Arial\"><\/p>\n<hr\/>\n<p><\/font><\/font><\/div>\n<div>  \u00a0<\/div>\n<div> <font face=\"Arial\"> <\/p>\n<p align=\"center\"> <b><span lang=\"FR\">  Libert\u00e9 pour Ma\u00eetre Mohammed Abbou<\/span><\/b><\/p>\n<p align=\"center\"> <b><span lang=\"FR\">  Libert\u00e9 pour tous les prisonniers politiques<\/span><\/b><\/p>\n<p align=\"center\"> <b><span lang=\"FR\">  Association Internationale de Soutien aux Prisonniers Politiques<\/span><\/b><\/p>\n<p align=\"center\"> <span lang=\"FR\">33   rue Mokhtar Atya 1001 Tunis<\/span><\/p>\n<p align=\"center\"> <span lang=\"FR\">  Tel\u00a0: 71 354 984<\/span><\/p>\n<p align=\"center\"> <span lang=\"FR\"> <a href=\"http:\/\/fr.f265.mail.yahoo.com\/ym\/Compose?To=aispptunisie@yahoo.fr\" rel=\"nofollow noopener\" target=\"_blank\"> <font>aispptunisie@yahoo.fr<\/font><\/a><\/span><\/p>\n<p align=\"center\"> <span lang=\"FR\">  Tunis, le 6 avril 2007<\/span><\/p>\n<p align=\"center\"> <span>\u00a0<\/span><\/p>\n<p align=\"center\"> <font size=\"3\"><b><span lang=\"FR\">  Communiqu\u00e9<\/span><\/b><\/font><\/p>\n<p> <span lang=\"FR\">  \u00a0L\u2019AISPP a appris avec une profonde consternation que le prisonnier politique  <\/span><b> <span lang=\"FR\">  Oualid Layouni<\/span><\/b><span lang=\"FR\">   avait perdu ses facult\u00e9s mentales apr\u00e8s avoir \u00e9t\u00e9 soumis \u00e0 toutes formes de   torture sauvage depuis son arrestation le 11 d\u00e9cembre 2006. Il a \u00e9t\u00e9 d\u00e9tenu   depuis le 16 janvier 2007 dans des conditions terribles \u00e0 la prison de   Mornaguia\u00a0: il a \u00e9t\u00e9 rel\u00e9gu\u00e9 dans des toilettes d\u2019une surface de deux m\u00e8tres   carr\u00e9s, sans a\u00e9ration ni lumi\u00e8re naturelle. Il s\u2019\u00e9tait plaint \u00e0 sa famille,   lors des visites pr\u00e9c\u00e9dentes, de n\u2019avoir pu trouver le sommeil pendant des   semaines et d\u2019\u00eatre oblig\u00e9 de se mettre dans une position inconfortable \u00e0 cause   de l\u2019exigu\u00eft\u00e9 de la pi\u00e8ce.   Aujourd\u2019hui, vendredi 6 avril, sa m\u00e8re nous a inform\u00e9s d\u2019une voix entrecoup\u00e9e   de sanglots, tant elle \u00e9tait d\u00e9sesp\u00e9r\u00e9e, qu\u2019elle avait \u00e9t\u00e9 choqu\u00e9e le jour   m\u00eame, lors de la visite qu\u2019elle avait rendue \u00e0 son fils \u00e0 la prison de   Mornaguia, de constater qu\u2019il avait perdu ses facult\u00e9s mentales. Il ne l\u2019avait   pas reconnue et il d\u00e9lirait. Il avait le visage enfl\u00e9 et les yeux gonfl\u00e9s. Il   la regardait de travers et lui dit qu\u2019il ne la connaissait pas et qu\u2019elle   n\u2019\u00e9tait pas sa m\u00e8re comme elle le pr\u00e9tendait.   Elle avait patient\u00e9 toute la journ\u00e9e pour voir son fils et l\u2019apr\u00e8s midi, elle   avait appris par des agents p\u00e9nitentiaires qu\u2019on venait de l\u2019amener de   l\u2019h\u00f4pital psychiatrique Razi.   L\u2019AISPP n\u2019a cess\u00e9 d\u2019exprimer ses pr\u00e9occupations faces aux conditions p\u00e9nibles,   aux mauvais traitements et \u00e0 toutes les sortes de torture auxquels sont soumis   les prisonniers d\u2019opinion dans la derni\u00e8re p\u00e9riode\u00a0: l\u2019un d\u2019entre eux avait   tent\u00e9 de se suicider en f\u00e9vrier dernier en se jetant d\u2019une fen\u00eatre du bureau   d\u2019instruction \u00e0 l\u2019\u00e9tage, et maintenant un autre, Oualid Layouni, perd ses   facult\u00e9s mentales. L\u2019AISPP exige\u00a0:<\/span><\/p>\n<p> <span lang=\"FR\">  L\u2019ouverture d\u2019une enqu\u00eate sur les conditions dans lesquelles sont maintenus   les prisonniers d\u2019opinion, <\/span><\/p>\n<p> <span lang=\"FR\">Le   jugement de leurs tortionnaires<\/span><\/p>\n<p> <span lang=\"FR\">La   lib\u00e9ration de tous les prisonniers politiques<\/span><\/p>\n<p> <span lang=\"SV\">\u00a0<\/span><\/p>\n<p> <span lang=\"FR\">Le   pr\u00e9sident de l\u2019Association<\/span><\/p>\n<p> <b><span lang=\"FR\">  Ma\u00eetre Mohammed Nouri<\/span><\/b><\/p>\n<p> <span lang=\"FR\">  (traduction ni revue ni corrig\u00e9e par les auteurs de la version en arabe, LT)<\/span><\/p>\n<p><\/font><\/div>\n<div> <font face=\"Arial\"><\/p>\n<hr\/>\n<p><\/font><\/div>\n<div>\n<div align=\"center\">\u00a0<\/div>\n<\/div>\n<div> <span lang=\"FR\"> <\/p>\n<p align=\"center\"> <b><span lang=\"FR\">  Conseil National pour les Libert\u00e9s en Tunisie<\/span><\/b><\/p>\n<p align=\"center\"> <b><span lang=\"FR\"><font size=\"3\">  Encore des condamnations lors de proc\u00e8s politiques entach\u00e9s de nullit\u00e9<\/font><\/span><\/b><\/p>\n<p><\/span><\/div>\n<div>  \u00a0<\/div>\n<div> <span lang=\"FR\"><font face=\"Arial\">La onzi\u00e8me chambre criminelle de la Cour   d\u2019Appel de Tunis, pr\u00e9sid\u00e9e par le juge <strong>Farouk Gharbi<\/strong>, a   prononc\u00e9 son jugement le 3 avril dans l\u2019affaire 8900, dans laquelle ont \u00e9t\u00e9   d\u00e9f\u00e9r\u00e9s<strong><font> Mohammed Fakhfakh et Sami Rbi\u2019i<\/font><\/strong>,   en \u00e9tat d\u2019arrestation, ainsi que<strong><font> Abdallah Jrad<\/font><\/strong>,   en fuite, en vertu de la loi relative au soutien \u00e0 l\u2019effort international de   lutte contre le terrorisme. La jugement rendu \u00e0 leur encontre en premi\u00e8re   instance a \u00e9t\u00e9 confirm\u00e9, qui condamnait Mohammed Fakhfakh \u00e0 onze ann\u00e9es   d\u2019emprisonnement, Sami Rbi\u2019i \u00e0 douze ans d\u2019emprisonnement et Abdallah Jrad \u00e0   trente-sept ans d\u2019emprisonnement. Ils \u00e9taient \u00e9galement condamn\u00e9s \u00e0 une peine   de contr\u00f4le administratif de cinq ans en fin de peine.<\/font><\/span><\/p>\n<p>\u00a0<\/p>\n<\/div>\n<div> <span lang=\"FR\"><font face=\"Arial\">Mohammed Fakhfakh avait \u00e9t\u00e9 livr\u00e9 le 11   avril 2006 par les autorit\u00e9s syriennes tandis que Sami Rbi\u2019i l\u2019avait \u00e9t\u00e9 le 13   septembre 2005 par les autorit\u00e9s italiennes.<\/font><\/span><\/p>\n<p>\u00a0<\/p>\n<\/div>\n<div> <span lang=\"FR\"><font face=\"Arial\">La d\u00e9fense a fait remarquer que le dossier   ne mentionnait nulle part ces livraisons et que la justice s\u2019\u00e9tait dessaisie   de son r\u00f4le de contr\u00f4le de leur l\u00e9galit\u00e9, abandonnant sans justification ses   pr\u00e9rogatives, et attentant aux droits de la d\u00e9fense en n\u2019examinant pas si les   arrestations \u00e9taient arbitraires ou l\u00e9gitimes.<\/font><\/span><\/div>\n<div> <span lang=\"FR\"> <font face=\"Arial\" size=\"2\">En ce qui concerne Mohammed Fakhfakh, les faits   cit\u00e9s dans les proc\u00e8s verbaux d\u2019investigations et d\u2019interrogatoire remontent   aux ann\u00e9es quatre vingt dix et ne peuvent donc lui \u00eatre reproch\u00e9s en vertu de   la loi n\u00b075 du 10 d\u00e9cembre 2003, qui n\u2019est pas r\u00e9troactive. De surplus, le   dossier est vide de tout \u00e9l\u00e9ment \u00e9tablissant l\u2019existence d\u2019une organisation   terroriste ou de faits relatifs au terrorisme.   (\u2026)<\/font><\/span><\/div>\n<div> <span lang=\"FR\"> <font face=\"Arial\" size=\"2\">Pour le Conseil<\/font><\/span><\/div>\n<div> <span lang=\"FR\"> <font face=\"Arial\" size=\"2\">La Porte parole<\/font><\/span><\/div>\n<div> <span lang=\"FR\"> <font face=\"Arial\" size=\"2\"><strong>Sihem Ben Sedrine<\/strong><\/font><\/span><\/div>\n<div>  \u00a0<\/div>\n<div> <span lang=\"FR\"> <font face=\"Arial\" size=\"2\">(traduction d&rsquo;extraits ni revue ni   corrig\u00e9e par les auteurs de la version en arabe, LT)<\/font><\/span><\/div>\n<div> <font face=\"Arial\"><\/p>\n<hr\/>\n<p><\/font><\/div>\n<div>\n<p align=\"center\"> <b><span lang=\"SV\">Halte \u00e0 la censure   de Dailymotion en Tunisie<\/span><\/b><\/p>\n<p> <span lang=\"SV\">\u00a0<\/span><\/p>\n<p> <span lang=\"SV\">      Apr\u00e8s les sites et blogs tunisiens censur\u00e9s, le r\u00e9gime de Ben Ali vient de   s\u2019attaquer \u00e0 Dailymotion.    <\/span><span>Bloqu\u00e9 depuis le 1er   avril 2007, ce service d\u2019h\u00e9bergement et de partage vid\u00e9o est devenu, il est   vrai, l\u2019un des espaces d\u2019expression favoris des Tunisiens. Par son biais, ils   ont pu faire partager leurs trouvailles et mettre en ligne des vid\u00e9os   impossible \u00e0 diffuser sur les m\u00e9dias audiovisuels locaux, tant ils sont   \u00e9touff\u00e9s par la censure. Ainsi, Dailymotion a-t-il permis \u00e0 beaucoup de   Tunisiens de soumettre au public leurs go\u00fbts musicaux, mais aussi leurs vid\u00e9os   personnelles en \u00e9tant tr\u00e8s actifs par les commentaires qu\u2019ils pouvaient y   attacher.      Pour justifier la censure sur internet, le r\u00e9gime tunisien excipe l\u2019argument   des atteintes aux bonnes m\u0153urs locales notamment par la pornographie. Pourtant,   les conditions g\u00e9n\u00e9rales d\u2019utilisation de Dailymotion r\u00e9pondent \u00e9galement \u00e0   cette exigence en permettant \u00e0 quiconque de signaler et ainsi permettre   d\u2019\u00e9liminer les contenus r\u00e9pr\u00e9hensibles.      Curieux argument que celui de vouloir ainsi prot\u00e9ger les Tunisiens alors que   des sites comme Human Rights Watch (sur sa page Tunisie) ou d\u2019autres ONG sont   censur\u00e9es. La censure de Dailymotion ne trompe personne. Il ne s\u2019agit ni plus   ni moins que de r\u00e9duire encore plus les espaces sur lesquels les tunisiens   s\u2019expriment librement.      Aussi, nous, blogueurs et internautes Tunisiens, exigeons la lev\u00e9e de cette   censure indigne qui frappe aussi bien Dailymotion que d\u2019autres sites et blogs.      Nous lan\u00e7ons \u00e9galement un appel \u00e0 toute la communaut\u00e9 des blogueurs pour nous   soutenir dans cette d\u00e9nonciation de la censure qui nous frappe en arborant sur   leurs sites et blogs les banni\u00e8res \u201cUnblock Dailymotion in Tunisia\u201d.      <strong><span>(Source : site de la   campagne \u00ab Unblock Dailymotion in <\/span><\/strong><\/span><strong> <span>Tunisia \u00bb,   visit\u00e9 le 7 avril 2007)<\/span><\/strong><span> <span>Lien : http:\/\/censorship.cybversion.org\/<\/span><\/span><\/p>\n<div align=\"center\"> <span lang=\"SV\"> <\/p>\n<hr align=\"center\" size=\"2\" width=\"100%\"\/><\/span> <\/div>\n<p align=\"center\"> <span> <\/span><b><span>Point de presse de   Murilo Portugal, Directeur G\u00e9n\u00e9ral Adjoint du FMI   <\/span><span>\u00ab La Tunisie ne doit pas   dormir sur ses lauriers \u00bb<\/span><\/b><\/p>\n<p> <span>\u00a0<\/span><\/p>\n<p> <span>Au terme de sa premi\u00e8re   visite en Tunisie, un point de presse a \u00e9t\u00e9 tenu, hie,\u00a0 au si\u00e8ge de la Banque   Centrale de Tunisie par Murilo Portugal, Directeur G\u00e9n\u00e9ral Adjoint du Fonds   Mon\u00e9taire International (FMI) et en pr\u00e9sence de Taoufik Baccar, Gouverneur de   la BCT.      Les rencontres avec les autorit\u00e9s tunisiennes ont \u00e9t\u00e9 ax\u00e9es sur l&rsquo;examen de la   politique macro\u00e9conomique du pays et les d\u00e9fis \u00e0 relever mais aussi sur les   moyens \u00e0 m\u00eame de promouvoir la coop\u00e9ration r\u00e9gionale et mondiale.      \u00a0La visite s&rsquo;inscrit dans le cadre d&rsquo;une tourn\u00e9e qu&rsquo;effectue le nouveau   Directeur G\u00e9n\u00e9ral Adjoint du FMI dans les pays de la r\u00e9gion maghr\u00e9bine en vue   de soutenir l&rsquo;int\u00e9gration r\u00e9gionale, notamment sur le plan financier.      Taoufik Baccar, Gouverneur de la BCT, a d&#8217;embl\u00e9e affirm\u00e9 l&rsquo;int\u00e9r\u00eat qu&rsquo;accorde   le FMI au d\u00e9veloppement du processus de l&rsquo;int\u00e9gration et \u00e0 l&rsquo;impulsion des   relations bilat\u00e9rales et multilat\u00e9rales.      Sur le plan macro-\u00e9conomique, le Directeur G\u00e9n\u00e9ral Adjoint du FMI, a soulign\u00e9   l&rsquo;exp\u00e9rience fort r\u00e9ussie de la Tunisie en mati\u00e8re de gestion des indicateurs   \u00e9conomiques et de politiques financi\u00e8re et mon\u00e9taire entreprise avec   l&rsquo;assistance technique du Fonds, tout en affirmant la n\u00e9cessit\u00e9 de poursuivre   les r\u00e9formes sur trois fronts principaux \u00e0 savoir : la consolidation de la   situation macro\u00e9conomique, le renforcement du secteur financier et la   poursuite de l&rsquo;int\u00e9gration tous azimuts.       \u00ab La Tunisie ne doit pas dormir sur ses lauriers&#8230; Nous partageons la vue que   l&rsquo;endettement ext\u00e9rieur devra \u00eatre r\u00e9duit davantage tout en poursuivant le   r\u00e9\u00e9quilibrage des finances publiques en donnant plus d&rsquo;efficience aux d\u00e9penses   et en \u00e9largissant l&rsquo;assiette fiscale \u00bb, a-t-il affirm\u00e9. Il a \u00e9galement insist\u00e9   sur la n\u00e9cessit\u00e9 de\u00a0 renforcer la position \u00e9conomique de mani\u00e8re \u00e0 faire face   aux chocs externes par le biais de l&rsquo;am\u00e9lioration de climat des affaires et de   l&rsquo;int\u00e9gration \u00e9conomique.      <\/span><span lang=\"SV\">Il a, par   ailleurs, r\u00e9it\u00e9r\u00e9 les port\u00e9es des politiques mon\u00e9taire et financi\u00e8re conduites   en faveur de la stabilisation des prix et de la ma\u00eetrise de l&rsquo;inflation, dont   la loi sur la Banque Centrale garantissant l&rsquo;autonomie des op\u00e9rations de cette   derni\u00e8re.   <\/span><span>Concernant   l&rsquo;am\u00e9lioration de la notation attribu\u00e9e \u00e0 la Tunisie par l&rsquo;Agence de notation   financi\u00e8re japonaise : \u00ab Rating and Investment Information, Inc (R&amp;I) \u00bb de \u00ab\u00a0BBB+\u00a0\u00bb   \u00e0 \u00ab\u00a0A-\u00a0\u00bb avec perspective stable, Murilo Potugal, a affirm\u00e9 que c&rsquo;est le fruit   d&rsquo;un pays \u00e9mergent qui investit dans la restructuration du secteur bancaire et   financier.      Pour sa part, le Gouverneur de la BCT a affirm\u00e9 : \u00ab Il est question de   pr\u00e9server la notation qui constitue pour nous un nouveau challenge \u00e0 relever   \u00bb. Il a soulign\u00e9 \u00e0 ce titre la relation de cause \u00e0 effet entre le   remboursement anticip\u00e9 de la dette ext\u00e9rieure et l&rsquo;am\u00e9lioration du risque-pays   ou du rating attribu\u00e9. \u00ab Nous pourrons maintenant revenir sur le march\u00e9   financier international et b\u00e9n\u00e9ficier d&rsquo;un co\u00fbt de financement ext\u00e9rieur ou   encore un taux d&rsquo;int\u00e9r\u00eat r\u00e9duit \u00bb, a-il ajout\u00e9.      <span>L&rsquo;int\u00e9gration d\u00e9pend des pays eux-m\u00eames : \u00e7a prend   du temps<\/span>      \u00a0Du c\u00f4t\u00e9 de l&rsquo;int\u00e9gration r\u00e9gionale et notamment maghr\u00e9bine, Murilo Portugal a   affirm\u00e9 le soutien qu&rsquo;accorde le FMI \u00e0 l&rsquo;\u00e9volution du processus, en soulignant   le r\u00f4le actifassign\u00e9 \u00e0 la Tunisie en la mati\u00e8re.      Attestant du bas niveau de l&rsquo;int\u00e9gration maghr\u00e9bine, le Directeur G\u00e9n\u00e9ral   Adjoint du FMI a affirm\u00e9 la n\u00e9cessit\u00e9 d&rsquo;aller de l&rsquo;avant vers l&rsquo;int\u00e9gration. \u00ab   Un processus de longue haleine qui a dur\u00e9 pr\u00e8s de 50 ans en Europe \u00bb, a-il   affirm\u00e9.      Et d&rsquo;ajouter : \u00ab Nous soutenons la mobilisation vers une int\u00e9gration   \u00e9conomique maghr\u00e9bine en sponsorisant les s\u00e9minaires et les r\u00e9unions dans les   diff\u00e9rents pays de la r\u00e9gion, mais l&rsquo;int\u00e9gration d\u00e9pend en premier lieu de la   volont\u00e9 ferme des pays maghr\u00e9bins \u00bb.      Murilo Portugal a en outre pass\u00e9 en revue le plan d&rsquo;actions strat\u00e9giques et   les recommandations concr\u00e8tes mis en place par le FMI, favorisant   l&rsquo;int\u00e9gration des pays du Maghreb dont notamment la cr\u00e9ation d&rsquo;un site web   facilitant l&rsquo;harmonisation des proc\u00e9dures douani\u00e8res et des normes techniques.   Il a, par ailleurs, appel\u00e9 \u00e0 activer la mise en place d&rsquo;un comit\u00e9   inter-maghr\u00e9bin et \u00e0 la cr\u00e9ation d&rsquo;un guichet unique en mati\u00e8re de douane.      Taoufik Baccar a relev\u00e9 \u00e0 ce titre les progr\u00e8s r\u00e9alis\u00e9s en Tunisie en mati\u00e8re   de mobilisation de l&rsquo;int\u00e9gration r\u00e9gionale financi\u00e8re \u00e0 travers la cr\u00e9ation   d&rsquo;une zone de libre-\u00e9change tuniso-libyenne, l&rsquo;int\u00e9gration mon\u00e9taire   tuniso-libyenne, l&rsquo;installation d&rsquo;une banque marocaine en Tunisie et autres.      Le dircteur g\u00e9n\u00e9ral adjoint du FMI a r\u00e9affirm\u00e9 la n\u00e9cessit\u00e9 de poursuivre le   chemin de l&rsquo;int\u00e9gartion. Un chemin qui prend du temps mais qui pr\u00e8sente tant   d&rsquo;opportunit\u00e9s s&rsquo;il est convenablement pr\u00e9par\u00e9.      <\/span> <span lang=\"SV\">Yosr   GUERFEL<\/span><span lang=\"SV\"> <strong><span>(Source : \u00ab Le Temps \u00bb   (Quotidien \u2013 Tunis), le 7 avril 2007)<\/span><\/strong><\/span><\/p>\n<div align=\"center\"> <b> <span lang=\"SV\"> <\/p>\n<hr align=\"center\" size=\"2\" width=\"100%\"\/><\/span><\/b> <\/div>\n<p align=\"center\"> <span> <\/span><b><span>Violences en milieu   scolaire   <\/span><span>Le voyant rouge !<\/span><\/b><\/p>\n<p> <span>\u00a0<\/span><\/p>\n<p> <span> <span>Mohamed Sahbi RAMMAH<\/span>\u00a0\u00a0\u00a0\u00a0\u00a0\u00a0\u00a0\u00a0\u00a0\u00a0\u00a0       <span>Un entrefilet paru ce mercredi 4 avril 2007 sur les   colonnes de notre cons\u0153ur en langue arabe \u00abSABAH AL KHAIER \u00bb en page 9   concernant les violences au sein des institutions \u00e9ducatives ( ?) nous a   laiss\u00e9 perplexes, mal \u00e0 l&rsquo;aise pour ne pas dire attrist\u00e9s.   Il en ressort, que durant l&rsquo;ann\u00e9e 2006, on a recens\u00e9 tenez -vous bien 2025 cas   d&rsquo;agressions dans les milieux scolaires dont 1040 au sein m\u00eame des salles de   classe rien que moins !\u00a0 D\u00e9passements allant des grossi\u00e8ret\u00e9s et invectives   verbales aux atteintes \u00e0 l&rsquo;int\u00e9grit\u00e9 physique: coups de poing, d\u00e9figurations,   mutilations \u00e0 armes blanches !<\/span> <span>Tableau alarmant<\/span>      \u00a0Un bilan on ne peut plus sombre, alarmant et incitant normalement toutes les   parties concern\u00e9es ( tutelle, administrations des institutions scolaires,   enseignants, surveillants, parents, repr\u00e9sentants des \u00e9l\u00e8ves, m\u00e9dias) \u00e0 agir   au plus vite pour analyser cette dramatique situation, en d\u00e9finir les causes,   d\u00e9signer sans faux fuyants les responsables, endiguer et circonscrire le fl\u00e9au   et apporter les rem\u00e8des et correctifs idoines, appropri\u00e9s. Cette situation   d\u00e9l\u00e9t\u00e8re ne peut plus durer, et il est grand temps qu&rsquo;on prenne enfin le   taureau par les cornes, qu&rsquo;on cesse de jouer \u00e0 l&rsquo;autruche, en un mot, qu&rsquo;on   s\u00e9visse.      Il est ind\u00e9niable que l&rsquo;\u00e9tat catastrophique, la d\u00e9gradation inqui\u00e9tante des   relations r\u00e9gissant les rapports enseignant-\u00e9l\u00e8ve ne sont gu\u00e8re fortuits, et   encore moins r\u00e9cents. Plusieurs facteurs y ont contribu\u00e9. Nous essayerons dans   notre approche de les r\u00e9pertorier et ce apr\u00e8s avoir pris contact avec les   diff\u00e9rentes parties concern\u00e9es.      Revenir sur ce que furent nos relations avec nos instits, ce qu&rsquo;ils   repr\u00e9sentaient pour nous, comment nous n&rsquo;osions les importuner ne serait &#8211; ce   par le fait de les croiser sur un m\u00eame trottoir en nous faufilant dans les   portes coch\u00e8res les plus proches voire en rebroussant carr\u00e9ment chemin et   emprunter un autre itin\u00e9raire, et cela bien s\u00fbr les rares fois o\u00f9 il nous   \u00e9tait permis de sortir accomplir quelques emplettes au paternel ; \u00e9voquer ces   signes de d\u00e9f\u00e9rence, de respect envers nos ma\u00eetres ne rimerait \u00e0 rien ; pire,   nos enfants quand nous en parlons en famille avec une pointe de nostalgie nous   tournent en d\u00e9rision, en font des gorg\u00e9es chaudes&#8230;      <span>Etat des lieux<\/span>      \u00a0A l&rsquo;heure qu&rsquo;il est, il est d\u00e9solant de constater que l&rsquo;enseignant a   \u00e9norm\u00e9ment perdu de son aura, son prestige accusant un s\u00e9rieux coup de massue,   bref il en a pris pour son grade.      Les r\u00f4les sont d\u00e9sormais curieusement invers\u00e9s : l&rsquo;instit \u00e9vite de pointer le   bout du nez dehors de crainte de (tomber) in\u00e9vitablement sur ses \u00ab \u00e9l\u00e8ves \u00bb   \u00e9lisant domicile en permanence dans la rue. Gros mots, blasph\u00e8mes, quolibets \u00e0   peine voil\u00e9s, bousculades, tirs pr\u00e9cis de ballons sont au menu et lui sont   indirectement ou sciemment destin\u00e9s selon le genre de l&rsquo;exaction. Devant le   lyc\u00e9e, sa voiture est l&rsquo;objet de barbaries multiples (pneus crev\u00e9s, t\u00f4les   d\u00e9fonc\u00e9es, essuie-glaces tordus, r\u00e9troviseurs lat\u00e9raux bris\u00e9s, sucre d\u00e9vers\u00e9   dans le r\u00e9servoir d&rsquo;essence, etc.). Le narguer en affichant ostensiblement sa   vocation tabagique est du domaine de l&rsquo;habituel et ce m\u00eame dans l&rsquo;enceinte de   certains lyc\u00e9es o\u00f9 le pauvre fait semblant de ne rien remarquer ; histoire de   sauver les meubles, de conserver un brin de dignit\u00e9 ou de ce qu&rsquo;il lui en   reste.      A Sadiki, la porte principale r\u00e9serv\u00e9e aux professeurs \u00e9tait sacr\u00e9e, aucun   \u00e9l\u00e8ve, aurait &#8211; il \u00e9t\u00e9 accompagn\u00e9 m\u00eame par son paternel n&rsquo;avait le droit de   s&rsquo;y approcher, histoire de pr\u00e9server l&rsquo;aur\u00e9ole dont \u00e9tait entour\u00e9e l&rsquo;imposant   corps enseignant \u00e0 l&rsquo;\u00e9poque. A la sonnerie, les portails des \u00e9l\u00e8ves \u00e9taient   d\u00e9j\u00e0 ferm\u00e9s. Actuellement, vous avez beau sonner, les gosses sont toujours   agglutin\u00e9s devant le lyc\u00e9e \u00e0 deviser tranquillement, et c&rsquo;est au proviseur en   personne aid\u00e9 par le surveillant g\u00e9n\u00e9ral, le senseur, les surveillants de les   diriger vers les cours et par la porte normalement destin\u00e9e aux professeurs   svp. Faut-il rappeler qu&rsquo;\u00e0 l&rsquo;\u00e9poque, Mr Bekir, le proviseur, on ne le voyait   qu&rsquo;\u00e0 la f\u00eate de fin d&rsquo;ann\u00e9e.      En salle, seuls quelques uns manifestent un semblant d&rsquo;int\u00e9r\u00eat poli vis-\u00e0-vis   de ce que s&rsquo;\u00e9gosille \u00e0 expliquer le ma\u00eetre, car contraints de par les   premi\u00e8res places de devant qu&rsquo;ils occupent, \u00e9tant arriv\u00e9s en retard. Aucune   tenue de cahiers, absence totale des livres et manuscrits. Par contre,   \u00e9changes permanents de SMS par le biais des portables mis sous le mode   silencieux.      <span>Une administration\u00a0 efficace, renonciatrice<\/span>      L&rsquo;arme ma\u00eetresse dont disposait le professeur a \u00e9t\u00e9 tout simplement supprim\u00e9e   : la retenue ; obligeant les contrevenants \u00e0 passer le weekend \u00e0 l&rsquo;\u00e9cole, les   gosses ne courent plus de gros risques. Si on y ajoute la r\u00e9ticence manifeste   de l&rsquo;administration \u00e0 sanctionner les fautifs (aucun proviseur ne d\u00e9sire avoir   et signaler des d\u00e9passements dans \u00ab son \u00bb lyc\u00e9e) on comprendrait alors mieux   la hardiesse de certains \u00e0 passer outre les r\u00e8gles les plus \u00e9l\u00e9mentaires \u00e0   respecter dans les \u00e9coles ; se pr\u00e9valant des droits de la jeunesse et de   l&rsquo;enfance que leur a accord\u00e9s l&rsquo;Etat et oubliant dans la foul\u00e9e leurs devoirs   envers l&rsquo;institution. Pour corser le tout, certains directeurs vont jusqu&rsquo;\u00e0   r\u00e9primander leurs auxiliaires pour avoir signal\u00e9 le comportement ind\u00e9cent d&rsquo;un   \u00e9colier ; le plus malheureux, c&rsquo;est que cette r\u00e9probation se fait en pr\u00e9sence   du fautif !      <span>Des parents peu responsables<\/span>      \u00a0N&rsquo;occultons pas le r\u00f4le n\u00e9faste, n\u00e9gatif jou\u00e9 par nous autres parents, qui   pour la moindre r\u00e9primande essuy\u00e9e par le rejeton et tr\u00e8s souvent m\u00e9rit\u00e9e,   nous nous pr\u00e9cipitons vers qui de droit pour exiger r\u00e9paration de l&rsquo;affront   subi, ce qui est de nature \u00e0 encourager les jeunes \u00e0 davantage d&rsquo;abus.      Se sentant ainsi doublement prot\u00e9g\u00e9, parapluie paternel associ\u00e9 \u00e0 l&rsquo;effacement   calcul\u00e9 et&#8230; peureux de l&rsquo;administration, l&rsquo;\u00e9l\u00e8ve peut de ce fait se   permettre toutes sortes d&rsquo;hostilit\u00e9s \u00e0 l&rsquo;endroit de ses ma\u00eetres, rassur\u00e9 qu&rsquo;il   \u00e9tait quant \u00e0 l&rsquo;issue de ses incartades aussi bl\u00e2mables fussent &#8211;\u00a0 elles.      Certains directeurs vont jusqu&rsquo;\u00e0 r\u00e9primander leurs auxiliaires pour avoir   signal\u00e9 le comportement ind\u00e9cent d&rsquo;un \u00e9colier ; le plus malheureux, c&rsquo;est que   cette r\u00e9probation se fait en pr\u00e9sence du fautif !      <span>Des \u00e9l\u00e8ves outr\u00e9s<\/span>      \u00a0Autre son de cloche \u00e9tonnant du\u00a0 c\u00f4t\u00e9 des jeunes : ils seraient ( nous   utilisons sciemment le conditionnel) selon leurs all\u00e9gations amen\u00e9s \u00e0 riposter   violemment \u00e0 certains enseignants qui par leurs comportements it\u00e9ratifs,   provocants, avilissant \u00e0 leur endroit notamment par des propos injurieux voire   blasph\u00e9matoires en pleines s\u00e9ances et au vu et au su de plus de 30 \u00e9l\u00e8ves les   faisant sortir de leurs gongs et les poussant \u00e0 r\u00e9agir violemment \u00e9tant   touch\u00e9s dans leur amour propre : Leur corriger certaines(un euph\u00e9misme) fautes   d&rsquo;orthographe, de structure, prouver que leur d\u00e9monstration math\u00e9matique ne   tient pas la route, relever une contradiction criarde entre deux th\u00e9ories \u00e0 30   minutes d&rsquo;intervalle, suffoquer, piquer une crise d&rsquo;asthme suite aux   \u00e9manations de leurs cigarettes en classe, ne pas participer aux cours   particuliers qu&rsquo;ils organiseraient chez eux, et vous seriez dans l&rsquo;\u0153il du   cyclone, inscrit en p\u00f4le\u00a0 position dans leur liste noire !\u00a0       \u00a0Le probl\u00e8me \u00e9tant complexe et \u00e9pineux, une prise de conscience imm\u00e9diate de   toutes les parties prenantes s&rsquo;impose pour redorer le blason de l&rsquo;institution   scolaire, repl\u00e2trer le prestige craquel\u00e9 et chancelant du corps enseignant et   ce dans le dessein avou\u00e9 de rehausser le niveau d&rsquo;instruction de nos enfants   et surtout leur inculquer les abc d&rsquo;une bonne conduite seuls garants de leur   r\u00e9ussite ult\u00e9rieure.       <\/span><strong> <span lang=\"SV\">(Source   : \u00ab Le Temps \u00bb (Quotidien \u2013 Tunis), le 7 avril 2007)<\/span><\/strong><\/p>\n<div align=\"center\"> <b> <span lang=\"SV\"> <\/p>\n<hr align=\"center\" size=\"2\" width=\"100%\"\/><\/span><\/b> <\/div>\n<p align=\"center\"> <span lang=\"SV\"> <\/span><b><span lang=\"SV\">LE PONT   RADES-LA GOULETTE Le projet fin pr\u00eat pour l\u2019\u00e9t\u00e9 2008   <\/span><span lang=\"SV\"><font size=\"2\">  Les fondations achev\u00e9es \u00e0 95%   <\/font><\/span><font size=\"2\"> <span lang=\"SV\">1 million de m\u00e8tres   cubes de mat\u00e9riaux   <\/span><\/font><span lang=\"SV\"> <font size=\"2\">Une fr\u00e9quence de 28.000 v\u00e9hicules par jour<\/font><\/span><\/b><\/p>\n<p> <span lang=\"SV\">\u00a0<\/span><\/p>\n<p> <span lang=\"SV\">      S\u2019il y a un m\u00e9ga-projet actuellement en cours, c\u2019est bien celui du pont qui   reliera bient\u00f4t les banlieues Sud et Nord de la capitale. <\/span> <span>Ce projet, dont le co\u00fbt a   \u00e9t\u00e9 \u00e9tabli \u00e0 quelque 141 milliards de nos millimes a \u00e9t\u00e9 entam\u00e9 \u00e0 l\u2019\u00e9t\u00e9 2004.   Il devrait \u00eatre op\u00e9rationnel d\u00e8s l\u2019\u00e9t\u00e9 2008 \u00e9tant donn\u00e9 que les travaux ont   atteint 50% de leur avancement.      Depuis l\u2019\u00e9t\u00e9 2004, un gigantesque chantier a \u00e9lu domicile \u00e0 quelques   encablures de la capitale. Ce chantier ne ch\u00f4me pas afin que le projet du pont   reliant Rad\u00e8s \u00e0 La Goulette (ou vice-versa), dont les formes commencent \u00e0   appara\u00eetre, soit op\u00e9rationnel \u00e0 la date fix\u00e9e, c\u2019est-\u00e0-dire \u00e0 l\u2019\u00e9t\u00e9 2008.      <span>Un taux d\u2019avancement de 50%<\/span>      D\u2019un co\u00fbt initial de 130 millions de dinars mais r\u00e9\u00e9valu\u00e9 \u00e0 141 MD, le projet   est scind\u00e9 en cinq lots. Le premier lot concerne le \u00ab\u00a0Pont principal\u00a0\u00bb. Il   s\u2019agit d\u2019un pont hauban\u00e9 extradoss\u00e9 de 260 m\u00e8tres de long et 23,5 m\u00e8tres de   large. Le second lot ou l\u2019\u00a0\u00bbApproche Sud\u00a0\u00bb est une voie d\u2019acc\u00e8s au pont. <\/span> <span lang=\"SV\">Cela s\u2019\u00e9tend de   Mallaha (Cit\u00e9 Nour), du c\u00f4t\u00e9 de Rad\u00e8s, avec plus de deux kilom\u00e8tres de route   et qui consiste principalement en deux ouvrages. <\/span> <span>Le Canal Sud et l\u2019ouvrage   principal construit en b\u00e9ton pr\u00e9contraint (400 m\u00e8tres) et qui relie le pont.        Le lot num\u00e9ro 3 ou \u00ab\u00a0Echangeur\u00a0\u00bb, consiste en l\u2019\u00e9dification d\u2019un pont en b\u00e9ton   pr\u00e9contraint de 700 m\u00e8tres et qui aura n\u00e9cessit\u00e9 le remblaiement de 16   hectares du lac. Le lot num\u00e9ro quatre ou \u00ab\u00a0Liaison Nord\u00a0\u00bb est une extension du   r\u00e9seau routier d\u00e9j\u00e0 en place. Cette nouvelle voie longue de six kilom\u00e8tres   reliera directement la Foire du Kram \u00e0 l\u2019\u00e9changeur.       Deux autres ouvrages ; un pont de 60 m\u00e8tres sur le Canal Kheireddine et un   autre de 15 m\u00e8tres su le Canal STEG, compl\u00e8tent ce lot. Enfin, un cinqui\u00e8me   lot concernant l\u2019\u00e9clairage public, finalisera le projet.      A l\u2019origine, il \u00e9tait pr\u00e9vu que le projet soit boucl\u00e9 en 36 mois. Toutefois,   les al\u00e9as li\u00e9s au sol, les impr\u00e9vus et les \u00e9tudes suppl\u00e9mentaires font que les   travaux ont \u00e9t\u00e9 quelque peu \u00e9tendus. D\u2019ailleurs, ceux-l\u00e0 ont atteint un taux   d\u2019avancement de 50%. Tandis que les fondations ont \u00e9t\u00e9 achev\u00e9es \u00e0 95%.   A noter que les lots n\u00b01 et n\u00b03 sont pris en charge par une entreprise   japonaise, le lot n\u00b02 est conjointement r\u00e9alis\u00e9 par les Japonais et les   Egyptiens, quant au lot n\u00b04, il est sous la responsabilit\u00e9 des Tunisiens.  <\/span><span lang=\"SV\">Les travaux   sont d\u2019ailleurs sous-trait\u00e9s de 70 \u00e0 80% par des Tunisiens.      <\/span><span>Un   terrain peu propice<\/span><span>      Quoi qu\u2019il en soit, le plus difficile semble avoir \u00e9t\u00e9 r\u00e9alis\u00e9. Mais le plus   dur reste \u00e0 faire. A savoir, la mise en place des tabliers. Ce sont des   proc\u00e9d\u00e9s nouveaux et qui ont la particularit\u00e9 d\u2019\u00eatre sensibles et d\u00e9licats. Le   proc\u00e9d\u00e9 d\u2019ex\u00e9cution du tablier principal se fera par encorbellement successif.  <\/span><span lang=\"SV\">La   sensibilit\u00e9 vient du fait que tout le travail va \u00eatre fait en hauteur de part   et d\u2019autre de la pile (25 m\u00e8tres).       Rappelons que l\u2019ouvrage s\u2019\u00e9l\u00e8ve \u00e0 20 m\u00e8tres au-dessus du niveau de la mer pour   permettre aux voiliers de naviguer. <\/span> <span>Toutefois, le directeur du   projet, M. Ghazi Cherif, estime que \u00ab\u00a0ce sera plus ma\u00eetrisable \u00e9tant donn\u00e9 que   les travaux seront d\u00e9sormais visibles\u00a0\u00bb.      Mais il ne nie pas les difficult\u00e9s inh\u00e9rentes \u00e0 un tel projet. M. Cherif   \u00e9num\u00e8re trois principaux facteurs qui ont rendu la conception en elle-m\u00eame   difficile.      Il y a d\u2019abord l\u2019emplacement (voie Tunis-La Goulette). Au vu de la   fr\u00e9quentation de ce tron\u00e7on, l\u2019approvisionnement en mat\u00e9riaux de construction   n\u2019a pas \u00e9t\u00e9 \u00e9vident. Il aura fallu travailler hors heures de pointe. Et   lorsqu\u2019on sait que plus d\u2019un million de m\u00e8tres cubes de mat\u00e9riaux a \u00e9t\u00e9   utilis\u00e9, on s\u2019imagine le rythme auquel ont d\u00fb se soumettre les livreurs (un   camion toutes les 10 \u00e0 15 minutes pendant six mois et hors heures de pointe).      La deuxi\u00e8me difficult\u00e9 aura \u00e9t\u00e9 l\u2019environnement du projet avec la pr\u00e9sence de   deux microsyst\u00e8mes (le Lac Nord et le Lac Sud).      La troisi\u00e8me difficult\u00e9 aura \u00e9t\u00e9 la nature du terrain. A cet endroit, le sol   est, en effet, connu pour ses tr\u00e8s faibles caract\u00e9ristiques, ce qui a   n\u00e9cessit\u00e9 des interventions sp\u00e9ciales telles que les consolidations.      Le projet en lui-m\u00eame reste d\u00e9licat et c\u2019est pour cette raison qu\u2019il constitue   un v\u00e9ritable d\u00e9fi technique comme l\u2019ont soulign\u00e9 de nombreux experts   internationaux qui ont \u00e9valu\u00e9 l\u2019\u00e9tude. Mais le d\u00e9fi en vaut le prix.      L\u2019entr\u00e9e en fonction de ce pont donnera une v\u00e9ritable bouff\u00e9e d\u2019oxyg\u00e8ne \u00e0 la   circulation dans le Grand-Tunis. Et lorsqu\u2019on \u00e9value \u00e0 28.000 le nombre de   v\u00e9hicules qui fr\u00e9quenteront chaque jour ce pont on comprend mieux l\u2019importance   de ce projet, v\u00e9ritable liaison entre le Nord et le Sud, et ce, sans passer   par la capitale.      <\/span> <span lang=\"SV\">Maher   CHAABANE<\/span><span lang=\"SV\"> <strong><span>(Source : \u00ab Tunis   Hebdo \u00bb (Hebdomadaire \u2013 Tunis), le 2 avril 2007)<\/span><\/strong><\/span><\/p>\n<div align=\"center\"> <span lang=\"SV\"> <\/p>\n<hr align=\"center\" size=\"2\" width=\"100%\"\/><\/span> <\/div>\n<p align=\"center\"> <span> <\/span><b><span>Tunisie Foot plagi\u00e9   encore une fois &#8230;<\/span><\/b><\/p>\n<p> <span>\u00a0<\/span><\/p>\n<p> <span> <\/span><span lang=\"SV\">L\u2019ensemble   de la r\u00e9daction de Tunisie-foot.com souhaite d\u00e9noncer avec vigueur le   quotidien Tunisien Assarih pour avoir tromp\u00e9 ses lecteurs dans son \u00e9dition du   mercredi 03 avril 2007 avec l\u2019article de notre site concernant une information   au sujet d\u2019un de nos joueurs expatri\u00e9s.      Ces agissements, devenus r\u00e9currents, d\u00e9notent \u00e0 notre sens, au del\u00e0 du manque   de respect que cela repr\u00e9sente \u00e0 l\u2019\u00e9gard de notre site, d\u2019une absence   flagrante de la plus \u00e9l\u00e9mentaire des d\u00e9ontologies professionnelles et il nous   parait \u00e9trange pour ne pas dire honteux de devoir rappeler aux journalistes de   cet honorable \u00e9tablissement les r\u00e8gles les plus \u00e9l\u00e9mentaires de leur   profession.      Cette fois ci, Assarih a mordu \u00e0 l&rsquo;hame\u00e7on. L\u2019information annonc\u00e9e sur notre   site n\u2019\u00e9tait qu\u2019un poisson d\u2019avril. En effet, un des animateurs du forum a   lanc\u00e9 un sujet parlant d\u2019un \u00e9ventuel transfert de notre expatri\u00e9 Selim Ben   Achour vers le club espagnol du FC S\u00e9ville. <\/span> <span>Pour donner plus de   cr\u00e9dibilit\u00e9 \u00e0 l&rsquo;information, une source Russe a \u00e9t\u00e9 cit\u00e9e malgr\u00e9 que cette   derni\u00e8re ne l&rsquo;\u00e9voque pas. <\/span> <span lang=\"SV\">Mr.Laghdiri,   journaliste \u00e0 Assarih, a repris int\u00e9gralement l\u2019information et l\u2019a post\u00e9 dans   le num\u00e9ro du 03 avril 2007. <\/span> <span>Il n&rsquo;a apparemment pas pris   la peine de visiter le site source pour v\u00e9rifier l&rsquo;information.      Que les responsables des diff\u00e9rents m\u00e9dias \u00e9crits tunisiens se le tiennent   pour dit, ces agissements qui n\u2019ont que trop dur\u00e9, impliquant plusieurs   quotidiens tunisiens, ne seront plus pass\u00e9s sous silence et nous les   d\u00e9noncerons \u00e0 chaque fois que cela sera n\u00e9cessaire sans faire de distinction   entre leurs \u00ab\u00a0auteurs\u00a0\u00bb et les titres qui les emploient.      A signaler enfin que le poisson d\u2019avril 2007 a r\u00e9ussi, et que Tunisie-Foot   reste une source digne et cr\u00e9dible.       <span>AA<\/span> <strong><span>(Source : le site \u00ab   Tunisie Foot \u00bb, le 5 avril 2007 \u00e0 <\/span><\/strong><\/span><strong> <span>6:11:44 PM)<\/span><\/strong><span> <span>Lien : http:\/\/www.tunisie-foot.com\/fr\/actualite.asp<\/span><\/span><\/p>\n<\/div>\n<hr\/>\n<p align=\"center\"><b><a href=\"https:\/\/tunisnews.net\/ar\/\"><font face=\"Arabic Transparent\"><span><font>Home<\/font><\/span><font><span lang=\"FR-CH\"> &#8211; Accueil <\/span><span>&#8211; <\/span><\/font><\/font><span dir=\"rtl\" lang=\"AR-SA\"><font>\u0627\u0644\u0631\u0626\u064a\u0633\u064a\u0629<\/font><\/span><\/a><\/b><\/p>\n<p><\/body><\/body><\/html><\/p>","protected":false},"excerpt":{"rendered":"<p>Home &#8211; Accueil &#8211; \u0627\u0644\u0631\u0626\u064a\u0633\u064a\u0629 TUNISNEWS 7\u00a0\u00e8me\u00a0ann\u00e9e, N\u00b0\u00a02511 du 07.04.2007 \u00a0archives : www.tunisnews.net AISPP: Communiqu\u00e9 CNLT: Encore des condamnations lors de proc\u00e8s politiques entach\u00e9s de nullit\u00e9 Halte \u00e0 la censure de Dailymotion en Tunisie Le Temps : Point de presse de Murilo Portugal, Directeur G\u00e9n\u00e9ral Adjoint du FMI:\u00ab La Tunisie ne doit pas dormir sur [&hellip;]<\/p>\n","protected":false},"author":1,"featured_media":22040,"comment_status":"open","ping_status":"open","sticky":false,"template":"","format":"standard","meta":{"inline_featured_image":false,"site-sidebar-layout":"default","site-content-layout":"","ast-site-content-layout":"default","site-content-style":"default","site-sidebar-style":"default","ast-global-header-display":"","ast-banner-title-visibility":"","ast-main-header-display":"","ast-hfb-above-header-display":"","ast-hfb-below-header-display":"","ast-hfb-mobile-header-display":"","site-post-title":"","ast-breadcrumbs-content":"","ast-featured-img":"","footer-sml-layout":"","ast-disable-related-posts":"","theme-transparent-header-meta":"","adv-header-id-meta":"","stick-header-meta":"","header-above-stick-meta":"","header-main-stick-meta":"","header-below-stick-meta":"","astra-migrate-meta-layouts":"default","ast-page-background-enabled":"default","ast-page-background-meta":{"desktop":{"background-color":"","background-image":"","background-repeat":"repeat","background-position":"center center","background-size":"auto","background-attachment":"scroll","background-type":"","background-media":"","overlay-type":"","overlay-color":"","overlay-opacity":"","overlay-gradient":""},"tablet":{"background-color":"","background-image":"","background-repeat":"repeat","background-position":"center center","background-size":"auto","background-attachment":"scroll","background-type":"","background-media":"","overlay-type":"","overlay-color":"","overlay-opacity":"","overlay-gradient":""},"mobile":{"background-color":"","background-image":"","background-repeat":"repeat","background-position":"center center","background-size":"auto","background-attachment":"scroll","background-type":"","background-media":"","overlay-type":"","overlay-color":"","overlay-opacity":"","overlay-gradient":""}},"ast-content-background-meta":{"desktop":{"background-color":"var(--ast-global-color-5)","background-image":"","background-repeat":"repeat","background-position":"center center","background-size":"auto","background-attachment":"scroll","background-type":"","background-media":"","overlay-type":"","overlay-color":"","overlay-opacity":"","overlay-gradient":""},"tablet":{"background-color":"var(--ast-global-color-5)","background-image":"","background-repeat":"repeat","background-position":"center center","background-size":"auto","background-attachment":"scroll","background-type":"","background-media":"","overlay-type":"","overlay-color":"","overlay-opacity":"","overlay-gradient":""},"mobile":{"background-color":"var(--ast-global-color-5)","background-image":"","background-repeat":"repeat","background-position":"center center","background-size":"auto","background-attachment":"scroll","background-type":"","background-media":"","overlay-type":"","overlay-color":"","overlay-opacity":"","overlay-gradient":""}},"footnotes":""},"categories":[],"tags":[56,38,29],"class_list":["post-15452","post","type-post","status-publish","format-standard","has-post-thumbnail","hentry","tag-56","tag-38","tag-fr"],"_links":{"self":[{"href":"https:\/\/tunisnews.net\/ar\/wp-json\/wp\/v2\/posts\/15452","targetHints":{"allow":["GET"]}}],"collection":[{"href":"https:\/\/tunisnews.net\/ar\/wp-json\/wp\/v2\/posts"}],"about":[{"href":"https:\/\/tunisnews.net\/ar\/wp-json\/wp\/v2\/types\/post"}],"author":[{"embeddable":true,"href":"https:\/\/tunisnews.net\/ar\/wp-json\/wp\/v2\/users\/1"}],"replies":[{"embeddable":true,"href":"https:\/\/tunisnews.net\/ar\/wp-json\/wp\/v2\/comments?post=15452"}],"version-history":[{"count":0,"href":"https:\/\/tunisnews.net\/ar\/wp-json\/wp\/v2\/posts\/15452\/revisions"}],"wp:featuredmedia":[{"embeddable":true,"href":"https:\/\/tunisnews.net\/ar\/wp-json\/wp\/v2\/media\/22040"}],"wp:attachment":[{"href":"https:\/\/tunisnews.net\/ar\/wp-json\/wp\/v2\/media?parent=15452"}],"wp:term":[{"taxonomy":"category","embeddable":true,"href":"https:\/\/tunisnews.net\/ar\/wp-json\/wp\/v2\/categories?post=15452"},{"taxonomy":"post_tag","embeddable":true,"href":"https:\/\/tunisnews.net\/ar\/wp-json\/wp\/v2\/tags?post=15452"}],"curies":[{"name":"wp","href":"https:\/\/api.w.org\/{rel}","templated":true}]}}