{"id":15439,"date":"2010-07-06T00:00:00","date_gmt":"2010-07-06T00:00:00","guid":{"rendered":"https:\/\/tunisnews.net\/6-juillet-2010\/"},"modified":"2010-07-06T00:00:00","modified_gmt":"2010-07-06T00:00:00","slug":"6-juillet-2010","status":"publish","type":"post","link":"https:\/\/tunisnews.net\/ar\/6-juillet-2010\/","title":{"rendered":"6 juillet 2010"},"content":{"rendered":"<p><html><head><meta content=\"text\/html\" description=\"La\u00a0Cour\u00a0d\u2019appel de Gafsa a confirm\u00e9 aujourd\u2019hui, mardi 6 \n\t\t\t\t\tjuillet 2010, la condamnation\u00a0prononc\u00e9e en premi\u00e8re \n\t\t\t\t\tinstance\u00a0\u00e0 l\u2019encontre\u00a0du journaliste Fahem\u00a0Boukadous\u00a0 \u00e0 \n\t\t\t\t\tquatre ans de prison ferme.\" http-equiv=\"Content-Type\"\/><\/head><body><body><\/p>\n<p align=\"center\" dir=\"ltr\"><font face=\"Arial\" size=\"2\"><b><a href=\"http:\/\/www.tunisnews.net\/\"><span>Home<\/span><span lang=\"FR-CH\"> &#8211; Accuei<\/span><\/a><span lang=\"FR-CH\">l<\/span><\/b><\/font><\/p>\n<div>\n<div onclick=\"return Control.invoke('ReadingPane', '_onBodyClick', event);\">\n<div>\n<div>\n<div><\/div>\n<div align=\"center\" dir=\"ltr\"><font size=\"7\"><strong>TUNISNEWS <\/strong><\/font><\/div>\n<div align=\"center\" dir=\"ltr\">\n<div><strong><font>10\u00a0\u00e8me ann\u00e9e,<span lang=\"FR\">N\u00b0\u00a03696 du 06.07.2010<\/span><\/font><\/strong><\/div>\n<\/div>\n<div align=\"center\"><span><font><strong>\u00a0archives : <\/strong><\/font><a target=\"_blank\" rel=\"noopener\"><font><strong>www.tunisnews.net<\/strong><\/font><\/a><\/span><font face=\"Arial\" size=\"2\"><span lang=\"FR\">\u00a0<\/span><\/font><\/div>\n<hr\/>\n<p><strong><\/p>\n<p><font>C.R.L.D.H.T: La cour d&rsquo;appel de Gafsa confirme la condamnation du journaliste Fahem Boukadous \u00e0 4 ans de prison <font>Reporters sans fronti\u00e8res : La condamnation de Fahem Boukadous confirm\u00e9e en appel<\/font> OLPEC: Boukaddous condamn\u00e9 \u00e0 4 ans de prison ferme \u00e0 l&rsquo;issue d&rsquo;un proc\u00e8s inique <font>AFP: Tunisie: quatre ans de prison ferme pour le journaliste Fahem Boukadous<\/font> OLPEC: Harc\u00e8lement judiciaire du journaliste Mouldi Zouabi L&rsquo;agresseur innocent\u00e9 et la victime poursuivie <font>Assabilonline: Le docteur Lamine Zidi souffre de fractures de la boite cr\u00e2nienne et de la nuque qui remontent \u00e0 sa p\u00e9riode d\u2019emprisonnement<\/font> Mondher Sfar: \u00ab Tunisie Martyre \u00bb version 2010 <font>Walfadjri: Affaire Yassine Ferchichi :\u00a0 &#8211; Le terroriste tunisien clame son innocence<\/font><font> <\/font>Xinhua: Table ronde sur la s\u00e9curit\u00e9 globale en Tunisie \u00e0 l&rsquo;or\u00e9e du 3\u00e8me mill\u00e9naire <font>Les Echos: Electricit\u00e9 : lancement d&rsquo;un m\u00e9ga projet reliant l&rsquo;Afrique \u00e0 l&rsquo;Europe<\/font><\/font><\/p>\n<p><\/strong><\/p>\n<hr\/>\n<p> \u00a0<\/p>\n<div>\n<p align=\"center\"><b><span lang=\"FR\">C.R.L.D.H.T<\/span><\/b><\/p>\n<p align=\"center\"><b><span lang=\"FR\">Comit\u00e9 pour le Respect des Libert\u00e9s et des Droits de l\u2019Homme en Tunisie<\/span><\/b><\/p>\n<p align=\"center\"><b><span lang=\"FR\">membre du R\u00e9seau Euro-m\u00e9diterran\u00e9en des Droits de l\u2019Homme<\/span><\/b><\/p>\n<p align=\"center\"><b><span lang=\"FR\">21ter\u00a0<span>rue<\/span>\u00a0<span>Voltaire<\/span>\u00a0\u2013 FR-75011 PARIS\u00a0\u00a0&#8211; Tel\/Fax : 00.33.(0)1.43.72.97.34<\/span><\/b><\/p>\n<p align=\"center\"><b><span lang=\"FR\">contact@<span>crldht<\/span>.org<\/span><span lang=\"FR\">\u00a0\/\u00a0<\/span><span lang=\"FR\">www.<span>crldht<\/span>.org<\/span><\/b><\/p>\n<p align=\"center\"><b><span lang=\"FR\">\u00a0\u00a0\u00a0\u00a0\u00a0\u00a0\u00a0\u00a0\u00a0\u00a0\u00a0\u00a0\u00a0\u00a0\u00a0\u00a0\u00a0\u00a0\u00a0\u00a0\u00a0\u00a0\u00a0\u00a0\u00a0\u00a0\u00a0\u00a0\u00a0\u00a0\u00a0\u00a0\u00a0\u00a0\u00a0\u00a0\u00a0\u00a0\u00a0\u00a0\u00a0\u00a0\u00a0\u00a0\u00a0\u00a0\u00a0\u00a0\u00a0\u00a0\u00a0\u00a0\u00a0\u00a0\u00a0\u00a0\u00a0\u00a0\u00a0\u00a0\u00a0\u00a0\u00a0\u00a0\u00a0\u00a0\u00a0\u00a0\u00a0 La cour d&rsquo;appel de Gafsa confirme la condamnation\u00a0<\/span><\/b><\/p>\n<p align=\"center\"><b><span lang=\"FR\">\u00a0\u00a0\u00a0\u00a0\u00a0\u00a0\u00a0\u00a0\u00a0\u00a0\u00a0\u00a0\u00a0\u00a0\u00a0\u00a0\u00a0\u00a0\u00a0\u00a0\u00a0\u00a0\u00a0\u00a0\u00a0\u00a0\u00a0\u00a0\u00a0\u00a0\u00a0\u00a0\u00a0\u00a0\u00a0\u00a0\u00a0\u00a0\u00a0\u00a0\u00a0\u00a0\u00a0\u00a0\u00a0\u00a0\u00a0\u00a0\u00a0\u00a0\u00a0\u00a0\u00a0\u00a0\u00a0\u00a0\u00a0\u00a0\u00a0\u00a0\u00a0\u00a0\u00a0\u00a0\u00a0\u00a0\u00a0\u00a0\u00a0 du journaliste\u00a0Fahem Boukadous\u00a0\u00e0 4 ans de prison<\/span><\/b><\/p>\n<p><span lang=\"FR\"><\/p>\n<p align=\"center\">\u00a0<\/p>\n<hr\/>\n<p>\u00a0<\/span><\/p>\n<p><span lang=\"FR\">La\u00a0Cour\u00a0d\u2019appel de Gafsa a confirm\u00e9 aujourd\u2019hui, mardi 6 juillet 2010, la condamnation\u00a0prononc\u00e9e en premi\u00e8re instance\u00a0\u00e0 l\u2019encontre\u00a0du journaliste Fahem\u00a0Boukadous\u00a0 \u00e0 quatre ans de prison ferme.<\/span><\/p>\n<p><b><span lang=\"FR\">Fahem Boukadous<\/span><\/b><span lang=\"FR\">, hospitalis\u00e9 \u00e0 Sousse depuis plusieurs jours, est poursuivi\u00a0suite \u00e0\u00a0la\u00a0couverture journalistique qu\u2019il a assur\u00e9e\u00a0du mouvement social du bassin minier de Gafsa en 2008. Il a \u00e9t\u00e9 condamn\u00e9 par contumace \u00e0 6 ans de prison ferme en d\u00e9cembre 2008, puis de nouveau en appel en f\u00e9vrier 2009 en m\u00eame temps que les leaders du mouvement de protestation sociale du bassin minier de Gafsa.<\/span><\/p>\n<p><span lang=\"FR\">M.\u00a0<b>Fahem Boukadous<\/b>\u00a0est sorti\u00a0de la clandestinit\u00e9 le 24 novembre 2009, et s\u2019est pr\u00e9sent\u00e9 \u00e0 la justice pour faire opposition \u00e0 sa condamnation par contumace. Il a \u00e9t\u00e9 condamn\u00e9 en premi\u00e8re instance \u00e0 4 ans de prison ferme. Il vient de conna\u00eetre le m\u00eame sort que\u00a0<b>Hassen\u00a0Ben\u00a0Abdallah<\/b>, qui a subi le m\u00eame jugement s\u00e9v\u00e8re de 4 ans de prison, prononc\u00e9 \u00e0 son encontre\u00a0par\u00a0la m\u00eame \u00a0Cour\u00a0.<\/span><\/p>\n<p><span lang=\"FR\">M.\u00a0<b>Boukaddous<\/b>, dont la sant\u00e9 est en \u00e9tat critique,\u00a0est\u00a0actuellement\u00a0hospitalis\u00e9 \u00e0\u00a0 Sousse (Centre-Est de la Tunisie) et \u00a0risque l\u2019incarc\u00e9ration \u00e0 tout moment.<\/span><\/p>\n<p><span lang=\"FR\">Le\u00a0<b>CRLDHT<\/b>\u00a0 d\u00e9nonce ce proc\u00e8s scandaleux et inique, dans un Etat, la Tunisie,\u00a0 o\u00f9 la justice d\u00e9lib\u00e8re en absence\u00a0\u00a0m\u00eame de l\u2019\u00a0\u00abaccus\u00e9\u00bb\u00a0emp\u00each\u00e9 d\u2019\u00eatre pr\u00e9sent physiquement pour des raisons de sant\u00e9. \u00a0.<\/span><\/p>\n<p><span lang=\"FR\">Il\u00a0exige la lib\u00e9ration\u00a0imm\u00e9diate de MM.\u00a0<b>Fahem Boukadous<\/b>\u00a0et\u00a0<b>Hassen ben Abdallah<\/b>\u00a0et l\u2019arr\u00eat des poursuites \u00e0 leur\u00a0encontre.<\/span><\/p>\n<p><span lang=\"FR\">Le\u00a0<b>CRLDHT<\/b>\u00a0tient le gouvernement tunisien pour responsable de toute d\u00e9gradation de l\u2019\u00e9tat de sant\u00e9\u00a0de M.<b>Fahem Boukadous<\/b>.<\/span><\/p>\n<p><span lang=\"FR\">Le\u00a0<b>CRLDHT<\/b>\u00a0rappelle que le dossier du bassin Minier n\u2019est pas clos et exige l\u2019arr\u00eat des poursuites \u00e0 l\u2019encontre de MM <b>Maher Fajraoui<\/b> (condamn\u00e9 par contumace \u00e0 10 ans de prison) et <b>Mo<span>u<\/span>hi\u00e9dine CHERBIB<\/b>, membre fondateur du CRLDHT, condamn\u00e9 par contumace \u00e0 2 ans et 15 jours de prison ainsi que le r\u00e9tablissement de tous les anciens (et nouveaux d\u00e9tenus) dans l\u2019int\u00e9gralit\u00e9 de leurs droits, \u00e0 commencer par celui de retrouver leurs emplois.<\/span><\/p>\n<p><b><span lang=\"FR\">Paris, le 06 juillet 2010<\/span><\/b><\/p>\n<\/div>\n<div>\n<hr\/>\n<\/div>\n<div align=\"center\"><strong><font size=\"2\">Reporters sans fronti\u00e8res<\/font> <\/strong><\/div>\n<div align=\"center\"><strong>Maghreb et Moyen Orient Tunisie\u00a0  Publi\u00e9 le 6 juillet 2010 <\/p>\n<h2 style=\"color: red;\"><font size=\"3\">La condamnation de Fahem Boukadous confirm\u00e9e en appel<\/font><\/h2>\n<p><\/strong><\/div>\n<div align=\"center\">\n<hr\/>\n<\/div>\n<div align=\"justify\"> Le tribunal d\u2019appel de Gafsa a confirm\u00e9, le 6 juillet 2010, la condamnation du journaliste Fahem Boukadous, par contumace, \u00e0 une peine de quatre ans de prison ferme. Cette d\u00e9cision a \u00e9t\u00e9 rendue alors que le journaliste est hospitalis\u00e9 \u00e0 Sousse depuis le 3 juillet dernier pour des probl\u00e8mes respiratoires. \u00ab Un tel jugement va \u00e0 l\u2019encontre des principes fondamentaux de la justice tunisienne. C\u2019est clairement une d\u00e9cision politique que de condamner ce journaliste pour n\u2019avoir fait que son travail, et ce sans que ses avocats aient pu plaider \u00bb, a d\u00e9clar\u00e9 Jean-Fran\u00e7ois Julliard, secr\u00e9taire g\u00e9n\u00e9ral de l\u2019organisation. \u00ab Depuis plus de quarante-huit heures la police politique exer\u00e7ait des pressions sur la direction de l\u2019h\u00f4pital pour qu\u2019ils ne me d\u00e9livrent pas de certificat m\u00e9dical, certificat qui aurait permis de reporter le proc\u00e8s. Malgr\u00e9 mon \u00e9tat de sant\u00e9 critique, je peux \u00eatre arr\u00eat\u00e9 d\u2019une minute \u00e0 l\u2019autre \u00bb, a d\u00e9clar\u00e9 Fahem Boukadous \u00e0 Reporters sans fronti\u00e8res. \u00ab Le jugement est ex\u00e9cutoire. Fahem peut \u00eatre arr\u00eat\u00e9 imm\u00e9diatement \u00bb, a d\u00e9clar\u00e9 Rida Ridaoui, avocat du journaliste, \u00e0 Reporters sans fronti\u00e8res. Avant d\u2019ajouter : \u00ab Un tel jugement constitue une infraction grave aux proc\u00e9dures p\u00e9nales tunisiennes : en droit tunisien, quand un accus\u00e9 est hospitalis\u00e9, le proc\u00e8s est automatiquement report\u00e9. Par ailleurs, Fahem a \u00e9t\u00e9 condamn\u00e9 sans que ses avocats aient pu plaider. \u00bb En d\u00e9cembre 2008, le tribunal de premi\u00e8re instance de Gafsa (400 km au sud de Tunis) avait condamn\u00e9 Fahem Boukadous, journaliste pour la cha\u00eene satellitaire El Hiwar Ettounsi, alors en clandestinit\u00e9, \u00e0 une peine de six ans de prison ferme, pour \u201cconstitution d\u2019une association criminelle susceptible de porter atteinte aux personnes et \u00e0 leurs biens\u201d, suite \u00e0 la couverture m\u00e9diatique des manifestations populaires dans la r\u00e9gion mini\u00e8re de Gafsa. Le 5 f\u00e9vrier 2009, la cour d\u2019appel avait confirm\u00e9 cette condamnation. Le 24 novembre 2009, le journaliste s\u2019est pr\u00e9sent\u00e9 libre devant le tribunal de Gafsa, mettant ainsi un terme \u00e0 pr\u00e8s de dix-sept mois de clandestinit\u00e9. Etant absent lors du proc\u00e8s, Fahem Boukadous avait fait opposition au jugement fin 2009. La proc\u00e9dure a donc recommenc\u00e9 depuis le d\u00e9but, annulant les d\u00e9cisions juridiques pr\u00e9c\u00e9dentes concernant le journaliste. Il avait \u00e9t\u00e9 condamn\u00e9 le 13 janvier 2010 \u00e0 quatre ans de prison ferme pour les m\u00eames faits que ceux qui lui \u00e9taient reproch\u00e9s en d\u00e9cembre 2008.<\/div>\n<div align=\"justify\">\n<hr\/>\n<\/div>\n<div align=\"center\"><span><strong><font face=\"Arial\">Observatoire pour la libert\u00e9 de presse, d&rsquo;\u00e9dition et de cr\u00e9ation<\/font><\/strong> \u00a0<\/span><\/div>\n<p align=\"center\"><span lang=\"EN-US\"><strong><font>Tunis le 6 juillet 2010<\/font><\/strong>\u00a0\u00a0\u00a0\u00a0\u00a0\u00a0\u00a0\u00a0\u00a0\u00a0\u00a0\u00a0\u00a0\u00a0\u00a0\u00a0\u00a0\u00a0\u00a0\u00a0\u00a0\u00a0\u00a0\u00a0\u00a0\u00a0\u00a0\u00a0\u00a0\u00a0\u00a0\u00a0\u00a0\u00a0\u00a0\u00a0\u00a0\u00a0\u00a0\u00a0\u00a0\u00a0\u00a0\u00a0\u00a0\u00a0\u00a0\u00a0\u00a0\u00a0\u00a0\u00a0\u00a0\u00a0\u00a0\u00a0\u00a0\u00a0\u00a0\u00a0\u00a0\u00a0\u00a0\u00a0\u00a0\u00a0\u00a0\u00a0\u00a0\u00a0\u00a0\u00a0\u00a0\u00a0\u00a0\u00a0\u00a0\u00a0\u00a0\u00a0\u00a0\u00a0\u00a0\u00a0\u00a0\u00a0\u00a0\u00a0\u00a0\u00a0\u00a0\u00a0\u00a0\u00a0\u00a0\u00a0\u00a0\u00a0\u00a0\u00a0\u00a0<\/span><\/p>\n<p align=\"center\"><b><span lang=\"EN-US\"><font size=\"3\">Boukaddous condamn\u00e9 \u00e0 4 ans de prison ferme\u00a0\u00a0\u00a0\u00a0\u00a0\u00a0\u00a0\u00a0\u00a0\u00a0\u00a0\u00a0\u00a0\u00a0\u00a0\u00a0\u00a0\u00a0\u00a0\u00a0\u00a0\u00a0\u00a0\u00a0\u00a0\u00a0\u00a0\u00a0\u00a0\u00a0\u00a0\u00a0\u00a0\u00a0\u00a0\u00a0\u00a0\u00a0\u00a0\u00a0\u00a0\u00a0\u00a0\u00a0\u00a0\u00a0\u00a0\u00a0\u00a0\u00a0\u00a0\u00a0\u00a0\u00a0\u00a0\u00a0\u00a0\u00a0\u00a0\u00a0\u00a0\u00a0\u00a0\u00a0\u00a0\u00a0\u00a0\u00a0\u00a0\u00a0\u00a0<\/font><\/span><\/b><\/p>\n<p align=\"right\"><b><span lang=\"EN-US\"><font size=\"3\">\u00e0 l&rsquo;issue d&rsquo;un proc\u00e8s inique\u00a0\u00a0\u00a0\u00a0\u00a0\u00a0\u00a0\u00a0\u00a0\u00a0\u00a0\u00a0\u00a0\u00a0\u00a0\u00a0\u00a0\u00a0\u00a0\u00a0\u00a0\u00a0\u00a0\u00a0\u00a0\u00a0\u00a0\u00a0\u00a0\u00a0\u00a0\u00a0\u00a0\u00a0\u00a0\u00a0\u00a0\u00a0\u00a0\u00a0\u00a0\u00a0\u00a0\u00a0\u00a0\u00a0\u00a0\u00a0\u00a0\u00a0\u00a0\u00a0\u00a0\u00a0\u00a0\u00a0\u00a0\u00a0\u00a0\u00a0\u00a0\u00a0\u00a0\u00a0\u00a0\u00a0\u00a0\u00a0\u00a0\u00a0\u00a0\u00a0\u00a0\u00a0\u00a0\u00a0\u00a0\u00a0\u00a0\u00a0\u00a0\u00a0\u00a0\u00a0\u00a0\u00a0\u00a0\u00a0\u00a0<\/font><\/span><\/b><\/p>\n<p align=\"justify\"><span lang=\"EN-US\"><\/span><\/p>\n<hr\/>\n<p>\u00a0<\/p>\n<p align=\"justify\"><span lang=\"EN-US\">Aujourd&rsquo;hui, la Cour d&rsquo;appel de Gafsa a condamn\u00e9 le journaliste Fahem Boukaddous \u00e0 4 ans de prison ferme pour \u201c<i>constitution d\u2019une association criminelle susceptible de porter atteinte aux personnes et \u00e0 leurs bien<\/i>s\u201d; ces acusations se rapportent \u00e0 la couverture effectu\u00e9e par le journaliste des manifestations populaires dans la r\u00e9gion mini\u00e8re de Gafsa, pour le compte de la chaine <i>El Hiwar ettounsi <\/i>en 2008. <\/span><\/p>\n<p align=\"justify\"><span lang=\"EN-US\">En violation flagrante du code de proc\u00e9dure p\u00e9nale, la Cour a rejet\u00e9 la demande de report de l&rsquo;audience formul\u00e9e par la d\u00e9fense et a prononc\u00e9 son verdict sans plaidoiries, alors que la d\u00e9fense avait produit les documents m\u00e9dicaux appropri\u00e9s prouvant que Fahem Boukaddous est actuellement hospitalis\u00e9 au service de pneumologie de l&rsquo;hopital Farhad Hached \u00e0 Sousse et que la gravit\u00e9 de son \u00e9tat ne lui permet pas de se d\u00e9placer. <\/span><\/p>\n<p align=\"justify\"><span lang=\"EN-US\">Notons que le batiment du palais de justice a \u00e9t\u00e9 encercl\u00e9 par la police politique qui en a interdit l&rsquo;acc\u00e8s aux journalistes et obsrvateurs locaux.<\/span><\/p>\n<p align=\"justify\"><span lang=\"EN-US\">La veille de son proc\u00e8s, le 5 juillet, la police avait fait pression sur un interne des hopitaux qui avait profit\u00e9 de l&rsquo;absence du m\u00e9decin traitant ainsi que du chef de service, pour signer la sortie de Fahem Boukaddous et l&rsquo;obliger ainsi \u00e0 comparaitre; devant ses protestations et avec l&rsquo;arriv\u00e9e du chef de service, le malade avait \u00e9t\u00e9 r\u00e9int\u00e9gr\u00e9 pour soins intensifs. Son m\u00e9decin traitant avait confirm\u00e9 que son \u00e9tat ne lui permettait pas de supporter un d\u00e9placement jusqu&rsquo;\u00e0 Gafsa pour assister \u00e0 son proc\u00e8s.<\/span><\/p>\n<p align=\"justify\"><span lang=\"EN-US\">De son lit d&rsquo;h\u00f4pital, Fahem Boukaddous a d\u00e9clar\u00e9 \u00e0 l&rsquo;OLPEC:\u00ab\u00a0<i>les policiers peuvent venir \u00e0 tout moment m&rsquo;arracher de mon lit d&rsquo;h\u00f4pital pour me jeter dans leur ge\u00f4les inhumaines; je ne peux que subir stoiquement cette sentence d&rsquo;une justice aux ordres, mais ma vie est en danger et ils peuvent me conduire \u00e0 la mort!<\/i>\u00a0\u00bb\u00a0<\/span><\/p>\n<p align=\"justify\">\u00a0<\/p>\n<p align=\"justify\"><b><span lang=\"EN-US\">L&rsquo;Observatoire<\/span><\/b><\/p>\n<p align=\"justify\"><span lang=\"EN-US\">\u00b7<span>\u00a0\u00a0\u00a0\u00a0\u00a0\u00a0\u00a0\u00a0<\/span><\/span><span lang=\"EN-US\">Consid\u00e8re qu&rsquo;il s&rsquo;agit encore une fois d&rsquo;un proc\u00e8s d&rsquo;opinion qui punit une activit\u00e9 journalistique ordinaire, prot\u00e9g\u00e9e par les lois tunisiennes et internationales.<\/span><\/p>\n<p align=\"justify\"><span lang=\"EN-US\">\u00b7<span>\u00a0\u00a0\u00a0\u00a0\u00a0\u00a0\u00a0\u00a0<\/span><\/span><span lang=\"EN-US\">Condamne \u00e9nergiquement ce verdict inique prononc\u00e9 \u00e0 l&rsquo;issue d&rsquo;un proc\u00e8s sans plaidoiries et sans que l&rsquo;accus\u00e9 n&rsquo;ait pu produire les moyens de sa d\u00e9fense et exige son annulation.<\/span><\/p>\n<p align=\"justify\"><span lang=\"EN-US\">\u00b7<span>\u00a0\u00a0\u00a0\u00a0\u00a0\u00a0\u00a0\u00a0<\/span><\/span><span lang=\"EN-US\">Il fait assumer aux autorit\u00e9s tunisiennes tout d\u00e9veloppement funeste qui peut affecter la sant\u00e9 et la vie de Fahem boukaddous.<\/span><\/p>\n<p align=\"justify\"><span lang=\"EN-US\">\u00a0\u00a0\u00a0\u00a0\u00a0\u00a0\u00a0\u00a0\u00a0\u00a0\u00a0\u00a0\u00a0\u00a0\u00a0\u00a0\u00a0\u00a0\u00a0\u00a0\u00a0 <\/span><\/p>\n<p align=\"justify\"><b><span lang=\"FR\"><font>Pour l&rsquo;Observatoire<\/font><\/span><\/b><\/p>\n<p align=\"justify\"><b><span lang=\"FR\"><font>La secr\u00e9taire g\u00e9n\u00e9rale<\/font><\/span><\/b><\/p>\n<p align=\"justify\"><b><span lang=\"FR\"><font>Sihem Bensedrine<\/font><\/span><\/b><\/p>\n<p align=\"justify\" dir=\"rtl\"><strong><\/strong><\/p>\n<div>\n<hr\/>\n<\/div>\n<div align=\"center\">\n<h2 style=\"color: red;\"><font size=\"3\"><strong>Tunisie: quatre ans de prison ferme pour le journaliste Fahem Boukadous<\/strong><\/font><\/h2>\n<\/div>\n<div align=\"center\">\n<hr\/>\n<\/div>\n<div align=\"justify\"> AFP\u2013 06\/07\/10 21:54 TUNIS \u2014 Fahem Boukadous, correspondant de la cha\u00eene satellitaire Al-hiwar Ettounsi (le dialogue tunisien) a \u00e9t\u00e9 condamn\u00e9 mardi en son absence \u00e0 quatre ans de prison ferme pour \u00ab\u00a0diffusion d&rsquo;information de nature \u00e0 troubler l&rsquo;ordre public\u00a0\u00bb, a-t-on appris aupr\u00e8s de son avocat. Le tribunal d&rsquo;appel de Gafsa (sud) a confirm\u00e9 le verdict de premi\u00e8re instance pour \u00ab\u00a0appartenance \u00e0 une association criminelle susceptible de porter atteinte aux personnes et \u00e0 leurs biens\u00a0\u00bb et pour \u00ab\u00a0diffusion d&rsquo;information de nature \u00e0 troubler l&rsquo;ordre public\u00a0\u00bb. \u00ab\u00a0Ce verdict a \u00e9t\u00e9 prononc\u00e9 dans des conditions anormales, puisque mon client est toujours hospitalis\u00e9 et risque \u00e0 tout moment d&rsquo;\u00eatre emprisonn\u00e9\u00a0\u00bb, a indiqu\u00e9 \u00e0 l&rsquo;AFP, son avocat Mohamed Abbou. Contact\u00e9 par l&rsquo;AFP, Fahem Boukadous a d\u00e9clar\u00e9 qu&rsquo;il s&rsquo;attendait \u00e0 \u00eatre arr\u00eat\u00e9 d&rsquo;une minute \u00e0 l&rsquo;autre\u00a0\u00bb faisant assumer aux autorit\u00e9s tunisiennes une d\u00e9gradation de son \u00e9tat de sant\u00e9. \u00ab\u00a0Mon transfert en prison veut dire ma mort\u00a0\u00bb, a ajout\u00e9 le journaliste, hospitalis\u00e9 depuis le 3 juillet dernier \u00e0 Sousse au centre de Tunis pour insuffisance respiratoire et infection dans les poumons, selon lui. Pour ses avocats et des ONG, Fahem Boukadous, a \u00e9t\u00e9 condamn\u00e9 pour avoir couvert les manifestations populaires du bassin minier de Gafsa en proie en 2008 \u00e0 l&rsquo;agitation sur fond de ch\u00f4mage, chert\u00e9 de la vie, corruption et client\u00e9lisme.<\/div>\n<div align=\"justify\">\n<hr\/>\n<\/div>\n<div align=\"center\"><span><strong><font face=\"Arial\">Observatoire pour la libert\u00e9 de presse, d&rsquo;\u00e9dition et de cr\u00e9ation<\/font><\/strong><\/span><\/div>\n<div align=\"center\"><span lang=\"EN-US\"><strong><font>Tunis le 6 juillet 2010<\/font><\/strong><\/span><\/div>\n<div align=\"center\"><span lang=\"EN-US\"><font size=\"3\"><strong>Harc\u00e8lement judiciaire du journaliste Mouldi Zouabi <\/strong><\/font><\/span><b><span lang=\"EN-US\"><font size=\"3\">L&rsquo;agresseur innocent\u00e9 et la victime poursuivie<\/font><\/span><\/b><span lang=\"EN-US\"><\/p>\n<hr\/>\n<p><\/span><\/div>\n<p align=\"justify\"><span lang=\"EN-US\">\u00a0\u00a0\u00a0\u00a0\u00a0\u00a0\u00a0\u00a0\u00a0\u00a0\u00a0\u00a0\u00a0\u00a0\u00a0\u00a0\u00a0\u00a0\u00a0\u00a0\u00a0 Alors qu&rsquo;il s&rsquo;attendait \u00e0 \u00eatre convoqu\u00e9 en tant que plaignant dans l&rsquo;affaire o\u00f9 il avait \u00e9t\u00e9 agress\u00e9 par un membre de la milice du parti au pouvoir,\u00a0 Mouldi Zouabi, grand reporter \u00e0 Radio Kalima et membre fondateur du Pen Club Tunisie, vient de recevoir une convocation \u00e0 comparaitre devant le tribunal cantonal de Jendouba le 14 juillet prochain, pour r\u00e9pondre de l\u2019accusation de \u00ab<i>violences aggrav\u00e9es et injures publiques<\/i>\u00a0\u00bb contre son agresseur, le d\u00e9nomm\u00e9 Khalil Maaroufi.<\/span><\/p>\n<p align=\"justify\"><span lang=\"EN-US\">\u00a0\u00a0\u00a0\u00a0\u00a0\u00a0\u00a0\u00a0\u00a0\u00a0\u00a0\u00a0\u00a0\u00a0\u00a0\u00a0\u00a0\u00a0\u00a0\u00a0\u00a0 Les faits remontent au 1er avril 2010, jour o\u00f9 le journaliste a \u00e9t\u00e9 agress\u00e9 par un homme de main connu pour \u00eatre proche de la police et g\u00e9rant d&rsquo;un caf\u00e9 situ\u00e9 en face du palais de justice \u00e0 Jendouba (Nord ouest du pays), d\u00e9nomm\u00e9 Khalil Maaroufi. L&rsquo;agression avait eu lieu \u00e0 hauteur du poste de police central du district de Jendouba; l&rsquo;individu \u00e9tait sorti d&rsquo;une voiture au vitres teint\u00e9s (en Tunisie seuls les agents de police et les membres du gouvernement ont le droit de circuler dans des voitures aux vitres teint\u00e9es), lui a demand\u00e9 s&rsquo;il s&rsquo;appelait bien Mouldi Zouabi et d\u00e8s que ce dernier avait r\u00e9pondu positivement, il s&rsquo;est jet\u00e9 sur lui en le frappant avec ses brodequins,\u00a0 le rouant de coups et brisant ses lunettes de vue; Le barbouze a prof\u00e9r\u00e9 des menaces contre lui en l&rsquo;insultant vulgairement, le traitant de \u00ab\u00a0<b><i>traitre \u00e0 la partie<\/i><\/b>\u00a0\u00bb qui \u00ab\u00a0<b><i>salit l&rsquo;image du pays\u00a0<\/i><\/b>\u00bb et qui \u00ab\u00a0<b><i>va payer cher sa trahison<\/i><\/b>\u00a0\u00bb. Alors qu&rsquo;il \u00e9tait \u00e0 terre, il lui a arrach\u00e9 ses papiers d&rsquo;identit\u00e9, sa carte bancaire, son permis de conduire, sa carte de presse de la FIJ, son audio recorder ainsi que d&rsquo;autres documents personnels.<\/span><\/p>\n<p align=\"justify\"><span lang=\"EN-US\">\u00a0\u00a0\u00a0\u00a0\u00a0\u00a0\u00a0\u00a0\u00a0\u00a0\u00a0\u00a0\u00a0\u00a0\u00a0\u00a0\u00a0\u00a0\u00a0\u00a0\u00a0 Mouldi Zouabi avait\u00a0 d\u00e9pos\u00e9 le jour m\u00eame une plainte au parquet de Jendouba apr\u00e8s avoir \u00e9t\u00e9 examin\u00e9 par un m\u00e9decin qui lui a d\u00e9livr\u00e9 un certificat m\u00e9dical attestant des blessures provoqu\u00e9es par l&rsquo;agression. Les avocats de la Ligue des droits de l&rsquo;homme de la section de Jendouba l&rsquo;avaient accompagn\u00e9 au tribunal et constat\u00e9 l&rsquo;\u00e9tat dans lequel il se trouvait.<\/span><\/p>\n<p align=\"justify\"><span lang=\"EN-US\">Il vient d&rsquo;apprendre maintenant que la plainte qu&rsquo;il avait d\u00e9pos\u00e9e a \u00e9t\u00e9 class\u00e9e pour \u00ab\u00a0insuffisance de preuves\u00a0\u00bb et que son agresseur le poursuit pour les faits dont lui m\u00eame avait \u00e9t\u00e9 victime!<\/span><\/p>\n<p align=\"justify\"><b><span lang=\"EN-US\">Background<\/span><\/b><\/p>\n<p align=\"justify\"><span lang=\"EN-US\">Mouldi Zouabi\u00a0 est c\u00e9l\u00e8bre pour les reportages sociaux qu&rsquo;il effectue dans la r\u00e9gion d\u00e9favoris\u00e9e du Nord-ouest et qui mettent \u00e0 nu la propagande trompeuse du r\u00e9gime sur les r\u00e9alisations \u00e9conomiques et l&rsquo;\u00e9radication de la pauvret\u00e9. <\/span><\/p>\n<p align=\"justify\"><span lang=\"EN-US\">Il subit pour cette raison une r\u00e9pression constante depuis plus d&rsquo;une ann\u00e9e. Son domicile est sous une surveillance permanente de policiers en civil qui harc\u00e8lent sa famille. Sa connexion Internet continue d&rsquo;\u00eatre arbitrairement coup\u00e9e depuis le d\u00e9but du mois de f\u00e9vrier 2010 malgr\u00e9 un recours en justice qu&rsquo;il a introduit; Les Publinets proches de son domicile \u00e0 Bousalem qu&rsquo;il fr\u00e9quentait ont \u00e9t\u00e9 tous ferm\u00e9s; ce qui l&rsquo;oblige \u00e0 recourir aux Publinet du chef lieu du gouvernorat \u00e0 Jendouba pour accomplir son travail. <\/span><\/p>\n<p align=\"justify\"><span lang=\"EN-US\">Il avait \u00e9t\u00e9 arr\u00eat\u00e9 le 28 janvier 2010 au commissariat de Montplaisir \u00e0 Tunis et d\u00e9tenu durant plus de huit heures, alors qu&rsquo;il s&rsquo;appr\u00eatait \u00e0 faire une interview avec Mohamed Bouebdelli, directeur de l&rsquo;Universit\u00e9 Libre de Tunis.<\/span><\/p>\n<p align=\"justify\">\u00a0<\/p>\n<p align=\"justify\"><b><span lang=\"EN-US\">L&rsquo;observatoire <\/span><\/b><\/p>\n<p align=\"justify\"><span lang=\"EN-US\">\u00b7<span>\u00a0\u00a0\u00a0\u00a0\u00a0\u00a0\u00a0\u00a0<\/span><\/span><span lang=\"EN-US\">constate que cette nouvelle poursuite contre un journaliste, se produit dans le contexte de la promulgation d&rsquo;une nouvelle loi appel\u00e9e \u00ab\u00a0la loi des traitres\u00a0\u00bbqui criminalise toute forme de critique \u00e0 l&rsquo;\u00e9gard de la politique du gouvernement.Et que Mouldi Zouabi est aussi accus\u00e9 d&rsquo;\u00eatre un traitre qui \u201cporte atteinte \u00e0 l&rsquo;image du pays\u201d;<\/span><\/p>\n<p align=\"justify\"><span lang=\"EN-US\">\u00b7<span>\u00a0\u00a0\u00a0\u00a0\u00a0\u00a0\u00a0\u00a0<\/span><\/span><span lang=\"EN-US\">Il d\u00e9nonce ce harc\u00e8lement judiciaire et le d\u00e9ni d&rsquo;acc\u00e8s \u00e0 la justice dont est victime Mouldi Zouabi, comme nombre de d\u00e9fenseurs de droits humains; un d\u00e9ni qui coincide avec une pr\u00e9tendue \u00abr\u00e9forme de la justice\u00bb conduite avec des fonds de l&rsquo;Union europ\u00e9enne.<\/span><\/p>\n<p align=\"justify\"><span lang=\"FR\">\u00b7<span>\u00a0\u00a0\u00a0\u00a0\u00a0\u00a0\u00a0\u00a0<\/span><\/span><span lang=\"FR\">Appelle \u00e0 un large soutien avec le journaliste qui comparait le 14 juillet prochain devant une chambre estivale qui examine d&rsquo;habitude les flagrants d\u00e9lits et les affaires urgentes, ce qui pr\u00e9sage d&rsquo;une justice exp\u00e9ditive; Mouldi zouabi risque 3 ans de prison ferme. <\/span><\/p>\n<p align=\"center\">\u00a0<\/p>\n<p align=\"justify\"><b><span lang=\"FR\">Pour l&rsquo;Observatoire<\/span><\/b><\/p>\n<p align=\"justify\"><b><span lang=\"FR\">Le pr\u00e9sident<\/span><\/b><\/p>\n<p align=\"justify\"><b><span lang=\"FR\">Mohamed Talbi<\/span><\/b><\/p>\n<div align=\"justify\">\n<hr\/>\n<\/div>\n<div align=\"center\"><b><span lang=\"FR\"><font size=\"3\">Le docteur Lamine Zidi souffre de fractures de la boite cr\u00e2nienne et de la nuque qui remontent \u00e0 sa p\u00e9riode d\u2019emprisonnement<\/font><\/span><\/b><\/div>\n<div align=\"justify\">\n<hr\/>\n<\/div>\n<div align=\"justify\">\u00a0<\/div>\n<div align=\"justify\"><span lang=\"FR\">Lamine <\/span>Zidi, m\u00e9decin, ex prisonnier politique, souffre de graves l\u00e9sions, dont l\u2019origine remonte \u00e0 l\u2019\u00e9t\u00e9 1992 alors qu\u2019il \u00e9tait \u00e0 la prison du 9 avril \u00e0 Tunis. Il est jusqu\u2019\u00e0 l\u2019heure actuelle d\u00e9pourvu de couverture sociale et n\u2019a pu faire les examens m\u00e9dicaux requis et \u00eatre op\u00e9r\u00e9 comme cela \u00e9tait requis.<\/div>\n<div align=\"justify\"><span lang=\"FR\">Lamine Ben B\u00e9chir Ali Zidi est n\u00e9 le 3 novembre 1961. Il est mari\u00e9 et il a deux filles. Il a \u00e9t\u00e9 arr\u00eat\u00e9 en 1991 et condamn\u00e9 \u00e0 20 ans d\u2019emprisonnement. Il a \u00e9t\u00e9 lib\u00e9r\u00e9 en 2006 \u00e0 titre conditionnel et il est depuis lors soumis au contr\u00f4le administratif. Il ne peut quitter le gouvernorat de Mannouba sans autorisation.<\/span><\/div>\n<div align=\"justify\"><span lang=\"FR\">Zidi a affirm\u00e9 au correspondant d<i>\u2019Assabilonline <\/i>\u00e0 Tunis, Zouha\u00efer Makhlouf, dans un enregistrement vid\u00e9o, qu\u2019il \u00e9tait sorti de prison handicap\u00e9. Il souffre d\u2019une fracture au cr\u00e2ne et \u00e0 la colonne au niveau de la nuque (premi\u00e8re et deuxi\u00e8me vert\u00e8bres cervicales). Il s\u2019agit de l\u00e9sions d\u2019autant plus graves qu\u2019elles sont expos\u00e9es lors de tout choc au niveau du corps ou du cou et elles n\u00e9cessiteraient une intervention chirurgicale.<\/span><\/div>\n<div align=\"justify\"><span lang=\"FR\">Ces fractures remontent \u00e0 1992, lorsque la prison du 9 avril a \u00e9t\u00e9 investie par le pavillon D cellule 5 par des escadrons d\u2019agents et d\u2019officiers qui ont \u00e9vacu\u00e9 les prisonniers de la cellule par la force. Lors de cette intrusion violente, le docteur Lamine Zidi a \u00e9t\u00e9 agress\u00e9 \u00e0 coups de gourdins sur la nuque et il a fait une chute. Les agents lui ont donn\u00e9 des coups de brodequins sur le cou. Zidi affirme que les douleurs se sont intensifi\u00e9es au cours de l\u2019ann\u00e9e 2000 et la radio a d\u00e9montr\u00e9 l\u2019existence de l\u00e9sions graves des cervicales.<\/span><\/div>\n<div align=\"justify\"><span lang=\"FR\">Les m\u00e9decins ont prescrit des examens qui ont \u00e9tabli l\u2019existence de fractures et d\u2019inflammations de la moelle \u00e9pini\u00e8re et demand\u00e9 des examens compl\u00e9mentaires que Zidi n\u2019a pu r\u00e9aliser du fait de leur co\u00fbt et de l\u2019absence de couverture sociale.<\/span><\/div>\n<div align=\"justify\"><span lang=\"FR\">Depuis sa sortie de prison, le docteur lamine Zidi a travaill\u00e9 pendant deux ans sans r\u00e9mun\u00e9ration. Il est maintenant stagiaire \u00e0 l\u2019h\u00f4pital pour une remise \u00e0 niveau de la fonction publique et il per\u00e7oit une r\u00e9mun\u00e9ration symbolique.<\/span><\/div>\n<div align=\"justify\">\u00a0<\/div>\n<div align=\"justify\"><span lang=\"FR\">Lamine Zidi \u00e9tait \u00e9tudiant \u00e0 l\u2019universit\u00e9 tunisienne au d\u00e9but des ann\u00e9es 80. Il \u00e9tait m\u00e9decin avant son arrestation en 1991 et sa condamnation \u00e0 21 ans d\u2019emprisonnement. [\u2026] il avait d\u00e9j\u00e0 \u00e9t\u00e9 emprisonn\u00e9 en 1987.<\/span><\/div>\n<p align=\"justify\"><span lang=\"FR\"><strong>6.7.2010 Source\u00a0: <i>Assabilonline<\/i><\/strong><\/span><\/p>\n<p align=\"justify\"><span lang=\"FR\">(traduction ni revue ni corrig\u00e9e par les auteurs de la version en arabe, LT)<\/span><\/p>\n<div>\n<hr\/>\n<\/div>\n<div align=\"center\"><font face=\"Arial\" size=\"2\"><strong><\/p>\n<h2 style=\"color: red;\"><font size=\"3\">\u00ab Tunisie Martyre \u00bb version 2010<\/font><\/h2>\n<p><\/strong><\/font><\/div>\n<div align=\"center\"><font face=\"Arial\" size=\"2\"><\/p>\n<hr\/>\n<p><\/font><\/div>\n<div align=\"justify\">par <strong><font>Mondher Sfar<\/font><\/strong>  Le t\u00e9moignage de Walid Kammoun que nous avons publi\u00e9 le 2 juillet 2010 sur les horreurs qu&rsquo;il a v\u00e9cues dans les locaux du minist\u00e8re de l&rsquo;Int\u00e9rieur doivent susciter la col\u00e8re et la r\u00e9volte dans le coeur de tout \u00eatre humain. Pourtant, aucune d\u00e9nonciation publique n&rsquo;est venue jusqu&rsquo;ici \u00e0 ma connaissance prouver qu&rsquo;il existe encore parmi les activistes des droits de l&rsquo;homme une sensibilit\u00e9 pour les questions qui touchent \u00e0 l&rsquo;humain et aux souffrances des gens sans d\u00e9fense. Il est vrai que la question \u00e0 l&rsquo;ordre du jour est d&rsquo;avoir un passeport, et de pouvoir faire du tourisme en Tunisie. On le voit, c&rsquo;est vital pour un militant.  Cela pourrait pr\u00eater \u00e0 sourire si le sujet n&rsquo;\u00e9tait pas grave et qu&rsquo;il ne touchait \u00e0 la souffrance de millions de nos compatriotes livr\u00e9s au bon vouloir d&rsquo;un dictateur criminel. Depuis des ann\u00e9es nous avons appel\u00e9 \u00e0 la poursuite des criminels tels que Abdallah Kallel objet de plainte pour crimes contre l&rsquo;humanit\u00e9 en Suisse. Il a \u00e9t\u00e9 r\u00e9compens\u00e9 par Ben Ali pour cet exploit en le nommant \u00e0 la pr\u00e9sidence de la Chambre des Conseillers. L&rsquo;opposition n&rsquo;a pas soulev\u00e9 d&rsquo;objection. Quand Habib Ammar a \u00e9t\u00e9 d\u00e9nonc\u00e9 pour les m\u00eames crimes contre l&rsquo;humanit\u00e9 par l&rsquo;OMCT et Trial, l&rsquo;opposition n&rsquo;a pas dit un seul mot pour f\u00e9liciter ces associations ou relayer leurs d\u00e9nonciations. Ce silence est m\u00eame devenu suspect quand elle n&rsquo;a exprim\u00e9 aucune objection quand Ammar a \u00e9t\u00e9 nomm\u00e9 organisateur officiel des Jeux m\u00e9diterran\u00e9ens, puis du SMSI. J&rsquo;ai moi-m\u00eame appel\u00e9 certains de mes amis \u00e0 d\u00e9noncer ce criminel, en vain. Une conf\u00e9rence de presse devait m\u00eame se faire \u00e0 Tunis pour d\u00e9noncer Habib Ammar lors des Jeux m\u00e9ditarran\u00e9ens devant la presse internationale et \u00e0 travers lui la torture en Tunisie, eh bien, l&rsquo;opposition a refus\u00e9 d&rsquo;organiser cette conf\u00e9rence ! Au contraire, on trouve des d\u00e9clarations officielles et \u00e9crites de responsables des droits de l&rsquo;homme pour prendre la d\u00e9fense du G\u00e9n\u00e9ral Habib Ammar et implicitement envoyer pa\u00eetre l&rsquo;OMCT et Trial. Quand nous avons lanc\u00e9 un mouvement pour le boycott du tourisme en Tunisie pour mettre fin \u00e0 la torture, ce fut la lev\u00e9e des boucliers: comment oser porter atteinte au beefteck du Tunisien ? Alors peut-\u00eatre on ne parle pas le m\u00eame langage ! La torture est-elle ou n&rsquo;est-elle pas un crime? Et pas n&rsquo;importe quel crime! : un crime contre l&rsquo;humanit\u00e9 et de ce fait tous les Tunisiens qui en sont les premi\u00e8res victimes doivent se mobiliser pour y mettre fin. Comment donner de l&rsquo;importance aux droits de l&rsquo;homme quand on ne se soucie pas de cet homme quand il est tortur\u00e9, quand il souffre dans sa chair et dans son existence biologique? Comment les d\u00e9fenseurs des droits de l&rsquo;homme seraient cr\u00e9dibles quand ils se taisent sur les droits les plus \u00e9l\u00e9mentaires de tout \u00eatre humain \u00e0 la vie ? Comment peuvent-ils \u00eatre crus quand ils ne d\u00e9noncent pas les responsables et les donneurs d&rsquo;ordre de torture comme les Ben Ali, Abdallah Kallel, Habib Ammar? Ce qui est \u00e9trange, on l&rsquo;a vu, c&rsquo;est que lors m\u00eame que l&rsquo;OMCT et Trial d\u00e9noncent nomm\u00e9ment ces criminels par leurs noms, les militants tunisiens des droits de l&rsquo;homme observent un silence de mort.  Ils sont morts de quoi? De peur? Ou bien parce que la d\u00e9fense des droits de l&rsquo;homme ne doit aucunement mettre en question le syst\u00e8me Ben Ali, fut-il fond\u00e9 sur la torture? Cette derni\u00e8re hypoth\u00e8se est plus proche de la v\u00e9rit\u00e9. N&rsquo;oubions pas que parmi ceux qui m\u00e8nent la campagne droitdhomiste il y a des gens qui nagu\u00e8re officiaient aux c\u00f4t\u00e9s de Ben Ali jusqu&rsquo;au moment o\u00f9 il les a chass\u00e9s parce qu&rsquo;il ne leur a pas donn\u00e9 les si\u00e8ges qu&rsquo;ils voulaient. Ce sont ces m\u00eames gens qui d\u00e9fendaient nagu\u00e8re de qualifier Ben Ali de dictateur, de peur de mettre en p\u00e9ril le syst\u00e8me. Cette doctrine pr\u00e9domine encore de nos jours. Nous devons la d\u00e9noncer. Aujourd&rsquo;hui on continue le m\u00eame cin\u00e9ma revendicatif des droits de l&rsquo;homme, tout en s&rsquo;abstenant de s&rsquo;attaquer \u00e0 la torture pilier du r\u00e9gime. On ne doit pas s&rsquo;attaquer au grand chef, comme hier. Parler de poursuivre les tortionnaires, il n&rsquo;en est pas question. Encore moins du plus grand et peut-\u00eatre du seul vrai donneur d&rsquo;ordre de la torture en Tunisie. Demander que Ben Ali soit arr\u00eat\u00e9 et d\u00e9f\u00e9r\u00e9 devant la CPI, rel\u00e8ve du blasph\u00e8me.  Le dernier m\u00e9lodrame de la soi-disant loi sur les int\u00e9r\u00eats \u00e9conomiques est r\u00e9v\u00e9latrice de la faillite de cette opposition. On accuse le pouvoir de vouloir museler la libert\u00e9 d&rsquo;expression ! On n&rsquo;ose plus parler et revendiquer le boycott du r\u00e9gime, ce qui est la moindre des revendications quand il y a violation des droits humains et en particulier. Ce boycott est pourtant pr\u00e9vu dans les textes officiels des accords entre l&rsquo;Europe et la Tunisie qui fait obligation aux parties signataires de rompre les engagements en cas de violations des droits humains. Et cette clause a \u00e9t\u00e9 sign\u00e9e par la main de Ben Ali en personne! Pourquoi ne pas rappeler \u00e0 Ben Ali que la nouvelle loi sur les int\u00e9r\u00eats \u00e9conomiques de la Tunisie contredirait la signature de ce dictateur si cette loi devait s&rsquo;en prendre \u00e0 ceux qui appellent au boycott au nom de l&rsquo;Accord d&rsquo;association! Ou bien lui r\u00e9torquer tout simplement qu&rsquo;en signant cette clause Ben Ali porte lui-m\u00eame atteinte aux int\u00e9r\u00eats de la Tunisie en s&rsquo;en prenant \u00e0 l&rsquo;Accord d&rsquo;association! Au lieu de cela, ces d\u00e9fenseurs des droits de l&rsquo;homme n&rsquo;ont m\u00eame pas os\u00e9 parler de l&rsquo;article 2 de l&rsquo;Accord d&rsquo;association. Plus grave encore, j&rsquo;ai moi-m\u00eame demand\u00e9 \u00e0 certains de ces d\u00e9fenseurs d&rsquo;appeler l&rsquo;Europe \u00e0 rompre ses aides \u00e0 la Tunisie au nom du respect de l&rsquo;Article 2. On m&rsquo;a r\u00e9pondu : \u00ab jamais ! , c&rsquo;est l&rsquo;affaire de l&rsquo;Europe et pas la n\u00f4tre! \u00bb Voil\u00e0 donc jusqu&rsquo;o\u00f9 va le courage de notre opposition: elle est en-de\u00e7\u00e0 des engagements m\u00eames du dictateur qui a engag\u00e9 sa responsabilit\u00e9 en signant l&rsquo;Article 2 de l&rsquo;Association \u00e0 ses risques et p\u00e9rils!  Il est bien normal que devant une telle opposition, le r\u00e9gime ose pondre une loi inepte qui devrait facilement le ridiculiser, mais il sait \u00e0 qui il a affaire. Une loi d&rsquo;autant plus ridicule &#8211; et que l&rsquo;on aurait facilement accueillie avec d&rsquo;autant plus de joie, qu&rsquo;il est tr\u00e8s facile de la retourner contre ses promoteurs en demandant des comptes au r\u00e9gime sur les sommes astronomiques que la maffia de Carthage a vol\u00e9es au pays et qu&rsquo;elle a emport\u00e9 en valises enti\u00e8res vers les pays du Golfe, en Europe et aux Am\u00e9riques. Cette loi est une b\u00e9n\u00e9diction pour l&rsquo;opposition qui nous aurait donn\u00e9 l&rsquo;occasion de porter plainte au nom de cette loi contre Ben Ali et sa famille royale pour avoir port\u00e9 atteinte aux int\u00e9r\u00eats \u00e9conomiques du pays. Cela aurait \u00e9t\u00e9 l&rsquo;occasion d&rsquo;appeler \u00e0 la cr\u00e9ation d&rsquo;une commission d&rsquo;enqu\u00eate sur la fortune personnelle de Ben Ali et de son entourage planqu\u00e9e \u00e0 l&rsquo;\u00e9tranger, \u00e0 Paris, \u00e0 Londres \u00e0 Duba\u00ef ou en Argentine. On aurait tout aussi bien demander l&rsquo;application de cette loi contre le fameux Imed Trabelsi pour les yachts vol\u00e9s et qui ont terni l&rsquo;image et les int\u00e9r\u00eats \u00e9conomiques du pays et en faisant appliquer cette nouvelle loi contre Ben Ali qui a soutenu personnellement Imed et prot\u00e9g\u00e9 cette piraterie internationale. Mais non, l&rsquo;opposition n&rsquo;est pas pr\u00eate \u00e0 utiliser cette loi contre le r\u00e9gime, car au fond elle n&rsquo;est pas contre le r\u00e9gime. Pendant que Ben Ali tourne en ridicule son opposition affair\u00e9e autour du chiffon rouge qu&rsquo;il lui a brandi, ses usines \u00e0 torturer tournent \u00e0 plein r\u00e9gime, dans l&rsquo;indiff\u00e9rence g\u00e9n\u00e9rale.  Triste spectacle de la \u00ab Tunisie martyre \u00bb, expression combien vraie et douloureuse depuis qu&rsquo;elle a \u00e9t\u00e9 prononc\u00e9e par notre compatriote Abdelaziz Thaalibi en 1920. Comme si rien ne s&rsquo;est pass\u00e9 depuis dans l&rsquo;histoire de la Tunisie contemporaine. Nous devons nous ressaisir. Nous devons revenir \u00e0 notre simple humanit\u00e9 : nous r\u00e9volter contre l&rsquo;ignoble crime de torture, crime absolu contre la dignit\u00e9 humaine. Si nous sommes incapables de ce sentiment \u00e9l\u00e9mentaire d&rsquo;humanit\u00e9 alors nous sommes indignes vis-\u00e0-vis de nous m\u00eames et vis-\u00e0-vis de ce peuple vraiment martyre et qui n&rsquo;a que nous pour lui tendre la main et le secourir.   <strong><font>Mondher Sfar <\/font><\/strong>Campagne Internationale contre la Torture en Tunisie Paris, le 6 juillet 2010 <a target=\"_blank\" rel=\"noopener\">mondher.sfar@club-internet.fr<\/a> <\/p>\n<hr\/>\n<\/div>\n<div align=\"center\"><strong><\/p>\n<h2 style=\"color: red;\"><font>Affaire Yassine Ferchichi :<\/font><\/h2>\n<p><\/strong><\/div>\n<div align=\"center\">\n<h2 style=\"color: red;\"><font size=\"3\"><strong>Le terroriste tunisien clame son innocence<\/strong><\/font><\/h2>\n<\/p><\/div>\n<div align=\"center\">\n<hr\/>\n<\/div>\n<div align=\"justify\"> Le Tunisien Yassine Ferchichi a \u00e9t\u00e9 condamn\u00e9 par contumace \u00e0 32 ans de travaux forc\u00e9s et \u00e0 15 ans de contr\u00f4le administratif, par la justice de son pays, pour association de malfaiteurs et relation avec une entreprise de terrorisme. Les m\u00eames faits lui ont aussi valu d&rsquo;\u00eatre condamn\u00e9 en France \u00e0 six ans de travaux forc\u00e9s, avant de b\u00e9n\u00e9ficier d&rsquo;une remise de peine au terme de quatre ans de d\u00e9tention. C&rsquo;est celui-l\u00e0 qui, d\u00e9port\u00e9 au S\u00e9n\u00e9gal, clame haut et fort son innocence.   Retour sur l&rsquo;affaire Yassine Ferchichi. Pour les observateurs qui ne le connaissent pas, il s&rsquo;agit du ressortissant tunisien dont sa \u2018d\u00e9portation\u2019 au S\u00e9n\u00e9gal, en provenance de la France, avait fait beaucoup de bruit \u00e0 l&rsquo;\u00e9poque o\u00f9 le ministre s\u00e9n\u00e9galais des Affaires \u00e9trang\u00e8res d&rsquo;alors s&rsquo;\u00e9tait m\u00eame prononc\u00e9 sur son cas, lorsque l&rsquo;int\u00e9ress\u00e9 avait multipli\u00e9 ses sorties \u00e0 travers la presse. Yassine Ferchichi a \u00e9t\u00e9 condamn\u00e9 par contumace par la justice de son pays \u00e0 32 ans de travaux forc\u00e9s et 15 ann\u00e9es de contr\u00f4le administratif, pour des activit\u00e9s de terrorisme. Il a \u00e9galement \u00e9t\u00e9 incarc\u00e9r\u00e9 en France pour les m\u00eames faits, \u00e0 six ann\u00e9es de travaux forc\u00e9s pour association de malfaiteurs et relation avec une entreprise terroriste, en m\u00eame temps que ses autres acolytes. Mais il va b\u00e9n\u00e9ficier d&rsquo;une remise de peine au terme de quatre ann\u00e9es de d\u00e9tention. Celui qui est point\u00e9 du doigt comme \u00e9tant un terroriste a quitt\u00e9 son pays natal depuis 2004. Raison avanc\u00e9e ? Ferchichi ne peut plus investir en Tunisie parce que victime d&rsquo;\u2018interpellation\u2019, de \u2018harc\u00e8lement\u2019 et de \u2018tortures\u2019. C&rsquo;est par la suite qu&rsquo;il a \u00e9t\u00e9 \u2018d\u00e9port\u00e9\u2019 au S\u00e9n\u00e9gal depuis sa lib\u00e9ration par la justice de l&rsquo;Hexagone, le 24 d\u00e9cembre 2009.  Le ressortissant tunisien s&rsquo;est manifest\u00e9, samedi dernier, lors de l&rsquo;assembl\u00e9e g\u00e9n\u00e9rale de l&rsquo;Organisation nationale des droits de l&rsquo;homme portant \u00e9lection de son nouveau pr\u00e9sident, Djibril Aziz Badiane (voir notre \u00e9dition d\u2019hier). Et c&rsquo;\u00e9tait l&rsquo;occasion pour lui de clamer son innocence par rapport \u00e0 ce qu&rsquo;il qualifie d&rsquo;\u2018acharnement\u2019 : \u2018Je ne suis pas un terroriste et je ne le serai jamais. Je suis musulman et j&rsquo;ai \u00e9t\u00e9 condamn\u00e9 sur de faux pr\u00e9textes. Je d\u00e9fie ainsi quiconque de (me) prouver ma relation avec une entreprise terroriste\u2019.  Le ressortissant tunisien raconte sa m\u00e9saventure ainsi que les pers\u00e9cutions dont il dit avoir subi : \u2018Ma vie est ainsi d\u00e9truite. J&rsquo;ignore le contrat \u00e9tabli entre la France et le S\u00e9n\u00e9gal pour que je me retrouve ici. J&rsquo;ai \u00e9t\u00e9 d\u00e9port\u00e9, ligot\u00e9 des mains et pieds et mis dans un avion en direction du S\u00e9n\u00e9gal. A mon arriv\u00e9e ici, j&rsquo;ai fait quatre jours de garde-\u00e0-vue avant d&rsquo;\u00eatre lib\u00e9r\u00e9 parce que j&rsquo;avais entam\u00e9 une gr\u00e8ve de la faim. Et j&rsquo;ai pass\u00e9 13 jours dans les rues de Dakar avant d&rsquo;\u00eatre pris en charge par l&rsquo;Ondh\u2019 (Organisation nationale des droits de l&rsquo;homme, Ndlr).  La d\u00e9portation du ressortissant tunisien Yassine Ferchichi au S\u00e9n\u00e9gal a \u00e9t\u00e9 d\u00e9cid\u00e9e pour des raisons humanitaires, si l&rsquo;on en croit l&rsquo;int\u00e9ress\u00e9. Mais pour lui, l&rsquo;Etat du S\u00e9n\u00e9gal n&rsquo;a pas respect\u00e9 son engament, car il est toujours pris en charge par l&rsquo;Organisation nationale des droits de l&rsquo;homme. \u2018Je suis retenu contre mon gr\u00e9 au S\u00e9n\u00e9gal sans aucun papier ; m\u00eame pas de passeport ou de carte d&rsquo;identit\u00e9 avec moi. Tous ces documents ont \u00e9t\u00e9 confisqu\u00e9s. Je vis dans le d\u00e9sarroi avec un avenir incertain\u2019.  Aujourd\u2019hui, Yassine Ferchichi se dit \u00eatre tout simplement victime de \u2018d\u00e9portation\u2019. Son cas d\u00e9passe seulement le cadre d&rsquo;\u2018expulsion\u2019 malgr\u00e9 ses \u2018multiples demandes d&rsquo;\u2018asile\u2019 adress\u00e9es aux organismes internationaux de d\u00e9fense des droits de l&rsquo;homme, avec notamment Amnesty International et la F\u00e9d\u00e9ration internationale des droits de l&rsquo;homme.   <font><strong>P. NDIAYE  \u00a0(Source: \u00ab\u00a0Walfadjri\u00a0\u00bb (Quotidien &#8211; S\u00e9n\u00e9gal) le 6 juillet 2010)<\/strong><\/font><\/div>\n<div align=\"justify\"><font><font>Lien: <\/font><a target=\"_blank\" rel=\"noopener\"><strong>http:\/\/www.walf.sn\/actualites\/suite.php?rub=1&amp;id_art=65594<\/strong><\/a><\/font><\/div>\n<div align=\"justify\"><strong><\/p>\n<hr\/>\n<p><\/strong><\/div>\n<div align=\"center\">\n<h2 style=\"color: red;\"><font size=\"3\"><strong>Table ronde sur la s\u00e9curit\u00e9 globale en Tunisie \u00e0 l&rsquo;or\u00e9e du 3\u00e8me mill\u00e9naire<\/strong><\/font><\/h2>\n<\/div>\n<div align=\"center\">\n<hr\/>\n<\/div>\n<div align=\"justify\"> <font>Xinhua Mise \u00e0 jour 06.07.2010 10h23 Une table ronde a \u00e9t\u00e9 organis\u00e9e lundi \u00e0 la Chambre des D\u00e9put\u00e9s tunisienne, par le Centre d&rsquo;\u00e9tudes et de recherches parlementaires sur \u00ab\u00a0la s\u00e9curit\u00e9 globale en Tunisie \u00e0 l&rsquo;or\u00e9e du 3\u00e8me mill\u00e9naire\u00a0\u00bb.  Anim\u00e9e par Mme Habiba El Massaabi, premier vice-pr\u00e9sident de la Chambre des D\u00e9put\u00e9s, cette table ronde a \u00e9t\u00e9 l&rsquo;occasion de d\u00e9battre du concept de s\u00e9curit\u00e9 globale qui figure aujourd&rsquo;hui en t\u00eate des priorit\u00e9s de toutes les nations du monde \u00e0 la lumi\u00e8re des profondes mutations qui s&rsquo;op\u00e8rent sur la sc\u00e8ne internationale.  Le ministre tunisien de la D\u00e9fense nationale Ridha Grira a pr\u00e9sent\u00e9 une communication sur \u00ab\u00a0d\u00e9fense globale et s\u00e9curit\u00e9 globale: conceptions et applications\u00a0\u00bb, en partant de l&rsquo;affirmation par le pr\u00e9sident Zine El Abidine Ben Ali que la s\u00e9curit\u00e9 et la stabilit\u00e9 des nations, le progr\u00e8s et la prosp\u00e9rit\u00e9 des peuples sont tributaires autant de facteurs militaires que d&rsquo;autres facteurs \u00e9conomiques, sociaux, humains et culturels.  Dans cette communication, le ministre tunisien a fait ressortir la relation \u00e9troite entre la d\u00e9fense et la s\u00e9curit\u00e9, rappelant certains \u00e9v\u00e9nements qui ont marqu\u00e9 la derni\u00e8re d\u00e9cennies du si\u00e8cle \u00e9coul\u00e9 et le d\u00e9but du 21\u00e8me si\u00e8cle. Il a pr\u00e9cis\u00e9 que ces \u00e9v\u00e9nements tels que les \u00e9v\u00e8nements du 11 septembre 2001, la guerre du Golfe et la crise du Moyen-Orient ont entra\u00een\u00e9 une prolif\u00e9ration anarchique des armes de destruction massive et l&rsquo;\u00e9mergence des fl\u00e9aux du terrorisme, du fanatisme et de l&rsquo;extr\u00e9misme.  Evoquant la politique de d\u00e9fense globale adopt\u00e9e par la Tunisie, le ministre tunisien a pr\u00e9cis\u00e9 que cette politique repose sur l&rsquo;article 15 de la Constitution Tunisienne du 1959 et sur la d\u00e9claration de 7 Novembre 1987 qui consid\u00e8rent que la d\u00e9fense et la s\u00e9curit\u00e9 de la patrie sont une responsabilit\u00e9 collective et un devoir sacr\u00e9 pour l&rsquo;ensemble des Tunisiens.  Il a rappel\u00e9, dans ce contexte, que le Chef de l&rsquo;Etat tunisien ne cesse de r\u00e9affirmer qu&rsquo;il ne peut y avoir de d\u00e9veloppement sans la s\u00e9curit\u00e9 ni de s\u00e9curit\u00e9 sans le d\u00e9veloppement et l&rsquo;invuln\u00e9rabilit\u00e9 et la stabilit\u00e9 des nations sont tributaires de leur d\u00e9veloppement \u00e9conomique.  Il a ajout\u00e9 que la Tunisie a ax\u00e9 ses efforts sur la mobilisation de toutes ses ressources et ses potentialit\u00e9s pour relever les d\u00e9fis qui se posent et pr\u00e9server sa s\u00e9curit\u00e9, sa stabilit\u00e9 et son invuln\u00e9rabilit\u00e9.  M.Grira a fait remarquer que parmi les fondements essentiels de la politique tunisienne de d\u00e9fense figurent \u00e9galement le respect de la l\u00e9galit\u00e9 internationale, comme en t\u00e9moigne la ratification par la Tunisie de toutes les conventions et pactes internationaux relatifs \u00e0 la s\u00e9curit\u00e9 dans le monde, dont notamment la convention relative \u00e0 l&rsquo;interdiction des armes nucl\u00e9aires et des armes de destruction massive ainsi que le protocole sp\u00e9cial de Gen\u00e8ve concernant la prohibition de l&#8217;emploi \u00e0 la guerre des gaz asphyxiants, toxiques ou similaires et des moyens bact\u00e9riologiques.  Dans sa r\u00e9ponse aux interventions des d\u00e9put\u00e9s, le ministre tunisien a donn\u00e9 des pr\u00e9cisions concernant le volet militaire du concept de d\u00e9fense globale, pr\u00e9cisant que la Tunisie dispose des comp\u00e9tences et des mat\u00e9riels logistiques n\u00e9cessaires dans tous les domaines, y compris les plus innovants, pour pr\u00e9server sa s\u00e9curit\u00e9 et son invuln\u00e9rabilit\u00e9.  Deux communications ont \u00e9t\u00e9 donn\u00e9es sur le concept de s\u00e9curit\u00e9 globale et sur l&rsquo;approche de la Tunisie dans ce domaine.<\/font> \u00a0<\/div>\n<p><strong><\/p>\n<div>\n<hr\/>\n<\/div>\n<p><\/strong><\/p>\n<div align=\"center\"><font><strong>\u00a0<\/p>\n<h2 style=\"color: red;\"><font size=\"3\">Electricit\u00e9\u00a0: lancement d&rsquo;un m\u00e9ga projet reliant l&rsquo;Afrique \u00e0 l&rsquo;Europe<\/font><\/h2>\n<p><\/strong><\/font><\/div>\n<div align=\"center\">\n<hr\/>\n<\/div>\n<p align=\"justify\">[\u00a006\/07\/10 \u00a0&#8211;\u00a001H00 \u00a0&#8211;\u00a0Les Echos \u00a0&#8211; actualis\u00e9 \u00e0 00:37:48 \u00a0] <\/p>\n<p align=\"justify\"><font size=\"2\">Henri Guaino, le conseiller sp\u00e9cial de l&rsquo;Elys\u00e9e, et Jean-Louis Borloo, le ministre de l&rsquo;Ecologie, ont officiellement lanc\u00e9 hier Transgreen, ce projet de lignes \u00e0 haute tension entre les deux rives de la M\u00e9diterran\u00e9e.<\/font><\/p>\n<div align=\"justify\">\u00a0<\/div>\n<p align=\"justify\">Deux ans apr\u00e8s le lancement du Plan solaire m\u00e9diterran\u00e9en (PSM), la France a officiellement lanc\u00e9 hier un projet de r\u00e9seau \u00e9lectrique cens\u00e9 relier l&rsquo;Afrique \u00e0 l&rsquo;Europe d\u00e8s 2020. Treize entreprises, dont les fran\u00e7ais EDF, Alstom, Areva, Atos Origin et Nexans, ont sign\u00e9 un protocole d&rsquo;accord en vue de cr\u00e9er une soci\u00e9t\u00e9 charg\u00e9e d&rsquo;\u00e9tudier la faisabilit\u00e9 du projet, appel\u00e9 Transgreen. Mais l&rsquo;initiative revient aux pouvoirs publics, \u00e0 commencer par le pr\u00e9sident de la R\u00e9publique, Nicolas Sarkozy, qui voit l\u00e0 une application concr\u00e8te de l&rsquo;Union pour la M\u00e9diterran\u00e9e. <\/p>\n<p align=\"justify\"><em>\u00ab\u00a0C&rsquo;est une r\u00e9ponse au scepticisme, la M\u00e9diterran\u00e9e \u00e7a avance\u00a0\u00bb<\/em>, a d\u00e9clar\u00e9 hier<a href=\"http:\/\/\/\" target=\"_blank\" title=\"dossier henri guaino\" rel=\"noopener\">Henri Guaino<\/a>, le conseiller sp\u00e9cial de l&rsquo;Elys\u00e9e. Lanc\u00e9e en juillet\u00a02008, l&rsquo;Union pour la M\u00e9diterran\u00e9e s&rsquo;est retrouv\u00e9e dans une impasse diplomatique apr\u00e8s l&rsquo;intervention isra\u00e9lienne \u00e0 Gaza, d\u00e9but 2009. <em>\u00ab\u00a0Ca me fait un peu penser \u00e0 la Ceca\u00a0\u00bb,<\/em> la Communaut\u00e9 europ\u00e9enne du charbon et de l&rsquo;acier, s&rsquo;est f\u00e9licit\u00e9 le ministre de l&rsquo;Ecologie, Jean-Louis Borloo. <\/p>\n<p align=\"justify\">L&rsquo;\u00e9lectricit\u00e9, il ne suffit pas de la produire, il faut aussi la transporter. Or, avec l&rsquo;essor des nouvelles technologies et l&rsquo;arriv\u00e9e du nucl\u00e9aire, les initiatives de production se multiplient en Afrique du Nord. Pour un budget pr\u00e9visionnel de l&rsquo;ordre de 40\u00a0milliards d&rsquo;euros, le Plan solaire m\u00e9diterran\u00e9en pr\u00e9voit la construction de capacit\u00e9s de production d&rsquo;\u00e9lectricit\u00e9 renouvelable (solaire et \u00e9olienne) d&rsquo;environ 20\u00a0gigawatts d&rsquo;ici \u00e0 2020, dont un quart serait export\u00e9 vers l&rsquo;Europe. <\/p>\n<p align=\"justify\">De son c\u00f4t\u00e9, le projet Desertec, d&rsquo;origine allemande, voudrait couvrir jusqu&rsquo;\u00e0 15\u00a0% des besoins en \u00e9lectricit\u00e9 europ\u00e9ens d&rsquo;ici \u00e0 2025. Co\u00fbt estim\u00e9\u00a0: 400\u00a0milliards d&rsquo;euros d&rsquo;ici \u00e0 2050\u2026 <\/p>\n<h3 align=\"justify\" style=\"color: blue;\"><font size=\"2\">D\u00e9terminer la rentabilit\u00e9<\/font><\/h3>\n<p align=\"justify\">Transgreen se veut concret. Ses initiateurs tablent sur un investissement de 8\u00a0milliards d&rsquo;euros pour la construction de 5 ou 6\u00a0interconnexions sous-marines, totalisant 5 gigawatts de capacit\u00e9. Le co\u00fbt s&rsquo;explique par la technologie utilis\u00e9e, celle du courant continu, dont les lignes sont de 7 \u00e0 8 fois plus ch\u00e8res que celles en courant alternatif, mais qui r\u00e9duisent largement les pertes de r\u00e9seau. Un aspect d\u00e9cisif pour des lignes de plus de 1.000 kilom\u00e8tres, selon l&rsquo;allemand Siemens, qui participe au projet. C\u00f4t\u00e9 financement, selon Augustin de Romanet, le patron de la banque publique CDC, \u00e9galement membre du consortium, des investisseurs du golfe ou d&rsquo;Asie du Sud-Est sont demandeurs de projets d&rsquo;infrastructures de ce type. <em>\u00ab\u00a0Cela permettra d&rsquo;aller chercher l&rsquo;\u00e9pargne l\u00e0 o\u00f9 elle est\u00a0\u00bb,<\/em> selon lui. <\/p>\n<div align=\"justify\">\n<div>\n<p><a href=\"http:\/\/\/\" target=\"_blank\" rel=\"noopener\"><\/a><\/p>\n<\/div>\n<p>Encore faut-il d\u00e9terminer la rentabilit\u00e9 de Transgreen. C&rsquo;est l&rsquo;objet de la soci\u00e9t\u00e9 qui sera juridiquement cr\u00e9\u00e9e d&rsquo;ici \u00e0 la fin du mois et qui sera op\u00e9rationnelle d&rsquo;ici \u00e0 la fin de l&rsquo;ann\u00e9e, a indiqu\u00e9 Andr\u00e9 Merlin. Le pr\u00e9sident du conseil de surveillance des r\u00e9seaux fran\u00e7ais de transport (RTE) et de distribution (ERDF), deux filiales d&rsquo;EDF, devrait d&rsquo;ailleurs prendre la pr\u00e9sidence de Transgreen, l&rsquo;\u00e9lectricien public \u00e9tant d\u00e9sign\u00e9 comme \u00ab\u00a0chef de file\u00a0\u00bb du projet. <\/p><\/div>\n<p align=\"justify\">Outre les huit fran\u00e7ais, les membres incluent l&rsquo;espagnol Red Electrica et l&rsquo;italien Prysmian.<em>\u00ab\u00a0Le projet est ouvert \u00e0 d&rsquo;autres, notamment l&rsquo;italien Terna et tous les partenaires du Sud avec lesquels nous sommes en relation \u00e9troite\u00a0\u00bb<\/em>, selon Andr\u00e9 Merlin. <\/p>\n<h5 align=\"justify\" style=\"color: blue;\">THIBAUT MADELIN, Les Echos<\/h5>\n<div align=\"justify\"><strong><font>(Source: LesEchos.fr le\u00a06 juillet 2010)<\/font><\/strong><\/div>\n<div align=\"justify\">\u00a0<\/div>\n<\/div>\n<\/div>\n<\/div>\n<\/div>\n<p align=\"center\" dir=\"ltr\">\n<h2 style=\"color: red;\"><font face=\"Arial\" size=\"2\"><strong><b><a href=\"http:\/\/www.tunisnews.net\/\"><font face=\"Arial\"><span><font size=\"2\">Home<\/font><\/span><font size=\"2\"><span lang=\"FR-CH\"> &#8211; Accueil <\/span><span>&#8211; <\/span><\/font><\/font><span dir=\"rtl\" lang=\"AR-SA\"><font size=\"2\">\u0627\u0644\u0631\u0626\u064a\u0633\u064a\u0629<\/font><\/span><\/a><\/b><\/strong><\/font><\/h2>\n<\/p>\n<p align=\"center\" dir=\"ltr\">\u00a0<\/p>\n<p><\/body><\/body><\/html><\/p>\n","protected":false},"excerpt":{"rendered":"<p>Home &#8211; Accueil TUNISNEWS 10\u00a0\u00e8me ann\u00e9e,N\u00b0\u00a03696 du 06.07.2010 \u00a0archives : www.tunisnews.net\u00a0 C.R.L.D.H.T: La cour d&rsquo;appel de Gafsa confirme la condamnation du journaliste Fahem Boukadous \u00e0 4 ans de prison Reporters sans fronti\u00e8res : La condamnation de Fahem Boukadous confirm\u00e9e en appel OLPEC: Boukaddous condamn\u00e9 \u00e0 4 ans de prison ferme \u00e0 l&rsquo;issue d&rsquo;un proc\u00e8s inique [&hellip;]<\/p>\n","protected":false},"author":1,"featured_media":22040,"comment_status":"open","ping_status":"open","sticky":false,"template":"","format":"standard","meta":{"inline_featured_image":false,"site-sidebar-layout":"default","site-content-layout":"","ast-site-content-layout":"default","site-content-style":"default","site-sidebar-style":"default","ast-global-header-display":"","ast-banner-title-visibility":"","ast-main-header-display":"","ast-hfb-above-header-display":"","ast-hfb-below-header-display":"","ast-hfb-mobile-header-display":"","site-post-title":"","ast-breadcrumbs-content":"","ast-featured-img":"","footer-sml-layout":"","ast-disable-related-posts":"","theme-transparent-header-meta":"","adv-header-id-meta":"","stick-header-meta":"","header-above-stick-meta":"","header-main-stick-meta":"","header-below-stick-meta":"","astra-migrate-meta-layouts":"default","ast-page-background-enabled":"default","ast-page-background-meta":{"desktop":{"background-color":"","background-image":"","background-repeat":"repeat","background-position":"center center","background-size":"auto","background-attachment":"scroll","background-type":"","background-media":"","overlay-type":"","overlay-color":"","overlay-opacity":"","overlay-gradient":""},"tablet":{"background-color":"","background-image":"","background-repeat":"repeat","background-position":"center center","background-size":"auto","background-attachment":"scroll","background-type":"","background-media":"","overlay-type":"","overlay-color":"","overlay-opacity":"","overlay-gradient":""},"mobile":{"background-color":"","background-image":"","background-repeat":"repeat","background-position":"center center","background-size":"auto","background-attachment":"scroll","background-type":"","background-media":"","overlay-type":"","overlay-color":"","overlay-opacity":"","overlay-gradient":""}},"ast-content-background-meta":{"desktop":{"background-color":"var(--ast-global-color-5)","background-image":"","background-repeat":"repeat","background-position":"center center","background-size":"auto","background-attachment":"scroll","background-type":"","background-media":"","overlay-type":"","overlay-color":"","overlay-opacity":"","overlay-gradient":""},"tablet":{"background-color":"var(--ast-global-color-5)","background-image":"","background-repeat":"repeat","background-position":"center center","background-size":"auto","background-attachment":"scroll","background-type":"","background-media":"","overlay-type":"","overlay-color":"","overlay-opacity":"","overlay-gradient":""},"mobile":{"background-color":"var(--ast-global-color-5)","background-image":"","background-repeat":"repeat","background-position":"center center","background-size":"auto","background-attachment":"scroll","background-type":"","background-media":"","overlay-type":"","overlay-color":"","overlay-opacity":"","overlay-gradient":""}},"footnotes":""},"categories":[],"tags":[59,41,29],"class_list":["post-15439","post","type-post","status-publish","format-standard","has-post-thumbnail","hentry","tag-59","tag-41","tag-fr"],"_links":{"self":[{"href":"https:\/\/tunisnews.net\/ar\/wp-json\/wp\/v2\/posts\/15439","targetHints":{"allow":["GET"]}}],"collection":[{"href":"https:\/\/tunisnews.net\/ar\/wp-json\/wp\/v2\/posts"}],"about":[{"href":"https:\/\/tunisnews.net\/ar\/wp-json\/wp\/v2\/types\/post"}],"author":[{"embeddable":true,"href":"https:\/\/tunisnews.net\/ar\/wp-json\/wp\/v2\/users\/1"}],"replies":[{"embeddable":true,"href":"https:\/\/tunisnews.net\/ar\/wp-json\/wp\/v2\/comments?post=15439"}],"version-history":[{"count":0,"href":"https:\/\/tunisnews.net\/ar\/wp-json\/wp\/v2\/posts\/15439\/revisions"}],"wp:featuredmedia":[{"embeddable":true,"href":"https:\/\/tunisnews.net\/ar\/wp-json\/wp\/v2\/media\/22040"}],"wp:attachment":[{"href":"https:\/\/tunisnews.net\/ar\/wp-json\/wp\/v2\/media?parent=15439"}],"wp:term":[{"taxonomy":"category","embeddable":true,"href":"https:\/\/tunisnews.net\/ar\/wp-json\/wp\/v2\/categories?post=15439"},{"taxonomy":"post_tag","embeddable":true,"href":"https:\/\/tunisnews.net\/ar\/wp-json\/wp\/v2\/tags?post=15439"}],"curies":[{"name":"wp","href":"https:\/\/api.w.org\/{rel}","templated":true}]}}