{"id":15435,"date":"2010-02-09T00:00:00","date_gmt":"2010-02-09T00:00:00","guid":{"rendered":"https:\/\/tunisnews.net\/9-fevrier-2010\/"},"modified":"2010-02-09T00:00:00","modified_gmt":"2010-02-09T00:00:00","slug":"9-fevrier-2010","status":"publish","type":"post","link":"https:\/\/tunisnews.net\/ar\/9-fevrier-2010\/","title":{"rendered":"9 f\u00e9vrier 2010"},"content":{"rendered":"<p><html><head><meta content=\"text\/html\" description=\"Il manque au d\u00e9bat en cours sur l\u2019identit\u00e9 nationale des \t\t\t\t\tFran\u00e7ais l\u2019\u00e9clairage instructif de la comparaison pour aider \t\t\t\t\tles uns et les autres \u00e0 relativiser et \u00e0 mieux comprendre \t\t\t\t\tautour de quoi ils se querellent.\" http-equiv=\"Content-Type\"\/><\/head><body><body><\/p>\n<p align=\"center\" dir=\"ltr\"><font face=\"Arial\" size=\"2\"><b><a href=\"https:\/\/tunisnews.net\/ar\/\"><span>Home<\/span><span lang=\"FR-CH\"> &#8211; Accuei<\/span><\/a><span lang=\"FR-CH\">l<\/span><\/b><\/font><\/p>\n<div>\n<div><\/div>\n<div onclick=\"return Control.invoke('ReadingPane', '_onBodyClick', event);\">\n<div><meta content=\"Microsoft SafeHTML\"\/><\/p>\n<style>.ExternalClass .ecxhmmessage P{padding:0px;}.ExternalClass body.ecxhmmessage{font-size:10pt;font-family:Verdana;}<\/style>\n<div>\n<div><\/div>\n<div align=\"center\"><font face=\"Arial\" size=\"7\"><strong>TUNISNEWS <\/strong><\/font><\/div>\n<div align=\"center\" dir=\"ltr\">\n<div><font face=\"Arial\" size=\"2\"><strong><font>9\u00a0\u00e8me ann\u00e9e, <span lang=\"FR\">N\u00b0\u00a03549 du 09.02.2010<\/span><\/font><\/strong><\/font><\/div>\n<\/div>\n<div align=\"center\"><span><font face=\"Arial\" size=\"2\"><strong><font>\u00a0archives : <\/font><\/strong><a target=\"_blank\" rel=\"noopener\"><strong><font>www.tunisnews.net<\/font><\/strong><\/a><\/font><\/span><font face=\"Arial\" size=\"2\"><strong><font>\u00a0<\/font><\/strong><span lang=\"FR\"><strong><\/strong><\/span><\/font><\/div>\n<div align=\"center\"><font face=\"Arial\" size=\"2\"><strong><\/p>\n<hr\/>\n<p><\/strong><\/font><\/div>\n<div align=\"left\"><span lang=\"FR\"><font face=\"Arial\" size=\"2\"><strong>Dr. Moncef Marzouki: L\u2019identit\u00e9 fran\u00e7aise : Un regard externe <font>Moghrama: Y en a marre de Ammar!!<\/font> Houssein: \u00c0 propos de la justification de la censure des blogs en Tunisie <font>AFP: Paris \u00ab\u00a0regrette\u00a0\u00bb la proposition alg\u00e9rienne de criminaliser le colonialisme<\/font> Reuters: Les cyberopposants iraniens restent actifs en terrain min\u00e9 <font>AFP: \u00ab\u00a0Erosion progressive des droits de l&rsquo;homme\u00a0\u00bb en Italie (Amnesty)<\/font><\/strong><\/font><\/span><\/p>\n<hr\/>\n<\/div>\n<p><font face=\"Arial\" size=\"2\"><\/p>\n<div align=\"center\"><span lang=\"ES\"><font><strong><\/p>\n<h2 style=\"color: red;\"><font size=\"3\">L\u2019identit\u00e9 fran\u00e7aise : Un regard externe<\/font><\/h2>\n<p><\/strong><\/font><\/span><\/div>\n<p><strong><font><\/p>\n<div align=\"left\">\n<hr\/>\n<\/div>\n<p><\/font><\/strong><\/p>\n<div align=\"left\">\u00a0<\/div>\n<div align=\"left\"><strong><font>Dr. Moncef Marzouki<\/font><\/strong><\/div>\n<div align=\"justify\">\u00a0<\/div>\n<div align=\"justify\">mardi 9 f\u00e9vrier 2010 Il manque au d\u00e9bat en cours sur l\u2019identit\u00e9 nationale des Fran\u00e7ais l\u2019\u00e9clairage instructif de la comparaison pour aider les uns et les autres \u00e0 relativiser et \u00e0 mieux comprendre autour de quoi ils se querellent. Rien ne ressemble davantage \u00e0 un int\u00e9griste musulman qu\u2019un int\u00e9griste juif, chr\u00e9tien ou Hindou et rien ne ressemble plus \u00e0 un d\u00e9bat sur l\u2019identit\u00e9 nationale qu\u2019un autre d\u00e9bat sur l\u2019identit\u00e9 nationale, et ce quel que soit le pays. De l\u2019autre c\u00f4t\u00e9 de la M\u00e9diterran\u00e9e, l\u2019identit\u00e9 arabo- musulmane donne lieu depuis un demi-si\u00e8cle \u00e0 un d\u00e9bat f\u00e9roce. \u00c0 l\u2019\u00e9chelle de la nation, cette identit\u00e9 se r\u00e9duit pour la majorit\u00e9 \u00e0 affirmer notre singularit\u00e9 par rapport aux juifs, occidentaux et autres \u00ab infid\u00e8les \u00bb. Mais c\u2019est la situation pays par pays qui est int\u00e9ressante car elle r\u00e9v\u00e8le toute la richesse et la complexit\u00e9 de la probl\u00e9matique. Dans la r\u00e9gion du golfe, o\u00f9 les Arabes du cru ne sont plus que 10% de la population, le c\u00e9ment qui les unit est fait de sentiment de propri\u00e9t\u00e9 de la terre, de sup\u00e9riorit\u00e9 et surtout de peur d\u2019\u00eatre engloutis par le flot des \u00ab Wafidin \u00bb. Ce terme veut dire arrivants, mais n\u2019est pas loin de signifier envahisseurs. Le plus int\u00e9ressant est que les \u00ab Golfiens \u00bb englobent dans le m\u00eame vocable les Occidentaux, les Tamouls, les Philippins et autres asiatiques, mais aussi les Egyptiens, les Palestiniens et les Marocains. Ces Arabes musulmans sunnites sont ressentis comme plus mena\u00e7ants car pouvant r\u00e9clamer, du fait des forts liens avec les autochtones, la nationalit\u00e9 et l\u2019installation, avec ce que cela implique de droit au Magot. Au Liban, l\u2019identit\u00e9 se construit dans la coexistence et la confrontation des confessions, mais aussi dans la mise \u00e0 l\u2019\u00e9cart des Palestiniens depuis un demi-si\u00e8cle de peur de les voir perturber le d\u00e9licat \u00e9quilibre confessionnel. En Egypte, le legs pharaonique et chr\u00e9tien est massivement refoul\u00e9 au profit d\u2019une appartenance plus islamique qu\u2019arabe. Au Maroc et en Alg\u00e9rie, le retour du refoul\u00e9 entra\u00eene une empoignade dangereuse entre les nationalistes arabes et Amazighs (berb\u00e8res), ces derniers exigeant de red\u00e9finir le Maghr\u00e9bin en y mettant moins d\u2019arabit\u00e9 et plus \u00ab d\u2019Amazighit\u00e9 \u00bb. En Tunisie, la question est : \u00ab sommes-nous plus M\u00e9diterran\u00e9ens que Moyen -Orientaux ou l\u2019inverse ? \u00bb. Les bourgeois de Carthage sont pour tirer l\u2019identit\u00e9 plus vers la mer et les paysans du sud plus vers le d\u00e9sert. * De la participation sur plus d\u2019un quart de si\u00e8cle \u00e0 des joutes oratoires sans cesse recommenc\u00e9es autour de la lancinante probl\u00e9matique, on finit par rep\u00e9rer la typologie des acteurs, les lignes de force de l\u2019argumentaire et surtout les deux grandes \u00e9coles de pens\u00e9e qui les sous-tendent. La premi\u00e8re d\u00e9fend une identit\u00e9 par opposition. C\u2019est la diff\u00e9rence &#8211; et de pr\u00e9f\u00e9rence radicale- qui fonde aussi bien le soi individuel que le soi collectif. Elle assigne \u00e0 l\u2019autre, rejet\u00e9 et maintenu \u00e0 distance, le r\u00f4le de r\u00e9f\u00e9rence n\u00e9gative. La seconde d\u00e9fend une identit\u00e9 par apposition. Dans ce discours, l\u2019identit\u00e9 d\u2019un peuple se construit \u00e0 la mani\u00e8re des couches g\u00e9ologiques de la nature, sauf que c\u2019est l\u2019histoire des rapports avec tous les autres qui incorpore et superpose les couches du relief social. Ici, l\u2019identit\u00e9 n\u2019est pas un processus achev\u00e9, la derni\u00e8re couche restant grande ouverte aux appositions en cours ou \u00e0 venir. Dans le monde Arabe, comme en France et ailleurs, ce sont l\u00e0 deux discours aux antipodes, jacassant chacun de son c\u00f4t\u00e9 et totalement sourd \u00e0 toute critique venant de l\u2019autre partie. Inutile d\u2019aller dire aux \u00ab oppositionnistes \u00bb que l\u2019autre est toujours constitutif de leur identit\u00e9. Combien de Fran\u00e7ais se rappellent que Saint Denis leur est venu d\u2019Italie et Saint Martin de la Roumanie d\u2019aujourd\u2019hui ? Tout aussi inutile est d\u2019essayer de leur faire prendre conscience que ce qu\u2019un peuple produit de plus grand et de plus beau finit toujours par basculer dans l\u2019escarcelle de l\u2019universalit\u00e9 en devenant la propri\u00e9t\u00e9 de tous les autres hommes et qu\u2019il ne leur reste pour fonder leur sp\u00e9cificit\u00e9 que le r\u00e9sidu de culture qui n\u2019int\u00e9resse pas grand monde. De la m\u00eame fa\u00e7on, inutile de perdre son temps avec les \u00ab apposisionnistes \u00bb et de leur dire qu\u2019ils perdent le leur en s\u2019\u00e9tranglant d\u2019indignation contre la \u00ab b\u00eatise \u00bb ou la \u00ab x\u00e9nophobie \u00bb de leurs adversaires. Et pour cause : ces positions comme les leurs traduisent chacune une partie de nos pulsions les plus fondamentales et ces pulsions sont elles-m\u00eames antagonistes. Le clan primitif d\u2019il y a cinquante mille ans s\u2019est transform\u00e9 en tribu, peuple, nation ou communaut\u00e9 de nations partageant la m\u00eame civilisation, mais certaines contraintes essentielles n\u2019ont pas chang\u00e9. Il faut prot\u00e9ger le clan du plus dangereux des pr\u00e9dateurs, \u00e0 savoir l\u2019autre clan. Cela exige l\u2019extr\u00eame coh\u00e9sion de ses membres autour du plus fort d\u00e9nominateur commun : le m\u00eame \u00ab sang \u00bb. Mais dans sang il y a aussi consanguinit\u00e9, une terrible menace pour la survie. Alors il faut aller la nuit voler quelques femmes chez l\u2019ennemi ha\u00ef et redout\u00e9 pour qu\u2019elles portent les enfants du clan, puis apprendre avec le temps \u00e0 les n\u00e9gocier, elles et tout ce qui va avec. Mais ce ne sont pas seulement les g\u00e8nes qu\u2019il faut \u00e9changer. Sont tout aussi n\u00e9cessaires tous les trucs de la survie, les produits et m\u00eame les confidences \u00e9crites, peintes, ou chant\u00e9es sur le terrible destin commun. Tel est le dilemme de toujours : pour survivre il faut rejeter l\u2019autre et l\u2019incorporer, le fuir et lui courir derri\u00e8re. Les hommes \u00e9troits d\u2019esprit et de c\u0153ur, nostalgiques du pass\u00e9 et effray\u00e9s par l\u2019avenir d\u00e9fendront toujours l\u2019identit\u00e9 par opposition. Les hommes larges de c\u0153ur et d\u2019esprit, effray\u00e9s par le pass\u00e9 et nostalgiques de l\u2019avenir, d\u00e9fendront toujours l\u2019identit\u00e9 par apposition. Les uns comme les autres ne sont que les porte-parole de la conjoncture historique et du climat social. En p\u00e9riode de vaches maigres, ce seront les \u00ab oppositionnistes \u00bb qui auront voix au chapitre surfant sur la peur et la parano\u00efa. Si le d\u00e9bat qui s\u00e9vit en France actuellement sent le roussi, c\u2019est parce qu\u2019il est r\u00e9v\u00e9lateur d\u2019une crise franco-fran\u00e7aise. En p\u00e9riode de vaches grasses, ce seront les \u00ab apposissionnistes \u00bb qui profiteront du rel\u00e2chement des tensions pour faire avancer la conscience collective vers notre derni\u00e8re couche commune de l\u2019identit\u00e9 : celle de l\u2019appartenance au grand peuple de l\u2019humanit\u00e9 et \u00e0 la patrie des patries : la terre. Les deux approches de la question sont comme les parall\u00e8les de la g\u00e9om\u00e9trie, coexistant c\u00f4te \u00e0 c\u00f4te et appel\u00e9es \u00e0 ne jamais se rencontrer. Mais ni les tenants de l\u2019une ou de l\u2019autre n\u2019emp\u00eacheront r\u00e9gressions et avanc\u00e9es dans un processus o\u00f9 l\u2019identit\u00e9 des hommes et des peuples continuera jusqu\u2019\u00e0 la fin des temps \u00e0 se faire et par l\u2019opposition et par l\u2019apposition. ****<\/div>\n<div align=\"justify\">\u00a0<\/div>\n<div align=\"justify\"><strong><font>(Source: le site du Dr Moncef Marzouki le 9 fevrier 2010)<\/font><\/strong><\/div>\n<div align=\"justify\"><strong><font>Lien: <\/font><\/strong><a href=\"http:\/\/www.moncefmarzouki.com\/spip.php?article292\" target=\"_blank\" rel=\"noopener\"><strong><font>http:\/\/www.moncefmarzouki.com\/spip.php?article292<\/font><\/strong><\/a><\/div>\n<div align=\"left\">\n<hr\/>\n<\/div>\n<div align=\"center\"><font size=\"3\"><strong>Y en a marre de Ammar!!<\/strong><\/font><span lang=\"FR-CH\"><font face=\"Arial\" size=\"2\"><strong><font><\/font><\/strong><\/font><\/span><\/div>\n<div align=\"left\">\n<hr\/>\n<\/div>\n<p><\/font><\/p>\n<p align=\"left\"><span lang=\"FR-CH\"><font face=\"Arial\" size=\"2\"><strong><font>Par: Moghrama<\/font><\/strong> <\/font><\/span><\/p>\n<p align=\"justify\"><span lang=\"FR-CH\"><font face=\"Arial\" size=\"2\">Dans ce billet, je ne parlerai pas de\u00a0\u00bb l&rsquo;affaire\u00a0\u00bbNoctural Thougts, le blog de Pr Tarek Kahl\u00e9oui, mes amis bloggueurs le font mieux que moi. Je veux tout simplement exprimer ma col\u00e8re et mon exasp\u00e9ration face \u00e0 la censure!!<\/font><\/span><\/p>\n<p align=\"justify\"><span lang=\"FR-CH\"><font face=\"Arial\" size=\"2\">Depuis que je suis sur Internet, je n&rsquo;arr\u00eate pas de me heurter \u00e0 cette page,404 Not Found, j&rsquo;en ai marre, je perds un temps fou \u00e0 chaque fois que je clique sur des liens ou des pages et ce qui me horrifie encore plus , c&rsquo;est qu&rsquo;il s&rsquo;agit des fois de sujets qui n&rsquo;ont aucune raison d&rsquo;\u00eatre censur\u00e9s (bien que , pour moi, rien ne justifie la censure):<\/font><\/span><\/p>\n<p align=\"justify\"><span lang=\"FR-CH\"><font face=\"Arial\" size=\"2\">Un exemple: essayez de chercher, Le proph\u00e8te, de Gibran et voil\u00e0 sur quoi vous allez tomber: Not found!! Not found aussi pour des chansons et des vid\u00e9os sur Youtube, Not Found pour des journaux internationaux ou des cha\u00eenes TV comme Aljazira, Not Found pour des blogs amis, Not Found pour des blogs du monde, Not Found pour certains po\u00e8mes d&rsquo;Ahlem Mostghanemi, Not Found, pour tout!! Cela va sans dire pour les coupures incessantes sur les r\u00e9seaux sociaux, et de la lenteur du d\u00e9bit de connexion!!<\/font><\/span><\/p>\n<p align=\"justify\"><span lang=\"FR-CH\"><font face=\"Arial\" size=\"2\">Quand est-ce qu&rsquo;on cessera de nous consid\u00e9rer comme des mineurs et de choisir pour nous ce que nous devons voir, lire et entendre!!Je r\u00e9clame mon droit \u00e0 la libre circulation de l&rsquo;information sur la toile, mon droit \u00e0 la non-censure, mon droit \u00e0 l&rsquo;acc\u00e8s \u00e0 tous les sites sur le net, mon droit \u00e0 la libert\u00e9 d&rsquo;expression, j&rsquo;estime que je suis en mesure de pouvoir choisir par moi-m\u00eame, de m&rsquo;exprimer comme je l&rsquo;entends et que nul n&rsquo;est tuteur de ma pens\u00e9e!!<\/font><\/span><\/p>\n<p align=\"justify\"><font face=\"Arial\" size=\"2\"><b><span lang=\"FR-CH\">(Source\u00a0: le blog tunisien \u00ab\u00a0Au Quotidien\u00a0\u00bb, le 9 f\u00e9vrier 2010)<\/span><\/b><\/font><\/p>\n<p align=\"justify\"><font face=\"Arial\" size=\"2\"><b><span lang=\"FR-CH\">Lien\u00a0:<\/span><span lang=\"FR-CH\"><a href=\"http:\/\/\/\" target=\"_blank\" rel=\"noopener\"><font>http:\/\/fatounar.blogspot.com<\/font><\/a><\/span><\/b><\/font><\/p>\n<p align=\"left\"><font face=\"Arial\" size=\"2\"><b><span dir=\"rtl\" lang=\"AR-SA\"><font><\/font><\/span><\/b><\/font><\/p>\n<div align=\"left\">\n<hr\/>\n<\/div>\n<div align=\"center\"><span lang=\"FR-CH\"><font face=\"Arial\" size=\"3\"><strong>\u00c0 propos de la justification de la censure des blogs en Tunisie<\/strong><\/font><\/span><span lang=\"FR-CH\"><font face=\"Arial\" size=\"2\"><\/p>\n<hr\/>\n<p><\/font><\/span><\/div>\n<h2 align=\"left\" style=\"color: red;\"><span lang=\"FR-CH\"><font face=\"Arial\" size=\"2\"><strong><font>Par\u00a0: Houssein<\/font><\/strong><\/font><\/span><\/h2>\n<p align=\"justify\"><span lang=\"FR-CH\"><font face=\"Arial\" size=\"2\">On ne s&rsquo;en \u00e9tonne plus, l&rsquo;ATI (Agence Tunisienne de l&rsquo;Internet) continue r\u00e9guli\u00e8rement de bloquer l&rsquo;acc\u00e8s aux blogs tunisiens, dernier et non des moindres est le <\/font><\/span><span lang=\"DE-CH\"><font face=\"Arial\" size=\"2\"><a href=\"http:\/\/\/\" target=\"_blank\" rel=\"noopener\"><span lang=\"FR-CH\"><font>blog du Professeur Tarek Kahlaoui<\/font><\/span><\/a><\/font><\/span><span lang=\"FR-CH\"><font face=\"Arial\" size=\"2\">, un de mes blogs tunisiens pr\u00e9f\u00e9r\u00e9s. Pr\u00e9f\u00e9r\u00e9 parce qu&rsquo;il me stimule intellectuellement, je suis souvent en d\u00e9saccord avec ses id\u00e9es, mais sa lecture me pousse souvent \u00e0 la r\u00e9flexion, et c&rsquo;est justement ce que je cherche sur la blogosph\u00e8re.  Je disais donc qu&rsquo;on ne s&rsquo;\u00e9tonne plus de l&rsquo;arbitraire du blocage de certains blogs. On vit avec ce fl\u00e9au depuis la naissance de l&rsquo;Internet en Tunisie, et les tunisiens ont appris \u00e0 contourner la censure du Web par diff\u00e9rents moyens&#8230; Par contre, ce qui continue \u00e0 m&rsquo;\u00e9tonner grandement, c&rsquo;est la r\u00e9action de certains, blogueurs entre autres, qui trouvent acceptable sinon souhaitable la censure des blogs et du Web en g\u00e9n\u00e9ral. \u00c7a me d\u00e9passe. Je ne comprends pas. Ce n&rsquo;est pas faute d&rsquo;avoir essay\u00e9 de d\u00e9cortiquer leur raisonnement, rien \u00e0 faire, leur logique m&rsquo;\u00e9chappe compl\u00e8tement.  Je veux dire, comment on peut se pr\u00e9tendre d\u00e9mocrate et lib\u00e9ral tout en se r\u00e9jouissant et approuvant la censure de l&rsquo;opinion qui nous d\u00e9range ? D&rsquo;autant plus qu&rsquo;il s&rsquo;agit de l&rsquo;opinion d&rsquo;un intellectuel de haute voltige. Qu&rsquo;on soit d&rsquo;accord ou pas, on doit avoir l&rsquo;honn\u00eatet\u00e9 intellectuelle de reconnaitre la qualit\u00e9, et l&rsquo;honn\u00eatet\u00e9 morale de d\u00e9fendre la libert\u00e9, toute la libert\u00e9, et non pas seulement celle qui nous arrange.  C&rsquo;est un principe universel, faut-il le r\u00e9p\u00e9ter ? La libert\u00e9 d&rsquo;expression est une, elle ne souffre pas la demi-mesure. On est soit pour la libert\u00e9 de chacun de s&rsquo;exprimer, soit contre. On ne peut \u00eatre dans le flou quand il s&rsquo;agit de principes fondamentaux, dans le oui-mais, \u00e7a ne marche pas comme \u00e7a.  C&rsquo;est en usant de rh\u00e9torique que certains justifient l&rsquo;injustifiable. Ainsi, par exemple, j&rsquo;ai lu quelqu&rsquo;un dire que le blog de Tarek \u00ab\u00a0contient des insultes\u00a0\u00bb, ce qui implicitement justifierait son blocage en Tunisie, pays qui n&rsquo;accepte aucune d\u00e9rogation \u00e0 la bonne tenue virtuelle semble t il ! Foutaises, \u00e9videmment. RIEN ne justifie la censure de la parole et de l&rsquo;opinion. Point.  Tiens en parlant d&rsquo;insultes, j&rsquo;avais expliqu\u00e9 quelque part comment se d\u00e9finit l&rsquo;insulte pour moi : <i> <\/i><em><span>Pour moi, dire que quelqu&rsquo;un est stupide, ou con, ou ne sait pas de quoi il parle, ou qu&rsquo;il n&rsquo;a pas d&rsquo;exp\u00e9rience, ou qu&rsquo;il dit des conneries, ou qu&rsquo;il se trompe, ou qu&rsquo;il ses id\u00e9es puent, etc. tout \u00e7a ne rentre pas dans la cat\u00e9gorie \u00ab\u00a0insultes\u00a0\u00bb, mais plut\u00f4t dans le \u00ab\u00a0<\/span><\/em><\/font><\/span><font face=\"Arial\" size=\"2\"><em><span lang=\"DE-CH\"><a href=\"http:\/\/\/\" target=\"_blank\" rel=\"noopener\"><i><span lang=\"FR-CH\"><font>jugement de valeur<\/font><\/span><\/i><\/a><\/span><span lang=\"FR-CH\">\u00a0\u00bb ou dans la \u00ab\u00a0<\/span><span lang=\"DE-CH\"><a href=\"http:\/\/\/\" target=\"_blank\" rel=\"noopener\"><i><span lang=\"FR-CH\"><font>vulgarit\u00e9<\/font><\/span><\/i><\/a><\/span><span lang=\"FR-CH\">\u00ab\u00a0. Grande nuance.<\/span><\/em><i><span lang=\"FR-CH\"> <\/span><\/i><em><span lang=\"FR-CH\">Insulter quelqu&rsquo;un c&rsquo;est le traiter par exemple de sale arabe, ou sale p\u00e9d\u00e9, ou de gros tas de merde qui pue, etc.<\/span><\/em><\/font><\/p>\n<p align=\"justify\"><font face=\"Arial\" size=\"2\"><b><span lang=\"FR-CH\">(Source\u00a0: \u00ab\u00a0Hou &#8211; Hou blog\u00a0\u00bb, le 8 f\u00e9vrier 2010)<\/span><\/b><\/font><\/p>\n<p align=\"justify\"><font face=\"Arial\" size=\"2\"><b><span lang=\"FR-CH\">Lien\u00a0: <a href=\"http:\/\/\/\" target=\"_blank\" rel=\"noopener\"><font>http:\/\/houblog.net\/article\/1867-a-propos-de-la-justification-de-la-censure-des-blogs-entunisie<\/font><\/a><\/span><\/b><\/font><\/p>\n<div align=\"left\">\n<hr\/>\n<\/div>\n<div align=\"center\"><font face=\"Arial\" size=\"2\"><strong><\/p>\n<h2 style=\"color: red;\"><font size=\"3\">Paris \u00ab\u00a0regrette\u00a0\u00bb la proposition alg\u00e9rienne de criminaliser le colonialisme<\/font><\/h2>\n<p><\/strong><\/font><\/div>\n<\/div>\n<p><font face=\"Arial\" size=\"2\"><\/p>\n<div>\n<hr\/>\n<\/div>\n<div>AFP, le 9 f\u00e9vrier 2010 \u00e0 10h57 PARIS, 9 f\u00e9v 2010 (AFP) &#8211; Le ministre fran\u00e7ais de l&rsquo;Immigration Eric Besson a \u00ab\u00a0regrett\u00e9\u00a0\u00bb mardi la proposition de loi criminalisant le colonialisme fran\u00e7ais que le Parlement alg\u00e9rien envisage d&rsquo;adopter. 125 d\u00e9put\u00e9s de diff\u00e9rents partis politiques alg\u00e9riens, dont le Front de lib\u00e9ration nationale (FLN), ont sign\u00e9 une proposition de loi \u00ab\u00a0criminalisant le colonialisme fran\u00e7ais\u00a0\u00bb (1830-1962), qui selon un d\u00e9put\u00e9 de ce parti, sera adopt\u00e9e \u00ab\u00a0probablement\u00a0\u00bb au printemps par le Parlement alg\u00e9rien. \u00ab\u00a0Je regrette cette proposition\u00a0\u00bb, a r\u00e9agi M. Besson sur la radio fran\u00e7aise RMC. Le ministre a rappel\u00e9 qu&rsquo;il s&rsquo;agissait d&rsquo;un \u00ab\u00a0sujet sensible\u00a0\u00bb alors qu&rsquo;il reste \u00ab\u00a0encore des cicatrices\u00a0\u00bb. \u00ab\u00a0Il ne faut pas oublier la colonisation et la post-colonisation\u00a0\u00bb mais il faut \u00ab\u00a0d\u00e9passer\u00a0\u00bb cette question, a-t-il ajout\u00e9. Lors d&rsquo;une visite en Alg\u00e9rie en d\u00e9cembre 2007, le pr\u00e9sident fran\u00e7ais Nicolas Sarkozy avait fermement d\u00e9nonc\u00e9 le syst\u00e8me colonial \u00ab\u00a0injuste par nature\u00a0\u00bb. Mais il avait refus\u00e9 toute id\u00e9e de \u00ab\u00a0repentance\u00a0\u00bb, estimant qu&rsquo;il s&rsquo;agit d&rsquo;une forme de \u00ab\u00a0haine de soi\u00a0\u00bb et de \u00ab\u00a0d\u00e9nigrement\u00a0\u00bb de son pays. \u00a0<\/div>\n<p><\/font><\/p>\n<div>\n<hr\/>\n<\/div>\n<div align=\"center\">\n<h2 style=\"color: red;\"><font face=\"Arial\" size=\"3\"><strong>Les cyberopposants iraniens restent actifs en terrain min\u00e9<\/strong><\/font><\/h2>\n<\/div>\n<p><font face=\"Arial\" size=\"2\"><\/p>\n<div align=\"justify\">\n<hr\/>\n<p> \u00a0<\/p><\/div>\n<div align=\"justify\">Par \u00a9 2010 Thomson Reuters Cr\u00e9\u00e9 le 09\/02\/2010 07:45 par Reza Derakhshi TEHERAN (Reuters) &#8211; Leurs cheminements sur internet sont de plus en plus g\u00ean\u00e9s par les multiples filtres mis en place par les autorit\u00e9s iraniennes, mais Nooshin et d&rsquo;autres partisans de l&rsquo;opposition assurent recevoir encore les informations sur les prochaines manifestations, par e-mail. Seulement, ils ne savent pas de qui proviennent ces messages. De<\/div>\n<p><\/font><\/div>\n<\/div>\n<\/div>\n<p><\/body><\/body><\/html><\/p>","protected":false},"excerpt":{"rendered":"<p>Home &#8211; Accueil TUNISNEWS 9\u00a0\u00e8me ann\u00e9e, N\u00b0\u00a03549 du 09.02.2010 \u00a0archives : www.tunisnews.net\u00a0 Dr. Moncef Marzouki: L\u2019identit\u00e9 fran\u00e7aise : Un regard externe Moghrama: Y en a marre de Ammar!! Houssein: \u00c0 propos de la justification de la censure des blogs en Tunisie AFP: Paris \u00ab\u00a0regrette\u00a0\u00bb la proposition alg\u00e9rienne de criminaliser le colonialisme Reuters: Les cyberopposants iraniens [&hellip;]<\/p>\n","protected":false},"author":1,"featured_media":22040,"comment_status":"open","ping_status":"open","sticky":false,"template":"","format":"standard","meta":{"inline_featured_image":false,"site-sidebar-layout":"default","site-content-layout":"","ast-site-content-layout":"default","site-content-style":"default","site-sidebar-style":"default","ast-global-header-display":"","ast-banner-title-visibility":"","ast-main-header-display":"","ast-hfb-above-header-display":"","ast-hfb-below-header-display":"","ast-hfb-mobile-header-display":"","site-post-title":"","ast-breadcrumbs-content":"","ast-featured-img":"","footer-sml-layout":"","ast-disable-related-posts":"","theme-transparent-header-meta":"","adv-header-id-meta":"","stick-header-meta":"","header-above-stick-meta":"","header-main-stick-meta":"","header-below-stick-meta":"","astra-migrate-meta-layouts":"default","ast-page-background-enabled":"default","ast-page-background-meta":{"desktop":{"background-color":"","background-image":"","background-repeat":"repeat","background-position":"center center","background-size":"auto","background-attachment":"scroll","background-type":"","background-media":"","overlay-type":"","overlay-color":"","overlay-opacity":"","overlay-gradient":""},"tablet":{"background-color":"","background-image":"","background-repeat":"repeat","background-position":"center center","background-size":"auto","background-attachment":"scroll","background-type":"","background-media":"","overlay-type":"","overlay-color":"","overlay-opacity":"","overlay-gradient":""},"mobile":{"background-color":"","background-image":"","background-repeat":"repeat","background-position":"center center","background-size":"auto","background-attachment":"scroll","background-type":"","background-media":"","overlay-type":"","overlay-color":"","overlay-opacity":"","overlay-gradient":""}},"ast-content-background-meta":{"desktop":{"background-color":"var(--ast-global-color-5)","background-image":"","background-repeat":"repeat","background-position":"center center","background-size":"auto","background-attachment":"scroll","background-type":"","background-media":"","overlay-type":"","overlay-color":"","overlay-opacity":"","overlay-gradient":""},"tablet":{"background-color":"var(--ast-global-color-5)","background-image":"","background-repeat":"repeat","background-position":"center center","background-size":"auto","background-attachment":"scroll","background-type":"","background-media":"","overlay-type":"","overlay-color":"","overlay-opacity":"","overlay-gradient":""},"mobile":{"background-color":"var(--ast-global-color-5)","background-image":"","background-repeat":"repeat","background-position":"center center","background-size":"auto","background-attachment":"scroll","background-type":"","background-media":"","overlay-type":"","overlay-color":"","overlay-opacity":"","overlay-gradient":""}},"footnotes":""},"categories":[],"tags":[54,41,29],"class_list":["post-15435","post","type-post","status-publish","format-standard","has-post-thumbnail","hentry","tag-54","tag-41","tag-fr"],"_links":{"self":[{"href":"https:\/\/tunisnews.net\/ar\/wp-json\/wp\/v2\/posts\/15435","targetHints":{"allow":["GET"]}}],"collection":[{"href":"https:\/\/tunisnews.net\/ar\/wp-json\/wp\/v2\/posts"}],"about":[{"href":"https:\/\/tunisnews.net\/ar\/wp-json\/wp\/v2\/types\/post"}],"author":[{"embeddable":true,"href":"https:\/\/tunisnews.net\/ar\/wp-json\/wp\/v2\/users\/1"}],"replies":[{"embeddable":true,"href":"https:\/\/tunisnews.net\/ar\/wp-json\/wp\/v2\/comments?post=15435"}],"version-history":[{"count":0,"href":"https:\/\/tunisnews.net\/ar\/wp-json\/wp\/v2\/posts\/15435\/revisions"}],"wp:featuredmedia":[{"embeddable":true,"href":"https:\/\/tunisnews.net\/ar\/wp-json\/wp\/v2\/media\/22040"}],"wp:attachment":[{"href":"https:\/\/tunisnews.net\/ar\/wp-json\/wp\/v2\/media?parent=15435"}],"wp:term":[{"taxonomy":"category","embeddable":true,"href":"https:\/\/tunisnews.net\/ar\/wp-json\/wp\/v2\/categories?post=15435"},{"taxonomy":"post_tag","embeddable":true,"href":"https:\/\/tunisnews.net\/ar\/wp-json\/wp\/v2\/tags?post=15435"}],"curies":[{"name":"wp","href":"https:\/\/api.w.org\/{rel}","templated":true}]}}