{"id":15383,"date":"2008-02-11T00:00:00","date_gmt":"2008-02-11T00:00:00","guid":{"rendered":"https:\/\/tunisnews.net\/11-fevrier-2008\/"},"modified":"2008-02-11T00:00:00","modified_gmt":"2008-02-11T00:00:00","slug":"11-fevrier-2008","status":"publish","type":"post","link":"https:\/\/tunisnews.net\/ar\/11-fevrier-2008\/","title":{"rendered":"11 f\u00e9vrier 2008"},"content":{"rendered":"<p><html><head><meta content=\"text\/html\" description=\"        Sihem Bensedrine est co-fondatrice et porte-parole de l'organisation         tunisienne des droits de l'homme Conseil National Pour Les Libert\u00e9s en         Tunisie (fond\u00e9 en 1998), qui travaille contre la corruption dans le         syst\u00e8me judiciaire, contre l'oppression des femmes, contre l'usage de la         torture, de pers\u00e9cution et de L'emprisonnement des opposants politiques         au r\u00e9gime de Ben Ali. \" http-equiv=\"Content-Type\"\/><\/head><body><body><\/p>\n<p align=\"center\" dir=\"ltr\"><b><a href=\"https:\/\/tunisnews.net\/ar\/\"><span>Home<\/span><span lang=\"FR-CH\"> &#8211; Accueil <\/span><span>&#8211;<\/span><\/a><\/b><\/p>\n<div> <font face=\"Arial\" size=\"2\"> <span lang=\"FR\"> <\/p>\n<p><font> <span lang=\"FR-CH\"> <font size=\"2\"><strong> <\/p>\n<div>\n<div> <font face=\"Arial\" size=\"2\"> <\/p>\n<div>  <\/div>\n<p> <span lang=\"FR\"> <\/p>\n<div align=\"center\" dir=\"ltr\"> <font size=\"7\"> <span lang=\"SV\">        TUNISNEWS<\/span> <\/font> <\/div>\n<div align=\"center\" dir=\"ltr\"> <font size=\"2\">\u00a08\u00a0\u00e8me\u00a0ann\u00e9e, <span lang=\"FR\">N\u00b0 \u00a02819 du         11.02.2008<\/span><\/font><\/div>\n<div align=\"center\" dir=\"ltr\"> <b><span><blink> <font size=\"2\">\u00a0archives : <\/font> <a href=\"\" target=\"_blank\" rel=\"noopener\"><font size=\"2\" target=\"_blank\">        www.tunisnews.net<\/font><\/a><\/blink><\/span><\/b><font><font size=\"2\"> <\/font> <\/font><\/div>\n<p> <font size=\"2\"> <\/p>\n<div align=\"center\" dir=\"ltr\">\n<hr\/><\/div>\n<div align=\"left\" dir=\"ltr\">\n<p><font>Une journaliste et d\u00e9fenseur de droits humains         tunisienne\u00a0 laur\u00e9ate du Prix danois de la paix         <font>Danish Peace Award goes to Tunisian journalist and         Human Rights defender.<\/font>         AP: Tunisie: neuf salafistes djihadistes condamn\u00e9s \u00e0 des peines de cinq         \u00e0 quinze ans de prison         <font>Mokhtar YAHYAOUI: En d\u00e9fense de Fouad Mourtada<\/font>         Le Temps: Me Mohamed Jemour \u00ab Je d\u00e9plore les r\u00e8glements de compte entre         des confr\u00e8res et le B\u00e2tonnier \u00bb         <font>Le Monde: Ali Benhadj\u00a0 \u00ab\u00a0Il faut trouver,         d&rsquo;urgence, une solution politique en Alg\u00e9rie\u00a0\u00bb<\/font>         Le Monde: Le nouveau langage de l&rsquo;ex-\u00ab\u00a0Grand Inquisiteur\u00a0\u00bb         <font>Le Monde Diplomatique: Alg\u00e9rie, le retour du FIS<\/font>         AFP: Alg\u00e9rie: le tourisme une priorit\u00e9 nationale, selon le pr\u00e9sident         Bouteflika<\/font><\/p>\n<\/div>\n<p> <\/font><\/p>\n<p><font> <span lang=\"FR\"> <span lang=\"FR\"> <\/p>\n<p><font> <span lang=\"FR-CH\"> <\/p>\n<p><font size=\"2\"><font> <\/p>\n<div>\n<hr\/><\/div>\n<div align=\"left\" dir=\"ltr\"> <font> <\/p>\n<p align=\"center\"> <b> <span lang=\"FR\">        Fondation\u00a0 danoise pour la Paix (<i>Fredsfonden<\/i>)<\/span><\/b><\/p>\n<p><\/font><\/div>\n<div align=\"left\" dir=\"ltr\"> <font> <\/p>\n<p dir=\"rtl\"> <span dir=\"ltr\" lang=\"FR\"> <font face=\"Times New Roman\"><\/font><\/span><\/p>\n<p align=\"center\"> <b> <span lang=\"FR\">        Communiqu\u00e9 de presse<\/span><\/b><\/p>\n<p align=\"center\"> <b> <span lang=\"FR\">        Une journaliste et d\u00e9fenseur de droits humains tunisienne\u00a0 laur\u00e9ate du         Prix danois de la paix<\/span><\/b><\/p>\n<p> <span lang=\"FR\">        \u00a0<\/span><\/p>\n<p> <strong> <\/p>\n<p><\/strong> <span lang=\"FR\"><strong>        Le 7 f\u00e9vrier,\u00a0 la <b>Fondation\u00a0 danoise pour la Paix<\/b> (<i>Fredsfonden<\/i>)         a d\u00e9scern\u00e9\u00a0 son <b>Prix de la paix 2008<\/b> \u00e0 la journaliste tunisienne         et d\u00e9fenseur des droits de l&rsquo;homme <b>Sihem Bensedrine<\/b>.                   Sihem Bensedrine est co-fondatrice et porte-parole de l&rsquo;organisation         tunisienne des droits de l&rsquo;homme Conseil National Pour Les Libert\u00e9s en         Tunisie (fond\u00e9 en 1998), qui travaille contre la corruption dans le         syst\u00e8me judiciaire, contre l&rsquo;oppression des femmes, contre l&rsquo;usage de la         torture, de pers\u00e9cution et de L&#8217;emprisonnement des opposants politiques         au r\u00e9gime de Ben Ali.                   Comme journaliste, Sihem Bensedrine a \u00e9crit au sujet de violations des         droits humains en Tunisie et dans la r\u00e9gion nord-africaine pendant plus         de 20 ans.          <i>\u00ab\u00a0Sihem Bensedrine est une courageuse et infatigable d\u00e9fenseur des         droits humains, de la d\u00e9mocratie et de la libert\u00e9 d&rsquo;expression. Elle est         le genre de personne que tout dictateur craint et peur d&rsquo;avoir parmi son         peuple. Elle ne peut ni ne veut \u00eatre r\u00e9duite au silence. Et         crontrairement \u00e0 nous, elle risque quelque chose en le faisant. Elle est         la preuve vivante que dans le monde arabe,\u00a0 une vigoureuse lutte pour         les id\u00e9aux exprim\u00e9s dans la d\u00e9claration des Nations unies sur les droits         de l&rsquo;homme, est en cours<\/i>.\u00a0\u00bb a d\u00e9clar\u00e9 <b>Sune Skadegaard Thorsen<\/b>,         pr\u00e9sident de la <b>Fondation\u00a0 danoise pour la Paix, <\/b>\u00e0 cette occasion         o\u00f9 nous allons c\u00e9l\u00e9brer\u00a0 cette ann\u00e9e, le 60e anniversaire de la         d\u00e9claration des Nations unies sur les droits de l&rsquo;homme.                   Sihem Bensedrine a \u00e9t\u00e9 la co-fondatrice de plusieurs m\u00e9dias         ind\u00e9pendants, qui ont \u00e9t\u00e9 ferm\u00e9s ou bloqu\u00e9s par les autorit\u00e9s         tunisiennes. \u00c0 l&rsquo;heure actuelle, elle essaie d&rsquo;\u00e9tablir une radio         ind\u00e9pendante dans le pays, et le journal online        <a href=\"http:\/\/www.kalimatunisie.com\/\" target=\"_blank\" rel=\"noopener\"><i>Kalima<\/i><\/a>, que         Bensedrine a lanc\u00e9, est publi\u00e9 \u00e0 partir de l&rsquo;\u00e9tranger.                   Une grande partie du travail que fait Sihem Bensedrine consiste \u00e0         \u00e9tablir des r\u00e9seaux entre les diff\u00e9rentes organisations de droit humains         dans le monde arabe. Entre autres choses, elle a lanc\u00e9 un r\u00e9seau         nord-africain pour la libert\u00e9 d&rsquo;expression et une presse libre. Elle a         aid\u00e9 \u00e0 former des\u00a0 journalistes iraquiens, et elle est impliqu\u00e9e dansun\u00a0         r\u00e9seau du PEN arabo-scandinave\u00a0 visant \u00e0 cr\u00e9er davantage de centres PEN         dans le monde arabe.                   Sihem Bensedrine vit en Tunisie, mais est forc\u00e9e de passer beaucoup de         temps \u00e0 l&rsquo;\u00e9tranger parce que c&rsquo;est la seule fa\u00e7on dont elle peut avoir         acc\u00e8s aux m\u00e9dias libres et \u00eatre en mesure de diffuser des informations         sur la situation dans son pays d&rsquo;origine, mais aussi parce qu&rsquo;elle,         ainsi que sa famille et ses amis, vivent sous une forte pression de la         part des autorit\u00e9s tunisiennes qui tentent de bloquer leur travail par         des menaces, des harc\u00e8lements et m\u00eame l&#8217;emprisonnement.          \u00a0          Sihem Bensedrine a s\u00e9journ\u00e9 \u00e0\u00a0 Copenhague du 6 au 9 F\u00e9vrier 2008 pour         recevoir le Prix de la paix danois . The Danish Peace Foundation est une         fondation priv\u00e9e et ind\u00e9pendante dont l&rsquo;objectif est d&rsquo;oeuvrer pour la         paix, le d\u00e9sarmement et les droits humains aux niveaux national et         mondial. La Fondation a \u00e9t\u00e9 cr\u00e9\u00e9e en 1981 par les regrett\u00e9s Lise et         Niels Munk Plum                   Le prix de la Paix a \u00e9t\u00e9 d\u00e9cern\u00e9 14 fois. Parmi ceux qui ont re\u00e7u cette         distinction\u00a0: la journaliste russe <b>Anna Politkovskaja (2005)<\/b>. Le         projet de r\u00e9conciliation de la jeunesse\u00a0 Bosniaque-danoise, Open Fun         Football School (1999), Aprodeh, l\u2019organisationen p\u00e9ruvienne de droits         humains (1997). MOSOP, L\u2019organisation du Nigeria Ogoni (1996). Black         Sash, l\u2019organisation des femmes sud-africaines (1995). Le Cercle de         Belgrade de l&rsquo;ind\u00e9pendance Yoguslavian x-station radio B-92, ainsi que         la campagne anti-guerre\u00a0 croate (1993). Le village de Beit Sahour, pr\u00e8s         de J\u00e9rusalem dont\u00a0 les citoyens ont largement us\u00e9 de d\u00e9sob\u00e9issance         civile. L\u2019expert nucl\u00e9aire isra\u00e9lien Mordechai Vanunu (1988) et         l&rsquo;\u00e9crivain hongrois Gy\u00f6rgy Konrad (1986).                   Le Prix danois de la paix est dot\u00e9 de 50,000 couronnes danoises.                   D&rsquo;autres informations compl\u00e9mentaires peuvent \u00eatre fournies par la\u00a0         Foundation danoise pour la paix\u00a0: Mme Mille Rode (directrice ex\u00e9cutive):         T\u00e9l\u00e9phone        <img decoding=\"async\" border=\"0\" height=\"3\" src=\"file:\/\/\/C:\/DOCUME~1\/DEVILK~1\/LOCALS~1\/Temp\/msohtml1\/01\/clip_image002.gif\" v:shapes=\"_x0000_i1025\" width=\"3\"\/><img decoding=\"async\" border=\"0\" height=\"3\" src=\"file:\/\/\/C:\/DOCUME~1\/DEVILK~1\/LOCALS~1\/Temp\/msohtml1\/01\/clip_image002.gif\" v:shapes=\"_x0000_i1026\" width=\"3\"\/><img decoding=\"async\" border=\"0\" height=\"3\" src=\"file:\/\/\/C:\/DOCUME~1\/DEVILK~1\/LOCALS~1\/Temp\/msohtml1\/01\/clip_image002.gif\" v:shapes=\"_x0000_i1027\" width=\"3\"\/><img loading=\"lazy\" decoding=\"async\" border=\"0\" height=\"3\" src=\"file:\/\/\/C:\/DOCUME~1\/DEVILK~1\/LOCALS~1\/Temp\/msohtml1\/01\/clip_image002.gif\" v:shapes=\"_x0000_i1028\" width=\"3\"\/><span><span>+45         32 95 44 17<\/span><\/span><img loading=\"lazy\" decoding=\"async\" border=\"0\" height=\"9\" src=\"file:\/\/\/C:\/DOCUME~1\/DEVILK~1\/LOCALS~1\/Temp\/msohtml1\/01\/clip_image004.gif\" v:shapes=\"_x0000_i1029\" width=\"9\"\/>         ou par courriel: <a href=\"mailto:fredsfonden@fredsfonden.dk\">        fredsfonden@fredsfonden.dk<\/a> <\/p>\n<p>\u00a0<\/p>\n<hr\/>\n<p>\u00a0<\/p>\n<p align=\"center\"> <b> <span lang=\"DA\">        PRESS RELEASE<\/span><\/b><\/p>\n<p><b> <span lang=\"DA\"><font size=\"3\">\u00a0<\/font><\/span><\/b><\/p>\n<p align=\"center\"> <b><span lang=\"EN-GB\"> <font size=\"3\">Danish Peace Award goes to Tunisian journalist and Human         Rights defender.<\/font><\/span><\/b><\/p>\n<p> <span lang=\"EN-GB\">\u00a0<\/span><\/p>\n<p> <span lang=\"EN-GB\">\u00a0<\/span><\/p>\n<p> <span lang=\"EN-GB\">On         February 7<sup>th<\/sup> the Danish Peace Foundation (Fredsfonden) gives         their 2008 Peace Award to the Tunisian journalist and human rights         defender <b>Sihem Bensedrine.<\/b><\/span><\/p>\n<p> <span lang=\"EN-GB\">\u00a0<\/span><\/p>\n<p> <span lang=\"EN-GB\">Sihem         Bensedrine is a co-founder and spokesperson for the Tunisian Human         Rights organisation <i>Conseil National Pour Les Libert\u00e9s En Tunisie <\/i>        (founded in 1998), which works against corruption in the legal system,         against oppression of women, against the use of torture, persecution and         imprisonment of political opponents to the Ben Ali-regime. <\/span><\/p>\n<p> <span lang=\"EN-GB\">\u00a0<\/span><\/p>\n<p> <span lang=\"EN-GB\">As a         journalist for more than 20 years Sihem Bensedrine has been writing         about human rights abuses in Tunisia and in the North African region.<\/span><\/p>\n<p> <i><span lang=\"EN-GB\">\u201dSihem         Bensedrine is a brave and indefatigable defender of human rights, of         democracy and of freedom of expression. She is the kind of person that         any dictator would hate and fear to have among his people. She cannot         and will not shout her mouth. And opposite to us, she is risking         something by doing so. She is a living proof, that also in the Arab         world a strong fight for the ideals expressed in the UN-declaration on         Human Rights, is taking place.\u201d says <\/span><\/i> <span lang=\"EN-GB\">\u00a0Sune         Skadegaard Thorsen, chair of the Board in the Danish Peace Foundation.         This year it is the 60 anniversary of the UN declaration on Human         Rights.<\/span><\/p>\n<p> <span lang=\"EN-GB\">\u00a0<\/span><\/p>\n<p> <span lang=\"EN-GB\">Sihem         Bensedrine has been the co-founder of several independent Medias, which         has been closed or blocked by the Tunisian authorities. Right now she is         trying to establish an independent radio in the country, and the         internet based newspaper Kalima, which Bensedrine has initiated, is to         day produced from abroad.<\/span><\/p>\n<p> <span lang=\"EN-GB\">\u00a0<\/span><\/p>\n<p> <span lang=\"EN-GB\">A large         part of the work Sihem Bensedrine is doing consists in establishing         networks between various different human right organisations in the Arab         world. Among other things she has initiated a North African network for         freedom of expression and a free press. She has been lecturing Iraqi         journalists and she is involved in an Arab-Scandinavian PEN-network         aiming to establish more PEN centres in the Arab world. <\/span><\/p>\n<p> <span lang=\"EN-GB\">\u00a0<\/span><\/p>\n<p> <span lang=\"EN-GB\">Sihem         Bensedrine is living in Tunisia but is forced to spend a lot of time         abroad because that is the only way she can get access to free Medias         and be able to circulate information about the situation in her home         country, but also because she, as well as her family and friends, are         living under a heavy pressure from the Tunisian authorities who are         trying to block their work through threats, harassment and even         imprisonment.<\/span><\/p>\n<p> <span lang=\"EN-GB\">\u00a0<\/span><\/p>\n<p> <span lang=\"EN-GB\">Sihem         Bensedrine is in Copenhagen to receive the Danish Peace Award on         February 6<sup>th<\/sup> &#8211; 9<sup>th<\/sup> 2008<\/span><\/p>\n<p> <span lang=\"EN-GB\">The         Danish Peace Foundation is a private, independent foundation which aims         is to work for peace, disarmament and human rights nationally and         globally. The Foundation was established in 1981 by the late Lise and         Niels Munk Plum <\/span><\/p>\n<p> <span lang=\"EN-GB\">\u00a0<\/span><\/p>\n<p> <span lang=\"EN-GB\">The Peace         Prize has been awarded 14 times. Among those who have received the award         is the <\/span> <span lang=\"DA\">the <b>        Russian journalist Anna Politkovskaja (2005)<\/b>.<b> <\/b>The         Bosnian-Danish reconciliation youth-project, Open Fun Football School         (1999), The Peruvian human right organisationen Aprodeh (1997). The         Nigerian Ogoni-organisation MOSOP (1996). The South <\/span> <span lang=\"EN-GB\">African<\/span><span lang=\"EN-GB\"> <\/span><span lang=\"EN-GB\">        women<\/span><span lang=\"DA\">         organisation Black Sash (1995).<\/span><span lang=\"DA\"> <\/span><span lang=\"EN-GB\">        The Beograd Circle and the independent x-Yoguslavian radio station B-92,         together with the Croatian anti-war campaign (1993). The village Beit         Sahour near Jerusalem in which the citizens has made extensive civil         disobedience.<\/span><span lang=\"EN-GB\"> <\/span><span lang=\"DA\">The         Israeli nuclear technician Mordechai Vanunu (1988) and the <\/span> <span lang=\"EN-GB\">Hungarian         writer and debater Gy\u00f6rgy Konrad (1986). <\/span><\/p>\n<p> <span lang=\"EN-GB\">\u00a0<\/span><\/p>\n<p> <span lang=\"EN-GB\">The         Danish Peace Award consists in 50.000 Danish kroner.<\/span><\/p>\n<p> <span lang=\"EN-GB\">\u00a0<\/span><\/p>\n<p> <span lang=\"EN-GB\">Further         questions and information can be provided by the Danish Peace         Foundation, Ms. Mille Rode (executive director): Phone +45 32 95 44 17         or email: fredsfonden@fredsfonden.dk<\/span><\/p>\n<p>\u00a0<\/p>\n<p> <\/strong> <\/span><strong> <\/p>\n<p dir=\"rtl\">\n<p><\/strong> <\/font><strong> <\/p>\n<p align=\"center\"> <span lang=\"FR\"><\/span><\/p>\n<hr\/>\n<p>\u00a0<\/p>\n<p> <span lang=\"FR\"> <\/p>\n<div align=\"center\"> <font face=\"Arial\" size=\"2\"><\/p>\n<p><font size=\"3\">Tunisie:           neuf salafistes djihadistes condamn\u00e9s \u00e0 des peines de cinq \u00e0 quinze           ans de prison<\/font><\/p>\n<p><\/font><\/div>\n<div align=\"justify\">          AP &#8211; Lundi 11 f\u00e9vrier, 15h20            TUNIS &#8211; Deux salafistes djihadistes ont \u00e9t\u00e9 condamn\u00e9s lundi par le           tribunal de premi\u00e8re instance de Tunis respectivement \u00e0 des peines de           12 et 15 ans de prison ferme notamment pour \u00ab\u00a0appartenance \u00e0 une           organisation terroriste\u00a0\u00bb et \u00ab\u00a0incitation \u00e0 la commission de crimes           terroristes\u00a0\u00bb, a-t-on appris aupr\u00e8s de leur avocat, Me Samir Ben Amor.           Tax\u00e9s de liens avec l&rsquo;ex-Groupe salafiste alg\u00e9rien pour la pr\u00e9dication           et le combat (GSPC), devenu la branche d&rsquo;Al-Qa\u00efda au Maghreb           islamique, Mohamed Mahmoudi, 22 ans, et Tarek Hammami, 32 ans, ont \u00e9t\u00e9           arr\u00eat\u00e9s en avril 2006, en possession de grenades, \u00e0 leur retour           d&rsquo;Alg\u00e9rie. Selon l&rsquo;acte d&rsquo;accusation, ils se sont entra\u00een\u00e9s dans le           maquis du GSPC au maniement des armes et des explosifs et ont           particip\u00e9 \u00e0 des op\u00e9rations terroristes en territoire alg\u00e9rien.           Les deux hommes sont consid\u00e9r\u00e9s comme faisant partie du groupe arm\u00e9           impliqu\u00e9 dans des affrontements arm\u00e9s avec les forces de l&rsquo;ordre qui           avaient fait, fin d\u00e9cembre et d\u00e9but janvier, 14 morts, dont un           officier de l&rsquo;arm\u00e9e, un agent de police et 12 salafistes.           Deux membres de ce groupe appel\u00e9 \u00ab\u00a0le groupe de Soliman\u00a0\u00bb, en r\u00e9f\u00e9rence           au principal lieu des affrontements, situ\u00e9 \u00e0 pr\u00e8s de 40km de Tunis,           ont \u00e9t\u00e9 condamn\u00e9s le 30 d\u00e9cembre dernier, en premi\u00e8re instance, \u00e0 la           peine capitale et huit \u00e0 la prison \u00e0 perp\u00e9tuit\u00e9, les autres ayant           \u00e9cop\u00e9 de peines allant de cinq \u00e0 30 ans de r\u00e9clusion.           Lors de leur interrogatoire, Mohamed Mahmoudi et Tarek Hammami ont           clam\u00e9 leur innocence, niant les accusations retenues contre eux. Ils           ont d\u00e9clar\u00e9 qu&rsquo;ils projetaient de se rendre en Irak mais ont d\u00fb           rebrousser chemin en raison de la traque men\u00e9e par l&rsquo;arm\u00e9e alg\u00e9rienne.           Dans la m\u00eame affaire, sept autres salafistes accus\u00e9s de leur avoir           port\u00e9 assistance et d&rsquo;avoir projet\u00e9 de se rendre en Alg\u00e9rie, ont \u00e9cop\u00e9           de cinq ans d&#8217;emprisonnement chacun.           Leur avocat a d\u00e9clar\u00e9 \u00e0 l&rsquo;Associated Press qu&rsquo;il comptait interjeter           appel de ces condamnations. AP<\/div>\n<div align=\"justify\">\n<p><b><i><u> <span lang=\"FR\">AFP, le 10           f\u00e9vrier 2008 \u00e0 <\/span> <span dir=\"rtl\" lang=\"AR-SA\">          20<\/span><span lang=\"FR\">h<\/span><span dir=\"rtl\" lang=\"AR-SA\">35<\/span><\/u><\/i><\/b><\/p>\n<h6 style=\"color: blue;\"><span lang=\"FR\"><\/p>\n<h2 style=\"color: red;\"><font size=\"3\">CAN-2008: le           palmar\u00e8s de la Coupe d&rsquo;Afrique<\/font><\/h2>\n<p><\/span><\/h6>\n<p> <span lang=\"FR\">\u00a0\u00a0\u00a0 <\/span> <\/p>\n<p> <span lang=\"FR\">\u00a0\u00a0\u00a0 ACCRA,           10 f\u00e9v 2008 (AFP) &#8211; Palmar\u00e8s de la Coupe d&rsquo;Afrique des nations de           football, dont l&rsquo;Egypte a remport\u00e9 l&rsquo;\u00e9dition 2008 dimanche:<\/span><\/p>\n<p> <span lang=\"FR\">\u00a0\u00a0\u00a0 <\/span> <\/p>\n<p> <span lang=\"FR\">\u00a0\u00a0\u00a0 1957:           Egypte (au Soudan)<\/span><\/p>\n<p> <span lang=\"FR\">\u00a0\u00a0\u00a0 1959:           Egypte (en Egypte)<\/span><\/p>\n<p> <span lang=\"FR\">\u00a0\u00a0\u00a0 <\/span> <span lang=\"DE-CH\">1962:           Ethiopie (en Ethiopie)<\/span><\/p>\n<p> <span lang=\"DE-CH\">\u00a0\u00a0\u00a0           1963: Ghana (au Ghana)<\/span><\/p>\n<p> <span lang=\"DE-CH\">\u00a0\u00a0\u00a0           1965: Ghana (en Tunisie)<\/span><\/p>\n<p> <span lang=\"DE-CH\">\u00a0\u00a0\u00a0          <\/span><span lang=\"FR\">          1968: Congo-Kinshasa (actuelle RDC) (en Ethiopie)<\/span><\/p>\n<p> <span lang=\"FR\">\u00a0\u00a0\u00a0 1970:           Soudan (au Soudan)<\/span><\/p>\n<p> <span lang=\"FR\">\u00a0\u00a0\u00a0 1972:           Congo (au Cameroun)<\/span><\/p>\n<p> <span lang=\"FR\">\u00a0\u00a0\u00a0 1974:           Za\u00efre (actuelle RDC) (en Egypte)<\/span><\/p>\n<p> <span lang=\"FR\">\u00a0\u00a0\u00a0 1976:           Maroc (en Ethiopie)<\/span><\/p>\n<p> <span lang=\"FR\">\u00a0\u00a0\u00a0 1978:           Ghana (au Ghana)<\/span><\/p>\n<p> <span lang=\"FR\">\u00a0\u00a0\u00a0 1980:           Nigeria (au Nigeria)<\/span><\/p>\n<p> <span lang=\"FR\">\u00a0\u00a0\u00a0 1982:           Ghana (en Libye)<\/span><\/p>\n<p> <span lang=\"FR\">\u00a0\u00a0\u00a0 1984:           Cameroun (en C\u00f4te d&rsquo;Ivoire)<\/span><\/p>\n<p> <span lang=\"FR\">\u00a0\u00a0\u00a0 1986:           Egypte (en Egypte)<\/span><\/p>\n<p> <span lang=\"FR\">\u00a0\u00a0\u00a0 1988:           Cameroun (au Maroc)<\/span><\/p>\n<p> <span lang=\"FR\">\u00a0\u00a0\u00a0 1990:           Alg\u00e9rie (en Alg\u00e9rie)<\/span><\/p>\n<p> <span lang=\"FR\">\u00a0\u00a0\u00a0 1992:           C\u00f4te d&rsquo;Ivoire (au S\u00e9n\u00e9gal)<\/span><\/p>\n<p> <span lang=\"FR\">\u00a0\u00a0\u00a0 <\/span> <span lang=\"DE-CH\">1994:           Nigeria (en Tunisie)<\/span><\/p>\n<p> <span lang=\"DE-CH\">\u00a0\u00a0\u00a0          <\/span><span lang=\"FR\">          1996: Afrique du Sud (en Afrique du Sud)<\/span><\/p>\n<p> <span lang=\"FR\">\u00a0\u00a0\u00a0 1998:           Egypte (au Burkina Faso)<\/span><\/p>\n<p> <span lang=\"FR\">\u00a0\u00a0\u00a0 2000:           Cameroun (au Ghana et Nigeria)<\/span><\/p>\n<p> <span lang=\"FR\">\u00a0\u00a0\u00a0 2002:           Cameroun (au Mali)<\/span><\/p>\n<p><b> <span lang=\"FR\">          \u00a0\u00a0\u00a0 <\/span> <span lang=\"DE-CH\">          2004: Tunisie (en Tunisie)<\/span><\/b><\/p>\n<p> <span lang=\"DE-CH\">\u00a0\u00a0\u00a0          <\/span><span lang=\"FR\">          2006: Egypte (en Egypte)<\/span><\/p>\n<p> <span lang=\"FR\">\u00a0\u00a0\u00a0 2008:           Egypte (au Ghana)<\/span><\/p>\n<p> <span lang=\"FR\">\u00a0\u00a0\u00a0 <\/span> <\/p>\n<p><span lang=\"FR\">          \u00a0\u00a0\u00a0 . Ont gagn\u00e9 la comp\u00e9tition:<\/span><\/p>\n<p> <span lang=\"FR\">\u00a0\u00a0\u00a0 Six           fois: Egypte<\/span><\/p>\n<p> <span lang=\"FR\">\u00a0\u00a0\u00a0 Quatre           fois: Cameroun, Ghana<\/span><\/p>\n<p> <span lang=\"FR\">\u00a0\u00a0\u00a0 Deux           fois: Nigeria, R\u00e9publique d\u00e9mocratique du Congo<\/span><\/p>\n<p> <span lang=\"FR\">\u00a0\u00a0\u00a0 Une           fois: Afrique du Sud, Alg\u00e9rie, Congo, C\u00f4te d&rsquo;Ivoire, Ethiopie, Maroc,           Soudan, Tunisie.<\/span><\/p>\n<p> <span lang=\"FR\">\u00a0<\/span><\/p>\n<p><b> <span lang=\"FR\">AFP<\/span><\/b><\/p>\n<\/div>\n<div align=\"justify\">          \u00a0<\/div>\n<p>\u00a0<\/p>\n<hr\/>\n<p align=\"center\">\u00a0<\/p>\n<p align=\"center\"> <span lang=\"FR\"><font size=\"3\">Nouveau site<\/font><\/span><\/p>\n<p> <span lang=\"FR\">\u00a0<\/span><\/p>\n<p> <span lang=\"FR\">Bonjour,<\/span><\/p>\n<p> <span lang=\"FR\">\u00a0<\/span><\/p>\n<p> <span lang=\"FR\">Je vous         \u00e9cris ce message pour vous signaler la naissance cette ann\u00e9e<span dir=\"rtl\"> <\/span>d&rsquo;un<span dir=\"rtl\"> <\/span>nouveau site<\/span><\/p>\n<p> <span lang=\"FR\">\u00a0<\/span><\/p>\n<p><b> <span lang=\"FR\"> <a href=\"http:\/\/www.islam-documents.org\/\" target=\"_blank\" rel=\"noopener\">www.Islam-documents.org<\/a><\/span><\/b><\/p>\n<p> <span lang=\"FR\">\u00a0<\/span><\/p>\n<p> <span lang=\"FR\">Plus de 10         000 documents sur la naissance de l&rsquo;islam. Dans un but de d\u00e9voilement,         scientifique et critique, et parfois moqueur. Il s&rsquo;agit de la plus         grosse ressource documentaire sur le sujet, au contenu souvent in\u00e9dit.<\/span><\/p>\n<p> <span lang=\"FR\">\u00a0<\/span><\/p>\n<p> <span lang=\"FR\">C&rsquo;est une         petite \u00e9quipe d&rsquo;universitaires qui s&rsquo;en est charg\u00e9.<\/span><\/p>\n<p> <span lang=\"FR\">\u00a0<\/span><\/p>\n<p> <span lang=\"FR\">Une nouvelle         version est en pr\u00e9paration, revue et augment\u00e9e. Elle comptera 2450 pages         et sera disponible au d\u00e9but de 2008.<\/span><\/p>\n<p> <span lang=\"FR\">\u00a0<\/span><\/p>\n<p> <span lang=\"FR\">Allez voir.<\/span><\/p>\n<p> <span lang=\"FR\">\u00a0<\/span><\/p>\n<p><b> <span lang=\"FR-CH\">        (Source: Message re\u00e7u de M. <\/span> <span lang=\"FR\">        \u00ab\u00a0Gilles COURTIEU\u00a0\u00bb &lt;courtieu.gilles@wanadoo.fr &gt; , le 10 f\u00e9vrier 2008)        <\/span><\/b><\/p>\n<p>\u00a0<\/p>\n<p>\u00a0<\/p>\n<hr\/>\n<p align=\"center\"> <b><span lang=\"FR\"> <font size=\"3\">En d\u00e9fense de Fouad Mourtada<\/font><\/span><\/b><\/p>\n<p> <b> <span lang=\"FR\">        par Mokhtar YAHYAOUI <\/span><\/b><\/p>\n<p> <b> <span lang=\"FR\">        \u00a0<\/span><\/b><\/p>\n<p>Au         Maghreb, comme dans tout le monde arabe en g\u00e9n\u00e9ral, il y a une         diff\u00e9rence de degr\u00e9s et non de genre sur tout ce qui se rattache au         chapitre de LIBERTE. La prohibition, l\u2019interdiction et la censure sont         la r\u00e8gle dont la r\u00e9pression est l\u2019unique r\u00e9sultat. Parfois on se r\u00e9jouit         de quelques aspects de permission \u00ab\u00a0dites ouverture\u00a0\u00bb mais ce n\u2019est         qu\u2019un leurre la libert\u00e9 est antinomique avec les syst\u00e8mes de gouvernance         en vigueur. L\u2019actualit\u00e9 n\u2019arr\u00eate pas de nous le rappeler matin et soir         par les m\u00e9thodes d\u2019intervention des appareils de r\u00e9pression. La prison         reste le dernier lieu ou sont condamn\u00e9s \u00e0 \u00e9chou\u00e9s les accus\u00e9s de mal         penser.<\/p>\n<p>\u00a0<\/p>\n<p>        Avec <a href=\"http:\/\/www.yabiladi.com\/article-societe-2312.html\" target=\"_blank\" rel=\"noopener\">        l\u2019affaire Mortada<\/a> le Maroc aura enfin son prisonnier d\u2019internet.         Fouad Mortadha c\u2019est Zouhair Yahyaoui en Tunisie, c\u2019est Kareem Amer en         Egypte, c\u2019est FOUAD AL-FARHAN en Arabie Saoudite pour ne citer que des         victimes devenus c\u00e9l\u00e8bres par le sort qui leur avait \u00e9t\u00e9 r\u00e9serv\u00e9s \u00e0         cause de la facilit\u00e9 d\u2019expression qu\u2019Internet leurs leur avait donn\u00e9.         Toutes les affaires que symbolisent les cas de ces jeunes individus         conduisent \u00e0 se poser les m\u00eames questions\u00a0: Pourquoi ce qui est tol\u00e9r\u00e9         ailleurs se trouve paradoxalement interdit chez nous\u00a0? Pourquoi on a         tant peur de ce qui peut \u00eatre exprim\u00e9\u00a0? Pourquoi tant de brutalit\u00e9 dans         les r\u00e9action de nos autorit\u00e9s\u00a0? En R\u00e9alit\u00e9 on n\u2019a pas besoin de se poser         plus de question pour savoir qui est \u00e0 l\u2019origine de la situation que vie         toute notre r\u00e9gion marqu\u00e9e par l\u2019intol\u00e9rance et le terrorisme \u00a0dans ce         lien de cause \u00e0 effet.<\/p>\n<p>\u00a0<\/p>\n<p>        Fouad Mortadha est accus\u00e9 d\u2019usurper l\u2019identit\u00e9 du prince Moulay Rachid         fr\u00e8re du roi sur \u00ab\u00a0<a href=\"http:\/\/www.facebook.com\/\" target=\"_blank\" rel=\"noopener\">Facebook<\/a>\u00a0\u00bb, Un         espace fictif ou tout un chacun peut r\u00eaver en adoptant le portrait qui         lui plait.<\/p>\n<p> <i> <a href=\"http:\/\/www.blog.ma\/obiterdicta\/index.php?action=article&amp;id_article=16068\" target=\"_blank\" rel=\"noopener\">        Est-il criminel d&rsquo;usurper l&rsquo;identit\u00e9 d&rsquo;un Prince royal?<\/a> Se demandait         \u00ab\u00a0Ibn Kafka\u00a0\u00bb sur son blog avant d\u2019entrer dans une discussion d\u00e9taill\u00e9e         d\u2019interpr\u00e9tation des textes sur la question\u00a0: Le d\u00e9lit d&rsquo;usurpation         d&rsquo;identit\u00e9 est certes r\u00e9prim\u00e9 par l&rsquo;article 385 du Code p\u00e9nal, mais dans         des termes qui excluent son application dans le cas pr\u00e9sent: \u00a0\u00bb         quiconque, dans un acte public ou authentique ou dans un document         administratif destin\u00e9 \u00e0 l&rsquo;autorit\u00e9 publique, s&rsquo;attribue ind\u00fbment un nom         patronymique autre que le sien, est puni d&rsquo;une amende de 200 \u00e0 1.000         dirhams \u00ab\u00a0. Pour les non-juristes, un acte public est un acte \u00e9manant de         l&rsquo;autorit\u00e9 publique. Aucun des \u00e9l\u00e9ments de cette infraction ne sont donc         r\u00e9unis dans ce cas pr\u00e9cis\u2026<\/i><\/p>\n<p>\u00a0<\/p>\n<p>        Pour \u00ab\u00a0L\u2019ARBI\u00a0\u00bb qui se positionne d\u2019embl\u00e9e \u00ab\u00a0<a href=\"http:\/\/www.larbi.org\/index.php?2008\/02\/11\/533-en-dfense-de-fouad-mourtada\" target=\"_blank\" rel=\"noopener\">En         d\u00e9fense de Fouad Mourtada<\/a>\u00a0\u00bb En prenant soin de pr\u00e9ciser \u00ab\u00a0ceci n\u2019est         pas, bien \u00e9videmment, un m\u00e9moire juridique mais un simple rappel de         faits et du contexte\u00a0\u00bb il fait \u00e9tayer sa position en 18 points ou on         pouvait lire qu\u2019\u00ab\u00a0Un profil Facebook est une page identifiant une         personne, r\u00e9elle ou fictive, et lui permettant d\u2019entrer en contact avec         d\u2019autres internautes.\u00a0\u00bb qu\u2019\u00a0\u00ab\u00a0On d\u00e9nombre plusieurs faux profils de         chefs d\u2019Etats et de gouvernement, de personnalit\u00e9s du monde de l\u2019art de         la culture et du sport sur Facebook.\u00a0\u00bb et que\u00a0\u00ab\u00a0Facebook permet sur         simple demande d\u2019annuler ces faux profils. <\/p>\n<p>\u00a0<\/p>\n<p>        Ainsi en Novembre 2007 Facebook a annul\u00e9 le profil de l\u2019ancien premier         ministre fran\u00e7ais Alain Jupp\u00e9 sur demande de son entourage. Mais \u00e0 ce         jour aucun chef d\u2019Etat ou de gouvernement et aucun membre d\u2019une famille         royale n\u2019a demand\u00e9 l\u2019annulation de son faux-profil, bien que ces         derniers prolif\u00e8rent, pr\u00e9f\u00e9rant les ignorer et faire la part des         choses.\u00a0\u00bb et en fin que \u00ab\u00a0Les faux profils de personnalit\u00e9s c\u00e9l\u00e8bres         sont souvent cr\u00e9es par des fans ou des inconnus, parfois par insouciance         et par malice. Ils nuisent rarement \u00e0 l\u2019image et la r\u00e9putation des         personnalit\u00e9s concern\u00e9es et ne sont jamais suivis par des effets au del\u00e0         des fronti\u00e8res internet. Encore moins de proc\u00e9dures judiciaires.\u00a0\u00bb<\/p>\n<p>\u00a0<\/p>\n<p>        Ses efforts didactiques d\u2019expliquer un monde r\u00e9git par la libert\u00e9 \u00e0 des         adeptes d\u2019une conception totalement oppos\u00e9e de l\u2019autorit\u00e9 sont digne         d\u2019int\u00e9r\u00eat.<\/p>\n<p>\u00a0<\/p>\n<p>        \u00a0\u00ab\u00a0Motic\u00a0\u00bb quant \u00e0 lui il commence son plaidoy\u00e9\u00a0\u00ab\u00a0<a href=\"http:\/\/motic.blogspot.com\/2008\/02\/en-dfense-de-fouad-mourtada.html\" target=\"_blank\" rel=\"noopener\">En         d\u00e9fense de Fouad Mourtada<\/a>\u00a0\u00bb\u00a0par un lucide rappel de la r\u00e9alit\u00e9\u00a0:<\/p>\n<p> <i>Le Maroc se distingue de tous les autres pays du monde par le blocage         de l&rsquo;acc\u00e8s au service Google Earth (depuis ao\u00fbt 2006) et aux images de         Google Maps (depuis l&rsquo;\u00e9t\u00e9 2007). Le Maroc bloque l&rsquo;acc\u00e8s \u00e0 la         plate-forme Live Journal (depuis deux ans). Le Maroc a bloqu\u00e9 l&rsquo;acc\u00e8s \u00e0         Youtube en 2007. Le Maroc bloque en permanence l&rsquo;acc\u00e8s \u00e0 plusieurs         autres sites dont des sites proposant une navigation anonyme sur         Internet comme Multiproxy et Anonymiser.<\/i><\/p>\n<p> <i>Comme si tout cela ne suffisait pas, le Maroc semble \u00eatre sur la voie         de cr\u00e9er un autre pr\u00e9c\u00e9dent mondial pour se distinguer encore davantage         et persister dans cette maladresse de la gestion des nouvelles         technologies et d&rsquo;Internet. Le Maroc est sur la voie de briser la         carri\u00e8re d&rsquo;un Ing\u00e9nieur d&rsquo;\u00c9tat, dipl\u00f4m\u00e9 de l&rsquo;\u00c9cole Mohammedia         d&rsquo;Ing\u00e9nieurs, apparemment uniquement pour avoir cr\u00e9\u00e9 un profil sur le         site Facebook au nom d&rsquo;un membre de la famille royale.<\/i><\/p>\n<p> <i>Pour conclure que \u00ab\u00a0L&rsquo;utilisation de pseudos sur divers sites ou         forums est tr\u00e8s courante. La plupart du temps elle ne vise que         l&rsquo;utilisation du site plus librement sous couvert d&rsquo;anonymat. C&rsquo;est         d&rsquo;ailleurs l&rsquo;une des particularit\u00e9s d&rsquo;Internet. Souvent, ceux qui         choisissent des pseudos optent pour ceux de personnages favoris de films         ou de romans. Il n&rsquo;est pas du tout rare que des internautes utilisent         les pseudos de personnalit\u00e9s connues et de c\u00e9l\u00e9brit\u00e9s. G\u00e9n\u00e9ralement, il         s&rsquo;agit de personnalit\u00e9s auxquelles l&rsquo;internaute s&rsquo;identifie le plus ou         de personnalit\u00e9s qu&rsquo;il admire.\u00a0\u00bb<\/i><\/p>\n<p>\u00a0<\/p>\n<p>Si         Mortada n\u2019a fait que r\u00eaver par le portrait qu\u2019il a choisi d\u2019endosser, le         cauchemar auquel son r\u00eave l\u2019a amener ne doit pas nous dissuader de         continuer \u00e0 r\u00eaver de voir un jour nos pays d\u00e9barrass\u00e9s \u00e0 jamais de cette         police qui ne se contente plus de censurer l\u2019avenir et la vie de toute         une g\u00e9n\u00e9ration mais veut censurer ses r\u00eaves aussi. On le d\u00e9fendons c\u2019est         notre propre r\u00eave qu\u2019on d\u00e9fend\u00a0: chacun de nous veut se sentir prince         dans son pays.<\/p>\n<p>\u00a0<\/p>\n<p> <b> <span lang=\"FR\">        (Source\u00a0: Le blog \u00ab\u00a0TunisiaWatch\u00a0\u00bb le 11 f\u00e9vrier 2008)\u00a0<\/span><\/b><\/p>\n<p> <b> <span lang=\"FR\">        Lien\u00a0: <a href=\"http:\/\/tunisiawatch.rsfblog.org\/\" target=\"_blank\" rel=\"noopener\">        http:\/\/tunisiawatch.rsfblog.org\/<\/a><\/span><\/b><\/p>\n<p> <b> <span lang=\"FR\">        \u00a0<\/span><\/b><\/p>\n<p>\u00a0<\/p>\n<hr\/>\n<p><\/span> <\/p>\n<p>\u00a0<\/p>\n<p> <span lang=\"FR\"> <\/p>\n<p align=\"center\"> <span lang=\"FR\">        Ce malaise persistant au sein du corps des Avocats&#8230;<\/span><\/p>\n<p align=\"center\"> <b> <span lang=\"FR\">        Me Mohamed Jemour, ex-secr\u00e9taire g\u00e9n\u00e9ral du Conseil de l&rsquo;Ordre des         Avocats :<\/span><\/b><\/p>\n<p align=\"center\"> <b><font size=\"3\">\u00ab Je d\u00e9plore les r\u00e8glements de compte entre des         confr\u00e8res et le B\u00e2tonnier \u00bb<\/font><\/b><\/p>\n<h3 style=\"color: blue;\"><font size=\"2\"> <span lang=\"FR\">Interview r\u00e9alis\u00e9e par : N\u00e9jib SASSI<\/span><\/font><\/h3>\n<p><b> <span lang=\"FR\">        \u00a0<\/span><\/b><\/p>\n<p> <font><em><span lang=\"FR\">Plus de cinq mille avocats         vivent actuellement une ambiance mitig\u00e9e avec, d&rsquo;un c\u00f4t\u00e9, une vague de         contestation de la gestion du Conseil de l&rsquo;Ordre, \u00e9lu en juin 2007 et \u00e0         sa t\u00eate le B\u00e2tonnier Me B\u00e9chir Essid et de l&rsquo;autre, une effervescence         quant \u00e0 la campagne \u00e9lectorale du Comit\u00e9 directeur de l&rsquo;Association         Tunisienne des Jeunes Avocats (ATJA) dont les \u00e9lections se tiendront le         8 mars 2008.<\/span><\/em><\/font><\/p>\n<p> <em><span lang=\"FR\">La contestation s&rsquo;est         transform\u00e9e en un r\u00e8glement de compte notamment entre le B\u00e2tonnier et         des avocats qui lui reprochent des d\u00e9passements dans la gestion des         finances du Conseil. L&rsquo;assembl\u00e9e g\u00e9n\u00e9rale informative du Conseil de         l&rsquo;Ordre du 19 janvier dernier, a \u00e9t\u00e9 le cadre d&rsquo;altercations entre les         deux parties sur fond de la campagne \u00e9lectorale du Comit\u00e9 directeur de         l&rsquo;ATJA qui bat son plein. Les deux parties \u00e9tant en train de nouer des         alliances pour former leur liste respective.<\/span><\/em><\/p>\n<p> <span lang=\"FR\"> <em>\u00a0<\/em><\/span><\/p>\n<p> <i> <span lang=\"FR\">        Pour en savoir plus nous avons invit\u00e9 Me Mohamed Jemour, ancien         secr\u00e9taire g\u00e9n\u00e9ral du Conseil de l&rsquo;Ordre des Avocats qui s&rsquo;est pr\u00e9sent\u00e9         \u00e0 l&rsquo;\u00e9lection de la pr\u00e9sidence de la section de Tunis du Conseil de         l&rsquo;Ordre, en juin 2007. (Interview<\/span><span lang=\"FR-CH\">)<\/span><span lang=\"FR\"> <\/span><\/i><\/p>\n<p> <span lang=\"FR\">\u00a0<\/span><\/p>\n<p> <b><span lang=\"FR\">\u2022 Le         Temps : Ma\u00eetre, l&rsquo;Assembl\u00e9e g\u00e9n\u00e9rale informative du Conseil de l&rsquo;Ordre         des Avocats tenue le 19 janvier dernier, a connu des altercations entre         certains intervenants et le B\u00e2tonnier Me B\u00e9chir Essid. Quelles sont,         d&rsquo;apr\u00e8s vous, les causes ?<\/span><\/b><\/p>\n<p> <span lang=\"FR\">\u00a0<\/span><\/p>\n<p> <b><span lang=\"FR\">-Me         Mohamed Jemour :<\/span><\/b><span lang=\"FR\">         Apparemment, le B\u00e2tonnier n&rsquo;a pas appr\u00e9ci\u00e9 que des avocats aient sign\u00e9         une p\u00e9tition pour appeler \u00e0 la tenue d&rsquo;une assembl\u00e9e g\u00e9n\u00e9rale du Conseil         de l&rsquo;Ordre pour les informer des n\u00e9gociations en cours avec le minist\u00e8re         de la Justice et des Droits de l&rsquo;Homme. Le B\u00e2tonnier a aussi appris les         critiques \u00e9manant de certains avocats et qui concernent la gestion du         Conseil de l&rsquo;Ordre, notamment sur le plan financier. Des critiques         parfois acerbes. Ce fut des causes de la tension qui a r\u00e9gn\u00e9 lors de         cette assembl\u00e9e. En plus, il y avait malheureusement, des confr\u00e8res qui         voulaient r\u00e9gler leur compte avec Me B\u00e9chir Essid et avec le pr\u00e9sident         de la section de Tunis du Conseil de l&rsquo;Ordre, Me Abderrazak Kilani. Ce         sont des r\u00e8glements de comptes \u00e9lectoraux surtout en ce qui concerne la         pr\u00e9sidence de la section de Tunis. Donc, la tension est nourrie de part         et d&rsquo;autre.<\/span><\/p>\n<p> <span lang=\"FR\">Ce que je         d\u00e9plore, c&rsquo;est que plusieurs intervenants aient plac\u00e9 leurs         interventions dans ce cadre et peu d&rsquo;intervenants ont \u00e9voqu\u00e9 les         revendications de la profession et les probl\u00e8mes des avocats et surtout         les pourparlers avec le minist\u00e8re alors que cette assembl\u00e9e devait avant         tout examiner les questions en cours de discussion entre le Conseil de         l&rsquo;Ordre et le minist\u00e8re, notamment celle de la couverture sociale des         avocats, de l&rsquo;Institut Sup\u00e9rieur des Avocats et du champ d&rsquo;intervention         de l&rsquo;avocat.<\/span><\/p>\n<p> <span lang=\"FR\">\u00a0<\/span><\/p>\n<p> <b><span lang=\"FR\">\u2022 Une         p\u00e9tition a circul\u00e9 lors de cette assembl\u00e9e qui accuse le B\u00e2tonnier des         d\u00e9passements dans la gestion des finances du Conseil de l&rsquo;Ordre. Qu&rsquo;en         pensez-vous ?<\/span><\/b><\/p>\n<p> <span lang=\"FR\">\u00a0<\/span><\/p>\n<p> <span lang=\"FR\">-Je crois         que les critiques relatives \u00e0 la gestion des affaires du Conseil de         l&rsquo;Ordre devaient \u00eatre, \u00e0 supposer qu&rsquo;elles soient fond\u00e9es, adress\u00e9es \u00e0         tout le Conseil de l&rsquo;ordre et non seulement au B\u00e2tonnier. Toutes les         d\u00e9cisions ont \u00e9t\u00e9 prises par la majorit\u00e9 des membres du Conseil de         l&rsquo;Ordre m\u00eame si le B\u00e2tonnier a une autorit\u00e9 plus influente que les         autres membres. Je crois aussi que l&rsquo;\u00e9valuation de la gestion du Conseil         se fait par une assembl\u00e9e g\u00e9n\u00e9rale ordinaire. L&rsquo;assembl\u00e9e du 19 janvier         a pour ordre du jour d&rsquo;informer les avocats sur les n\u00e9gociations avec le         minist\u00e8re.<\/span><\/p>\n<p> <span lang=\"FR\">\u00a0<\/span><\/p>\n<p> <b><span lang=\"FR\">\u2022         Concernant ces n\u00e9gociations, vous \u00e9voquez la question de l&rsquo;Institut         Sup\u00e9rieur des Avocats, alors que les textes relatifs \u00e0 cet Institut ont         d\u00e9j\u00e0 \u00e9t\u00e9 publi\u00e9s.<\/span><\/b><\/p>\n<p> <span lang=\"FR\">\u00a0<\/span><\/p>\n<p> <span lang=\"FR\">-Il est vrai         que le texte fondateur, c&rsquo;est-\u00e0-dire, la loi de mai 2006, n&rsquo;a pas \u00e9t\u00e9         r\u00e9vis\u00e9e malgr\u00e9 l&rsquo;opposition du Conseil de l&rsquo;Ordre pr\u00e9c\u00e9dent pr\u00e9sid\u00e9 par         l&rsquo;ex-B\u00e2tonnier, Me Abdessattar Ben Moussa et, \u00e0 ma connaissance,         l&rsquo;actuel Conseil de l&rsquo;Ordre et Me B\u00e9chir Essid, n&rsquo;ont pas reconsid\u00e9r\u00e9         cette opposition. Bien entendu, les textes d&rsquo;application en r\u00e9currence         le d\u00e9cret n\u00b02699, du 31 octobre 2007, et l&rsquo;arr\u00eat\u00e9 du 9 novembre 2007, ne         pouvaient pas contredire la loi de mai 2006. Ils sont \u00e9labor\u00e9s dans la         m\u00eame logique de mainmise des minist\u00e8res sur cet institut. Les deux         textes ont confirm\u00e9 d&rsquo;une mani\u00e8re plus prononc\u00e9e la marginalisation du         Conseil de l&rsquo;Ordre quant \u00e0 la direction et \u00e0 la gestion de cet institut.         Les projets du d\u00e9cret et de l&rsquo;arr\u00eat\u00e9 n&rsquo;ont pas \u00e9t\u00e9 soumis au Conseil de         l&rsquo;Ordre m\u00eame pour avis, avant leur adoption et leur publication alors         que le Conseil de l&rsquo;Ordre et les avocats sont les premiers concern\u00e9s.        <\/span><\/p>\n<p> <span lang=\"FR\">Ce que les         avocats attendent du Conseil de l&rsquo;Ordre actuel et du B\u00e2tonnier, c&rsquo;est         une position claire \u00e0 l&rsquo;\u00e9gard de ces textes d&rsquo;application comme l&rsquo;a fait         le pr\u00e9c\u00e9dent Conseil et l&rsquo;ex-B\u00e2tonnier, Me Ben Moussa, lorsque la loi de         mai 2006 a \u00e9t\u00e9 adopt\u00e9e.<\/span><\/p>\n<p> <span lang=\"FR\">\u00a0<\/span><\/p>\n<p> <b><span lang=\"FR\">\u2022 Mais,         les n\u00e9gociations sont en cours avec le minist\u00e8re et le B\u00e2tonnier a         soulign\u00e9 lors de l&rsquo;assembl\u00e9e l&rsquo;\u00e9tat d&rsquo;avancement de ces pourparlers.<\/span><\/b><\/p>\n<p> <span lang=\"FR\">\u00a0<\/span><\/p>\n<p> <span lang=\"FR\">-Il me         semble que le Conseil de l&rsquo;Ordre et le B\u00e2tonnier ne font que n\u00e9gocier et         ce, sans limiter une dur\u00e9e pour ces n\u00e9gociations. Toute n\u00e9gociation quel         que soit l&rsquo;objet sur lequel elle porte, doit avoir une limite dans sa         dur\u00e9e afin que les parties concern\u00e9es puissent dresser un bilan de ces         n\u00e9gociations, pour \u00e9valuer et d\u00e9cider les mesures \u00e0 prendre. Cette         attitude est contraire \u00e0 celle adopt\u00e9e par Me Essid, lors de son premier         mandat.<\/span><\/p>\n<p> <span lang=\"FR\">\u00a0<\/span><\/p>\n<p> <b><span lang=\"FR\">\u2022 Mais en         ce qui concerne la question de la couverture sociale, le B\u00e2tonnier a dit         clairement que le projet de loi est en cours de finition.<\/span><\/b><\/p>\n<p> <span lang=\"FR\">\u00a0<\/span><\/p>\n<p> <span lang=\"FR\">-Je souhaite         sinc\u00e8rement que les avocats b\u00e9n\u00e9ficient d&rsquo;une couverture sociale qu&rsquo;ils         r\u00e9clament depuis des ann\u00e9es. Mais jusqu&rsquo;\u00e0 pr\u00e9sent il n&rsquo;y a pas de projet         de texte, ni un accord pr\u00e9alable. Lors de l&rsquo;assembl\u00e9e du 19 janvier, les         avocats pr\u00e9sents se sont rendus compte qu&rsquo;il n&rsquo;y a rien de concret en ce         sens. Le B\u00e2tonnier a fait \u00e9tat de la disposition des autorit\u00e9s pour         trouver une solution \u00e0 cette question sans plus. Je d\u00e9plore qu&rsquo;on         n&rsquo;implique pas dans ces n\u00e9gociations les avocats qui connaissent         parfaitement ce dossier. Le Conseil de l&rsquo;Ordre a int\u00e9r\u00eat de profiter de         l&rsquo;exp\u00e9rience de ses confr\u00e8res pour faire avancer les n\u00e9gociations avec         le minist\u00e8re et arriver \u00e0 obtenir la meilleure couverture sociale qui         assure une protection des avocats contre les risques de la vie.<\/span><\/p>\n<p> <span lang=\"FR\">\u00a0<\/span><\/p>\n<p> <b><span lang=\"FR\">\u2022 La         campagne \u00e9lectorale pour les \u00e9lections du Comit\u00e9 directeur de         l&rsquo;Association Tunisienne des Jeunes Avocats (ATJA) bat son plein.         Parlez-nous de ces \u00e9lections&#8230;<\/span><\/b><\/p>\n<p> <span lang=\"FR\">\u00a0<\/span><\/p>\n<p> <span lang=\"FR\">-Je ne fais         plus partie des jeunes avocats et je n&rsquo;ai pas de le\u00e7ons \u00e0, leur donner.         J&rsquo;esp\u00e8re seulement que ces \u00e9lections se d\u00e9rouleront dans une ambiance         d\u00e9mocratique et sereine qui respecte les statuts de l&rsquo;Association sans         aucune influence. J&rsquo;esp\u00e8re aussi qu&rsquo;on ne vivra pas les conditions dans         lesquelles se sont d\u00e9roul\u00e9es les derni\u00e8res \u00e9lections de mars 2006,         j&rsquo;esp\u00e8re que les jeunes avocats choisiront ceux qui, tout en d\u00e9fendant         leurs aspirations, sauvegardent l&rsquo;ind\u00e9pendance de l&rsquo;ATJA de toutes les         parties (partis politiques), y compris, le parti au pouvoir.<\/span><\/p>\n<p> <span lang=\"FR\">\u00a0<\/span><\/p>\n<p> <span lang=\"FR\">        (Source\u00a0: \u00ab\u00a0Le Temps Lundi\u00a0\u00bb (Hebdomadaire \u2013 Tunis), le 11 f\u00e9vrier 2008)<\/span><\/p>\n<p>\u00a0<\/p>\n<hr\/>\n<p align=\"center\">\u00a0<\/p>\n<p align=\"center\"> <span lang=\"FR\">        Ali Benhadj, cofondateur du Front islamique du salut (FIS, dissous)<\/span><\/p>\n<h6 align=\"center\" style=\"color: blue;\"><span lang=\"FR\"> <\/p>\n<h2 style=\"color: red;\"><font size=\"3\">\u00ab\u00a0Il faut trouver, d&rsquo;urgence, une solution         politique en Alg\u00e9rie\u00a0\u00bb<\/font><\/h2>\n<p><\/span><\/h6>\n<h3 style=\"color: blue;\"><span lang=\"FR\"><font size=\"2\">ALGER         ENVOY\u00c9E SP\u00c9CIALE<\/font><\/span><\/h3>\n<p> <span lang=\"FR\">\u00a0<\/span><\/p>\n<p> <\/span><span lang=\"FR\"> <\/p>\n<p>        L&rsquo;Alg\u00e9rie est secou\u00e9e depuis plusieurs mois par des attentats kamikazes         revendiqu\u00e9s par Al-Qaida au Maghreb islamique. Comment r\u00e9agissez-vous \u00e0         ces attaques ?<\/p>\n<p>\u00a0<\/p>\n<p>        Rien n&rsquo;assure qu&rsquo;il s&rsquo;agisse d&rsquo;Al-Qaida. Plusieurs membres du         gouvernement alg\u00e9rien disent qu&rsquo;ils ont eux-m\u00eames des doutes. Je crois,         pour ma part, qu&rsquo;Al-Qaida a une existence dans les m\u00e9dias en Alg\u00e9rie,         non sur le terrain. Mais cela arrange le pouvoir de le faire croire,         comme les Etats-Unis qui lui donnent une importance surdimensionn\u00e9e.<\/p>\n<p>\u00a0<\/p>\n<p>        Qu&rsquo;il s&rsquo;agisse ou non d&rsquo;Al-Qaida, vous ne condamnez donc pas         explicitement ces attentats kamikazes ?<\/p>\n<p>\u00a0<\/p>\n<p>La         solution n&rsquo;est pas de critiquer ou de condamner. Il faut r\u00e9gler le         probl\u00e8me \u00e0 la racine, c&rsquo;est-\u00e0-dire trouver une solution politique. On ne         peut pas se contenter d&rsquo;une r\u00e9ponse strictement s\u00e9curitaire et         transformer Alger en une gigantesque caserne. J&rsquo;ai transmis des         propositions au pr\u00e9sident Bouteflika. Il ne m&rsquo;a pas r\u00e9pondu. Je sugg\u00e8re         un congr\u00e8s qui rassemblerait tous les partis politiques, FIS compris,         pour discuter des probl\u00e8mes de l&rsquo;Alg\u00e9rie. Et si le pouvoir refuse de         discuter avec moi, qu&rsquo;il le fasse avec d&rsquo;autres, des personnalit\u00e9s qui         ont une dimension nationale ou historique.<\/p>\n<p>\u00a0<\/p>\n<p>A         qui pensez-vous ?<\/p>\n<p>\u00a0<\/p>\n<p>Je         pense \u00e0 des figures comme A\u00eft Ahmed (dirigeant du Front des forces         socialistes, FFS), ou Taleb Ibrahimi (pr\u00e9sident du parti Wafa, non         l\u00e9galis\u00e9), Mouloud Hamrouche (ex-premier ministre, r\u00e9formateur),         Abdelhamid Mehri (ex-secr\u00e9taire g\u00e9n\u00e9ral du Front de lib\u00e9ration         nationale, FLN, ancien parti unique), ou encore Ali Yahia Abdenour         (avocat et ex-pr\u00e9sident de la Ligue alg\u00e9rienne de d\u00e9fense des droits de         l&rsquo;homme). Il y a des points communs entre ces hommes : ils appellent         tous \u00e0 une solution politique, et ce sont de vrais d\u00e9mocrates. Ils         veulent que tous les partis et le peuple participent \u00e0 la conduite de         l&rsquo;Alg\u00e9rie, et pas seulement un petit groupe qui s&rsquo;est accapar\u00e9 toutes         les richesses.<\/p>\n<p>\u00a0<\/p>\n<p> <span lang=\"FR\">Si vous arriviez au pouvoir aujourd&rsquo;hui, seriez-vous         toujours favorable \u00e0 la cr\u00e9ation d&rsquo;un Etat islamique ?<\/span><\/p>\n<p>\u00a0<\/p>\n<p>        Nous croyons toujours \u00e0 une r\u00e9publique islamique, bas\u00e9e sur les         pr\u00e9ceptes du Coran et de la sunna du Proph\u00e8te, selon lesquels le pouvoir         doit \u00eatre choisi par le peuple. Nous sommes pour le multipartisme et         voulons combattre l&rsquo;injustice sociale ainsi que les atteintes aux         libert\u00e9s. Quant aux relations avec les pays \u00e9trangers, elles doivent se         faire sur la base d&rsquo;int\u00e9r\u00eats r\u00e9ciproques, dans la transparence et le         respect.<\/p>\n<p>\u00a0<\/p>\n<p>A         ce propos, j&rsquo;ai \u00e9t\u00e9 tr\u00e8s choqu\u00e9 d&rsquo;entendre le pr\u00e9sident fran\u00e7ais         d\u00e9clarer, il y a quelques jours, qu&rsquo;il soutenait ceux qui avaient commis         le coup d&rsquo;Etat de 1992 en Alg\u00e9rie, alors que le FIS (Front islamique du         salut) avait gagn\u00e9 d\u00e9mocratiquement, par les urnes. Selon M. Sarkozy,         l&rsquo;Alg\u00e9rie mena\u00e7ait d&rsquo;\u00eatre dirig\u00e9e par les talibans ! C&rsquo;est une insulte         et de la provocation ! On ne peut pas transposer en Alg\u00e9rie ce qui se         passe en Afghanistan. Le pr\u00e9sident fran\u00e7ais commet une ing\u00e9rence dans         les affaires int\u00e9rieures alg\u00e9riennes et est mal renseign\u00e9 sur le FIS :         ceux qui ont \u00e9t\u00e9 \u00e9lus sous notre \u00e9tiquette en 1990 et 1991 \u00e9taient des         intellectuels, pas des talibans ! Quand il est all\u00e9 en Arabie saoudite &#8211;         pays o\u00f9 l&rsquo;on coupe la main des voleurs -, M. Sarkozy n&rsquo;a pas trait\u00e9 le         roi Abdallah de taliban !<\/p>\n<p>\u00a0<\/p>\n<p>        Beaucoup tentent d&rsquo;assimiler le FIS \u00e0 Al-Qaida. Mais le FIS a \u00e9t\u00e9 cr\u00e9\u00e9         en 1989, donc bien avant Al-Qaida, qui est n\u00e9 en 1998. Nous ne nous en         sommes donc pas inspir\u00e9s et n&rsquo;avons pas le m\u00eame cheminement.<\/p>\n<p>\u00a0<\/p>\n<p> <span lang=\"FR\">Qu&rsquo;est devenu votre fils Abdelqahar, \u00e2g\u00e9 de 19 ans ?         L&rsquo;ann\u00e9e derni\u00e8re, vous soup\u00e7onniez la S\u00e9curit\u00e9 militaire alg\u00e9rienne de         l&rsquo;avoir enlev\u00e9. Mais une vid\u00e9o circulant sur Internet le montre en         armes, au maquis&#8230;<\/span><\/p>\n<p>\u00a0<\/p>\n<p>Il         faudrait s&rsquo;assurer de l&rsquo;authenticit\u00e9 de cette vid\u00e9o. Mon fils a disparu         en octobre 2006. Tous les sc\u00e9narios sont possibles. Je n&rsquo;exclus rien. Je         ne sais m\u00eame pas s&rsquo;il est vivant. Mais s&rsquo;il \u00e9tait vrai qu&rsquo;il soit mont\u00e9         au maquis, j&rsquo;en rendrais le pouvoir responsable, de fa\u00e7on directe ou         indirecte. Les jeunes Alg\u00e9riens sont manipulables, en l&rsquo;absence de         perspectives. C&rsquo;est le d\u00e9sespoir qui les pousse \u00e0 prendre le maquis ou \u00e0         mourir en traversant la mer \u00e0 bord d&#8217;embarcations de fortune&#8230;<\/p>\n<p>\u00a0<\/p>\n<p> <span lang=\"FR\">Que pensez-vous du projet de r\u00e9vision de la Constitution         dont il est actuellement question en Alg\u00e9rie ?<\/span><\/p>\n<p>\u00a0<\/p>\n<p>La         Constitution n&rsquo;est pas un jeu. Ce n&rsquo;est pas \u00e0 une minorit\u00e9 dictatoriale         de d\u00e9cider de sa r\u00e9vision, mais au peuple. Et le but doit \u00eatre de         renforcer le pouvoir de la population, non celui du pr\u00e9sident. Ceux qui         poussent M. Bouteflika \u00e0 faire un troisi\u00e8me mandat sont ceux qui         dirigent le pays. Mais le peuple en a assez du \u00ab\u00a0syst\u00e8me\u00a0\u00bb. Il faut         d&rsquo;urgence trouver une solution politique, sinon ce sera l&rsquo;explosion. Et         celle-ci d\u00e9bordera les fronti\u00e8res de l&rsquo;Alg\u00e9rie.<\/p>\n<p>\u00a0<\/p>\n<p>        Propos recueillis par Florence Beaug\u00e9<\/p>\n<p> <\/span> <span lang=\"FR\"> <\/p>\n<p> <span lang=\"FR\">\u00a0<\/span><\/p>\n<p>        (Source\u00a0: \u00ab\u00a0Le Monde\u00a0\u00bb (Quotidien \u2013 France), le 9 f\u00e9vrier 2008)<\/p>\n<p>\u00a0<\/p>\n<p> <\/span> <\/p>\n<p>\u00a0<\/p>\n<p>\u00a0<\/p>\n<hr\/>\n<p align=\"center\">\u00a0<\/p>\n<p align=\"center\"> <b><span lang=\"FR\"> <font size=\"3\">Le nouveau langage de l&rsquo;ex-\u00ab\u00a0Grand Inquisiteur\u00a0\u00bb<\/font><\/span><\/b><\/p>\n<p>\u00a0<\/p>\n<p> <b>ALGER ENVOY\u00c9E SP\u00c9CIALE<\/b><\/p>\n<p>\u00a0<\/p>\n<p>Le         langage d&rsquo;Ali Benhadj, cofondateur du Front islamique du salut (FIS,         dissous), a chang\u00e9. Celui qui fustigeait autrefois \u00ab\u00a0le socialisme, le         communisme, la d\u00e9mocratie et la dictature, ces fientes parmi les         immondices de l&rsquo;esprit humain\u00a0\u00bb, se r\u00e9clame aujourd&rsquo;hui de la d\u00e9mocratie.         Bien s\u00fbr, on pourra toujours dire que le loup s&rsquo;est transform\u00e9 en         grand-m\u00e8re. Il n&#8217;emp\u00eache&#8230; Pour sortir de la crise interminable qui         ravage l&rsquo;Alg\u00e9rie, Ali Benhadj pr\u00f4ne le dialogue avec le pouvoir et fait         appel \u00e0 d&rsquo;authentiques d\u00e9mocrates, pourtant tr\u00e8s \u00e9loign\u00e9s de lui.<\/p>\n<p>\u00a0<\/p>\n<p>        Celui que l&rsquo;on surnommait autrefois le \u00ab\u00a0Grand Inquisiteur\u00a0\u00bb a aujourd&rsquo;hui         51 ans (dont dix-huit pass\u00e9s en prison). Depuis son \u00e9largissement, en         2005, Ali Benhadj, ancien professeur d&rsquo;arabe et ex-imam, qui enflammait         les foules par ses pr\u00eaches dans les mosqu\u00e9es d&rsquo;Alger \u00e0 la fin des ann\u00e9es         1980, est priv\u00e9 de ses droits civiques et politiques et subsiste gr\u00e2ce \u00e0         l&rsquo;aide de ses fr\u00e8res. Il s&rsquo;octroie pourtant, de temps \u00e0 autre, le droit         de prendre la parole dans les mosqu\u00e9es ou d&rsquo;accorder un entretien &#8211; ce         qui lui est interdit &#8211; quitte \u00e0 passer ensuite vingt-quatre heures au         poste de police. \u00ab\u00a0La libert\u00e9 se prend, elle ne se donne pas\u00a0\u00bb,         affirme-t-il tranquillement.<\/p>\n<p>\u00a0<\/p>\n<p>        Quelle est sa popularit\u00e9 aujourd&rsquo;hui ? Difficile de le savoir, puisque         le FIS a \u00e9t\u00e9 dissous. Une partie de la soci\u00e9t\u00e9 alg\u00e9rienne ex\u00e8cre M.         Benhadj et ne lui accordera jamais sa confiance. Elle le tient pour         responsable de la \u00ab\u00a0d\u00e9cennie rouge\u00a0\u00bb qui a ensanglant\u00e9 l&rsquo;Alg\u00e9rie, apr\u00e8s         que l&rsquo;arm\u00e9e eut confisqu\u00e9 la victoire \u00e9lectorale du FIS, en janvier         1991. D&rsquo;autres continuent de le v\u00e9n\u00e9rer et de penser qu&rsquo;Ali Benhajd         pourrait \u00eatre la solution, en cas d&rsquo;\u00e9lections libres. Une chose est s\u00fbre         : le pouvoir le craint. D&rsquo;o\u00f9 la surveillance \u00e9troite dont il est         l&rsquo;objet.<\/p>\n<p>\u00a0<\/p>\n<p> <b>Florence Beaug\u00e9<\/b><\/p>\n<p> <b> <span lang=\"FR\">        (Source\u00a0: \u00ab\u00a0Le Monde\u00a0\u00bb (Quotidien \u2013 France), le 9 f\u00e9vrier 2008) <\/span><\/b><\/p>\n<hr\/>\n<p> <b> <span lang=\"FR\">        \u00a0<\/span><\/b><\/p>\n<p align=\"center\"> <b><span lang=\"FR\"> <font size=\"3\"><font size=\"2\">\u00a0<\/font>Alg\u00e9rie, le retour         du\u00a0FIS<\/font><\/span><\/b><\/p>\n<p> <b> <span lang=\"FR\">        \u00a0<\/span><\/b><\/p>\n<p>        Dans le quotidien <i>Le Monde <\/i>(9 f\u00e9vrier), M.\u00a0Ali Belhadj, l\u2019ancien         num\u00e9ro 2 du Front islamique du salut (FIS) a donn\u00e9 un entretien \u00e0         Florence Beaug\u00e9, \u00ab\u00a0Il faut trouver, d\u2019urgence, une solution politique en         Alg\u00e9rie\u00a0\u00bb\u00a0(<a href=\"http:\/\/www.monde-diplomatique.fr\/carnet\/2008-02-10-Algerie-le-retour-du-FIS#nb1\" title=\"(1) \u00ab Il faut trouver, d&#039;urgence, une solution politique en Alg\u00e9rie \u00bb, propos (...)\" target=\"_blank\" rel=\"noopener\">1<\/a>).<\/p>\n<p>\u00a0<\/p>\n<p>        Cet important entretien appelle quelques commentaires.<\/p>\n<p>\u00a0<\/p>\n<p>1.         Le moment choisi pour sa publication est important, marqu\u00e9 par la marche         vers un troisi\u00e8me mandat (ce qui n\u00e9cessite une r\u00e9vision de la         Constitution) du pr\u00e9sident Abdelaziz Bouteflika et la relance du         terrorisme.<\/p>\n<p>2.         M.\u00a0Ali Belhadj ne condamne ni les attentats, ni les kamikazes. Mais il         se d\u00e9marque d\u2019Al-Qaida dont il dit qu\u2019elle est n\u00e9e en 1998 alors que le         FIS a \u00e9t\u00e9 cr\u00e9\u00e9 en 1989. Il critique les talibans et l\u2019Arabie saoudite\u2026<\/p>\n<p>3.         Il r\u00e9fute la th\u00e8se du pouvoir (discours pr\u00e9sidentiel de Batna en         septembre 2007) selon laquelle le terrorisme est le fait de l\u2019\u00e9tranger         (Al-Qaida). Il serait donc alg\u00e9rien\u2026<\/p>\n<p>4.         Pour mettre fin au terrorisme, affirme-t-il, l\u2019approche s\u00e9curitaire ne         marche pas, il faut une solution politique. Le FIS, explique M.\u00a0Belhadj,         est toujours pour une R\u00e9publique islamique, mais le pouvoir doit \u00eatre         choisi par le peuple, le multipartisme respect\u00e9, l\u2019injustice sociale et         les atteintes aux libert\u00e9s combattues. <i>\u00ab\u00a0Les relations avec les pays         \u00e9trangers doivent se faire sur la base d\u2019int\u00e9r\u00eats r\u00e9ciproques, dans la         transparence et le respect.\u00a0\u00bb <\/i><\/p>\n<p>5.         M.\u00a0Belhadj, pour y contribuer, affirme avoir fait des propositions \u00e0         M.\u00a0Bouteflika (il ne dit pas lesquelles), mais le pr\u00e9sident n\u2019a pas         r\u00e9pondu.<\/p>\n<p>6.         Il a propos\u00e9 notamment la r\u00e9union d\u2019un Congr\u00e8s o\u00f9 <i>tous <\/i>les partis         politiques alg\u00e9riens, dont le FIS, seraient repr\u00e9sent\u00e9s afin de relancer         le dialogue politique entre Alg\u00e9riens.<\/p>\n<p>7.         A d\u00e9faut, il propose que le pr\u00e9sident n\u00e9gocie avec cinq leaders         politiques qualifi\u00e9s de \u00ab\u00a0d\u00e9mocrates\u00a0\u00bb\u00a0: M.\u00a0Hocine A\u00eft Ahmed (Front des         forces socialistes)\u00a0; M.\u00a0Ahmed Taleb-Ibrahimi, ancien ministre,         dirigeant du parti Wafa non autoris\u00e9)\u00a0; M.\u00a0Mouloud Hamrouche, un ancien         premier ministre\u00a0; M.\u00a0Abdelhamid Merhi, ancien secr\u00e9taire g\u00e9n\u00e9ral du         FLN, ancien ambassadeur \u00e0 Paris\u00a0; M.\u00a0Abdennour Ali Yahia, ex-pr\u00e9sident         de la Ligue de d\u00e9fense des droits de l\u2019homme, avocat.<\/p>\n<p>On         peut noter que ni le Rassemblement national d\u00e9mocratique (RND), ni le         Rassemblement pour la culture et la d\u00e9mocratie (RCD), pas plus que les         partis islamiques \u00ab\u00a0l\u00e9gaux\u00a0\u00bb (notamment le Mouvement de la soci\u00e9t\u00e9 pour         la paix, l\u2019ancien Hamas) ne sont repr\u00e9sent\u00e9s dans cette \u00ab\u00a0d\u00e9l\u00e9gation\u00a0\u00bb.<\/p>\n<p>        Une question se pose\u00a0: les cinq personnalit\u00e9s d\u00e9mocrates ont-elles donn\u00e9         leur accord \u00e0 la proposition de M.\u00a0Belhadj\u00a0?<\/p>\n<p>8.         La base de l\u2019accord est le refus de la r\u00e9vision de la Constitution par         une <i>\u00ab\u00a0minorit\u00e9 dictatoriale\u00a0\u00bb <\/i>et donc le refus d\u2019un troisi\u00e8me         mandat pour M.\u00a0Bouteflika qui est cependant personnellement m\u00e9nag\u00e9.         M.\u00a0Belhadj ne veut pas exclure l\u2019hypoth\u00e8se que le pr\u00e9sident ne se         repr\u00e9sente pas et il le distingue de <i>\u00ab\u00a0ceux qui dirigent le pays\u00a0\u00bb        <\/i>et qui le <i>\u00ab\u00a0poussent\u00a0\u00bb <\/i>\u00e0 un troisi\u00e8me mandat.<\/p>\n<p>9.         Paris est pri\u00e9 de se tenir \u00e0 l\u2019\u00e9cart de la succession de M.\u00a0Bouteflika.         M.\u00a0Belhadj fait allusion \u00e0 une d\u00e9claration du pr\u00e9sident Nicolas Sarkozy         (qui soutient l\u2019interruption du processus \u00e9lectoral en 1992). Mais la         \u00ab\u00a0d\u00e9l\u00e9gation\u00a0\u00bb est compos\u00e9e d\u2019une fa\u00e7on qui ne peut que plaire \u00e0 Paris,         trois de ses cinq membres ont un pass\u00e9 \u00ab\u00a0francophile\u00a0\u00bb et ont des appuis         dans la capitale fran\u00e7aise.<\/p>\n<p>        10. Si on ne fait rien, explique M.\u00a0Belhadj, la crise alg\u00e9rienne         \u00e9clatera parce que le peuple ne supporte plus le <i>\u00ab\u00a0syst\u00e8me\u00a0\u00bb <\/i>et         \u00ab\u00a0le petit groupe qui s\u2019est accapar\u00e9 toutes les richesses\u00a0\u00bb. L\u2019explosion        <i>\u00ab\u00a0d\u00e9bordera\u00a0\u00bb <\/i>d\u2019Alg\u00e9rie. La menace est claire, la France ne sera         pas \u00e9pargn\u00e9e\u2026<\/p>\n<p>        11. Quelle sera la r\u00e9ponse de M.\u00a0Bouteflika\u00a0? Poursuivre et r\u00e9former la         Constitution sans discuter avec la \u00ab\u00a0d\u00e9l\u00e9gation\u00a0\u00bb\u00a0? C\u2019est le plus         probable. Mais il risque de se retrouver avec un candidat unique de         l\u2019opposition disposant d\u2019un large soutien politique \u00e0 l\u2019int\u00e9rieur et         d\u2019amiti\u00e9s \u00e0 l\u2019ext\u00e9rieur.<\/p>\n<p>        12. Que vont faire la France et l\u2019Europe\u00a0? M.\u00a0Nicolas Sarkozy a peu de         raisons de soutenir le pr\u00e9sident alg\u00e9rien qui s\u2019est fait le champion du         \u00ab\u00a0french-bashing\u00a0\u00bb (d\u00e9nigrement de la France). Il peut, au minimum, lui         compliquer la t\u00e2che sur la r\u00e9forme constitutionnelle pour monnayer au         prix fort son appui (au projet d\u2019Union m\u00e9diterran\u00e9enne, \u00e0 un nouvel         accord sur le gaz)\u00a0; il peut \u00e9galement soutenir un candidat choisi parmi         les cinq\u00a0: M.\u00a0Taleb ou M.\u00a0Hamrouche\u00a0?<\/p>\n<p>        13. Cet entretien marque un retour en force du FIS. Il utilise son         \u00ab\u00a0enfant terrible\u00a0\u00bb pour contrer habilement le pouvoir et revenir dans         le jeu. Marche-t-il sur les deux jambes (terrorisme et dialogue)\u00a0? Ou         exploite-t-il une r\u00e9volte qui se fait sans lui\u00a0? Dans ce dernier cas,         rien n\u2019assure que la <i>\u00ab\u00a0solution politique\u00a0\u00bb <\/i>fera rentrer le         fleuve dans son lit et interrompra les actions terroristes.<\/p>\n<p>        14. La presse alg\u00e9rienne du samedi 9 f\u00e9vrier 2008 ne fait pas \u00e9tat des         propos d\u2019Ali Belhadj.<\/p>\n<p>\u00a0<\/p>\n<p> <b>Jean-Pierre S\u00e9r\u00e9ni<\/b><\/p>\n<p> <b>\u00a0<\/b><\/p>\n<p>(<a href=\"http:\/\/www.monde-diplomatique.fr\/carnet\/2008-02-10-Algerie-le-retour-du-FIS#nh1\" title=\"Notes 1\" target=\"_blank\" rel=\"noopener\">1<\/a>)        <a href=\"http:\/\/www.lemonde.fr\/afrique\/article\/2008\/02\/08\/ali-benhadj-il-faut-trouver-d-urgence-une-solution-politique-en-algerie_1009021_3212.html\" target=\"_blank\" rel=\"noopener\">        \u00ab\u00a0Il faut trouver, d\u2019urgence, une solution politique en Alg\u00e9rie\u00a0\u00bb<\/a>,         propos recueillis par Florence Beaug\u00e9, <i>Le Monde,<\/i> 9\u00a0f\u00e9vrier 2008.<\/p>\n<p>\u00a0<\/p>\n<p> <b> <span lang=\"FR\">        (Source\u00a0: le site du \u00ab\u00a0Le Monde Diplomatique\u00a0\u00bb (Mensuel \u2013 France), le\u00a0         10 f\u00e9vrier 2008)<\/span><\/b><\/p>\n<p>\u00a0<\/p>\n<hr\/>\n<p> <\/strong> <strong> <\/strong><\/div>\n<p> <\/font><\/font><\/p>\n<p><\/span><\/font><\/p>\n<p><\/span><\/span><\/font><\/p>\n<p><\/span><\/font><strong> <\/strong><\/div>\n<p>\u00a0<\/p>\n<h6 align=\"center\" style=\"color: blue;\"><span lang=\"FR\"> <\/p>\n<h2 style=\"color: red;\"><font face=\"Arial\" size=\"3\">Alg\u00e9rie: le tourisme une     priorit\u00e9 nationale, selon le pr\u00e9sident Bouteflika<\/font><\/h2>\n<p><\/span><\/h6>\n<p>\u00a0<\/p>\n<p> <span lang=\"FR-CH\">AFP, le 11     f\u00e9vrier 2008 \u00e0 <\/span> <span dir=\"rtl\" lang=\"AR-SA\">12<\/span><span lang=\"FR\">h<\/span><span dir=\"rtl\" lang=\"AR-SA\">59<\/span><\/p>\n<p> <span lang=\"FR\">\u00a0<\/span><\/p>\n<p> <font size=\"2\"> <span lang=\"FR-CH\"> <\/p>\n<p> <span lang=\"FR\">ALGER, 11 f\u00e9v     2008 (AFP) &#8211; Le pr\u00e9sident alg\u00e9rien Abdelaziz Bouteflika a appel\u00e9 lundi \u00e0     faire du tourisme \u00ab\u00a0une priorit\u00e9 nationale\u00a0\u00bb en Alg\u00e9rie, dans un message     adress\u00e9 aux participants des<\/span><\/p>\n<p> <span lang=\"FR\">assises     nationales et internationales du tourisme ouverts \u00e0 Alger.<\/span><\/p>\n<p> <span lang=\"FR\">\u00a0<\/span><\/p>\n<p> <span lang=\"FR\">\u00ab\u00a0Le tourisme     doit \u00eatre une priorit\u00e9 nationale\u00a0\u00bb, a d\u00e9clar\u00e9 le pr\u00e9sident alg\u00e9rien dans ce     message. \u00ab\u00a0Il y a une attente des Alg\u00e9riens\u00a0\u00bb dans ce domaine.<\/span><\/p>\n<p> <span lang=\"FR\">\u00a0<\/span><\/p>\n<p> <span lang=\"FR\">\u00ab\u00a0Il est devenu     imp\u00e9ratif de pousser le d\u00e9veloppement du secteur touristique\u00a0\u00bb, a dit le     pr\u00e9sident Bouteflika, en relevant que l'\u00a0\u00bbAlg\u00e9rie exporte plus de touristes     qu&rsquo;elle n&rsquo;en re\u00e7oit\u00a0\u00bb.<\/span><\/p>\n<p> <span lang=\"FR\">\u00a0<\/span><\/p>\n<p> <span lang=\"FR\">Le chef de     l&rsquo;Etat alg\u00e9rien a affirm\u00e9 \u00ab\u00a0l&rsquo;engagement de l&rsquo;Etat en faveur du d\u00e9veloppement     du tourisme\u00a0\u00bb, notamment dans le domaine des investissements.<\/span><\/p>\n<p> <span lang=\"FR\">\u00a0<\/span><\/p>\n<p> <span lang=\"FR\">Les assises du     tourisme, qui rassemblent 1.200 op\u00e9rateurs nationaux et \u00e9trangers, selon les     organisateurs, doivent d\u00e9boucher sur une strat\u00e9gie nationale \u00e0 l&rsquo;horizon     2025 pour ce secteur, dont<\/span><\/p>\n<p> <span lang=\"FR\">le potentiel est     important, mais les r\u00e9sultats m\u00e9diocres.<\/span><\/p>\n<p> <span lang=\"FR\">\u00a0<\/span><\/p>\n<p> <span lang=\"FR\">Les responsables     souhaitent que le tourisme puisse \u00e0 terme faire contrepoids aux     hydrocarbures, quasi-unique sources de revenus ext\u00e9rieurs en devises \u00e0     l&rsquo;heure actuelle. Ils souhaitent d\u00e9velopper<\/span><\/p>\n<p> <span lang=\"FR\">les partenariats     avec l&rsquo;\u00e9tranger et cr\u00e9er des \u00ab\u00a0p\u00f4les d&rsquo;excellence\u00a0\u00bb touristique dans     diff\u00e9rentes r\u00e9gions, notamment\u00a0 au Sahara, o\u00f9 l&rsquo;Alg\u00e9rie b\u00e9n\u00e9ficie d&rsquo;un     avantage concurrentiel par rapport \u00e0 ses voisins.<\/span><\/p>\n<p> <\/span><\/font><font size=\"2\"> <span lang=\"FR-CH\"> <font> <\/p>\n<p>\u00a0<\/p>\n<p>\u00a0<\/p>\n<p><\/font><\/span><\/font><\/div>\n<p> <\/strong><\/font><\/span><\/font><\/p>\n<p> <\/span><\/font><\/div>\n<hr\/>\n<p align=\"center\">\u00a0<\/p>\n<p align=\"center\"><b><a href=\"https:\/\/tunisnews.net\/ar\/\"><span>Home<\/span><span lang=\"FR-CH\"> &#8211; Accueil <\/span><span>&#8211; <\/span><span dir=\"rtl\" lang=\"AR-SA\">\u0627\u0644\u0631\u0626\u064a\u0633\u064a\u0629<\/span><\/a><\/b><\/p>\n<p align=\"center\"><b><span dir=\"rtl\" lang=\"AR-SA\">\u00a0<\/span><\/b><\/p>\n<p><\/body><\/body><\/html><\/p>","protected":false},"excerpt":{"rendered":"<p>Home &#8211; Accueil &#8211; TUNISNEWS \u00a08\u00a0\u00e8me\u00a0ann\u00e9e, N\u00b0 \u00a02819 du 11.02.2008 \u00a0archives : www.tunisnews.net Une journaliste et d\u00e9fenseur de droits humains tunisienne\u00a0 laur\u00e9ate du Prix danois de la paix Danish Peace Award goes to Tunisian journalist and Human Rights defender. AP: Tunisie: neuf salafistes djihadistes condamn\u00e9s \u00e0 des peines de cinq \u00e0 quinze ans de prison [&hellip;]<\/p>\n","protected":false},"author":1,"featured_media":22040,"comment_status":"open","ping_status":"open","sticky":false,"template":"","format":"standard","meta":{"inline_featured_image":false,"site-sidebar-layout":"default","site-content-layout":"","ast-site-content-layout":"default","site-content-style":"default","site-sidebar-style":"default","ast-global-header-display":"","ast-banner-title-visibility":"","ast-main-header-display":"","ast-hfb-above-header-display":"","ast-hfb-below-header-display":"","ast-hfb-mobile-header-display":"","site-post-title":"","ast-breadcrumbs-content":"","ast-featured-img":"","footer-sml-layout":"","ast-disable-related-posts":"","theme-transparent-header-meta":"","adv-header-id-meta":"","stick-header-meta":"","header-above-stick-meta":"","header-main-stick-meta":"","header-below-stick-meta":"","astra-migrate-meta-layouts":"default","ast-page-background-enabled":"default","ast-page-background-meta":{"desktop":{"background-color":"","background-image":"","background-repeat":"repeat","background-position":"center center","background-size":"auto","background-attachment":"scroll","background-type":"","background-media":"","overlay-type":"","overlay-color":"","overlay-opacity":"","overlay-gradient":""},"tablet":{"background-color":"","background-image":"","background-repeat":"repeat","background-position":"center center","background-size":"auto","background-attachment":"scroll","background-type":"","background-media":"","overlay-type":"","overlay-color":"","overlay-opacity":"","overlay-gradient":""},"mobile":{"background-color":"","background-image":"","background-repeat":"repeat","background-position":"center center","background-size":"auto","background-attachment":"scroll","background-type":"","background-media":"","overlay-type":"","overlay-color":"","overlay-opacity":"","overlay-gradient":""}},"ast-content-background-meta":{"desktop":{"background-color":"var(--ast-global-color-5)","background-image":"","background-repeat":"repeat","background-position":"center center","background-size":"auto","background-attachment":"scroll","background-type":"","background-media":"","overlay-type":"","overlay-color":"","overlay-opacity":"","overlay-gradient":""},"tablet":{"background-color":"var(--ast-global-color-5)","background-image":"","background-repeat":"repeat","background-position":"center center","background-size":"auto","background-attachment":"scroll","background-type":"","background-media":"","overlay-type":"","overlay-color":"","overlay-opacity":"","overlay-gradient":""},"mobile":{"background-color":"var(--ast-global-color-5)","background-image":"","background-repeat":"repeat","background-position":"center center","background-size":"auto","background-attachment":"scroll","background-type":"","background-media":"","overlay-type":"","overlay-color":"","overlay-opacity":"","overlay-gradient":""}},"footnotes":""},"categories":[],"tags":[54,39,29],"class_list":["post-15383","post","type-post","status-publish","format-standard","has-post-thumbnail","hentry","tag-54","tag-39","tag-fr"],"_links":{"self":[{"href":"https:\/\/tunisnews.net\/ar\/wp-json\/wp\/v2\/posts\/15383","targetHints":{"allow":["GET"]}}],"collection":[{"href":"https:\/\/tunisnews.net\/ar\/wp-json\/wp\/v2\/posts"}],"about":[{"href":"https:\/\/tunisnews.net\/ar\/wp-json\/wp\/v2\/types\/post"}],"author":[{"embeddable":true,"href":"https:\/\/tunisnews.net\/ar\/wp-json\/wp\/v2\/users\/1"}],"replies":[{"embeddable":true,"href":"https:\/\/tunisnews.net\/ar\/wp-json\/wp\/v2\/comments?post=15383"}],"version-history":[{"count":0,"href":"https:\/\/tunisnews.net\/ar\/wp-json\/wp\/v2\/posts\/15383\/revisions"}],"wp:featuredmedia":[{"embeddable":true,"href":"https:\/\/tunisnews.net\/ar\/wp-json\/wp\/v2\/media\/22040"}],"wp:attachment":[{"href":"https:\/\/tunisnews.net\/ar\/wp-json\/wp\/v2\/media?parent=15383"}],"wp:term":[{"taxonomy":"category","embeddable":true,"href":"https:\/\/tunisnews.net\/ar\/wp-json\/wp\/v2\/categories?post=15383"},{"taxonomy":"post_tag","embeddable":true,"href":"https:\/\/tunisnews.net\/ar\/wp-json\/wp\/v2\/tags?post=15383"}],"curies":[{"name":"wp","href":"https:\/\/api.w.org\/{rel}","templated":true}]}}