{"id":15332,"date":"2010-05-28T00:00:00","date_gmt":"2010-05-28T00:00:00","guid":{"rendered":"https:\/\/tunisnews.net\/28-mai-2010\/"},"modified":"2010-05-28T00:00:00","modified_gmt":"2010-05-28T00:00:00","slug":"28-mai-2010","status":"publish","type":"post","link":"https:\/\/tunisnews.net\/ar\/28-mai-2010\/","title":{"rendered":"28 mai 2010"},"content":{"rendered":"<p><html><head><meta content=\"text\/html\" description=\"Un effort \n\t\t\t\t\t\t\t\t\t\t\t\t\t\t\t\t\tquotidien \n\t\t\t\t\t\t\t\t\t\t\t\t\t\t\t\t\tpour une \n\t\t\t\t\t\t\t\t\t\t\t\t\t\t\t\t\tinformation \n\t\t\t\t\t\t\t\t\t\t\t\t\t\t\t\t\tde qualit\u00e9 \n\t\t\t\t\t\t\t\t\t\t\t\t\t\t\t\t\tsur notre \n\t\t\t\t\t\t\t\t\t\t\t\t\t\t\t\t\tpays, la \n\t\t\t\t\t\t\t\t\t\t\t\t\t\t\t\t\tTunisie.\" http-equiv=\"Content-Type\"\/><\/head><body><body><\/p>\n<p align=\"center\" dir=\"rtl\"><font face=\"Arial\" size=\"2\"><b><a href=\"http:\/\/www.tunisnews.net\/\"><span>Home<\/span><span lang=\"FR-CH\"> &#8211; Accuei<\/span><\/a><span lang=\"FR-CH\">l<\/span><\/b><\/font><\/p>\n<div>\n<div onclick=\"return Control.invoke('ReadingPane', '_onBodyClick', event);\">\n<div>\n<div>\n<div onclick=\"return Control.invoke('ReadingPane', '_onBodyClick', event);\">\n<div><font face=\"Arial\" size=\"2\"><\/p>\n<div align=\"center\">\n<div align=\"justify\">\n<div>\n<div onclick=\"return Control.invoke('ReadingPane', '_onBodyClick', event);\">\n<div><meta content=\"Microsoft SafeHTML\"\/><\/p>\n<style>.ExternalClass .ecxhmmessage P{padding:0px;}.ExternalClass body.ecxhmmessage{font-size:10pt;font-family:Verdana;}<\/style>\n<div>\n<div align=\"center\" dir=\"ltr\"><font size=\"7\"><strong>TUNISNEWS <\/strong><\/font><\/div>\n<div align=\"center\" dir=\"ltr\">\n<div><strong><font>10\u00a0\u00e8me ann\u00e9e,<span lang=\"FR\">N\u00b0\u00a03657 du 28.05.2010<\/span><\/font><\/strong><\/div>\n<\/div>\n<div align=\"center\"><span><font><strong>\u00a0archives : <\/strong><\/font><a target=\"_blank\" rel=\"noopener\"><font><strong>www.tunisnews.net<\/strong><\/font><\/a><\/span><font><strong>\u00a0<\/strong><\/font><span lang=\"FR\"><strong><\/strong><font><span lang=\"FR-CH\"><\/span><\/font><\/span><\/div>\n<p><span><font><span lang=\"FR\"><\/p>\n<div><strong><font size=\"2\"><\/p>\n<hr\/>\n<p><\/font><\/strong><font><strong><\/p>\n<p><font>Libert\u00e9\u00a0 et Equit\u00e9: Arrestation de messieurs B\u00e9chir Ben Chaabane et Abderrezak Gharsalli <font>CPJ condemns police harassment of Tunisian journalist<\/font> AFP: Tunisie &#8211; Onze personnes condamn\u00e9es \u00e0 la prison pour terrorisme <font>lefigaro.fr: Une banque compatible avec la charia en Tunisie<\/font> Al Mawkif: : Pour Selim Ben Hassen, la jeunesse tunisienne commence \u00e0 vouloir d\u00e9fendre son droit \u00e0 participer \u00e0 la vie publique <font>Reuters: Mondial &#8211; Les Bleus en Tunisie sous un ciel gris<\/font> Reuters: Victoire pour les combattants \u00ab\u00a0indig\u00e8nes\u00a0\u00bb de la France <\/font><\/p>\n<p><font>Le Temps Suisse: Le Porte-parole du HCR \u00abLampedusa n\u2019est plus une terre d\u2019espoir pour les immigr\u00e9s\u00bb<\/font><\/strong><\/font><\/div>\n<div>\n<div>\n<div>\n<hr\/>\n<p align=\"center\">Libert\u00e9\u00a0 pour le Docteur Sadok Chourou, le prisonnier des deux d\u00e9cennies Libert\u00e9\u00a0 pour tous les prisonniers politiques <strong><font>Libert\u00e9\u00a0 et Equit\u00e9<\/font><\/strong> Organisation de droits humains ind\u00e9pendante 33 rue Mokhtar Atya, 1001, Tunis Tel\/fax : 71 340 860 Tunis, le 27 mai 2010 <strong><\/p>\n<h2 style=\"color: red;\"><font size=\"3\">Nouvelles des libert\u00e9s en Tunisie<\/font><\/h2>\n<p><\/strong><\/p>\n<p align=\"center\">\u00a0<\/p>\n<hr\/>\n<p>\u00a0<\/p>\n<div align=\"justify\"><strong>Arrestation de messieurs B\u00e9chir Ben Chaabane et Abderrezak Gharsalli<\/strong> Des agents de la police politique ont arr\u00eat\u00e9 jeudi 20 mai 2010 \u00e0\u00a0 Bizerte monsieur B\u00e9chir Ben Chaabane, puis vendredi 21 mai monsieur Abderrezak Gharsalli pour les conduire vers une destination inconnue. Leurs familles ignorent toujours le lieu et la raison de leur d\u00e9tention.  <strong>Le prisonnier d\u2019opinion Issam Bouzidi victime de mauvais traitements \u00e0 la prison de Mornaguia<\/strong> Issam Bouzidi, prisonnier d\u2019opinion actuellement incarc\u00e9r\u00e9 \u00e0 la Mornaguia est en butte aux mauvais traitements de l\u2019administration de la prison pr\u00e9cit\u00e9e. Elle en fait la cible de brimades r\u00e9currentes, dans une cellule bond\u00e9e de droits communs, dont beaucoup de fumeurs pour un local ne r\u00e9pondant pas aux conditions requises pour une inc\u00e9ration. Il est priv\u00e9 de douche pour la troisi\u00e8me semaine d\u2019affil\u00e9[\u2026]  Pour le bureau ex\u00e9cutif de l\u2019Organisation Le Pr\u00e9sident <strong><font>Ma\u00eetre Mohammed Nouri<\/font><\/strong> <font>\u00a0 (traduction d\u2019extraits ni revue ni corrig\u00e9e par les auteurs de la version en arabe, LT)<\/font><\/div>\n<div align=\"justify\">\n<hr\/>\n<\/div>\n<div align=\"justify\"><font> \u00a0<\/p>\n<div align=\"center\"><strong><font>Committee to Protect Journalists<\/font><\/strong> <font>330 7th Avenue, 11th Fl., New York, NY 10001 USA Phone: (212) 465\u20111004 Fax: (212) 465\u20119568 Web: <\/font><a target=\"_blank\" rel=\"noopener\"><font>www.cpj.org<\/font><\/a><font> E-Mail:<\/font><a target=\"_blank\" rel=\"noopener\"><font>info@cpj.org<\/font><\/a><font> \u00a0 Contact: Mohamed Abdel Dayem, program coordinator Phone: (212) 465-1004, x103; E-mail:<\/font><a target=\"_blank\" rel=\"noopener\"><font>m.abdel.dayem@cpj.org<\/font><\/a><font>\u00a0\u00a0 Arabic version will be available in 24 hours on <\/font><a target=\"_blank\" rel=\"noopener\"><font>http:\/\/cpj.org\/ar\/<\/font><\/a> <font>\u00a0<\/font><a target=\"_blank\" rel=\"noopener\"><font>http:\/\/cpj.org\/ar\/<\/font><\/a><font>\u00a0\u00a0\u00a0 \u0627\u0644\u0646\u0633\u062e\u0629 \u0627\u0644\u0639\u0631\u0628\u064a\u0629 \u0645\u0646 \u0647\u0630\u0627 \u0627\u0644\u0628\u064a\u0627\u0646 \u0645\u062a\u0627\u062d\u0629 \u0628\u0639\u062f 24 \u0633\u0627\u0639\u0629 \u0639\u0644\u0649<\/font> <strong><\/p>\n<h2 style=\"color: red;\"><font size=\"3\">CPJ condemns police harassment of Tunisian journalist<\/font><\/h2>\n<p><\/strong><\/div>\n<div align=\"center\">\n<hr\/>\n<\/div>\n<div align=\"justify\"> <font>New York, May 28, 2010\u2014The Committee to Protect Journalists is outraged that Tunisian police verbally abused and threatened journalist Taoufik Ben Brik, a well-known contributor to French newspapers and one of the country\u2019s top critics of President Zine El Abidine Ben Ali. CPJ calls on the Tunisian authorities to end the campaign of intimidation and harassment against the journalist. Ben Brik wrote on French news Web site Rue89 that a group of policemen stopped him outside of his home on Wednesday morning as he was leaving for a doctor\u2019s appointment. He was subjected to verbal abuse and threats. \u201cWhere do you think you are going?\u201d one of the police officers asked. \u201cYou have nowhere to hide; the day will come when we will kill you.\u201d The journalist returned home, missing his appointment. \u201cWe condemn the threats made against Taoufik Ben Brik,\u201d said Joel Simon, CPJ&rsquo;s executive director. \u201cHis persecution has been relentless and is part of a larger pattern of harassment of independent journalists in Tunisia that must end.\u201d Ben Brik was released from prison in April after serving a six-month sentence on trumped-up charges of assault, property damage, defamation, and violating public morality.<\/font> \u00a0<\/div>\n<p><\/font><\/div>\n<div align=\"justify\">\n<hr\/>\n<\/div>\n<\/div>\n<\/div>\n<\/div>\n<p><\/span><\/font><\/span><\/div>\n<div>\n<div align=\"center\">\n<h2 style=\"color: red;\"><font face=\"Arial\" size=\"3\"><strong>Tunisie &#8211; Onze personnes condamn\u00e9es \u00e0 la prison pour terrorisme<\/strong><\/font><\/h2>\n<\/div>\n<div align=\"center\">\n<hr\/>\n<\/div>\n<div>AFP, le 27 mai 2010 \u00e0 17h32  TUNIS, 27 mai (Reuters) &#8211; Le tribunal de premi\u00e8re instance de Tunis a condamn\u00e9 \u00e0 des peines de quatre \u00e0 12 ans de prison onze hommes pour financement d&rsquo;une cellule terroriste et recrutement de nouveaux membres, a annonc\u00e9 jeudi l&rsquo;avocat de la d\u00e9fense, Me Samir ben Amor.  Deux accus\u00e9s &#8211; dont Bilel Beldi, qui s&rsquo;est r\u00e9fugi\u00e9 en France o\u00f9, selon l&rsquo;avocat, il a demand\u00e9 l&rsquo;asile politique &#8211; ont \u00e9cop\u00e9 de 12 ans de r\u00e9clusion criminelle. Un autre a \u00e9t\u00e9 condamn\u00e9 \u00e0 cinq ans et le reste \u00e0 quatre ans. Le groupe avait \u00e9t\u00e9 arr\u00eat\u00e9 en 2009.  \u00a0\u00a0\u00a0 Selon Me Ben Amor, le parquet n&rsquo;a pas pr\u00e9cis\u00e9 \u00e0 quelle organisation les accus\u00e9s \u00e9taient cens\u00e9s appartenir.  \u00a0\u00a0\u00a0 Le gouvernement tunisien, attach\u00e9 \u00e0 la la\u00efcit\u00e9, est consid\u00e9r\u00e9 comme un alli\u00e9 loyal des Occidentaux dans la lutte contre l&rsquo;int\u00e9grisme musulman. D&rsquo;apr\u00e8s des avocats, environ 2.000 personnes ont \u00e9t\u00e9 arr\u00eat\u00e9es dans ce pays depuis 2003 pour terrorisme.<\/div>\n<div>\n<hr\/>\n<\/div>\n<div align=\"center\"><strong><\/p>\n<h2 style=\"color: red;\"><font size=\"3\">Une banque compatible avec la charia en Tunisie<\/font><\/h2>\n<p><\/strong><\/div>\n<div align=\"center\">\n<hr\/>\n<\/div>\n<div align=\"justify\"> La banque Zitouna est la premi\u00e8re du pays \u00e0 r\u00e9pondre aux exigences de la finance islamique, qui impose ses contraintes : elle interdit l\u2019int\u00e9r\u00eat et la sp\u00e9culation, et implique une responsabilit\u00e9 sociale. Agr\u00e9\u00e9e en 2009, la banque Zitouna, derni\u00e8re-n\u00e9e du syst\u00e8me bancaire tunisien, a ouvert ses premiers guichets ce vendredi. Ce nouvel \u00e9tablissement dirig\u00e9 par Abou Hafs Amor Najaii poss\u00e8de une particularit\u00e9 : il est sp\u00e9cialis\u00e9 dans la finance islamique. C\u2019est une premi\u00e8re en Tunisie o\u00f9 aucune des 21 banques de d\u00e9tail n\u2019a encore choisi cette approche. \u00abDans un contexte de crise, la finance islamique a \u00e9t\u00e9 identifi\u00e9e comme une alternative cr\u00e9dible et s\u00fbre, explique Hichem Ben \u00adFadhl, secr\u00e9taire g\u00e9n\u00e9ral de la banque. Des personnes recherchent des produits financiers conformes \u00e0 leurs principes. Or il n\u2019existe pas encore d\u2019offres de ce type en Tunisie.\u00bb  La finance islamique impose en effet ses contraintes. Elle interdit l\u2019int\u00e9r\u00eat, la sp\u00e9culation et implique une responsabilit\u00e9 sociale de l\u2019investissement, l\u2019incertitude est proscrite, les contrats sont stables dans le temps. Les profits d\u2019une op\u00e9ration donn\u00e9e sont partag\u00e9s entre la banque et son client. Par ailleurs, les placements dans les jeux de hasard, le commerce des armes, le tabac, l\u2019alcool sont prohib\u00e9s. Actuellement, une seule des 10 banques \u00aboffshore\u00bb install\u00e9es dans le pays est ouverte \u00e0 la finance islamique dont le volume d\u2019affaires atteindrait 700 milliards de dollars dans le monde, selon les estimations commun\u00e9ment admises. Le potentiel suppl\u00e9mentaire est \u00e9valu\u00e9 par \u00adMcKinsey \u00e0 mille autres milliards.  <strong>Faible bancarisation\u00a0  <\/strong>L\u2019une des ambitions de la banque Zitouna, dont Mahfoudh El Barouni pr\u00e9side le conseil d\u2019administration, est de proposer dans un avenir proche aux investisseurs internationaux un produit compatible avec la charia et participant au financement de l\u2019\u00e9conomie tunisienne. La banque tient ses objectifs secrets. Le faible taux de bancarisation en Tunisie (50 %) lui offre des perspectives de d\u00e9veloppement int\u00e9ressantes. \u00abD\u2019ici \u00e0 la fin de l\u2019ann\u00e9e, la banque Zitouna disposera d\u2019une vingtaine d\u2019agences, poursuit Hichem Ben Fadhl, dans les cinq ans nous aurons une centaine de points de vente dans l\u2019ensemble du pays.\u00bb  Cet \u00e9tablissement dispose d\u2019un capital social de 35 millions de dinars (19 millions d\u2019euros) qui devrait atteindre 100 millions (54 millions d\u2019euros) l\u2019ann\u00e9e prochaine. Le tour de table a \u00e9t\u00e9 r\u00e9alis\u00e9 par sept groupes tunisiens r\u00e9unis autour de Princesse Holding. Ce dernier, d\u00e9tenteur de 51 % des parts, a \u00e9t\u00e9 cr\u00e9\u00e9 par Mohamed Sakher El Materi, fondateur de la banque.  <strong><font>Gautier, Charles (Source: lefigaro.fr le 28\/05\/10 20:02)<\/font><\/strong><\/div>\n<div>\n<hr\/>\n<\/div>\n<div>\n<div align=\"center\"><font face=\"Arial\" size=\"2\"><strong>\u00a0<\/strong><font><font><strong>Al Mawkif:<\/strong><\/font><\/font><\/font><\/div>\n<div align=\"center\"><font face=\"Arial\" size=\"2\"><strong><\/p>\n<p><font size=\"3\">Pour Selim Ben Hassen, la jeunesse tunisienne commence \u00e0 vouloir d\u00e9fendre son droit \u00e0 participer \u00e0 la vie publique<\/font><\/p>\n<p><\/strong><\/font><\/div>\n<div align=\"center\"><font face=\"Arial\" size=\"2\">(Version fran\u00e7aise).<\/font><\/div>\n<div align=\"center\">\n<hr\/>\n<\/div>\n<div>\u00a0<\/div>\n<div><font face=\"Arial\" size=\"2\">Pour Selim Ben Hassen, qui a fond\u00e9 le mouvement Byrsa, la jeunesse tunisienne commence \u00e0 vouloir d\u00e9fendre son droit \u00e0 participer \u00e0 la vie publique. Dans cet entretien, Selim Ben Hassen revient sur son mouvement qu&rsquo;il pr\u00e9sente comme une force citoyenne alliant r\u00e9flexion et action. Ci-apr\u00e8s l&rsquo;entretien dans sa version int\u00e9grale, men\u00e9 par le journaliste Ismail Dbara.<\/font><\/div>\n<p><font face=\"Arial\" size=\"2\"><\/p>\n<div> <strong>Al Mawkif: Comment pourriez-vous pr\u00e9senter Byrsa ?<\/strong><\/div>\n<div>\u00a0<\/div>\n<div><strong>Selim Ben Hassen:<\/strong> Byrsa est un groupe de r\u00e9flexion et d\u2019action qui rassemble de jeunes citoyens tunisiens qui viennent des quatre coins du pays, qui sont issus de tous les milieux, qui ont des parcours personnels tr\u00e8s diff\u00e9rents, mais qui partagent les m\u00eames valeurs simples: l\u2019amour de leur patrie, la conscience de ce qu\u2019ils lui doivent et la volont\u00e9 de la servir dans une situation o\u00f9 son avenir semble plus que jamais en p\u00e9ril.<\/div>\n<div> <strong>Al Mawkif: Quelle diff\u00e9rence avec un groupe de r\u00e9flexion?<\/strong><\/div>\n<div>\u00a0<\/div>\n<div><strong>Selim Ben Hassen:<\/strong> La r\u00e9flexion est \u00e0 la base de la politique. C\u2019est elle qui permet de d\u00e9terminer la vision qu\u2019on a pour son pays et pour son peuple. On ne peut pas pr\u00e9tendre toucher les citoyens si on n\u2019a pas une vision r\u00e9fl\u00e9chie des enjeux politiques, \u00e9conomiques, sociaux et culturels qui nous concernent et une r\u00e9ponse cr\u00e9dible \u00e0 apporter. Pour autant, la r\u00e9flexion n\u2019existe que pour prendre forme et se mat\u00e9rialiser \u00e0 travers l\u2019action. C\u2019est pour cette raison que Byrsa ne se d\u00e9finit pas comme un groupe de penseurs mais comme un mouvement qui allie \u00e0 la fois la r\u00e9flexion et l\u2019action de terrain, la premi\u00e8re n\u2019existant que pour donner vie \u00e0 la seconde.<\/div>\n<div>\u00a0<\/div>\n<div> <strong>Al Mawkif: Qu&rsquo;est ce qui vous a amen\u00e9s \u00e0 vous int\u00e9resser au champ public ?<\/strong><\/div>\n<div>\u00a0<\/div>\n<div><strong>Selim Ben Hassen:<\/strong> Chacun a \u00e9videmment des raisons plus ou moins personnelles, mais nous pensons avant tout que nous avons en tant que citoyens un devoir vis-\u00e0-vis de notre pays, et plus que jamais en ce moment. On voit la mani\u00e8re dont les choses se passent en Tunisie aujourd&rsquo;hui: on veut faire croire aux Tunisiens qu&rsquo;ils vivent dans une d\u00e9mocratie quand les \u00e9lections sont remport\u00e9es \u00e0 plus de 90%, on veut leur faire croire que la libert\u00e9 d&rsquo;expression existe quand la presse est musel\u00e9e, internet censur\u00e9 et des manifestations culturelles annul\u00e9es, on fait tout pour que les Tunisiens ne s&rsquo;int\u00e9ressent pas \u00e0 ce qui se passe dans leur propre pays parce qu&rsquo;on consid\u00e8re que \u00e7a ne les regarde pas et qu&rsquo;ils n&rsquo;ont pas leur mot \u00e0 dire. Je rappelle qu&rsquo;il y a cinquante ans, des Tunisiens ont vers\u00e9 leur sang et donn\u00e9 leurs vies pour que ce pays soit ind\u00e9pendant et pour que son peuple soit libre et souverain. Nous n&rsquo;avons pas mis le colonisateur dehors en 1956 pour nous faire asservir de l&rsquo;int\u00e9rieur aujourd&rsquo;hui.<\/div>\n<div> <strong>Al Mawkif: Vous \u00eates peut-\u00eatre actifs \u00e0 votre niveau, mais les jeunes Tunisiens se d\u00e9sint\u00e9ressent de la politique dans leur ensemble&#8230;<\/strong><\/div>\n<div>\u00a0<\/div>\n<div>Selim Ben Hassen: Je ne suis pas d&rsquo;accord. Il suffit d\u2019aller sur Facebook ou sur d&rsquo;autres m\u00e9dias sociaux pour voir que de plus en plus de jeunes se mobilisent pour d\u00e9fendre leur droit \u00e0 participer \u00e0 la vie publique. Mais je vous accorde que ce n&rsquo;est pas le cas de la majorit\u00e9 de nos concitoyens.<\/div>\n<div>\u00a0<\/div>\n<div>Au del\u00e0 de l&rsquo;entreprise de d\u00e9politisation qui a \u00e9t\u00e9 men\u00e9e depuis vingt ans, et au del\u00e0 m\u00eame de la peur, je pense que c\u2019est la r\u00e9signation qui conduit les jeunes \u00e0 baisser les bras et \u00e0 ne pas s&rsquo;int\u00e9resser \u00e0 la chose publique. C&rsquo;est pour \u00e7a que c&rsquo;est un message fort qu&rsquo;il faut leur adresser : celui qu&rsquo;une autre Tunisie est possible, et qu&rsquo;il ne tient qu&rsquo;\u00e0 eux qu&rsquo;elle existe.<\/div>\n<div><strong> Al Mawkif: Si les jeunes ne sont pas responsables, qui est responsable de la situation du pays aujourd&rsquo;hui?<\/strong><\/div>\n<div>\u00a0<\/div>\n<div><strong>Selim Ben Hassen:<\/strong> En r\u00e9alit\u00e9, la responsabilit\u00e9 est largement partag\u00e9e par tous les acteurs. Il y a des principes simples qui d\u00e9finissent la politique et qui ne semblent toujours pas \u00eatre compris chez nous. Le premier de ces principes est que le r\u00f4le du gouvernement est de se mettre au service du peuple, ce qui n&rsquo;est manifestement pas le cas aujourd&rsquo;hui. Aujourd&rsquo;hui nous sommes en pr\u00e9sence d&rsquo;un pouvoir dont le seul but est de se maintenir et qui veut nous faire croire qu&rsquo;il nous rend service en nous construisant des autoroutes et des \u00e9coles alors que c&rsquo;est avec l&rsquo;argent public, notre argent, qu&rsquo;il le fait. Le deuxi\u00e8me principe simple est que le r\u00f4le d\u2019un parti d\u2019opposition est de tenter de prendre le pouvoir, pas de commenter les actes du r\u00e9gime en place ni de faire le travail d&rsquo;une organisation de d\u00e9fense des droits de l&rsquo;homme. Mais le citoyen a bien s\u00fbr aussi une responsabilit\u00e9 dans ce qui se passe. En d\u00e9tournant les yeux, en faisant semblant de ne rien voir, de ne rien entendre, il commet une faute dont il pourrait \u00eatre tenu responsable dans le futur. Je vois aujourd&rsquo;hui beaucoup de Tunisiens qui parlent sans cesse de la Palestine et jamais de la Tunisie. C&rsquo;est assez curieux de constater que plus la menace est lointaine, et plus on est vaillant et prompt \u00e0 d\u00e9noncer. Pour faire court, j&rsquo;incite ces gens l\u00e0 soit \u00e0 se pr\u00e9occuper des affaires de leur pays en priorit\u00e9, soit, s&rsquo;ils consid\u00e8rent que la cause palestinienne est plus importante que la cause nationale, d&rsquo;aller au bout de leur d\u00e9marche et de se rendre en Palestine pour d\u00e9fendre leurs principes et afficher de mani\u00e8re concr\u00e8te leur solidarit\u00e9 avec le peuple palestinien.<\/div>\n<div>\u00a0<\/div>\n<div> <strong>Al Mawkif: Que pouvez-vous dire aux Tunisiens?<\/strong><\/div>\n<div>\u00a0<\/div>\n<div><strong>Selim Ben Hassen:<\/strong> Je veux leur dire que le coupable n&rsquo;est pas l&rsquo;oppresseur mais celui qui accepte d&rsquo;\u00eatre opprim\u00e9. Que nous sommes un peuple fier et digne et que le comportement des derni\u00e8res ann\u00e9es face \u00e0 l&rsquo;oppression nous d\u00e9shonore et d\u00e9shonore la m\u00e9moire de tous ceux qui ont combattu avant nous pour le pays, pour arracher le droit pour eux et pour leurs petits enfants de marcher la t\u00eate haute. Je veux leur rappeler que c\u2019est au peuple et seulement \u00e0 lui de prendre son destin en main. Qu&rsquo;il est inutile d&rsquo;attendre qu&rsquo;un homme providentiel vienne les sauver de cette d\u00e9b\u00e2cle, que c&rsquo;est un mythe et qu&rsquo;il n\u2019y a rien de pire qu\u2019un peuple qui a attendu qu\u2019on le sauve et qui ne s\u2019est pas sauv\u00e9 lui m\u00eame. Mais ce que je peux dire aussi avec force, c&rsquo;est qu\u2019une autre Tunisie est possible et qu&rsquo;elle est \u00e0 port\u00e9e de main, que cette Tunisie ne se construit pas avec des soupirs d&rsquo;exasp\u00e9ration ou avec des complaintes, mais avec des actes concrets. Elle se construit quand chaque citoyen prend conscience qu&rsquo;il doit s&rsquo;investir dans la lutte, et y consacrer de son temps et de son argent. Quand cela sera compris, l&rsquo;horizon sera plus clair, parce que malgr\u00e9 tout ce qu&rsquo;on dit, aucune force ne peut r\u00e9sister \u00e0 un peuple d\u00e9termin\u00e9 \u00e0 reconqu\u00e9rir sa souverainet\u00e9.<\/div>\n<p><\/font><\/div>\n<div>\n<hr\/>\n<\/div>\n<div align=\"center\"><strong><\/p>\n<h2 style=\"color: red;\"><font size=\"3\">Mondial &#8211; Les Bleus en Tunisie sous un ciel gris<\/font><\/h2>\n<p><\/strong><\/div>\n<div align=\"center\">\n<hr\/>\n<\/div>\n<div align=\"justify\"> Reuters, le 28 mai 2010 \u00e0 21h02 SOUSSE, Tunisie (Reuters) &#8211; L&rsquo;\u00e9quipe de France est arriv\u00e9e jeudi en Tunisie pour la deuxi\u00e8me phase de sa pr\u00e9paration \u00e0 la Coupe du monde de football. Apr\u00e8s le soleil estival de Tignes et la douceur de l&rsquo;altitude dans les Alpes, les Bleus, accompagn\u00e9s de femmes et enfants, ont atterri sous les nuages, par une chaleur humide, avant de s&rsquo;installer dans leur h\u00f4tel de luxe au bord de la M\u00e9diterran\u00e9e, pr\u00e8s de Sousse. Clients et personnel de l&rsquo;h\u00f4tel les attendaient \u00e0 l&rsquo;entr\u00e9e de l&rsquo;Imperial Marhaba, o\u00f9 il r\u00e9sideront jusqu&rsquo;\u00e0 leur d\u00e9part, lundi, pour la R\u00e9union. Au lendemain de leur victoire 2-1 contre le Costa Rica pour leur premier match amical de pr\u00e9paration au Mondial, ils ont effectu\u00e9 un d\u00e9crassage jeudi matin au centre d&rsquo;entra\u00eenement du RC Lens avant de prendre l&rsquo;avion en fin d&rsquo;apr\u00e8s-midi. Ils affronteront la Tunisie dimanche au stade Rad\u00e8s, pr\u00e8s de Tunis, et prendront ensuite la direction de la R\u00e9union, derni\u00e8re escale avant l&rsquo;Afrique du Sud. La France entrera en lice au Mondial le 11 juin contre l&rsquo;Uruguay, dans le groupe A. REUTERS <\/p>\n<hr\/>\n<\/div>\n<div align=\"justify\">\n<div align=\"center\"><strong><\/p>\n<h2 style=\"color: red;\"><font size=\"3\">Victoire pour les combattants \u00ab\u00a0indig\u00e8nes\u00a0\u00bb de la France<\/font><\/h2>\n<p><\/strong><\/div>\n<div align=\"center\">\n<hr\/>\n<\/div>\n<div align=\"justify\">Reuters, le 28 mai 2010 \u00e0 13h58  \u00a0\u00a0 * Egalit\u00e9 pour les anciens combattants de l&rsquo;arm\u00e9e fran\u00e7aise \u00a0\u00a0\u00a0 * Victoire pour les citoyens des ex-colonies fran\u00e7aises \u00a0\u00a0\u00a0 * Premier r\u00e9sultat juridique d&rsquo;une r\u00e9forme constitutionnelle \u00a0\u00a0\u00a0  \u00a0\u00a0\u00a0 par Thierry L\u00e9v\u00eaque  \u00a0\u00a0\u00a0 PARIS, 28 mai (Reuters) &#8211; Les anciens combattants de l&rsquo;arm\u00e9e fran\u00e7aise originaires des ex-colonies de la France doivent recevoir les m\u00eames pensions d&rsquo;invalidit\u00e9 ou de retraite que ses ressortissants, a d\u00e9cr\u00e9t\u00e9 le Conseil constitutionnel.  Saisi pour la premi\u00e8re fois par de simples citoyens, des Alg\u00e9riens, gr\u00e2ce \u00e0 la r\u00e9forme constitutionnelle de 2008, les \u00ab\u00a0sages\u00a0\u00bb contraignent le gouvernement \u00e0 proc\u00e9der \u00e0 cette r\u00e9forme au plus tard en janvier 2011 selon la d\u00e9cision publi\u00e9e vendredi, qui tranche un litige remontant \u00e0 l&rsquo;ind\u00e9pendance des colonies. Le Conseil constitutionnel s&rsquo;appuie dans sa d\u00e9cision sur la D\u00e9claration des droits de l&rsquo;homme de 1789, qui dit : \u00ab\u00a0La loi doit \u00eatre la m\u00eame pour tous, soit qu&rsquo;elle prot\u00e8ge, soit qu&rsquo;elle punisse\u00a0\u00bb. Actuellement, les anciens combattants africains peuvent toucher dix \u00e0 quinze fois moins que les Fran\u00e7ais. Il ne conteste pas totalement que les ressortissants de diff\u00e9rents pays ne per\u00e7oivent pas tous le m\u00eame montant, en raison des divergences de pouvoir d&rsquo;achat, mais juge ill\u00e9gale une discrimination fond\u00e9e sur la seule nationalit\u00e9. En effet, souligne-t-il, un Fran\u00e7ais r\u00e9sidant en Alg\u00e9rie est par exemple privil\u00e9gi\u00e9 par rapport aux Alg\u00e9riens. La d\u00e9cision du Conseil entrera en vigueur au 1er janvier 2011, et le gouvernement devra donc d&rsquo;ici l\u00e0 r\u00e9former le syst\u00e8me. Des dizaines de milliers de personnes sont concern\u00e9es. Le dossier est compliqu\u00e9, puisque le gouvernement a le choix entre instaurer une \u00e9galit\u00e9 totale, ou un traitement diff\u00e9renci\u00e9 par pays de r\u00e9sidence et non plus par nationalit\u00e9. LE FILM \u00ab\u00a0INDIG\u00c8NES\u00a0\u00bb Les ressortissants des anciennes colonies fran\u00e7aises ont \u00e9t\u00e9 int\u00e9gr\u00e9s en nombre dans les troupes qui ont combattu pour la France durant les deux guerres mondiales mais aussi dans les corps exp\u00e9ditionnaires envoy\u00e9s dans certains conflits coloniaux, comme celui d&rsquo;Indochine, de 1945 \u00e0 1954. Leurs pensions avaient \u00e9t\u00e9 gel\u00e9es en 1958 et 1959 et elles \u00e9taient donc souvent symboliques dans les ann\u00e9es 2000. En 1981, sous Fran\u00e7ois Mitterrand, le syst\u00e8me avait \u00e9t\u00e9 rendu moins injuste avec une premi\u00e8re augmentation. Puis, sur initiative du gouvernement de gauche de Lionel Jospin et de celui de droite de Jean-Pierre Raffarin, une deuxi\u00e8me r\u00e9forme avait augment\u00e9 les pensions des \u00e9trangers, maintenant cependant une in\u00e9galit\u00e9 avec celles des Fran\u00e7ais. Une troisi\u00e8me r\u00e9forme avait \u00e9t\u00e9 men\u00e9e sous la pr\u00e9sidence de Jacques Chirac en 2006, mais elle maintenait toujours une in\u00e9galit\u00e9 entre Alg\u00e9riens, ressortissants d&rsquo;autres anciennes colonies et Fran\u00e7ais, souligne le Conseil. Cette r\u00e9forme est donc jug\u00e9e inconstitutionnelle par une formation des \u00ab\u00a0Sages\u00a0\u00bb o\u00f9 si\u00e9geait comme membre de droit Jacques Chirac lui-m\u00eame, en qualit\u00e9 d&rsquo;ancien pr\u00e9sident. Ce dossier \u00e9tait revenu \u00e0 la surface en raison de la sortie en France en 2006 du film \u00ab\u00a0Indig\u00e8nes\u00a0\u00bb, o\u00f9 \u00e9tait abord\u00e9 le r\u00f4le des soldats maghr\u00e9bins engag\u00e9s dans l&rsquo;arm\u00e9e fran\u00e7aise durant la Seconde Guerre mondiale, qui avait \u00e9t\u00e9 occult\u00e9 jusque l\u00e0. L&rsquo;impact financier de la d\u00e9cision que devra prendre le gouvernement fran\u00e7ais est incertain, dans la mesure o\u00f9 la population concern\u00e9e n&rsquo;est pas connue avec pr\u00e9cision et parce qu&rsquo;on ignore si sera instaur\u00e9e une \u00e9galit\u00e9 totale ou relative. Cependant, il devrait \u00eatre relativement faible, du fait de l&rsquo;anciennet\u00e9 des conflits concern\u00e9s, dont il subsiste peu de v\u00e9t\u00e9rans. Les proc\u00e9dures judiciaires en cours sur ce probl\u00e8me seront suspendues jusqu&rsquo;en 2011, dit aussi le Conseil. La d\u00e9cision est le premier r\u00e9sultat de la \u00ab\u00a0question prioritaire de constitutionnalit\u00e9\u00a0\u00bb entr\u00e9e en vigueur en mars dernier, qui permet au simple citoyen de contester la conformit\u00e9 d&rsquo;une loi avec la Constitution. C&rsquo;est la premi\u00e8re fois qu&rsquo;une loi d\u00e9j\u00e0 en vigueur est annul\u00e9e, les \u00ab\u00a0sages\u00a0\u00bb censurant jusqu&rsquo;\u00e0 pr\u00e9sent des projets.<\/div>\n<\/div>\n<div align=\"justify\">\n<hr\/>\n<\/div>\n<div align=\"center\"><strong><\/p>\n<h2 style=\"color: red;\"><font size=\"3\">\u00abLampedusa n\u2019est plus une terre d\u2019espoir pour les immigr\u00e9s\u00bb<\/font><\/h2>\n<p><\/strong> <\/div>\n<div align=\"center\">\n<hr\/>\n<\/div>\n<div align=\"justify\"> <strong>La porte-parole du Haut-Commissariat pour les r\u00e9fugi\u00e9s en Italie, qui vient de publier un livre, ignore ce que sont devenus les clandestins en Libye<\/strong> <strong><font>Propos recueillis \u00e0 Rome par Eric Jozsef<\/font><\/strong> Porte-parole du Haut-Commissariat des Nations unies pour les r\u00e9fugi\u00e9s (HCR) en Italie, Laura Boldrini vient de publier un livre (*) dans lequel elle \u00e9voque en particulier les effets des r\u00e9cents accords entre Rome et Tripoli, qui bloquent les tentatives de d\u00e9part des immigr\u00e9s africains concentr\u00e9s en Libye vers les c\u00f4tes m\u00e9ridionales de l\u2019Europe. Elle s\u2019alarme des cons\u00e9quences de cette politique pour l\u2019accueil des r\u00e9fugi\u00e9s.   <strong>Le Temps: Quelle est la situation aujourd\u2019hui dans le canal de Sicile et sur l\u2019\u00eele de Lampedusa?<\/strong> Laura Boldrini: Il n\u2019y a plus personne. Le centre d\u2019accueil des immigr\u00e9s est vide, apr\u00e8s avoir abrit\u00e9 des milliers de personnes au cours des derni\u00e8res ann\u00e9es. Lampedusa ne repr\u00e9sente plus cette terre de l\u2019espoir pour d\u2019innombrables \u00e9trangers qui baisaient le sol \u00e0 leur arriv\u00e9e. C\u2019est une bonne chose de savoir que ces gens ne meurent plus en mer et qu\u2019ils ne risquent plus leur vie au cours de travers\u00e9es tr\u00e8s dangereuses. Le probl\u00e8me c\u2019est que nous ne savons pas ce qu\u2019ils sont devenus. Sont-ils dans des centres de r\u00e9tention en Libye, contraints d\u2019emprunter des routes plus difficiles et plus p\u00e9rilleuses? En r\u00e9alit\u00e9, la grande victoire contre l\u2019immigration clandestine brandie par certains [ndlr: le gouvernement Berlusconi] rend tout simplement plus difficiles les demandes de droit d\u2019asile. La plupart des immigr\u00e9s ill\u00e9gaux n\u2019arrivent pas par la mer, mais entrent avec un visa provisoire puis restent sur place. Ce qui n\u2019est pas le cas pour les r\u00e9fugi\u00e9s. En 2008, il y a eu ainsi 31 000 demandes d\u2019asile d\u00e9pos\u00e9es en Italie. Dans plus de 75% des dossiers, il s\u2019agissait de personnes arriv\u00e9es par la mer et, dans un cas sur deux, le statut de r\u00e9fugi\u00e9 leur \u00e9tait reconnu. En 2009, \u00e0 la suite des accords entre la Libye et l\u2019Italie, les demandes ont quasiment diminu\u00e9 de moiti\u00e9 pour tomber \u00e0 17 000. C\u2019est une tendance inverse de ce que l\u2019on observe en France ou en Allemagne, o\u00f9 les demandes d\u2019asile augmentent malgr\u00e9 une politique de fermet\u00e9 contre l\u2019immigration clandestine. La politique italienne du refoulement a eu comme cons\u00e9quence la chute des demandes d\u2019asile. Nous sommes tr\u00e8s pr\u00e9occup\u00e9s.  <strong>\u2013 Quel est le sort r\u00e9serv\u00e9 aux immigr\u00e9s bloqu\u00e9s en Libye?<\/strong>  \u2013 Nous n\u2019avons pas une id\u00e9e pr\u00e9cise de la situation. Dans un premier temps, nous avons eu connaissance de refoulements d\u2019immigr\u00e9s qui avaient pris la mer et qui, une fois intercept\u00e9s, ont \u00e9t\u00e9 remis sur des navires libyens. Mais, aujour\u00add\u2019hui, nous n\u2019arrivons m\u00eame pas \u00e0 savoir s\u2019ils sont bloqu\u00e9s avant m\u00eame d\u2019embarquer. Contrairement \u00e0 ce que disent certains dirigeants italiens, qui assurent que les r\u00e9fugi\u00e9s peuvent faire sur place une demande d\u2019asile, en Libye, le HCR n\u2019est pas reconnu officiellement. Tripoli n\u2019a pas sign\u00e9 la convention des Nations unies sur les r\u00e9fugi\u00e9s. La position officielle du gouvernement libyen, c\u2019est qu\u2019il n\u2019y a pas de r\u00e9fugi\u00e9s sur place, mais uniquement des immigr\u00e9s \u00e9conomiques. Les fonctionnaires du HCR ont du mal \u00e0 obtenir des visas et, sur place, ils n\u2019ont pas acc\u00e8s \u00e0 tous les requ\u00e9rants d\u2019asile. Nous ne savons pas quel est le nombre de centres de r\u00e9tention et combien de personnes y sont retenues. Certains immigr\u00e9s sont d\u00e9plac\u00e9s d\u2019une prison \u00e0 l\u2019autre sans que nous puissions savoir ce qu\u2019ils deviennent. Nous avons recueilli le t\u00e9moignage de personnes qui y auraient subi des violences et des agressions et qui ont v\u00e9cu dans des conditions terribles.   <strong>\u2013 La Libye a-t-elle, \u00e0 son tour, refoul\u00e9 les immigr\u00e9s vers le sud<\/strong>? \u2013 C\u2019est l\u2019une de nos grandes craintes qui se fonde sur certaines enqu\u00eates journalistiques [ndlr: montrant des corps d\u2019immigr\u00e9s morts dans le d\u00e9sert libyen]. Le gouvernement italien se f\u00e9licite qu\u2019il n\u2019y ait plus de trag\u00e9dies et de disparitions d\u2019immigr\u00e9s en mer, mais o\u00f9 sont-ils pass\u00e9s? On ne peut pas se contenter de renvoyer le probl\u00e8me toujours plus vers le sud. Il est essentiel que l\u2019Europe s\u2019implique davantage pour savoir ce que deviennent les immigr\u00e9s qui n\u2019arrivent plus \u00e0 Lampedusa et qu\u2019elle incite la Libye \u00e0 reconna\u00eetre le droit d\u2019asile.   <font>(*) \u00abTutti indietro\u00bb (\u00abEn arri\u00e8re tous\u00bb),Ed. Rizzoli.<\/font> <strong><font>(Source: \u201cLe Temps\u201d (Quotidien \u2013 Suisse), le 28 mai 2010)<\/font><\/strong> \u00a0<\/div>\n<div align=\"justify\">\u00a0<\/div>\n<\/div>\n<\/div>\n<\/div>\n<\/div>\n<p><font face=\"Arial\" size=\"2\"> \u00a0<\/font><\/p>\n<\/div>\n<\/div>\n<p><\/font><\/div>\n<\/div>\n<\/div>\n<p> \u00a0<\/p><\/div>\n<\/div>\n<\/div>\n<p align=\"center\" dir=\"ltr\">\n<h2 style=\"color: red;\"><font face=\"Arial\" size=\"2\"><strong><b><a href=\"http:\/\/www.tunisnews.net\/\"><font face=\"Arial\"><span><font size=\"2\">Home<\/font><\/span><font size=\"2\"><span lang=\"FR-CH\"> &#8211; Accueil <\/span><span>&#8211; <\/span><\/font><\/font><span dir=\"rtl\" lang=\"AR-SA\"><font size=\"2\">\u0627\u0644\u0631\u0626\u064a\u0633\u064a\u0629<\/font><\/span><\/a><\/b><\/strong><\/font><\/h2>\n<\/p>\n<p align=\"center\" dir=\"ltr\">\u00a0<\/p>\n<p><\/body><\/body><\/html><\/p>\n","protected":false},"excerpt":{"rendered":"<p>Home &#8211; Accueil TUNISNEWS 10\u00a0\u00e8me ann\u00e9e,N\u00b0\u00a03657 du 28.05.2010 \u00a0archives : www.tunisnews.net\u00a0 Libert\u00e9\u00a0 et Equit\u00e9: Arrestation de messieurs B\u00e9chir Ben Chaabane et Abderrezak Gharsalli CPJ condemns police harassment of Tunisian journalist AFP: Tunisie &#8211; Onze personnes condamn\u00e9es \u00e0 la prison pour terrorisme lefigaro.fr: Une banque compatible avec la charia en Tunisie Al Mawkif: : Pour Selim [&hellip;]<\/p>\n","protected":false},"author":1,"featured_media":22040,"comment_status":"open","ping_status":"open","sticky":false,"template":"","format":"standard","meta":{"inline_featured_image":false,"site-sidebar-layout":"default","site-content-layout":"","ast-site-content-layout":"default","site-content-style":"default","site-sidebar-style":"default","ast-global-header-display":"","ast-banner-title-visibility":"","ast-main-header-display":"","ast-hfb-above-header-display":"","ast-hfb-below-header-display":"","ast-hfb-mobile-header-display":"","site-post-title":"","ast-breadcrumbs-content":"","ast-featured-img":"","footer-sml-layout":"","ast-disable-related-posts":"","theme-transparent-header-meta":"","adv-header-id-meta":"","stick-header-meta":"","header-above-stick-meta":"","header-main-stick-meta":"","header-below-stick-meta":"","astra-migrate-meta-layouts":"default","ast-page-background-enabled":"default","ast-page-background-meta":{"desktop":{"background-color":"","background-image":"","background-repeat":"repeat","background-position":"center center","background-size":"auto","background-attachment":"scroll","background-type":"","background-media":"","overlay-type":"","overlay-color":"","overlay-opacity":"","overlay-gradient":""},"tablet":{"background-color":"","background-image":"","background-repeat":"repeat","background-position":"center center","background-size":"auto","background-attachment":"scroll","background-type":"","background-media":"","overlay-type":"","overlay-color":"","overlay-opacity":"","overlay-gradient":""},"mobile":{"background-color":"","background-image":"","background-repeat":"repeat","background-position":"center center","background-size":"auto","background-attachment":"scroll","background-type":"","background-media":"","overlay-type":"","overlay-color":"","overlay-opacity":"","overlay-gradient":""}},"ast-content-background-meta":{"desktop":{"background-color":"var(--ast-global-color-5)","background-image":"","background-repeat":"repeat","background-position":"center center","background-size":"auto","background-attachment":"scroll","background-type":"","background-media":"","overlay-type":"","overlay-color":"","overlay-opacity":"","overlay-gradient":""},"tablet":{"background-color":"var(--ast-global-color-5)","background-image":"","background-repeat":"repeat","background-position":"center center","background-size":"auto","background-attachment":"scroll","background-type":"","background-media":"","overlay-type":"","overlay-color":"","overlay-opacity":"","overlay-gradient":""},"mobile":{"background-color":"var(--ast-global-color-5)","background-image":"","background-repeat":"repeat","background-position":"center center","background-size":"auto","background-attachment":"scroll","background-type":"","background-media":"","overlay-type":"","overlay-color":"","overlay-opacity":"","overlay-gradient":""}},"footnotes":""},"categories":[],"tags":[57,41,29],"class_list":["post-15332","post","type-post","status-publish","format-standard","has-post-thumbnail","hentry","tag-57","tag-41","tag-fr"],"_links":{"self":[{"href":"https:\/\/tunisnews.net\/ar\/wp-json\/wp\/v2\/posts\/15332","targetHints":{"allow":["GET"]}}],"collection":[{"href":"https:\/\/tunisnews.net\/ar\/wp-json\/wp\/v2\/posts"}],"about":[{"href":"https:\/\/tunisnews.net\/ar\/wp-json\/wp\/v2\/types\/post"}],"author":[{"embeddable":true,"href":"https:\/\/tunisnews.net\/ar\/wp-json\/wp\/v2\/users\/1"}],"replies":[{"embeddable":true,"href":"https:\/\/tunisnews.net\/ar\/wp-json\/wp\/v2\/comments?post=15332"}],"version-history":[{"count":0,"href":"https:\/\/tunisnews.net\/ar\/wp-json\/wp\/v2\/posts\/15332\/revisions"}],"wp:featuredmedia":[{"embeddable":true,"href":"https:\/\/tunisnews.net\/ar\/wp-json\/wp\/v2\/media\/22040"}],"wp:attachment":[{"href":"https:\/\/tunisnews.net\/ar\/wp-json\/wp\/v2\/media?parent=15332"}],"wp:term":[{"taxonomy":"category","embeddable":true,"href":"https:\/\/tunisnews.net\/ar\/wp-json\/wp\/v2\/categories?post=15332"},{"taxonomy":"post_tag","embeddable":true,"href":"https:\/\/tunisnews.net\/ar\/wp-json\/wp\/v2\/tags?post=15332"}],"curies":[{"name":"wp","href":"https:\/\/api.w.org\/{rel}","templated":true}]}}