{"id":15318,"date":"2008-12-14T00:00:00","date_gmt":"2008-12-14T00:00:00","guid":{"rendered":"https:\/\/tunisnews.net\/14-decembre-2008\/"},"modified":"2008-12-14T00:00:00","modified_gmt":"2008-12-14T00:00:00","slug":"14-decembre-2008","status":"publish","type":"post","link":"https:\/\/tunisnews.net\/ar\/14-decembre-2008\/","title":{"rendered":"14 d\u00e9cembre 2008"},"content":{"rendered":"<p><html><head><meta content=\"text\/html\" description=\"El-Watan: Forum de \n\t\t\t\t\t\t\t\t\t\t\t\t\t\t\tla presse arabe \n\t\t\t\t\t\t\t\t\t\t\t\t\t\t\tind\u00e9pendante \u00e0 \n\t\t\t\t\t\t\t\t\t\t\t\t\t\t\tBeyrouth - \n\t\t\t\t\t\t\t\t\t\t\t\t\t\t\tL\u2019\u00e9tonnante \n\t\t\t\t\t\t\t\t\t\t\t\t\t\t\tirruption des \n\t\t\t\t\t\t\t\t\t\t\t\t\t\t\tmoukhabarate \n\t\t\t\t\t\t\t\t\t\t\t\t\t\t\ttunisiens\" http-equiv=\"Content-Type\"\/><\/head><body><body><\/p>\n<p align=\"center\" dir=\"ltr\"><font face=\"Arial\" size=\"2\"><b><a href=\"http:\/\/www.tunisnews.net\/\"><span>Home<\/span><span lang=\"FR-CH\"> &#8211; Accuei<\/span><\/a><span lang=\"FR-CH\">l<\/span><\/b><\/font><\/p>\n<p><font face=\"Arial\" size=\"2\"><\/p>\n<div>\n<div>\n<div align=\"justify\">\n<div>\n<div><span lang=\"EN-US\"><font face=\"Arial\" size=\"2\"><\/p>\n<div>\n<div>\n<div><\/div>\n<p><font><span lang=\"FR\"><\/p>\n<div align=\"center\" dir=\"ltr\"><font size=\"2\"><span lang=\"SV\"><strong>TUNISNEWS<\/strong><\/span> <\/font><\/div>\n<div align=\"center\" dir=\"ltr\"><font><\/p>\n<div><strong><font size=\"2\">8\u00a0\u00e8me ann\u00e9e,<span lang=\"FR\">N\u00b0\u00a03127 du 14.12.2008 <\/span><\/font><\/strong><\/div>\n<p><\/font><\/div>\n<div align=\"center\" dir=\"ltr\"><span><font face=\"Arial\"><strong><font size=\"2\"><font>\u00a0archives<\/font> : <\/font><\/strong><\/font><a target=\"_blank\" rel=\"noopener\"><font face=\"Arial\" size=\"2\"><strong>www.tunisnews.net<\/strong><\/font><\/a><\/span><font size=\"2\"><font>\u00a0<\/font>\u00a0<\/font><\/div>\n<div><font><\/p>\n<hr\/>\n<p><\/font><\/div>\n<div><span lang=\"FR\"><\/p>\n<div align=\"justify\">\n<div align=\"justify\"><font><\/p>\n<div align=\"left\">\n<div align=\"left\">\n<div align=\"left\"><font face=\"Arial\" size=\"3\"><span lang=\"FR\"><o:p><\/o:p><\/span><\/font><\/div>\n<div align=\"left\"><strong><\/p>\n<p><font><\/p>\n<div>\n<div align=\"left\">\n<p><font face=\"Arial\" size=\"3\"><span lang=\"FR\"><o:p>CCTE: Zakia Dhifaoui victime d&rsquo;attouchement s sexuels et menac\u00e9e de viol &#8211;<\/p>\n<h2 style=\"color: red;\"><font face=\"Arial\">Ben Ali doit \u00eatre jug\u00e9 pour crimes contre l&rsquo;humanit\u00e9<\/font><\/h2>\n<p><\/o:p><\/span><\/font><\/p>\n<\/div>\n<div align=\"left\">\n<p><font face=\"Arial\" size=\"3\"><span lang=\"FR\"><o:p><font>AFP: Un Tunisien expuls\u00e9 d&rsquo;Italie en d\u00e9pit de l&rsquo;opposition de la Cour europ\u00e9enne<\/font> ASNA: TERRORISMO: ESPULSO IMAM CREMONA MOURAD TRABELSI <font>Tunisie: interpellations lors d&rsquo;une manifestation dans la ville mini\u00e8re de Gafsa<\/font> FIDH: Affaire Ben sa\u00efd &#8211; Le premier proc\u00e8s en France d\u2019un tunisien accus\u00e9 de torture en Tunisie <font>Tribune des Droits Humains: Tortur\u00e9s pour avoir visit\u00e9 des sites islamistes<\/font> Tribune des Droits Humains: Tunisie : Ben Ali lib\u00e8re les plus anciens prisonniers politiques <font>Tribune des Droits Humains: Droit de r\u00e9ponse : la Tunisie r\u00e9torque \u00e0 Tdh<\/font> El-Watan: Forum de la presse arabe ind\u00e9pendante \u00e0 Beyrouth &#8211; L\u2019\u00e9tonnante irruption des moukhabarate tunisiens <font>Le Temps: La fi\u00e8vre du samedi soir &#8211; Tous les chemins m\u00e8nent \u00e0 Hammamet<\/font><\/o:p><\/span><\/font><\/p>\n<\/div>\n<div align=\"left\">\n<h2 style=\"color: red;\"><font face=\"Arial\" size=\"3\"><span lang=\"FR\"><o:p>Hend Harouni-:STOP ATTACKING ISLAM<\/o:p><\/span><\/font><\/h2>\n<\/div>\n<\/div>\n<p><\/font><\/p>\n<p><\/strong><\/div>\n<div align=\"left\"><span lang=\"FR-CH\"><\/span><\/div>\n<hr\/>\n<\/div>\n<\/div>\n<p><\/font><\/div>\n<\/div>\n<p><\/span><\/div>\n<p><font><\/p>\n<div align=\"center\"><b><span lang=\"FR\">Liste actualis\u00e9e des signataires de l&rsquo;initiative du Droit de Retour : <\/span><span lang=\"FR\"><font><a>http:\/\/www.manfiyoun.net\/fr\/listfr.html<\/a><\/font><\/span><\/b><span lang=\"FR\"><strong> Celles et Ceux qui veulent signer cet appel sont invit\u00e9s \u00e0 envoyer leur: Nom, Pays de r\u00e9sidence et Ann\u00e9e de sortie de la Tunisie sur le m\u00e9l de l&rsquo;initiative : <\/strong><a><font><strong>manfiyoun@gmail.com<\/strong><\/font><\/a><\/span><font face=\"Arial\"><\/font><\/div>\n<p><font face=\"Arial\"><\/p>\n<div align=\"center\">\n<hr\/>\n<\/div>\n<div align=\"left\">\n<p align=\"center\"><font face=\"Arial\" size=\"2\"><strong>Collectif de la Communaut\u00e9 Tunisienne en Europe<\/strong><\/font><\/p>\n<p align=\"center\"><font face=\"Arial\" size=\"2\">1 rue Cassini \u2013 75014 Paris \u2013 T\u00e9l . 01 43 29 68 98<\/font> \u00a0<\/p>\n<p align=\"center\">\n<h2 style=\"color: red;\"><font face=\"Arial\"><strong>Zakia Dhifaoui victime d&rsquo;attouchements sexuels et menac\u00e9e de viol<\/strong><\/font><\/h2>\n<\/p>\n<p align=\"center\">\n<h2 style=\"color: red;\"><font face=\"Arial\"><strong>Ben Ali doit \u00eatre jug\u00e9 pour crimes contre l&rsquo;humanit\u00e9<\/strong><\/font><\/h2>\n<p> \u00a0<\/p>\n<p><font face=\"Arial\" size=\"2\">Nous voudrions renouveler notre d\u00e9nonciation et exprimer notre col\u00e8re pour les manaces de viol et pour les attouchements sexuels dont a \u00e9t\u00e9 victime Zakia Dhifaoui lors de son arrestation par la police suite aux manifestations de Redeyef, dans le bassin phosphatier du sud tunisien. <\/font> \u00a0<\/p>\n<p><font face=\"Arial\" size=\"2\">C&rsquo;est lors de sa mise au point au sujet de l&rsquo;interview donn\u00e9e \u00e0 la journaliste d&rsquo;Infosud Isolda Agazzi, Mme Dhifaoui a maintenu avoir \u00e9t\u00e9 menac\u00e9e de viol, et elle a pr\u00e9cis\u00e9 en outre qu&rsquo;elle a subi des \u00ab\u00a0attouchements sur des parties sensibles de mon corps\u00a0\u00bb. (Voir les d\u00e9clarations en arabe de Mme Dhifaoui dans son interview donn\u00e9e le 30 novembre 2008 sur kalimatunisie.com).<\/font> \u00a0<\/p>\n<p><font face=\"Arial\" size=\"2\">Ce sont l\u00e0 des d\u00e9lits graves commis avec circonstances agravantes, puisqu&rsquo;ils ont \u00e9t\u00e9 commis par une ou des personnes qui abusent de l\u2019autorit\u00e9 que leur conf\u00e8rent leurs fonctions.<\/font> \u00a0<\/p>\n<p><font face=\"Arial\" size=\"2\">A la veille du proc\u00e8s qui se tient demain \u00e0 Strasbourg pour juger l&rsquo;ancien vice-consul tunisien Khaled Ben Said pour crime de torture et pour attouchements sexuels sur des femmes d&rsquo;opposants, nous ne pouvons que renouveler notre appel pour que les hauts responsables de ces crimes odieux soient arr\u00eat\u00e9s et jug\u00e9s, et qu&rsquo;un mandat d&rsquo;arr\u00eat soit lanc\u00e9 contre le G\u00e9n\u00e9ral Ben Ali pour avoir tol\u00e9r\u00e9 et encourag\u00e9 de tels crimes commis en Tunisie syst\u00e9matiquement et \u00e0 grande \u00e9chelle. Le crime contre Zakia Dhifaoui sera ajout\u00e9 \u00e0 la longue liste des crimes perp\u00e9tr\u00e9s par l&rsquo;Artisan du 7 novembre pour qu&rsquo;il en r\u00e9ponde.<\/font> \u00a0<\/p>\n<p><font face=\"Arial\" size=\"2\">Le Bureau<\/font><\/p>\n<p><font face=\"Arial\" size=\"2\">Paris, le 14 d\u00e9cembre 2008<\/font> \u00a0<\/p>\n<div>\u00a0<\/div>\n<\/div>\n<p><\/font><\/font><\/span><\/font><\/div>\n<div>\n<hr\/>\n<\/div>\n<div><font face=\"Arial\" size=\"2\"><\/p>\n<p align=\"center\"><font face=\"Arial, sans-serif\" size=\"2\"><strong><\/p>\n<p><font size=\"3\">Italie-Tunisie-terrorisme-droitsHomme \u00a0\u00a0 Un Tunisien expuls\u00e9 d&rsquo;Italie en d\u00e9pit de l&rsquo;opposition de la Cour europ\u00e9enne<\/font><\/p>\n<p><\/strong>\u00a0\u00a0\u00a0<\/font><\/p>\n<p align=\"justify\"> \u00a0\u00a0 ROME, 13 d\u00e9c 2008 (AFP) &#8211; Un ex-imam tunisien, condamn\u00e9 en Italie pour terrorisme international, a \u00e9t\u00e9 expuls\u00e9 samedi par les autorit\u00e9s italiennes vers la Tunisie malgr\u00e9 l&rsquo;opposition de la Cour europ\u00e9enne des droits de l&rsquo;homme, a-t-on appris aupr\u00e8s de son \u00e9pouse et d&rsquo;une association. \u00a0\u00a0 Mourad Trabelsi, ancien imam de la mosqu\u00e9e de Cr\u00e9mone (nord), avait \u00e9t\u00e9 arr\u00eat\u00e9 en 2003 puis condamn\u00e9 en ultime instance par la cour de Cassation \u00e0 sept ans de prison pour terrorisme international. \u00a0\u00a0 Il a r\u00e9cemment \u00e9t\u00e9 remis en libert\u00e9 apr\u00e8s avoir purg\u00e9 sa peine. Le ministre de l&rsquo;Int\u00e9rieur Roberto Maroni avait annonc\u00e9 d\u00e9but d\u00e9cembre avoir sign\u00e9 le d\u00e9cret d&rsquo;expulsion de l&rsquo;ancien imam, malgr\u00e9 une ordonnance de la Cour europ\u00e9enne des droits de l&rsquo;Homme demandant \u00e0 Rome de ne pas l&rsquo;expulser en raison des risques qu&rsquo;il encourait dans son pays d&rsquo;origine. \u00a0\u00a0 \u00ab\u00a0Mourad Trabelsi a \u00e9t\u00e9 amen\u00e9 samedi \u00e0 l&rsquo;a\u00e9roport de Milan et expuls\u00e9 vers la Tunisie\u00a0\u00bb, a indiqu\u00e9 \u00e0 l&rsquo;AFP depuis Paris Mondher Sfar, pr\u00e9sident du Collectif de la communaut\u00e9 tunisienne en Europe (CCTE). \u00a0\u00a0 L&rsquo;\u00e9pouse de M. Trabelsi, jointe par l&rsquo;AFP, a indiqu\u00e9 que son mari l&rsquo;avait appel\u00e9 \u00e0 son arriv\u00e9e \u00e0 Tunis \u00e0 la mi-journ\u00e9e. \u00ab\u00a0C&rsquo;est honteux, scandaleux, nous avons trois enfants, scolaris\u00e9s. L&rsquo;Italie n&rsquo;est pas un pays d\u00e9mocratique\u00a0\u00bb, a-t-elle d\u00e9nonc\u00e9. \u00a0\u00a0 \u00ab\u00a0Nous craignons pour sa vie, la machine de la torture en Tunisie bat son plein. Nous condamnons avec beaucoup de fermet\u00e9 cette d\u00e9cision du gouvernement italien, qui ne tient absolument pas compte des ordonnances de la Cour europ\u00e9enne\u00a0\u00bb, a d\u00e9plor\u00e9 Mondher Sfar. \u00a0\u00a0 Mourad Trabelsi a \u00e9galement \u00e9t\u00e9 condamn\u00e9 par contumace \u00e0 20 ans de prison pour terrorisme par la justice tunisienne.\u00a0<\/p>\n<p><\/font> <\/p>\n<div>\n<hr\/>\n<\/div>\n<div align=\"center\">\n<h2 style=\"color: red;\"><font face=\"Arial, sans-serif\" size=\"3\"><strong>TERRORISMO: ESPULSO IMAM CREMONA MOURAD TRABELSI<\/strong><\/font><\/h2>\n<\/div>\n<p>\u00a0\u00a0<font face=\"Arial, sans-serif\" size=\"2\">(ANSA) &#8211; ROMA, 13 DIC &#8211; E&rsquo; stato espulso dall&rsquo;Italia l&rsquo;ex\u00a0 imam della moschea di Cremona, Mourad Trabelsi. Rimesso in\u00a0 libert\u00e0 da pochi giorni, dopo aver scontato una condanna a\u00a0 sette anni per terrorismo internazionale di matrice islamica,\u00a0 Trabelsi aveva avuto come pena accessoria l&rsquo;espulsione, contro\u00a0 cui aveva fatto ricorso alla corte Europea di Strasburgo. \u00a0 Il 3 dicembre scorso il ministro dell&rsquo;Interno, Roberto Maroni,\u00a0 aveva annunciato di aver firmato l&rsquo;espulsione dell&rsquo;ex imam per\u00a0 motivi di sicurezza dopo che il giudice di Pavia aveva\u00a0 confermato la pericolosit\u00e0 sociale di Trabelsi. (ANSA).<\/font><\/p>\n<\/div>\n<div>\n<hr\/>\n<\/div>\n<div>\n<div align=\"center\"><font face=\"Arial\" size=\"2\"><strong><\/p>\n<h2 style=\"color: red;\"><font size=\"3\">Tunisie: interpellations lors d&rsquo;une manifestation dans la ville mini\u00e8re de Gafsa<\/font><\/h2>\n<p><\/strong> AP: Samedi 13 d\u00e9cembre, 21h44 \u00a0 Les forces de l&rsquo;ordre tunisiennes ont interpell\u00e9 vendredi plusieurs manifestants \u00e0 Gafsa \u00e0 l&rsquo;occasion du proc\u00e8s des dirigeants du mouvement de protestation sociale qui a secou\u00e9 cette r\u00e9gion mini\u00e8re du sud-ouest tunisien au d\u00e9but de l&rsquo;ann\u00e9e, a-t-on appris samedi de source gouvernementale. \u00ab\u00a0Quelques personnes ont tent\u00e9 de perturber l&rsquo;ordre public (dans cette ville) par des attroupements anarchiques sur la voie publique. Elles ont \u00e9t\u00e9 dispers\u00e9es et quelques interpellations ont eu lieu\u00a0\u00bb, a d\u00e9clar\u00e9 ce responsable sans pr\u00e9ciser le nombre de personnes arr\u00eat\u00e9es. De son c\u00f4t\u00e9, une source de l&rsquo;opposition a fait \u00e9tat de \u00ab\u00a0confrontations entre les forces de police et de jeunes manifestants dans la ville de Redeyef\u00a0\u00bb, une autre ville de la r\u00e9gion. Les manifestants, qui \u00ab\u00a0scandaient des slogans d\u00e9non\u00e7ant les peines s\u00e9v\u00e8res prononc\u00e9es contre Adnane Hajji (le porte-parole du mouvement) et ses compagnons, ont \u00e9t\u00e9 dispers\u00e9s par l&rsquo;usage de bombes lacrymog\u00e8nes\u00a0\u00bb, a pr\u00e9cis\u00e9 le Parti d\u00e9mocratique progressiste (PDP), une formation de l&rsquo;opposition l\u00e9gale. Au terme d&rsquo;un proc\u00e8s mouvement\u00e9, six dirigeants du mouvement de contestation sociale ont \u00e9t\u00e9 condamn\u00e9s \u00e0 10 ans de prison ferme, 27 pr\u00e9venus ont \u00e9cop\u00e9 de deux ans de prison avec sursis \u00e0 six ans de r\u00e9clusion, tandis que cinq autres ont \u00e9t\u00e9 relax\u00e9s. Ils \u00e9taient jug\u00e9s notamment pour \u00ab\u00a0participation \u00e0 une entente criminelle visant \u00e0 pr\u00e9parer et commettre des attentats contre les personnes et les biens, troubles \u00e0 l&rsquo;ordre public et r\u00e9bellion arm\u00e9e\u00a0\u00bb. L&rsquo;agitation dans le bassin minier de Gafsa, ville situ\u00e9e \u00e0 350km de Tunis, a d\u00e9but\u00e9 en janvier dernier sur fond de revendications sociales caus\u00e9es notamment par la chert\u00e9 de la vie, le ch\u00f4mage et le n\u00e9potisme. Depuis, le gouvernement a multipli\u00e9 les mesures pour y am\u00e9liorer la situation, lancer des projets et cr\u00e9er des emplois. AP<\/font><\/div>\n<\/div>\n<div>\n<hr\/>\n<\/div>\n<div align=\"center\"><strong><\/p>\n<h2 style=\"color: red;\"><font size=\"3\">Forum de la presse arabe ind\u00e9pendante \u00e0 Beyrouth L\u2019\u00e9tonnante irruption des moukhabarate tunisiens<\/font><\/h2>\n<p><\/strong><\/div>\n<div>\u00a0<\/div>\n<div align=\"justify\">Les militants et journalistes s\u2019inqui\u00e8tent d\u00e9j\u00e0 du futur imm\u00e9diat pour les m\u00e9dias avec les \u00e9ch\u00e9ances tunisiennes de 2009, \u00e9lections l\u00e9gislatives et pr\u00e9sidentielle devant reconduire l\u2019actuel pr\u00e9sident et l\u2019actuelle majorit\u00e9 parlementaire, sans surprise aucune.  Beyrouth. De notre envoy\u00e9 sp\u00e9cial  Parlez, on s\u2019\u00e9coute tous. C\u2019est \u00e0 l\u2019initiative du quotidien libanais Al-Nahar et de la WAN (World Association of Newspapers, Association mondiale des journaux) que 160 \u00e9diteurs, journalistes et d\u00e9fenseurs de la libert\u00e9 d\u2019expression se sont r\u00e9unis, les 12 et 13 d\u00e9cembre, pour le 3e Forum de la presse arabe ind\u00e9pendante pour d\u00e9battre de la question sensible des m\u00e9dias dans cette r\u00e9gion et son corollaire \u00e9vident, les droits fondamentaux de l\u2019homme, comme celui d\u2019\u00eatre inform\u00e9 et de pouvoir informer, \u00e0 l\u2019heure o\u00f9 les nouvelles du monde font le tour de la plan\u00e8te en boucle et \u00e0 la vitesse de la lumi\u00e8re. Quelques jours apr\u00e8s la date anniversaire de la proclamation de la d\u00e9claration universelle des droits de l\u2019homme, journ\u00e9e pass\u00e9e presque inaper\u00e7ue, ce forum aura permis d\u2019analyser les avanc\u00e9es et les reculs du monde arabe en mati\u00e8re d\u2019expression et de mesurer les diff\u00e9rentes approches gouvernementales pour limiter l\u2019opinion et la parole, sujets encore tabous dans la r\u00e9gion, au m\u00eame titre que la politique, le sexe ou la religion. Si \u00ab le nouveau visage du blogging arabe \u00bb, th\u00e8me \u00e0 la mode mais qui n\u2019en cache pas moins une v\u00e9ritable tendance de contournement citoyen, a \u00e9t\u00e9 retenu comme axe de discussion et largement abord\u00e9 \u00e0 travers les interventions de jeunes bloggeuses soudanaises et \u00e9gyptiennes, frais bloggeurs syriens ou saoudiens, l\u2019occasion a \u00e9t\u00e9 donn\u00e9e d\u2019une mani\u00e8re g\u00e9n\u00e9rale \u00e0 chaque d\u00e9l\u00e9gation de faire partager la situation de l\u2019expression dans son pays. Relevant diff\u00e9rences et points communs avec des nuances qui s\u2019\u00e9talent de la Mauritanie au Bahrein, permettant de relativiser chaque exp\u00e9rience, l\u2019alg\u00e9rienne y compris, autrefois l\u2019une des plus libres et aujourd\u2019hui l\u2019une des moins libres, par ce ph\u00e9nom\u00e8ne tr\u00e8s connu des conducteurs de train, qui explique que celui qui n\u2019avance pas recule. C\u2019est probablement pour cette raison que cette r\u00e9union des m\u00e9dias ind\u00e9pendants arabes s\u2019est tenue \u00e0 Beyrouth, belle terre de libre expression et de longue date, en hommage \u00e0 l\u2019ancien directeur d\u2019Al Nahar, Gebran Tueni, tu\u00e9 dans un attentat \u00e0 la bombe en d\u00e9cembre 2005. C\u2019est peut-\u00eatre paradoxal, mais Beyrouth, la si vivante, se reconstruit \u00e0 une vitesse telle que les traces d\u2019affrontement s\u2019effacent aussi vite qu\u2019une mauvaise nouvelle. Du vrai direct C\u2019est autour du th\u00e8me \u00ab les tactiques gouvernementales qui entravent la presse arabe ind\u00e9pendante \u00bb que l\u2019assistance a pu sortir des d\u00e9bats th\u00e9oriques pour entrer dans le vif du sujet, \u00e0 travers une d\u00e9monstration en direct et non programm\u00e9e par les organisateurs, des m\u00e9thodes en vigueur du r\u00e9gime tunisien. La d\u00e9l\u00e9gation tunisienne, regroup\u00e9e autour de militantes de longue date, Sihem Bensedrine, Naziha Rjiba, r\u00e9dactrices entre autres du magazine en ligne Kalima et de Lotif Hajji, journaliste et d\u00e9fenseur de la libert\u00e9 d\u2019expression, a d\u00fb faire face \u00e0 l\u2019irruption d\u2019individus hurlant, agissant pour le compte des services de renseignements de leur pays, envoy\u00e9s sur place \u00e0 ce titre pour noyauter les interventions des journalistes tunisiens et d\u00e9tourner les d\u00e9bats en provoquant des disputes dans la salle. En dehors des accusations classiques \u00e0 l\u2019encontre des militants tunisiens de travailler pour des organisations \u00e9trang\u00e8res, d\u2019utiliser les droits de l\u2019homme comme fonds de commerce et pour les femmes, d\u2019\u00eatre trait\u00e9es dans les journaux tunisiens officiels de prostitu\u00e9es, le r\u00e9gime tunisien continue d\u2019\u00e9tonner par ses m\u00e9thodes. D\u2019abord par une grossi\u00e8ret\u00e9 sans limites, o\u00f9 pendant le forum les Tunisiens des moukhabarate ont \u00e9t\u00e9 insultants, traitant tout le monde d\u2019oiseaux (\u00ab ferkhs \u00bb), y compris les jeunes bloggeurs du monde arabe qui n\u2019avaient rien \u00e0 voir avec la Tunisie mais aussi par toute une s\u00e9rie d\u2019op\u00e9rations bien men\u00e9es. D\u2019abord \u00e0 la base, l\u2019interdiction pour certains membres invit\u00e9s \u00e0 Beyrouth de quitter la Tunisie. Ensuite, par une op\u00e9ration d\u2019intox qui a consist\u00e9 \u00e0 \u00ab retourner \u00bb un jeune journaliste du magazine Kalima pour lui faire dire sans preuves que Sihem Bensedrine et Naziha Rjiba sont des voleuses qui engrangent des milliards ; accusation qui a m\u00eame r\u00e9ussi \u00e0 atterrir sur la d\u00e9p\u00eache d\u2019une agence am\u00e9ricaine de presse qui est tomb\u00e9e dans le pi\u00e8ge. Enfin, derni\u00e8re op\u00e9ration, qui a consist\u00e9 \u00e0 faire passer dans un tout petit journal libanais, le matin m\u00eame de la conf\u00e9rence, l\u2019extrait de la d\u00e9p\u00eache cit\u00e9e, exhib\u00e9e par les agents des moukhabarate devant les autres d\u00e9l\u00e9gations arabes. Si l\u2019on ajoute les insultes par SMS, les pannes et accidents de voitures, les \u00e9coutes, les filatures et les agressions physiques, c\u2019est toute une panoplie d\u00e9mesur\u00e9e qui est d\u00e9ploy\u00e9e \u00e0 grands renforts financiers et humains par le r\u00e9gime tunisien pour contrer un petit groupe de militantes et militants, par ailleurs continuellement harcel\u00e9s dans leur pays pour parler de ce que tout le monde sait, \u00e0 savoir l\u2019inqui\u00e9tante absence de dialogue et d\u2019expression en Tunisie. A ce titre, les militants et journalistes s\u2019inqui\u00e8tent d\u00e9j\u00e0 du futur imm\u00e9diat avec les \u00e9ch\u00e9ances tunisiennes de 2009, \u00e9lections l\u00e9gislatives et pr\u00e9sidentielles devant reconduire l\u2019actuel pr\u00e9sident et l\u2019actuelle majorit\u00e9 parlementaire, sans surprise aucune. Une situation qui pr\u00eate \u00e0 l\u2019\u00e9touffement de toutes les voix discordantes et qui en rappelle une autre \u00e0 Alger, avec la m\u00eame \u00e9ch\u00e9ance pr\u00e9sidentielle et la m\u00eame pression sur les rares m\u00e9dias ind\u00e9pendants alg\u00e9riens. La question reste pertinente, une telle r\u00e9union de journalistes du monde arabe aurait-elle pu se tenir actuellement \u00e0 Alger dans cette ambiance g\u00e9n\u00e9rale de pens\u00e9e unique, diffus\u00e9e dans une information unique \u00e0 travers une voix unique et o\u00f9 le seul \u00e9l\u00e9ment de diversit\u00e9 est le nombre de mandats ? Non, sous toutes r\u00e9serves.  <strong><font>Par Chawki Amari<\/font><\/strong><\/div>\n<div><strong><font>(Source: \u00ab\u00a0El-Watan\u00a0\u00bb (Quotidien &#8211; Liban) le 14 decembre 2008)<\/font><\/strong> (<a>http:\/\/www.elwatan.com\/L-etonnante-irruption-des<\/a><\/div>\n<div>\n<hr\/>\n<\/div>\n<\/div>\n<div>\n<div>\n<p align=\"center\"><b><span>Affaire Ben sa\u00efd<\/span><\/b><\/p>\n<p align=\"center\"><b><span>Le premier proc\u00e8s en France d\u2019un tunisien accus\u00e9 de torture en Tunisie<\/span><\/b><\/p>\n<p><span>Le 15 d\u00e9cembre 2008, se tiendra enfin, devant la Cour d\u2019assises de Strasbourg, le proc\u00e8s de Khaled Ben Sa\u00efd, ancien Vice-consul \u00e0 Strasbourg, accus\u00e9 d\u2019avoir tortur\u00e9 Mme Gharbi, une ressortissante tunisienne, en octobre 1997 au commissariat de police de Jendouba, alors qu\u2019il y \u00e9tait commissaire de police<span dir=\"rtl\" lang=\"AR-SA\">.<\/span><\/span><\/p>\n<p><span>Apr\u00e8s le d\u00e9p\u00f4t, le 9 mai 2001, de la plainte de Madame Gharbi pour torture, une information judiciaire \u00e0 l\u2019encontre de Khaled Ben Sa\u00efd a \u00e9t\u00e9 ouverte le 16 janvier 2002. La F\u00e9d\u00e9ration internationale des ligues des droits de l\u2019Homme (FIDH) et la Ligue fran\u00e7aise des droits de l\u2019Homme et du citoyen (LDH) se sont aussit\u00f4t constitu\u00e9es parties civiles. L\u2019accus\u00e9, qui se trouvait \u00e0 l\u2019\u00e9poque sur le territoire fran\u00e7ais, est retourn\u00e9 pr\u00e9cipitamment en Tunisie, apr\u00e8s avoir \u00e9t\u00e9 inform\u00e9 de la proc\u00e9dure ouverte \u00e0 son encontre. Il fait l\u2019objet d\u2019un mandat d\u2019arr\u00eat international depuis le 15 f\u00e9vrier 2002. La commission rogatoire internationale d\u00e9livr\u00e9e par le juge le 2 juillet 2003 n\u2019a jamais \u00e9t\u00e9 ex\u00e9cut\u00e9e par les autorit\u00e9s tunisiennes. De retour en Tunisie, Khaled Ben Sa\u00efd aurait continu\u00e9 \u00e0 travailler au sein du minist\u00e8re de l\u2019int\u00e9rieur tunisien, sans \u00eatre le moins du monde inqui\u00e9t\u00e9<span dir=\"rtl\" lang=\"AR-SA\">.<\/span><\/span><\/p>\n<p><span>Le proc\u00e8s se d\u00e9roulera donc selon la proc\u00e9dure de \u00ab d\u00e9faut criminel \u00bb, commun\u00e9ment appel\u00e9e \u00ab contumace \u00bb. Monsieur Ben Sa\u00efd sera repr\u00e9sent\u00e9 par un avocat, ce qui lui permettra ainsi de d\u00e9fendre \u00e9quitablement ses droits et int\u00e9r\u00eats<span dir=\"rtl\" lang=\"AR-SA\">.<\/span><\/span><\/p>\n<p><span>Ce proc\u00e8s devrait notamment permettre de briser le tabou du recours habituel \u00e0 la torture en Tunisie. Il repr\u00e9sente l\u2019ultime recours pour la plaignante d\u2019esp\u00e9rer obtenir justice au terme d\u2019une proc\u00e9dure \u00e9quitable<span dir=\"rtl\" lang=\"AR-SA\">.<\/span><\/span><\/p>\n<p><span>Ce proc\u00e8s constitue \u00e9galement la deuxi\u00e8me application en France du m\u00e9canisme dit de \u00ab comp\u00e9tence universelle \u00bb, apr\u00e8s la condamnation, en 2005 de l\u2019ancien capitaine mauritanien Ely Ould Dah \u00e0 10 ans de r\u00e9clusion criminelle pour crime de torture. Ce m\u00e9canisme permet aux juridictions nationales de poursuivre les auteurs pr\u00e9sum\u00e9s des crimes les plus graves, quel que soit le lieu o\u00f9 ils ont \u00e9t\u00e9 commis et quelle que soit la nationalit\u00e9 des auteurs ou des victimes. Il est notamment pr\u00e9vu par la Convention contre la torture et autres peines ou traitements cruels, inhumains ou d\u00e9gradants du 10 d\u00e9cembre 1984, qui fonde la pr\u00e9sente action en France. Ce proc\u00e8s interviendra alors m\u00eame qu\u2019un projet de loi en cours d\u2019examen au Parlement tend \u00e0 remettre en cause ce principe de comp\u00e9tence universelle, rendant quasiment impossible l\u2019ouverture de nouvelles proc\u00e9dures en France sur ce fondement. <\/span><\/p>\n<p><span>(<a target=\"_blank\" rel=\"noopener\"><font>http:\/\/www.fidh.org\/spip.php?article5626<\/font><\/a>)<\/span><\/p>\n<p><b><span>(Source\u00a0: site de la FIDH (France), le 14 d\u00e9cembre 20908)<\/span><\/b><\/p>\n<p><b><span>Lien\u00a0: <\/span><span><a target=\"_blank\" rel=\"noopener\"><font>http:\/\/www.fidh.org\/spip.php?article6084<\/font><\/a><\/span><\/b><\/p>\n<hr\/>\n<p>\u00a0<\/p>\n<p align=\"center\"><b><span>Visites des experts des droits de l\u2019homme en Tunisie en attente<\/span><\/b><\/p>\n<p><b><span>Juan Gasparini \/Tdh<\/span><\/b><\/p>\n<p><span>Les n\u00e9gociations entre le gouvernement tunisien et l\u2019ONG Human Rights Watch (HRW) pour avoir acc\u00e8s aux prisons et parler avec les d\u00e9tenus sans t\u00e9moins sont au point mort. L\u2019autorisation du pr\u00e9sident Ben Ali se fait attendre.<\/span><\/p>\n<p><span>L\u2019invitation avait \u00e9t\u00e9 approuv\u00e9e par la Tunisie lors de son Examen p\u00e9riodique universel en avril 2008. HRW a propos\u00e9 par \u00e9crit les modalit\u00e9s de cette visite en se r\u00e9f\u00e9rant aux r\u00e8gles de l\u2019ONU. Mais l\u2019ONG n\u2019a pas re\u00e7u de r\u00e9ponse pour l\u2019instant.<\/span><\/p>\n<p><span>L\u2019autre visite dont le principe a \u00e9t\u00e9 accept\u00e9 par Tunis concerne le rapporteur pour la promotion et la protection des droits de l\u2019homme dans la lutte contre le terrorisme, Martin Scheinin. Mais la date se fait \u00e9galement attendre.<\/span><\/p>\n<p><b><span>(Source\u00a0: \u00ab\u00a0Tribune des Droits Humains\u00a0\u00bb (Suisse), le 13 d\u00e9cembre 2008)<\/span><\/b><\/p>\n<p><b><span>Lien\u00a0: <\/span><span><a target=\"_blank\" rel=\"noopener\"><font>http:\/\/humanrights-geneva.info\/Visites-des-experts-des-droits-de,3916<\/font><\/a><\/span><\/b><\/p>\n<hr\/>\n<p>\u00a0<\/p>\n<p align=\"center\"><span><font size=\"3\"><strong>Tortur\u00e9s pour avoir visit\u00e9 des sites islamistes<\/strong><\/font><\/span><\/p>\n<p><b><span>10 d\u00e9cembre 08 &#8211; SPECIAL 60\u00e8me &#8211; En Tunisie, depuis la promulgation, le 10 d\u00e9cembre 2003, de la \u00ab loi antiterroriste \u00bb, des centaines de jeunes sont d\u00e9f\u00e9r\u00e9s quasi-quotidiennement devant la justice, apr\u00e8s des interrogatoires muscl\u00e9s. Les ONG d\u00e9noncent les d\u00e9rives persistantes de la lutte contre le terrorisme men\u00e9e par le gouvernement<\/span><\/b><\/p>\n<p><b><span>Rachid Khechana\/Tribune des droits humains \u2013 <\/span><\/b><\/p>\n<p><span>Sous couvert de lutte contre le terrorisme, intensifi\u00e9e depuis le 10 d\u00e9cembre 2003 suite \u00e0 la promulgation de la sinistre \u00ab loi anti-terroriste \u00bb, les droits humains sont de plus en plus bafou\u00e9s en Tunisie. Des centaines de jeunes sont d\u00e9f\u00e9r\u00e9s quasi quotidiennement devant des tribunaux et condamn\u00e9s \u00e0 des peines allant de 2 \u00e0 11 ans de prison. Or, mis \u00e0 part les \u00e9l\u00e9ments impliqu\u00e9s dans l\u2019affaire appel\u00e9e \u00ab groupe de Soliman \u00bb (30 Km au sud de Tunis), aucun des jeunes condamn\u00e9s n\u2019a tir\u00e9 un seul coup de feu de sa vie et la plupart n\u2019ont jamais \u00e9t\u00e9 initi\u00e9s au maniement des armes.<\/span><\/p>\n<p><span>Leur \u00ab crime \u00bb se limite \u00e0 s\u2019\u00eatre aventur\u00e9 \u00e0 visiter des sites \u00ab interdits \u00bb, notamment ceux des groupes salafistes [salafisme, mouvement revendiqu\u00e9 par les Fr\u00e8res musulmans qui pr\u00f4ne un retour aux sources de l\u2019islam]. Il y a \u00e0 pr\u00e9sent plus de 1500 de ces jeunes en d\u00e9tention, estime l\u2019avocat Mondher Cherni. Le recours aux mauvais traitements, voire \u00e0 la torture, en particulier lors des interrogatoires, continue d\u2019\u00eatre r\u00e9guli\u00e8rement d\u00e9nonc\u00e9 par les victimes, leurs avocats ou encore les d\u00e9fenseurs des droits de l\u2019Homme.<\/span><\/p>\n<p><span>C\u2019est avec consternation que les avocats constatent \u00e0 chaque proc\u00e8s une tr\u00e8s sensible d\u00e9t\u00e9rioration de la situation des pr\u00e9venus, \u00e2g\u00e9s g\u00e9n\u00e9ralement entre 18 et 30 ans. Lors du proc\u00e8s des 38 syndicalistes du bassin minier de Gafsa le 4 d\u00e9cembre courant, l\u2019avocat Ayachi Hammami a ressorti 16 proc\u00e8s verbaux o\u00f9 des pr\u00e9venus ont exig\u00e9 de pouvoir noter qu\u2019ils avaient subi des tortures. Cependant, le juge a estim\u00e9 qu\u2019il n\u2019\u00e9tait pas oblig\u00e9 de r\u00e9pondre \u00e0 la qu\u00eate de la d\u00e9fense qui exigeait un examen m\u00e9dical des pr\u00e9venus.<\/span><\/p>\n<p><b><span>Des vies an\u00e9anties<\/span><\/b><\/p>\n<p><span>Lors des rares fois o\u00f9 ces questions ont \u00e9t\u00e9 \u00e9voqu\u00e9es publiquement, \u00e0 l\u2019occasion de meetings de soutien aux d\u00e9tenus, les t\u00e9moignages des familles ont r\u00e9v\u00e9l\u00e9 des vies an\u00e9anties par les exactions continues et les multiples s\u00e9ances de torture.<\/span><\/p>\n<p><span>Apr\u00e8s les verdicts, les mauvais traitements continuent sur la plupart des condamn\u00e9s, d\u2019apr\u00e8s les rapports \u00e9tablis par des associations tunisiennes sp\u00e9cialis\u00e9es dans la d\u00e9fense des droits des d\u00e9tenus. Ces documents r\u00e9v\u00e8lent la mise en place de mesures punitives d\u2019enfermement au cachot, le recours aux brimades \u00e0 l\u2019encontre des d\u00e9tenus \u00ab indisciplin\u00e9s \u00bb, g\u00e9n\u00e9ralement pour les contraindre \u00e0 mettre fin \u00e0 une gr\u00e8ve de la faim. Mercredi 3 d\u00e9cembre, lorsque Ahmed Brahmi a voulu rendre visite \u00e0 son fils Wahid, les gardiens de la prison de Mornaguia ont essay\u00e9 de l\u2019en emp\u00eacher, pr\u00e9textant que le d\u00e9tenus ne voulait pas de la visite. Le p\u00e8re a refus\u00e9 de quitter la prison et la direction a d\u00fb finalement autoriser une visite de 10 minutes.<\/span><\/p>\n<p><b><span>Le ministre de la justice r\u00e9cuse le recours \u00e0 la torture<\/span><\/b><\/p>\n<p><span>Cette nouvelle vague de r\u00e9pression enclench\u00e9e depuis la promulgation de la loi anti-terroriste met en lumi\u00e8re l\u2019ampleur du d\u00e9sespoir d\u2019une partie de la jeunesse, la d\u00e9sertification de la vie politique, associative et culturelle, l\u2019appel au conformisme le plus z\u00e9l\u00e9, qui n\u2019emp\u00eache pas pour autant l\u2019ins\u00e9curit\u00e9 de tous. Pourtant le ministre de la justice et des droits de l\u2019homme B\u00e9chir Takkari a r\u00e9cus\u00e9 en bloc le recours \u00e0 la torture pendant les interrogatoires et les brimades dans les prisons. S\u2019exprimant devant la chambre des d\u00e9put\u00e9s le 2 d\u00e9cembre, avant l\u2019adoption d\u2019une nouvelle loi qui \u00abrenforce les garanties offertes aux accus\u00e9s, am\u00e9liore leur situation p\u00e9nitentiaire et facilite leur insertion\u00bb, Takkari s\u2019est \u00e9lev\u00e9 contre l\u2019\u00ab ing\u00e9rence \u00e9trang\u00e8re dans les affaires int\u00e9rieurs du pays \u00bb.<\/span><\/p>\n<p><span>Pourtant la Tunisie a \u00e9t\u00e9 le premier pays de la rive sud de la M\u00e9diterran\u00e9e \u00e0 avoir sign\u00e9 en 1995 un accord de partenariat avec l\u2019Union Europ\u00e9enne qui stipule, dans son deuxi\u00e8me paragraphe, l\u2019engagement total \u00e0 respecter les droits de l\u2019homme. C\u2019est ce hiatus entre les textes et la pratique qui a pouss\u00e9 les organisations de d\u00e9fense des libert\u00e9s \u00e0 r\u00e9it\u00e9rer leur \u00e9tonnement quant aux conditions de mise en oeuvre de l\u2019accord de partenariat.<\/span><\/p>\n<p><b><i><span>Cet article fait partie d\u2019une s\u00e9rie command\u00e9e par Tdh \u00e0 des correspondants locaux en pays francophones, \u00e0 l\u2019occasion du 60\u00e8me anniversaire de la D\u00e9claration universelle des droits de l\u2019homme. Cette op\u00e9ration est soutenue par l\u2019Organisation internationale de la francophonie (OIF)<\/span><\/i><\/b><\/p>\n<p><b><span>Les ONG francophones tr\u00e8s actives sur le cas tunisien<\/span><\/b><\/p>\n<p><b><span>Plusieurs ONG francophones ont fait preuve de beaucoup d\u2019int\u00e9r\u00eat pour le cas de la Tunisie. Reporters sans fronti\u00e8res (RSF), la F\u00e9d\u00e9ration Internationale des ligues des Droits de l\u2019Homme (FIDH), le R\u00e9seau euro-m\u00e9diterran\u00e9en des droits de l\u2019Homme (REMDH), l\u2019Organisation mondiale contre la torture (OMCT) et bien d\u2019autres ont publi\u00e9 des rapports et organis\u00e9 des rencontres afin de mettre la lumi\u00e8re sur les violations des droits de l\u2019homme et les harc\u00e8lements subis par les d\u00e9fenseurs des libert\u00e9s en Tunisie.<\/span><\/b><\/p>\n<p><b><span>En tirant la sonnette d\u2019alarme dans une lettre adress\u00e9e \u00e0 l\u2019Union europ\u00e9enne, trois d\u00e9fenseurs notoires des droits de l\u2019homme en Tunisie, Souhayr Belhassen pr\u00e9sidente de la FIDH, Kamel Jendoubi pr\u00e9sident du REMDH et Eric Sottas secr\u00e9taire g\u00e9n\u00e9ral de l\u2019OMCT, ont constat\u00e9 que la recrudescence de l\u2019usage de la torture sur des prisonniers a \u00e9t\u00e9 l\u2019un des effets les plus notables de l\u2019application de la nouvelle loi sur le terrorisme.<\/span><\/b><\/p>\n<p><b><span lang=\"FR-CH\">(Source\u00a0: \u00ab\u00a0Tribune des Droits Humains\u00a0\u00bb (Suisse), le 10 d\u00e9cembre 2008)<\/span><\/b><\/p>\n<p><b><span lang=\"FR-CH\">Lien\u00a0: <\/span><span><a target=\"_blank\" rel=\"noopener\"><font>http:\/\/humanrights-geneva.info\/Tortures-pour-avoir-visite-des,3896<\/font><\/a><\/span><\/b><\/p>\n<hr\/>\n<p>\u00a0<\/p>\n<p align=\"center\"><b><span lang=\"FR-CH\">L\u2019agence \u00ab\u00a0INFOSUD\u00a0\u00bb (en Suisse) publie.. et le \u00ab\u00a0Coordinateur G\u00e9n\u00e9ral des Droits de l\u2019Homme au sein du Minist\u00e8re de la Justice et des Droits de l\u2019Homme en Tunisie\u00a0\u00bb r\u00e9plique..<\/span><\/b><\/p>\n<p><b><span lang=\"FR-CH\">ACTE 1\u00a0: UN ARTICLE PUBLIE LE 7 NOVEMBRE 2008<\/span><\/b><\/p>\n<p><b><span lang=\"FR-CH\">Tunisie : Ben Ali lib\u00e8re les plus anciens prisonniers politiques<\/span><\/b><\/p>\n<p><b><span lang=\"FR-CH\">InfoSud<\/span><\/b><\/p>\n<p>\u00a0<\/p>\n<p><b><span lang=\"FR-CH\">7 novembre 08 &#8211; Les 21 derniers militants du mouvement islamiste Ennahdha ont \u00e9t\u00e9 lib\u00e9r\u00e9s. Anniversaire du r\u00e9gime tunisien ou \u00ab effet Obama \u00bb ? Une page noire de l\u2019histoire tunisienne se tourne m\u00eame si des centaines d\u2019opposants sont toujours en prison.<\/span><\/b><\/p>\n<p><span lang=\"FR-CH\">Isolda Agazzi\/InfoSud &#8211; \u00ab La co\u00efncidence entre l\u2019\u00e9lection de Barak Obama et la lib\u00e9ration des prisonniers politiques, quelques heures apr\u00e8s, est frappante, reconna\u00eet Abdel Wahab Hani, de la Commission arabe des droits humains. Ben Ali doit avoir un mauvais souvenir des ann\u00e9es Clinton, o\u00f9 la question des droits de l\u2019homme revenait dans presque toutes les d\u00e9clarations de responsables am\u00e9ricains sur la Tunisie. \u00bb<\/span><\/p>\n<p><span lang=\"FR-CH\">C\u2019\u00e9tait le 5 novembre : Safwa Aissa, la pr\u00e9sidente de V\u00e9rit\u00e9 Action, une association bas\u00e9e \u00e0 Fribourg (Suisse), annon\u00e7ait par SMS la fin d\u2019une des pages les plus noires de l\u2019histoire tunisienne : les 21 derniers prisonniers politiques du mouvement Ennahdha venaient d\u2019\u00eatre lib\u00e9r\u00e9s. En 1992, un millier d\u2019activistes de ce parti islamiste interdit avaient \u00e9t\u00e9 condamn\u00e9s \u00e0 de lourdes peines de prison, accus\u00e9s d\u2019avoir voulu prendre le pouvoir par les armes. Le pr\u00e9sident tunisien les avait progressivement lib\u00e9r\u00e9s, \u00e0 l\u2019occasion des anniversaires de sa prise du pouvoir, le 7 novembre 1987.<\/span><\/p>\n<p><span lang=\"FR-CH\">\u00ab C\u2019est un tournant en vue des \u00e9lections de 2009, qui vont \u00eatre tr\u00e8s importantes, estime Mohamed Goumani, de la Ligue tunisienne des droits de l\u2019homme. J\u2019esp\u00e8re que le dernier mandat de Ben Ali va \u00eatre celui de l\u2019ouverture et de la d\u00e9mocratie. \u00bb<\/span><\/p>\n<p><span lang=\"FR-CH\">Mais les probl\u00e8mes des anciens prisonniers restent entiers. \u00ab Ils doivent avoir acc\u00e8s aux soins m\u00e9dicaux, souligne Safwa Aissa, car ils sont atteints de maladies graves, parfois de cancer. Et avoir le droit de travailler. Quant aux exil\u00e9s d\u2019Ennahdha, ils doivent pouvoir rentrer sans conditions. \u00bb Ils seraient plus d\u2019un millier, sans compter femmes et enfants, dont plus de 200 en Suisse.<\/span><\/p>\n<p><span lang=\"FR-CH\">Beaucoup d\u2019opposants croupissent toujours dans les ge\u00f4les tunisiennes. A commencer par une centaine de manifestants du bassin minier de Gafsa, une r\u00e9volte sociale qui agite la Tunisie depuis huit mois. Vingt-trois auraient \u00e9t\u00e9 lib\u00e9r\u00e9s depuis une semaine, mais des dizaines seraient encore en prison et trente-huit en attente de jugement.<\/span><\/p>\n<p><span lang=\"FR-CH\">Zakia Dhifaoui, lib\u00e9r\u00e9e aussi le 5 novembre, avait manifest\u00e9 aux c\u00f4t\u00e9s du peuple des mines. Nous joignons cette journaliste quelques heures apr\u00e8s sa lib\u00e9ration. Elle peine \u00e0 cacher son \u00e9motion : \u00ab J\u2019ai pass\u00e9 trois mois et dix jours \u00e0 la prison de Gafsa. Au d\u00e9but, j\u2019ai \u00e9t\u00e9 viol\u00e9e (voir encadr\u00e9 plus bas) . Aujourd\u2019hui je suis en bonne sant\u00e9, mon moral est bon et je n\u2019ai qu\u2019une id\u00e9e en t\u00eate : continuer mon travail de journaliste et politicienne. Mais je ne sais pas si j\u2019aurai le droit de le faire. \u00bb<\/span><\/p>\n<p><span lang=\"FR-CH\">Les ONG parlent aussi d\u2019un millier de jeunes arr\u00eat\u00e9s depuis deux ans, de fa\u00e7on pr\u00e9ventive, dans le cadre de la lutte anti-terroriste. \u00ab Ces jeunes, souvent au ch\u00f4mage, errent dans un vide social et culturel. La solution, ce n\u2019est pas la r\u00e9pressions, mais un travail d\u2019accompagnement et d\u2019int\u00e9gration \u00bb conclut Goumani.<\/span><\/p>\n<p><b><i><span lang=\"FR-CH\">Zakia Dhifaoui d\u00e9ment avoir \u00e9t\u00e9 viol\u00e9e<\/span><\/i><\/b><\/p>\n<p><i><span lang=\"FR-CH\">Suite \u00e0 notre article \u00ab\u00a0Ben Ali lib\u00e8re les plus anciens prisonniers politiques\u00a0\u00bb (7 novembre), nous avons \u00e9t\u00e9 contact\u00e9s, le 17 novembre, par Mme Zakia Dhifaoui, qui nous a demand\u00e9 de rectifier ses propos.<\/span><\/i><\/p>\n<p><i><span lang=\"FR-CH\">Zakia Dhifaoui affirme ne pas avoir \u00e9t\u00e9 viol\u00e9e dans la prison de Gafsa, comme \u00e9crit dans l\u2019article, mais avoir re\u00e7u \u00ab\u00a0seulement\u00a0\u00bb des \u00ab\u00a0menaces\u00a0\u00bb de viol.<\/span><\/i><\/p>\n<p><b><span lang=\"FR-CH\">(Source\u00a0: \u00ab\u00a0Tribune des Droits Humains\u00a0\u00bb (Suisse), le 7 novembre 2008)<\/span><\/b><\/p>\n<p><b><span lang=\"FR-CH\">Lien\u00a0: <\/span><span lang=\"FR-CH\"><a target=\"_blank\" rel=\"noopener\"><font>http:\/\/www.humanrights-geneva.info\/Tunisie-Ben-Ali-libere-les-plus,3687<\/font><\/a><\/span><\/b><\/p>\n<p>\u00a0<\/p>\n<p><b><span lang=\"FR-CH\">ACTE 2\u00a0: 14 d\u00e9cembre 2008, le site suisse \u00ab\u00a0Tribune des Droits Humains\u00a0\u00bb qui a repris l\u2019article d\u2019INFOSUD publie le texte suivant\u00a0: <\/span><\/b><\/p>\n<p><b><span lang=\"FR-CH\">Droit de r\u00e9ponse : la Tunisie r\u00e9torque \u00e0 Tdh<\/span><\/b><\/p>\n<p><b><span lang=\"FR-CH\">Droit de r\u00e9ponse &#8211; A Madame Isolda Agazzi<\/span><\/b><\/p>\n<p><span lang=\"FR-CH\">Madame<\/span><\/p>\n<p><span lang=\"FR-CH\">Suite \u00e0 l\u2019article intitul\u00e9 \u00ab Tunisie : Ben Ali lib\u00e8re les plus anciens prisonniers politiques \u00bb, nous vous prions de rectifier les multiples all\u00e9gations erron\u00e9es qu\u2019il renferme, et d\u2019informer vos lecteurs des faits suivants :<\/span><\/p>\n<p><span lang=\"FR-CH\">1- Les 21 personnes lib\u00e9r\u00e9es, le 5 novembre 2008, en vertu d\u2019une mesure de gr\u00e2ce pr\u00e9sidentielle, ne sont ni des prisonniers politiques ni des militants d\u2019un mouvement pouvant \u00eatre qualifi\u00e9 de tel, mais plut\u00f4t des condamn\u00e9s de droit commun, reconnus coupables de d\u00e9lits de constitution d\u2019une entente criminelle suivie de perp\u00e9tration d\u2019attentats contre les personnes et les biens, d\u00e9tention et usage d\u2019armes, d\u2019explosifs et de vitriol ayant entra\u00een\u00e9 mort d\u2019homme ainsi que de graves pr\u00e9judices corporels \u00e0 plusieurs victimes innocentes dont des \u00e9trangers. Il s\u2019agit l\u00e0 de d\u00e9lits de droit commun, reconnus comme tels de par le monde et sanctionn\u00e9s par toutes les l\u00e9gislations.<\/span><\/p>\n<p><span lang=\"FR-CH\">2- L\u2019auteur ne semble pas cerner correctement la gravit\u00e9 des actes criminels perp\u00e9tr\u00e9s par des groupuscules extr\u00e9mistes et obscurantistes qui mena\u00e7aient dangereusement la soci\u00e9t\u00e9 tunisienne dans les ann\u00e9es 1990. Il y a lieu, par ailleurs, de rappeler que les poursuites judiciaires d\u00e9clench\u00e9es alors contre ces groupuscules terroristes rejet\u00e9s par la soci\u00e9t\u00e9 tunisienne, n\u2019ont \u00e9t\u00e9 qu\u2019un aspect de la r\u00e9ponse tunisienne \u00e0 l\u2019extr\u00e9misme et au terrorisme, la Tunisie ayant toujours privil\u00e9gi\u00e9 une solution globale \u00e0 ces fl\u00e9aux combinant l\u2019\u00e9ducation, la lutte contre la pauvret\u00e9 et l\u2019enracinement des valeurs de mod\u00e9ration, de tol\u00e9rance et de respect de l\u2019autre.<\/span><\/p>\n<p><span lang=\"FR-CH\">3- L\u2019acc\u00e8s aux soins m\u00e9dicaux et le droit au travail sont des droits fondamentaux garantis \u00e0 tout Tunisien y compris les prisonniers ayant purg\u00e9 leurs peines. Ceux-ci b\u00e9n\u00e9ficient, en outre, de mesures sp\u00e9ciales en vue de faciliter leur r\u00e9insertion dans la soci\u00e9t\u00e9. Les efforts des pouvoirs publics sont \u00e9tay\u00e9s par l\u2019action de la soci\u00e9t\u00e9 civile illustr\u00e9e, entre autres, par le l\u2019action de l\u2019association tunisienne de r\u00e9insertion des anciens d\u00e9tenus dont l\u2019objet est d\u2019aider \u00e0 leur r\u00e9insertion notamment en les int\u00e9grant dans le march\u00e9 du travail<\/span><\/p>\n<p><span lang=\"FR-CH\">4- Il est absolument inappropri\u00e9 de parler \u00ab d\u2019exil\u00e9s \u00bb dans le cas de personnes condamn\u00e9es par les tribunaux et choisissant de r\u00e9sider \u00e0 l\u2019\u00e9tranger afin de se soustraire \u00e0 la justice tunisienne. Du reste, aucun Tunisien n\u2019a \u00e9t\u00e9 contraint de quitter la Tunisie et aucun citoyen ayant choisi de quitter le territoire national n\u2019a jamais \u00e9t\u00e9 interdit d\u2019y retourner.<\/span><\/p>\n<p><span lang=\"FR-CH\">5- S\u2019agissant des \u00e9v\u00e9nements qui avaient eu lieu dans la r\u00e9gion de \u00ab Gafsa \u00bb, il y a lieu de souligner que jamais des poursuites judiciaires n\u2019ont \u00e9t\u00e9 intent\u00e9s contre des \u00ab manifestants pacifiques \u00bb.<\/span><\/p>\n<p><span lang=\"FR-CH\">Les poursuites judiciaires n\u2019ont \u00e9t\u00e9 engag\u00e9es qu\u2019\u00e0 l\u2019encontre de personnes coupables d\u2019actes de violence et de d\u00e9gradation de biens publics et priv\u00e9s, qui ont voulu profiter de ces \u00e9v\u00e8nements pour semer le d\u00e9sordre et le chaos dans la r\u00e9gion. Les personnes d\u00e9f\u00e9r\u00e9es devant la justice se sont rendues coupables, par exemple, de fabrication et d\u2019utilisation de cocktails Molotov, de barres de fer et de b\u00e2tons ainsi que l\u2019installation de barricades sur les voies publiques aussi bien routi\u00e8res que ferroviaires, d\u2019agressions et voies de fait contre les agents de l\u2019ordre, et diffusion de tracts appelant \u00e0 la violence et \u00e0 la r\u00e9bellion.<\/span><\/p>\n<p><span lang=\"FR-CH\">Face \u00e0 de telles d\u00e9rives d\u00e9lictuelles, les autorit\u00e9s d\u2019application de la loi se devaient donc de r\u00e9agir pour prot\u00e9ger les populations de la r\u00e9gion dont la s\u00e9curit\u00e9 \u00e9tait gravement menac\u00e9e. Bon nombre de pr\u00e9venus incarc\u00e9r\u00e9s, dans ce cadre, dont la d\u00e9nomm\u00e9e Zakia Dhifaoui, ont d\u00e9j\u00e0 \u00e9t\u00e9 lib\u00e9r\u00e9es.<\/span><\/p>\n<p><span lang=\"FR-CH\">6- Un passage de l\u2019article m\u00e9rite qu\u2019on s\u2019y attarde particuli\u00e8rement, \u00e0 savoir l\u2019affirmation de Zakia Dhifaoui : \u00ab j\u2019ai \u00e9t\u00e9 viol\u00e9e \u00bb et la n\u00e9gation de ces m\u00eames faits objet du rectificatif ins\u00e9r\u00e9 \u00e0 la fin de l\u2019article. Ceci d\u00e9note du manque de cr\u00e9dibilit\u00e9 d\u2019une personne qui se pr\u00e9tend \u00ab journaliste et politicienne \u00bb, et soutient une chose le matin, et son exact contraire peu apr\u00e8s.<\/span><\/p>\n<p><span lang=\"FR-CH\">7- L\u2019all\u00e9gation \u00ab d\u2019arrestations pr\u00e9ventives \u00bb rel\u00e8ve de la d\u00e9sinformation, par une d\u00e9naturation totale des principes du droit tunisien qui ne permettent l\u2019arrestation d\u2019un citoyen que pour des faits \u00e9tablis. Rappelons \u00e0 cet \u00e9gard que la Constitution tunisienne interdit, depuis l\u2019amendement du 1er juin 2002, \u00ab de soumettre quiconque \u00e0 une garde \u00e0 vue ou \u00e0 une d\u00e9tention arbitraire \u00bb.<\/span><\/p>\n<p><span lang=\"FR-CH\">Vous remerciant de la diligence avec laquelle vous publierez le pr\u00e9sent droit de r\u00e9ponse, veuillez agr\u00e9er, Madame Agazzi, l\u2019expression de mes meilleurs sentiments.<\/span><\/p>\n<p><b><span lang=\"FR-CH\">Monsieur Ridha Kemakhem Coordinateur G\u00e9n\u00e9ral des Droits de l\u2019Homme Minist\u00e8re de la Justice et des Droits de l\u2019Homm<\/span><\/b><\/p>\n<p><b><span lang=\"FR-CH\">(Source\u00a0: \u00ab\u00a0Tribune des Droits Humains\u00a0\u00bb (Suisse), le 14 d\u00e9cembre 2008)<\/span><\/b><\/p>\n<p><b><span lang=\"FR-CH\">Lien\u00a0: <\/span><\/b><span lang=\"FR-CH\"><a target=\"_blank\" rel=\"noopener\"><b><font>http:\/\/humanrights-geneva.info\/Droit-de-reponse-la-Tunisie,3919<\/font><\/b><\/a><\/span><\/p>\n<p><span lang=\"FR-CH\"><\/p>\n<div>\u00a0<\/div>\n<p><\/span><\/div>\n<\/div>\n<div>\n<hr\/>\n<\/div>\n<div>\n<p align=\"center\"><b><span lang=\"FR-CH\"><font>\u00a0<\/font>La fi\u00e8vre du samedi soir<font> &#8211; <\/font><\/span><\/b><\/p>\n<p align=\"center\"><span lang=\"FR-CH\"><strong>Tous les chemins m\u00e8nent \u00e0 Hammamet<\/strong><\/span><\/p>\n<p align=\"center\">\u00a0<\/p>\n<p><span lang=\"FR-CH\">Samedi soir est devenu sacr\u00e9 pour nombreux de nos jeunes. Plusieurs veulent sortir, s&rsquo;amuser et faire la f\u00eate m\u00eame sans moyens. L&rsquo;essentiel est de quitter le ghetto familial. <\/span><\/p>\n<p><span lang=\"FR-CH\">Monique Dagnaud, sociologue affirme dans ce sens que \u00ab Les parents sont tr\u00e8s vigilants sur la vie diurne de leurs enfants, \u00e0 cause de la pression scolaire. <\/span><\/p>\n<p><span lang=\"FR-CH\">Et nettement moins sur la partie nocturne, consid\u00e9r\u00e9e comme une d\u00e9compression, ou une \u00e9chappatoire. Ils n&rsquo;ont pas tr\u00e8s envie de savoir ce qui s&rsquo;y passe, et les jeunes n&rsquo;ont pas tr\u00e8s envie d&rsquo;en parler. \u00bb Samedi, c&rsquo;est la sortie en groupes. Ce sont les retrouvailles avec les amis du quartier ou les copains du lyc\u00e9e ou de la facult\u00e9. On se fixe des rendez-vous pour se rencontrer, se divertir dans un caf\u00e9, un bistrot, un resto ou une bo\u00eete. Tous les chemins m\u00e8nent \u00e0 Rome dit le proverbe et chacun ne recule pas pour concocter un programme sp\u00e9cial. Rien qu&rsquo;\u00e0 ce signe-l\u00e0, on peut reconna\u00eetre que veiller le samedi soir est devenu le privil\u00e8ge de ces jeunes avides de sensations fortes. Ces soir\u00e9es festives sont devenues monnaie courante. B\u00e9chir un jeune branch\u00e9 ne rate pas le week-end \u00ab Samedi soir dit-il c&rsquo;est sacr\u00e9 pour moi. Finis les boums o\u00f9 l&rsquo;on danse et \u00e9coute de la musique en buvant du coca. Je suis devenu adulte et j&rsquo;essaie s&rsquo;il fait beau temps d&rsquo;organiser des sorties avec mes amis. Souvent on sort en bande pour s&rsquo;amuser et s&rsquo;\u00e9clater. Le monde de la nuit me fascine et souvent on va \u00e0 Hammamet pour danser et \u00e9couter de la bonne musique surtout que les bo\u00eetes les plus branch\u00e9es ne manquent pas. \u00bb Samir \u00e9tudiant en droit est fascin\u00e9 par l&rsquo;ambiance du samedi soir \u00ab Je ne r\u00e9siste pas. La tentation est grande. La nuit nous appartient. Samedi c&rsquo;est le moment fort de la semaine. Tout d&rsquo;abord, on d\u00eene ensemble avant de se laisser emporter par la musique house des night-clubs. On est des jeunes, on veut profiter de la vie et rien nous arr\u00eate pour vivre des moments de d\u00e9foulement le samedi soir \u00bb Nahla, jeune cadre travaille dur durant la semaine \u00ab Le samedi c&rsquo;est mon jour de repos, je m&rsquo;organise pour faire la f\u00eate avec mes amis. On navigue sur internet pour choisir notre destination et si on tombe sur un bon programme, on ne rate pas l&rsquo;occasion de se diriger vers un lieu de distraction. Il nous arrive d&rsquo;aller \u00e0 Gammarth \u00e9couter un bon DJ. Parfois, on est tent\u00e9 par les restos et les bo\u00eetes de Hammamet. \u00bb <\/span><\/p>\n<p><span lang=\"FR-CH\">Faire la f\u00eate mais attention aux d\u00e9lires !<\/span><\/p>\n<p><span lang=\"FR-CH\">Nabil, jeune lyc\u00e9en veut sortir mais avoue t-il \u00ab je n&rsquo;ai pas de moyens. Une soir\u00e9e demande beaucoup de sous. J&rsquo;opte souvent pour une soir\u00e9e dans un caf\u00e9 et il m&rsquo;arrive d&rsquo;\u00eatre invit\u00e9 par mon amie. L\u00e0, je ne rate pas l&rsquo;occasion pour aller m&rsquo;\u00e9clater \u00bb <\/span><\/p>\n<p><span lang=\"FR-CH\">H\u00e9di, un jeune fonctionnaire est habitu\u00e9 chaque samedi \u00e0 aller danser dans une bo\u00eete de nuit \u00ab C&rsquo;est pas donn\u00e9, mais je fais du stop pour aller \u00e0 Hammamet. Veiller de nos jours exige beaucoup d&rsquo;argent. J&rsquo;essaie d&rsquo;\u00e9conomiser quelques sous pour chaque week-end. C&rsquo;est la vie je dois suivre mes amis \u00bb <\/span><\/p>\n<p><span lang=\"FR-CH\">Bref, le samedi soir est devenu une occasion de rencontre de toute une jeunesse branch\u00e9e. Mais ceci n&#8217;emp\u00eache pas d&rsquo;\u00eatre prudent et vigilant. Nos jeunes devront faire attention aux d\u00e9rapages. Les risques de la nuit sont nombreux. Les accidents, les disputes, les mauvaises rencontrent constituent des soucis pour les parents, la drogue&#8230; <\/span><\/p>\n<p><span lang=\"FR-CH\">Ces dangers guettent nos jeunes. On assiste parfois \u00e0 des d\u00e9passements voire des d\u00e9lires nocturnes. Les parents font tout pour aider leurs enfants en leur aidant \u00e0 rentrer, \u00e0 ne pas fr\u00e9quenter les mauvais endroits. \u00ab Nous faisons confiance \u00e0 nos enfants. Mais les risques sont grands surtout en mati\u00e8re de circulation. Personnellement, j&rsquo;essaie de veiller tard pour passer prendre mes deux fils de la bo\u00eete de nuit \u00bb nous dit Jalel. <\/span><\/p>\n<p><span lang=\"FR-CH\">A\u00efda m\u00e8re de trois gar\u00e7ons ajoute : \u00ab Personnellement, j&rsquo;essaie d&rsquo;\u00eatre toute proche de mes enfants. Je les surveille de loin. J&rsquo;essaie de les rejoindre par le portable. Il y a toujours des risques. Mais en g\u00e9n\u00e9ral, \u00e7a se passe bien. Que voulez-vous, ces sorties du samedi soir ont leur go\u00fbt particulier et il faut suivre ces tendances. Nos enfants ont besoin de ces quelques heures de d\u00e9tente. Mais ils ne devront pas penser toujours loisirs car cette d\u00e9pendance de ce monde de la nuit ne doit pas se faire aux d\u00e9pens de leurs \u00e9tudes \u00bb <\/span><\/p>\n<p><span lang=\"FR-CH\">Faycal p\u00e8re de quatre enfants souligne \u00ab Je sais que mes fils doivent se connecter \u00e0 cette ambiance. Ils sont calmes et heureusement qu&rsquo;ils ne boivent pas. L\u00e0 je suis tranquille. Mais les impr\u00e9vus peuvent nous surprendre \u00e0 tout moment \u00bb. <\/span><\/p>\n<p><span lang=\"FR-CH\">Bref, le samedi soir, c&rsquo;est toute une jeunesse en f\u00eate, branch\u00e9e et avide de d\u00e9foulement !<\/span><\/p>\n<p><span lang=\"FR-CH\">Curieux n\u00e9anmoins ce que r\u00e9v\u00e8le Monique Dagnaud \u00e0 savoir que les parents ne s&rsquo;inqui\u00e8tent pas de ce que font leurs enfants les samedis-soir. Eux qui sont pointilleux durant toute la semaine. Car la fi\u00e8vre du samedi soir en Tunisie, comme ailleurs est parfois meurtri\u00e8re : conduite en \u00e9tat d&rsquo;\u00e9bri\u00e9t\u00e9, parfois doubl\u00e9e \u00e0 des joints), laxisme des tenanciers des bo\u00eetes de nuit, bagarres, etc. Les samedis-soirs Hammamet grouille de jeunes. Il faut savoir les canaliser, les prot\u00e9ger contre eux-m\u00eames tout en veillant \u00e0 ne pas g\u00e2cher leur f\u00eate.<\/span><\/p>\n<p><b><span lang=\"FR-CH\">Kamel BOUAOUINA<\/span><\/b><\/p>\n<p><b><span lang=\"FR-CH\">(Source\u00a0: \u00ab\u00a0Le Temps\u00a0\u00bb (Quotidien \u2013 Tunis), le 14 d\u00e9cembre 2008)<\/span><\/b><\/p>\n<\/div>\n<p><\/font><strong><\/p>\n<p align=\"center\">\u00a0<\/p>\n<hr\/>\n<p>\u00a0<\/p>\n<p><\/strong><\/span><\/p>\n<p align=\"center\">\u00a0<\/p>\n<p align=\"center\"><b><span lang=\"EN-US\">STOP ATTACKING ISLAM <\/span><\/b><\/p>\n<p><b><span lang=\"EN-US\">Written by Hend Harouni-Tunisia<\/span><\/b><\/p>\n<p align=\"center\"><b><span lang=\"EN-US\">In the name of ALLAH The Merciful<\/span><\/b><\/p>\n<p align=\"center\"><b><span lang=\"EN-US\">And Prayer and Peace Be Upon our Prophet Muhammad<\/span><\/b><\/p>\n<p align=\"center\"><b><span dir=\"rtl\" lang=\"AR-TN\"><font size=\"2\">\u00a0<\/font><\/span><\/b><\/p>\n<p><span lang=\"EN-US\">Sunday 14th December, 2008-16th Dhul Hija, 1429 <\/span><\/p>\n<p><span lang=\"EN-US\">Starting with verses from The Holy Quran in arabic and english versions :<\/span><\/p>\n<p align=\"right\"><font size=\"2\"><b><span dir=\"rtl\" lang=\"AR-SA\">\u0642\u0627\u0644 \u0627\u0644\u0644\u0647 \u062a\u0639\u0627\u0644\u0649 <\/span><span dir=\"rtl\" lang=\"AR-SA\">:\u00a0\u00bb\u0648 \u0642\u062f \u0646\u0632\u0651\u0644 \u0639\u0644\u064a\u0643\u0645 \u0641\u064a \u0627\u0644\u0643\u062a\u0627\u0628 \u0623\u064e\u0646 \u0625\u0650\u0630\u064e\u0627 \u0633\u0645\u0639\u062a\u0645 \u0622\u064a\u0627\u062a \u0627\u0644\u0644\u0647 \u064a\u0643\u0641\u0631 \u0628\u0650\u0647\u0627 \u0648\u064e\u064a\u0633\u062a\u0647\u0632\u0623 \u0628\u0650\u0647\u0627 \u0641\u064e\u0644\u0627 \u062a\u0642\u0639\u062f\u0648\u0627 \u0645\u0639\u0647\u0645 \u062d\u062a\u0649 <\/span><span dir=\"rtl\" lang=\"AR-TN\">\u064a<\/span><span dir=\"rtl\" lang=\"AR-SA\">\u062e\u0648\u0636\u0648\u0627 \u0641\u064a \u062d\u062f\u064a\u062b \u063a\u064a\u0631\u0647 \u0625\u0646\u0651\u0643\u0645 \u0625\u0650\u0630\u064b\u0627 \u0645\u062b\u0644\u0647\u0645 \u0625\u0650\u0646\u0651 \u0627\u0644\u0644\u0647 \u062c\u0627\u0645\u0639 \u0627\u0644\u0652\u0645\u0646\u0627\u0641\u0642\u064a\u0646 \u0648 \u0627\u0644\u0643\u0627\u0641\u0631\u064a\u0646 \u0641\u064a \u062c\u0647\u0646\u0645 \u062c\u0645\u064a\u0639\u0627\u00a0\u00bb. <\/span><span dir=\"rtl\" lang=\"AR-TN\">\u0635\u062f\u0642 \u0627\u0644\u0644\u0647 \u0645\u0648\u0644\u0627\u0646\u0627 \u0627\u0644\u0639\u0638\u064a\u0645\u00a0&#8211; \u0633\u0648\u0631\u0629 \u0627\u0644\u0646\u0633\u0627\u0621 \u0627\u0644\u0622\u064a\u0629 140<\/span><\/b><\/font><\/p>\n<p><b><u><span lang=\"EN-US\">4- \u00a0 Women (Al-Nisa)<\/span><span dir=\"rtl\" lang=\"EN-US\"><font size=\"2\"><\/font><\/span><\/u><span lang=\"EN-US\">[4:140] \u00a0 He has instructed you in the scripture that: if you hear GOD&rsquo;s revelations being mocked and ridiculed, you shall not sit with them, unless they delve into another subject. Otherwise, you will be as guilty as they are. GOD will gather the hypocrites and the disbelievers together in Hell.<\/span><\/b><\/p>\n<p align=\"right\"><span lang=\"EN-US\">&#8211;<span>\u00a0\u00a0\u00a0\u00a0\u00a0\u00a0\u00a0\u00a0<\/span><\/span><span dir=\"ltr\"><b><span dir=\"rtl\" lang=\"AR-SA\">\u0642\u0627\u0644 \u0627\u0644\u0644\u0647 \u062a\u0639\u0627\u0644\u0649 <\/span><\/b><\/span><b><span dir=\"rtl\" lang=\"AR-SA\">:\u00a0\u00bb<\/span><span dir=\"rtl\" lang=\"AR-SA\"><\/span><span dir=\"rtl\" lang=\"AR-SA\">\u0625\u0646 \u062a\u0646\u0635\u0631\u0648\u0627 \u0627\u0644\u0644\u0647 \u064a\u0646\u0635\u0631\u0643\u0645 \u0648 \u064a\u062b\u0628\u062a \u0623\u0642\u062f\u0627\u0645\u0643\u0645\u00a0\u00bb.<\/span><span dir=\"rtl\" lang=\"AR-TN\"> \u0635\u062f\u0642 \u0627\u0644\u0644\u0647 \u0645\u0648\u0644\u0627\u0646\u0627 \u0627\u0644\u0639\u0638\u064a\u0645- \u0633\u0648\u0631\u0629 \u0645\u062d\u0645\u0651\u062f \u0627\u0644\u0622\u064a\u0629<\/span><span dir=\"rtl\" lang=\"AR-TN\"><\/span><span dir=\"rtl\" lang=\"AR-TN\">7<\/span><span lang=\"AR-TN\"><\/span><\/b><\/p>\n<p><b><u><span lang=\"EN-US\">47- \u00a0 Muhammad (Muhammad) <\/span><\/u><span lang=\"EN-US\">[47:7] \u00a0 O you who believe, if you support GOD, He will support you, and strengthen your foothold.<\/span><\/b><\/p>\n<p align=\"right\"><b><span dir=\"rtl\" lang=\"AR-SA\">\u0642\u0627\u0644 \u0627\u0644\u0644\u0647 \u062a\u0639\u0627\u0644\u0649<\/span><span dir=\"rtl\" lang=\"AR-SA\">:<\/span><span dir=\"rtl\" lang=\"AR-SA\"><\/span><span dir=\"rtl\" lang=\"AR-SA\">\u00ab\u00a0<\/span><span dir=\"rtl\" lang=\"AR-TN\">\u0631\u0628\u0646\u0627 \u0625\u0646\u0643 \u0645\u0646 \u062a\u062f\u062e\u0644 \u0627\u0644\u0646\u0627\u0631 \u0641\u0642\u062f \u0623\u062e\u0632\u064a\u062a\u0647 \u0648 <\/span><span dir=\"rtl\" lang=\"AR-SA\">\u0645\u0627 \u0644\u0644\u0638\u0627\u0644\u0645\u064a\u0646 \u0645\u0646 \u0623\u0646\u0635\u0627\u0631\u00a0\u00bb. <\/span><span dir=\"rtl\" lang=\"AR-SA\">\u0635\u062f\u0642 \u0627\u0644\u0644\u0647 \u0627\u0644\u0639\u0638\u064a\u0645 <\/span><span dir=\"rtl\" lang=\"AR-TN\">&#8211; \u0633\u0648\u0631\u0629<\/span><span dir=\"rtl\" lang=\"AR-SA\"> \u0622\u0644 \u0639\u0645\u0631\u0627\u0646 \u0627\u0644\u0622\u064a\u0629 192<\/span><\/b><\/p>\n<p><b><u><span lang=\"EN-US\">3- \u00a0 The Amramites (Al-Imran) <\/span><\/u><span lang=\"EN-US\">[3:192] \u00a0 \u00ab\u00a0Our Lord, whomever You commit to Hell are the ones You have forsaken. Such transgressors have no helpers.<\/span><\/b><\/p>\n<p><span lang=\"EN-US\">I wonder why the so-called special \u201cfreedom of expression\u201d brand made by the same Dutch parliament member whose hobby is but bringing offense to the Holy Quran, to our Sacred Prophet Muhammad Prayer and Peace Be Upon Him, to His honest wives and to all Muslims does not want to stop nor has the intention to, at a time when Dutch authorities still do not take the required convenient measures concerning such gigantic crimes against the Muslim Nation and humanity in general . <\/span><\/p>\n<p><span lang=\"EN-US\">These unreasonable harassing inhuman acts are deplorable from all points of views as already explained in earlier occasions. <\/span><\/p>\n<p><span lang=\"EN-US\">We heard about the expected projection of another cartoon film that this particular person insists on; this time he \u201cdisturbs\u201d our Prophet Muhammad\u2019s highly respected wives through grotesque and shameful scenes; non stop dangerous steps of provocation and humiliation<\/span><span lang=\"EN-US\"><\/span><span lang=\"EN-US\">attempts taken against the entire<\/span><span lang=\"EN-US\"><\/span><span lang=\"EN-US\">Muslim nation and of course such violence has nothing to do with respect of the right of freedom of expression and human rights principles and is but a project to create more clashes between people of such outrageous orientation and Muslims, especially that the present financial world crisis will be more significant in countries like Denmark, Norway and mainly Holland as by having and still accepting to publish such caricatures and films, they will undoubtedly affect\u00a0 their economies by bringing greater deficits and bankruptcies due to extended boycotts of their goods. <\/span><\/p>\n<p><span lang=\"EN-US\">You can not sell your products when insulting people and touching their religion. <\/span><\/p>\n<p><span lang=\"EN-US\">A Tunisian proverb says: \u201cafter being damaged,<span dir=\"rtl\"><\/span>he bought a rifle\u201d. Important businessmen and all concerned sides with economy in the named countries \u00a0who have experienced the grave consequences of the previous committed crimes by the same man, are by all means to stop such crimes to occur and not to content themselves by waiting for the expected new loss in order to call the offender to court.<\/span><\/p>\n<p><span lang=\"EN-US\">Here wisdom, proficiency and important experience require from the basic active components of the economic and financial society in Holland to prove that their interests are not compatible with such dangerous religious conflicts as they but lead to tremendous deficits due to local and overseas boycotting of the country products although a number of businessmen manifested their opposition towards such crimes.<\/span><\/p>\n<p><span lang=\"EN-US\">Another simple example :\u00a0 if ever some one just tried to attack a well sold product at the mere stage of announcing and raising\u00a0 a black campaign justifying that it has to do with \u201cfreedom of expression\u201d, what would be then your immediate reaction? would you accept it and wait till the campaign will be carried out on the ground to \u201clately discover\u201d the reactions and loss or benefit?! to make sure that you will lose your business?! not to call for this campaign maker into court?! and accept your bankruptcy ?!\u2026, I do not think so what I am sure about is that you will never allow such a thing to happen from the start simply because you know that it is idiocy not to stop it. <\/span><\/p>\n<p><span lang=\"EN-US\">The real professional vision requires responsibility to prevent losses whose symptoms are clear.<\/span><\/p>\n<p><span lang=\"EN-US\">The other argument is that we as human beings and Muslims do not accept one\u2019s wife to be ill-treated, so how could we accept it for our Prophet\u2019s wives; we consider them as our Mothers, our example in this life &#8230; Also, here let me suggest that you know about our Prophet\u2019s wives and read studies denying all the accusations that some ruined voices tried and keep trying just like the Dutch parliament member does and you will admire these women , respect them most and learn about the high and noble attitude and behavior of our Prophet Muhammad Prayer and Peace Be Upon Him towards them. He even recommended for the good treatment of women.<\/span><\/p>\n<p><span lang=\"EN-US\">I have another argument for you too, why do you agree to be losers at any percentage; successful businessmen avoid deficit under any percentage value as principle and target achievements when elaborating their action plans. <\/span><\/p>\n<p><span lang=\"EN-US\">Then, what about the offended themselves; that is the Muslims as it has to do with more than business by far! it has to do with their religion and they are not small groups or communities of people and consumers around this world, they are counted around milliards; an extremely important\u00a0 outspread market. <\/span><\/p>\n<p><span lang=\"EN-US\">So, please forget about what this parliament member wants to lead you to. If you want to sell your products and make profits for a solid economy do not allow for a non-marketing policy to take place since \u201cprevention is better than cure\u201d and seriously stop the dangerous acts in question as it does not have to do with some quarrel with an individual or a small group that will soon vanish; but with a whole nation and a registered history. IT IS VERY SERIOUS.<\/span><\/p>\n<p><span lang=\"EN-US\">Such evidences are also applied for any other countries in this world attempting to follow the same policy; agree to be influenced by any side belonging to such dark visions. They have to stop all campaigns of humiliation and shameful films, cartoons, caricatures and violation of our Sacred Quran and all other means to attack ISLAM as our duty is to defend our religion from all kinds of aggressions independently from the nature of the aggressors.<\/span><\/p>\n<p><span lang=\"EN-US\">Here, also I make a call to all Muslims and to non\u2013Muslims whatever their positions in this world to seriously work for putting an end to such old-fashioned practices of attacking ISLAM and our sacred symbols and <span>rites<\/span> and call the wrong doers to court as they reinforce hatred and everlasting conflicts which are not for the benefit of the offenders before the offended and such practices increase wars and produce what some of them call \u201cterrorism\u201d. <\/span><\/p>\n<p><span lang=\"EN-US\">Prosperity can never be realized under the pretense of attacking ISLAM as this is ALLAH\u2019s law.<\/span><\/p>\n<p><span lang=\"EN-US\">Salam.<\/span><\/p>\n<\/div>\n<\/div>\n<\/div>\n<\/div>\n<p>\u00a0<\/p><\/div>\n<p><\/font><\/p>\n<p align=\"center\" dir=\"ltr\">\u00a0<\/p>\n<p align=\"center\" dir=\"ltr\">\n<h3 style=\"color: blue;\"><font face=\"Arial\" size=\"2\"><strong><b><a href=\"http:\/\/www.tunisnews.net\/\"><font face=\"Arial\"><span><font size=\"2\">Home<\/font><\/span><font size=\"2\"><span lang=\"FR-CH\"> &#8211; Accueil <\/span><span>&#8211; <\/span><\/font><\/font><span dir=\"rtl\" lang=\"AR-SA\"><font size=\"2\">\u0627\u0644\u0631\u0626\u064a\u0633\u064a\u0629<\/font><\/span><\/a><\/b><\/strong><\/font><\/h3>\n<\/p>\n<p><\/body><\/body><\/html><\/p>\n","protected":false},"excerpt":{"rendered":"<p>Home &#8211; Accueil TUNISNEWS 8\u00a0\u00e8me ann\u00e9e,N\u00b0\u00a03127 du 14.12.2008 \u00a0archives : www.tunisnews.net\u00a0\u00a0 CCTE: Zakia Dhifaoui victime d&rsquo;attouchement s sexuels et menac\u00e9e de viol &#8211; Ben Ali doit \u00eatre jug\u00e9 pour crimes contre l&rsquo;humanit\u00e9 AFP: Un Tunisien expuls\u00e9 d&rsquo;Italie en d\u00e9pit de l&rsquo;opposition de la Cour europ\u00e9enne ASNA: TERRORISMO: ESPULSO IMAM CREMONA MOURAD TRABELSI Tunisie: interpellations lors [&hellip;]<\/p>\n","protected":false},"author":1,"featured_media":22040,"comment_status":"open","ping_status":"open","sticky":false,"template":"","format":"standard","meta":{"inline_featured_image":false,"site-sidebar-layout":"default","site-content-layout":"","ast-site-content-layout":"default","site-content-style":"default","site-sidebar-style":"default","ast-global-header-display":"","ast-banner-title-visibility":"","ast-main-header-display":"","ast-hfb-above-header-display":"","ast-hfb-below-header-display":"","ast-hfb-mobile-header-display":"","site-post-title":"","ast-breadcrumbs-content":"","ast-featured-img":"","footer-sml-layout":"","ast-disable-related-posts":"","theme-transparent-header-meta":"","adv-header-id-meta":"","stick-header-meta":"","header-above-stick-meta":"","header-main-stick-meta":"","header-below-stick-meta":"","astra-migrate-meta-layouts":"default","ast-page-background-enabled":"default","ast-page-background-meta":{"desktop":{"background-color":"","background-image":"","background-repeat":"repeat","background-position":"center center","background-size":"auto","background-attachment":"scroll","background-type":"","background-media":"","overlay-type":"","overlay-color":"","overlay-opacity":"","overlay-gradient":""},"tablet":{"background-color":"","background-image":"","background-repeat":"repeat","background-position":"center center","background-size":"auto","background-attachment":"scroll","background-type":"","background-media":"","overlay-type":"","overlay-color":"","overlay-opacity":"","overlay-gradient":""},"mobile":{"background-color":"","background-image":"","background-repeat":"repeat","background-position":"center center","background-size":"auto","background-attachment":"scroll","background-type":"","background-media":"","overlay-type":"","overlay-color":"","overlay-opacity":"","overlay-gradient":""}},"ast-content-background-meta":{"desktop":{"background-color":"var(--ast-global-color-5)","background-image":"","background-repeat":"repeat","background-position":"center center","background-size":"auto","background-attachment":"scroll","background-type":"","background-media":"","overlay-type":"","overlay-color":"","overlay-opacity":"","overlay-gradient":""},"tablet":{"background-color":"var(--ast-global-color-5)","background-image":"","background-repeat":"repeat","background-position":"center center","background-size":"auto","background-attachment":"scroll","background-type":"","background-media":"","overlay-type":"","overlay-color":"","overlay-opacity":"","overlay-gradient":""},"mobile":{"background-color":"var(--ast-global-color-5)","background-image":"","background-repeat":"repeat","background-position":"center center","background-size":"auto","background-attachment":"scroll","background-type":"","background-media":"","overlay-type":"","overlay-color":"","overlay-opacity":"","overlay-gradient":""}},"footnotes":""},"categories":[],"tags":[64,39,29],"class_list":["post-15318","post","type-post","status-publish","format-standard","has-post-thumbnail","hentry","tag-64","tag-39","tag-fr"],"_links":{"self":[{"href":"https:\/\/tunisnews.net\/ar\/wp-json\/wp\/v2\/posts\/15318","targetHints":{"allow":["GET"]}}],"collection":[{"href":"https:\/\/tunisnews.net\/ar\/wp-json\/wp\/v2\/posts"}],"about":[{"href":"https:\/\/tunisnews.net\/ar\/wp-json\/wp\/v2\/types\/post"}],"author":[{"embeddable":true,"href":"https:\/\/tunisnews.net\/ar\/wp-json\/wp\/v2\/users\/1"}],"replies":[{"embeddable":true,"href":"https:\/\/tunisnews.net\/ar\/wp-json\/wp\/v2\/comments?post=15318"}],"version-history":[{"count":0,"href":"https:\/\/tunisnews.net\/ar\/wp-json\/wp\/v2\/posts\/15318\/revisions"}],"wp:featuredmedia":[{"embeddable":true,"href":"https:\/\/tunisnews.net\/ar\/wp-json\/wp\/v2\/media\/22040"}],"wp:attachment":[{"href":"https:\/\/tunisnews.net\/ar\/wp-json\/wp\/v2\/media?parent=15318"}],"wp:term":[{"taxonomy":"category","embeddable":true,"href":"https:\/\/tunisnews.net\/ar\/wp-json\/wp\/v2\/categories?post=15318"},{"taxonomy":"post_tag","embeddable":true,"href":"https:\/\/tunisnews.net\/ar\/wp-json\/wp\/v2\/tags?post=15318"}],"curies":[{"name":"wp","href":"https:\/\/api.w.org\/{rel}","templated":true}]}}