{"id":15297,"date":"2006-11-19T00:00:00","date_gmt":"2006-11-19T00:00:00","guid":{"rendered":"https:\/\/tunisnews.net\/19-novembre-2006\/"},"modified":"2006-11-19T00:00:00","modified_gmt":"2006-11-19T00:00:00","slug":"19-novembre-2006","status":"publish","type":"post","link":"https:\/\/tunisnews.net\/ar\/19-novembre-2006\/","title":{"rendered":"19 novembre 2006"},"content":{"rendered":"<p><html><head><meta content=\"text\/html\" description=\"        \u00e0 la prison de Mehdia pour exiger leur lib\u00e9ration (ils viennent de        passer plus de quinze ann\u00e9es pendant lesquelles ils ont go\u00fbt\u00e9 \u00e0        toutes les formes de l\u2019incarc\u00e9ration, en vertu d\u2019un jugement        prononc\u00e9 contre eux pour appartenance au mouvement de la Nahdha au        terme d\u2019un proc\u00e8s dont tous les observateurs s\u2019accordent \u00e0 dire        qu\u2019il n\u2019\u00e9tait pas \u00e9quitable), au terme de l\u2019attente et du        calvaire de leurs familles, l\u2019administration de la prison a d\u00e9cid\u00e9        de les s\u00e9parer. Abdelhamid Jelassi et Bouraoui Makhlouf ont \u00e9t\u00e9        transf\u00e9r\u00e9s, vers la prison de Messaadine pour le premier le 11        novembre 2006. La derni\u00e8re visite que lui avait rendue sa famille \u00e9tait        ant\u00e9rieure son transfert, cette derni\u00e8re s\u2019est donc rendue \u00e0 la        prison de Messaadine aujourd\u2019hui 18 novembre, mais l\u2019administration        n\u2019a pas autoris\u00e9 la visite pr\u00e9textant que le prisonnier refusait. Sa        famille, n\u2019ayant aucune nouvelle de lui depuis plus d\u2019une semaine,        l\u2019a cru perdu et a redout\u00e9 le pire, \u00e0 cause de la gr\u00e8ve de la faim        qu\u2019il m\u00e8ne depuis treize jours. (\u2026) L\u2019\u00e9pouse du prisonnier,        Monia Jelassi, a contact\u00e9 les structures de d\u00e9fense des droits de        l\u2019homme par t\u00e9l\u00e9phone, notamment le Comit\u00e9 Sup\u00e9rieur des Droits de        l\u2019Homme qui s\u2019est excus\u00e9 de ne pouvoir la recevoir ni m\u00eame        s\u2019entretenir avec elle par t\u00e9l\u00e9phone et lui a dit de demander un        rendez-vous au pr\u00e9alable.\" http-equiv=\"Content-Type\"\/><\/head><body><body><\/p>\n<p align=\"center\" dir=\"ltr\"><b><a href=\"https:\/\/tunisnews.net\/ar\/\"><span>Home<\/span><span lang=\"FR-CH\">&#8211; Accueil <\/span><span>&#8211; <\/span><span dir=\"rtl\" lang=\"AR-SA\">\u0627\u0644\u0631\u0626\u064a\u0633\u064a\u0629<\/span><\/a><\/b><\/p>\n<div> <font face=\"Arial\" size=\"2\">\u00a0<\/font> <\/p>\n<table border=\"1\" width=\"100%\">\n<tbody>\n<tr>\n<td bgcolor=\"#efefef\" width=\"100%\"><span lang=\"AR-SA\"> <\/p>\n<div align=\"left\">  <\/div>\n<div> <span lang=\"FR\"> <\/p>\n<div align=\"center\" dir=\"ltr\"> <font face=\"Arial\" size=\"2\"><span lang=\"SV\"><strong>TUNISNEWS<\/strong><\/span><\/font> <\/div>\n<div align=\"center\" dir=\"ltr\"> <strong><font face=\"Arial\" size=\"2\">7\u00a0\u00e8me\u00a0ann\u00e9e,              <span lang=\"FR\">N\u00b0\u00a02372 du 19.11.2006<\/span><\/font><\/strong> <\/div>\n<p> <strong> <\/p>\n<div align=\"center\" dir=\"ltr\"> <b><span><font face=\"Arial\" size=\"2\">\u00a0archives              : <\/font><a href=\"javascript:ol('http:\/\/www.tunisnews.net\/');\"><font face=\"Arial\" size=\"2\">www.tunisnews.net<\/font><\/a><\/span><\/b><font face=\"Arial\" size=\"2\"> <\/font><\/div>\n<div align=\"center\" dir=\"ltr\">\n<hr\/><\/div>\n<div align=\"left\" dir=\"ltr\"> <span lang=\"FR\"><font size=\"3\"><span dir=\"rtl\" lang=\"AR-SA\"><span lang=\"FR\"><strong><font>AISPP:              Communiqu\u00e9<\/font>               Abdelhamid Sgha\u00efer: Reprise de la gr\u00e8ve de la faim               <\/p>\n<h2 style=\"color: red;\"><font>Communaut\u00e9 Tunisienne au Qatar: Lettre au              Pr\u00e9sident\u00a0 Zine El Abbidine Ben Ali<\/font><\/h2>\n<p>               La Presse: Making Of de Nouri Bouzid remporte le Tanit d\u2019Or               <\/p>\n<p><font>La Presse: Chambre des D\u00e9put\u00e9s &#8211; Audition              du ministre de l\u2019Int\u00e9rieur et du D\u00e9veloppement local<\/font><\/p>\n<p><\/strong><\/span> <\/span><\/font><\/span><\/div>\n<p> <\/strong><\/span> <\/div>\n<p> <\/span><\/td>\n<\/tr>\n<\/tbody>\n<\/table>\n<div>    \u00a0  <\/div>\n<div> <strong><font>Un reportage sur<\/font><\/p>\n<h2 style=\"color: red;\"><font>les droits de l&rsquo;homme en Tunisie<\/font><\/h2>\n<p><\/strong><font><strong>    sera diffus\u00e9 le mercredi 22 novembre sur RTBF SAT \u00e0 20h10 et rediffus\u00e9 le    vendredi \u00e0 13h55          <\/strong><\/font><font><strong>La RTBF SAT; est \u00e9mise en    clair et en num\u00e9rique 24h\/24 sur le satellite\u00a0<\/strong><font size=\"4\"> <\/font><span><a href=\"javascript:ol('http:\/\/fr.wikipedia.org\/wiki\/Astra');\" title=\"Astra\"><span lang=\"FR\">Astra<\/span><\/a><\/span><span lang=\"FR\">\u00a0<\/span><strong>    1KR 19,2\u00b0E (10832,25 MHz).<\/strong><\/font> <\/p>\n<div align=\"justify\"> <font><strong>20:15       Mercredi       22\/11\/2006<\/strong> <\/font><\/div>\n<div align=\"justify\"> <strong> <\/p>\n<hr\/>\n<p> <\/strong> <\/div>\n<p> <font> <\/p>\n<div align=\"center\"> <font face=\"Arial\" size=\"2\"><strong><font>Sauvez la vie        de Mohammed Abbou         Sauvez la vie de tous les prisonniers politiques         <\/font><\/strong>\u00a0         <strong><font>Association Internationale de Soutien aux        Prisonniers Politiques<\/font><\/strong>         33 rue Mokhtar Atya, 1001, Tunis         Tel : 71 340 860, Fax : 71 354 984                  <strong><font size=\"3\">Communiqu\u00e9<\/font><\/strong><\/font> <\/div>\n<div align=\"justify\">        \u00a0      <\/div>\n<div align=\"justify\"> <font face=\"Arial\" size=\"2\">A la suite de la gr\u00e8ve de la faim observ\u00e9e        depuis le 5 novembre 2006 par les prisonniers politiques <strong><font>Abdelhamid        Jelassi, Bouraoui Makhlouf, H\u00e9di Ghali et Mohammed Salah Gsouma<\/font><\/strong>        \u00e0 la prison de Mehdia pour exiger leur lib\u00e9ration (ils viennent de        passer plus de quinze ann\u00e9es pendant lesquelles ils ont go\u00fbt\u00e9 \u00e0        toutes les formes de l\u2019incarc\u00e9ration, en vertu d\u2019un jugement        prononc\u00e9 contre eux pour appartenance au mouvement de la Nahdha au        terme d\u2019un proc\u00e8s dont tous les observateurs s\u2019accordent \u00e0 dire        qu\u2019il n\u2019\u00e9tait pas \u00e9quitable), au terme de l\u2019attente et du        calvaire de leurs familles, l\u2019administration de la prison a d\u00e9cid\u00e9        de les s\u00e9parer. Abdelhamid Jelassi et Bouraoui Makhlouf ont \u00e9t\u00e9        transf\u00e9r\u00e9s, vers la prison de Messaadine pour le premier le 11        novembre 2006. La derni\u00e8re visite que lui avait rendue sa famille \u00e9tait        ant\u00e9rieure son transfert, cette derni\u00e8re s\u2019est donc rendue \u00e0 la        prison de Messaadine aujourd\u2019hui 18 novembre, mais l\u2019administration        n\u2019a pas autoris\u00e9 la visite pr\u00e9textant que le prisonnier refusait. Sa        famille, n\u2019ayant aucune nouvelle de lui depuis plus d\u2019une semaine,        l\u2019a cru perdu et a redout\u00e9 le pire, \u00e0 cause de la gr\u00e8ve de la faim        qu\u2019il m\u00e8ne depuis treize jours. (\u2026) L\u2019\u00e9pouse du prisonnier,        Monia Jelassi, a contact\u00e9 les structures de d\u00e9fense des droits de        l\u2019homme par t\u00e9l\u00e9phone, notamment le Comit\u00e9 Sup\u00e9rieur des Droits de        l\u2019Homme qui s\u2019est excus\u00e9 de ne pouvoir la recevoir ni m\u00eame        s\u2019entretenir avec elle par t\u00e9l\u00e9phone et lui a dit de demander un        rendez-vous au pr\u00e9alable.         Quant \u00e0 Bouraoui Makhlouf, il a \u00e9t\u00e9 transf\u00e9r\u00e9 \u00e0 la prison de        Monastir. Madame Souhe\u00efla Makhlouf nous a inform\u00e9s qu\u2019elle avait pu        rendre visite \u00e0 son mari mardi dernier, qu\u2019il poursuivait sa gr\u00e8ve        de la faim et que son \u00e9tat de sant\u00e9 s\u2019en ressentait. Elle attend        avec impatience mardi prochain pour \u00eatre rassur\u00e9e sur son \u00e9tat, ne        disposant que de ce moyen pour avoir de ses nouvelles, puisque la prison        interdit tout contact avec les familles en dehors des jours de visite et        puisque les lettres ne parviennent qu\u2019au bout d\u2019un mois, et encore,        si elles ont \u00e9t\u00e9 autoris\u00e9es \u00e0 \u00eatre exp\u00e9di\u00e9es au terme d\u2019un        contr\u00f4le tatillon. Elle vit dans l\u2019angoisse, depuis que mardi dernier        il lui a annonc\u00e9 qu\u2019il continuait sa gr\u00e8ve.         L\u2019AISPP a appris que l\u2019administration de la prison de Mehdia        maintenait les prisonniers politiques H\u00e9di Ghali et Mohammed Salah        Gsouma en isolement total et qu\u2019ils continuaient leur gr\u00e8ve de la        faim.         (\u2026)         Le Pr\u00e9sident de l\u2019Association         <strong><font>Ma\u00eetre Mohammed Nouri<\/font><\/strong> <font>(traduction d\u2019extraits ni revue ni corrig\u00e9e par        les auteurs de la version originale, LT)<\/font><\/font> <\/div>\n<div align=\"center\">\n<hr\/><\/div>\n<div align=\"center\">        \u00a0      <\/div>\n<div align=\"center\"> <font face=\"Arial\" size=\"2\"><strong><font>Sauvez la vie        de Mohammed Abbou         Sauvez la vie de tous les prisonniers politiques         <\/font><font>\u00a0         Association Internationale de Soutien aux Prisonniers Politiques<\/font><\/strong>         33 rue Mokhtar Atya, 1001, Tunis         Tel : 71 340 860, Fax : 71 354 984                  <strong><font size=\"3\">Communiqu\u00e9<\/font><\/strong> <\/font><\/div>\n<div align=\"justify\">                     La famille du prisonnier d\u2019opinion <strong><font>Sahl          Beldi<\/font><\/strong>, actuellement \u00e0 la prison de Mornaguia en vertu          de la loi antiterroriste, nous a inform\u00e9s qu\u2019il avait commenc\u00e9 une          gr\u00e8ve de la faim le jeudi 9 novembre pour exiger l\u2019am\u00e9lioration de          ses conditions d\u2019incarc\u00e9ration. Sa famille a pu lui rendre visite          le 16 novembre 2006 : sa sant\u00e9 s\u2019est d\u00e9t\u00e9rior\u00e9e et la station          debout lui occasionne des pertes de conscience.           Le Pr\u00e9sident de l\u2019Association           <strong><font>Ma\u00eetre Mohammed Nouri<\/font><\/strong> <font>(traduction ni revue ni corrig\u00e9e par les          auteurs de la version originale, LT)          <\/font><\/div>\n<div align=\"justify\">\n<hr\/><\/div>\n<div align=\"center\"> <font>Au nom de Dieu seul             <strong><font>Communiqu\u00e9<\/font><\/strong> <strong><\/p>\n<h2 style=\"color: red;\"><font>Reprise de la gr\u00e8ve de la faim<\/font><\/h2>\n<p><\/strong><font face=\"Arial\" size=\"2\"> <\/font><\/font><\/div>\n<div align=\"justify\">                             Tunis, le 17 d\u00e9cembre               Moi, Abdelhamid Sgha\u00efer, \u00e9tudiant en troisi\u00e8me cycle, porte \u00e0              la connaissance de l\u2019opinion publique nationale et              internationale qu\u2019\u00e0 la suite de ma gr\u00e8ve de la faim men\u00e9e du              13 octobre au 2 novembre pour protester contre le proc\u00e8s exp\u00e9ditif              qui m\u2019a \u00e9t\u00e9 inflig\u00e9 pour avoir d\u00e9fendu le droit de mes coll\u00e8gues              \u00e9tudiantes voil\u00e9es \u00e0 rentrer dans la fac de sciences de Tunis              et pour revendiquer mon droit \u00e0 un passeport (j\u2019en ai fait la              demande le 27 avril 2006), j\u2019avais re\u00e7u la promesse de              l\u2019autorit\u00e9 concern\u00e9e que ce dernier me serait d\u00e9livr\u00e9 le              jour o\u00f9 je cesserai ma gr\u00e8ve, d\u2019apr\u00e8s l\u2019un des responsables              s\u00e9curitaires qui m\u2019avait contact\u00e9 sur le lieu de la gr\u00e8ve.               Persuad\u00e9 que le combat repose sur un a priori positif face \u00e0              toute initiative tentant de solutionner un probl\u00e8me de droits et              de libert\u00e9s, ayant enregistr\u00e9 cette promesse, j\u2019avais d\u00e9cid\u00e9              de suspendre ma gr\u00e8ve dans l\u2019espoir que les parties concern\u00e9es              la tiendraient.               Pourtant quinze jours se sont \u00e9coul\u00e9s et j\u2019ai toujours pas              obtenu mon passeport. Je n\u2019ai rencontr\u00e9 aupr\u00e8s de ceux qui              m\u2019avaient contact\u00e9 et promis de r\u00e9soudre le probl\u00e8me que des              atermoiements. Je suis convaincu que leur engagement n\u2019\u00e9tait              qu\u2019une man\u0153uvre visant \u00e0 m\u2019\u00e9loigner de la capitale pendant              les festivit\u00e9s du 7 novembre.               Face \u00e0 cette \u00e9volution, j\u2019annonce :               1)\u00a0\u00a0\u00a0\u00a0\u00a0 que je reprends la gr\u00e8ve de la              faim               2)\u00a0\u00a0\u00a0\u00a0\u00a0 que je suis d\u00e9termin\u00e9 \u00e0 la              poursuivre jusqu\u2019\u00e0 l\u2019obtention de mon passeport               3)\u00a0\u00a0\u00a0\u00a0\u00a0 que je fais endosser aux autorit\u00e9s              responsables l\u2019enti\u00e8re responsabilit\u00e9 des complications qui              pourraient survenir et exhorte les forces politiques et d\u00e9mocratiques              \u00e0 me soutenir pour faire aboutir ma revendication.               <strong><font>Abdelhamid Sgha\u00efer<\/font><\/strong>                              Pour t\u00e9moigner de votre solidarit\u00e9               Sur le lieu de la gr\u00e8ve : rue Sidi Soufiane \u2013centre ville,              immeuble n\u00b025 appartement 8                              absghaier@yahoo.fr                              <font>(traduction ni revue ni corrig\u00e9e par              l&rsquo;auteur de la version en arabe, LT)<\/font> <\/div>\n<p> <\/font> <\/p>\n<div align=\"justify\">            \u00a0          <\/div>\n<div align=\"justify\"> <font> <\/p>\n<p dir=\"rtl\"><span lang=\"FR\"> <\/p>\n<hr\/>\n<p> <\/span> <\/p>\n<p><span lang=\"FR\">\u00a0<\/span><\/p>\n<p align=\"center\"><b><span lang=\"FR\"><font size=\"3\">A        Son Excellence Monsieur Le Pr\u00e9sident De La R\u00e9publique Tunisienne Zine        El Abbidine Ben Ali.<\/font><\/span><\/b><\/p>\n<p><i><u><span lang=\"FR\">Doha,        le 19 Novembre 2006<\/span><\/u><\/i><\/p>\n<p><span lang=\"FR\">Monsieur        Le Pr\u00e9sident, le pays vient de f\u00eater le 19ieme anniversaire du        changement et tout le peuple a \u00e9t\u00e9 implique dans ces festivit\u00e9s aussi        bien a l\u2019int\u00e9rieur qu\u2019a l\u2019ext\u00e9rieur du pays pour savourer le go\u00fbt        de ces ann\u00e9es de prosp\u00e9rit\u00e9 surtout pour les communaut\u00e9s a l\u2019\u00e9tranger        qui ont \u0153uvr\u00e9<span>\u00a0 <\/span>pour que cet anniversaire soit        marquant.<\/span><\/p>\n<p><span lang=\"FR\">Or        pour nous Tunisiens r\u00e9sidents au Qatar on n\u2019\u00e9tait pas concern\u00e9 par        ces festivit\u00e9s vu les circonstances que vous connaissez et on        s\u2019attendait a ce que l\u2019administration de notre \u00e9cole Tunisienne        comble le vide cr\u00e9e par l\u2019absence de notre ambassade mais en vain au        contraire notre coordinateur g\u00e9n\u00e9ral<span>\u00a0 <\/span>a profite de        cette noble occasion pour diffuser sur les journaux de la place (voir        journal Asharq du 09\/11) des informations mensong\u00e8res indiquant que        l\u2019\u00e9cole a organise toute une semaine de festivit\u00e9s en impliquant les        \u00e9l\u00e8ves et leurs parents et que Mr le coordinateur a prononce une        allocution en cette occasion en notre pr\u00e9sence ce qui est compl\u00e8tement        faux et l\u2019\u00e9cole n\u2019a rien organise en ce 19ieme anniversaire.<\/span><\/p>\n<p><span lang=\"FR\">Monsieur        Le Pr\u00e9sident ce malhonn\u00eate responsable ne pourra jamais \u0153uvrer pour        le bien de notre ch\u00e8re patrie car l\u2019image de marque de notre pays        importe peu pour lui et il n\u2019est obs\u00e8de que par ses int\u00e9r\u00eats        personnels et tous les d\u00e9lits commis en font la preuve.<\/span><\/p>\n<p><span lang=\"FR\">Monsieur,        dans la situation actuelle en l\u2019absence de notre ambassadeur a Doha        notre communaut\u00e9 et surtout l\u2019\u00e9cole<span>\u00a0 <\/span>est affronte        a des obstacles majeurs quotidiens engendres par la pr\u00e9sence sans contr\u00f4le        de ce responsable opportuniste malhonn\u00eate.<\/span><\/p>\n<p><span lang=\"FR\">Dans        l\u2019attente des solutions ad\u00e9quates veuillez agr\u00e9er Monsieur Le Pr\u00e9sident        nos sinc\u00e8res f\u00e9licitations et nos profonds respects.<\/span><\/p>\n<p><b><span lang=\"FR\">Au        nom de la communaut\u00e9 Tunisienne au Qatar<span>\u00a0\u00a0\u00a0        <\/p>\n<hr\/>\n<p>        \u00a0\u00a0\u00a0\u00a0\u00a0\u00a0\u00a0<\/span><\/span><\/b> <\/p>\n<p align=\"center\"><b><span lang=\"FR\"><font size=\"3\">Cl\u00f4ture        et palmar\u00e8s des JCC 2006<\/font><\/span><\/b><\/p>\n<p align=\"center\"><b><span lang=\"FR\"><font size=\"3\">Making        Of de Nouri Bouzid remporte le Tanit d\u2019Or<\/font><\/span><\/b><\/p>\n<p><span lang=\"FR\">La        Presse \u2014 Le rideau est tomb\u00e9 hier soir sur la 21e session des Journ\u00e9es        cin\u00e9matographiques de Carthage qui s\u2019est tenue du 11 au 18 novembre.<\/span><\/p>\n<p><span lang=\"FR\">Et        les jurys des comp\u00e9titions cin\u00e9ma et vid\u00e9o ont livr\u00e9 le secret de        leur palmar\u00e8s.<\/span><\/p>\n<p><span lang=\"FR\">\u2014        La comp\u00e9tition cin\u00e9ma<\/span><\/p>\n<p><span lang=\"FR\">Le        jury de cette comp\u00e9tition pr\u00e9sid\u00e9 par l\u2019\u00e9crivain et critique        libanais Elias Khoury a, dans une ambiance tr\u00e8s sobre, avant de        proclamer le palmar\u00e8s, fait trois recommandations : une meilleure s\u00e9lection        des films en comp\u00e9tition, la n\u00e9cessit\u00e9 pour les \u0153uvres cin\u00e9matographiques        d\u2019aller \u00e0 la rencontre du public sans l\u2019intervention de la censure.        \u00ab<i>L\u2019artiste, <\/i>estime-t-il,<i> est la conscience de sa soci\u00e9t\u00e9        et devrait de ce fait cr\u00e9er librement, l\u2019art \u00e9tant un autre nom de        la libert\u00e9, voire son nom le plus noble\u00bb<\/i>. Enfin, le pr\u00e9sident du        jury a appel\u00e9 \u00e0 <i>\u00abce que les JCC aient une structure ind\u00e9pendante        et libre soutenue par l\u2019Etat\u00bb.<\/i><\/span><\/p>\n<p><span lang=\"FR\">Place        maintenant au palmar\u00e8s qui a \u00e9t\u00e9 proclam\u00e9 par M. Elias Khoury mais h\u00e9las        sans jamais indiquer les crit\u00e8res de choix du jury quant aux films r\u00e9compens\u00e9s.        Aucune indication, aucune justification. Etrange tout de m\u00eame.<\/span><\/p>\n<p><span lang=\"FR\">En        octroyant le Tanit d\u2019or \u00e0 <i>Making Of <\/i>de Nouri Bouzid, le jury a        affich\u00e9 la volont\u00e9 de r\u00e9compenser en quelque sorte une \u0153uvre qui        traite d\u2019un sujet, voire d\u2019un probl\u00e8me \u00e9voqu\u00e9 frontalement et        dont souffre tout le monde arabo-islamique : l\u2019extr\u00e9misme,        l\u2019obscurantisme religieux, la manipulation des esprits, l\u2019assassinat        de la r\u00e9flexion, des arts et de la spiritualit\u00e9, \u00e0 des fins purement        politiques. C\u2019est en hommage \u00e0 la libert\u00e9 de cr\u00e9ation et de pens\u00e9e        et contre la peur et le terrorisme intellectuel que le jury a        probablement octroy\u00e9 la r\u00e9compense supr\u00eame \u00e0 <i>Making Of, <\/i>th\u00e9matique,        l\u2019on suppose, d\u00e9terminante dans le choix du jury.<\/span><\/p>\n<p><span lang=\"FR\">Notons        que le cin\u00e9ma tunisien renoue avec la r\u00e9compense supr\u00eame 12 ans apr\u00e8s        <i>Les silences du palais <\/i>de Moufida Tlatli.<\/span><\/p>\n<p><span lang=\"FR\">En        recevant son deuxi\u00e8me Tanit d\u2019or 20 ans apr\u00e8s <i>L\u2019homme de        cendres,<\/i> dans une ambiance de liesse, Nouri Bouzid a d\u00e9di\u00e9 ce prix        au public en l\u00e2chant : \u00ab<i>C\u2019est une victoire contre la peur<\/i>\u00bb.<\/span><\/p>\n<p><span lang=\"FR\">Les        deux laur\u00e9ats pour ce m\u00eame film : Lotfi Abdelli, ayant rafl\u00e9 le prix        d\u2019interpr\u00e9tation masculine amplement m\u00e9rit\u00e9, et Fatma Ben Sa\u00efdane,        prix du second r\u00f4le f\u00e9minin, ont \u00e9galement tous deux d\u00e9di\u00e9 leur        prix aux <i>\u00abcr\u00e9ateurs tunisiens qui se battent pour un art libre\u00bb.<\/i><\/span><\/p>\n<p><span lang=\"FR\">Quant        au Tanit d\u2019argent, disons que si l\u2019on ne comprend pas trop les        raisons qui ont pouss\u00e9 le jury de cette 21e session \u00e0 le d\u00e9cerner \u00e0 <i>Daratt        <\/i>(saison s\u00e8che) du Tchadien Mahamat Salah Haroun, tant le film est        soporifique, l\u2019on pourrait l\u2019expliquer, en dehors de toute        explication du jury, par le d\u00e9sir d\u2019\u00e9quilibrer le palmar\u00e8s entre le        cin\u00e9ma d\u2019Afrique du Nord arabe et le cin\u00e9ma d\u2019Afrique noire.<\/span><\/p>\n<p><span lang=\"FR\">Le        Tanit de bronze d\u00e9cern\u00e9 \u00e0 <i>Attente <\/i>(Intidhar), du cin\u00e9aste        palestinien Rachid Masharaoui, r\u00e9compense un cin\u00e9ma de la r\u00e9sistance        qui, malgr\u00e9 toutes les vicissitudes, les obstacles de tous ordres :        politiques (les agressions et l\u2019arrogance sans limite de l\u2019occupant)        et culturels, poursuit son combat pour l\u2019\u00e9closion de l\u2019art, donc de        la vie.<\/span><\/p>\n<p><span lang=\"FR\">En        tout cas, ce long m\u00e9trage aurait plut\u00f4t m\u00e9rit\u00e9 le Tanit d\u2019argent.<\/span><\/p>\n<p><span lang=\"FR\">En        d\u00e9cernant son Prix sp\u00e9cial \u00e0 <i>Bamako <\/i>du Mauritanien        Abderrahmane Sissako, le jury de cette session a exprim\u00e9 aussi son coup        de c\u0153ur pour un cin\u00e9ma engag\u00e9 et de combat contre le drame de        l\u2019injustice, la paup\u00e9risation et l\u2019exploitation de l\u2019Afrique par        la Banque mondiale et les soci\u00e9t\u00e9s multinationales, en d\u00e9pit de la        pauvret\u00e9, des maladies et de la mis\u00e8re qui y s\u00e9vissent.<\/span><\/p>\n<p><span lang=\"FR\">La        mention sp\u00e9ciale pour <i>Tendresse du loup <\/i>de Jilani Sa\u00e2di est m\u00e9rit\u00e9e        tant ce r\u00e9alisateur, depuis <i>Khorma, <\/i>v\u00e9hicule un univers et une        ligne esth\u00e9tique auxquels il est fid\u00e8le\u2026En gommant quelques clich\u00e9s        et autres d\u00e9fauts dans le r\u00e9cit qui a int\u00e9r\u00eat \u00e0 \u00eatre plus        construit, ce r\u00e9alisateur fera du chemin.<\/span><\/p>\n<p><span lang=\"FR\">En        tout cas, l\u2019actrice principale du film Anissa Daoud aurait m\u00e9rit\u00e9        incontestablement un prix d\u2019interpr\u00e9tation f\u00e9minine, tant elle est        juste et convaincante dans son r\u00f4le.<\/span><\/p>\n<p><span lang=\"FR\">C\u00f4t\u00e9        courts m\u00e9trages cin\u00e9ma, les films tanit\u00e9s m\u00e9ritent de l\u2019\u00eatre,        notamment l\u2019exquis <i>La pelote de laine <\/i>de Fatma Zohra Zamoun (Alg\u00e9rie),        mais <i>Mme Bahja <\/i>de Walid Ettaya\u00e2 aurait pu figurer \u00e9galement au        palmar\u00e8s.<\/span><\/p>\n<p><span lang=\"FR\">Le        jury de la comp\u00e9tition vid\u00e9o, pr\u00e9sid\u00e9 par I. Mora Klai, producteur        et r\u00e9alisateur b\u00e9ninois, a vu juste en octroyant ses r\u00e9compenses.<\/span><\/p>\n<p><span lang=\"FR\">Notons        enfin qu\u2019outre la proclamation des r\u00e9sultats de \u00abL\u2019atelier de        projets\u00bb dont les candidats ont re\u00e7u des aides, la soci\u00e9t\u00e9 \u00abQuinta        Production\u00bb de Tarek Ben Ammar a d\u00e9cern\u00e9 des prix aux Tanits d\u2019or        des deux comp\u00e9titions : 20.000 dinars pour le Tanit d\u2019or du long m\u00e9trage,        10.000 dinars pour le Tanit d\u2019or du court m\u00e9trage et 10.000 dinars        pour les laur\u00e9ats de la comp\u00e9tition vid\u00e9o.<\/span><\/p>\n<p><span lang=\"FR\">Les        JCC 2006 ont v\u00e9cu. Que vivent les JCC 2008.<\/span><\/p>\n<p><span lang=\"FR\">\u00a0<\/span><\/p>\n<p><span lang=\"FR\">Samira        DAMI<\/span><\/p>\n<p><i><span lang=\"FR\">                           Palmar\u00e8s<\/span><\/i><\/p>\n<p><i><span lang=\"FR\">\u00a0<\/span><\/i><\/p>\n<p><i><span lang=\"FR\">\u00a0<\/span><\/i><\/p>\n<p><span lang=\"FR\">Comp\u00e9tition        cin\u00e9ma longs m\u00e9trages<\/span><\/p>\n<p><span lang=\"FR\">\u00a0<\/span><\/p>\n<p><span lang=\"FR\">Tanit        d\u2019or<\/span><\/p>\n<p><i><span lang=\"EN-GB\">Making        of, <\/span><\/i><span lang=\"EN-GB\">de        Nouri Bouzid (Tunisie).<\/span><\/p>\n<p><span lang=\"FR\">Tanit        d\u2019argent<\/span><\/p>\n<p><i><span lang=\"FR\">Daratt,        <\/span><\/i><span lang=\"FR\">de        Mohamed Salah Haroun (Tchad);<\/span><\/p>\n<p><span lang=\"FR\">Tanit        de bronze<\/span><\/p>\n<p><i><span lang=\"FR\">Attente,        <\/span><\/i><span lang=\"FR\">de        Rashid Masharaoui.<\/span><\/p>\n<p><span lang=\"FR\">Prix        sp\u00e9cial du jury<\/span><\/p>\n<p><i><span lang=\"FR\">Bamako,        <\/span><\/i><span lang=\"FR\">de        Abderrahmane Sissako (Mauritanie).<\/span><\/p>\n<p><span lang=\"FR\">\u00a0<\/span><\/p>\n<p><span lang=\"FR\">Prix        de la meilleure actrice<\/span><\/p>\n<p><span lang=\"FR\">Mlle        Thouraya Alaoui pour son r\u00f4le dans <i>Tarfaya, <\/i>de Daoud Aoulad Syad        (Maroc).<\/span><\/p>\n<p><span lang=\"FR\">Prix        du meilleur acteur<\/span><\/p>\n<p><span lang=\"FR\">Lotfi        Abdelli pour son r\u00f4le dans <i>Making of, <\/i>de Nouri Bouzid (Tunisie).<\/span><\/p>\n<p><span lang=\"FR\">Meilleur        second r\u00f4le f\u00e9minin<\/span><\/p>\n<p><span lang=\"FR\">Fatma        Ben Sa\u00efdane pour son r\u00f4le dans <i>Making of.<\/i><\/span><\/p>\n<p><i><span lang=\"FR\">\u00a0<\/span><\/i><\/p>\n<p><span lang=\"FR\">Meilleur        second r\u00f4le masculin<\/span><\/p>\n<p><span lang=\"FR\">B\u00e9chir        El Majidi pour son r\u00f4le dans <i>Ahlam<\/i> de Mohamed Darradji (Irak).<\/span><\/p>\n<p><span lang=\"FR\">Mention        sp\u00e9ciale<\/span><\/p>\n<p><i><span lang=\"FR\">Tendresse        du loup<\/span><\/i><span lang=\"FR\">        de Jilani Sa\u00e2di (Tunisie).<\/span><\/p>\n<p><span lang=\"FR\">\u00a0<\/span><\/p>\n<p><span lang=\"FR\">Courts        m\u00e9trages<\/span><\/p>\n<p><span lang=\"FR\">\u00a0<\/span><\/p>\n<p><span lang=\"FR\">Tanit        d\u2019or<\/span><\/p>\n<p><i><span lang=\"FR\">Reste        tranquille<\/span><\/i><span lang=\"FR\">,        de Sameh Zoabi (Palestine).<\/span><\/p>\n<p><span lang=\"FR\">Tanit        d\u2019argent<\/span><\/p>\n<p><i><span lang=\"FR\">La        pelote de laine<\/span><\/i><span lang=\"FR\">,        de Fatma Zohra Zamoun (Alg\u00e9rie).<\/span><\/p>\n<p><span lang=\"FR\">Tanit        de bronze<\/span><\/p>\n<p><i><span lang=\"FR\">Aujourd\u2019hui        30 novembre<\/span><\/i><span lang=\"FR\">,        de Mahmoud Souleiman (Egypte).<\/span><\/p>\n<p><span lang=\"FR\">Mention        sp\u00e9ciale du jury<\/span><\/p>\n<p><i><span lang=\"FR\">Be        Kumko<\/span><\/i><span lang=\"FR\">,        de Cheik Fantamady Camara (Guin\u00e9e).<\/span><\/p>\n<p><span lang=\"FR\">Comp\u00e9tition        vid\u00e9o<\/span><\/p>\n<p><span lang=\"FR\">\u2013        Prix de la meilleure \u0153uvre du LM :<\/span><\/p>\n<p><i><span lang=\"FR\">Depuis        que tu n\u2019es plus l\u00e0<\/span><\/i><span lang=\"FR\">,        de Mohamed Bakri (Palestine)<\/span><\/p>\n<p><span lang=\"FR\">\u2013        Prix sp\u00e9cial du jury :<\/span><\/p>\n<p><i><span lang=\"FR\">Ces        filles-l\u00e0<\/span><\/i><span lang=\"FR\">,        de Tahani Rashed (Egypte).<\/span><\/p>\n<p><span lang=\"FR\">Mention        sp\u00e9ciale du jury<\/span><\/p>\n<p><i><span lang=\"FR\">Margaret        Garner<\/span><\/i><span lang=\"FR\">,        de Mustapha Hasnaoui (Tunisie).<\/span><\/p>\n<p><span lang=\"FR\">\u2013        Prix de la meilleure \u0153uvre du court m\u00e9trage :<\/span><\/p>\n<p><i><span lang=\"FR\">Deweneti<\/span><\/i><span lang=\"FR\">,        de Diana Gaye (S\u00e9n\u00e9gal).<\/span><\/p>\n<p><span lang=\"FR\">\u2013        Prix sp\u00e9cial du jury :<\/span><\/p>\n<p><i><span lang=\"FR\">Sacr\u00e9es        bouteilles<\/span><\/i><span lang=\"FR\">,        de Fitouri Belhiba (Tunisie).<\/span><\/p>\n<p><b><span lang=\"FR\">(Source\u00a0:        \u00ab\u00a0La Presse\u00a0\u00bb (Tunisie) du 19 novembre 2006)<\/span><\/b><\/p>\n<p><span lang=\"FR\">\u00a0<\/span><\/p>\n<p><span lang=\"FR\">\u00a0        <\/p>\n<hr\/>\n<p> <\/span> <\/p>\n<p>\u00a0<\/p>\n<p align=\"center\"><span lang=\"FR\"><strong>Chambre        des D\u00e9put\u00e9s &#8211; Audition du ministre de l\u2019Int\u00e9rieur et du D\u00e9veloppement        local<\/strong><\/span><\/p>\n<p align=\"center\"><span lang=\"FR\"><strong>Conforter        le processus de d\u00e9veloppement global<span dir=\"rtl\"> <\/span>et        consolider les fondements de la d\u00e9mocratie locale<\/strong><\/span><\/p>\n<p><span lang=\"FR\">\u2022        L\u2019appel adress\u00e9 au Chef de l\u2019Etat pour pr\u00e9senter sa candidature \u00e0        la pr\u00e9sidentielle de 2009 t\u00e9moigne de la coh\u00e9sion du peuple tunisien        autour de l\u2019artisan du Changement et de son attachement au Pr\u00e9sident        Ben Ali en tant que leader incontest\u00e9 de la Tunisie d\u2019aujourd\u2019hui        et de demain<\/span><\/p>\n<p><span lang=\"FR\">La        r\u00e9union de la premi\u00e8re commission de la Chambre des D\u00e9put\u00e9s, tenue        vendredi, a \u00e9t\u00e9 consacr\u00e9e \u00e0 l\u2019audition de M. Rafik Balhaj Kacem,        ministre de l\u2019Int\u00e9rieur et du D\u00e9veloppement local, sur le projet de        budget du minist\u00e8re pour l\u2019ann\u00e9e 2007.<\/span><\/p>\n<p><span lang=\"FR\">M.        Mongi Chouchane, secr\u00e9taire d\u2019Etat charg\u00e9 des Affaires r\u00e9gionales        et des Collectivit\u00e9s locales, a assist\u00e9 \u00e0 cette r\u00e9union.<\/span><\/p>\n<p><span lang=\"FR\">Les        membres de la commission se sont f\u00e9licit\u00e9s des nouvelles mesures et d\u00e9cisions        annonc\u00e9es par le Pr\u00e9sident de la R\u00e9publique dans son discours \u00e0        l\u2019occasion du 19e anniversaire du Changement, mesures qui, ont-ils        dit, sont de nature \u00e0 conforter le processus de d\u00e9veloppement global        et \u00e0 consolider les fondements de la d\u00e9mocratie locale.<\/span><\/p>\n<p><span lang=\"FR\"><span>\u00a0<\/span>Ils        ont, par ailleurs, enregistr\u00e9 avec satisfaction les efforts consentis        par les structures de la s\u00e9curit\u00e9 int\u00e9rieure pour renforcer le climat        de paix et de stabilit\u00e9 et pour prot\u00e9ger la soci\u00e9t\u00e9, dans le cadre        des choix et des orientations nationaux.<\/span><\/p>\n<p><span lang=\"FR\">Dans        leurs interventions, les membres de la commission ont lanc\u00e9 <span>un        appel insistant au Pr\u00e9sident Zine El Abidine Ben Ali \u00e0 briguer un        nouveau mandat en 2009<\/span> pour poursuivre la conduite du processus        d\u2019\u00e9dification et la concr\u00e9tisation des objectifs fix\u00e9s dans son        programme \u00e9lectoral avant-gardiste dans les domaines politique, \u00e9conomique        et social.<\/span><\/p>\n<p><span lang=\"FR\"><span>\u00a0<\/span>Les        questions des d\u00e9put\u00e9s ont port\u00e9 essentiellement sur les opportunit\u00e9s        qui s\u2019offrent pour dynamiser le r\u00f4le des conseils r\u00e9gionaux et        locaux de d\u00e9veloppement, consolider les ressources financi\u00e8res et        humaines des municipalit\u00e9s et les incitations \u00e0 \u00e9tablir des sch\u00e9mas        d\u2019am\u00e9nagement urbain. Ils ont, par ailleurs, \u00e9voqu\u00e9 le probl\u00e8me        des accidents de la circulation.<\/span><\/p>\n<p><span lang=\"FR\">M.        Rafik Belhaj Kacem a soulign\u00e9 que les sentiments de reconnaissance        exprim\u00e9s, au cours de cette r\u00e9union, \u00e0 l\u2019\u00e9gard du Pr\u00e9sident de la        R\u00e9publique et l\u2019appel qui lui a \u00e9t\u00e9 adress\u00e9 \u00e0 pr\u00e9senter sa        candidature \u00e0 la prochaine \u00e9lection pr\u00e9sidentielle font l\u2019unanimit\u00e9        de tous les Tunisiens et de toutes les Tunisiennes.<\/span><\/p>\n<p><span lang=\"FR\">Ces        sentiments, a-t-il dit, r\u00e9affirment la coh\u00e9sion du peuple tunisien        autour de l\u2019artisan du Changement et leur attachement au Pr\u00e9sident        Ben Ali en tant que guide incontest\u00e9 de la Tunisie d\u2019aujourd\u2019hui et        de demain.<\/span><\/p>\n<p><span lang=\"FR\">Dans        ses r\u00e9ponses aux interventions des d\u00e9put\u00e9s, le ministre a mis en        exergue les acquis et les r\u00e9alisations accomplis en Tunisie, dans tous        les domaines, gr\u00e2ce \u00e0 la politique judicieuse du Pr\u00e9sident Zine El        Abidine Ben Ali et ses choix pertinents.<\/span><\/p>\n<p><span lang=\"FR\">Il        a insist\u00e9, dans ce contexte, sur le souci permanent des structures du        minist\u00e8re de l\u2019Int\u00e9rieur de concr\u00e9tiser les choix et les objectifs        trac\u00e9s par le Chef de l\u2019Etat dans son programme \u00abPour la Tunisie de        demain\u00bb, afin de hisser la r\u00e9gion au niveau de p\u00f4le actif de d\u00e9veloppement.<\/span><\/p>\n<p><span lang=\"FR\">Il        a mis l\u2019accent, dans ce contexte, sur les mesures et d\u00e9cisions annonc\u00e9es        dans le discours du Pr\u00e9sident de la R\u00e9publique, \u00e0 l\u2019occasion du 19e        anniversaire du Changement, mesures qui, a-t-il, sont de nature \u00e0        impulser davantage le processus de d\u00e9veloppement global, dans toutes        les r\u00e9gions du pays, et \u00e0 promouvoir les d\u00e9l\u00e9gations prioritaires,        surtout au niveau de la dynamisation de l\u2019emploi et de la cr\u00e9ation de        sources de revenus.<\/span><\/p>\n<p><span lang=\"FR\">\u00a0<\/span><\/p>\n<p><span lang=\"FR\"><span>\u00a0<\/span>Perspicacit\u00e9        des structures de s\u00e9curit\u00e9 routi\u00e8re<\/span><\/p>\n<p><span lang=\"FR\"><span>\u00a0<\/span>M.        Rafik Belhaj Kacem a rappel\u00e9 les profondes r\u00e9formes initi\u00e9es par le        Pr\u00e9sident de la R\u00e9publique, depuis le Changement, pour impulser        l\u2019action r\u00e9gionale et locale, que ce soit au niveau de        l\u2019organisation des structures et des m\u00e9canismes du d\u00e9veloppement et        la modernisation des outils et des m\u00e9thodes de travail ou de la        consolidation des ressources humaines et financi\u00e8res.<\/span><\/p>\n<p><span lang=\"FR\"><span>\u00a0<\/span>Il        a insist\u00e9 sur l\u2019importance de dynamiser davantage la participation        des structures dans tous les domaines, notamment dans le secteur de        l\u2019emploi et de l\u2019attraction des investissements. Il a mis en relief        la sollicitude constante dont le Pr\u00e9sident Zine El Abidine Ben Ali        entoure l\u2019institution municipale et que refl\u00e8te l\u2019augmentation du        volume des fonds communs, la consolidation des potentialit\u00e9s des        municipalit\u00e9s ayant des ressources limit\u00e9es et leur assistance en mati\u00e8re        de financement de leurs programmes d\u2019investissement.<\/span><\/p>\n<p><span lang=\"FR\"><span>\u00a0<\/span>Il        a rappel\u00e9 les progr\u00e8s r\u00e9alis\u00e9s, cette ann\u00e9e, sur la voie de la cons\u00e9cration        de la d\u00e9concentration et de la d\u00e9centralisation et du d\u00e9veloppement        de la participation du citoyen \u00e0 l\u2019action municipale, apr\u00e8s la r\u00e9vision        du statut des municipalit\u00e9s.<\/span><\/p>\n<p><span lang=\"FR\"><span>\u00a0<\/span>Le        ministre a, d\u2019autre part, pass\u00e9 en revue les efforts consentis par        les forces de la s\u00e9curit\u00e9 int\u00e9rieure, toutes structures confondues,        pour renforcer les fondements de la paix et de la stabilit\u00e9, et pour        garantir la s\u00e9curit\u00e9 et la qui\u00e9tude du citoyen et favoriser sa        participation \u00e0 la d\u00e9fense des acquis de la nation et la consolidation        de son invuln\u00e9rabilit\u00e9.<\/span><\/p>\n<p><span lang=\"FR\"><span>\u00a0<\/span>M.        Rafik Belhaj Kacem a \u00e9galement mis l\u2019accent sur l\u2019importance des        efforts consentis pour prot\u00e9ger la soci\u00e9t\u00e9 contre toutes formes de fl\u00e9aux        sociaux et de criminalit\u00e9, ainsi que sur les efforts exceptionnels d\u00e9ploy\u00e9s        par les unit\u00e9s de la protection civile dans le domaine de        l\u2019organisation des op\u00e9rations de secours et de sauvetage.<\/span><\/p>\n<p><span lang=\"FR\">Il        a, en outre, mis en exergue la perspicacit\u00e9 des structures de la        circulation routi\u00e8re et leur contribution \u00e0 la r\u00e9duction des        accidents de la route, gr\u00e2ce au renforcement et \u00e0 la consolidation des        patrouilles, de la sensibilisation et de l\u2019orientation des usagers de        la route, dans le cadre de la coop\u00e9ration avec toutes les parties        concern\u00e9es par la s\u00e9curit\u00e9 routi\u00e8re.<\/span><\/p>\n<p><b><span lang=\"FR\">(Source\u00a0:        \u00ab\u00a0La Presse\u00a0\u00bb (Tunisie) du 19 novembre 2006)<\/span><\/b><\/p>\n<p dir=\"rtl\">\n<p dir=\"rtl\"><span lang=\"AR-SA\">\u00a0<img decoding=\"async\" height=\"2\" src=\"http:\/\/graphics.hotmail.com\/greypixel.gif\" vspace=\"9\" width=\"100%\"\/><\/span><\/p>\n<p dir=\"rtl\">\u00a0<\/p>\n<p> <\/font> <\/div>\n<\/p><\/div>\n<div> <font face=\"Arial\" size=\"2\"> <\/p>\n<div>\n<div align=\"justify\">\n<hr\/><\/div>\n<\/p><\/div>\n<p> <\/font> <\/div>\n<\/div>\n<p align=\"center\" dir=\"ltr\"><b><a href=\"https:\/\/tunisnews.net\/ar\/\"><span>Home<\/span><span lang=\"FR-CH\">&#8211; Accueil <\/span><span>&#8211; <\/span><span dir=\"rtl\" lang=\"AR-SA\">\u0627\u0644\u0631\u0626\u064a\u0633\u064a\u0629<\/span><\/a><\/b><\/p>\n<p><\/body><\/body><\/html><\/p>","protected":false},"excerpt":{"rendered":"<p>Home&#8211; Accueil &#8211; \u0627\u0644\u0631\u0626\u064a\u0633\u064a\u0629 \u00a0 TUNISNEWS 7\u00a0\u00e8me\u00a0ann\u00e9e, N\u00b0\u00a02372 du 19.11.2006 \u00a0archives : www.tunisnews.net AISPP: Communiqu\u00e9 Abdelhamid Sgha\u00efer: Reprise de la gr\u00e8ve de la faim Communaut\u00e9 Tunisienne au Qatar: Lettre au Pr\u00e9sident\u00a0 Zine El Abbidine Ben Ali La Presse: Making Of de Nouri Bouzid remporte le Tanit d\u2019Or La Presse: Chambre des D\u00e9put\u00e9s &#8211; Audition du [&hellip;]<\/p>\n","protected":false},"author":1,"featured_media":22040,"comment_status":"open","ping_status":"open","sticky":false,"template":"","format":"standard","meta":{"inline_featured_image":false,"site-sidebar-layout":"default","site-content-layout":"","ast-site-content-layout":"default","site-content-style":"default","site-sidebar-style":"default","ast-global-header-display":"","ast-banner-title-visibility":"","ast-main-header-display":"","ast-hfb-above-header-display":"","ast-hfb-below-header-display":"","ast-hfb-mobile-header-display":"","site-post-title":"","ast-breadcrumbs-content":"","ast-featured-img":"","footer-sml-layout":"","ast-disable-related-posts":"","theme-transparent-header-meta":"","adv-header-id-meta":"","stick-header-meta":"","header-above-stick-meta":"","header-main-stick-meta":"","header-below-stick-meta":"","astra-migrate-meta-layouts":"default","ast-page-background-enabled":"default","ast-page-background-meta":{"desktop":{"background-color":"","background-image":"","background-repeat":"repeat","background-position":"center center","background-size":"auto","background-attachment":"scroll","background-type":"","background-media":"","overlay-type":"","overlay-color":"","overlay-opacity":"","overlay-gradient":""},"tablet":{"background-color":"","background-image":"","background-repeat":"repeat","background-position":"center center","background-size":"auto","background-attachment":"scroll","background-type":"","background-media":"","overlay-type":"","overlay-color":"","overlay-opacity":"","overlay-gradient":""},"mobile":{"background-color":"","background-image":"","background-repeat":"repeat","background-position":"center center","background-size":"auto","background-attachment":"scroll","background-type":"","background-media":"","overlay-type":"","overlay-color":"","overlay-opacity":"","overlay-gradient":""}},"ast-content-background-meta":{"desktop":{"background-color":"var(--ast-global-color-5)","background-image":"","background-repeat":"repeat","background-position":"center center","background-size":"auto","background-attachment":"scroll","background-type":"","background-media":"","overlay-type":"","overlay-color":"","overlay-opacity":"","overlay-gradient":""},"tablet":{"background-color":"var(--ast-global-color-5)","background-image":"","background-repeat":"repeat","background-position":"center center","background-size":"auto","background-attachment":"scroll","background-type":"","background-media":"","overlay-type":"","overlay-color":"","overlay-opacity":"","overlay-gradient":""},"mobile":{"background-color":"var(--ast-global-color-5)","background-image":"","background-repeat":"repeat","background-position":"center center","background-size":"auto","background-attachment":"scroll","background-type":"","background-media":"","overlay-type":"","overlay-color":"","overlay-opacity":"","overlay-gradient":""}},"footnotes":""},"categories":[],"tags":[63,37,29],"class_list":["post-15297","post","type-post","status-publish","format-standard","has-post-thumbnail","hentry","tag-63","tag-37","tag-fr"],"_links":{"self":[{"href":"https:\/\/tunisnews.net\/ar\/wp-json\/wp\/v2\/posts\/15297","targetHints":{"allow":["GET"]}}],"collection":[{"href":"https:\/\/tunisnews.net\/ar\/wp-json\/wp\/v2\/posts"}],"about":[{"href":"https:\/\/tunisnews.net\/ar\/wp-json\/wp\/v2\/types\/post"}],"author":[{"embeddable":true,"href":"https:\/\/tunisnews.net\/ar\/wp-json\/wp\/v2\/users\/1"}],"replies":[{"embeddable":true,"href":"https:\/\/tunisnews.net\/ar\/wp-json\/wp\/v2\/comments?post=15297"}],"version-history":[{"count":0,"href":"https:\/\/tunisnews.net\/ar\/wp-json\/wp\/v2\/posts\/15297\/revisions"}],"wp:featuredmedia":[{"embeddable":true,"href":"https:\/\/tunisnews.net\/ar\/wp-json\/wp\/v2\/media\/22040"}],"wp:attachment":[{"href":"https:\/\/tunisnews.net\/ar\/wp-json\/wp\/v2\/media?parent=15297"}],"wp:term":[{"taxonomy":"category","embeddable":true,"href":"https:\/\/tunisnews.net\/ar\/wp-json\/wp\/v2\/categories?post=15297"},{"taxonomy":"post_tag","embeddable":true,"href":"https:\/\/tunisnews.net\/ar\/wp-json\/wp\/v2\/tags?post=15297"}],"curies":[{"name":"wp","href":"https:\/\/api.w.org\/{rel}","templated":true}]}}